{"id":204859,"date":"2021-02-08T11:16:55","date_gmt":"2021-02-08T11:16:55","guid":{"rendered":"https:\/\/www.meydan.tv\/article\/quba-sakini-sobe-mudiri-dedi-ki-men-seni-tabutda-gozleyirdim\/"},"modified":"2021-02-08T11:16:55","modified_gmt":"2021-02-08T11:16:55","slug":"quba-sakini-sobe-mudiri-dedi-ki-men-seni-tabutda-gozleyirdim","status":"publish","type":"post","link":"https:\/\/www.meydan.tv\/az\/article\/quba-sakini-sobe-mudiri-dedi-ki-men-seni-tabutda-gozleyirdim\/","title":{"rendered":"Quba sakini: \u015e\u00f6b\u0259 m\u00fcdiri dedi ki, m\u0259n s\u0259ni tabutda g\u00f6zl\u0259yirdim&#8230;"},"content":{"rendered":"<p>\n  <i><br \/>\n    \u201cPrezident Aparat\u0131ndan tutmu\u015f Ombudsmana q\u0259d\u0259r h\u0259r yer\u0259 m\u00fcraci\u0259t ets\u0259m d\u0259, faydas\u0131 yoxdur\u201d<br \/>\n  <\/i>\n<\/p>\n<p>\n  \u201c2018-ci ild\u0259n i\u015fl\u0259mir\u0259m. \u018flilliy\u0259 g\u00f6r\u0259 m\u00fcraci\u0259t ets\u0259m d\u0259, he\u00e7 bir qurum m\u0259n\u0259 k\u00f6m\u0259k etmir. \u018flav\u0259 m\u00fcalic\u0259y\u0259 imkan\u0131m yoxdur. X\u0259st\u0259xanadan i\u00e7\u0259ri girm\u0259k d\u0259 pulludur. El\u0259 adam var, \u0259l-aya\u011f\u0131 salamatd\u0131r, amma r\u00fc\u015fv\u0259t verib \u0259lillik d\u0259r\u0259c\u0259si al\u0131r. M\u0259n anlam\u0131ram ki, bunu t\u0259yin ed\u0259nd\u0259 m\u00fcayin\u0259ni nec\u0259 apar\u0131rlar?\u201d\n<\/p>\n<p>\n  Bu s\u00f6zl\u0259ri Quba rayonu, P\u00fcst\u0259qas\u0131m k\u0259nd sakini F\u0259rhad H\u0259s\u0259n o\u011flu Osmanov deyir. 52 ya\u015fl\u0131 F\u0259rhad Osmanov 2018-ci ilin may\u0131ndan \u00fcr\u0259k-damar \u00e7at\u0131\u015fmazl\u0131\u011f\u0131 x\u0259st\u0259liyind\u0259n \u0259ziyy\u0259t \u00e7\u0259kir. Tibbi diaqnozunda \u201csol m\u0259d\u0259ciyin anterior divar miakard infarkt\u0131, \u0259vv\u0259ll\u0259r ke\u00e7irilmi\u015f miakard infarkt\u201d qeyd olunub. Bu o dem\u0259kdir ki, v\u0259t\u0259nda\u015f\u0131n \u0259sas x\u0259st\u0259liyi \u00fcr\u0259k-qan damar \u00e7at\u0131\u015fmazl\u0131\u011f\u0131 3-c\u00fc f\u0259sil, yana\u015f\u0131 x\u0259st\u0259liyi is\u0259 hipertoniyan\u0131n 2-ci m\u0259rh\u0259l\u0259sidir.\n<\/p>\n<p>\n  \u201c3 il \u0259vv\u0259l rayondan t\u0259cili \u201cBaku Medical Plaza\u201d x\u0259st\u0259xanas\u0131na apar\u0131ld\u0131m. \u00dcr\u0259yimd\u0259 5 damar tutulmu\u015fdu. Onun c\u0259mi 2-ni a\u00e7a bildil\u0259r, 3-\u00fc qald\u0131. Sonra yenid\u0259n Qubaya qay\u0131td\u0131m. Burada 6 ay stasionar-ambulator m\u00fcalic\u0259 ald\u0131m. M\u0259ni yenid\u0259n Bak\u0131da M\u0259rk\u0259zi X\u0259st\u0259xanaya g\u00f6nd\u0259rs\u0259l\u0259r d\u0259, yolda ma\u015f\u0131nda sanc\u0131 tutdu. El\u0259 birba\u015fa Sumqay\u0131t \u015f\u0259h\u0259r 3 sayl\u0131 X\u0259st\u0259xanas\u0131na getdim. Orada 15 g\u00fcn reanimasiyada, 15 g\u00fcn d\u0259 palatada stasionar m\u00fcalic\u0259 ald\u0131m. Yenid\u0259n Qubaya qay\u0131dandan sonra s\u0259n\u0259dl\u0259rimi D\u00f6vl\u0259t Tibbi-Sosial Ekspertiza v\u0259 Reabilitasiya Agentliyin\u0259 g\u00f6nd\u0259rdim. T\u0259xmin\u0259n 2018-ci ilin dekabr\u0131nda cavab g\u0259ldi ki, \u0259lav\u0259 m\u00fcalic\u0259y\u0259 ehtiyac\u0131m oldu\u011fu \u00fc\u00e7\u00fcn m\u0259n\u0259 \u0259lillik d\u00fc\u015fm\u00fcr. Haz\u0131rda \u00fcr\u0259yim\u0259 \u0259l vurmaq qeyri-m\u00fcmk\u00fcnd\u00fcr, stend qoyulub. H\u0259kiml\u0259r bildirir ki, a\u00e7\u0131q \u0259m\u0259liyyat olarsa, \u00fcr\u0259k partlaya bil\u0259r. Onlar bunu t\u0259svir ed\u0259nd\u0259 deyirl\u0259r ki, so\u011fan qab\u0131\u011f\u0131 kimi nazik \u00fcr\u0259yin var\u201d.\n<\/p>\n<figure class=\"wp-block-image size-large\">\n  <img decoding=\"async\" src=\"https:\/\/www.meydan.tv\/az\/image_from_ios-5-jpg-127\/\" alt=\"image_from_ios (5).jpg\" class=\"wp-image-155988\"\/><figcaption>\n    &#8220;3 il \u0259vv\u0259l rayondan t\u0259cili \u201cBaku Medical Plaza\u201d x\u0259st\u0259xanas\u0131na apar\u0131ld\u0131m&#8221;.<br \/>\n  <\/figcaption><\/figure>\n<p>\n  \u015eikay\u0259t\u00e7i pandemiyadan qabaq h\u0259r 6 aydan bir Bak\u0131ya m\u00fcayin\u0259 \u00fc\u00e7\u00fcn g\u0259lib. Elmi-T\u0259dqiqat Kardiologiya \u0130nstitutundan ald\u0131\u011f\u0131 epikrizd\u0259 (x\u0259st\u0259likl\u0259 ba\u011fl\u0131 yekun q\u0259rar) onun \u00fcr\u0259k at\u0131m fraksiyas\u0131 30 g\u00f6st\u0259rilib. \u0130ndi is\u0259 25-\u0259 d\u00fc\u015f\u00fcb. Burada \u00e7al\u0131\u015fan h\u0259kim bildirib ki, F\u0259rhad Osmanova v\u0259ziyy\u0259tin\u0259 g\u00f6r\u0259 \u0259lillik d\u0259r\u0259c\u0259si t\u0259yin edilm\u0259lidir.\n<\/p>\n<p>\n  \u201c2019-cu ilin iyulunda yen\u0259 Bak\u0131dan imtina ka\u011f\u0131z\u0131 g\u0259ldi. Ka\u011f\u0131z\u0131n \u00fcst\u00fcnd\u0259ki n\u00f6mr\u0259ni y\u0131\u011fanda bildirdil\u0259r ki, Quba Rayon M\u0259rk\u0259zi X\u0259st\u0259xanas\u0131 diaqnozu d\u00fczg\u00fcn g\u00f6st\u0259rm\u0259yib. M\u0259n ekspertizaya m\u00fcraci\u0259t etdim. Quba Rayon Tibbi Ekspertizas\u0131n\u0131n h\u0259kimi dedi ki, g\u0259r\u0259k pul ver\u0259siniz. \u015eikay\u0259t ed\u0259c\u0259yimi bildir\u0259nd\u0259 m\u0259ni t\u0259hqir etdi. A\u00e7\u0131q-ayd\u0131n qorxmad\u0131\u011f\u0131n\u0131 dil\u0259 g\u0259tirdi. Quba Rayon M\u0259rk\u0259zi X\u0259st\u0259xanas\u0131n\u0131n ba\u015f h\u0259kiminin yan\u0131na getdim, m\u0259ni q\u0259bul etm\u0259di. Sonra Quba Rayon \u0130cra Hakimiyy\u0259tinin t\u0259\u015fkil etdiyi komissiyada oldum. Faydas\u0131 olmad\u0131\u011f\u0131 \u00fc\u00e7\u00fcn yenid\u0259n icra hakimiyy\u0259ti ba\u015f\u00e7\u0131s\u0131na m\u0259ktub yazd\u0131m. M\u0259ni \u00e7a\u011f\u0131rd\u0131lar. Orada e\u015fitdiyim c\u00fcml\u0259l\u0259ri deyir\u0259m: \u201cBiz s\u0259nin kimil\u0259rin \u015fikay\u0259tin\u0259 baxm\u0131r\u0131q\u201d, \u201cxo\u015funa g\u0259lmir, get prokurorlu\u011fa, yolu g\u00f6st\u0259r\u0259 bil\u0259r\u0259m s\u0259n\u0259\u201d. H\u0259tta \u015f\u00f6b\u0259 m\u00fcdiri il\u0259 aram\u0131zda bel\u0259 bir dialoq ke\u00e7di:\n<\/p>\n<p>\n  &#8211; M\u0259n s\u0259ni tabutda g\u00f6zl\u0259yirdim, bu, n\u0259 \u015fikay\u0259tdir?\n<\/p>\n<p>\n  &#8211; Siz m\u0259ni \u00e7a\u011f\u0131rm\u0131s\u0131n\u0131z, n\u0259 g\u00fcnah\u0131m var?\n<\/p>\n<p>\n  &#8211; P\u0259nc\u0259r\u0259ni a\u00e7\u0131n, bunun kimi insanlar\u0131n \u0259lind\u0259n n\u0259f\u0259s ala bilmir\u0259m&#8230;\n<\/p>\n<figure class=\"wp-block-image size-large\">\n  <img decoding=\"async\" src=\"https:\/\/www.meydan.tv\/az\/image_from_ios-jpg-210\/\" alt=\"image_from_ios.jpg\" class=\"wp-image-155976\"\/><figcaption>\n    &#8220;\u00dcr\u0259yimd\u0259 5 damar tutulmu\u015fdu&#8221;<br \/>\n  <\/figcaption><\/figure>\n<p>\n  Pandemiya vaxt\u0131 Quba Rayon M\u0259rk\u0259zi X\u0259st\u0259xanas\u0131 karantind\u0259 idi. Poliklinikan\u0131n komissiyas\u0131nda h\u0259kim dedi ki, gedib ba\u015fqa x\u0259st\u0259xanada stasionar m\u00fcalic\u0259 almal\u0131yam. Qusara getdim. Oran\u0131n x\u0259st\u0259xanas\u0131ndan ka\u011f\u0131z g\u0259tirdim, yen\u0259 imtina g\u0259ldi\u201d, &#8211; dey\u0259 k\u0259nd sakini bildirir.\n<\/p>\n<p>\n  2019-cu ild\u0259 F\u0259rhad Osmanov s\u0259hiyy\u0259 naziri Oqtay \u015eir\u0259liyevl\u0259 g\u00f6r\u00fc\u015f\u00fcb. Quba Rayon M\u0259rk\u0259zi X\u0259st\u0259xanas\u0131n\u0131n ba\u015f h\u0259kimi nazir\u0259 x\u0259st\u0259nin haz\u0131rda qeydiyyatda oldu\u011funu, h\u0259kim n\u0259zar\u0259ti alt\u0131nda m\u00fcalic\u0259 ald\u0131\u011f\u0131n\u0131 s\u00f6yl\u0259yib. S\u0259hiyy\u0259 naziri bildirib ki, v\u0259t\u0259nda\u015fa k\u00f6m\u0259k edil\u0259c\u0259k. Buna baxmayaraq, h\u0259l\u0259 d\u0259 bir n\u0259tic\u0259 yoxdur.\n<\/p>\n<p>\n  F\u0259rhad Osmanov x\u0259st\u0259liy\u0259 q\u0259d\u0259r \u0259m\u0259k m\u00fcqavil\u0259si il\u0259 \u00e7al\u0131\u015f\u0131b. 6 ay m\u00fcdd\u0259tind\u0259 \u0259m\u0259k haqq\u0131n\u0131n 30 faizini al\u0131b. Sonradan m\u0259lum olub ki, i\u015f yerind\u0259n onun s\u0131\u011forta hesab\u0131na bir q\u0259pik bel\u0259 k\u00f6\u00e7\u00fcr\u00fclm\u0259yib. Buna etiraz ed\u0259nd\u0259 is\u0259 t\u0259hqirl\u0259r\u0259 m\u0259ruz qal\u0131b:\n<\/p>\n<p>\n  \u201c\u018fvv\u0259ll\u0259r fiziki i\u015fl\u0259 m\u0259\u015f\u011ful olurdum. \u0130ndi \u00fcr\u0259yim o q\u0259d\u0259r z\u0259ifl\u0259yib ki, \u0259m\u0259k qabiliyy\u0259timi itirmi\u015f say\u0131l\u0131ram. 3 kq-dan art\u0131q y\u00fck bel\u0259 qald\u0131ra bilm\u0259r\u0259m. Pensiya da alm\u0131ram, \u00e7\u00fcnki ya\u015f\u0131m \u00e7atm\u0131r. O vaxt i\u015f yerimd\u0259 h\u0259kim dedi ki, guya m\u0259nd\u0259 sad\u0259c\u0259 duzla\u015fma prosesi gedir, he\u00e7 n\u0259yim yoxdur. Onlar s\u0131\u011forta hesab\u0131ma pul k\u00f6\u00e7\u00fcrm\u0259li idil\u0259r, amma etm\u0259dil\u0259r. \u0130\u015fd\u0259n \u00e7\u0131xmam\u0131\u015fdan qabaq \u015fikay\u0259t ets\u0259m d\u0259, dedil\u0259r ki, biz\u0259 he\u00e7 kim bata bilm\u0259z\u201d.\n<\/p>\n<figure class=\"wp-block-image size-large\">\n  <img decoding=\"async\" src=\"https:\/\/www.meydan.tv\/az\/image_from_ios-2-jpg-180\/\" alt=\"image_from_ios (2).jpg\" class=\"wp-image-155979\"\/><figcaption>\n    \u00dcmumi \u015f\u00f6b\u0259 m\u00fcdirinin cavab\u0131<br \/>\n  <\/figcaption><\/figure>\n<p>\n  K\u0259nd sakini s\u00f6yl\u0259yir ki, haz\u0131rda he\u00e7 bir g\u0259lir yeri yoxdur:\n<\/p>\n<p>\n  \u201cM\u0259nim o\u011flum \u0130kinci Qaraba\u011f m\u00fcharib\u0259sinin i\u015ftirak\u00e7\u0131s\u0131, h\u0259rbi zabitdir. K\u0259lb\u0259c\u0259r, Murovda\u011f d\u00f6y\u00fc\u015fl\u0259rind\u0259 olub. 2 il\u0259 yax\u0131nd\u0131r ev\u0259 g\u0259lmir. H\u0259yat yolda\u015f\u0131mla t\u0259k qal\u0131r\u0131q. H\u0259r hans\u0131 g\u0259lir yerim d\u0259 yoxdur. Bac\u0131lar\u0131m m\u0259nim d\u0259rmanlar\u0131m\u0131 al\u0131r, o\u011flum pul g\u00f6nd\u0259rir. B\u0259s sabah \u00f6vlad\u0131m \u00f6z\u00fc ail\u0259 qursa, nec\u0259 olacaq? H\u0259rb\u00e7i maa\u015f\u0131 il\u0259 iki ail\u0259 doland\u0131rmaq olar? El\u0259 bir d\u00f6vl\u0259t orqan\u0131 yoxdur ki, m\u00fcraci\u0259t etm\u0259yim. Prezident Aparat\u0131na getmi\u015f\u0259m, Nazirl\u0259r Kabinetind\u0259 olmu\u015fam. Konstitusiya M\u0259hk\u0259m\u0259sin\u0259, \u0130nsan H\u00fcquqlar\u0131 \u00fczr\u0259 m\u00fcv\u0259kkil\u0259, Prokurorlu\u011fa, \u018fdliyy\u0259 Nazirliyin\u0259 &#8211; h\u0259r yer\u0259 \u015fikay\u0259t etmi\u015f\u0259m. M\u0259d\u0259niyy\u0259t v\u0259 C\u0259ncl\u0259r v\u0259 \u0130dman nazirlikl\u0259rind\u0259n ba\u015fqa h\u0259r yer\u0259 m\u0259ktub yazm\u0131\u015fam. Ham\u0131s\u0131 m\u0259ni \u018fm\u0259k v\u0259 \u018fhalinin Sosial M\u00fcdafi\u0259si Nazirliyin\u0259 y\u00f6nl\u0259ndirib. Ordan da deyirl\u0259r ki, \u0259lav\u0259 m\u00fcalic\u0259y\u0259 ehtiyac\u0131n var. Ax\u0131 bunun m\u00fcalic\u0259si yoxdur. Z\u0259ng edir\u0259m, \u00fcz\u00fcm\u0259 telefonu s\u00f6nd\u00fcr\u00fcrl\u0259r, kobud dan\u0131\u015f\u0131rlar. \u015eikay\u0259t m\u0259ktublar\u0131 yazm\u0131\u015fam, bax\u0131lmay\u0131b. Bir d\u0259f\u0259 d\u00f6vl\u0259t i\u015f\u00e7isind\u0259n el\u0259 cavab g\u0259ldi ki, m\u0259n onun yerin\u0259 utand\u0131m. Demi\u015fdi ki, s\u0259n\u0259 n\u0259 edirl\u0259rs\u0259, do\u011fru edirl\u0259r\u201d.\n<\/p>\n<p>\n  D\u00f6vl\u0259t Tibbi-Sosial Ekspertiza v\u0259 Reabilitasiya Xidm\u0259tind\u0259n Meydan TV-y\u0259 bildirilib ki, Quba Rayon M\u0259rk\u0259zi X\u0259st\u0259xanas\u0131 t\u0259r\u0259find\u0259n t\u0259rtib edil\u0259n forma 88 ekspertiza komissiyas\u0131na g\u00f6nd\u0259ril\u0259n zaman diaqnoz v\u0259 onun a\u011f\u0131rla\u015fmalar\u0131 \u0259sasland\u0131r\u0131lmay\u0131b, kardioloq r\u0259yi yaz\u0131lmay\u0131b, dig\u0259r m\u00fcvafiq m\u00fcayin\u0259l\u0259r apar\u0131lmay\u0131b:\n<\/p>\n<p>\n  \u201cBel\u0259 ki, x\u0259st\u0259nin \u0259sas diaqnostik m\u00fcayin\u0259l\u0259rind\u0259n yaln\u0131z elektrokardioqramma qeyd edilib, dig\u0259r vacib m\u00fcayin\u0259l\u0259rd\u0259n olan exokardioqramma he\u00e7 m\u00f6vcud deyil\u201d.\n<\/p>\n<figure class=\"wp-block-image size-large\">\n  <img decoding=\"async\" src=\"https:\/\/www.meydan.tv\/az\/image_from_ios-6-jpg-105\/\" alt=\"image_from_ios (6).jpg\" class=\"wp-image-155991\"\/><figcaption>\n    Elmi-T\u0259dqiqat Kardiologiya \u0130nstitutu<br \/>\n  <\/figcaption><\/figure>\n<p>\n  Qurumun M\u0259tbuat Xidm\u0259ti bildirir ki, Quba Rayon M\u0259rk\u0259zi X\u0259st\u0259xanas\u0131 F\u0259rhad Osmanovun \u00fcr\u0259k-qan damar sistemini normal g\u00f6st\u0259rib. Bu is\u0259 onun diaqnozunu inkar edir:\n<\/p>\n<p>\n  \u201cKardioloq r\u0259y \u0259v\u0259zin\u0259 sad\u0259c\u0259 X\u0259st\u0259likl\u0259rin Beyn\u0259lxalq T\u0259snifat kodunu yazmaqla kifay\u0259tl\u0259nib. V\u0259t\u0259nda\u015f\u0131n forma 88-zi, \u00fcmumiyy\u0259tl\u0259, \u00e7ox s\u0259thi yaz\u0131l\u0131b. Burada x\u0259st\u0259nin sa\u011flaml\u0131\u011f\u0131 il\u0259 ba\u011fl\u0131 m\u0259lumatlar \u0259trafl\u0131 t\u0259svir olunmay\u0131b\u201d.\n<\/p>\n<p>\n  D\u00f6vl\u0259t Tibbi-Sosial Ekspertiza v\u0259 Reabilitasiya Xidm\u0259tinin m\u0259lumat\u0131na \u0259sas\u0259n, \u0259lilliyin qiym\u0259tl\u0259ndirilm\u0259si prosesi elektron qaydada v\u0259t\u0259nda\u015f-ekspert \u00fcnsiyy\u0259ti olmadan h\u0259yata ke\u00e7irilir. V\u0259t\u0259nda\u015f \u0259lillik t\u0259yinat\u0131 \u00fc\u00e7\u00fcn ya\u015fay\u0131\u015f yeri \u00fczr\u0259 qeydiyyatda oldu\u011fu s\u0259hiyy\u0259 m\u00fc\u0259ssis\u0259sin\u0259 m\u00fcraci\u0259t etm\u0259lidir, burada \u015f\u0259xsin m\u00fcayin\u0259l\u0259rinin n\u0259tic\u0259l\u0259ri, stasionar v\u0259 ambulator m\u00fcalic\u0259 m\u0259lumatlar\u0131 v\u0259 s. haqq\u0131nda forma 88 t\u0259rtib olunub \u018flillik Altsistemin\u0259 \u00f6t\u00fcr\u00fcl\u00fcr. G\u00f6nd\u0259ri\u015f altsistem\u0259 daxil olduqdan sonra h\u0259min g\u00f6nd\u0259ri\u015fi ver\u0259n s\u0259hiyy\u0259 m\u00fc\u0259ssis\u0259sinin, bu g\u00f6nd\u0259ri\u015fi t\u0259sdiq ed\u0259n \u015f\u0259xsin v\u0259 \u0259lilliyi qiym\u0259tl\u0259ndiril\u0259c\u0259k \u015f\u0259xsl\u0259rin kimliyini birba\u015fa v\u0259 ya dolay\u0131s\u0131 il\u0259 m\u00fc\u0259yy\u0259n etm\u0259y\u0259 imkan ver\u0259n b\u00fct\u00fcn m\u0259lumatlar \u015fifr\u0259l\u0259n\u0259r\u0259k ads\u0131zla\u015fd\u0131r\u0131l\u0131r. Tibbi-Sosial Ekspert Komissiyas\u0131 t\u0259r\u0259find\u0259n v\u0259t\u0259nda\u015f\u0131n i\u015ftirak\u0131 olmadan m\u0259hz forma 88-d\u0259 qeyd edil\u0259n m\u0259lumatlara uy\u011fun \u0259lilliyin qiym\u0259tl\u0259ndirilm\u0259si bar\u0259d\u0259 q\u0259rar verilir.\n<\/p>\n<figure class=\"wp-block-image size-large\">\n  <img decoding=\"async\" src=\"https:\/\/www.meydan.tv\/az\/image_from_ios-3-jpg-145\/\" alt=\"image_from_ios (3).jpg\" class=\"wp-image-156000\"\/><figcaption>\n    Ali M\u0259hk\u0259m\u0259nin aparat\u0131<br \/>\n  <\/figcaption><\/figure>\n","protected":false},"excerpt":{"rendered":"<p>Qurumun M\u0259tbuat Xidm\u0259ti bildirir ki, Quba Rayon M\u0259rk\u0259zi X\u0259st\u0259xanas\u0131 F\u0259rhad Osmanovun \u00fcr\u0259k-qan damar sistemini normal g\u00f6st\u0259rib.<\/p>\n","protected":false},"author":11,"featured_media":155997,"comment_status":"closed","ping_status":"open","sticky":false,"template":"","format":"standard","meta":{"_acf_changed":false,"_sitemap_exclude":false,"_sitemap_priority":"","_sitemap_frequency":"","footnotes":""},"categories":[60],"tags":[],"class_list":["post-204859","post","type-post","status-publish","format-standard","has-post-thumbnail","hentry","category-bolge","infinite-scroll-item","generate-columns","tablet-grid-50","mobile-grid-100","grid-parent","grid-33","no-featured-image-padding"],"acf":[],"yoast_head":"<!-- This site is optimized with the Yoast SEO plugin v27.5 - https:\/\/yoast.com\/product\/yoast-seo-wordpress\/ -->\n<title>Quba sakini: \u015e\u00f6b\u0259 m\u00fcdiri dedi ki, m\u0259n s\u0259ni tabutda g\u00f6zl\u0259yirdim... - MEYDAN.TV<\/title>\n<meta name=\"robots\" content=\"index, follow, max-snippet:-1, max-image-preview:large, max-video-preview:-1\" \/>\n<link rel=\"canonical\" href=\"https:\/\/www.meydan.tv\/az\/article\/quba-sakini-sobe-mudiri-dedi-ki-men-seni-tabutda-gozleyirdim\/\" \/>\n<meta property=\"og:locale\" content=\"az_AZ\" \/>\n<meta property=\"og:type\" content=\"article\" \/>\n<meta property=\"og:title\" content=\"Quba sakini: \u015e\u00f6b\u0259 m\u00fcdiri dedi ki, m\u0259n s\u0259ni tabutda g\u00f6zl\u0259yirdim... - MEYDAN.TV\" \/>\n<meta property=\"og:description\" content=\"Qurumun M\u0259tbuat Xidm\u0259ti bildirir ki, Quba Rayon M\u0259rk\u0259zi X\u0259st\u0259xanas\u0131 F\u0259rhad Osmanovun \u00fcr\u0259k-qan damar sistemini normal g\u00f6st\u0259rib.\" \/>\n<meta property=\"og:url\" content=\"https:\/\/www.meydan.tv\/az\/article\/quba-sakini-sobe-mudiri-dedi-ki-men-seni-tabutda-gozleyirdim\/\" \/>\n<meta property=\"og:site_name\" content=\"MEYDAN.TV\" \/>\n<meta property=\"article:published_time\" content=\"2021-02-08T11:16:55+00:00\" \/>\n<meta property=\"og:image\" content=\"https:\/\/www.meydan.tv\/wp-content\/uploads\/quba_city-scaled.jpg\" \/>\n\t<meta property=\"og:image:width\" content=\"2560\" \/>\n\t<meta property=\"og:image:height\" content=\"1656\" \/>\n\t<meta property=\"og:image:type\" content=\"image\/jpeg\" \/>\n<meta name=\"author\" content=\"user-manager\" \/>\n<meta name=\"twitter:card\" content=\"summary_large_image\" \/>\n<script type=\"application\/ld+json\" class=\"yoast-schema-graph\">{\"@context\":\"https:\\\/\\\/schema.org\",\"@graph\":[{\"@type\":\"Article\",\"@id\":\"https:\\\/\\\/www.meydan.tv\\\/az\\\/article\\\/quba-sakini-sobe-mudiri-dedi-ki-men-seni-tabutda-gozleyirdim\\\/#article\",\"isPartOf\":{\"@id\":\"https:\\\/\\\/www.meydan.tv\\\/az\\\/article\\\/quba-sakini-sobe-mudiri-dedi-ki-men-seni-tabutda-gozleyirdim\\\/\"},\"author\":{\"name\":\"user-manager\",\"@id\":\"https:\\\/\\\/www.meydan.tv\\\/az\\\/#\\\/schema\\\/person\\\/10d11eccf6da3662cf5fdab9806ea91a\"},\"headline\":\"Quba sakini: \u015e\u00f6b\u0259 m\u00fcdiri dedi ki, m\u0259n s\u0259ni tabutda g\u00f6zl\u0259yirdim&#8230;\",\"datePublished\":\"2021-02-08T11:16:55+00:00\",\"mainEntityOfPage\":{\"@id\":\"https:\\\/\\\/www.meydan.tv\\\/az\\\/article\\\/quba-sakini-sobe-mudiri-dedi-ki-men-seni-tabutda-gozleyirdim\\\/\"},\"wordCount\":1647,\"publisher\":{\"@id\":\"https:\\\/\\\/www.meydan.tv\\\/az\\\/#organization\"},\"image\":{\"@id\":\"https:\\\/\\\/www.meydan.tv\\\/az\\\/article\\\/quba-sakini-sobe-mudiri-dedi-ki-men-seni-tabutda-gozleyirdim\\\/#primaryimage\"},\"thumbnailUrl\":\"https:\\\/\\\/www.meydan.tv\\\/wp-content\\\/uploads\\\/quba_city-scaled.jpg\",\"articleSection\":[\"B\u00f6lg\u0259\"],\"inLanguage\":\"az\"},{\"@type\":\"WebPage\",\"@id\":\"https:\\\/\\\/www.meydan.tv\\\/az\\\/article\\\/quba-sakini-sobe-mudiri-dedi-ki-men-seni-tabutda-gozleyirdim\\\/\",\"url\":\"https:\\\/\\\/www.meydan.tv\\\/az\\\/article\\\/quba-sakini-sobe-mudiri-dedi-ki-men-seni-tabutda-gozleyirdim\\\/\",\"name\":\"Quba sakini: \u015e\u00f6b\u0259 m\u00fcdiri dedi ki, m\u0259n s\u0259ni tabutda g\u00f6zl\u0259yirdim... - MEYDAN.TV\",\"isPartOf\":{\"@id\":\"https:\\\/\\\/www.meydan.tv\\\/az\\\/#website\"},\"primaryImageOfPage\":{\"@id\":\"https:\\\/\\\/www.meydan.tv\\\/az\\\/article\\\/quba-sakini-sobe-mudiri-dedi-ki-men-seni-tabutda-gozleyirdim\\\/#primaryimage\"},\"image\":{\"@id\":\"https:\\\/\\\/www.meydan.tv\\\/az\\\/article\\\/quba-sakini-sobe-mudiri-dedi-ki-men-seni-tabutda-gozleyirdim\\\/#primaryimage\"},\"thumbnailUrl\":\"https:\\\/\\\/www.meydan.tv\\\/wp-content\\\/uploads\\\/quba_city-scaled.jpg\",\"datePublished\":\"2021-02-08T11:16:55+00:00\",\"breadcrumb\":{\"@id\":\"https:\\\/\\\/www.meydan.tv\\\/az\\\/article\\\/quba-sakini-sobe-mudiri-dedi-ki-men-seni-tabutda-gozleyirdim\\\/#breadcrumb\"},\"inLanguage\":\"az\",\"potentialAction\":[{\"@type\":\"ReadAction\",\"target\":[\"https:\\\/\\\/www.meydan.tv\\\/az\\\/article\\\/quba-sakini-sobe-mudiri-dedi-ki-men-seni-tabutda-gozleyirdim\\\/\"]}]},{\"@type\":\"ImageObject\",\"inLanguage\":\"az\",\"@id\":\"https:\\\/\\\/www.meydan.tv\\\/az\\\/article\\\/quba-sakini-sobe-mudiri-dedi-ki-men-seni-tabutda-gozleyirdim\\\/#primaryimage\",\"url\":\"https:\\\/\\\/www.meydan.tv\\\/wp-content\\\/uploads\\\/quba_city-scaled.jpg\",\"contentUrl\":\"https:\\\/\\\/www.meydan.tv\\\/wp-content\\\/uploads\\\/quba_city-scaled.jpg\",\"width\":2560,\"height\":1656,\"caption\":\"Source: Specify Source\"},{\"@type\":\"BreadcrumbList\",\"@id\":\"https:\\\/\\\/www.meydan.tv\\\/az\\\/article\\\/quba-sakini-sobe-mudiri-dedi-ki-men-seni-tabutda-gozleyirdim\\\/#breadcrumb\",\"itemListElement\":[{\"@type\":\"ListItem\",\"position\":1,\"name\":\"Ana s\u0259hif\u0259\",\"item\":\"https:\\\/\\\/www.meydan.tv\\\/az\\\/\"},{\"@type\":\"ListItem\",\"position\":2,\"name\":\"B\u00f6lg\u0259\",\"item\":\"https:\\\/\\\/www.meydan.tv\\\/az\\\/section\\\/bolge\\\/\"},{\"@type\":\"ListItem\",\"position\":3,\"name\":\"Quba sakini: \u015e\u00f6b\u0259 m\u00fcdiri dedi ki, m\u0259n s\u0259ni tabutda g\u00f6zl\u0259yirdim&#8230;\"}]},{\"@type\":\"WebSite\",\"@id\":\"https:\\\/\\\/www.meydan.tv\\\/az\\\/#website\",\"url\":\"https:\\\/\\\/www.meydan.tv\\\/az\\\/\",\"name\":\"MEYDAN.TV\",\"description\":\"Meydan TV Az\u0259rbaycan\u0131n media m\u0259kan\u0131ndak\u0131 alternativ s\u0259sidir\",\"publisher\":{\"@id\":\"https:\\\/\\\/www.meydan.tv\\\/az\\\/#organization\"},\"potentialAction\":[{\"@type\":\"SearchAction\",\"target\":{\"@type\":\"EntryPoint\",\"urlTemplate\":\"https:\\\/\\\/www.meydan.tv\\\/az\\\/?s={search_term_string}\"},\"query-input\":{\"@type\":\"PropertyValueSpecification\",\"valueRequired\":true,\"valueName\":\"search_term_string\"}}],\"inLanguage\":\"az\"},{\"@type\":\"Organization\",\"@id\":\"https:\\\/\\\/www.meydan.tv\\\/az\\\/#organization\",\"name\":\"Meydan TV\",\"url\":\"https:\\\/\\\/www.meydan.tv\\\/az\\\/\",\"logo\":{\"@type\":\"ImageObject\",\"inLanguage\":\"az\",\"@id\":\"https:\\\/\\\/www.meydan.tv\\\/az\\\/#\\\/schema\\\/logo\\\/image\\\/\",\"url\":\"https:\\\/\\\/www.meydan.tv\\\/wp-content\\\/uploads\\\/2021\\\/07\\\/meydan-logo.svg\",\"contentUrl\":\"https:\\\/\\\/www.meydan.tv\\\/wp-content\\\/uploads\\\/2021\\\/07\\\/meydan-logo.svg\",\"width\":195,\"height\":46,\"caption\":\"Meydan TV\"},\"image\":{\"@id\":\"https:\\\/\\\/www.meydan.tv\\\/az\\\/#\\\/schema\\\/logo\\\/image\\\/\"}},{\"@type\":\"Person\",\"@id\":\"https:\\\/\\\/www.meydan.tv\\\/az\\\/#\\\/schema\\\/person\\\/10d11eccf6da3662cf5fdab9806ea91a\",\"name\":\"user-manager\"}]}<\/script>\n<!-- \/ Yoast SEO plugin. -->","yoast_head_json":{"title":"Quba sakini: \u015e\u00f6b\u0259 m\u00fcdiri dedi ki, m\u0259n s\u0259ni tabutda g\u00f6zl\u0259yirdim... - MEYDAN.TV","robots":{"index":"index","follow":"follow","max-snippet":"max-snippet:-1","max-image-preview":"max-image-preview:large","max-video-preview":"max-video-preview:-1"},"canonical":"https:\/\/www.meydan.tv\/az\/article\/quba-sakini-sobe-mudiri-dedi-ki-men-seni-tabutda-gozleyirdim\/","og_locale":"az_AZ","og_type":"article","og_title":"Quba sakini: \u015e\u00f6b\u0259 m\u00fcdiri dedi ki, m\u0259n s\u0259ni tabutda g\u00f6zl\u0259yirdim... - MEYDAN.TV","og_description":"Qurumun M\u0259tbuat Xidm\u0259ti bildirir ki, Quba Rayon M\u0259rk\u0259zi X\u0259st\u0259xanas\u0131 F\u0259rhad Osmanovun \u00fcr\u0259k-qan damar sistemini normal g\u00f6st\u0259rib.","og_url":"https:\/\/www.meydan.tv\/az\/article\/quba-sakini-sobe-mudiri-dedi-ki-men-seni-tabutda-gozleyirdim\/","og_site_name":"MEYDAN.TV","article_published_time":"2021-02-08T11:16:55+00:00","og_image":[{"width":2560,"height":1656,"url":"https:\/\/www.meydan.tv\/wp-content\/uploads\/quba_city-scaled.jpg","type":"image\/jpeg"}],"author":"user-manager","twitter_card":"summary_large_image","schema":{"@context":"https:\/\/schema.org","@graph":[{"@type":"Article","@id":"https:\/\/www.meydan.tv\/az\/article\/quba-sakini-sobe-mudiri-dedi-ki-men-seni-tabutda-gozleyirdim\/#article","isPartOf":{"@id":"https:\/\/www.meydan.tv\/az\/article\/quba-sakini-sobe-mudiri-dedi-ki-men-seni-tabutda-gozleyirdim\/"},"author":{"name":"user-manager","@id":"https:\/\/www.meydan.tv\/az\/#\/schema\/person\/10d11eccf6da3662cf5fdab9806ea91a"},"headline":"Quba sakini: \u015e\u00f6b\u0259 m\u00fcdiri dedi ki, m\u0259n s\u0259ni tabutda g\u00f6zl\u0259yirdim&#8230;","datePublished":"2021-02-08T11:16:55+00:00","mainEntityOfPage":{"@id":"https:\/\/www.meydan.tv\/az\/article\/quba-sakini-sobe-mudiri-dedi-ki-men-seni-tabutda-gozleyirdim\/"},"wordCount":1647,"publisher":{"@id":"https:\/\/www.meydan.tv\/az\/#organization"},"image":{"@id":"https:\/\/www.meydan.tv\/az\/article\/quba-sakini-sobe-mudiri-dedi-ki-men-seni-tabutda-gozleyirdim\/#primaryimage"},"thumbnailUrl":"https:\/\/www.meydan.tv\/wp-content\/uploads\/quba_city-scaled.jpg","articleSection":["B\u00f6lg\u0259"],"inLanguage":"az"},{"@type":"WebPage","@id":"https:\/\/www.meydan.tv\/az\/article\/quba-sakini-sobe-mudiri-dedi-ki-men-seni-tabutda-gozleyirdim\/","url":"https:\/\/www.meydan.tv\/az\/article\/quba-sakini-sobe-mudiri-dedi-ki-men-seni-tabutda-gozleyirdim\/","name":"Quba sakini: \u015e\u00f6b\u0259 m\u00fcdiri dedi ki, m\u0259n s\u0259ni tabutda g\u00f6zl\u0259yirdim... - MEYDAN.TV","isPartOf":{"@id":"https:\/\/www.meydan.tv\/az\/#website"},"primaryImageOfPage":{"@id":"https:\/\/www.meydan.tv\/az\/article\/quba-sakini-sobe-mudiri-dedi-ki-men-seni-tabutda-gozleyirdim\/#primaryimage"},"image":{"@id":"https:\/\/www.meydan.tv\/az\/article\/quba-sakini-sobe-mudiri-dedi-ki-men-seni-tabutda-gozleyirdim\/#primaryimage"},"thumbnailUrl":"https:\/\/www.meydan.tv\/wp-content\/uploads\/quba_city-scaled.jpg","datePublished":"2021-02-08T11:16:55+00:00","breadcrumb":{"@id":"https:\/\/www.meydan.tv\/az\/article\/quba-sakini-sobe-mudiri-dedi-ki-men-seni-tabutda-gozleyirdim\/#breadcrumb"},"inLanguage":"az","potentialAction":[{"@type":"ReadAction","target":["https:\/\/www.meydan.tv\/az\/article\/quba-sakini-sobe-mudiri-dedi-ki-men-seni-tabutda-gozleyirdim\/"]}]},{"@type":"ImageObject","inLanguage":"az","@id":"https:\/\/www.meydan.tv\/az\/article\/quba-sakini-sobe-mudiri-dedi-ki-men-seni-tabutda-gozleyirdim\/#primaryimage","url":"https:\/\/www.meydan.tv\/wp-content\/uploads\/quba_city-scaled.jpg","contentUrl":"https:\/\/www.meydan.tv\/wp-content\/uploads\/quba_city-scaled.jpg","width":2560,"height":1656,"caption":"Source: Specify Source"},{"@type":"BreadcrumbList","@id":"https:\/\/www.meydan.tv\/az\/article\/quba-sakini-sobe-mudiri-dedi-ki-men-seni-tabutda-gozleyirdim\/#breadcrumb","itemListElement":[{"@type":"ListItem","position":1,"name":"Ana s\u0259hif\u0259","item":"https:\/\/www.meydan.tv\/az\/"},{"@type":"ListItem","position":2,"name":"B\u00f6lg\u0259","item":"https:\/\/www.meydan.tv\/az\/section\/bolge\/"},{"@type":"ListItem","position":3,"name":"Quba sakini: \u015e\u00f6b\u0259 m\u00fcdiri dedi ki, m\u0259n s\u0259ni tabutda g\u00f6zl\u0259yirdim&#8230;"}]},{"@type":"WebSite","@id":"https:\/\/www.meydan.tv\/az\/#website","url":"https:\/\/www.meydan.tv\/az\/","name":"MEYDAN.TV","description":"Meydan TV Az\u0259rbaycan\u0131n media m\u0259kan\u0131ndak\u0131 alternativ s\u0259sidir","publisher":{"@id":"https:\/\/www.meydan.tv\/az\/#organization"},"potentialAction":[{"@type":"SearchAction","target":{"@type":"EntryPoint","urlTemplate":"https:\/\/www.meydan.tv\/az\/?s={search_term_string}"},"query-input":{"@type":"PropertyValueSpecification","valueRequired":true,"valueName":"search_term_string"}}],"inLanguage":"az"},{"@type":"Organization","@id":"https:\/\/www.meydan.tv\/az\/#organization","name":"Meydan TV","url":"https:\/\/www.meydan.tv\/az\/","logo":{"@type":"ImageObject","inLanguage":"az","@id":"https:\/\/www.meydan.tv\/az\/#\/schema\/logo\/image\/","url":"https:\/\/www.meydan.tv\/wp-content\/uploads\/2021\/07\/meydan-logo.svg","contentUrl":"https:\/\/www.meydan.tv\/wp-content\/uploads\/2021\/07\/meydan-logo.svg","width":195,"height":46,"caption":"Meydan TV"},"image":{"@id":"https:\/\/www.meydan.tv\/az\/#\/schema\/logo\/image\/"}},{"@type":"Person","@id":"https:\/\/www.meydan.tv\/az\/#\/schema\/person\/10d11eccf6da3662cf5fdab9806ea91a","name":"user-manager"}]}},"_links":{"self":[{"href":"https:\/\/www.meydan.tv\/az\/wp-json\/wp\/v2\/posts\/204859","targetHints":{"allow":["GET"]}}],"collection":[{"href":"https:\/\/www.meydan.tv\/az\/wp-json\/wp\/v2\/posts"}],"about":[{"href":"https:\/\/www.meydan.tv\/az\/wp-json\/wp\/v2\/types\/post"}],"author":[{"embeddable":true,"href":"https:\/\/www.meydan.tv\/az\/wp-json\/wp\/v2\/users\/11"}],"replies":[{"embeddable":true,"href":"https:\/\/www.meydan.tv\/az\/wp-json\/wp\/v2\/comments?post=204859"}],"version-history":[{"count":0,"href":"https:\/\/www.meydan.tv\/az\/wp-json\/wp\/v2\/posts\/204859\/revisions"}],"wp:featuredmedia":[{"embeddable":true,"href":"https:\/\/www.meydan.tv\/az\/wp-json\/wp\/v2\/media\/155997"}],"wp:attachment":[{"href":"https:\/\/www.meydan.tv\/az\/wp-json\/wp\/v2\/media?parent=204859"}],"wp:term":[{"taxonomy":"category","embeddable":true,"href":"https:\/\/www.meydan.tv\/az\/wp-json\/wp\/v2\/categories?post=204859"},{"taxonomy":"post_tag","embeddable":true,"href":"https:\/\/www.meydan.tv\/az\/wp-json\/wp\/v2\/tags?post=204859"}],"curies":[{"name":"wp","href":"https:\/\/api.w.org\/{rel}","templated":true}]}}