{"id":204837,"date":"2021-02-05T12:34:20","date_gmt":"2021-02-05T12:34:20","guid":{"rendered":"https:\/\/www.meydan.tv\/article\/ucar-sakini-problemlrin-lindn-zm-ldrmyim-az-qalb\/"},"modified":"2021-02-05T12:34:20","modified_gmt":"2021-02-05T12:34:20","slug":"ucar-sakini-problemlrin-lindn-zm-ldrmyim-az-qalb","status":"publish","type":"post","link":"https:\/\/www.meydan.tv\/az\/article\/ucar-sakini-problemlrin-lindn-zm-ldrmyim-az-qalb\/","title":{"rendered":"Ucar sakini: Probleml\u0259rin \u0259lind\u0259n \u00f6z\u00fcm\u00fc \u00f6ld\u00fcrm\u0259yim\u0259 az qal\u0131b"},"content":{"rendered":"<p>\n  <i><br \/>\n    Ata deyir ki, \u0259lil \u00f6vlad\u0131na verilmi\u015f araban\u0131 Bak\u0131dan g\u0259tizdirm\u0259y\u0259 imkan\u0131 yoxdur<br \/>\n  <\/i>\n<\/p>\n<p>\n  \u201cBir ail\u0259nin n\u0259 q\u0259d\u0259r problemi olar? Bir-iki deyil. H\u0259yat\u0131m\u0131z, ya\u015fay\u0131\u015f\u0131m\u0131z b\u0259rbadd\u0131r. O\u011flum x\u0259st\u0259dir, deyirl\u0259r, \u201ciflicdir, m\u00fcalic\u0259si yoxdur\u201d, \u00f6z\u00fcm Birinci Qaraba\u011f M\u00fcharib\u0259si i\u015ftirak\u00e7\u0131s\u0131yam, veteran kimi qeydiyyata al\u0131b, pensiya vermirl\u0259r, evimiz is\u0259 ba\u015f\u0131m\u0131za u\u00e7ur. Hara m\u00fcraci\u0259t edirik, k\u00f6m\u0259k ed\u0259n, baxan yoxdur\u201d.\n<\/p>\n<p>\n  Ucar sakini \u018fliyar Mustafayev bel\u0259 deyir. \u015eikay\u0259t\u00e7inin ordudan t\u0259rxis olunmas\u0131, yaralanmas\u0131 il\u0259 ba\u011fl\u0131 s\u0259n\u0259dl\u0259ri var:\n<\/p>\n<p>\n  \u201cH\u0259min s\u0259n\u0259dl\u0259r m\u0259nim hans\u0131 d\u00f6vrl\u0259rd\u0259 harada xidm\u0259t etdiyimi g\u00f6st\u0259rir. Ancaq d\u0259f\u0259l\u0259rl\u0259 m\u00fcraci\u0259t etm\u0259yim\u0259 baxmayaraq, m\u0259n\u0259 m\u00fcharib\u0259 i\u015ftirak\u00e7\u0131s\u0131 kimi pensiya vermirl\u0259r\u201d.\n<\/p>\n<p>\n  \u018fliyar Mustafayevi narahat ed\u0259n bir m\u0259s\u0259l\u0259 d\u0259 o\u011flunun x\u0259st\u0259liyidir. 3-c\u00fc sinf\u0259 q\u0259d\u0259r m\u0259kt\u0259b\u0259 gedib, s\u0259hh\u0259ti normal olan u\u015fa\u011f\u0131n zamanla \u0259ll\u0259ri, ayaqlar\u0131 tutulub v\u0259 o, yataq x\u0259st\u0259sin\u0259 \u00e7evrilib. Ata deyir, Ucar\u0131n, Bak\u0131n\u0131n b\u00fct\u00fcn x\u0259st\u0259xanalar\u0131n\u0131 g\u0259zdirib, ancaq d\u0259rdin\u0259 \u00e7ar\u0259 tapan olmay\u0131b. Sonda \u0130rana da \u00fcz tutub. Ordak\u0131 h\u0259kiml\u0259r d\u0259 baxandan sonra \u201ciflicdir, \u00e7ox gecikib\u201d \u2013 dey\u0259r\u0259k ev\u0259 yollay\u0131blar:\n<\/p>\n<p>\n  \u201cD\u00fcn\u0259n\u0259c\u0259n 2-ci qrup \u0259lil kimi qeydiyyatda idi. Faktiki aya\u011fa dura, he\u00e7 otura da bilmir. Min d\u0259f\u0259 get-g\u0259l, yalvar-yaxar, dava-dala\u015fdan sonra 2 ayd\u0131r ki, 1-ci qrup \u0259lil kimi qeydiyyata al\u0131n\u0131b. Anas\u0131na da baxd\u0131\u011f\u0131 \u00fc\u00e7\u00fcn \u0259lav\u0259 50 manat verirl\u0259r. Tez-tez x\u0259st\u0259l\u0259nir, pensiyas\u0131n\u0131 el\u0259 \u00f6z\u00fcn\u0259 x\u0259rcl\u0259yirik. \u00c7\u0259tindir, normal m\u00fcalic\u0259 etdir\u0259 bilmirik. Buna imkan\u0131m\u0131z \u00e7atm\u0131r. N\u0259tic\u0259d\u0259 u\u015faq get-ged\u0259 daha da pisl\u0259\u015fir\u201d.\n<\/p>\n<p>\n  Mustafayevl\u0259r ail\u0259sinin evi d\u0259 q\u0259zal\u0131d\u0131r. Deyirl\u0259r ki, q\u0259zal\u0131 olmas\u0131 il\u0259 yana\u015f\u0131, h\u0259m d\u0259 ki\u00e7ikdir.\n<\/p>\n<p>\n  \u201cM\u0259tb\u0259xi, hamam\u0131 olmayan birotaql\u0131 evdir. 4 n\u0259f\u0259rlik ail\u0259nin bir otaqda ya\u015famas\u0131 \u00e7ox \u00e7\u0259tindir. \u018fvv\u0259l 5 n\u0259f\u0259r idik, b\u00f6y\u00fck q\u0131z\u0131m ail\u0259 qurub ba\u015fqa rayona k\u00f6\u00e7d\u00fc. Pulsuzluqdan ona da gedib d\u0259y\u0259 bilmirik, bu da ba\u015fqa d\u0259rddir. \u0130kincisi, x\u0259st\u0259 u\u015faqla bir otaqda ya\u015famaq is\u0259 z\u00fclmd\u00fcr. Onun ayr\u0131ca ota\u011f\u0131 olsa, \u00f6z\u00fc d\u0259, biz d\u0259 \u00e7ox rahat olar\u0131q, amma yoxdur. M\u0259kt\u0259bli q\u0131z\u0131m bilmir d\u0259rsl\u0259rini harda oxusun ki, qarda\u015f\u0131na mane olmas\u0131n\u201d, &#8211; \u018fliyar Mustafayev deyir.\n<\/p>\n<p>\n  Onun s\u00f6zl\u0259rin\u0259 g\u00f6r\u0259, q\u0131\u015fda v\u0259ziyy\u0259tl\u0259ri daha olur. \u00c7\u00fcnki evl\u0259rinin tavan\u0131 d\u0259lm\u0259-de\u015fikdir. N\u0259tic\u0259d\u0259 ya\u011f\u0131\u015fl\u0131 havada evin i\u00e7in\u0259 su dam\u0131r:\n<\/p>\n<p>\n  \u201cBir s\u00f6zl\u0259, \u015f\u0259rait yoxdur, \u00e7\u0259tindir. Biz\u0259 g\u00f6r\u0259 yox, he\u00e7 olmasa o x\u0259st\u0259 u\u015fa\u011fa g\u00f6r\u0259 k\u00f6m\u0259k etsinl\u0259r. D\u0259mir yolunda \u00e7al\u0131\u015f\u0131ram. \u0130nan\u0131n, ald\u0131\u011f\u0131m maa\u015fla ay\u0131 sona yetir\u0259 bilmirik. Evi t\u0259mir etm\u0259k, u\u015fa\u011fa \u015f\u0259rait qurma\u011fa imkan\u0131m yoxdur. Araba laz\u0131md\u0131r u\u015fa\u011fa. M\u0259ktub yazm\u0131\u015f\u0131q, deyirl\u0259r, \u201cayr\u0131l\u0131b, g\u0259lin g\u00f6t\u00fcr\u00fcn\u201d. \u00d6zl\u0259ri g\u00f6nd\u0259rmir. Gedib Bak\u0131dan o araban\u0131 g\u00f6t\u00fcrm\u0259y\u0259 imkan\u0131m yoxdur. Bunu niy\u0259 deyir\u0259m? \u0130zah etm\u0259y\u0259 \u00e7al\u0131\u015f\u0131ram ki, u\u015faq yerd\u0259 uzan\u0131r b\u00fct\u00fcn g\u00fcn\u00fc, a\u011f\u0131rd\u0131r, qald\u0131ra da bilmirik, ayr\u0131lan araban\u0131 gedib g\u00f6t\u00fcrm\u0259y\u0259 pulum yoxdur m\u0259nim\u201d.\n<\/p>\n<p>\n  \u018fliyar Mustafayev h\u0259r \u015feyd\u0259n bezdiyini s\u00f6yl\u0259yir. Deyir, probleml\u0259rin \u0259lind\u0259n \u00f6z\u00fcn\u00fc \u00f6ld\u00fcrm\u0259y\u0259 az qal\u0131b:\n<\/p>\n<p>\n  \u201cS\u00fcr\u00fcnd\u00fcrm\u0259\u00e7ilik, \u00e7\u0259tinlik, kas\u0131bl\u0131q m\u0259ni yaman bezdirib. Nec\u0259 h\u0259r d\u0259f\u0259 ma\u015f\u0131na 100 manat verib, u\u015fa\u011f\u0131 Bak\u0131ya h\u0259kim\u0259 apar\u0131m? Son vaxtlar he\u00e7 apara da bilmir\u0259m. Ucar\u0131n h\u0259kiml\u0259ri is\u0259 d\u0259rdind\u0259n anlam\u0131r. Qal\u0131b m\u00fcalic\u0259siz. Bir s\u00f6zl\u0259, ya\u015famaq \u00fc\u00e7\u00fcn vuru\u015furuq. Ba\u015fqa c\u00fcr m\u00fcmk\u00fcn deyil v\u0259 art\u0131q bezmi\u015f\u0259m\u201d.\n<\/p>\n<p>\n  S\u0259f\u0259rb\u0259rlik v\u0259 H\u0259rbi Xidm\u0259t\u0259 \u00c7a\u011f\u0131r\u0131\u015f \u00fczr\u0259 D\u00f6vl\u0259t Xidm\u0259tinin Ucar Rayon \u015e\u00f6b\u0259sinin \u0259m\u0259kda\u015f\u0131 Araz M\u0259mm\u0259dov Meydan TV-y\u0259 bildirib ki, v\u0259t\u0259nda\u015f veteranl\u0131q almaq \u00fc\u00e7\u00fcn onlara m\u00fcraci\u0259t etm\u0259lidir:\n<\/p>\n<p>\n  \u201cM\u00fcraci\u0259t \u0259sas\u0131nda biz onun s\u0259n\u0259dl\u0259rini arxivd\u0259n tapmal\u0131y\u0131q. \u00d6z\u00fcnd\u0259 s\u0259n\u0259dl\u0259r varsa, dem\u0259li, arxivd\u0259 d\u0259 olmal\u0131d\u0131r. \u018fvv\u0259lc\u0259 \u0259lind\u0259ki s\u0259n\u0259dl\u0259r\u0259 baxaq, ona istiqam\u0259t ver\u0259k ki, nec\u0259 h\u0259r\u0259k\u0259t etsin Ona uy\u011fun problemini h\u0259ll ed\u0259 bil\u0259rik\u201d.\n<\/p>\n<p>\n  Ail\u0259nin evinin q\u0259zal\u0131 olmas\u0131na g\u0259linc\u0259, Ucar Rayon \u0130cra Hakimiyy\u0259tinin \u00fcmumi \u015f\u00f6b\u0259sind\u0259n bildirilib ki, d\u00f6vl\u0259t v\u0259t\u0259nda\u015flara \u015f\u0259xsi evl\u0259r tikm\u0259k \u00fc\u00e7\u00fcn pul ay\u0131rm\u0131r:\n<\/p>\n<p>\n  &quot;\u00d6z\u00fcm\u00fcz\u00fcn d\u0259 o q\u0259d\u0259r v\u0259saitimiz olmur ki, v\u0259t\u0259nda\u015f\u0131n q\u0259zal\u0131 evini yenid\u0259n tik\u0259k, yaxud t\u0259mir ed\u0259k\u201c.\n<\/p>\n<figure class=\"wp-block-image size-large\">\n  <img decoding=\"async\" src=\"https:\/\/www.meydan.tv\/az\/img_2772-jpg\/\" alt=\"IMG_2772.JPG\" class=\"wp-image-155904\"\/><figcaption>\n    Ata v\u0259 \u00f6vlad\u0131<br \/>\n  <\/figcaption><\/figure>\n<figure class=\"wp-block-image size-large\">\n  <img decoding=\"async\" src=\"https:\/\/www.meydan.tv\/az\/evin-veziyyeti-25\/\" alt=\"Evin v\u0259ziyy\u0259ti\" class=\"wp-image-155907\"\/><figcaption>\n    Evin v\u0259ziyy\u0259ti<br \/>\n  <\/figcaption><\/figure>\n<figure class=\"wp-block-image size-large\">\n  <img decoding=\"async\" src=\"https:\/\/www.meydan.tv\/az\/senedler-16\/\" alt=\"S\u0259n\u0259dl\u0259r\" class=\"wp-image-155916\"\/><figcaption>\n    S\u0259n\u0259dl\u0259r<br \/>\n  <\/figcaption><\/figure>\n","protected":false},"excerpt":{"rendered":"<p>Ata deyir ki, \u0259lil \u00f6vlad\u0131na verilmi\u015f araban\u0131 Bak\u0131dan g\u0259tizdirm\u0259y\u0259 imkan\u0131 yoxdur<\/p>\n","protected":false},"author":11,"featured_media":155910,"comment_status":"closed","ping_status":"open","sticky":false,"template":"","format":"standard","meta":{"_acf_changed":false,"_sitemap_exclude":false,"_sitemap_priority":"","_sitemap_frequency":"","footnotes":""},"categories":[60],"tags":[],"class_list":["post-204837","post","type-post","status-publish","format-standard","has-post-thumbnail","hentry","category-bolge","infinite-scroll-item","generate-columns","tablet-grid-50","mobile-grid-100","grid-parent","grid-33","no-featured-image-padding"],"acf":[],"yoast_head":"<!-- This site is optimized with the Yoast SEO plugin v27.5 - https:\/\/yoast.com\/product\/yoast-seo-wordpress\/ -->\n<title>Ucar sakini: Probleml\u0259rin \u0259lind\u0259n \u00f6z\u00fcm\u00fc \u00f6ld\u00fcrm\u0259yim\u0259 az qal\u0131b - MEYDAN.TV<\/title>\n<meta name=\"robots\" content=\"index, follow, max-snippet:-1, max-image-preview:large, max-video-preview:-1\" \/>\n<link rel=\"canonical\" href=\"https:\/\/www.meydan.tv\/az\/article\/ucar-sakini-problemlrin-lindn-zm-ldrmyim-az-qalb\/\" \/>\n<meta property=\"og:locale\" content=\"az_AZ\" \/>\n<meta property=\"og:type\" content=\"article\" \/>\n<meta property=\"og:title\" content=\"Ucar sakini: Probleml\u0259rin \u0259lind\u0259n \u00f6z\u00fcm\u00fc \u00f6ld\u00fcrm\u0259yim\u0259 az qal\u0131b - MEYDAN.TV\" \/>\n<meta property=\"og:description\" content=\"Ata deyir ki, \u0259lil \u00f6vlad\u0131na verilmi\u015f araban\u0131 Bak\u0131dan g\u0259tizdirm\u0259y\u0259 imkan\u0131 yoxdur\" \/>\n<meta property=\"og:url\" content=\"https:\/\/www.meydan.tv\/az\/article\/ucar-sakini-problemlrin-lindn-zm-ldrmyim-az-qalb\/\" \/>\n<meta property=\"og:site_name\" content=\"MEYDAN.TV\" \/>\n<meta property=\"article:published_time\" content=\"2021-02-05T12:34:20+00:00\" \/>\n<meta property=\"og:image\" content=\"https:\/\/www.meydan.tv\/wp-content\/uploads\/img_2774-scaled.jpg\" \/>\n\t<meta property=\"og:image:width\" content=\"2560\" \/>\n\t<meta property=\"og:image:height\" content=\"1920\" \/>\n\t<meta property=\"og:image:type\" content=\"image\/jpeg\" \/>\n<meta name=\"author\" content=\"user-manager\" \/>\n<meta name=\"twitter:card\" content=\"summary_large_image\" \/>\n<script type=\"application\/ld+json\" class=\"yoast-schema-graph\">{\"@context\":\"https:\\\/\\\/schema.org\",\"@graph\":[{\"@type\":\"Article\",\"@id\":\"https:\\\/\\\/www.meydan.tv\\\/az\\\/article\\\/ucar-sakini-problemlrin-lindn-zm-ldrmyim-az-qalb\\\/#article\",\"isPartOf\":{\"@id\":\"https:\\\/\\\/www.meydan.tv\\\/az\\\/article\\\/ucar-sakini-problemlrin-lindn-zm-ldrmyim-az-qalb\\\/\"},\"author\":{\"name\":\"user-manager\",\"@id\":\"https:\\\/\\\/www.meydan.tv\\\/az\\\/#\\\/schema\\\/person\\\/10d11eccf6da3662cf5fdab9806ea91a\"},\"headline\":\"Ucar sakini: Probleml\u0259rin \u0259lind\u0259n \u00f6z\u00fcm\u00fc \u00f6ld\u00fcrm\u0259yim\u0259 az qal\u0131b\",\"datePublished\":\"2021-02-05T12:34:20+00:00\",\"mainEntityOfPage\":{\"@id\":\"https:\\\/\\\/www.meydan.tv\\\/az\\\/article\\\/ucar-sakini-problemlrin-lindn-zm-ldrmyim-az-qalb\\\/\"},\"wordCount\":903,\"publisher\":{\"@id\":\"https:\\\/\\\/www.meydan.tv\\\/az\\\/#organization\"},\"image\":{\"@id\":\"https:\\\/\\\/www.meydan.tv\\\/az\\\/article\\\/ucar-sakini-problemlrin-lindn-zm-ldrmyim-az-qalb\\\/#primaryimage\"},\"thumbnailUrl\":\"https:\\\/\\\/www.meydan.tv\\\/wp-content\\\/uploads\\\/img_2774-scaled.jpg\",\"articleSection\":[\"B\u00f6lg\u0259\"],\"inLanguage\":\"az\"},{\"@type\":\"WebPage\",\"@id\":\"https:\\\/\\\/www.meydan.tv\\\/az\\\/article\\\/ucar-sakini-problemlrin-lindn-zm-ldrmyim-az-qalb\\\/\",\"url\":\"https:\\\/\\\/www.meydan.tv\\\/az\\\/article\\\/ucar-sakini-problemlrin-lindn-zm-ldrmyim-az-qalb\\\/\",\"name\":\"Ucar sakini: Probleml\u0259rin \u0259lind\u0259n \u00f6z\u00fcm\u00fc \u00f6ld\u00fcrm\u0259yim\u0259 az qal\u0131b - MEYDAN.TV\",\"isPartOf\":{\"@id\":\"https:\\\/\\\/www.meydan.tv\\\/az\\\/#website\"},\"primaryImageOfPage\":{\"@id\":\"https:\\\/\\\/www.meydan.tv\\\/az\\\/article\\\/ucar-sakini-problemlrin-lindn-zm-ldrmyim-az-qalb\\\/#primaryimage\"},\"image\":{\"@id\":\"https:\\\/\\\/www.meydan.tv\\\/az\\\/article\\\/ucar-sakini-problemlrin-lindn-zm-ldrmyim-az-qalb\\\/#primaryimage\"},\"thumbnailUrl\":\"https:\\\/\\\/www.meydan.tv\\\/wp-content\\\/uploads\\\/img_2774-scaled.jpg\",\"datePublished\":\"2021-02-05T12:34:20+00:00\",\"breadcrumb\":{\"@id\":\"https:\\\/\\\/www.meydan.tv\\\/az\\\/article\\\/ucar-sakini-problemlrin-lindn-zm-ldrmyim-az-qalb\\\/#breadcrumb\"},\"inLanguage\":\"az\",\"potentialAction\":[{\"@type\":\"ReadAction\",\"target\":[\"https:\\\/\\\/www.meydan.tv\\\/az\\\/article\\\/ucar-sakini-problemlrin-lindn-zm-ldrmyim-az-qalb\\\/\"]}]},{\"@type\":\"ImageObject\",\"inLanguage\":\"az\",\"@id\":\"https:\\\/\\\/www.meydan.tv\\\/az\\\/article\\\/ucar-sakini-problemlrin-lindn-zm-ldrmyim-az-qalb\\\/#primaryimage\",\"url\":\"https:\\\/\\\/www.meydan.tv\\\/wp-content\\\/uploads\\\/img_2774-scaled.jpg\",\"contentUrl\":\"https:\\\/\\\/www.meydan.tv\\\/wp-content\\\/uploads\\\/img_2774-scaled.jpg\",\"width\":2560,\"height\":1920,\"caption\":\"Source: Meydan Tv\"},{\"@type\":\"BreadcrumbList\",\"@id\":\"https:\\\/\\\/www.meydan.tv\\\/az\\\/article\\\/ucar-sakini-problemlrin-lindn-zm-ldrmyim-az-qalb\\\/#breadcrumb\",\"itemListElement\":[{\"@type\":\"ListItem\",\"position\":1,\"name\":\"Ana s\u0259hif\u0259\",\"item\":\"https:\\\/\\\/www.meydan.tv\\\/az\\\/\"},{\"@type\":\"ListItem\",\"position\":2,\"name\":\"B\u00f6lg\u0259\",\"item\":\"https:\\\/\\\/www.meydan.tv\\\/az\\\/section\\\/bolge\\\/\"},{\"@type\":\"ListItem\",\"position\":3,\"name\":\"Ucar sakini: Probleml\u0259rin \u0259lind\u0259n \u00f6z\u00fcm\u00fc \u00f6ld\u00fcrm\u0259yim\u0259 az qal\u0131b\"}]},{\"@type\":\"WebSite\",\"@id\":\"https:\\\/\\\/www.meydan.tv\\\/az\\\/#website\",\"url\":\"https:\\\/\\\/www.meydan.tv\\\/az\\\/\",\"name\":\"MEYDAN.TV\",\"description\":\"Meydan TV Az\u0259rbaycan\u0131n media m\u0259kan\u0131ndak\u0131 alternativ s\u0259sidir\",\"publisher\":{\"@id\":\"https:\\\/\\\/www.meydan.tv\\\/az\\\/#organization\"},\"potentialAction\":[{\"@type\":\"SearchAction\",\"target\":{\"@type\":\"EntryPoint\",\"urlTemplate\":\"https:\\\/\\\/www.meydan.tv\\\/az\\\/?s={search_term_string}\"},\"query-input\":{\"@type\":\"PropertyValueSpecification\",\"valueRequired\":true,\"valueName\":\"search_term_string\"}}],\"inLanguage\":\"az\"},{\"@type\":\"Organization\",\"@id\":\"https:\\\/\\\/www.meydan.tv\\\/az\\\/#organization\",\"name\":\"Meydan TV\",\"url\":\"https:\\\/\\\/www.meydan.tv\\\/az\\\/\",\"logo\":{\"@type\":\"ImageObject\",\"inLanguage\":\"az\",\"@id\":\"https:\\\/\\\/www.meydan.tv\\\/az\\\/#\\\/schema\\\/logo\\\/image\\\/\",\"url\":\"https:\\\/\\\/www.meydan.tv\\\/wp-content\\\/uploads\\\/2021\\\/07\\\/meydan-logo.svg\",\"contentUrl\":\"https:\\\/\\\/www.meydan.tv\\\/wp-content\\\/uploads\\\/2021\\\/07\\\/meydan-logo.svg\",\"width\":195,\"height\":46,\"caption\":\"Meydan TV\"},\"image\":{\"@id\":\"https:\\\/\\\/www.meydan.tv\\\/az\\\/#\\\/schema\\\/logo\\\/image\\\/\"}},{\"@type\":\"Person\",\"@id\":\"https:\\\/\\\/www.meydan.tv\\\/az\\\/#\\\/schema\\\/person\\\/10d11eccf6da3662cf5fdab9806ea91a\",\"name\":\"user-manager\"}]}<\/script>\n<!-- \/ Yoast SEO plugin. -->","yoast_head_json":{"title":"Ucar sakini: Probleml\u0259rin \u0259lind\u0259n \u00f6z\u00fcm\u00fc \u00f6ld\u00fcrm\u0259yim\u0259 az qal\u0131b - MEYDAN.TV","robots":{"index":"index","follow":"follow","max-snippet":"max-snippet:-1","max-image-preview":"max-image-preview:large","max-video-preview":"max-video-preview:-1"},"canonical":"https:\/\/www.meydan.tv\/az\/article\/ucar-sakini-problemlrin-lindn-zm-ldrmyim-az-qalb\/","og_locale":"az_AZ","og_type":"article","og_title":"Ucar sakini: Probleml\u0259rin \u0259lind\u0259n \u00f6z\u00fcm\u00fc \u00f6ld\u00fcrm\u0259yim\u0259 az qal\u0131b - MEYDAN.TV","og_description":"Ata deyir ki, \u0259lil \u00f6vlad\u0131na verilmi\u015f araban\u0131 Bak\u0131dan g\u0259tizdirm\u0259y\u0259 imkan\u0131 yoxdur","og_url":"https:\/\/www.meydan.tv\/az\/article\/ucar-sakini-problemlrin-lindn-zm-ldrmyim-az-qalb\/","og_site_name":"MEYDAN.TV","article_published_time":"2021-02-05T12:34:20+00:00","og_image":[{"width":2560,"height":1920,"url":"https:\/\/www.meydan.tv\/wp-content\/uploads\/img_2774-scaled.jpg","type":"image\/jpeg"}],"author":"user-manager","twitter_card":"summary_large_image","schema":{"@context":"https:\/\/schema.org","@graph":[{"@type":"Article","@id":"https:\/\/www.meydan.tv\/az\/article\/ucar-sakini-problemlrin-lindn-zm-ldrmyim-az-qalb\/#article","isPartOf":{"@id":"https:\/\/www.meydan.tv\/az\/article\/ucar-sakini-problemlrin-lindn-zm-ldrmyim-az-qalb\/"},"author":{"name":"user-manager","@id":"https:\/\/www.meydan.tv\/az\/#\/schema\/person\/10d11eccf6da3662cf5fdab9806ea91a"},"headline":"Ucar sakini: Probleml\u0259rin \u0259lind\u0259n \u00f6z\u00fcm\u00fc \u00f6ld\u00fcrm\u0259yim\u0259 az qal\u0131b","datePublished":"2021-02-05T12:34:20+00:00","mainEntityOfPage":{"@id":"https:\/\/www.meydan.tv\/az\/article\/ucar-sakini-problemlrin-lindn-zm-ldrmyim-az-qalb\/"},"wordCount":903,"publisher":{"@id":"https:\/\/www.meydan.tv\/az\/#organization"},"image":{"@id":"https:\/\/www.meydan.tv\/az\/article\/ucar-sakini-problemlrin-lindn-zm-ldrmyim-az-qalb\/#primaryimage"},"thumbnailUrl":"https:\/\/www.meydan.tv\/wp-content\/uploads\/img_2774-scaled.jpg","articleSection":["B\u00f6lg\u0259"],"inLanguage":"az"},{"@type":"WebPage","@id":"https:\/\/www.meydan.tv\/az\/article\/ucar-sakini-problemlrin-lindn-zm-ldrmyim-az-qalb\/","url":"https:\/\/www.meydan.tv\/az\/article\/ucar-sakini-problemlrin-lindn-zm-ldrmyim-az-qalb\/","name":"Ucar sakini: Probleml\u0259rin \u0259lind\u0259n \u00f6z\u00fcm\u00fc \u00f6ld\u00fcrm\u0259yim\u0259 az qal\u0131b - MEYDAN.TV","isPartOf":{"@id":"https:\/\/www.meydan.tv\/az\/#website"},"primaryImageOfPage":{"@id":"https:\/\/www.meydan.tv\/az\/article\/ucar-sakini-problemlrin-lindn-zm-ldrmyim-az-qalb\/#primaryimage"},"image":{"@id":"https:\/\/www.meydan.tv\/az\/article\/ucar-sakini-problemlrin-lindn-zm-ldrmyim-az-qalb\/#primaryimage"},"thumbnailUrl":"https:\/\/www.meydan.tv\/wp-content\/uploads\/img_2774-scaled.jpg","datePublished":"2021-02-05T12:34:20+00:00","breadcrumb":{"@id":"https:\/\/www.meydan.tv\/az\/article\/ucar-sakini-problemlrin-lindn-zm-ldrmyim-az-qalb\/#breadcrumb"},"inLanguage":"az","potentialAction":[{"@type":"ReadAction","target":["https:\/\/www.meydan.tv\/az\/article\/ucar-sakini-problemlrin-lindn-zm-ldrmyim-az-qalb\/"]}]},{"@type":"ImageObject","inLanguage":"az","@id":"https:\/\/www.meydan.tv\/az\/article\/ucar-sakini-problemlrin-lindn-zm-ldrmyim-az-qalb\/#primaryimage","url":"https:\/\/www.meydan.tv\/wp-content\/uploads\/img_2774-scaled.jpg","contentUrl":"https:\/\/www.meydan.tv\/wp-content\/uploads\/img_2774-scaled.jpg","width":2560,"height":1920,"caption":"Source: Meydan Tv"},{"@type":"BreadcrumbList","@id":"https:\/\/www.meydan.tv\/az\/article\/ucar-sakini-problemlrin-lindn-zm-ldrmyim-az-qalb\/#breadcrumb","itemListElement":[{"@type":"ListItem","position":1,"name":"Ana s\u0259hif\u0259","item":"https:\/\/www.meydan.tv\/az\/"},{"@type":"ListItem","position":2,"name":"B\u00f6lg\u0259","item":"https:\/\/www.meydan.tv\/az\/section\/bolge\/"},{"@type":"ListItem","position":3,"name":"Ucar sakini: Probleml\u0259rin \u0259lind\u0259n \u00f6z\u00fcm\u00fc \u00f6ld\u00fcrm\u0259yim\u0259 az qal\u0131b"}]},{"@type":"WebSite","@id":"https:\/\/www.meydan.tv\/az\/#website","url":"https:\/\/www.meydan.tv\/az\/","name":"MEYDAN.TV","description":"Meydan TV Az\u0259rbaycan\u0131n media m\u0259kan\u0131ndak\u0131 alternativ s\u0259sidir","publisher":{"@id":"https:\/\/www.meydan.tv\/az\/#organization"},"potentialAction":[{"@type":"SearchAction","target":{"@type":"EntryPoint","urlTemplate":"https:\/\/www.meydan.tv\/az\/?s={search_term_string}"},"query-input":{"@type":"PropertyValueSpecification","valueRequired":true,"valueName":"search_term_string"}}],"inLanguage":"az"},{"@type":"Organization","@id":"https:\/\/www.meydan.tv\/az\/#organization","name":"Meydan TV","url":"https:\/\/www.meydan.tv\/az\/","logo":{"@type":"ImageObject","inLanguage":"az","@id":"https:\/\/www.meydan.tv\/az\/#\/schema\/logo\/image\/","url":"https:\/\/www.meydan.tv\/wp-content\/uploads\/2021\/07\/meydan-logo.svg","contentUrl":"https:\/\/www.meydan.tv\/wp-content\/uploads\/2021\/07\/meydan-logo.svg","width":195,"height":46,"caption":"Meydan TV"},"image":{"@id":"https:\/\/www.meydan.tv\/az\/#\/schema\/logo\/image\/"}},{"@type":"Person","@id":"https:\/\/www.meydan.tv\/az\/#\/schema\/person\/10d11eccf6da3662cf5fdab9806ea91a","name":"user-manager"}]}},"_links":{"self":[{"href":"https:\/\/www.meydan.tv\/az\/wp-json\/wp\/v2\/posts\/204837","targetHints":{"allow":["GET"]}}],"collection":[{"href":"https:\/\/www.meydan.tv\/az\/wp-json\/wp\/v2\/posts"}],"about":[{"href":"https:\/\/www.meydan.tv\/az\/wp-json\/wp\/v2\/types\/post"}],"author":[{"embeddable":true,"href":"https:\/\/www.meydan.tv\/az\/wp-json\/wp\/v2\/users\/11"}],"replies":[{"embeddable":true,"href":"https:\/\/www.meydan.tv\/az\/wp-json\/wp\/v2\/comments?post=204837"}],"version-history":[{"count":0,"href":"https:\/\/www.meydan.tv\/az\/wp-json\/wp\/v2\/posts\/204837\/revisions"}],"wp:featuredmedia":[{"embeddable":true,"href":"https:\/\/www.meydan.tv\/az\/wp-json\/wp\/v2\/media\/155910"}],"wp:attachment":[{"href":"https:\/\/www.meydan.tv\/az\/wp-json\/wp\/v2\/media?parent=204837"}],"wp:term":[{"taxonomy":"category","embeddable":true,"href":"https:\/\/www.meydan.tv\/az\/wp-json\/wp\/v2\/categories?post=204837"},{"taxonomy":"post_tag","embeddable":true,"href":"https:\/\/www.meydan.tv\/az\/wp-json\/wp\/v2\/tags?post=204837"}],"curies":[{"name":"wp","href":"https:\/\/api.w.org\/{rel}","templated":true}]}}