{"id":204786,"date":"2021-02-02T13:29:50","date_gmt":"2021-02-02T13:29:50","guid":{"rendered":"https:\/\/www.meydan.tv\/article\/nemet-eliyev-hokumet-pensiyacilarin-hesabina-1-milyard-manat-qenaet-edib\/"},"modified":"2021-02-02T13:29:50","modified_gmt":"2021-02-02T13:29:50","slug":"nemet-eliyev-hokumet-pensiyacilarin-hesabina-1-milyard-manat-qenaet-edib","status":"publish","type":"post","link":"https:\/\/www.meydan.tv\/az\/article\/nemet-eliyev-hokumet-pensiyacilarin-hesabina-1-milyard-manat-qenaet-edib\/","title":{"rendered":"Nem\u0259t \u018fliyev: H\u00f6kum\u0259t pensiya\u00e7\u0131lar\u0131n hesab\u0131na 1 milyard manat q\u0259na\u0259t edib"},"content":{"rendered":"<p>\n  <i><br \/>\n    &quot;H\u00f6kum\u0259tin bir q\u0259rar\u0131 il\u0259 148 min insan pensiya almaq h\u00fcququndan m\u0259hrum edilib&quot;<br \/>\n  <\/i>\n<\/p>\n<p>\n  &quot;Son 3 il yar\u0131mda pensiya\u00e7\u0131lar\u0131n say\u0131 96.2 min n\u0259f\u0259r azal\u0131b. Bu, 2017-ci ill\u0259 m\u00fcqayis\u0259d\u0259 7.2 faiz azd\u0131r&quot;.\n<\/p>\n<p>\n  D\u00f6vl\u0259t Statistika Komit\u0259sinin m\u0259lumat\u0131nda bel\u0259 deyilir.\n<\/p>\n<p>\n  \u0130qtisad\u00e7\u0131 Nem\u0259t \u018fliyev deyir ki, h\u00f6kum\u0259t 3 il yar\u0131mda pensiya\u00e7\u0131lar\u0131n hesab\u0131na 1 milyard manat q\u0259na\u0259t edib.\n<\/p>\n<p>\n  2017-ci il iyulun \u0259vv\u0259lind\u0259 pensiya\u00e7\u0131lar\u0131n say\u0131 1 milyon 328,4 min n\u0259f\u0259r, 2021-ci ilin \u0259vv\u0259lind\u0259 is\u0259 1 milyon 232,2 min n\u0259f\u0259r olub.\n<\/p>\n<p>\n  \u0130qtisad\u00e7\u0131n\u0131n s\u00f6zl\u0259rin\u0259 g\u00f6r\u0259, 2014-2017-ci ill\u0259rin faktiki say dinamikas\u0131na istinad\u0259n apar\u0131lan proqnoz hesablamalar g\u00f6st\u0259rir ki, h\u00f6kum\u0259t pensiya ya\u015f h\u0259ddinin art\u0131r\u0131lmas\u0131 haqq\u0131nda q\u0259rar \u00e7\u0131xarmasayd\u0131, bu g\u00fcn d\u00f6vl\u0259tin pensiya t\u0259minat sistemind\u0259n yararlanan pensiya\u00e7\u0131lar\u0131n say\u0131 1 milyon 380 min n\u0259f\u0259r\u0259 q\u0259d\u0259r artmal\u0131yd\u0131: \u201cHalbuki onlar\u0131n bu g\u00fcn\u0259 olan say\u0131 1 milyon 232 min n\u0259f\u0259r\u0259 d\u00fc\u015f\u00fcb. Bu hesabla h\u00f6kum\u0259tin bir q\u0259rar\u0131 il\u0259 148 min (1380 -1232 =148) insan pensiya almaq h\u00fcququndan m\u0259hrum edilib. \u00d6t\u0259n il orta ayl\u0131q pensiya m\u0259bl\u0259\u011finin 300 manat olmas\u0131n\u0131 burada n\u0259z\u0259r\u0259 al\u0131b sad\u0259 hesablamalar\u0131 davam etdirs\u0259k, bel\u0259 m\u0259lum olar ki, pensiya\u00e7\u0131lar\u0131n say\u0131n\u0131 qay\u00e7\u0131lamaq hesab\u0131na h\u00f6kum\u0259t yaln\u0131z 2020-ci ild\u0259 530 milyon manat (300x148x12) v\u0259sait\u0259 \u201cq\u0259na\u0259t\u201d edib. Pensiya almal\u0131 ya\u015fl\u0131 insanlar\u0131n bo\u011faz\u0131ndan k\u0259sil\u0259n v\u0259saitin m\u0259bl\u0259\u011fi 2019-cu ild\u0259 280 milyon manat, 2018-ci ild\u0259 170 milyon manat, 2017-ci ilin son 6 ay\u0131nda is\u0259 25 milyon manat t\u0259\u015fkil edib. 3 il yar\u0131ma \u201cq\u0259na\u0259t edil\u0259n\u201d v\u0259saitin h\u0259cmi 1 milyard manatdan \u00e7oxdur\u201d.\n<\/p>\n<figure class=\"wp-block-image size-large\">\n  <img decoding=\"async\" src=\"https:\/\/www.meydan.tv\/az\/a82f8b1a-9175-445b-a239-525cca3bb1d9_w1200_r1-jpg\/\" alt=\"A82F8B1A-9175-445B-A239-525CCA3BB1D9_w1200_r1.jpg\" class=\"wp-image-140654\"\/><figcaption>\n    Nem\u0259t \u018fliyev<br \/>\n  <\/figcaption><\/figure>\n<p>\n  Nem\u0259t \u018fliyev deyir ki, buradan bel\u0259 n\u0259tic\u0259 hasil olur ki, pensiya ya\u015f h\u0259ddinin qald\u0131r\u0131lmas\u0131 istiqam\u0259tind\u0259 h\u00f6kum\u0259t f\u0259aliyy\u0259ti milyarddan yuxar\u0131 maliyy\u0259 v\u0259saitini qay\u00e7\u0131lama\u011fa imkan yaratsa da, faktiki olaraq 150 min\u0259 yax\u0131n insan\u0131n sosial t\u0259minat sistemind\u0259n k\u0259nara at\u0131lmas\u0131 il\u0259 n\u0259tic\u0259l\u0259nib: \u201cOdur ki, bu c\u00fcr q\u0259rar v\u0259 t\u0259dbirl\u0259r\u0259 islahat donu geyindirm\u0259k v\u0259 bu y\u00f6nd\u0259ki ist\u0259nil\u0259n f\u0259aliyy\u0259ti \u201csosial islahat\u201d ad\u0131 il\u0259 uzla\u015fd\u0131rmaq c\u0259hdl\u0259ri \u00e7ox yersiz v\u0259 \u00e7ox m\u0259nas\u0131zd\u0131r\u201d.\n<\/p>\n<p>\n  2020-ci ilin \u0259vv\u0259lin\u0259 \u00f6lk\u0259d\u0259 pensiya\u00e7\u0131lar\u0131n say\u0131 1277,8 min n\u0259f\u0259r olmaqla \u00f6lk\u0259 \u0259halisinin 12,8 faizini t\u0259\u015fkil etmi\u015fdi.\n<\/p>\n<p>\n  2019-cu ild\u0259 is\u0259 1299,5 min n\u0259f\u0259r olmaqla \u00f6lk\u0259 \u0259halisinin 13,2 faizini t\u0259\u015fkil etmi\u015fdi. 1 il \u0259rzind\u0259 t\u0259qa\u00fcd\u00e7\u00fcl\u0259rin say\u0131 11717 n\u0259f\u0259r azalm\u0131\u015fd\u0131.\n<\/p>\n<p>\n  MDB Statistika Komit\u0259sinin m\u0259lumat\u0131na g\u00f6r\u0259, Az\u0259rbaycanda h\u0259r 1000 n\u0259f\u0259r\u0259 126, Erm\u0259nistanda 154, Qazax\u0131standa 157, Moldovada 200, Ukraynada 264, Belarusda 273, Rusiyada 296 pensiya\u00e7\u0131 d\u00fc\u015f\u00fcr.\n<\/p>\n<p>\n  2017-ci ild\u0259 Az\u0259rbaycan qanunvericiliyin\u0259 edil\u0259n d\u0259yi\u015fiklikl\u0259 pensiyaya \u00e7\u0131xmaq h\u0259ddi 65 ya\u015f m\u00fc\u0259yy\u0259n edildi.\n<\/p>\n<p>\n  Bu ya\u015f h\u0259ddi \u0259vv\u0259ll\u0259r qad\u0131nlarda 60, ki\u015fil\u0259rd\u0259 is\u0259 63 idi. Lakin bu m\u00fcdd\u0259t m\u0259rh\u0259l\u0259li \u015f\u0259kild\u0259 uzad\u0131l\u0131r.\n<\/p>\n<p>\n  Pensiyaya \u00e7\u0131xmaq ya\u015f\u0131 ki\u015fil\u0259rd\u0259 2017-ci il yanvar\u0131n 1-d\u0259n ba\u015flayaraq 2021-ci il yanvar\u0131n 1-d\u0259k, qad\u0131nlarda is\u0259 2017-ci il yanvar\u0131n 1-d\u0259n 2027-ci il yanvar\u0131n 1-d\u0259k h\u0259r il 6 ay art\u0131r\u0131l\u0131r.<\/p>\n","protected":false},"excerpt":{"rendered":"<p>\u201cOdur ki, bu c\u00fcr q\u0259rar v\u0259 t\u0259dbirl\u0259r\u0259 islahat donu geyindirm\u0259k v\u0259 bu y\u00f6nd\u0259ki ist\u0259nil\u0259n f\u0259aliyy\u0259ti \u201csosial islahat\u201d ad\u0131 il\u0259 uzla\u015fd\u0131rmaq c\u0259hdl\u0259ri \u00e7ox yersiz v\u0259 \u00e7ox m\u0259nas\u0131zd\u0131r\u201d.<\/p>\n","protected":false},"author":11,"featured_media":132536,"comment_status":"closed","ping_status":"open","sticky":false,"template":"","format":"standard","meta":{"_acf_changed":false,"_sitemap_exclude":false,"_sitemap_priority":"","_sitemap_frequency":"","footnotes":""},"categories":[62],"tags":[],"class_list":["post-204786","post","type-post","status-publish","format-standard","has-post-thumbnail","hentry","category-sosial","infinite-scroll-item","generate-columns","tablet-grid-50","mobile-grid-100","grid-parent","grid-33","no-featured-image-padding"],"acf":[],"yoast_head":"<!-- This site is optimized with the Yoast SEO plugin v27.4 - https:\/\/yoast.com\/product\/yoast-seo-wordpress\/ -->\n<title>Nem\u0259t \u018fliyev: H\u00f6kum\u0259t pensiya\u00e7\u0131lar\u0131n hesab\u0131na 1 milyard manat q\u0259na\u0259t edib - MEYDAN.TV<\/title>\n<meta name=\"robots\" content=\"index, follow, max-snippet:-1, max-image-preview:large, max-video-preview:-1\" \/>\n<link rel=\"canonical\" href=\"https:\/\/www.meydan.tv\/az\/article\/nemet-eliyev-hokumet-pensiyacilarin-hesabina-1-milyard-manat-qenaet-edib\/\" \/>\n<meta property=\"og:locale\" content=\"az_AZ\" \/>\n<meta property=\"og:type\" content=\"article\" \/>\n<meta property=\"og:title\" content=\"Nem\u0259t \u018fliyev: H\u00f6kum\u0259t pensiya\u00e7\u0131lar\u0131n hesab\u0131na 1 milyard manat q\u0259na\u0259t edib - MEYDAN.TV\" \/>\n<meta property=\"og:description\" content=\"\u201cOdur ki, bu c\u00fcr q\u0259rar v\u0259 t\u0259dbirl\u0259r\u0259 islahat donu geyindirm\u0259k v\u0259 bu y\u00f6nd\u0259ki ist\u0259nil\u0259n f\u0259aliyy\u0259ti \u201csosial islahat\u201d ad\u0131 il\u0259 uzla\u015fd\u0131rmaq c\u0259hdl\u0259ri \u00e7ox yersiz v\u0259 \u00e7ox m\u0259nas\u0131zd\u0131r\u201d.\" \/>\n<meta property=\"og:url\" content=\"https:\/\/www.meydan.tv\/az\/article\/nemet-eliyev-hokumet-pensiyacilarin-hesabina-1-milyard-manat-qenaet-edib\/\" \/>\n<meta property=\"og:site_name\" content=\"MEYDAN.TV\" \/>\n<meta property=\"article:published_time\" content=\"2021-02-02T13:29:50+00:00\" \/>\n<meta property=\"og:image\" content=\"https:\/\/www.meydan.tv\/wp-content\/uploads\/991-ratio-pensioner-pari-pensiia-bankomat.jpg\" \/>\n\t<meta property=\"og:image:width\" content=\"991\" \/>\n\t<meta property=\"og:image:height\" content=\"660\" \/>\n\t<meta property=\"og:image:type\" content=\"image\/jpeg\" \/>\n<meta name=\"author\" content=\"user-manager\" \/>\n<meta name=\"twitter:card\" content=\"summary_large_image\" \/>\n<script type=\"application\/ld+json\" class=\"yoast-schema-graph\">{\"@context\":\"https:\\\/\\\/schema.org\",\"@graph\":[{\"@type\":\"Article\",\"@id\":\"https:\\\/\\\/www.meydan.tv\\\/az\\\/article\\\/nemet-eliyev-hokumet-pensiyacilarin-hesabina-1-milyard-manat-qenaet-edib\\\/#article\",\"isPartOf\":{\"@id\":\"https:\\\/\\\/www.meydan.tv\\\/az\\\/article\\\/nemet-eliyev-hokumet-pensiyacilarin-hesabina-1-milyard-manat-qenaet-edib\\\/\"},\"author\":{\"name\":\"user-manager\",\"@id\":\"https:\\\/\\\/www.meydan.tv\\\/az\\\/#\\\/schema\\\/person\\\/10d11eccf6da3662cf5fdab9806ea91a\"},\"headline\":\"Nem\u0259t \u018fliyev: H\u00f6kum\u0259t pensiya\u00e7\u0131lar\u0131n hesab\u0131na 1 milyard manat q\u0259na\u0259t edib\",\"datePublished\":\"2021-02-02T13:29:50+00:00\",\"mainEntityOfPage\":{\"@id\":\"https:\\\/\\\/www.meydan.tv\\\/az\\\/article\\\/nemet-eliyev-hokumet-pensiyacilarin-hesabina-1-milyard-manat-qenaet-edib\\\/\"},\"wordCount\":598,\"publisher\":{\"@id\":\"https:\\\/\\\/www.meydan.tv\\\/az\\\/#organization\"},\"image\":{\"@id\":\"https:\\\/\\\/www.meydan.tv\\\/az\\\/article\\\/nemet-eliyev-hokumet-pensiyacilarin-hesabina-1-milyard-manat-qenaet-edib\\\/#primaryimage\"},\"thumbnailUrl\":\"https:\\\/\\\/www.meydan.tv\\\/wp-content\\\/uploads\\\/991-ratio-pensioner-pari-pensiia-bankomat.jpg\",\"articleSection\":[\"Sosial\"],\"inLanguage\":\"az\"},{\"@type\":\"WebPage\",\"@id\":\"https:\\\/\\\/www.meydan.tv\\\/az\\\/article\\\/nemet-eliyev-hokumet-pensiyacilarin-hesabina-1-milyard-manat-qenaet-edib\\\/\",\"url\":\"https:\\\/\\\/www.meydan.tv\\\/az\\\/article\\\/nemet-eliyev-hokumet-pensiyacilarin-hesabina-1-milyard-manat-qenaet-edib\\\/\",\"name\":\"Nem\u0259t \u018fliyev: H\u00f6kum\u0259t pensiya\u00e7\u0131lar\u0131n hesab\u0131na 1 milyard manat q\u0259na\u0259t edib - MEYDAN.TV\",\"isPartOf\":{\"@id\":\"https:\\\/\\\/www.meydan.tv\\\/az\\\/#website\"},\"primaryImageOfPage\":{\"@id\":\"https:\\\/\\\/www.meydan.tv\\\/az\\\/article\\\/nemet-eliyev-hokumet-pensiyacilarin-hesabina-1-milyard-manat-qenaet-edib\\\/#primaryimage\"},\"image\":{\"@id\":\"https:\\\/\\\/www.meydan.tv\\\/az\\\/article\\\/nemet-eliyev-hokumet-pensiyacilarin-hesabina-1-milyard-manat-qenaet-edib\\\/#primaryimage\"},\"thumbnailUrl\":\"https:\\\/\\\/www.meydan.tv\\\/wp-content\\\/uploads\\\/991-ratio-pensioner-pari-pensiia-bankomat.jpg\",\"datePublished\":\"2021-02-02T13:29:50+00:00\",\"breadcrumb\":{\"@id\":\"https:\\\/\\\/www.meydan.tv\\\/az\\\/article\\\/nemet-eliyev-hokumet-pensiyacilarin-hesabina-1-milyard-manat-qenaet-edib\\\/#breadcrumb\"},\"inLanguage\":\"az\",\"potentialAction\":[{\"@type\":\"ReadAction\",\"target\":[\"https:\\\/\\\/www.meydan.tv\\\/az\\\/article\\\/nemet-eliyev-hokumet-pensiyacilarin-hesabina-1-milyard-manat-qenaet-edib\\\/\"]}]},{\"@type\":\"ImageObject\",\"inLanguage\":\"az\",\"@id\":\"https:\\\/\\\/www.meydan.tv\\\/az\\\/article\\\/nemet-eliyev-hokumet-pensiyacilarin-hesabina-1-milyard-manat-qenaet-edib\\\/#primaryimage\",\"url\":\"https:\\\/\\\/www.meydan.tv\\\/wp-content\\\/uploads\\\/991-ratio-pensioner-pari-pensiia-bankomat.jpg\",\"contentUrl\":\"https:\\\/\\\/www.meydan.tv\\\/wp-content\\\/uploads\\\/991-ratio-pensioner-pari-pensiia-bankomat.jpg\",\"width\":991,\"height\":660,\"caption\":\"Source: Google\"},{\"@type\":\"BreadcrumbList\",\"@id\":\"https:\\\/\\\/www.meydan.tv\\\/az\\\/article\\\/nemet-eliyev-hokumet-pensiyacilarin-hesabina-1-milyard-manat-qenaet-edib\\\/#breadcrumb\",\"itemListElement\":[{\"@type\":\"ListItem\",\"position\":1,\"name\":\"Ana s\u0259hif\u0259\",\"item\":\"https:\\\/\\\/www.meydan.tv\\\/az\\\/\"},{\"@type\":\"ListItem\",\"position\":2,\"name\":\"Sosial\",\"item\":\"https:\\\/\\\/www.meydan.tv\\\/az\\\/section\\\/sosial\\\/\"},{\"@type\":\"ListItem\",\"position\":3,\"name\":\"Nem\u0259t \u018fliyev: H\u00f6kum\u0259t pensiya\u00e7\u0131lar\u0131n hesab\u0131na 1 milyard manat q\u0259na\u0259t edib\"}]},{\"@type\":\"WebSite\",\"@id\":\"https:\\\/\\\/www.meydan.tv\\\/az\\\/#website\",\"url\":\"https:\\\/\\\/www.meydan.tv\\\/az\\\/\",\"name\":\"MEYDAN.TV\",\"description\":\"Meydan TV Az\u0259rbaycan\u0131n media m\u0259kan\u0131ndak\u0131 alternativ s\u0259sidir\",\"publisher\":{\"@id\":\"https:\\\/\\\/www.meydan.tv\\\/az\\\/#organization\"},\"potentialAction\":[{\"@type\":\"SearchAction\",\"target\":{\"@type\":\"EntryPoint\",\"urlTemplate\":\"https:\\\/\\\/www.meydan.tv\\\/az\\\/?s={search_term_string}\"},\"query-input\":{\"@type\":\"PropertyValueSpecification\",\"valueRequired\":true,\"valueName\":\"search_term_string\"}}],\"inLanguage\":\"az\"},{\"@type\":\"Organization\",\"@id\":\"https:\\\/\\\/www.meydan.tv\\\/az\\\/#organization\",\"name\":\"Meydan TV\",\"url\":\"https:\\\/\\\/www.meydan.tv\\\/az\\\/\",\"logo\":{\"@type\":\"ImageObject\",\"inLanguage\":\"az\",\"@id\":\"https:\\\/\\\/www.meydan.tv\\\/az\\\/#\\\/schema\\\/logo\\\/image\\\/\",\"url\":\"https:\\\/\\\/www.meydan.tv\\\/wp-content\\\/uploads\\\/2021\\\/07\\\/meydan-logo.svg\",\"contentUrl\":\"https:\\\/\\\/www.meydan.tv\\\/wp-content\\\/uploads\\\/2021\\\/07\\\/meydan-logo.svg\",\"width\":195,\"height\":46,\"caption\":\"Meydan TV\"},\"image\":{\"@id\":\"https:\\\/\\\/www.meydan.tv\\\/az\\\/#\\\/schema\\\/logo\\\/image\\\/\"}},{\"@type\":\"Person\",\"@id\":\"https:\\\/\\\/www.meydan.tv\\\/az\\\/#\\\/schema\\\/person\\\/10d11eccf6da3662cf5fdab9806ea91a\",\"name\":\"user-manager\"}]}<\/script>\n<!-- \/ Yoast SEO plugin. -->","yoast_head_json":{"title":"Nem\u0259t \u018fliyev: H\u00f6kum\u0259t pensiya\u00e7\u0131lar\u0131n hesab\u0131na 1 milyard manat q\u0259na\u0259t edib - MEYDAN.TV","robots":{"index":"index","follow":"follow","max-snippet":"max-snippet:-1","max-image-preview":"max-image-preview:large","max-video-preview":"max-video-preview:-1"},"canonical":"https:\/\/www.meydan.tv\/az\/article\/nemet-eliyev-hokumet-pensiyacilarin-hesabina-1-milyard-manat-qenaet-edib\/","og_locale":"az_AZ","og_type":"article","og_title":"Nem\u0259t \u018fliyev: H\u00f6kum\u0259t pensiya\u00e7\u0131lar\u0131n hesab\u0131na 1 milyard manat q\u0259na\u0259t edib - MEYDAN.TV","og_description":"\u201cOdur ki, bu c\u00fcr q\u0259rar v\u0259 t\u0259dbirl\u0259r\u0259 islahat donu geyindirm\u0259k v\u0259 bu y\u00f6nd\u0259ki ist\u0259nil\u0259n f\u0259aliyy\u0259ti \u201csosial islahat\u201d ad\u0131 il\u0259 uzla\u015fd\u0131rmaq c\u0259hdl\u0259ri \u00e7ox yersiz v\u0259 \u00e7ox m\u0259nas\u0131zd\u0131r\u201d.","og_url":"https:\/\/www.meydan.tv\/az\/article\/nemet-eliyev-hokumet-pensiyacilarin-hesabina-1-milyard-manat-qenaet-edib\/","og_site_name":"MEYDAN.TV","article_published_time":"2021-02-02T13:29:50+00:00","og_image":[{"width":991,"height":660,"url":"https:\/\/www.meydan.tv\/wp-content\/uploads\/991-ratio-pensioner-pari-pensiia-bankomat.jpg","type":"image\/jpeg"}],"author":"user-manager","twitter_card":"summary_large_image","schema":{"@context":"https:\/\/schema.org","@graph":[{"@type":"Article","@id":"https:\/\/www.meydan.tv\/az\/article\/nemet-eliyev-hokumet-pensiyacilarin-hesabina-1-milyard-manat-qenaet-edib\/#article","isPartOf":{"@id":"https:\/\/www.meydan.tv\/az\/article\/nemet-eliyev-hokumet-pensiyacilarin-hesabina-1-milyard-manat-qenaet-edib\/"},"author":{"name":"user-manager","@id":"https:\/\/www.meydan.tv\/az\/#\/schema\/person\/10d11eccf6da3662cf5fdab9806ea91a"},"headline":"Nem\u0259t \u018fliyev: H\u00f6kum\u0259t pensiya\u00e7\u0131lar\u0131n hesab\u0131na 1 milyard manat q\u0259na\u0259t edib","datePublished":"2021-02-02T13:29:50+00:00","mainEntityOfPage":{"@id":"https:\/\/www.meydan.tv\/az\/article\/nemet-eliyev-hokumet-pensiyacilarin-hesabina-1-milyard-manat-qenaet-edib\/"},"wordCount":598,"publisher":{"@id":"https:\/\/www.meydan.tv\/az\/#organization"},"image":{"@id":"https:\/\/www.meydan.tv\/az\/article\/nemet-eliyev-hokumet-pensiyacilarin-hesabina-1-milyard-manat-qenaet-edib\/#primaryimage"},"thumbnailUrl":"https:\/\/www.meydan.tv\/wp-content\/uploads\/991-ratio-pensioner-pari-pensiia-bankomat.jpg","articleSection":["Sosial"],"inLanguage":"az"},{"@type":"WebPage","@id":"https:\/\/www.meydan.tv\/az\/article\/nemet-eliyev-hokumet-pensiyacilarin-hesabina-1-milyard-manat-qenaet-edib\/","url":"https:\/\/www.meydan.tv\/az\/article\/nemet-eliyev-hokumet-pensiyacilarin-hesabina-1-milyard-manat-qenaet-edib\/","name":"Nem\u0259t \u018fliyev: H\u00f6kum\u0259t pensiya\u00e7\u0131lar\u0131n hesab\u0131na 1 milyard manat q\u0259na\u0259t edib - MEYDAN.TV","isPartOf":{"@id":"https:\/\/www.meydan.tv\/az\/#website"},"primaryImageOfPage":{"@id":"https:\/\/www.meydan.tv\/az\/article\/nemet-eliyev-hokumet-pensiyacilarin-hesabina-1-milyard-manat-qenaet-edib\/#primaryimage"},"image":{"@id":"https:\/\/www.meydan.tv\/az\/article\/nemet-eliyev-hokumet-pensiyacilarin-hesabina-1-milyard-manat-qenaet-edib\/#primaryimage"},"thumbnailUrl":"https:\/\/www.meydan.tv\/wp-content\/uploads\/991-ratio-pensioner-pari-pensiia-bankomat.jpg","datePublished":"2021-02-02T13:29:50+00:00","breadcrumb":{"@id":"https:\/\/www.meydan.tv\/az\/article\/nemet-eliyev-hokumet-pensiyacilarin-hesabina-1-milyard-manat-qenaet-edib\/#breadcrumb"},"inLanguage":"az","potentialAction":[{"@type":"ReadAction","target":["https:\/\/www.meydan.tv\/az\/article\/nemet-eliyev-hokumet-pensiyacilarin-hesabina-1-milyard-manat-qenaet-edib\/"]}]},{"@type":"ImageObject","inLanguage":"az","@id":"https:\/\/www.meydan.tv\/az\/article\/nemet-eliyev-hokumet-pensiyacilarin-hesabina-1-milyard-manat-qenaet-edib\/#primaryimage","url":"https:\/\/www.meydan.tv\/wp-content\/uploads\/991-ratio-pensioner-pari-pensiia-bankomat.jpg","contentUrl":"https:\/\/www.meydan.tv\/wp-content\/uploads\/991-ratio-pensioner-pari-pensiia-bankomat.jpg","width":991,"height":660,"caption":"Source: Google"},{"@type":"BreadcrumbList","@id":"https:\/\/www.meydan.tv\/az\/article\/nemet-eliyev-hokumet-pensiyacilarin-hesabina-1-milyard-manat-qenaet-edib\/#breadcrumb","itemListElement":[{"@type":"ListItem","position":1,"name":"Ana s\u0259hif\u0259","item":"https:\/\/www.meydan.tv\/az\/"},{"@type":"ListItem","position":2,"name":"Sosial","item":"https:\/\/www.meydan.tv\/az\/section\/sosial\/"},{"@type":"ListItem","position":3,"name":"Nem\u0259t \u018fliyev: H\u00f6kum\u0259t pensiya\u00e7\u0131lar\u0131n hesab\u0131na 1 milyard manat q\u0259na\u0259t edib"}]},{"@type":"WebSite","@id":"https:\/\/www.meydan.tv\/az\/#website","url":"https:\/\/www.meydan.tv\/az\/","name":"MEYDAN.TV","description":"Meydan TV Az\u0259rbaycan\u0131n media m\u0259kan\u0131ndak\u0131 alternativ s\u0259sidir","publisher":{"@id":"https:\/\/www.meydan.tv\/az\/#organization"},"potentialAction":[{"@type":"SearchAction","target":{"@type":"EntryPoint","urlTemplate":"https:\/\/www.meydan.tv\/az\/?s={search_term_string}"},"query-input":{"@type":"PropertyValueSpecification","valueRequired":true,"valueName":"search_term_string"}}],"inLanguage":"az"},{"@type":"Organization","@id":"https:\/\/www.meydan.tv\/az\/#organization","name":"Meydan TV","url":"https:\/\/www.meydan.tv\/az\/","logo":{"@type":"ImageObject","inLanguage":"az","@id":"https:\/\/www.meydan.tv\/az\/#\/schema\/logo\/image\/","url":"https:\/\/www.meydan.tv\/wp-content\/uploads\/2021\/07\/meydan-logo.svg","contentUrl":"https:\/\/www.meydan.tv\/wp-content\/uploads\/2021\/07\/meydan-logo.svg","width":195,"height":46,"caption":"Meydan TV"},"image":{"@id":"https:\/\/www.meydan.tv\/az\/#\/schema\/logo\/image\/"}},{"@type":"Person","@id":"https:\/\/www.meydan.tv\/az\/#\/schema\/person\/10d11eccf6da3662cf5fdab9806ea91a","name":"user-manager"}]}},"_links":{"self":[{"href":"https:\/\/www.meydan.tv\/az\/wp-json\/wp\/v2\/posts\/204786","targetHints":{"allow":["GET"]}}],"collection":[{"href":"https:\/\/www.meydan.tv\/az\/wp-json\/wp\/v2\/posts"}],"about":[{"href":"https:\/\/www.meydan.tv\/az\/wp-json\/wp\/v2\/types\/post"}],"author":[{"embeddable":true,"href":"https:\/\/www.meydan.tv\/az\/wp-json\/wp\/v2\/users\/11"}],"replies":[{"embeddable":true,"href":"https:\/\/www.meydan.tv\/az\/wp-json\/wp\/v2\/comments?post=204786"}],"version-history":[{"count":0,"href":"https:\/\/www.meydan.tv\/az\/wp-json\/wp\/v2\/posts\/204786\/revisions"}],"wp:featuredmedia":[{"embeddable":true,"href":"https:\/\/www.meydan.tv\/az\/wp-json\/wp\/v2\/media\/132536"}],"wp:attachment":[{"href":"https:\/\/www.meydan.tv\/az\/wp-json\/wp\/v2\/media?parent=204786"}],"wp:term":[{"taxonomy":"category","embeddable":true,"href":"https:\/\/www.meydan.tv\/az\/wp-json\/wp\/v2\/categories?post=204786"},{"taxonomy":"post_tag","embeddable":true,"href":"https:\/\/www.meydan.tv\/az\/wp-json\/wp\/v2\/tags?post=204786"}],"curies":[{"name":"wp","href":"https:\/\/api.w.org\/{rel}","templated":true}]}}