{"id":204774,"date":"2021-02-01T20:13:22","date_gmt":"2021-02-01T20:13:22","guid":{"rendered":"https:\/\/www.meydan.tv\/article\/qarabag-qazisinin-ailesi-icra-hakimiyyetinden-150-manat-verende-dediler-ki-hokumetin-yalniz-buna-gucu-catir\/"},"modified":"2021-02-01T20:13:22","modified_gmt":"2021-02-01T20:13:22","slug":"qarabag-qazisinin-ailesi-icra-hakimiyyetinden-150-manat-verende-dediler-ki-hokumetin-yalniz-buna-gucu-catir","status":"publish","type":"post","link":"https:\/\/www.meydan.tv\/az\/article\/qarabag-qazisinin-ailesi-icra-hakimiyyetinden-150-manat-verende-dediler-ki-hokumetin-yalniz-buna-gucu-catir\/","title":{"rendered":"Qaraba\u011f qazisinin ail\u0259si: \u0130cra Hakimiyy\u0259tind\u0259n 150 manat ver\u0259nd\u0259 dedil\u0259r ki, h\u00f6kum\u0259tin yaln\u0131z buna g\u00fcc\u00fc \u00e7at\u0131r"},"content":{"rendered":"<p>\n  <i><br \/>\n    \u201cG\u0259l\u0259nl\u0259r d\u0259 s\u00f6hb\u0259t el\u0259yir, \u015f\u0259kil \u00e7\u0259kib gedirl\u0259r\u201d<br \/>\n  <\/i>\n<\/p>\n<p>\n  Orduya k\u00f6n\u00fcll\u00fc yaz\u0131lan \u018fli \u018fliyev oktyabr\u0131n 2-d\u0259 a\u011f\u0131r yaralan\u0131b. Sabirabad sakininin ayaqlar\u0131 s\u0131radan \u00e7\u0131x\u0131b, o, h\u0259r\u0259k\u0259t qabiliyy\u0259tini itirib.\n<\/p>\n<p>\n  <b><br \/>\n    \u201cD\u00f6rd ay olacaq ki, x\u0259st\u0259xanalardad\u0131r\u201d<br \/>\n  <\/b>\n<\/p>\n<p>\n  \u018fli \u018fliyev yaralanandan sonra Bak\u0131dak\u0131 H\u0259rbi hospitala g\u0259tirilib. Burada v\u0259ziyy\u0259tinin \u00e7ox a\u011f\u0131r oldu\u011fu m\u00fc\u0259yy\u0259nl\u0259\u015f\u0259nd\u0259 onu G\u00f6rmr\u00fck hospital\u0131na k\u00f6\u00e7\u00fcr\u00fcbl\u0259r. Yaral\u0131n\u0131n qarda\u015f\u0131 \u015eahsuvar \u018fliyev deyir ki, h\u0259min x\u0259st\u0259xana koronavirusa g\u00f6r\u0259 ba\u011fland\u0131\u011f\u0131ndan \u018flinin T\u0259dris C\u0259rrahiyy\u0259 Klinikas\u0131na g\u00f6nd\u0259ribl\u0259r.\n<\/p>\n<p>\n  \u201cSentyabr\u0131n 21-d\u0259 aparm\u0131\u015fd\u0131lar. Sabirabaddan d\u00f6y\u00fc\u015f\u0259 yollanan ilk 65 n\u0259f\u0259rin aras\u0131nda qarda\u015f\u0131m da olub. F\u0259q\u0259r\u0259 s\u00fcm\u00fcy\u00fc s\u0131n\u0131b. Ayaqlar\u0131n\u0131n \u0259ti tamamil\u0259 da\u011f\u0131lm\u0131\u015fd\u0131. V\u0259ziyy\u0259ti indi d\u0259 sabit deyil\u201d.\n<\/p>\n<p>\n  \u018fli \u018fliyev Rusiyada i\u015fl\u0259yirmi\u015f. Amma oradan Az\u0259rbaycana qay\u0131daraq orduya k\u00f6n\u00fcll\u00fc yaz\u0131lmaq q\u0259rar\u0131 verib. Anas\u0131 M\u0259tan\u0259t \u018fliyeva deyir ki, \u018fli d\u00f6y\u00fc\u015fl\u0259r\u0259 yollanmaq \u00fc\u00e7\u00fcn d\u00f6rd d\u0259f\u0259 \u0259riz\u0259 yaz\u0131b.\n<\/p>\n<p>\n  \u201cKrasnodar \u015f\u0259h\u0259rind\u0259, \u00c7e\u00e7enistanda, Da\u011f\u0131standa i\u015fl\u0259yib. Sonra d\u00f6y\u00fc\u015fl\u0259r\u0259 g\u00f6r\u0259 qay\u0131td\u0131. D\u00f6rd ay olacaq ki, x\u0259st\u0259xanalardad\u0131r. \u00dcz\u00fcn\u00fc o g\u00fcnl\u0259rd\u0259 g\u00f6rm\u00fc\u015f\u00fck. Yan\u0131na buraxm\u0131rd\u0131lar\u201d.\n<\/p>\n<figure class=\"wp-block-image size-large\">\n  <img decoding=\"async\" src=\"https:\/\/www.meydan.tv\/az\/untitled-design-11-png-7\/\" alt=\"Untitled design (11).png\" class=\"wp-image-155691\"\/><figcaption>\n    Sabirabad sakininin ayaqlar\u0131 s\u0131radan \u00e7\u0131x\u0131b, o, h\u0259r\u0259k\u0259t qabiliyy\u0259tini itirib.<br \/>\n  <\/figcaption><\/figure>\n<p>\n  <b><br \/>\n    \u201cU\u015faqlar\u0131m indiy\u0259 q\u0259d\u0259r h\u00f6kum\u0259td\u0259n 5 manat da g\u00f6rm\u0259yib\u201d<br \/>\n  <\/b>\n<\/p>\n<p>\n  M\u0259tan\u0259t \u018fliyeva deyir ki, ail\u0259ni m\u0259hz \u018fli doland\u0131r\u0131rm\u0131\u015f. Son vaxtlar ya\u015fad\u0131qlar\u0131 m\u0259nzili t\u0259mir etdirm\u0259k q\u0259rar\u0131na g\u0259libl\u0259r. Amma \u018flinin yaralanmas\u0131 h\u0259r \u015feyi yar\u0131m\u00e7\u0131q qoyub.\n<\/p>\n<p>\n  \u201cEvi s\u00f6k\u00fcb-t\u00f6km\u00fc\u015f\u00fck. Daha d\u00fcz\u0259ld\u0259 bilmirik. D\u0259f\u0259l\u0259rl\u0259 Sabirabad Rayon \u0130cra Hakimiyy\u0259tin\u0259 getmi\u015f\u0259m. \u0130cra ba\u015f\u00e7\u0131s\u0131 q\u0259bul el\u0259m\u0259yib. \u00dcmumiyy\u0259tl\u0259, h\u00f6kum\u0259tin biz\u0259 he\u00e7 bir k\u00f6m\u0259yi yoxdur. \u0130cra hakimiyy\u0259tind\u0259n c\u0259mi 150 manat veribl\u0259r. Onu da \u0259vv\u0259lc\u0259 g\u00f6t\u00fcrm\u0259mi\u015fdik. Ac\u0131\u011fa d\u00fc\u015f\u00fcb \u00fcstl\u0259rin\u0259 atm\u0131\u015fd\u0131q. \u018flb\u0259tt\u0259, \u00f6vlad\u0131m\u0131zd\u0131, arxas\u0131nca getm\u0259liyik. Amma o pul he\u00e7 bu q\u0259d\u0259r yol x\u0259rcini g\u00f6rm\u00fcr. Sonradan u\u015faq dedi ki, yatd\u0131\u011f\u0131 yerd\u0259 n\u0259 televizor var, n\u0259 internet, \u00fcr\u0259yi partlay\u0131r. M\u0259cbur olub 150 manat\u0131 g\u00f6t\u00fcrd\u00fck ki, u\u015fa\u011f\u0131n interneti olsun\u201d.\n<\/p>\n<p>\n  \u018flinin anas\u0131 ev\u0259 pul g\u0259lm\u0259diyini bildirir. Ail\u0259nin sosial yard\u0131m almaq c\u0259hdi d\u0259 u\u011fursuz olub.\n<\/p>\n<p>\n  \u201c\u00dc\u00e7 \u00f6vlad\u0131m var, indiy\u0259 q\u0259d\u0259r onlar h\u00f6kum\u0259td\u0259n 5 manat da g\u00f6rm\u0259yib. M\u0259nim u\u015faqlar\u0131m mis y\u0131\u011f\u0131b sataraq ev\u0259 pul g\u0259tirm\u0259y\u0259 \u00e7al\u0131\u015f\u0131blar. Amma bir q\u0259pik d\u0259 g\u00f6rm\u0259mi\u015fik. Hans\u0131sa m\u00fcavin\u0259t \u00fc\u00e7\u00fcn r\u00fc\u015fv\u0259t ist\u0259yibl\u0259r, verm\u0259mi\u015fik, ona g\u00f6r\u0259 d\u0259 yard\u0131m almam\u0131\u015f\u0131q\u201d.\n<\/p>\n<figure class=\"wp-block-image size-large\">\n  <img decoding=\"async\" src=\"https:\/\/www.meydan.tv\/az\/untitled-design-10-png-7\/\" alt=\"Untitled design (10).png\" class=\"wp-image-155688\"\/><figcaption>\n    M\u0259tan\u0259t \u018fliyeva deyir ki, ail\u0259ni m\u0259hz \u018fli doland\u0131r\u0131rm\u0131\u015f.<br \/>\n  <\/figcaption><\/figure>\n<p>\n  <b><br \/>\n    \u201cDedil\u0259r ki, h\u00f6kum\u0259tin 150 manata g\u00fcc\u00fc \u00e7at\u0131r\u201d<br \/>\n  <\/b>\n<\/p>\n<p>\n  \u018fli h\u0259l\u0259 m\u00fcharib\u0259d\u0259n \u0259vv\u0259l ni\u015fanlan\u0131bm\u0131\u015f. M\u0259tan\u0259t xan\u0131m ke\u00e7\u0259n il toya m\u00fc\u0259yy\u0259n haz\u0131rl\u0131q g\u00f6rd\u00fckl\u0259rini deyir. Amma o\u011flunun yaralanmas\u0131 h\u0259r \u015feyi alt-\u00fcst edib.\n<\/p>\n<p>\n  \u201c\u0130ki-\u00fc\u00e7 qoyun alm\u0131\u015fd\u0131q ki, tol el\u0259y\u0259nd\u0259 laz\u0131m olacaq. O heyvanlar\u0131 da satm\u0131\u015f\u0131q. Evimiz b\u0259rbad g\u00fcnd\u0259, adam g\u0259lir, x\u0259cal\u0259t \u00e7\u0259kirs\u0259n. M\u0259nim prezidentd\u0259n naraz\u0131l\u0131g\u0306\u0131m yoxdur. O, yaxs\u0327\u0131 qaydalar qoyur, go\u0308st\u0259ris\u0327l\u0259r verir, \u00e7ox sa\u011f olsun. T\u0259\u0259ssu\u0308f ki, \u0259trafdak\u0131lar onun dedikl\u0259rin\u0259 \u0259m\u0259l el\u0259mirl\u0259r. M\u0259nim naraz\u0131l\u0131\u011f\u0131m m\u0259murlardand\u0131r\u201d.\n<\/p>\n<p>\n  \u015eahsuvar \u018fliyev anas\u0131n\u0131n fikrini davam etdirir. Qaraba\u011f qazisinin qarda\u015f\u0131 deyir ki, d\u00f6vl\u0259t orqanlar\u0131ndan ail\u0259y\u0259 ba\u015f \u00e7\u0259k\u0259nl\u0259r yaln\u0131z quru v\u0259d verm\u0259yi bacar\u0131r:\n<\/p>\n<p>\n  \u201cM\u00fcraci\u0259t el\u0259m\u0259diyimiz yer qalmay\u0131b. Ev bu g\u00fcnd\u0259. Qarda\u015f\u0131m\u0131n qazanc\u0131na arxay\u0131n idik. O da bu v\u0259ziyy\u0259t\u0259 qald\u0131. He\u00e7 bilm\u0259k olmur ev\u0259 n\u0259 vaxt buraxacaqlar. G\u0259l\u0259nl\u0259r d\u0259 s\u00f6hb\u0259t el\u0259yir, \u015f\u0259kil \u00e7\u0259kib gedirl\u0259r. Yalandan dan\u0131\u015f\u0131b getm\u0259yi bilirl\u0259r. \u201cBravo\u201d qutu g\u0259tirmi\u015fdi, uza\u011f\u0131 27-28 manatl\u0131q \u0259rzaq. \u0130cra Hakimiyy\u0259tind\u0259n 150 manat ver\u0259nd\u0259 dedil\u0259r ki, h\u00f6kum\u0259tin yaln\u0131z buna g\u00fcc\u00fc \u00e7at\u0131r&#x27;&#x27;.\n<\/p>\n<figure class=\"wp-block-image size-large\">\n  <img decoding=\"async\" src=\"https:\/\/www.meydan.tv\/az\/untitled_design_12_og986s4\/\" alt=\"untitled_design_12_og986s4\" class=\"wp-image-155694\"\/><figcaption>\n    Son vaxtlar ya\u015fad\u0131qlar\u0131 m\u0259nzili t\u0259mir etdirm\u0259k q\u0259rar\u0131na g\u0259libl\u0259r.<br \/>\n  <\/figcaption><\/figure>\n<p>\n  \u015eahsuvar \u018fliyev deyir ki, qarda\u015f\u0131 Rusiyada ya\u015fayanda ail\u0259 yax\u015f\u0131 dolan\u0131rm\u0131\u015f, korluq \u00e7\u0259km\u0259yibl\u0259r. \u0130ndi \u0259n adi qay\u011f\u0131lar\u0131n \u00f6hd\u0259sind\u0259n g\u0259l\u0259 bilmirl\u0259r:\n<\/p>\n<p>\n  \u201cBiz be\u015finci m\u0259rt\u0259b\u0259d\u0259 ya\u015fay\u0131r\u0131q. Qarda\u015f\u0131m\u0131 yaln\u0131z qucaqda idar\u0259 el\u0259m\u0259k m\u00fcmk\u00fcnd\u00fcr. H\u00f6kum\u0259t onun \u00f6z\u00fcn\u0259 bir ev vers\u0259, yax\u015f\u0131 olard\u0131. Bina evind\u0259 onun yuxar\u0131 qalma\u011f\u0131, a\u015fa\u011f\u0131 d\u00fc\u015fm\u0259yi \u00e7ox \u00e7\u0259tin g\u00f6r\u00fcn\u00fcr. G\u0259lib burda ba\u011fr\u0131 \u00e7atlayacaq\u201d.\n<\/p>\n<p>\n  Sabirabad Rayon \u0130cra Hakimiyy\u0259tind\u0259n Meydan TV-y\u0259 bildirilib ki, bu qurum \u015f\u0259hid ail\u0259l\u0259rin\u0259, Qaraba\u011f d\u00f6y\u00fc\u015fl\u0259rind\u0259 yaralananlar\u0131n ail\u0259l\u0259rin\u0259 \u0259lind\u0259n g\u0259l\u0259n yard\u0131m\u0131 g\u00f6st\u0259rm\u0259y\u0259 \u00e7al\u0131\u015f\u0131r.\n<\/p>\n<figure class=\"wp-block-image size-large\">\n  <img decoding=\"async\" src=\"https:\/\/www.meydan.tv\/az\/untitled-design-13-png-4\/\" alt=\"Untitled design (13).png\" class=\"wp-image-155697\"\/><figcaption>\n    &#8221; Daha d\u00fcz\u0259ld\u0259 bilmirik&#8221;<br \/>\n  <\/figcaption><\/figure>\n","protected":false},"excerpt":{"rendered":"<p>M\u0259tan\u0259t xan\u0131m ke\u00e7\u0259n il toya m\u00fc\u0259yy\u0259n haz\u0131rl\u0131q g\u00f6rd\u00fckl\u0259rini deyir.<\/p>\n","protected":false},"author":11,"featured_media":155685,"comment_status":"closed","ping_status":"open","sticky":false,"template":"","format":"standard","meta":{"_acf_changed":false,"_sitemap_exclude":false,"_sitemap_priority":"","_sitemap_frequency":"","footnotes":""},"categories":[60],"tags":[],"class_list":["post-204774","post","type-post","status-publish","format-standard","has-post-thumbnail","hentry","category-bolge","infinite-scroll-item","generate-columns","tablet-grid-50","mobile-grid-100","grid-parent","grid-33","no-featured-image-padding"],"acf":[],"yoast_head":"<!-- This site is optimized with the Yoast SEO plugin v27.5 - https:\/\/yoast.com\/product\/yoast-seo-wordpress\/ -->\n<title>Qaraba\u011f qazisinin ail\u0259si: \u0130cra Hakimiyy\u0259tind\u0259n 150 manat ver\u0259nd\u0259 dedil\u0259r ki, h\u00f6kum\u0259tin yaln\u0131z buna g\u00fcc\u00fc \u00e7at\u0131r - MEYDAN.TV<\/title>\n<meta name=\"robots\" content=\"index, follow, max-snippet:-1, max-image-preview:large, max-video-preview:-1\" \/>\n<link rel=\"canonical\" href=\"https:\/\/www.meydan.tv\/az\/article\/qarabag-qazisinin-ailesi-icra-hakimiyyetinden-150-manat-verende-dediler-ki-hokumetin-yalniz-buna-gucu-catir\/\" \/>\n<meta property=\"og:locale\" content=\"az_AZ\" \/>\n<meta property=\"og:type\" content=\"article\" \/>\n<meta property=\"og:title\" content=\"Qaraba\u011f qazisinin ail\u0259si: \u0130cra Hakimiyy\u0259tind\u0259n 150 manat ver\u0259nd\u0259 dedil\u0259r ki, h\u00f6kum\u0259tin yaln\u0131z buna g\u00fcc\u00fc \u00e7at\u0131r - MEYDAN.TV\" \/>\n<meta property=\"og:description\" content=\"M\u0259tan\u0259t xan\u0131m ke\u00e7\u0259n il toya m\u00fc\u0259yy\u0259n haz\u0131rl\u0131q g\u00f6rd\u00fckl\u0259rini deyir.\" \/>\n<meta property=\"og:url\" content=\"https:\/\/www.meydan.tv\/az\/article\/qarabag-qazisinin-ailesi-icra-hakimiyyetinden-150-manat-verende-dediler-ki-hokumetin-yalniz-buna-gucu-catir\/\" \/>\n<meta property=\"og:site_name\" content=\"MEYDAN.TV\" \/>\n<meta property=\"article:published_time\" content=\"2021-02-01T20:13:22+00:00\" \/>\n<meta property=\"og:image\" content=\"https:\/\/www.meydan.tv\/wp-content\/uploads\/untitled_design_9_yhqdlhq.png\" \/>\n\t<meta property=\"og:image:width\" content=\"1920\" \/>\n\t<meta property=\"og:image:height\" content=\"1080\" \/>\n\t<meta property=\"og:image:type\" content=\"image\/png\" \/>\n<meta name=\"author\" content=\"user-manager\" \/>\n<meta name=\"twitter:card\" content=\"summary_large_image\" \/>\n<script type=\"application\/ld+json\" class=\"yoast-schema-graph\">{\"@context\":\"https:\\\/\\\/schema.org\",\"@graph\":[{\"@type\":\"Article\",\"@id\":\"https:\\\/\\\/www.meydan.tv\\\/az\\\/article\\\/qarabag-qazisinin-ailesi-icra-hakimiyyetinden-150-manat-verende-dediler-ki-hokumetin-yalniz-buna-gucu-catir\\\/#article\",\"isPartOf\":{\"@id\":\"https:\\\/\\\/www.meydan.tv\\\/az\\\/article\\\/qarabag-qazisinin-ailesi-icra-hakimiyyetinden-150-manat-verende-dediler-ki-hokumetin-yalniz-buna-gucu-catir\\\/\"},\"author\":{\"name\":\"user-manager\",\"@id\":\"https:\\\/\\\/www.meydan.tv\\\/az\\\/#\\\/schema\\\/person\\\/10d11eccf6da3662cf5fdab9806ea91a\"},\"headline\":\"Qaraba\u011f qazisinin ail\u0259si: \u0130cra Hakimiyy\u0259tind\u0259n 150 manat ver\u0259nd\u0259 dedil\u0259r ki, h\u00f6kum\u0259tin yaln\u0131z buna g\u00fcc\u00fc \u00e7at\u0131r\",\"datePublished\":\"2021-02-01T20:13:22+00:00\",\"mainEntityOfPage\":{\"@id\":\"https:\\\/\\\/www.meydan.tv\\\/az\\\/article\\\/qarabag-qazisinin-ailesi-icra-hakimiyyetinden-150-manat-verende-dediler-ki-hokumetin-yalniz-buna-gucu-catir\\\/\"},\"wordCount\":959,\"publisher\":{\"@id\":\"https:\\\/\\\/www.meydan.tv\\\/az\\\/#organization\"},\"image\":{\"@id\":\"https:\\\/\\\/www.meydan.tv\\\/az\\\/article\\\/qarabag-qazisinin-ailesi-icra-hakimiyyetinden-150-manat-verende-dediler-ki-hokumetin-yalniz-buna-gucu-catir\\\/#primaryimage\"},\"thumbnailUrl\":\"https:\\\/\\\/www.meydan.tv\\\/wp-content\\\/uploads\\\/untitled_design_9_yhqdlhq.png\",\"articleSection\":[\"B\u00f6lg\u0259\"],\"inLanguage\":\"az\"},{\"@type\":\"WebPage\",\"@id\":\"https:\\\/\\\/www.meydan.tv\\\/az\\\/article\\\/qarabag-qazisinin-ailesi-icra-hakimiyyetinden-150-manat-verende-dediler-ki-hokumetin-yalniz-buna-gucu-catir\\\/\",\"url\":\"https:\\\/\\\/www.meydan.tv\\\/az\\\/article\\\/qarabag-qazisinin-ailesi-icra-hakimiyyetinden-150-manat-verende-dediler-ki-hokumetin-yalniz-buna-gucu-catir\\\/\",\"name\":\"Qaraba\u011f qazisinin ail\u0259si: \u0130cra Hakimiyy\u0259tind\u0259n 150 manat ver\u0259nd\u0259 dedil\u0259r ki, h\u00f6kum\u0259tin yaln\u0131z buna g\u00fcc\u00fc \u00e7at\u0131r - MEYDAN.TV\",\"isPartOf\":{\"@id\":\"https:\\\/\\\/www.meydan.tv\\\/az\\\/#website\"},\"primaryImageOfPage\":{\"@id\":\"https:\\\/\\\/www.meydan.tv\\\/az\\\/article\\\/qarabag-qazisinin-ailesi-icra-hakimiyyetinden-150-manat-verende-dediler-ki-hokumetin-yalniz-buna-gucu-catir\\\/#primaryimage\"},\"image\":{\"@id\":\"https:\\\/\\\/www.meydan.tv\\\/az\\\/article\\\/qarabag-qazisinin-ailesi-icra-hakimiyyetinden-150-manat-verende-dediler-ki-hokumetin-yalniz-buna-gucu-catir\\\/#primaryimage\"},\"thumbnailUrl\":\"https:\\\/\\\/www.meydan.tv\\\/wp-content\\\/uploads\\\/untitled_design_9_yhqdlhq.png\",\"datePublished\":\"2021-02-01T20:13:22+00:00\",\"breadcrumb\":{\"@id\":\"https:\\\/\\\/www.meydan.tv\\\/az\\\/article\\\/qarabag-qazisinin-ailesi-icra-hakimiyyetinden-150-manat-verende-dediler-ki-hokumetin-yalniz-buna-gucu-catir\\\/#breadcrumb\"},\"inLanguage\":\"az\",\"potentialAction\":[{\"@type\":\"ReadAction\",\"target\":[\"https:\\\/\\\/www.meydan.tv\\\/az\\\/article\\\/qarabag-qazisinin-ailesi-icra-hakimiyyetinden-150-manat-verende-dediler-ki-hokumetin-yalniz-buna-gucu-catir\\\/\"]}]},{\"@type\":\"ImageObject\",\"inLanguage\":\"az\",\"@id\":\"https:\\\/\\\/www.meydan.tv\\\/az\\\/article\\\/qarabag-qazisinin-ailesi-icra-hakimiyyetinden-150-manat-verende-dediler-ki-hokumetin-yalniz-buna-gucu-catir\\\/#primaryimage\",\"url\":\"https:\\\/\\\/www.meydan.tv\\\/wp-content\\\/uploads\\\/untitled_design_9_yhqdlhq.png\",\"contentUrl\":\"https:\\\/\\\/www.meydan.tv\\\/wp-content\\\/uploads\\\/untitled_design_9_yhqdlhq.png\",\"width\":1920,\"height\":1080,\"caption\":\"Source: Specify Source\"},{\"@type\":\"BreadcrumbList\",\"@id\":\"https:\\\/\\\/www.meydan.tv\\\/az\\\/article\\\/qarabag-qazisinin-ailesi-icra-hakimiyyetinden-150-manat-verende-dediler-ki-hokumetin-yalniz-buna-gucu-catir\\\/#breadcrumb\",\"itemListElement\":[{\"@type\":\"ListItem\",\"position\":1,\"name\":\"Ana s\u0259hif\u0259\",\"item\":\"https:\\\/\\\/www.meydan.tv\\\/az\\\/\"},{\"@type\":\"ListItem\",\"position\":2,\"name\":\"B\u00f6lg\u0259\",\"item\":\"https:\\\/\\\/www.meydan.tv\\\/az\\\/section\\\/bolge\\\/\"},{\"@type\":\"ListItem\",\"position\":3,\"name\":\"Qaraba\u011f qazisinin ail\u0259si: \u0130cra Hakimiyy\u0259tind\u0259n 150 manat ver\u0259nd\u0259 dedil\u0259r ki, h\u00f6kum\u0259tin yaln\u0131z buna g\u00fcc\u00fc \u00e7at\u0131r\"}]},{\"@type\":\"WebSite\",\"@id\":\"https:\\\/\\\/www.meydan.tv\\\/az\\\/#website\",\"url\":\"https:\\\/\\\/www.meydan.tv\\\/az\\\/\",\"name\":\"MEYDAN.TV\",\"description\":\"Meydan TV Az\u0259rbaycan\u0131n media m\u0259kan\u0131ndak\u0131 alternativ s\u0259sidir\",\"publisher\":{\"@id\":\"https:\\\/\\\/www.meydan.tv\\\/az\\\/#organization\"},\"potentialAction\":[{\"@type\":\"SearchAction\",\"target\":{\"@type\":\"EntryPoint\",\"urlTemplate\":\"https:\\\/\\\/www.meydan.tv\\\/az\\\/?s={search_term_string}\"},\"query-input\":{\"@type\":\"PropertyValueSpecification\",\"valueRequired\":true,\"valueName\":\"search_term_string\"}}],\"inLanguage\":\"az\"},{\"@type\":\"Organization\",\"@id\":\"https:\\\/\\\/www.meydan.tv\\\/az\\\/#organization\",\"name\":\"Meydan TV\",\"url\":\"https:\\\/\\\/www.meydan.tv\\\/az\\\/\",\"logo\":{\"@type\":\"ImageObject\",\"inLanguage\":\"az\",\"@id\":\"https:\\\/\\\/www.meydan.tv\\\/az\\\/#\\\/schema\\\/logo\\\/image\\\/\",\"url\":\"https:\\\/\\\/www.meydan.tv\\\/wp-content\\\/uploads\\\/2021\\\/07\\\/meydan-logo.svg\",\"contentUrl\":\"https:\\\/\\\/www.meydan.tv\\\/wp-content\\\/uploads\\\/2021\\\/07\\\/meydan-logo.svg\",\"width\":195,\"height\":46,\"caption\":\"Meydan TV\"},\"image\":{\"@id\":\"https:\\\/\\\/www.meydan.tv\\\/az\\\/#\\\/schema\\\/logo\\\/image\\\/\"}},{\"@type\":\"Person\",\"@id\":\"https:\\\/\\\/www.meydan.tv\\\/az\\\/#\\\/schema\\\/person\\\/10d11eccf6da3662cf5fdab9806ea91a\",\"name\":\"user-manager\"}]}<\/script>\n<!-- \/ Yoast SEO plugin. -->","yoast_head_json":{"title":"Qaraba\u011f qazisinin ail\u0259si: \u0130cra Hakimiyy\u0259tind\u0259n 150 manat ver\u0259nd\u0259 dedil\u0259r ki, h\u00f6kum\u0259tin yaln\u0131z buna g\u00fcc\u00fc \u00e7at\u0131r - MEYDAN.TV","robots":{"index":"index","follow":"follow","max-snippet":"max-snippet:-1","max-image-preview":"max-image-preview:large","max-video-preview":"max-video-preview:-1"},"canonical":"https:\/\/www.meydan.tv\/az\/article\/qarabag-qazisinin-ailesi-icra-hakimiyyetinden-150-manat-verende-dediler-ki-hokumetin-yalniz-buna-gucu-catir\/","og_locale":"az_AZ","og_type":"article","og_title":"Qaraba\u011f qazisinin ail\u0259si: \u0130cra Hakimiyy\u0259tind\u0259n 150 manat ver\u0259nd\u0259 dedil\u0259r ki, h\u00f6kum\u0259tin yaln\u0131z buna g\u00fcc\u00fc \u00e7at\u0131r - MEYDAN.TV","og_description":"M\u0259tan\u0259t xan\u0131m ke\u00e7\u0259n il toya m\u00fc\u0259yy\u0259n haz\u0131rl\u0131q g\u00f6rd\u00fckl\u0259rini deyir.","og_url":"https:\/\/www.meydan.tv\/az\/article\/qarabag-qazisinin-ailesi-icra-hakimiyyetinden-150-manat-verende-dediler-ki-hokumetin-yalniz-buna-gucu-catir\/","og_site_name":"MEYDAN.TV","article_published_time":"2021-02-01T20:13:22+00:00","og_image":[{"width":1920,"height":1080,"url":"https:\/\/www.meydan.tv\/wp-content\/uploads\/untitled_design_9_yhqdlhq.png","type":"image\/png"}],"author":"user-manager","twitter_card":"summary_large_image","schema":{"@context":"https:\/\/schema.org","@graph":[{"@type":"Article","@id":"https:\/\/www.meydan.tv\/az\/article\/qarabag-qazisinin-ailesi-icra-hakimiyyetinden-150-manat-verende-dediler-ki-hokumetin-yalniz-buna-gucu-catir\/#article","isPartOf":{"@id":"https:\/\/www.meydan.tv\/az\/article\/qarabag-qazisinin-ailesi-icra-hakimiyyetinden-150-manat-verende-dediler-ki-hokumetin-yalniz-buna-gucu-catir\/"},"author":{"name":"user-manager","@id":"https:\/\/www.meydan.tv\/az\/#\/schema\/person\/10d11eccf6da3662cf5fdab9806ea91a"},"headline":"Qaraba\u011f qazisinin ail\u0259si: \u0130cra Hakimiyy\u0259tind\u0259n 150 manat ver\u0259nd\u0259 dedil\u0259r ki, h\u00f6kum\u0259tin yaln\u0131z buna g\u00fcc\u00fc \u00e7at\u0131r","datePublished":"2021-02-01T20:13:22+00:00","mainEntityOfPage":{"@id":"https:\/\/www.meydan.tv\/az\/article\/qarabag-qazisinin-ailesi-icra-hakimiyyetinden-150-manat-verende-dediler-ki-hokumetin-yalniz-buna-gucu-catir\/"},"wordCount":959,"publisher":{"@id":"https:\/\/www.meydan.tv\/az\/#organization"},"image":{"@id":"https:\/\/www.meydan.tv\/az\/article\/qarabag-qazisinin-ailesi-icra-hakimiyyetinden-150-manat-verende-dediler-ki-hokumetin-yalniz-buna-gucu-catir\/#primaryimage"},"thumbnailUrl":"https:\/\/www.meydan.tv\/wp-content\/uploads\/untitled_design_9_yhqdlhq.png","articleSection":["B\u00f6lg\u0259"],"inLanguage":"az"},{"@type":"WebPage","@id":"https:\/\/www.meydan.tv\/az\/article\/qarabag-qazisinin-ailesi-icra-hakimiyyetinden-150-manat-verende-dediler-ki-hokumetin-yalniz-buna-gucu-catir\/","url":"https:\/\/www.meydan.tv\/az\/article\/qarabag-qazisinin-ailesi-icra-hakimiyyetinden-150-manat-verende-dediler-ki-hokumetin-yalniz-buna-gucu-catir\/","name":"Qaraba\u011f qazisinin ail\u0259si: \u0130cra Hakimiyy\u0259tind\u0259n 150 manat ver\u0259nd\u0259 dedil\u0259r ki, h\u00f6kum\u0259tin yaln\u0131z buna g\u00fcc\u00fc \u00e7at\u0131r - MEYDAN.TV","isPartOf":{"@id":"https:\/\/www.meydan.tv\/az\/#website"},"primaryImageOfPage":{"@id":"https:\/\/www.meydan.tv\/az\/article\/qarabag-qazisinin-ailesi-icra-hakimiyyetinden-150-manat-verende-dediler-ki-hokumetin-yalniz-buna-gucu-catir\/#primaryimage"},"image":{"@id":"https:\/\/www.meydan.tv\/az\/article\/qarabag-qazisinin-ailesi-icra-hakimiyyetinden-150-manat-verende-dediler-ki-hokumetin-yalniz-buna-gucu-catir\/#primaryimage"},"thumbnailUrl":"https:\/\/www.meydan.tv\/wp-content\/uploads\/untitled_design_9_yhqdlhq.png","datePublished":"2021-02-01T20:13:22+00:00","breadcrumb":{"@id":"https:\/\/www.meydan.tv\/az\/article\/qarabag-qazisinin-ailesi-icra-hakimiyyetinden-150-manat-verende-dediler-ki-hokumetin-yalniz-buna-gucu-catir\/#breadcrumb"},"inLanguage":"az","potentialAction":[{"@type":"ReadAction","target":["https:\/\/www.meydan.tv\/az\/article\/qarabag-qazisinin-ailesi-icra-hakimiyyetinden-150-manat-verende-dediler-ki-hokumetin-yalniz-buna-gucu-catir\/"]}]},{"@type":"ImageObject","inLanguage":"az","@id":"https:\/\/www.meydan.tv\/az\/article\/qarabag-qazisinin-ailesi-icra-hakimiyyetinden-150-manat-verende-dediler-ki-hokumetin-yalniz-buna-gucu-catir\/#primaryimage","url":"https:\/\/www.meydan.tv\/wp-content\/uploads\/untitled_design_9_yhqdlhq.png","contentUrl":"https:\/\/www.meydan.tv\/wp-content\/uploads\/untitled_design_9_yhqdlhq.png","width":1920,"height":1080,"caption":"Source: Specify Source"},{"@type":"BreadcrumbList","@id":"https:\/\/www.meydan.tv\/az\/article\/qarabag-qazisinin-ailesi-icra-hakimiyyetinden-150-manat-verende-dediler-ki-hokumetin-yalniz-buna-gucu-catir\/#breadcrumb","itemListElement":[{"@type":"ListItem","position":1,"name":"Ana s\u0259hif\u0259","item":"https:\/\/www.meydan.tv\/az\/"},{"@type":"ListItem","position":2,"name":"B\u00f6lg\u0259","item":"https:\/\/www.meydan.tv\/az\/section\/bolge\/"},{"@type":"ListItem","position":3,"name":"Qaraba\u011f qazisinin ail\u0259si: \u0130cra Hakimiyy\u0259tind\u0259n 150 manat ver\u0259nd\u0259 dedil\u0259r ki, h\u00f6kum\u0259tin yaln\u0131z buna g\u00fcc\u00fc \u00e7at\u0131r"}]},{"@type":"WebSite","@id":"https:\/\/www.meydan.tv\/az\/#website","url":"https:\/\/www.meydan.tv\/az\/","name":"MEYDAN.TV","description":"Meydan TV Az\u0259rbaycan\u0131n media m\u0259kan\u0131ndak\u0131 alternativ s\u0259sidir","publisher":{"@id":"https:\/\/www.meydan.tv\/az\/#organization"},"potentialAction":[{"@type":"SearchAction","target":{"@type":"EntryPoint","urlTemplate":"https:\/\/www.meydan.tv\/az\/?s={search_term_string}"},"query-input":{"@type":"PropertyValueSpecification","valueRequired":true,"valueName":"search_term_string"}}],"inLanguage":"az"},{"@type":"Organization","@id":"https:\/\/www.meydan.tv\/az\/#organization","name":"Meydan TV","url":"https:\/\/www.meydan.tv\/az\/","logo":{"@type":"ImageObject","inLanguage":"az","@id":"https:\/\/www.meydan.tv\/az\/#\/schema\/logo\/image\/","url":"https:\/\/www.meydan.tv\/wp-content\/uploads\/2021\/07\/meydan-logo.svg","contentUrl":"https:\/\/www.meydan.tv\/wp-content\/uploads\/2021\/07\/meydan-logo.svg","width":195,"height":46,"caption":"Meydan TV"},"image":{"@id":"https:\/\/www.meydan.tv\/az\/#\/schema\/logo\/image\/"}},{"@type":"Person","@id":"https:\/\/www.meydan.tv\/az\/#\/schema\/person\/10d11eccf6da3662cf5fdab9806ea91a","name":"user-manager"}]}},"_links":{"self":[{"href":"https:\/\/www.meydan.tv\/az\/wp-json\/wp\/v2\/posts\/204774","targetHints":{"allow":["GET"]}}],"collection":[{"href":"https:\/\/www.meydan.tv\/az\/wp-json\/wp\/v2\/posts"}],"about":[{"href":"https:\/\/www.meydan.tv\/az\/wp-json\/wp\/v2\/types\/post"}],"author":[{"embeddable":true,"href":"https:\/\/www.meydan.tv\/az\/wp-json\/wp\/v2\/users\/11"}],"replies":[{"embeddable":true,"href":"https:\/\/www.meydan.tv\/az\/wp-json\/wp\/v2\/comments?post=204774"}],"version-history":[{"count":0,"href":"https:\/\/www.meydan.tv\/az\/wp-json\/wp\/v2\/posts\/204774\/revisions"}],"wp:featuredmedia":[{"embeddable":true,"href":"https:\/\/www.meydan.tv\/az\/wp-json\/wp\/v2\/media\/155685"}],"wp:attachment":[{"href":"https:\/\/www.meydan.tv\/az\/wp-json\/wp\/v2\/media?parent=204774"}],"wp:term":[{"taxonomy":"category","embeddable":true,"href":"https:\/\/www.meydan.tv\/az\/wp-json\/wp\/v2\/categories?post=204774"},{"taxonomy":"post_tag","embeddable":true,"href":"https:\/\/www.meydan.tv\/az\/wp-json\/wp\/v2\/tags?post=204774"}],"curies":[{"name":"wp","href":"https:\/\/api.w.org\/{rel}","templated":true}]}}