{"id":204769,"date":"2021-02-01T19:33:13","date_gmt":"2021-02-01T19:33:13","guid":{"rendered":"https:\/\/www.meydan.tv\/article\/10-yasli-qizin-qetli-ile-bagli-yeni-hebs-qerari\/"},"modified":"2021-02-01T19:33:13","modified_gmt":"2021-02-01T19:33:13","slug":"10-yasli-qizin-qetli-ile-bagli-yeni-hebs-qerari","status":"publish","type":"post","link":"https:\/\/www.meydan.tv\/az\/article\/10-yasli-qizin-qetli-ile-bagli-yeni-hebs-qerari\/","title":{"rendered":"10 ya\u015fl\u0131 q\u0131z\u0131n q\u0259tli il\u0259 ba\u011fl\u0131 yeni h\u0259bs q\u0259rar\u0131"},"content":{"rendered":"<p>\n  <i><br \/>\n    V\u0259kil: \u201c\u0130lkin S\u00fcleymanovun bu cinay\u0259t\u0259 aidiyy\u0259ti olmad\u0131\u011f\u0131 a\u00e7\u0131q-a\u015fkard\u0131r\u201d<br \/>\n  <\/i>\n<\/p>\n<p>\n  Tovuz rayonunun Dondar Qu\u015f\u00e7u k\u0259ndind\u0259 10 ya\u015fl\u0131 N\u0259rmin Quliyevan\u0131n itkin d\u00fc\u015fm\u0259si, daha sonra yand\u0131r\u0131lm\u0131\u015f v\u0259ziyy\u0259td\u0259 meyitinin tap\u0131lmas\u0131yla ba\u011fl\u0131 istintaq h\u0259l\u0259 d\u0259 davam edir. Ba\u015f prokuror bu i\u015f \u00fczr\u0259 m\u0259suliyy\u0259t\u0259 c\u0259lb edil\u0259n k\u0259nd sakini \u0130lkin S\u00fcleymanov haqq\u0131nda h\u0259bs-q\u0259timkan t\u0259dbirinin yenid\u0259n uzad\u0131lmas\u0131 \u00fc\u00e7\u00fcn m\u0259hk\u0259m\u0259y\u0259 t\u0259qdimat verib. Fevral\u0131n 1-d\u0259 N\u0259simi Rayon M\u0259hk\u0259m\u0259sind\u0259 t\u0259qdimata bax\u0131l\u0131b v\u0259 \u0130.S\u00fcleymanovun h\u0259bsd\u0259 saxlanma m\u00fcdd\u0259tinin daha d\u00f6rd ay art\u0131r\u0131lmas\u0131 haqda q\u0259rar \u00e7\u0131xar\u0131l\u0131b.\n<\/p>\n<p>\n  \u0130.S\u00fcleymanovun v\u0259kili \u018flibaba Rzayev Meydan TV-y\u0259 bildirib ki, h\u00fcquqlar\u0131n\u0131 m\u00fcdafi\u0259 etdiyi \u015f\u0259xsin h\u0259bsd\u0259 saxlanma m\u00fcdd\u0259tinin art\u0131r\u0131lmas\u0131 \u00fc\u00e7\u00fcn he\u00e7 bir \u0259sas yox idi. M\u0259hk\u0259m\u0259nin q\u0259rar\u0131n\u0131n qanunsuz v\u0259 \u0259sass\u0131z oldu\u011funu dey\u0259n v\u0259kil apelyasiya \u015fikay\u0259ti ver\u0259c\u0259k.\n<\/p>\n<p>\n  V\u0259kil hesab edir ki, istintaq \u0130.S\u00fcleymanovun bu cinay\u0259ti t\u00f6r\u0259tm\u0259sin\u0259 dair s\u00fcbut tapa bilm\u0259diyin\u0259 g\u00f6r\u0259 proses uzad\u0131l\u0131r: \u201cBu i\u015f m\u0259hk\u0259m\u0259y\u0259 g\u00f6nd\u0259ril\u0259nd\u0259 s\u00fcbutlar da ortaya qoyulmal\u0131d\u0131r. \u0130lkin S\u00fcleymanovun bu cinay\u0259ti t\u00f6r\u0259tm\u0259sin\u0259 dair he\u00e7 bir m\u00f6t\u0259b\u0259r s\u00fcbut yoxdur. \u0130stintaq\u0131n uzanmas\u0131n\u0131n s\u0259b\u0259bi d\u0259 budur. B\u0259lk\u0259 d\u0259 fikirl\u0259\u015firl\u0259r ki, proses uzand\u0131qca c\u0259miyy\u0259t, media bu i\u015fi yaddan \u00e7\u0131xaracaq, diqq\u0259t azalacaq\u201d.\n<\/p>\n<p>\n  Dig\u0259r v\u0259kil Murtuz\u0259li Abbasov da N\u0259simi Rayon M\u0259hk\u0259m\u0259sinin q\u0259rar\u0131ndan naraz\u0131 qald\u0131qlar\u0131n\u0131 bildirib: \u201cT\u0259qdimat \u0259sasl\u0131 t\u0259qdimat deyildi. T\u0259\u0259ss\u00fcf ki, m\u0259hk\u0259m\u0259 d\u0259 onu t\u0259min el\u0259di. Halbuki, m\u0259hk\u0259m\u0259 prokurorun t\u0259qdimat\u0131n\u0131n n\u0259 d\u0259r\u0259c\u0259d\u0259 \u0259sasl\u0131 olub-olmad\u0131\u011f\u0131n\u0131 ara\u015fd\u0131rmal\u0131d\u0131r, h\u0259bs m\u00fcdd\u0259tini uzaqmaq \u00fc\u00e7\u00fcn maddi v\u0259 prosessual h\u00fcquqi \u0259saslar\u0131n olub-olmad\u0131\u011f\u0131n\u0131 m\u00fc\u0259yy\u0259nl\u0259\u015fdirm\u0259lidir. Amma m\u0259hk\u0259m\u0259 buna \u0259h\u0259miyy\u0259t vermir, q\u0259rarlar\u0131n\u0131 da \u0259sasland\u0131rm\u0131r. \u0130ndiy\u0259d\u0259k prokuror \u0130lkin S\u00fcleymanovla ba\u011fl\u0131 n\u0259 t\u0259qdimat veribs\u0259, ham\u0131s\u0131 t\u0259min olunub\u201d.\n<\/p>\n<p>\n  V\u0259kil \u0259lav\u0259 edib ki, \u0130.S\u00fcleymanovun azya\u015fl\u0131n\u0131n q\u0259tlin\u0259 aidiyy\u0259ti olmad\u0131\u011f\u0131 a\u00e7\u0131q-a\u015fkar g\u00f6r\u00fcn\u00fcr: \u201cBel\u0259 olan halda, onu niy\u0259 h\u0259bsd\u0259 saxlay\u0131rlar \u2013 bu da ba\u015fqa bir geni\u015f ara\u015fd\u0131rma m\u00f6vzusudur\u201d.\n<\/p>\n<p>\n  10 ya\u015fl\u0131 N.Quliyeva 2019-cu il noyabr\u0131n 21-d\u0259 itkin d\u00fc\u015f\u00fcb. Onun yand\u0131r\u0131lm\u0131\u015f halda meyiti yanvar\u0131n 6-da el\u0259 k\u0259ndd\u0259 tap\u0131l\u0131b.\n<\/p>\n<p>\n  U\u015fa\u011f\u0131n q\u0259tlind\u0259 ittiham olunan 1973-c\u00fc il t\u0259v\u0259ll\u00fcdl\u00fc \u0130.S\u00fcleymanova qar\u015f\u0131 Cinay\u0259t M\u0259c\u0259ll\u0259sinin 120.2.9 (t\u0259qsirkar s\u0327\u0259xs u\u0308c\u0327u\u0308n as\u0327kar sur\u0259td\u0259 ko\u0308m\u0259ksiz adam\u0131 o\u0308ldu\u0308rm\u0259) v\u0259 145.2.3 (yetkinlik yas\u0327\u0131na c\u0327atmayan s\u0327\u0259xsi qanunsuz azadl\u0131qdan m\u0259hrum etm\u0259) madd\u0259l\u0259ri il\u0259 ittiham ir\u0259li su\u0308ru\u0308lu\u0308b.\n<\/p>\n<p>\n  \u0130.S\u00fcleymanov h\u0259bs q\u0259rar\u0131ndan apelyasiya \u015fikay\u0259tin\u0259 bax\u0131landa hakim\u0259 bildirib ki, bu cinay\u0259td\u0259n x\u0259b\u0259rsizdir. Tovuz Rayon Polis \u015e\u00f6b\u0259sind\u0259 d\u00f6rd g\u00fcn i\u015fg\u0259nc\u0259y\u0259 m\u0259ruz qalandan sonra d\u00f6zm\u0259y\u0259r\u0259k, etiraf ifad\u0259sin\u0259 imza at\u0131b.\n<\/p>\n<p>\n  \u0130.S\u00fcleymanovun v\u0259kill\u0259ri ona i\u015fg\u0259nc\u0259 verilm\u0259si, yanvar\u0131n 6-da saxland\u0131\u011f\u0131 halda, i\u015f materiallar\u0131nda tutulma vaxt\u0131n\u0131n 10 yanvar kimi g\u00f6st\u0259rilm\u0259si il\u0259 \u0259laq\u0259dar yerli m\u0259hk\u0259m\u0259l\u0259r\u0259 \u015fikay\u0259t edib. Lakin bu \u015fikay\u0259tl\u0259r t\u0259min olunmad\u0131\u011f\u0131na g\u00f6r\u0259 Avropa \u0130nsan Haqlar\u0131 M\u0259hk\u0259m\u0259sin\u0259 m\u00fcraci\u0259t edibl\u0259r.\n<\/p>\n<p>\n  Ba\u015f Prokurorluq is\u0259 \u0130.S\u00fcleymanova i\u015fg\u0259nc\u0259 verilm\u0259si bar\u0259d\u0259 iddialar\u0131 t\u0259kzib edib.<\/p>\n","protected":false},"excerpt":{"rendered":"<p>\u201cBel\u0259 olan halda, onu niy\u0259 h\u0259bsd\u0259 saxlay\u0131rlar \u2013 bu da ba\u015fqa bir geni\u015f ara\u015fd\u0131rma m\u00f6vzusudur\u201d.<\/p>\n","protected":false},"author":11,"featured_media":135640,"comment_status":"closed","ping_status":"open","sticky":false,"template":"","format":"standard","meta":{"_acf_changed":false,"_sitemap_exclude":false,"_sitemap_priority":"","_sitemap_frequency":"","footnotes":""},"categories":[62],"tags":[],"class_list":["post-204769","post","type-post","status-publish","format-standard","has-post-thumbnail","hentry","category-sosial","infinite-scroll-item","generate-columns","tablet-grid-50","mobile-grid-100","grid-parent","grid-33","no-featured-image-padding"],"acf":[],"yoast_head":"<!-- This site is optimized with the Yoast SEO plugin v27.5 - https:\/\/yoast.com\/product\/yoast-seo-wordpress\/ -->\n<title>10 ya\u015fl\u0131 q\u0131z\u0131n q\u0259tli il\u0259 ba\u011fl\u0131 yeni h\u0259bs q\u0259rar\u0131 - MEYDAN.TV<\/title>\n<meta name=\"robots\" content=\"index, follow, max-snippet:-1, max-image-preview:large, max-video-preview:-1\" \/>\n<link rel=\"canonical\" href=\"https:\/\/www.meydan.tv\/az\/article\/10-yasli-qizin-qetli-ile-bagli-yeni-hebs-qerari\/\" \/>\n<meta property=\"og:locale\" content=\"az_AZ\" \/>\n<meta property=\"og:type\" content=\"article\" \/>\n<meta property=\"og:title\" content=\"10 ya\u015fl\u0131 q\u0131z\u0131n q\u0259tli il\u0259 ba\u011fl\u0131 yeni h\u0259bs q\u0259rar\u0131 - MEYDAN.TV\" \/>\n<meta property=\"og:description\" content=\"\u201cBel\u0259 olan halda, onu niy\u0259 h\u0259bsd\u0259 saxlay\u0131rlar \u2013 bu da ba\u015fqa bir geni\u015f ara\u015fd\u0131rma m\u00f6vzusudur\u201d.\" \/>\n<meta property=\"og:url\" content=\"https:\/\/www.meydan.tv\/az\/article\/10-yasli-qizin-qetli-ile-bagli-yeni-hebs-qerari\/\" \/>\n<meta property=\"og:site_name\" content=\"MEYDAN.TV\" \/>\n<meta property=\"article:published_time\" content=\"2021-02-01T19:33:13+00:00\" \/>\n<meta property=\"og:image\" content=\"https:\/\/www.meydan.tv\/wp-content\/uploads\/copy_of_untitled9_relfwmy.png\" \/>\n\t<meta property=\"og:image:width\" content=\"1000\" \/>\n\t<meta property=\"og:image:height\" content=\"555\" \/>\n\t<meta property=\"og:image:type\" content=\"image\/png\" \/>\n<meta name=\"author\" content=\"user-manager\" \/>\n<meta name=\"twitter:card\" content=\"summary_large_image\" \/>\n<script type=\"application\/ld+json\" class=\"yoast-schema-graph\">{\"@context\":\"https:\\\/\\\/schema.org\",\"@graph\":[{\"@type\":\"Article\",\"@id\":\"https:\\\/\\\/www.meydan.tv\\\/az\\\/article\\\/10-yasli-qizin-qetli-ile-bagli-yeni-hebs-qerari\\\/#article\",\"isPartOf\":{\"@id\":\"https:\\\/\\\/www.meydan.tv\\\/az\\\/article\\\/10-yasli-qizin-qetli-ile-bagli-yeni-hebs-qerari\\\/\"},\"author\":{\"name\":\"user-manager\",\"@id\":\"https:\\\/\\\/www.meydan.tv\\\/az\\\/#\\\/schema\\\/person\\\/10d11eccf6da3662cf5fdab9806ea91a\"},\"headline\":\"10 ya\u015fl\u0131 q\u0131z\u0131n q\u0259tli il\u0259 ba\u011fl\u0131 yeni h\u0259bs q\u0259rar\u0131\",\"datePublished\":\"2021-02-01T19:33:13+00:00\",\"mainEntityOfPage\":{\"@id\":\"https:\\\/\\\/www.meydan.tv\\\/az\\\/article\\\/10-yasli-qizin-qetli-ile-bagli-yeni-hebs-qerari\\\/\"},\"wordCount\":678,\"publisher\":{\"@id\":\"https:\\\/\\\/www.meydan.tv\\\/az\\\/#organization\"},\"image\":{\"@id\":\"https:\\\/\\\/www.meydan.tv\\\/az\\\/article\\\/10-yasli-qizin-qetli-ile-bagli-yeni-hebs-qerari\\\/#primaryimage\"},\"thumbnailUrl\":\"https:\\\/\\\/www.meydan.tv\\\/wp-content\\\/uploads\\\/copy_of_untitled9_relfwmy.png\",\"articleSection\":[\"Sosial\"],\"inLanguage\":\"az\"},{\"@type\":\"WebPage\",\"@id\":\"https:\\\/\\\/www.meydan.tv\\\/az\\\/article\\\/10-yasli-qizin-qetli-ile-bagli-yeni-hebs-qerari\\\/\",\"url\":\"https:\\\/\\\/www.meydan.tv\\\/az\\\/article\\\/10-yasli-qizin-qetli-ile-bagli-yeni-hebs-qerari\\\/\",\"name\":\"10 ya\u015fl\u0131 q\u0131z\u0131n q\u0259tli il\u0259 ba\u011fl\u0131 yeni h\u0259bs q\u0259rar\u0131 - MEYDAN.TV\",\"isPartOf\":{\"@id\":\"https:\\\/\\\/www.meydan.tv\\\/az\\\/#website\"},\"primaryImageOfPage\":{\"@id\":\"https:\\\/\\\/www.meydan.tv\\\/az\\\/article\\\/10-yasli-qizin-qetli-ile-bagli-yeni-hebs-qerari\\\/#primaryimage\"},\"image\":{\"@id\":\"https:\\\/\\\/www.meydan.tv\\\/az\\\/article\\\/10-yasli-qizin-qetli-ile-bagli-yeni-hebs-qerari\\\/#primaryimage\"},\"thumbnailUrl\":\"https:\\\/\\\/www.meydan.tv\\\/wp-content\\\/uploads\\\/copy_of_untitled9_relfwmy.png\",\"datePublished\":\"2021-02-01T19:33:13+00:00\",\"breadcrumb\":{\"@id\":\"https:\\\/\\\/www.meydan.tv\\\/az\\\/article\\\/10-yasli-qizin-qetli-ile-bagli-yeni-hebs-qerari\\\/#breadcrumb\"},\"inLanguage\":\"az\",\"potentialAction\":[{\"@type\":\"ReadAction\",\"target\":[\"https:\\\/\\\/www.meydan.tv\\\/az\\\/article\\\/10-yasli-qizin-qetli-ile-bagli-yeni-hebs-qerari\\\/\"]}]},{\"@type\":\"ImageObject\",\"inLanguage\":\"az\",\"@id\":\"https:\\\/\\\/www.meydan.tv\\\/az\\\/article\\\/10-yasli-qizin-qetli-ile-bagli-yeni-hebs-qerari\\\/#primaryimage\",\"url\":\"https:\\\/\\\/www.meydan.tv\\\/wp-content\\\/uploads\\\/copy_of_untitled9_relfwmy.png\",\"contentUrl\":\"https:\\\/\\\/www.meydan.tv\\\/wp-content\\\/uploads\\\/copy_of_untitled9_relfwmy.png\",\"width\":1000,\"height\":555,\"caption\":\"Source: Foto: Meydan TV\"},{\"@type\":\"BreadcrumbList\",\"@id\":\"https:\\\/\\\/www.meydan.tv\\\/az\\\/article\\\/10-yasli-qizin-qetli-ile-bagli-yeni-hebs-qerari\\\/#breadcrumb\",\"itemListElement\":[{\"@type\":\"ListItem\",\"position\":1,\"name\":\"Ana s\u0259hif\u0259\",\"item\":\"https:\\\/\\\/www.meydan.tv\\\/az\\\/\"},{\"@type\":\"ListItem\",\"position\":2,\"name\":\"Sosial\",\"item\":\"https:\\\/\\\/www.meydan.tv\\\/az\\\/section\\\/sosial\\\/\"},{\"@type\":\"ListItem\",\"position\":3,\"name\":\"10 ya\u015fl\u0131 q\u0131z\u0131n q\u0259tli il\u0259 ba\u011fl\u0131 yeni h\u0259bs q\u0259rar\u0131\"}]},{\"@type\":\"WebSite\",\"@id\":\"https:\\\/\\\/www.meydan.tv\\\/az\\\/#website\",\"url\":\"https:\\\/\\\/www.meydan.tv\\\/az\\\/\",\"name\":\"MEYDAN.TV\",\"description\":\"Meydan TV Az\u0259rbaycan\u0131n media m\u0259kan\u0131ndak\u0131 alternativ s\u0259sidir\",\"publisher\":{\"@id\":\"https:\\\/\\\/www.meydan.tv\\\/az\\\/#organization\"},\"potentialAction\":[{\"@type\":\"SearchAction\",\"target\":{\"@type\":\"EntryPoint\",\"urlTemplate\":\"https:\\\/\\\/www.meydan.tv\\\/az\\\/?s={search_term_string}\"},\"query-input\":{\"@type\":\"PropertyValueSpecification\",\"valueRequired\":true,\"valueName\":\"search_term_string\"}}],\"inLanguage\":\"az\"},{\"@type\":\"Organization\",\"@id\":\"https:\\\/\\\/www.meydan.tv\\\/az\\\/#organization\",\"name\":\"Meydan TV\",\"url\":\"https:\\\/\\\/www.meydan.tv\\\/az\\\/\",\"logo\":{\"@type\":\"ImageObject\",\"inLanguage\":\"az\",\"@id\":\"https:\\\/\\\/www.meydan.tv\\\/az\\\/#\\\/schema\\\/logo\\\/image\\\/\",\"url\":\"https:\\\/\\\/www.meydan.tv\\\/wp-content\\\/uploads\\\/2021\\\/07\\\/meydan-logo.svg\",\"contentUrl\":\"https:\\\/\\\/www.meydan.tv\\\/wp-content\\\/uploads\\\/2021\\\/07\\\/meydan-logo.svg\",\"width\":195,\"height\":46,\"caption\":\"Meydan TV\"},\"image\":{\"@id\":\"https:\\\/\\\/www.meydan.tv\\\/az\\\/#\\\/schema\\\/logo\\\/image\\\/\"}},{\"@type\":\"Person\",\"@id\":\"https:\\\/\\\/www.meydan.tv\\\/az\\\/#\\\/schema\\\/person\\\/10d11eccf6da3662cf5fdab9806ea91a\",\"name\":\"user-manager\"}]}<\/script>\n<!-- \/ Yoast SEO plugin. -->","yoast_head_json":{"title":"10 ya\u015fl\u0131 q\u0131z\u0131n q\u0259tli il\u0259 ba\u011fl\u0131 yeni h\u0259bs q\u0259rar\u0131 - MEYDAN.TV","robots":{"index":"index","follow":"follow","max-snippet":"max-snippet:-1","max-image-preview":"max-image-preview:large","max-video-preview":"max-video-preview:-1"},"canonical":"https:\/\/www.meydan.tv\/az\/article\/10-yasli-qizin-qetli-ile-bagli-yeni-hebs-qerari\/","og_locale":"az_AZ","og_type":"article","og_title":"10 ya\u015fl\u0131 q\u0131z\u0131n q\u0259tli il\u0259 ba\u011fl\u0131 yeni h\u0259bs q\u0259rar\u0131 - MEYDAN.TV","og_description":"\u201cBel\u0259 olan halda, onu niy\u0259 h\u0259bsd\u0259 saxlay\u0131rlar \u2013 bu da ba\u015fqa bir geni\u015f ara\u015fd\u0131rma m\u00f6vzusudur\u201d.","og_url":"https:\/\/www.meydan.tv\/az\/article\/10-yasli-qizin-qetli-ile-bagli-yeni-hebs-qerari\/","og_site_name":"MEYDAN.TV","article_published_time":"2021-02-01T19:33:13+00:00","og_image":[{"width":1000,"height":555,"url":"https:\/\/www.meydan.tv\/wp-content\/uploads\/copy_of_untitled9_relfwmy.png","type":"image\/png"}],"author":"user-manager","twitter_card":"summary_large_image","schema":{"@context":"https:\/\/schema.org","@graph":[{"@type":"Article","@id":"https:\/\/www.meydan.tv\/az\/article\/10-yasli-qizin-qetli-ile-bagli-yeni-hebs-qerari\/#article","isPartOf":{"@id":"https:\/\/www.meydan.tv\/az\/article\/10-yasli-qizin-qetli-ile-bagli-yeni-hebs-qerari\/"},"author":{"name":"user-manager","@id":"https:\/\/www.meydan.tv\/az\/#\/schema\/person\/10d11eccf6da3662cf5fdab9806ea91a"},"headline":"10 ya\u015fl\u0131 q\u0131z\u0131n q\u0259tli il\u0259 ba\u011fl\u0131 yeni h\u0259bs q\u0259rar\u0131","datePublished":"2021-02-01T19:33:13+00:00","mainEntityOfPage":{"@id":"https:\/\/www.meydan.tv\/az\/article\/10-yasli-qizin-qetli-ile-bagli-yeni-hebs-qerari\/"},"wordCount":678,"publisher":{"@id":"https:\/\/www.meydan.tv\/az\/#organization"},"image":{"@id":"https:\/\/www.meydan.tv\/az\/article\/10-yasli-qizin-qetli-ile-bagli-yeni-hebs-qerari\/#primaryimage"},"thumbnailUrl":"https:\/\/www.meydan.tv\/wp-content\/uploads\/copy_of_untitled9_relfwmy.png","articleSection":["Sosial"],"inLanguage":"az"},{"@type":"WebPage","@id":"https:\/\/www.meydan.tv\/az\/article\/10-yasli-qizin-qetli-ile-bagli-yeni-hebs-qerari\/","url":"https:\/\/www.meydan.tv\/az\/article\/10-yasli-qizin-qetli-ile-bagli-yeni-hebs-qerari\/","name":"10 ya\u015fl\u0131 q\u0131z\u0131n q\u0259tli il\u0259 ba\u011fl\u0131 yeni h\u0259bs q\u0259rar\u0131 - MEYDAN.TV","isPartOf":{"@id":"https:\/\/www.meydan.tv\/az\/#website"},"primaryImageOfPage":{"@id":"https:\/\/www.meydan.tv\/az\/article\/10-yasli-qizin-qetli-ile-bagli-yeni-hebs-qerari\/#primaryimage"},"image":{"@id":"https:\/\/www.meydan.tv\/az\/article\/10-yasli-qizin-qetli-ile-bagli-yeni-hebs-qerari\/#primaryimage"},"thumbnailUrl":"https:\/\/www.meydan.tv\/wp-content\/uploads\/copy_of_untitled9_relfwmy.png","datePublished":"2021-02-01T19:33:13+00:00","breadcrumb":{"@id":"https:\/\/www.meydan.tv\/az\/article\/10-yasli-qizin-qetli-ile-bagli-yeni-hebs-qerari\/#breadcrumb"},"inLanguage":"az","potentialAction":[{"@type":"ReadAction","target":["https:\/\/www.meydan.tv\/az\/article\/10-yasli-qizin-qetli-ile-bagli-yeni-hebs-qerari\/"]}]},{"@type":"ImageObject","inLanguage":"az","@id":"https:\/\/www.meydan.tv\/az\/article\/10-yasli-qizin-qetli-ile-bagli-yeni-hebs-qerari\/#primaryimage","url":"https:\/\/www.meydan.tv\/wp-content\/uploads\/copy_of_untitled9_relfwmy.png","contentUrl":"https:\/\/www.meydan.tv\/wp-content\/uploads\/copy_of_untitled9_relfwmy.png","width":1000,"height":555,"caption":"Source: Foto: Meydan TV"},{"@type":"BreadcrumbList","@id":"https:\/\/www.meydan.tv\/az\/article\/10-yasli-qizin-qetli-ile-bagli-yeni-hebs-qerari\/#breadcrumb","itemListElement":[{"@type":"ListItem","position":1,"name":"Ana s\u0259hif\u0259","item":"https:\/\/www.meydan.tv\/az\/"},{"@type":"ListItem","position":2,"name":"Sosial","item":"https:\/\/www.meydan.tv\/az\/section\/sosial\/"},{"@type":"ListItem","position":3,"name":"10 ya\u015fl\u0131 q\u0131z\u0131n q\u0259tli il\u0259 ba\u011fl\u0131 yeni h\u0259bs q\u0259rar\u0131"}]},{"@type":"WebSite","@id":"https:\/\/www.meydan.tv\/az\/#website","url":"https:\/\/www.meydan.tv\/az\/","name":"MEYDAN.TV","description":"Meydan TV Az\u0259rbaycan\u0131n media m\u0259kan\u0131ndak\u0131 alternativ s\u0259sidir","publisher":{"@id":"https:\/\/www.meydan.tv\/az\/#organization"},"potentialAction":[{"@type":"SearchAction","target":{"@type":"EntryPoint","urlTemplate":"https:\/\/www.meydan.tv\/az\/?s={search_term_string}"},"query-input":{"@type":"PropertyValueSpecification","valueRequired":true,"valueName":"search_term_string"}}],"inLanguage":"az"},{"@type":"Organization","@id":"https:\/\/www.meydan.tv\/az\/#organization","name":"Meydan TV","url":"https:\/\/www.meydan.tv\/az\/","logo":{"@type":"ImageObject","inLanguage":"az","@id":"https:\/\/www.meydan.tv\/az\/#\/schema\/logo\/image\/","url":"https:\/\/www.meydan.tv\/wp-content\/uploads\/2021\/07\/meydan-logo.svg","contentUrl":"https:\/\/www.meydan.tv\/wp-content\/uploads\/2021\/07\/meydan-logo.svg","width":195,"height":46,"caption":"Meydan TV"},"image":{"@id":"https:\/\/www.meydan.tv\/az\/#\/schema\/logo\/image\/"}},{"@type":"Person","@id":"https:\/\/www.meydan.tv\/az\/#\/schema\/person\/10d11eccf6da3662cf5fdab9806ea91a","name":"user-manager"}]}},"_links":{"self":[{"href":"https:\/\/www.meydan.tv\/az\/wp-json\/wp\/v2\/posts\/204769","targetHints":{"allow":["GET"]}}],"collection":[{"href":"https:\/\/www.meydan.tv\/az\/wp-json\/wp\/v2\/posts"}],"about":[{"href":"https:\/\/www.meydan.tv\/az\/wp-json\/wp\/v2\/types\/post"}],"author":[{"embeddable":true,"href":"https:\/\/www.meydan.tv\/az\/wp-json\/wp\/v2\/users\/11"}],"replies":[{"embeddable":true,"href":"https:\/\/www.meydan.tv\/az\/wp-json\/wp\/v2\/comments?post=204769"}],"version-history":[{"count":0,"href":"https:\/\/www.meydan.tv\/az\/wp-json\/wp\/v2\/posts\/204769\/revisions"}],"wp:featuredmedia":[{"embeddable":true,"href":"https:\/\/www.meydan.tv\/az\/wp-json\/wp\/v2\/media\/135640"}],"wp:attachment":[{"href":"https:\/\/www.meydan.tv\/az\/wp-json\/wp\/v2\/media?parent=204769"}],"wp:term":[{"taxonomy":"category","embeddable":true,"href":"https:\/\/www.meydan.tv\/az\/wp-json\/wp\/v2\/categories?post=204769"},{"taxonomy":"post_tag","embeddable":true,"href":"https:\/\/www.meydan.tv\/az\/wp-json\/wp\/v2\/tags?post=204769"}],"curies":[{"name":"wp","href":"https:\/\/api.w.org\/{rel}","templated":true}]}}