{"id":204740,"date":"2021-01-31T14:46:21","date_gmt":"2021-01-31T14:46:21","guid":{"rendered":"https:\/\/www.meydan.tv\/article\/salyan-sakini-dunen-40-qepik-pul-tapmirdim-ki-corek-alim\/"},"modified":"2021-01-31T14:46:21","modified_gmt":"2021-01-31T14:46:21","slug":"salyan-sakini-dunen-40-qepik-pul-tapmirdim-ki-corek-alim","status":"publish","type":"post","link":"https:\/\/www.meydan.tv\/az\/article\/salyan-sakini-dunen-40-qepik-pul-tapmirdim-ki-corek-alim\/","title":{"rendered":"Salyan sakini: D\u00fcn\u0259n 40 q\u0259pik pul tapm\u0131rd\u0131m ki, \u00e7\u00f6r\u0259k al\u0131m&#8230;"},"content":{"rendered":"<p>\n  <i><br \/>\n    \u201cO\u011flum gedib K\u00fcr\u00fcn sahilind\u0259n d\u0259mir-d\u00fcm\u00fcr, n\u0259 tap\u0131rsa, toplay\u0131r, sat\u0131r, \u00e7\u00f6r\u0259k al\u0131r\u0131q\u201d<br \/>\n  <\/i>\n<\/p>\n<p>\n  Salyan rayon sakini Zemfira \u018fliyeva o\u011flu il\u0259 birlikd\u0259 ya\u015fay\u0131r. 58 ya\u015fl\u0131 qad\u0131n b\u00f6y\u00fck \u00e7\u0259tinlikl\u0259rl\u0259 \u00fcz-\u00fcz\u0259 qald\u0131qlar\u0131n\u0131 deyir.\n<\/p>\n<p>\n  <b><br \/>\n    \u201cM\u0259n n\u0259 yem\u0259liy\u0259m?!\u201d<br \/>\n  <\/b>\n<\/p>\n<p>\n  Zemfira \u018fliyevan\u0131n 4 o\u011flu var, onlardan 3-\u00fc evlidir. O, evli \u00f6vladlar\u0131n\u0131n \u00f6z ail\u0259sini g\u00fccl\u0259 doland\u0131rd\u0131\u011f\u0131n\u0131 bildirir. Dediyin\u0259 g\u00f6r\u0259, u\u015faqlar\u0131 k\u00f6m\u0259k etm\u0259k ist\u0259yir, amma maddi imkan buna yol vermir:\n<\/p>\n<p>\n  \u201cD\u00f6rd \u0259sg\u0259r vermi\u015f\u0259m \u00f6lk\u0259y\u0259. O\u011fullar\u0131mdan biri bud\u0259f\u0259ki Qaraba\u011f m\u00fcharib\u0259sind\u0259 i\u015ftirak edib. Dekabr\u0131n ax\u0131r\u0131nda qay\u0131d\u0131b ail\u0259sinin yan\u0131na. Birlikd\u0259 ya\u015fad\u0131\u011f\u0131m o\u011flumla h\u0259r ikimiz i\u015fsizik. \u00c7ox korluq \u00e7\u0259kirik. U\u015faq \u00e7ox \u00e7al\u0131\u015f\u0131r, amma i\u015f\u0259 g\u00f6t\u00fcrm\u00fcrl\u0259r. \u015e\u0259xs\u0259n m\u0259n \u00fc\u00e7 ildir M\u0259\u015f\u011fulluq \u0130dar\u0259sind\u0259 qeydiyyatdayam. Az\u0259rbaycan v\u0259t\u0259nda\u015f\u0131yam m\u0259n d\u0259, neyl\u0259yim, ac\u0131ndan \u00f6l\u00fcm? \u0130cra Hakimiyy\u0259tin\u0259 getm\u0259kd\u0259n yoruldum ki, m\u0259n\u0259 bir \u0259lac edin. He\u00e7 yerd\u0259 i\u015f vermirl\u0259r. Pensiya da alm\u0131ram. \u00c7\u00fcnki h\u0259l\u0259 pensiya ya\u015f\u0131na \u00e7atmam\u0131\u015fam. B\u0259s m\u0259n n\u0259 yem\u0259liy\u0259m?!\u201d\n<\/p>\n<p>\n  Salyan sakininin birlikd\u0259 ya\u015fad\u0131\u011f\u0131 o\u011fluna bir m\u00fcdd\u0259t i\u015f tap\u0131l\u0131b. M\u0259\u015f\u011fulluq \u0130dar\u0259sind\u0259n qad\u0131na onlardan birin\u0259 i\u015f ver\u0259 bil\u0259c\u0259kl\u0259rini deyibl\u0259r. Amma bu da m\u00fcv\u0259qq\u0259ti olub. Kommunal T\u0259s\u0259rr\u00fcfat \u0130dar\u0259sind\u0259 i\u015f c\u0259mi iki ay s\u00fcr\u00fcb.\n<\/p>\n<p>\n  \u201c\u0130cra hakimiyy\u0259tin\u0259 i\u015fl\u0259 ba\u011fl\u0131 o q\u0259d\u0259r getmi\u015f\u0259m ki\u2026 \u201c\u015e\u0259fa broyler\u201d\u0259 g\u00f6nd\u0259rdil\u0259r, getdim, i\u015f\u0259 g\u00f6t\u00fcrm\u0259dil\u0259r. Restoranda i\u015f d\u00fc\u015fm\u00fc\u015fd\u00fc, ora da ya\u015f\u0131ma g\u00f6r\u0259 q\u0259bul el\u0259m\u0259dil\u0259r\u201d.\n<\/p>\n<figure class=\"wp-block-image size-large\">\n  <img decoding=\"async\" src=\"https:\/\/www.meydan.tv\/az\/untitled-design-8-png-12\/\" alt=\"Untitled design (8).png\" class=\"wp-image-155679\"\/><figcaption>\n    \u201c\u0130ndi ya\u015fad\u0131\u011f\u0131m\u0131z yeri bir adam m\u00fcv\u0259qq\u0259ti verib ki, k\u00fc\u00e7\u0259d\u0259 qalmayaq&#8221;<br \/>\n  <\/figcaption><\/figure>\n<p>\n  <b><br \/>\n    \u201cBiz\u0259 he\u00e7 kim k\u00f6m\u0259k el\u0259mir\u201d<br \/>\n  <\/b>\n<\/p>\n<p>\n  Zemfira xan\u0131m \u0259vv\u0259ll\u0259r kiray\u0259 qald\u0131\u011f\u0131 yerin h\u0259y\u0259tind\u0259ki \u00e7ayxanan\u0131 icar\u0259 \u0259sas\u0131nda i\u015fl\u0259dib. G\u00fcnd\u0259lik x\u0259rcl\u0259rin \u00f6hd\u0259sind\u0259n birt\u0259h\u0259r g\u0259lirmi\u015f. Obyekt sat\u0131landan sonra i\u015fsiz qal\u0131b. Pulsuzluq bu problemin \u00fcst\u00fcn\u0259 evsizlik d\u0259rdini d\u0259 g\u0259tirib:\n<\/p>\n<p>\n  \u201c\u0130ndi ya\u015fad\u0131\u011f\u0131m\u0131z yeri bir adam m\u00fcv\u0259qq\u0259ti verib ki, k\u00fc\u00e7\u0259d\u0259 qalmayaq. \u015e\u0259raitsiz d\u0259 olsa, ya\u015fay\u0131r\u0131q. H\u0259qiq\u0259t\u0259n \u00e7ox pis v\u0259ziyy\u0259td\u0259yik. Say\u011fac\u0131 o\u011furlay\u0131blar dey\u0259, qaz yoxdur. Bu soyu\u011fun g\u00fcn\u00fcnd\u0259 bir t\u0259k i\u015f\u0131\u011f\u0131n \u00fcmidin\u0259 qalm\u0131\u015f\u0131q. Ancaq elektrik plit\u0259sind\u0259n yem\u0259k bi\u015firm\u0259k \u00fc\u00e7\u00fcn istifad\u0259 edir\u0259m. Biz\u0259 burada he\u00e7 kim k\u00f6m\u0259k el\u0259mir\u201d.\n<\/p>\n<p>\n  Zemfira xan\u0131m ev \u00fc\u00e7\u00fcn d\u0259 icra hakimiyy\u0259tin\u0259 m\u00fcraci\u0259t edib. Bu m\u0259s\u0259l\u0259d\u0259 d\u0259 \u00fcmidverici he\u00e7 n\u0259 e\u015fitm\u0259yib.\n<\/p>\n<p>\n  \u201cKe\u00e7mi\u015f icra ba\u015f\u00e7\u0131s\u0131 \u018flia\u011fa H\u00fcseynovun q\u0259bulunda olmu\u015fdum. Evl\u0259r tikilirdi. Dedim ki, \u018flia\u011fa m\u00fc\u0259llim, m\u0259n\u0259 d\u0259 bir m\u0259nzil verin, d\u00f6rd \u00f6vlad\u0131m var, y\u0131\u011f\u0131\u015f\u0131b oturaq. Onda o\u011flumun biri evli idi. M\u0259n\u0259 qay\u0131td\u0131 ki, s\u0259n he\u00e7 olmasa, o\u011flunu evl\u0259ndirmis\u0259n, m\u0259n o\u011flumu he\u00e7 evl\u0259ndir\u0259 d\u0259 bilmir\u0259m. Sonra m\u0259lum oldu ki, evl\u0259ri el\u0259 icra hakimiyy\u0259tind\u0259 i\u015fl\u0259y\u0259nl\u0259r\u0259 paylay\u0131blar\u201d.\n<\/p>\n<p>\n  <b><br \/>\n    \u201cDil\u0259n\u00e7i olmal\u0131 deyil\u0259m ax\u0131&#8230;\u201d<br \/>\n  <\/b>\n<\/p>\n<p>\n  Qad\u0131n\u0131n ya\u015fad\u0131\u011f\u0131 ev \u00e7ox yarars\u0131zd\u0131r. Ya\u011f\u0131\u015f ya\u011fanda ota\u011fa dam\u0131r, q\u0131zd\u0131r\u0131c\u0131s\u0131zd\u0131r. Zemfira \u018fliyeva deyir ki, i\u015fsizlik, pulsuzluq onu \u00e7ox \u0259ld\u0259n sal\u0131b. Sosial yard\u0131m almaq c\u0259hdi d\u0259 u\u011furlu al\u0131nmay\u0131b. Dediyin\u0259 g\u00f6r\u0259, ona yard\u0131m\u0131n 5 u\u015fa\u011f\u0131 olan analara verildiyi bildirilib.\n<\/p>\n<p>\n  \u201cPulum olsa, kiray\u0259 ev tutard\u0131m. X\u0259st\u0259 can\u0131mla soyuq evd\u0259 qalm\u0131\u015fam. D\u00fcn\u0259n 40 q\u0259pik pul tapm\u0131rd\u0131m ki, \u00e7\u00f6r\u0259k al\u0131m. Acl\u0131q \u00e7\u0259kirik. O\u011flum gedib K\u00fcr\u00fcn sahilind\u0259n d\u0259mir-d\u00fcm\u00fcr, n\u0259 tap\u0131rsa, toplay\u0131r, sat\u0131r, \u00e7\u00f6r\u0259k al\u0131r\u0131q. Y\u0259ni bu g\u00fcnd\u0259yik. M\u0259n dil\u0259n\u00e7i olmal\u0131 deyil\u0259m ax\u0131&#8230;\u201d\n<\/p>\n<p>\n  Salyan Rayon \u0130cra Hakimiyy\u0259tinin \u0130ctimai-siyasi v\u0259 humanitar m\u0259s\u0259l\u0259l\u0259r \u015f\u00f6b\u0259sinin m\u00fcdiri, icra ba\u015f\u00e7\u0131s\u0131n\u0131n m\u00fcavini R\u0259\u015fad C\u0259bray\u0131lov Meydan TV-y\u0259 Zemfira \u018fliyevan\u0131n durumu il\u0259 maraqlanacaqlar\u0131n\u0131 v\u0259 onun \u015fikay\u0259tini ara\u015fd\u0131racaqlar\u0131n\u0131 bildirib.\n<\/p>\n<figure class=\"wp-block-image size-large\">\n  <img decoding=\"async\" src=\"https:\/\/www.meydan.tv\/az\/untitled-design-7-png-8\/\" alt=\"Untitled design (7).png\" class=\"wp-image-155676\"\/><figcaption>\n    Zemfira xan\u0131m ev \u00fc\u00e7\u00fcn d\u0259 icra hakimiyy\u0259tin\u0259 m\u00fcraci\u0259t edib.<br \/>\n  <\/figcaption><\/figure>\n","protected":false},"excerpt":{"rendered":"<p>&#8220;M\u0259n\u0259 qay\u0131td\u0131 ki, s\u0259n he\u00e7 olmasa, o\u011flunu evl\u0259ndirmis\u0259n, m\u0259n o\u011flumu he\u00e7 evl\u0259ndir\u0259 d\u0259 bilmir\u0259m&#8221;<\/p>\n","protected":false},"author":11,"featured_media":155673,"comment_status":"closed","ping_status":"open","sticky":false,"template":"","format":"standard","meta":{"_acf_changed":false,"_sitemap_exclude":false,"_sitemap_priority":"","_sitemap_frequency":"","footnotes":""},"categories":[60],"tags":[],"class_list":["post-204740","post","type-post","status-publish","format-standard","has-post-thumbnail","hentry","category-bolge","infinite-scroll-item","generate-columns","tablet-grid-50","mobile-grid-100","grid-parent","grid-33","no-featured-image-padding"],"acf":[],"yoast_head":"<!-- This site is optimized with the Yoast SEO plugin v27.5 - https:\/\/yoast.com\/product\/yoast-seo-wordpress\/ -->\n<title>Salyan sakini: D\u00fcn\u0259n 40 q\u0259pik pul tapm\u0131rd\u0131m ki, \u00e7\u00f6r\u0259k al\u0131m... - MEYDAN.TV<\/title>\n<meta name=\"robots\" content=\"index, follow, max-snippet:-1, max-image-preview:large, max-video-preview:-1\" \/>\n<link rel=\"canonical\" href=\"https:\/\/www.meydan.tv\/az\/article\/salyan-sakini-dunen-40-qepik-pul-tapmirdim-ki-corek-alim\/\" \/>\n<meta property=\"og:locale\" content=\"az_AZ\" \/>\n<meta property=\"og:type\" content=\"article\" \/>\n<meta property=\"og:title\" content=\"Salyan sakini: D\u00fcn\u0259n 40 q\u0259pik pul tapm\u0131rd\u0131m ki, \u00e7\u00f6r\u0259k al\u0131m... - MEYDAN.TV\" \/>\n<meta property=\"og:description\" content=\"&quot;M\u0259n\u0259 qay\u0131td\u0131 ki, s\u0259n he\u00e7 olmasa, o\u011flunu evl\u0259ndirmis\u0259n, m\u0259n o\u011flumu he\u00e7 evl\u0259ndir\u0259 d\u0259 bilmir\u0259m&quot;\" \/>\n<meta property=\"og:url\" content=\"https:\/\/www.meydan.tv\/az\/article\/salyan-sakini-dunen-40-qepik-pul-tapmirdim-ki-corek-alim\/\" \/>\n<meta property=\"og:site_name\" content=\"MEYDAN.TV\" \/>\n<meta property=\"article:published_time\" content=\"2021-01-31T14:46:21+00:00\" \/>\n<meta property=\"og:image\" content=\"https:\/\/www.meydan.tv\/wp-content\/uploads\/untitled_design_6_3podzor.png\" \/>\n\t<meta property=\"og:image:width\" content=\"1920\" \/>\n\t<meta property=\"og:image:height\" content=\"1080\" \/>\n\t<meta property=\"og:image:type\" content=\"image\/png\" \/>\n<meta name=\"author\" content=\"user-manager\" \/>\n<meta name=\"twitter:card\" content=\"summary_large_image\" \/>\n<script type=\"application\/ld+json\" class=\"yoast-schema-graph\">{\"@context\":\"https:\\\/\\\/schema.org\",\"@graph\":[{\"@type\":\"Article\",\"@id\":\"https:\\\/\\\/www.meydan.tv\\\/az\\\/article\\\/salyan-sakini-dunen-40-qepik-pul-tapmirdim-ki-corek-alim\\\/#article\",\"isPartOf\":{\"@id\":\"https:\\\/\\\/www.meydan.tv\\\/az\\\/article\\\/salyan-sakini-dunen-40-qepik-pul-tapmirdim-ki-corek-alim\\\/\"},\"author\":{\"name\":\"user-manager\",\"@id\":\"https:\\\/\\\/www.meydan.tv\\\/az\\\/#\\\/schema\\\/person\\\/10d11eccf6da3662cf5fdab9806ea91a\"},\"headline\":\"Salyan sakini: D\u00fcn\u0259n 40 q\u0259pik pul tapm\u0131rd\u0131m ki, \u00e7\u00f6r\u0259k al\u0131m&#8230;\",\"datePublished\":\"2021-01-31T14:46:21+00:00\",\"mainEntityOfPage\":{\"@id\":\"https:\\\/\\\/www.meydan.tv\\\/az\\\/article\\\/salyan-sakini-dunen-40-qepik-pul-tapmirdim-ki-corek-alim\\\/\"},\"wordCount\":802,\"publisher\":{\"@id\":\"https:\\\/\\\/www.meydan.tv\\\/az\\\/#organization\"},\"image\":{\"@id\":\"https:\\\/\\\/www.meydan.tv\\\/az\\\/article\\\/salyan-sakini-dunen-40-qepik-pul-tapmirdim-ki-corek-alim\\\/#primaryimage\"},\"thumbnailUrl\":\"https:\\\/\\\/www.meydan.tv\\\/wp-content\\\/uploads\\\/untitled_design_6_3podzor.png\",\"articleSection\":[\"B\u00f6lg\u0259\"],\"inLanguage\":\"az\"},{\"@type\":\"WebPage\",\"@id\":\"https:\\\/\\\/www.meydan.tv\\\/az\\\/article\\\/salyan-sakini-dunen-40-qepik-pul-tapmirdim-ki-corek-alim\\\/\",\"url\":\"https:\\\/\\\/www.meydan.tv\\\/az\\\/article\\\/salyan-sakini-dunen-40-qepik-pul-tapmirdim-ki-corek-alim\\\/\",\"name\":\"Salyan sakini: D\u00fcn\u0259n 40 q\u0259pik pul tapm\u0131rd\u0131m ki, \u00e7\u00f6r\u0259k al\u0131m... - MEYDAN.TV\",\"isPartOf\":{\"@id\":\"https:\\\/\\\/www.meydan.tv\\\/az\\\/#website\"},\"primaryImageOfPage\":{\"@id\":\"https:\\\/\\\/www.meydan.tv\\\/az\\\/article\\\/salyan-sakini-dunen-40-qepik-pul-tapmirdim-ki-corek-alim\\\/#primaryimage\"},\"image\":{\"@id\":\"https:\\\/\\\/www.meydan.tv\\\/az\\\/article\\\/salyan-sakini-dunen-40-qepik-pul-tapmirdim-ki-corek-alim\\\/#primaryimage\"},\"thumbnailUrl\":\"https:\\\/\\\/www.meydan.tv\\\/wp-content\\\/uploads\\\/untitled_design_6_3podzor.png\",\"datePublished\":\"2021-01-31T14:46:21+00:00\",\"breadcrumb\":{\"@id\":\"https:\\\/\\\/www.meydan.tv\\\/az\\\/article\\\/salyan-sakini-dunen-40-qepik-pul-tapmirdim-ki-corek-alim\\\/#breadcrumb\"},\"inLanguage\":\"az\",\"potentialAction\":[{\"@type\":\"ReadAction\",\"target\":[\"https:\\\/\\\/www.meydan.tv\\\/az\\\/article\\\/salyan-sakini-dunen-40-qepik-pul-tapmirdim-ki-corek-alim\\\/\"]}]},{\"@type\":\"ImageObject\",\"inLanguage\":\"az\",\"@id\":\"https:\\\/\\\/www.meydan.tv\\\/az\\\/article\\\/salyan-sakini-dunen-40-qepik-pul-tapmirdim-ki-corek-alim\\\/#primaryimage\",\"url\":\"https:\\\/\\\/www.meydan.tv\\\/wp-content\\\/uploads\\\/untitled_design_6_3podzor.png\",\"contentUrl\":\"https:\\\/\\\/www.meydan.tv\\\/wp-content\\\/uploads\\\/untitled_design_6_3podzor.png\",\"width\":1920,\"height\":1080,\"caption\":\"Source: Specify Source\"},{\"@type\":\"BreadcrumbList\",\"@id\":\"https:\\\/\\\/www.meydan.tv\\\/az\\\/article\\\/salyan-sakini-dunen-40-qepik-pul-tapmirdim-ki-corek-alim\\\/#breadcrumb\",\"itemListElement\":[{\"@type\":\"ListItem\",\"position\":1,\"name\":\"Ana s\u0259hif\u0259\",\"item\":\"https:\\\/\\\/www.meydan.tv\\\/az\\\/\"},{\"@type\":\"ListItem\",\"position\":2,\"name\":\"B\u00f6lg\u0259\",\"item\":\"https:\\\/\\\/www.meydan.tv\\\/az\\\/section\\\/bolge\\\/\"},{\"@type\":\"ListItem\",\"position\":3,\"name\":\"Salyan sakini: D\u00fcn\u0259n 40 q\u0259pik pul tapm\u0131rd\u0131m ki, \u00e7\u00f6r\u0259k al\u0131m&#8230;\"}]},{\"@type\":\"WebSite\",\"@id\":\"https:\\\/\\\/www.meydan.tv\\\/az\\\/#website\",\"url\":\"https:\\\/\\\/www.meydan.tv\\\/az\\\/\",\"name\":\"MEYDAN.TV\",\"description\":\"Meydan TV Az\u0259rbaycan\u0131n media m\u0259kan\u0131ndak\u0131 alternativ s\u0259sidir\",\"publisher\":{\"@id\":\"https:\\\/\\\/www.meydan.tv\\\/az\\\/#organization\"},\"potentialAction\":[{\"@type\":\"SearchAction\",\"target\":{\"@type\":\"EntryPoint\",\"urlTemplate\":\"https:\\\/\\\/www.meydan.tv\\\/az\\\/?s={search_term_string}\"},\"query-input\":{\"@type\":\"PropertyValueSpecification\",\"valueRequired\":true,\"valueName\":\"search_term_string\"}}],\"inLanguage\":\"az\"},{\"@type\":\"Organization\",\"@id\":\"https:\\\/\\\/www.meydan.tv\\\/az\\\/#organization\",\"name\":\"Meydan TV\",\"url\":\"https:\\\/\\\/www.meydan.tv\\\/az\\\/\",\"logo\":{\"@type\":\"ImageObject\",\"inLanguage\":\"az\",\"@id\":\"https:\\\/\\\/www.meydan.tv\\\/az\\\/#\\\/schema\\\/logo\\\/image\\\/\",\"url\":\"https:\\\/\\\/www.meydan.tv\\\/wp-content\\\/uploads\\\/2021\\\/07\\\/meydan-logo.svg\",\"contentUrl\":\"https:\\\/\\\/www.meydan.tv\\\/wp-content\\\/uploads\\\/2021\\\/07\\\/meydan-logo.svg\",\"width\":195,\"height\":46,\"caption\":\"Meydan TV\"},\"image\":{\"@id\":\"https:\\\/\\\/www.meydan.tv\\\/az\\\/#\\\/schema\\\/logo\\\/image\\\/\"}},{\"@type\":\"Person\",\"@id\":\"https:\\\/\\\/www.meydan.tv\\\/az\\\/#\\\/schema\\\/person\\\/10d11eccf6da3662cf5fdab9806ea91a\",\"name\":\"user-manager\"}]}<\/script>\n<!-- \/ Yoast SEO plugin. -->","yoast_head_json":{"title":"Salyan sakini: D\u00fcn\u0259n 40 q\u0259pik pul tapm\u0131rd\u0131m ki, \u00e7\u00f6r\u0259k al\u0131m... - MEYDAN.TV","robots":{"index":"index","follow":"follow","max-snippet":"max-snippet:-1","max-image-preview":"max-image-preview:large","max-video-preview":"max-video-preview:-1"},"canonical":"https:\/\/www.meydan.tv\/az\/article\/salyan-sakini-dunen-40-qepik-pul-tapmirdim-ki-corek-alim\/","og_locale":"az_AZ","og_type":"article","og_title":"Salyan sakini: D\u00fcn\u0259n 40 q\u0259pik pul tapm\u0131rd\u0131m ki, \u00e7\u00f6r\u0259k al\u0131m... - MEYDAN.TV","og_description":"\"M\u0259n\u0259 qay\u0131td\u0131 ki, s\u0259n he\u00e7 olmasa, o\u011flunu evl\u0259ndirmis\u0259n, m\u0259n o\u011flumu he\u00e7 evl\u0259ndir\u0259 d\u0259 bilmir\u0259m\"","og_url":"https:\/\/www.meydan.tv\/az\/article\/salyan-sakini-dunen-40-qepik-pul-tapmirdim-ki-corek-alim\/","og_site_name":"MEYDAN.TV","article_published_time":"2021-01-31T14:46:21+00:00","og_image":[{"width":1920,"height":1080,"url":"https:\/\/www.meydan.tv\/wp-content\/uploads\/untitled_design_6_3podzor.png","type":"image\/png"}],"author":"user-manager","twitter_card":"summary_large_image","schema":{"@context":"https:\/\/schema.org","@graph":[{"@type":"Article","@id":"https:\/\/www.meydan.tv\/az\/article\/salyan-sakini-dunen-40-qepik-pul-tapmirdim-ki-corek-alim\/#article","isPartOf":{"@id":"https:\/\/www.meydan.tv\/az\/article\/salyan-sakini-dunen-40-qepik-pul-tapmirdim-ki-corek-alim\/"},"author":{"name":"user-manager","@id":"https:\/\/www.meydan.tv\/az\/#\/schema\/person\/10d11eccf6da3662cf5fdab9806ea91a"},"headline":"Salyan sakini: D\u00fcn\u0259n 40 q\u0259pik pul tapm\u0131rd\u0131m ki, \u00e7\u00f6r\u0259k al\u0131m&#8230;","datePublished":"2021-01-31T14:46:21+00:00","mainEntityOfPage":{"@id":"https:\/\/www.meydan.tv\/az\/article\/salyan-sakini-dunen-40-qepik-pul-tapmirdim-ki-corek-alim\/"},"wordCount":802,"publisher":{"@id":"https:\/\/www.meydan.tv\/az\/#organization"},"image":{"@id":"https:\/\/www.meydan.tv\/az\/article\/salyan-sakini-dunen-40-qepik-pul-tapmirdim-ki-corek-alim\/#primaryimage"},"thumbnailUrl":"https:\/\/www.meydan.tv\/wp-content\/uploads\/untitled_design_6_3podzor.png","articleSection":["B\u00f6lg\u0259"],"inLanguage":"az"},{"@type":"WebPage","@id":"https:\/\/www.meydan.tv\/az\/article\/salyan-sakini-dunen-40-qepik-pul-tapmirdim-ki-corek-alim\/","url":"https:\/\/www.meydan.tv\/az\/article\/salyan-sakini-dunen-40-qepik-pul-tapmirdim-ki-corek-alim\/","name":"Salyan sakini: D\u00fcn\u0259n 40 q\u0259pik pul tapm\u0131rd\u0131m ki, \u00e7\u00f6r\u0259k al\u0131m... - MEYDAN.TV","isPartOf":{"@id":"https:\/\/www.meydan.tv\/az\/#website"},"primaryImageOfPage":{"@id":"https:\/\/www.meydan.tv\/az\/article\/salyan-sakini-dunen-40-qepik-pul-tapmirdim-ki-corek-alim\/#primaryimage"},"image":{"@id":"https:\/\/www.meydan.tv\/az\/article\/salyan-sakini-dunen-40-qepik-pul-tapmirdim-ki-corek-alim\/#primaryimage"},"thumbnailUrl":"https:\/\/www.meydan.tv\/wp-content\/uploads\/untitled_design_6_3podzor.png","datePublished":"2021-01-31T14:46:21+00:00","breadcrumb":{"@id":"https:\/\/www.meydan.tv\/az\/article\/salyan-sakini-dunen-40-qepik-pul-tapmirdim-ki-corek-alim\/#breadcrumb"},"inLanguage":"az","potentialAction":[{"@type":"ReadAction","target":["https:\/\/www.meydan.tv\/az\/article\/salyan-sakini-dunen-40-qepik-pul-tapmirdim-ki-corek-alim\/"]}]},{"@type":"ImageObject","inLanguage":"az","@id":"https:\/\/www.meydan.tv\/az\/article\/salyan-sakini-dunen-40-qepik-pul-tapmirdim-ki-corek-alim\/#primaryimage","url":"https:\/\/www.meydan.tv\/wp-content\/uploads\/untitled_design_6_3podzor.png","contentUrl":"https:\/\/www.meydan.tv\/wp-content\/uploads\/untitled_design_6_3podzor.png","width":1920,"height":1080,"caption":"Source: Specify Source"},{"@type":"BreadcrumbList","@id":"https:\/\/www.meydan.tv\/az\/article\/salyan-sakini-dunen-40-qepik-pul-tapmirdim-ki-corek-alim\/#breadcrumb","itemListElement":[{"@type":"ListItem","position":1,"name":"Ana s\u0259hif\u0259","item":"https:\/\/www.meydan.tv\/az\/"},{"@type":"ListItem","position":2,"name":"B\u00f6lg\u0259","item":"https:\/\/www.meydan.tv\/az\/section\/bolge\/"},{"@type":"ListItem","position":3,"name":"Salyan sakini: D\u00fcn\u0259n 40 q\u0259pik pul tapm\u0131rd\u0131m ki, \u00e7\u00f6r\u0259k al\u0131m&#8230;"}]},{"@type":"WebSite","@id":"https:\/\/www.meydan.tv\/az\/#website","url":"https:\/\/www.meydan.tv\/az\/","name":"MEYDAN.TV","description":"Meydan TV Az\u0259rbaycan\u0131n media m\u0259kan\u0131ndak\u0131 alternativ s\u0259sidir","publisher":{"@id":"https:\/\/www.meydan.tv\/az\/#organization"},"potentialAction":[{"@type":"SearchAction","target":{"@type":"EntryPoint","urlTemplate":"https:\/\/www.meydan.tv\/az\/?s={search_term_string}"},"query-input":{"@type":"PropertyValueSpecification","valueRequired":true,"valueName":"search_term_string"}}],"inLanguage":"az"},{"@type":"Organization","@id":"https:\/\/www.meydan.tv\/az\/#organization","name":"Meydan TV","url":"https:\/\/www.meydan.tv\/az\/","logo":{"@type":"ImageObject","inLanguage":"az","@id":"https:\/\/www.meydan.tv\/az\/#\/schema\/logo\/image\/","url":"https:\/\/www.meydan.tv\/wp-content\/uploads\/2021\/07\/meydan-logo.svg","contentUrl":"https:\/\/www.meydan.tv\/wp-content\/uploads\/2021\/07\/meydan-logo.svg","width":195,"height":46,"caption":"Meydan TV"},"image":{"@id":"https:\/\/www.meydan.tv\/az\/#\/schema\/logo\/image\/"}},{"@type":"Person","@id":"https:\/\/www.meydan.tv\/az\/#\/schema\/person\/10d11eccf6da3662cf5fdab9806ea91a","name":"user-manager"}]}},"_links":{"self":[{"href":"https:\/\/www.meydan.tv\/az\/wp-json\/wp\/v2\/posts\/204740","targetHints":{"allow":["GET"]}}],"collection":[{"href":"https:\/\/www.meydan.tv\/az\/wp-json\/wp\/v2\/posts"}],"about":[{"href":"https:\/\/www.meydan.tv\/az\/wp-json\/wp\/v2\/types\/post"}],"author":[{"embeddable":true,"href":"https:\/\/www.meydan.tv\/az\/wp-json\/wp\/v2\/users\/11"}],"replies":[{"embeddable":true,"href":"https:\/\/www.meydan.tv\/az\/wp-json\/wp\/v2\/comments?post=204740"}],"version-history":[{"count":0,"href":"https:\/\/www.meydan.tv\/az\/wp-json\/wp\/v2\/posts\/204740\/revisions"}],"wp:featuredmedia":[{"embeddable":true,"href":"https:\/\/www.meydan.tv\/az\/wp-json\/wp\/v2\/media\/155673"}],"wp:attachment":[{"href":"https:\/\/www.meydan.tv\/az\/wp-json\/wp\/v2\/media?parent=204740"}],"wp:term":[{"taxonomy":"category","embeddable":true,"href":"https:\/\/www.meydan.tv\/az\/wp-json\/wp\/v2\/categories?post=204740"},{"taxonomy":"post_tag","embeddable":true,"href":"https:\/\/www.meydan.tv\/az\/wp-json\/wp\/v2\/tags?post=204740"}],"curies":[{"name":"wp","href":"https:\/\/api.w.org\/{rel}","templated":true}]}}