{"id":204734,"date":"2021-01-31T13:13:36","date_gmt":"2021-01-31T13:13:36","guid":{"rendered":"https:\/\/www.meydan.tv\/article\/rovsen-lenkeranskinin-anasinin-adini-hallandirib-pulumuzu-menimsedi\/"},"modified":"2021-01-31T13:13:36","modified_gmt":"2021-01-31T13:13:36","slug":"rovsen-lenkeranskinin-anasinin-adini-hallandirib-pulumuzu-menimsedi","status":"publish","type":"post","link":"https:\/\/www.meydan.tv\/az\/article\/rovsen-lenkeranskinin-anasinin-adini-hallandirib-pulumuzu-menimsedi\/","title":{"rendered":"\u201cR\u00f6v\u015f\u0259n L\u0259nk\u0259ranskinin anas\u0131n\u0131n ad\u0131n\u0131 halland\u0131r\u0131b pulumuzu m\u0259nims\u0259di\u201d"},"content":{"rendered":"<p>\n  <i><br \/>\n    L\u0259nk\u0259randa 29 n\u0259f\u0259r aldad\u0131ld\u0131\u011f\u0131n\u0131 deyir<br \/>\n  <\/i>\n<\/p>\n<p>\n  \u201c\u018fmim q\u0131z\u0131 dedi ki, r\u0259hm\u0259tlik R\u00f6v\u015f\u0259n L\u0259nk\u0259ranskinin (m\u0259rhum kriminal avtoritet \u2013 red.) anas\u0131 Hac\u0131xan\u0131m\u0131n katib\u0259sidir. Onun vasit\u0259sil\u0259 \u0259lillik d\u0259r\u0259c\u0259si ala, i\u015f d\u00fcz\u0259ld\u0259 bilir. Bizim d\u0259 Hac\u0131xan\u0131m anaya h\u00f6rm\u0259timiz var. Ham\u0131m\u0131z bilirik ki, onun \u00f6lk\u0259d\u0259 s\u00f6z\u00fc ke\u00e7\u0259rlidir. \u0130nan\u0131b, dedikl\u0259rini etdik, s\u0259n\u0259dl\u0259ri toplad\u0131q, pul verdik. 29 k\u0259nd sakinind\u0259n \u00fcmumilikd\u0259 52800 manat ald\u0131, amma dedikl\u0259rini etm\u0259di&#8230;\u201d.\n<\/p>\n<p>\n  L\u0259nk\u0259ran rayonunun Mamusta k\u0259nd sakini Q\u0131zv\u0259st Mirahil q\u0131z\u0131 V\u0259liyeva bel\u0259 deyir. O, \u00f6z \u0259misi q\u0131z\u0131ndan \u015fikay\u0259t\u00e7idir. 3 ay \u0259vv\u0259l L\u0259nk\u0259ran \u015e\u0259h\u0259r Polis \u0130dar\u0259sin\u0259 \u015fikay\u0259t \u0259riz\u0259si il\u0259 m\u00fcraci\u0259t ed\u0259n k\u0259nd sakininin s\u00f6zl\u0259rin\u0259 g\u00f6r\u0259, problem h\u0259llini tapmay\u0131b:\n<\/p>\n<p>\n  \u201c\u0130nsan \u0259misi q\u0131z\u0131na da inanmay\u0131b, kim\u0259 inanacaq? \u018fmim q\u0131z\u0131 G\u00fclbahar Xah\u0259s\u0259n q\u0131z\u0131 Abbasova \u0259slind\u0259 L\u0259nk\u0259ran rayon Mamusta k\u0259nd x\u0259st\u0259xanas\u0131nda \u00e7al\u0131\u015f\u0131r. Dediyin\u0259 g\u00f6r\u0259, Hac\u0131xan\u0131m\u0131n da katib\u0259sidir. Dedi ki, ba\u015f h\u0259kimin vasit\u0259sil\u0259 \u0259misin\u0259, y\u0259ni m\u0259nim atama pensiya d\u00fcz\u0259ld\u0259 bil\u0259r. Atam Mirahil \u015f\u0259k\u0259rli diabet x\u0259st\u0259liyind\u0259n \u0259ziyy\u0259t \u00e7\u0259kir. \u0130ki min manata dan\u0131\u015fd\u0131q. \u018fvv\u0259lc\u0259 min manat, sonra yen\u0259 min manat \u00f6d\u0259dim. Sonra qarda\u015f\u0131m \u018fhm\u0259da\u011fa \u00fcr\u0259k x\u0259st\u0259liyin\u0259 g\u00f6r\u0259 pensiyaya \u00e7\u0131xs\u0131n dey\u0259 pul verdi, bac\u0131m Mirvarinin d\u0259 pulunu ald\u0131. G\u00fclbahar dedi ki, bu pullar\u0131 i\u015fl\u0259diyi x\u0259st\u0259xanan\u0131n ba\u015f h\u0259kimi \u015eakir Qas\u0131mova, h\u0259kiml\u0259r Taleh v\u0259 K\u00f6n\u00fcl\u0259 ver\u0259r\u0259k i\u015fi d\u00fcz\u0259ld\u0259c\u0259k. Qohum-\u0259qr\u0259ba da m\u0259s\u0259l\u0259d\u0259n x\u0259b\u0259r tutandan sonra k\u00f6m\u0259k ist\u0259di, ham\u0131s\u0131ndan pul al\u0131nd\u0131. B\u00fct\u00fcn pullar\u0131 m\u0259n y\u0131\u011f\u0131b verdim G\u00fclbahara\u201d.\n<\/p>\n<p>\n  <b><br \/>\n    \u201cH\u0259tta \u00f6z ail\u0259sind\u0259n d\u0259 pul al\u0131b\u201d<br \/>\n  <\/b>\n<\/p>\n<p>\n  Q\u0131zv\u0259st V\u0259liyevan\u0131n s\u00f6zl\u0259rin\u0259 g\u00f6r\u0259, \u0259misi q\u0131z\u0131 onun vasit\u0259sil\u0259 \u00f6z ail\u0259sind\u0259n d\u0259 pul al\u0131b:\n<\/p>\n<p>\n  \u201cM\u0259n\u0259 dedi ki, anam\u0131n xasiyy\u0259ti pisdir, mane olacaq, get pulu s\u0259n al, atam\u0131n pensiyas\u0131n\u0131 h\u0259ll edim, pensiya kart\u0131n\u0131 da ad g\u00fcn\u00fcnd\u0259 h\u0259diyy\u0259 ed\u0259c\u0259m. M\u0259n d\u0259 gedib etdim. Atas\u0131n\u0131n ad g\u00fcn\u00fc olanda kart\u0131 g\u0259tirm\u0259di, dedi ki, g\u0259l\u0259n ay h\u0259ll ed\u0259c\u0259m. \u00d6z ail\u0259sini d\u0259 aldatd\u0131 bu adam\u201d.\n<\/p>\n<p>\n  <b><br \/>\n    \u201cPolis m\u0259n\u0259 he\u00e7 bir cavab vermir\u201d<br \/>\n  <\/b>\n<\/p>\n<p>\n  \u015eikay\u0259t\u00e7i deyir ki, aldad\u0131lanlar aras\u0131nda \u015f\u0259hid ail\u0259si d\u0259 var. G\u00fclbahar Abbasovan\u0131n \u015f\u0259hid atas\u0131n\u0131n \u0259lillik d\u0259r\u0259c\u0259sini d\u0259yi\u015fm\u0259k, o\u011flunu i\u015f\u0259 d\u00fcz\u0259ltm\u0259k \u00fc\u00e7\u00fcn pul ald\u0131\u011f\u0131 da iddia olunur. \u00dcmumilikd\u0259 \u015f\u0259hid ail\u0259sind\u0259n 12100 manat al\u0131nd\u0131\u011f\u0131 bildirilir.\n<\/p>\n<p>\n  \u201cAradan 8 ay ke\u00e7di. G\u00fclbahar \u0259vv\u0259lc\u0259 dedi ki, ba\u015f h\u0259kim s\u0259n\u0259dl\u0259ri t\u0259sdiq etdirm\u0259k \u00fc\u00e7\u00fcn yuxar\u0131lara verib. Amma koronavirus vaxt\u0131 oldu\u011funa g\u00f6r\u0259 i\u015fl\u0259r uzan\u0131r. Getdim x\u0259st\u0259xanaya, yoxlatd\u0131rd\u0131m ki, he\u00e7 kimin ad\u0131 s\u0259n\u0259dl\u0259\u015fdirilm\u0259yib. \u0130\u015fi bel\u0259 g\u00f6r\u00fcb \u0259vv\u0259lc\u0259 Hac\u0131xan\u0131m\u0131n evin\u0259 getdim. Dedil\u0259r, Hac\u0131xan\u0131m ana 1 ildir ki, burada ya\u015fam\u0131r, Bak\u0131da olur. Ona g\u00f6r\u0259 d\u0259 Polis \u015e\u00f6b\u0259sin\u0259 g\u0259lib \u015fikay\u0259t \u0259riz\u0259si verdim. D\u0130N-in 102 xidm\u0259tin\u0259 d\u0259 bu bar\u0259d\u0259 \u015fikay\u0259t etmi\u015fdim. \u0130\u015f\u0259 \u0259vv\u0259lc\u0259 Elvin adl\u0131 m\u00fcst\u0259ntiq bax\u0131rd\u0131. Sonra he\u00e7 bir t\u0259dbir g\u00f6rm\u0259diyind\u0259n i\u015fi ondan al\u0131b ba\u015fqas\u0131na verdil\u0259r. D\u00fcz 3 ayd\u0131r ki, L\u0259nk\u0259ran \u015e\u0259h\u0259r Polis \u015e\u00f6b\u0259si m\u0259n\u0259 he\u00e7 bir cavab vermir. Amma bir d\u0259f\u0259 polisd\u0259 olanda e\u015fitdim ki, G\u00fclbahardan \u00f6z evind\u0259n o\u011furluq etdiyin\u0259 g\u00f6r\u0259 d\u0259 izahat al\u0131n\u0131b. G\u00fclbaharla m\u0259nim aramda \u00e7oxsayl\u0131 SMS yaz\u0131\u015fmalar var ki, pulun al\u0131nmas\u0131, kim\u0259 verilm\u0259si s\u00fcbut olunur. Ancaq polis buna \u0259h\u0259miyy\u0259t vermir\u201d, &#8211; Q\u0131zv\u0259st V\u0259liyeva deyir.\n<\/p>\n<p>\n  \u015eikay\u0259t\u00e7inin s\u00f6zl\u0259rin\u0259 g\u00f6r\u0259, ziyana d\u00fc\u015f\u0259n qohum-\u0259qr\u0259bas\u0131 onda g\u00fcnah g\u00f6rm\u00fcr:\n<\/p>\n<p>\n  \u201cHam\u0131s\u0131 deyir ki, biz s\u0259nin vasit\u0259nl\u0259 pulu G\u00fclbahara vermi\u015fik. S\u0259n \u015fikay\u0259t et, biz ham\u0131l\u0131qla \u015fahid ifad\u0259si ver\u0259c\u0259yik\u201d.\n<\/p>\n<p>\n  <b><br \/>\n    \u201cG\u00fclbahar deyir, o\u011flun bir iyn\u0259nin qurban\u0131 olar\u201d<br \/>\n  <\/b>\n<\/p>\n<p>\n  Q\u0131zv\u0259st V\u0259liyeva \u0259misi q\u0131z\u0131 t\u0259r\u0259find\u0259n h\u0259d\u0259-qorxuya m\u0259ruz qald\u0131\u011f\u0131n\u0131 da deyir:\n<\/p>\n<p>\n  \u201cPolis ba\u015f h\u0259kimi, G\u00fclbahar\u0131 izahat verm\u0259k \u00fc\u00e7\u00fcn \u00e7a\u011f\u0131randan sonra m\u0259n\u0259 h\u0259d\u0259-qorxu g\u0259lm\u0259y\u0259 ba\u015flad\u0131lar. Azya\u015fl\u0131 o\u011flum var. G\u00fclbahar dedi: \u201cS\u0259nin u\u015fa\u011f\u0131n bir iyn\u0259nin qurban\u0131 olar. He\u00e7 bilm\u0259y\u0259c\u0259ks\u0259n hans\u0131 h\u0259kimin \u0259lind\u0259 olub\u201d. M\u0259n bu h\u0259d\u0259l\u0259r haqq\u0131nda L\u0259nk\u0259ran \u015e\u0259h\u0259r Polis \u015e\u00f6b\u0259sin\u0259, icra hakimiyy\u0259tin\u0259, \u0259razi k\u0259nd n\u00fcmay\u0259nd\u0259sin\u0259, DTX-ya m\u00fcraci\u0259tl\u0259r etmi\u015f\u0259m. T\u0259kc\u0259 icra hakimiyy\u0259tinin h\u00fcquq\u015f\u00fcnas\u0131 yazd\u0131 ki, get L\u0259nk\u0259ran \u015e\u0259h\u0259r Polis \u015e\u00f6b\u0259sin\u0259 v\u0259 ya L\u0259nk\u0259ran Prokurorlu\u011funa m\u00fcraci\u0259t et. Bundan sonra ba\u015f h\u0259kim \u015eakir m\u0259ni \u00f6z ota\u011f\u0131na \u00e7a\u011f\u0131raraq h\u0259d\u0259-qorxu g\u0259ldi ki, Talehin ad\u0131n\u0131 \u00e7\u0259ks\u0259n, o, s\u0259ni m\u0259hk\u0259m\u0259y\u0259 ver\u0259c\u0259k. O, m\u0259ni h\u0259kim Talehin yan\u0131na apararaq s\u0259simi gizli yazd\u0131 v\u0259 \u015f\u0259rl\u0259di. Sonra s\u0259s yaz\u0131m k\u0259ndd\u0259 yay\u0131ld\u0131. Qanun qada\u011fa etdiyi halda kim \u015eakir h\u0259kim\u0259 s\u0259lahiyy\u0259t verib ki, x\u0259lv\u0259t s\u0259s yaz\u0131m\u0131 yazs\u0131n? Bu adamlar pulu m\u0259nims\u0259yib indi m\u0259ni g\u00fcdaza verm\u0259k ist\u0259yirl\u0259r. X\u0259st\u0259 o\u011flumla 113 manat pulun \u00fcmidin\u0259 ya\u015fay\u0131ram. Camaat\u0131n pulunu m\u0259n qaytara bilm\u0259r\u0259m. Haz\u0131rda 6 n\u0259f\u0259rin s\u0259n\u0259dl\u0259ri, s\u0131\u011forta kart\u0131 onlardad\u0131r, vermirl\u0259r\u201d.\n<\/p>\n<p>\n  \u015eikay\u0259t\u00e7inin iddias\u0131na g\u00f6r\u0259, G\u00fclbahar Abbasova onlardan ald\u0131\u011f\u0131 pulun bir qismini x\u0259st\u0259xanan\u0131n i\u015f\u00e7il\u0259rin\u0259 paylay\u0131b:\n<\/p>\n<p>\n  \u201cBiz\u0259 sonradan o da m\u0259lum oldu ki, G\u00fclbahar x\u0259st\u0259xana i\u015f\u00e7il\u0259rinin h\u0259r\u0259sin\u0259 300-700 manat paylayaraq, guya bu pullar\u0131n Mehriban \u018fliyevan\u0131n Fondu v\u0259 deputata Q\u0259nir\u0259 Pa\u015fayevan\u0131n Fondu t\u0259r\u0259find\u0259n g\u00f6nd\u0259rildiyini bildirib\u201d.\n<\/p>\n<p>\n  <b><br \/>\n    \u201c\u018fmim q\u0131z\u0131 yalan dan\u0131\u015f\u0131r\u201d<br \/>\n  <\/b>\n<\/p>\n<p>\n  G\u00fclbahar Abbasova is\u0259 deyil\u0259nl\u0259ri Meydan TV-y\u0259 yalanlay\u0131b:\n<\/p>\n<p>\n  \u201cM\u0259nim \u0259mim q\u0131z\u0131 yalan dan\u0131\u015f\u0131r. O, t\u0259kc\u0259 m\u0259niml\u0259 ba\u011fl\u0131 yox, \u00e7ox insanla ba\u011fl\u0131 bel\u0259 yalan dan\u0131\u015f\u0131b. Ham\u0131n\u0131 aldad\u0131b. Polis qarda\u015flar\u0131m da ara\u015fd\u0131r\u0131r i\u015fi. T\u0259kc\u0259 m\u0259n\u0259 yox, ba\u015fqa insanlara da \u015f\u0259r atm\u0131\u015fd\u0131. M\u0259n\u0259 he\u00e7 kim pul verm\u0259yib. Gedin o 29 n\u0259f\u0259ri dan\u0131\u015fd\u0131r\u0131b g\u00f6r\u00fcn m\u0259n\u0259 kims\u0259 pul verib?\u201d\n<\/p>\n<p>\n  G\u00fclbahar Abbasova Hac\u0131xan\u0131m\u0131n katib\u0259si olmas\u0131 il\u0259 ba\u011fl\u0131 deyil\u0259nl\u0259ri d\u0259 t\u0259kzib edib:\n<\/p>\n<p>\n  \u201cYalan s\u00f6hb\u0259tdir. M\u0259n x\u0259st\u0259xanada operator i\u015f\u00e7isiy\u0259m. \u0130nsanlar\u0131n ad\u0131n\u0131 \u00e7\u0259kir, ham\u0131s\u0131n\u0131 da \u00e7a\u011f\u0131r\u0131rlar polis\u0259. Bu i\u015fi b\u00f6y\u00fcd\u00fcb, insanlar da qalx\u0131b aya\u011fa, bu i\u015fi ara\u015fd\u0131r\u0131rlar. Qizv\u0259st gedib \u00f6z\u00fc \u015fikay\u0259t verib, polisl\u0259ri d\u0259 aldad\u0131b. \u0130ndi i\u015fi ara\u015fd\u0131rmaq laz\u0131md\u0131r ki, bunun arxas\u0131nda kim dayan\u0131b. D\u00fczd\u00fcr, g\u0259lmi\u015fdi i\u015f yerim\u0259, sosialla ba\u011fl\u0131 dan\u0131\u015fd\u0131q. Sosialla ba\u011fl\u0131 insanlara k\u00f6m\u0259k etmi\u015fdik. Amma m\u0259nim \u0259lillikl\u0259 ba\u011fl\u0131 m\u0259s\u0259l\u0259d\u0259 q\u0259tiyy\u0259n \u0259lim yoxdu. M\u0259nim \u00f6z anam ona pul verib. Dedikl\u0259rinin ham\u0131s\u0131 yaland\u0131r\u201d.\n<\/p>\n<p>\n  <b><br \/>\n    \u201cO\u011flumu yan\u011f\u0131ns\u00f6nd\u00fcr\u0259n i\u015fin\u0259 d\u00fcz\u0259ld\u0259c\u0259kdi\u201d<br \/>\n  <\/b>\n<\/p>\n<p>\n  T\u0259ran\u0259 Qulamzad\u0259 \u0130kinci Qaraba\u011f m\u00fcharib\u0259sind\u0259 h\u0259lak olan Af\u0259rin Qulamzad\u0259nin anas\u0131d\u0131r. O da aldad\u0131lanlar aras\u0131ndad\u0131r:\n<\/p>\n<p>\n  \u201cM\u0259n G\u00fclbahar\u0131 da tan\u0131y\u0131ram, Qisv\u0259sti d\u0259. Pulu m\u0259nd\u0259n Qisv\u0259st al\u0131b, amma G\u00fclbahara verib. \u00d6t\u0259n ilin mart ay\u0131 idi, x\u0259st\u0259 idim. Qisv\u0259st g\u0259ldi biz\u0259, dedi: \u201cPensiya d\u00fcz\u0259ld\u0259 bil\u0259n bir n\u0259f\u0259r var. Pul ver, s\u0259nin \u00fc\u00e7\u00fcn d\u0259 pensiya d\u00fcz\u0259ld\u0259k\u201d. M\u0259n d\u0259 raz\u0131la\u015fd\u0131m. M\u00fcharib\u0259d\u0259 \u015f\u0259hid olan o\u011flum Af\u0259rin Qulamzad\u0259 o vaxt Bak\u0131da kafed\u0259 i\u015fl\u0259yirdi. U\u015fa\u011f\u0131n qazanc\u0131 il\u0259 lotereya (bir qrup insan pul qoyur, toplanm\u0131\u015f pulu h\u0259r ay biri g\u00f6t\u00fcr\u00fcr \u2013 red) oynay\u0131rd\u0131m. Deyirdim, o pulla o\u011fluma L\u0259nk\u0259randa i\u015f tapar\u0131q, g\u0259lib burda i\u015fl\u0259y\u0259r. M\u0259n lotereyan\u0131n pulunu g\u00f6t\u00fcr\u00fcb pensiya d\u00fcz\u0259ltm\u0259k \u00fc\u00e7\u00fcn verdim. D\u00fc\u015f\u00fcnd\u00fcm ki, sonra pensiya alaram, o pulu toplayaram, mal-qaram\u0131 da sat\u0131b o\u011flumu bir i\u015f\u0259 d\u00fcz\u0259ld\u0259r\u0259m. Q\u0131zv\u0259st sonra g\u0259lib dedi ki, i\u015f yeri d\u0259 var, o\u011flumu yan\u011f\u0131ns\u00f6nd\u00fcr\u0259n i\u015fin\u0259 d\u00fcz\u0259ld\u0259 bil\u0259r. M\u0259n inanmad\u0131m, dedim, yalan olar, insanlar\u0131 bel\u0259 aldad\u0131rlar. Onda Qizv\u0259st m\u0259ni G\u00fclbaharla cala\u015fd\u0131rd\u0131. M\u0259n G\u00fclbaharla telefonla dan\u0131\u015fd\u0131m, i\u015fl\u0259 ba\u011fl\u0131 soru\u015fdum. G\u00fclbahar m\u0259n\u0259 dedi: \u201cS\u0259n\u0259 100 faiz qarantiy\u0259 verir\u0259m ki, yalan m\u0259s\u0259l\u0259 deyil\u201d. \u00d6z\u00fcn\u00fc d\u0259 m\u0259n\u0259 v\u0259kil kimi t\u0259qdim etdi. Dedi: \u201cPulun yar\u0131s\u0131n\u0131 indi, yar\u0131s\u0131n\u0131 da o\u011flun \u0259ynin\u0259 forma geyin\u0259nd\u0259n sonra ver. Hac\u0131xan\u0131m pulunun yar\u0131s\u0131n\u0131 verir, u\u015faq i\u015f\u0259 ba\u015flayandan sonra onun pulunu \u00f6d\u0259y\u0259rs\u0259n\u201d. M\u0259n d\u0259 raz\u0131la\u015fd\u0131m. E\u015fitmi\u015fdim ki, Hac\u0131xan\u0131m adamlara k\u00f6m\u0259k edir. \u00dcmumilikd\u0259 Qizv\u0259st vasit\u0259sil\u0259 12100 manat pul vermi\u015f\u0259m. O pulu toplamaq \u00fc\u00e7\u00fcn b\u00fct\u00fcn mal-qaram\u0131 satm\u0131\u015fam, o\u011flum n\u0259 qazan\u0131rd\u0131sa, ham\u0131s\u0131n\u0131 \u0259lind\u0259n al\u0131b y\u0131\u011fm\u0131\u015fam. \u0130ki d\u0259f\u0259 lotereya oynam\u0131\u015fam. O\u011flum gedib \u015f\u0259hid oldu, m\u0259n h\u0259l\u0259 d\u0259 ikinci lotereyan\u0131 \u00f6d\u0259yir\u0259m\u201d.\n<\/p>\n<p>\n  T\u0259ran\u0259 Qulamzad\u0259 deyir ki, pulu \u00f6d\u0259y\u0259rk\u0259n he\u00e7 bir s\u0259n\u0259d almay\u0131b:\n<\/p>\n<p>\n  \u201cM\u0259n inand\u0131m dey\u0259 s\u0259hv edib s\u0259n\u0259d almad\u0131m. Dedil\u0259r, Taleh h\u0259kim pensiya d\u00fcz\u0259ldir. \u018fvv\u0259ll\u0259r komissiya s\u0259dri olub, g\u00f6z h\u0259kimidir. Ara\u015fd\u0131rd\u0131m g\u00f6rd\u00fcm h\u0259qiq\u0259t\u0259n d\u0259 \u00e7ox adama pensiya d\u00fcz\u0259ldib. Ona g\u00f6r\u0259 d\u0259 inan\u0131b pul verdim. H\u0259tta dedim, \u00f6z\u00fcm gedib dan\u0131\u015f\u0131m Taleh h\u0259kiml\u0259. Q\u0131zv\u0259st m\u0259n\u0259 dedi ki, gets\u0259n, s\u0259ni tan\u0131m\u0131r, dey\u0259c\u0259k el\u0259 m\u0259s\u0259l\u0259 yoxdur, etm\u0259y\u0259c\u0259k. Ona g\u00f6r\u0259 d\u0259 inan\u0131b pul verdim. \u0130ndi biz d\u0259 \u015fikay\u0259t \u0259riz\u0259si vermi\u015fik. Yolda\u015f\u0131m\u0131n polis\u0259 t\u0259qdim etdiyi \u015fikay\u0259t \u0259riz\u0259sind\u0259 Q\u0131zv\u0259stin v\u0259 G\u00fclbahar\u0131n ad\u0131 var. Biz pulu \u0259lb\u0259\u0259l Q\u0131zv\u0259st\u0259 vermi\u015fik, G\u00fclbahar da m\u0259niml\u0259 i\u015f bar\u0259d\u0259 dan\u0131\u015f\u0131b. \u0130ndi Q\u0131zv\u0259st\u0259 deyirik, biz pulu s\u0259n\u0259 vermi\u015fik, get, kim\u0259 vermis\u0259ns\u0259 al. Biz n\u0259 \u015eakir tan\u0131y\u0131r\u0131q, n\u0259 d\u0259 Taleh. O\u011flum da \u015f\u0259hid olub, i\u015f m\u0259s\u0259l\u0259si al\u0131nmay\u0131b\u201d.\n<\/p>\n<p>\n  <b><br \/>\n    Ba\u015f h\u0259kim: \u201cO q\u0259d\u0259r \u00f6l\u00fcvay oldum ki, gedib Q\u0131zv\u0259stl\u0259 i\u015fbirliyi qurdum?\u201d<br \/>\n  <\/b>\n<\/p>\n<p>\n  Mamusta K\u0259nd X\u0259st\u0259xanas\u0131n\u0131n ba\u015f h\u0259kimi \u015eakir Qas\u0131mov is\u0259 Meydan TV-y\u0259 \u015f\u0259rl\u0259ndiyini deyib:\n<\/p>\n<p>\n  \u201cM\u0259nim m\u0259lumat\u0131m var m\u0259s\u0259l\u0259d\u0259n, polisd\u0259 d\u0259 izahat\u0131m\u0131 vermi\u015f\u0259m. Q\u0131zv\u0259stl\u0259 he\u00e7 bir \u0259laq\u0259m yoxdur, a\u011fz\u0131na g\u0259l\u0259ni dan\u0131\u015f\u0131r d\u0259. M\u0259nim 67 ya\u015f\u0131m var, 50 ildir h\u0259kim i\u015fl\u0259yir\u0259m. Y\u0259ni el\u0259 \u00f6l\u00fcvay oldum ki, gedib Q\u0131zv\u0259stl\u0259 i\u015fbirliyi qurdum? Kimd\u0259n pul al\u0131b, kim\u0259 verib gedib al\u0131b qaytars\u0131n. M\u0259n d\u0259, rayonun ba\u015f h\u0259kiminin m\u00fcavini d\u0259 ona d\u00f6n\u0259-d\u00f6n\u0259 dedik ki, kimd\u0259n n\u0259 alm\u0131sansa apar qaytar, s\u0259ni tutacaqlar. Bunu s\u00fcbut ed\u0259n s\u0259syaz\u0131s\u0131, video da var\u201d.\n<\/p>\n<p>\n  <b><br \/>\n    Ba\u015f h\u0259kimin m\u00fcavini haqq\u0131nda \u015fikay\u0259tl\u0259r var<br \/>\n  <\/b>\n<\/p>\n<p>\n  \u015eikay\u0259td\u0259 ad\u0131\u00e7\u0259kil\u0259n h\u0259kiml\u0259rd\u0259n biri d\u0259 L\u0259nk\u0259ran \u015e\u0259h\u0259r M\u0259rk\u0259zi X\u0259st\u0259xanas\u0131n\u0131n ba\u015f h\u0259kiminin m\u00fcavini Taleh M\u0259mm\u0259dovdur. Meydan TV d\u0259f\u0259l\u0259rl\u0259 c\u0259hd ets\u0259 d\u0259, ba\u015f h\u0259kimin m\u00fcavini il\u0259 dan\u0131\u015fa bilm\u0259yib. Yerli mediada onun haqq\u0131nda \u015fikay\u0259tl\u0259r d\u0259rc<br \/>\n  <a href=\"https:\/\/milletinsesi.info\/article\/az\/67233?dil=ru\"><br \/>\n    olunub<br \/>\n  <\/a><br \/>\n  . V\u0259t\u0259nda\u015flar\u0131n \u015fikay\u0259ti \u0259sas\u0259n pensiya ala bilm\u0259m\u0259l\u0259ri, yarad\u0131lan s\u00fcni \u0259ng\u0259ll\u0259rl\u0259 ba\u011fl\u0131d\u0131r.\n<\/p>\n<p>\n  X\u0259st\u0259xanadan Meydan TV-y\u0259 bildirilib ki, h\u0259min \u015fikay\u0259tl\u0259rd\u0259n sonra Taleh M\u0259mm\u0259dov Tibbi Sosial Ekespertiza Komissiyas\u0131ndan uzaqla\u015fd\u0131r\u0131l\u0131b.\n<\/p>\n<p>\n  \u00d6t\u0259n ilin may ay\u0131nda is\u0259 sosial \u015f\u0259b\u0259k\u0259l\u0259rd\u0259 onun i\u015f\u00e7il\u0259rl\u0259 kobud r\u0259ftar\u0131n\u0131 \u0259ks etdir\u0259n videog\u00f6r\u00fcnt\u00fc yay\u0131l\u0131b. Tibbi \u018frazi B\u00f6lm\u0259l\u0259rini \u0130dar\u0259etm\u0259 Birliyind\u0259n veril\u0259n m\u0259lumata g\u00f6r\u0259, Taleh M\u0259mm\u0259dov bu h\u0259r\u0259k\u0259tin\u0259 g\u00f6r\u0259 t\u00f6hm\u0259t al\u0131b.\n<\/p>\n<figure class=\"wp-block-image size-large\">\n  <img decoding=\"async\" src=\"https:\/\/www.meydan.tv\/az\/image_from_ios-3-jpg-143\/\" alt=\"image_from_ios (3).jpg\" class=\"wp-image-155664\"\/><figcaption>\n    \u201cM\u0259nim m\u0259lumat\u0131m var m\u0259s\u0259l\u0259d\u0259n, polisd\u0259 d\u0259 izahat\u0131m\u0131 vermi\u015f\u0259m&#8221;<br \/>\n  <\/figcaption><\/figure>\n<p>\n  <b><br \/>\n    D\u0130N: \u201c\u0130stintaq h\u0259r\u0259k\u0259tl\u0259ri apar\u0131l\u0131r\u201d<br \/>\n  <\/b>\n<\/p>\n<p>\n  Daxili \u0130\u015fl\u0259r Nazirliyind\u0259n Meydan TV-nin sor\u011fusuna cavab olaraq bildirilib ki, faktla ba\u011fl\u0131 istintaq h\u0259r\u0259k\u0259tl\u0259ri apar\u0131l\u0131r:\n<\/p>\n<p>\n  \u201cL\u0259nk\u0259ran rayon sakini Q\u0131zv\u0259s V\u0259liyevan\u0131n bir qrup \u015f\u0259xsi aldadaraq m\u00fcxt\u0259lif m\u0259bl\u0259ql\u0259rd\u0259 pullar\u0131n\u0131 d\u0259l\u0259duzluq yolu il\u0259 \u0259l\u0259 ke\u00e7irm\u0259si il\u0259 ba\u011fl\u0131 L\u0259nk\u0259ran \u015f\u0259h\u0259r-rayon polis \u015f\u00f6b\u0259sin\u0259 daxil olmu\u015f m\u00fcraci\u0259t \u00fczr\u0259 istintaq h\u0259r\u0259k\u0259tl\u0259ri davam etdirilir.\n<\/p>\n<p>\n  Bu bar\u0259d\u0259 Meydan TV-nin sor\u011fusuna cavab olaraq, D\u0130N M\u0259tbuat Xidm\u0259tinin L\u0259nk\u0259ran regional qrupundan veril\u0259n m\u0259lumata g\u00f6r\u0259, \u00f6t\u0259n ilin noyabr\u0131n 27-30 tarixl\u0259rind\u0259 10 n\u0259f\u0259r L\u0259nk\u0259ran rayon sakinin \u015fikay\u0259t \u0259riz\u0259l\u0259ri polis\u0259 daxil olub.\n<\/p>\n<p>\n  Noyabr\u0131n 23-d\u0259 is\u0259 Q.V\u0259liyeva polis\u0259 m\u00fcraci\u0259t ed\u0259r\u0259k 2019-cu ilin mart ay\u0131nda atas\u0131 \u00fc\u00e7\u00fcn t\u0259qa\u00fcd d\u00fcz\u0259ltm\u0259k ad\u0131 il\u0259 2000 manat, bundan ba\u015fqa ayr\u0131-ayr\u0131 \u015f\u0259xsl\u0259r \u00fc\u00e7\u00fcn d\u0259 t\u0259qa\u00fcd d\u00fcz\u0259ltm\u0259kd\u0259n \u00f6tr\u00fc \u0259misi q\u0131z\u0131 G\u00fclbahar Abbasovaya \u00fcmumilikd\u0259 52800 manat pul verdiyini bildir\u0259r\u0259k sonuncunun cinay\u0259t m\u0259suliyy\u0259tin\u0259 c\u0259lb edilm\u0259sini ist\u0259yib.\n<\/p>\n<p>\n  Apar\u0131lan ara\u015fd\u0131rmalar zaman\u0131 m\u00fc\u0259yy\u0259n edilib ki, Q.V\u0259liyeva 2020-ci ilin aprel ay\u0131ndan 2020-ci ilin sentyabr ay\u0131nad\u0259k olan m\u00fcdd\u0259tl\u0259rd\u0259 v\u0259t\u0259nda\u015flar\u0131n etibar\u0131ndan sui-istifad\u0259 etm\u0259kl\u0259 m\u00fcxt\u0259lif m\u0259bl\u0259ql\u0259rd\u0259 pullar\u0131n\u0131 alaraq i\u015f\u0259 d\u00fcz\u0259ld\u0259ciyin\u0259 v\u0259 ya adlar\u0131na I v\u0259 II qrup \u0259lillik d\u0259r\u0259c\u0259si t\u0259qa\u00fcd\u00fc d\u00fcz\u0259ld\u0259c\u0259yi v\u0259di verib aldadaraq xeyli miqdarda pullar\u0131n\u0131 alaraq t\u0259krar d\u0259l\u0259duzluq edib.\n<\/p>\n<p>\n  Buna g\u00f6r\u0259 d\u0259 toplanm\u0131\u015f materialda Az\u0259rbaycan Respublikas\u0131 CM-nin 178.2.2 (D\u0259l\u0259duzluq t\u0259krar t\u00f6r\u0259dildikd\u0259) v\u0259 178.2.4-c\u00fc (xeyli miqdarda ziyan vurmaqla t\u00f6r\u0259dildikd\u0259) madd\u0259l\u0259rind\u0259 n\u0259z\u0259rd\u0259 tutulan cinay\u0259t t\u0259rkibinin \u0259lam\u0259tl\u0259ri m\u00f6vcud oldu\u011fundan yanvar ay\u0131n\u0131n 9-da fakta g\u00f6r\u0259 Az\u0259rbaycan Respublikas\u0131 CM-nin 178.2.2 v\u0259 178.2.4-c\u00fc madd\u0259l\u0259ri il\u0259 cinay\u0259t i\u015fi ba\u015flan\u0131laraq istintaq h\u0259r\u0259k\u0259tl\u0259ri davam etdirilir. \u0130stintaq zaman\u0131 Q.V\u0259liyeva 2021-ci il yanvar\u0131n 25-d\u0259 Az\u0259rbaycan Respublikas\u0131 CM-nin 178.2.2 v\u0259 178.2.4-c\u00fc madd\u0259l\u0259ri il\u0259 t\u0259qsirl\u0259ndiril\u0259n \u015f\u0259xs qismind\u0259 c\u0259lb edil\u0259r\u0259k g\u00f6st\u0259ril\u0259n madd\u0259l\u0259rd\u0259 n\u0259z\u0259rd\u0259 tutulmu\u015f ittiham ona elan edilib v\u0259 bar\u0259sind\u0259 \u201cpolisin n\u0259zar\u0259ti alt\u0131na verm\u0259\u201d q\u0259timkan t\u0259dbiri se\u00e7ilib. Haz\u0131rda cinay\u0259t i\u015finin istintaq\u0131 davam etdirilir\u201d.\n<\/p>\n<p>\n  Qanunla \u0259g\u0259r s\u00f6z\u00fcged\u0259n \u015f\u0259xsin t\u0259qsiri s\u00fcbuta yetiril\u0259rs\u0259, onu d\u00f6rd min manatdan yeddi min manatad\u0259k miqdarda c\u0259rim\u0259 v\u0259 ya bir ild\u0259n \u00fc\u00e7 il\u0259d\u0259k m\u00fcdd\u0259t\u0259 azadl\u0131\u011f\u0131n m\u0259hdudla\u015fd\u0131r\u0131lmas\u0131 v\u0259 ya iki ild\u0259n be\u015f il\u0259d\u0259k m\u00fcdd\u0259t\u0259 azadl\u0131qdan m\u0259hrumetm\u0259 c\u0259zas\u0131 g\u00f6zl\u0259yir.\n<\/p>\n<p>\n  Meydan TV Q\u0131zv\u0259st V\u0259liyeva il\u0259 G\u00fclbahar Abbasova aras\u0131ndak\u0131 \u201cWhatsapp\u201d yaz\u0131\u015fmalar\u0131n\u0131 da \u0259ld\u0259 edib. H\u0259min yaz\u0131\u015fmalarda \u0259vv\u0259lc\u0259 G\u00fclbahar Abbasova pulu tezlikl\u0259 qaytaraca\u011f\u0131n\u0131, \u0259misi q\u0131z\u0131n\u0131 pis v\u0259ziyy\u0259td\u0259 qoymayaca\u011f\u0131n\u0131 s\u00f6yl\u0259s\u0259 d\u0259, sonradan he\u00e7 kimd\u0259n \u015f\u0259xs\u0259n pul almad\u0131\u011f\u0131n\u0131, bu s\u0259b\u0259bd\u0259n d\u0259 m\u0259suliyy\u0259t da\u015f\u0131mad\u0131\u011f\u0131n\u0131 bildirir.<\/p>\n","protected":false},"excerpt":{"rendered":"<p>&#8220;\u201cM\u0259nim m\u0259lumat\u0131m var m\u0259s\u0259l\u0259d\u0259n, polisd\u0259 d\u0259 izahat\u0131m\u0131 vermi\u015f\u0259m&#8221;<\/p>\n","protected":false},"author":11,"featured_media":155667,"comment_status":"closed","ping_status":"open","sticky":false,"template":"","format":"standard","meta":{"_acf_changed":false,"_sitemap_exclude":false,"_sitemap_priority":"","_sitemap_frequency":"","footnotes":""},"categories":[60],"tags":[],"class_list":["post-204734","post","type-post","status-publish","format-standard","has-post-thumbnail","hentry","category-bolge","infinite-scroll-item","generate-columns","tablet-grid-50","mobile-grid-100","grid-parent","grid-33","no-featured-image-padding"],"acf":[],"yoast_head":"<!-- This site is optimized with the Yoast SEO plugin v27.5 - https:\/\/yoast.com\/product\/yoast-seo-wordpress\/ -->\n<title>\u201cR\u00f6v\u015f\u0259n L\u0259nk\u0259ranskinin anas\u0131n\u0131n ad\u0131n\u0131 halland\u0131r\u0131b pulumuzu m\u0259nims\u0259di\u201d - MEYDAN.TV<\/title>\n<meta name=\"robots\" content=\"index, follow, max-snippet:-1, max-image-preview:large, max-video-preview:-1\" \/>\n<link rel=\"canonical\" href=\"https:\/\/www.meydan.tv\/az\/article\/rovsen-lenkeranskinin-anasinin-adini-hallandirib-pulumuzu-menimsedi\/\" \/>\n<meta property=\"og:locale\" content=\"az_AZ\" \/>\n<meta property=\"og:type\" content=\"article\" \/>\n<meta property=\"og:title\" content=\"\u201cR\u00f6v\u015f\u0259n L\u0259nk\u0259ranskinin anas\u0131n\u0131n ad\u0131n\u0131 halland\u0131r\u0131b pulumuzu m\u0259nims\u0259di\u201d - MEYDAN.TV\" \/>\n<meta property=\"og:description\" content=\"&quot;\u201cM\u0259nim m\u0259lumat\u0131m var m\u0259s\u0259l\u0259d\u0259n, polisd\u0259 d\u0259 izahat\u0131m\u0131 vermi\u015f\u0259m&quot;\" \/>\n<meta property=\"og:url\" content=\"https:\/\/www.meydan.tv\/az\/article\/rovsen-lenkeranskinin-anasinin-adini-hallandirib-pulumuzu-menimsedi\/\" \/>\n<meta property=\"og:site_name\" content=\"MEYDAN.TV\" \/>\n<meta property=\"article:published_time\" content=\"2021-01-31T13:13:36+00:00\" \/>\n<meta property=\"og:image\" content=\"https:\/\/www.meydan.tv\/wp-content\/uploads\/image_from_ios_2_v7ppcut-scaled.jpg\" \/>\n\t<meta property=\"og:image:width\" content=\"2560\" \/>\n\t<meta property=\"og:image:height\" content=\"1440\" \/>\n\t<meta property=\"og:image:type\" content=\"image\/jpeg\" \/>\n<meta name=\"author\" content=\"user-manager\" \/>\n<meta name=\"twitter:card\" content=\"summary_large_image\" \/>\n<script type=\"application\/ld+json\" class=\"yoast-schema-graph\">{\"@context\":\"https:\\\/\\\/schema.org\",\"@graph\":[{\"@type\":\"Article\",\"@id\":\"https:\\\/\\\/www.meydan.tv\\\/az\\\/article\\\/rovsen-lenkeranskinin-anasinin-adini-hallandirib-pulumuzu-menimsedi\\\/#article\",\"isPartOf\":{\"@id\":\"https:\\\/\\\/www.meydan.tv\\\/az\\\/article\\\/rovsen-lenkeranskinin-anasinin-adini-hallandirib-pulumuzu-menimsedi\\\/\"},\"author\":{\"name\":\"user-manager\",\"@id\":\"https:\\\/\\\/www.meydan.tv\\\/az\\\/#\\\/schema\\\/person\\\/10d11eccf6da3662cf5fdab9806ea91a\"},\"headline\":\"\u201cR\u00f6v\u015f\u0259n L\u0259nk\u0259ranskinin anas\u0131n\u0131n ad\u0131n\u0131 halland\u0131r\u0131b pulumuzu m\u0259nims\u0259di\u201d\",\"datePublished\":\"2021-01-31T13:13:36+00:00\",\"mainEntityOfPage\":{\"@id\":\"https:\\\/\\\/www.meydan.tv\\\/az\\\/article\\\/rovsen-lenkeranskinin-anasinin-adini-hallandirib-pulumuzu-menimsedi\\\/\"},\"wordCount\":2944,\"publisher\":{\"@id\":\"https:\\\/\\\/www.meydan.tv\\\/az\\\/#organization\"},\"image\":{\"@id\":\"https:\\\/\\\/www.meydan.tv\\\/az\\\/article\\\/rovsen-lenkeranskinin-anasinin-adini-hallandirib-pulumuzu-menimsedi\\\/#primaryimage\"},\"thumbnailUrl\":\"https:\\\/\\\/www.meydan.tv\\\/wp-content\\\/uploads\\\/image_from_ios_2_v7ppcut-scaled.jpg\",\"articleSection\":[\"B\u00f6lg\u0259\"],\"inLanguage\":\"az\"},{\"@type\":\"WebPage\",\"@id\":\"https:\\\/\\\/www.meydan.tv\\\/az\\\/article\\\/rovsen-lenkeranskinin-anasinin-adini-hallandirib-pulumuzu-menimsedi\\\/\",\"url\":\"https:\\\/\\\/www.meydan.tv\\\/az\\\/article\\\/rovsen-lenkeranskinin-anasinin-adini-hallandirib-pulumuzu-menimsedi\\\/\",\"name\":\"\u201cR\u00f6v\u015f\u0259n L\u0259nk\u0259ranskinin anas\u0131n\u0131n ad\u0131n\u0131 halland\u0131r\u0131b pulumuzu m\u0259nims\u0259di\u201d - MEYDAN.TV\",\"isPartOf\":{\"@id\":\"https:\\\/\\\/www.meydan.tv\\\/az\\\/#website\"},\"primaryImageOfPage\":{\"@id\":\"https:\\\/\\\/www.meydan.tv\\\/az\\\/article\\\/rovsen-lenkeranskinin-anasinin-adini-hallandirib-pulumuzu-menimsedi\\\/#primaryimage\"},\"image\":{\"@id\":\"https:\\\/\\\/www.meydan.tv\\\/az\\\/article\\\/rovsen-lenkeranskinin-anasinin-adini-hallandirib-pulumuzu-menimsedi\\\/#primaryimage\"},\"thumbnailUrl\":\"https:\\\/\\\/www.meydan.tv\\\/wp-content\\\/uploads\\\/image_from_ios_2_v7ppcut-scaled.jpg\",\"datePublished\":\"2021-01-31T13:13:36+00:00\",\"breadcrumb\":{\"@id\":\"https:\\\/\\\/www.meydan.tv\\\/az\\\/article\\\/rovsen-lenkeranskinin-anasinin-adini-hallandirib-pulumuzu-menimsedi\\\/#breadcrumb\"},\"inLanguage\":\"az\",\"potentialAction\":[{\"@type\":\"ReadAction\",\"target\":[\"https:\\\/\\\/www.meydan.tv\\\/az\\\/article\\\/rovsen-lenkeranskinin-anasinin-adini-hallandirib-pulumuzu-menimsedi\\\/\"]}]},{\"@type\":\"ImageObject\",\"inLanguage\":\"az\",\"@id\":\"https:\\\/\\\/www.meydan.tv\\\/az\\\/article\\\/rovsen-lenkeranskinin-anasinin-adini-hallandirib-pulumuzu-menimsedi\\\/#primaryimage\",\"url\":\"https:\\\/\\\/www.meydan.tv\\\/wp-content\\\/uploads\\\/image_from_ios_2_v7ppcut-scaled.jpg\",\"contentUrl\":\"https:\\\/\\\/www.meydan.tv\\\/wp-content\\\/uploads\\\/image_from_ios_2_v7ppcut-scaled.jpg\",\"width\":2560,\"height\":1440,\"caption\":\"Source: Specify Source\"},{\"@type\":\"BreadcrumbList\",\"@id\":\"https:\\\/\\\/www.meydan.tv\\\/az\\\/article\\\/rovsen-lenkeranskinin-anasinin-adini-hallandirib-pulumuzu-menimsedi\\\/#breadcrumb\",\"itemListElement\":[{\"@type\":\"ListItem\",\"position\":1,\"name\":\"Ana s\u0259hif\u0259\",\"item\":\"https:\\\/\\\/www.meydan.tv\\\/az\\\/\"},{\"@type\":\"ListItem\",\"position\":2,\"name\":\"B\u00f6lg\u0259\",\"item\":\"https:\\\/\\\/www.meydan.tv\\\/az\\\/section\\\/bolge\\\/\"},{\"@type\":\"ListItem\",\"position\":3,\"name\":\"\u201cR\u00f6v\u015f\u0259n L\u0259nk\u0259ranskinin anas\u0131n\u0131n ad\u0131n\u0131 halland\u0131r\u0131b pulumuzu m\u0259nims\u0259di\u201d\"}]},{\"@type\":\"WebSite\",\"@id\":\"https:\\\/\\\/www.meydan.tv\\\/az\\\/#website\",\"url\":\"https:\\\/\\\/www.meydan.tv\\\/az\\\/\",\"name\":\"MEYDAN.TV\",\"description\":\"Meydan TV Az\u0259rbaycan\u0131n media m\u0259kan\u0131ndak\u0131 alternativ s\u0259sidir\",\"publisher\":{\"@id\":\"https:\\\/\\\/www.meydan.tv\\\/az\\\/#organization\"},\"potentialAction\":[{\"@type\":\"SearchAction\",\"target\":{\"@type\":\"EntryPoint\",\"urlTemplate\":\"https:\\\/\\\/www.meydan.tv\\\/az\\\/?s={search_term_string}\"},\"query-input\":{\"@type\":\"PropertyValueSpecification\",\"valueRequired\":true,\"valueName\":\"search_term_string\"}}],\"inLanguage\":\"az\"},{\"@type\":\"Organization\",\"@id\":\"https:\\\/\\\/www.meydan.tv\\\/az\\\/#organization\",\"name\":\"Meydan TV\",\"url\":\"https:\\\/\\\/www.meydan.tv\\\/az\\\/\",\"logo\":{\"@type\":\"ImageObject\",\"inLanguage\":\"az\",\"@id\":\"https:\\\/\\\/www.meydan.tv\\\/az\\\/#\\\/schema\\\/logo\\\/image\\\/\",\"url\":\"https:\\\/\\\/www.meydan.tv\\\/wp-content\\\/uploads\\\/2021\\\/07\\\/meydan-logo.svg\",\"contentUrl\":\"https:\\\/\\\/www.meydan.tv\\\/wp-content\\\/uploads\\\/2021\\\/07\\\/meydan-logo.svg\",\"width\":195,\"height\":46,\"caption\":\"Meydan TV\"},\"image\":{\"@id\":\"https:\\\/\\\/www.meydan.tv\\\/az\\\/#\\\/schema\\\/logo\\\/image\\\/\"}},{\"@type\":\"Person\",\"@id\":\"https:\\\/\\\/www.meydan.tv\\\/az\\\/#\\\/schema\\\/person\\\/10d11eccf6da3662cf5fdab9806ea91a\",\"name\":\"user-manager\"}]}<\/script>\n<!-- \/ Yoast SEO plugin. -->","yoast_head_json":{"title":"\u201cR\u00f6v\u015f\u0259n L\u0259nk\u0259ranskinin anas\u0131n\u0131n ad\u0131n\u0131 halland\u0131r\u0131b pulumuzu m\u0259nims\u0259di\u201d - MEYDAN.TV","robots":{"index":"index","follow":"follow","max-snippet":"max-snippet:-1","max-image-preview":"max-image-preview:large","max-video-preview":"max-video-preview:-1"},"canonical":"https:\/\/www.meydan.tv\/az\/article\/rovsen-lenkeranskinin-anasinin-adini-hallandirib-pulumuzu-menimsedi\/","og_locale":"az_AZ","og_type":"article","og_title":"\u201cR\u00f6v\u015f\u0259n L\u0259nk\u0259ranskinin anas\u0131n\u0131n ad\u0131n\u0131 halland\u0131r\u0131b pulumuzu m\u0259nims\u0259di\u201d - MEYDAN.TV","og_description":"\"\u201cM\u0259nim m\u0259lumat\u0131m var m\u0259s\u0259l\u0259d\u0259n, polisd\u0259 d\u0259 izahat\u0131m\u0131 vermi\u015f\u0259m\"","og_url":"https:\/\/www.meydan.tv\/az\/article\/rovsen-lenkeranskinin-anasinin-adini-hallandirib-pulumuzu-menimsedi\/","og_site_name":"MEYDAN.TV","article_published_time":"2021-01-31T13:13:36+00:00","og_image":[{"width":2560,"height":1440,"url":"https:\/\/www.meydan.tv\/wp-content\/uploads\/image_from_ios_2_v7ppcut-scaled.jpg","type":"image\/jpeg"}],"author":"user-manager","twitter_card":"summary_large_image","schema":{"@context":"https:\/\/schema.org","@graph":[{"@type":"Article","@id":"https:\/\/www.meydan.tv\/az\/article\/rovsen-lenkeranskinin-anasinin-adini-hallandirib-pulumuzu-menimsedi\/#article","isPartOf":{"@id":"https:\/\/www.meydan.tv\/az\/article\/rovsen-lenkeranskinin-anasinin-adini-hallandirib-pulumuzu-menimsedi\/"},"author":{"name":"user-manager","@id":"https:\/\/www.meydan.tv\/az\/#\/schema\/person\/10d11eccf6da3662cf5fdab9806ea91a"},"headline":"\u201cR\u00f6v\u015f\u0259n L\u0259nk\u0259ranskinin anas\u0131n\u0131n ad\u0131n\u0131 halland\u0131r\u0131b pulumuzu m\u0259nims\u0259di\u201d","datePublished":"2021-01-31T13:13:36+00:00","mainEntityOfPage":{"@id":"https:\/\/www.meydan.tv\/az\/article\/rovsen-lenkeranskinin-anasinin-adini-hallandirib-pulumuzu-menimsedi\/"},"wordCount":2944,"publisher":{"@id":"https:\/\/www.meydan.tv\/az\/#organization"},"image":{"@id":"https:\/\/www.meydan.tv\/az\/article\/rovsen-lenkeranskinin-anasinin-adini-hallandirib-pulumuzu-menimsedi\/#primaryimage"},"thumbnailUrl":"https:\/\/www.meydan.tv\/wp-content\/uploads\/image_from_ios_2_v7ppcut-scaled.jpg","articleSection":["B\u00f6lg\u0259"],"inLanguage":"az"},{"@type":"WebPage","@id":"https:\/\/www.meydan.tv\/az\/article\/rovsen-lenkeranskinin-anasinin-adini-hallandirib-pulumuzu-menimsedi\/","url":"https:\/\/www.meydan.tv\/az\/article\/rovsen-lenkeranskinin-anasinin-adini-hallandirib-pulumuzu-menimsedi\/","name":"\u201cR\u00f6v\u015f\u0259n L\u0259nk\u0259ranskinin anas\u0131n\u0131n ad\u0131n\u0131 halland\u0131r\u0131b pulumuzu m\u0259nims\u0259di\u201d - MEYDAN.TV","isPartOf":{"@id":"https:\/\/www.meydan.tv\/az\/#website"},"primaryImageOfPage":{"@id":"https:\/\/www.meydan.tv\/az\/article\/rovsen-lenkeranskinin-anasinin-adini-hallandirib-pulumuzu-menimsedi\/#primaryimage"},"image":{"@id":"https:\/\/www.meydan.tv\/az\/article\/rovsen-lenkeranskinin-anasinin-adini-hallandirib-pulumuzu-menimsedi\/#primaryimage"},"thumbnailUrl":"https:\/\/www.meydan.tv\/wp-content\/uploads\/image_from_ios_2_v7ppcut-scaled.jpg","datePublished":"2021-01-31T13:13:36+00:00","breadcrumb":{"@id":"https:\/\/www.meydan.tv\/az\/article\/rovsen-lenkeranskinin-anasinin-adini-hallandirib-pulumuzu-menimsedi\/#breadcrumb"},"inLanguage":"az","potentialAction":[{"@type":"ReadAction","target":["https:\/\/www.meydan.tv\/az\/article\/rovsen-lenkeranskinin-anasinin-adini-hallandirib-pulumuzu-menimsedi\/"]}]},{"@type":"ImageObject","inLanguage":"az","@id":"https:\/\/www.meydan.tv\/az\/article\/rovsen-lenkeranskinin-anasinin-adini-hallandirib-pulumuzu-menimsedi\/#primaryimage","url":"https:\/\/www.meydan.tv\/wp-content\/uploads\/image_from_ios_2_v7ppcut-scaled.jpg","contentUrl":"https:\/\/www.meydan.tv\/wp-content\/uploads\/image_from_ios_2_v7ppcut-scaled.jpg","width":2560,"height":1440,"caption":"Source: Specify Source"},{"@type":"BreadcrumbList","@id":"https:\/\/www.meydan.tv\/az\/article\/rovsen-lenkeranskinin-anasinin-adini-hallandirib-pulumuzu-menimsedi\/#breadcrumb","itemListElement":[{"@type":"ListItem","position":1,"name":"Ana s\u0259hif\u0259","item":"https:\/\/www.meydan.tv\/az\/"},{"@type":"ListItem","position":2,"name":"B\u00f6lg\u0259","item":"https:\/\/www.meydan.tv\/az\/section\/bolge\/"},{"@type":"ListItem","position":3,"name":"\u201cR\u00f6v\u015f\u0259n L\u0259nk\u0259ranskinin anas\u0131n\u0131n ad\u0131n\u0131 halland\u0131r\u0131b pulumuzu m\u0259nims\u0259di\u201d"}]},{"@type":"WebSite","@id":"https:\/\/www.meydan.tv\/az\/#website","url":"https:\/\/www.meydan.tv\/az\/","name":"MEYDAN.TV","description":"Meydan TV Az\u0259rbaycan\u0131n media m\u0259kan\u0131ndak\u0131 alternativ s\u0259sidir","publisher":{"@id":"https:\/\/www.meydan.tv\/az\/#organization"},"potentialAction":[{"@type":"SearchAction","target":{"@type":"EntryPoint","urlTemplate":"https:\/\/www.meydan.tv\/az\/?s={search_term_string}"},"query-input":{"@type":"PropertyValueSpecification","valueRequired":true,"valueName":"search_term_string"}}],"inLanguage":"az"},{"@type":"Organization","@id":"https:\/\/www.meydan.tv\/az\/#organization","name":"Meydan TV","url":"https:\/\/www.meydan.tv\/az\/","logo":{"@type":"ImageObject","inLanguage":"az","@id":"https:\/\/www.meydan.tv\/az\/#\/schema\/logo\/image\/","url":"https:\/\/www.meydan.tv\/wp-content\/uploads\/2021\/07\/meydan-logo.svg","contentUrl":"https:\/\/www.meydan.tv\/wp-content\/uploads\/2021\/07\/meydan-logo.svg","width":195,"height":46,"caption":"Meydan TV"},"image":{"@id":"https:\/\/www.meydan.tv\/az\/#\/schema\/logo\/image\/"}},{"@type":"Person","@id":"https:\/\/www.meydan.tv\/az\/#\/schema\/person\/10d11eccf6da3662cf5fdab9806ea91a","name":"user-manager"}]}},"_links":{"self":[{"href":"https:\/\/www.meydan.tv\/az\/wp-json\/wp\/v2\/posts\/204734","targetHints":{"allow":["GET"]}}],"collection":[{"href":"https:\/\/www.meydan.tv\/az\/wp-json\/wp\/v2\/posts"}],"about":[{"href":"https:\/\/www.meydan.tv\/az\/wp-json\/wp\/v2\/types\/post"}],"author":[{"embeddable":true,"href":"https:\/\/www.meydan.tv\/az\/wp-json\/wp\/v2\/users\/11"}],"replies":[{"embeddable":true,"href":"https:\/\/www.meydan.tv\/az\/wp-json\/wp\/v2\/comments?post=204734"}],"version-history":[{"count":0,"href":"https:\/\/www.meydan.tv\/az\/wp-json\/wp\/v2\/posts\/204734\/revisions"}],"wp:featuredmedia":[{"embeddable":true,"href":"https:\/\/www.meydan.tv\/az\/wp-json\/wp\/v2\/media\/155667"}],"wp:attachment":[{"href":"https:\/\/www.meydan.tv\/az\/wp-json\/wp\/v2\/media?parent=204734"}],"wp:term":[{"taxonomy":"category","embeddable":true,"href":"https:\/\/www.meydan.tv\/az\/wp-json\/wp\/v2\/categories?post=204734"},{"taxonomy":"post_tag","embeddable":true,"href":"https:\/\/www.meydan.tv\/az\/wp-json\/wp\/v2\/tags?post=204734"}],"curies":[{"name":"wp","href":"https:\/\/api.w.org\/{rel}","templated":true}]}}