{"id":204724,"date":"2021-01-30T13:22:51","date_gmt":"2021-01-30T13:22:51","guid":{"rendered":"https:\/\/www.meydan.tv\/article\/berde-sakini-ayagini-cole-atirsan-necis-ayaqqabinin-altina-yapisir\/"},"modified":"2021-01-30T13:22:51","modified_gmt":"2021-01-30T13:22:51","slug":"berde-sakini-ayagini-cole-atirsan-necis-ayaqqabinin-altina-yapisir","status":"publish","type":"post","link":"https:\/\/www.meydan.tv\/az\/article\/berde-sakini-ayagini-cole-atirsan-necis-ayaqqabinin-altina-yapisir\/","title":{"rendered":"B\u0259rd\u0259 sakini: Aya\u011f\u0131n\u0131 \u00e7\u00f6l\u0259 at\u0131rsan, n\u0259cis ayaqqab\u0131n\u0131n alt\u0131na yap\u0131\u015f\u0131r"},"content":{"rendered":"<p>\n  <i><br \/>\n    \u201cBir yan\u011f\u0131n ba\u015f vers\u0259, he\u00e7 yan\u011f\u0131ns\u00f6nd\u00fcr\u0259n ma\u015f\u0131n da binaya yax\u0131n d\u00fc\u015f\u0259 bilm\u0259y\u0259c\u0259k\u201d<br \/>\n  <\/i>\n<\/p>\n<p>\n  \u201cAllaha \u015f\u00fck\u00fcr, Qaraba\u011f\u0131 da ald\u0131q, bura oldu nec\u0259 dey\u0259rl\u0259r, Az\u0259rbaycan\u0131n \u201ckruqu\u201d. Prezident Qaraba\u011fa s\u0259f\u0259r ed\u0259nd\u0259 binam\u0131z\u0131n yax\u0131nl\u0131\u011f\u0131ndan ke\u00e7ib gedir. D\u00fcz magisrtal yolun k\u0259nar\u0131nday\u0131q. Ancaq haz\u0131rda binam\u0131z\u0131n h\u0259y\u0259tind\u0259 bir \u00fcfun\u0259t, bir \u00e7irkab var ki, adam he\u00e7 evd\u0259n \u00e7\u00f6l\u0259 \u00e7\u0131xmaq ist\u0259mir\u201d.\n<\/p>\n<p>\n  Bunu Meydan TV-y\u0259 B\u0259rd\u0259 \u015f\u0259h\u0259ri, Bab\u0259k prospektind\u0259ki 2 sayl\u0131 binan\u0131n sakinl\u0259ri deyir.\n<\/p>\n<p>\n  <b><br \/>\n    \u201cYa\u011f\u0131\u015f sular\u0131 m\u0259nzill\u0259r\u0259 s\u00fcz\u00fcl\u00fcr\u201d<br \/>\n  <\/b>\n<\/p>\n<p>\n  Sakin V\u00fcsal Qas\u0131movun dem\u0259sin\u0259 g\u00f6r\u0259, 3 ildir ki, be\u015fm\u0259rt\u0259b\u0259li binan\u0131n \u00fcst\u00fcnd\u0259ki naval\u00e7alar (ya\u011f\u0131\u015f sular\u0131n\u0131n \u00f6t\u00fcr\u00fclm\u0259si \u00fc\u00e7\u00fcn boru) s\u0131radan \u00e7\u0131x\u0131b. N\u0259tic\u0259d\u0259 ya\u011f\u0131\u015f divarlar\u0131n aras\u0131yla m\u0259nzill\u0259r\u0259 s\u00fcz\u00fcl\u00fcr:\n<\/p>\n<p>\n  \u201cBinan\u0131n f\u0259sadlar\u0131 k\u00f6hn\u0259 da\u015flardan v\u0259 alkopon materialdan ibar\u0259tdir. Ya\u011f\u0131\u015f ya\u011fanda su evin i\u00e7\u0259risin\u0259 s\u00fcz\u00fcl\u00fcr. Q\u0131\u015fda tez-tez evin i\u00e7\u0259risini t\u0259mir etdirm\u0259li oluram, h\u0259r d\u0259f\u0259 materiala, ustaya pul verir\u0259m. H\u0259r ya\u011f\u0131\u015fdan sonra az\u0131 150 manat x\u0259rc\u0259 d\u00fc\u015f\u00fcr\u0259m. \u00dcst\u0259lik, anam astma-bronxit x\u0259st\u0259liyind\u0259n \u0259ziyy\u0259t \u00e7\u0259kir. Yaranan n\u0259mi\u015flik, divara \u00e7\u0259kil\u0259n \u201czamaska\u201dn\u0131n iyi anam\u0131n s\u0259hh\u0259tini a\u011f\u0131rla\u015fd\u0131r\u0131r. N\u0259 q\u0259d\u0259r gedib qohum evind\u0259 qalmaq olar? Bir naval\u00e7a n\u0259dir ki, g\u0259tirib qura\u015fd\u0131rm\u0131rlar, n\u0259tic\u0259d\u0259 bu q\u0259d\u0259r evl\u0259r su il\u0259 dolur, insanlar \u0259ziyy\u0259t \u00e7\u0259kir\u201d.\n<\/p>\n<p>\n  <b><br \/>\n    \u201cAdam \u00e7\u00f6l\u0259 \u00e7\u0131xanda \u00f6z\u00fcn\u0259 nifr\u0259t edir\u201d<br \/>\n  <\/b>\n<\/p>\n<p>\n  Sakinl\u0259rin dem\u0259sin\u0259 g\u00f6r\u0259, 2-3 g\u00fcn \u0259vv\u0259l\u0259d\u0259k binan\u0131n zirz\u0259misi d\u0259 \u00e7irkab sularla dolu imi\u015f. Onlar\u0131n \u00e7oxsayl\u0131 \u015fikay\u0259tl\u0259rind\u0259n sonra n\u0259hay\u0259t, zirz\u0259mid\u0259ki kanalizasiya x\u0259tl\u0259ri t\u0259mir olunub, ancaq \u00e7\u00f6l\u0259 axan \u00e7irkab sular binan\u0131n qar\u015f\u0131s\u0131ndan h\u0259l\u0259 d\u0259 \u00e7\u0259kilm\u0259yib. V\u00fcsal Qas\u0131mov dan\u0131\u015f\u0131r:\n<\/p>\n<figure class=\"wp-block-image size-large\">\n  <img decoding=\"async\" src=\"https:\/\/www.meydan.tv\/az\/photo-2021-01-30-12-19-48-jpg\/\" alt=\"photo-2021-01-30-12-19-48.jpg\" class=\"wp-image-155604\"\/><figcaption>\n    &#8220;Ya\u011f\u0131\u015f ya\u011fanda su evin i\u00e7\u0259risin\u0259 s\u00fcz\u00fcl\u00fcr&#8221;<br \/>\n  <\/figcaption><\/figure>\n<p>\n  \u201cVallah, \u00e7ox \u00fczr ist\u0259yir\u0259m, aya\u011f\u0131n\u0131 \u00e7\u00f6l\u0259 at\u0131rsan, n\u0259cis ayaqqab\u0131n\u0131n alt\u0131na yap\u0131\u015f\u0131r. Adam k\u00fc\u00e7\u0259y\u0259 \u00e7\u0131xanda \u00f6z\u00fcn\u0259 nifr\u0259t edir. D\u00fc\u015f\u00fcn\u00fcrs\u0259n ki, bir v\u0259t\u0259nda\u015f olaraq g\u00f6r s\u0259ni hans\u0131 \u015f\u0259raitd\u0259 ya\u015fama\u011fa m\u0259hkum edirl\u0259r. H\u0259r \u015feyi d\u0259 y\u0131x\u0131rlar v\u0259t\u0259nda\u015f\u0131n \u00fcz\u0259rin\u0259. Demir ki, x\u0259tl\u0259r k\u00f6hn\u0259lib, d\u0259yi\u015fm\u0259k laz\u0131md\u0131r, deyir, pampers at\u0131rs\u0131z, boru tutulur, da\u015f\u0131r\u201d.\n<\/p>\n<p>\n  <b><br \/>\n    \u201cQaz x\u0259tl\u0259ri h\u0259y\u0259t\u0259 giri\u015f-\u00e7\u0131x\u0131\u015f\u0131 \u0259ng\u0259ll\u0259yir\u201d<br \/>\n  <\/b>\n<\/p>\n<p>\n  Sakinl\u0259r deyir, binan\u0131n arxa t\u0259r\u0259find\u0259 qaz x\u0259tl\u0259ri binaya az qala biti\u015fikdir. Bir yan\u011f\u0131n hadis\u0259si ba\u015f vers\u0259, yan\u011f\u0131ns\u00f6nd\u00fcr\u0259n ma\u015f\u0131nlar\u0131n binaya yax\u0131n d\u00fc\u015fm\u0259sin\u0259 \u0259ng\u0259ldir:\n<\/p>\n<p>\n  \u201c\u00dc\u00e7 qaz x\u0259tti ke\u00e7ir, he\u00e7 birinin bizim binaya aidiyy\u0259ti yoxdur. Ancaq binan\u0131n h\u0259y\u0259tin\u0259 ma\u015f\u0131nlar\u0131n giri\u015f-\u00e7\u0131x\u0131\u015f\u0131na \u0259ng\u0259l yarad\u0131r. D\u0259f\u0259l\u0259rl\u0259 m\u00fcraci\u0259t etmi\u015fik ki, g\u0259lib o x\u0259tl\u0259ri binadan he\u00e7 olmasa 5 metr k\u0259narla\u015fd\u0131rs\u0131nlar, x\u0259tl\u0259ri el\u0259 \u00e7\u0259ksinl\u0259r ki, biz\u0259 mane olmas\u0131n. Naval\u00e7an\u0131n olmamas\u0131 \u00fcz\u00fcnd\u0259n evi yarars\u0131z v\u0259ziyy\u0259t\u0259 d\u00fc\u015f\u0259n yuxar\u0131 m\u0259rt\u0259b\u0259d\u0259ki qon\u015fu tikinti materiallar\u0131n\u0131 kranla qald\u0131rmal\u0131d\u0131r. Qaz x\u0259tl\u0259rini el\u0259 \u00e7\u0259kibl\u0259r ki, qald\u0131r\u0131c\u0131 kran h\u0259y\u0259t\u0259 gir\u0259 bilmir. Bir yan\u011f\u0131n ba\u015f vers\u0259, he\u00e7 yan\u011f\u0131ns\u00f6nd\u00fcr\u0259n ma\u015f\u0131n da binaya yax\u0131n d\u00fc\u015f\u0259 bilm\u0259y\u0259c\u0259k. Qaz idar\u0259sind\u0259n g\u0259lmi\u015fdil\u0259r, bildirdil\u0259r ki, o qaz x\u0259tl\u0259ri yax\u0131nl\u0131qdak\u0131 obyektl\u0259r\u0259 (\u00e7\u00f6r\u0259kbi\u015firm\u0259 sexi, kafel\u0259r v\u0259 sair) getdiyi \u00fc\u00e7\u00fcn \u0259l vura bilm\u0259zl\u0259r. B\u0259s yax\u015f\u0131, biz n\u0259 ed\u0259k?\u201d\n<\/p>\n<p>\n  <b><br \/>\n    \u201cBir d\u0259 sahibsiz itl\u0259r&#8230;\u201d<br \/>\n  <\/b>\n<\/p>\n<p>\n  Bir d\u0259 bina sakinl\u0259rini narahat ed\u0259n m\u0259s\u0259l\u0259 sahibsiz itl\u0259rl\u0259 ba\u011fl\u0131d\u0131r. Dem\u0259l\u0259rin\u0259 g\u00f6r\u0259, hava qaralanda sahibsiz itl\u0259r binalar\u0131n giri\u015fin\u0259 topla\u015f\u0131r, h\u0259tta bir ne\u00e7\u0259 d\u0259f\u0259 qocaya, u\u015fa\u011fa h\u00fccum da \u00e7\u0259kibl\u0259r:\n<\/p>\n<p>\n  \u201cBir d\u0259 g\u00f6r\u00fcrs\u0259n it s\u00fcr\u00fcs\u00fc h\u00fcr\u00fc\u015f\u0259-h\u00fcr\u00fc\u015f\u0259 ma\u011fazadan g\u0259l\u0259n u\u015fa\u011f\u0131n \u00fcst\u00fcn\u0259 cumdu. Bilmirs\u0259n ki, hans\u0131 quduzdur, hans\u0131 quduz deyil, hans\u0131 qapacaq, hans\u0131 qapmayacaq. U\u015faq var, dili tutulub, u\u015faq var, psixikas\u0131 pozulub&#8230; Demirik ki, itl\u0259ri \u00f6ld\u00fcrs\u00fcnl\u0259r, ist\u0259diyimiz odur ki, g\u0259lib ortal\u0131qdan y\u0131\u011f\u0131\u015fd\u0131rs\u0131nlar\u201d.\n<\/p>\n<p>\n  B\u0259rd\u0259 Rayon \u0130cra Hakimiyy\u0259tind\u0259n Meydan TV-y\u0259 bildirilib ki, Bab\u0259k k\u00fc\u00e7\u0259sind\u0259ki 2 sayl\u0131 binan\u0131n probleml\u0259ri aidiyy\u0259ti qurumlar\u0131n n\u0259z\u0259rin\u0259 \u00e7atd\u0131r\u0131l\u0131b. Binan\u0131n zirz\u0259misind\u0259ki su-kanalizasiya x\u0259tl\u0259rind\u0259 t\u0259mir i\u015fl\u0259ri apar\u0131l\u0131b. Dig\u0259r probleml\u0259r d\u0259 m\u0259rh\u0259l\u0259li qaydada h\u0259llini tapacaq.\n<\/p>\n<figure class=\"wp-block-image size-large\">\n  <img decoding=\"async\" src=\"https:\/\/www.meydan.tv\/az\/photo-2021-01-30-12-19-49-1-jpg\/\" alt=\"photo-2021-01-30-12-19-49 (1).jpg\" class=\"wp-image-155601\"\/><figcaption>\n    Sakinl\u0259rin dem\u0259sin\u0259 g\u00f6r\u0259, 2-3 g\u00fcn \u0259vv\u0259l\u0259d\u0259k binan\u0131n zirz\u0259misi d\u0259 \u00e7irkab sularla dolu imi\u015f<br \/>\n  <\/figcaption><\/figure>\n","protected":false},"excerpt":{"rendered":"<p>Sakinl\u0259rin dem\u0259sin\u0259 g\u00f6r\u0259, 2-3 g\u00fcn \u0259vv\u0259l\u0259d\u0259k binan\u0131n zirz\u0259misi d\u0259 \u00e7irkab sularla dolu imi\u015f<\/p>\n","protected":false},"author":11,"featured_media":155598,"comment_status":"closed","ping_status":"open","sticky":false,"template":"","format":"standard","meta":{"_acf_changed":false,"_sitemap_exclude":false,"_sitemap_priority":"","_sitemap_frequency":"","footnotes":""},"categories":[60],"tags":[],"class_list":["post-204724","post","type-post","status-publish","format-standard","has-post-thumbnail","hentry","category-bolge","infinite-scroll-item","generate-columns","tablet-grid-50","mobile-grid-100","grid-parent","grid-33","no-featured-image-padding"],"acf":[],"yoast_head":"<!-- This site is optimized with the Yoast SEO plugin v27.5 - https:\/\/yoast.com\/product\/yoast-seo-wordpress\/ -->\n<title>B\u0259rd\u0259 sakini: Aya\u011f\u0131n\u0131 \u00e7\u00f6l\u0259 at\u0131rsan, n\u0259cis ayaqqab\u0131n\u0131n alt\u0131na yap\u0131\u015f\u0131r - MEYDAN.TV<\/title>\n<meta name=\"robots\" content=\"index, follow, max-snippet:-1, max-image-preview:large, max-video-preview:-1\" \/>\n<link rel=\"canonical\" href=\"https:\/\/www.meydan.tv\/az\/article\/berde-sakini-ayagini-cole-atirsan-necis-ayaqqabinin-altina-yapisir\/\" \/>\n<meta property=\"og:locale\" content=\"az_AZ\" \/>\n<meta property=\"og:type\" content=\"article\" \/>\n<meta property=\"og:title\" content=\"B\u0259rd\u0259 sakini: Aya\u011f\u0131n\u0131 \u00e7\u00f6l\u0259 at\u0131rsan, n\u0259cis ayaqqab\u0131n\u0131n alt\u0131na yap\u0131\u015f\u0131r - MEYDAN.TV\" \/>\n<meta property=\"og:description\" content=\"Sakinl\u0259rin dem\u0259sin\u0259 g\u00f6r\u0259, 2-3 g\u00fcn \u0259vv\u0259l\u0259d\u0259k binan\u0131n zirz\u0259misi d\u0259 \u00e7irkab sularla dolu imi\u015f\" \/>\n<meta property=\"og:url\" content=\"https:\/\/www.meydan.tv\/az\/article\/berde-sakini-ayagini-cole-atirsan-necis-ayaqqabinin-altina-yapisir\/\" \/>\n<meta property=\"og:site_name\" content=\"MEYDAN.TV\" \/>\n<meta property=\"article:published_time\" content=\"2021-01-30T13:22:51+00:00\" \/>\n<meta property=\"og:image\" content=\"https:\/\/www.meydan.tv\/wp-content\/uploads\/photo-2021-01-30-12-19-49-rotated.jpg\" \/>\n\t<meta property=\"og:image:width\" content=\"1280\" \/>\n\t<meta property=\"og:image:height\" content=\"720\" \/>\n\t<meta property=\"og:image:type\" content=\"image\/jpeg\" \/>\n<meta name=\"author\" content=\"user-manager\" \/>\n<meta name=\"twitter:card\" content=\"summary_large_image\" \/>\n<script type=\"application\/ld+json\" class=\"yoast-schema-graph\">{\"@context\":\"https:\\\/\\\/schema.org\",\"@graph\":[{\"@type\":\"Article\",\"@id\":\"https:\\\/\\\/www.meydan.tv\\\/az\\\/article\\\/berde-sakini-ayagini-cole-atirsan-necis-ayaqqabinin-altina-yapisir\\\/#article\",\"isPartOf\":{\"@id\":\"https:\\\/\\\/www.meydan.tv\\\/az\\\/article\\\/berde-sakini-ayagini-cole-atirsan-necis-ayaqqabinin-altina-yapisir\\\/\"},\"author\":{\"name\":\"user-manager\",\"@id\":\"https:\\\/\\\/www.meydan.tv\\\/az\\\/#\\\/schema\\\/person\\\/10d11eccf6da3662cf5fdab9806ea91a\"},\"headline\":\"B\u0259rd\u0259 sakini: Aya\u011f\u0131n\u0131 \u00e7\u00f6l\u0259 at\u0131rsan, n\u0259cis ayaqqab\u0131n\u0131n alt\u0131na yap\u0131\u015f\u0131r\",\"datePublished\":\"2021-01-30T13:22:51+00:00\",\"mainEntityOfPage\":{\"@id\":\"https:\\\/\\\/www.meydan.tv\\\/az\\\/article\\\/berde-sakini-ayagini-cole-atirsan-necis-ayaqqabinin-altina-yapisir\\\/\"},\"wordCount\":917,\"publisher\":{\"@id\":\"https:\\\/\\\/www.meydan.tv\\\/az\\\/#organization\"},\"image\":{\"@id\":\"https:\\\/\\\/www.meydan.tv\\\/az\\\/article\\\/berde-sakini-ayagini-cole-atirsan-necis-ayaqqabinin-altina-yapisir\\\/#primaryimage\"},\"thumbnailUrl\":\"https:\\\/\\\/www.meydan.tv\\\/wp-content\\\/uploads\\\/photo-2021-01-30-12-19-49-rotated.jpg\",\"articleSection\":[\"B\u00f6lg\u0259\"],\"inLanguage\":\"az\"},{\"@type\":\"WebPage\",\"@id\":\"https:\\\/\\\/www.meydan.tv\\\/az\\\/article\\\/berde-sakini-ayagini-cole-atirsan-necis-ayaqqabinin-altina-yapisir\\\/\",\"url\":\"https:\\\/\\\/www.meydan.tv\\\/az\\\/article\\\/berde-sakini-ayagini-cole-atirsan-necis-ayaqqabinin-altina-yapisir\\\/\",\"name\":\"B\u0259rd\u0259 sakini: Aya\u011f\u0131n\u0131 \u00e7\u00f6l\u0259 at\u0131rsan, n\u0259cis ayaqqab\u0131n\u0131n alt\u0131na yap\u0131\u015f\u0131r - MEYDAN.TV\",\"isPartOf\":{\"@id\":\"https:\\\/\\\/www.meydan.tv\\\/az\\\/#website\"},\"primaryImageOfPage\":{\"@id\":\"https:\\\/\\\/www.meydan.tv\\\/az\\\/article\\\/berde-sakini-ayagini-cole-atirsan-necis-ayaqqabinin-altina-yapisir\\\/#primaryimage\"},\"image\":{\"@id\":\"https:\\\/\\\/www.meydan.tv\\\/az\\\/article\\\/berde-sakini-ayagini-cole-atirsan-necis-ayaqqabinin-altina-yapisir\\\/#primaryimage\"},\"thumbnailUrl\":\"https:\\\/\\\/www.meydan.tv\\\/wp-content\\\/uploads\\\/photo-2021-01-30-12-19-49-rotated.jpg\",\"datePublished\":\"2021-01-30T13:22:51+00:00\",\"breadcrumb\":{\"@id\":\"https:\\\/\\\/www.meydan.tv\\\/az\\\/article\\\/berde-sakini-ayagini-cole-atirsan-necis-ayaqqabinin-altina-yapisir\\\/#breadcrumb\"},\"inLanguage\":\"az\",\"potentialAction\":[{\"@type\":\"ReadAction\",\"target\":[\"https:\\\/\\\/www.meydan.tv\\\/az\\\/article\\\/berde-sakini-ayagini-cole-atirsan-necis-ayaqqabinin-altina-yapisir\\\/\"]}]},{\"@type\":\"ImageObject\",\"inLanguage\":\"az\",\"@id\":\"https:\\\/\\\/www.meydan.tv\\\/az\\\/article\\\/berde-sakini-ayagini-cole-atirsan-necis-ayaqqabinin-altina-yapisir\\\/#primaryimage\",\"url\":\"https:\\\/\\\/www.meydan.tv\\\/wp-content\\\/uploads\\\/photo-2021-01-30-12-19-49-rotated.jpg\",\"contentUrl\":\"https:\\\/\\\/www.meydan.tv\\\/wp-content\\\/uploads\\\/photo-2021-01-30-12-19-49-rotated.jpg\",\"width\":1280,\"height\":720,\"caption\":\"Source: Specify Source\"},{\"@type\":\"BreadcrumbList\",\"@id\":\"https:\\\/\\\/www.meydan.tv\\\/az\\\/article\\\/berde-sakini-ayagini-cole-atirsan-necis-ayaqqabinin-altina-yapisir\\\/#breadcrumb\",\"itemListElement\":[{\"@type\":\"ListItem\",\"position\":1,\"name\":\"Ana s\u0259hif\u0259\",\"item\":\"https:\\\/\\\/www.meydan.tv\\\/az\\\/\"},{\"@type\":\"ListItem\",\"position\":2,\"name\":\"B\u00f6lg\u0259\",\"item\":\"https:\\\/\\\/www.meydan.tv\\\/az\\\/section\\\/bolge\\\/\"},{\"@type\":\"ListItem\",\"position\":3,\"name\":\"B\u0259rd\u0259 sakini: Aya\u011f\u0131n\u0131 \u00e7\u00f6l\u0259 at\u0131rsan, n\u0259cis ayaqqab\u0131n\u0131n alt\u0131na yap\u0131\u015f\u0131r\"}]},{\"@type\":\"WebSite\",\"@id\":\"https:\\\/\\\/www.meydan.tv\\\/az\\\/#website\",\"url\":\"https:\\\/\\\/www.meydan.tv\\\/az\\\/\",\"name\":\"MEYDAN.TV\",\"description\":\"Meydan TV Az\u0259rbaycan\u0131n media m\u0259kan\u0131ndak\u0131 alternativ s\u0259sidir\",\"publisher\":{\"@id\":\"https:\\\/\\\/www.meydan.tv\\\/az\\\/#organization\"},\"potentialAction\":[{\"@type\":\"SearchAction\",\"target\":{\"@type\":\"EntryPoint\",\"urlTemplate\":\"https:\\\/\\\/www.meydan.tv\\\/az\\\/?s={search_term_string}\"},\"query-input\":{\"@type\":\"PropertyValueSpecification\",\"valueRequired\":true,\"valueName\":\"search_term_string\"}}],\"inLanguage\":\"az\"},{\"@type\":\"Organization\",\"@id\":\"https:\\\/\\\/www.meydan.tv\\\/az\\\/#organization\",\"name\":\"Meydan TV\",\"url\":\"https:\\\/\\\/www.meydan.tv\\\/az\\\/\",\"logo\":{\"@type\":\"ImageObject\",\"inLanguage\":\"az\",\"@id\":\"https:\\\/\\\/www.meydan.tv\\\/az\\\/#\\\/schema\\\/logo\\\/image\\\/\",\"url\":\"https:\\\/\\\/www.meydan.tv\\\/wp-content\\\/uploads\\\/2021\\\/07\\\/meydan-logo.svg\",\"contentUrl\":\"https:\\\/\\\/www.meydan.tv\\\/wp-content\\\/uploads\\\/2021\\\/07\\\/meydan-logo.svg\",\"width\":195,\"height\":46,\"caption\":\"Meydan TV\"},\"image\":{\"@id\":\"https:\\\/\\\/www.meydan.tv\\\/az\\\/#\\\/schema\\\/logo\\\/image\\\/\"}},{\"@type\":\"Person\",\"@id\":\"https:\\\/\\\/www.meydan.tv\\\/az\\\/#\\\/schema\\\/person\\\/10d11eccf6da3662cf5fdab9806ea91a\",\"name\":\"user-manager\"}]}<\/script>\n<!-- \/ Yoast SEO plugin. -->","yoast_head_json":{"title":"B\u0259rd\u0259 sakini: Aya\u011f\u0131n\u0131 \u00e7\u00f6l\u0259 at\u0131rsan, n\u0259cis ayaqqab\u0131n\u0131n alt\u0131na yap\u0131\u015f\u0131r - MEYDAN.TV","robots":{"index":"index","follow":"follow","max-snippet":"max-snippet:-1","max-image-preview":"max-image-preview:large","max-video-preview":"max-video-preview:-1"},"canonical":"https:\/\/www.meydan.tv\/az\/article\/berde-sakini-ayagini-cole-atirsan-necis-ayaqqabinin-altina-yapisir\/","og_locale":"az_AZ","og_type":"article","og_title":"B\u0259rd\u0259 sakini: Aya\u011f\u0131n\u0131 \u00e7\u00f6l\u0259 at\u0131rsan, n\u0259cis ayaqqab\u0131n\u0131n alt\u0131na yap\u0131\u015f\u0131r - MEYDAN.TV","og_description":"Sakinl\u0259rin dem\u0259sin\u0259 g\u00f6r\u0259, 2-3 g\u00fcn \u0259vv\u0259l\u0259d\u0259k binan\u0131n zirz\u0259misi d\u0259 \u00e7irkab sularla dolu imi\u015f","og_url":"https:\/\/www.meydan.tv\/az\/article\/berde-sakini-ayagini-cole-atirsan-necis-ayaqqabinin-altina-yapisir\/","og_site_name":"MEYDAN.TV","article_published_time":"2021-01-30T13:22:51+00:00","og_image":[{"width":1280,"height":720,"url":"https:\/\/www.meydan.tv\/wp-content\/uploads\/photo-2021-01-30-12-19-49-rotated.jpg","type":"image\/jpeg"}],"author":"user-manager","twitter_card":"summary_large_image","schema":{"@context":"https:\/\/schema.org","@graph":[{"@type":"Article","@id":"https:\/\/www.meydan.tv\/az\/article\/berde-sakini-ayagini-cole-atirsan-necis-ayaqqabinin-altina-yapisir\/#article","isPartOf":{"@id":"https:\/\/www.meydan.tv\/az\/article\/berde-sakini-ayagini-cole-atirsan-necis-ayaqqabinin-altina-yapisir\/"},"author":{"name":"user-manager","@id":"https:\/\/www.meydan.tv\/az\/#\/schema\/person\/10d11eccf6da3662cf5fdab9806ea91a"},"headline":"B\u0259rd\u0259 sakini: Aya\u011f\u0131n\u0131 \u00e7\u00f6l\u0259 at\u0131rsan, n\u0259cis ayaqqab\u0131n\u0131n alt\u0131na yap\u0131\u015f\u0131r","datePublished":"2021-01-30T13:22:51+00:00","mainEntityOfPage":{"@id":"https:\/\/www.meydan.tv\/az\/article\/berde-sakini-ayagini-cole-atirsan-necis-ayaqqabinin-altina-yapisir\/"},"wordCount":917,"publisher":{"@id":"https:\/\/www.meydan.tv\/az\/#organization"},"image":{"@id":"https:\/\/www.meydan.tv\/az\/article\/berde-sakini-ayagini-cole-atirsan-necis-ayaqqabinin-altina-yapisir\/#primaryimage"},"thumbnailUrl":"https:\/\/www.meydan.tv\/wp-content\/uploads\/photo-2021-01-30-12-19-49-rotated.jpg","articleSection":["B\u00f6lg\u0259"],"inLanguage":"az"},{"@type":"WebPage","@id":"https:\/\/www.meydan.tv\/az\/article\/berde-sakini-ayagini-cole-atirsan-necis-ayaqqabinin-altina-yapisir\/","url":"https:\/\/www.meydan.tv\/az\/article\/berde-sakini-ayagini-cole-atirsan-necis-ayaqqabinin-altina-yapisir\/","name":"B\u0259rd\u0259 sakini: Aya\u011f\u0131n\u0131 \u00e7\u00f6l\u0259 at\u0131rsan, n\u0259cis ayaqqab\u0131n\u0131n alt\u0131na yap\u0131\u015f\u0131r - MEYDAN.TV","isPartOf":{"@id":"https:\/\/www.meydan.tv\/az\/#website"},"primaryImageOfPage":{"@id":"https:\/\/www.meydan.tv\/az\/article\/berde-sakini-ayagini-cole-atirsan-necis-ayaqqabinin-altina-yapisir\/#primaryimage"},"image":{"@id":"https:\/\/www.meydan.tv\/az\/article\/berde-sakini-ayagini-cole-atirsan-necis-ayaqqabinin-altina-yapisir\/#primaryimage"},"thumbnailUrl":"https:\/\/www.meydan.tv\/wp-content\/uploads\/photo-2021-01-30-12-19-49-rotated.jpg","datePublished":"2021-01-30T13:22:51+00:00","breadcrumb":{"@id":"https:\/\/www.meydan.tv\/az\/article\/berde-sakini-ayagini-cole-atirsan-necis-ayaqqabinin-altina-yapisir\/#breadcrumb"},"inLanguage":"az","potentialAction":[{"@type":"ReadAction","target":["https:\/\/www.meydan.tv\/az\/article\/berde-sakini-ayagini-cole-atirsan-necis-ayaqqabinin-altina-yapisir\/"]}]},{"@type":"ImageObject","inLanguage":"az","@id":"https:\/\/www.meydan.tv\/az\/article\/berde-sakini-ayagini-cole-atirsan-necis-ayaqqabinin-altina-yapisir\/#primaryimage","url":"https:\/\/www.meydan.tv\/wp-content\/uploads\/photo-2021-01-30-12-19-49-rotated.jpg","contentUrl":"https:\/\/www.meydan.tv\/wp-content\/uploads\/photo-2021-01-30-12-19-49-rotated.jpg","width":1280,"height":720,"caption":"Source: Specify Source"},{"@type":"BreadcrumbList","@id":"https:\/\/www.meydan.tv\/az\/article\/berde-sakini-ayagini-cole-atirsan-necis-ayaqqabinin-altina-yapisir\/#breadcrumb","itemListElement":[{"@type":"ListItem","position":1,"name":"Ana s\u0259hif\u0259","item":"https:\/\/www.meydan.tv\/az\/"},{"@type":"ListItem","position":2,"name":"B\u00f6lg\u0259","item":"https:\/\/www.meydan.tv\/az\/section\/bolge\/"},{"@type":"ListItem","position":3,"name":"B\u0259rd\u0259 sakini: Aya\u011f\u0131n\u0131 \u00e7\u00f6l\u0259 at\u0131rsan, n\u0259cis ayaqqab\u0131n\u0131n alt\u0131na yap\u0131\u015f\u0131r"}]},{"@type":"WebSite","@id":"https:\/\/www.meydan.tv\/az\/#website","url":"https:\/\/www.meydan.tv\/az\/","name":"MEYDAN.TV","description":"Meydan TV Az\u0259rbaycan\u0131n media m\u0259kan\u0131ndak\u0131 alternativ s\u0259sidir","publisher":{"@id":"https:\/\/www.meydan.tv\/az\/#organization"},"potentialAction":[{"@type":"SearchAction","target":{"@type":"EntryPoint","urlTemplate":"https:\/\/www.meydan.tv\/az\/?s={search_term_string}"},"query-input":{"@type":"PropertyValueSpecification","valueRequired":true,"valueName":"search_term_string"}}],"inLanguage":"az"},{"@type":"Organization","@id":"https:\/\/www.meydan.tv\/az\/#organization","name":"Meydan TV","url":"https:\/\/www.meydan.tv\/az\/","logo":{"@type":"ImageObject","inLanguage":"az","@id":"https:\/\/www.meydan.tv\/az\/#\/schema\/logo\/image\/","url":"https:\/\/www.meydan.tv\/wp-content\/uploads\/2021\/07\/meydan-logo.svg","contentUrl":"https:\/\/www.meydan.tv\/wp-content\/uploads\/2021\/07\/meydan-logo.svg","width":195,"height":46,"caption":"Meydan TV"},"image":{"@id":"https:\/\/www.meydan.tv\/az\/#\/schema\/logo\/image\/"}},{"@type":"Person","@id":"https:\/\/www.meydan.tv\/az\/#\/schema\/person\/10d11eccf6da3662cf5fdab9806ea91a","name":"user-manager"}]}},"_links":{"self":[{"href":"https:\/\/www.meydan.tv\/az\/wp-json\/wp\/v2\/posts\/204724","targetHints":{"allow":["GET"]}}],"collection":[{"href":"https:\/\/www.meydan.tv\/az\/wp-json\/wp\/v2\/posts"}],"about":[{"href":"https:\/\/www.meydan.tv\/az\/wp-json\/wp\/v2\/types\/post"}],"author":[{"embeddable":true,"href":"https:\/\/www.meydan.tv\/az\/wp-json\/wp\/v2\/users\/11"}],"replies":[{"embeddable":true,"href":"https:\/\/www.meydan.tv\/az\/wp-json\/wp\/v2\/comments?post=204724"}],"version-history":[{"count":0,"href":"https:\/\/www.meydan.tv\/az\/wp-json\/wp\/v2\/posts\/204724\/revisions"}],"wp:featuredmedia":[{"embeddable":true,"href":"https:\/\/www.meydan.tv\/az\/wp-json\/wp\/v2\/media\/155598"}],"wp:attachment":[{"href":"https:\/\/www.meydan.tv\/az\/wp-json\/wp\/v2\/media?parent=204724"}],"wp:term":[{"taxonomy":"category","embeddable":true,"href":"https:\/\/www.meydan.tv\/az\/wp-json\/wp\/v2\/categories?post=204724"},{"taxonomy":"post_tag","embeddable":true,"href":"https:\/\/www.meydan.tv\/az\/wp-json\/wp\/v2\/tags?post=204724"}],"curies":[{"name":"wp","href":"https:\/\/api.w.org\/{rel}","templated":true}]}}