{"id":204722,"date":"2021-01-29T15:42:25","date_gmt":"2021-01-29T15:42:25","guid":{"rendered":"https:\/\/www.meydan.tv\/article\/reis-muavini-meni-dizuste-cokdurdu-uzr-istemeye-mecbur-etdi-ve-bunu-telefonla-cekdi\/"},"modified":"2021-01-29T15:42:25","modified_gmt":"2021-01-29T15:42:25","slug":"reis-muavini-meni-dizuste-cokdurdu-uzr-istemeye-mecbur-etdi-ve-bunu-telefonla-cekdi","status":"publish","type":"post","link":"https:\/\/www.meydan.tv\/az\/article\/reis-muavini-meni-dizuste-cokdurdu-uzr-istemeye-mecbur-etdi-ve-bunu-telefonla-cekdi\/","title":{"rendered":"\u201cR\u0259is m\u00fcavini m\u0259ni diz\u00fcst\u0259 \u00e7\u00f6kd\u00fcrd\u00fc, \u00fczr ist\u0259m\u0259y\u0259 m\u0259cbur etdi v\u0259 bunu telefonla \u00e7\u0259kdi\u201d"},"content":{"rendered":"<p>\n  <i><br \/>\n    Ming\u0259\u00e7evir sakini polis \u015f\u00f6b\u0259sind\u0259 t\u0259hqir v\u0259 fiziki zora m\u0259ruz qald\u0131\u011f\u0131n\u0131 iddia edir<br \/>\n  <\/i>\n<\/p>\n<p>\n  \u201cR\u0259is m\u00fcavini \u00f6z ota\u011f\u0131nda m\u0259ni sill\u0259-t\u0259pikl\u0259 vurdu, k\u00fc\u00e7\u0259 s\u00f6y\u00fc\u015fl\u0259riyl\u0259 t\u0259hqir etdi, sonra da diz\u00fcst\u0259 \u00e7\u00f6kd\u00fcrd\u00fc, \u00fczr ist\u0259m\u0259yimi t\u0259l\u0259b etdi\u201d.\n<\/p>\n<p>\n  Ming\u0259\u00e7evir \u015f\u0259h\u0259r sakini S\u0259rdar \u018fsg\u0259rov Meydan TV-y\u0259 dan\u0131\u015f\u0131r ki, yanvar\u0131n 26-da s\u0259h\u0259r saatlar\u0131nda onu ya\u015fad\u0131\u011f\u0131 evin qar\u015f\u0131s\u0131ndan zorla ma\u015f\u0131na mindir\u0259r\u0259k Ming\u0259\u00e7evir \u015f\u0259h\u0259r polis \u015f\u00f6b\u0259sin\u0259 apar\u0131blar. Orada \u015f\u00f6b\u0259nin r\u0259is m\u00fcavini onunla kobud davran\u0131b, sosial \u015f\u0259b\u0259k\u0259l\u0259rd\u0259ki yaz\u0131lar\u0131na g\u00f6r\u0259 \u00fczr ist\u0259m\u0259sini t\u0259l\u0259b edib.\n<\/p>\n<p>\n  <b><br \/>\n    \u201cM\u0259ni ma\u015f\u0131na bas\u0131b polis \u015f\u00f6b\u0259sin\u0259 apard\u0131lar\u201d<br \/>\n  <\/b>\n<\/p>\n<p>\n  \u201cS\u0259h\u0259r saat 10 rad\u0259l\u0259rind\u0259 ya\u015fad\u0131\u011f\u0131m \u00fcnvan\u0131n qap\u0131s\u0131n\u0131 m\u00fclki geyimli bir n\u0259f\u0259r d\u00f6yd\u00fc. Dedi, onu m\u0259nim dal\u0131mca Ming\u0259\u00e7evirin M\u0259\u015f\u011fulluq M\u0259rk\u0259zind\u0259n g\u00f6nd\u0259ribl\u0259r, guya m\u0259n\u0259 i\u015f t\u0259klifi var v\u0259 onunla birlikd\u0259 M\u0259\u015f\u011fulluq M\u0259rk\u0259zin\u0259 getm\u0259liy\u0259m. Qap\u0131ya \u00e7\u0131xd\u0131m, dedim, maraql\u0131d\u0131r, ax\u0131 m\u0259n i\u015f \u00fc\u00e7\u00fcn he\u00e7 yer\u0259 m\u00fcraci\u0259t etm\u0259mi\u015f\u0259m. El\u0259 h\u0259min adamla dan\u0131\u015f\u0131rd\u0131m ki, q\u0259fil daha \u00fc\u00e7 m\u00fclkigeyimli \u015f\u0259xs m\u0259n\u0259 h\u00fccum etdi, s\u0259n dem\u0259 bunlar M\u0259\u015f\u011fulluq M\u0259rk\u0259zind\u0259n yox, polis \u015f\u00f6b\u0259sind\u0259n g\u0259libl\u0259r, polis i\u015f\u00e7il\u0259ridir. Bel\u0259c\u0259, m\u0259ni aldad\u0131b, evd\u0259n \u00e7\u0131xar\u0131b, azya\u015fl\u0131 \u00f6vlad\u0131m\u0131n g\u00f6z\u00fc qar\u015f\u0131s\u0131nda zor t\u0259tbiq ed\u0259r\u0259k ma\u015f\u0131na mindirib polis \u015f\u00f6b\u0259sin\u0259 g\u00f6t\u00fcrd\u00fcl\u0259r\u201d.\n<\/p>\n<p>\n  S\u0259rdar \u018fsg\u0259rovun s\u00f6zl\u0259rin\u0259 g\u00f6r\u0259, onu \u015f\u00f6b\u0259nin binas\u0131n\u0131n 3-c\u00fc m\u0259rt\u0259b\u0259sin\u0259 &#8211; r\u0259is m\u00fcavini Cavid Tal\u0131bovun ota\u011f\u0131na \u00e7\u0131xar\u0131blar. Ota\u011fa daxil olan kimi r\u0259is m\u00fcavini onu t\u0259hqir edib.\n<\/p>\n<p>\n  <b><br \/>\n    \u201cOta\u011fa gir\u0259n kimi m\u0259ni sill\u0259yl\u0259, t\u0259pikl\u0259 vurdu\u201d<br \/>\n  <\/b>\n<\/p>\n<p>\n  \u201cM\u0259n\u0259 sill\u0259-t\u0259pik vurdu, n\u0259sil-n\u0259cab\u0259timin \u00fcnvan\u0131na el\u0259 s\u00f6y\u00fc\u015fl\u0259r i\u015fl\u0259tdi ki, dilim\u0259 g\u0259tir\u0259 bilmir\u0259m. Dedi, s\u0259n kims\u0259n ki, icra hakimiyy\u0259tinin ba\u015f\u00e7\u0131s\u0131na, polis r\u0259isin\u0259 sosial \u015f\u0259b\u0259k\u0259l\u0259rd\u0259 a\u011fz\u0131na g\u0259l\u0259ni yaz\u0131rsan, deyirs\u0259n? Sonra m\u0259ni diz \u00e7\u00f6km\u0259y\u0259, \u00fczr ist\u0259m\u0259y\u0259 m\u0259cbur etdi. Polis i\u015f\u00e7il\u0259ri boynumun ard\u0131ndan, aya\u011f\u0131mdan vuraraq m\u0259n\u0259 zorla diz \u00e7\u00f6kd\u00fcrd\u00fcl\u0259r. Cavid Tal\u0131bov is\u0259 \u0259lind\u0259 telefonla m\u0259ni \u00e7\u0259km\u0259y\u0259 ba\u015flad\u0131 v\u0259 t\u0259l\u0259b etdi ki, \u00fcz\u00fcm\u00fc telefonun kameras\u0131na tutub icra hakimiyy\u0259tinin ba\u015f\u00e7\u0131s\u0131ndan da, polis r\u0259isind\u0259n d\u0259 \u00fczr ist\u0259yim\u201d, &#8211; \u015fikay\u0259t\u00e7i bildirir.\n<\/p>\n<p>\n  S\u0259rdar \u018fsg\u0259rov deyir, polis \u015f\u00f6b\u0259sin\u0259 apar\u0131lmam\u0131\u015fdan \u0259vv\u0259l o, \u201cFacebook\u201d s\u0259hif\u0259sind\u0259 Ming\u0259\u00e7evir M\u0259nzil Abadla\u015fd\u0131rma \u0130dar\u0259sind\u0259 dalandar v\u0259zif\u0259sind\u0259 i\u015fl\u0259y\u0259n qad\u0131nlar\u0131n 2 ild\u0259n \u00e7oxdur maa\u015f almamalar\u0131, pandemiya vaxt\u0131 yard\u0131mlardan m\u0259hrum olmalar\u0131 il\u0259 ba\u011fl\u0131 h\u0259m yaz\u0131l\u0131, h\u0259m d\u0259 canl\u0131 yay\u0131m \u015f\u0259klind\u0259 \u00e7\u0131x\u0131\u015flar edib. Ming\u0259\u00e7evir \u015e\u0259h\u0259r \u0130cra Hakimiyy\u0259tinin ba\u015f\u00e7\u0131s\u0131 \u0130lham \u0130smay\u0131lovu, aksiya ke\u00e7ir\u0259n dalandar qad\u0131nlar\u0131n aksiyas\u0131na mane olan Ming\u0259\u00e7evir \u015e\u0259h\u0259r Polis \u0130dar\u0259sinin r\u0259isini t\u0259nqid edib. Polis \u015f\u00f6b\u0259sinin r\u0259is m\u00fcavini d\u0259 ondan a\u015fa\u011f\u0131layay\u0131c\u0131 \u015f\u0259kild\u0259 t\u0259l\u0259b edib ki, h\u0259m ba\u015f\u00e7\u0131dan, h\u0259m polis r\u0259isind\u0259n \u00fczr ist\u0259sin.\n<\/p>\n<figure class=\"wp-block-image size-large\">\n  <img decoding=\"async\" src=\"https:\/\/www.meydan.tv\/az\/img_6047-jpg\/\" alt=\"img_6047.jpg\" class=\"wp-image-155586\"\/><figcaption>\n    Ming\u0259\u00e7evir \u015e\u0259h\u0259r \u0130cra Hakimiyy\u0259ti aparat\u0131n\u0131n h\u00fcquq \u015f\u00f6b\u0259sinin m\u00fcdirinin cavab m\u0259ktubu<br \/>\n  <\/figcaption><\/figure>\n<p>\n  <b><br \/>\n    \u201cX\u0131rda xuliqanl\u0131q ad\u0131yla 50 manat c\u0259rim\u0259l\u0259ndim\u201d<br \/>\n  <\/b>\n<\/p>\n<p>\n  S\u0259rdar \u018fsg\u0259rovun dem\u0259sin\u0259 g\u00f6r\u0259, h\u0259min g\u00fcn m\u0259hk\u0259m\u0259 onu c\u0259rim\u0259l\u0259y\u0259nd\u0259n sonra ev\u0259 burax\u0131l\u0131b. \u015e\u00f6b\u0259y\u0259 g\u0259tiril\u0259rk\u0259n \u0259lind\u0259n al\u0131nm\u0131\u015f iki telefonunu is\u0259 \u015f\u00f6b\u0259nin r\u0259is m\u00fcavinind\u0259n zorla geri ala bilib:\n<\/p>\n<p>\n  \u201cYanvar\u0131n 26-da saatlarla polis \u015f\u00f6b\u0259sind\u0259 saxlan\u0131ld\u0131qdan sonra m\u0259ni t\u0259xmin\u0259n saat 16 rad\u0259l\u0259rind\u0259 m\u0259hk\u0259m\u0259y\u0259 apard\u0131lar, \u0130nzibati X\u0259talar M\u0259c\u0259ll\u0259sinin 510-cu madd\u0259siyl\u0259 50 manat c\u0259rim\u0259l\u0259dikd\u0259n sonra ev\u0259 buraxd\u0131lar. Ancaq telefonlar\u0131m r\u0259is m\u00fcavinind\u0259 qalm\u0131\u015fd\u0131 v\u0259 bir ne\u00e7\u0259 g\u00fcnl\u00fck s\u00fcr\u00fcnd\u00fcrm\u0259\u00e7ilikd\u0259n sonra n\u0259hay\u0259t, telefonlar\u0131m\u0131 geri ala bildim. H\u0259r iki telefonu format etmi\u015fdil\u0259r dey\u0259, sosial \u015f\u0259b\u0259k\u0259l\u0259rd\u0259ki s\u0259hif\u0259l\u0259rim silinmi\u015fdi. R\u0259is m\u00fcavini m\u0259ni h\u0259d\u0259l\u0259di ki, bir d\u0259 sosial \u015f\u0259b\u0259k\u0259l\u0259rd\u0259 yazsam, bir yolunu tap\u0131b, m\u0259ni h\u0259bs\u0259 atd\u0131racaq\u201d.\n<\/p>\n<p>\n  Ming\u0259\u00e7evir \u015e\u0259h\u0259r Polis \u0130dar\u0259sind\u0259n Meydan TV-y\u0259 bildirilib ki, S\u0259rdar \u018fsg\u0259rov yanvar\u0131n 26-da x\u0131rda xuliqanl\u0131\u011fa g\u00f6r\u0259 saxlan\u0131l\u0131b, bar\u0259sind\u0259 inzibati protokol t\u0259rtib olunub, Ming\u0259\u00e7evir \u015e\u0259h\u0259r M\u0259hk\u0259m\u0259sin\u0259 g\u00f6nd\u0259rilib, \u0130nzibati X\u0259talar M\u0259c\u0259ll\u0259sinin 510-cu madd\u0259siyl\u0259 t\u0259qsirl\u0259ndiril\u0259r\u0259k 50 manat m\u0259bl\u0259\u011find\u0259 c\u0259rim\u0259l\u0259nib. Polis \u015f\u00f6b\u0259sind\u0259\u015f bildirilib ki, S\u0259rdar \u018fsg\u0259rovun t\u0259hqir\u0259 v\u0259 fiziki t\u0259zyiq\u0259 m\u0259ruz qalmas\u0131yla ba\u011fl\u0131 dedikl\u0259ri h\u0259qiq\u0259t\u0259uy\u011fun deyil.\n<\/p>\n<p>\n  Ming\u0259\u00e7evir \u015e\u0259h\u0259r \u0130cra Hakimiyy\u0259tind\u0259n is\u0259 bildirilib ki, S\u0259rdar \u018fsg\u0259rovun ba\u015f\u00e7\u0131n\u0131n sifari\u015fiyl\u0259 tutularaq polis \u015f\u00f6b\u0259sin\u0259 apar\u0131lmas\u0131yla ba\u011fl\u0131 dedikl\u0259ri b\u00f6htand\u0131r. \u0130cra hakimiyy\u0259ti onun sosial \u015f\u0259b\u0259k\u0259l\u0259rd\u0259ki \u00e7\u0131x\u0131\u015flar\u0131n\u0131 \u015f\u0259r, b\u00f6htan adland\u0131r\u0131b. Qurumdan Meydan TV-y\u0259 bildirilib ki, h\u0259tta S\u0259rdar \u018fsg\u0259rova r\u0259smi m\u0259ktub g\u00f6nd\u0259ril\u0259r\u0259k x\u0259b\u0259rdarl\u0131q da olunub.<\/p>\n","protected":false},"excerpt":{"rendered":"<p>S\u0259rdar \u018fsg\u0259rovun dem\u0259sin\u0259 g\u00f6r\u0259, h\u0259min g\u00fcn m\u0259hk\u0259m\u0259 onu c\u0259rim\u0259l\u0259y\u0259nd\u0259n sonra ev\u0259 burax\u0131l\u0131b. \u015e\u00f6b\u0259y\u0259 g\u0259tiril\u0259rk\u0259n \u0259lind\u0259n al\u0131nm\u0131\u015f iki telefonunu is\u0259 \u015f\u00f6b\u0259nin r\u0259is m\u00fcavinind\u0259n zorla geri ala bilib<\/p>\n","protected":false},"author":11,"featured_media":155583,"comment_status":"closed","ping_status":"open","sticky":false,"template":"","format":"standard","meta":{"_acf_changed":false,"_sitemap_exclude":false,"_sitemap_priority":"","_sitemap_frequency":"","footnotes":""},"categories":[60],"tags":[],"class_list":["post-204722","post","type-post","status-publish","format-standard","has-post-thumbnail","hentry","category-bolge","infinite-scroll-item","generate-columns","tablet-grid-50","mobile-grid-100","grid-parent","grid-33","no-featured-image-padding"],"acf":[],"yoast_head":"<!-- This site is optimized with the Yoast SEO plugin v27.5 - https:\/\/yoast.com\/product\/yoast-seo-wordpress\/ -->\n<title>\u201cR\u0259is m\u00fcavini m\u0259ni diz\u00fcst\u0259 \u00e7\u00f6kd\u00fcrd\u00fc, \u00fczr ist\u0259m\u0259y\u0259 m\u0259cbur etdi v\u0259 bunu telefonla \u00e7\u0259kdi\u201d - MEYDAN.TV<\/title>\n<meta name=\"robots\" content=\"index, follow, max-snippet:-1, max-image-preview:large, max-video-preview:-1\" \/>\n<link rel=\"canonical\" href=\"https:\/\/www.meydan.tv\/az\/article\/reis-muavini-meni-dizuste-cokdurdu-uzr-istemeye-mecbur-etdi-ve-bunu-telefonla-cekdi\/\" \/>\n<meta property=\"og:locale\" content=\"az_AZ\" \/>\n<meta property=\"og:type\" content=\"article\" \/>\n<meta property=\"og:title\" content=\"\u201cR\u0259is m\u00fcavini m\u0259ni diz\u00fcst\u0259 \u00e7\u00f6kd\u00fcrd\u00fc, \u00fczr ist\u0259m\u0259y\u0259 m\u0259cbur etdi v\u0259 bunu telefonla \u00e7\u0259kdi\u201d - MEYDAN.TV\" \/>\n<meta property=\"og:description\" content=\"S\u0259rdar \u018fsg\u0259rovun dem\u0259sin\u0259 g\u00f6r\u0259, h\u0259min g\u00fcn m\u0259hk\u0259m\u0259 onu c\u0259rim\u0259l\u0259y\u0259nd\u0259n sonra ev\u0259 burax\u0131l\u0131b. \u015e\u00f6b\u0259y\u0259 g\u0259tiril\u0259rk\u0259n \u0259lind\u0259n al\u0131nm\u0131\u015f iki telefonunu is\u0259 \u015f\u00f6b\u0259nin r\u0259is m\u00fcavinind\u0259n zorla geri ala bilib\" \/>\n<meta property=\"og:url\" content=\"https:\/\/www.meydan.tv\/az\/article\/reis-muavini-meni-dizuste-cokdurdu-uzr-istemeye-mecbur-etdi-ve-bunu-telefonla-cekdi\/\" \/>\n<meta property=\"og:site_name\" content=\"MEYDAN.TV\" \/>\n<meta property=\"article:published_time\" content=\"2021-01-29T15:42:25+00:00\" \/>\n<meta property=\"og:image\" content=\"https:\/\/www.meydan.tv\/wp-content\/uploads\/img_6046.jpg\" \/>\n\t<meta property=\"og:image:width\" content=\"1056\" \/>\n\t<meta property=\"og:image:height\" content=\"784\" \/>\n\t<meta property=\"og:image:type\" content=\"image\/jpeg\" \/>\n<meta name=\"author\" content=\"user-manager\" \/>\n<meta name=\"twitter:card\" content=\"summary_large_image\" \/>\n<script type=\"application\/ld+json\" class=\"yoast-schema-graph\">{\"@context\":\"https:\\\/\\\/schema.org\",\"@graph\":[{\"@type\":\"Article\",\"@id\":\"https:\\\/\\\/www.meydan.tv\\\/az\\\/article\\\/reis-muavini-meni-dizuste-cokdurdu-uzr-istemeye-mecbur-etdi-ve-bunu-telefonla-cekdi\\\/#article\",\"isPartOf\":{\"@id\":\"https:\\\/\\\/www.meydan.tv\\\/az\\\/article\\\/reis-muavini-meni-dizuste-cokdurdu-uzr-istemeye-mecbur-etdi-ve-bunu-telefonla-cekdi\\\/\"},\"author\":{\"name\":\"user-manager\",\"@id\":\"https:\\\/\\\/www.meydan.tv\\\/az\\\/#\\\/schema\\\/person\\\/10d11eccf6da3662cf5fdab9806ea91a\"},\"headline\":\"\u201cR\u0259is m\u00fcavini m\u0259ni diz\u00fcst\u0259 \u00e7\u00f6kd\u00fcrd\u00fc, \u00fczr ist\u0259m\u0259y\u0259 m\u0259cbur etdi v\u0259 bunu telefonla \u00e7\u0259kdi\u201d\",\"datePublished\":\"2021-01-29T15:42:25+00:00\",\"mainEntityOfPage\":{\"@id\":\"https:\\\/\\\/www.meydan.tv\\\/az\\\/article\\\/reis-muavini-meni-dizuste-cokdurdu-uzr-istemeye-mecbur-etdi-ve-bunu-telefonla-cekdi\\\/\"},\"wordCount\":1024,\"publisher\":{\"@id\":\"https:\\\/\\\/www.meydan.tv\\\/az\\\/#organization\"},\"image\":{\"@id\":\"https:\\\/\\\/www.meydan.tv\\\/az\\\/article\\\/reis-muavini-meni-dizuste-cokdurdu-uzr-istemeye-mecbur-etdi-ve-bunu-telefonla-cekdi\\\/#primaryimage\"},\"thumbnailUrl\":\"https:\\\/\\\/www.meydan.tv\\\/wp-content\\\/uploads\\\/img_6046.jpg\",\"articleSection\":[\"B\u00f6lg\u0259\"],\"inLanguage\":\"az\"},{\"@type\":\"WebPage\",\"@id\":\"https:\\\/\\\/www.meydan.tv\\\/az\\\/article\\\/reis-muavini-meni-dizuste-cokdurdu-uzr-istemeye-mecbur-etdi-ve-bunu-telefonla-cekdi\\\/\",\"url\":\"https:\\\/\\\/www.meydan.tv\\\/az\\\/article\\\/reis-muavini-meni-dizuste-cokdurdu-uzr-istemeye-mecbur-etdi-ve-bunu-telefonla-cekdi\\\/\",\"name\":\"\u201cR\u0259is m\u00fcavini m\u0259ni diz\u00fcst\u0259 \u00e7\u00f6kd\u00fcrd\u00fc, \u00fczr ist\u0259m\u0259y\u0259 m\u0259cbur etdi v\u0259 bunu telefonla \u00e7\u0259kdi\u201d - MEYDAN.TV\",\"isPartOf\":{\"@id\":\"https:\\\/\\\/www.meydan.tv\\\/az\\\/#website\"},\"primaryImageOfPage\":{\"@id\":\"https:\\\/\\\/www.meydan.tv\\\/az\\\/article\\\/reis-muavini-meni-dizuste-cokdurdu-uzr-istemeye-mecbur-etdi-ve-bunu-telefonla-cekdi\\\/#primaryimage\"},\"image\":{\"@id\":\"https:\\\/\\\/www.meydan.tv\\\/az\\\/article\\\/reis-muavini-meni-dizuste-cokdurdu-uzr-istemeye-mecbur-etdi-ve-bunu-telefonla-cekdi\\\/#primaryimage\"},\"thumbnailUrl\":\"https:\\\/\\\/www.meydan.tv\\\/wp-content\\\/uploads\\\/img_6046.jpg\",\"datePublished\":\"2021-01-29T15:42:25+00:00\",\"breadcrumb\":{\"@id\":\"https:\\\/\\\/www.meydan.tv\\\/az\\\/article\\\/reis-muavini-meni-dizuste-cokdurdu-uzr-istemeye-mecbur-etdi-ve-bunu-telefonla-cekdi\\\/#breadcrumb\"},\"inLanguage\":\"az\",\"potentialAction\":[{\"@type\":\"ReadAction\",\"target\":[\"https:\\\/\\\/www.meydan.tv\\\/az\\\/article\\\/reis-muavini-meni-dizuste-cokdurdu-uzr-istemeye-mecbur-etdi-ve-bunu-telefonla-cekdi\\\/\"]}]},{\"@type\":\"ImageObject\",\"inLanguage\":\"az\",\"@id\":\"https:\\\/\\\/www.meydan.tv\\\/az\\\/article\\\/reis-muavini-meni-dizuste-cokdurdu-uzr-istemeye-mecbur-etdi-ve-bunu-telefonla-cekdi\\\/#primaryimage\",\"url\":\"https:\\\/\\\/www.meydan.tv\\\/wp-content\\\/uploads\\\/img_6046.jpg\",\"contentUrl\":\"https:\\\/\\\/www.meydan.tv\\\/wp-content\\\/uploads\\\/img_6046.jpg\",\"width\":1056,\"height\":784,\"caption\":\"Source: Specify Source\"},{\"@type\":\"BreadcrumbList\",\"@id\":\"https:\\\/\\\/www.meydan.tv\\\/az\\\/article\\\/reis-muavini-meni-dizuste-cokdurdu-uzr-istemeye-mecbur-etdi-ve-bunu-telefonla-cekdi\\\/#breadcrumb\",\"itemListElement\":[{\"@type\":\"ListItem\",\"position\":1,\"name\":\"Ana s\u0259hif\u0259\",\"item\":\"https:\\\/\\\/www.meydan.tv\\\/az\\\/\"},{\"@type\":\"ListItem\",\"position\":2,\"name\":\"B\u00f6lg\u0259\",\"item\":\"https:\\\/\\\/www.meydan.tv\\\/az\\\/section\\\/bolge\\\/\"},{\"@type\":\"ListItem\",\"position\":3,\"name\":\"\u201cR\u0259is m\u00fcavini m\u0259ni diz\u00fcst\u0259 \u00e7\u00f6kd\u00fcrd\u00fc, \u00fczr ist\u0259m\u0259y\u0259 m\u0259cbur etdi v\u0259 bunu telefonla \u00e7\u0259kdi\u201d\"}]},{\"@type\":\"WebSite\",\"@id\":\"https:\\\/\\\/www.meydan.tv\\\/az\\\/#website\",\"url\":\"https:\\\/\\\/www.meydan.tv\\\/az\\\/\",\"name\":\"MEYDAN.TV\",\"description\":\"Meydan TV Az\u0259rbaycan\u0131n media m\u0259kan\u0131ndak\u0131 alternativ s\u0259sidir\",\"publisher\":{\"@id\":\"https:\\\/\\\/www.meydan.tv\\\/az\\\/#organization\"},\"potentialAction\":[{\"@type\":\"SearchAction\",\"target\":{\"@type\":\"EntryPoint\",\"urlTemplate\":\"https:\\\/\\\/www.meydan.tv\\\/az\\\/?s={search_term_string}\"},\"query-input\":{\"@type\":\"PropertyValueSpecification\",\"valueRequired\":true,\"valueName\":\"search_term_string\"}}],\"inLanguage\":\"az\"},{\"@type\":\"Organization\",\"@id\":\"https:\\\/\\\/www.meydan.tv\\\/az\\\/#organization\",\"name\":\"Meydan TV\",\"url\":\"https:\\\/\\\/www.meydan.tv\\\/az\\\/\",\"logo\":{\"@type\":\"ImageObject\",\"inLanguage\":\"az\",\"@id\":\"https:\\\/\\\/www.meydan.tv\\\/az\\\/#\\\/schema\\\/logo\\\/image\\\/\",\"url\":\"https:\\\/\\\/www.meydan.tv\\\/wp-content\\\/uploads\\\/2021\\\/07\\\/meydan-logo.svg\",\"contentUrl\":\"https:\\\/\\\/www.meydan.tv\\\/wp-content\\\/uploads\\\/2021\\\/07\\\/meydan-logo.svg\",\"width\":195,\"height\":46,\"caption\":\"Meydan TV\"},\"image\":{\"@id\":\"https:\\\/\\\/www.meydan.tv\\\/az\\\/#\\\/schema\\\/logo\\\/image\\\/\"}},{\"@type\":\"Person\",\"@id\":\"https:\\\/\\\/www.meydan.tv\\\/az\\\/#\\\/schema\\\/person\\\/10d11eccf6da3662cf5fdab9806ea91a\",\"name\":\"user-manager\"}]}<\/script>\n<!-- \/ Yoast SEO plugin. -->","yoast_head_json":{"title":"\u201cR\u0259is m\u00fcavini m\u0259ni diz\u00fcst\u0259 \u00e7\u00f6kd\u00fcrd\u00fc, \u00fczr ist\u0259m\u0259y\u0259 m\u0259cbur etdi v\u0259 bunu telefonla \u00e7\u0259kdi\u201d - MEYDAN.TV","robots":{"index":"index","follow":"follow","max-snippet":"max-snippet:-1","max-image-preview":"max-image-preview:large","max-video-preview":"max-video-preview:-1"},"canonical":"https:\/\/www.meydan.tv\/az\/article\/reis-muavini-meni-dizuste-cokdurdu-uzr-istemeye-mecbur-etdi-ve-bunu-telefonla-cekdi\/","og_locale":"az_AZ","og_type":"article","og_title":"\u201cR\u0259is m\u00fcavini m\u0259ni diz\u00fcst\u0259 \u00e7\u00f6kd\u00fcrd\u00fc, \u00fczr ist\u0259m\u0259y\u0259 m\u0259cbur etdi v\u0259 bunu telefonla \u00e7\u0259kdi\u201d - MEYDAN.TV","og_description":"S\u0259rdar \u018fsg\u0259rovun dem\u0259sin\u0259 g\u00f6r\u0259, h\u0259min g\u00fcn m\u0259hk\u0259m\u0259 onu c\u0259rim\u0259l\u0259y\u0259nd\u0259n sonra ev\u0259 burax\u0131l\u0131b. \u015e\u00f6b\u0259y\u0259 g\u0259tiril\u0259rk\u0259n \u0259lind\u0259n al\u0131nm\u0131\u015f iki telefonunu is\u0259 \u015f\u00f6b\u0259nin r\u0259is m\u00fcavinind\u0259n zorla geri ala bilib","og_url":"https:\/\/www.meydan.tv\/az\/article\/reis-muavini-meni-dizuste-cokdurdu-uzr-istemeye-mecbur-etdi-ve-bunu-telefonla-cekdi\/","og_site_name":"MEYDAN.TV","article_published_time":"2021-01-29T15:42:25+00:00","og_image":[{"width":1056,"height":784,"url":"https:\/\/www.meydan.tv\/wp-content\/uploads\/img_6046.jpg","type":"image\/jpeg"}],"author":"user-manager","twitter_card":"summary_large_image","schema":{"@context":"https:\/\/schema.org","@graph":[{"@type":"Article","@id":"https:\/\/www.meydan.tv\/az\/article\/reis-muavini-meni-dizuste-cokdurdu-uzr-istemeye-mecbur-etdi-ve-bunu-telefonla-cekdi\/#article","isPartOf":{"@id":"https:\/\/www.meydan.tv\/az\/article\/reis-muavini-meni-dizuste-cokdurdu-uzr-istemeye-mecbur-etdi-ve-bunu-telefonla-cekdi\/"},"author":{"name":"user-manager","@id":"https:\/\/www.meydan.tv\/az\/#\/schema\/person\/10d11eccf6da3662cf5fdab9806ea91a"},"headline":"\u201cR\u0259is m\u00fcavini m\u0259ni diz\u00fcst\u0259 \u00e7\u00f6kd\u00fcrd\u00fc, \u00fczr ist\u0259m\u0259y\u0259 m\u0259cbur etdi v\u0259 bunu telefonla \u00e7\u0259kdi\u201d","datePublished":"2021-01-29T15:42:25+00:00","mainEntityOfPage":{"@id":"https:\/\/www.meydan.tv\/az\/article\/reis-muavini-meni-dizuste-cokdurdu-uzr-istemeye-mecbur-etdi-ve-bunu-telefonla-cekdi\/"},"wordCount":1024,"publisher":{"@id":"https:\/\/www.meydan.tv\/az\/#organization"},"image":{"@id":"https:\/\/www.meydan.tv\/az\/article\/reis-muavini-meni-dizuste-cokdurdu-uzr-istemeye-mecbur-etdi-ve-bunu-telefonla-cekdi\/#primaryimage"},"thumbnailUrl":"https:\/\/www.meydan.tv\/wp-content\/uploads\/img_6046.jpg","articleSection":["B\u00f6lg\u0259"],"inLanguage":"az"},{"@type":"WebPage","@id":"https:\/\/www.meydan.tv\/az\/article\/reis-muavini-meni-dizuste-cokdurdu-uzr-istemeye-mecbur-etdi-ve-bunu-telefonla-cekdi\/","url":"https:\/\/www.meydan.tv\/az\/article\/reis-muavini-meni-dizuste-cokdurdu-uzr-istemeye-mecbur-etdi-ve-bunu-telefonla-cekdi\/","name":"\u201cR\u0259is m\u00fcavini m\u0259ni diz\u00fcst\u0259 \u00e7\u00f6kd\u00fcrd\u00fc, \u00fczr ist\u0259m\u0259y\u0259 m\u0259cbur etdi v\u0259 bunu telefonla \u00e7\u0259kdi\u201d - MEYDAN.TV","isPartOf":{"@id":"https:\/\/www.meydan.tv\/az\/#website"},"primaryImageOfPage":{"@id":"https:\/\/www.meydan.tv\/az\/article\/reis-muavini-meni-dizuste-cokdurdu-uzr-istemeye-mecbur-etdi-ve-bunu-telefonla-cekdi\/#primaryimage"},"image":{"@id":"https:\/\/www.meydan.tv\/az\/article\/reis-muavini-meni-dizuste-cokdurdu-uzr-istemeye-mecbur-etdi-ve-bunu-telefonla-cekdi\/#primaryimage"},"thumbnailUrl":"https:\/\/www.meydan.tv\/wp-content\/uploads\/img_6046.jpg","datePublished":"2021-01-29T15:42:25+00:00","breadcrumb":{"@id":"https:\/\/www.meydan.tv\/az\/article\/reis-muavini-meni-dizuste-cokdurdu-uzr-istemeye-mecbur-etdi-ve-bunu-telefonla-cekdi\/#breadcrumb"},"inLanguage":"az","potentialAction":[{"@type":"ReadAction","target":["https:\/\/www.meydan.tv\/az\/article\/reis-muavini-meni-dizuste-cokdurdu-uzr-istemeye-mecbur-etdi-ve-bunu-telefonla-cekdi\/"]}]},{"@type":"ImageObject","inLanguage":"az","@id":"https:\/\/www.meydan.tv\/az\/article\/reis-muavini-meni-dizuste-cokdurdu-uzr-istemeye-mecbur-etdi-ve-bunu-telefonla-cekdi\/#primaryimage","url":"https:\/\/www.meydan.tv\/wp-content\/uploads\/img_6046.jpg","contentUrl":"https:\/\/www.meydan.tv\/wp-content\/uploads\/img_6046.jpg","width":1056,"height":784,"caption":"Source: Specify Source"},{"@type":"BreadcrumbList","@id":"https:\/\/www.meydan.tv\/az\/article\/reis-muavini-meni-dizuste-cokdurdu-uzr-istemeye-mecbur-etdi-ve-bunu-telefonla-cekdi\/#breadcrumb","itemListElement":[{"@type":"ListItem","position":1,"name":"Ana s\u0259hif\u0259","item":"https:\/\/www.meydan.tv\/az\/"},{"@type":"ListItem","position":2,"name":"B\u00f6lg\u0259","item":"https:\/\/www.meydan.tv\/az\/section\/bolge\/"},{"@type":"ListItem","position":3,"name":"\u201cR\u0259is m\u00fcavini m\u0259ni diz\u00fcst\u0259 \u00e7\u00f6kd\u00fcrd\u00fc, \u00fczr ist\u0259m\u0259y\u0259 m\u0259cbur etdi v\u0259 bunu telefonla \u00e7\u0259kdi\u201d"}]},{"@type":"WebSite","@id":"https:\/\/www.meydan.tv\/az\/#website","url":"https:\/\/www.meydan.tv\/az\/","name":"MEYDAN.TV","description":"Meydan TV Az\u0259rbaycan\u0131n media m\u0259kan\u0131ndak\u0131 alternativ s\u0259sidir","publisher":{"@id":"https:\/\/www.meydan.tv\/az\/#organization"},"potentialAction":[{"@type":"SearchAction","target":{"@type":"EntryPoint","urlTemplate":"https:\/\/www.meydan.tv\/az\/?s={search_term_string}"},"query-input":{"@type":"PropertyValueSpecification","valueRequired":true,"valueName":"search_term_string"}}],"inLanguage":"az"},{"@type":"Organization","@id":"https:\/\/www.meydan.tv\/az\/#organization","name":"Meydan TV","url":"https:\/\/www.meydan.tv\/az\/","logo":{"@type":"ImageObject","inLanguage":"az","@id":"https:\/\/www.meydan.tv\/az\/#\/schema\/logo\/image\/","url":"https:\/\/www.meydan.tv\/wp-content\/uploads\/2021\/07\/meydan-logo.svg","contentUrl":"https:\/\/www.meydan.tv\/wp-content\/uploads\/2021\/07\/meydan-logo.svg","width":195,"height":46,"caption":"Meydan TV"},"image":{"@id":"https:\/\/www.meydan.tv\/az\/#\/schema\/logo\/image\/"}},{"@type":"Person","@id":"https:\/\/www.meydan.tv\/az\/#\/schema\/person\/10d11eccf6da3662cf5fdab9806ea91a","name":"user-manager"}]}},"_links":{"self":[{"href":"https:\/\/www.meydan.tv\/az\/wp-json\/wp\/v2\/posts\/204722","targetHints":{"allow":["GET"]}}],"collection":[{"href":"https:\/\/www.meydan.tv\/az\/wp-json\/wp\/v2\/posts"}],"about":[{"href":"https:\/\/www.meydan.tv\/az\/wp-json\/wp\/v2\/types\/post"}],"author":[{"embeddable":true,"href":"https:\/\/www.meydan.tv\/az\/wp-json\/wp\/v2\/users\/11"}],"replies":[{"embeddable":true,"href":"https:\/\/www.meydan.tv\/az\/wp-json\/wp\/v2\/comments?post=204722"}],"version-history":[{"count":0,"href":"https:\/\/www.meydan.tv\/az\/wp-json\/wp\/v2\/posts\/204722\/revisions"}],"wp:featuredmedia":[{"embeddable":true,"href":"https:\/\/www.meydan.tv\/az\/wp-json\/wp\/v2\/media\/155583"}],"wp:attachment":[{"href":"https:\/\/www.meydan.tv\/az\/wp-json\/wp\/v2\/media?parent=204722"}],"wp:term":[{"taxonomy":"category","embeddable":true,"href":"https:\/\/www.meydan.tv\/az\/wp-json\/wp\/v2\/categories?post=204722"},{"taxonomy":"post_tag","embeddable":true,"href":"https:\/\/www.meydan.tv\/az\/wp-json\/wp\/v2\/tags?post=204722"}],"curies":[{"name":"wp","href":"https:\/\/api.w.org\/{rel}","templated":true}]}}