{"id":204719,"date":"2021-01-29T14:42:57","date_gmt":"2021-01-29T14:42:57","guid":{"rendered":"https:\/\/www.meydan.tv\/article\/yardimli-sakini-usagim-evde-das-yemir-axi\/"},"modified":"2021-01-29T14:42:57","modified_gmt":"2021-01-29T14:42:57","slug":"yardimli-sakini-usagim-evde-das-yemir-axi","status":"publish","type":"post","link":"https:\/\/www.meydan.tv\/az\/article\/yardimli-sakini-usagim-evde-das-yemir-axi\/","title":{"rendered":"Yard\u0131ml\u0131 sakini: U\u015fa\u011f\u0131m evd\u0259 da\u015f yemir ax\u0131&#8230;"},"content":{"rendered":"<p>\n  <i><br \/>\n    \u201cKommunal T\u0259s\u0259rr\u00fcfat \u0130dar\u0259sind\u0259 i\u015f \u00fc\u00e7\u00fcn m\u0259nd\u0259n 300 manat ald\u0131lar\u201d<br \/>\n  <\/i>\n<\/p>\n<p>\n  Yard\u0131ml\u0131 sakini Savalan \u0130brahimli iki il\u0259 yax\u0131n i\u015fsizdir. O, haqs\u0131zl\u0131qla \u00fczl\u0259\u015fdiyini v\u0259 i\u015fd\u0259n qanunsuz uzaqla\u015fd\u0131r\u0131ld\u0131\u011f\u0131n\u0131 iddia edir.\n<\/p>\n<p>\n  <b><br \/>\n    \u201c\u0130\u015f yerl\u0259rini pulla sat\u0131rd\u0131lar\u201d<br \/>\n  <\/b>\n<\/p>\n<p>\n  Savalan \u0130brahimli Yard\u0131ml\u0131 Rayon M\u0259\u015f\u011fulluq \u0130dar\u0259sind\u0259 2018-ci ild\u0259 qeydiyyata d\u00fc\u015f\u00fcb. 2019-cu ilin yanvar\u0131nda idar\u0259d\u0259n z\u0259ng g\u0259lib, ona i\u015f tap\u0131ld\u0131\u011f\u0131 bildirilib:\n<\/p>\n<p>\n  \u201cOnda M\u0259\u015f\u011fulluq \u0130dar\u0259sinin m\u00fcavini Miramil S\u0259m\u0259dli idi. M\u0259kt\u0259bd\u0259 sinif yolda\u015f\u0131m olmu\u015fdu. Getdim yan\u0131na, dedi ki, 500-600 manat vers\u0259n, s\u0259n\u0259 i\u015f ver\u0259c\u0259yik. Maa\u015f da 200 manat. Bu yandan da m\u00fcdir Fikr\u0259t m\u00fc\u0259llim g\u0259ldi, dedi, narahat olma, yax\u015f\u0131 i\u015fdi. M\u0259n sonradan ba\u015fa d\u00fc\u015fd\u00fcm ki, n\u00f6vb\u0259y\u0259 duran ham\u0131 \u00fc\u00e7\u00fcn i\u015f var. Bunlar bizd\u0259n pul qoparma\u011fa \u00e7al\u0131\u015f\u0131r. \u0130\u015f yerl\u0259ri g\u0259lib, bunlar da ba\u015flay\u0131blar sat\u0131\u015fa. Kimd\u0259n n\u0259 ald\u0131lar, ald\u0131lar&#8230;\u201d\n<\/p>\n<p>\n  Savalan \u0130brahimli iddia edir ki, Kommunal T\u0259s\u0259rr\u00fcfat \u0130dar\u0259sind\u0259 i\u015f \u00fc\u00e7\u00fcn ondan 300 manat al\u0131blar. Yard\u0131ml\u0131 sakini pulun 100 manat\u0131n\u0131n Miramil S\u0259m\u0259dliy\u0259 \u00e7atd\u0131\u011f\u0131n\u0131 bildirir:\n<\/p>\n<p>\n  \u201cOrada i\u015f\u00e7il\u0259rin \u00fcst\u00fcnd\u0259 n\u0259zar\u0259t\u00e7i idim. 176 manat \u0259m\u0259khaqq\u0131 almal\u0131yd\u0131m. Bunun 50 manat\u0131n\u0131 m\u00fcdir Seyf\u0259ddin Abdulov tuturdu. M\u0259n 2019-cu ilin may\u0131nda icaz\u0259 s\u0259n\u0259di il\u0259 \u015f\u0259h\u0259r\u0259 getmi\u015fdim. Qay\u0131d\u0131b g\u0259l\u0259nd\u0259 g\u00f6rd\u00fcm ki, kart\u0131m ba\u011flan\u0131b. \u0130dar\u0259d\u0259 dedil\u0259r ki, ixtisara d\u00fc\u015fm\u00fcs\u0259n. Halbuki, m\u0259n orada bir illik m\u00fcqavil\u0259 il\u0259 i\u015fl\u0259yirdim. Soru\u015fdum ki, ax\u0131 bu nec\u0259 ola bil\u0259r? Xeyri olmad\u0131. \u018fm\u0259k kitab\u00e7am\u0131 t\u0259l\u0259b el\u0259dim. Sonradan bax\u0131ram ki, orada i\u015fd\u0259n \u018fm\u0259k M\u0259c\u0259ll\u0259sinin 70-ci madd\u0259sinin \u201c\u00e7\u201d b\u0259ndin\u0259 \u0259sas\u0259n uzaqla\u015fd\u0131r\u0131ld\u0131\u011f\u0131m yaz\u0131l\u0131b. Bununla da \u0259m\u0259k kitab\u00e7ama l\u0259k\u0259 sal\u0131blar\u201d.\n<\/p>\n<p>\n  <b><br \/>\n    \u201cB\u00f6y\u00fck qanunsuzlu\u011fa yol verilib\u201d<br \/>\n  <\/b>\n<\/p>\n<p>\n  Savalan \u0130brahimlinin \u0259m\u0259k kitab\u00e7as\u0131nda onun 23 fevral 2019-cu il \u0259m\u0259k m\u00fcqavil\u0259si il\u0259 \u201cDOST \u0130\u015f M\u0259rk\u0259zi\u201dnin Yard\u0131ml\u0131 rayonu regional filial\u0131na t\u0259mizlik i\u015fl\u0259ri v\u0259 sosial xidm\u0259tl\u0259rin g\u00f6st\u0259rilm\u0259si \u00fczr\u0259 k\u00f6m\u0259k\u00e7i v\u0259zif\u0259sin\u0259 t\u0259yin olundu\u011fu yaz\u0131l\u0131b. Bundan sonra h\u0259min ilin oktyabr\u0131n 7-d\u0259 \u018fm\u0259k M\u0259c\u0259ll\u0259sinin 70-ci madd\u0259sinin \u201c\u00e7\u201d b\u0259ndin\u0259 \u0259sas\u0259n tutdu\u011fu v\u0259zif\u0259d\u0259n azad edildiyi qeyd olunub. Burada \u0130nsan Resurslar\u0131 Departamentinin m\u00fcdiri Nuran\u0259 \u018fliyevan\u0131n imzas\u0131 da var.\n<\/p>\n<p>\n  \u018fm\u0259k M\u0259c\u0259ll\u0259sinin 70-ci madd\u0259sinin \u201c\u00e7\u201d b\u0259ndind\u0259 yaz\u0131l\u0131b ki, i\u015f\u00e7i \u00f6z\u00fcn\u00fcn \u0259m\u0259k funksiyas\u0131n\u0131 v\u0259 ya \u0259m\u0259k m\u00fcqavil\u0259si \u00fczr\u0259 \u00f6hd\u0259likl\u0259rini yerin\u0259 yetirm\u0259dikd\u0259, \u0259m\u0259k v\u0259zif\u0259l\u0259rini kobud \u015f\u0259kild\u0259 pozduqda i\u015fd\u0259n k\u0259narla\u015fd\u0131r\u0131la bil\u0259r. Savalan \u0130brahimli deyir ki, \u0259m\u0259k kitab\u00e7as\u0131nda m\u0259hz h\u0259min madd\u0259 yer ald\u0131\u011f\u0131na g\u00f6r\u0259, daha he\u00e7 bir yerd\u0259 i\u015f\u0259 g\u00f6t\u00fcr\u00fclm\u00fcr.\n<\/p>\n<p>\n  \u201cSoru\u015furam ki, niy\u0259 i\u015fd\u0259n \u00e7\u0131xarm\u0131s\u0131n\u0131z? Seyf\u0259ddin Abdulov deyir ki, m\u0259nim \u0259mrim\u0259 tabe olmam\u0131san. M\u0259ni \u00e7ox h\u0259d\u0259l\u0259yibl\u0259r. Prokurorun s\u00fcr\u00fcc\u00fcs\u00fc bunun bacana\u011f\u0131d\u0131. Ona g\u00fcv\u0259nirl\u0259r. Bel\u0259 olmaz ax\u0131. M\u0259nim u\u015fa\u011f\u0131m evd\u0259 da\u015f yemir ki&#8230; \u0130ki ildi bel\u0259 qal\u0131b. Ne\u00e7\u0259 d\u0259f\u0259 M\u0259\u015f\u011fulluq \u0130dar\u0259sin\u0259 getmi\u015f\u0259m. \u018fm\u0259k kitab\u00e7as\u0131nda yaz\u0131lanlar h\u0259r \u015feyin \u00fcst\u00fcnd\u0259n x\u0259tt \u00e7\u0259kib. B\u00f6y\u00fck qanunsuzlu\u011fa yol verilib\u201d.\n<\/p>\n<figure class=\"wp-block-image size-large\">\n  <img decoding=\"async\" src=\"https:\/\/www.meydan.tv\/az\/photo-2021-01-29-12-04-01-1-jpg\/\" alt=\"photo-2021-01-29-12-04-01 (1).jpg\" class=\"wp-image-155568\"\/><figcaption>\n    &#8220;Bununla da \u0259m\u0259k kitab\u00e7ama l\u0259k\u0259 sal\u0131blar\u201d.<br \/>\n  <\/figcaption><\/figure>\n<p>\n  <b><br \/>\n    \u201c\u0130\u015f\u0259 \u00e7ox ehtiyac\u0131m var\u201d<br \/>\n  <\/b>\n<\/p>\n<p>\n  Savalan \u0130brahimli \u201cDOST \u0130\u015f M\u0259rk\u0259zi\u201dn\u0259 m\u0259ktubla m\u00fcraci\u0259t edib. M\u00fcraci\u0259t\u0259 2020-ci ilin iyulunda cavab verilib. Cavab m\u0259ktubunda b\u00fct\u00fcn i\u015f\u00e7il\u0259rin \u201cicra\u00e7\u0131\u201dn\u0131n \u2013 Yard\u0131ml\u0131 \u015f\u0259h\u0259r Kommunal T\u0259s\u0259rr\u00fcfat \u0130dar\u0259sinin tap\u015f\u0131r\u0131\u011f\u0131 v\u0259 birba\u015fa n\u0259zar\u0259ti il\u0259 f\u0259aliyy\u0259t g\u00f6st\u0259rdiyi yaz\u0131l\u0131b. Burada Savalan \u0130brahimlinin i\u015fd\u0259n azad olunmas\u0131na s\u0259b\u0259b kimi onun m\u0259nfi davamiyy\u0259ti g\u00f6st\u0259rilib. Kommunal T\u0259s\u0259rr\u00fcfat \u0130dar\u0259sind\u0259n \u201cDOST \u0130\u015f M\u0259rk\u0259zi\u201dn\u0259 akt daxil olub, bel\u0259c\u0259, rayon sakini i\u015fd\u0259n m\u0259hrum edilib.\n<\/p>\n<p>\n  \u201cM\u0259nim i\u015f\u0259 \u00e7ox ehtiyac\u0131m var. Valideynl\u0259rimin evind\u0259 qal\u0131ram. Bir u\u015fa\u011f\u0131m var. H\u0259yat yolda\u015f\u0131m m\u00fc\u0259llim\u0259di. Onun m\u0259vacibi il\u0259 dolanma\u011fa \u00e7al\u0131\u015f\u0131r\u0131q\u201d, &#8211; Savalan \u0130brahimli bel\u0259 deyir.\n<\/p>\n<p>\n  <b><br \/>\n    \u201cO ist\u0259yirdi ki, i\u015f\u0259 g\u0259lm\u0259d\u0259n maa\u015f als\u0131n\u201d<br \/>\n  <\/b>\n<\/p>\n<p>\n  Meydan TV qanunsuzluqla \u00fczl\u0259\u015fdiyini dey\u0259n v\u0259t\u0259nda\u015f\u0131n \u015fikay\u0259t\u00e7i oldu\u011fu oldu\u011fu h\u0259r iki \u015f\u0259xsl\u0259 \u0259laq\u0259 saxlayaraq, onlar\u0131n da ba\u015f ver\u0259nl\u0259rl\u0259 ba\u011fl\u0131 fikrini \u00f6yr\u0259nib.\n<\/p>\n<p>\n  Seyf\u0259ddin Abdulov deyir ki, Savalan \u0130brahimlid\u0259n pul almas\u0131 haqda deyil\u0259nl\u0259r yaland\u0131r: \u201cOnda Kommunal T\u0259s\u0259rr\u00fcfat \u0130dar\u0259sinin r\u0259hb\u0259ri idim. \u0130ndi o idar\u0259 l\u0259\u011fv olunub. Savalan 40 g\u00fcn i\u015f yerind\u0259 olmad\u0131, xarici \u00f6lk\u0259y\u0259 getmi\u015fdi. Yax\u0131n qohumunu m\u00fcalic\u0259y\u0259 aparmaq \u00fc\u00e7\u00fcn icaz\u0259 ist\u0259mi\u015fdi. M\u0259n ona c\u0259mi 5 g\u00fcnl\u00fck icaz\u0259 vermi\u015fdim. O is\u0259 40 g\u00fcn g\u0259lm\u0259di. Nec\u0259 ola bil\u0259r ki, ondan h\u0259m pul al\u0131ns\u0131n, h\u0259m d\u0259 i\u015fd\u0259n \u00e7\u0131xar\u0131ls\u0131n? N\u0259 d\u0259r\u0259c\u0259d\u0259 m\u0259ntiqlidi bu? Savalan ist\u0259yirdi ki, i\u015f\u0259 g\u0259lm\u0259d\u0259n maa\u015f als\u0131n\u201d.\n<\/p>\n<p>\n  Miramil S\u0259m\u0259dli is\u0259 Savalan \u0130brahimlinin axtar\u0131\u015fa verildiyin\u0259 g\u00f6r\u0259 i\u015f\u0259 g\u0259lm\u0259diyini bildirib: \u201cM\u0259\u015f\u011fulluq M\u0259rk\u0259zinin g\u00f6nd\u0259ri\u015fi \u0259sas\u0131nda i\u015f\u0259 d\u00fcz\u0259lmi\u015fdi. Amma bir m\u00fcdd\u0259t sonra \u00e7\u0131x\u0131b Bak\u0131ya getdi. Bundan sonra Kommunal T\u0259s\u0259rr\u00fcfat \u0130dar\u0259si akt g\u00f6nd\u0259rdi dey\u0259, i\u015fd\u0259n azad olundu. M\u0259n ondan pul almam\u0131\u015fam. Onda m\u0259n idar\u0259d\u0259 x\u0131rda i\u015f\u00e7i idim. \u0130ndi 14 sayl\u0131 \u018frazi M\u0259\u015f\u011fulluq M\u0259rk\u0259zinin ba\u015f m\u00fct\u0259x\u0259ssisiy\u0259m\u201d.\n<\/p>\n<figure class=\"wp-block-image size-large\">\n  <img decoding=\"async\" src=\"https:\/\/www.meydan.tv\/az\/photo-2021-01-29-12-04-01-jpg\/\" alt=\"photo-2021-01-29-12-04-01.jpg\" class=\"wp-image-155562\"\/><figcaption>\n    &#8220;DOST \u0130\u015f M\u0259rk\u0259zi&#8221;nin cavab m\u0259ktubu<br \/>\n  <\/figcaption><\/figure>\n","protected":false},"excerpt":{"rendered":"<p>&#8220;Valideynl\u0259rimin evind\u0259 qal\u0131ram&#8221;<\/p>\n","protected":false},"author":11,"featured_media":155565,"comment_status":"closed","ping_status":"open","sticky":false,"template":"","format":"standard","meta":{"_acf_changed":false,"_sitemap_exclude":false,"_sitemap_priority":"","_sitemap_frequency":"","footnotes":""},"categories":[60],"tags":[],"class_list":["post-204719","post","type-post","status-publish","format-standard","has-post-thumbnail","hentry","category-bolge","infinite-scroll-item","generate-columns","tablet-grid-50","mobile-grid-100","grid-parent","grid-33","no-featured-image-padding"],"acf":[],"yoast_head":"<!-- This site is optimized with the Yoast SEO plugin v27.5 - https:\/\/yoast.com\/product\/yoast-seo-wordpress\/ -->\n<title>Yard\u0131ml\u0131 sakini: U\u015fa\u011f\u0131m evd\u0259 da\u015f yemir ax\u0131... - MEYDAN.TV<\/title>\n<meta name=\"robots\" content=\"index, follow, max-snippet:-1, max-image-preview:large, max-video-preview:-1\" \/>\n<link rel=\"canonical\" href=\"https:\/\/www.meydan.tv\/az\/article\/yardimli-sakini-usagim-evde-das-yemir-axi\/\" \/>\n<meta property=\"og:locale\" content=\"az_AZ\" \/>\n<meta property=\"og:type\" content=\"article\" \/>\n<meta property=\"og:title\" content=\"Yard\u0131ml\u0131 sakini: U\u015fa\u011f\u0131m evd\u0259 da\u015f yemir ax\u0131... - MEYDAN.TV\" \/>\n<meta property=\"og:description\" content=\"&quot;Valideynl\u0259rimin evind\u0259 qal\u0131ram&quot;\" \/>\n<meta property=\"og:url\" content=\"https:\/\/www.meydan.tv\/az\/article\/yardimli-sakini-usagim-evde-das-yemir-axi\/\" \/>\n<meta property=\"og:site_name\" content=\"MEYDAN.TV\" \/>\n<meta property=\"article:published_time\" content=\"2021-01-29T14:42:57+00:00\" \/>\n<meta property=\"og:image\" content=\"https:\/\/www.meydan.tv\/wp-content\/uploads\/untitled_design_4_oi3gpsu.png\" \/>\n\t<meta property=\"og:image:width\" content=\"1920\" \/>\n\t<meta property=\"og:image:height\" content=\"1080\" \/>\n\t<meta property=\"og:image:type\" content=\"image\/png\" \/>\n<meta name=\"author\" content=\"user-manager\" \/>\n<meta name=\"twitter:card\" content=\"summary_large_image\" \/>\n<script type=\"application\/ld+json\" class=\"yoast-schema-graph\">{\"@context\":\"https:\\\/\\\/schema.org\",\"@graph\":[{\"@type\":\"Article\",\"@id\":\"https:\\\/\\\/www.meydan.tv\\\/az\\\/article\\\/yardimli-sakini-usagim-evde-das-yemir-axi\\\/#article\",\"isPartOf\":{\"@id\":\"https:\\\/\\\/www.meydan.tv\\\/az\\\/article\\\/yardimli-sakini-usagim-evde-das-yemir-axi\\\/\"},\"author\":{\"name\":\"user-manager\",\"@id\":\"https:\\\/\\\/www.meydan.tv\\\/az\\\/#\\\/schema\\\/person\\\/10d11eccf6da3662cf5fdab9806ea91a\"},\"headline\":\"Yard\u0131ml\u0131 sakini: U\u015fa\u011f\u0131m evd\u0259 da\u015f yemir ax\u0131&#8230;\",\"datePublished\":\"2021-01-29T14:42:57+00:00\",\"mainEntityOfPage\":{\"@id\":\"https:\\\/\\\/www.meydan.tv\\\/az\\\/article\\\/yardimli-sakini-usagim-evde-das-yemir-axi\\\/\"},\"wordCount\":1068,\"publisher\":{\"@id\":\"https:\\\/\\\/www.meydan.tv\\\/az\\\/#organization\"},\"image\":{\"@id\":\"https:\\\/\\\/www.meydan.tv\\\/az\\\/article\\\/yardimli-sakini-usagim-evde-das-yemir-axi\\\/#primaryimage\"},\"thumbnailUrl\":\"https:\\\/\\\/www.meydan.tv\\\/wp-content\\\/uploads\\\/untitled_design_4_oi3gpsu.png\",\"articleSection\":[\"B\u00f6lg\u0259\"],\"inLanguage\":\"az\"},{\"@type\":\"WebPage\",\"@id\":\"https:\\\/\\\/www.meydan.tv\\\/az\\\/article\\\/yardimli-sakini-usagim-evde-das-yemir-axi\\\/\",\"url\":\"https:\\\/\\\/www.meydan.tv\\\/az\\\/article\\\/yardimli-sakini-usagim-evde-das-yemir-axi\\\/\",\"name\":\"Yard\u0131ml\u0131 sakini: U\u015fa\u011f\u0131m evd\u0259 da\u015f yemir ax\u0131... - MEYDAN.TV\",\"isPartOf\":{\"@id\":\"https:\\\/\\\/www.meydan.tv\\\/az\\\/#website\"},\"primaryImageOfPage\":{\"@id\":\"https:\\\/\\\/www.meydan.tv\\\/az\\\/article\\\/yardimli-sakini-usagim-evde-das-yemir-axi\\\/#primaryimage\"},\"image\":{\"@id\":\"https:\\\/\\\/www.meydan.tv\\\/az\\\/article\\\/yardimli-sakini-usagim-evde-das-yemir-axi\\\/#primaryimage\"},\"thumbnailUrl\":\"https:\\\/\\\/www.meydan.tv\\\/wp-content\\\/uploads\\\/untitled_design_4_oi3gpsu.png\",\"datePublished\":\"2021-01-29T14:42:57+00:00\",\"breadcrumb\":{\"@id\":\"https:\\\/\\\/www.meydan.tv\\\/az\\\/article\\\/yardimli-sakini-usagim-evde-das-yemir-axi\\\/#breadcrumb\"},\"inLanguage\":\"az\",\"potentialAction\":[{\"@type\":\"ReadAction\",\"target\":[\"https:\\\/\\\/www.meydan.tv\\\/az\\\/article\\\/yardimli-sakini-usagim-evde-das-yemir-axi\\\/\"]}]},{\"@type\":\"ImageObject\",\"inLanguage\":\"az\",\"@id\":\"https:\\\/\\\/www.meydan.tv\\\/az\\\/article\\\/yardimli-sakini-usagim-evde-das-yemir-axi\\\/#primaryimage\",\"url\":\"https:\\\/\\\/www.meydan.tv\\\/wp-content\\\/uploads\\\/untitled_design_4_oi3gpsu.png\",\"contentUrl\":\"https:\\\/\\\/www.meydan.tv\\\/wp-content\\\/uploads\\\/untitled_design_4_oi3gpsu.png\",\"width\":1920,\"height\":1080,\"caption\":\"Source: Specify Source\"},{\"@type\":\"BreadcrumbList\",\"@id\":\"https:\\\/\\\/www.meydan.tv\\\/az\\\/article\\\/yardimli-sakini-usagim-evde-das-yemir-axi\\\/#breadcrumb\",\"itemListElement\":[{\"@type\":\"ListItem\",\"position\":1,\"name\":\"Ana s\u0259hif\u0259\",\"item\":\"https:\\\/\\\/www.meydan.tv\\\/az\\\/\"},{\"@type\":\"ListItem\",\"position\":2,\"name\":\"B\u00f6lg\u0259\",\"item\":\"https:\\\/\\\/www.meydan.tv\\\/az\\\/section\\\/bolge\\\/\"},{\"@type\":\"ListItem\",\"position\":3,\"name\":\"Yard\u0131ml\u0131 sakini: U\u015fa\u011f\u0131m evd\u0259 da\u015f yemir ax\u0131&#8230;\"}]},{\"@type\":\"WebSite\",\"@id\":\"https:\\\/\\\/www.meydan.tv\\\/az\\\/#website\",\"url\":\"https:\\\/\\\/www.meydan.tv\\\/az\\\/\",\"name\":\"MEYDAN.TV\",\"description\":\"Meydan TV Az\u0259rbaycan\u0131n media m\u0259kan\u0131ndak\u0131 alternativ s\u0259sidir\",\"publisher\":{\"@id\":\"https:\\\/\\\/www.meydan.tv\\\/az\\\/#organization\"},\"potentialAction\":[{\"@type\":\"SearchAction\",\"target\":{\"@type\":\"EntryPoint\",\"urlTemplate\":\"https:\\\/\\\/www.meydan.tv\\\/az\\\/?s={search_term_string}\"},\"query-input\":{\"@type\":\"PropertyValueSpecification\",\"valueRequired\":true,\"valueName\":\"search_term_string\"}}],\"inLanguage\":\"az\"},{\"@type\":\"Organization\",\"@id\":\"https:\\\/\\\/www.meydan.tv\\\/az\\\/#organization\",\"name\":\"Meydan TV\",\"url\":\"https:\\\/\\\/www.meydan.tv\\\/az\\\/\",\"logo\":{\"@type\":\"ImageObject\",\"inLanguage\":\"az\",\"@id\":\"https:\\\/\\\/www.meydan.tv\\\/az\\\/#\\\/schema\\\/logo\\\/image\\\/\",\"url\":\"https:\\\/\\\/www.meydan.tv\\\/wp-content\\\/uploads\\\/2021\\\/07\\\/meydan-logo.svg\",\"contentUrl\":\"https:\\\/\\\/www.meydan.tv\\\/wp-content\\\/uploads\\\/2021\\\/07\\\/meydan-logo.svg\",\"width\":195,\"height\":46,\"caption\":\"Meydan TV\"},\"image\":{\"@id\":\"https:\\\/\\\/www.meydan.tv\\\/az\\\/#\\\/schema\\\/logo\\\/image\\\/\"}},{\"@type\":\"Person\",\"@id\":\"https:\\\/\\\/www.meydan.tv\\\/az\\\/#\\\/schema\\\/person\\\/10d11eccf6da3662cf5fdab9806ea91a\",\"name\":\"user-manager\"}]}<\/script>\n<!-- \/ Yoast SEO plugin. -->","yoast_head_json":{"title":"Yard\u0131ml\u0131 sakini: U\u015fa\u011f\u0131m evd\u0259 da\u015f yemir ax\u0131... - MEYDAN.TV","robots":{"index":"index","follow":"follow","max-snippet":"max-snippet:-1","max-image-preview":"max-image-preview:large","max-video-preview":"max-video-preview:-1"},"canonical":"https:\/\/www.meydan.tv\/az\/article\/yardimli-sakini-usagim-evde-das-yemir-axi\/","og_locale":"az_AZ","og_type":"article","og_title":"Yard\u0131ml\u0131 sakini: U\u015fa\u011f\u0131m evd\u0259 da\u015f yemir ax\u0131... - MEYDAN.TV","og_description":"\"Valideynl\u0259rimin evind\u0259 qal\u0131ram\"","og_url":"https:\/\/www.meydan.tv\/az\/article\/yardimli-sakini-usagim-evde-das-yemir-axi\/","og_site_name":"MEYDAN.TV","article_published_time":"2021-01-29T14:42:57+00:00","og_image":[{"width":1920,"height":1080,"url":"https:\/\/www.meydan.tv\/wp-content\/uploads\/untitled_design_4_oi3gpsu.png","type":"image\/png"}],"author":"user-manager","twitter_card":"summary_large_image","schema":{"@context":"https:\/\/schema.org","@graph":[{"@type":"Article","@id":"https:\/\/www.meydan.tv\/az\/article\/yardimli-sakini-usagim-evde-das-yemir-axi\/#article","isPartOf":{"@id":"https:\/\/www.meydan.tv\/az\/article\/yardimli-sakini-usagim-evde-das-yemir-axi\/"},"author":{"name":"user-manager","@id":"https:\/\/www.meydan.tv\/az\/#\/schema\/person\/10d11eccf6da3662cf5fdab9806ea91a"},"headline":"Yard\u0131ml\u0131 sakini: U\u015fa\u011f\u0131m evd\u0259 da\u015f yemir ax\u0131&#8230;","datePublished":"2021-01-29T14:42:57+00:00","mainEntityOfPage":{"@id":"https:\/\/www.meydan.tv\/az\/article\/yardimli-sakini-usagim-evde-das-yemir-axi\/"},"wordCount":1068,"publisher":{"@id":"https:\/\/www.meydan.tv\/az\/#organization"},"image":{"@id":"https:\/\/www.meydan.tv\/az\/article\/yardimli-sakini-usagim-evde-das-yemir-axi\/#primaryimage"},"thumbnailUrl":"https:\/\/www.meydan.tv\/wp-content\/uploads\/untitled_design_4_oi3gpsu.png","articleSection":["B\u00f6lg\u0259"],"inLanguage":"az"},{"@type":"WebPage","@id":"https:\/\/www.meydan.tv\/az\/article\/yardimli-sakini-usagim-evde-das-yemir-axi\/","url":"https:\/\/www.meydan.tv\/az\/article\/yardimli-sakini-usagim-evde-das-yemir-axi\/","name":"Yard\u0131ml\u0131 sakini: U\u015fa\u011f\u0131m evd\u0259 da\u015f yemir ax\u0131... - MEYDAN.TV","isPartOf":{"@id":"https:\/\/www.meydan.tv\/az\/#website"},"primaryImageOfPage":{"@id":"https:\/\/www.meydan.tv\/az\/article\/yardimli-sakini-usagim-evde-das-yemir-axi\/#primaryimage"},"image":{"@id":"https:\/\/www.meydan.tv\/az\/article\/yardimli-sakini-usagim-evde-das-yemir-axi\/#primaryimage"},"thumbnailUrl":"https:\/\/www.meydan.tv\/wp-content\/uploads\/untitled_design_4_oi3gpsu.png","datePublished":"2021-01-29T14:42:57+00:00","breadcrumb":{"@id":"https:\/\/www.meydan.tv\/az\/article\/yardimli-sakini-usagim-evde-das-yemir-axi\/#breadcrumb"},"inLanguage":"az","potentialAction":[{"@type":"ReadAction","target":["https:\/\/www.meydan.tv\/az\/article\/yardimli-sakini-usagim-evde-das-yemir-axi\/"]}]},{"@type":"ImageObject","inLanguage":"az","@id":"https:\/\/www.meydan.tv\/az\/article\/yardimli-sakini-usagim-evde-das-yemir-axi\/#primaryimage","url":"https:\/\/www.meydan.tv\/wp-content\/uploads\/untitled_design_4_oi3gpsu.png","contentUrl":"https:\/\/www.meydan.tv\/wp-content\/uploads\/untitled_design_4_oi3gpsu.png","width":1920,"height":1080,"caption":"Source: Specify Source"},{"@type":"BreadcrumbList","@id":"https:\/\/www.meydan.tv\/az\/article\/yardimli-sakini-usagim-evde-das-yemir-axi\/#breadcrumb","itemListElement":[{"@type":"ListItem","position":1,"name":"Ana s\u0259hif\u0259","item":"https:\/\/www.meydan.tv\/az\/"},{"@type":"ListItem","position":2,"name":"B\u00f6lg\u0259","item":"https:\/\/www.meydan.tv\/az\/section\/bolge\/"},{"@type":"ListItem","position":3,"name":"Yard\u0131ml\u0131 sakini: U\u015fa\u011f\u0131m evd\u0259 da\u015f yemir ax\u0131&#8230;"}]},{"@type":"WebSite","@id":"https:\/\/www.meydan.tv\/az\/#website","url":"https:\/\/www.meydan.tv\/az\/","name":"MEYDAN.TV","description":"Meydan TV Az\u0259rbaycan\u0131n media m\u0259kan\u0131ndak\u0131 alternativ s\u0259sidir","publisher":{"@id":"https:\/\/www.meydan.tv\/az\/#organization"},"potentialAction":[{"@type":"SearchAction","target":{"@type":"EntryPoint","urlTemplate":"https:\/\/www.meydan.tv\/az\/?s={search_term_string}"},"query-input":{"@type":"PropertyValueSpecification","valueRequired":true,"valueName":"search_term_string"}}],"inLanguage":"az"},{"@type":"Organization","@id":"https:\/\/www.meydan.tv\/az\/#organization","name":"Meydan TV","url":"https:\/\/www.meydan.tv\/az\/","logo":{"@type":"ImageObject","inLanguage":"az","@id":"https:\/\/www.meydan.tv\/az\/#\/schema\/logo\/image\/","url":"https:\/\/www.meydan.tv\/wp-content\/uploads\/2021\/07\/meydan-logo.svg","contentUrl":"https:\/\/www.meydan.tv\/wp-content\/uploads\/2021\/07\/meydan-logo.svg","width":195,"height":46,"caption":"Meydan TV"},"image":{"@id":"https:\/\/www.meydan.tv\/az\/#\/schema\/logo\/image\/"}},{"@type":"Person","@id":"https:\/\/www.meydan.tv\/az\/#\/schema\/person\/10d11eccf6da3662cf5fdab9806ea91a","name":"user-manager"}]}},"_links":{"self":[{"href":"https:\/\/www.meydan.tv\/az\/wp-json\/wp\/v2\/posts\/204719","targetHints":{"allow":["GET"]}}],"collection":[{"href":"https:\/\/www.meydan.tv\/az\/wp-json\/wp\/v2\/posts"}],"about":[{"href":"https:\/\/www.meydan.tv\/az\/wp-json\/wp\/v2\/types\/post"}],"author":[{"embeddable":true,"href":"https:\/\/www.meydan.tv\/az\/wp-json\/wp\/v2\/users\/11"}],"replies":[{"embeddable":true,"href":"https:\/\/www.meydan.tv\/az\/wp-json\/wp\/v2\/comments?post=204719"}],"version-history":[{"count":0,"href":"https:\/\/www.meydan.tv\/az\/wp-json\/wp\/v2\/posts\/204719\/revisions"}],"wp:featuredmedia":[{"embeddable":true,"href":"https:\/\/www.meydan.tv\/az\/wp-json\/wp\/v2\/media\/155565"}],"wp:attachment":[{"href":"https:\/\/www.meydan.tv\/az\/wp-json\/wp\/v2\/media?parent=204719"}],"wp:term":[{"taxonomy":"category","embeddable":true,"href":"https:\/\/www.meydan.tv\/az\/wp-json\/wp\/v2\/categories?post=204719"},{"taxonomy":"post_tag","embeddable":true,"href":"https:\/\/www.meydan.tv\/az\/wp-json\/wp\/v2\/tags?post=204719"}],"curies":[{"name":"wp","href":"https:\/\/api.w.org\/{rel}","templated":true}]}}