{"id":204693,"date":"2021-01-28T12:07:31","date_gmt":"2021-01-28T12:07:31","guid":{"rendered":"https:\/\/www.meydan.tv\/article\/avropa-mehkemesinin-en-cox-qerar-cixardigi-olkeler-aciqlandi\/"},"modified":"2021-01-28T12:07:31","modified_gmt":"2021-01-28T12:07:31","slug":"avropa-mehkemesinin-en-cox-qerar-cixardigi-olkeler-aciqlandi","status":"publish","type":"post","link":"https:\/\/www.meydan.tv\/az\/article\/avropa-mehkemesinin-en-cox-qerar-cixardigi-olkeler-aciqlandi\/","title":{"rendered":"Avropa M\u0259hk\u0259m\u0259sinin \u0259n \u00e7ox q\u0259rar \u00e7\u0131xard\u0131\u011f\u0131 \u00f6lk\u0259l\u0259r a\u00e7\u0131qland\u0131"},"content":{"rendered":"<p>\n  <i><br \/>\n    Az\u0259rbaycan 5 \u00f6lk\u0259d\u0259n biridir<br \/>\n  <\/i>\n<\/p>\n<p>\n  Az\u0259rbaycan 2020-ci ild\u0259 Avropa \u0130nsan Haqlar\u0131 M\u0259hk\u0259m\u0259sinin (A\u0130HM) haqq\u0131nda \u0259n \u00e7ox q\u0259rar \u00e7\u0131xard\u0131\u011f\u0131 5 \u00f6lk\u0259d\u0259n biri olub.\n<\/p>\n<p>\n  Avropa \u0130nsan Haqlar\u0131 M\u0259hk\u0259m\u0259sinin yanvar\u0131n 28-d\u0259 a\u00e7\u0131qlanan hesabat\u0131nda yer al\u0131b.\n<\/p>\n<p>\n  <a href=\"http:\/\/aihmaz.org\/az%C9%99rbaycanin-adi-avropa-m%C9%99hk%C9%99m%C9%99sinin-%C9%99nl%C9%99ri-arasinda\/?fbclid=IwAR1qPSv0iwcWxOdVBO8hw-V65AI-CN8uEi5OwQky5ySm_KsS4vmc8C7F2MQ\"><br \/>\n    Aihmaz.org<br \/>\n  <\/a><br \/>\n  sayt\u0131 hesabata istinad\u0259n bildirib ki, A\u0130HM \u00f6t\u0259n il \u00fcmumilikd\u0259 871 q\u0259rar q\u0259bul edib: \u201cQ\u0259rarlardan 37-si Az\u0259rbaycana qar\u015f\u0131 \u00e7\u0131xar\u0131l\u0131b. H\u0259min 37 q\u0259rar\u0131nda A\u0130HM 91 pozuntunun yol verildiyi q\u0259na\u0259tin\u0259 g\u0259lib\u201d.\n<\/p>\n<p>\n  \u201cAz\u0259rbaycan \u0259n \u00e7ox azadl\u0131q v\u0259 toxunulmazl\u0131q, \u0259dal\u0259tli m\u0259hk\u0259m\u0259 ara\u015fd\u0131rmas\u0131 h\u00fcququnu pozub \u2013 37 q\u0259rar \u00fczr\u0259 \u00fcmumilkd\u0259, 35 d\u0259f\u0259. 10 halda \u015f\u0259xsi v\u0259 ail\u0259 h\u0259yat\u0131na m\u00fcdaxil\u0259nin yolverilm\u0259zliyi h\u00fcququnun pozuntusunu tan\u0131y\u0131b\u201d, &#8211; dey\u0259 s\u0259n\u0259dd\u0259 qeyd olunub.\n<\/p>\n<p>\n  A\u0130HM q\u0259rarlar\u0131na g\u00f6r\u0259, Az\u0259rbaycanda \u0259n \u00e7ox pozulan h\u00fcquq \u0259dal\u0259tli m\u0259hk\u0259m\u0259 ara\u015fd\u0131rmas\u0131 h\u00fcququdur.\n<\/p>\n<p>\n  A\u0130HM q\u0259rarlar\u0131 \u00fczr\u0259 azadl\u0131q v\u0259 toxunulmazl\u0131q h\u00fcququ da \u0259n \u00e7ox m\u00fcdaxil\u0259y\u0259 m\u0259ruz qalan h\u00fcquqlardand\u0131r \u2013 78 i\u015fd\u0259 bu h\u00fcququn pozuntusu tan\u0131n\u0131b.\n<\/p>\n<p>\n  A\u0130HM indiy\u0259 kimi Az\u0259rbaycan qar\u015f\u0131 i\u015fl\u0259rd\u0259 38 i\u015fd\u0259 m\u00fclkiyy\u0259t, 37 i\u015fd\u0259 is\u0259 birl\u0259\u015fm\u0259k, topla\u015fmaq h\u00fcququnun pozuntusunu tan\u0131y\u0131b.\n<\/p>\n<p>\n  Se\u00e7ki h\u00fcququnun pozuntusuna g\u00f6r\u0259, Az\u0259rbaycan Avropa \u015euras\u0131 m\u0259kan\u0131na daxil olan \u00f6lk\u0259l\u0259r aras\u0131nda 1-c\u0131 s\u0131radad\u0131r \u2013 Az\u0259rbaycanla ba\u011fl\u0131 25 i\u015fd\u0259 bu h\u00fcququn pozuntusu tan\u0131n\u0131b.\n<\/p>\n<p>\n  Hesabatda \u00f6t\u0259n il \u0259n \u00e7ox q\u0259rar\u0131n Rusiyaya (185), T\u00fcrkiy\u0259y\u0259 (97), Ukraynaya (86), Ruminiyaya (82) qar\u015f\u0131 \u00e7\u0131xar\u0131ld\u0131\u011f\u0131 bildirilib. Az\u0259rbaycan 5-cidir.\n<\/p>\n<p>\n  Q\u0259rarlara g\u00f6r\u0259, \u0259n \u00e7ox pozulan h\u00fcquq azadl\u0131q v\u0259 toxunulmazl\u0131q (Madd\u0259 5) v\u0259 \u0259dal\u0259tli m\u0259hk\u0259m\u0259 ara\u015fd\u0131rmas\u0131 (Madd\u0259 6) h\u00fcququdur. T\u0259xmin\u0259n, 500 i\u015fd\u0259 bu h\u00fcquqlar\u0131n pozuntusu tan\u0131n\u0131b.\n<\/p>\n<p>\n  A\u0130HM-nin \u00f6t\u0259n il Avstraiya, Lixten\u015fteyn, L\u00fcksemburq v\u0259 \u0130sve\u00e7\u0259 qar\u015f\u0131 q\u0259rar \u00e7\u0131xarmad\u0131\u011f\u0131 deyilir: \u201cAndorra, Danimarka, Finlandiya, \u0130rlandiya, \u00c7exiyaya qar\u015f\u0131 c\u0259mi 1 q\u0259rar elan edilib. Az\u0259rbaycan Avropa M\u0259hk\u0259m\u0259sin\u0259 \u0259n \u00e7ox \u015fikay\u0259t edil\u0259n 6 \u00f6lk\u0259d\u0259n biridir. Az\u0259rbaycan bax\u0131lmas\u0131n\u0131 g\u00f6zl\u0259y\u0259n \u015fikay\u0259tl\u0259rin say\u0131 bax\u0131m\u0131ndan, A\u015e \u00f6lk\u0259l\u0259ri aras\u0131nda 6-c\u0131 pill\u0259d\u0259 dayan\u0131r. Az\u0259rbaycandan g\u00f6nd\u0259ril\u0259n 2 min \u015fikay\u0259t bax\u0131lmas\u0131n\u0131 g\u00f6zl\u0259yir.\n<\/p>\n<p>\n  AIHM qar\u015f\u0131s\u0131nda bax\u0131lmas\u0131n\u0131 g\u00f6zl\u0259y\u0259n \u015fikay\u0259tl\u0259rin say\u0131na g\u00f6r\u0259, Rusiya liderdir \u2013 bax\u0131lmas\u0131n\u0131 g\u00f6zl\u0259y\u0259n \u00fcmumi 61 min \u015fikay\u0259tin 22.4 faizi (13650 \u015fikay\u0259t) bu \u00f6lk\u0259nin pay\u0131na d\u00fc\u015f\u00fcr.\n<\/p>\n<p>\n  \u0130kinci pill\u0259d\u0259 11170 \u015fikay\u0259tl\u0259 T\u00fcrkiy\u0259 g\u0259lir. 3-c\u00fc pill\u0259d\u0259ki Ukraynadan g\u00f6nd\u0259ril\u0259n 10 400, 4-c\u00fc pill\u0259d\u0259ki Rum\u0131niyadan g\u00f6nd\u0259ril\u0259n 7550 \u015fikay\u0259t bax\u0131lmas\u0131n\u0131 g\u00f6zl\u0259yir.\n<\/p>\n<p>\n  5-ci pill\u0259d\u0259 \u0130taliya g\u0259lir &#8211; 3450 \u015fikay\u0259t. Az\u0259rbaycan 6-c\u0131d\u0131r. 6 \u00f6lk\u0259 A\u0130HM-in i\u015f y\u00fck\u00fcn\u00fcn 80 faizin\u0259 q\u0259d\u0259rini t\u0259\u015fkil edir\u201d.<\/p>\n","protected":false},"excerpt":{"rendered":"<p>Se\u00e7ki h\u00fcququnun pozuntusuna g\u00f6r\u0259, Az\u0259rbaycan Avropa \u015euras\u0131 m\u0259kan\u0131na daxil olan \u00f6lk\u0259l\u0259r aras\u0131nda 1-c\u0131 s\u0131radad\u0131r \u2013 Az\u0259rbaycanla ba\u011fl\u0131 25 i\u015fd\u0259 bu h\u00fcququn pozuntusu tan\u0131n\u0131b.<\/p>\n","protected":false},"author":11,"featured_media":147725,"comment_status":"closed","ping_status":"open","sticky":false,"template":"","format":"standard","meta":{"_acf_changed":false,"_sitemap_exclude":false,"_sitemap_priority":"","_sitemap_frequency":"","footnotes":""},"categories":[59],"tags":[],"class_list":["post-204693","post","type-post","status-publish","format-standard","has-post-thumbnail","hentry","category-siyaset","infinite-scroll-item","generate-columns","tablet-grid-50","mobile-grid-100","grid-parent","grid-33","no-featured-image-padding"],"acf":[],"yoast_head":"<!-- This site is optimized with the Yoast SEO plugin v27.5 - https:\/\/yoast.com\/product\/yoast-seo-wordpress\/ -->\n<title>Avropa M\u0259hk\u0259m\u0259sinin \u0259n \u00e7ox q\u0259rar \u00e7\u0131xard\u0131\u011f\u0131 \u00f6lk\u0259l\u0259r a\u00e7\u0131qland\u0131 - MEYDAN.TV<\/title>\n<meta name=\"robots\" content=\"index, follow, max-snippet:-1, max-image-preview:large, max-video-preview:-1\" \/>\n<link rel=\"canonical\" href=\"https:\/\/www.meydan.tv\/az\/article\/avropa-mehkemesinin-en-cox-qerar-cixardigi-olkeler-aciqlandi\/\" \/>\n<meta property=\"og:locale\" content=\"az_AZ\" \/>\n<meta property=\"og:type\" content=\"article\" \/>\n<meta property=\"og:title\" content=\"Avropa M\u0259hk\u0259m\u0259sinin \u0259n \u00e7ox q\u0259rar \u00e7\u0131xard\u0131\u011f\u0131 \u00f6lk\u0259l\u0259r a\u00e7\u0131qland\u0131 - MEYDAN.TV\" \/>\n<meta property=\"og:description\" content=\"Se\u00e7ki h\u00fcququnun pozuntusuna g\u00f6r\u0259, Az\u0259rbaycan Avropa \u015euras\u0131 m\u0259kan\u0131na daxil olan \u00f6lk\u0259l\u0259r aras\u0131nda 1-c\u0131 s\u0131radad\u0131r \u2013 Az\u0259rbaycanla ba\u011fl\u0131 25 i\u015fd\u0259 bu h\u00fcququn pozuntusu tan\u0131n\u0131b.\" \/>\n<meta property=\"og:url\" content=\"https:\/\/www.meydan.tv\/az\/article\/avropa-mehkemesinin-en-cox-qerar-cixardigi-olkeler-aciqlandi\/\" \/>\n<meta property=\"og:site_name\" content=\"MEYDAN.TV\" \/>\n<meta property=\"article:published_time\" content=\"2021-01-28T12:07:31+00:00\" \/>\n<meta property=\"og:image\" content=\"https:\/\/www.meydan.tv\/wp-content\/uploads\/18_11_01_1541077410.jpg\" \/>\n\t<meta property=\"og:image:width\" content=\"748\" \/>\n\t<meta property=\"og:image:height\" content=\"480\" \/>\n\t<meta property=\"og:image:type\" content=\"image\/jpeg\" \/>\n<meta name=\"author\" content=\"user-manager\" \/>\n<meta name=\"twitter:card\" content=\"summary_large_image\" \/>\n<script type=\"application\/ld+json\" class=\"yoast-schema-graph\">{\"@context\":\"https:\\\/\\\/schema.org\",\"@graph\":[{\"@type\":\"Article\",\"@id\":\"https:\\\/\\\/www.meydan.tv\\\/az\\\/article\\\/avropa-mehkemesinin-en-cox-qerar-cixardigi-olkeler-aciqlandi\\\/#article\",\"isPartOf\":{\"@id\":\"https:\\\/\\\/www.meydan.tv\\\/az\\\/article\\\/avropa-mehkemesinin-en-cox-qerar-cixardigi-olkeler-aciqlandi\\\/\"},\"author\":{\"name\":\"user-manager\",\"@id\":\"https:\\\/\\\/www.meydan.tv\\\/az\\\/#\\\/schema\\\/person\\\/10d11eccf6da3662cf5fdab9806ea91a\"},\"headline\":\"Avropa M\u0259hk\u0259m\u0259sinin \u0259n \u00e7ox q\u0259rar \u00e7\u0131xard\u0131\u011f\u0131 \u00f6lk\u0259l\u0259r a\u00e7\u0131qland\u0131\",\"datePublished\":\"2021-01-28T12:07:31+00:00\",\"mainEntityOfPage\":{\"@id\":\"https:\\\/\\\/www.meydan.tv\\\/az\\\/article\\\/avropa-mehkemesinin-en-cox-qerar-cixardigi-olkeler-aciqlandi\\\/\"},\"wordCount\":537,\"publisher\":{\"@id\":\"https:\\\/\\\/www.meydan.tv\\\/az\\\/#organization\"},\"image\":{\"@id\":\"https:\\\/\\\/www.meydan.tv\\\/az\\\/article\\\/avropa-mehkemesinin-en-cox-qerar-cixardigi-olkeler-aciqlandi\\\/#primaryimage\"},\"thumbnailUrl\":\"https:\\\/\\\/www.meydan.tv\\\/wp-content\\\/uploads\\\/18_11_01_1541077410.jpg\",\"articleSection\":[\"Siyas\u0259t\"],\"inLanguage\":\"az\"},{\"@type\":\"WebPage\",\"@id\":\"https:\\\/\\\/www.meydan.tv\\\/az\\\/article\\\/avropa-mehkemesinin-en-cox-qerar-cixardigi-olkeler-aciqlandi\\\/\",\"url\":\"https:\\\/\\\/www.meydan.tv\\\/az\\\/article\\\/avropa-mehkemesinin-en-cox-qerar-cixardigi-olkeler-aciqlandi\\\/\",\"name\":\"Avropa M\u0259hk\u0259m\u0259sinin \u0259n \u00e7ox q\u0259rar \u00e7\u0131xard\u0131\u011f\u0131 \u00f6lk\u0259l\u0259r a\u00e7\u0131qland\u0131 - MEYDAN.TV\",\"isPartOf\":{\"@id\":\"https:\\\/\\\/www.meydan.tv\\\/az\\\/#website\"},\"primaryImageOfPage\":{\"@id\":\"https:\\\/\\\/www.meydan.tv\\\/az\\\/article\\\/avropa-mehkemesinin-en-cox-qerar-cixardigi-olkeler-aciqlandi\\\/#primaryimage\"},\"image\":{\"@id\":\"https:\\\/\\\/www.meydan.tv\\\/az\\\/article\\\/avropa-mehkemesinin-en-cox-qerar-cixardigi-olkeler-aciqlandi\\\/#primaryimage\"},\"thumbnailUrl\":\"https:\\\/\\\/www.meydan.tv\\\/wp-content\\\/uploads\\\/18_11_01_1541077410.jpg\",\"datePublished\":\"2021-01-28T12:07:31+00:00\",\"breadcrumb\":{\"@id\":\"https:\\\/\\\/www.meydan.tv\\\/az\\\/article\\\/avropa-mehkemesinin-en-cox-qerar-cixardigi-olkeler-aciqlandi\\\/#breadcrumb\"},\"inLanguage\":\"az\",\"potentialAction\":[{\"@type\":\"ReadAction\",\"target\":[\"https:\\\/\\\/www.meydan.tv\\\/az\\\/article\\\/avropa-mehkemesinin-en-cox-qerar-cixardigi-olkeler-aciqlandi\\\/\"]}]},{\"@type\":\"ImageObject\",\"inLanguage\":\"az\",\"@id\":\"https:\\\/\\\/www.meydan.tv\\\/az\\\/article\\\/avropa-mehkemesinin-en-cox-qerar-cixardigi-olkeler-aciqlandi\\\/#primaryimage\",\"url\":\"https:\\\/\\\/www.meydan.tv\\\/wp-content\\\/uploads\\\/18_11_01_1541077410.jpg\",\"contentUrl\":\"https:\\\/\\\/www.meydan.tv\\\/wp-content\\\/uploads\\\/18_11_01_1541077410.jpg\",\"width\":748,\"height\":480,\"caption\":\"Foto: Avropa M\u0259hk\u0259m\u0259si\"},{\"@type\":\"BreadcrumbList\",\"@id\":\"https:\\\/\\\/www.meydan.tv\\\/az\\\/article\\\/avropa-mehkemesinin-en-cox-qerar-cixardigi-olkeler-aciqlandi\\\/#breadcrumb\",\"itemListElement\":[{\"@type\":\"ListItem\",\"position\":1,\"name\":\"Ana s\u0259hif\u0259\",\"item\":\"https:\\\/\\\/www.meydan.tv\\\/az\\\/\"},{\"@type\":\"ListItem\",\"position\":2,\"name\":\"Siyas\u0259t\",\"item\":\"https:\\\/\\\/www.meydan.tv\\\/az\\\/section\\\/siyaset\\\/\"},{\"@type\":\"ListItem\",\"position\":3,\"name\":\"Avropa M\u0259hk\u0259m\u0259sinin \u0259n \u00e7ox q\u0259rar \u00e7\u0131xard\u0131\u011f\u0131 \u00f6lk\u0259l\u0259r a\u00e7\u0131qland\u0131\"}]},{\"@type\":\"WebSite\",\"@id\":\"https:\\\/\\\/www.meydan.tv\\\/az\\\/#website\",\"url\":\"https:\\\/\\\/www.meydan.tv\\\/az\\\/\",\"name\":\"MEYDAN.TV\",\"description\":\"Meydan TV Az\u0259rbaycan\u0131n media m\u0259kan\u0131ndak\u0131 alternativ s\u0259sidir\",\"publisher\":{\"@id\":\"https:\\\/\\\/www.meydan.tv\\\/az\\\/#organization\"},\"potentialAction\":[{\"@type\":\"SearchAction\",\"target\":{\"@type\":\"EntryPoint\",\"urlTemplate\":\"https:\\\/\\\/www.meydan.tv\\\/az\\\/?s={search_term_string}\"},\"query-input\":{\"@type\":\"PropertyValueSpecification\",\"valueRequired\":true,\"valueName\":\"search_term_string\"}}],\"inLanguage\":\"az\"},{\"@type\":\"Organization\",\"@id\":\"https:\\\/\\\/www.meydan.tv\\\/az\\\/#organization\",\"name\":\"Meydan TV\",\"url\":\"https:\\\/\\\/www.meydan.tv\\\/az\\\/\",\"logo\":{\"@type\":\"ImageObject\",\"inLanguage\":\"az\",\"@id\":\"https:\\\/\\\/www.meydan.tv\\\/az\\\/#\\\/schema\\\/logo\\\/image\\\/\",\"url\":\"https:\\\/\\\/www.meydan.tv\\\/wp-content\\\/uploads\\\/2021\\\/07\\\/meydan-logo.svg\",\"contentUrl\":\"https:\\\/\\\/www.meydan.tv\\\/wp-content\\\/uploads\\\/2021\\\/07\\\/meydan-logo.svg\",\"width\":195,\"height\":46,\"caption\":\"Meydan TV\"},\"image\":{\"@id\":\"https:\\\/\\\/www.meydan.tv\\\/az\\\/#\\\/schema\\\/logo\\\/image\\\/\"}},{\"@type\":\"Person\",\"@id\":\"https:\\\/\\\/www.meydan.tv\\\/az\\\/#\\\/schema\\\/person\\\/10d11eccf6da3662cf5fdab9806ea91a\",\"name\":\"user-manager\"}]}<\/script>\n<!-- \/ Yoast SEO plugin. -->","yoast_head_json":{"title":"Avropa M\u0259hk\u0259m\u0259sinin \u0259n \u00e7ox q\u0259rar \u00e7\u0131xard\u0131\u011f\u0131 \u00f6lk\u0259l\u0259r a\u00e7\u0131qland\u0131 - MEYDAN.TV","robots":{"index":"index","follow":"follow","max-snippet":"max-snippet:-1","max-image-preview":"max-image-preview:large","max-video-preview":"max-video-preview:-1"},"canonical":"https:\/\/www.meydan.tv\/az\/article\/avropa-mehkemesinin-en-cox-qerar-cixardigi-olkeler-aciqlandi\/","og_locale":"az_AZ","og_type":"article","og_title":"Avropa M\u0259hk\u0259m\u0259sinin \u0259n \u00e7ox q\u0259rar \u00e7\u0131xard\u0131\u011f\u0131 \u00f6lk\u0259l\u0259r a\u00e7\u0131qland\u0131 - MEYDAN.TV","og_description":"Se\u00e7ki h\u00fcququnun pozuntusuna g\u00f6r\u0259, Az\u0259rbaycan Avropa \u015euras\u0131 m\u0259kan\u0131na daxil olan \u00f6lk\u0259l\u0259r aras\u0131nda 1-c\u0131 s\u0131radad\u0131r \u2013 Az\u0259rbaycanla ba\u011fl\u0131 25 i\u015fd\u0259 bu h\u00fcququn pozuntusu tan\u0131n\u0131b.","og_url":"https:\/\/www.meydan.tv\/az\/article\/avropa-mehkemesinin-en-cox-qerar-cixardigi-olkeler-aciqlandi\/","og_site_name":"MEYDAN.TV","article_published_time":"2021-01-28T12:07:31+00:00","og_image":[{"width":748,"height":480,"url":"https:\/\/www.meydan.tv\/wp-content\/uploads\/18_11_01_1541077410.jpg","type":"image\/jpeg"}],"author":"user-manager","twitter_card":"summary_large_image","schema":{"@context":"https:\/\/schema.org","@graph":[{"@type":"Article","@id":"https:\/\/www.meydan.tv\/az\/article\/avropa-mehkemesinin-en-cox-qerar-cixardigi-olkeler-aciqlandi\/#article","isPartOf":{"@id":"https:\/\/www.meydan.tv\/az\/article\/avropa-mehkemesinin-en-cox-qerar-cixardigi-olkeler-aciqlandi\/"},"author":{"name":"user-manager","@id":"https:\/\/www.meydan.tv\/az\/#\/schema\/person\/10d11eccf6da3662cf5fdab9806ea91a"},"headline":"Avropa M\u0259hk\u0259m\u0259sinin \u0259n \u00e7ox q\u0259rar \u00e7\u0131xard\u0131\u011f\u0131 \u00f6lk\u0259l\u0259r a\u00e7\u0131qland\u0131","datePublished":"2021-01-28T12:07:31+00:00","mainEntityOfPage":{"@id":"https:\/\/www.meydan.tv\/az\/article\/avropa-mehkemesinin-en-cox-qerar-cixardigi-olkeler-aciqlandi\/"},"wordCount":537,"publisher":{"@id":"https:\/\/www.meydan.tv\/az\/#organization"},"image":{"@id":"https:\/\/www.meydan.tv\/az\/article\/avropa-mehkemesinin-en-cox-qerar-cixardigi-olkeler-aciqlandi\/#primaryimage"},"thumbnailUrl":"https:\/\/www.meydan.tv\/wp-content\/uploads\/18_11_01_1541077410.jpg","articleSection":["Siyas\u0259t"],"inLanguage":"az"},{"@type":"WebPage","@id":"https:\/\/www.meydan.tv\/az\/article\/avropa-mehkemesinin-en-cox-qerar-cixardigi-olkeler-aciqlandi\/","url":"https:\/\/www.meydan.tv\/az\/article\/avropa-mehkemesinin-en-cox-qerar-cixardigi-olkeler-aciqlandi\/","name":"Avropa M\u0259hk\u0259m\u0259sinin \u0259n \u00e7ox q\u0259rar \u00e7\u0131xard\u0131\u011f\u0131 \u00f6lk\u0259l\u0259r a\u00e7\u0131qland\u0131 - MEYDAN.TV","isPartOf":{"@id":"https:\/\/www.meydan.tv\/az\/#website"},"primaryImageOfPage":{"@id":"https:\/\/www.meydan.tv\/az\/article\/avropa-mehkemesinin-en-cox-qerar-cixardigi-olkeler-aciqlandi\/#primaryimage"},"image":{"@id":"https:\/\/www.meydan.tv\/az\/article\/avropa-mehkemesinin-en-cox-qerar-cixardigi-olkeler-aciqlandi\/#primaryimage"},"thumbnailUrl":"https:\/\/www.meydan.tv\/wp-content\/uploads\/18_11_01_1541077410.jpg","datePublished":"2021-01-28T12:07:31+00:00","breadcrumb":{"@id":"https:\/\/www.meydan.tv\/az\/article\/avropa-mehkemesinin-en-cox-qerar-cixardigi-olkeler-aciqlandi\/#breadcrumb"},"inLanguage":"az","potentialAction":[{"@type":"ReadAction","target":["https:\/\/www.meydan.tv\/az\/article\/avropa-mehkemesinin-en-cox-qerar-cixardigi-olkeler-aciqlandi\/"]}]},{"@type":"ImageObject","inLanguage":"az","@id":"https:\/\/www.meydan.tv\/az\/article\/avropa-mehkemesinin-en-cox-qerar-cixardigi-olkeler-aciqlandi\/#primaryimage","url":"https:\/\/www.meydan.tv\/wp-content\/uploads\/18_11_01_1541077410.jpg","contentUrl":"https:\/\/www.meydan.tv\/wp-content\/uploads\/18_11_01_1541077410.jpg","width":748,"height":480,"caption":"Foto: Avropa M\u0259hk\u0259m\u0259si"},{"@type":"BreadcrumbList","@id":"https:\/\/www.meydan.tv\/az\/article\/avropa-mehkemesinin-en-cox-qerar-cixardigi-olkeler-aciqlandi\/#breadcrumb","itemListElement":[{"@type":"ListItem","position":1,"name":"Ana s\u0259hif\u0259","item":"https:\/\/www.meydan.tv\/az\/"},{"@type":"ListItem","position":2,"name":"Siyas\u0259t","item":"https:\/\/www.meydan.tv\/az\/section\/siyaset\/"},{"@type":"ListItem","position":3,"name":"Avropa M\u0259hk\u0259m\u0259sinin \u0259n \u00e7ox q\u0259rar \u00e7\u0131xard\u0131\u011f\u0131 \u00f6lk\u0259l\u0259r a\u00e7\u0131qland\u0131"}]},{"@type":"WebSite","@id":"https:\/\/www.meydan.tv\/az\/#website","url":"https:\/\/www.meydan.tv\/az\/","name":"MEYDAN.TV","description":"Meydan TV Az\u0259rbaycan\u0131n media m\u0259kan\u0131ndak\u0131 alternativ s\u0259sidir","publisher":{"@id":"https:\/\/www.meydan.tv\/az\/#organization"},"potentialAction":[{"@type":"SearchAction","target":{"@type":"EntryPoint","urlTemplate":"https:\/\/www.meydan.tv\/az\/?s={search_term_string}"},"query-input":{"@type":"PropertyValueSpecification","valueRequired":true,"valueName":"search_term_string"}}],"inLanguage":"az"},{"@type":"Organization","@id":"https:\/\/www.meydan.tv\/az\/#organization","name":"Meydan TV","url":"https:\/\/www.meydan.tv\/az\/","logo":{"@type":"ImageObject","inLanguage":"az","@id":"https:\/\/www.meydan.tv\/az\/#\/schema\/logo\/image\/","url":"https:\/\/www.meydan.tv\/wp-content\/uploads\/2021\/07\/meydan-logo.svg","contentUrl":"https:\/\/www.meydan.tv\/wp-content\/uploads\/2021\/07\/meydan-logo.svg","width":195,"height":46,"caption":"Meydan TV"},"image":{"@id":"https:\/\/www.meydan.tv\/az\/#\/schema\/logo\/image\/"}},{"@type":"Person","@id":"https:\/\/www.meydan.tv\/az\/#\/schema\/person\/10d11eccf6da3662cf5fdab9806ea91a","name":"user-manager"}]}},"_links":{"self":[{"href":"https:\/\/www.meydan.tv\/az\/wp-json\/wp\/v2\/posts\/204693","targetHints":{"allow":["GET"]}}],"collection":[{"href":"https:\/\/www.meydan.tv\/az\/wp-json\/wp\/v2\/posts"}],"about":[{"href":"https:\/\/www.meydan.tv\/az\/wp-json\/wp\/v2\/types\/post"}],"author":[{"embeddable":true,"href":"https:\/\/www.meydan.tv\/az\/wp-json\/wp\/v2\/users\/11"}],"replies":[{"embeddable":true,"href":"https:\/\/www.meydan.tv\/az\/wp-json\/wp\/v2\/comments?post=204693"}],"version-history":[{"count":0,"href":"https:\/\/www.meydan.tv\/az\/wp-json\/wp\/v2\/posts\/204693\/revisions"}],"wp:featuredmedia":[{"embeddable":true,"href":"https:\/\/www.meydan.tv\/az\/wp-json\/wp\/v2\/media\/147725"}],"wp:attachment":[{"href":"https:\/\/www.meydan.tv\/az\/wp-json\/wp\/v2\/media?parent=204693"}],"wp:term":[{"taxonomy":"category","embeddable":true,"href":"https:\/\/www.meydan.tv\/az\/wp-json\/wp\/v2\/categories?post=204693"},{"taxonomy":"post_tag","embeddable":true,"href":"https:\/\/www.meydan.tv\/az\/wp-json\/wp\/v2\/tags?post=204693"}],"curies":[{"name":"wp","href":"https:\/\/api.w.org\/{rel}","templated":true}]}}