{"id":204692,"date":"2021-01-28T11:35:43","date_gmt":"2021-01-28T11:35:43","guid":{"rendered":"https:\/\/www.meydan.tv\/article\/pasaobanin-yeni-yasayis-mehellelerinde-mavi-yanacaq-telebi\/"},"modified":"2021-01-28T11:35:43","modified_gmt":"2021-01-28T11:35:43","slug":"pasaobanin-yeni-yasayis-mehellelerinde-mavi-yanacaq-telebi","status":"publish","type":"post","link":"https:\/\/www.meydan.tv\/az\/article\/pasaobanin-yeni-yasayis-mehellelerinde-mavi-yanacaq-telebi\/","title":{"rendered":"Pa\u015faoban\u0131n yeni ya\u015fay\u0131\u015f m\u0259h\u0259ll\u0259l\u0259rind\u0259 mavi yanacaq t\u0259l\u0259bi"},"content":{"rendered":"<p>\n  <i><br \/>\n    Sakinl\u0259r 20 ild\u0259n \u00e7oxdur ki, a\u011fac yand\u0131r\u0131b q\u0131z\u0131nd\u0131qlar\u0131n\u0131 deyirl\u0259r<br \/>\n  <\/i>\n<\/p>\n<p>\n  \u201cAna x\u0259tl\u0259 ya\u015fad\u0131\u011f\u0131m\u0131z \u0259razini bir yol ay\u0131r\u0131r. Yolun o t\u0259r\u0259find\u0259 qaz borusu, bu t\u0259r\u0259find\u0259s\u0259 mavi yanaca\u011fa h\u0259sr\u0259t qalan az\u0131 70 ail\u0259 var\u201d.\n<\/p>\n<p>\n  Bunu Meydan TV-y\u0259 Quban\u0131n Pa\u015faoba k\u0259ndind\u0259ki yeni ya\u015fay\u0131\u015f m\u0259h\u0259ll\u0259l\u0259rinin sakinl\u0259ri deyir.\n<\/p>\n<p>\n  Pa\u015faoban\u0131n \u00f6z\u00fcnd\u0259 mavi yanacaq olsa da, yeni ya\u015fay\u0131\u015f m\u0259h\u0259ll\u0259l\u0259rin\u0259 he\u00e7 qaz x\u0259tti d\u0259 \u00e7\u0259kilm\u0259yib. Sakinl\u0259r deyir, 20 ild\u0259n \u00e7oxdur ki, burada yer-yurd salmaqlar\u0131na baxmayaraq, h\u0259l\u0259 d\u0259 mavi yanaca\u011fa h\u0259sr\u0259tdil\u0259r.\n<\/p>\n<p>\n  <b><br \/>\n    \u201cAdamlar cana y\u0131\u011f\u0131l\u0131b\u201d<br \/>\n  <\/b>\n<\/p>\n<p>\n  \u201cT\u0259xmin\u0259n 1998-2000-ci ill\u0259rd\u0259n bu t\u0259r\u0259f\u0259 adamlar ev tikib, ya\u015fama\u011fa ba\u015flay\u0131b. Yolu, i\u015f\u0131\u011f\u0131, suyu birt\u0259h\u0259r yola veririk, ancaq bu mavi yanaca\u011f\u0131n olmamas\u0131 insanlar\u0131 cana y\u0131\u011f\u0131b. Burda onsuz da q\u0131\u015f s\u0259rt ke\u00e7ir, istiliksiz is\u0259 q\u0259ti m\u00fcmk\u00fcn deyil\u201d, &#8211; sakinl\u0259r deyir.\n<\/p>\n<p>\n  Q\u0131\u015f g\u0259l\u0259nd\u0259 burada ya\u015fayanlar istilik problemini h\u0259y\u0259tind\u0259ki a\u011faclar\u0131n hesab\u0131na h\u0259ll etm\u0259y\u0259 \u00e7al\u0131\u015f\u0131r. Ancaq el\u0259 h\u0259y\u0259tl\u0259r var ki, art\u0131q bir a\u011fac da qalmay\u0131b:\n<\/p>\n<p>\n  \u201cH\u0259y\u0259td\u0259, qap\u0131da n\u0259 meyv\u0259 a\u011fac\u0131 varsa, q\u0131r\u0131b, q\u0259na\u0259tl\u0259 yand\u0131r\u0131r\u0131q. El\u0259 ail\u0259l\u0259r var ki, \u00f6z h\u0259y\u0259tind\u0259 a\u011fac t\u00fck\u0259nib, yax\u0131ndan, qon\u015fudan icaz\u0259 al\u0131b, h\u0259y\u0259tind\u0259n a\u011fac buda\u011f\u0131 k\u0259sib, apar\u0131b yand\u0131r\u0131r. Eyn\u0259n ibtidai icma d\u00f6vr\u00fcnd\u0259ki kimi&#8230; Bir d\u0259 bax\u0131rsan ki, bir qon\u015fu ba\u015fqa qon\u015funun h\u0259y\u0259tind\u0259n \u0259lind\u0259 a\u011fac buda\u011f\u0131yla \u00e7\u0131x\u0131r, art\u0131q bilirs\u0259n ki, u\u015faqlar\u0131n\u0131 isitm\u0259k \u00fc\u00e7\u00fcn yand\u0131rma\u011fa apar\u0131r\u201d.\n<\/p>\n<p>\n  <b><br \/>\n    \u201cElektrik cihaz\u0131ndan istifad\u0259 t\u0259hl\u00fck\u0259lidir\u201d<br \/>\n  <\/b>\n<\/p>\n<p>\n  Bir az imkan\u0131 olanlar ma\u015f\u0131nla odun al\u0131r. Burada adamlar bir-birind\u0259n \u0259l borcuna pul yox, odun g\u00f6t\u00fcr\u00fcr:\n<\/p>\n<p>\n  \u201cG\u00f6r\u00fcrs\u0259n ki bir qon\u015fu o birin\u0259 deyir, m\u0259n\u0259 borca bir par\u00e7a odun ver&#8230; Ya kims\u0259 u\u015fa\u011f\u0131 ba\u015fqa k\u0259nd\u0259 qohumunun qap\u0131s\u0131na g\u00f6nd\u0259rir ki, get, filank\u0259sd\u0259n borca bir-iki odun ist\u0259, de, olanda qaytarar\u0131q&#8230; Y\u0259ni, bel\u0259 ya\u015fay\u0131r\u0131q\u201d.\n<\/p>\n<p>\n  M\u0259h\u0259ll\u0259l\u0259rin sakinl\u0259ri \u0259slind\u0259 elektrik cihazlar\u0131ndan istifad\u0259 ed\u0259 bil\u0259rdi, ancaq o da m\u00fcmk\u00fcn deyil, \u00e7\u00fcnki eyni vaxtda bir ne\u00e7\u0259 evd\u0259 elektrik cihaz\u0131 qo\u015fulanda elektrik naqill\u0259rind\u0259 q\u0131saqapanma olur, k\u0259ndin elektrik \u015fiti tab g\u0259tirmir.\n<\/p>\n<p>\n  \u018fraz\u0131 Xa\u00e7maz Regional Qaz \u0130stismar \u0130dar\u0259sin\u0259 tabedir. \u0130dar\u0259d\u0259n Meydan TV-y\u0259 bildirilib ki, yeni ya\u015fay\u0131\u015f m\u0259h\u0259ll\u0259l\u0259rinin qazla\u015fd\u0131r\u0131lmas\u0131 g\u0259l\u0259c\u0259kd\u0259 h\u0259yata ke\u00e7iril\u0259c\u0259k i\u015fl\u0259rin plan\u0131na daxildir. Bu i\u015fl\u0259r n\u00f6vb\u0259li qaydada icra olunur.<\/p>\n","protected":false},"excerpt":{"rendered":"<p>&#8220;\u201cG\u00f6r\u00fcrs\u0259n ki bir qon\u015fu o birin\u0259 deyir, m\u0259n\u0259 borca bir par\u00e7a odun ver&#8230; &#8220;<\/p>\n","protected":false},"author":11,"featured_media":155496,"comment_status":"closed","ping_status":"open","sticky":false,"template":"","format":"standard","meta":{"_acf_changed":false,"_sitemap_exclude":false,"_sitemap_priority":"","_sitemap_frequency":"","footnotes":""},"categories":[60],"tags":[],"class_list":["post-204692","post","type-post","status-publish","format-standard","has-post-thumbnail","hentry","category-bolge","infinite-scroll-item","generate-columns","tablet-grid-50","mobile-grid-100","grid-parent","grid-33","no-featured-image-padding"],"acf":[],"yoast_head":"<!-- This site is optimized with the Yoast SEO plugin v27.5 - https:\/\/yoast.com\/product\/yoast-seo-wordpress\/ -->\n<title>Pa\u015faoban\u0131n yeni ya\u015fay\u0131\u015f m\u0259h\u0259ll\u0259l\u0259rind\u0259 mavi yanacaq t\u0259l\u0259bi - MEYDAN.TV<\/title>\n<meta name=\"robots\" content=\"index, follow, max-snippet:-1, max-image-preview:large, max-video-preview:-1\" \/>\n<link rel=\"canonical\" href=\"https:\/\/www.meydan.tv\/az\/article\/pasaobanin-yeni-yasayis-mehellelerinde-mavi-yanacaq-telebi\/\" \/>\n<meta property=\"og:locale\" content=\"az_AZ\" \/>\n<meta property=\"og:type\" content=\"article\" \/>\n<meta property=\"og:title\" content=\"Pa\u015faoban\u0131n yeni ya\u015fay\u0131\u015f m\u0259h\u0259ll\u0259l\u0259rind\u0259 mavi yanacaq t\u0259l\u0259bi - MEYDAN.TV\" \/>\n<meta property=\"og:description\" content=\"&quot;\u201cG\u00f6r\u00fcrs\u0259n ki bir qon\u015fu o birin\u0259 deyir, m\u0259n\u0259 borca bir par\u00e7a odun ver... &quot;\" \/>\n<meta property=\"og:url\" content=\"https:\/\/www.meydan.tv\/az\/article\/pasaobanin-yeni-yasayis-mehellelerinde-mavi-yanacaq-telebi\/\" \/>\n<meta property=\"og:site_name\" content=\"MEYDAN.TV\" \/>\n<meta property=\"article:published_time\" content=\"2021-01-28T11:35:43+00:00\" \/>\n<meta property=\"og:image\" content=\"https:\/\/www.meydan.tv\/wp-content\/uploads\/photo-2021-01-28-10-48-49.jpg\" \/>\n\t<meta property=\"og:image:width\" content=\"1280\" \/>\n\t<meta property=\"og:image:height\" content=\"957\" \/>\n\t<meta property=\"og:image:type\" content=\"image\/jpeg\" \/>\n<meta name=\"author\" content=\"user-manager\" \/>\n<meta name=\"twitter:card\" content=\"summary_large_image\" \/>\n<script type=\"application\/ld+json\" class=\"yoast-schema-graph\">{\"@context\":\"https:\\\/\\\/schema.org\",\"@graph\":[{\"@type\":\"Article\",\"@id\":\"https:\\\/\\\/www.meydan.tv\\\/az\\\/article\\\/pasaobanin-yeni-yasayis-mehellelerinde-mavi-yanacaq-telebi\\\/#article\",\"isPartOf\":{\"@id\":\"https:\\\/\\\/www.meydan.tv\\\/az\\\/article\\\/pasaobanin-yeni-yasayis-mehellelerinde-mavi-yanacaq-telebi\\\/\"},\"author\":{\"name\":\"user-manager\",\"@id\":\"https:\\\/\\\/www.meydan.tv\\\/az\\\/#\\\/schema\\\/person\\\/10d11eccf6da3662cf5fdab9806ea91a\"},\"headline\":\"Pa\u015faoban\u0131n yeni ya\u015fay\u0131\u015f m\u0259h\u0259ll\u0259l\u0259rind\u0259 mavi yanacaq t\u0259l\u0259bi\",\"datePublished\":\"2021-01-28T11:35:43+00:00\",\"mainEntityOfPage\":{\"@id\":\"https:\\\/\\\/www.meydan.tv\\\/az\\\/article\\\/pasaobanin-yeni-yasayis-mehellelerinde-mavi-yanacaq-telebi\\\/\"},\"wordCount\":527,\"publisher\":{\"@id\":\"https:\\\/\\\/www.meydan.tv\\\/az\\\/#organization\"},\"image\":{\"@id\":\"https:\\\/\\\/www.meydan.tv\\\/az\\\/article\\\/pasaobanin-yeni-yasayis-mehellelerinde-mavi-yanacaq-telebi\\\/#primaryimage\"},\"thumbnailUrl\":\"https:\\\/\\\/www.meydan.tv\\\/wp-content\\\/uploads\\\/photo-2021-01-28-10-48-49.jpg\",\"articleSection\":[\"B\u00f6lg\u0259\"],\"inLanguage\":\"az\"},{\"@type\":\"WebPage\",\"@id\":\"https:\\\/\\\/www.meydan.tv\\\/az\\\/article\\\/pasaobanin-yeni-yasayis-mehellelerinde-mavi-yanacaq-telebi\\\/\",\"url\":\"https:\\\/\\\/www.meydan.tv\\\/az\\\/article\\\/pasaobanin-yeni-yasayis-mehellelerinde-mavi-yanacaq-telebi\\\/\",\"name\":\"Pa\u015faoban\u0131n yeni ya\u015fay\u0131\u015f m\u0259h\u0259ll\u0259l\u0259rind\u0259 mavi yanacaq t\u0259l\u0259bi - MEYDAN.TV\",\"isPartOf\":{\"@id\":\"https:\\\/\\\/www.meydan.tv\\\/az\\\/#website\"},\"primaryImageOfPage\":{\"@id\":\"https:\\\/\\\/www.meydan.tv\\\/az\\\/article\\\/pasaobanin-yeni-yasayis-mehellelerinde-mavi-yanacaq-telebi\\\/#primaryimage\"},\"image\":{\"@id\":\"https:\\\/\\\/www.meydan.tv\\\/az\\\/article\\\/pasaobanin-yeni-yasayis-mehellelerinde-mavi-yanacaq-telebi\\\/#primaryimage\"},\"thumbnailUrl\":\"https:\\\/\\\/www.meydan.tv\\\/wp-content\\\/uploads\\\/photo-2021-01-28-10-48-49.jpg\",\"datePublished\":\"2021-01-28T11:35:43+00:00\",\"breadcrumb\":{\"@id\":\"https:\\\/\\\/www.meydan.tv\\\/az\\\/article\\\/pasaobanin-yeni-yasayis-mehellelerinde-mavi-yanacaq-telebi\\\/#breadcrumb\"},\"inLanguage\":\"az\",\"potentialAction\":[{\"@type\":\"ReadAction\",\"target\":[\"https:\\\/\\\/www.meydan.tv\\\/az\\\/article\\\/pasaobanin-yeni-yasayis-mehellelerinde-mavi-yanacaq-telebi\\\/\"]}]},{\"@type\":\"ImageObject\",\"inLanguage\":\"az\",\"@id\":\"https:\\\/\\\/www.meydan.tv\\\/az\\\/article\\\/pasaobanin-yeni-yasayis-mehellelerinde-mavi-yanacaq-telebi\\\/#primaryimage\",\"url\":\"https:\\\/\\\/www.meydan.tv\\\/wp-content\\\/uploads\\\/photo-2021-01-28-10-48-49.jpg\",\"contentUrl\":\"https:\\\/\\\/www.meydan.tv\\\/wp-content\\\/uploads\\\/photo-2021-01-28-10-48-49.jpg\",\"width\":1280,\"height\":957,\"caption\":\"Source: Specify Source\"},{\"@type\":\"BreadcrumbList\",\"@id\":\"https:\\\/\\\/www.meydan.tv\\\/az\\\/article\\\/pasaobanin-yeni-yasayis-mehellelerinde-mavi-yanacaq-telebi\\\/#breadcrumb\",\"itemListElement\":[{\"@type\":\"ListItem\",\"position\":1,\"name\":\"Ana s\u0259hif\u0259\",\"item\":\"https:\\\/\\\/www.meydan.tv\\\/az\\\/\"},{\"@type\":\"ListItem\",\"position\":2,\"name\":\"B\u00f6lg\u0259\",\"item\":\"https:\\\/\\\/www.meydan.tv\\\/az\\\/section\\\/bolge\\\/\"},{\"@type\":\"ListItem\",\"position\":3,\"name\":\"Pa\u015faoban\u0131n yeni ya\u015fay\u0131\u015f m\u0259h\u0259ll\u0259l\u0259rind\u0259 mavi yanacaq t\u0259l\u0259bi\"}]},{\"@type\":\"WebSite\",\"@id\":\"https:\\\/\\\/www.meydan.tv\\\/az\\\/#website\",\"url\":\"https:\\\/\\\/www.meydan.tv\\\/az\\\/\",\"name\":\"MEYDAN.TV\",\"description\":\"Meydan TV Az\u0259rbaycan\u0131n media m\u0259kan\u0131ndak\u0131 alternativ s\u0259sidir\",\"publisher\":{\"@id\":\"https:\\\/\\\/www.meydan.tv\\\/az\\\/#organization\"},\"potentialAction\":[{\"@type\":\"SearchAction\",\"target\":{\"@type\":\"EntryPoint\",\"urlTemplate\":\"https:\\\/\\\/www.meydan.tv\\\/az\\\/?s={search_term_string}\"},\"query-input\":{\"@type\":\"PropertyValueSpecification\",\"valueRequired\":true,\"valueName\":\"search_term_string\"}}],\"inLanguage\":\"az\"},{\"@type\":\"Organization\",\"@id\":\"https:\\\/\\\/www.meydan.tv\\\/az\\\/#organization\",\"name\":\"Meydan TV\",\"url\":\"https:\\\/\\\/www.meydan.tv\\\/az\\\/\",\"logo\":{\"@type\":\"ImageObject\",\"inLanguage\":\"az\",\"@id\":\"https:\\\/\\\/www.meydan.tv\\\/az\\\/#\\\/schema\\\/logo\\\/image\\\/\",\"url\":\"https:\\\/\\\/www.meydan.tv\\\/wp-content\\\/uploads\\\/2021\\\/07\\\/meydan-logo.svg\",\"contentUrl\":\"https:\\\/\\\/www.meydan.tv\\\/wp-content\\\/uploads\\\/2021\\\/07\\\/meydan-logo.svg\",\"width\":195,\"height\":46,\"caption\":\"Meydan TV\"},\"image\":{\"@id\":\"https:\\\/\\\/www.meydan.tv\\\/az\\\/#\\\/schema\\\/logo\\\/image\\\/\"}},{\"@type\":\"Person\",\"@id\":\"https:\\\/\\\/www.meydan.tv\\\/az\\\/#\\\/schema\\\/person\\\/10d11eccf6da3662cf5fdab9806ea91a\",\"name\":\"user-manager\"}]}<\/script>\n<!-- \/ Yoast SEO plugin. -->","yoast_head_json":{"title":"Pa\u015faoban\u0131n yeni ya\u015fay\u0131\u015f m\u0259h\u0259ll\u0259l\u0259rind\u0259 mavi yanacaq t\u0259l\u0259bi - MEYDAN.TV","robots":{"index":"index","follow":"follow","max-snippet":"max-snippet:-1","max-image-preview":"max-image-preview:large","max-video-preview":"max-video-preview:-1"},"canonical":"https:\/\/www.meydan.tv\/az\/article\/pasaobanin-yeni-yasayis-mehellelerinde-mavi-yanacaq-telebi\/","og_locale":"az_AZ","og_type":"article","og_title":"Pa\u015faoban\u0131n yeni ya\u015fay\u0131\u015f m\u0259h\u0259ll\u0259l\u0259rind\u0259 mavi yanacaq t\u0259l\u0259bi - MEYDAN.TV","og_description":"\"\u201cG\u00f6r\u00fcrs\u0259n ki bir qon\u015fu o birin\u0259 deyir, m\u0259n\u0259 borca bir par\u00e7a odun ver... \"","og_url":"https:\/\/www.meydan.tv\/az\/article\/pasaobanin-yeni-yasayis-mehellelerinde-mavi-yanacaq-telebi\/","og_site_name":"MEYDAN.TV","article_published_time":"2021-01-28T11:35:43+00:00","og_image":[{"width":1280,"height":957,"url":"https:\/\/www.meydan.tv\/wp-content\/uploads\/photo-2021-01-28-10-48-49.jpg","type":"image\/jpeg"}],"author":"user-manager","twitter_card":"summary_large_image","schema":{"@context":"https:\/\/schema.org","@graph":[{"@type":"Article","@id":"https:\/\/www.meydan.tv\/az\/article\/pasaobanin-yeni-yasayis-mehellelerinde-mavi-yanacaq-telebi\/#article","isPartOf":{"@id":"https:\/\/www.meydan.tv\/az\/article\/pasaobanin-yeni-yasayis-mehellelerinde-mavi-yanacaq-telebi\/"},"author":{"name":"user-manager","@id":"https:\/\/www.meydan.tv\/az\/#\/schema\/person\/10d11eccf6da3662cf5fdab9806ea91a"},"headline":"Pa\u015faoban\u0131n yeni ya\u015fay\u0131\u015f m\u0259h\u0259ll\u0259l\u0259rind\u0259 mavi yanacaq t\u0259l\u0259bi","datePublished":"2021-01-28T11:35:43+00:00","mainEntityOfPage":{"@id":"https:\/\/www.meydan.tv\/az\/article\/pasaobanin-yeni-yasayis-mehellelerinde-mavi-yanacaq-telebi\/"},"wordCount":527,"publisher":{"@id":"https:\/\/www.meydan.tv\/az\/#organization"},"image":{"@id":"https:\/\/www.meydan.tv\/az\/article\/pasaobanin-yeni-yasayis-mehellelerinde-mavi-yanacaq-telebi\/#primaryimage"},"thumbnailUrl":"https:\/\/www.meydan.tv\/wp-content\/uploads\/photo-2021-01-28-10-48-49.jpg","articleSection":["B\u00f6lg\u0259"],"inLanguage":"az"},{"@type":"WebPage","@id":"https:\/\/www.meydan.tv\/az\/article\/pasaobanin-yeni-yasayis-mehellelerinde-mavi-yanacaq-telebi\/","url":"https:\/\/www.meydan.tv\/az\/article\/pasaobanin-yeni-yasayis-mehellelerinde-mavi-yanacaq-telebi\/","name":"Pa\u015faoban\u0131n yeni ya\u015fay\u0131\u015f m\u0259h\u0259ll\u0259l\u0259rind\u0259 mavi yanacaq t\u0259l\u0259bi - MEYDAN.TV","isPartOf":{"@id":"https:\/\/www.meydan.tv\/az\/#website"},"primaryImageOfPage":{"@id":"https:\/\/www.meydan.tv\/az\/article\/pasaobanin-yeni-yasayis-mehellelerinde-mavi-yanacaq-telebi\/#primaryimage"},"image":{"@id":"https:\/\/www.meydan.tv\/az\/article\/pasaobanin-yeni-yasayis-mehellelerinde-mavi-yanacaq-telebi\/#primaryimage"},"thumbnailUrl":"https:\/\/www.meydan.tv\/wp-content\/uploads\/photo-2021-01-28-10-48-49.jpg","datePublished":"2021-01-28T11:35:43+00:00","breadcrumb":{"@id":"https:\/\/www.meydan.tv\/az\/article\/pasaobanin-yeni-yasayis-mehellelerinde-mavi-yanacaq-telebi\/#breadcrumb"},"inLanguage":"az","potentialAction":[{"@type":"ReadAction","target":["https:\/\/www.meydan.tv\/az\/article\/pasaobanin-yeni-yasayis-mehellelerinde-mavi-yanacaq-telebi\/"]}]},{"@type":"ImageObject","inLanguage":"az","@id":"https:\/\/www.meydan.tv\/az\/article\/pasaobanin-yeni-yasayis-mehellelerinde-mavi-yanacaq-telebi\/#primaryimage","url":"https:\/\/www.meydan.tv\/wp-content\/uploads\/photo-2021-01-28-10-48-49.jpg","contentUrl":"https:\/\/www.meydan.tv\/wp-content\/uploads\/photo-2021-01-28-10-48-49.jpg","width":1280,"height":957,"caption":"Source: Specify Source"},{"@type":"BreadcrumbList","@id":"https:\/\/www.meydan.tv\/az\/article\/pasaobanin-yeni-yasayis-mehellelerinde-mavi-yanacaq-telebi\/#breadcrumb","itemListElement":[{"@type":"ListItem","position":1,"name":"Ana s\u0259hif\u0259","item":"https:\/\/www.meydan.tv\/az\/"},{"@type":"ListItem","position":2,"name":"B\u00f6lg\u0259","item":"https:\/\/www.meydan.tv\/az\/section\/bolge\/"},{"@type":"ListItem","position":3,"name":"Pa\u015faoban\u0131n yeni ya\u015fay\u0131\u015f m\u0259h\u0259ll\u0259l\u0259rind\u0259 mavi yanacaq t\u0259l\u0259bi"}]},{"@type":"WebSite","@id":"https:\/\/www.meydan.tv\/az\/#website","url":"https:\/\/www.meydan.tv\/az\/","name":"MEYDAN.TV","description":"Meydan TV Az\u0259rbaycan\u0131n media m\u0259kan\u0131ndak\u0131 alternativ s\u0259sidir","publisher":{"@id":"https:\/\/www.meydan.tv\/az\/#organization"},"potentialAction":[{"@type":"SearchAction","target":{"@type":"EntryPoint","urlTemplate":"https:\/\/www.meydan.tv\/az\/?s={search_term_string}"},"query-input":{"@type":"PropertyValueSpecification","valueRequired":true,"valueName":"search_term_string"}}],"inLanguage":"az"},{"@type":"Organization","@id":"https:\/\/www.meydan.tv\/az\/#organization","name":"Meydan TV","url":"https:\/\/www.meydan.tv\/az\/","logo":{"@type":"ImageObject","inLanguage":"az","@id":"https:\/\/www.meydan.tv\/az\/#\/schema\/logo\/image\/","url":"https:\/\/www.meydan.tv\/wp-content\/uploads\/2021\/07\/meydan-logo.svg","contentUrl":"https:\/\/www.meydan.tv\/wp-content\/uploads\/2021\/07\/meydan-logo.svg","width":195,"height":46,"caption":"Meydan TV"},"image":{"@id":"https:\/\/www.meydan.tv\/az\/#\/schema\/logo\/image\/"}},{"@type":"Person","@id":"https:\/\/www.meydan.tv\/az\/#\/schema\/person\/10d11eccf6da3662cf5fdab9806ea91a","name":"user-manager"}]}},"_links":{"self":[{"href":"https:\/\/www.meydan.tv\/az\/wp-json\/wp\/v2\/posts\/204692","targetHints":{"allow":["GET"]}}],"collection":[{"href":"https:\/\/www.meydan.tv\/az\/wp-json\/wp\/v2\/posts"}],"about":[{"href":"https:\/\/www.meydan.tv\/az\/wp-json\/wp\/v2\/types\/post"}],"author":[{"embeddable":true,"href":"https:\/\/www.meydan.tv\/az\/wp-json\/wp\/v2\/users\/11"}],"replies":[{"embeddable":true,"href":"https:\/\/www.meydan.tv\/az\/wp-json\/wp\/v2\/comments?post=204692"}],"version-history":[{"count":0,"href":"https:\/\/www.meydan.tv\/az\/wp-json\/wp\/v2\/posts\/204692\/revisions"}],"wp:featuredmedia":[{"embeddable":true,"href":"https:\/\/www.meydan.tv\/az\/wp-json\/wp\/v2\/media\/155496"}],"wp:attachment":[{"href":"https:\/\/www.meydan.tv\/az\/wp-json\/wp\/v2\/media?parent=204692"}],"wp:term":[{"taxonomy":"category","embeddable":true,"href":"https:\/\/www.meydan.tv\/az\/wp-json\/wp\/v2\/categories?post=204692"},{"taxonomy":"post_tag","embeddable":true,"href":"https:\/\/www.meydan.tv\/az\/wp-json\/wp\/v2\/tags?post=204692"}],"curies":[{"name":"wp","href":"https:\/\/api.w.org\/{rel}","templated":true}]}}