{"id":204667,"date":"2021-01-27T11:57:59","date_gmt":"2021-01-27T11:57:59","guid":{"rendered":"https:\/\/www.meydan.tv\/article\/vekiller-kollegiyasi-beynelxalq-aksiyaya-gore-vekillerden-imza-teleb-edib\/"},"modified":"2021-01-27T11:57:59","modified_gmt":"2021-01-27T11:57:59","slug":"vekiller-kollegiyasi-beynelxalq-aksiyaya-gore-vekillerden-imza-teleb-edib","status":"publish","type":"post","link":"https:\/\/www.meydan.tv\/az\/article\/vekiller-kollegiyasi-beynelxalq-aksiyaya-gore-vekillerden-imza-teleb-edib\/","title":{"rendered":"V\u0259kill\u0259r Kollegiyas\u0131 beyn\u0259lxalq aksiyaya g\u00f6r\u0259 v\u0259kill\u0259rd\u0259n imza t\u0259l\u0259b edib?"},"content":{"rendered":"<p>\n  <i><br \/>\n    Anar Ba\u011f\u0131rov bununla ba\u011fl\u0131 suala cavab verm\u0259k ist\u0259m\u0259yib<br \/>\n  <\/i>\n<\/p>\n<p>\n  H\u0259r il yanvar\u0131n 24-\u00fc (art\u0131q 44 ildir) d\u00fcnyada T\u0259hl\u00fck\u0259d\u0259ki V\u0259kill\u0259r G\u00fcn\u00fc kimi qeyd olunur. Bel\u0259 ki, 1977-ci ilin m\u0259hz bu g\u00fcn\u00fc \u0130spaniyan\u0131n Madrid \u015f\u0259h\u0259rind\u0259 4 h\u00fcquq\u015f\u00fcnas v\u0259 bir ofis i\u015f\u00e7isi pe\u015f\u0259 f\u0259aliyy\u0259tini icra ed\u0259rk\u0259n q\u0259tl\u0259 yetirilib.\n<\/p>\n<p>\n  2021-ci ild\u0259 is\u0259 ilk d\u0259f\u0259 olaraq, d\u00fcnyan\u0131n m\u00fcxt\u0259lif \u00f6lk\u0259l\u0259rind\u0259 Az\u0259rbaycanda t\u0259zyiql\u0259 \u00fczl\u0259\u015f\u0259n v\u0259kill\u0259rl\u0259 ba\u011fl\u0131 \u00e7a\u011f\u0131r\u0131\u015f edilib.\n<\/p>\n<p>\n  Bundan \u00f6nc\u0259 \u00c7in, Filippin, Honduras, \u0130ran, \u0130spaniya, Kolumbiya, Misir, Pakistan v\u0259 T\u00fcrkiy\u0259d\u0259 t\u0259zyiq\u0259 m\u0259ruz qalan v\u0259kill\u0259r\u0259 d\u0259st\u0259k n\u00fcmayi\u015f edilib.\n<\/p>\n<p>\n  Yanvar\u0131n 23-d\u0259 \u0130zmir V\u0259kill\u0259r B\u00fcrosu, \u00c7a\u011fda\u015f H\u00fcquq\u015f\u00fcnaslar D\u0259rn\u0259yi v\u0259 Azad H\u00fcquq\u015f\u00fcnaslar\u0131 D\u0259rn\u0259yi t\u0259r\u0259find\u0259n imzalanm\u0131\u015f<br \/>\n  <a href=\"https:\/\/www.meydan.tv\/az\/article\/turkiye-ve-belcikada-tezyiqle-uzlesen-azerbaycanli-vekillere-destek-aksiyasi-kecirilib\/?ref=list-news\"><br \/>\n    b\u0259yanat<br \/>\n  <\/a><br \/>\n  s\u0259sl\u0259ndirilib.\n<\/p>\n<p>\n  B\u0259yanatda az\u0259rbaycanl\u0131 v\u0259kill\u0259rin qorunmas\u0131 \u00fc\u00e7\u00fcn m\u00fcbariz\u0259 \u00e7a\u011f\u0131r\u0131\u015f\u0131 edilib: &quot;Az\u0259rbaycanl\u0131 v\u0259kill\u0259r v\u0259 h\u00fcquq\u015f\u00fcnaslar &#8211; El\u00e7in Sad\u0131qov, Cavad Cavadov, Nem\u0259t K\u0259rimli, \u015e\u0259hla H\u00fcmb\u0259tova, Yal\u00e7\u0131n \u0130manov, \u0130rad\u0259 Cavadova, \u018fsab\u0259li Mustafayev, F\u0259xr\u0259ddin Mehdiyev, Aqil Lay\u0131c, F\u0259rhad Mehdiyev, M\u00fcz\u0259ff\u0259r Bax\u0131\u015fov, Xalid Ba\u011f\u0131rov, \u0130ntiqam \u018fliyev v\u0259 b\u0259nz\u0259r v\u0259ziyy\u0259td\u0259 olan dig\u0259r az\u0259rbaycanl\u0131 v\u0259kill\u0259rin durumuna diqq\u0259t \u00e7\u0259km\u0259k ist\u0259yirik\u201d.\n<\/p>\n<p>\n  B\u0259yanatda bildirilir ki, b\u00fct\u00fcn d\u00f6vl\u0259t qurumlar\u0131 v\u0259 v\u0259kil kollegiyalar\u0131, f\u0259aliyy\u0259tl\u0259rin\u0259 g\u00f6r\u0259 v\u0259kill\u0259ri t\u0259hdidl\u0259rd\u0259n, t\u0259qibl\u0259rd\u0259n v\u0259 dig\u0259r qanunsuz m\u00fcdaxil\u0259l\u0259rd\u0259n qorumaq \u00fc\u00e7\u00fcn add\u0131mlar atmal\u0131d\u0131r.\n<\/p>\n<p>\n  Aksiya t\u0259\u015fkilat\u00e7\u0131lar\u0131 t\u0259l\u0259b edibl\u0259r ki, v\u0259kill\u0259rin ifad\u0259 azadl\u0131\u011f\u0131n\u0131 m\u0259hdudla\u015fd\u0131ran etik qaydalar d\u0259yi\u015fdirilm\u0259li v\u0259 A\u0130HM-nin v\u0259kill\u0259rin ifad\u0259 azadl\u0131\u011f\u0131 il\u0259 ba\u011fl\u0131 m\u0259hk\u0259m\u0259 qanununa uy\u011funla\u015fd\u0131r\u0131lmal\u0131d\u0131r.\n<\/p>\n<p>\n  V\u0259kill\u0259r Kollegiyas\u0131n\u0131n s\u0259dri Anar Ba\u011f\u0131rov feysbuk s\u0259hif\u0259sind\u0259 kampaniya m\u00fcnasib\u0259t bildirib.\n<\/p>\n<p>\n  O, qeyd edib ki, b\u0259zi xarici dair\u0259l\u0259r Az\u0259rbaycan v\u0259killiyini bir monstr t\u0259\u015fkilat kimi t\u0259qdim edirl\u0259r: &quot;Xaricd\u0259 b\u0259zi dair\u0259l\u0259r son 10 ild\u0259 V\u0259kill\u0259r Kollegiyas\u0131 il\u0259 h\u00fcquqi m\u00fcbahis\u0259si olan bir ne\u00e7\u0259 h\u00fcquq\u015f\u00fcnas\u0131n r\u0259yi il\u0259 q\u0259r\u0259zli qara PR kampaniyas\u0131 apar\u0131rlar, biz\u0259 qar\u015f\u0131 \u0259sas ittihamlardan biri kimi 2018-ci ild\u0259n n\u00fcmay\u0259nd\u0259lik institutunun m\u0259hdudla\u015fd\u0131r\u0131lmas\u0131n\u0131 bel\u0259 g\u00f6st\u0259rirl\u0259r. Son ill\u0259r \u00f6lk\u0259d\u0259 v\u0259killik sah\u0259sind\u0259 apar\u0131lan v\u0259 c\u0259miyy\u0259timiz t\u0259r\u0259find\u0259n alq\u0131\u015flanan islahatlar\u0131, u\u011furlar\u0131 g\u00f6rm\u0259k ist\u0259mirl\u0259r. Az\u0259rbaycan v\u0259killiyini bir monstr t\u0259\u015fkilat kimi t\u0259qdim edirl\u0259r. Real v\u0259ziyy\u0259ti bilm\u0259y\u0259n insan fikirl\u0259\u015f\u0259r ki, Az\u0259rbaycanda m\u00fcst\u0259qil v\u0259killik he\u00e7 yoxdur, m\u00f6vcud deyil&quot;.\n<\/p>\n<p>\n  Kollegiya s\u0259dri v\u0259kill\u0259rl\u0259 ba\u011fl\u0131 aksiyan\u0131 q\u0131nad\u0131\u011f\u0131n\u0131 b\u0259yan edib: &quot;M\u00fcst\u0259qil V\u0259kill\u0259r Kollegiyas\u0131n\u0131n qanuni v\u0259 legitim qaydada se\u00e7il\u0259n s\u0259dri kimi, v\u0259kill\u0259rimiz ad\u0131ndan bu c\u00fcr c\u0259hdl\u0259ri \u015fidd\u0259tl\u0259 q\u0131nay\u0131ram, \u015fanl\u0131 \u00f6lk\u0259 v\u0259killiyin\u0259 v\u0259 v\u0259kill\u0259rin\u0259 h\u00f6rm\u0259tsizlik v\u0259 say\u011f\u0131s\u0131zl\u0131q kimi q\u0259bul edir\u0259m&quot;.\n<\/p>\n<p>\n  V\u0259kill\u0259r Kollegiyas\u0131 art\u0131q beyn\u0259lxalq t\u0259dbir\u0259 qar\u015f\u0131 kampaniyaya ba\u015flad\u0131\u011f\u0131 bildirilir.\n<\/p>\n<p>\n  M\u0259lumata g\u00f6r\u0259, V\u0259kill\u0259r Kollegiyas\u0131n\u0131n r\u0259hb\u0259rliyi adlar\u0131 \u00e7\u0259kil\u0259n v\u0259 plakatlar\u0131 n\u00fcmayi\u015f etdiril\u0259n v\u0259kill\u0259r\u0259 z\u0259ng ed\u0259r\u0259k haz\u0131rlad\u0131qlar\u0131 b\u0259yanata imza atma\u011f\u0131 t\u0259l\u0259b edibl\u0259r.\n<\/p>\n<p>\n  H\u0259min s\u0259n\u0259dd\u0259 is\u0259 qeyd olunur ki, v\u0259kill\u0259r\u0259 he\u00e7 bir t\u0259zyiq yoxdur, onlara dem\u0259d\u0259n fotolar\u0131 yay\u0131l\u0131b, t\u0259zyiq\u0259 m\u0259ruz qald\u0131qlar\u0131 iddia edilib. Bir s\u00f6zl\u0259, v\u0259kill\u0259rd\u0259n beyn\u0259lxalq kampaniyaya etiraz etm\u0259k t\u0259l\u0259b olunub.\n<\/p>\n<p>\n  V\u0259kill\u0259r Kollegiyas\u0131n\u0131n s\u0259dri Anar Ba\u011f\u0131rov &quot;Arqument.az&quot;a iddian\u0131 t\u0259kzib edib. O bildirib ki, V\u0259kill\u0259r Kollegiya he\u00e7 bir v\u0259kild\u0259n s\u0259n\u0259d\u0259 imza atma\u011f\u0131 t\u0259l\u0259b etm\u0259yib:\n<\/p>\n<p>\n  &quot;M\u0259n v\u0259 Kollegiya he\u00e7 bir v\u0259kild\u0259n s\u0259n\u0259d\u0259 imza atma\u011f\u0131 t\u0259l\u0259b etm\u0259mi\u015fik&quot;.\n<\/p>\n<figure class=\"wp-block-image size-large\">\n  <img decoding=\"async\" src=\"https:\/\/www.meydan.tv\/az\/2-jpg-12\/\" alt=\"2.jpg\" class=\"wp-image-155391\"\/><figcaption>\n    V\u0259kill\u0259r Kollegiyas\u0131n\u0131n haz\u0131rlad\u0131\u011f\u0131 b\u0259yanat\u0131n sur\u0259ti<br \/>\n  <\/figcaption><\/figure>\n","protected":false},"excerpt":{"rendered":"<p>&#8220;M\u00fcst\u0259qil V\u0259kill\u0259r Kollegiyas\u0131n\u0131n qanuni v\u0259 legitim qaydada se\u00e7il\u0259n s\u0259dri kimi, v\u0259kill\u0259rimiz ad\u0131ndan bu c\u00fcr c\u0259hdl\u0259ri \u015fidd\u0259tl\u0259 q\u0131nay\u0131ram, \u015fanl\u0131 \u00f6lk\u0259 v\u0259killiyin\u0259 v\u0259 v\u0259kill\u0259rin\u0259 h\u00f6rm\u0259tsizlik v\u0259 say\u011f\u0131s\u0131zl\u0131q kimi q\u0259bul edir\u0259m&#8221;.<\/p>\n","protected":false},"author":11,"featured_media":104896,"comment_status":"closed","ping_status":"open","sticky":false,"template":"","format":"standard","meta":{"_acf_changed":false,"_sitemap_exclude":false,"_sitemap_priority":"","_sitemap_frequency":"","footnotes":""},"categories":[59],"tags":[],"class_list":["post-204667","post","type-post","status-publish","format-standard","has-post-thumbnail","hentry","category-siyaset","infinite-scroll-item","generate-columns","tablet-grid-50","mobile-grid-100","grid-parent","grid-33","no-featured-image-padding"],"acf":[],"yoast_head":"<!-- This site is optimized with the Yoast SEO plugin v27.5 - https:\/\/yoast.com\/product\/yoast-seo-wordpress\/ -->\n<title>V\u0259kill\u0259r Kollegiyas\u0131 beyn\u0259lxalq aksiyaya g\u00f6r\u0259 v\u0259kill\u0259rd\u0259n imza t\u0259l\u0259b edib? - MEYDAN.TV<\/title>\n<meta name=\"robots\" content=\"index, follow, max-snippet:-1, max-image-preview:large, max-video-preview:-1\" \/>\n<link rel=\"canonical\" href=\"https:\/\/www.meydan.tv\/az\/article\/vekiller-kollegiyasi-beynelxalq-aksiyaya-gore-vekillerden-imza-teleb-edib\/\" \/>\n<meta property=\"og:locale\" content=\"az_AZ\" \/>\n<meta property=\"og:type\" content=\"article\" \/>\n<meta property=\"og:title\" content=\"V\u0259kill\u0259r Kollegiyas\u0131 beyn\u0259lxalq aksiyaya g\u00f6r\u0259 v\u0259kill\u0259rd\u0259n imza t\u0259l\u0259b edib? - MEYDAN.TV\" \/>\n<meta property=\"og:description\" content=\"&quot;M\u00fcst\u0259qil V\u0259kill\u0259r Kollegiyas\u0131n\u0131n qanuni v\u0259 legitim qaydada se\u00e7il\u0259n s\u0259dri kimi, v\u0259kill\u0259rimiz ad\u0131ndan bu c\u00fcr c\u0259hdl\u0259ri \u015fidd\u0259tl\u0259 q\u0131nay\u0131ram, \u015fanl\u0131 \u00f6lk\u0259 v\u0259killiyin\u0259 v\u0259 v\u0259kill\u0259rin\u0259 h\u00f6rm\u0259tsizlik v\u0259 say\u011f\u0131s\u0131zl\u0131q kimi q\u0259bul edir\u0259m&quot;.\" \/>\n<meta property=\"og:url\" content=\"https:\/\/www.meydan.tv\/az\/article\/vekiller-kollegiyasi-beynelxalq-aksiyaya-gore-vekillerden-imza-teleb-edib\/\" \/>\n<meta property=\"og:site_name\" content=\"MEYDAN.TV\" \/>\n<meta property=\"article:published_time\" content=\"2021-01-27T11:57:59+00:00\" \/>\n<meta property=\"og:image\" content=\"https:\/\/www.meydan.tv\/wp-content\/uploads\/41605.jpg\" \/>\n\t<meta property=\"og:image:width\" content=\"1500\" \/>\n\t<meta property=\"og:image:height\" content=\"1000\" \/>\n\t<meta property=\"og:image:type\" content=\"image\/jpeg\" \/>\n<meta name=\"author\" content=\"user-manager\" \/>\n<meta name=\"twitter:card\" content=\"summary_large_image\" \/>\n<script type=\"application\/ld+json\" class=\"yoast-schema-graph\">{\"@context\":\"https:\\\/\\\/schema.org\",\"@graph\":[{\"@type\":\"Article\",\"@id\":\"https:\\\/\\\/www.meydan.tv\\\/az\\\/article\\\/vekiller-kollegiyasi-beynelxalq-aksiyaya-gore-vekillerden-imza-teleb-edib\\\/#article\",\"isPartOf\":{\"@id\":\"https:\\\/\\\/www.meydan.tv\\\/az\\\/article\\\/vekiller-kollegiyasi-beynelxalq-aksiyaya-gore-vekillerden-imza-teleb-edib\\\/\"},\"author\":{\"name\":\"user-manager\",\"@id\":\"https:\\\/\\\/www.meydan.tv\\\/az\\\/#\\\/schema\\\/person\\\/10d11eccf6da3662cf5fdab9806ea91a\"},\"headline\":\"V\u0259kill\u0259r Kollegiyas\u0131 beyn\u0259lxalq aksiyaya g\u00f6r\u0259 v\u0259kill\u0259rd\u0259n imza t\u0259l\u0259b edib?\",\"datePublished\":\"2021-01-27T11:57:59+00:00\",\"mainEntityOfPage\":{\"@id\":\"https:\\\/\\\/www.meydan.tv\\\/az\\\/article\\\/vekiller-kollegiyasi-beynelxalq-aksiyaya-gore-vekillerden-imza-teleb-edib\\\/\"},\"wordCount\":796,\"publisher\":{\"@id\":\"https:\\\/\\\/www.meydan.tv\\\/az\\\/#organization\"},\"image\":{\"@id\":\"https:\\\/\\\/www.meydan.tv\\\/az\\\/article\\\/vekiller-kollegiyasi-beynelxalq-aksiyaya-gore-vekillerden-imza-teleb-edib\\\/#primaryimage\"},\"thumbnailUrl\":\"https:\\\/\\\/www.meydan.tv\\\/wp-content\\\/uploads\\\/41605.jpg\",\"articleSection\":[\"Siyas\u0259t\"],\"inLanguage\":\"az\"},{\"@type\":\"WebPage\",\"@id\":\"https:\\\/\\\/www.meydan.tv\\\/az\\\/article\\\/vekiller-kollegiyasi-beynelxalq-aksiyaya-gore-vekillerden-imza-teleb-edib\\\/\",\"url\":\"https:\\\/\\\/www.meydan.tv\\\/az\\\/article\\\/vekiller-kollegiyasi-beynelxalq-aksiyaya-gore-vekillerden-imza-teleb-edib\\\/\",\"name\":\"V\u0259kill\u0259r Kollegiyas\u0131 beyn\u0259lxalq aksiyaya g\u00f6r\u0259 v\u0259kill\u0259rd\u0259n imza t\u0259l\u0259b edib? - MEYDAN.TV\",\"isPartOf\":{\"@id\":\"https:\\\/\\\/www.meydan.tv\\\/az\\\/#website\"},\"primaryImageOfPage\":{\"@id\":\"https:\\\/\\\/www.meydan.tv\\\/az\\\/article\\\/vekiller-kollegiyasi-beynelxalq-aksiyaya-gore-vekillerden-imza-teleb-edib\\\/#primaryimage\"},\"image\":{\"@id\":\"https:\\\/\\\/www.meydan.tv\\\/az\\\/article\\\/vekiller-kollegiyasi-beynelxalq-aksiyaya-gore-vekillerden-imza-teleb-edib\\\/#primaryimage\"},\"thumbnailUrl\":\"https:\\\/\\\/www.meydan.tv\\\/wp-content\\\/uploads\\\/41605.jpg\",\"datePublished\":\"2021-01-27T11:57:59+00:00\",\"breadcrumb\":{\"@id\":\"https:\\\/\\\/www.meydan.tv\\\/az\\\/article\\\/vekiller-kollegiyasi-beynelxalq-aksiyaya-gore-vekillerden-imza-teleb-edib\\\/#breadcrumb\"},\"inLanguage\":\"az\",\"potentialAction\":[{\"@type\":\"ReadAction\",\"target\":[\"https:\\\/\\\/www.meydan.tv\\\/az\\\/article\\\/vekiller-kollegiyasi-beynelxalq-aksiyaya-gore-vekillerden-imza-teleb-edib\\\/\"]}]},{\"@type\":\"ImageObject\",\"inLanguage\":\"az\",\"@id\":\"https:\\\/\\\/www.meydan.tv\\\/az\\\/article\\\/vekiller-kollegiyasi-beynelxalq-aksiyaya-gore-vekillerden-imza-teleb-edib\\\/#primaryimage\",\"url\":\"https:\\\/\\\/www.meydan.tv\\\/wp-content\\\/uploads\\\/41605.jpg\",\"contentUrl\":\"https:\\\/\\\/www.meydan.tv\\\/wp-content\\\/uploads\\\/41605.jpg\",\"width\":1500,\"height\":1000,\"caption\":\"Source:\"},{\"@type\":\"BreadcrumbList\",\"@id\":\"https:\\\/\\\/www.meydan.tv\\\/az\\\/article\\\/vekiller-kollegiyasi-beynelxalq-aksiyaya-gore-vekillerden-imza-teleb-edib\\\/#breadcrumb\",\"itemListElement\":[{\"@type\":\"ListItem\",\"position\":1,\"name\":\"Ana s\u0259hif\u0259\",\"item\":\"https:\\\/\\\/www.meydan.tv\\\/az\\\/\"},{\"@type\":\"ListItem\",\"position\":2,\"name\":\"Siyas\u0259t\",\"item\":\"https:\\\/\\\/www.meydan.tv\\\/az\\\/section\\\/siyaset\\\/\"},{\"@type\":\"ListItem\",\"position\":3,\"name\":\"V\u0259kill\u0259r Kollegiyas\u0131 beyn\u0259lxalq aksiyaya g\u00f6r\u0259 v\u0259kill\u0259rd\u0259n imza t\u0259l\u0259b edib?\"}]},{\"@type\":\"WebSite\",\"@id\":\"https:\\\/\\\/www.meydan.tv\\\/az\\\/#website\",\"url\":\"https:\\\/\\\/www.meydan.tv\\\/az\\\/\",\"name\":\"MEYDAN.TV\",\"description\":\"Meydan TV Az\u0259rbaycan\u0131n media m\u0259kan\u0131ndak\u0131 alternativ s\u0259sidir\",\"publisher\":{\"@id\":\"https:\\\/\\\/www.meydan.tv\\\/az\\\/#organization\"},\"potentialAction\":[{\"@type\":\"SearchAction\",\"target\":{\"@type\":\"EntryPoint\",\"urlTemplate\":\"https:\\\/\\\/www.meydan.tv\\\/az\\\/?s={search_term_string}\"},\"query-input\":{\"@type\":\"PropertyValueSpecification\",\"valueRequired\":true,\"valueName\":\"search_term_string\"}}],\"inLanguage\":\"az\"},{\"@type\":\"Organization\",\"@id\":\"https:\\\/\\\/www.meydan.tv\\\/az\\\/#organization\",\"name\":\"Meydan TV\",\"url\":\"https:\\\/\\\/www.meydan.tv\\\/az\\\/\",\"logo\":{\"@type\":\"ImageObject\",\"inLanguage\":\"az\",\"@id\":\"https:\\\/\\\/www.meydan.tv\\\/az\\\/#\\\/schema\\\/logo\\\/image\\\/\",\"url\":\"https:\\\/\\\/www.meydan.tv\\\/wp-content\\\/uploads\\\/2021\\\/07\\\/meydan-logo.svg\",\"contentUrl\":\"https:\\\/\\\/www.meydan.tv\\\/wp-content\\\/uploads\\\/2021\\\/07\\\/meydan-logo.svg\",\"width\":195,\"height\":46,\"caption\":\"Meydan TV\"},\"image\":{\"@id\":\"https:\\\/\\\/www.meydan.tv\\\/az\\\/#\\\/schema\\\/logo\\\/image\\\/\"}},{\"@type\":\"Person\",\"@id\":\"https:\\\/\\\/www.meydan.tv\\\/az\\\/#\\\/schema\\\/person\\\/10d11eccf6da3662cf5fdab9806ea91a\",\"name\":\"user-manager\"}]}<\/script>\n<!-- \/ Yoast SEO plugin. -->","yoast_head_json":{"title":"V\u0259kill\u0259r Kollegiyas\u0131 beyn\u0259lxalq aksiyaya g\u00f6r\u0259 v\u0259kill\u0259rd\u0259n imza t\u0259l\u0259b edib? - MEYDAN.TV","robots":{"index":"index","follow":"follow","max-snippet":"max-snippet:-1","max-image-preview":"max-image-preview:large","max-video-preview":"max-video-preview:-1"},"canonical":"https:\/\/www.meydan.tv\/az\/article\/vekiller-kollegiyasi-beynelxalq-aksiyaya-gore-vekillerden-imza-teleb-edib\/","og_locale":"az_AZ","og_type":"article","og_title":"V\u0259kill\u0259r Kollegiyas\u0131 beyn\u0259lxalq aksiyaya g\u00f6r\u0259 v\u0259kill\u0259rd\u0259n imza t\u0259l\u0259b edib? - MEYDAN.TV","og_description":"\"M\u00fcst\u0259qil V\u0259kill\u0259r Kollegiyas\u0131n\u0131n qanuni v\u0259 legitim qaydada se\u00e7il\u0259n s\u0259dri kimi, v\u0259kill\u0259rimiz ad\u0131ndan bu c\u00fcr c\u0259hdl\u0259ri \u015fidd\u0259tl\u0259 q\u0131nay\u0131ram, \u015fanl\u0131 \u00f6lk\u0259 v\u0259killiyin\u0259 v\u0259 v\u0259kill\u0259rin\u0259 h\u00f6rm\u0259tsizlik v\u0259 say\u011f\u0131s\u0131zl\u0131q kimi q\u0259bul edir\u0259m\".","og_url":"https:\/\/www.meydan.tv\/az\/article\/vekiller-kollegiyasi-beynelxalq-aksiyaya-gore-vekillerden-imza-teleb-edib\/","og_site_name":"MEYDAN.TV","article_published_time":"2021-01-27T11:57:59+00:00","og_image":[{"width":1500,"height":1000,"url":"https:\/\/www.meydan.tv\/wp-content\/uploads\/41605.jpg","type":"image\/jpeg"}],"author":"user-manager","twitter_card":"summary_large_image","schema":{"@context":"https:\/\/schema.org","@graph":[{"@type":"Article","@id":"https:\/\/www.meydan.tv\/az\/article\/vekiller-kollegiyasi-beynelxalq-aksiyaya-gore-vekillerden-imza-teleb-edib\/#article","isPartOf":{"@id":"https:\/\/www.meydan.tv\/az\/article\/vekiller-kollegiyasi-beynelxalq-aksiyaya-gore-vekillerden-imza-teleb-edib\/"},"author":{"name":"user-manager","@id":"https:\/\/www.meydan.tv\/az\/#\/schema\/person\/10d11eccf6da3662cf5fdab9806ea91a"},"headline":"V\u0259kill\u0259r Kollegiyas\u0131 beyn\u0259lxalq aksiyaya g\u00f6r\u0259 v\u0259kill\u0259rd\u0259n imza t\u0259l\u0259b edib?","datePublished":"2021-01-27T11:57:59+00:00","mainEntityOfPage":{"@id":"https:\/\/www.meydan.tv\/az\/article\/vekiller-kollegiyasi-beynelxalq-aksiyaya-gore-vekillerden-imza-teleb-edib\/"},"wordCount":796,"publisher":{"@id":"https:\/\/www.meydan.tv\/az\/#organization"},"image":{"@id":"https:\/\/www.meydan.tv\/az\/article\/vekiller-kollegiyasi-beynelxalq-aksiyaya-gore-vekillerden-imza-teleb-edib\/#primaryimage"},"thumbnailUrl":"https:\/\/www.meydan.tv\/wp-content\/uploads\/41605.jpg","articleSection":["Siyas\u0259t"],"inLanguage":"az"},{"@type":"WebPage","@id":"https:\/\/www.meydan.tv\/az\/article\/vekiller-kollegiyasi-beynelxalq-aksiyaya-gore-vekillerden-imza-teleb-edib\/","url":"https:\/\/www.meydan.tv\/az\/article\/vekiller-kollegiyasi-beynelxalq-aksiyaya-gore-vekillerden-imza-teleb-edib\/","name":"V\u0259kill\u0259r Kollegiyas\u0131 beyn\u0259lxalq aksiyaya g\u00f6r\u0259 v\u0259kill\u0259rd\u0259n imza t\u0259l\u0259b edib? - MEYDAN.TV","isPartOf":{"@id":"https:\/\/www.meydan.tv\/az\/#website"},"primaryImageOfPage":{"@id":"https:\/\/www.meydan.tv\/az\/article\/vekiller-kollegiyasi-beynelxalq-aksiyaya-gore-vekillerden-imza-teleb-edib\/#primaryimage"},"image":{"@id":"https:\/\/www.meydan.tv\/az\/article\/vekiller-kollegiyasi-beynelxalq-aksiyaya-gore-vekillerden-imza-teleb-edib\/#primaryimage"},"thumbnailUrl":"https:\/\/www.meydan.tv\/wp-content\/uploads\/41605.jpg","datePublished":"2021-01-27T11:57:59+00:00","breadcrumb":{"@id":"https:\/\/www.meydan.tv\/az\/article\/vekiller-kollegiyasi-beynelxalq-aksiyaya-gore-vekillerden-imza-teleb-edib\/#breadcrumb"},"inLanguage":"az","potentialAction":[{"@type":"ReadAction","target":["https:\/\/www.meydan.tv\/az\/article\/vekiller-kollegiyasi-beynelxalq-aksiyaya-gore-vekillerden-imza-teleb-edib\/"]}]},{"@type":"ImageObject","inLanguage":"az","@id":"https:\/\/www.meydan.tv\/az\/article\/vekiller-kollegiyasi-beynelxalq-aksiyaya-gore-vekillerden-imza-teleb-edib\/#primaryimage","url":"https:\/\/www.meydan.tv\/wp-content\/uploads\/41605.jpg","contentUrl":"https:\/\/www.meydan.tv\/wp-content\/uploads\/41605.jpg","width":1500,"height":1000,"caption":"Source:"},{"@type":"BreadcrumbList","@id":"https:\/\/www.meydan.tv\/az\/article\/vekiller-kollegiyasi-beynelxalq-aksiyaya-gore-vekillerden-imza-teleb-edib\/#breadcrumb","itemListElement":[{"@type":"ListItem","position":1,"name":"Ana s\u0259hif\u0259","item":"https:\/\/www.meydan.tv\/az\/"},{"@type":"ListItem","position":2,"name":"Siyas\u0259t","item":"https:\/\/www.meydan.tv\/az\/section\/siyaset\/"},{"@type":"ListItem","position":3,"name":"V\u0259kill\u0259r Kollegiyas\u0131 beyn\u0259lxalq aksiyaya g\u00f6r\u0259 v\u0259kill\u0259rd\u0259n imza t\u0259l\u0259b edib?"}]},{"@type":"WebSite","@id":"https:\/\/www.meydan.tv\/az\/#website","url":"https:\/\/www.meydan.tv\/az\/","name":"MEYDAN.TV","description":"Meydan TV Az\u0259rbaycan\u0131n media m\u0259kan\u0131ndak\u0131 alternativ s\u0259sidir","publisher":{"@id":"https:\/\/www.meydan.tv\/az\/#organization"},"potentialAction":[{"@type":"SearchAction","target":{"@type":"EntryPoint","urlTemplate":"https:\/\/www.meydan.tv\/az\/?s={search_term_string}"},"query-input":{"@type":"PropertyValueSpecification","valueRequired":true,"valueName":"search_term_string"}}],"inLanguage":"az"},{"@type":"Organization","@id":"https:\/\/www.meydan.tv\/az\/#organization","name":"Meydan TV","url":"https:\/\/www.meydan.tv\/az\/","logo":{"@type":"ImageObject","inLanguage":"az","@id":"https:\/\/www.meydan.tv\/az\/#\/schema\/logo\/image\/","url":"https:\/\/www.meydan.tv\/wp-content\/uploads\/2021\/07\/meydan-logo.svg","contentUrl":"https:\/\/www.meydan.tv\/wp-content\/uploads\/2021\/07\/meydan-logo.svg","width":195,"height":46,"caption":"Meydan TV"},"image":{"@id":"https:\/\/www.meydan.tv\/az\/#\/schema\/logo\/image\/"}},{"@type":"Person","@id":"https:\/\/www.meydan.tv\/az\/#\/schema\/person\/10d11eccf6da3662cf5fdab9806ea91a","name":"user-manager"}]}},"_links":{"self":[{"href":"https:\/\/www.meydan.tv\/az\/wp-json\/wp\/v2\/posts\/204667","targetHints":{"allow":["GET"]}}],"collection":[{"href":"https:\/\/www.meydan.tv\/az\/wp-json\/wp\/v2\/posts"}],"about":[{"href":"https:\/\/www.meydan.tv\/az\/wp-json\/wp\/v2\/types\/post"}],"author":[{"embeddable":true,"href":"https:\/\/www.meydan.tv\/az\/wp-json\/wp\/v2\/users\/11"}],"replies":[{"embeddable":true,"href":"https:\/\/www.meydan.tv\/az\/wp-json\/wp\/v2\/comments?post=204667"}],"version-history":[{"count":0,"href":"https:\/\/www.meydan.tv\/az\/wp-json\/wp\/v2\/posts\/204667\/revisions"}],"wp:featuredmedia":[{"embeddable":true,"href":"https:\/\/www.meydan.tv\/az\/wp-json\/wp\/v2\/media\/104896"}],"wp:attachment":[{"href":"https:\/\/www.meydan.tv\/az\/wp-json\/wp\/v2\/media?parent=204667"}],"wp:term":[{"taxonomy":"category","embeddable":true,"href":"https:\/\/www.meydan.tv\/az\/wp-json\/wp\/v2\/categories?post=204667"},{"taxonomy":"post_tag","embeddable":true,"href":"https:\/\/www.meydan.tv\/az\/wp-json\/wp\/v2\/tags?post=204667"}],"curies":[{"name":"wp","href":"https:\/\/api.w.org\/{rel}","templated":true}]}}