{"id":204663,"date":"2021-01-27T08:34:50","date_gmt":"2021-01-27T08:34:50","guid":{"rendered":"https:\/\/www.meydan.tv\/article\/uzeyir-hacibeylinin-ev-muzeyi-fealiyyetini-berpa-edib\/"},"modified":"2021-01-27T08:34:50","modified_gmt":"2021-01-27T08:34:50","slug":"uzeyir-hacibeylinin-ev-muzeyi-fealiyyetini-berpa-edib","status":"publish","type":"post","link":"https:\/\/www.meydan.tv\/az\/article\/uzeyir-hacibeylinin-ev-muzeyi-fealiyyetini-berpa-edib\/","title":{"rendered":"\u00dczeyir Hac\u0131b\u0259ylinin ev-muzeyi f\u0259aliyy\u0259tini b\u0259rpa edib"},"content":{"rendered":"<p>\n  <i><br \/>\n    &quot;H\u0259l\u0259 muzey\u0259 g\u0259l\u0259n az olur\u201d<br \/>\n  <\/i>\n<\/p>\n<p>\n  Az\u0259rbaycanl\u0131 b\u0259st\u0259kar \u00dczeyir Hac\u0131b\u0259ylinin Bak\u0131da yerl\u0259\u015f\u0259n ev-muzeyinin f\u0259aliyy\u0259ti yenid\u0259n b\u0259rpa olunub.\n<\/p>\n<p>\n  Muzeyd\u0259n Meydan TV-y\u0259 veril\u0259n m\u0259lumata g\u00f6r\u0259, yanvar\u0131n 25-d\u0259 etibar\u0259n muzey eksponatlar\u0131 ziyar\u0259t\u00e7il\u0259r \u00fc\u00e7\u00fcn n\u00fcmayi\u015f\u0259 a\u00e7\u0131qd\u0131r:\n<\/p>\n<p>\n  \u201cMuzeyd\u0259 ekspozisiyalar\u0131n n\u00fcmayi\u015fin\u0259 yanvar\u0131n 25-d\u0259n ba\u015flan\u0131l\u0131b. Karantind\u0259n \u00e7\u0131xd\u0131\u011f\u0131m\u0131za g\u00f6r\u0259 h\u0259l\u0259 muzey\u0259 g\u0259l\u0259n az olur. G\u00fcn \u0259rzind\u0259 bir-iki n\u0259f\u0259r ola, ya olmaya. Biletin qiym\u0259ti 2-3 manatd\u0131r. \u015e\u0259nb\u0259-bazar g\u00fcn\u00fc i\u015fl\u0259mirik\u201d.\n<\/p>\n<p>\n  \u00dczeyir Hac\u0131b\u0259ylinin Bak\u0131dak\u0131 \u0435v-\u043cuzeyi 1975-ci il, noyabr\u0131n 20-d\u0259 a\u00e7\u0131l\u0131b. Muzey \u015eamil \u018fzizb\u0259yov k\u00fc\u00e7\u0259si (ke\u00e7mi\u015f Verxnaya Priutskaya, sonralar \u041aetsxoveli) \u0435v 67-d\u0259 yerl\u0259\u015fir. B\u0259st\u0259kar bu evd\u0259 1915-1942-ci ill\u0259r \u0259rzind\u0259 ya\u015fay\u0131b.\n<\/p>\n<p>\n  Muzeyd\u0259 b\u0259st\u0259kar\u0131n z\u0259ngin h\u0259yat v\u0259 yarad\u0131c\u0131l\u0131\u011f\u0131n\u0131 \u0259ks etdir\u0259n materiallar v\u0259 \u015f\u0259xsi \u0259\u015fyalar, \u0259lyazmalar, q\u0259dim kitablar qorunur. Burada h\u0259m\u00e7inin Az\u0259rbaycan\u0131n g\u00f6rk\u0259mli r\u0259ssamlar\u0131n\u0131n v\u0259 heyk\u0259ltara\u015flar\u0131n\u0131n \u0259s\u0259rl\u0259rind\u0259n ibar\u0259t n\u00fcmun\u0259l\u0259r, xal\u00e7alar, milli musiqi al\u0259tl\u0259ri v\u0259 m\u00fcxt\u0259lif qiym\u0259tli h\u0259diyy\u0259l\u0259r n\u00fcmayi\u015f olunur.\n<\/p>\n<p>\n  Muzeyd\u0259 b\u0259st\u0259kar\u0131n yarad\u0131c\u0131l\u0131\u011f\u0131ndan \u0259lav\u0259 onun m\u0259i\u015f\u0259tini \u0259ks etdir\u0259n ekspozisiyalar da var. Bu eksponatlar\u0131n bir \u00e7oxu 1992-ci il Birinci Qaraba\u011f M\u00fcharib\u0259si zaman\u0131 b\u0259st\u0259kar\u0131n \u015eu\u015fadak\u0131 ev- muzeyind\u0259n \u00e7\u0131xar\u0131laraq, Bak\u0131ya g\u0259tirilib. M\u0259d\u0259niyy\u0259t Nazirliyinin m\u0259lumat\u0131na g\u00f6r\u0259, \u00dczeyir b\u0259yin xatir\u0259sini ya\u015fadan d\u0259y\u0259rli eksponatlar ev-muzeyinin b\u0259rpas\u0131ndansonra \u015eu\u015faya apar\u0131lacaq (\u00dczeyir Hac\u0131b\u0259ylinin \u015f\u0259xsi \u0259\u015fyalar\u0131 \u015eu\u015fadak\u0131 ev-muzeyin\u0259 qaytar\u0131lacaq &#8211;<br \/>\n  <a href=\"http:\/\/d9mc3ts4czbpr.cloudfront.net\"><br \/>\n    Meydan.TV<br \/>\n  <\/a><br \/>\n  ).\n<\/p>\n<p>\n  Bak\u0131dak\u0131 muzeyd\u0259 \u015f\u0259xsi \u0259\u015fyalar\u0131n \u015eu\u015fadak\u0131 ev-muzeyin\u0259 geri qaytar\u0131lmas\u0131 il\u0259 ba\u011fl\u0131 d\u0259qiq m\u0259lumat\u0131n olmad\u0131\u011f\u0131 bildirilib.<\/p>\n","protected":false},"excerpt":{"rendered":"<p>&#8220;Biletin qiym\u0259ti 2-3 manatd\u0131r&#8221;.<\/p>\n","protected":false},"author":11,"featured_media":155370,"comment_status":"closed","ping_status":"open","sticky":false,"template":"","format":"standard","meta":{"_acf_changed":false,"_sitemap_exclude":false,"_sitemap_priority":"","_sitemap_frequency":"","footnotes":""},"categories":[52],"tags":[],"class_list":["post-204663","post","type-post","status-publish","format-standard","has-post-thumbnail","hentry","category-medeniyyet","infinite-scroll-item","generate-columns","tablet-grid-50","mobile-grid-100","grid-parent","grid-33","no-featured-image-padding"],"acf":[],"yoast_head":"<!-- This site is optimized with the Yoast SEO plugin v27.4 - https:\/\/yoast.com\/product\/yoast-seo-wordpress\/ -->\n<title>\u00dczeyir Hac\u0131b\u0259ylinin ev-muzeyi f\u0259aliyy\u0259tini b\u0259rpa edib - MEYDAN.TV<\/title>\n<meta name=\"robots\" content=\"index, follow, max-snippet:-1, max-image-preview:large, max-video-preview:-1\" \/>\n<link rel=\"canonical\" href=\"https:\/\/www.meydan.tv\/az\/article\/uzeyir-hacibeylinin-ev-muzeyi-fealiyyetini-berpa-edib\/\" \/>\n<meta property=\"og:locale\" content=\"az_AZ\" \/>\n<meta property=\"og:type\" content=\"article\" \/>\n<meta property=\"og:title\" content=\"\u00dczeyir Hac\u0131b\u0259ylinin ev-muzeyi f\u0259aliyy\u0259tini b\u0259rpa edib - MEYDAN.TV\" \/>\n<meta property=\"og:description\" content=\"&quot;Biletin qiym\u0259ti 2-3 manatd\u0131r&quot;.\" \/>\n<meta property=\"og:url\" content=\"https:\/\/www.meydan.tv\/az\/article\/uzeyir-hacibeylinin-ev-muzeyi-fealiyyetini-berpa-edib\/\" \/>\n<meta property=\"og:site_name\" content=\"MEYDAN.TV\" \/>\n<meta property=\"article:published_time\" content=\"2021-01-27T08:34:50+00:00\" \/>\n<meta property=\"og:image\" content=\"https:\/\/www.meydan.tv\/wp-content\/uploads\/u__zeyir_b__yin_ev_muzeyi-bak__.jpeg\" \/>\n\t<meta property=\"og:image:width\" content=\"853\" \/>\n\t<meta property=\"og:image:height\" content=\"480\" \/>\n\t<meta property=\"og:image:type\" content=\"image\/jpeg\" \/>\n<meta name=\"author\" content=\"user-manager\" \/>\n<meta name=\"twitter:card\" content=\"summary_large_image\" \/>\n<script type=\"application\/ld+json\" class=\"yoast-schema-graph\">{\"@context\":\"https:\\\/\\\/schema.org\",\"@graph\":[{\"@type\":\"Article\",\"@id\":\"https:\\\/\\\/www.meydan.tv\\\/az\\\/article\\\/uzeyir-hacibeylinin-ev-muzeyi-fealiyyetini-berpa-edib\\\/#article\",\"isPartOf\":{\"@id\":\"https:\\\/\\\/www.meydan.tv\\\/az\\\/article\\\/uzeyir-hacibeylinin-ev-muzeyi-fealiyyetini-berpa-edib\\\/\"},\"author\":{\"name\":\"user-manager\",\"@id\":\"https:\\\/\\\/www.meydan.tv\\\/az\\\/#\\\/schema\\\/person\\\/10d11eccf6da3662cf5fdab9806ea91a\"},\"headline\":\"\u00dczeyir Hac\u0131b\u0259ylinin ev-muzeyi f\u0259aliyy\u0259tini b\u0259rpa edib\",\"datePublished\":\"2021-01-27T08:34:50+00:00\",\"mainEntityOfPage\":{\"@id\":\"https:\\\/\\\/www.meydan.tv\\\/az\\\/article\\\/uzeyir-hacibeylinin-ev-muzeyi-fealiyyetini-berpa-edib\\\/\"},\"wordCount\":418,\"publisher\":{\"@id\":\"https:\\\/\\\/www.meydan.tv\\\/az\\\/#organization\"},\"image\":{\"@id\":\"https:\\\/\\\/www.meydan.tv\\\/az\\\/article\\\/uzeyir-hacibeylinin-ev-muzeyi-fealiyyetini-berpa-edib\\\/#primaryimage\"},\"thumbnailUrl\":\"https:\\\/\\\/www.meydan.tv\\\/wp-content\\\/uploads\\\/u__zeyir_b__yin_ev_muzeyi-bak__.jpeg\",\"articleSection\":[\"M\u0259d\u0259niyy\u0259t\"],\"inLanguage\":\"az\"},{\"@type\":\"WebPage\",\"@id\":\"https:\\\/\\\/www.meydan.tv\\\/az\\\/article\\\/uzeyir-hacibeylinin-ev-muzeyi-fealiyyetini-berpa-edib\\\/\",\"url\":\"https:\\\/\\\/www.meydan.tv\\\/az\\\/article\\\/uzeyir-hacibeylinin-ev-muzeyi-fealiyyetini-berpa-edib\\\/\",\"name\":\"\u00dczeyir Hac\u0131b\u0259ylinin ev-muzeyi f\u0259aliyy\u0259tini b\u0259rpa edib - MEYDAN.TV\",\"isPartOf\":{\"@id\":\"https:\\\/\\\/www.meydan.tv\\\/az\\\/#website\"},\"primaryImageOfPage\":{\"@id\":\"https:\\\/\\\/www.meydan.tv\\\/az\\\/article\\\/uzeyir-hacibeylinin-ev-muzeyi-fealiyyetini-berpa-edib\\\/#primaryimage\"},\"image\":{\"@id\":\"https:\\\/\\\/www.meydan.tv\\\/az\\\/article\\\/uzeyir-hacibeylinin-ev-muzeyi-fealiyyetini-berpa-edib\\\/#primaryimage\"},\"thumbnailUrl\":\"https:\\\/\\\/www.meydan.tv\\\/wp-content\\\/uploads\\\/u__zeyir_b__yin_ev_muzeyi-bak__.jpeg\",\"datePublished\":\"2021-01-27T08:34:50+00:00\",\"breadcrumb\":{\"@id\":\"https:\\\/\\\/www.meydan.tv\\\/az\\\/article\\\/uzeyir-hacibeylinin-ev-muzeyi-fealiyyetini-berpa-edib\\\/#breadcrumb\"},\"inLanguage\":\"az\",\"potentialAction\":[{\"@type\":\"ReadAction\",\"target\":[\"https:\\\/\\\/www.meydan.tv\\\/az\\\/article\\\/uzeyir-hacibeylinin-ev-muzeyi-fealiyyetini-berpa-edib\\\/\"]}]},{\"@type\":\"ImageObject\",\"inLanguage\":\"az\",\"@id\":\"https:\\\/\\\/www.meydan.tv\\\/az\\\/article\\\/uzeyir-hacibeylinin-ev-muzeyi-fealiyyetini-berpa-edib\\\/#primaryimage\",\"url\":\"https:\\\/\\\/www.meydan.tv\\\/wp-content\\\/uploads\\\/u__zeyir_b__yin_ev_muzeyi-bak__.jpeg\",\"contentUrl\":\"https:\\\/\\\/www.meydan.tv\\\/wp-content\\\/uploads\\\/u__zeyir_b__yin_ev_muzeyi-bak__.jpeg\",\"width\":853,\"height\":480,\"caption\":\"Source: Specify Source\"},{\"@type\":\"BreadcrumbList\",\"@id\":\"https:\\\/\\\/www.meydan.tv\\\/az\\\/article\\\/uzeyir-hacibeylinin-ev-muzeyi-fealiyyetini-berpa-edib\\\/#breadcrumb\",\"itemListElement\":[{\"@type\":\"ListItem\",\"position\":1,\"name\":\"Ana s\u0259hif\u0259\",\"item\":\"https:\\\/\\\/www.meydan.tv\\\/az\\\/\"},{\"@type\":\"ListItem\",\"position\":2,\"name\":\"M\u0259d\u0259niyy\u0259t\",\"item\":\"https:\\\/\\\/www.meydan.tv\\\/az\\\/section\\\/medeniyyet\\\/\"},{\"@type\":\"ListItem\",\"position\":3,\"name\":\"\u00dczeyir Hac\u0131b\u0259ylinin ev-muzeyi f\u0259aliyy\u0259tini b\u0259rpa edib\"}]},{\"@type\":\"WebSite\",\"@id\":\"https:\\\/\\\/www.meydan.tv\\\/az\\\/#website\",\"url\":\"https:\\\/\\\/www.meydan.tv\\\/az\\\/\",\"name\":\"MEYDAN.TV\",\"description\":\"Meydan TV Az\u0259rbaycan\u0131n media m\u0259kan\u0131ndak\u0131 alternativ s\u0259sidir\",\"publisher\":{\"@id\":\"https:\\\/\\\/www.meydan.tv\\\/az\\\/#organization\"},\"potentialAction\":[{\"@type\":\"SearchAction\",\"target\":{\"@type\":\"EntryPoint\",\"urlTemplate\":\"https:\\\/\\\/www.meydan.tv\\\/az\\\/?s={search_term_string}\"},\"query-input\":{\"@type\":\"PropertyValueSpecification\",\"valueRequired\":true,\"valueName\":\"search_term_string\"}}],\"inLanguage\":\"az\"},{\"@type\":\"Organization\",\"@id\":\"https:\\\/\\\/www.meydan.tv\\\/az\\\/#organization\",\"name\":\"Meydan TV\",\"url\":\"https:\\\/\\\/www.meydan.tv\\\/az\\\/\",\"logo\":{\"@type\":\"ImageObject\",\"inLanguage\":\"az\",\"@id\":\"https:\\\/\\\/www.meydan.tv\\\/az\\\/#\\\/schema\\\/logo\\\/image\\\/\",\"url\":\"https:\\\/\\\/www.meydan.tv\\\/wp-content\\\/uploads\\\/2021\\\/07\\\/meydan-logo.svg\",\"contentUrl\":\"https:\\\/\\\/www.meydan.tv\\\/wp-content\\\/uploads\\\/2021\\\/07\\\/meydan-logo.svg\",\"width\":195,\"height\":46,\"caption\":\"Meydan TV\"},\"image\":{\"@id\":\"https:\\\/\\\/www.meydan.tv\\\/az\\\/#\\\/schema\\\/logo\\\/image\\\/\"}},{\"@type\":\"Person\",\"@id\":\"https:\\\/\\\/www.meydan.tv\\\/az\\\/#\\\/schema\\\/person\\\/10d11eccf6da3662cf5fdab9806ea91a\",\"name\":\"user-manager\"}]}<\/script>\n<!-- \/ Yoast SEO plugin. -->","yoast_head_json":{"title":"\u00dczeyir Hac\u0131b\u0259ylinin ev-muzeyi f\u0259aliyy\u0259tini b\u0259rpa edib - MEYDAN.TV","robots":{"index":"index","follow":"follow","max-snippet":"max-snippet:-1","max-image-preview":"max-image-preview:large","max-video-preview":"max-video-preview:-1"},"canonical":"https:\/\/www.meydan.tv\/az\/article\/uzeyir-hacibeylinin-ev-muzeyi-fealiyyetini-berpa-edib\/","og_locale":"az_AZ","og_type":"article","og_title":"\u00dczeyir Hac\u0131b\u0259ylinin ev-muzeyi f\u0259aliyy\u0259tini b\u0259rpa edib - MEYDAN.TV","og_description":"\"Biletin qiym\u0259ti 2-3 manatd\u0131r\".","og_url":"https:\/\/www.meydan.tv\/az\/article\/uzeyir-hacibeylinin-ev-muzeyi-fealiyyetini-berpa-edib\/","og_site_name":"MEYDAN.TV","article_published_time":"2021-01-27T08:34:50+00:00","og_image":[{"width":853,"height":480,"url":"https:\/\/www.meydan.tv\/wp-content\/uploads\/u__zeyir_b__yin_ev_muzeyi-bak__.jpeg","type":"image\/jpeg"}],"author":"user-manager","twitter_card":"summary_large_image","schema":{"@context":"https:\/\/schema.org","@graph":[{"@type":"Article","@id":"https:\/\/www.meydan.tv\/az\/article\/uzeyir-hacibeylinin-ev-muzeyi-fealiyyetini-berpa-edib\/#article","isPartOf":{"@id":"https:\/\/www.meydan.tv\/az\/article\/uzeyir-hacibeylinin-ev-muzeyi-fealiyyetini-berpa-edib\/"},"author":{"name":"user-manager","@id":"https:\/\/www.meydan.tv\/az\/#\/schema\/person\/10d11eccf6da3662cf5fdab9806ea91a"},"headline":"\u00dczeyir Hac\u0131b\u0259ylinin ev-muzeyi f\u0259aliyy\u0259tini b\u0259rpa edib","datePublished":"2021-01-27T08:34:50+00:00","mainEntityOfPage":{"@id":"https:\/\/www.meydan.tv\/az\/article\/uzeyir-hacibeylinin-ev-muzeyi-fealiyyetini-berpa-edib\/"},"wordCount":418,"publisher":{"@id":"https:\/\/www.meydan.tv\/az\/#organization"},"image":{"@id":"https:\/\/www.meydan.tv\/az\/article\/uzeyir-hacibeylinin-ev-muzeyi-fealiyyetini-berpa-edib\/#primaryimage"},"thumbnailUrl":"https:\/\/www.meydan.tv\/wp-content\/uploads\/u__zeyir_b__yin_ev_muzeyi-bak__.jpeg","articleSection":["M\u0259d\u0259niyy\u0259t"],"inLanguage":"az"},{"@type":"WebPage","@id":"https:\/\/www.meydan.tv\/az\/article\/uzeyir-hacibeylinin-ev-muzeyi-fealiyyetini-berpa-edib\/","url":"https:\/\/www.meydan.tv\/az\/article\/uzeyir-hacibeylinin-ev-muzeyi-fealiyyetini-berpa-edib\/","name":"\u00dczeyir Hac\u0131b\u0259ylinin ev-muzeyi f\u0259aliyy\u0259tini b\u0259rpa edib - MEYDAN.TV","isPartOf":{"@id":"https:\/\/www.meydan.tv\/az\/#website"},"primaryImageOfPage":{"@id":"https:\/\/www.meydan.tv\/az\/article\/uzeyir-hacibeylinin-ev-muzeyi-fealiyyetini-berpa-edib\/#primaryimage"},"image":{"@id":"https:\/\/www.meydan.tv\/az\/article\/uzeyir-hacibeylinin-ev-muzeyi-fealiyyetini-berpa-edib\/#primaryimage"},"thumbnailUrl":"https:\/\/www.meydan.tv\/wp-content\/uploads\/u__zeyir_b__yin_ev_muzeyi-bak__.jpeg","datePublished":"2021-01-27T08:34:50+00:00","breadcrumb":{"@id":"https:\/\/www.meydan.tv\/az\/article\/uzeyir-hacibeylinin-ev-muzeyi-fealiyyetini-berpa-edib\/#breadcrumb"},"inLanguage":"az","potentialAction":[{"@type":"ReadAction","target":["https:\/\/www.meydan.tv\/az\/article\/uzeyir-hacibeylinin-ev-muzeyi-fealiyyetini-berpa-edib\/"]}]},{"@type":"ImageObject","inLanguage":"az","@id":"https:\/\/www.meydan.tv\/az\/article\/uzeyir-hacibeylinin-ev-muzeyi-fealiyyetini-berpa-edib\/#primaryimage","url":"https:\/\/www.meydan.tv\/wp-content\/uploads\/u__zeyir_b__yin_ev_muzeyi-bak__.jpeg","contentUrl":"https:\/\/www.meydan.tv\/wp-content\/uploads\/u__zeyir_b__yin_ev_muzeyi-bak__.jpeg","width":853,"height":480,"caption":"Source: Specify Source"},{"@type":"BreadcrumbList","@id":"https:\/\/www.meydan.tv\/az\/article\/uzeyir-hacibeylinin-ev-muzeyi-fealiyyetini-berpa-edib\/#breadcrumb","itemListElement":[{"@type":"ListItem","position":1,"name":"Ana s\u0259hif\u0259","item":"https:\/\/www.meydan.tv\/az\/"},{"@type":"ListItem","position":2,"name":"M\u0259d\u0259niyy\u0259t","item":"https:\/\/www.meydan.tv\/az\/section\/medeniyyet\/"},{"@type":"ListItem","position":3,"name":"\u00dczeyir Hac\u0131b\u0259ylinin ev-muzeyi f\u0259aliyy\u0259tini b\u0259rpa edib"}]},{"@type":"WebSite","@id":"https:\/\/www.meydan.tv\/az\/#website","url":"https:\/\/www.meydan.tv\/az\/","name":"MEYDAN.TV","description":"Meydan TV Az\u0259rbaycan\u0131n media m\u0259kan\u0131ndak\u0131 alternativ s\u0259sidir","publisher":{"@id":"https:\/\/www.meydan.tv\/az\/#organization"},"potentialAction":[{"@type":"SearchAction","target":{"@type":"EntryPoint","urlTemplate":"https:\/\/www.meydan.tv\/az\/?s={search_term_string}"},"query-input":{"@type":"PropertyValueSpecification","valueRequired":true,"valueName":"search_term_string"}}],"inLanguage":"az"},{"@type":"Organization","@id":"https:\/\/www.meydan.tv\/az\/#organization","name":"Meydan TV","url":"https:\/\/www.meydan.tv\/az\/","logo":{"@type":"ImageObject","inLanguage":"az","@id":"https:\/\/www.meydan.tv\/az\/#\/schema\/logo\/image\/","url":"https:\/\/www.meydan.tv\/wp-content\/uploads\/2021\/07\/meydan-logo.svg","contentUrl":"https:\/\/www.meydan.tv\/wp-content\/uploads\/2021\/07\/meydan-logo.svg","width":195,"height":46,"caption":"Meydan TV"},"image":{"@id":"https:\/\/www.meydan.tv\/az\/#\/schema\/logo\/image\/"}},{"@type":"Person","@id":"https:\/\/www.meydan.tv\/az\/#\/schema\/person\/10d11eccf6da3662cf5fdab9806ea91a","name":"user-manager"}]}},"_links":{"self":[{"href":"https:\/\/www.meydan.tv\/az\/wp-json\/wp\/v2\/posts\/204663","targetHints":{"allow":["GET"]}}],"collection":[{"href":"https:\/\/www.meydan.tv\/az\/wp-json\/wp\/v2\/posts"}],"about":[{"href":"https:\/\/www.meydan.tv\/az\/wp-json\/wp\/v2\/types\/post"}],"author":[{"embeddable":true,"href":"https:\/\/www.meydan.tv\/az\/wp-json\/wp\/v2\/users\/11"}],"replies":[{"embeddable":true,"href":"https:\/\/www.meydan.tv\/az\/wp-json\/wp\/v2\/comments?post=204663"}],"version-history":[{"count":0,"href":"https:\/\/www.meydan.tv\/az\/wp-json\/wp\/v2\/posts\/204663\/revisions"}],"wp:featuredmedia":[{"embeddable":true,"href":"https:\/\/www.meydan.tv\/az\/wp-json\/wp\/v2\/media\/155370"}],"wp:attachment":[{"href":"https:\/\/www.meydan.tv\/az\/wp-json\/wp\/v2\/media?parent=204663"}],"wp:term":[{"taxonomy":"category","embeddable":true,"href":"https:\/\/www.meydan.tv\/az\/wp-json\/wp\/v2\/categories?post=204663"},{"taxonomy":"post_tag","embeddable":true,"href":"https:\/\/www.meydan.tv\/az\/wp-json\/wp\/v2\/tags?post=204663"}],"curies":[{"name":"wp","href":"https:\/\/api.w.org\/{rel}","templated":true}]}}