{"id":204651,"date":"2021-01-26T11:44:05","date_gmt":"2021-01-26T11:44:05","guid":{"rendered":"https:\/\/www.meydan.tv\/article\/naxcivandan-bakiya-gelmek-isteyenler-caresiz-durumda-qaldiqlarini-deyir\/"},"modified":"2021-01-26T11:44:05","modified_gmt":"2021-01-26T11:44:05","slug":"naxcivandan-bakiya-gelmek-isteyenler-caresiz-durumda-qaldiqlarini-deyir","status":"publish","type":"post","link":"https:\/\/www.meydan.tv\/az\/article\/naxcivandan-bakiya-gelmek-isteyenler-caresiz-durumda-qaldiqlarini-deyir\/","title":{"rendered":"Nax\u00e7\u0131vandan Bak\u0131ya g\u0259lm\u0259k ist\u0259y\u0259nl\u0259r \u00e7ar\u0259siz durumda qald\u0131qlar\u0131n\u0131 deyir"},"content":{"rendered":"<p>\n  <i><br \/>\n    \u201c\u0130\u015fl\u0259 ba\u011fl\u0131 g\u0259lib, geri qay\u0131da bilm\u0259y\u0259n xeyli adam var\u201d<br \/>\n  <\/i>\n<\/p>\n<p>\n  Nax\u00e7\u0131van Muxtar Respublikas\u0131ndan t\u0259yyar\u0259 il\u0259 Bak\u0131ya g\u0259lm\u0259k ist\u0259y\u0259nl\u0259r g\u00fcnl\u0259rdir \u0259lacs\u0131z v\u0259ziyy\u0259td\u0259 qald\u0131qlar\u0131n\u0131 deyirl\u0259r. Bel\u0259 ki, h\u0259r g\u00fcn Nax\u00e7\u0131vandan Bak\u0131ya c\u0259mi bir t\u0259yyar\u0259 reysi var. El\u0259 Bak\u0131dan Muxtar Respublikaya da g\u00fcn \u0259rzind\u0259 bir t\u0259yyar\u0259 u\u00e7ur. Bu da t\u0259l\u0259bat\u0131 \u00f6d\u0259mir v\u0259 gedib-g\u0259lm\u0259k ist\u0259y\u0259n s\u0259rni\u015finl\u0259r \u00fc\u00e7\u00fcn problem yaran\u0131r.\n<\/p>\n<p>\n  Nax\u00e7\u0131vandan Bak\u0131ya g\u0259lm\u0259li olan \u015f\u0259xsl\u0259rd\u0259n biri Meydan TV-y\u0259 bildirib ki, o, pe\u015f\u0259 f\u0259aliyy\u0259til\u0259 \u0259laq\u0259dar Muxtar Respublikaya gedib. G\u00f6rm\u0259li oldu\u011fu i\u015fi bir ne\u00e7\u0259 g\u00fcn \u0259vv\u0259l ba\u015fa \u00e7atd\u0131rsa da, Bak\u0131ya qay\u0131da bilmir: \u201cM\u0259nim kimi i\u015fl\u0259 \u0259laq\u0259dar bura g\u0259lib, indi qay\u0131da bilm\u0259y\u0259n xeyli adam var. El\u0259 adamlar var ki, Bak\u0131ya t\u0259cili m\u00fcalic\u0259y\u0259 getm\u0259lidir. Adamlar \u00e7\u0131x\u0131lmaz v\u0259ziyy\u0259td\u0259dir&#8230;\u201d\n<\/p>\n<p>\n  Naraz\u0131 v\u0259t\u0259nda\u015flar\u0131n bildirdiyin\u0259 g\u00f6r\u0259, avikassalara onlayn bilet m\u00fcraci\u0259tl\u0259rin\u0259 cavab g\u0259lir ki, fevral\u0131n 14-d\u0259n sonraya u\u00e7u\u015flara bilet ala bil\u0259rl\u0259r. O vaxta q\u0259d\u0259r olan reysl\u0259rin ham\u0131s\u0131n\u0131n biletl\u0259ri sat\u0131l\u0131b:\n<\/p>\n<p>\n  \u201cAeroportda biz\u0259 dedil\u0259r ki, T\u018fB\u0130B (Tibbi \u018frazi B\u00f6lm\u0259l\u0259rini \u0130dar\u0259etm\u0259 Birliyi-red) t\u0259yyar\u0259 reysl\u0259rinin art\u0131r\u0131lmas\u0131na icaz\u0259 vermir. \u00c7\u00fcnki s\u0259rni\u015finl\u0259r t\u0259yyar\u0259y\u0259 minm\u0259mi\u015fd\u0259n \u00f6nc\u0259 onlar\u0131n koronavirus da\u015f\u0131y\u0131c\u0131s\u0131 olmad\u0131\u011f\u0131n\u0131 t\u0259sdiql\u0259y\u0259n s\u0259n\u0259d olmal\u0131d\u0131r. T\u018fB\u0130B-in i\u015f\u00e7il\u0259rinin is\u0259 g\u00fcn \u0259rzind\u0259 yaln\u0131z bir reysin s\u0259rni\u015finl\u0259rini tibbi m\u00fcayin\u0259d\u0259n ke\u00e7irm\u0259y\u0259 fiziki imkanlar\u0131 \u00e7at\u0131r\u201d.\n<\/p>\n<p>\n  Meydan TV T\u018fB\u0130B-d\u0259n m\u0259s\u0259l\u0259y\u0259 m\u00fcnasib\u0259t \u00f6yr\u0259n\u0259 bilm\u0259yib.\n<\/p>\n<p>\n  \u201cAz\u0259rbaycan Hava Yollar\u0131\u201d QSC-d\u0259n (AZAL) bildirilib ki, fevral\u0131n 1-d\u0259n Bak\u0131-Nax\u00e7\u0131van-Bak\u0131 mar\u015frutu \u00fczr\u0259 reysl\u0259rin say\u0131 g\u00fcnd\u0259 \u00fc\u00e7 d\u0259f\u0259y\u0259d\u0259k art\u0131r\u0131lacaq. Nazirl\u0259r Kabineti yan\u0131nda Operativ Q\u0259rargah\u0131n q\u0259rar\u0131na uy\u011fun olaraq bu add\u0131m at\u0131l\u0131r. Yen\u0259 d\u0259 t\u0259yyar\u0259y\u0259 COVID-19 virusunun neqativ n\u0259tic\u0259l\u0259ri bar\u0259d\u0259 aray\u0131\u015f t\u0259qdim ed\u0259n s\u0259rni\u015finl\u0259r burax\u0131lacaq.<\/p>\n","protected":false},"excerpt":{"rendered":"<p>Naraz\u0131 v\u0259t\u0259nda\u015flar\u0131n bildirdiyin\u0259 g\u00f6r\u0259, avikassalara onlayn bilet m\u00fcraci\u0259tl\u0259rin\u0259 cavab g\u0259lir ki, fevral\u0131n 14-d\u0259n sonraya u\u00e7u\u015flara bilet ala bil\u0259rl\u0259r<\/p>\n","protected":false},"author":11,"featured_media":134550,"comment_status":"closed","ping_status":"open","sticky":false,"template":"","format":"standard","meta":{"_acf_changed":false,"_sitemap_exclude":false,"_sitemap_priority":"","_sitemap_frequency":"","footnotes":""},"categories":[60],"tags":[],"class_list":["post-204651","post","type-post","status-publish","format-standard","has-post-thumbnail","hentry","category-bolge","infinite-scroll-item","generate-columns","tablet-grid-50","mobile-grid-100","grid-parent","grid-33","no-featured-image-padding"],"acf":[],"yoast_head":"<!-- This site is optimized with the Yoast SEO plugin v27.5 - https:\/\/yoast.com\/product\/yoast-seo-wordpress\/ -->\n<title>Nax\u00e7\u0131vandan Bak\u0131ya g\u0259lm\u0259k ist\u0259y\u0259nl\u0259r \u00e7ar\u0259siz durumda qald\u0131qlar\u0131n\u0131 deyir - MEYDAN.TV<\/title>\n<meta name=\"robots\" content=\"index, follow, max-snippet:-1, max-image-preview:large, max-video-preview:-1\" \/>\n<link rel=\"canonical\" href=\"https:\/\/www.meydan.tv\/az\/article\/naxcivandan-bakiya-gelmek-isteyenler-caresiz-durumda-qaldiqlarini-deyir\/\" \/>\n<meta property=\"og:locale\" content=\"az_AZ\" \/>\n<meta property=\"og:type\" content=\"article\" \/>\n<meta property=\"og:title\" content=\"Nax\u00e7\u0131vandan Bak\u0131ya g\u0259lm\u0259k ist\u0259y\u0259nl\u0259r \u00e7ar\u0259siz durumda qald\u0131qlar\u0131n\u0131 deyir - MEYDAN.TV\" \/>\n<meta property=\"og:description\" content=\"Naraz\u0131 v\u0259t\u0259nda\u015flar\u0131n bildirdiyin\u0259 g\u00f6r\u0259, avikassalara onlayn bilet m\u00fcraci\u0259tl\u0259rin\u0259 cavab g\u0259lir ki, fevral\u0131n 14-d\u0259n sonraya u\u00e7u\u015flara bilet ala bil\u0259rl\u0259r\" \/>\n<meta property=\"og:url\" content=\"https:\/\/www.meydan.tv\/az\/article\/naxcivandan-bakiya-gelmek-isteyenler-caresiz-durumda-qaldiqlarini-deyir\/\" \/>\n<meta property=\"og:site_name\" content=\"MEYDAN.TV\" \/>\n<meta property=\"article:published_time\" content=\"2021-01-26T11:44:05+00:00\" \/>\n<meta property=\"og:image\" content=\"https:\/\/www.meydan.tv\/wp-content\/uploads\/576c5672-d7a4-49ba-b318-e70fe16e860d.jpeg\" \/>\n\t<meta property=\"og:image:width\" content=\"1032\" \/>\n\t<meta property=\"og:image:height\" content=\"774\" \/>\n\t<meta property=\"og:image:type\" content=\"image\/jpeg\" \/>\n<meta name=\"author\" content=\"user-manager\" \/>\n<meta name=\"twitter:card\" content=\"summary_large_image\" \/>\n<script type=\"application\/ld+json\" class=\"yoast-schema-graph\">{\"@context\":\"https:\\\/\\\/schema.org\",\"@graph\":[{\"@type\":\"Article\",\"@id\":\"https:\\\/\\\/www.meydan.tv\\\/az\\\/article\\\/naxcivandan-bakiya-gelmek-isteyenler-caresiz-durumda-qaldiqlarini-deyir\\\/#article\",\"isPartOf\":{\"@id\":\"https:\\\/\\\/www.meydan.tv\\\/az\\\/article\\\/naxcivandan-bakiya-gelmek-isteyenler-caresiz-durumda-qaldiqlarini-deyir\\\/\"},\"author\":{\"name\":\"user-manager\",\"@id\":\"https:\\\/\\\/www.meydan.tv\\\/az\\\/#\\\/schema\\\/person\\\/10d11eccf6da3662cf5fdab9806ea91a\"},\"headline\":\"Nax\u00e7\u0131vandan Bak\u0131ya g\u0259lm\u0259k ist\u0259y\u0259nl\u0259r \u00e7ar\u0259siz durumda qald\u0131qlar\u0131n\u0131 deyir\",\"datePublished\":\"2021-01-26T11:44:05+00:00\",\"mainEntityOfPage\":{\"@id\":\"https:\\\/\\\/www.meydan.tv\\\/az\\\/article\\\/naxcivandan-bakiya-gelmek-isteyenler-caresiz-durumda-qaldiqlarini-deyir\\\/\"},\"wordCount\":437,\"publisher\":{\"@id\":\"https:\\\/\\\/www.meydan.tv\\\/az\\\/#organization\"},\"image\":{\"@id\":\"https:\\\/\\\/www.meydan.tv\\\/az\\\/article\\\/naxcivandan-bakiya-gelmek-isteyenler-caresiz-durumda-qaldiqlarini-deyir\\\/#primaryimage\"},\"thumbnailUrl\":\"https:\\\/\\\/www.meydan.tv\\\/wp-content\\\/uploads\\\/576c5672-d7a4-49ba-b318-e70fe16e860d-e1716633523510.jpeg\",\"articleSection\":[\"B\u00f6lg\u0259\"],\"inLanguage\":\"az\"},{\"@type\":\"WebPage\",\"@id\":\"https:\\\/\\\/www.meydan.tv\\\/az\\\/article\\\/naxcivandan-bakiya-gelmek-isteyenler-caresiz-durumda-qaldiqlarini-deyir\\\/\",\"url\":\"https:\\\/\\\/www.meydan.tv\\\/az\\\/article\\\/naxcivandan-bakiya-gelmek-isteyenler-caresiz-durumda-qaldiqlarini-deyir\\\/\",\"name\":\"Nax\u00e7\u0131vandan Bak\u0131ya g\u0259lm\u0259k ist\u0259y\u0259nl\u0259r \u00e7ar\u0259siz durumda qald\u0131qlar\u0131n\u0131 deyir - MEYDAN.TV\",\"isPartOf\":{\"@id\":\"https:\\\/\\\/www.meydan.tv\\\/az\\\/#website\"},\"primaryImageOfPage\":{\"@id\":\"https:\\\/\\\/www.meydan.tv\\\/az\\\/article\\\/naxcivandan-bakiya-gelmek-isteyenler-caresiz-durumda-qaldiqlarini-deyir\\\/#primaryimage\"},\"image\":{\"@id\":\"https:\\\/\\\/www.meydan.tv\\\/az\\\/article\\\/naxcivandan-bakiya-gelmek-isteyenler-caresiz-durumda-qaldiqlarini-deyir\\\/#primaryimage\"},\"thumbnailUrl\":\"https:\\\/\\\/www.meydan.tv\\\/wp-content\\\/uploads\\\/576c5672-d7a4-49ba-b318-e70fe16e860d-e1716633523510.jpeg\",\"datePublished\":\"2021-01-26T11:44:05+00:00\",\"breadcrumb\":{\"@id\":\"https:\\\/\\\/www.meydan.tv\\\/az\\\/article\\\/naxcivandan-bakiya-gelmek-isteyenler-caresiz-durumda-qaldiqlarini-deyir\\\/#breadcrumb\"},\"inLanguage\":\"az\",\"potentialAction\":[{\"@type\":\"ReadAction\",\"target\":[\"https:\\\/\\\/www.meydan.tv\\\/az\\\/article\\\/naxcivandan-bakiya-gelmek-isteyenler-caresiz-durumda-qaldiqlarini-deyir\\\/\"]}]},{\"@type\":\"ImageObject\",\"inLanguage\":\"az\",\"@id\":\"https:\\\/\\\/www.meydan.tv\\\/az\\\/article\\\/naxcivandan-bakiya-gelmek-isteyenler-caresiz-durumda-qaldiqlarini-deyir\\\/#primaryimage\",\"url\":\"https:\\\/\\\/www.meydan.tv\\\/wp-content\\\/uploads\\\/576c5672-d7a4-49ba-b318-e70fe16e860d-e1716633523510.jpeg\",\"contentUrl\":\"https:\\\/\\\/www.meydan.tv\\\/wp-content\\\/uploads\\\/576c5672-d7a4-49ba-b318-e70fe16e860d-e1716633523510.jpeg\",\"width\":1032,\"height\":498,\"caption\":\"Fotolar: Meydan TV\"},{\"@type\":\"BreadcrumbList\",\"@id\":\"https:\\\/\\\/www.meydan.tv\\\/az\\\/article\\\/naxcivandan-bakiya-gelmek-isteyenler-caresiz-durumda-qaldiqlarini-deyir\\\/#breadcrumb\",\"itemListElement\":[{\"@type\":\"ListItem\",\"position\":1,\"name\":\"Ana s\u0259hif\u0259\",\"item\":\"https:\\\/\\\/www.meydan.tv\\\/az\\\/\"},{\"@type\":\"ListItem\",\"position\":2,\"name\":\"B\u00f6lg\u0259\",\"item\":\"https:\\\/\\\/www.meydan.tv\\\/az\\\/section\\\/bolge\\\/\"},{\"@type\":\"ListItem\",\"position\":3,\"name\":\"Nax\u00e7\u0131vandan Bak\u0131ya g\u0259lm\u0259k ist\u0259y\u0259nl\u0259r \u00e7ar\u0259siz durumda qald\u0131qlar\u0131n\u0131 deyir\"}]},{\"@type\":\"WebSite\",\"@id\":\"https:\\\/\\\/www.meydan.tv\\\/az\\\/#website\",\"url\":\"https:\\\/\\\/www.meydan.tv\\\/az\\\/\",\"name\":\"MEYDAN.TV\",\"description\":\"Meydan TV Az\u0259rbaycan\u0131n media m\u0259kan\u0131ndak\u0131 alternativ s\u0259sidir\",\"publisher\":{\"@id\":\"https:\\\/\\\/www.meydan.tv\\\/az\\\/#organization\"},\"potentialAction\":[{\"@type\":\"SearchAction\",\"target\":{\"@type\":\"EntryPoint\",\"urlTemplate\":\"https:\\\/\\\/www.meydan.tv\\\/az\\\/?s={search_term_string}\"},\"query-input\":{\"@type\":\"PropertyValueSpecification\",\"valueRequired\":true,\"valueName\":\"search_term_string\"}}],\"inLanguage\":\"az\"},{\"@type\":\"Organization\",\"@id\":\"https:\\\/\\\/www.meydan.tv\\\/az\\\/#organization\",\"name\":\"Meydan TV\",\"url\":\"https:\\\/\\\/www.meydan.tv\\\/az\\\/\",\"logo\":{\"@type\":\"ImageObject\",\"inLanguage\":\"az\",\"@id\":\"https:\\\/\\\/www.meydan.tv\\\/az\\\/#\\\/schema\\\/logo\\\/image\\\/\",\"url\":\"https:\\\/\\\/www.meydan.tv\\\/wp-content\\\/uploads\\\/2021\\\/07\\\/meydan-logo.svg\",\"contentUrl\":\"https:\\\/\\\/www.meydan.tv\\\/wp-content\\\/uploads\\\/2021\\\/07\\\/meydan-logo.svg\",\"width\":195,\"height\":46,\"caption\":\"Meydan TV\"},\"image\":{\"@id\":\"https:\\\/\\\/www.meydan.tv\\\/az\\\/#\\\/schema\\\/logo\\\/image\\\/\"}},{\"@type\":\"Person\",\"@id\":\"https:\\\/\\\/www.meydan.tv\\\/az\\\/#\\\/schema\\\/person\\\/10d11eccf6da3662cf5fdab9806ea91a\",\"name\":\"user-manager\"}]}<\/script>\n<!-- \/ Yoast SEO plugin. -->","yoast_head_json":{"title":"Nax\u00e7\u0131vandan Bak\u0131ya g\u0259lm\u0259k ist\u0259y\u0259nl\u0259r \u00e7ar\u0259siz durumda qald\u0131qlar\u0131n\u0131 deyir - MEYDAN.TV","robots":{"index":"index","follow":"follow","max-snippet":"max-snippet:-1","max-image-preview":"max-image-preview:large","max-video-preview":"max-video-preview:-1"},"canonical":"https:\/\/www.meydan.tv\/az\/article\/naxcivandan-bakiya-gelmek-isteyenler-caresiz-durumda-qaldiqlarini-deyir\/","og_locale":"az_AZ","og_type":"article","og_title":"Nax\u00e7\u0131vandan Bak\u0131ya g\u0259lm\u0259k ist\u0259y\u0259nl\u0259r \u00e7ar\u0259siz durumda qald\u0131qlar\u0131n\u0131 deyir - MEYDAN.TV","og_description":"Naraz\u0131 v\u0259t\u0259nda\u015flar\u0131n bildirdiyin\u0259 g\u00f6r\u0259, avikassalara onlayn bilet m\u00fcraci\u0259tl\u0259rin\u0259 cavab g\u0259lir ki, fevral\u0131n 14-d\u0259n sonraya u\u00e7u\u015flara bilet ala bil\u0259rl\u0259r","og_url":"https:\/\/www.meydan.tv\/az\/article\/naxcivandan-bakiya-gelmek-isteyenler-caresiz-durumda-qaldiqlarini-deyir\/","og_site_name":"MEYDAN.TV","article_published_time":"2021-01-26T11:44:05+00:00","og_image":[{"width":1032,"height":774,"url":"https:\/\/www.meydan.tv\/wp-content\/uploads\/576c5672-d7a4-49ba-b318-e70fe16e860d.jpeg","type":"image\/jpeg"}],"author":"user-manager","twitter_card":"summary_large_image","schema":{"@context":"https:\/\/schema.org","@graph":[{"@type":"Article","@id":"https:\/\/www.meydan.tv\/az\/article\/naxcivandan-bakiya-gelmek-isteyenler-caresiz-durumda-qaldiqlarini-deyir\/#article","isPartOf":{"@id":"https:\/\/www.meydan.tv\/az\/article\/naxcivandan-bakiya-gelmek-isteyenler-caresiz-durumda-qaldiqlarini-deyir\/"},"author":{"name":"user-manager","@id":"https:\/\/www.meydan.tv\/az\/#\/schema\/person\/10d11eccf6da3662cf5fdab9806ea91a"},"headline":"Nax\u00e7\u0131vandan Bak\u0131ya g\u0259lm\u0259k ist\u0259y\u0259nl\u0259r \u00e7ar\u0259siz durumda qald\u0131qlar\u0131n\u0131 deyir","datePublished":"2021-01-26T11:44:05+00:00","mainEntityOfPage":{"@id":"https:\/\/www.meydan.tv\/az\/article\/naxcivandan-bakiya-gelmek-isteyenler-caresiz-durumda-qaldiqlarini-deyir\/"},"wordCount":437,"publisher":{"@id":"https:\/\/www.meydan.tv\/az\/#organization"},"image":{"@id":"https:\/\/www.meydan.tv\/az\/article\/naxcivandan-bakiya-gelmek-isteyenler-caresiz-durumda-qaldiqlarini-deyir\/#primaryimage"},"thumbnailUrl":"https:\/\/www.meydan.tv\/wp-content\/uploads\/576c5672-d7a4-49ba-b318-e70fe16e860d-e1716633523510.jpeg","articleSection":["B\u00f6lg\u0259"],"inLanguage":"az"},{"@type":"WebPage","@id":"https:\/\/www.meydan.tv\/az\/article\/naxcivandan-bakiya-gelmek-isteyenler-caresiz-durumda-qaldiqlarini-deyir\/","url":"https:\/\/www.meydan.tv\/az\/article\/naxcivandan-bakiya-gelmek-isteyenler-caresiz-durumda-qaldiqlarini-deyir\/","name":"Nax\u00e7\u0131vandan Bak\u0131ya g\u0259lm\u0259k ist\u0259y\u0259nl\u0259r \u00e7ar\u0259siz durumda qald\u0131qlar\u0131n\u0131 deyir - MEYDAN.TV","isPartOf":{"@id":"https:\/\/www.meydan.tv\/az\/#website"},"primaryImageOfPage":{"@id":"https:\/\/www.meydan.tv\/az\/article\/naxcivandan-bakiya-gelmek-isteyenler-caresiz-durumda-qaldiqlarini-deyir\/#primaryimage"},"image":{"@id":"https:\/\/www.meydan.tv\/az\/article\/naxcivandan-bakiya-gelmek-isteyenler-caresiz-durumda-qaldiqlarini-deyir\/#primaryimage"},"thumbnailUrl":"https:\/\/www.meydan.tv\/wp-content\/uploads\/576c5672-d7a4-49ba-b318-e70fe16e860d-e1716633523510.jpeg","datePublished":"2021-01-26T11:44:05+00:00","breadcrumb":{"@id":"https:\/\/www.meydan.tv\/az\/article\/naxcivandan-bakiya-gelmek-isteyenler-caresiz-durumda-qaldiqlarini-deyir\/#breadcrumb"},"inLanguage":"az","potentialAction":[{"@type":"ReadAction","target":["https:\/\/www.meydan.tv\/az\/article\/naxcivandan-bakiya-gelmek-isteyenler-caresiz-durumda-qaldiqlarini-deyir\/"]}]},{"@type":"ImageObject","inLanguage":"az","@id":"https:\/\/www.meydan.tv\/az\/article\/naxcivandan-bakiya-gelmek-isteyenler-caresiz-durumda-qaldiqlarini-deyir\/#primaryimage","url":"https:\/\/www.meydan.tv\/wp-content\/uploads\/576c5672-d7a4-49ba-b318-e70fe16e860d-e1716633523510.jpeg","contentUrl":"https:\/\/www.meydan.tv\/wp-content\/uploads\/576c5672-d7a4-49ba-b318-e70fe16e860d-e1716633523510.jpeg","width":1032,"height":498,"caption":"Fotolar: Meydan TV"},{"@type":"BreadcrumbList","@id":"https:\/\/www.meydan.tv\/az\/article\/naxcivandan-bakiya-gelmek-isteyenler-caresiz-durumda-qaldiqlarini-deyir\/#breadcrumb","itemListElement":[{"@type":"ListItem","position":1,"name":"Ana s\u0259hif\u0259","item":"https:\/\/www.meydan.tv\/az\/"},{"@type":"ListItem","position":2,"name":"B\u00f6lg\u0259","item":"https:\/\/www.meydan.tv\/az\/section\/bolge\/"},{"@type":"ListItem","position":3,"name":"Nax\u00e7\u0131vandan Bak\u0131ya g\u0259lm\u0259k ist\u0259y\u0259nl\u0259r \u00e7ar\u0259siz durumda qald\u0131qlar\u0131n\u0131 deyir"}]},{"@type":"WebSite","@id":"https:\/\/www.meydan.tv\/az\/#website","url":"https:\/\/www.meydan.tv\/az\/","name":"MEYDAN.TV","description":"Meydan TV Az\u0259rbaycan\u0131n media m\u0259kan\u0131ndak\u0131 alternativ s\u0259sidir","publisher":{"@id":"https:\/\/www.meydan.tv\/az\/#organization"},"potentialAction":[{"@type":"SearchAction","target":{"@type":"EntryPoint","urlTemplate":"https:\/\/www.meydan.tv\/az\/?s={search_term_string}"},"query-input":{"@type":"PropertyValueSpecification","valueRequired":true,"valueName":"search_term_string"}}],"inLanguage":"az"},{"@type":"Organization","@id":"https:\/\/www.meydan.tv\/az\/#organization","name":"Meydan TV","url":"https:\/\/www.meydan.tv\/az\/","logo":{"@type":"ImageObject","inLanguage":"az","@id":"https:\/\/www.meydan.tv\/az\/#\/schema\/logo\/image\/","url":"https:\/\/www.meydan.tv\/wp-content\/uploads\/2021\/07\/meydan-logo.svg","contentUrl":"https:\/\/www.meydan.tv\/wp-content\/uploads\/2021\/07\/meydan-logo.svg","width":195,"height":46,"caption":"Meydan TV"},"image":{"@id":"https:\/\/www.meydan.tv\/az\/#\/schema\/logo\/image\/"}},{"@type":"Person","@id":"https:\/\/www.meydan.tv\/az\/#\/schema\/person\/10d11eccf6da3662cf5fdab9806ea91a","name":"user-manager"}]}},"_links":{"self":[{"href":"https:\/\/www.meydan.tv\/az\/wp-json\/wp\/v2\/posts\/204651","targetHints":{"allow":["GET"]}}],"collection":[{"href":"https:\/\/www.meydan.tv\/az\/wp-json\/wp\/v2\/posts"}],"about":[{"href":"https:\/\/www.meydan.tv\/az\/wp-json\/wp\/v2\/types\/post"}],"author":[{"embeddable":true,"href":"https:\/\/www.meydan.tv\/az\/wp-json\/wp\/v2\/users\/11"}],"replies":[{"embeddable":true,"href":"https:\/\/www.meydan.tv\/az\/wp-json\/wp\/v2\/comments?post=204651"}],"version-history":[{"count":0,"href":"https:\/\/www.meydan.tv\/az\/wp-json\/wp\/v2\/posts\/204651\/revisions"}],"wp:featuredmedia":[{"embeddable":true,"href":"https:\/\/www.meydan.tv\/az\/wp-json\/wp\/v2\/media\/134550"}],"wp:attachment":[{"href":"https:\/\/www.meydan.tv\/az\/wp-json\/wp\/v2\/media?parent=204651"}],"wp:term":[{"taxonomy":"category","embeddable":true,"href":"https:\/\/www.meydan.tv\/az\/wp-json\/wp\/v2\/categories?post=204651"},{"taxonomy":"post_tag","embeddable":true,"href":"https:\/\/www.meydan.tv\/az\/wp-json\/wp\/v2\/tags?post=204651"}],"curies":[{"name":"wp","href":"https:\/\/api.w.org\/{rel}","templated":true}]}}