{"id":204620,"date":"2021-01-24T06:19:35","date_gmt":"2021-01-24T06:19:35","guid":{"rendered":"https:\/\/www.meydan.tv\/article\/turkiye-ve-belcikada-tezyiqle-uzlesen-azerbaycanli-vekillere-destek-aksiyasi-kecirilib\/"},"modified":"2021-01-24T06:19:35","modified_gmt":"2021-01-24T06:19:35","slug":"turkiye-ve-belcikada-tezyiqle-uzlesen-azerbaycanli-vekillere-destek-aksiyasi-kecirilib","status":"publish","type":"post","link":"https:\/\/www.meydan.tv\/az\/article\/turkiye-ve-belcikada-tezyiqle-uzlesen-azerbaycanli-vekillere-destek-aksiyasi-kecirilib\/","title":{"rendered":"T\u00fcrkiy\u0259 v\u0259 Bel\u00e7ikada t\u0259zyiql\u0259 \u00fczl\u0259\u015f\u0259n az\u0259rbaycanl\u0131 v\u0259kill\u0259r\u0259 d\u0259st\u0259k aksiyas\u0131 ke\u00e7irilib"},"content":{"rendered":"<p>\n  <i><br \/>\n    T\u0259hl\u00fck\u0259d\u0259ki V\u0259kill\u0259r G\u00fcn\u00fc qeyd olunur<br \/>\n  <\/i>\n<\/p>\n<p>\n  Art\u0131q 44-c\u00fc ildir ki, yanvar\u0131n 24-\u00fc T\u0259hl\u00fck\u0259d\u0259ki V\u0259kill\u0259r G\u00fcn\u00fc kimi qeyd olunur. 1977-ci ilin m\u0259hz bu g\u00fcn\u00fc \u0130spaniyan\u0131n Madrid \u015f\u0259h\u0259rind\u0259 4 h\u00fcquq\u015f\u00fcnas v\u0259 bir ofis i\u015f\u00e7isi pe\u015f\u0259 f\u0259aliyy\u0259tini icra ed\u0259rk\u0259n q\u0259tl\u0259 yetirilib.\n<\/p>\n<p>\n  Bu il ilk d\u0259f\u0259 olaraq Az\u0259rbaycanda t\u0259zyiql\u0259 \u00fczl\u0259\u015f\u0259n v\u0259kill\u0259rl\u0259 ba\u011fl\u0131 \u00e7a\u011f\u0131r\u0131\u015f edilib. Bundan \u00f6nc\u0259 \u00c7in, Filippin, Honduras, \u0130ran, \u0130spaniya, Kolumbiya, Misir, Pakistan v\u0259 T\u00fcrkiy\u0259d\u0259 t\u0259zyiq\u0259 m\u0259ruz qalan v\u0259kill\u0259r\u0259 d\u0259st\u0259k n\u00fcmayi\u015f edilib.\n<\/p>\n<p>\n  Bu il yanvar\u0131n 22-d\u0259 Br\u00fcssel V\u0259kill\u0259r Birliyi v\u0259 Avropa demokratik h\u00fcquq\u015f\u00fcnaslar\u0131 v\u0259 insan h\u00fcquqlar\u0131 t\u0259\u015fkilatlar\u0131 Az\u0259rbaycan\u0131n Bel\u00e7ikadak\u0131 s\u0259firliyi \u00f6n\u00fcnd\u0259 piket ke\u00e7irib. Yanvar\u0131n 23-d\u0259 is\u0259 T\u00fcrkiy\u0259nin \u0130zmir \u015f\u0259h\u0259rind\u0259 az\u0259rbaycanl\u0131 v\u0259kill\u0259rin qorunmas\u0131 \u00fc\u00e7\u00fcn m\u00fcbariz\u0259 \u00e7a\u011f\u0131r\u0131\u015f\u0131<br \/>\n  <a href=\"https:\/\/www.izmirbarosu.org.tr\/HaberDetay\/2260\/tehlikedeki-avukatlar-gunu-nde-azerbaycanli-avukatlarin-korunmasi-icin-mucadele-cagrisi-yapildi\"><br \/>\n    edilib<br \/>\n  <\/a><br \/>\n  . \u0130zmir V\u0259kill\u0259r B\u00fcrosu, \u00c7a\u011fda\u015f H\u00fcquq\u015f\u00fcnaslar D\u0259rn\u0259yi v\u0259 Azad H\u00fcquq\u015f\u00fcnaslar\u0131 D\u0259rn\u0259yi t\u0259r\u0259find\u0259n imzalanm\u0131\u015f b\u0259yanat s\u0259sl\u0259ndirilib.\n<\/p>\n<p>\n  B\u0259yanatda deyilir ki, Az\u0259rbaycanda insanlar\u0131n h\u00fcquqlar\u0131n\u0131 v\u0259 t\u0259l\u0259bl\u0259rini t\u0259cr\u00fcb\u0259l\u0259rind\u0259 s\u0259m\u0259r\u0259li \u015f\u0259kild\u0259 h\u0259yata ke\u00e7irm\u0259y\u0259 \u00e7al\u0131\u015fan v\u0259kill\u0259ri m\u0259hdudla\u015fd\u0131rma\u011fa \u00e7al\u0131\u015f\u0131rlar:\n<\/p>\n<p>\n  \u201cBu g\u00fcn b\u0259zi \u00f6lk\u0259l\u0259rd\u0259 v\u0259killik etdikl\u0259ri \u00fc\u00e7\u00fcn t\u0259cav\u00fcz\u0259 m\u0259ruz qalan, susdurulan, t\u0259zyiq\u0259 m\u0259ruz qalan, t\u0259hdid, t\u0259qib edil\u0259n, m\u00fchakim\u0259 olunan, i\u015fg\u0259nc\u0259 veril\u0259n v\u0259 \u00f6ld\u00fcr\u00fcl\u0259n h\u0259mkarlar\u0131m\u0131z \u00fc\u00e7\u00fcn bir araya g\u0259lirik. V\u0259kill\u0259ri qorumaq \u00fc\u00e7\u00fcn yollar v\u0259 metodlar\u0131 inki\u015faf etdirm\u0259k v\u0259 bu m\u00fczakir\u0259l\u0259rd\u0259n n\u0259tic\u0259 \u0259ld\u0259 etm\u0259k \u00fc\u00e7\u00fcn s\u0259sl\u0259rimizi art\u0131r\u0131r\u0131q. \u018fvv\u0259lki ill\u0259rd\u0259 T\u0259hl\u00fck\u0259d\u0259ki V\u0259kill\u0259r G\u00fcn\u00fc \u00c7in, Filippin, Honduras, \u0130ran, \u0130spaniya, Kolumbiya, Misir, Pakistan v\u0259 T\u00fcrkiy\u0259y\u0259 h\u0259sr edildi. Bu il, 24 yanvar 2021-ci il tarixind\u0259, Az\u0259rbaycan h\u00fcquq\u015f\u00fcnaslar\u0131 \u00fc\u00e7\u00fcn n\u0259sli k\u0259silm\u0259kd\u0259 olan H\u00fcquq\u015f\u00fcnaslar G\u00fcn\u00fcn\u00fcn on birinci g\u00fcn\u00fcn\u00fc ke\u00e7iririk. Az\u0259rbaycanda m\u00fch\u00fcm insan h\u00fcquqlar\u0131 pozuntular\u0131 davam etdikc\u0259, qurbanlar\u0131n\u0131 t\u0259msil ed\u0259n v\u0259 ya h\u0259bsd\u0259 i\u015fg\u0259nc\u0259 v\u0259 pis r\u0259ftara qar\u015f\u0131 dan\u0131\u015fan az\u0259rbaycanl\u0131 v\u0259kill\u0259r d\u0259 t\u0259hdid v\u0259 t\u0259zyiq alt\u0131ndad\u0131r. Az\u0259rbaycan hakimiyy\u0259ti t\u0259r\u0259find\u0259n m\u00fcst\u0259qil v\u0259kill\u0259rin t\u0259qib edilm\u0259si v\u0259 t\u0259qib, cinay\u0259t i\u015fi v\u0259 V\u0259kill\u0259r Kollegiyas\u0131ndan k\u0259narla\u015fd\u0131rma kimi t\u0259cr\u00fcb\u0259l\u0259r son ill\u0259rd\u0259 daha da g\u00fccl\u0259nib. Bu c\u00fcr t\u0259cr\u00fcb\u0259l\u0259rl\u0259 h\u00fcquq\u015f\u00fcnaslar\u0131n ictimaiyy\u0259t\u0259 m\u0259lum olan v\u0259 x\u00fcsusil\u0259 insan h\u00fcquqlar\u0131 pozuntular\u0131 il\u0259 \u0259laq\u0259li siyasi h\u0259ssas i\u015fl\u0259rin apar\u0131lmas\u0131n\u0131n qar\u015f\u0131s\u0131n\u0131 alma\u011fa \u00e7al\u0131\u015f\u0131l\u0131r\u201d. B\u0259yanatda daha sonra deyilir:\n<\/p>\n<p>\n  \u201cBirl\u0259\u015fmi\u015f Mill\u0259tl\u0259r T\u0259\u015fkilat\u0131n\u0131n K\u00f6n\u00fcll\u00fc H\u0259bsl\u0259r \u00fczr\u0259 \u0130\u015f\u00e7i Qrupunun (29 sentyabr 2017) yay\u0131mlad\u0131\u011f\u0131 hesabatda, insan haqlar\u0131 m\u00fcdafi\u0259\u00e7il\u0259rinin i\u015fl\u0259rini Avropa \u0130nsan H\u00fcquqlar\u0131 M\u0259hk\u0259m\u0259sin\u0259 (A\u0130HM) qald\u0131ran v\u0259kill\u0259rin m\u00fcxt\u0259lif ittihamlarla uzaqla\u015fd\u0131r\u0131ld\u0131qlar\u0131 v\u0259 ya h\u0259bs olunduqlar\u0131 bildirildi. Avropa \u015euras\u0131n\u0131n \u0130nsan H\u00fcquqlar\u0131 \u00fczr\u0259 Komissar\u0131 Dunja Miyatovi\u00e7, 11 dekabr 2019-cu il tarixli hesabat\u0131nda intizam t\u0259nbehl\u0259rinin t\u0259tbiq olundu\u011funu v\u0259 bunun da v\u0259kill\u0259rin qeydiyyat\u0131n\u0131n \u0259sass\u0131z v\u0259 birm\u0259nal\u0131 olmayan meyarlarla silm\u0259sin\u0259 s\u0259b\u0259b oldu\u011funu bildirdi. Hesabatda intizam prosesl\u0259rinin \u015f\u0259ffaf v\u0259 \u0259dal\u0259tli olmad\u0131\u011f\u0131 bildirilir. Bu yax\u0131nlarda V\u0259kill\u0259r Kollegiyas\u0131ndan qovulmu\u015f v\u0259 ya lisenziyas\u0131 dayand\u0131r\u0131lm\u0131\u015f v\u0259kill\u0259rin bir \u00e7oxunun siyasi c\u0259h\u0259td\u0259n h\u0259ssas hesab edil\u0259n i\u015fl\u0259rd\u0259 \u00e7al\u0131\u015fd\u0131qlar\u0131 m\u0259lumdur.\n<\/p>\n<figure class=\"wp-block-image size-large\">\n  <img decoding=\"async\" src=\"https:\/\/www.meydan.tv\/az\/img_6041-jpg\/\" alt=\"img_6041.jpg\" class=\"wp-image-155253\"\/><figcaption>\n    V\u0259kill\u0259r\u0259 d\u0259st\u0259k aksiyas\u0131<br \/>\n  <\/figcaption><\/figure>\n<p>\n  \u0130ntizam prosedurlar\u0131 h\u0259ssas i\u015fl\u0259r\u0259 baxan v\u0259kill\u0259rin c\u0259zaland\u0131r\u0131lmas\u0131 vasit\u0259si kimi istifad\u0259 olunur. 2019-cu ild\u0259 Beyn\u0259lxalq V\u0259kill\u0259r Birliyi \u0130nsan H\u00fcquqlar\u0131 \u0130nstitutu (IBAHRI) Az\u0259rbaycan V\u0259kill\u0259r Kollegiyas\u0131n\u0131 v\u0259killikd\u0259n \u00f6zba\u015f\u0131na \u0259saslarla azad edilmi\u015f b\u00fct\u00fcn insan h\u00fcquqlar\u0131 v\u0259kill\u0259rinin lisenziyalar\u0131n\u0131 d\u0259rhal geri qaytarma\u011fa v\u0259 Az\u0259rbaycanda h\u00fcquq pe\u015f\u0259sinin m\u00fcst\u0259qilliyini pozmaq \u0259v\u0259zin\u0259 qoruma\u011fa \u00e7a\u011f\u0131rd\u0131. \u201cHuman Rights Watch\u201dun 2019-cu ild\u0259 Az\u0259rbaycanla \u0259laq\u0259li ara\u015fd\u0131rmalar\u0131 h\u0259bsd\u0259 i\u015fg\u0259nc\u0259 v\u0259 pis r\u0259ftar\u0131n, birl\u0259\u015fm\u0259 azadl\u0131\u011f\u0131n\u0131n, v\u0259kill\u0259rin pe\u015f\u0259 f\u0259aliyy\u0259tl\u0259rin\u0259 \u0259sass\u0131z m\u00fcdaxil\u0259nin v\u0259 media azadl\u0131\u011f\u0131n\u0131n m\u0259hdudla\u015fd\u0131r\u0131lmas\u0131n\u0131n davam etdiyini vur\u011fulad\u0131. Bu \u00fcmumi v\u0259ziyy\u0259t xaricind\u0259 son hadis\u0259l\u0259r az\u0259rbaycanl\u0131 v\u0259kill\u0259rin pe\u015f\u0259l\u0259rini s\u0259rb\u0259st h\u0259yata ke\u00e7irm\u0259sin\u0259 mane olan bir t\u0259hl\u00fck\u0259 olaraq ortaya \u00e7\u0131xd\u0131. Yeni bir qanuni t\u0259nziml\u0259m\u0259 il\u0259, v\u0259kill\u0259rin pe\u015f\u0259l\u0259rini yerin\u0259 yetirm\u0259m\u0259si \u00fc\u00e7\u00fcn bir c\u0259hd edildi. 1 yanvar 2018-ci il tarixind\u0259n etibar\u0259n Az\u0259rbaycanda M\u00fclki Prosessual M\u0259c\u0259ll\u0259y\u0259, \u0130nzibati M\u0259hk\u0259m\u0259 M\u0259c\u0259ll\u0259sin\u0259 v\u0259 \u201cV\u0259kill\u0259r v\u0259 v\u0259killik f\u0259aliyy\u0259ti haqq\u0131nda\u201d Qanuna (853-VQD n\u00f6mr\u0259li; 854-VQD n\u00f6mr\u0259li; 855-VQD n\u00f6mr\u0259li) d\u0259yi\u015fiklikl\u0259r q\u00fcvv\u0259y\u0259 mindi. Bu d\u0259yi\u015fiklikl\u0259 Az\u0259rbaycan V\u0259kill\u0259r Kollegiyas\u0131nda qeydiyyatdan ke\u00e7m\u0259y\u0259n h\u00fcquq\u015f\u00fcnaslar\u0131n m\u0259hk\u0259m\u0259l\u0259rd\u0259 i\u015ftirak\u0131 v\u0259 v\u0259t\u0259nda\u015f\u0131 m\u00fcdafi\u0259si \u0259ng\u0259ll\u0259ndi\u201d.\n<\/p>\n<p>\n  B\u0259yanatda qeyd olunur ki, s\u00f6z\u00fcged\u0259n qanun layih\u0259l\u0259ri il\u0259 ba\u011fl\u0131 ictimai m\u00fczakir\u0259l\u0259r davam ed\u0259rk\u0259n, bir qrup insan haqlar\u0131 \u00fczr\u0259 v\u0259kil t\u0259r\u0259find\u0259n yarad\u0131lan T\u0259cr\u00fcb\u0259li H\u00fcquq\u015f\u00fcnaslar Qrupu (GPL), VK-ya \u00fczv olmayan h\u00fcquq\u015f\u00fcnaslar\u0131n Az\u0259rbaycan m\u0259hk\u0259m\u0259l\u0259rind\u0259ki n\u00fcmay\u0259nd\u0259lik s\u0259lahiyy\u0259tl\u0259rinin l\u0259\u011fv edilm\u0259sin\u0259 y\u00f6n\u0259lmi\u015f bu qanunvericilik d\u0259yi\u015fiklikl\u0259rin\u0259 qar\u015f\u0131 \u00e7\u0131xd\u0131:\n<\/p>\n<p>\n  \u201cH\u00fcquq\u015f\u00fcnaslar Qrupu qanun d\u0259yi\u015fikliyin\u0259 dair t\u0259nqidl\u0259rini ictimaiyy\u0259tl\u0259 b\u00f6l\u00fc\u015f\u0259rk\u0259n, qrup \u00fczvl\u0259ri yaz\u0131l\u0131 imtahanda m\u00fcv\u0259ff\u0259q olduqlar\u0131na baxmayaraq m\u00fcsahib\u0259l\u0259rd\u0259n ke\u00e7m\u0259dil\u0259r.\n<\/p>\n<p>\n  Az\u0259rbaycanl\u0131 v\u0259kill\u0259r v\u0259 h\u00fcquq\u015f\u00fcnaslar &#8211; El\u00e7in Sad\u0131qov, Cavad Cavadov, Nem\u0259t K\u0259rimli, \u015e\u0259hla H\u00fcmb\u0259tova, Yal\u00e7\u0131n \u0130manov, \u0130rad\u0259 Cavadova, \u018fsab\u0259li Mustafayev, F\u0259xr\u0259ddin Mehdiyev, Aqil Lay\u0131c, F\u0259rhad Mehdiyev, M\u00fcz\u0259ff\u0259r Bax\u0131\u015fov, Xalid Ba\u011f\u0131rov, \u0130ntiqam \u018fliyev v\u0259 b\u0259nz\u0259r v\u0259ziyy\u0259td\u0259 olan dig\u0259r az\u0259rbaycanl\u0131 v\u0259kill\u0259rin durumuna diqq\u0259t \u00e7\u0259km\u0259k ist\u0259yirik\u201d.\n<\/p>\n<p>\n  B\u0259yanat m\u00fc\u0259llifl\u0259ri deyirl\u0259r ki, b\u00fct\u00fcn d\u00f6vl\u0259t qurumlar\u0131 v\u0259 v\u0259kil kollegiyalar\u0131, f\u0259aliyy\u0259tl\u0259rin\u0259 g\u00f6r\u0259 v\u0259kill\u0259ri t\u0259hdidl\u0259rd\u0259n, t\u0259qibl\u0259rd\u0259n v\u0259 dig\u0259r qanunsuz m\u00fcdaxil\u0259l\u0259rd\u0259n qorumaq \u00fc\u00e7\u00fcn add\u0131mlar atmal\u0131d\u0131r. V\u0259kill\u0259rin ifad\u0259 azadl\u0131\u011f\u0131n\u0131 m\u0259hdudla\u015fd\u0131ran etik qaydalar d\u0259yi\u015fdirilm\u0259li v\u0259 A\u0130HM-nin v\u0259kill\u0259rin ifad\u0259 azadl\u0131\u011f\u0131 il\u0259 ba\u011fl\u0131 m\u0259hk\u0259m\u0259 qanununa uy\u011funla\u015fd\u0131r\u0131lmal\u0131d\u0131r. Az\u0259rbaycan V\u0259kill\u0259r Kollegiyas\u0131 v\u0259kill\u0259rin pe\u015f\u0259kar bir t\u0259\u015fkilat oldu\u011funu unutmamal\u0131 v\u0259 pe\u015f\u0259kar bir t\u0259\u015fkilat olaraq m\u00fcst\u0259qilliyini qurmaq \u00fc\u00e7\u00fcn add\u0131mlar atmal\u0131d\u0131r:\n<\/p>\n<p>\n  \u201cVK v\u0259kil i\u015finin s\u0259rb\u0259st h\u0259yata ke\u00e7irilm\u0259sini t\u0259hdid ed\u0259n haqs\u0131z v\u0259 \u00f6zba\u015f\u0131na intizam t\u0259tbiqetm\u0259l\u0259rini d\u0259yi\u015fdirm\u0259li v\u0259 m\u00fc\u015ft\u0259ril\u0259rinin h\u00fcquqlar\u0131n\u0131 m\u00fcdafi\u0259 etm\u0259k \u00fc\u00e7\u00fcn v\u0259kill\u0259r\u0259 t\u0259zyiq g\u00f6st\u0259rm\u0259m\u0259lidir. Az\u0259rbaycanda \u0259sas h\u00fcquq v\u0259 azadl\u0131qlar\u0131n h\u0259yata ke\u00e7irilm\u0259si zaman\u0131 t\u0259zyiq alt\u0131nda \u00f6z h\u00fcquqi t\u0259cr\u00fcb\u0259l\u0259rini davam etdirm\u0259y\u0259 \u00e7al\u0131\u015fan h\u0259mkarlar\u0131m\u0131z\u0131 salamlay\u0131r\u0131q. D\u00fcnyan\u0131n onlarla \u00f6lk\u0259sind\u0259ki h\u0259mkarlar\u0131m\u0131z\u0131n yan\u0131nda oldu\u011fumuzu elan edirik\u201d.<\/p>\n","protected":false},"excerpt":{"rendered":"<p>\u201cH\u00fcquq\u015f\u00fcnaslar Qrupu qanun d\u0259yi\u015fikliyin\u0259 dair t\u0259nqidl\u0259rini ictimaiyy\u0259tl\u0259 b\u00f6l\u00fc\u015f\u0259rk\u0259n, qrup \u00fczvl\u0259ri yaz\u0131l\u0131 imtahanda m\u00fcv\u0259ff\u0259q olduqlar\u0131na baxmayaraq m\u00fcsahib\u0259l\u0259rd\u0259n ke\u00e7m\u0259dil\u0259r&#8221;.<\/p>\n","protected":false},"author":11,"featured_media":155250,"comment_status":"closed","ping_status":"open","sticky":false,"template":"","format":"standard","meta":{"_acf_changed":false,"_sitemap_exclude":false,"_sitemap_priority":"","_sitemap_frequency":"","footnotes":""},"categories":[59],"tags":[],"class_list":["post-204620","post","type-post","status-publish","format-standard","has-post-thumbnail","hentry","category-siyaset","infinite-scroll-item","generate-columns","tablet-grid-50","mobile-grid-100","grid-parent","grid-33","no-featured-image-padding"],"acf":[],"yoast_head":"<!-- This site is optimized with the Yoast SEO plugin v27.5 - https:\/\/yoast.com\/product\/yoast-seo-wordpress\/ -->\n<title>T\u00fcrkiy\u0259 v\u0259 Bel\u00e7ikada t\u0259zyiql\u0259 \u00fczl\u0259\u015f\u0259n az\u0259rbaycanl\u0131 v\u0259kill\u0259r\u0259 d\u0259st\u0259k aksiyas\u0131 ke\u00e7irilib - MEYDAN.TV<\/title>\n<meta name=\"robots\" content=\"index, follow, max-snippet:-1, max-image-preview:large, max-video-preview:-1\" \/>\n<link rel=\"canonical\" href=\"https:\/\/www.meydan.tv\/az\/article\/turkiye-ve-belcikada-tezyiqle-uzlesen-azerbaycanli-vekillere-destek-aksiyasi-kecirilib\/\" \/>\n<meta property=\"og:locale\" content=\"az_AZ\" \/>\n<meta property=\"og:type\" content=\"article\" \/>\n<meta property=\"og:title\" content=\"T\u00fcrkiy\u0259 v\u0259 Bel\u00e7ikada t\u0259zyiql\u0259 \u00fczl\u0259\u015f\u0259n az\u0259rbaycanl\u0131 v\u0259kill\u0259r\u0259 d\u0259st\u0259k aksiyas\u0131 ke\u00e7irilib - MEYDAN.TV\" \/>\n<meta property=\"og:description\" content=\"\u201cH\u00fcquq\u015f\u00fcnaslar Qrupu qanun d\u0259yi\u015fikliyin\u0259 dair t\u0259nqidl\u0259rini ictimaiyy\u0259tl\u0259 b\u00f6l\u00fc\u015f\u0259rk\u0259n, qrup \u00fczvl\u0259ri yaz\u0131l\u0131 imtahanda m\u00fcv\u0259ff\u0259q olduqlar\u0131na baxmayaraq m\u00fcsahib\u0259l\u0259rd\u0259n ke\u00e7m\u0259dil\u0259r&quot;.\" \/>\n<meta property=\"og:url\" content=\"https:\/\/www.meydan.tv\/az\/article\/turkiye-ve-belcikada-tezyiqle-uzlesen-azerbaycanli-vekillere-destek-aksiyasi-kecirilib\/\" \/>\n<meta property=\"og:site_name\" content=\"MEYDAN.TV\" \/>\n<meta property=\"article:published_time\" content=\"2021-01-24T06:19:35+00:00\" \/>\n<meta property=\"og:image\" content=\"https:\/\/www.meydan.tv\/wp-content\/uploads\/202112214141389.jpg\" \/>\n\t<meta property=\"og:image:width\" content=\"900\" \/>\n\t<meta property=\"og:image:height\" content=\"600\" \/>\n\t<meta property=\"og:image:type\" content=\"image\/jpeg\" \/>\n<meta name=\"author\" content=\"user-manager\" \/>\n<meta name=\"twitter:card\" content=\"summary_large_image\" \/>\n<script type=\"application\/ld+json\" class=\"yoast-schema-graph\">{\"@context\":\"https:\\\/\\\/schema.org\",\"@graph\":[{\"@type\":\"Article\",\"@id\":\"https:\\\/\\\/www.meydan.tv\\\/az\\\/article\\\/turkiye-ve-belcikada-tezyiqle-uzlesen-azerbaycanli-vekillere-destek-aksiyasi-kecirilib\\\/#article\",\"isPartOf\":{\"@id\":\"https:\\\/\\\/www.meydan.tv\\\/az\\\/article\\\/turkiye-ve-belcikada-tezyiqle-uzlesen-azerbaycanli-vekillere-destek-aksiyasi-kecirilib\\\/\"},\"author\":{\"name\":\"user-manager\",\"@id\":\"https:\\\/\\\/www.meydan.tv\\\/az\\\/#\\\/schema\\\/person\\\/10d11eccf6da3662cf5fdab9806ea91a\"},\"headline\":\"T\u00fcrkiy\u0259 v\u0259 Bel\u00e7ikada t\u0259zyiql\u0259 \u00fczl\u0259\u015f\u0259n az\u0259rbaycanl\u0131 v\u0259kill\u0259r\u0259 d\u0259st\u0259k aksiyas\u0131 ke\u00e7irilib\",\"datePublished\":\"2021-01-24T06:19:35+00:00\",\"mainEntityOfPage\":{\"@id\":\"https:\\\/\\\/www.meydan.tv\\\/az\\\/article\\\/turkiye-ve-belcikada-tezyiqle-uzlesen-azerbaycanli-vekillere-destek-aksiyasi-kecirilib\\\/\"},\"wordCount\":1443,\"publisher\":{\"@id\":\"https:\\\/\\\/www.meydan.tv\\\/az\\\/#organization\"},\"image\":{\"@id\":\"https:\\\/\\\/www.meydan.tv\\\/az\\\/article\\\/turkiye-ve-belcikada-tezyiqle-uzlesen-azerbaycanli-vekillere-destek-aksiyasi-kecirilib\\\/#primaryimage\"},\"thumbnailUrl\":\"https:\\\/\\\/www.meydan.tv\\\/wp-content\\\/uploads\\\/202112214141389.jpg\",\"articleSection\":[\"Siyas\u0259t\"],\"inLanguage\":\"az\"},{\"@type\":\"WebPage\",\"@id\":\"https:\\\/\\\/www.meydan.tv\\\/az\\\/article\\\/turkiye-ve-belcikada-tezyiqle-uzlesen-azerbaycanli-vekillere-destek-aksiyasi-kecirilib\\\/\",\"url\":\"https:\\\/\\\/www.meydan.tv\\\/az\\\/article\\\/turkiye-ve-belcikada-tezyiqle-uzlesen-azerbaycanli-vekillere-destek-aksiyasi-kecirilib\\\/\",\"name\":\"T\u00fcrkiy\u0259 v\u0259 Bel\u00e7ikada t\u0259zyiql\u0259 \u00fczl\u0259\u015f\u0259n az\u0259rbaycanl\u0131 v\u0259kill\u0259r\u0259 d\u0259st\u0259k aksiyas\u0131 ke\u00e7irilib - MEYDAN.TV\",\"isPartOf\":{\"@id\":\"https:\\\/\\\/www.meydan.tv\\\/az\\\/#website\"},\"primaryImageOfPage\":{\"@id\":\"https:\\\/\\\/www.meydan.tv\\\/az\\\/article\\\/turkiye-ve-belcikada-tezyiqle-uzlesen-azerbaycanli-vekillere-destek-aksiyasi-kecirilib\\\/#primaryimage\"},\"image\":{\"@id\":\"https:\\\/\\\/www.meydan.tv\\\/az\\\/article\\\/turkiye-ve-belcikada-tezyiqle-uzlesen-azerbaycanli-vekillere-destek-aksiyasi-kecirilib\\\/#primaryimage\"},\"thumbnailUrl\":\"https:\\\/\\\/www.meydan.tv\\\/wp-content\\\/uploads\\\/202112214141389.jpg\",\"datePublished\":\"2021-01-24T06:19:35+00:00\",\"breadcrumb\":{\"@id\":\"https:\\\/\\\/www.meydan.tv\\\/az\\\/article\\\/turkiye-ve-belcikada-tezyiqle-uzlesen-azerbaycanli-vekillere-destek-aksiyasi-kecirilib\\\/#breadcrumb\"},\"inLanguage\":\"az\",\"potentialAction\":[{\"@type\":\"ReadAction\",\"target\":[\"https:\\\/\\\/www.meydan.tv\\\/az\\\/article\\\/turkiye-ve-belcikada-tezyiqle-uzlesen-azerbaycanli-vekillere-destek-aksiyasi-kecirilib\\\/\"]}]},{\"@type\":\"ImageObject\",\"inLanguage\":\"az\",\"@id\":\"https:\\\/\\\/www.meydan.tv\\\/az\\\/article\\\/turkiye-ve-belcikada-tezyiqle-uzlesen-azerbaycanli-vekillere-destek-aksiyasi-kecirilib\\\/#primaryimage\",\"url\":\"https:\\\/\\\/www.meydan.tv\\\/wp-content\\\/uploads\\\/202112214141389.jpg\",\"contentUrl\":\"https:\\\/\\\/www.meydan.tv\\\/wp-content\\\/uploads\\\/202112214141389.jpg\",\"width\":900,\"height\":600,\"caption\":\"Source: Specify Source\"},{\"@type\":\"BreadcrumbList\",\"@id\":\"https:\\\/\\\/www.meydan.tv\\\/az\\\/article\\\/turkiye-ve-belcikada-tezyiqle-uzlesen-azerbaycanli-vekillere-destek-aksiyasi-kecirilib\\\/#breadcrumb\",\"itemListElement\":[{\"@type\":\"ListItem\",\"position\":1,\"name\":\"Ana s\u0259hif\u0259\",\"item\":\"https:\\\/\\\/www.meydan.tv\\\/az\\\/\"},{\"@type\":\"ListItem\",\"position\":2,\"name\":\"Siyas\u0259t\",\"item\":\"https:\\\/\\\/www.meydan.tv\\\/az\\\/section\\\/siyaset\\\/\"},{\"@type\":\"ListItem\",\"position\":3,\"name\":\"T\u00fcrkiy\u0259 v\u0259 Bel\u00e7ikada t\u0259zyiql\u0259 \u00fczl\u0259\u015f\u0259n az\u0259rbaycanl\u0131 v\u0259kill\u0259r\u0259 d\u0259st\u0259k aksiyas\u0131 ke\u00e7irilib\"}]},{\"@type\":\"WebSite\",\"@id\":\"https:\\\/\\\/www.meydan.tv\\\/az\\\/#website\",\"url\":\"https:\\\/\\\/www.meydan.tv\\\/az\\\/\",\"name\":\"MEYDAN.TV\",\"description\":\"Meydan TV Az\u0259rbaycan\u0131n media m\u0259kan\u0131ndak\u0131 alternativ s\u0259sidir\",\"publisher\":{\"@id\":\"https:\\\/\\\/www.meydan.tv\\\/az\\\/#organization\"},\"potentialAction\":[{\"@type\":\"SearchAction\",\"target\":{\"@type\":\"EntryPoint\",\"urlTemplate\":\"https:\\\/\\\/www.meydan.tv\\\/az\\\/?s={search_term_string}\"},\"query-input\":{\"@type\":\"PropertyValueSpecification\",\"valueRequired\":true,\"valueName\":\"search_term_string\"}}],\"inLanguage\":\"az\"},{\"@type\":\"Organization\",\"@id\":\"https:\\\/\\\/www.meydan.tv\\\/az\\\/#organization\",\"name\":\"Meydan TV\",\"url\":\"https:\\\/\\\/www.meydan.tv\\\/az\\\/\",\"logo\":{\"@type\":\"ImageObject\",\"inLanguage\":\"az\",\"@id\":\"https:\\\/\\\/www.meydan.tv\\\/az\\\/#\\\/schema\\\/logo\\\/image\\\/\",\"url\":\"https:\\\/\\\/www.meydan.tv\\\/wp-content\\\/uploads\\\/2021\\\/07\\\/meydan-logo.svg\",\"contentUrl\":\"https:\\\/\\\/www.meydan.tv\\\/wp-content\\\/uploads\\\/2021\\\/07\\\/meydan-logo.svg\",\"width\":195,\"height\":46,\"caption\":\"Meydan TV\"},\"image\":{\"@id\":\"https:\\\/\\\/www.meydan.tv\\\/az\\\/#\\\/schema\\\/logo\\\/image\\\/\"}},{\"@type\":\"Person\",\"@id\":\"https:\\\/\\\/www.meydan.tv\\\/az\\\/#\\\/schema\\\/person\\\/10d11eccf6da3662cf5fdab9806ea91a\",\"name\":\"user-manager\"}]}<\/script>\n<!-- \/ Yoast SEO plugin. -->","yoast_head_json":{"title":"T\u00fcrkiy\u0259 v\u0259 Bel\u00e7ikada t\u0259zyiql\u0259 \u00fczl\u0259\u015f\u0259n az\u0259rbaycanl\u0131 v\u0259kill\u0259r\u0259 d\u0259st\u0259k aksiyas\u0131 ke\u00e7irilib - MEYDAN.TV","robots":{"index":"index","follow":"follow","max-snippet":"max-snippet:-1","max-image-preview":"max-image-preview:large","max-video-preview":"max-video-preview:-1"},"canonical":"https:\/\/www.meydan.tv\/az\/article\/turkiye-ve-belcikada-tezyiqle-uzlesen-azerbaycanli-vekillere-destek-aksiyasi-kecirilib\/","og_locale":"az_AZ","og_type":"article","og_title":"T\u00fcrkiy\u0259 v\u0259 Bel\u00e7ikada t\u0259zyiql\u0259 \u00fczl\u0259\u015f\u0259n az\u0259rbaycanl\u0131 v\u0259kill\u0259r\u0259 d\u0259st\u0259k aksiyas\u0131 ke\u00e7irilib - MEYDAN.TV","og_description":"\u201cH\u00fcquq\u015f\u00fcnaslar Qrupu qanun d\u0259yi\u015fikliyin\u0259 dair t\u0259nqidl\u0259rini ictimaiyy\u0259tl\u0259 b\u00f6l\u00fc\u015f\u0259rk\u0259n, qrup \u00fczvl\u0259ri yaz\u0131l\u0131 imtahanda m\u00fcv\u0259ff\u0259q olduqlar\u0131na baxmayaraq m\u00fcsahib\u0259l\u0259rd\u0259n ke\u00e7m\u0259dil\u0259r\".","og_url":"https:\/\/www.meydan.tv\/az\/article\/turkiye-ve-belcikada-tezyiqle-uzlesen-azerbaycanli-vekillere-destek-aksiyasi-kecirilib\/","og_site_name":"MEYDAN.TV","article_published_time":"2021-01-24T06:19:35+00:00","og_image":[{"width":900,"height":600,"url":"https:\/\/www.meydan.tv\/wp-content\/uploads\/202112214141389.jpg","type":"image\/jpeg"}],"author":"user-manager","twitter_card":"summary_large_image","schema":{"@context":"https:\/\/schema.org","@graph":[{"@type":"Article","@id":"https:\/\/www.meydan.tv\/az\/article\/turkiye-ve-belcikada-tezyiqle-uzlesen-azerbaycanli-vekillere-destek-aksiyasi-kecirilib\/#article","isPartOf":{"@id":"https:\/\/www.meydan.tv\/az\/article\/turkiye-ve-belcikada-tezyiqle-uzlesen-azerbaycanli-vekillere-destek-aksiyasi-kecirilib\/"},"author":{"name":"user-manager","@id":"https:\/\/www.meydan.tv\/az\/#\/schema\/person\/10d11eccf6da3662cf5fdab9806ea91a"},"headline":"T\u00fcrkiy\u0259 v\u0259 Bel\u00e7ikada t\u0259zyiql\u0259 \u00fczl\u0259\u015f\u0259n az\u0259rbaycanl\u0131 v\u0259kill\u0259r\u0259 d\u0259st\u0259k aksiyas\u0131 ke\u00e7irilib","datePublished":"2021-01-24T06:19:35+00:00","mainEntityOfPage":{"@id":"https:\/\/www.meydan.tv\/az\/article\/turkiye-ve-belcikada-tezyiqle-uzlesen-azerbaycanli-vekillere-destek-aksiyasi-kecirilib\/"},"wordCount":1443,"publisher":{"@id":"https:\/\/www.meydan.tv\/az\/#organization"},"image":{"@id":"https:\/\/www.meydan.tv\/az\/article\/turkiye-ve-belcikada-tezyiqle-uzlesen-azerbaycanli-vekillere-destek-aksiyasi-kecirilib\/#primaryimage"},"thumbnailUrl":"https:\/\/www.meydan.tv\/wp-content\/uploads\/202112214141389.jpg","articleSection":["Siyas\u0259t"],"inLanguage":"az"},{"@type":"WebPage","@id":"https:\/\/www.meydan.tv\/az\/article\/turkiye-ve-belcikada-tezyiqle-uzlesen-azerbaycanli-vekillere-destek-aksiyasi-kecirilib\/","url":"https:\/\/www.meydan.tv\/az\/article\/turkiye-ve-belcikada-tezyiqle-uzlesen-azerbaycanli-vekillere-destek-aksiyasi-kecirilib\/","name":"T\u00fcrkiy\u0259 v\u0259 Bel\u00e7ikada t\u0259zyiql\u0259 \u00fczl\u0259\u015f\u0259n az\u0259rbaycanl\u0131 v\u0259kill\u0259r\u0259 d\u0259st\u0259k aksiyas\u0131 ke\u00e7irilib - MEYDAN.TV","isPartOf":{"@id":"https:\/\/www.meydan.tv\/az\/#website"},"primaryImageOfPage":{"@id":"https:\/\/www.meydan.tv\/az\/article\/turkiye-ve-belcikada-tezyiqle-uzlesen-azerbaycanli-vekillere-destek-aksiyasi-kecirilib\/#primaryimage"},"image":{"@id":"https:\/\/www.meydan.tv\/az\/article\/turkiye-ve-belcikada-tezyiqle-uzlesen-azerbaycanli-vekillere-destek-aksiyasi-kecirilib\/#primaryimage"},"thumbnailUrl":"https:\/\/www.meydan.tv\/wp-content\/uploads\/202112214141389.jpg","datePublished":"2021-01-24T06:19:35+00:00","breadcrumb":{"@id":"https:\/\/www.meydan.tv\/az\/article\/turkiye-ve-belcikada-tezyiqle-uzlesen-azerbaycanli-vekillere-destek-aksiyasi-kecirilib\/#breadcrumb"},"inLanguage":"az","potentialAction":[{"@type":"ReadAction","target":["https:\/\/www.meydan.tv\/az\/article\/turkiye-ve-belcikada-tezyiqle-uzlesen-azerbaycanli-vekillere-destek-aksiyasi-kecirilib\/"]}]},{"@type":"ImageObject","inLanguage":"az","@id":"https:\/\/www.meydan.tv\/az\/article\/turkiye-ve-belcikada-tezyiqle-uzlesen-azerbaycanli-vekillere-destek-aksiyasi-kecirilib\/#primaryimage","url":"https:\/\/www.meydan.tv\/wp-content\/uploads\/202112214141389.jpg","contentUrl":"https:\/\/www.meydan.tv\/wp-content\/uploads\/202112214141389.jpg","width":900,"height":600,"caption":"Source: Specify Source"},{"@type":"BreadcrumbList","@id":"https:\/\/www.meydan.tv\/az\/article\/turkiye-ve-belcikada-tezyiqle-uzlesen-azerbaycanli-vekillere-destek-aksiyasi-kecirilib\/#breadcrumb","itemListElement":[{"@type":"ListItem","position":1,"name":"Ana s\u0259hif\u0259","item":"https:\/\/www.meydan.tv\/az\/"},{"@type":"ListItem","position":2,"name":"Siyas\u0259t","item":"https:\/\/www.meydan.tv\/az\/section\/siyaset\/"},{"@type":"ListItem","position":3,"name":"T\u00fcrkiy\u0259 v\u0259 Bel\u00e7ikada t\u0259zyiql\u0259 \u00fczl\u0259\u015f\u0259n az\u0259rbaycanl\u0131 v\u0259kill\u0259r\u0259 d\u0259st\u0259k aksiyas\u0131 ke\u00e7irilib"}]},{"@type":"WebSite","@id":"https:\/\/www.meydan.tv\/az\/#website","url":"https:\/\/www.meydan.tv\/az\/","name":"MEYDAN.TV","description":"Meydan TV Az\u0259rbaycan\u0131n media m\u0259kan\u0131ndak\u0131 alternativ s\u0259sidir","publisher":{"@id":"https:\/\/www.meydan.tv\/az\/#organization"},"potentialAction":[{"@type":"SearchAction","target":{"@type":"EntryPoint","urlTemplate":"https:\/\/www.meydan.tv\/az\/?s={search_term_string}"},"query-input":{"@type":"PropertyValueSpecification","valueRequired":true,"valueName":"search_term_string"}}],"inLanguage":"az"},{"@type":"Organization","@id":"https:\/\/www.meydan.tv\/az\/#organization","name":"Meydan TV","url":"https:\/\/www.meydan.tv\/az\/","logo":{"@type":"ImageObject","inLanguage":"az","@id":"https:\/\/www.meydan.tv\/az\/#\/schema\/logo\/image\/","url":"https:\/\/www.meydan.tv\/wp-content\/uploads\/2021\/07\/meydan-logo.svg","contentUrl":"https:\/\/www.meydan.tv\/wp-content\/uploads\/2021\/07\/meydan-logo.svg","width":195,"height":46,"caption":"Meydan TV"},"image":{"@id":"https:\/\/www.meydan.tv\/az\/#\/schema\/logo\/image\/"}},{"@type":"Person","@id":"https:\/\/www.meydan.tv\/az\/#\/schema\/person\/10d11eccf6da3662cf5fdab9806ea91a","name":"user-manager"}]}},"_links":{"self":[{"href":"https:\/\/www.meydan.tv\/az\/wp-json\/wp\/v2\/posts\/204620","targetHints":{"allow":["GET"]}}],"collection":[{"href":"https:\/\/www.meydan.tv\/az\/wp-json\/wp\/v2\/posts"}],"about":[{"href":"https:\/\/www.meydan.tv\/az\/wp-json\/wp\/v2\/types\/post"}],"author":[{"embeddable":true,"href":"https:\/\/www.meydan.tv\/az\/wp-json\/wp\/v2\/users\/11"}],"replies":[{"embeddable":true,"href":"https:\/\/www.meydan.tv\/az\/wp-json\/wp\/v2\/comments?post=204620"}],"version-history":[{"count":0,"href":"https:\/\/www.meydan.tv\/az\/wp-json\/wp\/v2\/posts\/204620\/revisions"}],"wp:featuredmedia":[{"embeddable":true,"href":"https:\/\/www.meydan.tv\/az\/wp-json\/wp\/v2\/media\/155250"}],"wp:attachment":[{"href":"https:\/\/www.meydan.tv\/az\/wp-json\/wp\/v2\/media?parent=204620"}],"wp:term":[{"taxonomy":"category","embeddable":true,"href":"https:\/\/www.meydan.tv\/az\/wp-json\/wp\/v2\/categories?post=204620"},{"taxonomy":"post_tag","embeddable":true,"href":"https:\/\/www.meydan.tv\/az\/wp-json\/wp\/v2\/tags?post=204620"}],"curies":[{"name":"wp","href":"https:\/\/api.w.org\/{rel}","templated":true}]}}