{"id":204601,"date":"2021-01-22T13:12:57","date_gmt":"2021-01-22T13:12:57","guid":{"rendered":"https:\/\/www.meydan.tv\/article\/raket-zerbesinden-ziyan-ceken-gence-sakini-etinasizliqdan-gileylidir\/"},"modified":"2021-01-22T13:12:57","modified_gmt":"2021-01-22T13:12:57","slug":"raket-zerbesinden-ziyan-ceken-gence-sakini-etinasizliqdan-gileylidir","status":"publish","type":"post","link":"https:\/\/www.meydan.tv\/az\/article\/raket-zerbesinden-ziyan-ceken-gence-sakini-etinasizliqdan-gileylidir\/","title":{"rendered":"Raket z\u0259rb\u0259sind\u0259n ziyan \u00e7\u0259k\u0259n G\u0259nc\u0259 sakini etinas\u0131zl\u0131qdan gileylidir"},"content":{"rendered":"<p>\n  <i><br \/>\n    \u201cE\u015fidir\u0259m ki, ad\u0131m he\u00e7 z\u0259r\u0259r\u00e7\u0259kmi\u015fl\u0259rin siyah\u0131s\u0131nda yoxdur\u201d<br \/>\n  <\/i>\n<\/p>\n<p>\n  \u201cOktyabrdan bu yana q\u0259zal\u0131 evd\u0259 ya\u015fay\u0131r\u0131q. N\u0259 s\u0131\u011f\u0131nacaq ver\u0259n, n\u0259 d\u0259 ad\u0131m\u0131z\u0131 z\u0259r\u0259r\u00e7\u0259kmi\u015f siyah\u0131s\u0131na salan var\u201d.\n<\/p>\n<p>\n  G\u0259nc\u0259nin M\u0259mm\u0259dta\u011f\u0131 C\u0259f\u0259rov k\u00fc\u00e7\u0259sinin sakini Telman R\u0259himov bel\u0259 deyir.\n<\/p>\n<p>\n  \u015eikay\u0259t\u00e7i bildirir ki, oktyabr\u0131n 17-d\u0259 Erm\u0259nistan silahl\u0131 q\u00fcvv\u0259l\u0259rinin G\u0259nc\u0259 \u015f\u0259h\u0259rin\u0259 endirdiyi raket z\u0259rb\u0259si n\u0259tic\u0259sind\u0259 evi q\u0259zal\u0131 v\u0259ziyy\u0259t\u0259 d\u00fc\u015f\u00fcb, ya\u015fanas\u0131 durumda deyil. Ancaq aidiyyat\u0131 qurumlar bunu g\u00f6zard\u0131 edir:\n<\/p>\n<p>\n  \u201cD\u00fczd\u00fcr, raketi g\u00f6yd\u0259 z\u0259r\u0259rsizl\u0259\u015fdirmi\u015fdil\u0259r. Ancaq q\u0259lp\u0259l\u0259ri h\u0259y\u0259tim\u0259 v\u0259 evimin m\u00fcxt\u0259lif yerl\u0259rin\u0259 d\u00fc\u015f\u00fcb. N\u0259tic\u0259d\u0259 h\u0259y\u0259td\u0259 itl\u0259rimizd\u0259n biri \u00f6l\u00fcb v\u0259 evimiz tamamil\u0259 yarars\u0131z hala d\u00fc\u015f\u00fcb\u201d.\n<\/p>\n<p>\n  Telman R\u0259himovun ail\u0259si 5 n\u0259f\u0259rd\u0259n ibar\u0259tdir. \u00d6z\u00fc, h\u0259yat yolda\u015f\u0131, 2 \u00f6vlad\u0131 v\u0259 anas\u0131. Deyir, \u00f6vladlar\u0131ndan birinin \u0259lilliyi d\u0259 var:\n<\/p>\n<p>\n  \u201cDem\u0259yim odur ki, evd\u0259 t\u0259k ya\u015fam\u0131ram. Yoxsa vecim\u0259 d\u0259 olmaz. U\u015faqlar var, ya\u015fl\u0131 anam var. 5 n\u0259f\u0259rin h\u0259yat\u0131 t\u0259hl\u00fck\u0259 alt\u0131ndad\u0131r. Evimiz h\u0259r an u\u00e7a bil\u0259r. Bel\u0259 bir faci\u0259 ba\u015f vers\u0259, d\u00f6vl\u0259t qurumlar\u0131 n\u0259 ed\u0259c\u0259kl\u0259r? \u0130ndid\u0259n deyirik ki, problemi h\u0259ll etsinl\u0259r. Ancaq e\u015fidir\u0259m ki, ad\u0131m he\u00e7 z\u0259r\u0259r\u00e7\u0259kmi\u015fl\u0259rin siyah\u0131s\u0131nda yoxdur\u201d.\n<\/p>\n<p>\n  R\u0259himovlar ail\u0259sinin evi k\u00f6hn\u0259 d\u0259 olmay\u0131b. 2016-c\u0131 ild\u0259 tikdiribl\u0259r. 2 m\u0259rt\u0259b\u0259li, birinci m\u0259rt\u0259b\u0259sind\u0259 3, ikincid\u0259 4 otaq olan yeni ev olub. Raket z\u0259rb\u0259sin\u0259 q\u0259d\u0259r yax\u015f\u0131 \u015f\u0259raiti var imi\u015f:\n<\/p>\n<p>\n  \u201c\u018ftrafdak\u0131 z\u0259r\u0259r g\u00f6rm\u00fc\u015f evl\u0259ri siyah\u0131ya alm\u0131\u015fd\u0131lar, biz\u0259 g\u0259l\u0259n olmam\u0131\u015fd\u0131. \u00c7ox yaz\u0131b-pozandan sonra n\u0259hay\u0259t F\u00f6vq\u0259lad\u0259 Hallar Nazirliyinin yerli idar\u0259sind\u0259n g\u0259ldil\u0259r, baxd\u0131lar. Ged\u0259nd\u0259 d\u0259 dedil\u0259r ki, bu evd\u0259 ya\u015famaq t\u0259hl\u00fck\u0259lidir, \u00e7\u0131xmal\u0131s\u0131n\u0131z, \u00e7\u00fcnki h\u0259r an u\u00e7a bil\u0259r. Dedim, m\u0259n raz\u0131. Biz\u0259 s\u0131\u011f\u0131nacaq verin, \u00e7\u0131xaq. O g\u00fcnd\u0259n bu yana axtar\u0131b-arayan yoxdur\u201d.\n<\/p>\n<p>\n  Telman R\u0259himov deyir ki, \u00e7ar\u0259sizlikd\u0259n \u00f6z v\u0259saiti hesab\u0131na, g\u00fcc\u00fc \u00e7atd\u0131\u011f\u0131 q\u0259d\u0259r evd\u0259 b\u0259zi b\u0259rkitm\u0259 i\u015fl\u0259ri apar\u0131b. Ancaq yen\u0259 d\u0259 ya\u015fanas\u0131 hala sala bilm\u0259yib:\n<\/p>\n<p>\n  \u201cSonra Prezident Administrasiyas\u0131na m\u0259ktub yazd\u0131m. Dedim, burda ayr\u0131-se\u00e7kilik edirl\u0259r. B\u00fct\u00fcn z\u0259r\u0259r\u00e7\u0259kmi\u015fl\u0259r\u0259 eyni g\u00f6zl\u0259 bax\u0131lm\u0131r. Ondan sonra G\u0259nc\u0259 \u015e\u0259h\u0259r \u0130cra Hakimiyy\u0259tinin memar\u0131, FHN-d\u0259n n\u00fcmay\u0259nd\u0259l\u0259r g\u0259ldil\u0259r. Ev\u0259 bax\u0131\u015f ke\u00e7irdil\u0259r, yen\u0259 yazd\u0131lar, pozdular v\u0259 \u00e7\u0131x\u0131b getdil\u0259r. Amma yen\u0259 d\u0259 bir x\u0259b\u0259r yoxdur. Deyirl\u0259r, \u201cevd\u0259 ya\u015famaq olmaz, h\u0259r an u\u00e7a bil\u0259r\u201d. Amma biz\u0259 s\u0131\u011f\u0131nacaq vermirl\u0259r\u201d.\n<\/p>\n<p>\n  Telman R\u0259himov deyir ki, ax\u0131r\u0131nc\u0131 d\u0259f\u0259 evl\u0259rin\u0259 g\u0259l\u0259n komissiyan\u0131n gedi\u015find\u0259n az qala 2 ay ke\u00e7ir. Ax\u0131r\u0131nc\u0131 m\u00fcraci\u0259tinin \u00fcst\u00fcnd\u0259n is\u0259 1 ay. Yen\u0259 ortada he\u00e7 n\u0259 yoxdur:\n<\/p>\n<p>\n  \u201cDekabrda bir d\u0259 m\u00fcraci\u0259t etdik g\u00f6r\u0259k n\u0259 oldu. H\u0259l\u0259 d\u0259 da\u011f\u0131lm\u0131\u015f evd\u0259 ya\u015fay\u0131r\u0131q. O zaman m\u0259n\u0259 bir d\u0259 dedil\u0259r ki, sizin ad\u0131n\u0131z siyah\u0131da yoxdur. Dedim, nec\u0259 y\u0259ni, FHN yaz\u0131b, icra hakimiyy\u0259ti yaz\u0131b, cinay\u0259t i\u015fi a\u00e7\u0131l\u0131b. Biz z\u0259r\u0259r\u00e7\u0259kmi\u015f kimi tan\u0131nm\u0131\u015f\u0131q. Dedil\u0259r: \u201cBiz bilmirik, ad yoxdur\u201d. \u015e\u0259h\u0259r icra hakimiyy\u0259tind\u0259n biz\u0259 son s\u00f6z kimi dedil\u0259r ki, siz qism\u0259n z\u0259r\u0259r\u00e7\u0259kmi\u015f kimi tan\u0131nm\u0131s\u0131n\u0131z. M\u0259n d\u0259 dedim ki, qism\u0259n bir-iki \u0259\u015fyas\u0131 q\u0131r\u0131lanlar yaz\u0131l\u0131b. Amma bizim evimiz u\u00e7ma t\u0259hl\u00fck\u0259si alt\u0131ndad\u0131r. H\u0259r an alt\u0131nda qala bil\u0259rik. Bu qism\u0259ndi? \u00d6t\u0259n h\u0259ft\u0259 bir d\u0259 z\u0259ng etdim. Son s\u00f6zl\u0259ri bu oldu ki, ad\u0131m siyah\u0131da yoxdur\u201d.\n<\/p>\n<figure class=\"wp-block-image size-large\">\n  <img decoding=\"async\" src=\"https:\/\/www.meydan.tv\/az\/untitled-design-13-png-3\/\" alt=\"Untitled design (13).png\" class=\"wp-image-155172\"\/><figcaption>\n    Telman R\u0259himov deyir ki, ax\u0131r\u0131nc\u0131 d\u0259f\u0259 evl\u0259rin\u0259 g\u0259l\u0259n komissiyan\u0131n gedi\u015find\u0259n az qala 2 ay ke\u00e7ir.<br \/>\n  <\/figcaption><\/figure>\n<p>\n  G\u0259nc\u0259 \u015e\u0259h\u0259r \u0130cra Hakimiyy\u0259tind\u0259n bildirilib ki, h\u0259l\u0259 d\u0259 z\u0259r\u0259r\u00e7\u0259kmi\u015fl\u0259r qeyd\u0259 al\u0131n\u0131r. Y\u0259ni s\u0131ra il\u0259 ham\u0131 qeyd\u0259 al\u0131nacaq:\n<\/p>\n<p>\n  \u201c\u0130\u015f m\u0259rh\u0259l\u0259li \u015f\u0259kild\u0259 h\u0259yata ke\u00e7irilir. Tikintiy\u0259 v\u0259 siyah\u0131la\u015fd\u0131rmaya n\u0259zar\u0259ti is\u0259 birba\u015fa F\u00f6vq\u0259lad\u0259 Hallar Nazirliyinin tikintiy\u0259 n\u0259zar\u0259t agentliyinin \u0259m\u0259kda\u015flar\u0131 h\u0259yata ke\u00e7irir. Haz\u0131rda da onlar \u0259razid\u0259dil\u0259r v\u0259 bax\u0131\u015f ke\u00e7irirl\u0259r. Yekun q\u0259rar verilm\u0259yib. Onu da deyim ki, n\u0259 q\u0259d\u0259r kompensasiyan\u0131n t\u0259yin edilm\u0259si v\u0259 s. kimi i\u015fl\u0259r\u0259 d\u0259 onlar bax\u0131rlar\u201d.\n<\/p>\n<p>\n  Erm\u0259nistan\u0131n i\u015f\u011fal\u0131 n\u0259tic\u0259sind\u0259 d\u0259ymi\u015f ziyan\u0131n qiym\u0259tl\u0259ndirilm\u0259si v\u0259 aradan qald\u0131r\u0131lmas\u0131 il\u0259 ba\u011fl\u0131 i\u015f\u00e7i qruplar\u0131 yarad\u0131l\u0131b.\n<\/p>\n<p>\n  \u00d6t\u0259n il noyabr\u0131n 12-d\u0259 Az\u0259rbaycan Ba\u015f naziri bununla ba\u011fl\u0131 s\u0259r\u0259ncam imzalay\u0131b.\n<\/p>\n<p>\n  Bu, Az\u0259rbaycan prezidentinin \u00f6t\u0259n il noyabr\u0131n 6-da imzalad\u0131\u011f\u0131 s\u0259r\u0259ncamla izah edilir.\n<\/p>\n<p>\n  S\u00f6hb\u0259t sentyabr\u0131n 27-d\u0259n ba\u015flayaraq m\u00fclki \u0259haliy\u0259, d\u00f6vl\u0259t \u0259mlak\u0131na, habel\u0259 sahibkarl\u0131q f\u0259aliyy\u0259ti subyektl\u0259rin\u0259 d\u0259ymi\u015f ziyan\u0131n qiym\u0259tl\u0259ndirilm\u0259si v\u0259 aradan qald\u0131r\u0131lmas\u0131 il\u0259 ba\u011fl\u0131 t\u0259dbirl\u0259r haqq\u0131nda prezidentin s\u0259r\u0259ncam\u0131ndan gedir.\n<\/p>\n<p>\n  B\u00fct\u00f6vl\u00fckd\u0259, A\u011fdam, A\u011fcab\u0259di, Beyl\u0259qan, B\u0259rd\u0259, T\u0259rt\u0259r, F\u00fczuli, C\u0259bray\u0131l, Goranboy rayonlar\u0131 v\u0259 Naftalan, G\u0259nc\u0259, Ming\u0259\u00e7evir \u015f\u0259h\u0259rl\u0259ri \u00fczr\u0259 11 i\u015f\u00e7i qrupu yarad\u0131l\u0131b. \u00dcst\u0259lik, T\u0259rt\u0259r rayonu \u00fczr\u0259 d\u0259ymi\u015f ziyan\u0131n miqyas\u0131n\u0131 n\u0259z\u0259r\u0259 alaraq 3 i\u015f\u00e7i qrupu formala\u015fd\u0131r\u0131l\u0131b.\n<\/p>\n<p>\n  \u00dcmumilikd\u0259 bu m\u00fcdd\u0259t \u0259rzind\u0259 t\u0259qrib\u0259n 3700 obyekt\u0259 m\u00fcxt\u0259lif d\u0259r\u0259c\u0259li ziyan d\u0259ydiyi bildirilir.\n<\/p>\n<p>\n  Sentyabr\u0131n 27-d\u0259 Az\u0259rbaycan v\u0259 Erm\u0259nistan silahl\u0131 q\u00fcvv\u0259l\u0259rinin t\u0259mas x\u0259ttind\u0259 a\u011f\u0131r d\u00f6y\u00fc\u015fl\u0259r ba\u015flam\u0131\u015fd\u0131. Az\u0259rbaycan a\u00e7\u0131qlay\u0131b ki, noyabr\u0131n 9-u g\u00fcn\u00fcn sonuna, d\u00f6y\u00fc\u015fl\u0259rin dayand\u0131r\u0131lmas\u0131na q\u0259d\u0259r 280 civar\u0131nda k\u0259ndi, d\u00f6rd q\u0259s\u0259b\u0259ni (Hadrut, Mincivan, A\u011fb\u0259nd, Bartaz), \u015eu\u015fa v\u0259 daha d\u00f6rd \u015f\u0259h\u0259ri (C\u0259bray\u0131l, F\u00fczuli, Z\u0259ngilan, Qubadl\u0131) i\u015f\u011faldan azad edib.<\/p>\n","protected":false},"excerpt":{"rendered":"<p>&#8220;Ancaq e\u015fidir\u0259m ki, ad\u0131m he\u00e7 z\u0259r\u0259r\u00e7\u0259kmi\u015fl\u0259rin siyah\u0131s\u0131nda yoxdur&#8221;<\/p>\n","protected":false},"author":11,"featured_media":155175,"comment_status":"closed","ping_status":"open","sticky":false,"template":"","format":"standard","meta":{"_acf_changed":false,"_sitemap_exclude":false,"_sitemap_priority":"","_sitemap_frequency":"","footnotes":""},"categories":[60],"tags":[],"class_list":["post-204601","post","type-post","status-publish","format-standard","has-post-thumbnail","hentry","category-bolge","infinite-scroll-item","generate-columns","tablet-grid-50","mobile-grid-100","grid-parent","grid-33","no-featured-image-padding"],"acf":[],"yoast_head":"<!-- This site is optimized with the Yoast SEO plugin v27.5 - https:\/\/yoast.com\/product\/yoast-seo-wordpress\/ -->\n<title>Raket z\u0259rb\u0259sind\u0259n ziyan \u00e7\u0259k\u0259n G\u0259nc\u0259 sakini etinas\u0131zl\u0131qdan gileylidir - MEYDAN.TV<\/title>\n<meta name=\"robots\" content=\"index, follow, max-snippet:-1, max-image-preview:large, max-video-preview:-1\" \/>\n<link rel=\"canonical\" href=\"https:\/\/www.meydan.tv\/az\/article\/raket-zerbesinden-ziyan-ceken-gence-sakini-etinasizliqdan-gileylidir\/\" \/>\n<meta property=\"og:locale\" content=\"az_AZ\" \/>\n<meta property=\"og:type\" content=\"article\" \/>\n<meta property=\"og:title\" content=\"Raket z\u0259rb\u0259sind\u0259n ziyan \u00e7\u0259k\u0259n G\u0259nc\u0259 sakini etinas\u0131zl\u0131qdan gileylidir - MEYDAN.TV\" \/>\n<meta property=\"og:description\" content=\"&quot;Ancaq e\u015fidir\u0259m ki, ad\u0131m he\u00e7 z\u0259r\u0259r\u00e7\u0259kmi\u015fl\u0259rin siyah\u0131s\u0131nda yoxdur&quot;\" \/>\n<meta property=\"og:url\" content=\"https:\/\/www.meydan.tv\/az\/article\/raket-zerbesinden-ziyan-ceken-gence-sakini-etinasizliqdan-gileylidir\/\" \/>\n<meta property=\"og:site_name\" content=\"MEYDAN.TV\" \/>\n<meta property=\"article:published_time\" content=\"2021-01-22T13:12:57+00:00\" \/>\n<meta property=\"og:image\" content=\"https:\/\/www.meydan.tv\/wp-content\/uploads\/untitled_design_14_2lz4ubc.png\" \/>\n\t<meta property=\"og:image:width\" content=\"1920\" \/>\n\t<meta property=\"og:image:height\" content=\"1080\" \/>\n\t<meta property=\"og:image:type\" content=\"image\/png\" \/>\n<meta name=\"author\" content=\"user-manager\" \/>\n<meta name=\"twitter:card\" content=\"summary_large_image\" \/>\n<script type=\"application\/ld+json\" class=\"yoast-schema-graph\">{\"@context\":\"https:\\\/\\\/schema.org\",\"@graph\":[{\"@type\":\"Article\",\"@id\":\"https:\\\/\\\/www.meydan.tv\\\/az\\\/article\\\/raket-zerbesinden-ziyan-ceken-gence-sakini-etinasizliqdan-gileylidir\\\/#article\",\"isPartOf\":{\"@id\":\"https:\\\/\\\/www.meydan.tv\\\/az\\\/article\\\/raket-zerbesinden-ziyan-ceken-gence-sakini-etinasizliqdan-gileylidir\\\/\"},\"author\":{\"name\":\"user-manager\",\"@id\":\"https:\\\/\\\/www.meydan.tv\\\/az\\\/#\\\/schema\\\/person\\\/10d11eccf6da3662cf5fdab9806ea91a\"},\"headline\":\"Raket z\u0259rb\u0259sind\u0259n ziyan \u00e7\u0259k\u0259n G\u0259nc\u0259 sakini etinas\u0131zl\u0131qdan gileylidir\",\"datePublished\":\"2021-01-22T13:12:57+00:00\",\"mainEntityOfPage\":{\"@id\":\"https:\\\/\\\/www.meydan.tv\\\/az\\\/article\\\/raket-zerbesinden-ziyan-ceken-gence-sakini-etinasizliqdan-gileylidir\\\/\"},\"wordCount\":1154,\"publisher\":{\"@id\":\"https:\\\/\\\/www.meydan.tv\\\/az\\\/#organization\"},\"image\":{\"@id\":\"https:\\\/\\\/www.meydan.tv\\\/az\\\/article\\\/raket-zerbesinden-ziyan-ceken-gence-sakini-etinasizliqdan-gileylidir\\\/#primaryimage\"},\"thumbnailUrl\":\"https:\\\/\\\/www.meydan.tv\\\/wp-content\\\/uploads\\\/untitled_design_14_2lz4ubc.png\",\"articleSection\":[\"B\u00f6lg\u0259\"],\"inLanguage\":\"az\"},{\"@type\":\"WebPage\",\"@id\":\"https:\\\/\\\/www.meydan.tv\\\/az\\\/article\\\/raket-zerbesinden-ziyan-ceken-gence-sakini-etinasizliqdan-gileylidir\\\/\",\"url\":\"https:\\\/\\\/www.meydan.tv\\\/az\\\/article\\\/raket-zerbesinden-ziyan-ceken-gence-sakini-etinasizliqdan-gileylidir\\\/\",\"name\":\"Raket z\u0259rb\u0259sind\u0259n ziyan \u00e7\u0259k\u0259n G\u0259nc\u0259 sakini etinas\u0131zl\u0131qdan gileylidir - MEYDAN.TV\",\"isPartOf\":{\"@id\":\"https:\\\/\\\/www.meydan.tv\\\/az\\\/#website\"},\"primaryImageOfPage\":{\"@id\":\"https:\\\/\\\/www.meydan.tv\\\/az\\\/article\\\/raket-zerbesinden-ziyan-ceken-gence-sakini-etinasizliqdan-gileylidir\\\/#primaryimage\"},\"image\":{\"@id\":\"https:\\\/\\\/www.meydan.tv\\\/az\\\/article\\\/raket-zerbesinden-ziyan-ceken-gence-sakini-etinasizliqdan-gileylidir\\\/#primaryimage\"},\"thumbnailUrl\":\"https:\\\/\\\/www.meydan.tv\\\/wp-content\\\/uploads\\\/untitled_design_14_2lz4ubc.png\",\"datePublished\":\"2021-01-22T13:12:57+00:00\",\"breadcrumb\":{\"@id\":\"https:\\\/\\\/www.meydan.tv\\\/az\\\/article\\\/raket-zerbesinden-ziyan-ceken-gence-sakini-etinasizliqdan-gileylidir\\\/#breadcrumb\"},\"inLanguage\":\"az\",\"potentialAction\":[{\"@type\":\"ReadAction\",\"target\":[\"https:\\\/\\\/www.meydan.tv\\\/az\\\/article\\\/raket-zerbesinden-ziyan-ceken-gence-sakini-etinasizliqdan-gileylidir\\\/\"]}]},{\"@type\":\"ImageObject\",\"inLanguage\":\"az\",\"@id\":\"https:\\\/\\\/www.meydan.tv\\\/az\\\/article\\\/raket-zerbesinden-ziyan-ceken-gence-sakini-etinasizliqdan-gileylidir\\\/#primaryimage\",\"url\":\"https:\\\/\\\/www.meydan.tv\\\/wp-content\\\/uploads\\\/untitled_design_14_2lz4ubc.png\",\"contentUrl\":\"https:\\\/\\\/www.meydan.tv\\\/wp-content\\\/uploads\\\/untitled_design_14_2lz4ubc.png\",\"width\":1920,\"height\":1080,\"caption\":\"Source: Specify Source\"},{\"@type\":\"BreadcrumbList\",\"@id\":\"https:\\\/\\\/www.meydan.tv\\\/az\\\/article\\\/raket-zerbesinden-ziyan-ceken-gence-sakini-etinasizliqdan-gileylidir\\\/#breadcrumb\",\"itemListElement\":[{\"@type\":\"ListItem\",\"position\":1,\"name\":\"Ana s\u0259hif\u0259\",\"item\":\"https:\\\/\\\/www.meydan.tv\\\/az\\\/\"},{\"@type\":\"ListItem\",\"position\":2,\"name\":\"B\u00f6lg\u0259\",\"item\":\"https:\\\/\\\/www.meydan.tv\\\/az\\\/section\\\/bolge\\\/\"},{\"@type\":\"ListItem\",\"position\":3,\"name\":\"Raket z\u0259rb\u0259sind\u0259n ziyan \u00e7\u0259k\u0259n G\u0259nc\u0259 sakini etinas\u0131zl\u0131qdan gileylidir\"}]},{\"@type\":\"WebSite\",\"@id\":\"https:\\\/\\\/www.meydan.tv\\\/az\\\/#website\",\"url\":\"https:\\\/\\\/www.meydan.tv\\\/az\\\/\",\"name\":\"MEYDAN.TV\",\"description\":\"Meydan TV Az\u0259rbaycan\u0131n media m\u0259kan\u0131ndak\u0131 alternativ s\u0259sidir\",\"publisher\":{\"@id\":\"https:\\\/\\\/www.meydan.tv\\\/az\\\/#organization\"},\"potentialAction\":[{\"@type\":\"SearchAction\",\"target\":{\"@type\":\"EntryPoint\",\"urlTemplate\":\"https:\\\/\\\/www.meydan.tv\\\/az\\\/?s={search_term_string}\"},\"query-input\":{\"@type\":\"PropertyValueSpecification\",\"valueRequired\":true,\"valueName\":\"search_term_string\"}}],\"inLanguage\":\"az\"},{\"@type\":\"Organization\",\"@id\":\"https:\\\/\\\/www.meydan.tv\\\/az\\\/#organization\",\"name\":\"Meydan TV\",\"url\":\"https:\\\/\\\/www.meydan.tv\\\/az\\\/\",\"logo\":{\"@type\":\"ImageObject\",\"inLanguage\":\"az\",\"@id\":\"https:\\\/\\\/www.meydan.tv\\\/az\\\/#\\\/schema\\\/logo\\\/image\\\/\",\"url\":\"https:\\\/\\\/www.meydan.tv\\\/wp-content\\\/uploads\\\/2021\\\/07\\\/meydan-logo.svg\",\"contentUrl\":\"https:\\\/\\\/www.meydan.tv\\\/wp-content\\\/uploads\\\/2021\\\/07\\\/meydan-logo.svg\",\"width\":195,\"height\":46,\"caption\":\"Meydan TV\"},\"image\":{\"@id\":\"https:\\\/\\\/www.meydan.tv\\\/az\\\/#\\\/schema\\\/logo\\\/image\\\/\"}},{\"@type\":\"Person\",\"@id\":\"https:\\\/\\\/www.meydan.tv\\\/az\\\/#\\\/schema\\\/person\\\/10d11eccf6da3662cf5fdab9806ea91a\",\"name\":\"user-manager\"}]}<\/script>\n<!-- \/ Yoast SEO plugin. -->","yoast_head_json":{"title":"Raket z\u0259rb\u0259sind\u0259n ziyan \u00e7\u0259k\u0259n G\u0259nc\u0259 sakini etinas\u0131zl\u0131qdan gileylidir - MEYDAN.TV","robots":{"index":"index","follow":"follow","max-snippet":"max-snippet:-1","max-image-preview":"max-image-preview:large","max-video-preview":"max-video-preview:-1"},"canonical":"https:\/\/www.meydan.tv\/az\/article\/raket-zerbesinden-ziyan-ceken-gence-sakini-etinasizliqdan-gileylidir\/","og_locale":"az_AZ","og_type":"article","og_title":"Raket z\u0259rb\u0259sind\u0259n ziyan \u00e7\u0259k\u0259n G\u0259nc\u0259 sakini etinas\u0131zl\u0131qdan gileylidir - MEYDAN.TV","og_description":"\"Ancaq e\u015fidir\u0259m ki, ad\u0131m he\u00e7 z\u0259r\u0259r\u00e7\u0259kmi\u015fl\u0259rin siyah\u0131s\u0131nda yoxdur\"","og_url":"https:\/\/www.meydan.tv\/az\/article\/raket-zerbesinden-ziyan-ceken-gence-sakini-etinasizliqdan-gileylidir\/","og_site_name":"MEYDAN.TV","article_published_time":"2021-01-22T13:12:57+00:00","og_image":[{"width":1920,"height":1080,"url":"https:\/\/www.meydan.tv\/wp-content\/uploads\/untitled_design_14_2lz4ubc.png","type":"image\/png"}],"author":"user-manager","twitter_card":"summary_large_image","schema":{"@context":"https:\/\/schema.org","@graph":[{"@type":"Article","@id":"https:\/\/www.meydan.tv\/az\/article\/raket-zerbesinden-ziyan-ceken-gence-sakini-etinasizliqdan-gileylidir\/#article","isPartOf":{"@id":"https:\/\/www.meydan.tv\/az\/article\/raket-zerbesinden-ziyan-ceken-gence-sakini-etinasizliqdan-gileylidir\/"},"author":{"name":"user-manager","@id":"https:\/\/www.meydan.tv\/az\/#\/schema\/person\/10d11eccf6da3662cf5fdab9806ea91a"},"headline":"Raket z\u0259rb\u0259sind\u0259n ziyan \u00e7\u0259k\u0259n G\u0259nc\u0259 sakini etinas\u0131zl\u0131qdan gileylidir","datePublished":"2021-01-22T13:12:57+00:00","mainEntityOfPage":{"@id":"https:\/\/www.meydan.tv\/az\/article\/raket-zerbesinden-ziyan-ceken-gence-sakini-etinasizliqdan-gileylidir\/"},"wordCount":1154,"publisher":{"@id":"https:\/\/www.meydan.tv\/az\/#organization"},"image":{"@id":"https:\/\/www.meydan.tv\/az\/article\/raket-zerbesinden-ziyan-ceken-gence-sakini-etinasizliqdan-gileylidir\/#primaryimage"},"thumbnailUrl":"https:\/\/www.meydan.tv\/wp-content\/uploads\/untitled_design_14_2lz4ubc.png","articleSection":["B\u00f6lg\u0259"],"inLanguage":"az"},{"@type":"WebPage","@id":"https:\/\/www.meydan.tv\/az\/article\/raket-zerbesinden-ziyan-ceken-gence-sakini-etinasizliqdan-gileylidir\/","url":"https:\/\/www.meydan.tv\/az\/article\/raket-zerbesinden-ziyan-ceken-gence-sakini-etinasizliqdan-gileylidir\/","name":"Raket z\u0259rb\u0259sind\u0259n ziyan \u00e7\u0259k\u0259n G\u0259nc\u0259 sakini etinas\u0131zl\u0131qdan gileylidir - MEYDAN.TV","isPartOf":{"@id":"https:\/\/www.meydan.tv\/az\/#website"},"primaryImageOfPage":{"@id":"https:\/\/www.meydan.tv\/az\/article\/raket-zerbesinden-ziyan-ceken-gence-sakini-etinasizliqdan-gileylidir\/#primaryimage"},"image":{"@id":"https:\/\/www.meydan.tv\/az\/article\/raket-zerbesinden-ziyan-ceken-gence-sakini-etinasizliqdan-gileylidir\/#primaryimage"},"thumbnailUrl":"https:\/\/www.meydan.tv\/wp-content\/uploads\/untitled_design_14_2lz4ubc.png","datePublished":"2021-01-22T13:12:57+00:00","breadcrumb":{"@id":"https:\/\/www.meydan.tv\/az\/article\/raket-zerbesinden-ziyan-ceken-gence-sakini-etinasizliqdan-gileylidir\/#breadcrumb"},"inLanguage":"az","potentialAction":[{"@type":"ReadAction","target":["https:\/\/www.meydan.tv\/az\/article\/raket-zerbesinden-ziyan-ceken-gence-sakini-etinasizliqdan-gileylidir\/"]}]},{"@type":"ImageObject","inLanguage":"az","@id":"https:\/\/www.meydan.tv\/az\/article\/raket-zerbesinden-ziyan-ceken-gence-sakini-etinasizliqdan-gileylidir\/#primaryimage","url":"https:\/\/www.meydan.tv\/wp-content\/uploads\/untitled_design_14_2lz4ubc.png","contentUrl":"https:\/\/www.meydan.tv\/wp-content\/uploads\/untitled_design_14_2lz4ubc.png","width":1920,"height":1080,"caption":"Source: Specify Source"},{"@type":"BreadcrumbList","@id":"https:\/\/www.meydan.tv\/az\/article\/raket-zerbesinden-ziyan-ceken-gence-sakini-etinasizliqdan-gileylidir\/#breadcrumb","itemListElement":[{"@type":"ListItem","position":1,"name":"Ana s\u0259hif\u0259","item":"https:\/\/www.meydan.tv\/az\/"},{"@type":"ListItem","position":2,"name":"B\u00f6lg\u0259","item":"https:\/\/www.meydan.tv\/az\/section\/bolge\/"},{"@type":"ListItem","position":3,"name":"Raket z\u0259rb\u0259sind\u0259n ziyan \u00e7\u0259k\u0259n G\u0259nc\u0259 sakini etinas\u0131zl\u0131qdan gileylidir"}]},{"@type":"WebSite","@id":"https:\/\/www.meydan.tv\/az\/#website","url":"https:\/\/www.meydan.tv\/az\/","name":"MEYDAN.TV","description":"Meydan TV Az\u0259rbaycan\u0131n media m\u0259kan\u0131ndak\u0131 alternativ s\u0259sidir","publisher":{"@id":"https:\/\/www.meydan.tv\/az\/#organization"},"potentialAction":[{"@type":"SearchAction","target":{"@type":"EntryPoint","urlTemplate":"https:\/\/www.meydan.tv\/az\/?s={search_term_string}"},"query-input":{"@type":"PropertyValueSpecification","valueRequired":true,"valueName":"search_term_string"}}],"inLanguage":"az"},{"@type":"Organization","@id":"https:\/\/www.meydan.tv\/az\/#organization","name":"Meydan TV","url":"https:\/\/www.meydan.tv\/az\/","logo":{"@type":"ImageObject","inLanguage":"az","@id":"https:\/\/www.meydan.tv\/az\/#\/schema\/logo\/image\/","url":"https:\/\/www.meydan.tv\/wp-content\/uploads\/2021\/07\/meydan-logo.svg","contentUrl":"https:\/\/www.meydan.tv\/wp-content\/uploads\/2021\/07\/meydan-logo.svg","width":195,"height":46,"caption":"Meydan TV"},"image":{"@id":"https:\/\/www.meydan.tv\/az\/#\/schema\/logo\/image\/"}},{"@type":"Person","@id":"https:\/\/www.meydan.tv\/az\/#\/schema\/person\/10d11eccf6da3662cf5fdab9806ea91a","name":"user-manager"}]}},"_links":{"self":[{"href":"https:\/\/www.meydan.tv\/az\/wp-json\/wp\/v2\/posts\/204601","targetHints":{"allow":["GET"]}}],"collection":[{"href":"https:\/\/www.meydan.tv\/az\/wp-json\/wp\/v2\/posts"}],"about":[{"href":"https:\/\/www.meydan.tv\/az\/wp-json\/wp\/v2\/types\/post"}],"author":[{"embeddable":true,"href":"https:\/\/www.meydan.tv\/az\/wp-json\/wp\/v2\/users\/11"}],"replies":[{"embeddable":true,"href":"https:\/\/www.meydan.tv\/az\/wp-json\/wp\/v2\/comments?post=204601"}],"version-history":[{"count":0,"href":"https:\/\/www.meydan.tv\/az\/wp-json\/wp\/v2\/posts\/204601\/revisions"}],"wp:featuredmedia":[{"embeddable":true,"href":"https:\/\/www.meydan.tv\/az\/wp-json\/wp\/v2\/media\/155175"}],"wp:attachment":[{"href":"https:\/\/www.meydan.tv\/az\/wp-json\/wp\/v2\/media?parent=204601"}],"wp:term":[{"taxonomy":"category","embeddable":true,"href":"https:\/\/www.meydan.tv\/az\/wp-json\/wp\/v2\/categories?post=204601"},{"taxonomy":"post_tag","embeddable":true,"href":"https:\/\/www.meydan.tv\/az\/wp-json\/wp\/v2\/tags?post=204601"}],"curies":[{"name":"wp","href":"https:\/\/api.w.org\/{rel}","templated":true}]}}