{"id":204587,"date":"2021-01-21T12:18:57","date_gmt":"2021-01-21T12:18:57","guid":{"rendered":"https:\/\/www.meydan.tv\/article\/29-ildir-epilepsiya-xestesiyem-elillik-teyin-etmirler\/"},"modified":"2021-01-21T12:18:57","modified_gmt":"2021-01-21T12:18:57","slug":"29-ildir-epilepsiya-xestesiyem-elillik-teyin-etmirler","status":"publish","type":"post","link":"https:\/\/www.meydan.tv\/az\/article\/29-ildir-epilepsiya-xestesiyem-elillik-teyin-etmirler\/","title":{"rendered":"\u201c29 ildir epilepsiya x\u0259st\u0259siy\u0259m, \u0259lillik t\u0259yin etmirl\u0259r\u201d"},"content":{"rendered":"<p>\n  <i><br \/>\n    Xa\u00e7maz sakininin \u0259lillik t\u0259yinat\u0131n\u0131n m\u00fcdd\u0259ti ba\u015fa \u00e7at\u0131b, n\u00f6vb\u0259ti \u0259lillik t\u0259yinat\u0131dan imtina cavab\u0131 al\u0131b<br \/>\n  <\/i>\n<\/p>\n<p>\n  \u201cEpilepsiya sa\u011falan x\u0259st\u0259lik deyil, ya\u015fa dolduqca daha da a\u011f\u0131rla\u015f\u0131r. \u018fvv\u0259ll\u0259r g\u00fcnd\u0259, h\u0259ft\u0259d\u0259 iki-\u00fc\u00e7 d\u0259f\u0259 q\u0131colma tutmas\u0131 olurdusa, indi 5-6 d\u0259f\u0259 olur. Ancaq \u0259lillik t\u0259yin etm\u0259kd\u0259n imtina yaz\u0131blar. Yaz\u0131blar ki, get, m\u00fcalic\u0259 olun. Az\u0259rbaycanda h\u0259kim ist\u0259yir\u0259m, 29 ilin epilepsiya x\u0259st\u0259sini m\u00fcalic\u0259 etsin, sa\u011falts\u0131n\u201d.\n<\/p>\n<p>\n  Bunu Meydan TV-y\u0259 Xa\u00e7maz sakini Mehman Babayev deyir.\n<\/p>\n<p>\n  Mehman Babayev deyir ki, 7 ildir 2-ci qrup \u0259lil statusu var idi, ancaq 2 aydan \u00e7oxdur \u0259lilliyi l\u0259\u011fv edilib. \u018flilliyin t\u0259yinat\u0131 \u00fc\u00e7\u00fcn qanunvericiliyin t\u0259l\u0259b etdiyi b\u00fct\u00fcn prosedurlardan ke\u00e7s\u0259 d\u0259, ona imtina cavab\u0131 g\u0259lib.\n<\/p>\n<p>\n  <b><br \/>\n    \u201cDeyirl\u0259r, get, m\u00fcalic\u0259 ol&#8230;\u201d<br \/>\n  <\/b>\n<\/p>\n<p>\n  \u201c15 ya\u015f\u0131ndan epilepsiyadan \u0259ziyy\u0259t \u00e7\u0259kir\u0259m. Uzun ill\u0259r \u0259vv\u0259l Rusiyaya k\u00f6\u00e7d\u00fcm, orda ya\u015fad\u0131m, m\u00fcalic\u0259l\u0259r ald\u0131m, ancaq sa\u011falmad\u0131m. Az\u0259rbaycana qay\u0131dandan sonra yen\u0259 bir ne\u00e7\u0259 d\u0259f\u0259 \u0130rana getdim, m\u00fcalic\u0259l\u0259r ald\u0131m. N\u0259hay\u0259t, bu x\u0259st\u0259liyin m\u0259niml\u0259 \u00f6m\u00fcrl\u00fck dost olaca\u011f\u0131n\u0131 anlayandan sonra 7 il \u0259vv\u0259l \u0259lilliyin t\u0259yin edilm\u0259si \u00fc\u00e7\u00fcn aidiyy\u0259ti qurumlara m\u00fcraci\u0259t etdim. O vaxt da m\u0259ni \u00e7ox incitdil\u0259r, \u015fikay\u0259tl\u0259rimd\u0259n sonra \u018fm\u0259k v\u0259 \u018fhalinin Sosial M\u00fcdafi\u0259si Nazirliyind\u0259n komissiya g\u0259ldi, onlar\u0131n yoxlamalar\u0131ndan sonra m\u0259n\u0259 \u0259lillik t\u0259yin olundu. Bilirsiz ki, \u0259vv\u0259ll\u0259r \u0259lillik 1 iiliy\u0259 t\u0259yin olunurdu. \u0130ki d\u0259f\u0259 1 illik, \u00fc\u00e7\u00fcnc\u00fc d\u0259f\u0259 5 illik t\u0259yin edilmi\u015fdi. Bu yax\u0131nlarda 5 il tamam oldu, \u0259lilliyin t\u0259yin edilm\u0259si \u00fc\u00e7\u00fcn n\u00f6vb\u0259ti d\u0259f\u0259 m\u00fcraci\u0259t etdim. X\u0259st\u0259xanada m\u00fcalic\u0259 ald\u0131m, x\u0259st\u0259lik tarix\u00e7\u0259sini d\u0259 dig\u0259r t\u0259l\u0259b olunan s\u0259n\u0259dl\u0259r\u0259 \u0259lav\u0259 edib, Xa\u00e7maz rayon Tibbi-Sosial Ekspert Komissiyas\u0131na (TSEK) t\u0259qdim etdim. Ancaq m\u0259n\u0259 imtina cavab\u0131 g\u0259ldi. Halbuki, 15 ya\u015f\u0131ndan epilepsiya x\u0259st\u0259siy\u0259m, art\u0131q 29 ildir y\u0259ni&#8230; Deyir: \u201cGet, m\u00fcalic\u0259 al, sa\u011fal&#8230;\u201d\u201d, &#8211; \u015fikay\u0259t\u00e7i dan\u0131\u015f\u0131r.\n<\/p>\n<p>\n  <b><br \/>\n    \u201c100-d\u0259n 80 n\u0259f\u0259r\u0259 imtina g\u0259lir\u201d<br \/>\n  <\/b>\n<\/p>\n<p>\n  Mehman Babayev deyir, Xa\u00e7mazda, Qubada noyabr ay\u0131ndan ba\u015flayaraq \u0259lill\u0259r \u0259lilliyin t\u0259yinat\u0131na g\u00f6r\u0259 \u0259ziyy\u0259t \u00e7\u0259kir:\n<\/p>\n<p>\n  \u201c100 n\u0259f\u0259rd\u0259n 80-n\u0259 imtina cavab\u0131 g\u0259lir, yaz\u0131rlar ki, get m\u00fcalic\u0259 ol&#8230; Vaxtil\u0259 \u00f6zl\u0259ri r\u00fc\u015fv\u0259td\u0259n al\u0131b \u0259lilliyi olmayanlara da \u0259lillik t\u0259yin edibl\u0259r. \u0130ndi ham\u0131n\u0131n \u0259lilliyi l\u0259\u011fv olunur, ortada z\u0259rb\u0259 ger\u00e7\u0259k \u0259lill\u0259r\u0259 d\u0259yir. Onlar\u0131 da saxtalar\u0131n g\u00f6z\u00fcn\u0259 qat\u0131b \u0259lillik t\u0259yinat\u0131ndan imtina edirl\u0259r. M\u00fcalic\u0259si olmayan m\u0259nim kimi xroniki x\u0259st\u0259l\u0259r\u0259 d\u0259 yaz\u0131rlar ki, m\u00fcalic\u0259 ol, \u0259lillik d\u00fc\u015fm\u00fcr\u201d.\n<\/p>\n<p>\n  Mehman Babayevin \u00fcnvanl\u0131 sosial yard\u0131m\u0131 da k\u0259silib. \u0130ndi o, h\u0259m \u0259lillik pensiyas\u0131ndan, h\u0259m d\u0259 \u00fcnvanl\u0131 sosial yard\u0131mdan m\u0259hrum olub. Deyir ki, bu, onsuz da \u00fcr\u0259ka\u00e7an olmayan dolan\u0131\u015f\u0131\u011f\u0131n\u0131 daha da \u00e7\u0259tinl\u0259\u015fdirib.\n<\/p>\n<p>\n  <b><br \/>\n    \u201c\u0130flicdir, g\u00f6zl\u0259ri g\u00f6rm\u00fcr, \u0259lillik t\u0259yin edilmir\u201d<br \/>\n  <\/b>\n<\/p>\n<p>\n  Quba sakini Elyan\u0259 Yaqubova deyir, 57 ya\u015fl\u0131 bac\u0131s\u0131 M\u00fcst\u0259qim\u0259 Yaqubova uzun ill\u0259rdir x\u0259st\u0259dir, ancaq Quba TSEK-i onun \u0259lilliyin t\u0259yin olunmas\u0131 \u00fc\u00e7\u00fcn m\u00fcraci\u0259tin\u0259 imtina cavab\u0131 verib:\n<\/p>\n<p>\n  \u201cG\u00f6zl\u0259ri iki d\u0259f\u0259 \u0259m\u0259liyyat olunub, yen\u0259 d\u0259 g\u00f6rm\u00fcr. B\u0259d\u0259ninin sa\u011f t\u0259r\u0259fi iflicdir, sol t\u0259r\u0259fi qism\u0259n i\u015fl\u0259k v\u0259ziyy\u0259td\u0259dir, Yeriy\u0259, dan\u0131\u015fa bilmir. \u015e\u0259k\u0259ri, t\u0259zyiqi var. Qarda\u015f\u0131m bax\u0131rd\u0131 ona, h\u0259y\u0259td\u0259 n\u0259 q\u0259d\u0259r mal-qara, heyvan vard\u0131, sat\u0131b, onun m\u00fcalic\u0259l\u0259rin\u0259 x\u0259rcl\u0259di. Ancaq sa\u011flaml\u0131\u011f\u0131 b\u0259rpa olunmur, \u00e7\u00fcnki x\u0259st\u0259likl\u0259ri xronikidir. Bununla bel\u0259, Quba TSEK bac\u0131ma \u0259lilliyin t\u0259yin olunmas\u0131ndan imtina edib. Art\u0131q qarda\u015f\u0131m da ona baxa bilmir, \u00e7\u00fcnki ona baxmaqdan \u00f6z\u00fc d\u0259 x\u0259st\u0259lik tap\u0131b\u201d.\n<\/p>\n<p>\n  Xa\u00e7maz TSEK-d\u0259n Meydan TV-y\u0259 bildirilib ki, Mehman Babayevin \u0259lilliyin t\u0259yini \u00fc\u00e7\u00fcn t\u0259qdim etdiyi s\u0259n\u0259dl\u0259r\u0259 uy\u011fun olaraq q\u0259rar q\u0259bul edilib v\u0259 ona imtina cavab\u0131 verilib. H\u0259r hans\u0131 naraz\u0131l\u0131\u011f\u0131 varsa, komissiyaya r\u0259smi m\u00fcraci\u0259t ed\u0259 bil\u0259r. Qiba TSEK-d\u0259n is\u0259 M\u00fcst\u0259qim\u0259 Yaqubovayla ba\u011fl\u0131 komissiyaya daxil olan m\u0259lumatlar\u0131n yar\u0131m\u00e7\u0131q oldu\u011fu bildirilib.\n<\/p>\n<p>\n  3 ay \u0259vv\u0259l \u0259m\u0259k v\u0259 \u0259halinin sosial m\u00fcdafi\u0259 naziri Sahil Babayev K\u0130V-\u0259 bildirib ki, d\u00f6vl\u0259t b\u00fcdc\u0259si \u00fc\u00e7\u00fcn illik maliyy\u0259 y\u00fck\u00fc 35 milyon manatdan \u00e7ox olan 7 mind\u0259n \u00e7ox saxta \u0259lillik t\u0259yinat\u0131 l\u0259\u011fv edilib. \u0130ddialara g\u00f6r\u0259, bu proses zaman\u0131 ger\u00e7\u0259k \u0259lill\u0259rin d\u0259 t\u0259yinat\u0131 l\u0259\u011fv olunub.<\/p>\n","protected":false},"excerpt":{"rendered":"<p>\u0130ndi o, h\u0259m \u0259lillik pensiyas\u0131ndan, h\u0259m d\u0259 \u00fcnvanl\u0131 sosial yard\u0131mdan m\u0259hrum olub.<\/p>\n","protected":false},"author":11,"featured_media":155133,"comment_status":"closed","ping_status":"open","sticky":false,"template":"","format":"standard","meta":{"_acf_changed":false,"_sitemap_exclude":false,"_sitemap_priority":"","_sitemap_frequency":"","footnotes":""},"categories":[60],"tags":[],"class_list":["post-204587","post","type-post","status-publish","format-standard","has-post-thumbnail","hentry","category-bolge","infinite-scroll-item","generate-columns","tablet-grid-50","mobile-grid-100","grid-parent","grid-33","no-featured-image-padding"],"acf":[],"yoast_head":"<!-- This site is optimized with the Yoast SEO plugin v27.5 - https:\/\/yoast.com\/product\/yoast-seo-wordpress\/ -->\n<title>\u201c29 ildir epilepsiya x\u0259st\u0259siy\u0259m, \u0259lillik t\u0259yin etmirl\u0259r\u201d - MEYDAN.TV<\/title>\n<meta name=\"robots\" content=\"index, follow, max-snippet:-1, max-image-preview:large, max-video-preview:-1\" \/>\n<link rel=\"canonical\" href=\"https:\/\/www.meydan.tv\/az\/article\/29-ildir-epilepsiya-xestesiyem-elillik-teyin-etmirler\/\" \/>\n<meta property=\"og:locale\" content=\"az_AZ\" \/>\n<meta property=\"og:type\" content=\"article\" \/>\n<meta property=\"og:title\" content=\"\u201c29 ildir epilepsiya x\u0259st\u0259siy\u0259m, \u0259lillik t\u0259yin etmirl\u0259r\u201d - MEYDAN.TV\" \/>\n<meta property=\"og:description\" content=\"\u0130ndi o, h\u0259m \u0259lillik pensiyas\u0131ndan, h\u0259m d\u0259 \u00fcnvanl\u0131 sosial yard\u0131mdan m\u0259hrum olub.\" \/>\n<meta property=\"og:url\" content=\"https:\/\/www.meydan.tv\/az\/article\/29-ildir-epilepsiya-xestesiyem-elillik-teyin-etmirler\/\" \/>\n<meta property=\"og:site_name\" content=\"MEYDAN.TV\" \/>\n<meta property=\"article:published_time\" content=\"2021-01-21T12:18:57+00:00\" \/>\n<meta property=\"og:image\" content=\"https:\/\/www.meydan.tv\/wp-content\/uploads\/untitled_design_12_b1ylbgq-1200x675.png\" \/>\n\t<meta property=\"og:image:width\" content=\"1200\" \/>\n\t<meta property=\"og:image:height\" content=\"675\" \/>\n\t<meta property=\"og:image:type\" content=\"image\/png\" \/>\n<meta name=\"author\" content=\"user-manager\" \/>\n<meta name=\"twitter:card\" content=\"summary_large_image\" \/>\n<script type=\"application\/ld+json\" class=\"yoast-schema-graph\">{\"@context\":\"https:\\\/\\\/schema.org\",\"@graph\":[{\"@type\":\"Article\",\"@id\":\"https:\\\/\\\/www.meydan.tv\\\/az\\\/article\\\/29-ildir-epilepsiya-xestesiyem-elillik-teyin-etmirler\\\/#article\",\"isPartOf\":{\"@id\":\"https:\\\/\\\/www.meydan.tv\\\/az\\\/article\\\/29-ildir-epilepsiya-xestesiyem-elillik-teyin-etmirler\\\/\"},\"author\":{\"name\":\"user-manager\",\"@id\":\"https:\\\/\\\/www.meydan.tv\\\/az\\\/#\\\/schema\\\/person\\\/10d11eccf6da3662cf5fdab9806ea91a\"},\"headline\":\"\u201c29 ildir epilepsiya x\u0259st\u0259siy\u0259m, \u0259lillik t\u0259yin etmirl\u0259r\u201d\",\"datePublished\":\"2021-01-21T12:18:57+00:00\",\"mainEntityOfPage\":{\"@id\":\"https:\\\/\\\/www.meydan.tv\\\/az\\\/article\\\/29-ildir-epilepsiya-xestesiyem-elillik-teyin-etmirler\\\/\"},\"wordCount\":837,\"publisher\":{\"@id\":\"https:\\\/\\\/www.meydan.tv\\\/az\\\/#organization\"},\"image\":{\"@id\":\"https:\\\/\\\/www.meydan.tv\\\/az\\\/article\\\/29-ildir-epilepsiya-xestesiyem-elillik-teyin-etmirler\\\/#primaryimage\"},\"thumbnailUrl\":\"https:\\\/\\\/www.meydan.tv\\\/wp-content\\\/uploads\\\/untitled_design_12_b1ylbgq.png\",\"articleSection\":[\"B\u00f6lg\u0259\"],\"inLanguage\":\"az\"},{\"@type\":\"WebPage\",\"@id\":\"https:\\\/\\\/www.meydan.tv\\\/az\\\/article\\\/29-ildir-epilepsiya-xestesiyem-elillik-teyin-etmirler\\\/\",\"url\":\"https:\\\/\\\/www.meydan.tv\\\/az\\\/article\\\/29-ildir-epilepsiya-xestesiyem-elillik-teyin-etmirler\\\/\",\"name\":\"\u201c29 ildir epilepsiya x\u0259st\u0259siy\u0259m, \u0259lillik t\u0259yin etmirl\u0259r\u201d - MEYDAN.TV\",\"isPartOf\":{\"@id\":\"https:\\\/\\\/www.meydan.tv\\\/az\\\/#website\"},\"primaryImageOfPage\":{\"@id\":\"https:\\\/\\\/www.meydan.tv\\\/az\\\/article\\\/29-ildir-epilepsiya-xestesiyem-elillik-teyin-etmirler\\\/#primaryimage\"},\"image\":{\"@id\":\"https:\\\/\\\/www.meydan.tv\\\/az\\\/article\\\/29-ildir-epilepsiya-xestesiyem-elillik-teyin-etmirler\\\/#primaryimage\"},\"thumbnailUrl\":\"https:\\\/\\\/www.meydan.tv\\\/wp-content\\\/uploads\\\/untitled_design_12_b1ylbgq.png\",\"datePublished\":\"2021-01-21T12:18:57+00:00\",\"breadcrumb\":{\"@id\":\"https:\\\/\\\/www.meydan.tv\\\/az\\\/article\\\/29-ildir-epilepsiya-xestesiyem-elillik-teyin-etmirler\\\/#breadcrumb\"},\"inLanguage\":\"az\",\"potentialAction\":[{\"@type\":\"ReadAction\",\"target\":[\"https:\\\/\\\/www.meydan.tv\\\/az\\\/article\\\/29-ildir-epilepsiya-xestesiyem-elillik-teyin-etmirler\\\/\"]}]},{\"@type\":\"ImageObject\",\"inLanguage\":\"az\",\"@id\":\"https:\\\/\\\/www.meydan.tv\\\/az\\\/article\\\/29-ildir-epilepsiya-xestesiyem-elillik-teyin-etmirler\\\/#primaryimage\",\"url\":\"https:\\\/\\\/www.meydan.tv\\\/wp-content\\\/uploads\\\/untitled_design_12_b1ylbgq.png\",\"contentUrl\":\"https:\\\/\\\/www.meydan.tv\\\/wp-content\\\/uploads\\\/untitled_design_12_b1ylbgq.png\",\"width\":1920,\"height\":1080,\"caption\":\"Source: Specify Source\"},{\"@type\":\"BreadcrumbList\",\"@id\":\"https:\\\/\\\/www.meydan.tv\\\/az\\\/article\\\/29-ildir-epilepsiya-xestesiyem-elillik-teyin-etmirler\\\/#breadcrumb\",\"itemListElement\":[{\"@type\":\"ListItem\",\"position\":1,\"name\":\"Ana s\u0259hif\u0259\",\"item\":\"https:\\\/\\\/www.meydan.tv\\\/az\\\/\"},{\"@type\":\"ListItem\",\"position\":2,\"name\":\"B\u00f6lg\u0259\",\"item\":\"https:\\\/\\\/www.meydan.tv\\\/az\\\/section\\\/bolge\\\/\"},{\"@type\":\"ListItem\",\"position\":3,\"name\":\"\u201c29 ildir epilepsiya x\u0259st\u0259siy\u0259m, \u0259lillik t\u0259yin etmirl\u0259r\u201d\"}]},{\"@type\":\"WebSite\",\"@id\":\"https:\\\/\\\/www.meydan.tv\\\/az\\\/#website\",\"url\":\"https:\\\/\\\/www.meydan.tv\\\/az\\\/\",\"name\":\"MEYDAN.TV\",\"description\":\"Meydan TV Az\u0259rbaycan\u0131n media m\u0259kan\u0131ndak\u0131 alternativ s\u0259sidir\",\"publisher\":{\"@id\":\"https:\\\/\\\/www.meydan.tv\\\/az\\\/#organization\"},\"potentialAction\":[{\"@type\":\"SearchAction\",\"target\":{\"@type\":\"EntryPoint\",\"urlTemplate\":\"https:\\\/\\\/www.meydan.tv\\\/az\\\/?s={search_term_string}\"},\"query-input\":{\"@type\":\"PropertyValueSpecification\",\"valueRequired\":true,\"valueName\":\"search_term_string\"}}],\"inLanguage\":\"az\"},{\"@type\":\"Organization\",\"@id\":\"https:\\\/\\\/www.meydan.tv\\\/az\\\/#organization\",\"name\":\"Meydan TV\",\"url\":\"https:\\\/\\\/www.meydan.tv\\\/az\\\/\",\"logo\":{\"@type\":\"ImageObject\",\"inLanguage\":\"az\",\"@id\":\"https:\\\/\\\/www.meydan.tv\\\/az\\\/#\\\/schema\\\/logo\\\/image\\\/\",\"url\":\"https:\\\/\\\/www.meydan.tv\\\/wp-content\\\/uploads\\\/2021\\\/07\\\/meydan-logo.svg\",\"contentUrl\":\"https:\\\/\\\/www.meydan.tv\\\/wp-content\\\/uploads\\\/2021\\\/07\\\/meydan-logo.svg\",\"width\":195,\"height\":46,\"caption\":\"Meydan TV\"},\"image\":{\"@id\":\"https:\\\/\\\/www.meydan.tv\\\/az\\\/#\\\/schema\\\/logo\\\/image\\\/\"}},{\"@type\":\"Person\",\"@id\":\"https:\\\/\\\/www.meydan.tv\\\/az\\\/#\\\/schema\\\/person\\\/10d11eccf6da3662cf5fdab9806ea91a\",\"name\":\"user-manager\"}]}<\/script>\n<!-- \/ Yoast SEO plugin. -->","yoast_head_json":{"title":"\u201c29 ildir epilepsiya x\u0259st\u0259siy\u0259m, \u0259lillik t\u0259yin etmirl\u0259r\u201d - MEYDAN.TV","robots":{"index":"index","follow":"follow","max-snippet":"max-snippet:-1","max-image-preview":"max-image-preview:large","max-video-preview":"max-video-preview:-1"},"canonical":"https:\/\/www.meydan.tv\/az\/article\/29-ildir-epilepsiya-xestesiyem-elillik-teyin-etmirler\/","og_locale":"az_AZ","og_type":"article","og_title":"\u201c29 ildir epilepsiya x\u0259st\u0259siy\u0259m, \u0259lillik t\u0259yin etmirl\u0259r\u201d - MEYDAN.TV","og_description":"\u0130ndi o, h\u0259m \u0259lillik pensiyas\u0131ndan, h\u0259m d\u0259 \u00fcnvanl\u0131 sosial yard\u0131mdan m\u0259hrum olub.","og_url":"https:\/\/www.meydan.tv\/az\/article\/29-ildir-epilepsiya-xestesiyem-elillik-teyin-etmirler\/","og_site_name":"MEYDAN.TV","article_published_time":"2021-01-21T12:18:57+00:00","og_image":[{"width":1200,"height":675,"url":"https:\/\/www.meydan.tv\/wp-content\/uploads\/untitled_design_12_b1ylbgq-1200x675.png","type":"image\/png"}],"author":"user-manager","twitter_card":"summary_large_image","schema":{"@context":"https:\/\/schema.org","@graph":[{"@type":"Article","@id":"https:\/\/www.meydan.tv\/az\/article\/29-ildir-epilepsiya-xestesiyem-elillik-teyin-etmirler\/#article","isPartOf":{"@id":"https:\/\/www.meydan.tv\/az\/article\/29-ildir-epilepsiya-xestesiyem-elillik-teyin-etmirler\/"},"author":{"name":"user-manager","@id":"https:\/\/www.meydan.tv\/az\/#\/schema\/person\/10d11eccf6da3662cf5fdab9806ea91a"},"headline":"\u201c29 ildir epilepsiya x\u0259st\u0259siy\u0259m, \u0259lillik t\u0259yin etmirl\u0259r\u201d","datePublished":"2021-01-21T12:18:57+00:00","mainEntityOfPage":{"@id":"https:\/\/www.meydan.tv\/az\/article\/29-ildir-epilepsiya-xestesiyem-elillik-teyin-etmirler\/"},"wordCount":837,"publisher":{"@id":"https:\/\/www.meydan.tv\/az\/#organization"},"image":{"@id":"https:\/\/www.meydan.tv\/az\/article\/29-ildir-epilepsiya-xestesiyem-elillik-teyin-etmirler\/#primaryimage"},"thumbnailUrl":"https:\/\/www.meydan.tv\/wp-content\/uploads\/untitled_design_12_b1ylbgq.png","articleSection":["B\u00f6lg\u0259"],"inLanguage":"az"},{"@type":"WebPage","@id":"https:\/\/www.meydan.tv\/az\/article\/29-ildir-epilepsiya-xestesiyem-elillik-teyin-etmirler\/","url":"https:\/\/www.meydan.tv\/az\/article\/29-ildir-epilepsiya-xestesiyem-elillik-teyin-etmirler\/","name":"\u201c29 ildir epilepsiya x\u0259st\u0259siy\u0259m, \u0259lillik t\u0259yin etmirl\u0259r\u201d - MEYDAN.TV","isPartOf":{"@id":"https:\/\/www.meydan.tv\/az\/#website"},"primaryImageOfPage":{"@id":"https:\/\/www.meydan.tv\/az\/article\/29-ildir-epilepsiya-xestesiyem-elillik-teyin-etmirler\/#primaryimage"},"image":{"@id":"https:\/\/www.meydan.tv\/az\/article\/29-ildir-epilepsiya-xestesiyem-elillik-teyin-etmirler\/#primaryimage"},"thumbnailUrl":"https:\/\/www.meydan.tv\/wp-content\/uploads\/untitled_design_12_b1ylbgq.png","datePublished":"2021-01-21T12:18:57+00:00","breadcrumb":{"@id":"https:\/\/www.meydan.tv\/az\/article\/29-ildir-epilepsiya-xestesiyem-elillik-teyin-etmirler\/#breadcrumb"},"inLanguage":"az","potentialAction":[{"@type":"ReadAction","target":["https:\/\/www.meydan.tv\/az\/article\/29-ildir-epilepsiya-xestesiyem-elillik-teyin-etmirler\/"]}]},{"@type":"ImageObject","inLanguage":"az","@id":"https:\/\/www.meydan.tv\/az\/article\/29-ildir-epilepsiya-xestesiyem-elillik-teyin-etmirler\/#primaryimage","url":"https:\/\/www.meydan.tv\/wp-content\/uploads\/untitled_design_12_b1ylbgq.png","contentUrl":"https:\/\/www.meydan.tv\/wp-content\/uploads\/untitled_design_12_b1ylbgq.png","width":1920,"height":1080,"caption":"Source: Specify Source"},{"@type":"BreadcrumbList","@id":"https:\/\/www.meydan.tv\/az\/article\/29-ildir-epilepsiya-xestesiyem-elillik-teyin-etmirler\/#breadcrumb","itemListElement":[{"@type":"ListItem","position":1,"name":"Ana s\u0259hif\u0259","item":"https:\/\/www.meydan.tv\/az\/"},{"@type":"ListItem","position":2,"name":"B\u00f6lg\u0259","item":"https:\/\/www.meydan.tv\/az\/section\/bolge\/"},{"@type":"ListItem","position":3,"name":"\u201c29 ildir epilepsiya x\u0259st\u0259siy\u0259m, \u0259lillik t\u0259yin etmirl\u0259r\u201d"}]},{"@type":"WebSite","@id":"https:\/\/www.meydan.tv\/az\/#website","url":"https:\/\/www.meydan.tv\/az\/","name":"MEYDAN.TV","description":"Meydan TV Az\u0259rbaycan\u0131n media m\u0259kan\u0131ndak\u0131 alternativ s\u0259sidir","publisher":{"@id":"https:\/\/www.meydan.tv\/az\/#organization"},"potentialAction":[{"@type":"SearchAction","target":{"@type":"EntryPoint","urlTemplate":"https:\/\/www.meydan.tv\/az\/?s={search_term_string}"},"query-input":{"@type":"PropertyValueSpecification","valueRequired":true,"valueName":"search_term_string"}}],"inLanguage":"az"},{"@type":"Organization","@id":"https:\/\/www.meydan.tv\/az\/#organization","name":"Meydan TV","url":"https:\/\/www.meydan.tv\/az\/","logo":{"@type":"ImageObject","inLanguage":"az","@id":"https:\/\/www.meydan.tv\/az\/#\/schema\/logo\/image\/","url":"https:\/\/www.meydan.tv\/wp-content\/uploads\/2021\/07\/meydan-logo.svg","contentUrl":"https:\/\/www.meydan.tv\/wp-content\/uploads\/2021\/07\/meydan-logo.svg","width":195,"height":46,"caption":"Meydan TV"},"image":{"@id":"https:\/\/www.meydan.tv\/az\/#\/schema\/logo\/image\/"}},{"@type":"Person","@id":"https:\/\/www.meydan.tv\/az\/#\/schema\/person\/10d11eccf6da3662cf5fdab9806ea91a","name":"user-manager"}]}},"_links":{"self":[{"href":"https:\/\/www.meydan.tv\/az\/wp-json\/wp\/v2\/posts\/204587","targetHints":{"allow":["GET"]}}],"collection":[{"href":"https:\/\/www.meydan.tv\/az\/wp-json\/wp\/v2\/posts"}],"about":[{"href":"https:\/\/www.meydan.tv\/az\/wp-json\/wp\/v2\/types\/post"}],"author":[{"embeddable":true,"href":"https:\/\/www.meydan.tv\/az\/wp-json\/wp\/v2\/users\/11"}],"replies":[{"embeddable":true,"href":"https:\/\/www.meydan.tv\/az\/wp-json\/wp\/v2\/comments?post=204587"}],"version-history":[{"count":0,"href":"https:\/\/www.meydan.tv\/az\/wp-json\/wp\/v2\/posts\/204587\/revisions"}],"wp:featuredmedia":[{"embeddable":true,"href":"https:\/\/www.meydan.tv\/az\/wp-json\/wp\/v2\/media\/155133"}],"wp:attachment":[{"href":"https:\/\/www.meydan.tv\/az\/wp-json\/wp\/v2\/media?parent=204587"}],"wp:term":[{"taxonomy":"category","embeddable":true,"href":"https:\/\/www.meydan.tv\/az\/wp-json\/wp\/v2\/categories?post=204587"},{"taxonomy":"post_tag","embeddable":true,"href":"https:\/\/www.meydan.tv\/az\/wp-json\/wp\/v2\/tags?post=204587"}],"curies":[{"name":"wp","href":"https:\/\/api.w.org\/{rel}","templated":true}]}}