{"id":204567,"date":"2021-01-19T17:52:00","date_gmt":"2021-01-19T17:52:00","guid":{"rendered":"https:\/\/www.meydan.tv\/article\/qaz-xettini-eve-qeder-cekib-getirseler-odunu-kime-satar\/"},"modified":"2021-01-19T17:52:00","modified_gmt":"2021-01-19T17:52:00","slug":"qaz-xettini-eve-qeder-cekib-getirseler-odunu-kime-satar","status":"publish","type":"post","link":"https:\/\/www.meydan.tv\/az\/article\/qaz-xettini-eve-qeder-cekib-getirseler-odunu-kime-satar\/","title":{"rendered":"\u201cQaz x\u0259ttini ev\u0259 q\u0259d\u0259r \u00e7\u0259kib g\u0259tirs\u0259l\u0259r, odunu kim\u0259 satar?\u201d"},"content":{"rendered":"<p>\n  <i><br \/>\n    \u015e\u0259r\u0259f\u0259nin t\u0259z\u0259 m\u0259h\u0259ll\u0259l\u0259rind\u0259 qaz t\u0259l\u0259bi&#8230;<br \/>\n  <\/i>\n<\/p>\n<p>\n  \u201cU\u015faqlar soyuqdan donur, n\u0259 qaz x\u0259tti \u00e7\u0259kirl\u0259r, n\u0259 d\u0259 imkan verirl\u0259r ki, h\u0259y\u0259timd\u0259ki \u00e7inar\u0131n qolundan-buda\u011f\u0131ndan q\u0131r\u0131b ocaq qalay\u0131m, balalar\u0131m isinsin\u201d.\n<\/p>\n<p>\n  Masall\u0131n\u0131n \u015e\u0259r\u0259f\u0259 k\u0259nidind\u0259ki yeni m\u0259h\u0259ll\u0259l\u0259rin sakinl\u0259ri Meydan TV-y\u0259 mavi yanaca\u011f\u0131n yoxlu\u011fundan \u015fikay\u0259tl\u0259nirl\u0259r. Daha do\u011frusu, qaz k\u0259m\u0259ri m\u0259h\u0259ll\u0259l\u0259rd\u0259n xeyli aral\u0131da yerl\u0259\u015fir, ancaq adamlar\u0131n h\u0259min ana x\u0259td\u0259n evl\u0259rin\u0259 x\u0259tt \u00e7\u0259km\u0259k imkan\u0131 yoxdur. Bu s\u0259b\u0259bd\u0259n d\u0259 yeni m\u0259h\u0259ll\u0259l\u0259rin sakinl\u0259ri h\u0259r il q\u0131\u015f\u0131 m\u0259\u015f\u0259qq\u0259t i\u00e7ind\u0259 ke\u00e7irirl\u0259r.\n<\/p>\n<p>\n  <b><br \/>\n    \u201cQaz x\u0259tti \u00e7\u0259km\u0259y\u0259 imkan\u0131m\u0131z yoxdur\u201d<br \/>\n  <\/b>\n<\/p>\n<p>\n  M\u0259h\u0259ll\u0259 sakini Araz C\u0259bray\u0131lov dan\u0131\u015f\u0131r:\n<\/p>\n<p>\n  \u201cBu m\u0259h\u0259ll\u0259l\u0259r t\u0259xmin\u0259n 10-15 ildir ki, sal\u0131n\u0131b. \u00c7ox \u015f\u00fck\u00fcr ki, i\u015f\u0131q var, su m\u0259h\u0259ll\u0259l\u0259rin ba\u015f\u0131ndad\u0131r, da\u015f\u0131y\u0131r\u0131q, yollara da \u00f6z\u00fcm\u00fcz aradabir da\u015fdan, \u00e7\u0131nq\u0131ldan al\u0131b t\u00f6k\u00fcr\u00fck. Ancaq m\u0259h\u0259ll\u0259l\u0259rd\u0259n 350-400 metr uzaqda olan ana qaz k\u0259m\u0259rind\u0259n evl\u0259rimiz\u0259 qaz x\u0259tti \u00e7\u0259km\u0259y\u0259 imkan\u0131m\u0131z yoxdur. Burda ev tikib ya\u015fayanlar kas\u0131b t\u0259b\u0259q\u0259dir. \u0130nsanlarda o q\u0259d\u0259r pul hardand\u0131r ki, yar\u0131m kilometlik m\u0259saf\u0259d\u0259n evin\u0259 qaz x\u0259tti \u00e7\u0259k\u0259?\u201d\n<\/p>\n<p>\n  Araz C\u0259bray\u0131lovun s\u00f6zl\u0259rin\u0259 g\u00f6r\u0259, \u0259razid\u0259 iki n\u0259f\u0259rin evind\u0259 mavi yanacaq var &#8211; b\u0259l\u0259diyy\u0259 s\u0259drinin v\u0259 icra n\u00fcmay\u0259nd\u0259sinin. Dig\u0259r ail\u0259l\u0259r is\u0259 odunu pulla al\u0131r:\n<\/p>\n<figure class=\"wp-block-image size-large\">\n  <img decoding=\"async\" src=\"https:\/\/www.meydan.tv\/az\/photo-2021-01-19-17-10-30-jpg\/\" alt=\"photo-2021-01-19-17-10-30.jpg\" class=\"wp-image-155039\"\/><figcaption>\n    Qaz k\u0259m\u0259ri m\u0259h\u0259ll\u0259l\u0259rd\u0259n xeyli aral\u0131da yerl\u0259\u015fir<br \/>\n  <\/figcaption><\/figure>\n<p>\n  \u201c\u0130mkanlar\u0131 var, ana k\u0259m\u0259rd\u0259n evl\u0259rin\u0259 x\u0259tt \u00e7\u0259kibl\u0259r. Ancaq m\u0259s\u0259l\u0259n, m\u0259nim u\u015faqlar\u0131m evd\u0259 donur. O vaxt atam h\u0259y\u0259timizd\u0259 \u00e7inar a\u011fac\u0131 \u0259kmi\u015fdi, m\u0259n o a\u011fac\u0131n qolundan, buda\u011f\u0131ndan q\u0131r\u0131b ocaq qalaya bilm\u0259r\u0259m. X\u0259b\u0259rdarl\u0131q edibl\u0259r ki, k\u0259ss\u0259m, 800 manat c\u0259rim\u0259l\u0259n\u0259c\u0259m. Bel\u0259 bir b\u0259lan\u0131n i\u00e7ind\u0259 ya\u015fay\u0131r\u0131q\u201d.\n<\/p>\n<p>\n  <b><br \/>\n    \u201c\u00c7\u0131r-\u00e7\u0131rp\u0131 y\u0131\u011fmaq qada\u011fand\u0131r\u201d<br \/>\n  <\/b>\n<\/p>\n<p>\n  Sakinl\u0259r \u0259vv\u0259ll\u0259r me\u015f\u0259d\u0259n \u00e7\u0131r-\u00e7\u0131rp\u0131 y\u0131\u011f\u0131b yand\u0131rar, q\u0131\u015f\u0131 ke\u00e7ir\u0259rdil\u0259r, son ill\u0259rd\u0259 bunun da qar\u015f\u0131s\u0131 al\u0131n\u0131b dey\u0259, m\u0259cburdular ki, odunu pulla als\u0131nlar:\n<\/p>\n<p>\n  \u201c\u0130ndi me\u015f\u0259d\u0259n yerd\u0259n \u00e7\u00fcr\u00fcm\u00fc\u015f budaq da g\u00f6t\u00fcrm\u0259y\u0259 qoymurlar. Me\u015f\u0259d\u0259n \u0259lind\u0259 bir quru, \u00e7\u00fcr\u00fcm\u00fc\u015f budaq da \u00e7\u0131xara bilm\u0259zs\u0259n. Tutsalar, birba\u015fa polis \u015f\u00f6b\u0259sin\u0259 apar\u0131b c\u0259rim\u0259l\u0259y\u0259c\u0259kl\u0259r. Ancaq ma\u015fallah, soyuqlar d\u00fc\u015f\u0259n kimi \u00f6zl\u0259ri ma\u015f\u0131nla odun g\u0259tirib sat\u0131rlar adamlara&#8230; \u00d6z\u00fc d\u0259 odunun metr\u0259si 25 manata&#8230; Sor\u011fulayan yoxdur ki, s\u0259n balalar\u0131 evind\u0259 soyuqdan donan kas\u0131ba imkan vermirs\u0259n me\u015f\u0259d\u0259n \u00e7\u0131rp\u0131 g\u0259tirsin, bu q\u0259d\u0259r odunu hardan, hans\u0131 yolla \u0259ld\u0259 edib, g\u0259tirib metr\u0259sini 25 manatdan kas\u0131ba sat\u0131rsan? \u00d6zl\u0259ri yarad\u0131blar bu \u015f\u0259raiti&#8230; Qaz x\u0259ttini ev\u0259 q\u0259d\u0259r \u00e7\u0259kib g\u0259tirs\u0259, odunu kim\u0259 satar? Bu da onlar\u0131n biznesidir\u201d.\n<\/p>\n<figure class=\"wp-block-image size-large\">\n  <img decoding=\"async\" src=\"https:\/\/www.meydan.tv\/az\/untitled-design-10-png-5\/\" alt=\"Untitled design (10).png\" class=\"wp-image-155037\"\/><figcaption>\n    &#8220;Odunun metr\u0259si 25 manata&#8230; &#8221;<br \/>\n  <\/figcaption><\/figure>\n<p>\n  <b><br \/>\n    \u201cEvl\u0259rin qazla\u015fd\u0131r\u0131lmas\u0131 g\u0259l\u0259c\u0259k plana daxildir\u201d<br \/>\n  <\/b>\n<\/p>\n<p>\n  Yeni m\u0259h\u0259ll\u0259l\u0259rd\u0259 t\u0259qrib\u0259n 200-210 ail\u0259 ya\u015fay\u0131r. Bu ail\u0259l\u0259rd\u0259 u\u015faq, qoca, \u0259lil, x\u0259st\u0259 var. Ail\u0259l\u0259r topla\u015f\u0131b h\u0259r il rayon qaz idar\u0259sin\u0259, icra hakimiyy\u0259tin\u0259 m\u00fcraci\u0259t edir. Sakinl\u0259rin dem\u0259sin\u0259 g\u00f6r\u0259, h\u0259min qurumlardan onlara bu i\u015fl\u0259r\u0259 g\u00f6r\u0259 maliyy\u0259 v\u0259saiti ayr\u0131lmad\u0131\u011f\u0131 bildirilir.\n<\/p>\n<p>\n  Masall\u0131 Rayon \u0130cra Hakimiyy\u0259tind\u0259n is\u0259 Meydan TV-y\u0259 bildirlib ki, \u015e\u0259r\u0259f\u0259 k\u0259ndind\u0259 qaz problemi yoxdur. K\u0259ndin k\u0259nar\u0131nda yerl\u0259\u015f\u0259n yeni m\u0259h\u0259ll\u0259l\u0259rd\u0259ki evl\u0259rin qazla\u015fd\u0131r\u0131lmas\u0131 \u00fc\u00e7\u00fcn is\u0259 aidiyy\u0259ti qurumlara m\u00fcraci\u0259t olunub v\u0259 bu m\u0259s\u0259l\u0259 n\u00f6vb\u0259ti ill\u0259rd\u0259 g\u00f6r\u00fcl\u0259c\u0259k i\u015fl\u0259rin plan\u0131na daxil edlib.\n<\/p>\n<figure class=\"wp-block-image size-large\">\n  <img decoding=\"async\" src=\"https:\/\/www.meydan.tv\/az\/untitled-design-11-png-6\/\" alt=\"Untitled design (11).png\" class=\"wp-image-155034\"\/><figcaption>\n    Araz C\u0259bray\u0131lovun s\u00f6zl\u0259rin\u0259 g\u00f6r\u0259, \u0259razid\u0259 iki n\u0259f\u0259rin evind\u0259 mavi yanacaq var<br \/>\n  <\/figcaption><\/figure>\n","protected":false},"excerpt":{"rendered":"<p>&#8220;Dig\u0259r ail\u0259l\u0259r is\u0259 odunu pulla al\u0131r&#8221;<\/p>\n","protected":false},"author":11,"featured_media":155043,"comment_status":"closed","ping_status":"open","sticky":false,"template":"","format":"standard","meta":{"_acf_changed":false,"_sitemap_exclude":false,"_sitemap_priority":"","_sitemap_frequency":"","footnotes":""},"categories":[60],"tags":[],"class_list":["post-204567","post","type-post","status-publish","format-standard","has-post-thumbnail","hentry","category-bolge","infinite-scroll-item","generate-columns","tablet-grid-50","mobile-grid-100","grid-parent","grid-33","no-featured-image-padding"],"acf":[],"yoast_head":"<!-- This site is optimized with the Yoast SEO plugin v27.5 - https:\/\/yoast.com\/product\/yoast-seo-wordpress\/ -->\n<title>\u201cQaz x\u0259ttini ev\u0259 q\u0259d\u0259r \u00e7\u0259kib g\u0259tirs\u0259l\u0259r, odunu kim\u0259 satar?\u201d - MEYDAN.TV<\/title>\n<meta name=\"robots\" content=\"index, follow, max-snippet:-1, max-image-preview:large, max-video-preview:-1\" \/>\n<link rel=\"canonical\" href=\"https:\/\/www.meydan.tv\/az\/article\/qaz-xettini-eve-qeder-cekib-getirseler-odunu-kime-satar\/\" \/>\n<meta property=\"og:locale\" content=\"az_AZ\" \/>\n<meta property=\"og:type\" content=\"article\" \/>\n<meta property=\"og:title\" content=\"\u201cQaz x\u0259ttini ev\u0259 q\u0259d\u0259r \u00e7\u0259kib g\u0259tirs\u0259l\u0259r, odunu kim\u0259 satar?\u201d - MEYDAN.TV\" \/>\n<meta property=\"og:description\" content=\"&quot;Dig\u0259r ail\u0259l\u0259r is\u0259 odunu pulla al\u0131r&quot;\" \/>\n<meta property=\"og:url\" content=\"https:\/\/www.meydan.tv\/az\/article\/qaz-xettini-eve-qeder-cekib-getirseler-odunu-kime-satar\/\" \/>\n<meta property=\"og:site_name\" content=\"MEYDAN.TV\" \/>\n<meta property=\"article:published_time\" content=\"2021-01-19T17:52:00+00:00\" \/>\n<meta property=\"og:image\" content=\"https:\/\/www.meydan.tv\/wp-content\/uploads\/photo-2021-01-19-17-10-17.jpg\" \/>\n\t<meta property=\"og:image:width\" content=\"1000\" \/>\n\t<meta property=\"og:image:height\" content=\"750\" \/>\n\t<meta property=\"og:image:type\" content=\"image\/jpeg\" \/>\n<meta name=\"author\" content=\"user-manager\" \/>\n<meta name=\"twitter:card\" content=\"summary_large_image\" \/>\n<script type=\"application\/ld+json\" class=\"yoast-schema-graph\">{\"@context\":\"https:\\\/\\\/schema.org\",\"@graph\":[{\"@type\":\"Article\",\"@id\":\"https:\\\/\\\/www.meydan.tv\\\/az\\\/article\\\/qaz-xettini-eve-qeder-cekib-getirseler-odunu-kime-satar\\\/#article\",\"isPartOf\":{\"@id\":\"https:\\\/\\\/www.meydan.tv\\\/az\\\/article\\\/qaz-xettini-eve-qeder-cekib-getirseler-odunu-kime-satar\\\/\"},\"author\":{\"name\":\"user-manager\",\"@id\":\"https:\\\/\\\/www.meydan.tv\\\/az\\\/#\\\/schema\\\/person\\\/10d11eccf6da3662cf5fdab9806ea91a\"},\"headline\":\"\u201cQaz x\u0259ttini ev\u0259 q\u0259d\u0259r \u00e7\u0259kib g\u0259tirs\u0259l\u0259r, odunu kim\u0259 satar?\u201d\",\"datePublished\":\"2021-01-19T17:52:00+00:00\",\"mainEntityOfPage\":{\"@id\":\"https:\\\/\\\/www.meydan.tv\\\/az\\\/article\\\/qaz-xettini-eve-qeder-cekib-getirseler-odunu-kime-satar\\\/\"},\"wordCount\":760,\"publisher\":{\"@id\":\"https:\\\/\\\/www.meydan.tv\\\/az\\\/#organization\"},\"image\":{\"@id\":\"https:\\\/\\\/www.meydan.tv\\\/az\\\/article\\\/qaz-xettini-eve-qeder-cekib-getirseler-odunu-kime-satar\\\/#primaryimage\"},\"thumbnailUrl\":\"https:\\\/\\\/www.meydan.tv\\\/wp-content\\\/uploads\\\/photo-2021-01-19-17-10-17.jpg\",\"articleSection\":[\"B\u00f6lg\u0259\"],\"inLanguage\":\"az\"},{\"@type\":\"WebPage\",\"@id\":\"https:\\\/\\\/www.meydan.tv\\\/az\\\/article\\\/qaz-xettini-eve-qeder-cekib-getirseler-odunu-kime-satar\\\/\",\"url\":\"https:\\\/\\\/www.meydan.tv\\\/az\\\/article\\\/qaz-xettini-eve-qeder-cekib-getirseler-odunu-kime-satar\\\/\",\"name\":\"\u201cQaz x\u0259ttini ev\u0259 q\u0259d\u0259r \u00e7\u0259kib g\u0259tirs\u0259l\u0259r, odunu kim\u0259 satar?\u201d - MEYDAN.TV\",\"isPartOf\":{\"@id\":\"https:\\\/\\\/www.meydan.tv\\\/az\\\/#website\"},\"primaryImageOfPage\":{\"@id\":\"https:\\\/\\\/www.meydan.tv\\\/az\\\/article\\\/qaz-xettini-eve-qeder-cekib-getirseler-odunu-kime-satar\\\/#primaryimage\"},\"image\":{\"@id\":\"https:\\\/\\\/www.meydan.tv\\\/az\\\/article\\\/qaz-xettini-eve-qeder-cekib-getirseler-odunu-kime-satar\\\/#primaryimage\"},\"thumbnailUrl\":\"https:\\\/\\\/www.meydan.tv\\\/wp-content\\\/uploads\\\/photo-2021-01-19-17-10-17.jpg\",\"datePublished\":\"2021-01-19T17:52:00+00:00\",\"breadcrumb\":{\"@id\":\"https:\\\/\\\/www.meydan.tv\\\/az\\\/article\\\/qaz-xettini-eve-qeder-cekib-getirseler-odunu-kime-satar\\\/#breadcrumb\"},\"inLanguage\":\"az\",\"potentialAction\":[{\"@type\":\"ReadAction\",\"target\":[\"https:\\\/\\\/www.meydan.tv\\\/az\\\/article\\\/qaz-xettini-eve-qeder-cekib-getirseler-odunu-kime-satar\\\/\"]}]},{\"@type\":\"ImageObject\",\"inLanguage\":\"az\",\"@id\":\"https:\\\/\\\/www.meydan.tv\\\/az\\\/article\\\/qaz-xettini-eve-qeder-cekib-getirseler-odunu-kime-satar\\\/#primaryimage\",\"url\":\"https:\\\/\\\/www.meydan.tv\\\/wp-content\\\/uploads\\\/photo-2021-01-19-17-10-17.jpg\",\"contentUrl\":\"https:\\\/\\\/www.meydan.tv\\\/wp-content\\\/uploads\\\/photo-2021-01-19-17-10-17.jpg\",\"width\":1000,\"height\":750,\"caption\":\"Source: Specify Source\"},{\"@type\":\"BreadcrumbList\",\"@id\":\"https:\\\/\\\/www.meydan.tv\\\/az\\\/article\\\/qaz-xettini-eve-qeder-cekib-getirseler-odunu-kime-satar\\\/#breadcrumb\",\"itemListElement\":[{\"@type\":\"ListItem\",\"position\":1,\"name\":\"Ana s\u0259hif\u0259\",\"item\":\"https:\\\/\\\/www.meydan.tv\\\/az\\\/\"},{\"@type\":\"ListItem\",\"position\":2,\"name\":\"B\u00f6lg\u0259\",\"item\":\"https:\\\/\\\/www.meydan.tv\\\/az\\\/section\\\/bolge\\\/\"},{\"@type\":\"ListItem\",\"position\":3,\"name\":\"\u201cQaz x\u0259ttini ev\u0259 q\u0259d\u0259r \u00e7\u0259kib g\u0259tirs\u0259l\u0259r, odunu kim\u0259 satar?\u201d\"}]},{\"@type\":\"WebSite\",\"@id\":\"https:\\\/\\\/www.meydan.tv\\\/az\\\/#website\",\"url\":\"https:\\\/\\\/www.meydan.tv\\\/az\\\/\",\"name\":\"MEYDAN.TV\",\"description\":\"Meydan TV Az\u0259rbaycan\u0131n media m\u0259kan\u0131ndak\u0131 alternativ s\u0259sidir\",\"publisher\":{\"@id\":\"https:\\\/\\\/www.meydan.tv\\\/az\\\/#organization\"},\"potentialAction\":[{\"@type\":\"SearchAction\",\"target\":{\"@type\":\"EntryPoint\",\"urlTemplate\":\"https:\\\/\\\/www.meydan.tv\\\/az\\\/?s={search_term_string}\"},\"query-input\":{\"@type\":\"PropertyValueSpecification\",\"valueRequired\":true,\"valueName\":\"search_term_string\"}}],\"inLanguage\":\"az\"},{\"@type\":\"Organization\",\"@id\":\"https:\\\/\\\/www.meydan.tv\\\/az\\\/#organization\",\"name\":\"Meydan TV\",\"url\":\"https:\\\/\\\/www.meydan.tv\\\/az\\\/\",\"logo\":{\"@type\":\"ImageObject\",\"inLanguage\":\"az\",\"@id\":\"https:\\\/\\\/www.meydan.tv\\\/az\\\/#\\\/schema\\\/logo\\\/image\\\/\",\"url\":\"https:\\\/\\\/www.meydan.tv\\\/wp-content\\\/uploads\\\/2021\\\/07\\\/meydan-logo.svg\",\"contentUrl\":\"https:\\\/\\\/www.meydan.tv\\\/wp-content\\\/uploads\\\/2021\\\/07\\\/meydan-logo.svg\",\"width\":195,\"height\":46,\"caption\":\"Meydan TV\"},\"image\":{\"@id\":\"https:\\\/\\\/www.meydan.tv\\\/az\\\/#\\\/schema\\\/logo\\\/image\\\/\"}},{\"@type\":\"Person\",\"@id\":\"https:\\\/\\\/www.meydan.tv\\\/az\\\/#\\\/schema\\\/person\\\/10d11eccf6da3662cf5fdab9806ea91a\",\"name\":\"user-manager\"}]}<\/script>\n<!-- \/ Yoast SEO plugin. -->","yoast_head_json":{"title":"\u201cQaz x\u0259ttini ev\u0259 q\u0259d\u0259r \u00e7\u0259kib g\u0259tirs\u0259l\u0259r, odunu kim\u0259 satar?\u201d - MEYDAN.TV","robots":{"index":"index","follow":"follow","max-snippet":"max-snippet:-1","max-image-preview":"max-image-preview:large","max-video-preview":"max-video-preview:-1"},"canonical":"https:\/\/www.meydan.tv\/az\/article\/qaz-xettini-eve-qeder-cekib-getirseler-odunu-kime-satar\/","og_locale":"az_AZ","og_type":"article","og_title":"\u201cQaz x\u0259ttini ev\u0259 q\u0259d\u0259r \u00e7\u0259kib g\u0259tirs\u0259l\u0259r, odunu kim\u0259 satar?\u201d - MEYDAN.TV","og_description":"\"Dig\u0259r ail\u0259l\u0259r is\u0259 odunu pulla al\u0131r\"","og_url":"https:\/\/www.meydan.tv\/az\/article\/qaz-xettini-eve-qeder-cekib-getirseler-odunu-kime-satar\/","og_site_name":"MEYDAN.TV","article_published_time":"2021-01-19T17:52:00+00:00","og_image":[{"width":1000,"height":750,"url":"https:\/\/www.meydan.tv\/wp-content\/uploads\/photo-2021-01-19-17-10-17.jpg","type":"image\/jpeg"}],"author":"user-manager","twitter_card":"summary_large_image","schema":{"@context":"https:\/\/schema.org","@graph":[{"@type":"Article","@id":"https:\/\/www.meydan.tv\/az\/article\/qaz-xettini-eve-qeder-cekib-getirseler-odunu-kime-satar\/#article","isPartOf":{"@id":"https:\/\/www.meydan.tv\/az\/article\/qaz-xettini-eve-qeder-cekib-getirseler-odunu-kime-satar\/"},"author":{"name":"user-manager","@id":"https:\/\/www.meydan.tv\/az\/#\/schema\/person\/10d11eccf6da3662cf5fdab9806ea91a"},"headline":"\u201cQaz x\u0259ttini ev\u0259 q\u0259d\u0259r \u00e7\u0259kib g\u0259tirs\u0259l\u0259r, odunu kim\u0259 satar?\u201d","datePublished":"2021-01-19T17:52:00+00:00","mainEntityOfPage":{"@id":"https:\/\/www.meydan.tv\/az\/article\/qaz-xettini-eve-qeder-cekib-getirseler-odunu-kime-satar\/"},"wordCount":760,"publisher":{"@id":"https:\/\/www.meydan.tv\/az\/#organization"},"image":{"@id":"https:\/\/www.meydan.tv\/az\/article\/qaz-xettini-eve-qeder-cekib-getirseler-odunu-kime-satar\/#primaryimage"},"thumbnailUrl":"https:\/\/www.meydan.tv\/wp-content\/uploads\/photo-2021-01-19-17-10-17.jpg","articleSection":["B\u00f6lg\u0259"],"inLanguage":"az"},{"@type":"WebPage","@id":"https:\/\/www.meydan.tv\/az\/article\/qaz-xettini-eve-qeder-cekib-getirseler-odunu-kime-satar\/","url":"https:\/\/www.meydan.tv\/az\/article\/qaz-xettini-eve-qeder-cekib-getirseler-odunu-kime-satar\/","name":"\u201cQaz x\u0259ttini ev\u0259 q\u0259d\u0259r \u00e7\u0259kib g\u0259tirs\u0259l\u0259r, odunu kim\u0259 satar?\u201d - MEYDAN.TV","isPartOf":{"@id":"https:\/\/www.meydan.tv\/az\/#website"},"primaryImageOfPage":{"@id":"https:\/\/www.meydan.tv\/az\/article\/qaz-xettini-eve-qeder-cekib-getirseler-odunu-kime-satar\/#primaryimage"},"image":{"@id":"https:\/\/www.meydan.tv\/az\/article\/qaz-xettini-eve-qeder-cekib-getirseler-odunu-kime-satar\/#primaryimage"},"thumbnailUrl":"https:\/\/www.meydan.tv\/wp-content\/uploads\/photo-2021-01-19-17-10-17.jpg","datePublished":"2021-01-19T17:52:00+00:00","breadcrumb":{"@id":"https:\/\/www.meydan.tv\/az\/article\/qaz-xettini-eve-qeder-cekib-getirseler-odunu-kime-satar\/#breadcrumb"},"inLanguage":"az","potentialAction":[{"@type":"ReadAction","target":["https:\/\/www.meydan.tv\/az\/article\/qaz-xettini-eve-qeder-cekib-getirseler-odunu-kime-satar\/"]}]},{"@type":"ImageObject","inLanguage":"az","@id":"https:\/\/www.meydan.tv\/az\/article\/qaz-xettini-eve-qeder-cekib-getirseler-odunu-kime-satar\/#primaryimage","url":"https:\/\/www.meydan.tv\/wp-content\/uploads\/photo-2021-01-19-17-10-17.jpg","contentUrl":"https:\/\/www.meydan.tv\/wp-content\/uploads\/photo-2021-01-19-17-10-17.jpg","width":1000,"height":750,"caption":"Source: Specify Source"},{"@type":"BreadcrumbList","@id":"https:\/\/www.meydan.tv\/az\/article\/qaz-xettini-eve-qeder-cekib-getirseler-odunu-kime-satar\/#breadcrumb","itemListElement":[{"@type":"ListItem","position":1,"name":"Ana s\u0259hif\u0259","item":"https:\/\/www.meydan.tv\/az\/"},{"@type":"ListItem","position":2,"name":"B\u00f6lg\u0259","item":"https:\/\/www.meydan.tv\/az\/section\/bolge\/"},{"@type":"ListItem","position":3,"name":"\u201cQaz x\u0259ttini ev\u0259 q\u0259d\u0259r \u00e7\u0259kib g\u0259tirs\u0259l\u0259r, odunu kim\u0259 satar?\u201d"}]},{"@type":"WebSite","@id":"https:\/\/www.meydan.tv\/az\/#website","url":"https:\/\/www.meydan.tv\/az\/","name":"MEYDAN.TV","description":"Meydan TV Az\u0259rbaycan\u0131n media m\u0259kan\u0131ndak\u0131 alternativ s\u0259sidir","publisher":{"@id":"https:\/\/www.meydan.tv\/az\/#organization"},"potentialAction":[{"@type":"SearchAction","target":{"@type":"EntryPoint","urlTemplate":"https:\/\/www.meydan.tv\/az\/?s={search_term_string}"},"query-input":{"@type":"PropertyValueSpecification","valueRequired":true,"valueName":"search_term_string"}}],"inLanguage":"az"},{"@type":"Organization","@id":"https:\/\/www.meydan.tv\/az\/#organization","name":"Meydan TV","url":"https:\/\/www.meydan.tv\/az\/","logo":{"@type":"ImageObject","inLanguage":"az","@id":"https:\/\/www.meydan.tv\/az\/#\/schema\/logo\/image\/","url":"https:\/\/www.meydan.tv\/wp-content\/uploads\/2021\/07\/meydan-logo.svg","contentUrl":"https:\/\/www.meydan.tv\/wp-content\/uploads\/2021\/07\/meydan-logo.svg","width":195,"height":46,"caption":"Meydan TV"},"image":{"@id":"https:\/\/www.meydan.tv\/az\/#\/schema\/logo\/image\/"}},{"@type":"Person","@id":"https:\/\/www.meydan.tv\/az\/#\/schema\/person\/10d11eccf6da3662cf5fdab9806ea91a","name":"user-manager"}]}},"_links":{"self":[{"href":"https:\/\/www.meydan.tv\/az\/wp-json\/wp\/v2\/posts\/204567","targetHints":{"allow":["GET"]}}],"collection":[{"href":"https:\/\/www.meydan.tv\/az\/wp-json\/wp\/v2\/posts"}],"about":[{"href":"https:\/\/www.meydan.tv\/az\/wp-json\/wp\/v2\/types\/post"}],"author":[{"embeddable":true,"href":"https:\/\/www.meydan.tv\/az\/wp-json\/wp\/v2\/users\/11"}],"replies":[{"embeddable":true,"href":"https:\/\/www.meydan.tv\/az\/wp-json\/wp\/v2\/comments?post=204567"}],"version-history":[{"count":0,"href":"https:\/\/www.meydan.tv\/az\/wp-json\/wp\/v2\/posts\/204567\/revisions"}],"wp:featuredmedia":[{"embeddable":true,"href":"https:\/\/www.meydan.tv\/az\/wp-json\/wp\/v2\/media\/155043"}],"wp:attachment":[{"href":"https:\/\/www.meydan.tv\/az\/wp-json\/wp\/v2\/media?parent=204567"}],"wp:term":[{"taxonomy":"category","embeddable":true,"href":"https:\/\/www.meydan.tv\/az\/wp-json\/wp\/v2\/categories?post=204567"},{"taxonomy":"post_tag","embeddable":true,"href":"https:\/\/www.meydan.tv\/az\/wp-json\/wp\/v2\/tags?post=204567"}],"curies":[{"name":"wp","href":"https:\/\/api.w.org\/{rel}","templated":true}]}}