{"id":204551,"date":"2021-01-18T14:55:42","date_gmt":"2021-01-18T14:55:42","guid":{"rendered":"https:\/\/www.meydan.tv\/article\/mudafie-nazirliyi-helak-olan-ve-itkin-dusenlerin-yeni-siyahisini-yaydi\/"},"modified":"2021-01-18T14:55:42","modified_gmt":"2021-01-18T14:55:42","slug":"mudafie-nazirliyi-helak-olan-ve-itkin-dusenlerin-yeni-siyahisini-yaydi","status":"publish","type":"post","link":"https:\/\/www.meydan.tv\/az\/article\/mudafie-nazirliyi-helak-olan-ve-itkin-dusenlerin-yeni-siyahisini-yaydi\/","title":{"rendered":"M\u00fcdafi\u0259 Nazirliyi h\u0259lak olan v\u0259 itkin d\u00fc\u015f\u0259nl\u0259rin yeni siyah\u0131s\u0131n\u0131 yayd\u0131"},"content":{"rendered":"<p>\n  <i><br \/>\n    &quot;2855 n\u0259f\u0259r d\u0259fn olunub, 50 h\u0259rb\u00e7i itkin d\u00fc\u015f\u00fcb&quot;<br \/>\n  <\/i>\n<\/p>\n<p>\n  Az\u0259rbaycan M\u00fcdafi\u0259 Nazirliyi II Qaraba\u011f sava\u015f\u0131nda h\u0259lak olan h\u0259rb\u00e7il\u0259rin n\u00f6vb\u0259ti siyah\u0131s\u0131n\u0131 yay\u0131b.\n<\/p>\n<p>\n  Nazirlik bildirib ki, yanvar\u0131n 18-d\u0259k 2855 n\u0259f\u0259r d\u0259fn olunub.\n<\/p>\n<p>\n  Eyni zamanda, 50 h\u0259rb\u00e7i itkin d\u00fc\u015f\u00fcb.\n<\/p>\n<p>\n  Nazirliyin<br \/>\n  <a href=\"https:\/\/mod.gov.az\/az\/news\/veten-muharibesinde-sehid-olmus-herbi-qulluqcularin-siyahisi-34521.html\"><br \/>\n    sayt<br \/>\n  <\/a><br \/>\n  \u0131nda onlar\u0131n foto \u015f\u0259kill\u0259ri, adlar\u0131, soyadlar\u0131, h\u0259rbi r\u00fctb\u0259si v\u0259 do\u011fum tarixi haqq\u0131nda m\u0259lumat t\u0259qdim olunub.\n<\/p>\n<p>\n  Eyni zamanda, itkin d\u00fc\u015f\u0259n hesab olunan h\u0259rbi qulluq\u00e7ular\u0131n tap\u0131lmas\u0131 v\u0259 identifikasiyas\u0131 \u00fczr\u0259 i\u015fl\u0259rin davam etdirildiyi qeyd olunub.\n<\/p>\n<p>\n  Az\u0259rbaycan M\u00fcdafi\u0259 Nazirliyi sonuncu d\u0259f\u0259 yanvar\u0131n 11-d\u0259 h\u0259lak olan v\u0259 itkin d\u00fc\u015f\u0259nl\u0259r haqda<br \/>\n  <a href=\"https:\/\/www.meydan.tv\/az\/article\/mudafie-nazirliyi-son-reqemi-aciqladi-2841-herbci-defn-olunub\/?ref=list-news\"><br \/>\n    m\u0259lumat<br \/>\n  <\/a><br \/>\n  yaym\u0131\u015fd\u0131.<\/p>\n","protected":false},"excerpt":{"rendered":"<p>Nazirlik bildirib ki, yanvar\u0131n 18-d\u0259k 2855 n\u0259f\u0259r d\u0259fn olunub.<\/p>\n","protected":false},"author":11,"featured_media":154986,"comment_status":"closed","ping_status":"open","sticky":false,"template":"","format":"standard","meta":{"_acf_changed":false,"_sitemap_exclude":false,"_sitemap_priority":"","_sitemap_frequency":"","footnotes":""},"categories":[59],"tags":[],"class_list":["post-204551","post","type-post","status-publish","format-standard","has-post-thumbnail","hentry","category-siyaset","infinite-scroll-item","generate-columns","tablet-grid-50","mobile-grid-100","grid-parent","grid-33","no-featured-image-padding"],"acf":[],"yoast_head":"<!-- This site is optimized with the Yoast SEO plugin v28.4 - https:\/\/yoast.com\/product\/yoast-seo-wordpress\/ -->\n<title>M\u00fcdafi\u0259 Nazirliyi h\u0259lak olan v\u0259 itkin d\u00fc\u015f\u0259nl\u0259rin yeni siyah\u0131s\u0131n\u0131 yayd\u0131 - MEYDAN.TV<\/title>\n<meta name=\"robots\" content=\"index, follow, max-snippet:-1, max-image-preview:large, max-video-preview:-1\" \/>\n<link rel=\"canonical\" href=\"https:\/\/www.meydan.tv\/az\/article\/mudafie-nazirliyi-helak-olan-ve-itkin-dusenlerin-yeni-siyahisini-yaydi\/\" \/>\n<meta property=\"og:locale\" content=\"az_AZ\" \/>\n<meta property=\"og:type\" content=\"article\" \/>\n<meta property=\"og:title\" content=\"M\u00fcdafi\u0259 Nazirliyi h\u0259lak olan v\u0259 itkin d\u00fc\u015f\u0259nl\u0259rin yeni siyah\u0131s\u0131n\u0131 yayd\u0131 - MEYDAN.TV\" \/>\n<meta property=\"og:description\" content=\"Nazirlik bildirib ki, yanvar\u0131n 18-d\u0259k 2855 n\u0259f\u0259r d\u0259fn olunub.\" \/>\n<meta property=\"og:url\" content=\"https:\/\/www.meydan.tv\/az\/article\/mudafie-nazirliyi-helak-olan-ve-itkin-dusenlerin-yeni-siyahisini-yaydi\/\" \/>\n<meta property=\"og:site_name\" content=\"MEYDAN.TV\" \/>\n<meta property=\"article:published_time\" content=\"2021-01-18T14:55:42+00:00\" \/>\n<meta property=\"og:image\" content=\"https:\/\/www.meydan.tv\/wp-content\/uploads\/mo_wayuttl.jpg\" \/>\n\t<meta property=\"og:image:width\" content=\"1200\" \/>\n\t<meta property=\"og:image:height\" content=\"800\" \/>\n\t<meta property=\"og:image:type\" content=\"image\/jpeg\" \/>\n<meta name=\"twitter:card\" content=\"summary_large_image\" \/>\n<!-- \/ Yoast SEO plugin. -->","yoast_head_json":{"title":"M\u00fcdafi\u0259 Nazirliyi h\u0259lak olan v\u0259 itkin d\u00fc\u015f\u0259nl\u0259rin yeni siyah\u0131s\u0131n\u0131 yayd\u0131 - MEYDAN.TV","robots":{"index":"index","follow":"follow","max-snippet":"max-snippet:-1","max-image-preview":"max-image-preview:large","max-video-preview":"max-video-preview:-1"},"canonical":"https:\/\/www.meydan.tv\/az\/article\/mudafie-nazirliyi-helak-olan-ve-itkin-dusenlerin-yeni-siyahisini-yaydi\/","og_locale":"az_AZ","og_type":"article","og_title":"M\u00fcdafi\u0259 Nazirliyi h\u0259lak olan v\u0259 itkin d\u00fc\u015f\u0259nl\u0259rin yeni siyah\u0131s\u0131n\u0131 yayd\u0131 - MEYDAN.TV","og_description":"Nazirlik bildirib ki, yanvar\u0131n 18-d\u0259k 2855 n\u0259f\u0259r d\u0259fn olunub.","og_url":"https:\/\/www.meydan.tv\/az\/article\/mudafie-nazirliyi-helak-olan-ve-itkin-dusenlerin-yeni-siyahisini-yaydi\/","og_site_name":"MEYDAN.TV","article_published_time":"2021-01-18T14:55:42+00:00","og_image":[{"width":1200,"height":800,"url":"https:\/\/www.meydan.tv\/wp-content\/uploads\/mo_wayuttl.jpg","type":"image\/jpeg"}],"twitter_card":"summary_large_image","schema":{"@context":"https:\/\/schema.org","@graph":[{"@type":"Article","@id":"https:\/\/www.meydan.tv\/az\/article\/mudafie-nazirliyi-helak-olan-ve-itkin-dusenlerin-yeni-siyahisini-yaydi\/#article","isPartOf":{"@id":"https:\/\/www.meydan.tv\/az\/article\/mudafie-nazirliyi-helak-olan-ve-itkin-dusenlerin-yeni-siyahisini-yaydi\/"},"author":{"name":"user-manager","@id":"https:\/\/www.meydan.tv\/az\/#\/schema\/person\/10d11eccf6da3662cf5fdab9806ea91a"},"headline":"M\u00fcdafi\u0259 Nazirliyi h\u0259lak olan v\u0259 itkin d\u00fc\u015f\u0259nl\u0259rin yeni siyah\u0131s\u0131n\u0131 yayd\u0131","datePublished":"2021-01-18T14:55:42+00:00","mainEntityOfPage":{"@id":"https:\/\/www.meydan.tv\/az\/article\/mudafie-nazirliyi-helak-olan-ve-itkin-dusenlerin-yeni-siyahisini-yaydi\/"},"wordCount":149,"publisher":{"@id":"https:\/\/www.meydan.tv\/az\/#organization"},"image":{"@id":"https:\/\/www.meydan.tv\/az\/article\/mudafie-nazirliyi-helak-olan-ve-itkin-dusenlerin-yeni-siyahisini-yaydi\/#primaryimage"},"thumbnailUrl":"https:\/\/www.meydan.tv\/wp-content\/uploads\/mo_wayuttl.jpg","articleSection":["Siyas\u0259t"],"inLanguage":"az"},{"@type":"WebPage","@id":"https:\/\/www.meydan.tv\/az\/article\/mudafie-nazirliyi-helak-olan-ve-itkin-dusenlerin-yeni-siyahisini-yaydi\/","url":"https:\/\/www.meydan.tv\/az\/article\/mudafie-nazirliyi-helak-olan-ve-itkin-dusenlerin-yeni-siyahisini-yaydi\/","name":"M\u00fcdafi\u0259 Nazirliyi h\u0259lak olan v\u0259 itkin d\u00fc\u015f\u0259nl\u0259rin yeni siyah\u0131s\u0131n\u0131 yayd\u0131 - MEYDAN.TV","isPartOf":{"@id":"https:\/\/www.meydan.tv\/az\/#website"},"primaryImageOfPage":{"@id":"https:\/\/www.meydan.tv\/az\/article\/mudafie-nazirliyi-helak-olan-ve-itkin-dusenlerin-yeni-siyahisini-yaydi\/#primaryimage"},"image":{"@id":"https:\/\/www.meydan.tv\/az\/article\/mudafie-nazirliyi-helak-olan-ve-itkin-dusenlerin-yeni-siyahisini-yaydi\/#primaryimage"},"thumbnailUrl":"https:\/\/www.meydan.tv\/wp-content\/uploads\/mo_wayuttl.jpg","datePublished":"2021-01-18T14:55:42+00:00","breadcrumb":{"@id":"https:\/\/www.meydan.tv\/az\/article\/mudafie-nazirliyi-helak-olan-ve-itkin-dusenlerin-yeni-siyahisini-yaydi\/#breadcrumb"},"inLanguage":"az","potentialAction":[{"@type":"ReadAction","target":["https:\/\/www.meydan.tv\/az\/article\/mudafie-nazirliyi-helak-olan-ve-itkin-dusenlerin-yeni-siyahisini-yaydi\/"]}]},{"@type":"ImageObject","inLanguage":"az","@id":"https:\/\/www.meydan.tv\/az\/article\/mudafie-nazirliyi-helak-olan-ve-itkin-dusenlerin-yeni-siyahisini-yaydi\/#primaryimage","url":"https:\/\/www.meydan.tv\/wp-content\/uploads\/mo_wayuttl.jpg","contentUrl":"https:\/\/www.meydan.tv\/wp-content\/uploads\/mo_wayuttl.jpg","width":1200,"height":800,"caption":"Source: \u0410\u0440\u0445\u0438\u0432"},{"@type":"BreadcrumbList","@id":"https:\/\/www.meydan.tv\/az\/article\/mudafie-nazirliyi-helak-olan-ve-itkin-dusenlerin-yeni-siyahisini-yaydi\/#breadcrumb","itemListElement":[{"@type":"ListItem","position":1,"name":"Ana s\u0259hif\u0259","item":"https:\/\/www.meydan.tv\/az\/"},{"@type":"ListItem","position":2,"name":"Siyas\u0259t","item":"https:\/\/www.meydan.tv\/az\/section\/siyaset\/"},{"@type":"ListItem","position":3,"name":"M\u00fcdafi\u0259 Nazirliyi h\u0259lak olan v\u0259 itkin d\u00fc\u015f\u0259nl\u0259rin yeni siyah\u0131s\u0131n\u0131 yayd\u0131"}]},{"@type":"WebSite","@id":"https:\/\/www.meydan.tv\/az\/#website","url":"https:\/\/www.meydan.tv\/az\/","name":"MEYDAN.TV","description":"Meydan TV Az\u0259rbaycan\u0131n media m\u0259kan\u0131ndak\u0131 alternativ s\u0259sidir","publisher":{"@id":"https:\/\/www.meydan.tv\/az\/#organization"},"potentialAction":[{"@type":"SearchAction","target":{"@type":"EntryPoint","urlTemplate":"https:\/\/www.meydan.tv\/az\/?s={search_term_string}"},"query-input":{"@type":"PropertyValueSpecification","valueRequired":true,"valueName":"search_term_string"}}],"inLanguage":"az"},{"@type":"Organization","@id":"https:\/\/www.meydan.tv\/az\/#organization","name":"Meydan TV","url":"https:\/\/www.meydan.tv\/az\/","logo":{"@type":"ImageObject","inLanguage":"az","@id":"https:\/\/www.meydan.tv\/az\/#\/schema\/logo\/image\/","url":"https:\/\/www.meydan.tv\/wp-content\/uploads\/2021\/07\/meydan-logo.svg","contentUrl":"https:\/\/www.meydan.tv\/wp-content\/uploads\/2021\/07\/meydan-logo.svg","width":195,"height":46,"caption":"Meydan TV"},"image":{"@id":"https:\/\/www.meydan.tv\/az\/#\/schema\/logo\/image\/"}},{"@type":"Person","@id":"https:\/\/www.meydan.tv\/az\/#\/schema\/person\/10d11eccf6da3662cf5fdab9806ea91a","name":"user-manager"}]}},"_links":{"self":[{"href":"https:\/\/www.meydan.tv\/az\/wp-json\/wp\/v2\/posts\/204551","targetHints":{"allow":["GET"]}}],"collection":[{"href":"https:\/\/www.meydan.tv\/az\/wp-json\/wp\/v2\/posts"}],"about":[{"href":"https:\/\/www.meydan.tv\/az\/wp-json\/wp\/v2\/types\/post"}],"author":[{"embeddable":true,"href":"https:\/\/www.meydan.tv\/az\/wp-json\/wp\/v2\/users\/11"}],"replies":[{"embeddable":true,"href":"https:\/\/www.meydan.tv\/az\/wp-json\/wp\/v2\/comments?post=204551"}],"version-history":[{"count":0,"href":"https:\/\/www.meydan.tv\/az\/wp-json\/wp\/v2\/posts\/204551\/revisions"}],"wp:featuredmedia":[{"embeddable":true,"href":"https:\/\/www.meydan.tv\/az\/wp-json\/wp\/v2\/media\/154986"}],"wp:attachment":[{"href":"https:\/\/www.meydan.tv\/az\/wp-json\/wp\/v2\/media?parent=204551"}],"wp:term":[{"taxonomy":"category","embeddable":true,"href":"https:\/\/www.meydan.tv\/az\/wp-json\/wp\/v2\/categories?post=204551"},{"taxonomy":"post_tag","embeddable":true,"href":"https:\/\/www.meydan.tv\/az\/wp-json\/wp\/v2\/tags?post=204551"}],"curies":[{"name":"wp","href":"https:\/\/api.w.org\/{rel}","templated":true}]}}