{"id":204508,"date":"2021-01-14T20:43:31","date_gmt":"2021-01-14T20:43:31","guid":{"rendered":"https:\/\/www.meydan.tv\/article\/lerik-sakini-rusvet-vermeyende-insani-rahatca-serleye-bilerler\/"},"modified":"2021-01-14T20:43:31","modified_gmt":"2021-01-14T20:43:31","slug":"lerik-sakini-rusvet-vermeyende-insani-rahatca-serleye-bilerler","status":"publish","type":"post","link":"https:\/\/www.meydan.tv\/az\/article\/lerik-sakini-rusvet-vermeyende-insani-rahatca-serleye-bilerler\/","title":{"rendered":"Lerik sakini: R\u00fc\u015fv\u0259t verm\u0259y\u0259nd\u0259 insan\u0131 rahatca \u015f\u0259rl\u0259y\u0259 bil\u0259rl\u0259r?"},"content":{"rendered":"<p>\n  <i><br \/>\n    P\u0259nah Mirz\u0259yev 20 sutka h\u0259bs olunub<br \/>\n  <\/i>\n<\/p>\n<p>\n  Lerik rayonunun Noda k\u0259nd sakini P\u0259nah Mirz\u0259yev yanvar\u0131n 11-d\u0259 20 sutkal\u0131q h\u0259bs c\u0259zas\u0131 al\u0131b. H\u0259yat yolda\u015f\u0131 R\u0259qsan\u0259 Mirz\u0259yeva v\u0259 qon\u015fu k\u0259ndd\u0259 ya\u015fayan h\u00fcquq m\u00fcdafi\u0259\u00e7isi Elxan Mirz\u0259yev iddia edir ki, P\u0259nah Mirz\u0259yev icra hakimiyy\u0259tinin qanunsuzlu\u011fu il\u0259 m\u00fcbariz\u0259 apard\u0131\u011f\u0131 \u00fc\u00e7\u00fcn \u015f\u0259rl\u0259nib.\n<\/p>\n<p>\n  <b><br \/>\n    \u201cTax\u0131l y\u0131\u011f\u0131m\u0131 ba\u015flayanda m\u0259murlar dil\u0259n\u00e7i kimi qonur m\u0259hsulun \u00fcst\u00fcn\u0259\u201d<br \/>\n  <\/b>\n<\/p>\n<p>\n  \u201cP\u0259nah Mirz\u0259yev i\u015fguzar adamd\u0131r. Onun ki\u00e7ik bir tarlas\u0131 v\u0259 12 in\u0259yi var. K\u0259nd yerind\u0259 el\u0259 d\u00fc\u015f\u00fcnc\u0259 var ki, birinin 12 in\u0259yi varsa, dem\u0259li varl\u0131d\u0131r. M\u0259hz bel\u0259 k\u0259ndlil\u0259r d\u0259 icra n\u00fcmay\u0259nd\u0259l\u0259ri, b\u0259l\u0259diyy\u0259l\u0259r, m\u0259hk\u0259m\u0259l\u0259r v\u0259 polisl\u0259r \u00fc\u00e7\u00fcn \u201chesab\u201d y\u0131\u011fmaq m\u0259nb\u0259yidirl\u0259r. G\u0259lib k\u0259ndliy\u0259 deyirl\u0259r ki, bir qonaql\u0131q ver, 30 kq ya\u011f ver, m\u0259hsulundan filan q\u0259d\u0259r ver. Tax\u0131l y\u0131\u011f\u0131m\u0131 ba\u015flayanda m\u0259murlar dil\u0259n\u00e7i kimi qonur m\u0259hsulun \u00fcst\u00fcn\u0259. P\u0259nah t\u0259xmin\u0259n ilyar\u0131md\u0131r ki, m\u0259murlara \u00f6z m\u0259hsulunu verm\u0259kd\u0259n imtina edib. Deyib ki, xeyir ola, i\u015fl\u0259y\u0259n m\u0259n, yey\u0259n siz? Onun h\u0259bsi siyasi motivlidir. P\u0259nah n\u00fcmun\u0259vi bir v\u0259t\u0259nda\u015fd\u0131r. M\u0259hsul alanda q\u0259bz t\u0259l\u0259b edib, polis \u0259m\u0259kda\u015flar\u0131 maska taxmayanda onlara irad\u0131n\u0131 bildirib. Ondan r\u00fc\u015fv\u0259t ist\u0259y\u0259n qurumlar\u0131 prezident\u0259 \u015fikay\u0259t edib. \u0130\u015fsizlik il\u0259 ba\u011fl\u0131 da d\u0259f\u0259l\u0259rl\u0259 prezident\u0259 m\u00fcraci\u0259tl\u0259ri olub\u201d,- dey\u0259 \u015fikay\u0259t \u0259riz\u0259l\u0259rini yazmaqda sahibkara k\u00f6m\u0259k ed\u0259n Elxan Mirz\u0259yev bildirib.\n<\/p>\n<p>\n  <b><br \/>\n    \u201c\u0130nsanlar \u015f\u0259xsiyy\u0259t v\u0259siq\u0259si almaq \u00fc\u00e7\u00fcn 20 manat pul verir\u201d<br \/>\n  <\/b>\n<\/p>\n<p>\n  Elxan Mirz\u0259yev 7 ildir ki, Lerik rayonuna k\u00f6\u00e7\u00fcb. \u018fvv\u0259ll\u0259r jurnalist kimi f\u0259aliyy\u0259t g\u00f6st\u0259rib. O, bu ill\u0259r \u0259rzind\u0259 m\u0259mur \u00f6zba\u015f\u0131nal\u0131\u011f\u0131 il\u0259 m\u00fcbariz\u0259 apard\u0131\u011f\u0131n\u0131 deyir. Onun m\u00fc\u015fahid\u0259l\u0259rin\u0259 g\u00f6r\u0259, Lerikd\u0259 insanlar \u00f6z sad\u0259 h\u00fcquqlar\u0131n\u0131 bilm\u0259diyi \u00fc\u00e7\u00fcn m\u0259murlar onlar\u0131 soyur:\n<\/p>\n<p>\n  \u201cRayona g\u0259l\u0259nd\u0259 \u0259traf\u0131mda olan he\u00e7 kim h\u00fcququnu bilmirdi. B\u0259l\u0259diyy\u0259l\u0259r, icra hakimiyy\u0259ti adi bir aray\u0131\u015f \u00fc\u00e7\u00fcn pul ist\u0259yirdi. Xeyli insana ba\u015fa salm\u0131\u015fam ki, bu kimi s\u0259n\u0259dl\u0259r pulsuz verilm\u0259lidir. T\u0259s\u0259vv\u00fcr edin, Lerikd\u0259 Asan Xidm\u0259t yoxdur, insanlar \u015f\u0259xsiyy\u0259t v\u0259siq\u0259si almaq \u00fc\u00e7\u00fcn 20 manat pul verir\u201d.\n<\/p>\n<figure class=\"wp-block-image size-large\">\n  <img decoding=\"async\" src=\"https:\/\/www.meydan.tv\/az\/138668556_234399061566268_5503831340130170688_n-png\/\" alt=\"138668556_234399061566268_5503831340130170688_n.png\" class=\"wp-image-154674\"\/><figcaption>\n    Elxan Mirz\u0259yev<br \/>\n  <\/figcaption><\/figure>\n<p>\n  <b><br \/>\n    \u201cR\u00fc\u015fv\u0259tl\u0259, korrupsiya il\u0259 m\u00fcbariz\u0259 aparanda insan\u0131 rahatca \u015f\u0259rl\u0259y\u0259c\u0259kl\u0259r?\u201d<br \/>\n  <\/b>\n<\/p>\n<p>\n  P\u0259nah Mirz\u0259yevin yolunu g\u00f6zl\u0259y\u0259n 3 u\u015fa\u011f\u0131 v\u0259 h\u0259yat yolda\u015f\u0131 var. H\u0259yat yolda\u015f\u0131n\u0131n fikrinc\u0259, \u0259ri r\u00fc\u015fv\u0259tl\u0259 m\u00fcbariz\u0259 apard\u0131\u011f\u0131 \u00fc\u00e7\u00fcn h\u0259bs edilib:\n<\/p>\n<p>\n  \u201c P\u0259nah\u0131n \u015fizofreniyadan \u0259ziyy\u0259t \u00e7\u0259k\u0259n bac\u0131s\u0131 var, x\u0259st\u0259xanada qeydiyyatdad\u0131r. \u0130cra n\u00fcmay\u0259nd\u0259si h\u0259yat yolda\u015f\u0131m\u0131 \u015f\u0259rl\u0259m\u0259k \u00fc\u00e7\u00fcn x\u0259st\u0259 bac\u0131s\u0131n\u0131n beynini doldurub ki, g\u00fcya P\u0259nah onu d\u00f6y\u00fcb. \u018fslind\u0259 el\u0259 bir \u015fey olmay\u0131b, bu qad\u0131n ruhi x\u0259st\u0259dir. Onu \u00f6yr\u0259dib qarda\u015f\u0131n\u0131n \u00fcst\u00fcn\u0259 sal\u0131blar. Hadis\u0259d\u0259n \u0259vv\u0259l 4-5 g\u00fcn icra n\u00fcmay\u0259nd\u0259sinin evind\u0259 qal\u0131b. M\u0259hk\u0259m\u0259y\u0259 s\u00fcbut kimi t\u0259qdim olunan saxta ekspertiza r\u0259yini is\u0259 icra n\u00fcmay\u0259nd\u0259sinin qarda\u015f\u0131 Mirkamal verib. Bir n\u0259f\u0259r d\u0259 saxta \u015fahid tap\u0131blar. Biz indi n\u0259 ed\u0259k? D\u00fcz ya\u015fayan adam olanda, r\u00fc\u015fv\u0259t verm\u0259y\u0259nd\u0259, korrupsiya il\u0259 m\u00fcbariz\u0259 aparanda insan\u0131 rahatca \u015f\u0259rl\u0259y\u0259rl\u0259r?\u201d\n<\/p>\n<figure class=\"wp-block-image size-large\">\n  <img decoding=\"async\" src=\"https:\/\/www.meydan.tv\/az\/untitled-design-4-png-15\/\" alt=\"Untitled design (4).png\" class=\"wp-image-154668\"\/><figcaption>\n    P\u0259nah Mirz\u0259yev<br \/>\n  <\/figcaption><\/figure>\n<p>\n  Z\u0259r\u0259r \u00e7\u0259kdiyi iddia olunan C\u0259mil\u0259 Mirz\u0259yeva haz\u0131rda ambulator m\u00fcalic\u0259 al\u0131r. Yax\u0131nlar\u0131 deyir ki, x\u0259st\u0259liyi oldu\u011fu halda onun ad\u0131 u\u015faq ba\u011f\u00e7as\u0131na i\u015f\u00e7i olaraq yaz\u0131l\u0131b. R\u0259qsan\u0259 Mirz\u0259yevan\u0131n s\u00f6zl\u0259rin\u0259 g\u00f6r\u0259, onun h\u0259yat yolda\u015f\u0131na da t\u0259klif olunub ki, 2 min manat g\u0259tirs\u0259l\u0259r, onun ad\u0131n\u0131 da u\u015faq ba\u011f\u00e7as\u0131na i\u015f\u00e7i kimi yazarlar. P\u0259nah Mirz\u0259yev imtina etdikd\u0259 m\u0259murlar\u0131n qorxdu\u011fu adama \u00e7evrilib.\n<\/p>\n<p>\n  P\u0259nah Mirz\u0259yev\u0259 sovqat v\u0259 isti geyim aparmaq ist\u0259y\u0259n h\u0259yat yolda\u015f\u0131 deyir ki, bu d\u0259f\u0259 d\u0259 mane\u0259 il\u0259 rastla\u015f\u0131b. Ombudsman Aparat\u0131na \u015fikay\u0259t etdikd\u0259n sonra ona \u0259ri il\u0259 g\u00f6r\u00fc\u015f icaz\u0259si verilib.\n<\/p>\n<p>\n  H\u0259yat yolda\u015f\u0131n\u0131n s\u00f6zl\u0259rin\u0259 g\u00f6r\u0259, P\u0259nah Mirz\u0259yev\u0259 \u00f6z\u00fcn\u00fc m\u00fcdafi\u0259 haqq\u0131 da tan\u0131nmay\u0131b. O, \u00f6z\u00fcn\u0259 v\u0259kil tutmaq ist\u0259s\u0259 d\u0259, imkan verilm\u0259yib, d\u00f6vl\u0259t t\u0259r\u0259find\u0259n t\u0259yin edil\u0259n v\u0259kili q\u0259bul etm\u0259y\u0259 m\u0259cbur olunub. M\u0259hk\u0259m\u0259 prosesi 10 d\u0259qiq\u0259 \u00e7\u0259kib.\n<\/p>\n<p>\n  P\u0259nah Mirz\u0259yev g\u00f6r\u00fc\u015fd\u0259n sonra xan\u0131m\u0131na bildirib ki, o, v\u0259kilind\u0259n raz\u0131 deyil v\u0259 m\u00fcdafi\u0259 h\u00fcququnun \u0259lind\u0259n al\u0131nd\u0131\u011f\u0131n\u0131 d\u00fc\u015f\u00fcn\u00fcr.\n<\/p>\n<p>\n  Lerik Rayon \u0130cra Hakimiyy\u0259tind\u0259n m\u0259s\u0259l\u0259y\u0259 m\u00fcnasib\u0259t bildirm\u0259k ist\u0259m\u0259yibl\u0259r\n<\/p>\n<figure class=\"wp-block-image size-large\">\n  <img decoding=\"async\" src=\"https:\/\/www.meydan.tv\/az\/138997740_206023871173116_8020595010930053667_n-png\/\" alt=\"138997740_206023871173116_8020595010930053667_n.png\" class=\"wp-image-154680\"\/><figcaption>\n    R\u0259qsan\u0259 Mirz\u0259yeva<br \/>\n  <\/figcaption><\/figure>\n","protected":false},"excerpt":{"rendered":"<p>Ombudsman Aparat\u0131na \u015fikay\u0259t etdikd\u0259n sonra ona \u0259ri il\u0259 g\u00f6r\u00fc\u015f icaz\u0259si verilib.<\/p>\n","protected":false},"author":11,"featured_media":154665,"comment_status":"closed","ping_status":"open","sticky":false,"template":"","format":"standard","meta":{"_acf_changed":false,"_sitemap_exclude":false,"_sitemap_priority":"","_sitemap_frequency":"","footnotes":""},"categories":[60],"tags":[],"class_list":["post-204508","post","type-post","status-publish","format-standard","has-post-thumbnail","hentry","category-bolge","infinite-scroll-item","generate-columns","tablet-grid-50","mobile-grid-100","grid-parent","grid-33","no-featured-image-padding"],"acf":[],"yoast_head":"<!-- This site is optimized with the Yoast SEO plugin v27.5 - https:\/\/yoast.com\/product\/yoast-seo-wordpress\/ -->\n<title>Lerik sakini: R\u00fc\u015fv\u0259t verm\u0259y\u0259nd\u0259 insan\u0131 rahatca \u015f\u0259rl\u0259y\u0259 bil\u0259rl\u0259r? - MEYDAN.TV<\/title>\n<meta name=\"robots\" content=\"index, follow, max-snippet:-1, max-image-preview:large, max-video-preview:-1\" \/>\n<link rel=\"canonical\" href=\"https:\/\/www.meydan.tv\/az\/article\/lerik-sakini-rusvet-vermeyende-insani-rahatca-serleye-bilerler\/\" \/>\n<meta property=\"og:locale\" content=\"az_AZ\" \/>\n<meta property=\"og:type\" content=\"article\" \/>\n<meta property=\"og:title\" content=\"Lerik sakini: R\u00fc\u015fv\u0259t verm\u0259y\u0259nd\u0259 insan\u0131 rahatca \u015f\u0259rl\u0259y\u0259 bil\u0259rl\u0259r? - MEYDAN.TV\" \/>\n<meta property=\"og:description\" content=\"Ombudsman Aparat\u0131na \u015fikay\u0259t etdikd\u0259n sonra ona \u0259ri il\u0259 g\u00f6r\u00fc\u015f icaz\u0259si verilib.\" \/>\n<meta property=\"og:url\" content=\"https:\/\/www.meydan.tv\/az\/article\/lerik-sakini-rusvet-vermeyende-insani-rahatca-serleye-bilerler\/\" \/>\n<meta property=\"og:site_name\" content=\"MEYDAN.TV\" \/>\n<meta property=\"article:published_time\" content=\"2021-01-14T20:43:31+00:00\" \/>\n<meta property=\"og:image\" content=\"https:\/\/www.meydan.tv\/wp-content\/uploads\/136472519_1687339008106338_964634301402713455_n-1200x675.png\" \/>\n\t<meta property=\"og:image:width\" content=\"1200\" \/>\n\t<meta property=\"og:image:height\" content=\"675\" \/>\n\t<meta property=\"og:image:type\" content=\"image\/png\" \/>\n<meta name=\"author\" content=\"user-manager\" \/>\n<meta name=\"twitter:card\" content=\"summary_large_image\" \/>\n<script type=\"application\/ld+json\" class=\"yoast-schema-graph\">{\"@context\":\"https:\\\/\\\/schema.org\",\"@graph\":[{\"@type\":\"Article\",\"@id\":\"https:\\\/\\\/www.meydan.tv\\\/az\\\/article\\\/lerik-sakini-rusvet-vermeyende-insani-rahatca-serleye-bilerler\\\/#article\",\"isPartOf\":{\"@id\":\"https:\\\/\\\/www.meydan.tv\\\/az\\\/article\\\/lerik-sakini-rusvet-vermeyende-insani-rahatca-serleye-bilerler\\\/\"},\"author\":{\"name\":\"user-manager\",\"@id\":\"https:\\\/\\\/www.meydan.tv\\\/az\\\/#\\\/schema\\\/person\\\/10d11eccf6da3662cf5fdab9806ea91a\"},\"headline\":\"Lerik sakini: R\u00fc\u015fv\u0259t verm\u0259y\u0259nd\u0259 insan\u0131 rahatca \u015f\u0259rl\u0259y\u0259 bil\u0259rl\u0259r?\",\"datePublished\":\"2021-01-14T20:43:31+00:00\",\"mainEntityOfPage\":{\"@id\":\"https:\\\/\\\/www.meydan.tv\\\/az\\\/article\\\/lerik-sakini-rusvet-vermeyende-insani-rahatca-serleye-bilerler\\\/\"},\"wordCount\":902,\"publisher\":{\"@id\":\"https:\\\/\\\/www.meydan.tv\\\/az\\\/#organization\"},\"image\":{\"@id\":\"https:\\\/\\\/www.meydan.tv\\\/az\\\/article\\\/lerik-sakini-rusvet-vermeyende-insani-rahatca-serleye-bilerler\\\/#primaryimage\"},\"thumbnailUrl\":\"https:\\\/\\\/www.meydan.tv\\\/wp-content\\\/uploads\\\/136472519_1687339008106338_964634301402713455_n.png\",\"articleSection\":[\"B\u00f6lg\u0259\"],\"inLanguage\":\"az\"},{\"@type\":\"WebPage\",\"@id\":\"https:\\\/\\\/www.meydan.tv\\\/az\\\/article\\\/lerik-sakini-rusvet-vermeyende-insani-rahatca-serleye-bilerler\\\/\",\"url\":\"https:\\\/\\\/www.meydan.tv\\\/az\\\/article\\\/lerik-sakini-rusvet-vermeyende-insani-rahatca-serleye-bilerler\\\/\",\"name\":\"Lerik sakini: R\u00fc\u015fv\u0259t verm\u0259y\u0259nd\u0259 insan\u0131 rahatca \u015f\u0259rl\u0259y\u0259 bil\u0259rl\u0259r? - MEYDAN.TV\",\"isPartOf\":{\"@id\":\"https:\\\/\\\/www.meydan.tv\\\/az\\\/#website\"},\"primaryImageOfPage\":{\"@id\":\"https:\\\/\\\/www.meydan.tv\\\/az\\\/article\\\/lerik-sakini-rusvet-vermeyende-insani-rahatca-serleye-bilerler\\\/#primaryimage\"},\"image\":{\"@id\":\"https:\\\/\\\/www.meydan.tv\\\/az\\\/article\\\/lerik-sakini-rusvet-vermeyende-insani-rahatca-serleye-bilerler\\\/#primaryimage\"},\"thumbnailUrl\":\"https:\\\/\\\/www.meydan.tv\\\/wp-content\\\/uploads\\\/136472519_1687339008106338_964634301402713455_n.png\",\"datePublished\":\"2021-01-14T20:43:31+00:00\",\"breadcrumb\":{\"@id\":\"https:\\\/\\\/www.meydan.tv\\\/az\\\/article\\\/lerik-sakini-rusvet-vermeyende-insani-rahatca-serleye-bilerler\\\/#breadcrumb\"},\"inLanguage\":\"az\",\"potentialAction\":[{\"@type\":\"ReadAction\",\"target\":[\"https:\\\/\\\/www.meydan.tv\\\/az\\\/article\\\/lerik-sakini-rusvet-vermeyende-insani-rahatca-serleye-bilerler\\\/\"]}]},{\"@type\":\"ImageObject\",\"inLanguage\":\"az\",\"@id\":\"https:\\\/\\\/www.meydan.tv\\\/az\\\/article\\\/lerik-sakini-rusvet-vermeyende-insani-rahatca-serleye-bilerler\\\/#primaryimage\",\"url\":\"https:\\\/\\\/www.meydan.tv\\\/wp-content\\\/uploads\\\/136472519_1687339008106338_964634301402713455_n.png\",\"contentUrl\":\"https:\\\/\\\/www.meydan.tv\\\/wp-content\\\/uploads\\\/136472519_1687339008106338_964634301402713455_n.png\",\"width\":1920,\"height\":1080,\"caption\":\"Source: Specify Source\"},{\"@type\":\"BreadcrumbList\",\"@id\":\"https:\\\/\\\/www.meydan.tv\\\/az\\\/article\\\/lerik-sakini-rusvet-vermeyende-insani-rahatca-serleye-bilerler\\\/#breadcrumb\",\"itemListElement\":[{\"@type\":\"ListItem\",\"position\":1,\"name\":\"Ana s\u0259hif\u0259\",\"item\":\"https:\\\/\\\/www.meydan.tv\\\/az\\\/\"},{\"@type\":\"ListItem\",\"position\":2,\"name\":\"B\u00f6lg\u0259\",\"item\":\"https:\\\/\\\/www.meydan.tv\\\/az\\\/section\\\/bolge\\\/\"},{\"@type\":\"ListItem\",\"position\":3,\"name\":\"Lerik sakini: R\u00fc\u015fv\u0259t verm\u0259y\u0259nd\u0259 insan\u0131 rahatca \u015f\u0259rl\u0259y\u0259 bil\u0259rl\u0259r?\"}]},{\"@type\":\"WebSite\",\"@id\":\"https:\\\/\\\/www.meydan.tv\\\/az\\\/#website\",\"url\":\"https:\\\/\\\/www.meydan.tv\\\/az\\\/\",\"name\":\"MEYDAN.TV\",\"description\":\"Meydan TV Az\u0259rbaycan\u0131n media m\u0259kan\u0131ndak\u0131 alternativ s\u0259sidir\",\"publisher\":{\"@id\":\"https:\\\/\\\/www.meydan.tv\\\/az\\\/#organization\"},\"potentialAction\":[{\"@type\":\"SearchAction\",\"target\":{\"@type\":\"EntryPoint\",\"urlTemplate\":\"https:\\\/\\\/www.meydan.tv\\\/az\\\/?s={search_term_string}\"},\"query-input\":{\"@type\":\"PropertyValueSpecification\",\"valueRequired\":true,\"valueName\":\"search_term_string\"}}],\"inLanguage\":\"az\"},{\"@type\":\"Organization\",\"@id\":\"https:\\\/\\\/www.meydan.tv\\\/az\\\/#organization\",\"name\":\"Meydan TV\",\"url\":\"https:\\\/\\\/www.meydan.tv\\\/az\\\/\",\"logo\":{\"@type\":\"ImageObject\",\"inLanguage\":\"az\",\"@id\":\"https:\\\/\\\/www.meydan.tv\\\/az\\\/#\\\/schema\\\/logo\\\/image\\\/\",\"url\":\"https:\\\/\\\/www.meydan.tv\\\/wp-content\\\/uploads\\\/2021\\\/07\\\/meydan-logo.svg\",\"contentUrl\":\"https:\\\/\\\/www.meydan.tv\\\/wp-content\\\/uploads\\\/2021\\\/07\\\/meydan-logo.svg\",\"width\":195,\"height\":46,\"caption\":\"Meydan TV\"},\"image\":{\"@id\":\"https:\\\/\\\/www.meydan.tv\\\/az\\\/#\\\/schema\\\/logo\\\/image\\\/\"}},{\"@type\":\"Person\",\"@id\":\"https:\\\/\\\/www.meydan.tv\\\/az\\\/#\\\/schema\\\/person\\\/10d11eccf6da3662cf5fdab9806ea91a\",\"name\":\"user-manager\"}]}<\/script>\n<!-- \/ Yoast SEO plugin. -->","yoast_head_json":{"title":"Lerik sakini: R\u00fc\u015fv\u0259t verm\u0259y\u0259nd\u0259 insan\u0131 rahatca \u015f\u0259rl\u0259y\u0259 bil\u0259rl\u0259r? - MEYDAN.TV","robots":{"index":"index","follow":"follow","max-snippet":"max-snippet:-1","max-image-preview":"max-image-preview:large","max-video-preview":"max-video-preview:-1"},"canonical":"https:\/\/www.meydan.tv\/az\/article\/lerik-sakini-rusvet-vermeyende-insani-rahatca-serleye-bilerler\/","og_locale":"az_AZ","og_type":"article","og_title":"Lerik sakini: R\u00fc\u015fv\u0259t verm\u0259y\u0259nd\u0259 insan\u0131 rahatca \u015f\u0259rl\u0259y\u0259 bil\u0259rl\u0259r? - MEYDAN.TV","og_description":"Ombudsman Aparat\u0131na \u015fikay\u0259t etdikd\u0259n sonra ona \u0259ri il\u0259 g\u00f6r\u00fc\u015f icaz\u0259si verilib.","og_url":"https:\/\/www.meydan.tv\/az\/article\/lerik-sakini-rusvet-vermeyende-insani-rahatca-serleye-bilerler\/","og_site_name":"MEYDAN.TV","article_published_time":"2021-01-14T20:43:31+00:00","og_image":[{"width":1200,"height":675,"url":"https:\/\/www.meydan.tv\/wp-content\/uploads\/136472519_1687339008106338_964634301402713455_n-1200x675.png","type":"image\/png"}],"author":"user-manager","twitter_card":"summary_large_image","schema":{"@context":"https:\/\/schema.org","@graph":[{"@type":"Article","@id":"https:\/\/www.meydan.tv\/az\/article\/lerik-sakini-rusvet-vermeyende-insani-rahatca-serleye-bilerler\/#article","isPartOf":{"@id":"https:\/\/www.meydan.tv\/az\/article\/lerik-sakini-rusvet-vermeyende-insani-rahatca-serleye-bilerler\/"},"author":{"name":"user-manager","@id":"https:\/\/www.meydan.tv\/az\/#\/schema\/person\/10d11eccf6da3662cf5fdab9806ea91a"},"headline":"Lerik sakini: R\u00fc\u015fv\u0259t verm\u0259y\u0259nd\u0259 insan\u0131 rahatca \u015f\u0259rl\u0259y\u0259 bil\u0259rl\u0259r?","datePublished":"2021-01-14T20:43:31+00:00","mainEntityOfPage":{"@id":"https:\/\/www.meydan.tv\/az\/article\/lerik-sakini-rusvet-vermeyende-insani-rahatca-serleye-bilerler\/"},"wordCount":902,"publisher":{"@id":"https:\/\/www.meydan.tv\/az\/#organization"},"image":{"@id":"https:\/\/www.meydan.tv\/az\/article\/lerik-sakini-rusvet-vermeyende-insani-rahatca-serleye-bilerler\/#primaryimage"},"thumbnailUrl":"https:\/\/www.meydan.tv\/wp-content\/uploads\/136472519_1687339008106338_964634301402713455_n.png","articleSection":["B\u00f6lg\u0259"],"inLanguage":"az"},{"@type":"WebPage","@id":"https:\/\/www.meydan.tv\/az\/article\/lerik-sakini-rusvet-vermeyende-insani-rahatca-serleye-bilerler\/","url":"https:\/\/www.meydan.tv\/az\/article\/lerik-sakini-rusvet-vermeyende-insani-rahatca-serleye-bilerler\/","name":"Lerik sakini: R\u00fc\u015fv\u0259t verm\u0259y\u0259nd\u0259 insan\u0131 rahatca \u015f\u0259rl\u0259y\u0259 bil\u0259rl\u0259r? - MEYDAN.TV","isPartOf":{"@id":"https:\/\/www.meydan.tv\/az\/#website"},"primaryImageOfPage":{"@id":"https:\/\/www.meydan.tv\/az\/article\/lerik-sakini-rusvet-vermeyende-insani-rahatca-serleye-bilerler\/#primaryimage"},"image":{"@id":"https:\/\/www.meydan.tv\/az\/article\/lerik-sakini-rusvet-vermeyende-insani-rahatca-serleye-bilerler\/#primaryimage"},"thumbnailUrl":"https:\/\/www.meydan.tv\/wp-content\/uploads\/136472519_1687339008106338_964634301402713455_n.png","datePublished":"2021-01-14T20:43:31+00:00","breadcrumb":{"@id":"https:\/\/www.meydan.tv\/az\/article\/lerik-sakini-rusvet-vermeyende-insani-rahatca-serleye-bilerler\/#breadcrumb"},"inLanguage":"az","potentialAction":[{"@type":"ReadAction","target":["https:\/\/www.meydan.tv\/az\/article\/lerik-sakini-rusvet-vermeyende-insani-rahatca-serleye-bilerler\/"]}]},{"@type":"ImageObject","inLanguage":"az","@id":"https:\/\/www.meydan.tv\/az\/article\/lerik-sakini-rusvet-vermeyende-insani-rahatca-serleye-bilerler\/#primaryimage","url":"https:\/\/www.meydan.tv\/wp-content\/uploads\/136472519_1687339008106338_964634301402713455_n.png","contentUrl":"https:\/\/www.meydan.tv\/wp-content\/uploads\/136472519_1687339008106338_964634301402713455_n.png","width":1920,"height":1080,"caption":"Source: Specify Source"},{"@type":"BreadcrumbList","@id":"https:\/\/www.meydan.tv\/az\/article\/lerik-sakini-rusvet-vermeyende-insani-rahatca-serleye-bilerler\/#breadcrumb","itemListElement":[{"@type":"ListItem","position":1,"name":"Ana s\u0259hif\u0259","item":"https:\/\/www.meydan.tv\/az\/"},{"@type":"ListItem","position":2,"name":"B\u00f6lg\u0259","item":"https:\/\/www.meydan.tv\/az\/section\/bolge\/"},{"@type":"ListItem","position":3,"name":"Lerik sakini: R\u00fc\u015fv\u0259t verm\u0259y\u0259nd\u0259 insan\u0131 rahatca \u015f\u0259rl\u0259y\u0259 bil\u0259rl\u0259r?"}]},{"@type":"WebSite","@id":"https:\/\/www.meydan.tv\/az\/#website","url":"https:\/\/www.meydan.tv\/az\/","name":"MEYDAN.TV","description":"Meydan TV Az\u0259rbaycan\u0131n media m\u0259kan\u0131ndak\u0131 alternativ s\u0259sidir","publisher":{"@id":"https:\/\/www.meydan.tv\/az\/#organization"},"potentialAction":[{"@type":"SearchAction","target":{"@type":"EntryPoint","urlTemplate":"https:\/\/www.meydan.tv\/az\/?s={search_term_string}"},"query-input":{"@type":"PropertyValueSpecification","valueRequired":true,"valueName":"search_term_string"}}],"inLanguage":"az"},{"@type":"Organization","@id":"https:\/\/www.meydan.tv\/az\/#organization","name":"Meydan TV","url":"https:\/\/www.meydan.tv\/az\/","logo":{"@type":"ImageObject","inLanguage":"az","@id":"https:\/\/www.meydan.tv\/az\/#\/schema\/logo\/image\/","url":"https:\/\/www.meydan.tv\/wp-content\/uploads\/2021\/07\/meydan-logo.svg","contentUrl":"https:\/\/www.meydan.tv\/wp-content\/uploads\/2021\/07\/meydan-logo.svg","width":195,"height":46,"caption":"Meydan TV"},"image":{"@id":"https:\/\/www.meydan.tv\/az\/#\/schema\/logo\/image\/"}},{"@type":"Person","@id":"https:\/\/www.meydan.tv\/az\/#\/schema\/person\/10d11eccf6da3662cf5fdab9806ea91a","name":"user-manager"}]}},"_links":{"self":[{"href":"https:\/\/www.meydan.tv\/az\/wp-json\/wp\/v2\/posts\/204508","targetHints":{"allow":["GET"]}}],"collection":[{"href":"https:\/\/www.meydan.tv\/az\/wp-json\/wp\/v2\/posts"}],"about":[{"href":"https:\/\/www.meydan.tv\/az\/wp-json\/wp\/v2\/types\/post"}],"author":[{"embeddable":true,"href":"https:\/\/www.meydan.tv\/az\/wp-json\/wp\/v2\/users\/11"}],"replies":[{"embeddable":true,"href":"https:\/\/www.meydan.tv\/az\/wp-json\/wp\/v2\/comments?post=204508"}],"version-history":[{"count":0,"href":"https:\/\/www.meydan.tv\/az\/wp-json\/wp\/v2\/posts\/204508\/revisions"}],"wp:featuredmedia":[{"embeddable":true,"href":"https:\/\/www.meydan.tv\/az\/wp-json\/wp\/v2\/media\/154665"}],"wp:attachment":[{"href":"https:\/\/www.meydan.tv\/az\/wp-json\/wp\/v2\/media?parent=204508"}],"wp:term":[{"taxonomy":"category","embeddable":true,"href":"https:\/\/www.meydan.tv\/az\/wp-json\/wp\/v2\/categories?post=204508"},{"taxonomy":"post_tag","embeddable":true,"href":"https:\/\/www.meydan.tv\/az\/wp-json\/wp\/v2\/tags?post=204508"}],"curies":[{"name":"wp","href":"https:\/\/api.w.org\/{rel}","templated":true}]}}