{"id":204481,"date":"2021-01-13T13:27:49","date_gmt":"2021-01-13T13:27:49","guid":{"rendered":"https:\/\/www.meydan.tv\/article\/eli-hesenovun-ailesine-mexsus-oldugu-deyilen-6-sirket-legv-edilib\/"},"modified":"2021-01-13T13:27:49","modified_gmt":"2021-01-13T13:27:49","slug":"eli-hesenovun-ailesine-mexsus-oldugu-deyilen-6-sirket-legv-edilib","status":"publish","type":"post","link":"https:\/\/www.meydan.tv\/az\/article\/eli-hesenovun-ailesine-mexsus-oldugu-deyilen-6-sirket-legv-edilib\/","title":{"rendered":"\u018fli H\u0259s\u0259novun ail\u0259sin\u0259 m\u0259xsus oldu\u011fu deyil\u0259n 6 \u015firk\u0259t l\u0259\u011fv edilib"},"content":{"rendered":"<p>\n  <i><br \/>\n    \u015eirk\u0259tl\u0259rin k\u00f6n\u00fcll\u00fc ba\u011fland\u0131\u011f\u0131 bildirilir<br \/>\n  <\/i>\n<\/p>\n<p>\n  Yanvar\u0131n 13-d\u0259 Prezidentin ictimai-siyasi m\u0259s\u0259l\u0259l\u0259r \u00fczr\u0259 sabiq k\u00f6m\u0259k\u00e7isi \u018fli H\u0259s\u0259novun ail\u0259sin\u0259 m\u0259xsus oldu\u011fu deyil\u0259n 6 \u015firk\u0259tinin k\u00f6n\u00fcll\u00fc l\u0259\u011fv edildiyi elan edilib.\n<\/p>\n<p>\n  Bu bar\u0259d\u0259 D\u00f6vl\u0259t Vergi Xidm\u0259tinin \u201cVergiler\u201d onlayn q\u0259zetind\u0259 elan verilib.\n<\/p>\n<p>\n  Q\u0259zetd\u0259 l\u0259\u011fv edil\u0259n \u015firk\u0259tl\u0259rin siyah\u0131s\u0131 da d\u0259rc edilib.\n<\/p>\n<p>\n  \u015eirk\u0259tl\u0259rin adlar\u0131 \u201cBak\u0131 24\u201d, \u201cKaspi AZ\u201d, \u201cM\u0259tbuat Evi\u201d, \u201cGolden Prince\u201d, \u201cGlobal Advertisment\u201d MMC-l\u0259r v\u0259 \u201cKaspi Co\u201d MTK-d\u0131r.\n<\/p>\n<p>\n  Noyabr\u0131n 29-da d\u00f6vl\u0259t ba\u015f\u00e7\u0131s\u0131 \u0130lham \u018fliyevin s\u0259r\u0259ncam\u0131 il\u0259 Prezident Administrasiyas\u0131n\u0131n yeni strukturu t\u0259sdiq olunub.\n<\/p>\n<p>\n  Bildirilib ki, Prezident Administrasiyas\u0131n\u0131n i\u015finin t\u0259kmill\u0259\u015fdirilm\u0259si v\u0259 qar\u015f\u0131ya qoyulan v\u0259zif\u0259l\u0259rd\u0259n ir\u0259li g\u0259l\u0259r\u0259k strukturun t\u0259rkibi yenid\u0259n formala\u015fd\u0131r\u0131l\u0131b, prezidentin yeni k\u00f6m\u0259k\u00e7il\u0259ri v\u0259 administrasiyan\u0131n \u015f\u00f6b\u0259 m\u00fcdirl\u0259ri t\u0259yin olunub.\n<\/p>\n<p>\n  Siyah\u0131da 2015-ci ild\u0259n Prezidentin \u0130ctimai-siyasi m\u0259s\u0259l\u0259l\u0259r \u00fczr\u0259 k\u00f6m\u0259k\u00e7isi v\u0259 \u015f\u00f6b\u0259 m\u00fcdiri \u018fli H\u0259s\u0259nov ad\u0131 yoxdur.\n<\/p>\n<p>\n  Prezidentin<br \/>\n  <a href=\"https:\/\/www.meydan.tv\/az\/article\/eli-hesenov-vezifesinden-azad-olundu\/?ref=homepage-news\"><br \/>\n    s\u0259r\u0259ncam\u0131<br \/>\n  <\/a><br \/>\n  il\u0259 o, tutdu\u011fu v\u0259zif\u0259d\u0259n azad olunub.\n<\/p>\n<p>\n  \u018fli H\u0259s\u0259nov 1995-ci ild\u0259n Prezident Administrasiyas\u0131n\u0131n ictimai-siyasi m\u0259s\u0259l\u0259l\u0259r \u015f\u00f6b\u0259sin\u0259 r\u0259hb\u0259rlik edib.\n<\/p>\n<p>\n  2015-ci ild\u0259 \u015f\u00f6b\u0259 m\u00fcdiri v\u0259zif\u0259sini saxlamaqla, h\u0259m d\u0259 Prezidentinin ictimai-siyasi m\u0259s\u0259l\u0259l\u0259r \u00fczr\u0259 k\u00f6m\u0259k\u00e7isi t\u0259yin olunub.<\/p>\n","protected":false},"excerpt":{"rendered":"<p>\u015eirk\u0259tl\u0259rin adlar\u0131 \u201cBak\u0131 24\u201d, \u201cKaspi AZ\u201d, \u201cM\u0259tbuat Evi\u201d, \u201cGolden Prince\u201d, \u201cGlobal Advertisment\u201d MMC-l\u0259r v\u0259 \u201cKaspi Co\u201d MTK-d\u0131r.<\/p>\n","protected":false},"author":11,"featured_media":154683,"comment_status":"closed","ping_status":"open","sticky":false,"template":"","format":"standard","meta":{"_acf_changed":false,"_sitemap_exclude":false,"_sitemap_priority":"","_sitemap_frequency":"","footnotes":""},"categories":[59],"tags":[],"class_list":["post-204481","post","type-post","status-publish","format-standard","has-post-thumbnail","hentry","category-siyaset","infinite-scroll-item","generate-columns","tablet-grid-50","mobile-grid-100","grid-parent","grid-33","no-featured-image-padding"],"acf":[],"yoast_head":"<!-- This site is optimized with the Yoast SEO plugin v28.4 - https:\/\/yoast.com\/product\/yoast-seo-wordpress\/ -->\n<title>\u018fli H\u0259s\u0259novun ail\u0259sin\u0259 m\u0259xsus oldu\u011fu deyil\u0259n 6 \u015firk\u0259t l\u0259\u011fv edilib - MEYDAN.TV<\/title>\n<meta name=\"robots\" content=\"index, follow, max-snippet:-1, max-image-preview:large, max-video-preview:-1\" \/>\n<link rel=\"canonical\" href=\"https:\/\/www.meydan.tv\/az\/article\/eli-hesenovun-ailesine-mexsus-oldugu-deyilen-6-sirket-legv-edilib\/\" \/>\n<meta property=\"og:locale\" content=\"az_AZ\" \/>\n<meta property=\"og:type\" content=\"article\" \/>\n<meta property=\"og:title\" content=\"\u018fli H\u0259s\u0259novun ail\u0259sin\u0259 m\u0259xsus oldu\u011fu deyil\u0259n 6 \u015firk\u0259t l\u0259\u011fv edilib - MEYDAN.TV\" \/>\n<meta property=\"og:description\" content=\"\u015eirk\u0259tl\u0259rin adlar\u0131 \u201cBak\u0131 24\u201d, \u201cKaspi AZ\u201d, \u201cM\u0259tbuat Evi\u201d, \u201cGolden Prince\u201d, \u201cGlobal Advertisment\u201d MMC-l\u0259r v\u0259 \u201cKaspi Co\u201d MTK-d\u0131r.\" \/>\n<meta property=\"og:url\" content=\"https:\/\/www.meydan.tv\/az\/article\/eli-hesenovun-ailesine-mexsus-oldugu-deyilen-6-sirket-legv-edilib\/\" \/>\n<meta property=\"og:site_name\" content=\"MEYDAN.TV\" \/>\n<meta property=\"article:published_time\" content=\"2021-01-13T13:27:49+00:00\" \/>\n<meta property=\"og:image\" content=\"https:\/\/www.meydan.tv\/wp-content\/uploads\/ali_kizgu0y.jpg\" \/>\n\t<meta property=\"og:image:width\" content=\"1000\" \/>\n\t<meta property=\"og:image:height\" content=\"666\" \/>\n\t<meta property=\"og:image:type\" content=\"image\/jpeg\" \/>\n<meta name=\"twitter:card\" content=\"summary_large_image\" \/>\n<!-- \/ Yoast SEO plugin. -->","yoast_head_json":{"title":"\u018fli H\u0259s\u0259novun ail\u0259sin\u0259 m\u0259xsus oldu\u011fu deyil\u0259n 6 \u015firk\u0259t l\u0259\u011fv edilib - MEYDAN.TV","robots":{"index":"index","follow":"follow","max-snippet":"max-snippet:-1","max-image-preview":"max-image-preview:large","max-video-preview":"max-video-preview:-1"},"canonical":"https:\/\/www.meydan.tv\/az\/article\/eli-hesenovun-ailesine-mexsus-oldugu-deyilen-6-sirket-legv-edilib\/","og_locale":"az_AZ","og_type":"article","og_title":"\u018fli H\u0259s\u0259novun ail\u0259sin\u0259 m\u0259xsus oldu\u011fu deyil\u0259n 6 \u015firk\u0259t l\u0259\u011fv edilib - MEYDAN.TV","og_description":"\u015eirk\u0259tl\u0259rin adlar\u0131 \u201cBak\u0131 24\u201d, \u201cKaspi AZ\u201d, \u201cM\u0259tbuat Evi\u201d, \u201cGolden Prince\u201d, \u201cGlobal Advertisment\u201d MMC-l\u0259r v\u0259 \u201cKaspi Co\u201d MTK-d\u0131r.","og_url":"https:\/\/www.meydan.tv\/az\/article\/eli-hesenovun-ailesine-mexsus-oldugu-deyilen-6-sirket-legv-edilib\/","og_site_name":"MEYDAN.TV","article_published_time":"2021-01-13T13:27:49+00:00","og_image":[{"width":1000,"height":666,"url":"https:\/\/www.meydan.tv\/wp-content\/uploads\/ali_kizgu0y.jpg","type":"image\/jpeg"}],"twitter_card":"summary_large_image","schema":{"@context":"https:\/\/schema.org","@graph":[{"@type":"Article","@id":"https:\/\/www.meydan.tv\/az\/article\/eli-hesenovun-ailesine-mexsus-oldugu-deyilen-6-sirket-legv-edilib\/#article","isPartOf":{"@id":"https:\/\/www.meydan.tv\/az\/article\/eli-hesenovun-ailesine-mexsus-oldugu-deyilen-6-sirket-legv-edilib\/"},"author":{"name":"user-manager","@id":"https:\/\/www.meydan.tv\/az\/#\/schema\/person\/10d11eccf6da3662cf5fdab9806ea91a"},"headline":"\u018fli H\u0259s\u0259novun ail\u0259sin\u0259 m\u0259xsus oldu\u011fu deyil\u0259n 6 \u015firk\u0259t l\u0259\u011fv edilib","datePublished":"2021-01-13T13:27:49+00:00","mainEntityOfPage":{"@id":"https:\/\/www.meydan.tv\/az\/article\/eli-hesenovun-ailesine-mexsus-oldugu-deyilen-6-sirket-legv-edilib\/"},"wordCount":283,"publisher":{"@id":"https:\/\/www.meydan.tv\/az\/#organization"},"image":{"@id":"https:\/\/www.meydan.tv\/az\/article\/eli-hesenovun-ailesine-mexsus-oldugu-deyilen-6-sirket-legv-edilib\/#primaryimage"},"thumbnailUrl":"https:\/\/www.meydan.tv\/wp-content\/uploads\/ali_kizgu0y.jpg","articleSection":["Siyas\u0259t"],"inLanguage":"az"},{"@type":"WebPage","@id":"https:\/\/www.meydan.tv\/az\/article\/eli-hesenovun-ailesine-mexsus-oldugu-deyilen-6-sirket-legv-edilib\/","url":"https:\/\/www.meydan.tv\/az\/article\/eli-hesenovun-ailesine-mexsus-oldugu-deyilen-6-sirket-legv-edilib\/","name":"\u018fli H\u0259s\u0259novun ail\u0259sin\u0259 m\u0259xsus oldu\u011fu deyil\u0259n 6 \u015firk\u0259t l\u0259\u011fv edilib - MEYDAN.TV","isPartOf":{"@id":"https:\/\/www.meydan.tv\/az\/#website"},"primaryImageOfPage":{"@id":"https:\/\/www.meydan.tv\/az\/article\/eli-hesenovun-ailesine-mexsus-oldugu-deyilen-6-sirket-legv-edilib\/#primaryimage"},"image":{"@id":"https:\/\/www.meydan.tv\/az\/article\/eli-hesenovun-ailesine-mexsus-oldugu-deyilen-6-sirket-legv-edilib\/#primaryimage"},"thumbnailUrl":"https:\/\/www.meydan.tv\/wp-content\/uploads\/ali_kizgu0y.jpg","datePublished":"2021-01-13T13:27:49+00:00","breadcrumb":{"@id":"https:\/\/www.meydan.tv\/az\/article\/eli-hesenovun-ailesine-mexsus-oldugu-deyilen-6-sirket-legv-edilib\/#breadcrumb"},"inLanguage":"az","potentialAction":[{"@type":"ReadAction","target":["https:\/\/www.meydan.tv\/az\/article\/eli-hesenovun-ailesine-mexsus-oldugu-deyilen-6-sirket-legv-edilib\/"]}]},{"@type":"ImageObject","inLanguage":"az","@id":"https:\/\/www.meydan.tv\/az\/article\/eli-hesenovun-ailesine-mexsus-oldugu-deyilen-6-sirket-legv-edilib\/#primaryimage","url":"https:\/\/www.meydan.tv\/wp-content\/uploads\/ali_kizgu0y.jpg","contentUrl":"https:\/\/www.meydan.tv\/wp-content\/uploads\/ali_kizgu0y.jpg","width":1000,"height":666,"caption":"Source: \u0410\u0440\u0445\u0438\u0432"},{"@type":"BreadcrumbList","@id":"https:\/\/www.meydan.tv\/az\/article\/eli-hesenovun-ailesine-mexsus-oldugu-deyilen-6-sirket-legv-edilib\/#breadcrumb","itemListElement":[{"@type":"ListItem","position":1,"name":"Ana s\u0259hif\u0259","item":"https:\/\/www.meydan.tv\/az\/"},{"@type":"ListItem","position":2,"name":"Siyas\u0259t","item":"https:\/\/www.meydan.tv\/az\/section\/siyaset\/"},{"@type":"ListItem","position":3,"name":"\u018fli H\u0259s\u0259novun ail\u0259sin\u0259 m\u0259xsus oldu\u011fu deyil\u0259n 6 \u015firk\u0259t l\u0259\u011fv edilib"}]},{"@type":"WebSite","@id":"https:\/\/www.meydan.tv\/az\/#website","url":"https:\/\/www.meydan.tv\/az\/","name":"MEYDAN.TV","description":"Meydan TV Az\u0259rbaycan\u0131n media m\u0259kan\u0131ndak\u0131 alternativ s\u0259sidir","publisher":{"@id":"https:\/\/www.meydan.tv\/az\/#organization"},"potentialAction":[{"@type":"SearchAction","target":{"@type":"EntryPoint","urlTemplate":"https:\/\/www.meydan.tv\/az\/?s={search_term_string}"},"query-input":{"@type":"PropertyValueSpecification","valueRequired":true,"valueName":"search_term_string"}}],"inLanguage":"az"},{"@type":"Organization","@id":"https:\/\/www.meydan.tv\/az\/#organization","name":"Meydan TV","url":"https:\/\/www.meydan.tv\/az\/","logo":{"@type":"ImageObject","inLanguage":"az","@id":"https:\/\/www.meydan.tv\/az\/#\/schema\/logo\/image\/","url":"https:\/\/www.meydan.tv\/wp-content\/uploads\/2021\/07\/meydan-logo.svg","contentUrl":"https:\/\/www.meydan.tv\/wp-content\/uploads\/2021\/07\/meydan-logo.svg","width":195,"height":46,"caption":"Meydan TV"},"image":{"@id":"https:\/\/www.meydan.tv\/az\/#\/schema\/logo\/image\/"}},{"@type":"Person","@id":"https:\/\/www.meydan.tv\/az\/#\/schema\/person\/10d11eccf6da3662cf5fdab9806ea91a","name":"user-manager"}]}},"_links":{"self":[{"href":"https:\/\/www.meydan.tv\/az\/wp-json\/wp\/v2\/posts\/204481","targetHints":{"allow":["GET"]}}],"collection":[{"href":"https:\/\/www.meydan.tv\/az\/wp-json\/wp\/v2\/posts"}],"about":[{"href":"https:\/\/www.meydan.tv\/az\/wp-json\/wp\/v2\/types\/post"}],"author":[{"embeddable":true,"href":"https:\/\/www.meydan.tv\/az\/wp-json\/wp\/v2\/users\/11"}],"replies":[{"embeddable":true,"href":"https:\/\/www.meydan.tv\/az\/wp-json\/wp\/v2\/comments?post=204481"}],"version-history":[{"count":0,"href":"https:\/\/www.meydan.tv\/az\/wp-json\/wp\/v2\/posts\/204481\/revisions"}],"wp:featuredmedia":[{"embeddable":true,"href":"https:\/\/www.meydan.tv\/az\/wp-json\/wp\/v2\/media\/154683"}],"wp:attachment":[{"href":"https:\/\/www.meydan.tv\/az\/wp-json\/wp\/v2\/media?parent=204481"}],"wp:term":[{"taxonomy":"category","embeddable":true,"href":"https:\/\/www.meydan.tv\/az\/wp-json\/wp\/v2\/categories?post=204481"},{"taxonomy":"post_tag","embeddable":true,"href":"https:\/\/www.meydan.tv\/az\/wp-json\/wp\/v2\/tags?post=204481"}],"curies":[{"name":"wp","href":"https:\/\/api.w.org\/{rel}","templated":true}]}}