{"id":204460,"date":"2021-01-12T10:39:00","date_gmt":"2021-01-12T10:39:00","guid":{"rendered":"https:\/\/www.meydan.tv\/article\/saatli-sakini-dost-merkezi-meni-aldadib\/"},"modified":"2021-01-12T10:39:00","modified_gmt":"2021-01-12T10:39:00","slug":"saatli-sakini-dost-merkezi-meni-aldadib","status":"publish","type":"post","link":"https:\/\/www.meydan.tv\/az\/article\/saatli-sakini-dost-merkezi-meni-aldadib\/","title":{"rendered":"Saatl\u0131 sakini: DOST \u0130\u015f M\u0259rk\u0259zi m\u0259ni aldad\u0131b"},"content":{"rendered":"<p>\n  <i><br \/>\n    \u201cV\u0259t\u0259nda\u015fa bel\u0259 qeyri-ciddi yana\u015fma\u011f olmaz\u201d<br \/>\n  <\/i>\n<\/p>\n<p>\n  \u201c\u00d6t\u0259n ilin \u0259vv\u0259li Meydan TV-y\u0259 m\u00fcraci\u0259t etdim, o m\u00fcraci\u0259timd\u0259n sonra rayonumuzun M\u0259\u015f\u011fulluq M\u0259rk\u0259zind\u0259n m\u0259niml\u0259 \u0259laq\u0259 saxlad\u0131lar, ora d\u0259v\u0259t etdil\u0259r. Getdim, dedil\u0259r, DOST \u0130\u015f M\u0259rk\u0259zi s\u0259ninl\u0259 i\u015f m\u00fcqavil\u0259si ba\u011flamaq ist\u0259yir, i\u015fl\u0259 t\u0259min olunursan. M\u00fcqavil\u0259 ba\u011fland\u0131, m\u00fcqavil\u0259nin sur\u0259tini ist\u0259dim, m\u0259n\u0259 verm\u0259dil\u0259r. M\u0259n\u0259 bir kart verildi, dedim, b\u0259s i\u015f n\u0259d\u0259n ibar\u0259t olacaq? Dedil\u0259r, get, otur evd\u0259, maa\u015f\u0131n karta vurulacaq. \u0130\u015f olanda x\u0259b\u0259r ed\u0259c\u0259yik, i\u015f\u0259 d\u0259 \u00e7\u0131xacaqsan. Karta c\u0259mi iki ay pul k\u00f6\u00e7\u00fcr\u00fcld\u00fc\u201d.\n<\/p>\n<p>\n  Bunu Meydan TV-y\u0259 Saatl\u0131 rayon sakini \u00dclk\u0259r \u018fliyeva deyir.\n<\/p>\n<p>\n  <b><br \/>\n    Z\u0259ng g\u0259ldi, sevindim, amma&#8230;<br \/>\n  <\/b>\n<\/p>\n<p>\n  \u00d6t\u0259n ilin mart\u0131nda \u00dclk\u0259r \u018fliyeva Meydan TV-y\u0259<br \/>\n  <a href=\"https:\/\/www.meydan.tv\/az\/article\/qamis-evde-yasayan-aile-hokumete-seslenir-bize-verin\/?ref=search\"><br \/>\n    m\u00fcraci\u0259t<br \/>\n  <\/a><br \/>\n  etmi\u015fdi. O, i\u015fsizlikd\u0259n, ail\u0259nin durumundan s\u00f6z a\u00e7m\u0131\u015fd\u0131. \u00dclk\u0259r xan\u0131m\u0131n h\u0259yat yolda\u015f\u0131 ill\u0259rdir ki, \u015fizofreniyadan \u0259ziyy\u0259t \u00e7\u0259kir. Ail\u0259nin y\u00fck\u00fc xan\u0131m\u0131n \u00e7iynind\u0259dir. O, ya\u015fay\u0131\u015f \u015f\u0259raitinin a\u011f\u0131rl\u0131\u011f\u0131ndan, iki \u00f6vlad\u0131n\u0131n qay\u011f\u0131lar\u0131ndan dan\u0131\u015fm\u0131\u015fd\u0131. \u00dclk\u0259r xan\u0131m t\u0259krar Meydan TV-y\u0259 m\u00fcraci\u0259t edib. Bu d\u0259f\u0259 onun \u015fikay\u0259ti DOST \u0130\u015f M\u0259rk\u0259zind\u0259ndir. Dem\u0259sin\u0259 g\u00f6r\u0259, Meydan TV xan\u0131m\u0131n probleml\u0259rini i\u015f\u0131qland\u0131randan sonra ona DOST \u0130\u015f M\u0259rk\u0259zind\u0259n z\u0259ng edilib, i\u015f t\u0259klif olunub. O da sevinc\u0259k q\u0259bul edib. Ancaq sevinci uzun s\u00fcrm\u0259yib.\n<\/p>\n<p>\n  <b><br \/>\n    \u201cH\u0259l\u0259 d\u0259 bilmir\u0259m ki, o, n\u0259 pul idi\u201d<br \/>\n  <\/b>\n<\/p>\n<p>\n  \u201cT\u0259xmin\u0259n may\u0131n \u0259vv\u0259ll\u0259ri idi, m\u0259ni \u00e7a\u011f\u0131r\u0131b i\u015f m\u00fcqavil\u0259si ba\u011flad\u0131lar. \u0130yun v\u0259 iyul aylar\u0131nda karta h\u0259r ay 250 manat olmaqla pul k\u00f6\u00e7\u00fcr\u00fcld\u00fc. Avqustda kart\u0131 yoxlayanda pul yox idi. Bir m\u00fcdd\u0259t g\u00f6zl\u0259yib M\u0259\u015f\u011fulluq M\u0259rk\u0259zin\u0259 m\u00fcraci\u0259t etdim. Gah dedil\u0259r, o pul pandemiyaya g\u00f6r\u0259 verilib, gah dedil\u0259r, maa\u015f idi. Bir s\u00f6zl\u0259, m\u0259n h\u0259l\u0259 d\u0259 bilmir\u0259m ki, o, n\u0259 pul idi&#8230; Pandemiyaya g\u00f6r\u0259 verilmi\u015fdis\u0259, n\u0259y\u0259 g\u00f6r\u0259 m\u0259niml\u0259 i\u015f m\u00fcqavil\u0259si ba\u011flanm\u0131\u015fd\u0131, pandemiyaya g\u00f6r\u0259 pul i\u015f\u015fizl\u0259r\u0259 verilir ax\u0131&#8230; \u00dcst\u0259lik d\u0259, pandemiyaya g\u00f6r\u0259 veril\u0259n yard\u0131m\u0131n m\u0259bl\u0259\u011fi 190 manatd\u0131r. M\u0259nim is\u0259 kart\u0131ma h\u0259r ay 250 manat k\u00f6\u00e7\u00fcr\u00fclm\u00fc\u015fd\u00fc. M\u0259\u015f\u011fulluq M\u0259rk\u0259zind\u0259 suallar\u0131m cavabs\u0131z qald\u0131. Bel\u0259 ba\u015fa d\u00fc\u015fd\u00fcm ki, kim problemini ictimail\u0259\u015fdirirs\u0259, DOST \u0130\u015f M\u0259rk\u0259zi h\u0259min v\u0259t\u0259nda\u015f\u0131n a\u011fz\u0131n\u0131 yummaq \u00fc\u00e7\u00fcn h\u0259r\u0259k\u0259t\u0259 ke\u00e7ir, saxta bir i\u015f m\u00fcqavil\u0259si ba\u011flay\u0131b, cibin\u0259 bir kart verib, v\u0259t\u0259nda\u015f\u0131 yalandan \u00fcmidl\u0259ndirir. M\u0259nims\u0259 h\u00f6kum\u0259tin bu oyunlar\u0131na tab g\u0259tir\u0259c\u0259k hal\u0131m yoxdur. M\u0259n\u0259 konkret i\u015f, maa\u015f laz\u0131md\u0131r. V\u0259t\u0259nda\u015fa bel\u0259 qeyri-ciddi yana\u015fma\u011f olmaz. \u0130ll\u0259rdir ki rayonumuzun M\u0259\u015f\u011fulluq M\u0259rk\u0259zin\u0259 i\u015f \u00fc\u00e7\u00fcn m\u00fcraci\u0259t edir\u0259m. Bu da bunlar\u0131n m\u0259n\u0259 verdiyi i\u015f&#8230;\u201d,- \u015fikay\u0259t\u00e7i deyir.\n<\/p>\n<figure class=\"wp-block-image size-large\">\n  <img decoding=\"async\" src=\"https:\/\/www.meydan.tv\/az\/download-2-jpg-2\/\" alt=\"download (2).jpg\" class=\"wp-image-154584\"\/><figcaption>\n    &#8220;&#8230;DOST \u0130\u015f M\u0259rk\u0259zi h\u0259min v\u0259t\u0259nda\u015f\u0131n a\u011fz\u0131n\u0131 yummaq \u00fc\u00e7\u00fcn h\u0259r\u0259k\u0259t\u0259 ke\u00e7ir, saxta bir i\u015f m\u00fcqavil\u0259si ba\u011flay\u0131b&#8221;<br \/>\n  <\/figcaption><\/figure>\n<p>\n  <b><br \/>\n    \u201cPensiya d\u0259rmanlara \u00e7atm\u0131r\u201d<br \/>\n  <\/b>\n<\/p>\n<p>\n  \u00dclk\u0259r xan\u0131m deyir haz\u0131rda h\u0259yat yolda\u015f\u0131n\u0131n x\u0259st\u0259liyin\u0259 g\u00f6r\u0259 \u00f6d\u0259nil\u0259n 230 manat pensiya il\u0259 dolanmaq olmur:\n<\/p>\n<p>\n  \u201c\u0130mkans\u0131zl\u0131qdan i\u015f\u0131q, qaz pulunu \u00f6d\u0259y\u0259 bilmir\u0259m. H\u0259ft\u0259l\u0259rl\u0259 i\u015f\u0131\u011f\u0131m\u0131z, qaz\u0131m\u0131z olmur. Bu d\u0259qiq\u0259 u\u015faqlar evd\u0259 \u0259l-ayaqlar\u0131 dona-dona d\u0259rs edirl\u0259r. Ev deyil, sanki buzxanad\u0131r, bu \u015f\u0259raitd\u0259 \u015fizofreniya x\u0259st\u0259si olan h\u0259yat yolda\u015f\u0131m da z\u00fclm \u00e7\u0259kir. Onun x\u0259st\u0259liyin\u0259 g\u00f6r\u0259 ald\u0131\u011f\u0131 230 manat pensiya he\u00e7 \u00f6z d\u0259rmanlar\u0131na \u00e7atm\u0131r. H\u00f6kum\u0259td\u0259n n\u0259 ist\u0259yir\u0259m ki? Yaln\u0131z i\u015f&#8230; He\u00e7 bir m\u0259mura \u0259l a\u00e7\u0131b demir\u0259m ki, \u015f\u0259xsi b\u00fcdc\u0259nd\u0259n k\u00f6m\u0259k et, deyir\u0259m, m\u0259n\u0259 i\u015f verin, i\u015fl\u0259yim, \u00f6vladlar\u0131m\u0131 oxudum, bir yer\u0259 \u00e7\u0131xard\u0131m. Qam\u0131\u015f evd\u0259 ya\u015fay\u0131r\u0131q. D\u00f6\u015f\u0259m\u0259 o q\u0259d\u0259r \u00e7\u00fcr\u00fcy\u00fcb ki, \u00fcst\u00fcnd\u0259 g\u0259z\u0259 bilmirik. Yer\u0259 d\u0259mirl\u0259r b\u0259rkitmi\u015fik ki, aya\u011f\u0131m\u0131z d\u00f6\u015f\u0259m\u0259nin aras\u0131na d\u00fc\u015f\u00fcb, yaralanmas\u0131n. Ev ba\u015f\u0131m\u0131za \u00e7\u00f6k\u00fcr, ac, susuz, i\u015f yox, \u00e7\u00f6r\u0259k yox, nec\u0259 ya\u015fayaq, bilmirik. \u00d6vladlar\u0131m acd\u0131r, ac qar\u0131na is\u0259 d\u0259rs oxumaq olmur\u201d.\n<\/p>\n<p>\n  \u00dclk\u0259r xan\u0131m h\u0259r iki \u00f6vlad\u0131n\u0131n t\u0259hsil\u0259 h\u0259v\u0259s g\u00f6st\u0259rm\u0259sin\u0259 sevinir, ancaq u\u015faqlar\u0131n t\u0259hsill\u0259rini davam etdirm\u0259y\u0259 maddi imkanlar\u0131n\u0131n olmamas\u0131ndan \u00fcz\u00fcl\u00fcr.\n<\/p>\n<p>\n  Saatl\u0131 Tayon M\u0259\u015f\u011fulluq M\u0259rk\u0259zind\u0259n Meydan TV-y\u0259 bildirilib ki, \u00dclk\u0259r \u018fliyeva M\u0259rk\u0259z\u0259 yax\u0131nla\u015fsa, m\u0259s\u0259l\u0259 ara\u015fd\u0131r\u0131lar.<\/p>\n","protected":false},"excerpt":{"rendered":"<p>&#8220;Bu d\u0259qiq\u0259 u\u015faqlar evd\u0259 \u0259l-ayaqlar\u0131 dona-dona d\u0259rs edirl\u0259r&#8221;.<\/p>\n","protected":false},"author":11,"featured_media":154581,"comment_status":"closed","ping_status":"open","sticky":false,"template":"","format":"standard","meta":{"_acf_changed":false,"_sitemap_exclude":false,"_sitemap_priority":"","_sitemap_frequency":"","footnotes":""},"categories":[60],"tags":[],"class_list":["post-204460","post","type-post","status-publish","format-standard","has-post-thumbnail","hentry","category-bolge","infinite-scroll-item","generate-columns","tablet-grid-50","mobile-grid-100","grid-parent","grid-33","no-featured-image-padding"],"acf":[],"yoast_head":"<!-- This site is optimized with the Yoast SEO plugin v27.5 - https:\/\/yoast.com\/product\/yoast-seo-wordpress\/ -->\n<title>Saatl\u0131 sakini: DOST \u0130\u015f M\u0259rk\u0259zi m\u0259ni aldad\u0131b - MEYDAN.TV<\/title>\n<meta name=\"robots\" content=\"index, follow, max-snippet:-1, max-image-preview:large, max-video-preview:-1\" \/>\n<link rel=\"canonical\" href=\"https:\/\/www.meydan.tv\/az\/article\/saatli-sakini-dost-merkezi-meni-aldadib\/\" \/>\n<meta property=\"og:locale\" content=\"az_AZ\" \/>\n<meta property=\"og:type\" content=\"article\" \/>\n<meta property=\"og:title\" content=\"Saatl\u0131 sakini: DOST \u0130\u015f M\u0259rk\u0259zi m\u0259ni aldad\u0131b - MEYDAN.TV\" \/>\n<meta property=\"og:description\" content=\"&quot;Bu d\u0259qiq\u0259 u\u015faqlar evd\u0259 \u0259l-ayaqlar\u0131 dona-dona d\u0259rs edirl\u0259r&quot;.\" \/>\n<meta property=\"og:url\" content=\"https:\/\/www.meydan.tv\/az\/article\/saatli-sakini-dost-merkezi-meni-aldadib\/\" \/>\n<meta property=\"og:site_name\" content=\"MEYDAN.TV\" \/>\n<meta property=\"article:published_time\" content=\"2021-01-12T10:39:00+00:00\" \/>\n<meta property=\"og:image\" content=\"https:\/\/www.meydan.tv\/wp-content\/uploads\/img_5984.jpg\" \/>\n\t<meta property=\"og:image:width\" content=\"1000\" \/>\n\t<meta property=\"og:image:height\" content=\"750\" \/>\n\t<meta property=\"og:image:type\" content=\"image\/jpeg\" \/>\n<meta name=\"author\" content=\"user-manager\" \/>\n<meta name=\"twitter:card\" content=\"summary_large_image\" \/>\n<script type=\"application\/ld+json\" class=\"yoast-schema-graph\">{\"@context\":\"https:\\\/\\\/schema.org\",\"@graph\":[{\"@type\":\"Article\",\"@id\":\"https:\\\/\\\/www.meydan.tv\\\/az\\\/article\\\/saatli-sakini-dost-merkezi-meni-aldadib\\\/#article\",\"isPartOf\":{\"@id\":\"https:\\\/\\\/www.meydan.tv\\\/az\\\/article\\\/saatli-sakini-dost-merkezi-meni-aldadib\\\/\"},\"author\":{\"name\":\"user-manager\",\"@id\":\"https:\\\/\\\/www.meydan.tv\\\/az\\\/#\\\/schema\\\/person\\\/10d11eccf6da3662cf5fdab9806ea91a\"},\"headline\":\"Saatl\u0131 sakini: DOST \u0130\u015f M\u0259rk\u0259zi m\u0259ni aldad\u0131b\",\"datePublished\":\"2021-01-12T10:39:00+00:00\",\"mainEntityOfPage\":{\"@id\":\"https:\\\/\\\/www.meydan.tv\\\/az\\\/article\\\/saatli-sakini-dost-merkezi-meni-aldadib\\\/\"},\"wordCount\":873,\"publisher\":{\"@id\":\"https:\\\/\\\/www.meydan.tv\\\/az\\\/#organization\"},\"image\":{\"@id\":\"https:\\\/\\\/www.meydan.tv\\\/az\\\/article\\\/saatli-sakini-dost-merkezi-meni-aldadib\\\/#primaryimage\"},\"thumbnailUrl\":\"https:\\\/\\\/www.meydan.tv\\\/wp-content\\\/uploads\\\/img_5984.jpg\",\"articleSection\":[\"B\u00f6lg\u0259\"],\"inLanguage\":\"az\"},{\"@type\":\"WebPage\",\"@id\":\"https:\\\/\\\/www.meydan.tv\\\/az\\\/article\\\/saatli-sakini-dost-merkezi-meni-aldadib\\\/\",\"url\":\"https:\\\/\\\/www.meydan.tv\\\/az\\\/article\\\/saatli-sakini-dost-merkezi-meni-aldadib\\\/\",\"name\":\"Saatl\u0131 sakini: DOST \u0130\u015f M\u0259rk\u0259zi m\u0259ni aldad\u0131b - MEYDAN.TV\",\"isPartOf\":{\"@id\":\"https:\\\/\\\/www.meydan.tv\\\/az\\\/#website\"},\"primaryImageOfPage\":{\"@id\":\"https:\\\/\\\/www.meydan.tv\\\/az\\\/article\\\/saatli-sakini-dost-merkezi-meni-aldadib\\\/#primaryimage\"},\"image\":{\"@id\":\"https:\\\/\\\/www.meydan.tv\\\/az\\\/article\\\/saatli-sakini-dost-merkezi-meni-aldadib\\\/#primaryimage\"},\"thumbnailUrl\":\"https:\\\/\\\/www.meydan.tv\\\/wp-content\\\/uploads\\\/img_5984.jpg\",\"datePublished\":\"2021-01-12T10:39:00+00:00\",\"breadcrumb\":{\"@id\":\"https:\\\/\\\/www.meydan.tv\\\/az\\\/article\\\/saatli-sakini-dost-merkezi-meni-aldadib\\\/#breadcrumb\"},\"inLanguage\":\"az\",\"potentialAction\":[{\"@type\":\"ReadAction\",\"target\":[\"https:\\\/\\\/www.meydan.tv\\\/az\\\/article\\\/saatli-sakini-dost-merkezi-meni-aldadib\\\/\"]}]},{\"@type\":\"ImageObject\",\"inLanguage\":\"az\",\"@id\":\"https:\\\/\\\/www.meydan.tv\\\/az\\\/article\\\/saatli-sakini-dost-merkezi-meni-aldadib\\\/#primaryimage\",\"url\":\"https:\\\/\\\/www.meydan.tv\\\/wp-content\\\/uploads\\\/img_5984.jpg\",\"contentUrl\":\"https:\\\/\\\/www.meydan.tv\\\/wp-content\\\/uploads\\\/img_5984.jpg\",\"width\":1000,\"height\":750,\"caption\":\"Source: Specify Source\"},{\"@type\":\"BreadcrumbList\",\"@id\":\"https:\\\/\\\/www.meydan.tv\\\/az\\\/article\\\/saatli-sakini-dost-merkezi-meni-aldadib\\\/#breadcrumb\",\"itemListElement\":[{\"@type\":\"ListItem\",\"position\":1,\"name\":\"Ana s\u0259hif\u0259\",\"item\":\"https:\\\/\\\/www.meydan.tv\\\/az\\\/\"},{\"@type\":\"ListItem\",\"position\":2,\"name\":\"B\u00f6lg\u0259\",\"item\":\"https:\\\/\\\/www.meydan.tv\\\/az\\\/section\\\/bolge\\\/\"},{\"@type\":\"ListItem\",\"position\":3,\"name\":\"Saatl\u0131 sakini: DOST \u0130\u015f M\u0259rk\u0259zi m\u0259ni aldad\u0131b\"}]},{\"@type\":\"WebSite\",\"@id\":\"https:\\\/\\\/www.meydan.tv\\\/az\\\/#website\",\"url\":\"https:\\\/\\\/www.meydan.tv\\\/az\\\/\",\"name\":\"MEYDAN.TV\",\"description\":\"Meydan TV Az\u0259rbaycan\u0131n media m\u0259kan\u0131ndak\u0131 alternativ s\u0259sidir\",\"publisher\":{\"@id\":\"https:\\\/\\\/www.meydan.tv\\\/az\\\/#organization\"},\"potentialAction\":[{\"@type\":\"SearchAction\",\"target\":{\"@type\":\"EntryPoint\",\"urlTemplate\":\"https:\\\/\\\/www.meydan.tv\\\/az\\\/?s={search_term_string}\"},\"query-input\":{\"@type\":\"PropertyValueSpecification\",\"valueRequired\":true,\"valueName\":\"search_term_string\"}}],\"inLanguage\":\"az\"},{\"@type\":\"Organization\",\"@id\":\"https:\\\/\\\/www.meydan.tv\\\/az\\\/#organization\",\"name\":\"Meydan TV\",\"url\":\"https:\\\/\\\/www.meydan.tv\\\/az\\\/\",\"logo\":{\"@type\":\"ImageObject\",\"inLanguage\":\"az\",\"@id\":\"https:\\\/\\\/www.meydan.tv\\\/az\\\/#\\\/schema\\\/logo\\\/image\\\/\",\"url\":\"https:\\\/\\\/www.meydan.tv\\\/wp-content\\\/uploads\\\/2021\\\/07\\\/meydan-logo.svg\",\"contentUrl\":\"https:\\\/\\\/www.meydan.tv\\\/wp-content\\\/uploads\\\/2021\\\/07\\\/meydan-logo.svg\",\"width\":195,\"height\":46,\"caption\":\"Meydan TV\"},\"image\":{\"@id\":\"https:\\\/\\\/www.meydan.tv\\\/az\\\/#\\\/schema\\\/logo\\\/image\\\/\"}},{\"@type\":\"Person\",\"@id\":\"https:\\\/\\\/www.meydan.tv\\\/az\\\/#\\\/schema\\\/person\\\/10d11eccf6da3662cf5fdab9806ea91a\",\"name\":\"user-manager\"}]}<\/script>\n<!-- \/ Yoast SEO plugin. -->","yoast_head_json":{"title":"Saatl\u0131 sakini: DOST \u0130\u015f M\u0259rk\u0259zi m\u0259ni aldad\u0131b - MEYDAN.TV","robots":{"index":"index","follow":"follow","max-snippet":"max-snippet:-1","max-image-preview":"max-image-preview:large","max-video-preview":"max-video-preview:-1"},"canonical":"https:\/\/www.meydan.tv\/az\/article\/saatli-sakini-dost-merkezi-meni-aldadib\/","og_locale":"az_AZ","og_type":"article","og_title":"Saatl\u0131 sakini: DOST \u0130\u015f M\u0259rk\u0259zi m\u0259ni aldad\u0131b - MEYDAN.TV","og_description":"\"Bu d\u0259qiq\u0259 u\u015faqlar evd\u0259 \u0259l-ayaqlar\u0131 dona-dona d\u0259rs edirl\u0259r\".","og_url":"https:\/\/www.meydan.tv\/az\/article\/saatli-sakini-dost-merkezi-meni-aldadib\/","og_site_name":"MEYDAN.TV","article_published_time":"2021-01-12T10:39:00+00:00","og_image":[{"width":1000,"height":750,"url":"https:\/\/www.meydan.tv\/wp-content\/uploads\/img_5984.jpg","type":"image\/jpeg"}],"author":"user-manager","twitter_card":"summary_large_image","schema":{"@context":"https:\/\/schema.org","@graph":[{"@type":"Article","@id":"https:\/\/www.meydan.tv\/az\/article\/saatli-sakini-dost-merkezi-meni-aldadib\/#article","isPartOf":{"@id":"https:\/\/www.meydan.tv\/az\/article\/saatli-sakini-dost-merkezi-meni-aldadib\/"},"author":{"name":"user-manager","@id":"https:\/\/www.meydan.tv\/az\/#\/schema\/person\/10d11eccf6da3662cf5fdab9806ea91a"},"headline":"Saatl\u0131 sakini: DOST \u0130\u015f M\u0259rk\u0259zi m\u0259ni aldad\u0131b","datePublished":"2021-01-12T10:39:00+00:00","mainEntityOfPage":{"@id":"https:\/\/www.meydan.tv\/az\/article\/saatli-sakini-dost-merkezi-meni-aldadib\/"},"wordCount":873,"publisher":{"@id":"https:\/\/www.meydan.tv\/az\/#organization"},"image":{"@id":"https:\/\/www.meydan.tv\/az\/article\/saatli-sakini-dost-merkezi-meni-aldadib\/#primaryimage"},"thumbnailUrl":"https:\/\/www.meydan.tv\/wp-content\/uploads\/img_5984.jpg","articleSection":["B\u00f6lg\u0259"],"inLanguage":"az"},{"@type":"WebPage","@id":"https:\/\/www.meydan.tv\/az\/article\/saatli-sakini-dost-merkezi-meni-aldadib\/","url":"https:\/\/www.meydan.tv\/az\/article\/saatli-sakini-dost-merkezi-meni-aldadib\/","name":"Saatl\u0131 sakini: DOST \u0130\u015f M\u0259rk\u0259zi m\u0259ni aldad\u0131b - MEYDAN.TV","isPartOf":{"@id":"https:\/\/www.meydan.tv\/az\/#website"},"primaryImageOfPage":{"@id":"https:\/\/www.meydan.tv\/az\/article\/saatli-sakini-dost-merkezi-meni-aldadib\/#primaryimage"},"image":{"@id":"https:\/\/www.meydan.tv\/az\/article\/saatli-sakini-dost-merkezi-meni-aldadib\/#primaryimage"},"thumbnailUrl":"https:\/\/www.meydan.tv\/wp-content\/uploads\/img_5984.jpg","datePublished":"2021-01-12T10:39:00+00:00","breadcrumb":{"@id":"https:\/\/www.meydan.tv\/az\/article\/saatli-sakini-dost-merkezi-meni-aldadib\/#breadcrumb"},"inLanguage":"az","potentialAction":[{"@type":"ReadAction","target":["https:\/\/www.meydan.tv\/az\/article\/saatli-sakini-dost-merkezi-meni-aldadib\/"]}]},{"@type":"ImageObject","inLanguage":"az","@id":"https:\/\/www.meydan.tv\/az\/article\/saatli-sakini-dost-merkezi-meni-aldadib\/#primaryimage","url":"https:\/\/www.meydan.tv\/wp-content\/uploads\/img_5984.jpg","contentUrl":"https:\/\/www.meydan.tv\/wp-content\/uploads\/img_5984.jpg","width":1000,"height":750,"caption":"Source: Specify Source"},{"@type":"BreadcrumbList","@id":"https:\/\/www.meydan.tv\/az\/article\/saatli-sakini-dost-merkezi-meni-aldadib\/#breadcrumb","itemListElement":[{"@type":"ListItem","position":1,"name":"Ana s\u0259hif\u0259","item":"https:\/\/www.meydan.tv\/az\/"},{"@type":"ListItem","position":2,"name":"B\u00f6lg\u0259","item":"https:\/\/www.meydan.tv\/az\/section\/bolge\/"},{"@type":"ListItem","position":3,"name":"Saatl\u0131 sakini: DOST \u0130\u015f M\u0259rk\u0259zi m\u0259ni aldad\u0131b"}]},{"@type":"WebSite","@id":"https:\/\/www.meydan.tv\/az\/#website","url":"https:\/\/www.meydan.tv\/az\/","name":"MEYDAN.TV","description":"Meydan TV Az\u0259rbaycan\u0131n media m\u0259kan\u0131ndak\u0131 alternativ s\u0259sidir","publisher":{"@id":"https:\/\/www.meydan.tv\/az\/#organization"},"potentialAction":[{"@type":"SearchAction","target":{"@type":"EntryPoint","urlTemplate":"https:\/\/www.meydan.tv\/az\/?s={search_term_string}"},"query-input":{"@type":"PropertyValueSpecification","valueRequired":true,"valueName":"search_term_string"}}],"inLanguage":"az"},{"@type":"Organization","@id":"https:\/\/www.meydan.tv\/az\/#organization","name":"Meydan TV","url":"https:\/\/www.meydan.tv\/az\/","logo":{"@type":"ImageObject","inLanguage":"az","@id":"https:\/\/www.meydan.tv\/az\/#\/schema\/logo\/image\/","url":"https:\/\/www.meydan.tv\/wp-content\/uploads\/2021\/07\/meydan-logo.svg","contentUrl":"https:\/\/www.meydan.tv\/wp-content\/uploads\/2021\/07\/meydan-logo.svg","width":195,"height":46,"caption":"Meydan TV"},"image":{"@id":"https:\/\/www.meydan.tv\/az\/#\/schema\/logo\/image\/"}},{"@type":"Person","@id":"https:\/\/www.meydan.tv\/az\/#\/schema\/person\/10d11eccf6da3662cf5fdab9806ea91a","name":"user-manager"}]}},"_links":{"self":[{"href":"https:\/\/www.meydan.tv\/az\/wp-json\/wp\/v2\/posts\/204460","targetHints":{"allow":["GET"]}}],"collection":[{"href":"https:\/\/www.meydan.tv\/az\/wp-json\/wp\/v2\/posts"}],"about":[{"href":"https:\/\/www.meydan.tv\/az\/wp-json\/wp\/v2\/types\/post"}],"author":[{"embeddable":true,"href":"https:\/\/www.meydan.tv\/az\/wp-json\/wp\/v2\/users\/11"}],"replies":[{"embeddable":true,"href":"https:\/\/www.meydan.tv\/az\/wp-json\/wp\/v2\/comments?post=204460"}],"version-history":[{"count":0,"href":"https:\/\/www.meydan.tv\/az\/wp-json\/wp\/v2\/posts\/204460\/revisions"}],"wp:featuredmedia":[{"embeddable":true,"href":"https:\/\/www.meydan.tv\/az\/wp-json\/wp\/v2\/media\/154581"}],"wp:attachment":[{"href":"https:\/\/www.meydan.tv\/az\/wp-json\/wp\/v2\/media?parent=204460"}],"wp:term":[{"taxonomy":"category","embeddable":true,"href":"https:\/\/www.meydan.tv\/az\/wp-json\/wp\/v2\/categories?post=204460"},{"taxonomy":"post_tag","embeddable":true,"href":"https:\/\/www.meydan.tv\/az\/wp-json\/wp\/v2\/tags?post=204460"}],"curies":[{"name":"wp","href":"https:\/\/api.w.org\/{rel}","templated":true}]}}