{"id":204456,"date":"2021-01-12T09:22:23","date_gmt":"2021-01-12T09:22:23","guid":{"rendered":"https:\/\/www.meydan.tv\/article\/sehid-anasi-kimi-siyahida-ikinci-olsam-da-mene-ev-verilmir\/"},"modified":"2021-01-12T09:22:23","modified_gmt":"2021-01-12T09:22:23","slug":"sehid-anasi-kimi-siyahida-ikinci-olsam-da-mene-ev-verilmir","status":"publish","type":"post","link":"https:\/\/www.meydan.tv\/az\/article\/sehid-anasi-kimi-siyahida-ikinci-olsam-da-mene-ev-verilmir\/","title":{"rendered":"\u201c\u015e\u0259hid anas\u0131 kimi siyah\u0131da ikinci olsam da, m\u0259n\u0259 ev verilmir\u201d"},"content":{"rendered":"<p>\n  <i><br \/>\n    \u0130mi\u015fli sakininin aidiyyati qurumlara \u00fcnvanlad\u0131\u011f\u0131 \u015fikay\u0259tl\u0259r h\u0259llini tapm\u0131r<br \/>\n  <\/i>\n<\/p>\n<p>\n  \u0130mi\u015flid\u0259 ya\u015fayan 80 ya\u015fl\u0131 \u015e\u0259k\u0259r H\u0259midovan\u0131n o\u011flu Birinci Qaraba\u011f M\u00fcharib\u0259sind\u0259 h\u0259lak olub. Deyir, el\u0259 1993-c\u00fc ild\u0259n d\u0259 \u015f\u0259hid ail\u0259si kimi ev n\u00f6vb\u0259sin\u0259 durub. \u0130l olub 2021, h\u0259l\u0259 d\u0259 ona d\u00fc\u015f\u0259n ev pay\u0131n\u0131 ala bilm\u0259yib:\n<\/p>\n<p>\n  \u201cO\u011flum \u018fli H\u00fcmb\u0259tov 1992-ci ild\u0259 \u015f\u0259hid olub. K\u00f6n\u00fcll\u00fc getmi\u015fdi. \u00d6l\u0259nd\u0259 19 ya\u015f\u0131 var idi. H\u0259yat\u0131n\u0131 ya\u015famad\u0131, arzular\u0131 yar\u0131m\u00e7\u0131q qald\u0131. Bir ana \u00fc\u00e7\u00fcn bu n\u0259 dem\u0259kdir, y\u0259qin t\u0259s\u0259vv\u00fcr ed\u0259rsiz. \u018fvv\u0259ll\u0259r utand\u0131\u011f\u0131mdan he\u00e7 n\u0259 ist\u0259mirdim. Ev n\u00f6vb\u0259sin\u0259 bel\u0259 g\u00fccl\u0259 yazd\u0131rm\u0131\u015fd\u0131lar. Amma zamanla ail\u0259m b\u00f6y\u00fcd\u00fc, ehtiyaclar artd\u0131. 2 otaql\u0131 evd\u0259 7 n\u0259f\u0259r ya\u015fay\u0131r\u0131q, ya\u015fl\u0131 adamam, m\u0259n\u0259 \u00e7ox \u00e7\u0259tindir, d\u00f6z\u0259 bilmir\u0259m. Bir ne\u00e7\u0259 il olar ki, n\u00f6vb\u0259sin\u0259 yaz\u0131ld\u0131\u011f\u0131m evl\u0259 maraqlanma\u011fa ba\u015flam\u0131\u015fam\u201d.\n<\/p>\n<p>\n  \u015e\u0259k\u0259r H\u0259midova deyir ki, 1993-c\u00fc ild\u0259n bu yana \u0130mi\u015flid\u0259 \u015f\u0259hid ail\u0259l\u0259rin\u0259 2 d\u0259f\u0259 ev paylan\u0131b. Bu ail\u0259l\u0259r \u00fc\u00e7\u00fcn Araz \u00e7ay\u0131n\u0131n yax\u0131nl\u0131\u011f\u0131nda \u00e7ox g\u00f6z\u0259l, \u015f\u0259raitli binalar tikilib. Ancaq siyah\u0131da ad\u0131 2-ci oldu\u011fu halda ona ev d\u00fc\u015fm\u0259yib:\n<\/p>\n<p>\n  \u201cSonradan \u00f6yr\u0259ndim ki, n\u00f6vb\u0259nin g\u0259lib \u00e7atmas\u0131 \u00fc\u00e7\u00fcn h\u00f6rm\u0259t etm\u0259lis\u0259n. M\u0259nim d\u0259 o imkan\u0131m olmay\u0131b he\u00e7 vaxt. Amma bu son ild\u0259 \u015f\u0259hid ail\u0259l\u0259rin\u0259 qanpulu \u00f6d\u0259ndi, 11 min manat. Onu da g\u00f6t\u00fcr\u00fcb getdim icra hakimiyy\u0259tin\u0259. Dedim, indi m\u0259nim d\u0259 pulum var, g\u00f6t\u00fcr\u00fcn, m\u0259n\u0259 d\u00fc\u015f\u0259n evi verin. Bilmir\u0259m, n\u0259 b\u0259lad\u0131r, g\u00f6t\u00fcrm\u0259dil\u0259r. Sonradan \u00f6yr\u0259ndim ki, haz\u0131rda fondda ev yoxdur. G\u0259r\u0259k yenid\u0259n tikil\u0259. M\u0259nim burda n\u0259 q\u0259d\u0259r \u00f6mr\u00fcm qal\u0131b? Bir az rahat ya\u015famaq ist\u0259yir\u0259m. Y\u0259ni d\u00f6vl\u0259tin \u015f\u0259hid anas\u0131na bir ev alma\u011fa pulu yoxdur?\u201d\n<\/p>\n<figure class=\"wp-block-image size-large\">\n  <img decoding=\"async\" src=\"https:\/\/www.meydan.tv\/az\/img_2428-jpg\/\" alt=\"img_2428.jpg\" class=\"wp-image-154569\"\/><figcaption>\n    \u201cO\u011flum \u018fli H\u00fcmb\u0259tov 1992-ci ild\u0259 \u015f\u0259hid olub&#8221;.<br \/>\n  <\/figcaption><\/figure>\n<p>\n  \u015e\u0259k\u0259r H\u0259midova fikird\u0259n, a\u011fr\u0131dan yadda\u015f\u0131n\u0131n zamanla z\u0259ifl\u0259diyini deyir. Ancaq ana o\u011flunun gedi\u015fini bug\u00fcnk\u00fc kimi xat\u0131rlay\u0131r:\n<\/p>\n<p>\n  \u201cDeyirdi: \u201cAna, v\u0259t\u0259ni \u00f6z\u00fcm qoruyacam. Adam v\u0259t\u0259ni a\u011f\u0131r v\u0259ziyy\u0259td\u0259 qoyub, evd\u0259 oturarm\u0131?: Bu g\u00fcn kimi yad\u0131mdad\u0131r. Sah\u0259d\u0259 i\u015fl\u0259yirdim, pamb\u0131q y\u0131\u011f\u0131rd\u0131m. G\u0259ldi ki, gedir\u0259m c\u0259bh\u0259y\u0259. Dedim, bala, g\u0259l s\u0259ni \u00f6p\u00fcm, qucaqlay\u0131m. Dedi: \u201cYox, g\u00f6r\u00fc\u015fm\u0259k, sa\u011folla\u015fmaq ayr\u0131l\u0131q g\u0259tir\u0259r. Ana, \u015firin xatir\u0259l\u0259rd\u0259n x\u0259b\u0259r al m\u0259ni\u201d. Dedi v\u0259 getdi. Bir d\u0259 balam\u0131n \u00fcz\u00fcn\u00fc g\u00f6rm\u0259dim\u201d.\n<\/p>\n<p>\n  Ana deyir ki, o\u011flu c\u0259bh\u0259y\u0259 ged\u0259nd\u0259 \u0259sg\u0259rliyini \u00e7oxdan ba\u015fa vurubmu\u015f. C\u0259bh\u0259y\u0259 k\u00f6n\u00fcll\u00fc gedib:\n<\/p>\n<p>\n  \u201c\u015eu\u015fa v\u0259 La\u00e7\u0131nda 7 ay vuru\u015fub. Ancaq F\u00fczulid\u0259 h\u0259lak olub. \u0130mi\u015flinin 3-c\u00fc \u015f\u0259hidl\u0259r xiyaban\u0131nda d\u0259fn edilib. O g\u00fcn getmi\u015fdim. G\u00f6rd\u00fcm ki, q\u0259bri partlay\u0131b, t\u00f6k\u00fcl\u00fcb. He\u00e7 onu da b\u0259rpa etmirl\u0259r. Ya\u011fan ya\u011f\u0131\u015f \u00fcst\u00fcn\u0259 t\u00f6k\u00fcl\u00fcr balam\u0131n\u201d.\n<\/p>\n<p>\n  \u015e\u0259k\u0259r H\u0259midova deyir ki, evl\u0259 ba\u011fl\u0131 problemi haqq\u0131nda yazmad\u0131\u011f\u0131 qurum qalmay\u0131b. M\u0259ktublar g\u00f6nd\u0259rib, ald\u0131\u011f\u0131 cavablarda is\u0259 problem yerli icra hakimiyy\u0259tin\u0259 y\u00f6nl\u0259ndirilib, ancaq onlar da bir add\u0131m atmay\u0131blar:\n<\/p>\n<p>\n  \u201cBirinci ev paylayanda m\u0259n\u0259 dedil\u0259r ki, g\u0259l\u0259n d\u0259f\u0259y\u0259 qald\u0131n. Sonrak\u0131 h\u0259r g\u0259l\u0259n d\u0259f\u0259l\u0259rd\u0259 d\u0259 m\u0259nim n\u00f6vb\u0259m g\u0259lib \u00e7\u0131xmad\u0131. \u015eikay\u0259tl\u0259r etmi\u015f\u0259m, ancaq baxan yoxdur. Bir g\u00f6z ev ist\u0259yir\u0259m, \u00e7ox yox. Buna g\u00f6r\u0259 Prezident Administrasiyas\u0131na, Birinci vitse-prezident Mehriban \u018fliyevaya, M\u00fcdafi\u0259 Nazirliyin\u0259, \u018fm\u0259k v\u0259 \u018fhalinin Sosial M\u00fcdafi\u0259si Nazirliyin\u0259 yazm\u0131\u015fam. N\u0259 bir normal cavab ver\u0259n var, n\u0259 d\u0259 k\u00f6m\u0259k ed\u0259n. El\u0259 g\u0259l\u0259n bir cavab var: \u201cM\u0259ktubunuzu ald\u0131q, ara\u015fd\u0131r\u0131r\u0131q\u201d. Budur 30 ildir ara\u015fd\u0131r\u0131b qurtara bilm\u0259dil\u0259r\u201d.\n<\/p>\n<figure class=\"wp-block-image size-large\">\n  <img decoding=\"async\" src=\"https:\/\/www.meydan.tv\/az\/img_2434-1-jpg\/\" alt=\"img_2434 (1).jpg\" class=\"wp-image-154557\"\/><figcaption>\n    M\u0259ktublar g\u00f6nd\u0259rib, ald\u0131\u011f\u0131 cavablarda is\u0259 problem yerli icra hakimiyy\u0259tin\u0259 y\u00f6nl\u0259ndirilib, ancaq onlar da bir add\u0131m atmay\u0131blar<br \/>\n  <\/figcaption><\/figure>\n<p>\n  Anan\u0131n \u018flid\u0259n sonra daha 2 \u00f6vlad\u0131 var. Onlardan biri \u018ffqan\u0131stan m\u00fcharib\u0259si i\u015ftirak\u00e7\u0131s\u0131d\u0131r. H\u0259min m\u00fcharib\u0259d\u0259 \u0259lillik qazan\u0131b. H\u0259m d\u0259 dializ x\u0259st\u0259sidir:\n<\/p>\n<p>\n  \u201cOna da he\u00e7 bir g\u00fcz\u0259\u015ft edilm\u0259yib. Ham\u0131m\u0131z bir balaca evin i\u00e7ind\u0259 ya\u015fay\u0131r\u0131q. Dig\u0259r o\u011flum is\u0259 Rusiyada ya\u015fay\u0131r. Ev d\u0259rdind\u0259n v\u0259t\u0259n\u0259 g\u0259lmir. M\u0259n d\u0259 m\u0259cbur qalm\u0131\u015fam, k\u00fc\u00e7\u0259d\u0259, binan\u0131n \u00f6n\u00fcnd\u0259 bir \u0259l dam\u0131 tikdirmi\u015f\u0259m. G\u00fcnd\u00fczl\u0259ri ba\u015f\u0131m\u0131 g\u00f6t\u00fcr\u00fcb g\u0259lir\u0259m bura. R\u00fctub\u0259tlidir, amma beynimi dinc\u0259ldir\u0259m. M\u0259n\u0259 deyirl\u0259r ki, s\u0259nin evin var. Bu evdir? Yax\u015f\u0131 o ev veril\u0259n \u015f\u0259hid ail\u0259l\u0259ri k\u00fc\u00e7\u0259d\u0259 ya\u015fay\u0131rd\u0131? Onlar\u0131n da evi vard\u0131 d\u0259, amma daha \u015f\u0259raitli, yax\u015f\u0131 ev verdil\u0259r\u201d.\n<\/p>\n<p>\n  \u015e\u0259k\u0259r H\u0259midova m\u00fcharib\u0259l\u0259rd\u0259n, onlar\u0131n g\u0259tirdiyi f\u0259lak\u0259tl\u0259rd\u0259n \u00e7ox bezib. Atas\u0131 II D\u00fcnya M\u00fcharib\u0259sinin i\u015ftirak\u00e7\u0131s\u0131 olub. M\u00fcharib\u0259d\u0259 yaralan\u0131b. Onun ald\u0131\u011f\u0131 x\u0259sar\u0259tin alt\u0131n\u0131 ill\u0259rl\u0259 b\u00fct\u00fcn ail\u0259si \u00e7\u0259kib:\n<\/p>\n<p>\n  \u201cBald\u0131r\u0131n\u0131n \u0259ti yox idi. G\u00fccl\u0259 yeriyirdi. Daim k\u00f6m\u0259y\u0259 ehtiyac\u0131 olurdu. K\u0259nd\u0259 qay\u0131dandan xeyli sonra ona medal g\u0259ldi. M\u0259ktub g\u00f6nd\u0259rdil\u0259r ki, get g\u00f6t\u00fcr. Atam getm\u0259di. Cavab\u0131 da bu oldu ki, o odu-alovu g\u00f6rm\u00fc\u015f\u0259m, m\u0259n\u0259 b\u0259sdir, orden-medal n\u0259yim\u0259 g\u0259r\u0259kdir. Bu a\u011fr\u0131-ac\u0131n\u0131 unutduracaqsa, gedim g\u00f6t\u00fcr\u00fcm. \u018flilliyim\u0259 \u00e7ar\u0259 olacaqsa, indi, bu d\u0259qiq\u0259 gedib g\u00f6t\u00fcr\u00fcm. O medal m\u0259n\u0259 laz\u0131m deyil. Kim\u0259 laz\u0131md\u0131r o getsin g\u00f6t\u00fcrs\u00fcn. Bax bel\u0259, biz m\u00fcharib\u0259l\u0259rd\u0259n, \u015f\u0259hidlikd\u0259n, \u0259lillikd\u0259n istifad\u0259 etm\u0259dikc\u0259, bizim haqq\u0131m\u0131z\u0131 yeyirl\u0259r\u201d.\n<\/p>\n<p>\n  \u015e\u0259k\u0259r H\u0259midova h\u0259yat yolda\u015f\u0131n\u0131 o\u011flundan bir az sonra itirib. Deyir, ba\u015f\u0131n\u0131 o\u011flunun tabutuna vurmaqdan x\u0259st\u0259 d\u00fc\u015fd\u00fc:\n<\/p>\n<p>\n  \u201cSonra da fikird\u0259n zaman-zaman \u0259ridi, getdi. Nec\u0259 d\u0259rd \u00e7\u0259km\u0259y\u0259s\u0259n? \u00d6vladlar\u0131m\u0131n i\u00e7inin \u0259n yax\u015f\u0131s\u0131 idi o. Quru yurda gets\u0259, \u00e7\u00f6r\u0259kl\u0259 qay\u0131dard\u0131. Dig\u0259rl\u0259ri \u00e7\u00f6r\u0259k qazanan deyil, avads\u0131zd\u0131rlar v\u0259 bu g\u00fcn m\u0259nim hesab\u0131ma dolan\u0131rlar. N\u0259v\u0259mi bo\u011faz\u0131mdan k\u0259sib m\u00fc\u0259llim yan\u0131na g\u00f6nd\u0259rir\u0259m ki, t\u0259hsili olsun\u201d.\n<\/p>\n<figure class=\"wp-block-image size-large\">\n  <img decoding=\"async\" src=\"https:\/\/www.meydan.tv\/az\/img_2437-jpg\/\" alt=\"img_2437.jpg\" class=\"wp-image-154560\"\/><figcaption>\n    \u015e\u0259k\u0259r H\u0259midova m\u00fcharib\u0259l\u0259rd\u0259n, onlar\u0131n g\u0259tirdiyi f\u0259lak\u0259tl\u0259rd\u0259n \u00e7ox bezib.<br \/>\n  <\/figcaption><\/figure>\n<p>\n  \u015e\u0259k\u0259r H\u0259modova deyir ki, i\u015fdir, \u015fikay\u0259tini e\u015fidib ona ev ba\u011f\u0131\u015flasalar, orada n\u0259v\u0259si il\u0259 ya\u015famaq ist\u0259y\u0259r: \u201cBa\u015f\u0131m\u0131z\u0131 g\u00f6t\u00fcr\u00fcb ged\u0259rik o ev\u0259. \u00d6mr\u00fcm\u00fcn sonunu rahat, sakit\u00e7ilikl\u0259 ke\u00e7ir\u0259r\u0259m. Probleml\u0259rd\u0259n, s\u0259s-k\u00fcyd\u0259n uzaqda, rahat\u201d.\n<\/p>\n<p>\n  \u0130mi\u015fli Rayon \u0130cra Hakimiyy\u0259tinin h\u00fcquq \u015f\u00f6b\u0259sind\u0259n Meydan TV-y\u0259 bildirilib ki, \u015e\u0259k\u0259r H\u0259midovan\u0131n onlara m\u00fcraci\u0259t edib-etm\u0259m\u0259sini ara\u015fd\u0131racaqlar. \u018fg\u0259r h\u0259qiq\u0259t\u0259n 1993-c\u00fc ild\u0259n n\u00f6vb\u0259y\u0259 yaz\u0131l\u0131bsa v\u0259 ona ev verilm\u0259yibs\u0259, s\u0259b\u0259bini \u00f6yr\u0259n\u0259c\u0259kl\u0259r: \u201cB\u0259lk\u0259 d\u0259 evi var. Ad\u0259t\u0259n ya\u015fama\u011fa evi olmayanlar \u00f6n plana \u00e7\u0259kilir. Problem h\u0259r n\u0259dirs\u0259 ara\u015fd\u0131r\u0131b, xan\u0131ma k\u00f6m\u0259k etm\u0259y\u0259 \u00e7al\u0131\u015faca\u011f\u0131q\u201d.\n<\/p>\n<figure class=\"wp-block-image size-large\">\n  <img decoding=\"async\" src=\"https:\/\/www.meydan.tv\/az\/img_2439-jpg\/\" alt=\"img_2439.jpg\" class=\"wp-image-154566\"\/><figcaption>\n    &#8220;O g\u00fcn getmi\u015fdim, g\u00f6rd\u00fcm ki, q\u0259bri partlay\u0131b, t\u00f6k\u00fcl\u00fcb, he\u00e7 onu da b\u0259rpa etmirl\u0259r&#8221;.<br \/>\n  <\/figcaption><\/figure>\n","protected":false},"excerpt":{"rendered":"<p>&#8220;O g\u00fcn getmi\u015fdim, g\u00f6rd\u00fcm ki, q\u0259bri partlay\u0131b, t\u00f6k\u00fcl\u00fcb, he\u00e7 onu da b\u0259rpa etmirl\u0259r&#8221;.<\/p>\n","protected":false},"author":11,"featured_media":154554,"comment_status":"closed","ping_status":"open","sticky":false,"template":"","format":"standard","meta":{"_acf_changed":false,"_sitemap_exclude":false,"_sitemap_priority":"","_sitemap_frequency":"","footnotes":""},"categories":[60],"tags":[],"class_list":["post-204456","post","type-post","status-publish","format-standard","has-post-thumbnail","hentry","category-bolge","infinite-scroll-item","generate-columns","tablet-grid-50","mobile-grid-100","grid-parent","grid-33","no-featured-image-padding"],"acf":[],"yoast_head":"<!-- This site is optimized with the Yoast SEO plugin v27.5 - https:\/\/yoast.com\/product\/yoast-seo-wordpress\/ -->\n<title>\u201c\u015e\u0259hid anas\u0131 kimi siyah\u0131da ikinci olsam da, m\u0259n\u0259 ev verilmir\u201d - MEYDAN.TV<\/title>\n<meta name=\"robots\" content=\"index, follow, max-snippet:-1, max-image-preview:large, max-video-preview:-1\" \/>\n<link rel=\"canonical\" href=\"https:\/\/www.meydan.tv\/az\/article\/sehid-anasi-kimi-siyahida-ikinci-olsam-da-mene-ev-verilmir\/\" \/>\n<meta property=\"og:locale\" content=\"az_AZ\" \/>\n<meta property=\"og:type\" content=\"article\" \/>\n<meta property=\"og:title\" content=\"\u201c\u015e\u0259hid anas\u0131 kimi siyah\u0131da ikinci olsam da, m\u0259n\u0259 ev verilmir\u201d - MEYDAN.TV\" \/>\n<meta property=\"og:description\" content=\"&quot;O g\u00fcn getmi\u015fdim, g\u00f6rd\u00fcm ki, q\u0259bri partlay\u0131b, t\u00f6k\u00fcl\u00fcb, he\u00e7 onu da b\u0259rpa etmirl\u0259r&quot;.\" \/>\n<meta property=\"og:url\" content=\"https:\/\/www.meydan.tv\/az\/article\/sehid-anasi-kimi-siyahida-ikinci-olsam-da-mene-ev-verilmir\/\" \/>\n<meta property=\"og:site_name\" content=\"MEYDAN.TV\" \/>\n<meta property=\"article:published_time\" content=\"2021-01-12T09:22:23+00:00\" \/>\n<meta property=\"og:image\" content=\"https:\/\/www.meydan.tv\/wp-content\/uploads\/img_2422-scaled.jpg\" \/>\n\t<meta property=\"og:image:width\" content=\"2560\" \/>\n\t<meta property=\"og:image:height\" content=\"1920\" \/>\n\t<meta property=\"og:image:type\" content=\"image\/jpeg\" \/>\n<meta name=\"author\" content=\"user-manager\" \/>\n<meta name=\"twitter:card\" content=\"summary_large_image\" \/>\n<script type=\"application\/ld+json\" class=\"yoast-schema-graph\">{\"@context\":\"https:\\\/\\\/schema.org\",\"@graph\":[{\"@type\":\"Article\",\"@id\":\"https:\\\/\\\/www.meydan.tv\\\/az\\\/article\\\/sehid-anasi-kimi-siyahida-ikinci-olsam-da-mene-ev-verilmir\\\/#article\",\"isPartOf\":{\"@id\":\"https:\\\/\\\/www.meydan.tv\\\/az\\\/article\\\/sehid-anasi-kimi-siyahida-ikinci-olsam-da-mene-ev-verilmir\\\/\"},\"author\":{\"name\":\"user-manager\",\"@id\":\"https:\\\/\\\/www.meydan.tv\\\/az\\\/#\\\/schema\\\/person\\\/10d11eccf6da3662cf5fdab9806ea91a\"},\"headline\":\"\u201c\u015e\u0259hid anas\u0131 kimi siyah\u0131da ikinci olsam da, m\u0259n\u0259 ev verilmir\u201d\",\"datePublished\":\"2021-01-12T09:22:23+00:00\",\"mainEntityOfPage\":{\"@id\":\"https:\\\/\\\/www.meydan.tv\\\/az\\\/article\\\/sehid-anasi-kimi-siyahida-ikinci-olsam-da-mene-ev-verilmir\\\/\"},\"wordCount\":1375,\"publisher\":{\"@id\":\"https:\\\/\\\/www.meydan.tv\\\/az\\\/#organization\"},\"image\":{\"@id\":\"https:\\\/\\\/www.meydan.tv\\\/az\\\/article\\\/sehid-anasi-kimi-siyahida-ikinci-olsam-da-mene-ev-verilmir\\\/#primaryimage\"},\"thumbnailUrl\":\"https:\\\/\\\/www.meydan.tv\\\/wp-content\\\/uploads\\\/img_2422-scaled.jpg\",\"articleSection\":[\"B\u00f6lg\u0259\"],\"inLanguage\":\"az\"},{\"@type\":\"WebPage\",\"@id\":\"https:\\\/\\\/www.meydan.tv\\\/az\\\/article\\\/sehid-anasi-kimi-siyahida-ikinci-olsam-da-mene-ev-verilmir\\\/\",\"url\":\"https:\\\/\\\/www.meydan.tv\\\/az\\\/article\\\/sehid-anasi-kimi-siyahida-ikinci-olsam-da-mene-ev-verilmir\\\/\",\"name\":\"\u201c\u015e\u0259hid anas\u0131 kimi siyah\u0131da ikinci olsam da, m\u0259n\u0259 ev verilmir\u201d - MEYDAN.TV\",\"isPartOf\":{\"@id\":\"https:\\\/\\\/www.meydan.tv\\\/az\\\/#website\"},\"primaryImageOfPage\":{\"@id\":\"https:\\\/\\\/www.meydan.tv\\\/az\\\/article\\\/sehid-anasi-kimi-siyahida-ikinci-olsam-da-mene-ev-verilmir\\\/#primaryimage\"},\"image\":{\"@id\":\"https:\\\/\\\/www.meydan.tv\\\/az\\\/article\\\/sehid-anasi-kimi-siyahida-ikinci-olsam-da-mene-ev-verilmir\\\/#primaryimage\"},\"thumbnailUrl\":\"https:\\\/\\\/www.meydan.tv\\\/wp-content\\\/uploads\\\/img_2422-scaled.jpg\",\"datePublished\":\"2021-01-12T09:22:23+00:00\",\"breadcrumb\":{\"@id\":\"https:\\\/\\\/www.meydan.tv\\\/az\\\/article\\\/sehid-anasi-kimi-siyahida-ikinci-olsam-da-mene-ev-verilmir\\\/#breadcrumb\"},\"inLanguage\":\"az\",\"potentialAction\":[{\"@type\":\"ReadAction\",\"target\":[\"https:\\\/\\\/www.meydan.tv\\\/az\\\/article\\\/sehid-anasi-kimi-siyahida-ikinci-olsam-da-mene-ev-verilmir\\\/\"]}]},{\"@type\":\"ImageObject\",\"inLanguage\":\"az\",\"@id\":\"https:\\\/\\\/www.meydan.tv\\\/az\\\/article\\\/sehid-anasi-kimi-siyahida-ikinci-olsam-da-mene-ev-verilmir\\\/#primaryimage\",\"url\":\"https:\\\/\\\/www.meydan.tv\\\/wp-content\\\/uploads\\\/img_2422-scaled.jpg\",\"contentUrl\":\"https:\\\/\\\/www.meydan.tv\\\/wp-content\\\/uploads\\\/img_2422-scaled.jpg\",\"width\":2560,\"height\":1920,\"caption\":\"Source: Specify Source\"},{\"@type\":\"BreadcrumbList\",\"@id\":\"https:\\\/\\\/www.meydan.tv\\\/az\\\/article\\\/sehid-anasi-kimi-siyahida-ikinci-olsam-da-mene-ev-verilmir\\\/#breadcrumb\",\"itemListElement\":[{\"@type\":\"ListItem\",\"position\":1,\"name\":\"Ana s\u0259hif\u0259\",\"item\":\"https:\\\/\\\/www.meydan.tv\\\/az\\\/\"},{\"@type\":\"ListItem\",\"position\":2,\"name\":\"B\u00f6lg\u0259\",\"item\":\"https:\\\/\\\/www.meydan.tv\\\/az\\\/section\\\/bolge\\\/\"},{\"@type\":\"ListItem\",\"position\":3,\"name\":\"\u201c\u015e\u0259hid anas\u0131 kimi siyah\u0131da ikinci olsam da, m\u0259n\u0259 ev verilmir\u201d\"}]},{\"@type\":\"WebSite\",\"@id\":\"https:\\\/\\\/www.meydan.tv\\\/az\\\/#website\",\"url\":\"https:\\\/\\\/www.meydan.tv\\\/az\\\/\",\"name\":\"MEYDAN.TV\",\"description\":\"Meydan TV Az\u0259rbaycan\u0131n media m\u0259kan\u0131ndak\u0131 alternativ s\u0259sidir\",\"publisher\":{\"@id\":\"https:\\\/\\\/www.meydan.tv\\\/az\\\/#organization\"},\"potentialAction\":[{\"@type\":\"SearchAction\",\"target\":{\"@type\":\"EntryPoint\",\"urlTemplate\":\"https:\\\/\\\/www.meydan.tv\\\/az\\\/?s={search_term_string}\"},\"query-input\":{\"@type\":\"PropertyValueSpecification\",\"valueRequired\":true,\"valueName\":\"search_term_string\"}}],\"inLanguage\":\"az\"},{\"@type\":\"Organization\",\"@id\":\"https:\\\/\\\/www.meydan.tv\\\/az\\\/#organization\",\"name\":\"Meydan TV\",\"url\":\"https:\\\/\\\/www.meydan.tv\\\/az\\\/\",\"logo\":{\"@type\":\"ImageObject\",\"inLanguage\":\"az\",\"@id\":\"https:\\\/\\\/www.meydan.tv\\\/az\\\/#\\\/schema\\\/logo\\\/image\\\/\",\"url\":\"https:\\\/\\\/www.meydan.tv\\\/wp-content\\\/uploads\\\/2021\\\/07\\\/meydan-logo.svg\",\"contentUrl\":\"https:\\\/\\\/www.meydan.tv\\\/wp-content\\\/uploads\\\/2021\\\/07\\\/meydan-logo.svg\",\"width\":195,\"height\":46,\"caption\":\"Meydan TV\"},\"image\":{\"@id\":\"https:\\\/\\\/www.meydan.tv\\\/az\\\/#\\\/schema\\\/logo\\\/image\\\/\"}},{\"@type\":\"Person\",\"@id\":\"https:\\\/\\\/www.meydan.tv\\\/az\\\/#\\\/schema\\\/person\\\/10d11eccf6da3662cf5fdab9806ea91a\",\"name\":\"user-manager\"}]}<\/script>\n<!-- \/ Yoast SEO plugin. -->","yoast_head_json":{"title":"\u201c\u015e\u0259hid anas\u0131 kimi siyah\u0131da ikinci olsam da, m\u0259n\u0259 ev verilmir\u201d - MEYDAN.TV","robots":{"index":"index","follow":"follow","max-snippet":"max-snippet:-1","max-image-preview":"max-image-preview:large","max-video-preview":"max-video-preview:-1"},"canonical":"https:\/\/www.meydan.tv\/az\/article\/sehid-anasi-kimi-siyahida-ikinci-olsam-da-mene-ev-verilmir\/","og_locale":"az_AZ","og_type":"article","og_title":"\u201c\u015e\u0259hid anas\u0131 kimi siyah\u0131da ikinci olsam da, m\u0259n\u0259 ev verilmir\u201d - MEYDAN.TV","og_description":"\"O g\u00fcn getmi\u015fdim, g\u00f6rd\u00fcm ki, q\u0259bri partlay\u0131b, t\u00f6k\u00fcl\u00fcb, he\u00e7 onu da b\u0259rpa etmirl\u0259r\".","og_url":"https:\/\/www.meydan.tv\/az\/article\/sehid-anasi-kimi-siyahida-ikinci-olsam-da-mene-ev-verilmir\/","og_site_name":"MEYDAN.TV","article_published_time":"2021-01-12T09:22:23+00:00","og_image":[{"width":2560,"height":1920,"url":"https:\/\/www.meydan.tv\/wp-content\/uploads\/img_2422-scaled.jpg","type":"image\/jpeg"}],"author":"user-manager","twitter_card":"summary_large_image","schema":{"@context":"https:\/\/schema.org","@graph":[{"@type":"Article","@id":"https:\/\/www.meydan.tv\/az\/article\/sehid-anasi-kimi-siyahida-ikinci-olsam-da-mene-ev-verilmir\/#article","isPartOf":{"@id":"https:\/\/www.meydan.tv\/az\/article\/sehid-anasi-kimi-siyahida-ikinci-olsam-da-mene-ev-verilmir\/"},"author":{"name":"user-manager","@id":"https:\/\/www.meydan.tv\/az\/#\/schema\/person\/10d11eccf6da3662cf5fdab9806ea91a"},"headline":"\u201c\u015e\u0259hid anas\u0131 kimi siyah\u0131da ikinci olsam da, m\u0259n\u0259 ev verilmir\u201d","datePublished":"2021-01-12T09:22:23+00:00","mainEntityOfPage":{"@id":"https:\/\/www.meydan.tv\/az\/article\/sehid-anasi-kimi-siyahida-ikinci-olsam-da-mene-ev-verilmir\/"},"wordCount":1375,"publisher":{"@id":"https:\/\/www.meydan.tv\/az\/#organization"},"image":{"@id":"https:\/\/www.meydan.tv\/az\/article\/sehid-anasi-kimi-siyahida-ikinci-olsam-da-mene-ev-verilmir\/#primaryimage"},"thumbnailUrl":"https:\/\/www.meydan.tv\/wp-content\/uploads\/img_2422-scaled.jpg","articleSection":["B\u00f6lg\u0259"],"inLanguage":"az"},{"@type":"WebPage","@id":"https:\/\/www.meydan.tv\/az\/article\/sehid-anasi-kimi-siyahida-ikinci-olsam-da-mene-ev-verilmir\/","url":"https:\/\/www.meydan.tv\/az\/article\/sehid-anasi-kimi-siyahida-ikinci-olsam-da-mene-ev-verilmir\/","name":"\u201c\u015e\u0259hid anas\u0131 kimi siyah\u0131da ikinci olsam da, m\u0259n\u0259 ev verilmir\u201d - MEYDAN.TV","isPartOf":{"@id":"https:\/\/www.meydan.tv\/az\/#website"},"primaryImageOfPage":{"@id":"https:\/\/www.meydan.tv\/az\/article\/sehid-anasi-kimi-siyahida-ikinci-olsam-da-mene-ev-verilmir\/#primaryimage"},"image":{"@id":"https:\/\/www.meydan.tv\/az\/article\/sehid-anasi-kimi-siyahida-ikinci-olsam-da-mene-ev-verilmir\/#primaryimage"},"thumbnailUrl":"https:\/\/www.meydan.tv\/wp-content\/uploads\/img_2422-scaled.jpg","datePublished":"2021-01-12T09:22:23+00:00","breadcrumb":{"@id":"https:\/\/www.meydan.tv\/az\/article\/sehid-anasi-kimi-siyahida-ikinci-olsam-da-mene-ev-verilmir\/#breadcrumb"},"inLanguage":"az","potentialAction":[{"@type":"ReadAction","target":["https:\/\/www.meydan.tv\/az\/article\/sehid-anasi-kimi-siyahida-ikinci-olsam-da-mene-ev-verilmir\/"]}]},{"@type":"ImageObject","inLanguage":"az","@id":"https:\/\/www.meydan.tv\/az\/article\/sehid-anasi-kimi-siyahida-ikinci-olsam-da-mene-ev-verilmir\/#primaryimage","url":"https:\/\/www.meydan.tv\/wp-content\/uploads\/img_2422-scaled.jpg","contentUrl":"https:\/\/www.meydan.tv\/wp-content\/uploads\/img_2422-scaled.jpg","width":2560,"height":1920,"caption":"Source: Specify Source"},{"@type":"BreadcrumbList","@id":"https:\/\/www.meydan.tv\/az\/article\/sehid-anasi-kimi-siyahida-ikinci-olsam-da-mene-ev-verilmir\/#breadcrumb","itemListElement":[{"@type":"ListItem","position":1,"name":"Ana s\u0259hif\u0259","item":"https:\/\/www.meydan.tv\/az\/"},{"@type":"ListItem","position":2,"name":"B\u00f6lg\u0259","item":"https:\/\/www.meydan.tv\/az\/section\/bolge\/"},{"@type":"ListItem","position":3,"name":"\u201c\u015e\u0259hid anas\u0131 kimi siyah\u0131da ikinci olsam da, m\u0259n\u0259 ev verilmir\u201d"}]},{"@type":"WebSite","@id":"https:\/\/www.meydan.tv\/az\/#website","url":"https:\/\/www.meydan.tv\/az\/","name":"MEYDAN.TV","description":"Meydan TV Az\u0259rbaycan\u0131n media m\u0259kan\u0131ndak\u0131 alternativ s\u0259sidir","publisher":{"@id":"https:\/\/www.meydan.tv\/az\/#organization"},"potentialAction":[{"@type":"SearchAction","target":{"@type":"EntryPoint","urlTemplate":"https:\/\/www.meydan.tv\/az\/?s={search_term_string}"},"query-input":{"@type":"PropertyValueSpecification","valueRequired":true,"valueName":"search_term_string"}}],"inLanguage":"az"},{"@type":"Organization","@id":"https:\/\/www.meydan.tv\/az\/#organization","name":"Meydan TV","url":"https:\/\/www.meydan.tv\/az\/","logo":{"@type":"ImageObject","inLanguage":"az","@id":"https:\/\/www.meydan.tv\/az\/#\/schema\/logo\/image\/","url":"https:\/\/www.meydan.tv\/wp-content\/uploads\/2021\/07\/meydan-logo.svg","contentUrl":"https:\/\/www.meydan.tv\/wp-content\/uploads\/2021\/07\/meydan-logo.svg","width":195,"height":46,"caption":"Meydan TV"},"image":{"@id":"https:\/\/www.meydan.tv\/az\/#\/schema\/logo\/image\/"}},{"@type":"Person","@id":"https:\/\/www.meydan.tv\/az\/#\/schema\/person\/10d11eccf6da3662cf5fdab9806ea91a","name":"user-manager"}]}},"_links":{"self":[{"href":"https:\/\/www.meydan.tv\/az\/wp-json\/wp\/v2\/posts\/204456","targetHints":{"allow":["GET"]}}],"collection":[{"href":"https:\/\/www.meydan.tv\/az\/wp-json\/wp\/v2\/posts"}],"about":[{"href":"https:\/\/www.meydan.tv\/az\/wp-json\/wp\/v2\/types\/post"}],"author":[{"embeddable":true,"href":"https:\/\/www.meydan.tv\/az\/wp-json\/wp\/v2\/users\/11"}],"replies":[{"embeddable":true,"href":"https:\/\/www.meydan.tv\/az\/wp-json\/wp\/v2\/comments?post=204456"}],"version-history":[{"count":0,"href":"https:\/\/www.meydan.tv\/az\/wp-json\/wp\/v2\/posts\/204456\/revisions"}],"wp:featuredmedia":[{"embeddable":true,"href":"https:\/\/www.meydan.tv\/az\/wp-json\/wp\/v2\/media\/154554"}],"wp:attachment":[{"href":"https:\/\/www.meydan.tv\/az\/wp-json\/wp\/v2\/media?parent=204456"}],"wp:term":[{"taxonomy":"category","embeddable":true,"href":"https:\/\/www.meydan.tv\/az\/wp-json\/wp\/v2\/categories?post=204456"},{"taxonomy":"post_tag","embeddable":true,"href":"https:\/\/www.meydan.tv\/az\/wp-json\/wp\/v2\/tags?post=204456"}],"curies":[{"name":"wp","href":"https:\/\/api.w.org\/{rel}","templated":true}]}}