{"id":204449,"date":"2021-01-11T15:44:33","date_gmt":"2021-01-11T15:44:33","guid":{"rendered":"https:\/\/www.meydan.tv\/article\/putin-eliyev-ve-pasinyan-rusiyanin-vasitecilik-seylerini-musbet-qiymetlendirir\/"},"modified":"2021-01-11T15:44:33","modified_gmt":"2021-01-11T15:44:33","slug":"putin-eliyev-ve-pasinyan-rusiyanin-vasitecilik-seylerini-musbet-qiymetlendirir","status":"publish","type":"post","link":"https:\/\/www.meydan.tv\/az\/article\/putin-eliyev-ve-pasinyan-rusiyanin-vasitecilik-seylerini-musbet-qiymetlendirir\/","title":{"rendered":"Putin: \u018fliyev v\u0259 Pa\u015finyan Rusiyan\u0131n vasit\u0259\u00e7ilik s\u0259yl\u0259rini m\u00fcsb\u0259t qiym\u0259tl\u0259ndirir"},"content":{"rendered":"<p>\n  <i><br \/>\n    Rusiya Prezidenti: &quot;Qaraba\u011fda \u00fc\u00e7t\u0259r\u0259fli \u0130\u015f\u00e7i Qrupu yarad\u0131lacaq&quot;<br \/>\n  <\/i>\n<\/p>\n<p>\n  &quot;Rusiyan\u0131n vasit\u0259\u00e7ilik s\u0259yl\u0259ri Da\u011fl\u0131q Qaraba\u011fda sabit at\u0259\u015fk\u0259s\u0259 y\u00f6n\u0259lib&quot;.\n<\/p>\n<p>\n  Bunu Rusiya Prezidenti Vladimir Putin Az\u0259rbaycan Prezidenti \u0130lham \u018fliyev v\u0259 Erm\u0259nistan\u0131n Ba\u015f naziri Nikol Pa\u015finyanla Moskva g\u00f6r\u00fc\u015f\u00fcnd\u0259 deyib.\n<\/p>\n<p>\n  O bildirib ki, Qaraba\u011fdak\u0131 v\u0259ziyy\u0259tin nizamlanmas\u0131 il\u0259 ba\u011fl\u0131 r\u0259smi Moskvan\u0131n s\u0259yl\u0259ri bundan sonra da davam ed\u0259c\u0259k.\n<\/p>\n<p>\n  Rusiya prezidenti \u018fliyev v\u0259 Pa\u015finyana r\u0259smi Mokvan\u0131n vasit\u0259\u00e7ilik s\u0259yl\u0259rini q\u0259bul etdikl\u0259rin\u0259 g\u00f6r\u0259 t\u0259\u015f\u0259kk\u00fcr edib: \u201cRusiyan\u0131n Qaraba\u011fda qan t\u00f6k\u00fclm\u0259sinin dayand\u0131r\u0131lmas\u0131na, v\u0259ziyy\u0259tin stabill\u0259\u015fm\u0259sin\u0259 v\u0259 sabit at\u0259\u015fk\u0259s\u0259 nail olunmas\u0131na y\u00f6n\u0259lmi\u015f f\u0259al vasit\u0259\u00e7ilik s\u0259yl\u0259rini m\u00fcsb\u0259t q\u0259bul etdiyiniz \u00fc\u00e7\u00fcn siz\u0259 minn\u0259tdaram&quot;.\n<\/p>\n<p>\n  O deyib ki, Qaraba\u011f \u00fczr\u0259 raz\u0131la\u015fma ard\u0131c\u0131ll\u0131qla icra olunur, bu da m\u00fcnaqi\u015f\u0259nin \u0259dal\u0259tli h\u0259llin\u0259 z\u0259min yarad\u0131r: \u201cBu g\u00fcn biz m\u0259mnunluqla qeyd ed\u0259 bil\u0259rik ki, \u00fc\u00e7t\u0259r\u0259fli b\u0259yanat ard\u0131c\u0131ll\u0131qla h\u0259yata ke\u00e7irilir. \u018fminik ki, bu, m\u00fcnaqi\u015f\u0259nin uzunm\u00fcdd\u0259tli v\u0259 tamformatl\u0131, Az\u0259rbaycan v\u0259 erm\u0259ni xalqlar\u0131n\u0131n maraqlar\u0131na uy\u011fun \u0259dal\u0259tli h\u0259llin\u0259 z\u0259min yarad\u0131r\u201d.\n<\/p>\n<p>\n  Rusiya Prezidenti Da\u011fl\u0131q Qaraba\u011fda v\u0259ziyy\u0259tin sabit oldu\u011funu, art\u0131q 48 min m\u0259cburi k\u00f6\u00e7k\u00fcn\u00fcn geri qay\u0131td\u0131\u011f\u0131n\u0131 da diqq\u0259t\u0259 \u00e7atd\u0131r\u0131b.\n<\/p>\n<p>\n  Onun s\u00f6zl\u0259rin\u0259 g\u00f6r\u0259, birg\u0259 b\u0259yanatdan ir\u0259li g\u0259l\u0259n nizamlanman\u0131n \u0259sas istiqam\u0259tl\u0259ri \u00fczr\u0259 n\u00f6vb\u0259ti add\u0131mlar\u0131n at\u0131lmas\u0131 da vacibdir: \u201cBurada Rusiya s\u00fclhm\u0259raml\u0131lar\u0131 kontingentin f\u0259aliyy\u0259ti, demarkasiya x\u0259tl\u0259rinin d\u0259qiql\u0259\u015fdirilm\u0259si, humanitar probleml\u0259rin h\u0259lli v\u0259 m\u0259d\u0259ni obyektl\u0259rin m\u00fchafiz\u0259sini n\u0259z\u0259rd\u0259 tuturam\u201d.\n<\/p>\n<p>\n  Putin qeyd edib ki, regionda iqtisadi, ticar\u0259t v\u0259 n\u0259qliyyat \u0259laq\u0259l\u0259rinin b\u0259rpa olunmas\u0131na, s\u0259rh\u0259dl\u0259rin a\u00e7\u0131lmas\u0131na x\u00fcsusi diqq\u0259t yetirilm\u0259lidir: \u201cN\u0259z\u0259rd\u0259 tutulur ki, Rusiya, Az\u0259rbaycan v\u0259 Erm\u0259nistan Ba\u015f nazirl\u0259rinin m\u00fcavinl\u0259rinin s\u0259drliyi alt\u0131nda \u00fc\u00e7t\u0259r\u0259fli x\u00fcsusi i\u015f\u00e7i qrup bu m\u0259s\u0259l\u0259l\u0259rl\u0259 m\u0259\u015f\u011ful olsun&quot;.\n<\/p>\n<p>\n  Qaraba\u011f m\u00fcnaqi\u015f\u0259si 1988-ci ild\u0259 ba\u015flay\u0131b. H\u0259min il Da\u011fl\u0131q Qaraba\u011f muxtar vilay\u0259ti Az\u0259rbaycan SSR-in t\u0259rkibind\u0259n \u00e7\u0131xd\u0131\u011f\u0131n\u0131 elan edib.\n<\/p>\n<p>\n  1992-1993-c\u00fc ill\u0259rd\u0259 silahl\u0131 qar\u015f\u0131durma zaman\u0131 Az\u0259rbaycan Da\u011fl\u0131q Qaraba\u011f v\u0259 ona birl\u0259\u015f\u0259n yeddi rayon \u00fcz\u0259rind\u0259 n\u0259zar\u0259ti itirib.\n<\/p>\n<p>\n  1992-ci ild\u0259n \u00fc\u00e7 h\u0259ms\u0259drin \u2013 Rusiya, AB\u015e v\u0259 Fransan\u0131n r\u0259hb\u0259rliyi il\u0259 AT\u018fT-in Minsk qrupu \u00e7\u0259r\u00e7iv\u0259sind\u0259 m\u00fcnaqi\u015f\u0259sinin s\u00fclh yolu il\u0259 nizamlanmas\u0131 \u00fczr\u0259 dan\u0131\u015f\u0131qlar apar\u0131l\u0131r.\n<\/p>\n<p>\n  Az\u0259rbaycan \u00f6z \u0259razi b\u00fct\u00f6vl\u00fcy\u00fcn\u00fcn qorunub saxlanmas\u0131n\u0131 israr edib, Erm\u0259nistan is\u0259 qondarma respublikan\u0131n maraqlar\u0131n\u0131 d\u0259st\u0259kl\u0259yib.\n<\/p>\n<p>\n  2020-c il sentyabr\u0131n 27-d\u0259 Az\u0259rbaycan v\u0259 Erm\u0259nistan qo\u015funlar\u0131 aras\u0131nda n\u00f6vb\u0259ti h\u0259rbi \u0259m\u0259liyyatlar ba\u015flay\u0131b.\n<\/p>\n<p>\n  44 g\u00fcn davam ed\u0259n m\u00fcharib\u0259 n\u0259tic\u0259sind\u0259 Az\u0259rbaycan Ordusu t\u0259r\u0259find\u0259n noyabr\u0131n 9-d\u0259k 5 \u015f\u0259h\u0259r, 4 q\u0259s\u0259b\u0259 v\u0259 286 k\u0259nd i\u015f\u011faldan azad edilib.\n<\/p>\n<p>\n  \u0130ndiy\u0259d\u0259k C\u0259bray\u0131l \u015f\u0259h\u0259ri v\u0259 rayonun 90 k\u0259ndi, F\u00fczuli \u015f\u0259h\u0259ri v\u0259 rayonun 53 k\u0259ndi, Z\u0259ngilan \u015f\u0259h\u0259ri, rayonun Mincivan, A\u011fb\u0259nd, Bartaz q\u0259s\u0259b\u0259l\u0259ri v\u0259 52 k\u0259ndi, Xocav\u0259nd rayonunun Hadrut q\u0259s\u0259b\u0259si v\u0259 35 k\u0259ndi, T\u0259rt\u0259r rayonunun 3 k\u0259ndi, Qubadl\u0131 \u015f\u0259h\u0259ri v\u0259 rayonun 41 k\u0259ndi, Xocal\u0131 rayonunun 9 k\u0259ndi, \u015eu\u015fa \u015f\u0259h\u0259ri, La\u00e7\u0131n rayonunun 3 k\u0259ndi, h\u0259m\u00e7inin A\u011fd\u0259r\u0259 v\u0259 Murovda\u011f istiqam\u0259tl\u0259rind\u0259 bir ne\u00e7\u0259 strateji y\u00fcks\u0259klik, Z\u0259ngilanda is\u0259 Bartaz, S\u0131\u011f\u0131rt, \u015e\u00fck\u00fcrataz y\u00fcks\u0259kl\u0259ri v\u0259 daha 5 ads\u0131z y\u00fcks\u0259kliyin azad olundu\u011fu bildirilir.\n<\/p>\n<p>\n  Noyabr\u0131n 10-da Az\u0259rbaycan, Rusiya prezidentl\u0259ri v\u0259 Erm\u0259nistan\u0131n Ba\u015f naziri m\u00fcnaqi\u015f\u0259 zonas\u0131nda at\u0259\u015fin v\u0259 b\u00fct\u00fcn h\u0259rbi \u0259m\u0259liyyatlar\u0131n tam dayand\u0131r\u0131lmas\u0131 bar\u0259d\u0259 b\u0259yanat imzalay\u0131b. Bundan ba\u015fqa, b\u00f6lg\u0259y\u0259 rusiyal\u0131 s\u00fclhm\u0259raml\u0131lar yerl\u0259\u015fdirilib.\n<\/p>\n<p>\n  B\u0259yanata uy\u011fun olaraq, 2020-ci il dekabr\u0131n 1-d\u0259k K\u0259lb\u0259c\u0259r, A\u011fdam v\u0259 La\u00e7\u0131n rayonlar\u0131 Az\u0259rbaycana t\u0259hvil verilib.<\/p>\n","protected":false},"excerpt":{"rendered":"<p>\u201cBurada Rusiya s\u00fclhm\u0259raml\u0131lar\u0131 kontingentin f\u0259aliyy\u0259ti, demarkasiya x\u0259tl\u0259rinin d\u0259qiql\u0259\u015fdirilm\u0259si, humanitar probleml\u0259rin h\u0259lli v\u0259 m\u0259d\u0259ni obyektl\u0259rin m\u00fchafiz\u0259sini n\u0259z\u0259rd\u0259 tuturam\u201d.<\/p>\n","protected":false},"author":11,"featured_media":154545,"comment_status":"closed","ping_status":"open","sticky":false,"template":"","format":"standard","meta":{"_acf_changed":false,"_sitemap_exclude":false,"_sitemap_priority":"","_sitemap_frequency":"","footnotes":""},"categories":[59],"tags":[],"class_list":["post-204449","post","type-post","status-publish","format-standard","has-post-thumbnail","hentry","category-siyaset","infinite-scroll-item","generate-columns","tablet-grid-50","mobile-grid-100","grid-parent","grid-33","no-featured-image-padding"],"acf":[],"yoast_head":"<!-- This site is optimized with the Yoast SEO plugin v27.5 - https:\/\/yoast.com\/product\/yoast-seo-wordpress\/ -->\n<title>Putin: \u018fliyev v\u0259 Pa\u015finyan Rusiyan\u0131n vasit\u0259\u00e7ilik s\u0259yl\u0259rini m\u00fcsb\u0259t qiym\u0259tl\u0259ndirir - MEYDAN.TV<\/title>\n<meta name=\"robots\" content=\"index, follow, max-snippet:-1, max-image-preview:large, max-video-preview:-1\" \/>\n<link rel=\"canonical\" href=\"https:\/\/www.meydan.tv\/az\/article\/putin-eliyev-ve-pasinyan-rusiyanin-vasitecilik-seylerini-musbet-qiymetlendirir\/\" \/>\n<meta property=\"og:locale\" content=\"az_AZ\" \/>\n<meta property=\"og:type\" content=\"article\" \/>\n<meta property=\"og:title\" content=\"Putin: \u018fliyev v\u0259 Pa\u015finyan Rusiyan\u0131n vasit\u0259\u00e7ilik s\u0259yl\u0259rini m\u00fcsb\u0259t qiym\u0259tl\u0259ndirir - MEYDAN.TV\" \/>\n<meta property=\"og:description\" content=\"\u201cBurada Rusiya s\u00fclhm\u0259raml\u0131lar\u0131 kontingentin f\u0259aliyy\u0259ti, demarkasiya x\u0259tl\u0259rinin d\u0259qiql\u0259\u015fdirilm\u0259si, humanitar probleml\u0259rin h\u0259lli v\u0259 m\u0259d\u0259ni obyektl\u0259rin m\u00fchafiz\u0259sini n\u0259z\u0259rd\u0259 tuturam\u201d.\" \/>\n<meta property=\"og:url\" content=\"https:\/\/www.meydan.tv\/az\/article\/putin-eliyev-ve-pasinyan-rusiyanin-vasitecilik-seylerini-musbet-qiymetlendirir\/\" \/>\n<meta property=\"og:site_name\" content=\"MEYDAN.TV\" \/>\n<meta property=\"article:published_time\" content=\"2021-01-11T15:44:33+00:00\" \/>\n<meta property=\"og:image\" content=\"https:\/\/www.meydan.tv\/wp-content\/uploads\/2021-01-11t120058z_424106249_rc2o5l965rub_rtrmadp_3_armenia-azerbaijan-rus-scaled.jpg\" \/>\n\t<meta property=\"og:image:width\" content=\"2560\" \/>\n\t<meta property=\"og:image:height\" content=\"1742\" \/>\n\t<meta property=\"og:image:type\" content=\"image\/jpeg\" \/>\n<meta name=\"author\" content=\"user-manager\" \/>\n<meta name=\"twitter:card\" content=\"summary_large_image\" \/>\n<script type=\"application\/ld+json\" class=\"yoast-schema-graph\">{\"@context\":\"https:\\\/\\\/schema.org\",\"@graph\":[{\"@type\":\"Article\",\"@id\":\"https:\\\/\\\/www.meydan.tv\\\/az\\\/article\\\/putin-eliyev-ve-pasinyan-rusiyanin-vasitecilik-seylerini-musbet-qiymetlendirir\\\/#article\",\"isPartOf\":{\"@id\":\"https:\\\/\\\/www.meydan.tv\\\/az\\\/article\\\/putin-eliyev-ve-pasinyan-rusiyanin-vasitecilik-seylerini-musbet-qiymetlendirir\\\/\"},\"author\":{\"name\":\"user-manager\",\"@id\":\"https:\\\/\\\/www.meydan.tv\\\/az\\\/#\\\/schema\\\/person\\\/10d11eccf6da3662cf5fdab9806ea91a\"},\"headline\":\"Putin: \u018fliyev v\u0259 Pa\u015finyan Rusiyan\u0131n vasit\u0259\u00e7ilik s\u0259yl\u0259rini m\u00fcsb\u0259t qiym\u0259tl\u0259ndirir\",\"datePublished\":\"2021-01-11T15:44:33+00:00\",\"mainEntityOfPage\":{\"@id\":\"https:\\\/\\\/www.meydan.tv\\\/az\\\/article\\\/putin-eliyev-ve-pasinyan-rusiyanin-vasitecilik-seylerini-musbet-qiymetlendirir\\\/\"},\"wordCount\":794,\"publisher\":{\"@id\":\"https:\\\/\\\/www.meydan.tv\\\/az\\\/#organization\"},\"image\":{\"@id\":\"https:\\\/\\\/www.meydan.tv\\\/az\\\/article\\\/putin-eliyev-ve-pasinyan-rusiyanin-vasitecilik-seylerini-musbet-qiymetlendirir\\\/#primaryimage\"},\"thumbnailUrl\":\"https:\\\/\\\/www.meydan.tv\\\/wp-content\\\/uploads\\\/2021-01-11t120058z_424106249_rc2o5l965rub_rtrmadp_3_armenia-azerbaijan-rus-scaled.jpg\",\"articleSection\":[\"Siyas\u0259t\"],\"inLanguage\":\"az\"},{\"@type\":\"WebPage\",\"@id\":\"https:\\\/\\\/www.meydan.tv\\\/az\\\/article\\\/putin-eliyev-ve-pasinyan-rusiyanin-vasitecilik-seylerini-musbet-qiymetlendirir\\\/\",\"url\":\"https:\\\/\\\/www.meydan.tv\\\/az\\\/article\\\/putin-eliyev-ve-pasinyan-rusiyanin-vasitecilik-seylerini-musbet-qiymetlendirir\\\/\",\"name\":\"Putin: \u018fliyev v\u0259 Pa\u015finyan Rusiyan\u0131n vasit\u0259\u00e7ilik s\u0259yl\u0259rini m\u00fcsb\u0259t qiym\u0259tl\u0259ndirir - MEYDAN.TV\",\"isPartOf\":{\"@id\":\"https:\\\/\\\/www.meydan.tv\\\/az\\\/#website\"},\"primaryImageOfPage\":{\"@id\":\"https:\\\/\\\/www.meydan.tv\\\/az\\\/article\\\/putin-eliyev-ve-pasinyan-rusiyanin-vasitecilik-seylerini-musbet-qiymetlendirir\\\/#primaryimage\"},\"image\":{\"@id\":\"https:\\\/\\\/www.meydan.tv\\\/az\\\/article\\\/putin-eliyev-ve-pasinyan-rusiyanin-vasitecilik-seylerini-musbet-qiymetlendirir\\\/#primaryimage\"},\"thumbnailUrl\":\"https:\\\/\\\/www.meydan.tv\\\/wp-content\\\/uploads\\\/2021-01-11t120058z_424106249_rc2o5l965rub_rtrmadp_3_armenia-azerbaijan-rus-scaled.jpg\",\"datePublished\":\"2021-01-11T15:44:33+00:00\",\"breadcrumb\":{\"@id\":\"https:\\\/\\\/www.meydan.tv\\\/az\\\/article\\\/putin-eliyev-ve-pasinyan-rusiyanin-vasitecilik-seylerini-musbet-qiymetlendirir\\\/#breadcrumb\"},\"inLanguage\":\"az\",\"potentialAction\":[{\"@type\":\"ReadAction\",\"target\":[\"https:\\\/\\\/www.meydan.tv\\\/az\\\/article\\\/putin-eliyev-ve-pasinyan-rusiyanin-vasitecilik-seylerini-musbet-qiymetlendirir\\\/\"]}]},{\"@type\":\"ImageObject\",\"inLanguage\":\"az\",\"@id\":\"https:\\\/\\\/www.meydan.tv\\\/az\\\/article\\\/putin-eliyev-ve-pasinyan-rusiyanin-vasitecilik-seylerini-musbet-qiymetlendirir\\\/#primaryimage\",\"url\":\"https:\\\/\\\/www.meydan.tv\\\/wp-content\\\/uploads\\\/2021-01-11t120058z_424106249_rc2o5l965rub_rtrmadp_3_armenia-azerbaijan-rus-scaled.jpg\",\"contentUrl\":\"https:\\\/\\\/www.meydan.tv\\\/wp-content\\\/uploads\\\/2021-01-11t120058z_424106249_rc2o5l965rub_rtrmadp_3_armenia-azerbaijan-rus-scaled.jpg\",\"width\":2560,\"height\":1742,\"caption\":\"Source: Specify Source\"},{\"@type\":\"BreadcrumbList\",\"@id\":\"https:\\\/\\\/www.meydan.tv\\\/az\\\/article\\\/putin-eliyev-ve-pasinyan-rusiyanin-vasitecilik-seylerini-musbet-qiymetlendirir\\\/#breadcrumb\",\"itemListElement\":[{\"@type\":\"ListItem\",\"position\":1,\"name\":\"Ana s\u0259hif\u0259\",\"item\":\"https:\\\/\\\/www.meydan.tv\\\/az\\\/\"},{\"@type\":\"ListItem\",\"position\":2,\"name\":\"Siyas\u0259t\",\"item\":\"https:\\\/\\\/www.meydan.tv\\\/az\\\/section\\\/siyaset\\\/\"},{\"@type\":\"ListItem\",\"position\":3,\"name\":\"Putin: \u018fliyev v\u0259 Pa\u015finyan Rusiyan\u0131n vasit\u0259\u00e7ilik s\u0259yl\u0259rini m\u00fcsb\u0259t qiym\u0259tl\u0259ndirir\"}]},{\"@type\":\"WebSite\",\"@id\":\"https:\\\/\\\/www.meydan.tv\\\/az\\\/#website\",\"url\":\"https:\\\/\\\/www.meydan.tv\\\/az\\\/\",\"name\":\"MEYDAN.TV\",\"description\":\"Meydan TV Az\u0259rbaycan\u0131n media m\u0259kan\u0131ndak\u0131 alternativ s\u0259sidir\",\"publisher\":{\"@id\":\"https:\\\/\\\/www.meydan.tv\\\/az\\\/#organization\"},\"potentialAction\":[{\"@type\":\"SearchAction\",\"target\":{\"@type\":\"EntryPoint\",\"urlTemplate\":\"https:\\\/\\\/www.meydan.tv\\\/az\\\/?s={search_term_string}\"},\"query-input\":{\"@type\":\"PropertyValueSpecification\",\"valueRequired\":true,\"valueName\":\"search_term_string\"}}],\"inLanguage\":\"az\"},{\"@type\":\"Organization\",\"@id\":\"https:\\\/\\\/www.meydan.tv\\\/az\\\/#organization\",\"name\":\"Meydan TV\",\"url\":\"https:\\\/\\\/www.meydan.tv\\\/az\\\/\",\"logo\":{\"@type\":\"ImageObject\",\"inLanguage\":\"az\",\"@id\":\"https:\\\/\\\/www.meydan.tv\\\/az\\\/#\\\/schema\\\/logo\\\/image\\\/\",\"url\":\"https:\\\/\\\/www.meydan.tv\\\/wp-content\\\/uploads\\\/2021\\\/07\\\/meydan-logo.svg\",\"contentUrl\":\"https:\\\/\\\/www.meydan.tv\\\/wp-content\\\/uploads\\\/2021\\\/07\\\/meydan-logo.svg\",\"width\":195,\"height\":46,\"caption\":\"Meydan TV\"},\"image\":{\"@id\":\"https:\\\/\\\/www.meydan.tv\\\/az\\\/#\\\/schema\\\/logo\\\/image\\\/\"}},{\"@type\":\"Person\",\"@id\":\"https:\\\/\\\/www.meydan.tv\\\/az\\\/#\\\/schema\\\/person\\\/10d11eccf6da3662cf5fdab9806ea91a\",\"name\":\"user-manager\"}]}<\/script>\n<!-- \/ Yoast SEO plugin. -->","yoast_head_json":{"title":"Putin: \u018fliyev v\u0259 Pa\u015finyan Rusiyan\u0131n vasit\u0259\u00e7ilik s\u0259yl\u0259rini m\u00fcsb\u0259t qiym\u0259tl\u0259ndirir - MEYDAN.TV","robots":{"index":"index","follow":"follow","max-snippet":"max-snippet:-1","max-image-preview":"max-image-preview:large","max-video-preview":"max-video-preview:-1"},"canonical":"https:\/\/www.meydan.tv\/az\/article\/putin-eliyev-ve-pasinyan-rusiyanin-vasitecilik-seylerini-musbet-qiymetlendirir\/","og_locale":"az_AZ","og_type":"article","og_title":"Putin: \u018fliyev v\u0259 Pa\u015finyan Rusiyan\u0131n vasit\u0259\u00e7ilik s\u0259yl\u0259rini m\u00fcsb\u0259t qiym\u0259tl\u0259ndirir - MEYDAN.TV","og_description":"\u201cBurada Rusiya s\u00fclhm\u0259raml\u0131lar\u0131 kontingentin f\u0259aliyy\u0259ti, demarkasiya x\u0259tl\u0259rinin d\u0259qiql\u0259\u015fdirilm\u0259si, humanitar probleml\u0259rin h\u0259lli v\u0259 m\u0259d\u0259ni obyektl\u0259rin m\u00fchafiz\u0259sini n\u0259z\u0259rd\u0259 tuturam\u201d.","og_url":"https:\/\/www.meydan.tv\/az\/article\/putin-eliyev-ve-pasinyan-rusiyanin-vasitecilik-seylerini-musbet-qiymetlendirir\/","og_site_name":"MEYDAN.TV","article_published_time":"2021-01-11T15:44:33+00:00","og_image":[{"width":2560,"height":1742,"url":"https:\/\/www.meydan.tv\/wp-content\/uploads\/2021-01-11t120058z_424106249_rc2o5l965rub_rtrmadp_3_armenia-azerbaijan-rus-scaled.jpg","type":"image\/jpeg"}],"author":"user-manager","twitter_card":"summary_large_image","schema":{"@context":"https:\/\/schema.org","@graph":[{"@type":"Article","@id":"https:\/\/www.meydan.tv\/az\/article\/putin-eliyev-ve-pasinyan-rusiyanin-vasitecilik-seylerini-musbet-qiymetlendirir\/#article","isPartOf":{"@id":"https:\/\/www.meydan.tv\/az\/article\/putin-eliyev-ve-pasinyan-rusiyanin-vasitecilik-seylerini-musbet-qiymetlendirir\/"},"author":{"name":"user-manager","@id":"https:\/\/www.meydan.tv\/az\/#\/schema\/person\/10d11eccf6da3662cf5fdab9806ea91a"},"headline":"Putin: \u018fliyev v\u0259 Pa\u015finyan Rusiyan\u0131n vasit\u0259\u00e7ilik s\u0259yl\u0259rini m\u00fcsb\u0259t qiym\u0259tl\u0259ndirir","datePublished":"2021-01-11T15:44:33+00:00","mainEntityOfPage":{"@id":"https:\/\/www.meydan.tv\/az\/article\/putin-eliyev-ve-pasinyan-rusiyanin-vasitecilik-seylerini-musbet-qiymetlendirir\/"},"wordCount":794,"publisher":{"@id":"https:\/\/www.meydan.tv\/az\/#organization"},"image":{"@id":"https:\/\/www.meydan.tv\/az\/article\/putin-eliyev-ve-pasinyan-rusiyanin-vasitecilik-seylerini-musbet-qiymetlendirir\/#primaryimage"},"thumbnailUrl":"https:\/\/www.meydan.tv\/wp-content\/uploads\/2021-01-11t120058z_424106249_rc2o5l965rub_rtrmadp_3_armenia-azerbaijan-rus-scaled.jpg","articleSection":["Siyas\u0259t"],"inLanguage":"az"},{"@type":"WebPage","@id":"https:\/\/www.meydan.tv\/az\/article\/putin-eliyev-ve-pasinyan-rusiyanin-vasitecilik-seylerini-musbet-qiymetlendirir\/","url":"https:\/\/www.meydan.tv\/az\/article\/putin-eliyev-ve-pasinyan-rusiyanin-vasitecilik-seylerini-musbet-qiymetlendirir\/","name":"Putin: \u018fliyev v\u0259 Pa\u015finyan Rusiyan\u0131n vasit\u0259\u00e7ilik s\u0259yl\u0259rini m\u00fcsb\u0259t qiym\u0259tl\u0259ndirir - MEYDAN.TV","isPartOf":{"@id":"https:\/\/www.meydan.tv\/az\/#website"},"primaryImageOfPage":{"@id":"https:\/\/www.meydan.tv\/az\/article\/putin-eliyev-ve-pasinyan-rusiyanin-vasitecilik-seylerini-musbet-qiymetlendirir\/#primaryimage"},"image":{"@id":"https:\/\/www.meydan.tv\/az\/article\/putin-eliyev-ve-pasinyan-rusiyanin-vasitecilik-seylerini-musbet-qiymetlendirir\/#primaryimage"},"thumbnailUrl":"https:\/\/www.meydan.tv\/wp-content\/uploads\/2021-01-11t120058z_424106249_rc2o5l965rub_rtrmadp_3_armenia-azerbaijan-rus-scaled.jpg","datePublished":"2021-01-11T15:44:33+00:00","breadcrumb":{"@id":"https:\/\/www.meydan.tv\/az\/article\/putin-eliyev-ve-pasinyan-rusiyanin-vasitecilik-seylerini-musbet-qiymetlendirir\/#breadcrumb"},"inLanguage":"az","potentialAction":[{"@type":"ReadAction","target":["https:\/\/www.meydan.tv\/az\/article\/putin-eliyev-ve-pasinyan-rusiyanin-vasitecilik-seylerini-musbet-qiymetlendirir\/"]}]},{"@type":"ImageObject","inLanguage":"az","@id":"https:\/\/www.meydan.tv\/az\/article\/putin-eliyev-ve-pasinyan-rusiyanin-vasitecilik-seylerini-musbet-qiymetlendirir\/#primaryimage","url":"https:\/\/www.meydan.tv\/wp-content\/uploads\/2021-01-11t120058z_424106249_rc2o5l965rub_rtrmadp_3_armenia-azerbaijan-rus-scaled.jpg","contentUrl":"https:\/\/www.meydan.tv\/wp-content\/uploads\/2021-01-11t120058z_424106249_rc2o5l965rub_rtrmadp_3_armenia-azerbaijan-rus-scaled.jpg","width":2560,"height":1742,"caption":"Source: Specify Source"},{"@type":"BreadcrumbList","@id":"https:\/\/www.meydan.tv\/az\/article\/putin-eliyev-ve-pasinyan-rusiyanin-vasitecilik-seylerini-musbet-qiymetlendirir\/#breadcrumb","itemListElement":[{"@type":"ListItem","position":1,"name":"Ana s\u0259hif\u0259","item":"https:\/\/www.meydan.tv\/az\/"},{"@type":"ListItem","position":2,"name":"Siyas\u0259t","item":"https:\/\/www.meydan.tv\/az\/section\/siyaset\/"},{"@type":"ListItem","position":3,"name":"Putin: \u018fliyev v\u0259 Pa\u015finyan Rusiyan\u0131n vasit\u0259\u00e7ilik s\u0259yl\u0259rini m\u00fcsb\u0259t qiym\u0259tl\u0259ndirir"}]},{"@type":"WebSite","@id":"https:\/\/www.meydan.tv\/az\/#website","url":"https:\/\/www.meydan.tv\/az\/","name":"MEYDAN.TV","description":"Meydan TV Az\u0259rbaycan\u0131n media m\u0259kan\u0131ndak\u0131 alternativ s\u0259sidir","publisher":{"@id":"https:\/\/www.meydan.tv\/az\/#organization"},"potentialAction":[{"@type":"SearchAction","target":{"@type":"EntryPoint","urlTemplate":"https:\/\/www.meydan.tv\/az\/?s={search_term_string}"},"query-input":{"@type":"PropertyValueSpecification","valueRequired":true,"valueName":"search_term_string"}}],"inLanguage":"az"},{"@type":"Organization","@id":"https:\/\/www.meydan.tv\/az\/#organization","name":"Meydan TV","url":"https:\/\/www.meydan.tv\/az\/","logo":{"@type":"ImageObject","inLanguage":"az","@id":"https:\/\/www.meydan.tv\/az\/#\/schema\/logo\/image\/","url":"https:\/\/www.meydan.tv\/wp-content\/uploads\/2021\/07\/meydan-logo.svg","contentUrl":"https:\/\/www.meydan.tv\/wp-content\/uploads\/2021\/07\/meydan-logo.svg","width":195,"height":46,"caption":"Meydan TV"},"image":{"@id":"https:\/\/www.meydan.tv\/az\/#\/schema\/logo\/image\/"}},{"@type":"Person","@id":"https:\/\/www.meydan.tv\/az\/#\/schema\/person\/10d11eccf6da3662cf5fdab9806ea91a","name":"user-manager"}]}},"_links":{"self":[{"href":"https:\/\/www.meydan.tv\/az\/wp-json\/wp\/v2\/posts\/204449","targetHints":{"allow":["GET"]}}],"collection":[{"href":"https:\/\/www.meydan.tv\/az\/wp-json\/wp\/v2\/posts"}],"about":[{"href":"https:\/\/www.meydan.tv\/az\/wp-json\/wp\/v2\/types\/post"}],"author":[{"embeddable":true,"href":"https:\/\/www.meydan.tv\/az\/wp-json\/wp\/v2\/users\/11"}],"replies":[{"embeddable":true,"href":"https:\/\/www.meydan.tv\/az\/wp-json\/wp\/v2\/comments?post=204449"}],"version-history":[{"count":0,"href":"https:\/\/www.meydan.tv\/az\/wp-json\/wp\/v2\/posts\/204449\/revisions"}],"wp:featuredmedia":[{"embeddable":true,"href":"https:\/\/www.meydan.tv\/az\/wp-json\/wp\/v2\/media\/154545"}],"wp:attachment":[{"href":"https:\/\/www.meydan.tv\/az\/wp-json\/wp\/v2\/media?parent=204449"}],"wp:term":[{"taxonomy":"category","embeddable":true,"href":"https:\/\/www.meydan.tv\/az\/wp-json\/wp\/v2\/categories?post=204449"},{"taxonomy":"post_tag","embeddable":true,"href":"https:\/\/www.meydan.tv\/az\/wp-json\/wp\/v2\/tags?post=204449"}],"curies":[{"name":"wp","href":"https:\/\/api.w.org\/{rel}","templated":true}]}}