{"id":204446,"date":"2021-01-11T09:50:10","date_gmt":"2021-01-11T09:50:10","guid":{"rendered":"https:\/\/www.meydan.tv\/article\/problemlerin-elinde-qalan-elyetmezli\/"},"modified":"2021-01-11T09:50:10","modified_gmt":"2021-01-11T09:50:10","slug":"problemlerin-elinde-qalan-elyetmezli","status":"publish","type":"post","link":"https:\/\/www.meydan.tv\/az\/article\/problemlerin-elinde-qalan-elyetmezli\/","title":{"rendered":"Probleml\u0259rin \u0259lind\u0259 qalan \u018flyetm\u0259zli&#8230;"},"content":{"rendered":"<p>\n  <i><br \/>\n    K\u0259ndin qaz, i\u015f\u0131q, su, yol problemi var<br \/>\n  <\/i>\n<\/p>\n<p>\n  \u201cBurda q\u0131\u015f\u0131n da, yay\u0131n da \u00f6z probleml\u0259ri var. Yol, qaz yoxdur, i\u015f\u0131q da el\u0259 yox kimidir. \u0130\u015f\u0131qlar\u0131m\u0131z o q\u0259d\u0259r z\u0259ifdir ki, yem\u0259yimizi f\u0259n\u0259r i\u015f\u0131\u011f\u0131nda yeyirik. \u0130ki ildir aidiyy\u0259ti qurumlara m\u00fcraci\u0259t edirik, deyirl\u0259r d\u00fcz\u0259l\u0259c\u0259k, g\u00f6r\u00fcn\u0259n is\u0259 odur ki, h\u0259r d\u0259f\u0259 bizi aldad\u0131rlar\u201d.\n<\/p>\n<p>\n  Bunu Meydan TV-y\u0259 \u0130mi\u015flinin \u018flyetm\u0259zli k\u0259nd sakinl\u0259ri deyir. Sakinl\u0259r k\u0259ndd\u0259ki probleml\u0259rd\u0259n dan\u0131\u015f\u0131rlar. Onlar\u0131 daha \u00e7ox narahat ed\u0259n yol, qaz, i\u015f\u0131q d\u0259rdidir.\n<\/p>\n<p>\n  <i><br \/>\n    Yol, qaz, i\u015f\u0131q yox&#8230;<br \/>\n  <\/i>\n<\/p>\n<p>\n  \u018flyetm\u0259zlid\u0259 ya\u015fay\u0131\u015f 1940-c\u0131 ill\u0259rd\u0259n ba\u015flay\u0131b. H\u0259min vaxt k\u0259ndd\u0259 c\u0259mi 10-12 ail\u0259 ya\u015fay\u0131b. Vaxt ke\u00e7dikc\u0259, k\u0259nd\u0259 k\u00f6\u00e7 d\u0259 \u00e7oxal\u0131b, \u0259halinin say\u0131 art\u0131b. 1990-2000-ci ild\u0259n indiy\u0259d\u0259k is\u0259 k\u0259ndin bir t\u0259r\u0259find\u0259 sakinl\u0259r \u00f6zl\u0259rin\u0259 evl\u0259r tikm\u0259kl\u0259 yeni ya\u015fay\u0131\u015f yerl\u0259ri yarad\u0131blar. \u018fhalinin say\u0131 artsa da, k\u0259ndin i\u015f\u0131q, qaz, su sistemi, infrastrukturu inki\u015faf etdirilm\u0259yib. K\u0259ndin k\u0259nar\u0131ndak\u0131 yeni ya\u015fay\u0131\u015f yerind\u0259 ev-e\u015fik tikib ya\u015fayan sakinl\u0259r buradak\u0131 \u015f\u0259raitsizlikd\u0259n naraz\u0131l\u0131q edir:\n<\/p>\n<p>\n  \u201c10-12 ildir ki, burada t\u0259z\u0259 evl\u0259r tikilib. Torpa\u011f\u0131 v\u0259t\u0259nda\u015fa satanda y\u00fcz c\u00fcr dona girirl\u0259r, get, evini tik, yol el\u0259 olacaq, i\u015f\u0131q bel\u0259 olacaq&#8230; Ev tikib, ya\u015fay\u0131rsan, vaxt ke\u00e7dikc\u0259 anlay\u0131rsan ki, aldad\u0131lm\u0131san&#8230; Bir i\u015f\u0131q transformatoru n\u0259dir ki, ill\u0259rdir buna g\u00f6r\u0259 i\u015f\u0131q idar\u0259sinin yolunu su yoluna d\u00f6nd\u0259rmi\u015fik, g\u0259tirib bir transformator qura\u015fd\u0131rm\u0131rlar ki, biz d\u0259 \u00f6lk\u0259nin i\u015f\u0131\u011f\u0131ndan istifad\u0259 ed\u0259k. 21-ci \u0259srd\u0259 neft lampas\u0131ndan istifad\u0259 edirik, yem\u0259k yey\u0259nd\u0259 f\u0259n\u0259ri yand\u0131r\u0131b masan\u0131n ortas\u0131na qoyuruq ki, s\u00fcfr\u0259miz i\u015f\u0131ql\u0131 olsun\u201d.\n<\/p>\n<figure class=\"wp-block-image size-large\">\n  <img decoding=\"async\" src=\"https:\/\/www.meydan.tv\/az\/img_5963-jpg\/\" alt=\"img_5963.jpg\" class=\"wp-image-154488\"\/><figcaption>\n    &#8220;10 ild\u0259n \u00e7oxdur ki, n\u0259 a\u011fac var, n\u0259 m\u0259hsul&#8221;.<br \/>\n  <\/figcaption><\/figure>\n<p>\n  <b><br \/>\n    \u201cPal\u00e7\u0131q topuqdan olur\u201d<br \/>\n  <\/b>\n<\/p>\n<p>\n  Sakinl\u0259rin s\u00f6zl\u0259rin\u0259 g\u00f6r\u0259, ya\u011f\u0131\u015flar ba\u015flayanda evd\u0259n \u00e7\u00f6l\u0259 \u00e7\u0131xmaq \u00e7\u0259tinl\u0259\u015fir:\n<\/p>\n<p>\n  \u201cQ\u0131\u015f g\u0259lib, yollar\u0131m\u0131zda pal\u00e7\u0131q yen\u0259 topuqdand\u0131r. K\u00fc\u00e7\u0259y\u0259 \u00e7\u0131xa bilmirik, yollarda yerim\u0259k \u00e7\u0259tindir. Ma\u015f\u0131n iki d\u0259f\u0259 k\u00fc\u00e7\u0259ni o ba\u015f, bu ba\u015fa gedib g\u0259lir, s\u0131radan \u00e7\u0131x\u0131r, t\u0259mirlik olur. \u018fraziy\u0259 ictimai n\u0259qliyyat i\u015fl\u0259mir, rayon m\u0259rk\u0259zind\u0259n qay\u0131danda m\u0259cbur oluruq ki, taksiy\u0259 min\u0259k. Taksil\u0259r bil\u0259nd\u0259 ki, yolumuz bu m\u0259h\u0259ll\u0259y\u0259dir, g\u0259tirm\u0259kd\u0259n imtina edirl\u0259r. S\u00fcr\u00fcc\u00fcl\u0259r deyir, 5 manat yolpulu ver\u0259c\u0259ks\u0259n, sonra g\u0259r\u0259k 25-30 manat verib ma\u015f\u0131n\u0131n hans\u0131sa hiss\u0259sini d\u00fcz\u0259ltdirim, ma\u015f\u0131n\u0131n pal\u00e7\u0131\u011f\u0131n\u0131 yuyum\u201d.\n<\/p>\n<p>\n  <b><br \/>\n    K\u00fcr da\u015fq\u0131n\u0131n z\u0259r\u0259rl\u0259ri h\u0259l\u0259 d\u0259 qalmaqdad\u0131r<br \/>\n  <\/b>\n<\/p>\n<p>\n  11 il \u0259vv\u0259l ba\u015f vermi\u015f K\u00fcr da\u015fq\u0131n\u0131n\u0131n vurdu\u011fu z\u0259r\u0259rl\u0259r \u018flyetm\u0259zlid\u0259 h\u0259l\u0259 d\u0259 tam ortadan qald\u0131r\u0131lmay\u0131b. M\u0259lum oldu\u011fu kimi, sel sular\u0131 daha \u00e7ox k\u00f6hn\u0259 tikilil\u0259r\u0259 z\u0259r\u0259r vurub. Sakinl\u0259r deyir, h\u0259min evl\u0259r da\u011f\u0131lmaq \u00fczr\u0259dir, h\u0259y\u0259tl\u0259rd\u0259ki \u00e7oxillik meyv\u0259 a\u011faclar\u0131 quruyub, torpaqlar m\u00fcnbitliyini itirdiyi \u00fc\u00e7\u00fcn \u0259vv\u0259lki kimi m\u0259hsul vermir. Bir d\u0259 bunun \u00fcz\u0259rin\u0259 i\u015f\u0131q, qaz, su problemi g\u0259l\u0259nd\u0259 v\u0259ziyy\u0259t ikiqat a\u011f\u0131rla\u015f\u0131r:\n<\/p>\n<p>\n  \u201cK\u00fcr\u00fcn k\u0259nar\u0131nda ya\u015fasaq da, n\u0259 i\u00e7m\u0259y\u0259, n\u0259 d\u0259 \u0259kin m\u00f6vs\u00fcm\u00fc g\u0259l\u0259nd\u0259 sah\u0259l\u0259ri suvarma\u011fa su tap\u0131r\u0131q. Arada pamb\u0131q \u0259kinin\u0259 ba\u015f qo\u015fduq, baxd\u0131q ki, m\u0259hsul inki\u015faf etmir, bu i\u015fin ba\u015f\u0131n\u0131 buraxmal\u0131 olduq. Torpaqlarda \u015foranla\u015fma da ba\u015f al\u0131b gedir\u201d.\n<\/p>\n<figure class=\"wp-block-image size-large\">\n  <img decoding=\"async\" src=\"https:\/\/www.meydan.tv\/az\/untitled-design-png-31\/\" alt=\"Untitled design.png\" class=\"wp-image-154500\"\/><figcaption>\n    &#8220;21-ci \u0259srd\u0259 neft lampas\u0131ndan istifad\u0259 edirik, yem\u0259k yey\u0259nd\u0259 f\u0259n\u0259ri yand\u0131r\u0131b masan\u0131n ortas\u0131na qoyuruq ki, s\u00fcfr\u0259miz i\u015f\u0131ql\u0131 olsun\u201d<br \/>\n  <\/figcaption><\/figure>\n<p>\n  <b><br \/>\n    \u201cSanki unudulmu\u015fuq\u201d<br \/>\n  <\/b>\n<\/p>\n<p>\n  Sakinl\u0259r deyir, k\u0259nd rayon m\u0259rk\u0259zind\u0259n bir az uzaq oldu\u011funa g\u00f6r\u0259 sanki unudulub:\n<\/p>\n<p>\n  \u201cEl\u0259 bil k\u0259ndimiz\u0259 qar\u015f\u0131 \u00f6gey m\u00fcnasib\u0259t var. O vaxt g\u0259lib meyv\u0259 a\u011faclar\u0131m\u0131z\u0131 siyah\u0131ya ald\u0131lar ki, guya kompensasiya veril\u0259c\u0259k. Sonra da unudulub getdi. K\u0259ndlil\u0259r \u0259sas\u0259n h\u0259y\u0259tyan\u0131 sah\u0259l\u0259rind\u0259 yeti\u015fdirdikl\u0259ri meyv\u0259l\u0259ri sat\u0131b dolan\u0131rd\u0131. 10 ild\u0259n \u00e7oxdur ki, n\u0259 a\u011fac var, n\u0259 m\u0259hsul. O vaxt K\u00fcr \u00e7ay\u0131 d\u00fcz 8 ay \u0259razid\u0259n 4 metr h\u00fcnd\u00fcrl\u00fckd\u0259 axd\u0131. Ona g\u00f6r\u0259 d\u0259 torpaqlar\u0131m\u0131z h\u0259l\u0259 d\u0259 \u00f6z\u00fcn\u0259 g\u0259l\u0259 bilm\u0259yib. M\u0259hsuldarl\u0131q a\u015fa\u011f\u0131 d\u00fc\u015f\u00fcb, dolan\u0131\u015f\u0131\u011f\u0131m\u0131z k\u0259skin pisl\u0259\u015fib. K\u0259nd t\u0259s\u0259rr\u00fcfat\u0131 il\u0259 m\u0259\u015f\u011ful ola bilmirik\u201d.\n<\/p>\n<p>\n  \u0130mi\u015fli Rayon \u0130cra Hakimiyy\u0259tind\u0259n Meydan TV-y\u0259 bildirilib ki, k\u0259ndin sosial probleml\u0259ri qurumun diqq\u0259tind\u0259dir. Probleml\u0259rin h\u0259lli \u00fc\u00e7\u00fcn aidiyy\u0259ti qurumlara m\u0259ktublar g\u00f6nd\u0259rilir. Qurumdan bildirilib ki, K\u00fcr da\u015fq\u0131nlar\u0131ndan sonra k\u0259ndd\u0259 xeyli i\u015f g\u00f6r\u00fcl\u00fcb, selin f\u0259sadlar\u0131 aradan qald\u0131r\u0131l\u0131b, q\u0259zal\u0131 v\u0259ziyy\u0259t\u0259 d\u00fc\u015f\u0259n evl\u0259r t\u0259mir-b\u0259rpa olunub. Su problemi \u0259sas\u0259n \u0259kin m\u00f6vs\u00fcml\u0259rind\u0259 v\u0259 yay \u0259rzind\u0259 m\u00f6vcud olur ki, aidiyy\u0259ti qurumlar problemin h\u0259llin\u0259 \u00e7al\u0131\u015f\u0131r. K\u0259ndd\u0259 i\u015f\u0131q var, qaz, yol probleml\u0259rinin h\u0259lli d\u0259 diqq\u0259td\u0259dir.\n<\/p>\n<figure class=\"wp-block-image size-large\">\n  <img decoding=\"async\" src=\"https:\/\/www.meydan.tv\/az\/untitled-design-1-png-36\/\" alt=\"Untitled design (1).png\" class=\"wp-image-154509\"\/><figcaption>\n    Sakinl\u0259r deyir, k\u0259nd rayon m\u0259rk\u0259zind\u0259n bir az uzaq oldu\u011funa g\u00f6r\u0259 sanki unudulub<br \/>\n  <\/figcaption><\/figure>\n","protected":false},"excerpt":{"rendered":"<p>&#8220;Taksil\u0259r bil\u0259nd\u0259 ki, yolumuz bu m\u0259h\u0259ll\u0259y\u0259dir, g\u0259tirm\u0259kd\u0259n imtina edirl\u0259r&#8221;<\/p>\n","protected":false},"author":11,"featured_media":154494,"comment_status":"closed","ping_status":"open","sticky":false,"template":"","format":"standard","meta":{"_acf_changed":false,"_sitemap_exclude":false,"_sitemap_priority":"","_sitemap_frequency":"","footnotes":""},"categories":[60],"tags":[],"class_list":["post-204446","post","type-post","status-publish","format-standard","has-post-thumbnail","hentry","category-bolge","infinite-scroll-item","generate-columns","tablet-grid-50","mobile-grid-100","grid-parent","grid-33","no-featured-image-padding"],"acf":[],"yoast_head":"<!-- This site is optimized with the Yoast SEO plugin v27.5 - https:\/\/yoast.com\/product\/yoast-seo-wordpress\/ -->\n<title>Probleml\u0259rin \u0259lind\u0259 qalan \u018flyetm\u0259zli... - MEYDAN.TV<\/title>\n<meta name=\"robots\" content=\"index, follow, max-snippet:-1, max-image-preview:large, max-video-preview:-1\" \/>\n<link rel=\"canonical\" href=\"https:\/\/www.meydan.tv\/az\/article\/problemlerin-elinde-qalan-elyetmezli\/\" \/>\n<meta property=\"og:locale\" content=\"az_AZ\" \/>\n<meta property=\"og:type\" content=\"article\" \/>\n<meta property=\"og:title\" content=\"Probleml\u0259rin \u0259lind\u0259 qalan \u018flyetm\u0259zli... - MEYDAN.TV\" \/>\n<meta property=\"og:description\" content=\"&quot;Taksil\u0259r bil\u0259nd\u0259 ki, yolumuz bu m\u0259h\u0259ll\u0259y\u0259dir, g\u0259tirm\u0259kd\u0259n imtina edirl\u0259r&quot;\" \/>\n<meta property=\"og:url\" content=\"https:\/\/www.meydan.tv\/az\/article\/problemlerin-elinde-qalan-elyetmezli\/\" \/>\n<meta property=\"og:site_name\" content=\"MEYDAN.TV\" \/>\n<meta property=\"article:published_time\" content=\"2021-01-11T09:50:10+00:00\" \/>\n<meta property=\"og:image\" content=\"https:\/\/www.meydan.tv\/wp-content\/uploads\/img_5965.jpg\" \/>\n\t<meta property=\"og:image:width\" content=\"1280\" \/>\n\t<meta property=\"og:image:height\" content=\"720\" \/>\n\t<meta property=\"og:image:type\" content=\"image\/jpeg\" \/>\n<meta name=\"author\" content=\"user-manager\" \/>\n<meta name=\"twitter:card\" content=\"summary_large_image\" \/>\n<script type=\"application\/ld+json\" class=\"yoast-schema-graph\">{\"@context\":\"https:\\\/\\\/schema.org\",\"@graph\":[{\"@type\":\"Article\",\"@id\":\"https:\\\/\\\/www.meydan.tv\\\/az\\\/article\\\/problemlerin-elinde-qalan-elyetmezli\\\/#article\",\"isPartOf\":{\"@id\":\"https:\\\/\\\/www.meydan.tv\\\/az\\\/article\\\/problemlerin-elinde-qalan-elyetmezli\\\/\"},\"author\":{\"name\":\"user-manager\",\"@id\":\"https:\\\/\\\/www.meydan.tv\\\/az\\\/#\\\/schema\\\/person\\\/10d11eccf6da3662cf5fdab9806ea91a\"},\"headline\":\"Probleml\u0259rin \u0259lind\u0259 qalan \u018flyetm\u0259zli&#8230;\",\"datePublished\":\"2021-01-11T09:50:10+00:00\",\"mainEntityOfPage\":{\"@id\":\"https:\\\/\\\/www.meydan.tv\\\/az\\\/article\\\/problemlerin-elinde-qalan-elyetmezli\\\/\"},\"wordCount\":967,\"publisher\":{\"@id\":\"https:\\\/\\\/www.meydan.tv\\\/az\\\/#organization\"},\"image\":{\"@id\":\"https:\\\/\\\/www.meydan.tv\\\/az\\\/article\\\/problemlerin-elinde-qalan-elyetmezli\\\/#primaryimage\"},\"thumbnailUrl\":\"https:\\\/\\\/www.meydan.tv\\\/wp-content\\\/uploads\\\/img_5965.jpg\",\"articleSection\":[\"B\u00f6lg\u0259\"],\"inLanguage\":\"az\"},{\"@type\":\"WebPage\",\"@id\":\"https:\\\/\\\/www.meydan.tv\\\/az\\\/article\\\/problemlerin-elinde-qalan-elyetmezli\\\/\",\"url\":\"https:\\\/\\\/www.meydan.tv\\\/az\\\/article\\\/problemlerin-elinde-qalan-elyetmezli\\\/\",\"name\":\"Probleml\u0259rin \u0259lind\u0259 qalan \u018flyetm\u0259zli... - MEYDAN.TV\",\"isPartOf\":{\"@id\":\"https:\\\/\\\/www.meydan.tv\\\/az\\\/#website\"},\"primaryImageOfPage\":{\"@id\":\"https:\\\/\\\/www.meydan.tv\\\/az\\\/article\\\/problemlerin-elinde-qalan-elyetmezli\\\/#primaryimage\"},\"image\":{\"@id\":\"https:\\\/\\\/www.meydan.tv\\\/az\\\/article\\\/problemlerin-elinde-qalan-elyetmezli\\\/#primaryimage\"},\"thumbnailUrl\":\"https:\\\/\\\/www.meydan.tv\\\/wp-content\\\/uploads\\\/img_5965.jpg\",\"datePublished\":\"2021-01-11T09:50:10+00:00\",\"breadcrumb\":{\"@id\":\"https:\\\/\\\/www.meydan.tv\\\/az\\\/article\\\/problemlerin-elinde-qalan-elyetmezli\\\/#breadcrumb\"},\"inLanguage\":\"az\",\"potentialAction\":[{\"@type\":\"ReadAction\",\"target\":[\"https:\\\/\\\/www.meydan.tv\\\/az\\\/article\\\/problemlerin-elinde-qalan-elyetmezli\\\/\"]}]},{\"@type\":\"ImageObject\",\"inLanguage\":\"az\",\"@id\":\"https:\\\/\\\/www.meydan.tv\\\/az\\\/article\\\/problemlerin-elinde-qalan-elyetmezli\\\/#primaryimage\",\"url\":\"https:\\\/\\\/www.meydan.tv\\\/wp-content\\\/uploads\\\/img_5965.jpg\",\"contentUrl\":\"https:\\\/\\\/www.meydan.tv\\\/wp-content\\\/uploads\\\/img_5965.jpg\",\"width\":1280,\"height\":720,\"caption\":\"Source: Specify Source\"},{\"@type\":\"BreadcrumbList\",\"@id\":\"https:\\\/\\\/www.meydan.tv\\\/az\\\/article\\\/problemlerin-elinde-qalan-elyetmezli\\\/#breadcrumb\",\"itemListElement\":[{\"@type\":\"ListItem\",\"position\":1,\"name\":\"Ana s\u0259hif\u0259\",\"item\":\"https:\\\/\\\/www.meydan.tv\\\/az\\\/\"},{\"@type\":\"ListItem\",\"position\":2,\"name\":\"B\u00f6lg\u0259\",\"item\":\"https:\\\/\\\/www.meydan.tv\\\/az\\\/section\\\/bolge\\\/\"},{\"@type\":\"ListItem\",\"position\":3,\"name\":\"Probleml\u0259rin \u0259lind\u0259 qalan \u018flyetm\u0259zli&#8230;\"}]},{\"@type\":\"WebSite\",\"@id\":\"https:\\\/\\\/www.meydan.tv\\\/az\\\/#website\",\"url\":\"https:\\\/\\\/www.meydan.tv\\\/az\\\/\",\"name\":\"MEYDAN.TV\",\"description\":\"Meydan TV Az\u0259rbaycan\u0131n media m\u0259kan\u0131ndak\u0131 alternativ s\u0259sidir\",\"publisher\":{\"@id\":\"https:\\\/\\\/www.meydan.tv\\\/az\\\/#organization\"},\"potentialAction\":[{\"@type\":\"SearchAction\",\"target\":{\"@type\":\"EntryPoint\",\"urlTemplate\":\"https:\\\/\\\/www.meydan.tv\\\/az\\\/?s={search_term_string}\"},\"query-input\":{\"@type\":\"PropertyValueSpecification\",\"valueRequired\":true,\"valueName\":\"search_term_string\"}}],\"inLanguage\":\"az\"},{\"@type\":\"Organization\",\"@id\":\"https:\\\/\\\/www.meydan.tv\\\/az\\\/#organization\",\"name\":\"Meydan TV\",\"url\":\"https:\\\/\\\/www.meydan.tv\\\/az\\\/\",\"logo\":{\"@type\":\"ImageObject\",\"inLanguage\":\"az\",\"@id\":\"https:\\\/\\\/www.meydan.tv\\\/az\\\/#\\\/schema\\\/logo\\\/image\\\/\",\"url\":\"https:\\\/\\\/www.meydan.tv\\\/wp-content\\\/uploads\\\/2021\\\/07\\\/meydan-logo.svg\",\"contentUrl\":\"https:\\\/\\\/www.meydan.tv\\\/wp-content\\\/uploads\\\/2021\\\/07\\\/meydan-logo.svg\",\"width\":195,\"height\":46,\"caption\":\"Meydan TV\"},\"image\":{\"@id\":\"https:\\\/\\\/www.meydan.tv\\\/az\\\/#\\\/schema\\\/logo\\\/image\\\/\"}},{\"@type\":\"Person\",\"@id\":\"https:\\\/\\\/www.meydan.tv\\\/az\\\/#\\\/schema\\\/person\\\/10d11eccf6da3662cf5fdab9806ea91a\",\"name\":\"user-manager\"}]}<\/script>\n<!-- \/ Yoast SEO plugin. -->","yoast_head_json":{"title":"Probleml\u0259rin \u0259lind\u0259 qalan \u018flyetm\u0259zli... - MEYDAN.TV","robots":{"index":"index","follow":"follow","max-snippet":"max-snippet:-1","max-image-preview":"max-image-preview:large","max-video-preview":"max-video-preview:-1"},"canonical":"https:\/\/www.meydan.tv\/az\/article\/problemlerin-elinde-qalan-elyetmezli\/","og_locale":"az_AZ","og_type":"article","og_title":"Probleml\u0259rin \u0259lind\u0259 qalan \u018flyetm\u0259zli... - MEYDAN.TV","og_description":"\"Taksil\u0259r bil\u0259nd\u0259 ki, yolumuz bu m\u0259h\u0259ll\u0259y\u0259dir, g\u0259tirm\u0259kd\u0259n imtina edirl\u0259r\"","og_url":"https:\/\/www.meydan.tv\/az\/article\/problemlerin-elinde-qalan-elyetmezli\/","og_site_name":"MEYDAN.TV","article_published_time":"2021-01-11T09:50:10+00:00","og_image":[{"width":1280,"height":720,"url":"https:\/\/www.meydan.tv\/wp-content\/uploads\/img_5965.jpg","type":"image\/jpeg"}],"author":"user-manager","twitter_card":"summary_large_image","schema":{"@context":"https:\/\/schema.org","@graph":[{"@type":"Article","@id":"https:\/\/www.meydan.tv\/az\/article\/problemlerin-elinde-qalan-elyetmezli\/#article","isPartOf":{"@id":"https:\/\/www.meydan.tv\/az\/article\/problemlerin-elinde-qalan-elyetmezli\/"},"author":{"name":"user-manager","@id":"https:\/\/www.meydan.tv\/az\/#\/schema\/person\/10d11eccf6da3662cf5fdab9806ea91a"},"headline":"Probleml\u0259rin \u0259lind\u0259 qalan \u018flyetm\u0259zli&#8230;","datePublished":"2021-01-11T09:50:10+00:00","mainEntityOfPage":{"@id":"https:\/\/www.meydan.tv\/az\/article\/problemlerin-elinde-qalan-elyetmezli\/"},"wordCount":967,"publisher":{"@id":"https:\/\/www.meydan.tv\/az\/#organization"},"image":{"@id":"https:\/\/www.meydan.tv\/az\/article\/problemlerin-elinde-qalan-elyetmezli\/#primaryimage"},"thumbnailUrl":"https:\/\/www.meydan.tv\/wp-content\/uploads\/img_5965.jpg","articleSection":["B\u00f6lg\u0259"],"inLanguage":"az"},{"@type":"WebPage","@id":"https:\/\/www.meydan.tv\/az\/article\/problemlerin-elinde-qalan-elyetmezli\/","url":"https:\/\/www.meydan.tv\/az\/article\/problemlerin-elinde-qalan-elyetmezli\/","name":"Probleml\u0259rin \u0259lind\u0259 qalan \u018flyetm\u0259zli... - MEYDAN.TV","isPartOf":{"@id":"https:\/\/www.meydan.tv\/az\/#website"},"primaryImageOfPage":{"@id":"https:\/\/www.meydan.tv\/az\/article\/problemlerin-elinde-qalan-elyetmezli\/#primaryimage"},"image":{"@id":"https:\/\/www.meydan.tv\/az\/article\/problemlerin-elinde-qalan-elyetmezli\/#primaryimage"},"thumbnailUrl":"https:\/\/www.meydan.tv\/wp-content\/uploads\/img_5965.jpg","datePublished":"2021-01-11T09:50:10+00:00","breadcrumb":{"@id":"https:\/\/www.meydan.tv\/az\/article\/problemlerin-elinde-qalan-elyetmezli\/#breadcrumb"},"inLanguage":"az","potentialAction":[{"@type":"ReadAction","target":["https:\/\/www.meydan.tv\/az\/article\/problemlerin-elinde-qalan-elyetmezli\/"]}]},{"@type":"ImageObject","inLanguage":"az","@id":"https:\/\/www.meydan.tv\/az\/article\/problemlerin-elinde-qalan-elyetmezli\/#primaryimage","url":"https:\/\/www.meydan.tv\/wp-content\/uploads\/img_5965.jpg","contentUrl":"https:\/\/www.meydan.tv\/wp-content\/uploads\/img_5965.jpg","width":1280,"height":720,"caption":"Source: Specify Source"},{"@type":"BreadcrumbList","@id":"https:\/\/www.meydan.tv\/az\/article\/problemlerin-elinde-qalan-elyetmezli\/#breadcrumb","itemListElement":[{"@type":"ListItem","position":1,"name":"Ana s\u0259hif\u0259","item":"https:\/\/www.meydan.tv\/az\/"},{"@type":"ListItem","position":2,"name":"B\u00f6lg\u0259","item":"https:\/\/www.meydan.tv\/az\/section\/bolge\/"},{"@type":"ListItem","position":3,"name":"Probleml\u0259rin \u0259lind\u0259 qalan \u018flyetm\u0259zli&#8230;"}]},{"@type":"WebSite","@id":"https:\/\/www.meydan.tv\/az\/#website","url":"https:\/\/www.meydan.tv\/az\/","name":"MEYDAN.TV","description":"Meydan TV Az\u0259rbaycan\u0131n media m\u0259kan\u0131ndak\u0131 alternativ s\u0259sidir","publisher":{"@id":"https:\/\/www.meydan.tv\/az\/#organization"},"potentialAction":[{"@type":"SearchAction","target":{"@type":"EntryPoint","urlTemplate":"https:\/\/www.meydan.tv\/az\/?s={search_term_string}"},"query-input":{"@type":"PropertyValueSpecification","valueRequired":true,"valueName":"search_term_string"}}],"inLanguage":"az"},{"@type":"Organization","@id":"https:\/\/www.meydan.tv\/az\/#organization","name":"Meydan TV","url":"https:\/\/www.meydan.tv\/az\/","logo":{"@type":"ImageObject","inLanguage":"az","@id":"https:\/\/www.meydan.tv\/az\/#\/schema\/logo\/image\/","url":"https:\/\/www.meydan.tv\/wp-content\/uploads\/2021\/07\/meydan-logo.svg","contentUrl":"https:\/\/www.meydan.tv\/wp-content\/uploads\/2021\/07\/meydan-logo.svg","width":195,"height":46,"caption":"Meydan TV"},"image":{"@id":"https:\/\/www.meydan.tv\/az\/#\/schema\/logo\/image\/"}},{"@type":"Person","@id":"https:\/\/www.meydan.tv\/az\/#\/schema\/person\/10d11eccf6da3662cf5fdab9806ea91a","name":"user-manager"}]}},"_links":{"self":[{"href":"https:\/\/www.meydan.tv\/az\/wp-json\/wp\/v2\/posts\/204446","targetHints":{"allow":["GET"]}}],"collection":[{"href":"https:\/\/www.meydan.tv\/az\/wp-json\/wp\/v2\/posts"}],"about":[{"href":"https:\/\/www.meydan.tv\/az\/wp-json\/wp\/v2\/types\/post"}],"author":[{"embeddable":true,"href":"https:\/\/www.meydan.tv\/az\/wp-json\/wp\/v2\/users\/11"}],"replies":[{"embeddable":true,"href":"https:\/\/www.meydan.tv\/az\/wp-json\/wp\/v2\/comments?post=204446"}],"version-history":[{"count":0,"href":"https:\/\/www.meydan.tv\/az\/wp-json\/wp\/v2\/posts\/204446\/revisions"}],"wp:featuredmedia":[{"embeddable":true,"href":"https:\/\/www.meydan.tv\/az\/wp-json\/wp\/v2\/media\/154494"}],"wp:attachment":[{"href":"https:\/\/www.meydan.tv\/az\/wp-json\/wp\/v2\/media?parent=204446"}],"wp:term":[{"taxonomy":"category","embeddable":true,"href":"https:\/\/www.meydan.tv\/az\/wp-json\/wp\/v2\/categories?post=204446"},{"taxonomy":"post_tag","embeddable":true,"href":"https:\/\/www.meydan.tv\/az\/wp-json\/wp\/v2\/tags?post=204446"}],"curies":[{"name":"wp","href":"https:\/\/api.w.org\/{rel}","templated":true}]}}