{"id":204329,"date":"2020-12-30T10:12:33","date_gmt":"2020-12-30T10:12:33","guid":{"rendered":"https:\/\/www.meydan.tv\/article\/aqil-abbas-qarabaglilar-oz-torpaqlarina-qayitmaqdan-otru-olur\/"},"modified":"2020-12-30T10:12:33","modified_gmt":"2020-12-30T10:12:33","slug":"aqil-abbas-qarabaglilar-oz-torpaqlarina-qayitmaqdan-otru-olur","status":"publish","type":"post","link":"https:\/\/www.meydan.tv\/az\/article\/aqil-abbas-qarabaglilar-oz-torpaqlarina-qayitmaqdan-otru-olur\/","title":{"rendered":"Aqil Abbas: Qaraba\u011fl\u0131lar \u00f6z torpaqlar\u0131na qay\u0131tmaqdan \u00f6tr\u00fc \u00f6l\u00fcr"},"content":{"rendered":"<p>\n  <i><br \/>\n    Siyavu\u015f Novruzov: B\u0259zi partiya s\u0259drl\u0259ri var ki, onlar\u0131n adlar\u0131n\u0131 \u00e7\u0259km\u0259yi Milli M\u0259clis\u0259 yara\u015fd\u0131rm\u0131ram<br \/>\n  <\/i>\n<\/p>\n<p>\n  \u201cH\u0259mr\u0259ylik g\u00fcn\u00fc \u0259r\u0259f\u0259sind\u0259 bir m\u0259s\u0259l\u0259ni d\u0259 dem\u0259k ist\u0259yir\u0259m. B\u0259zi partiya s\u0259drl\u0259ri var, onlar\u0131n adlar\u0131n\u0131 \u00e7\u0259km\u0259yi Milli M\u0259clis\u0259 yara\u015fd\u0131rm\u0131ram. Onlar deyir ki, \u015eu\u015fa \u0259halisi ora qay\u0131tmaq ist\u0259mir\u201d.\n<\/p>\n<p>\n  Milli M\u0259clisin iclas\u0131nda komit\u0259 s\u0259dri Siyavu\u015f Novruzov bel\u0259 deyib.\n<\/p>\n<p>\n  Deputat bel\u0259 informasiya yayanlar\u0131 t\u0259nqid edib:\n<\/p>\n<p>\n  \u201cBu q\u0259d\u0259r yalan dan\u0131\u015fmaq olarm\u0131? \u00d6z\u00fc \u0259lind\u0259 avtomat tutmayan, h\u0259rbi xidm\u0259td\u0259 olmayan adam g\u0259lir bel\u0259 \u015feyl\u0259r dan\u0131\u015f\u0131r\u201d.\n<\/p>\n<p>\n  Deputat Aqil Abbas da deyib ki, qaraba\u011fl\u0131lar\u0131n Qaraba\u011fa geri qay\u0131tmayaca\u011f\u0131 il\u0259 ba\u011fl\u0131 yay\u0131lan fikirl\u0259r do\u011fru deyil.\n<\/p>\n<p>\n  Onun fikrinc\u0259, m\u00fc\u0259yy\u0259n adamlar\u0131 bel\u0259 dan\u0131\u015fd\u0131raraq bundan istifad\u0259 edirl\u0259r:\n<\/p>\n<p>\n  \u201cA\u011fdamda i\u015f\u011fal olunmam\u0131\u015f \u0259razid\u0259 45 min \u0259hali ya\u015fay\u0131rd\u0131. Oralar b\u0259rpa olunandan sonra 100 min\u0259 q\u0259d\u0259r \u0259hali ora qay\u0131td\u0131. O c\u00fcml\u0259d\u0259n F\u00fczulid\u0259 d\u0259 40 min\u0259 yax\u0131n f\u00fczulili \u00f6z torpa\u011f\u0131na qay\u0131td\u0131. Qaraba\u011fl\u0131lar \u00f6z torpaqlar\u0131na qay\u0131tmaqdan \u00f6tr\u00fc \u00f6l\u00fcr. Biri m\u0259n, biri burada oturan qaraba\u011fl\u0131 deputatlar. Bel\u0259 t\u0259bli\u011fat aparmaqla adamlar\u0131 ruhdan salmaq ist\u0259yirl\u0259r. Biz qaraba\u011fl\u0131lar ruhdan d\u00fc\u015f\u0259n deyilik&quot;.\n<\/p>\n<p>\n  Parliamentin spikeri Sahib\u0259 Qafarova da bildirib ki, bel\u0259 \u015fayi\u0259l\u0259r \u00e7ox olacaq: \u201cAz\u0259rbaycan xalq\u0131 m\u00fcdrik xalqd\u0131r. H\u0259qiq\u0259t\u0259n qaraba\u011fl\u0131lar ruhdan d\u00fc\u015f\u0259n deyill\u0259r&quot;.<\/p>\n","protected":false},"excerpt":{"rendered":"<p>\u201cOralar b\u0259rpa olunandan sonra 100 min\u0259 q\u0259d\u0259r \u0259hali ora qay\u0131td\u0131&#8221;.<\/p>\n","protected":false},"author":11,"featured_media":154128,"comment_status":"closed","ping_status":"open","sticky":false,"template":"","format":"standard","meta":{"_acf_changed":false,"_sitemap_exclude":false,"_sitemap_priority":"","_sitemap_frequency":"","footnotes":""},"categories":[59],"tags":[],"class_list":["post-204329","post","type-post","status-publish","format-standard","has-post-thumbnail","hentry","category-siyaset","infinite-scroll-item","generate-columns","tablet-grid-50","mobile-grid-100","grid-parent","grid-33","no-featured-image-padding"],"acf":[],"yoast_head":"<!-- This site is optimized with the Yoast SEO plugin v28.4 - https:\/\/yoast.com\/product\/yoast-seo-wordpress\/ -->\n<title>Aqil Abbas: Qaraba\u011fl\u0131lar \u00f6z torpaqlar\u0131na qay\u0131tmaqdan \u00f6tr\u00fc \u00f6l\u00fcr - MEYDAN.TV<\/title>\n<meta name=\"robots\" content=\"index, follow, max-snippet:-1, max-image-preview:large, max-video-preview:-1\" \/>\n<link rel=\"canonical\" href=\"https:\/\/www.meydan.tv\/az\/article\/aqil-abbas-qarabaglilar-oz-torpaqlarina-qayitmaqdan-otru-olur\/\" \/>\n<meta property=\"og:locale\" content=\"az_AZ\" \/>\n<meta property=\"og:type\" content=\"article\" \/>\n<meta property=\"og:title\" content=\"Aqil Abbas: Qaraba\u011fl\u0131lar \u00f6z torpaqlar\u0131na qay\u0131tmaqdan \u00f6tr\u00fc \u00f6l\u00fcr - MEYDAN.TV\" \/>\n<meta property=\"og:description\" content=\"\u201cOralar b\u0259rpa olunandan sonra 100 min\u0259 q\u0259d\u0259r \u0259hali ora qay\u0131td\u0131&quot;.\" \/>\n<meta property=\"og:url\" content=\"https:\/\/www.meydan.tv\/az\/article\/aqil-abbas-qarabaglilar-oz-torpaqlarina-qayitmaqdan-otru-olur\/\" \/>\n<meta property=\"og:site_name\" content=\"MEYDAN.TV\" \/>\n<meta property=\"article:published_time\" content=\"2020-12-30T10:12:33+00:00\" \/>\n<meta property=\"og:image\" content=\"https:\/\/www.meydan.tv\/wp-content\/uploads\/1477730000_aqil-abbasrtyt.jpg\" \/>\n\t<meta property=\"og:image:width\" content=\"764\" \/>\n\t<meta property=\"og:image:height\" content=\"480\" \/>\n\t<meta property=\"og:image:type\" content=\"image\/jpeg\" \/>\n<meta name=\"twitter:card\" content=\"summary_large_image\" \/>\n<!-- \/ Yoast SEO plugin. -->","yoast_head_json":{"title":"Aqil Abbas: Qaraba\u011fl\u0131lar \u00f6z torpaqlar\u0131na qay\u0131tmaqdan \u00f6tr\u00fc \u00f6l\u00fcr - MEYDAN.TV","robots":{"index":"index","follow":"follow","max-snippet":"max-snippet:-1","max-image-preview":"max-image-preview:large","max-video-preview":"max-video-preview:-1"},"canonical":"https:\/\/www.meydan.tv\/az\/article\/aqil-abbas-qarabaglilar-oz-torpaqlarina-qayitmaqdan-otru-olur\/","og_locale":"az_AZ","og_type":"article","og_title":"Aqil Abbas: Qaraba\u011fl\u0131lar \u00f6z torpaqlar\u0131na qay\u0131tmaqdan \u00f6tr\u00fc \u00f6l\u00fcr - MEYDAN.TV","og_description":"\u201cOralar b\u0259rpa olunandan sonra 100 min\u0259 q\u0259d\u0259r \u0259hali ora qay\u0131td\u0131\".","og_url":"https:\/\/www.meydan.tv\/az\/article\/aqil-abbas-qarabaglilar-oz-torpaqlarina-qayitmaqdan-otru-olur\/","og_site_name":"MEYDAN.TV","article_published_time":"2020-12-30T10:12:33+00:00","og_image":[{"width":764,"height":480,"url":"https:\/\/www.meydan.tv\/wp-content\/uploads\/1477730000_aqil-abbasrtyt.jpg","type":"image\/jpeg"}],"twitter_card":"summary_large_image","schema":{"@context":"https:\/\/schema.org","@graph":[{"@type":"Article","@id":"https:\/\/www.meydan.tv\/az\/article\/aqil-abbas-qarabaglilar-oz-torpaqlarina-qayitmaqdan-otru-olur\/#article","isPartOf":{"@id":"https:\/\/www.meydan.tv\/az\/article\/aqil-abbas-qarabaglilar-oz-torpaqlarina-qayitmaqdan-otru-olur\/"},"author":{"name":"user-manager","@id":"https:\/\/www.meydan.tv\/az\/#\/schema\/person\/10d11eccf6da3662cf5fdab9806ea91a"},"headline":"Aqil Abbas: Qaraba\u011fl\u0131lar \u00f6z torpaqlar\u0131na qay\u0131tmaqdan \u00f6tr\u00fc \u00f6l\u00fcr","datePublished":"2020-12-30T10:12:33+00:00","mainEntityOfPage":{"@id":"https:\/\/www.meydan.tv\/az\/article\/aqil-abbas-qarabaglilar-oz-torpaqlarina-qayitmaqdan-otru-olur\/"},"wordCount":284,"publisher":{"@id":"https:\/\/www.meydan.tv\/az\/#organization"},"image":{"@id":"https:\/\/www.meydan.tv\/az\/article\/aqil-abbas-qarabaglilar-oz-torpaqlarina-qayitmaqdan-otru-olur\/#primaryimage"},"thumbnailUrl":"https:\/\/www.meydan.tv\/wp-content\/uploads\/1477730000_aqil-abbasrtyt.jpg","articleSection":["Siyas\u0259t"],"inLanguage":"az"},{"@type":"WebPage","@id":"https:\/\/www.meydan.tv\/az\/article\/aqil-abbas-qarabaglilar-oz-torpaqlarina-qayitmaqdan-otru-olur\/","url":"https:\/\/www.meydan.tv\/az\/article\/aqil-abbas-qarabaglilar-oz-torpaqlarina-qayitmaqdan-otru-olur\/","name":"Aqil Abbas: Qaraba\u011fl\u0131lar \u00f6z torpaqlar\u0131na qay\u0131tmaqdan \u00f6tr\u00fc \u00f6l\u00fcr - MEYDAN.TV","isPartOf":{"@id":"https:\/\/www.meydan.tv\/az\/#website"},"primaryImageOfPage":{"@id":"https:\/\/www.meydan.tv\/az\/article\/aqil-abbas-qarabaglilar-oz-torpaqlarina-qayitmaqdan-otru-olur\/#primaryimage"},"image":{"@id":"https:\/\/www.meydan.tv\/az\/article\/aqil-abbas-qarabaglilar-oz-torpaqlarina-qayitmaqdan-otru-olur\/#primaryimage"},"thumbnailUrl":"https:\/\/www.meydan.tv\/wp-content\/uploads\/1477730000_aqil-abbasrtyt.jpg","datePublished":"2020-12-30T10:12:33+00:00","breadcrumb":{"@id":"https:\/\/www.meydan.tv\/az\/article\/aqil-abbas-qarabaglilar-oz-torpaqlarina-qayitmaqdan-otru-olur\/#breadcrumb"},"inLanguage":"az","potentialAction":[{"@type":"ReadAction","target":["https:\/\/www.meydan.tv\/az\/article\/aqil-abbas-qarabaglilar-oz-torpaqlarina-qayitmaqdan-otru-olur\/"]}]},{"@type":"ImageObject","inLanguage":"az","@id":"https:\/\/www.meydan.tv\/az\/article\/aqil-abbas-qarabaglilar-oz-torpaqlarina-qayitmaqdan-otru-olur\/#primaryimage","url":"https:\/\/www.meydan.tv\/wp-content\/uploads\/1477730000_aqil-abbasrtyt.jpg","contentUrl":"https:\/\/www.meydan.tv\/wp-content\/uploads\/1477730000_aqil-abbasrtyt.jpg","width":764,"height":480,"caption":"Source: google.az"},{"@type":"BreadcrumbList","@id":"https:\/\/www.meydan.tv\/az\/article\/aqil-abbas-qarabaglilar-oz-torpaqlarina-qayitmaqdan-otru-olur\/#breadcrumb","itemListElement":[{"@type":"ListItem","position":1,"name":"Ana s\u0259hif\u0259","item":"https:\/\/www.meydan.tv\/az\/"},{"@type":"ListItem","position":2,"name":"Siyas\u0259t","item":"https:\/\/www.meydan.tv\/az\/section\/siyaset\/"},{"@type":"ListItem","position":3,"name":"Aqil Abbas: Qaraba\u011fl\u0131lar \u00f6z torpaqlar\u0131na qay\u0131tmaqdan \u00f6tr\u00fc \u00f6l\u00fcr"}]},{"@type":"WebSite","@id":"https:\/\/www.meydan.tv\/az\/#website","url":"https:\/\/www.meydan.tv\/az\/","name":"MEYDAN.TV","description":"Meydan TV Az\u0259rbaycan\u0131n media m\u0259kan\u0131ndak\u0131 alternativ s\u0259sidir","publisher":{"@id":"https:\/\/www.meydan.tv\/az\/#organization"},"potentialAction":[{"@type":"SearchAction","target":{"@type":"EntryPoint","urlTemplate":"https:\/\/www.meydan.tv\/az\/?s={search_term_string}"},"query-input":{"@type":"PropertyValueSpecification","valueRequired":true,"valueName":"search_term_string"}}],"inLanguage":"az"},{"@type":"Organization","@id":"https:\/\/www.meydan.tv\/az\/#organization","name":"Meydan TV","url":"https:\/\/www.meydan.tv\/az\/","logo":{"@type":"ImageObject","inLanguage":"az","@id":"https:\/\/www.meydan.tv\/az\/#\/schema\/logo\/image\/","url":"https:\/\/www.meydan.tv\/wp-content\/uploads\/2021\/07\/meydan-logo.svg","contentUrl":"https:\/\/www.meydan.tv\/wp-content\/uploads\/2021\/07\/meydan-logo.svg","width":195,"height":46,"caption":"Meydan TV"},"image":{"@id":"https:\/\/www.meydan.tv\/az\/#\/schema\/logo\/image\/"}},{"@type":"Person","@id":"https:\/\/www.meydan.tv\/az\/#\/schema\/person\/10d11eccf6da3662cf5fdab9806ea91a","name":"user-manager"}]}},"_links":{"self":[{"href":"https:\/\/www.meydan.tv\/az\/wp-json\/wp\/v2\/posts\/204329","targetHints":{"allow":["GET"]}}],"collection":[{"href":"https:\/\/www.meydan.tv\/az\/wp-json\/wp\/v2\/posts"}],"about":[{"href":"https:\/\/www.meydan.tv\/az\/wp-json\/wp\/v2\/types\/post"}],"author":[{"embeddable":true,"href":"https:\/\/www.meydan.tv\/az\/wp-json\/wp\/v2\/users\/11"}],"replies":[{"embeddable":true,"href":"https:\/\/www.meydan.tv\/az\/wp-json\/wp\/v2\/comments?post=204329"}],"version-history":[{"count":0,"href":"https:\/\/www.meydan.tv\/az\/wp-json\/wp\/v2\/posts\/204329\/revisions"}],"wp:featuredmedia":[{"embeddable":true,"href":"https:\/\/www.meydan.tv\/az\/wp-json\/wp\/v2\/media\/154128"}],"wp:attachment":[{"href":"https:\/\/www.meydan.tv\/az\/wp-json\/wp\/v2\/media?parent=204329"}],"wp:term":[{"taxonomy":"category","embeddable":true,"href":"https:\/\/www.meydan.tv\/az\/wp-json\/wp\/v2\/categories?post=204329"},{"taxonomy":"post_tag","embeddable":true,"href":"https:\/\/www.meydan.tv\/az\/wp-json\/wp\/v2\/tags?post=204329"}],"curies":[{"name":"wp","href":"https:\/\/api.w.org\/{rel}","templated":true}]}}