{"id":204328,"date":"2020-12-30T10:08:53","date_gmt":"2020-12-30T10:08:53","guid":{"rendered":"https:\/\/www.meydan.tv\/article\/ilham-eliyev-herbi-qulluqculari-teltif-etdi\/"},"modified":"2020-12-30T10:08:53","modified_gmt":"2020-12-30T10:08:53","slug":"ilham-eliyev-herbi-qulluqculari-teltif-etdi","status":"publish","type":"post","link":"https:\/\/www.meydan.tv\/az\/article\/ilham-eliyev-herbi-qulluqculari-teltif-etdi\/","title":{"rendered":"\u0130lham \u018fliyev h\u0259rbi qulluq\u00e7ular\u0131 t\u0259ltif etdi"},"content":{"rendered":"<p>\n  <i><br \/>\n    Onlar \u201cH\u0259rbi xidm\u0259tl\u0259rin\u0259 g\u00f6r\u0259\u201d medal\u0131 il\u0259 t\u0259ltif edilibl\u0259r<br \/>\n  <\/i>\n<\/p>\n<p>\n  Az\u0259rbaycan d\u00f6vl\u0259t ba\u015f\u00e7\u0131s\u0131 \u0130lham \u018fliyev dekabr\u0131n 30-da bir qrup h\u0259rb\u00e7inin \u201cH\u0259rbi xidm\u0259tl\u0259rin\u0259 g\u00f6r\u0259\u201d medal\u0131 il\u0259 t\u0259ltif edilm\u0259si haqq\u0131nda<br \/>\n  <a href=\"https:\/\/president.az\/articles\/49727\"><br \/>\n    s\u0259r\u0259ncam<br \/>\n  <\/a><br \/>\n  imzalay\u0131b.\n<\/p>\n<p>\n  S\u0259r\u0259ncamda general-mayorlar Nizami M\u0259mm\u0259dovun, Yusif Mirz\u0259yevin, Q\u0259dir N\u0259sibovun adlar\u0131 yer al\u0131b.\n<\/p>\n<p>\n  Bundan \u0259lav\u0259 24 polkovnik, 105 polkovnik-leytenant v\u0259 dig\u0259r y\u00fczl\u0259rl\u0259 m\u00fcxt\u0259lif h\u0259rb\u00e7i medallarla t\u0259ltif edilib.\n<\/p>\n<p>\n  172 h\u0259rb\u00e7i \u00f6l\u00fcm\u00fcnd\u0259n sonra \u201cH\u0259rbi xidm\u0259tl\u0259r\u0259 g\u00f6r\u0259\u201d medal\u0131 il\u0259 t\u0259ltif edilib.\n<\/p>\n<p>\n  Prezident dekabr\u0131n 29-da Suqovu\u015fan\u0131n, Qubadl\u0131n\u0131n, \u015eu\u015fan\u0131n, A\u011fdam\u0131n, K\u0259lb\u0259c\u0259rin, La\u00e7\u0131n\u0131n azad olunmas\u0131 haqq\u0131nda medallar\u0131n\u0131n t\u0259ltif edilm\u0259si<br \/>\n  <a href=\"https:\/\/www.meydan.tv\/az\/article\/ilham-eliyev-159-herbi-qulluqcunu-olumunden-teltif-etdi\/?ref=list-news\"><br \/>\n    s\u0259r\u0259ncam<br \/>\n  <\/a><br \/>\n  \u0131n\u0131 imzalay\u0131b.\n<\/p>\n<p>\n  \u0130lham \u018fliyev 9, 15,<br \/>\n  <a href=\"https:\/\/www.meydan.tv\/az\/article\/ilham-eliyev-yene-bir-qrup-herbciye-medal-verdi\/?ref=list-news\"><br \/>\n    25 dekabr<br \/>\n  <\/a><br \/>\n  tarixl\u0259rind\u0259<br \/>\n  <a href=\"https:\/\/www.meydan.tv\/az\/article\/media-eksperti-ve-jurnalist-cebrayilin-azad-olunmasina-gore-medali-ile-teltif-edilib\/?ref=list-news\"><br \/>\n    C\u0259bray\u0131l<br \/>\n  <\/a><br \/>\n  \u0131n, Xocav\u0259ndin, F\u00fczulinin v\u0259 Z\u0259ngilan\u0131n azad olunmas\u0131 il\u0259 ba\u011fl\u0131 h\u0259rb\u00e7i qulluq\u00e7ular\u0131 m\u00fckafatland\u0131rm\u0131\u015fd\u0131.\n<\/p>\n<p>\n  Sentyabr\u0131n 27-d\u0259 Erm\u0259nistan v\u0259 Az\u0259rbaycan Ordusu aras\u0131nda c\u0259bh\u0259nin b\u00fct\u00fcn istiqam\u0259tl\u0259rind\u0259 h\u0259rbi \u0259m\u0259liyyatlar ba\u015flay\u0131b.\n<\/p>\n<p>\n  44 g\u00fcn davam ed\u0259n m\u00fcharib\u0259 n\u0259tic\u0259sind\u0259 Az\u0259rbaycan Ordusu t\u0259r\u0259find\u0259n noyabr\u0131n 9-d\u0259k 5 \u015f\u0259h\u0259r, 4 q\u0259s\u0259b\u0259 v\u0259 286 k\u0259nd i\u015f\u011faldan azad edilib.\n<\/p>\n<p>\n  \u0130ndiy\u0259d\u0259k C\u0259bray\u0131l \u015f\u0259h\u0259ri v\u0259 rayonun 90 k\u0259ndi, F\u00fczuli \u015f\u0259h\u0259ri v\u0259 rayonun 53 k\u0259ndi, Z\u0259ngilan \u015f\u0259h\u0259ri, rayonun Mincivan, A\u011fb\u0259nd, Bartaz q\u0259s\u0259b\u0259l\u0259ri v\u0259 52 k\u0259ndi, Xocav\u0259nd rayonunun Hadrut q\u0259s\u0259b\u0259si v\u0259 35 k\u0259ndi, T\u0259rt\u0259r rayonunun 3 k\u0259ndi, Qubadl\u0131 \u015f\u0259h\u0259ri v\u0259 rayonun 41 k\u0259ndi, Xocal\u0131 rayonunun 9 k\u0259ndi, \u015eu\u015fa \u015f\u0259h\u0259ri, La\u00e7\u0131n rayonunun 3 k\u0259ndi, h\u0259m\u00e7inin A\u011fd\u0259r\u0259 v\u0259 Murovda\u011f istiqam\u0259tl\u0259rind\u0259 bir ne\u00e7\u0259 strateji y\u00fcks\u0259klik, Z\u0259ngilanda is\u0259 Bartaz, S\u0131\u011f\u0131rt, \u015e\u00fck\u00fcrataz y\u00fcks\u0259kl\u0259ri v\u0259 daha 5 ads\u0131z y\u00fcks\u0259kliyin azad olundu\u011fu bildirilir.\n<\/p>\n<p>\n  Noyabr\u0131n 10-da Az\u0259rbaycan, Rusiya prezidentl\u0259ri v\u0259 Erm\u0259nistan\u0131n Ba\u015f naziri m\u00fcnaqi\u015f\u0259 zonas\u0131nda at\u0259\u015fin v\u0259 b\u00fct\u00fcn h\u0259rbi \u0259m\u0259liyyatlar\u0131n tam dayand\u0131r\u0131lmas\u0131 bar\u0259d\u0259 b\u0259yanat imzalay\u0131b.\n<\/p>\n<p>\n  B\u0259yanata uy\u011fun olaraq, 2020-ci il dekabr\u0131n 1-d\u0259k K\u0259lb\u0259c\u0259r, A\u011fdam v\u0259 La\u00e7\u0131n rayonlar\u0131 Az\u0259rbaycana t\u0259hvil verilib.<\/p>\n","protected":false},"excerpt":{"rendered":"<p>172 h\u0259rb\u00e7i \u00f6l\u00fcm\u00fcnd\u0259n sonra \u201cH\u0259rbi xidm\u0259tl\u0259r\u0259 g\u00f6r\u0259\u201d medal\u0131 il\u0259 t\u0259ltif edilib<\/p>\n","protected":false},"author":11,"featured_media":55344,"comment_status":"closed","ping_status":"open","sticky":false,"template":"","format":"standard","meta":{"_acf_changed":false,"_sitemap_exclude":false,"_sitemap_priority":"","_sitemap_frequency":"","footnotes":""},"categories":[59],"tags":[],"class_list":["post-204328","post","type-post","status-publish","format-standard","has-post-thumbnail","hentry","category-siyaset","infinite-scroll-item","generate-columns","tablet-grid-50","mobile-grid-100","grid-parent","grid-33","no-featured-image-padding"],"acf":[],"yoast_head":"<!-- This site is optimized with the Yoast SEO plugin v28.4 - https:\/\/yoast.com\/product\/yoast-seo-wordpress\/ -->\n<title>\u0130lham \u018fliyev h\u0259rbi qulluq\u00e7ular\u0131 t\u0259ltif etdi - MEYDAN.TV<\/title>\n<meta name=\"robots\" content=\"index, follow, max-snippet:-1, max-image-preview:large, max-video-preview:-1\" \/>\n<link rel=\"canonical\" href=\"https:\/\/www.meydan.tv\/az\/article\/ilham-eliyev-herbi-qulluqculari-teltif-etdi\/\" \/>\n<meta property=\"og:locale\" content=\"az_AZ\" \/>\n<meta property=\"og:type\" content=\"article\" \/>\n<meta property=\"og:title\" content=\"\u0130lham \u018fliyev h\u0259rbi qulluq\u00e7ular\u0131 t\u0259ltif etdi - MEYDAN.TV\" \/>\n<meta property=\"og:description\" content=\"172 h\u0259rb\u00e7i \u00f6l\u00fcm\u00fcnd\u0259n sonra \u201cH\u0259rbi xidm\u0259tl\u0259r\u0259 g\u00f6r\u0259\u201d medal\u0131 il\u0259 t\u0259ltif edilib\" \/>\n<meta property=\"og:url\" content=\"https:\/\/www.meydan.tv\/az\/article\/ilham-eliyev-herbi-qulluqculari-teltif-etdi\/\" \/>\n<meta property=\"og:site_name\" content=\"MEYDAN.TV\" \/>\n<meta property=\"article:published_time\" content=\"2020-12-30T10:08:53+00:00\" \/>\n<meta property=\"og:image\" content=\"https:\/\/www.meydan.tv\/wp-content\/uploads\/20904.jpg\" \/>\n\t<meta property=\"og:image:width\" content=\"768\" \/>\n\t<meta property=\"og:image:height\" content=\"576\" \/>\n\t<meta property=\"og:image:type\" content=\"image\/jpeg\" \/>\n<meta name=\"twitter:card\" content=\"summary_large_image\" \/>\n<!-- \/ Yoast SEO plugin. -->","yoast_head_json":{"title":"\u0130lham \u018fliyev h\u0259rbi qulluq\u00e7ular\u0131 t\u0259ltif etdi - MEYDAN.TV","robots":{"index":"index","follow":"follow","max-snippet":"max-snippet:-1","max-image-preview":"max-image-preview:large","max-video-preview":"max-video-preview:-1"},"canonical":"https:\/\/www.meydan.tv\/az\/article\/ilham-eliyev-herbi-qulluqculari-teltif-etdi\/","og_locale":"az_AZ","og_type":"article","og_title":"\u0130lham \u018fliyev h\u0259rbi qulluq\u00e7ular\u0131 t\u0259ltif etdi - MEYDAN.TV","og_description":"172 h\u0259rb\u00e7i \u00f6l\u00fcm\u00fcnd\u0259n sonra \u201cH\u0259rbi xidm\u0259tl\u0259r\u0259 g\u00f6r\u0259\u201d medal\u0131 il\u0259 t\u0259ltif edilib","og_url":"https:\/\/www.meydan.tv\/az\/article\/ilham-eliyev-herbi-qulluqculari-teltif-etdi\/","og_site_name":"MEYDAN.TV","article_published_time":"2020-12-30T10:08:53+00:00","og_image":[{"width":768,"height":576,"url":"https:\/\/www.meydan.tv\/wp-content\/uploads\/20904.jpg","type":"image\/jpeg"}],"twitter_card":"summary_large_image","schema":{"@context":"https:\/\/schema.org","@graph":[{"@type":"Article","@id":"https:\/\/www.meydan.tv\/az\/article\/ilham-eliyev-herbi-qulluqculari-teltif-etdi\/#article","isPartOf":{"@id":"https:\/\/www.meydan.tv\/az\/article\/ilham-eliyev-herbi-qulluqculari-teltif-etdi\/"},"author":{"name":"user-manager","@id":"https:\/\/www.meydan.tv\/az\/#\/schema\/person\/10d11eccf6da3662cf5fdab9806ea91a"},"headline":"\u0130lham \u018fliyev h\u0259rbi qulluq\u00e7ular\u0131 t\u0259ltif etdi","datePublished":"2020-12-30T10:08:53+00:00","mainEntityOfPage":{"@id":"https:\/\/www.meydan.tv\/az\/article\/ilham-eliyev-herbi-qulluqculari-teltif-etdi\/"},"wordCount":430,"publisher":{"@id":"https:\/\/www.meydan.tv\/az\/#organization"},"image":{"@id":"https:\/\/www.meydan.tv\/az\/article\/ilham-eliyev-herbi-qulluqculari-teltif-etdi\/#primaryimage"},"thumbnailUrl":"https:\/\/www.meydan.tv\/wp-content\/uploads\/20904.jpg","articleSection":["Siyas\u0259t"],"inLanguage":"az"},{"@type":"WebPage","@id":"https:\/\/www.meydan.tv\/az\/article\/ilham-eliyev-herbi-qulluqculari-teltif-etdi\/","url":"https:\/\/www.meydan.tv\/az\/article\/ilham-eliyev-herbi-qulluqculari-teltif-etdi\/","name":"\u0130lham \u018fliyev h\u0259rbi qulluq\u00e7ular\u0131 t\u0259ltif etdi - MEYDAN.TV","isPartOf":{"@id":"https:\/\/www.meydan.tv\/az\/#website"},"primaryImageOfPage":{"@id":"https:\/\/www.meydan.tv\/az\/article\/ilham-eliyev-herbi-qulluqculari-teltif-etdi\/#primaryimage"},"image":{"@id":"https:\/\/www.meydan.tv\/az\/article\/ilham-eliyev-herbi-qulluqculari-teltif-etdi\/#primaryimage"},"thumbnailUrl":"https:\/\/www.meydan.tv\/wp-content\/uploads\/20904.jpg","datePublished":"2020-12-30T10:08:53+00:00","breadcrumb":{"@id":"https:\/\/www.meydan.tv\/az\/article\/ilham-eliyev-herbi-qulluqculari-teltif-etdi\/#breadcrumb"},"inLanguage":"az","potentialAction":[{"@type":"ReadAction","target":["https:\/\/www.meydan.tv\/az\/article\/ilham-eliyev-herbi-qulluqculari-teltif-etdi\/"]}]},{"@type":"ImageObject","inLanguage":"az","@id":"https:\/\/www.meydan.tv\/az\/article\/ilham-eliyev-herbi-qulluqculari-teltif-etdi\/#primaryimage","url":"https:\/\/www.meydan.tv\/wp-content\/uploads\/20904.jpg","contentUrl":"https:\/\/www.meydan.tv\/wp-content\/uploads\/20904.jpg","width":768,"height":576,"caption":"Source:"},{"@type":"BreadcrumbList","@id":"https:\/\/www.meydan.tv\/az\/article\/ilham-eliyev-herbi-qulluqculari-teltif-etdi\/#breadcrumb","itemListElement":[{"@type":"ListItem","position":1,"name":"Ana s\u0259hif\u0259","item":"https:\/\/www.meydan.tv\/az\/"},{"@type":"ListItem","position":2,"name":"Siyas\u0259t","item":"https:\/\/www.meydan.tv\/az\/section\/siyaset\/"},{"@type":"ListItem","position":3,"name":"\u0130lham \u018fliyev h\u0259rbi qulluq\u00e7ular\u0131 t\u0259ltif etdi"}]},{"@type":"WebSite","@id":"https:\/\/www.meydan.tv\/az\/#website","url":"https:\/\/www.meydan.tv\/az\/","name":"MEYDAN.TV","description":"Meydan TV Az\u0259rbaycan\u0131n media m\u0259kan\u0131ndak\u0131 alternativ s\u0259sidir","publisher":{"@id":"https:\/\/www.meydan.tv\/az\/#organization"},"potentialAction":[{"@type":"SearchAction","target":{"@type":"EntryPoint","urlTemplate":"https:\/\/www.meydan.tv\/az\/?s={search_term_string}"},"query-input":{"@type":"PropertyValueSpecification","valueRequired":true,"valueName":"search_term_string"}}],"inLanguage":"az"},{"@type":"Organization","@id":"https:\/\/www.meydan.tv\/az\/#organization","name":"Meydan TV","url":"https:\/\/www.meydan.tv\/az\/","logo":{"@type":"ImageObject","inLanguage":"az","@id":"https:\/\/www.meydan.tv\/az\/#\/schema\/logo\/image\/","url":"https:\/\/www.meydan.tv\/wp-content\/uploads\/2021\/07\/meydan-logo.svg","contentUrl":"https:\/\/www.meydan.tv\/wp-content\/uploads\/2021\/07\/meydan-logo.svg","width":195,"height":46,"caption":"Meydan TV"},"image":{"@id":"https:\/\/www.meydan.tv\/az\/#\/schema\/logo\/image\/"}},{"@type":"Person","@id":"https:\/\/www.meydan.tv\/az\/#\/schema\/person\/10d11eccf6da3662cf5fdab9806ea91a","name":"user-manager"}]}},"_links":{"self":[{"href":"https:\/\/www.meydan.tv\/az\/wp-json\/wp\/v2\/posts\/204328","targetHints":{"allow":["GET"]}}],"collection":[{"href":"https:\/\/www.meydan.tv\/az\/wp-json\/wp\/v2\/posts"}],"about":[{"href":"https:\/\/www.meydan.tv\/az\/wp-json\/wp\/v2\/types\/post"}],"author":[{"embeddable":true,"href":"https:\/\/www.meydan.tv\/az\/wp-json\/wp\/v2\/users\/11"}],"replies":[{"embeddable":true,"href":"https:\/\/www.meydan.tv\/az\/wp-json\/wp\/v2\/comments?post=204328"}],"version-history":[{"count":0,"href":"https:\/\/www.meydan.tv\/az\/wp-json\/wp\/v2\/posts\/204328\/revisions"}],"wp:featuredmedia":[{"embeddable":true,"href":"https:\/\/www.meydan.tv\/az\/wp-json\/wp\/v2\/media\/55344"}],"wp:attachment":[{"href":"https:\/\/www.meydan.tv\/az\/wp-json\/wp\/v2\/media?parent=204328"}],"wp:term":[{"taxonomy":"category","embeddable":true,"href":"https:\/\/www.meydan.tv\/az\/wp-json\/wp\/v2\/categories?post=204328"},{"taxonomy":"post_tag","embeddable":true,"href":"https:\/\/www.meydan.tv\/az\/wp-json\/wp\/v2\/tags?post=204328"}],"curies":[{"name":"wp","href":"https:\/\/api.w.org\/{rel}","templated":true}]}}