{"id":204327,"date":"2020-12-29T18:40:46","date_gmt":"2020-12-29T18:40:46","guid":{"rendered":"https:\/\/www.meydan.tv\/article\/daha-bir-kecmis-icra-bascisi-mehkeme-qarsisina-cixarilir\/"},"modified":"2020-12-29T18:40:46","modified_gmt":"2020-12-29T18:40:46","slug":"daha-bir-kecmis-icra-bascisi-mehkeme-qarsisina-cixarilir","status":"publish","type":"post","link":"https:\/\/www.meydan.tv\/az\/article\/daha-bir-kecmis-icra-bascisi-mehkeme-qarsisina-cixarilir\/","title":{"rendered":"Daha bir ke\u00e7mi\u015f icra ba\u015f\u00e7\u0131s\u0131 m\u0259hk\u0259m\u0259 qar\u015f\u0131s\u0131na \u00e7\u0131xar\u0131l\u0131r"},"content":{"rendered":"<p>\n  <i><br \/>\n    Qoca S\u0259m\u0259dovun m\u0259hk\u0259m\u0259si \u015e\u0259kid\u0259 ba\u015f tutacaq<br \/>\n  <\/i>\n<\/p>\n<p>\n  H\u0259bsd\u0259 olan ke\u00e7mi\u015f icra ba\u015f\u00e7\u0131lar\u0131ndan daha birinin hakim qar\u015f\u0131s\u0131na \u00e7\u0131xar\u0131laca\u011f\u0131 g\u00fcn m\u0259lum olub. A\u011fstafan\u0131n sabiq icra ba\u015f\u00e7\u0131s\u0131 Nizam\u0259ddin Quliyevd\u0259n sonra Yevlax rayonunda eyni v\u0259zif\u0259d\u0259 \u00e7al\u0131\u015fm\u0131\u015f Qoca S\u0259m\u0259dovun da i\u015fi \u00fczr\u0259 istintaq yekunla\u015fd\u0131r\u0131l\u0131b v\u0259 materiallar ara\u015fd\u0131r\u0131lmas\u0131 \u00fc\u00e7\u00fcn m\u0259hk\u0259m\u0259y\u0259 g\u00f6nd\u0259rilib. Onun i\u015fin\u0259 \u015e\u0259ki A\u011f\u0131r Cinay\u0259tl\u0259r M\u0259hk\u0259m\u0259sind\u0259 (cinay\u0259tin t\u00f6r\u0259dildiyi iddia olunan Yevlax \u0259razi bax\u0131m\u0131ndan bu m\u0259hk\u0259m\u0259nin yurisdiksiyas\u0131na daxil oldu\u011funa g\u00f6r\u0259), R\u0259\u015fid H\u00fcseynovun s\u0259drliyil\u0259, Nahid Mirz\u0259yev v\u0259 R\u0259\u015fad \u018fliyevd\u0259n ibar\u0259t hakiml\u0259r kollegiyas\u0131 baxacaq.\n<\/p>\n<p>\n  Meydan TV-nin \u0259ld\u0259 etdiyi m\u0259lumata g\u00f6r\u0259, ke\u00e7mi\u015f icra ba\u015f\u00e7\u0131s\u0131n\u0131n i\u015fi \u00fczr\u0259 m\u0259hk\u0259m\u0259nin haz\u0131rl\u0131q iclas\u0131 yanvar\u0131n 21-d\u0259 saat 11.00-a t\u0259yin edilib.\n<\/p>\n<p>\n  A\u011fstafan\u0131n sabiq icra ba\u015f\u00e7\u0131s\u0131 is\u0259 G\u0259nc\u0259 A\u011f\u0131r Cinay\u0259tl\u0259r M\u0259hk\u0259m\u0259sind\u0259 hakim qar\u015f\u0131s\u0131na birinci m\u00fcavini olmu\u015f Ramiz Tatarovla birlikd\u0259 \u00e7\u0131xar\u0131lacaq. Amma Qoca S\u0259m\u0259dov t\u0259k m\u00fchakim\u0259 olunacaq.\n<\/p>\n<p>\n  H\u0259bsd\u0259 olan dig\u0259r icra ba\u015f\u00e7\u0131lar\u0131n\u0131n i\u015fi \u00fczr\u0259 DTX-n\u0131n \u0130stintaq \u0130dar\u0259sind\u0259 apar\u0131lan ara\u015fd\u0131rmalar is\u0259 davam edir.\n<\/p>\n<p>\n  Az\u0259rbaycanda icra ba\u015f\u00e7\u0131lar\u0131n\u0131n h\u0259bs dal\u011fas\u0131 \u00f6t\u0259n ilin dekabr\u0131nda Qoca S\u0259m\u0259dovla ba\u015flay\u0131b. DTX-n\u0131n yayd\u0131\u011f\u0131 a\u00e7\u0131qlamada o, icra ba\u015f\u00e7\u0131s\u0131 i\u015fl\u0259diyi m\u00fcdd\u0259td\u0259 i\u015fsiz v\u0259t\u0259nda\u015flar\u0131n ictimai i\u015fl\u0259r\u0259 c\u0259lb edilm\u0259si m\u0259qs\u0259dil\u0259, \u0259m\u0259khaqq\u0131 kimi ayr\u0131lan v\u0259saitl\u0259ri \u0259l\u0259 ke\u00e7irm\u0259kd\u0259, Yevlaxda m\u00fcxt\u0259lif d\u00f6vl\u0259t orqanlar\u0131na i\u015f\u00e7i kimi r\u0259smil\u0259\u015fdirilmi\u015f 133 n\u0259f\u0259r \u00fc\u00e7\u00fcn a\u00e7\u0131lan maa\u015f kartlar\u0131ndan \u00e7\u0131xar\u0131lan 236 min manat v\u0259sait m\u0259nims\u0259m\u0259kd\u0259, abadl\u0131q i\u015fl\u0259rin\u0259 ayr\u0131lan b\u00fcdc\u0259 v\u0259saitl\u0259rinin yeyintisind\u0259 ittiham olunur. \u0130ddiaya g\u00f6r\u0259, sabiq icra ba\u015f\u00e7\u0131s\u0131 2017-2019-cu ill\u0259rd\u0259 Yevlaxda abadl\u0131q i\u015fl\u0259rind\u0259n \u00f6tr\u00fc d\u00f6vl\u0259t b\u00fcdc\u0259sind\u0259n ayr\u0131lan v\u0259 m\u00fcxt\u0259lif \u015firk\u0259tl\u0259rin hesablar\u0131na k\u00f6\u00e7\u00fcr\u00fclm\u00fc\u015f v\u0259saitl\u0259r na\u011fdla\u015fd\u0131r\u0131landan sonra onun 616 min manat\u0131n\u0131 geri al\u0131b.\n<\/p>\n<p>\n  Qoca S\u0259m\u0259dov, onun v\u0259kili v\u0259 ya yax\u0131nlar\u0131 bu ittihamlara m\u00fcnasib\u0259t bildirm\u0259yib.\n<\/p>\n<p>\n  Qoca S\u0259m\u0259dov v\u0259 ondan sonra h\u0259bs olunan A\u011fstafa, Neft\u00e7ala, Bil\u0259suvar, \u0130mi\u015fli, K\u00fcrd\u0259mir v\u0259 C\u0259lilabad rayonlar\u0131n\u0131n icra ba\u015f\u00e7\u0131lar\u0131na qar\u015f\u0131 v\u0259zif\u0259 s\u0259lahiyy\u0259tl\u0259rind\u0259n sui-istifad\u0259 etm\u0259, k\u00fclli miqdarda r\u00fc\u015fv\u0259t alma, m\u0259nims\u0259m\u0259 kimi ittihamlar ir\u0259li s\u00fcr\u00fcl\u00fcb.<\/p>\n","protected":false},"excerpt":{"rendered":"<p>A\u011fstafan\u0131n sabiq icra ba\u015f\u00e7\u0131s\u0131 is\u0259 G\u0259nc\u0259 A\u011f\u0131r Cinay\u0259tl\u0259r M\u0259hk\u0259m\u0259sind\u0259 hakim qar\u015f\u0131s\u0131na birinci m\u00fcavini olmu\u015f Ramiz Tatarovla birlikd\u0259 \u00e7\u0131xar\u0131lacaq. Amma Qoca S\u0259m\u0259dov t\u0259k m\u00fchakim\u0259 olunacaq.<\/p>\n","protected":false},"author":11,"featured_media":134583,"comment_status":"closed","ping_status":"open","sticky":false,"template":"","format":"standard","meta":{"_acf_changed":false,"_sitemap_exclude":false,"_sitemap_priority":"","_sitemap_frequency":"","footnotes":""},"categories":[59],"tags":[],"class_list":["post-204327","post","type-post","status-publish","format-standard","has-post-thumbnail","hentry","category-siyaset","infinite-scroll-item","generate-columns","tablet-grid-50","mobile-grid-100","grid-parent","grid-33","no-featured-image-padding"],"acf":[],"yoast_head":"<!-- This site is optimized with the Yoast SEO plugin v28.4 - https:\/\/yoast.com\/product\/yoast-seo-wordpress\/ -->\n<title>Daha bir ke\u00e7mi\u015f icra ba\u015f\u00e7\u0131s\u0131 m\u0259hk\u0259m\u0259 qar\u015f\u0131s\u0131na \u00e7\u0131xar\u0131l\u0131r - MEYDAN.TV<\/title>\n<meta name=\"robots\" content=\"index, follow, max-snippet:-1, max-image-preview:large, max-video-preview:-1\" \/>\n<link rel=\"canonical\" href=\"https:\/\/www.meydan.tv\/az\/article\/daha-bir-kecmis-icra-bascisi-mehkeme-qarsisina-cixarilir\/\" \/>\n<meta property=\"og:locale\" content=\"az_AZ\" \/>\n<meta property=\"og:type\" content=\"article\" \/>\n<meta property=\"og:title\" content=\"Daha bir ke\u00e7mi\u015f icra ba\u015f\u00e7\u0131s\u0131 m\u0259hk\u0259m\u0259 qar\u015f\u0131s\u0131na \u00e7\u0131xar\u0131l\u0131r - MEYDAN.TV\" \/>\n<meta property=\"og:description\" content=\"A\u011fstafan\u0131n sabiq icra ba\u015f\u00e7\u0131s\u0131 is\u0259 G\u0259nc\u0259 A\u011f\u0131r Cinay\u0259tl\u0259r M\u0259hk\u0259m\u0259sind\u0259 hakim qar\u015f\u0131s\u0131na birinci m\u00fcavini olmu\u015f Ramiz Tatarovla birlikd\u0259 \u00e7\u0131xar\u0131lacaq. Amma Qoca S\u0259m\u0259dov t\u0259k m\u00fchakim\u0259 olunacaq.\" \/>\n<meta property=\"og:url\" content=\"https:\/\/www.meydan.tv\/az\/article\/daha-bir-kecmis-icra-bascisi-mehkeme-qarsisina-cixarilir\/\" \/>\n<meta property=\"og:site_name\" content=\"MEYDAN.TV\" \/>\n<meta property=\"article:published_time\" content=\"2020-12-29T18:40:46+00:00\" \/>\n<meta property=\"og:image\" content=\"https:\/\/www.meydan.tv\/wp-content\/uploads\/113-scaled.jpg\" \/>\n\t<meta property=\"og:image:width\" content=\"2560\" \/>\n\t<meta property=\"og:image:height\" content=\"1599\" \/>\n\t<meta property=\"og:image:type\" content=\"image\/jpeg\" \/>\n<meta name=\"twitter:card\" content=\"summary_large_image\" \/>\n<!-- \/ Yoast SEO plugin. -->","yoast_head_json":{"title":"Daha bir ke\u00e7mi\u015f icra ba\u015f\u00e7\u0131s\u0131 m\u0259hk\u0259m\u0259 qar\u015f\u0131s\u0131na \u00e7\u0131xar\u0131l\u0131r - MEYDAN.TV","robots":{"index":"index","follow":"follow","max-snippet":"max-snippet:-1","max-image-preview":"max-image-preview:large","max-video-preview":"max-video-preview:-1"},"canonical":"https:\/\/www.meydan.tv\/az\/article\/daha-bir-kecmis-icra-bascisi-mehkeme-qarsisina-cixarilir\/","og_locale":"az_AZ","og_type":"article","og_title":"Daha bir ke\u00e7mi\u015f icra ba\u015f\u00e7\u0131s\u0131 m\u0259hk\u0259m\u0259 qar\u015f\u0131s\u0131na \u00e7\u0131xar\u0131l\u0131r - MEYDAN.TV","og_description":"A\u011fstafan\u0131n sabiq icra ba\u015f\u00e7\u0131s\u0131 is\u0259 G\u0259nc\u0259 A\u011f\u0131r Cinay\u0259tl\u0259r M\u0259hk\u0259m\u0259sind\u0259 hakim qar\u015f\u0131s\u0131na birinci m\u00fcavini olmu\u015f Ramiz Tatarovla birlikd\u0259 \u00e7\u0131xar\u0131lacaq. Amma Qoca S\u0259m\u0259dov t\u0259k m\u00fchakim\u0259 olunacaq.","og_url":"https:\/\/www.meydan.tv\/az\/article\/daha-bir-kecmis-icra-bascisi-mehkeme-qarsisina-cixarilir\/","og_site_name":"MEYDAN.TV","article_published_time":"2020-12-29T18:40:46+00:00","og_image":[{"width":2560,"height":1599,"url":"https:\/\/www.meydan.tv\/wp-content\/uploads\/113-scaled.jpg","type":"image\/jpeg"}],"twitter_card":"summary_large_image","schema":{"@context":"https:\/\/schema.org","@graph":[{"@type":"Article","@id":"https:\/\/www.meydan.tv\/az\/article\/daha-bir-kecmis-icra-bascisi-mehkeme-qarsisina-cixarilir\/#article","isPartOf":{"@id":"https:\/\/www.meydan.tv\/az\/article\/daha-bir-kecmis-icra-bascisi-mehkeme-qarsisina-cixarilir\/"},"author":{"name":"user-manager","@id":"https:\/\/www.meydan.tv\/az\/#\/schema\/person\/10d11eccf6da3662cf5fdab9806ea91a"},"headline":"Daha bir ke\u00e7mi\u015f icra ba\u015f\u00e7\u0131s\u0131 m\u0259hk\u0259m\u0259 qar\u015f\u0131s\u0131na \u00e7\u0131xar\u0131l\u0131r","datePublished":"2020-12-29T18:40:46+00:00","mainEntityOfPage":{"@id":"https:\/\/www.meydan.tv\/az\/article\/daha-bir-kecmis-icra-bascisi-mehkeme-qarsisina-cixarilir\/"},"wordCount":506,"publisher":{"@id":"https:\/\/www.meydan.tv\/az\/#organization"},"image":{"@id":"https:\/\/www.meydan.tv\/az\/article\/daha-bir-kecmis-icra-bascisi-mehkeme-qarsisina-cixarilir\/#primaryimage"},"thumbnailUrl":"https:\/\/www.meydan.tv\/wp-content\/uploads\/113-scaled-e1641989440786.jpg","articleSection":["Siyas\u0259t"],"inLanguage":"az"},{"@type":"WebPage","@id":"https:\/\/www.meydan.tv\/az\/article\/daha-bir-kecmis-icra-bascisi-mehkeme-qarsisina-cixarilir\/","url":"https:\/\/www.meydan.tv\/az\/article\/daha-bir-kecmis-icra-bascisi-mehkeme-qarsisina-cixarilir\/","name":"Daha bir ke\u00e7mi\u015f icra ba\u015f\u00e7\u0131s\u0131 m\u0259hk\u0259m\u0259 qar\u015f\u0131s\u0131na \u00e7\u0131xar\u0131l\u0131r - MEYDAN.TV","isPartOf":{"@id":"https:\/\/www.meydan.tv\/az\/#website"},"primaryImageOfPage":{"@id":"https:\/\/www.meydan.tv\/az\/article\/daha-bir-kecmis-icra-bascisi-mehkeme-qarsisina-cixarilir\/#primaryimage"},"image":{"@id":"https:\/\/www.meydan.tv\/az\/article\/daha-bir-kecmis-icra-bascisi-mehkeme-qarsisina-cixarilir\/#primaryimage"},"thumbnailUrl":"https:\/\/www.meydan.tv\/wp-content\/uploads\/113-scaled-e1641989440786.jpg","datePublished":"2020-12-29T18:40:46+00:00","breadcrumb":{"@id":"https:\/\/www.meydan.tv\/az\/article\/daha-bir-kecmis-icra-bascisi-mehkeme-qarsisina-cixarilir\/#breadcrumb"},"inLanguage":"az","potentialAction":[{"@type":"ReadAction","target":["https:\/\/www.meydan.tv\/az\/article\/daha-bir-kecmis-icra-bascisi-mehkeme-qarsisina-cixarilir\/"]}]},{"@type":"ImageObject","inLanguage":"az","@id":"https:\/\/www.meydan.tv\/az\/article\/daha-bir-kecmis-icra-bascisi-mehkeme-qarsisina-cixarilir\/#primaryimage","url":"https:\/\/www.meydan.tv\/wp-content\/uploads\/113-scaled-e1641989440786.jpg","contentUrl":"https:\/\/www.meydan.tv\/wp-content\/uploads\/113-scaled-e1641989440786.jpg","width":2560,"height":1299,"caption":"Foto: Yevlax \u015f\u0259h\u0259r \u0130cra Hakimiyy\u0259ti"},{"@type":"BreadcrumbList","@id":"https:\/\/www.meydan.tv\/az\/article\/daha-bir-kecmis-icra-bascisi-mehkeme-qarsisina-cixarilir\/#breadcrumb","itemListElement":[{"@type":"ListItem","position":1,"name":"Ana s\u0259hif\u0259","item":"https:\/\/www.meydan.tv\/az\/"},{"@type":"ListItem","position":2,"name":"Siyas\u0259t","item":"https:\/\/www.meydan.tv\/az\/section\/siyaset\/"},{"@type":"ListItem","position":3,"name":"Daha bir ke\u00e7mi\u015f icra ba\u015f\u00e7\u0131s\u0131 m\u0259hk\u0259m\u0259 qar\u015f\u0131s\u0131na \u00e7\u0131xar\u0131l\u0131r"}]},{"@type":"WebSite","@id":"https:\/\/www.meydan.tv\/az\/#website","url":"https:\/\/www.meydan.tv\/az\/","name":"MEYDAN.TV","description":"Meydan TV Az\u0259rbaycan\u0131n media m\u0259kan\u0131ndak\u0131 alternativ s\u0259sidir","publisher":{"@id":"https:\/\/www.meydan.tv\/az\/#organization"},"potentialAction":[{"@type":"SearchAction","target":{"@type":"EntryPoint","urlTemplate":"https:\/\/www.meydan.tv\/az\/?s={search_term_string}"},"query-input":{"@type":"PropertyValueSpecification","valueRequired":true,"valueName":"search_term_string"}}],"inLanguage":"az"},{"@type":"Organization","@id":"https:\/\/www.meydan.tv\/az\/#organization","name":"Meydan TV","url":"https:\/\/www.meydan.tv\/az\/","logo":{"@type":"ImageObject","inLanguage":"az","@id":"https:\/\/www.meydan.tv\/az\/#\/schema\/logo\/image\/","url":"https:\/\/www.meydan.tv\/wp-content\/uploads\/2021\/07\/meydan-logo.svg","contentUrl":"https:\/\/www.meydan.tv\/wp-content\/uploads\/2021\/07\/meydan-logo.svg","width":195,"height":46,"caption":"Meydan TV"},"image":{"@id":"https:\/\/www.meydan.tv\/az\/#\/schema\/logo\/image\/"}},{"@type":"Person","@id":"https:\/\/www.meydan.tv\/az\/#\/schema\/person\/10d11eccf6da3662cf5fdab9806ea91a","name":"user-manager"}]}},"_links":{"self":[{"href":"https:\/\/www.meydan.tv\/az\/wp-json\/wp\/v2\/posts\/204327","targetHints":{"allow":["GET"]}}],"collection":[{"href":"https:\/\/www.meydan.tv\/az\/wp-json\/wp\/v2\/posts"}],"about":[{"href":"https:\/\/www.meydan.tv\/az\/wp-json\/wp\/v2\/types\/post"}],"author":[{"embeddable":true,"href":"https:\/\/www.meydan.tv\/az\/wp-json\/wp\/v2\/users\/11"}],"replies":[{"embeddable":true,"href":"https:\/\/www.meydan.tv\/az\/wp-json\/wp\/v2\/comments?post=204327"}],"version-history":[{"count":0,"href":"https:\/\/www.meydan.tv\/az\/wp-json\/wp\/v2\/posts\/204327\/revisions"}],"wp:featuredmedia":[{"embeddable":true,"href":"https:\/\/www.meydan.tv\/az\/wp-json\/wp\/v2\/media\/134583"}],"wp:attachment":[{"href":"https:\/\/www.meydan.tv\/az\/wp-json\/wp\/v2\/media?parent=204327"}],"wp:term":[{"taxonomy":"category","embeddable":true,"href":"https:\/\/www.meydan.tv\/az\/wp-json\/wp\/v2\/categories?post=204327"},{"taxonomy":"post_tag","embeddable":true,"href":"https:\/\/www.meydan.tv\/az\/wp-json\/wp\/v2\/tags?post=204327"}],"curies":[{"name":"wp","href":"https:\/\/api.w.org\/{rel}","templated":true}]}}