{"id":204326,"date":"2020-12-29T18:36:51","date_gmt":"2020-12-29T18:36:51","guid":{"rendered":"https:\/\/www.meydan.tv\/article\/ilham-eliyev-159-herbi-qulluqcunu-olumunden-teltif-etdi\/"},"modified":"2020-12-29T18:36:51","modified_gmt":"2020-12-29T18:36:51","slug":"ilham-eliyev-159-herbi-qulluqcunu-olumunden-teltif-etdi","status":"publish","type":"post","link":"https:\/\/www.meydan.tv\/az\/article\/ilham-eliyev-159-herbi-qulluqcunu-olumunden-teltif-etdi\/","title":{"rendered":"\u0130lham \u018fliyev 159 h\u0259rbi qulluq\u00e7unu \u00f6l\u00fcm\u00fcnd\u0259n sonra t\u0259ltif etdi (yenil\u0259nir)"},"content":{"rendered":"<p>\n  <b><br \/>\n    20.06.<br \/>\n  <\/b><br \/>\n  <i><br \/>\n    4 min 646 h\u0259rb\u00e7i<br \/>\n  <\/i><br \/>\n  <i><br \/>\n    \u201cLa\u00e7\u0131n\u0131n azad olunmas\u0131na g\u00f6r\u0259\u201d medal\u0131 il\u0259 t\u0259ltif edilib. Onlar\u0131n 180 n\u0259f\u0259ri \u00f6l\u00fcm\u00fcnd\u0259n sonra medala layiq g\u00f6r\u00fcl\u00fcb. D\u00f6vl\u0259t ba\u015f\u00e7\u0131s\u0131 \u0130lham \u018fliyevin imzalad\u0131\u011f\u0131<br \/>\n  <\/i><br \/>\n  <a href=\"https:\/\/president.az\/articles\/49712\"><br \/>\n    <i><br \/>\n      s\u0259r\u0259ncam<br \/>\n    <\/i><br \/>\n  <\/a><br \/>\n  <i><br \/>\n    da 5 polkovnikin, 39 polkovnik-leytenant\u0131n v\u0259 y\u00fczl\u0259rl\u0259 m\u00fcxt\u0259lif r\u00fctb\u0259li h\u0259rb\u00e7inin ad\u0131 qeyd olunub.<br \/>\n  <\/i>\n<\/p>\n<p>\n  <i><br \/>\n    Noyabr\u0131n 30-da Az\u0259rbaycan ordusu La\u00e7\u0131n rayonuna daxil<br \/>\n  <\/i><br \/>\n  <a href=\"https:\/\/www.meydan.tv\/az\/article\/mudafie-nazirliyi-azerbaycan-ordusu-lacin-rayonuna-girdi\/?ref=search\"><br \/>\n    <i><br \/>\n      olub<br \/>\n    <\/i><br \/>\n  <\/a><br \/>\n  <i><br \/>\n    .<br \/>\n  <\/i>\n<\/p>\n<p>\n  ***\n<\/p>\n<p>\n  <b><br \/>\n    17.42.<br \/>\n  <\/b><br \/>\n  <i><br \/>\n    154 h\u0259rb\u00e7i \u00f6l\u00fcm\u00fcnd\u0259n sonra \u201cK\u0259lb\u0259c\u0259rin azad olunmas\u0131na g\u00f6r\u0259\u201d medal\u0131 il\u0259 t\u0259ltif edilib. Bu bar\u0259d\u0259 d\u00f6vl\u0259t ba\u015f\u00e7\u0131s\u0131n\u0131n imzalad\u0131\u011f\u0131<br \/>\n  <\/i><br \/>\n  <a href=\"https:\/\/president.az\/articles\/49700\"><br \/>\n    <i><br \/>\n      s\u0259r\u0259ncam<br \/>\n    <\/i><br \/>\n  <\/a><br \/>\n  <i><br \/>\n    da qeyd olunub. S\u0259r\u0259ncamda general-leytenant Hikm\u0259t Mirz\u0259yevin, 15 polkovnikin, y\u00fczl\u0259rl\u0259 m\u00fcxt\u0259lif r\u00fctb\u0259li h\u0259rb\u00e7inin ad\u0131 var. \u00dcmumilikd\u0259, 4 min 646 h\u0259rbi qulluq\u00e7u t\u0259ltif edilib.<br \/>\n  <\/i>\n<\/p>\n<p>\n  <i><br \/>\n    Az\u0259rbaycan ordusu noyabr\u0131n 25-d\u0259 K\u0259lb\u0259c\u0259r rayonuna daxil<br \/>\n  <\/i><br \/>\n  <a href=\"https:\/\/www.meydan.tv\/az\/article\/mudafie-nazirliyi-azerbaycan-ordusu-kelbecere-girdi\/?ref=list-news\"><br \/>\n    <i><br \/>\n      olub<br \/>\n    <\/i><br \/>\n  <\/a><br \/>\n  <i><br \/>\n    .<br \/>\n  <\/i>\n<\/p>\n<p>\n  ***\n<\/p>\n<p>\n  <b><br \/>\n    16.02.<br \/>\n  <\/b><br \/>\n  <i><br \/>\n    7 h\u0259rb\u00e7i \u00f6l\u00fcm\u00fcnd\u0259n sonra \u201cA\u011fdam\u0131n azad olunmas\u0131na g\u00f6r\u0259\u201d medal\u0131 il\u0259 t\u0259ltif edilib. \u00d6lk\u0259 ba\u015f\u00e7\u0131s\u0131 \u0130lham \u018fliyevin imzalad\u0131\u011f\u0131<br \/>\n  <\/i><br \/>\n  <a href=\"https:\/\/president.az\/articles\/49686\"><br \/>\n    <i><br \/>\n      s\u0259r\u0259ncam<br \/>\n    <\/i><br \/>\n  <\/a><br \/>\n  <i><br \/>\n    da bel\u0259 qeyd olunub. S\u0259n\u0259dd\u0259 general-leytenant K\u0259rim V\u0259liyevin v\u0259 15 polkovnikin ad\u0131 yer al\u0131b. \u00dcmumilikd\u0259, 2 min 267 h\u0259rbi qulluq\u00e7u t\u0259ltif olunub.<br \/>\n  <\/i>\n<\/p>\n<p>\n  <i><br \/>\n    Az\u0259rbaycan ordusu A\u011fdam rayonuna noyabr\u0131n 20-d\u0259 daxil<br \/>\n  <\/i><br \/>\n  <a href=\"https:\/\/www.meydan.tv\/az\/article\/azerbaycan-ordusu-agdam-rayonuna-daxil-olub\/?ref=list-news\"><br \/>\n    <i><br \/>\n      olub<br \/>\n    <\/i><br \/>\n  <\/a><br \/>\n  <i><br \/>\n    .<br \/>\n  <\/i>\n<\/p>\n<p>\n  <b><br \/>\n    14.51.<br \/>\n  <\/b><br \/>\n  <i><br \/>\n    285 h\u0259rb\u00e7i \u00f6l\u00fcm\u00fcnd\u0259n sonra &quot;\u015eu\u015fan\u0131n azad olunmas\u0131na g\u00f6r\u0259&quot; medal\u0131yla t\u0259ltif edilib. Prezident \u0130lham \u018fliyevin imzalad\u0131\u011f\u0131<br \/>\n  <\/i><br \/>\n  <a href=\"https:\/\/president.az\/articles\/49682\"><br \/>\n    <i><br \/>\n      s\u0259r\u0259ncam<br \/>\n    <\/i><br \/>\n  <\/a><br \/>\n  <i><br \/>\n    da general-leytenant Hikm\u0259t Mirz\u0259yevin, general-polkovnik Mayis B\u0259rxudarovun, general-mayorlar Zaur M\u0259mm\u0259dovun , K\u0259nan Seyidovun, A\u011famir Suktanovun adlar\u0131 var. \u00dcmumilikd\u0259, &quot;\u015eu\u015fan\u0131n azad olunmas\u0131na g\u00f6r\u0259&quot; medal\u0131 4 min 646 h\u0259rb\u00e7iy\u0259 t\u0259qdim edilib.<br \/>\n  <\/i>\n<\/p>\n<p>\n  <i><br \/>\n    \u015eu\u015fa \u015f\u0259h\u0259r noyabr\u0131n 8-d\u0259 azad<br \/>\n  <\/i><br \/>\n  <a href=\"https:\/\/www.meydan.tv\/az\/article\/ilham-eliyev-susa-isgaldan-azad-edilib\/?ref=list-news\"><br \/>\n    <i><br \/>\n      edilib<br \/>\n    <\/i><br \/>\n  <\/a><br \/>\n  <i><br \/>\n    .<br \/>\n  <\/i>\n<\/p>\n<p>\n  ***\n<\/p>\n<p>\n  <b><br \/>\n    13.46.<br \/>\n  <\/b><br \/>\n  <i><br \/>\n    220 h\u0259rb\u00e7i \u00f6l\u00fcm\u00fcnd\u0259n sonra \u201cQubadl\u0131n\u0131n azad olunmas\u0131na g\u00f6r\u0259\u201d medal\u0131yla t\u0259ltif<br \/>\n  <\/i><br \/>\n  <a href=\"https:\/\/president.az\/articles\/49681\"><br \/>\n    <i><br \/>\n      edilib<br \/>\n    <\/i><br \/>\n  <\/a><br \/>\n  <i><br \/>\n    .<br \/>\n  <\/i>\n<\/p>\n<p>\n  <i><br \/>\n    D\u00f6vl\u0259t ba\u015f\u00e7\u0131s\u0131 \u0130lham \u018fliyevin bu g\u00fcn imzalad\u0131\u011f\u0131 s\u0259r\u0259ncamda Az\u0259rbaycan Milli Q\u0259hr\u0259man\u0131, polkovnik \u015e\u00fck\u00fcr H\u0259midov da \u00f6l\u00fcm\u00fcnd\u0259n sonra \u201cQubadl\u0131n\u0131n azad olunmas\u0131na g\u00f6r\u0259\u201d medal\u0131yla t\u0259ltif edilib.<br \/>\n  <\/i>\n<\/p>\n<p>\n  <i><br \/>\n    O c\u00fcml\u0259d\u0259n general-leytenantlar Hikm\u0259t Mirz\u0259yev, K\u0259rim V\u0259liyev, general-mayorlar Mayis B\u0259rxudarov, M\u00fcbariz Rzayev, A\u011famir Sultanov medalla t\u0259ltif olunanlar aras\u0131ndad\u0131r. \u00dcmumilikd\u0259, 9 min 377 h\u0259rbi qulluq\u00e7u \u201cQubadl\u0131n\u0131n azad olunmas\u0131na g\u00f6r\u0259\u201d medal\u0131 il\u0259 t\u0259ltif edilib.<br \/>\n  <\/i>\n<\/p>\n<p>\n  <i><br \/>\n    Oktyabr\u0131n 25-d\u0259 Az\u0259rbaycan ordusu Qubadl\u0131 \u015f\u0259h\u0259rini i\u015f\u011faldan azad<br \/>\n  <\/i><br \/>\n  <a href=\"https:\/\/www.meydan.tv\/az\/article\/ilham-eliyev-qubadli-seheri-isgaldan-azad-olundu\/?ref=search\"><br \/>\n    <i><br \/>\n      edib<br \/>\n    <\/i><br \/>\n  <\/a><br \/>\n  <i><br \/>\n    .<br \/>\n  <\/i>\n<\/p>\n<p>\n  ***\n<\/p>\n<p>\n  <i><br \/>\n    Onlar \u201cSuqovu\u015fan\u0131n azad olunmas\u0131na g\u00f6r\u0259\u201d medal\u0131yla t\u0259ltif edilibl\u0259r<br \/>\n  <\/i>\n<\/p>\n<p>\n  159 h\u0259rb\u00e7i \u00f6l\u00fcm\u00fcnd\u0259n \u201cSuqovu\u015fan\u0131n azad olunmas\u0131na g\u00f6r\u0259\u201d medal\u0131yla t\u0259ltif edilib.\n<\/p>\n<p>\n  Prezident \u0130lham \u018fliyevin<br \/>\n  <a href=\"https:\/\/president.az\/articles\/49665\"><br \/>\n    s\u0259r\u0259ncam<br \/>\n  <\/a><br \/>\n  \u0131na \u0259sas\u0259n, dekabr\u0131n 29-da \u201cSuqovu\u015fan\u0131n azad olunmas\u0131na g\u00f6r\u0259\u201d medal\u0131 il\u0259 t\u0259ltif olunanlar aras\u0131nda 2 general-mayor, 16 polkovnik, 69 polkovnik-leytenant, 85 mayor, 74 kapitan, ba\u015f leytenent, ba\u015f gizir, \u00e7avu\u015f v\u0259 y\u00fczl\u0259rl\u0259 \u0259sg\u0259r var. \u00dcmumilikd\u0259, 3 min 572 h\u0259rb\u00e7i m\u00fckafatland\u0131r\u0131l\u0131b.\n<\/p>\n<p>\n  D\u00f6vl\u0259t ba\u015f\u00e7\u0131s\u0131 9, 15, 25 dekabr tarixl\u0259rind\u0259 C\u0259bray\u0131l\u0131n, Xocav\u0259ndin, F\u00fczulinin v\u0259 Z\u0259ngilan\u0131n azad olunmas\u0131 il\u0259 ba\u011fl\u0131 h\u0259rb\u00e7i qulluq\u00e7ular\u0131<br \/>\n  <a href=\"https:\/\/www.meydan.tv\/az\/article\/ilham-eliyev-yene-bir-qrup-herbciye-medal-verdi\/?ref=list-news\"><br \/>\n    m\u00fckafatland\u0131rm\u0131\u015fd\u0131<br \/>\n  <\/a><br \/>\n  .\n<\/p>\n<p>\n  Sentyabr\u0131n 27-d\u0259 Erm\u0259nistan v\u0259 Az\u0259rbaycan Ordusu aras\u0131nda c\u0259bh\u0259nin b\u00fct\u00fcn istiqam\u0259tl\u0259rind\u0259 h\u0259rbi \u0259m\u0259liyyatlar ba\u015flay\u0131b.\n<\/p>\n<p>\n  44 g\u00fcn davam ed\u0259n m\u00fcharib\u0259 n\u0259tic\u0259sind\u0259 Az\u0259rbaycan Ordusu t\u0259r\u0259find\u0259n noyabr\u0131n 9-d\u0259k 5 \u015f\u0259h\u0259r, 4 q\u0259s\u0259b\u0259 v\u0259 286 k\u0259nd i\u015f\u011faldan azad edilib.\n<\/p>\n<p>\n  \u0130ndiy\u0259d\u0259k C\u0259bray\u0131l \u015f\u0259h\u0259ri v\u0259 rayonun 90 k\u0259ndi, F\u00fczuli \u015f\u0259h\u0259ri v\u0259 rayonun 53 k\u0259ndi, Z\u0259ngilan \u015f\u0259h\u0259ri, rayonun Mincivan, A\u011fb\u0259nd, Bartaz q\u0259s\u0259b\u0259l\u0259ri v\u0259 52 k\u0259ndi, Xocav\u0259nd rayonunun Hadrut q\u0259s\u0259b\u0259si v\u0259 35 k\u0259ndi, T\u0259rt\u0259r rayonunun 3 k\u0259ndi, Qubadl\u0131 \u015f\u0259h\u0259ri v\u0259 rayonun 41 k\u0259ndi, Xocal\u0131 rayonunun 9 k\u0259ndi, \u015eu\u015fa \u015f\u0259h\u0259ri, La\u00e7\u0131n rayonunun 3 k\u0259ndi, h\u0259m\u00e7inin A\u011fd\u0259r\u0259 v\u0259 Murovda\u011f istiqam\u0259tl\u0259rind\u0259 bir ne\u00e7\u0259 strateji y\u00fcks\u0259klik, Z\u0259ngilanda is\u0259 Bartaz, S\u0131\u011f\u0131rt, \u015e\u00fck\u00fcrataz y\u00fcks\u0259kl\u0259ri v\u0259 daha 5 ads\u0131z y\u00fcks\u0259kliyin azad olundu\u011fu bildirilir.\n<\/p>\n<p>\n  Noyabr\u0131n 10-da Az\u0259rbaycan, Rusiya prezidentl\u0259ri v\u0259 Erm\u0259nistan\u0131n Ba\u015f naziri m\u00fcnaqi\u015f\u0259 zonas\u0131nda at\u0259\u015fin v\u0259 b\u00fct\u00fcn h\u0259rbi \u0259m\u0259liyyatlar\u0131n tam dayand\u0131r\u0131lmas\u0131 bar\u0259d\u0259 b\u0259yanat imzalay\u0131b.\n<\/p>\n<p>\n  B\u0259yanata uy\u011fun olaraq, 2020-ci il dekabr\u0131n 1-d\u0259k K\u0259lb\u0259c\u0259r, A\u011fdam v\u0259 La\u00e7\u0131n rayonlar\u0131 Az\u0259rbaycana t\u0259hvil verilib.<\/p>\n","protected":false},"excerpt":{"rendered":"<p>\u201cSuqovu\u015fan\u0131n azad olunmas\u0131na g\u00f6r\u0259\u201d medal\u0131 il\u0259 t\u0259ltif olunanlar aras\u0131nda 2 general-mayor, 16 polkovnik, 69 polkovnik-leytenant, 85 mayor, 74 kapitan, ba\u015f leytenent, ba\u015f gizir, \u00e7avu\u015f v\u0259 y\u00fczl\u0259rl\u0259 \u0259sg\u0259r var.<\/p>\n","protected":false},"author":11,"featured_media":55344,"comment_status":"closed","ping_status":"open","sticky":false,"template":"","format":"standard","meta":{"_acf_changed":false,"_sitemap_exclude":false,"_sitemap_priority":"","_sitemap_frequency":"","footnotes":""},"categories":[59],"tags":[],"class_list":["post-204326","post","type-post","status-publish","format-standard","has-post-thumbnail","hentry","category-siyaset","infinite-scroll-item","generate-columns","tablet-grid-50","mobile-grid-100","grid-parent","grid-33","no-featured-image-padding"],"acf":[],"yoast_head":"<!-- This site is optimized with the Yoast SEO plugin v28.4 - https:\/\/yoast.com\/product\/yoast-seo-wordpress\/ -->\n<title>\u0130lham \u018fliyev 159 h\u0259rbi qulluq\u00e7unu \u00f6l\u00fcm\u00fcnd\u0259n sonra t\u0259ltif etdi (yenil\u0259nir) - MEYDAN.TV<\/title>\n<meta name=\"robots\" content=\"index, follow, max-snippet:-1, max-image-preview:large, max-video-preview:-1\" \/>\n<link rel=\"canonical\" href=\"https:\/\/www.meydan.tv\/az\/article\/ilham-eliyev-159-herbi-qulluqcunu-olumunden-teltif-etdi\/\" \/>\n<meta property=\"og:locale\" content=\"az_AZ\" \/>\n<meta property=\"og:type\" content=\"article\" \/>\n<meta property=\"og:title\" content=\"\u0130lham \u018fliyev 159 h\u0259rbi qulluq\u00e7unu \u00f6l\u00fcm\u00fcnd\u0259n sonra t\u0259ltif etdi (yenil\u0259nir) - MEYDAN.TV\" \/>\n<meta property=\"og:description\" content=\"\u201cSuqovu\u015fan\u0131n azad olunmas\u0131na g\u00f6r\u0259\u201d medal\u0131 il\u0259 t\u0259ltif olunanlar aras\u0131nda 2 general-mayor, 16 polkovnik, 69 polkovnik-leytenant, 85 mayor, 74 kapitan, ba\u015f leytenent, ba\u015f gizir, \u00e7avu\u015f v\u0259 y\u00fczl\u0259rl\u0259 \u0259sg\u0259r var.\" \/>\n<meta property=\"og:url\" content=\"https:\/\/www.meydan.tv\/az\/article\/ilham-eliyev-159-herbi-qulluqcunu-olumunden-teltif-etdi\/\" \/>\n<meta property=\"og:site_name\" content=\"MEYDAN.TV\" \/>\n<meta property=\"article:published_time\" content=\"2020-12-29T18:36:51+00:00\" \/>\n<meta property=\"og:image\" content=\"https:\/\/www.meydan.tv\/wp-content\/uploads\/20904.jpg\" \/>\n\t<meta property=\"og:image:width\" content=\"768\" \/>\n\t<meta property=\"og:image:height\" content=\"576\" \/>\n\t<meta property=\"og:image:type\" content=\"image\/jpeg\" \/>\n<meta name=\"twitter:card\" content=\"summary_large_image\" \/>\n<!-- \/ Yoast SEO plugin. -->","yoast_head_json":{"title":"\u0130lham \u018fliyev 159 h\u0259rbi qulluq\u00e7unu \u00f6l\u00fcm\u00fcnd\u0259n sonra t\u0259ltif etdi (yenil\u0259nir) - MEYDAN.TV","robots":{"index":"index","follow":"follow","max-snippet":"max-snippet:-1","max-image-preview":"max-image-preview:large","max-video-preview":"max-video-preview:-1"},"canonical":"https:\/\/www.meydan.tv\/az\/article\/ilham-eliyev-159-herbi-qulluqcunu-olumunden-teltif-etdi\/","og_locale":"az_AZ","og_type":"article","og_title":"\u0130lham \u018fliyev 159 h\u0259rbi qulluq\u00e7unu \u00f6l\u00fcm\u00fcnd\u0259n sonra t\u0259ltif etdi (yenil\u0259nir) - MEYDAN.TV","og_description":"\u201cSuqovu\u015fan\u0131n azad olunmas\u0131na g\u00f6r\u0259\u201d medal\u0131 il\u0259 t\u0259ltif olunanlar aras\u0131nda 2 general-mayor, 16 polkovnik, 69 polkovnik-leytenant, 85 mayor, 74 kapitan, ba\u015f leytenent, ba\u015f gizir, \u00e7avu\u015f v\u0259 y\u00fczl\u0259rl\u0259 \u0259sg\u0259r var.","og_url":"https:\/\/www.meydan.tv\/az\/article\/ilham-eliyev-159-herbi-qulluqcunu-olumunden-teltif-etdi\/","og_site_name":"MEYDAN.TV","article_published_time":"2020-12-29T18:36:51+00:00","og_image":[{"width":768,"height":576,"url":"https:\/\/www.meydan.tv\/wp-content\/uploads\/20904.jpg","type":"image\/jpeg"}],"twitter_card":"summary_large_image","schema":{"@context":"https:\/\/schema.org","@graph":[{"@type":"Article","@id":"https:\/\/www.meydan.tv\/az\/article\/ilham-eliyev-159-herbi-qulluqcunu-olumunden-teltif-etdi\/#article","isPartOf":{"@id":"https:\/\/www.meydan.tv\/az\/article\/ilham-eliyev-159-herbi-qulluqcunu-olumunden-teltif-etdi\/"},"author":{"name":"user-manager","@id":"https:\/\/www.meydan.tv\/az\/#\/schema\/person\/10d11eccf6da3662cf5fdab9806ea91a"},"headline":"\u0130lham \u018fliyev 159 h\u0259rbi qulluq\u00e7unu \u00f6l\u00fcm\u00fcnd\u0259n sonra t\u0259ltif etdi (yenil\u0259nir)","datePublished":"2020-12-29T18:36:51+00:00","mainEntityOfPage":{"@id":"https:\/\/www.meydan.tv\/az\/article\/ilham-eliyev-159-herbi-qulluqcunu-olumunden-teltif-etdi\/"},"wordCount":815,"publisher":{"@id":"https:\/\/www.meydan.tv\/az\/#organization"},"image":{"@id":"https:\/\/www.meydan.tv\/az\/article\/ilham-eliyev-159-herbi-qulluqcunu-olumunden-teltif-etdi\/#primaryimage"},"thumbnailUrl":"https:\/\/www.meydan.tv\/wp-content\/uploads\/20904.jpg","articleSection":["Siyas\u0259t"],"inLanguage":"az"},{"@type":"WebPage","@id":"https:\/\/www.meydan.tv\/az\/article\/ilham-eliyev-159-herbi-qulluqcunu-olumunden-teltif-etdi\/","url":"https:\/\/www.meydan.tv\/az\/article\/ilham-eliyev-159-herbi-qulluqcunu-olumunden-teltif-etdi\/","name":"\u0130lham \u018fliyev 159 h\u0259rbi qulluq\u00e7unu \u00f6l\u00fcm\u00fcnd\u0259n sonra t\u0259ltif etdi (yenil\u0259nir) - MEYDAN.TV","isPartOf":{"@id":"https:\/\/www.meydan.tv\/az\/#website"},"primaryImageOfPage":{"@id":"https:\/\/www.meydan.tv\/az\/article\/ilham-eliyev-159-herbi-qulluqcunu-olumunden-teltif-etdi\/#primaryimage"},"image":{"@id":"https:\/\/www.meydan.tv\/az\/article\/ilham-eliyev-159-herbi-qulluqcunu-olumunden-teltif-etdi\/#primaryimage"},"thumbnailUrl":"https:\/\/www.meydan.tv\/wp-content\/uploads\/20904.jpg","datePublished":"2020-12-29T18:36:51+00:00","breadcrumb":{"@id":"https:\/\/www.meydan.tv\/az\/article\/ilham-eliyev-159-herbi-qulluqcunu-olumunden-teltif-etdi\/#breadcrumb"},"inLanguage":"az","potentialAction":[{"@type":"ReadAction","target":["https:\/\/www.meydan.tv\/az\/article\/ilham-eliyev-159-herbi-qulluqcunu-olumunden-teltif-etdi\/"]}]},{"@type":"ImageObject","inLanguage":"az","@id":"https:\/\/www.meydan.tv\/az\/article\/ilham-eliyev-159-herbi-qulluqcunu-olumunden-teltif-etdi\/#primaryimage","url":"https:\/\/www.meydan.tv\/wp-content\/uploads\/20904.jpg","contentUrl":"https:\/\/www.meydan.tv\/wp-content\/uploads\/20904.jpg","width":768,"height":576,"caption":"Source:"},{"@type":"BreadcrumbList","@id":"https:\/\/www.meydan.tv\/az\/article\/ilham-eliyev-159-herbi-qulluqcunu-olumunden-teltif-etdi\/#breadcrumb","itemListElement":[{"@type":"ListItem","position":1,"name":"Ana s\u0259hif\u0259","item":"https:\/\/www.meydan.tv\/az\/"},{"@type":"ListItem","position":2,"name":"Siyas\u0259t","item":"https:\/\/www.meydan.tv\/az\/section\/siyaset\/"},{"@type":"ListItem","position":3,"name":"\u0130lham \u018fliyev 159 h\u0259rbi qulluq\u00e7unu \u00f6l\u00fcm\u00fcnd\u0259n sonra t\u0259ltif etdi (yenil\u0259nir)"}]},{"@type":"WebSite","@id":"https:\/\/www.meydan.tv\/az\/#website","url":"https:\/\/www.meydan.tv\/az\/","name":"MEYDAN.TV","description":"Meydan TV Az\u0259rbaycan\u0131n media m\u0259kan\u0131ndak\u0131 alternativ s\u0259sidir","publisher":{"@id":"https:\/\/www.meydan.tv\/az\/#organization"},"potentialAction":[{"@type":"SearchAction","target":{"@type":"EntryPoint","urlTemplate":"https:\/\/www.meydan.tv\/az\/?s={search_term_string}"},"query-input":{"@type":"PropertyValueSpecification","valueRequired":true,"valueName":"search_term_string"}}],"inLanguage":"az"},{"@type":"Organization","@id":"https:\/\/www.meydan.tv\/az\/#organization","name":"Meydan TV","url":"https:\/\/www.meydan.tv\/az\/","logo":{"@type":"ImageObject","inLanguage":"az","@id":"https:\/\/www.meydan.tv\/az\/#\/schema\/logo\/image\/","url":"https:\/\/www.meydan.tv\/wp-content\/uploads\/2021\/07\/meydan-logo.svg","contentUrl":"https:\/\/www.meydan.tv\/wp-content\/uploads\/2021\/07\/meydan-logo.svg","width":195,"height":46,"caption":"Meydan TV"},"image":{"@id":"https:\/\/www.meydan.tv\/az\/#\/schema\/logo\/image\/"}},{"@type":"Person","@id":"https:\/\/www.meydan.tv\/az\/#\/schema\/person\/10d11eccf6da3662cf5fdab9806ea91a","name":"user-manager"}]}},"_links":{"self":[{"href":"https:\/\/www.meydan.tv\/az\/wp-json\/wp\/v2\/posts\/204326","targetHints":{"allow":["GET"]}}],"collection":[{"href":"https:\/\/www.meydan.tv\/az\/wp-json\/wp\/v2\/posts"}],"about":[{"href":"https:\/\/www.meydan.tv\/az\/wp-json\/wp\/v2\/types\/post"}],"author":[{"embeddable":true,"href":"https:\/\/www.meydan.tv\/az\/wp-json\/wp\/v2\/users\/11"}],"replies":[{"embeddable":true,"href":"https:\/\/www.meydan.tv\/az\/wp-json\/wp\/v2\/comments?post=204326"}],"version-history":[{"count":0,"href":"https:\/\/www.meydan.tv\/az\/wp-json\/wp\/v2\/posts\/204326\/revisions"}],"wp:featuredmedia":[{"embeddable":true,"href":"https:\/\/www.meydan.tv\/az\/wp-json\/wp\/v2\/media\/55344"}],"wp:attachment":[{"href":"https:\/\/www.meydan.tv\/az\/wp-json\/wp\/v2\/media?parent=204326"}],"wp:term":[{"taxonomy":"category","embeddable":true,"href":"https:\/\/www.meydan.tv\/az\/wp-json\/wp\/v2\/categories?post=204326"},{"taxonomy":"post_tag","embeddable":true,"href":"https:\/\/www.meydan.tv\/az\/wp-json\/wp\/v2\/tags?post=204326"}],"curies":[{"name":"wp","href":"https:\/\/api.w.org\/{rel}","templated":true}]}}