{"id":204320,"date":"2020-12-29T14:31:28","date_gmt":"2020-12-29T14:31:28","guid":{"rendered":"https:\/\/www.meydan.tv\/article\/qarabagin-isgali-susadan-baslanmayib-ki-onun-azadligi-ile-bitsin\/"},"modified":"2020-12-29T14:31:28","modified_gmt":"2020-12-29T14:31:28","slug":"qarabagin-isgali-susadan-baslanmayib-ki-onun-azadligi-ile-bitsin","status":"publish","type":"post","link":"https:\/\/www.meydan.tv\/az\/article\/qarabagin-isgali-susadan-baslanmayib-ki-onun-azadligi-ile-bitsin\/","title":{"rendered":"\u201cQaraba\u011f\u0131n i\u015f\u011fal\u0131 \u015eu\u015fadan ba\u015flanmay\u0131b ki, onun azadl\u0131\u011f\u0131 il\u0259 bitsin\u201d"},"content":{"rendered":"<p>\n  <i><br \/>\n    Milli Strateji D\u00fc\u015f\u00fcnc\u0259 M\u0259rk\u0259zi m\u00fcraci\u0259t yay\u0131b<br \/>\n  <\/i>\n<\/p>\n<p>\n  \u201cG\u0259lin raz\u0131la\u015faq ki, 44 g\u00fcnl\u00fck V\u0259t\u0259n M\u00fcharib\u0259sind\u0259 Az\u0259rbaycan tarixi bir h\u0259rbi q\u0259l\u0259b\u0259 \u0259ld\u0259 etdi. 7 rayonumuzun, \u015eu\u015fa ba\u015fda olmaqla Qaraba\u011f\u0131n da\u011fl\u0131q \u0259razisinin m\u00fc\u0259yy\u0259n hiss\u0259l\u0259rinin i\u015f\u011faldan azad edilm\u0259si, Iranla s\u0259rh\u0259dl\u0259rimizin n\u0259zar\u0259t\u0259 g\u00f6t\u00fcr\u00fclm\u0259si, Nax\u00e7\u0131van yolunun a\u00e7\u0131laca\u011f\u0131n\u0131n b\u0259yan edilm\u0259si m\u00f6ht\u0259\u015f\u0259m u\u011furlard\u0131r\u201d.\n<\/p>\n<p>\n  Bu fikirl\u0259r Milli Strateji D\u00fc\u015f\u00fcnc\u0259 M\u0259rk\u0259zi (MSDM) siyasi partiyalara, ictimai qurumlara, s\u00f6z, fikir, \u0259m\u0259l sahibl\u0259rin\u0259 m\u00fcraci\u0259tind\u0259 qeyd olunub.\n<\/p>\n<p>\n  M\u00fcraci\u0259td\u0259 bildirilib ki, \u0130kinci Qaraba\u011f M\u00fcharib\u0259si Az\u0259rbaycanda 30 il\u0259 yax\u0131n s\u00fcrm\u00fc\u015f i\u015f\u011fal d\u00f6n\u0259minin do\u011furdu\u011fu m\u0259\u011flubiyy\u0259t v\u0259 a\u015fa\u011f\u0131l\u0131q duy\u011fusunu q\u0259l\u0259b\u0259, \u00f6z\u00fcn\u0259 inam, q\u00fcrur duy\u011fular\u0131 il\u0259 \u0259v\u0259zl\u0259yib:\n<\/p>\n<p>\n  \u201cErm\u0259nistan 10 noyabrda \u00fc\u00e7l\u00fc b\u0259yanat\u0131 imzalamaqla m\u0259\u011flubiyy\u0259tini etiraf etdi. Lakin bu kapitulyasiya sad\u0259c\u0259 v\u0259 yaln\u0131z Az\u0259rbaycan qar\u015f\u0131s\u0131nda deyil, Rusiya qar\u015f\u0131s\u0131nda etiraf edildiyi \u00fc\u00e7\u00fcn Moskva \u00f6z ordusunu Az\u0259rbaycan \u0259razisin\u0259 yenid\u0259n daxil etm\u0259y\u0259 nail oldu. Xank\u0259ndi, Xocal\u0131, Xocav\u0259nd, \u018fsg\u0259ran v\u0259 b\u0259zi dig\u0259r torpaqlar\u0131m\u0131z Rusiyan\u0131n birba\u015fa n\u0259zar\u0259tin\u0259 ke\u00e7di. N\u0259tic\u0259d\u0259 Az\u0259rbaycan\u0131m\u0131z\u0131n suverenliyin\u0259 ciddi t\u0259hdidl\u0259r yarand\u0131\u201d.\n<\/p>\n<p>\n  MSD\u015e hesab edir ki, \u00e7ox b\u00f6y\u00fck u\u011furlar \u0259ld\u0259 edils\u0259 d\u0259, Qaraba\u011f\u0131n i\u015f\u011faldan azad edilm\u0259si bitm\u0259yib:\n<\/p>\n<p>\n  \u201cRusiya &quot;s\u00fclhm\u0259raml\u0131lar\u0131&quot;n\u0131n Qaraba\u011f\u0131n bir hiss\u0259sind\u0259 \u0259sas s\u00f6z sahibi olmas\u0131, dig\u0259r t\u0259r\u0259fd\u0259n, Erm\u0259nistan siyasi dair\u0259l\u0259rinin revan\u015fist b\u0259yanatlar\u0131, &quot;sava\u015f\u0131 deyil, d\u00f6y\u00fc\u015f\u00fc&quot; uduzduqlar\u0131n\u0131 iddia etm\u0259l\u0259ri n\u0259z\u0259rd\u0259n qa\u00e7mamal\u0131d\u0131r. \u018fslind\u0259, Qaraba\u011f\u0131n i\u015f\u011fal\u0131 \u015eu\u015fadan ba\u015flanmay\u0131b ki, \u015eu\u015fan\u0131n azadl\u0131\u011f\u0131 il\u0259 bitsin. Qaraba\u011f\u0131n i\u015f\u011fal\u0131 Xank\u0259ndid\u0259n ba\u015flay\u0131b v\u0259 Xank\u0259ndinin azad edilm\u0259si, bu \u015f\u0259h\u0259rimizd\u0259 Az\u0259rbaycan bayra\u011f\u0131n\u0131n y\u00fcks\u0259ldilm\u0259si il\u0259 bit\u0259c\u0259k. Rusiya ordusu torpaqlar\u0131m\u0131za Qaraba\u011f\u0131 n\u0259 Erm\u0259nistana verm\u0259k \u00fc\u00e7\u00fcn, n\u0259 d\u0259 Az\u0259rbaycana t\u0259qdim etm\u0259k \u00fc\u00e7\u00fcn g\u0259lib. Moskvan\u0131n m\u0259qs\u0259di h\u0259r iki \u00f6lk\u0259ni daha \u00e7ox as\u0131l\u0131 v\u0259ziyy\u0259t\u0259 salmaq, b\u00f6lg\u0259y\u0259 v\u0259 d\u00fcnyaya g\u00fcc n\u00fcmayi\u015f etdirm\u0259kdir. \u018fvv\u0259lki &quot;t\u0259mas x\u0259tti&quot; (Az\u0259rbaycan silahl\u0131 q\u00fcvv\u0259l\u0259ri il\u0259 Erm\u0259nistan silahl\u0131 q\u00fcvv\u0259l\u0259ri aras\u0131nda) aradan qald\u0131r\u0131lsa da, yeni &quot;t\u0259mas x\u0259tti&quot; (Az\u0259rbaycan silahl\u0131 q\u00fcvv\u0259l\u0259ri il\u0259 Rusiya &quot;s\u00fclhm\u0259raml\u0131lar&quot; aras\u0131nda) yaran\u0131b. N\u0259tic\u0259d\u0259 \u0259vv\u0259lki status-kvo aradan qalxsa da, yeni status-kvo formala\u015f\u0131b. \u018fg\u0259r bu inkarolunmaz ger\u00e7\u0259kl\u0259ri q\u0259bul ediriks\u0259, &quot;n\u0259 etm\u0259li&quot; sual\u0131na da birlikd\u0259 cavab tapa bil\u0259rik\u201d.\n<\/p>\n<p>\n  MSDM hesab edir ki, indiki m\u0259rh\u0259l\u0259d\u0259 Az\u0259rbaycan\u0131n \u0259sas h\u0259d\u0259fi bir-biri il\u0259 s\u0131x ba\u011fl\u0131 olan iki m\u0259s\u0259l\u0259ni h\u0259ll etm\u0259k-rus ordusunun torpaqlar\u0131m\u0131zdan \u00e7\u0131xar\u0131lmas\u0131na v\u0259 b\u00fct\u00fcn \u0259razil\u0259rimiz \u00fcz\u0259rind\u0259 d\u00f6vl\u0259timizin tam suverenliyin\u0259 nail olmaqd\u0131r:\n<\/p>\n<p>\n  \u201cBunun \u00fc\u00e7\u00fcn arxay\u0131nla\u015fmamaq, r\u0259qibl\u0259rin v\u0259 onlar\u0131n havadarlar\u0131n\u0131n revan\u015f iddias\u0131nda olduqlar\u0131n\u0131 unutmamaq, onlar\u0131n m\u00fcmk\u00fcn h\u0259rbi add\u0131mlar\u0131n\u0131n qar\u015f\u0131s\u0131n\u0131 alma\u011fa h\u0259r an haz\u0131r olmaq, bunun \u00fc\u00e7\u00fcn ordumuzun daha da g\u00fccl\u0259nm\u0259si, m\u00fcasir silahlarla t\u0259chizat\u0131 v\u0259 d\u00f6y\u00fc\u015f haz\u0131rl\u0131\u011f\u0131n\u0131n y\u00fcks\u0259ldilm\u0259sini t\u0259min etm\u0259liyik. Rusiya \u201cs\u00fclhm\u0259raml\u0131\u201d g\u00fccl\u0259rinin ger\u00e7\u0259k i\u015f\u011fal\u00e7\u0131 mahiyy\u0259tini xalqa a\u00e7\u0131qlamaq, onlar\u0131n Qaraba\u011fdak\u0131 erm\u0259ni terror\u00e7u qrupla\u015fmalar\u0131n\u0131 \u0259razimizd\u0259n \u00e7\u0131xarmamas\u0131n\u0131, h\u0259tta Erm\u0259nistandan yeni h\u0259rbi qrupla\u015fmalar\u0131n Qaraba\u011fa g\u0259tirilm\u0259sin\u0259 g\u00f6z yummas\u0131n\u0131 \u00fc\u00e7t\u0259r\u0259fli raz\u0131l\u0131\u011fa zidd olan v\u0259 Az\u0259rbaycana qar\u015f\u0131 gizli bir niyy\u0259t g\u00fcd\u0259n q\u0259sbkar bir davran\u0131\u015f kimi if\u015fa etm\u0259liyik. Q\u0259l\u0259b\u0259ni r\u0259smil\u0259\u015fdirm\u0259k, r\u0259qibl\u0259r v\u0259 onlar\u0131n havadarlar\u0131 t\u0259r\u0259find\u0259n q\u0259bul edilm\u0259sin\u0259 nail olmal\u0131y\u0131q. \u0130\u015f\u011faldan azad edilmi\u015f torpaqlar\u0131m\u0131z\u0131n etibarl\u0131 m\u00fcdafi\u0259si \u015f\u0259rtil\u0259 rekonstruksiyas\u0131 v\u0259 m\u0259skunla\u015fmas\u0131n\u0131 t\u0259min etm\u0259liyik\u201d.\n<\/p>\n<p>\n  T\u0259\u015fkilat hesab edir ki, Az\u0259rbaycanda v\u0259t\u0259nda\u015f\u0131n v\u0259 xalq\u0131n azad v\u0259 l\u0259yaq\u0259tli h\u0259yat\u0131n\u0131n t\u0259min edilm\u0259si, h\u0259m\u00e7inin \u00f6lk\u0259nin d\u00fcnyada m\u00f6vqeyinin g\u00fccl\u0259ndirilm\u0259si m\u0259qs\u0259dil\u0259 ger\u00e7\u0259k islahatlar aparmaq, iqtisadi v\u0259 siyasi azadl\u0131qlar\u0131 b\u0259rq\u0259rar etm\u0259k, g\u00fccl\u00fc yerli b\u0259l\u0259diyy\u0259 idar\u0259etm\u0259 sistemi, m\u00fcst\u0259qil parlament v\u0259 m\u0259hk\u0259m\u0259 formala\u015fd\u0131r\u0131lmal\u0131d\u0131r:\n<\/p>\n<p>\n  \u201cT\u00fcrkiy\u0259 ba\u015fda olmaqla, m\u00fctt\u0259fiql\u0259rimizl\u0259 iqtisadi, siyasi-diplomatik v\u0259 h\u0259rbi-strateji \u0259m\u0259kda\u015fl\u0131\u011f\u0131 g\u00fccl\u0259ndirilm\u0259liyik\u201d.<\/p>\n","protected":false},"excerpt":{"rendered":"<p>\u201cT\u00fcrkiy\u0259 ba\u015fda olmaqla, m\u00fctt\u0259fiql\u0259rimizl\u0259 iqtisadi, siyasi-diplomatik v\u0259 h\u0259rbi-strateji \u0259m\u0259kda\u015fl\u0131\u011f\u0131 g\u00fccl\u0259ndirilm\u0259liyik\u201d<\/p>\n","protected":false},"author":11,"featured_media":154125,"comment_status":"closed","ping_status":"open","sticky":false,"template":"","format":"standard","meta":{"_acf_changed":false,"_sitemap_exclude":false,"_sitemap_priority":"","_sitemap_frequency":"","footnotes":""},"categories":[59],"tags":[],"class_list":["post-204320","post","type-post","status-publish","format-standard","has-post-thumbnail","hentry","category-siyaset","infinite-scroll-item","generate-columns","tablet-grid-50","mobile-grid-100","grid-parent","grid-33","no-featured-image-padding"],"acf":[],"yoast_head":"<!-- This site is optimized with the Yoast SEO plugin v28.4 - https:\/\/yoast.com\/product\/yoast-seo-wordpress\/ -->\n<title>\u201cQaraba\u011f\u0131n i\u015f\u011fal\u0131 \u015eu\u015fadan ba\u015flanmay\u0131b ki, onun azadl\u0131\u011f\u0131 il\u0259 bitsin\u201d - MEYDAN.TV<\/title>\n<meta name=\"robots\" content=\"index, follow, max-snippet:-1, max-image-preview:large, max-video-preview:-1\" \/>\n<link rel=\"canonical\" href=\"https:\/\/www.meydan.tv\/az\/article\/qarabagin-isgali-susadan-baslanmayib-ki-onun-azadligi-ile-bitsin\/\" \/>\n<meta property=\"og:locale\" content=\"az_AZ\" \/>\n<meta property=\"og:type\" content=\"article\" \/>\n<meta property=\"og:title\" content=\"\u201cQaraba\u011f\u0131n i\u015f\u011fal\u0131 \u015eu\u015fadan ba\u015flanmay\u0131b ki, onun azadl\u0131\u011f\u0131 il\u0259 bitsin\u201d - MEYDAN.TV\" \/>\n<meta property=\"og:description\" content=\"\u201cT\u00fcrkiy\u0259 ba\u015fda olmaqla, m\u00fctt\u0259fiql\u0259rimizl\u0259 iqtisadi, siyasi-diplomatik v\u0259 h\u0259rbi-strateji \u0259m\u0259kda\u015fl\u0131\u011f\u0131 g\u00fccl\u0259ndirilm\u0259liyik\u201d\" \/>\n<meta property=\"og:url\" content=\"https:\/\/www.meydan.tv\/az\/article\/qarabagin-isgali-susadan-baslanmayib-ki-onun-azadligi-ile-bitsin\/\" \/>\n<meta property=\"og:site_name\" content=\"MEYDAN.TV\" \/>\n<meta property=\"article:published_time\" content=\"2020-12-29T14:31:28+00:00\" \/>\n<meta property=\"og:image\" content=\"https:\/\/www.meydan.tv\/wp-content\/uploads\/134406417_3837918519559851_6643061404576436908_o.jpg\" \/>\n\t<meta property=\"og:image:width\" content=\"1409\" \/>\n\t<meta property=\"og:image:height\" content=\"640\" \/>\n\t<meta property=\"og:image:type\" content=\"image\/jpeg\" \/>\n<meta name=\"twitter:card\" content=\"summary_large_image\" \/>\n<!-- \/ Yoast SEO plugin. -->","yoast_head_json":{"title":"\u201cQaraba\u011f\u0131n i\u015f\u011fal\u0131 \u015eu\u015fadan ba\u015flanmay\u0131b ki, onun azadl\u0131\u011f\u0131 il\u0259 bitsin\u201d - MEYDAN.TV","robots":{"index":"index","follow":"follow","max-snippet":"max-snippet:-1","max-image-preview":"max-image-preview:large","max-video-preview":"max-video-preview:-1"},"canonical":"https:\/\/www.meydan.tv\/az\/article\/qarabagin-isgali-susadan-baslanmayib-ki-onun-azadligi-ile-bitsin\/","og_locale":"az_AZ","og_type":"article","og_title":"\u201cQaraba\u011f\u0131n i\u015f\u011fal\u0131 \u015eu\u015fadan ba\u015flanmay\u0131b ki, onun azadl\u0131\u011f\u0131 il\u0259 bitsin\u201d - MEYDAN.TV","og_description":"\u201cT\u00fcrkiy\u0259 ba\u015fda olmaqla, m\u00fctt\u0259fiql\u0259rimizl\u0259 iqtisadi, siyasi-diplomatik v\u0259 h\u0259rbi-strateji \u0259m\u0259kda\u015fl\u0131\u011f\u0131 g\u00fccl\u0259ndirilm\u0259liyik\u201d","og_url":"https:\/\/www.meydan.tv\/az\/article\/qarabagin-isgali-susadan-baslanmayib-ki-onun-azadligi-ile-bitsin\/","og_site_name":"MEYDAN.TV","article_published_time":"2020-12-29T14:31:28+00:00","og_image":[{"width":1409,"height":640,"url":"https:\/\/www.meydan.tv\/wp-content\/uploads\/134406417_3837918519559851_6643061404576436908_o.jpg","type":"image\/jpeg"}],"twitter_card":"summary_large_image","schema":{"@context":"https:\/\/schema.org","@graph":[{"@type":"Article","@id":"https:\/\/www.meydan.tv\/az\/article\/qarabagin-isgali-susadan-baslanmayib-ki-onun-azadligi-ile-bitsin\/#article","isPartOf":{"@id":"https:\/\/www.meydan.tv\/az\/article\/qarabagin-isgali-susadan-baslanmayib-ki-onun-azadligi-ile-bitsin\/"},"author":{"name":"user-manager","@id":"https:\/\/www.meydan.tv\/az\/#\/schema\/person\/10d11eccf6da3662cf5fdab9806ea91a"},"headline":"\u201cQaraba\u011f\u0131n i\u015f\u011fal\u0131 \u015eu\u015fadan ba\u015flanmay\u0131b ki, onun azadl\u0131\u011f\u0131 il\u0259 bitsin\u201d","datePublished":"2020-12-29T14:31:28+00:00","mainEntityOfPage":{"@id":"https:\/\/www.meydan.tv\/az\/article\/qarabagin-isgali-susadan-baslanmayib-ki-onun-azadligi-ile-bitsin\/"},"wordCount":890,"publisher":{"@id":"https:\/\/www.meydan.tv\/az\/#organization"},"image":{"@id":"https:\/\/www.meydan.tv\/az\/article\/qarabagin-isgali-susadan-baslanmayib-ki-onun-azadligi-ile-bitsin\/#primaryimage"},"thumbnailUrl":"https:\/\/www.meydan.tv\/wp-content\/uploads\/134406417_3837918519559851_6643061404576436908_o.jpg","articleSection":["Siyas\u0259t"],"inLanguage":"az"},{"@type":"WebPage","@id":"https:\/\/www.meydan.tv\/az\/article\/qarabagin-isgali-susadan-baslanmayib-ki-onun-azadligi-ile-bitsin\/","url":"https:\/\/www.meydan.tv\/az\/article\/qarabagin-isgali-susadan-baslanmayib-ki-onun-azadligi-ile-bitsin\/","name":"\u201cQaraba\u011f\u0131n i\u015f\u011fal\u0131 \u015eu\u015fadan ba\u015flanmay\u0131b ki, onun azadl\u0131\u011f\u0131 il\u0259 bitsin\u201d - MEYDAN.TV","isPartOf":{"@id":"https:\/\/www.meydan.tv\/az\/#website"},"primaryImageOfPage":{"@id":"https:\/\/www.meydan.tv\/az\/article\/qarabagin-isgali-susadan-baslanmayib-ki-onun-azadligi-ile-bitsin\/#primaryimage"},"image":{"@id":"https:\/\/www.meydan.tv\/az\/article\/qarabagin-isgali-susadan-baslanmayib-ki-onun-azadligi-ile-bitsin\/#primaryimage"},"thumbnailUrl":"https:\/\/www.meydan.tv\/wp-content\/uploads\/134406417_3837918519559851_6643061404576436908_o.jpg","datePublished":"2020-12-29T14:31:28+00:00","breadcrumb":{"@id":"https:\/\/www.meydan.tv\/az\/article\/qarabagin-isgali-susadan-baslanmayib-ki-onun-azadligi-ile-bitsin\/#breadcrumb"},"inLanguage":"az","potentialAction":[{"@type":"ReadAction","target":["https:\/\/www.meydan.tv\/az\/article\/qarabagin-isgali-susadan-baslanmayib-ki-onun-azadligi-ile-bitsin\/"]}]},{"@type":"ImageObject","inLanguage":"az","@id":"https:\/\/www.meydan.tv\/az\/article\/qarabagin-isgali-susadan-baslanmayib-ki-onun-azadligi-ile-bitsin\/#primaryimage","url":"https:\/\/www.meydan.tv\/wp-content\/uploads\/134406417_3837918519559851_6643061404576436908_o.jpg","contentUrl":"https:\/\/www.meydan.tv\/wp-content\/uploads\/134406417_3837918519559851_6643061404576436908_o.jpg","width":1409,"height":640,"caption":"Source: Facebook"},{"@type":"BreadcrumbList","@id":"https:\/\/www.meydan.tv\/az\/article\/qarabagin-isgali-susadan-baslanmayib-ki-onun-azadligi-ile-bitsin\/#breadcrumb","itemListElement":[{"@type":"ListItem","position":1,"name":"Ana s\u0259hif\u0259","item":"https:\/\/www.meydan.tv\/az\/"},{"@type":"ListItem","position":2,"name":"Siyas\u0259t","item":"https:\/\/www.meydan.tv\/az\/section\/siyaset\/"},{"@type":"ListItem","position":3,"name":"\u201cQaraba\u011f\u0131n i\u015f\u011fal\u0131 \u015eu\u015fadan ba\u015flanmay\u0131b ki, onun azadl\u0131\u011f\u0131 il\u0259 bitsin\u201d"}]},{"@type":"WebSite","@id":"https:\/\/www.meydan.tv\/az\/#website","url":"https:\/\/www.meydan.tv\/az\/","name":"MEYDAN.TV","description":"Meydan TV Az\u0259rbaycan\u0131n media m\u0259kan\u0131ndak\u0131 alternativ s\u0259sidir","publisher":{"@id":"https:\/\/www.meydan.tv\/az\/#organization"},"potentialAction":[{"@type":"SearchAction","target":{"@type":"EntryPoint","urlTemplate":"https:\/\/www.meydan.tv\/az\/?s={search_term_string}"},"query-input":{"@type":"PropertyValueSpecification","valueRequired":true,"valueName":"search_term_string"}}],"inLanguage":"az"},{"@type":"Organization","@id":"https:\/\/www.meydan.tv\/az\/#organization","name":"Meydan TV","url":"https:\/\/www.meydan.tv\/az\/","logo":{"@type":"ImageObject","inLanguage":"az","@id":"https:\/\/www.meydan.tv\/az\/#\/schema\/logo\/image\/","url":"https:\/\/www.meydan.tv\/wp-content\/uploads\/2021\/07\/meydan-logo.svg","contentUrl":"https:\/\/www.meydan.tv\/wp-content\/uploads\/2021\/07\/meydan-logo.svg","width":195,"height":46,"caption":"Meydan TV"},"image":{"@id":"https:\/\/www.meydan.tv\/az\/#\/schema\/logo\/image\/"}},{"@type":"Person","@id":"https:\/\/www.meydan.tv\/az\/#\/schema\/person\/10d11eccf6da3662cf5fdab9806ea91a","name":"user-manager"}]}},"_links":{"self":[{"href":"https:\/\/www.meydan.tv\/az\/wp-json\/wp\/v2\/posts\/204320","targetHints":{"allow":["GET"]}}],"collection":[{"href":"https:\/\/www.meydan.tv\/az\/wp-json\/wp\/v2\/posts"}],"about":[{"href":"https:\/\/www.meydan.tv\/az\/wp-json\/wp\/v2\/types\/post"}],"author":[{"embeddable":true,"href":"https:\/\/www.meydan.tv\/az\/wp-json\/wp\/v2\/users\/11"}],"replies":[{"embeddable":true,"href":"https:\/\/www.meydan.tv\/az\/wp-json\/wp\/v2\/comments?post=204320"}],"version-history":[{"count":0,"href":"https:\/\/www.meydan.tv\/az\/wp-json\/wp\/v2\/posts\/204320\/revisions"}],"wp:featuredmedia":[{"embeddable":true,"href":"https:\/\/www.meydan.tv\/az\/wp-json\/wp\/v2\/media\/154125"}],"wp:attachment":[{"href":"https:\/\/www.meydan.tv\/az\/wp-json\/wp\/v2\/media?parent=204320"}],"wp:term":[{"taxonomy":"category","embeddable":true,"href":"https:\/\/www.meydan.tv\/az\/wp-json\/wp\/v2\/categories?post=204320"},{"taxonomy":"post_tag","embeddable":true,"href":"https:\/\/www.meydan.tv\/az\/wp-json\/wp\/v2\/tags?post=204320"}],"curies":[{"name":"wp","href":"https:\/\/api.w.org\/{rel}","templated":true}]}}