{"id":204269,"date":"2020-12-25T14:26:33","date_gmt":"2020-12-25T14:26:33","guid":{"rendered":"https:\/\/www.meydan.tv\/article\/yarali-bas-gizir-agrikesici-iyne-vurmaq-ucun-tecili-tibbi-yardim-iscileri-menden-pul-istedi\/"},"modified":"2020-12-25T14:26:33","modified_gmt":"2020-12-25T14:26:33","slug":"yarali-bas-gizir-agrikesici-iyne-vurmaq-ucun-tecili-tibbi-yardim-iscileri-menden-pul-istedi","status":"publish","type":"post","link":"https:\/\/www.meydan.tv\/az\/article\/yarali-bas-gizir-agrikesici-iyne-vurmaq-ucun-tecili-tibbi-yardim-iscileri-menden-pul-istedi\/","title":{"rendered":"Yaral\u0131 ba\u015f gizir: A\u011fr\u0131k\u0259sici iyn\u0259 vurmaq \u00fc\u00e7\u00fcn T\u0259cili Tibbi Yard\u0131m i\u015f\u00e7il\u0259ri m\u0259nd\u0259n pul ist\u0259di"},"content":{"rendered":"<p>\n  <i><br \/>\n    \u201cHaz\u0131rda d\u0259rmanlar\u0131m\u0131 aptekl\u0259rd\u0259n \u00f6z\u00fcm al\u0131ram, ev \u015f\u0259raitind\u0259 d\u0259 m\u00fcalic\u0259 olunuram\u201d<br \/>\n  <\/i>\n<\/p>\n<p>\n  \u0130kinci Qaraba\u011f m\u00fcharib\u0259sind\u0259 yaralanan ba\u015f gizir k\u00f6m\u0259k ist\u0259yir. V\u00fcqar V\u0259liyev \u018fyyub o\u011flu 1984-c\u00fc ild\u0259 Z\u0259rdab rayonunun Al\u0131canl\u0131 k\u0259ndind\u0259 do\u011fulub. O, oktyabr\u0131n 5-d\u0259 Suqovu\u015fan istiqam\u0259tind\u0259 ged\u0259n d\u00f6y\u00fc\u015fl\u0259r zaman\u0131 yaralan\u0131b:\n<\/p>\n<p>\n  \u201cEvliy\u0259m, iki q\u0131z, bir o\u011flan \u00f6vlad\u0131m var. Haz\u0131rda Yevlax rayonu, Aran q\u0259s\u0259b\u0259sind\u0259 kiray\u0259d\u0259 ya\u015fay\u0131ram. 2004-c\u00fc ild\u0259n Ming\u0259\u00e7evird\u0259 yerl\u0259\u015f\u0259n N sayl\u0131 h\u0259rbi hiss\u0259d\u0259 i\u015fl\u0259yir\u0259m, ba\u015f gizir\u0259m. Bu il sentyabr\u0131n 26-da \u0259mr\u0259 \u0259sas\u0259n b\u00f6lg\u0259y\u0259 \u00e7\u0131xd\u0131q. Sentyabr\u0131n 27-d\u0259 s\u0259h\u0259r d\u00f6y\u00fc\u015f\u0259 girdik. Suqovu\u015fan al\u0131nandan bir g\u00fcn sonra oktyabr\u0131n 5-d\u0259 gec\u0259 yaraland\u0131m. Be\u015f g\u00fcll\u0259 yaras\u0131 alm\u0131\u015fam. Sa\u011f qolumun dirs\u0259k hiss\u0259sin\u0259 haz\u0131rda mil qoyulub, d\u0259mir m\u0259ng\u0259n\u0259 il\u0259 s\u0131x\u0131l\u0131b. Sa\u011f \u0259limd\u0259 iki barma\u011f\u0131m i\u015fl\u0259mir. Sol t\u0259r\u0259fd\u0259n, d\u00f6\u015f q\u0259f\u0259si v\u0259 a\u015fa\u011f\u0131 hiss\u0259, qab\u0131r\u011fa, bir d\u0259 bud hiss\u0259d\u0259n g\u00fcll\u0259 yaras\u0131 alm\u0131\u015fam. D\u00f6rd g\u00fcll\u0259 sol t\u0259r\u0259fimd\u0259n b\u0259d\u0259nimi yaralay\u0131b, bir g\u00fcll\u0259 is\u0259 sa\u011f qoluma d\u0259ymi\u015fdi\u201d.\n<\/p>\n<figure class=\"wp-block-image size-large\">\n  <img decoding=\"async\" src=\"https:\/\/www.meydan.tv\/az\/132856524_2793548110965564_7809449753265303267_n-jpg\/\" alt=\"132856524_2793548110965564_7809449753265303267_n.jpg\" class=\"wp-image-153951\"\/><figcaption>\n    V\u0259liyevl\u0259r ail\u0259sinin soyuducusu<br \/>\n  <\/figcaption><\/figure>\n<p>\n  D\u00f6y\u00fc\u015f\u00e7\u00fc deyir ki, yaralanandan sonra he\u00e7 n\u0259 xat\u0131rlam\u0131r. Hu\u015funu itir\u0259n h\u0259rb\u00e7i g\u00f6zl\u0259rini Bak\u0131da hospitalda a\u00e7\u0131b:\n<\/p>\n<p>\n  \u201cDeyil\u0259n\u0259 g\u00f6r\u0259, m\u0259ni Naftalan \u015e\u0259h\u0259r M\u0259rk\u0259zi X\u0259st\u0259xanas\u0131na g\u00f6nd\u0259ribl\u0259r, orada ilk tibbi yard\u0131m g\u00f6st\u0259rilib. Bir g\u00fcn orada qalandan sonra G\u0259nc\u0259 \u015f\u0259h\u0259r Abbas S\u0259hh\u0259t ad\u0131na 1 n\u00f6mr\u0259li \u015f\u0259h\u0259r x\u0259st\u0259xanas\u0131na apar\u0131blar. H\u0259min m\u00fcdd\u0259t \u0259rzind\u0259 koma v\u0259ziyy\u0259tind\u0259 olmu\u015fam. On yeddi g\u00fcnd\u0259n sonra oktyabr\u0131n 21-d\u0259 \u201cBona Dea International Hospital\u201dda ay\u0131lm\u0131\u015fam. Oktyabr\u0131n 30-da M\u0259rk\u0259zi H\u0259rbi Klinik Hospitalda bir h\u0259ft\u0259 n\u0259zar\u0259t alt\u0131nda qalm\u0131\u015fam. Bundan sonra m\u0259n\u0259 bir ayl\u0131q ev \u015f\u0259raitind\u0259 m\u0259zuniyy\u0259t verildi. Noyabr\u0131n 7-d\u0259 x\u0259st\u0259xanadan \u00e7\u0131xd\u0131m, Z\u0259rdaba, k\u0259ndimiz\u0259 g\u0259ldim. Qolumda v\u0259 b\u0259d\u0259nimd\u0259 a\u011fr\u0131lar var. \u018fyil\u0259nd\u0259, oturanda, duranda z\u00fclm \u00e7\u0259kir\u0259m. Adi h\u0259r\u0259k\u0259t ed\u0259nd\u0259 g\u00fccl\u00fc a\u011fr\u0131lar\u0131m olur. Sa\u011f t\u0259r\u0259fd\u0259 ba\u011f\u0131rsa\u011f\u0131m \u00e7\u00f6ld\u0259dir. Sellofanla g\u0259zir\u0259m. X\u00fcsusi sellofanlar var, iki-\u00fc\u00e7 g\u00fcnd\u0259n bir, h\u0259yat yolda\u015f\u0131m evd\u0259 \u00f6z\u00fc d\u0259yi\u015fir. Mil olan qolumun k\u0259narlar\u0131n\u0131 d\u0259rmanlay\u0131b, ba\u011flama\u011f\u0131 da h\u0259yat yolda\u015f\u0131m \u00f6z\u00fc edir\u201d.\n<\/p>\n<figure class=\"wp-block-image size-large\">\n  <img decoding=\"async\" src=\"https:\/\/www.meydan.tv\/az\/133074008_2793546090965766_5460436666687995420_n-jpg\/\" alt=\"133074008_2793546090965766_5460436666687995420_n.jpg\" class=\"wp-image-153945\"\/><figcaption>\n    H\u0259rb\u00e7inin ya\u015fad\u0131\u011f\u0131 ev<br \/>\n  <\/figcaption><\/figure>\n<p>\n  X\u0259st\u0259xanadan ev\u0259 burax\u0131lan ke\u00e7mi\u015f d\u00f6y\u00fc\u015f\u00e7\u00fc do\u011fma k\u0259ndi Al\u0131canl\u0131ya, ata yurduna g\u0259tirilib. Dediyin\u0259 g\u00f6r\u0259, bu m\u00fcdd\u0259t \u0259rzind\u0259 he\u00e7 bir aidiyy\u0259ti qurum onunla maraqlanmay\u0131b:\n<\/p>\n<p>\n  \u201c\u0130yirmi yeddi g\u00fcn k\u0259ndd\u0259 yatd\u0131m. Bu m\u00fcdd\u0259t \u0259rzind\u0259 b\u0259l\u0259diyy\u0259d\u0259n, icra hakimiyy\u0259tind\u0259n he\u00e7 kim maraqlanmad\u0131. G\u0259lib, soru\u015fmad\u0131lar ki, n\u0259s\u0259 yard\u0131m, k\u00f6m\u0259k laz\u0131md\u0131rm\u0131? Qolumdak\u0131 mil s\u00fcm\u00fcy\u0259 ba\u011fl\u0131d\u0131r dey\u0259 uzananda-duranda b\u0259rk incidir. Buna g\u00f6r\u0259 b\u0259rk a\u011fr\u0131lar\u0131m olur. H\u0259min vaxt \u201c103\u201d\u0259 z\u0259ng etdim ki, g\u0259lib, iyn\u0259 vursunlar. A\u011fr\u0131k\u0259sici iyn\u0259 vurma\u011fa g\u00f6r\u0259 T\u0259cili Tibbi Yard\u0131m i\u015f\u00e7il\u0259ri m\u0259nd\u0259n pul ist\u0259di. Dedil\u0259r ki, ax\u0131 bizim k\u0259nd\u0259 g\u0259lib qay\u0131tma\u011f\u0131m\u0131z var, yol uzaqd\u0131r. \u00dc\u00e7 n\u0259f\u0259rik, pul verin. \u00d6zl\u00fcy\u00fcmd\u0259 fikirl\u0259\u015fdim ki, bunlar \u00fc\u00e7 n\u0259f\u0259rdirs\u0259 k\u0259nd\u0259 g\u0259lm\u0259y\u0259 g\u00f6r\u0259 h\u0259r\u0259sin\u0259 on manat pul verm\u0259k laz\u0131md\u0131r. Dedim ki, Allah can\u0131n\u0131z\u0131 sa\u011f el\u0259sin, g\u0259lm\u0259y\u0259 ehtiyac yoxdur. S\u0259h\u0259r atam rayona gedib, a\u011fr\u0131k\u0259sici ald\u0131. Sa\u011f olsun qon\u015fumuz, az-\u00e7ox ba\u015f\u0131 \u00e7\u0131x\u0131rd\u0131, m\u0259n\u0259 iyn\u0259ni o vurdu\u201d.\n<\/p>\n<p>\n  V\u00fcqar V\u0259liyev yaralanandan sonra alt\u0131 \u0259m\u0259liyyat ke\u00e7irib. Dediyin\u0259 g\u00f6r\u0259, yeddinci \u0259m\u0259liyyat\u0131 is\u0259 g\u0259l\u0259n ilin yanvar\u0131nda n\u0259z\u0259rd\u0259 tutulub. Haz\u0131rda h\u0259rb\u00e7inin v\u0259ziyy\u0259ti a\u011f\u0131r orta oldu\u011fu \u00fc\u00e7\u00fcn m\u0259zuniyy\u0259tini ikinci ay da art\u0131r\u0131blar:\n<\/p>\n<figure class=\"wp-block-image size-large\">\n  <img decoding=\"async\" src=\"https:\/\/www.meydan.tv\/az\/133469723_2793545860965789_789688186318115285_n-jpg\/\" alt=\"133469723_2793545860965789_789688186318115285_n.jpg\" class=\"wp-image-153939\"\/><figcaption>\n    &#8220;2004-c\u00fc ild\u0259n Ming\u0259\u00e7evird\u0259 yerl\u0259\u015f\u0259n N sayl\u0131 h\u0259rbi hiss\u0259d\u0259 i\u015fl\u0259yir\u0259m, ba\u015f gizir\u0259m&#8221;<br \/>\n  <\/figcaption><\/figure>\n<p>\n  \u201cH\u0259kim deyib ki, yanvar\u0131n 10-da g\u0259l Bak\u0131ya, m\u00fcayin\u0259 ed\u0259k. Ba\u011f\u0131rsa\u011f\u0131m \u00e7\u00f6ld\u0259dir. Buna g\u00f6r\u0259 yen\u0259 \u0259m\u0259liyyat olunmal\u0131yam. Haz\u0131rda d\u0259rmanlar\u0131m\u0131 aptekl\u0259rd\u0259n \u00f6z\u00fcm al\u0131ram, ev \u015f\u0259raitind\u0259 d\u0259 m\u00fcalic\u0259 olunuram. Yataq x\u0259st\u0259siy\u0259m, aya\u011fa qalx\u0131b, harasa getm\u0259y\u0259 \u00e7\u0259tinlik \u00e7\u0259kir\u0259m. Bint\u0259, yoda, \u201czelyonka\u201dya (brilliant ya\u015f\u0131l\u0131-red) q\u0259d\u0259r ham\u0131s\u0131n\u0131 \u00f6z\u00fcm al\u0131ram. Kiray\u0259 ya\u015fad\u0131\u011f\u0131m evd\u0259 \u015f\u0259rait \u00e7ox pisdir. D\u00f6rd qarda\u015f\u0131q, ata yurdunda da el\u0259 bir \u015f\u0259raitimiz yoxdur ki, orada qalaq. M\u0259n h\u0259rbi forman\u0131 geyin\u0259n g\u00fcnd\u0259n kiray\u0259l\u0259rd\u0259 ya\u015fam\u0131\u015fam. Yataq x\u0259st\u0259siy\u0259m, pis v\u0259ziyy\u0259td\u0259 qalm\u0131\u015fam. \u00dc\u00e7 u\u015faqd\u0131r, atam\u0131n da maddi imkan\u0131 yoxdur. Sa\u011f olsun, qohum-qon\u015fu \u0259l at\u0131r. Ev\u0259 h\u0259r ay 150 manat verir\u0259m. Evi i\u015f yerim\u0259 yax\u0131n kiray\u0259l\u0259mi\u015f\u0259m. Aidiyy\u0259ti qurumlar\u0131n laqeyin m\u00fcnasib\u0259ti m\u0259n\u0259 pis t\u0259sir edir\u201d.\n<\/p>\n<p>\n  Z\u0259rdab Rayon \u0130cra Hakimiyy\u0259ti ba\u015f\u00e7\u0131s\u0131n\u0131n k\u00f6m\u0259k\u00e7isi S\u0259m\u0259d C\u0259f\u0259rov Meydan TV-y\u0259 a\u00e7\u0131qlamas\u0131nda bildirib ki, V\u00fcqar V\u0259liyevin atas\u0131 quruma m\u00fcraci\u0259t ed\u0259r\u0259k, x\u0259st\u0259xanaya yerl\u0259\u015fdirilm\u0259k \u00fc\u00e7\u00fcn aray\u0131\u015f ist\u0259yib:\n<\/p>\n<p>\n  \u201cRayonumuzdak\u0131 qazil\u0259r\u0259 g\u00fcc\u00fcm\u00fcz \u00e7atan yard\u0131m\u0131 g\u00f6st\u0259ririk. \u018frzaq pay\u0131d\u0131r, h\u0259kimidir, t\u0259cili tibbi yard\u0131m kimi i\u015fl\u0259rini \u00fcz\u0259rimiz\u0259 g\u00f6t\u00fcr\u00fcr\u00fck. G\u00fcc\u00fcm\u00fcz n\u0259y\u0259 \u00e7at\u0131rsa, edirik. \u0130cra hakimiyy\u0259ti gedib kim\u0259s\u0259 ev tik\u0259 bilm\u0259z. S\u0259kkiz \u015f\u0259hidimiz var, onlar\u0131n ail\u0259l\u0259ri il\u0259 maraqlan\u0131b \u00f6yr\u0259n\u0259 bil\u0259rsiz. D\u0259fnin t\u0259\u015fkili, h\u0259y\u0259tl\u0259rin\u0259 \u00e7\u0131nq\u0131l da\u015f\u0131n d\u00f6\u015f\u0259nm\u0259si, yaxud asfalt \u00f6rt\u00fck \u00e7\u0259kilm\u0259si i\u015fini etmi\u015fik. Yan\u0131lm\u0131ramsa, rayonumuzda 451-452 n\u0259f\u0259r d\u00f6y\u00fc\u015f\u0259 gedib. Qazil\u0259rd\u0259n on n\u0259f\u0259r icra hakimiyy\u0259tin\u0259 m\u00fcraci\u0259t edib v\u0259 h\u0259r birin\u0259 f\u0259rdi qaydada yard\u0131m olunub.\n<\/p>\n<figure class=\"wp-block-image size-large\">\n  <img decoding=\"async\" src=\"https:\/\/www.meydan.tv\/az\/untitled-design-1-png-33\/\" alt=\"Untitled design (1).png\" class=\"wp-image-153969\"\/><figcaption>\n    \u201cH\u0259kim deyib ki, yanvar\u0131n 10-da g\u0259l Bak\u0131ya, m\u00fcayin\u0259 ed\u0259k&#8221;.<br \/>\n  <\/figcaption><\/figure>\n<p>\n  V\u00fcqar V\u0259liyev 2004-c\u00fc ild\u0259n h\u0259rbid\u0259dir, i\u015fl\u0259yir. Ail\u0259l\u0259ri d\u0259 normal dolan\u0131r. Y\u0259ni dolan\u0131\u015f\u0131q bax\u0131m\u0131ndan t\u0259l\u0259bi yoxdur. Durumlar\u0131 normald\u0131r, n\u00fcmay\u0259nd\u0259 evl\u0259rin\u0259 ba\u015f \u00e7\u0259kib, valideyni il\u0259 g\u00f6r\u00fc\u015f\u00fcb. Atas\u0131 biz\u0259 m\u00fcraci\u0259t etdi ki, o\u011fluna m\u00fcalic\u0259 olundu\u011fu hospitalda deyibl\u0259r ki, yerli icra hakimiyy\u0259tind\u0259n x\u0259st\u0259xanaya aray\u0131\u015f g\u0259tirin. M\u0259n d\u0259 ona bildirdim ki, b\u00fct\u00fcn hospitallar sizin \u00fc\u00e7\u00fcn a\u00e7\u0131qd\u0131r. H\u0259m d\u0259 icra hakimiyy\u0259ti hans\u0131sa x\u0259st\u0259xanaya aray\u0131\u015f ver\u0259n qurum deyil. Burada n\u0259s\u0259 anla\u015f\u0131lmazl\u0131q var. Biz\u0259 bir m\u0259zmun, \u00fcnvan deyin. Kor-koran\u0259 aray\u0131\u015f\u0131 hara ver\u0259k? Onlar aray\u0131\u015f\u0131n m\u0259zmununu biz\u0259 tap\u0131b dey\u0259 bilm\u0259dil\u0259r. Dig\u0259r qazil\u0259rd\u0259 aray\u0131\u015f, g\u00f6nd\u0259ri\u015f s\u00f6hb\u0259ti yoxdur. Dedim ki, h\u0259kimin n\u00f6mr\u0259sini verin dan\u0131\u015faq, prosedur qaydan\u0131 \u00f6yr\u0259n\u0259k, verilirs\u0259, ver\u0259k getsin. \u0130cra hakimiyy\u0259tinin el\u0259 bir s\u0259lahiyy\u0259ti yoxdur ki, x\u0259st\u0259xanaya g\u00f6nd\u0259ri\u015f versin. \u018fsass\u0131z bir t\u0259l\u0259bdir. Biz ail\u0259 il\u0259 yenid\u0259n maraqlanaca\u011f\u0131q, \u0259n az\u0131ndan \u0259rzaq pay\u0131 g\u00f6nd\u0259r\u0259c\u0259yik. Laz\u0131m olsa, yerli h\u0259kim t\u0259yin olunacaq, gedib baxacaq. T\u0259cli Tibbi Yard\u0131m ma\u015f\u0131n\u0131 laz\u0131m g\u0259ls\u0259, gedil\u0259c\u0259k. Onu da deyim ki, h\u0259l\u0259 indiy\u0259d\u0259k biz\u0259 Z\u0259rdab Rayonu M\u0259rk\u0259zi X\u0259st\u0259xanas\u0131ndan, T\u0259cili Tibbi Yard\u0131mdan pul al\u0131nmas\u0131 il\u0259 ba\u011fl\u0131 \u015fikay\u0259t daxil olmay\u0131b. Nec\u0259 olur ki, ancaq bu v\u0259t\u0259nda\u015fdan pul ist\u0259yirl\u0259r? X\u00fcsusil\u0259 qazid\u0259n pul ist\u0259nilm\u0259si kimi s\u00f6hb\u0259t ola bilm\u0259z\u201d.\n<\/p>\n<p>\n  Z\u0259rdab Rayonu M\u0259rk\u0259zi X\u0259st\u0259xanas\u0131n\u0131n \u015f\u00f6b\u0259 m\u00fcdirinin \u0259v\u0259zedicisi G\u00fcnel M\u0259mm\u0259dova Meydan TV-y\u0259 bildirib ki, m\u0259s\u0259l\u0259 ara\u015fd\u0131r\u0131lacaq:\n<\/p>\n<p>\n  \u201cH\u0259min \u015f\u0259xsd\u0259n xahi\u015f edirik ki, biz\u0259 T\u0259cili Tibbi Yard\u0131ma m\u00fcraci\u0259t etdiyi tarixi d\u0259qiq bildirsin. H\u0259min hadis\u0259nin ay\u0131n ne\u00e7\u0259sind\u0259 v\u0259 saat ne\u00e7\u0259d\u0259 ba\u015f verdiyini desinl\u0259r, ara\u015fd\u0131raq. Rayonumuzda ham\u0131 bilir ki, T\u0259cili Tibbi Yard\u0131m el\u0259 bir sisteml\u0259 \u00e7al\u0131\u015f\u0131r ki, he\u00e7 vaxt n\u0259inki qazid\u0259n, he\u00e7 bir v\u0259t\u0259nda\u015fdan, yaxud ail\u0259d\u0259n pul ist\u0259nil\u0259 bilm\u0259z. \u0130st\u0259r \u015f\u00f6b\u0259d\u0259, ist\u0259rs\u0259 d\u0259 \u00e7a\u011f\u0131r\u0131\u015flarda pulsuz xidm\u0259t g\u00f6st\u0259ririk. M\u00fcmk\u00fcn deyil ki, bizim i\u015f\u00e7il\u0259r aras\u0131nda pul s\u00f6hb\u0259ti olsun. M\u0259s\u0259l\u0259ni m\u00fctl\u0259q ara\u015fd\u0131raca\u011f\u0131q\u201d.\n<\/p>\n<figure class=\"wp-block-image size-large\">\n  <img decoding=\"async\" src=\"https:\/\/www.meydan.tv\/az\/132961163_2793542460966129_421126986977142027_n-jpg\/\" alt=\"132961163_2793542460966129_421126986977142027_n.jpg\" class=\"wp-image-153948\"\/><figcaption>\n    V\u0259liyevl\u0259rin evi<br \/>\n  <\/figcaption><\/figure>\n","protected":false},"excerpt":{"rendered":"<p>\u201cH\u0259min \u015f\u0259xsd\u0259n xahi\u015f edirik ki, biz\u0259 T\u0259cili Tibbi Yard\u0131ma m\u00fcraci\u0259t etdiyi tarixi d\u0259qiq bildirsin\u201d.<\/p>\n","protected":false},"author":11,"featured_media":153957,"comment_status":"closed","ping_status":"open","sticky":false,"template":"","format":"standard","meta":{"_acf_changed":false,"_sitemap_exclude":false,"_sitemap_priority":"","_sitemap_frequency":"","footnotes":""},"categories":[60],"tags":[],"class_list":["post-204269","post","type-post","status-publish","format-standard","has-post-thumbnail","hentry","category-bolge","infinite-scroll-item","generate-columns","tablet-grid-50","mobile-grid-100","grid-parent","grid-33","no-featured-image-padding"],"acf":[],"yoast_head":"<!-- This site is optimized with the Yoast SEO plugin v27.4 - https:\/\/yoast.com\/product\/yoast-seo-wordpress\/ -->\n<title>Yaral\u0131 ba\u015f gizir: A\u011fr\u0131k\u0259sici iyn\u0259 vurmaq \u00fc\u00e7\u00fcn T\u0259cili Tibbi Yard\u0131m i\u015f\u00e7il\u0259ri m\u0259nd\u0259n pul ist\u0259di - MEYDAN.TV<\/title>\n<meta name=\"robots\" content=\"index, follow, max-snippet:-1, max-image-preview:large, max-video-preview:-1\" \/>\n<link rel=\"canonical\" href=\"https:\/\/www.meydan.tv\/az\/article\/yarali-bas-gizir-agrikesici-iyne-vurmaq-ucun-tecili-tibbi-yardim-iscileri-menden-pul-istedi\/\" \/>\n<meta property=\"og:locale\" content=\"az_AZ\" \/>\n<meta property=\"og:type\" content=\"article\" \/>\n<meta property=\"og:title\" content=\"Yaral\u0131 ba\u015f gizir: A\u011fr\u0131k\u0259sici iyn\u0259 vurmaq \u00fc\u00e7\u00fcn T\u0259cili Tibbi Yard\u0131m i\u015f\u00e7il\u0259ri m\u0259nd\u0259n pul ist\u0259di - MEYDAN.TV\" \/>\n<meta property=\"og:description\" content=\"\u201cH\u0259min \u015f\u0259xsd\u0259n xahi\u015f edirik ki, biz\u0259 T\u0259cili Tibbi Yard\u0131ma m\u00fcraci\u0259t etdiyi tarixi d\u0259qiq bildirsin\u201d.\" \/>\n<meta property=\"og:url\" content=\"https:\/\/www.meydan.tv\/az\/article\/yarali-bas-gizir-agrikesici-iyne-vurmaq-ucun-tecili-tibbi-yardim-iscileri-menden-pul-istedi\/\" \/>\n<meta property=\"og:site_name\" content=\"MEYDAN.TV\" \/>\n<meta property=\"article:published_time\" content=\"2020-12-25T14:26:33+00:00\" \/>\n<meta property=\"og:image\" content=\"https:\/\/www.meydan.tv\/wp-content\/uploads\/133526509_2793518630968512_2120138319352820882_o.jpg\" \/>\n\t<meta property=\"og:image:width\" content=\"1280\" \/>\n\t<meta property=\"og:image:height\" content=\"957\" \/>\n\t<meta property=\"og:image:type\" content=\"image\/jpeg\" \/>\n<meta name=\"author\" content=\"user-manager\" \/>\n<meta name=\"twitter:card\" content=\"summary_large_image\" \/>\n<script type=\"application\/ld+json\" class=\"yoast-schema-graph\">{\"@context\":\"https:\\\/\\\/schema.org\",\"@graph\":[{\"@type\":\"Article\",\"@id\":\"https:\\\/\\\/www.meydan.tv\\\/az\\\/article\\\/yarali-bas-gizir-agrikesici-iyne-vurmaq-ucun-tecili-tibbi-yardim-iscileri-menden-pul-istedi\\\/#article\",\"isPartOf\":{\"@id\":\"https:\\\/\\\/www.meydan.tv\\\/az\\\/article\\\/yarali-bas-gizir-agrikesici-iyne-vurmaq-ucun-tecili-tibbi-yardim-iscileri-menden-pul-istedi\\\/\"},\"author\":{\"name\":\"user-manager\",\"@id\":\"https:\\\/\\\/www.meydan.tv\\\/az\\\/#\\\/schema\\\/person\\\/10d11eccf6da3662cf5fdab9806ea91a\"},\"headline\":\"Yaral\u0131 ba\u015f gizir: A\u011fr\u0131k\u0259sici iyn\u0259 vurmaq \u00fc\u00e7\u00fcn T\u0259cili Tibbi Yard\u0131m i\u015f\u00e7il\u0259ri m\u0259nd\u0259n pul ist\u0259di\",\"datePublished\":\"2020-12-25T14:26:33+00:00\",\"mainEntityOfPage\":{\"@id\":\"https:\\\/\\\/www.meydan.tv\\\/az\\\/article\\\/yarali-bas-gizir-agrikesici-iyne-vurmaq-ucun-tecili-tibbi-yardim-iscileri-menden-pul-istedi\\\/\"},\"wordCount\":1619,\"publisher\":{\"@id\":\"https:\\\/\\\/www.meydan.tv\\\/az\\\/#organization\"},\"image\":{\"@id\":\"https:\\\/\\\/www.meydan.tv\\\/az\\\/article\\\/yarali-bas-gizir-agrikesici-iyne-vurmaq-ucun-tecili-tibbi-yardim-iscileri-menden-pul-istedi\\\/#primaryimage\"},\"thumbnailUrl\":\"https:\\\/\\\/www.meydan.tv\\\/wp-content\\\/uploads\\\/133526509_2793518630968512_2120138319352820882_o.jpg\",\"articleSection\":[\"B\u00f6lg\u0259\"],\"inLanguage\":\"az\"},{\"@type\":\"WebPage\",\"@id\":\"https:\\\/\\\/www.meydan.tv\\\/az\\\/article\\\/yarali-bas-gizir-agrikesici-iyne-vurmaq-ucun-tecili-tibbi-yardim-iscileri-menden-pul-istedi\\\/\",\"url\":\"https:\\\/\\\/www.meydan.tv\\\/az\\\/article\\\/yarali-bas-gizir-agrikesici-iyne-vurmaq-ucun-tecili-tibbi-yardim-iscileri-menden-pul-istedi\\\/\",\"name\":\"Yaral\u0131 ba\u015f gizir: A\u011fr\u0131k\u0259sici iyn\u0259 vurmaq \u00fc\u00e7\u00fcn T\u0259cili Tibbi Yard\u0131m i\u015f\u00e7il\u0259ri m\u0259nd\u0259n pul ist\u0259di - MEYDAN.TV\",\"isPartOf\":{\"@id\":\"https:\\\/\\\/www.meydan.tv\\\/az\\\/#website\"},\"primaryImageOfPage\":{\"@id\":\"https:\\\/\\\/www.meydan.tv\\\/az\\\/article\\\/yarali-bas-gizir-agrikesici-iyne-vurmaq-ucun-tecili-tibbi-yardim-iscileri-menden-pul-istedi\\\/#primaryimage\"},\"image\":{\"@id\":\"https:\\\/\\\/www.meydan.tv\\\/az\\\/article\\\/yarali-bas-gizir-agrikesici-iyne-vurmaq-ucun-tecili-tibbi-yardim-iscileri-menden-pul-istedi\\\/#primaryimage\"},\"thumbnailUrl\":\"https:\\\/\\\/www.meydan.tv\\\/wp-content\\\/uploads\\\/133526509_2793518630968512_2120138319352820882_o.jpg\",\"datePublished\":\"2020-12-25T14:26:33+00:00\",\"breadcrumb\":{\"@id\":\"https:\\\/\\\/www.meydan.tv\\\/az\\\/article\\\/yarali-bas-gizir-agrikesici-iyne-vurmaq-ucun-tecili-tibbi-yardim-iscileri-menden-pul-istedi\\\/#breadcrumb\"},\"inLanguage\":\"az\",\"potentialAction\":[{\"@type\":\"ReadAction\",\"target\":[\"https:\\\/\\\/www.meydan.tv\\\/az\\\/article\\\/yarali-bas-gizir-agrikesici-iyne-vurmaq-ucun-tecili-tibbi-yardim-iscileri-menden-pul-istedi\\\/\"]}]},{\"@type\":\"ImageObject\",\"inLanguage\":\"az\",\"@id\":\"https:\\\/\\\/www.meydan.tv\\\/az\\\/article\\\/yarali-bas-gizir-agrikesici-iyne-vurmaq-ucun-tecili-tibbi-yardim-iscileri-menden-pul-istedi\\\/#primaryimage\",\"url\":\"https:\\\/\\\/www.meydan.tv\\\/wp-content\\\/uploads\\\/133526509_2793518630968512_2120138319352820882_o.jpg\",\"contentUrl\":\"https:\\\/\\\/www.meydan.tv\\\/wp-content\\\/uploads\\\/133526509_2793518630968512_2120138319352820882_o.jpg\",\"width\":1280,\"height\":957,\"caption\":\"Source: Meydan TV\"},{\"@type\":\"BreadcrumbList\",\"@id\":\"https:\\\/\\\/www.meydan.tv\\\/az\\\/article\\\/yarali-bas-gizir-agrikesici-iyne-vurmaq-ucun-tecili-tibbi-yardim-iscileri-menden-pul-istedi\\\/#breadcrumb\",\"itemListElement\":[{\"@type\":\"ListItem\",\"position\":1,\"name\":\"Ana s\u0259hif\u0259\",\"item\":\"https:\\\/\\\/www.meydan.tv\\\/az\\\/\"},{\"@type\":\"ListItem\",\"position\":2,\"name\":\"B\u00f6lg\u0259\",\"item\":\"https:\\\/\\\/www.meydan.tv\\\/az\\\/section\\\/bolge\\\/\"},{\"@type\":\"ListItem\",\"position\":3,\"name\":\"Yaral\u0131 ba\u015f gizir: A\u011fr\u0131k\u0259sici iyn\u0259 vurmaq \u00fc\u00e7\u00fcn T\u0259cili Tibbi Yard\u0131m i\u015f\u00e7il\u0259ri m\u0259nd\u0259n pul ist\u0259di\"}]},{\"@type\":\"WebSite\",\"@id\":\"https:\\\/\\\/www.meydan.tv\\\/az\\\/#website\",\"url\":\"https:\\\/\\\/www.meydan.tv\\\/az\\\/\",\"name\":\"MEYDAN.TV\",\"description\":\"Meydan TV Az\u0259rbaycan\u0131n media m\u0259kan\u0131ndak\u0131 alternativ s\u0259sidir\",\"publisher\":{\"@id\":\"https:\\\/\\\/www.meydan.tv\\\/az\\\/#organization\"},\"potentialAction\":[{\"@type\":\"SearchAction\",\"target\":{\"@type\":\"EntryPoint\",\"urlTemplate\":\"https:\\\/\\\/www.meydan.tv\\\/az\\\/?s={search_term_string}\"},\"query-input\":{\"@type\":\"PropertyValueSpecification\",\"valueRequired\":true,\"valueName\":\"search_term_string\"}}],\"inLanguage\":\"az\"},{\"@type\":\"Organization\",\"@id\":\"https:\\\/\\\/www.meydan.tv\\\/az\\\/#organization\",\"name\":\"Meydan TV\",\"url\":\"https:\\\/\\\/www.meydan.tv\\\/az\\\/\",\"logo\":{\"@type\":\"ImageObject\",\"inLanguage\":\"az\",\"@id\":\"https:\\\/\\\/www.meydan.tv\\\/az\\\/#\\\/schema\\\/logo\\\/image\\\/\",\"url\":\"https:\\\/\\\/www.meydan.tv\\\/wp-content\\\/uploads\\\/2021\\\/07\\\/meydan-logo.svg\",\"contentUrl\":\"https:\\\/\\\/www.meydan.tv\\\/wp-content\\\/uploads\\\/2021\\\/07\\\/meydan-logo.svg\",\"width\":195,\"height\":46,\"caption\":\"Meydan TV\"},\"image\":{\"@id\":\"https:\\\/\\\/www.meydan.tv\\\/az\\\/#\\\/schema\\\/logo\\\/image\\\/\"}},{\"@type\":\"Person\",\"@id\":\"https:\\\/\\\/www.meydan.tv\\\/az\\\/#\\\/schema\\\/person\\\/10d11eccf6da3662cf5fdab9806ea91a\",\"name\":\"user-manager\"}]}<\/script>\n<!-- \/ Yoast SEO plugin. -->","yoast_head_json":{"title":"Yaral\u0131 ba\u015f gizir: A\u011fr\u0131k\u0259sici iyn\u0259 vurmaq \u00fc\u00e7\u00fcn T\u0259cili Tibbi Yard\u0131m i\u015f\u00e7il\u0259ri m\u0259nd\u0259n pul ist\u0259di - MEYDAN.TV","robots":{"index":"index","follow":"follow","max-snippet":"max-snippet:-1","max-image-preview":"max-image-preview:large","max-video-preview":"max-video-preview:-1"},"canonical":"https:\/\/www.meydan.tv\/az\/article\/yarali-bas-gizir-agrikesici-iyne-vurmaq-ucun-tecili-tibbi-yardim-iscileri-menden-pul-istedi\/","og_locale":"az_AZ","og_type":"article","og_title":"Yaral\u0131 ba\u015f gizir: A\u011fr\u0131k\u0259sici iyn\u0259 vurmaq \u00fc\u00e7\u00fcn T\u0259cili Tibbi Yard\u0131m i\u015f\u00e7il\u0259ri m\u0259nd\u0259n pul ist\u0259di - MEYDAN.TV","og_description":"\u201cH\u0259min \u015f\u0259xsd\u0259n xahi\u015f edirik ki, biz\u0259 T\u0259cili Tibbi Yard\u0131ma m\u00fcraci\u0259t etdiyi tarixi d\u0259qiq bildirsin\u201d.","og_url":"https:\/\/www.meydan.tv\/az\/article\/yarali-bas-gizir-agrikesici-iyne-vurmaq-ucun-tecili-tibbi-yardim-iscileri-menden-pul-istedi\/","og_site_name":"MEYDAN.TV","article_published_time":"2020-12-25T14:26:33+00:00","og_image":[{"width":1280,"height":957,"url":"https:\/\/www.meydan.tv\/wp-content\/uploads\/133526509_2793518630968512_2120138319352820882_o.jpg","type":"image\/jpeg"}],"author":"user-manager","twitter_card":"summary_large_image","schema":{"@context":"https:\/\/schema.org","@graph":[{"@type":"Article","@id":"https:\/\/www.meydan.tv\/az\/article\/yarali-bas-gizir-agrikesici-iyne-vurmaq-ucun-tecili-tibbi-yardim-iscileri-menden-pul-istedi\/#article","isPartOf":{"@id":"https:\/\/www.meydan.tv\/az\/article\/yarali-bas-gizir-agrikesici-iyne-vurmaq-ucun-tecili-tibbi-yardim-iscileri-menden-pul-istedi\/"},"author":{"name":"user-manager","@id":"https:\/\/www.meydan.tv\/az\/#\/schema\/person\/10d11eccf6da3662cf5fdab9806ea91a"},"headline":"Yaral\u0131 ba\u015f gizir: A\u011fr\u0131k\u0259sici iyn\u0259 vurmaq \u00fc\u00e7\u00fcn T\u0259cili Tibbi Yard\u0131m i\u015f\u00e7il\u0259ri m\u0259nd\u0259n pul ist\u0259di","datePublished":"2020-12-25T14:26:33+00:00","mainEntityOfPage":{"@id":"https:\/\/www.meydan.tv\/az\/article\/yarali-bas-gizir-agrikesici-iyne-vurmaq-ucun-tecili-tibbi-yardim-iscileri-menden-pul-istedi\/"},"wordCount":1619,"publisher":{"@id":"https:\/\/www.meydan.tv\/az\/#organization"},"image":{"@id":"https:\/\/www.meydan.tv\/az\/article\/yarali-bas-gizir-agrikesici-iyne-vurmaq-ucun-tecili-tibbi-yardim-iscileri-menden-pul-istedi\/#primaryimage"},"thumbnailUrl":"https:\/\/www.meydan.tv\/wp-content\/uploads\/133526509_2793518630968512_2120138319352820882_o.jpg","articleSection":["B\u00f6lg\u0259"],"inLanguage":"az"},{"@type":"WebPage","@id":"https:\/\/www.meydan.tv\/az\/article\/yarali-bas-gizir-agrikesici-iyne-vurmaq-ucun-tecili-tibbi-yardim-iscileri-menden-pul-istedi\/","url":"https:\/\/www.meydan.tv\/az\/article\/yarali-bas-gizir-agrikesici-iyne-vurmaq-ucun-tecili-tibbi-yardim-iscileri-menden-pul-istedi\/","name":"Yaral\u0131 ba\u015f gizir: A\u011fr\u0131k\u0259sici iyn\u0259 vurmaq \u00fc\u00e7\u00fcn T\u0259cili Tibbi Yard\u0131m i\u015f\u00e7il\u0259ri m\u0259nd\u0259n pul ist\u0259di - MEYDAN.TV","isPartOf":{"@id":"https:\/\/www.meydan.tv\/az\/#website"},"primaryImageOfPage":{"@id":"https:\/\/www.meydan.tv\/az\/article\/yarali-bas-gizir-agrikesici-iyne-vurmaq-ucun-tecili-tibbi-yardim-iscileri-menden-pul-istedi\/#primaryimage"},"image":{"@id":"https:\/\/www.meydan.tv\/az\/article\/yarali-bas-gizir-agrikesici-iyne-vurmaq-ucun-tecili-tibbi-yardim-iscileri-menden-pul-istedi\/#primaryimage"},"thumbnailUrl":"https:\/\/www.meydan.tv\/wp-content\/uploads\/133526509_2793518630968512_2120138319352820882_o.jpg","datePublished":"2020-12-25T14:26:33+00:00","breadcrumb":{"@id":"https:\/\/www.meydan.tv\/az\/article\/yarali-bas-gizir-agrikesici-iyne-vurmaq-ucun-tecili-tibbi-yardim-iscileri-menden-pul-istedi\/#breadcrumb"},"inLanguage":"az","potentialAction":[{"@type":"ReadAction","target":["https:\/\/www.meydan.tv\/az\/article\/yarali-bas-gizir-agrikesici-iyne-vurmaq-ucun-tecili-tibbi-yardim-iscileri-menden-pul-istedi\/"]}]},{"@type":"ImageObject","inLanguage":"az","@id":"https:\/\/www.meydan.tv\/az\/article\/yarali-bas-gizir-agrikesici-iyne-vurmaq-ucun-tecili-tibbi-yardim-iscileri-menden-pul-istedi\/#primaryimage","url":"https:\/\/www.meydan.tv\/wp-content\/uploads\/133526509_2793518630968512_2120138319352820882_o.jpg","contentUrl":"https:\/\/www.meydan.tv\/wp-content\/uploads\/133526509_2793518630968512_2120138319352820882_o.jpg","width":1280,"height":957,"caption":"Source: Meydan TV"},{"@type":"BreadcrumbList","@id":"https:\/\/www.meydan.tv\/az\/article\/yarali-bas-gizir-agrikesici-iyne-vurmaq-ucun-tecili-tibbi-yardim-iscileri-menden-pul-istedi\/#breadcrumb","itemListElement":[{"@type":"ListItem","position":1,"name":"Ana s\u0259hif\u0259","item":"https:\/\/www.meydan.tv\/az\/"},{"@type":"ListItem","position":2,"name":"B\u00f6lg\u0259","item":"https:\/\/www.meydan.tv\/az\/section\/bolge\/"},{"@type":"ListItem","position":3,"name":"Yaral\u0131 ba\u015f gizir: A\u011fr\u0131k\u0259sici iyn\u0259 vurmaq \u00fc\u00e7\u00fcn T\u0259cili Tibbi Yard\u0131m i\u015f\u00e7il\u0259ri m\u0259nd\u0259n pul ist\u0259di"}]},{"@type":"WebSite","@id":"https:\/\/www.meydan.tv\/az\/#website","url":"https:\/\/www.meydan.tv\/az\/","name":"MEYDAN.TV","description":"Meydan TV Az\u0259rbaycan\u0131n media m\u0259kan\u0131ndak\u0131 alternativ s\u0259sidir","publisher":{"@id":"https:\/\/www.meydan.tv\/az\/#organization"},"potentialAction":[{"@type":"SearchAction","target":{"@type":"EntryPoint","urlTemplate":"https:\/\/www.meydan.tv\/az\/?s={search_term_string}"},"query-input":{"@type":"PropertyValueSpecification","valueRequired":true,"valueName":"search_term_string"}}],"inLanguage":"az"},{"@type":"Organization","@id":"https:\/\/www.meydan.tv\/az\/#organization","name":"Meydan TV","url":"https:\/\/www.meydan.tv\/az\/","logo":{"@type":"ImageObject","inLanguage":"az","@id":"https:\/\/www.meydan.tv\/az\/#\/schema\/logo\/image\/","url":"https:\/\/www.meydan.tv\/wp-content\/uploads\/2021\/07\/meydan-logo.svg","contentUrl":"https:\/\/www.meydan.tv\/wp-content\/uploads\/2021\/07\/meydan-logo.svg","width":195,"height":46,"caption":"Meydan TV"},"image":{"@id":"https:\/\/www.meydan.tv\/az\/#\/schema\/logo\/image\/"}},{"@type":"Person","@id":"https:\/\/www.meydan.tv\/az\/#\/schema\/person\/10d11eccf6da3662cf5fdab9806ea91a","name":"user-manager"}]}},"_links":{"self":[{"href":"https:\/\/www.meydan.tv\/az\/wp-json\/wp\/v2\/posts\/204269","targetHints":{"allow":["GET"]}}],"collection":[{"href":"https:\/\/www.meydan.tv\/az\/wp-json\/wp\/v2\/posts"}],"about":[{"href":"https:\/\/www.meydan.tv\/az\/wp-json\/wp\/v2\/types\/post"}],"author":[{"embeddable":true,"href":"https:\/\/www.meydan.tv\/az\/wp-json\/wp\/v2\/users\/11"}],"replies":[{"embeddable":true,"href":"https:\/\/www.meydan.tv\/az\/wp-json\/wp\/v2\/comments?post=204269"}],"version-history":[{"count":0,"href":"https:\/\/www.meydan.tv\/az\/wp-json\/wp\/v2\/posts\/204269\/revisions"}],"wp:featuredmedia":[{"embeddable":true,"href":"https:\/\/www.meydan.tv\/az\/wp-json\/wp\/v2\/media\/153957"}],"wp:attachment":[{"href":"https:\/\/www.meydan.tv\/az\/wp-json\/wp\/v2\/media?parent=204269"}],"wp:term":[{"taxonomy":"category","embeddable":true,"href":"https:\/\/www.meydan.tv\/az\/wp-json\/wp\/v2\/categories?post=204269"},{"taxonomy":"post_tag","embeddable":true,"href":"https:\/\/www.meydan.tv\/az\/wp-json\/wp\/v2\/tags?post=204269"}],"curies":[{"name":"wp","href":"https:\/\/api.w.org\/{rel}","templated":true}]}}