{"id":204190,"date":"2020-12-22T12:14:57","date_gmt":"2020-12-22T12:14:57","guid":{"rendered":"https:\/\/www.meydan.tv\/article\/xalq-artisti-covid-19-un-qurbani-oldu\/"},"modified":"2020-12-22T12:14:57","modified_gmt":"2020-12-22T12:14:57","slug":"xalq-artisti-covid-19-un-qurbani-oldu","status":"publish","type":"post","link":"https:\/\/www.meydan.tv\/az\/article\/xalq-artisti-covid-19-un-qurbani-oldu\/","title":{"rendered":"Xalq artisti COV\u0130D-19-un qurban\u0131 oldu"},"content":{"rendered":"<p>\n  <i><br \/>\n    \u201cOn yeddi-on s\u0259kkiz g\u00fcn idi ki, Ab\u015feron rayonunun Saray q\u0259s\u0259b\u0259sind\u0259ki modul tipli x\u0259st\u0259xanada yat\u0131rd\u0131\u201d<br \/>\n  <\/i>\n<\/p>\n<p>\n  Xalq artist Sabir \u018fliyev 72 ya\u015f\u0131nda v\u0259fat edib.\n<\/p>\n<p>\n  Bu haqda Meydan TV-y\u0259 m\u0259rhumun yax\u0131n dostu, prod\u00fcser Anar \u018fliyev m\u0259lumat verib. Onun s\u00f6zl\u0259rin\u0259 g\u00f6r\u0259, COVID-19 diaqnozu il\u0259 a\u011f\u0131r v\u0259ziyy\u0259td\u0259 reanimasiyaya yatan s\u0259n\u0259t\u00e7i bu g\u00fcn s\u0259h\u0259r saat 7:30-da ke\u00e7inib:\n<\/p>\n<p>\n  \u201cOn yeddi-on s\u0259kkiz g\u00fcn idi ki, Ab\u015feron rayonunun Saray q\u0259s\u0259b\u0259sind\u0259ki modul tipli x\u0259st\u0259xanada yat\u0131rd\u0131. Kliniki Tibbi M\u0259rk\u0259zin n\u0259zdind\u0259 f\u0259aliyy\u0259t g\u00f6st\u0259r\u0259n modul tipli x\u0259st\u0259xanaya ke\u00e7irdik. \u00dc\u00e7-d\u00f6rd g\u00fcn d\u0259 orada qald\u0131. Bu g\u00fcn s\u0259h\u0259r v\u0259fat etdi\u201d.\n<\/p>\n<p>\n  Sabir \u018fliyev 1948-ci ild\u0259 C\u0259lilabadda do\u011fulub. 1967-1972-ci ill\u0259rd\u0259 As\u0259f Zeynall\u0131 ad\u0131na Bak\u0131 Musiqi texnikumunun mu\u011fam \u015f\u00f6b\u0259sind\u0259, 1981-1986-c\u0131 ill\u0259rd\u0259 Az\u0259rbaycan Xalq T\u0259s\u0259rr\u00fcfat\u0131 \u0130nstitutunda t\u0259hsil al\u0131b.\n<\/p>\n<p>\n  1968-ci ild\u0259 t\u0259l\u0259b\u0259 ik\u0259n Az\u0259rbaycan D\u00f6vl\u0259t Akademik Opera v\u0259 Balet Teatr\u0131na d\u0259v\u0259t edilib v\u0259 42 il teatr\u0131n mu\u011fam b\u00f6lm\u0259sinin solisti olub.\n<\/p>\n<p>\n  Teatrda \u00e7al\u0131\u015fd\u0131\u011f\u0131 ill\u0259r \u0259rzind\u0259 mu\u011fam b\u00f6lm\u0259sinin tama\u015falar\u0131nda bir \u00e7ox yadda qalan obrazlar yarad\u0131b.\n<\/p>\n<p>\n  Sabir \u018fliyev Az\u0259rbaycan m\u0259d\u0259niyy\u0259tinin inki\u015faf\u0131ndak\u0131 xidm\u0259tl\u0259rin\u0259 g\u00f6r\u0259 2005-ci ild\u0259 \u0259m\u0259kdar, 2017-ci ild\u0259 is\u0259 xalq artisti f\u0259xri ad\u0131na layiq g\u00f6r\u00fcl\u00fcb.\n<\/p>\n<p>\n  M\u0259rhum Yasamal q\u0259bristanl\u0131\u011f\u0131nda d\u0259fn olunacaq.<\/p>\n","protected":false},"excerpt":{"rendered":"<p>Onun s\u00f6zl\u0259rin\u0259 g\u00f6r\u0259, COVID-19 diaqnozu il\u0259 a\u011f\u0131r v\u0259ziyy\u0259td\u0259 reanimasiyaya yatan s\u0259n\u0259t\u00e7i bu g\u00fcn s\u0259h\u0259r saat 7:30-da ke\u00e7inib<\/p>\n","protected":false},"author":11,"featured_media":153669,"comment_status":"closed","ping_status":"open","sticky":false,"template":"","format":"standard","meta":{"_acf_changed":false,"_sitemap_exclude":false,"_sitemap_priority":"","_sitemap_frequency":"","footnotes":""},"categories":[52],"tags":[],"class_list":["post-204190","post","type-post","status-publish","format-standard","has-post-thumbnail","hentry","category-medeniyyet","infinite-scroll-item","generate-columns","tablet-grid-50","mobile-grid-100","grid-parent","grid-33","no-featured-image-padding"],"acf":[],"yoast_head":"<!-- This site is optimized with the Yoast SEO plugin v28.3 - https:\/\/yoast.com\/product\/yoast-seo-wordpress\/ -->\n<title>Xalq artisti COV\u0130D-19-un qurban\u0131 oldu - MEYDAN.TV<\/title>\n<meta name=\"robots\" content=\"index, follow, max-snippet:-1, max-image-preview:large, max-video-preview:-1\" \/>\n<link rel=\"canonical\" href=\"https:\/\/www.meydan.tv\/az\/article\/xalq-artisti-covid-19-un-qurbani-oldu\/\" \/>\n<meta property=\"og:locale\" content=\"az_AZ\" \/>\n<meta property=\"og:type\" content=\"article\" \/>\n<meta property=\"og:title\" content=\"Xalq artisti COV\u0130D-19-un qurban\u0131 oldu - MEYDAN.TV\" \/>\n<meta property=\"og:description\" content=\"Onun s\u00f6zl\u0259rin\u0259 g\u00f6r\u0259, COVID-19 diaqnozu il\u0259 a\u011f\u0131r v\u0259ziyy\u0259td\u0259 reanimasiyaya yatan s\u0259n\u0259t\u00e7i bu g\u00fcn s\u0259h\u0259r saat 7:30-da ke\u00e7inib\" \/>\n<meta property=\"og:url\" content=\"https:\/\/www.meydan.tv\/az\/article\/xalq-artisti-covid-19-un-qurbani-oldu\/\" \/>\n<meta property=\"og:site_name\" content=\"MEYDAN.TV\" \/>\n<meta property=\"article:published_time\" content=\"2020-12-22T12:14:57+00:00\" \/>\n<meta property=\"og:image\" content=\"https:\/\/www.meydan.tv\/wp-content\/uploads\/sabir-eliyev.jpeg\" \/>\n\t<meta property=\"og:image:width\" content=\"750\" \/>\n\t<meta property=\"og:image:height\" content=\"482\" \/>\n\t<meta property=\"og:image:type\" content=\"image\/jpeg\" \/>\n<meta name=\"twitter:card\" content=\"summary_large_image\" \/>\n<!-- \/ Yoast SEO plugin. -->","yoast_head_json":{"title":"Xalq artisti COV\u0130D-19-un qurban\u0131 oldu - MEYDAN.TV","robots":{"index":"index","follow":"follow","max-snippet":"max-snippet:-1","max-image-preview":"max-image-preview:large","max-video-preview":"max-video-preview:-1"},"canonical":"https:\/\/www.meydan.tv\/az\/article\/xalq-artisti-covid-19-un-qurbani-oldu\/","og_locale":"az_AZ","og_type":"article","og_title":"Xalq artisti COV\u0130D-19-un qurban\u0131 oldu - MEYDAN.TV","og_description":"Onun s\u00f6zl\u0259rin\u0259 g\u00f6r\u0259, COVID-19 diaqnozu il\u0259 a\u011f\u0131r v\u0259ziyy\u0259td\u0259 reanimasiyaya yatan s\u0259n\u0259t\u00e7i bu g\u00fcn s\u0259h\u0259r saat 7:30-da ke\u00e7inib","og_url":"https:\/\/www.meydan.tv\/az\/article\/xalq-artisti-covid-19-un-qurbani-oldu\/","og_site_name":"MEYDAN.TV","article_published_time":"2020-12-22T12:14:57+00:00","og_image":[{"width":750,"height":482,"url":"https:\/\/www.meydan.tv\/wp-content\/uploads\/sabir-eliyev.jpeg","type":"image\/jpeg"}],"twitter_card":"summary_large_image","schema":{"@context":"https:\/\/schema.org","@graph":[{"@type":"Article","@id":"https:\/\/www.meydan.tv\/az\/article\/xalq-artisti-covid-19-un-qurbani-oldu\/#article","isPartOf":{"@id":"https:\/\/www.meydan.tv\/az\/article\/xalq-artisti-covid-19-un-qurbani-oldu\/"},"author":{"name":"user-manager","@id":"https:\/\/www.meydan.tv\/az\/#\/schema\/person\/10d11eccf6da3662cf5fdab9806ea91a"},"headline":"Xalq artisti COV\u0130D-19-un qurban\u0131 oldu","datePublished":"2020-12-22T12:14:57+00:00","mainEntityOfPage":{"@id":"https:\/\/www.meydan.tv\/az\/article\/xalq-artisti-covid-19-un-qurbani-oldu\/"},"wordCount":284,"publisher":{"@id":"https:\/\/www.meydan.tv\/az\/#organization"},"image":{"@id":"https:\/\/www.meydan.tv\/az\/article\/xalq-artisti-covid-19-un-qurbani-oldu\/#primaryimage"},"thumbnailUrl":"https:\/\/www.meydan.tv\/wp-content\/uploads\/sabir-eliyev.jpeg","articleSection":["M\u0259d\u0259niyy\u0259t"],"inLanguage":"az"},{"@type":"WebPage","@id":"https:\/\/www.meydan.tv\/az\/article\/xalq-artisti-covid-19-un-qurbani-oldu\/","url":"https:\/\/www.meydan.tv\/az\/article\/xalq-artisti-covid-19-un-qurbani-oldu\/","name":"Xalq artisti COV\u0130D-19-un qurban\u0131 oldu - MEYDAN.TV","isPartOf":{"@id":"https:\/\/www.meydan.tv\/az\/#website"},"primaryImageOfPage":{"@id":"https:\/\/www.meydan.tv\/az\/article\/xalq-artisti-covid-19-un-qurbani-oldu\/#primaryimage"},"image":{"@id":"https:\/\/www.meydan.tv\/az\/article\/xalq-artisti-covid-19-un-qurbani-oldu\/#primaryimage"},"thumbnailUrl":"https:\/\/www.meydan.tv\/wp-content\/uploads\/sabir-eliyev.jpeg","datePublished":"2020-12-22T12:14:57+00:00","breadcrumb":{"@id":"https:\/\/www.meydan.tv\/az\/article\/xalq-artisti-covid-19-un-qurbani-oldu\/#breadcrumb"},"inLanguage":"az","potentialAction":[{"@type":"ReadAction","target":["https:\/\/www.meydan.tv\/az\/article\/xalq-artisti-covid-19-un-qurbani-oldu\/"]}]},{"@type":"ImageObject","inLanguage":"az","@id":"https:\/\/www.meydan.tv\/az\/article\/xalq-artisti-covid-19-un-qurbani-oldu\/#primaryimage","url":"https:\/\/www.meydan.tv\/wp-content\/uploads\/sabir-eliyev.jpeg","contentUrl":"https:\/\/www.meydan.tv\/wp-content\/uploads\/sabir-eliyev.jpeg","width":750,"height":482,"caption":"Source: google.az"},{"@type":"BreadcrumbList","@id":"https:\/\/www.meydan.tv\/az\/article\/xalq-artisti-covid-19-un-qurbani-oldu\/#breadcrumb","itemListElement":[{"@type":"ListItem","position":1,"name":"Ana s\u0259hif\u0259","item":"https:\/\/www.meydan.tv\/az\/"},{"@type":"ListItem","position":2,"name":"M\u0259d\u0259niyy\u0259t","item":"https:\/\/www.meydan.tv\/az\/section\/medeniyyet\/"},{"@type":"ListItem","position":3,"name":"Xalq artisti COV\u0130D-19-un qurban\u0131 oldu"}]},{"@type":"WebSite","@id":"https:\/\/www.meydan.tv\/az\/#website","url":"https:\/\/www.meydan.tv\/az\/","name":"MEYDAN.TV","description":"Meydan TV Az\u0259rbaycan\u0131n media m\u0259kan\u0131ndak\u0131 alternativ s\u0259sidir","publisher":{"@id":"https:\/\/www.meydan.tv\/az\/#organization"},"potentialAction":[{"@type":"SearchAction","target":{"@type":"EntryPoint","urlTemplate":"https:\/\/www.meydan.tv\/az\/?s={search_term_string}"},"query-input":{"@type":"PropertyValueSpecification","valueRequired":true,"valueName":"search_term_string"}}],"inLanguage":"az"},{"@type":"Organization","@id":"https:\/\/www.meydan.tv\/az\/#organization","name":"Meydan TV","url":"https:\/\/www.meydan.tv\/az\/","logo":{"@type":"ImageObject","inLanguage":"az","@id":"https:\/\/www.meydan.tv\/az\/#\/schema\/logo\/image\/","url":"https:\/\/www.meydan.tv\/wp-content\/uploads\/2021\/07\/meydan-logo.svg","contentUrl":"https:\/\/www.meydan.tv\/wp-content\/uploads\/2021\/07\/meydan-logo.svg","width":195,"height":46,"caption":"Meydan TV"},"image":{"@id":"https:\/\/www.meydan.tv\/az\/#\/schema\/logo\/image\/"}},{"@type":"Person","@id":"https:\/\/www.meydan.tv\/az\/#\/schema\/person\/10d11eccf6da3662cf5fdab9806ea91a","name":"user-manager"}]}},"_links":{"self":[{"href":"https:\/\/www.meydan.tv\/az\/wp-json\/wp\/v2\/posts\/204190","targetHints":{"allow":["GET"]}}],"collection":[{"href":"https:\/\/www.meydan.tv\/az\/wp-json\/wp\/v2\/posts"}],"about":[{"href":"https:\/\/www.meydan.tv\/az\/wp-json\/wp\/v2\/types\/post"}],"author":[{"embeddable":true,"href":"https:\/\/www.meydan.tv\/az\/wp-json\/wp\/v2\/users\/11"}],"replies":[{"embeddable":true,"href":"https:\/\/www.meydan.tv\/az\/wp-json\/wp\/v2\/comments?post=204190"}],"version-history":[{"count":0,"href":"https:\/\/www.meydan.tv\/az\/wp-json\/wp\/v2\/posts\/204190\/revisions"}],"wp:featuredmedia":[{"embeddable":true,"href":"https:\/\/www.meydan.tv\/az\/wp-json\/wp\/v2\/media\/153669"}],"wp:attachment":[{"href":"https:\/\/www.meydan.tv\/az\/wp-json\/wp\/v2\/media?parent=204190"}],"wp:term":[{"taxonomy":"category","embeddable":true,"href":"https:\/\/www.meydan.tv\/az\/wp-json\/wp\/v2\/categories?post=204190"},{"taxonomy":"post_tag","embeddable":true,"href":"https:\/\/www.meydan.tv\/az\/wp-json\/wp\/v2\/tags?post=204190"}],"curies":[{"name":"wp","href":"https:\/\/api.w.org\/{rel}","templated":true}]}}