{"id":204185,"date":"2020-12-22T10:17:20","date_gmt":"2020-12-22T10:17:20","guid":{"rendered":"https:\/\/www.meydan.tv\/article\/azerbaycanli-rejissorun-isi-en-yaxsi-xarici-film-mukafatina-layiq-gorulub\/"},"modified":"2020-12-22T10:17:20","modified_gmt":"2020-12-22T10:17:20","slug":"azerbaycanli-rejissorun-isi-en-yaxsi-xarici-film-mukafatina-layiq-gorulub","status":"publish","type":"post","link":"https:\/\/www.meydan.tv\/az\/article\/azerbaycanli-rejissorun-isi-en-yaxsi-xarici-film-mukafatina-layiq-gorulub\/","title":{"rendered":"Az\u0259rbaycanl\u0131 rejissorun i\u015fi \u201c\u018fn yax\u015f\u0131 xarici film\u201d m\u00fckafat\u0131na layiq g\u00f6r\u00fcl\u00fcb"},"content":{"rendered":"<p>\n  <i><br \/>\n    \u201c\u0130zn ver qa\u00e7\u0131m\u201d filmi \u0259lilliyi olan g\u0259ncin h\u0259yat\u0131ndan b\u0259hs edir<br \/>\n  <\/i>\n<\/p>\n<p>\n  Amerikada ya\u015fayan az\u0259rbaycanl\u0131 rejissor Elmar Bayramovun \u201cLet me run\u201d (\u201c\u0130zn ver, qa\u00e7\u0131m\u201d) q\u0131sametrajl\u0131 filmi Londonda ke\u00e7iril\u0259n \u201cFighting Spirit Film\u201d beyn\u0259lxalq kino festival\u0131nda \u201c\u018fn yax\u015f\u0131 xarici film\u201d m\u00fckafat\u0131na layiq g\u00f6r\u00fcl\u00fcb.\n<\/p>\n<p>\n  \u201cLet me run\u201d filmi \u0259lilliyi olan g\u0259ncin h\u0259yat\u0131ndan b\u0259hs edir. \u018fs\u0259rin q\u0259hr\u0259man\u0131 b\u00fct\u00fcn \u00e7\u0259tinlikl\u0259r\u0259 baxmayaraq, m\u0259qs\u0259din\u0259 nail olmaq \u00fc\u00e7\u00fcn mane\u0259l\u0259ri d\u0259f edir.\n<\/p>\n<p>\n  Filmd\u0259 \u0259sas rolu Tural Manafov ifa edir. Filmin prod\u00fcserl\u0259ri K\u00f6n\u00fcl K\u0259ng\u0259rli, Klara Brotons Merkadal, Alan Qoldberq v\u0259 Zeke Ramazan Geisdir.\n<\/p>\n<p>\n  \u201c\u0130zn ver, qa\u00e7\u0131m\u201d q\u0131sametrajl\u0131 filmi indiy\u0259 kimi Los-Anceles, Nyu-York v\u0259 Torontoda ke\u00e7iril\u0259n beyn\u0259lxalq kinofestivallarda da m\u00fcxt\u0259lif nominasiyalar \u00fczr\u0259 qalib olub.\n<\/p>\n<figure class=\"wp-block-image size-large\">\n  <img decoding=\"async\" src=\"https:\/\/www.meydan.tv\/az\/elmar_bayramov_rejissor-jpg\/\" alt=\"elmar_bayramov_rejissor.jpg\" class=\"wp-image-153657\"\/><figcaption>\n    Elmar Bayramov<br \/>\n  <\/figcaption><\/figure>\n","protected":false},"excerpt":{"rendered":"<p>Filmin prod\u00fcserl\u0259ri K\u00f6n\u00fcl K\u0259ng\u0259rli, Klara Brotons Merkadal, Alan Qoldberq v\u0259 Zeke Ramazan Geisdir.<\/p>\n","protected":false},"author":11,"featured_media":153660,"comment_status":"closed","ping_status":"open","sticky":false,"template":"","format":"standard","meta":{"_acf_changed":false,"_sitemap_exclude":false,"_sitemap_priority":"","_sitemap_frequency":"","footnotes":""},"categories":[52],"tags":[],"class_list":["post-204185","post","type-post","status-publish","format-standard","has-post-thumbnail","hentry","category-medeniyyet","infinite-scroll-item","generate-columns","tablet-grid-50","mobile-grid-100","grid-parent","grid-33","no-featured-image-padding"],"acf":[],"yoast_head":"<!-- This site is optimized with the Yoast SEO plugin v28.3 - https:\/\/yoast.com\/product\/yoast-seo-wordpress\/ -->\n<title>Az\u0259rbaycanl\u0131 rejissorun i\u015fi \u201c\u018fn yax\u015f\u0131 xarici film\u201d m\u00fckafat\u0131na layiq g\u00f6r\u00fcl\u00fcb - MEYDAN.TV<\/title>\n<meta name=\"robots\" content=\"index, follow, max-snippet:-1, max-image-preview:large, max-video-preview:-1\" \/>\n<link rel=\"canonical\" href=\"https:\/\/www.meydan.tv\/az\/article\/azerbaycanli-rejissorun-isi-en-yaxsi-xarici-film-mukafatina-layiq-gorulub\/\" \/>\n<meta property=\"og:locale\" content=\"az_AZ\" \/>\n<meta property=\"og:type\" content=\"article\" \/>\n<meta property=\"og:title\" content=\"Az\u0259rbaycanl\u0131 rejissorun i\u015fi \u201c\u018fn yax\u015f\u0131 xarici film\u201d m\u00fckafat\u0131na layiq g\u00f6r\u00fcl\u00fcb - MEYDAN.TV\" \/>\n<meta property=\"og:description\" content=\"Filmin prod\u00fcserl\u0259ri K\u00f6n\u00fcl K\u0259ng\u0259rli, Klara Brotons Merkadal, Alan Qoldberq v\u0259 Zeke Ramazan Geisdir.\" \/>\n<meta property=\"og:url\" content=\"https:\/\/www.meydan.tv\/az\/article\/azerbaycanli-rejissorun-isi-en-yaxsi-xarici-film-mukafatina-layiq-gorulub\/\" \/>\n<meta property=\"og:site_name\" content=\"MEYDAN.TV\" \/>\n<meta property=\"article:published_time\" content=\"2020-12-22T10:17:20+00:00\" \/>\n<meta property=\"og:image\" content=\"https:\/\/www.meydan.tv\/wp-content\/uploads\/unnamed_szqawi4.jpg\" \/>\n\t<meta property=\"og:image:width\" content=\"1015\" \/>\n\t<meta property=\"og:image:height\" content=\"480\" \/>\n\t<meta property=\"og:image:type\" content=\"image\/jpeg\" \/>\n<meta name=\"twitter:card\" content=\"summary_large_image\" \/>\n<!-- \/ Yoast SEO plugin. -->","yoast_head_json":{"title":"Az\u0259rbaycanl\u0131 rejissorun i\u015fi \u201c\u018fn yax\u015f\u0131 xarici film\u201d m\u00fckafat\u0131na layiq g\u00f6r\u00fcl\u00fcb - MEYDAN.TV","robots":{"index":"index","follow":"follow","max-snippet":"max-snippet:-1","max-image-preview":"max-image-preview:large","max-video-preview":"max-video-preview:-1"},"canonical":"https:\/\/www.meydan.tv\/az\/article\/azerbaycanli-rejissorun-isi-en-yaxsi-xarici-film-mukafatina-layiq-gorulub\/","og_locale":"az_AZ","og_type":"article","og_title":"Az\u0259rbaycanl\u0131 rejissorun i\u015fi \u201c\u018fn yax\u015f\u0131 xarici film\u201d m\u00fckafat\u0131na layiq g\u00f6r\u00fcl\u00fcb - MEYDAN.TV","og_description":"Filmin prod\u00fcserl\u0259ri K\u00f6n\u00fcl K\u0259ng\u0259rli, Klara Brotons Merkadal, Alan Qoldberq v\u0259 Zeke Ramazan Geisdir.","og_url":"https:\/\/www.meydan.tv\/az\/article\/azerbaycanli-rejissorun-isi-en-yaxsi-xarici-film-mukafatina-layiq-gorulub\/","og_site_name":"MEYDAN.TV","article_published_time":"2020-12-22T10:17:20+00:00","og_image":[{"width":1015,"height":480,"url":"https:\/\/www.meydan.tv\/wp-content\/uploads\/unnamed_szqawi4.jpg","type":"image\/jpeg"}],"twitter_card":"summary_large_image","schema":{"@context":"https:\/\/schema.org","@graph":[{"@type":"Article","@id":"https:\/\/www.meydan.tv\/az\/article\/azerbaycanli-rejissorun-isi-en-yaxsi-xarici-film-mukafatina-layiq-gorulub\/#article","isPartOf":{"@id":"https:\/\/www.meydan.tv\/az\/article\/azerbaycanli-rejissorun-isi-en-yaxsi-xarici-film-mukafatina-layiq-gorulub\/"},"author":{"name":"user-manager","@id":"https:\/\/www.meydan.tv\/az\/#\/schema\/person\/10d11eccf6da3662cf5fdab9806ea91a"},"headline":"Az\u0259rbaycanl\u0131 rejissorun i\u015fi \u201c\u018fn yax\u015f\u0131 xarici film\u201d m\u00fckafat\u0131na layiq g\u00f6r\u00fcl\u00fcb","datePublished":"2020-12-22T10:17:20+00:00","mainEntityOfPage":{"@id":"https:\/\/www.meydan.tv\/az\/article\/azerbaycanli-rejissorun-isi-en-yaxsi-xarici-film-mukafatina-layiq-gorulub\/"},"wordCount":166,"publisher":{"@id":"https:\/\/www.meydan.tv\/az\/#organization"},"image":{"@id":"https:\/\/www.meydan.tv\/az\/article\/azerbaycanli-rejissorun-isi-en-yaxsi-xarici-film-mukafatina-layiq-gorulub\/#primaryimage"},"thumbnailUrl":"https:\/\/www.meydan.tv\/wp-content\/uploads\/unnamed_szqawi4.jpg","articleSection":["M\u0259d\u0259niyy\u0259t"],"inLanguage":"az"},{"@type":"WebPage","@id":"https:\/\/www.meydan.tv\/az\/article\/azerbaycanli-rejissorun-isi-en-yaxsi-xarici-film-mukafatina-layiq-gorulub\/","url":"https:\/\/www.meydan.tv\/az\/article\/azerbaycanli-rejissorun-isi-en-yaxsi-xarici-film-mukafatina-layiq-gorulub\/","name":"Az\u0259rbaycanl\u0131 rejissorun i\u015fi \u201c\u018fn yax\u015f\u0131 xarici film\u201d m\u00fckafat\u0131na layiq g\u00f6r\u00fcl\u00fcb - MEYDAN.TV","isPartOf":{"@id":"https:\/\/www.meydan.tv\/az\/#website"},"primaryImageOfPage":{"@id":"https:\/\/www.meydan.tv\/az\/article\/azerbaycanli-rejissorun-isi-en-yaxsi-xarici-film-mukafatina-layiq-gorulub\/#primaryimage"},"image":{"@id":"https:\/\/www.meydan.tv\/az\/article\/azerbaycanli-rejissorun-isi-en-yaxsi-xarici-film-mukafatina-layiq-gorulub\/#primaryimage"},"thumbnailUrl":"https:\/\/www.meydan.tv\/wp-content\/uploads\/unnamed_szqawi4.jpg","datePublished":"2020-12-22T10:17:20+00:00","breadcrumb":{"@id":"https:\/\/www.meydan.tv\/az\/article\/azerbaycanli-rejissorun-isi-en-yaxsi-xarici-film-mukafatina-layiq-gorulub\/#breadcrumb"},"inLanguage":"az","potentialAction":[{"@type":"ReadAction","target":["https:\/\/www.meydan.tv\/az\/article\/azerbaycanli-rejissorun-isi-en-yaxsi-xarici-film-mukafatina-layiq-gorulub\/"]}]},{"@type":"ImageObject","inLanguage":"az","@id":"https:\/\/www.meydan.tv\/az\/article\/azerbaycanli-rejissorun-isi-en-yaxsi-xarici-film-mukafatina-layiq-gorulub\/#primaryimage","url":"https:\/\/www.meydan.tv\/wp-content\/uploads\/unnamed_szqawi4.jpg","contentUrl":"https:\/\/www.meydan.tv\/wp-content\/uploads\/unnamed_szqawi4.jpg","width":1015,"height":480,"caption":"Source: Specify Source"},{"@type":"BreadcrumbList","@id":"https:\/\/www.meydan.tv\/az\/article\/azerbaycanli-rejissorun-isi-en-yaxsi-xarici-film-mukafatina-layiq-gorulub\/#breadcrumb","itemListElement":[{"@type":"ListItem","position":1,"name":"Ana s\u0259hif\u0259","item":"https:\/\/www.meydan.tv\/az\/"},{"@type":"ListItem","position":2,"name":"M\u0259d\u0259niyy\u0259t","item":"https:\/\/www.meydan.tv\/az\/section\/medeniyyet\/"},{"@type":"ListItem","position":3,"name":"Az\u0259rbaycanl\u0131 rejissorun i\u015fi \u201c\u018fn yax\u015f\u0131 xarici film\u201d m\u00fckafat\u0131na layiq g\u00f6r\u00fcl\u00fcb"}]},{"@type":"WebSite","@id":"https:\/\/www.meydan.tv\/az\/#website","url":"https:\/\/www.meydan.tv\/az\/","name":"MEYDAN.TV","description":"Meydan TV Az\u0259rbaycan\u0131n media m\u0259kan\u0131ndak\u0131 alternativ s\u0259sidir","publisher":{"@id":"https:\/\/www.meydan.tv\/az\/#organization"},"potentialAction":[{"@type":"SearchAction","target":{"@type":"EntryPoint","urlTemplate":"https:\/\/www.meydan.tv\/az\/?s={search_term_string}"},"query-input":{"@type":"PropertyValueSpecification","valueRequired":true,"valueName":"search_term_string"}}],"inLanguage":"az"},{"@type":"Organization","@id":"https:\/\/www.meydan.tv\/az\/#organization","name":"Meydan TV","url":"https:\/\/www.meydan.tv\/az\/","logo":{"@type":"ImageObject","inLanguage":"az","@id":"https:\/\/www.meydan.tv\/az\/#\/schema\/logo\/image\/","url":"https:\/\/www.meydan.tv\/wp-content\/uploads\/2021\/07\/meydan-logo.svg","contentUrl":"https:\/\/www.meydan.tv\/wp-content\/uploads\/2021\/07\/meydan-logo.svg","width":195,"height":46,"caption":"Meydan TV"},"image":{"@id":"https:\/\/www.meydan.tv\/az\/#\/schema\/logo\/image\/"}},{"@type":"Person","@id":"https:\/\/www.meydan.tv\/az\/#\/schema\/person\/10d11eccf6da3662cf5fdab9806ea91a","name":"user-manager"}]}},"_links":{"self":[{"href":"https:\/\/www.meydan.tv\/az\/wp-json\/wp\/v2\/posts\/204185","targetHints":{"allow":["GET"]}}],"collection":[{"href":"https:\/\/www.meydan.tv\/az\/wp-json\/wp\/v2\/posts"}],"about":[{"href":"https:\/\/www.meydan.tv\/az\/wp-json\/wp\/v2\/types\/post"}],"author":[{"embeddable":true,"href":"https:\/\/www.meydan.tv\/az\/wp-json\/wp\/v2\/users\/11"}],"replies":[{"embeddable":true,"href":"https:\/\/www.meydan.tv\/az\/wp-json\/wp\/v2\/comments?post=204185"}],"version-history":[{"count":0,"href":"https:\/\/www.meydan.tv\/az\/wp-json\/wp\/v2\/posts\/204185\/revisions"}],"wp:featuredmedia":[{"embeddable":true,"href":"https:\/\/www.meydan.tv\/az\/wp-json\/wp\/v2\/media\/153660"}],"wp:attachment":[{"href":"https:\/\/www.meydan.tv\/az\/wp-json\/wp\/v2\/media?parent=204185"}],"wp:term":[{"taxonomy":"category","embeddable":true,"href":"https:\/\/www.meydan.tv\/az\/wp-json\/wp\/v2\/categories?post=204185"},{"taxonomy":"post_tag","embeddable":true,"href":"https:\/\/www.meydan.tv\/az\/wp-json\/wp\/v2\/tags?post=204185"}],"curies":[{"name":"wp","href":"https:\/\/api.w.org\/{rel}","templated":true}]}}