{"id":204161,"date":"2020-12-21T10:38:34","date_gmt":"2020-12-21T10:38:34","guid":{"rendered":"https:\/\/www.meydan.tv\/article\/sabirabad-sakini-sahil-babayevin-iscileri-bizi-aldadib\/"},"modified":"2020-12-21T10:38:34","modified_gmt":"2020-12-21T10:38:34","slug":"sabirabad-sakini-sahil-babayevin-iscileri-bizi-aldadib","status":"publish","type":"post","link":"https:\/\/www.meydan.tv\/az\/article\/sabirabad-sakini-sahil-babayevin-iscileri-bizi-aldadib\/","title":{"rendered":"Sabirabad sakini: Sahil Babayevin i\u015f\u00e7il\u0259ri bizi aldad\u0131b"},"content":{"rendered":"<p>\n  <i><br \/>\n    \u201cBiz\u0259 veril\u0259nl\u0259rin ham\u0131s\u0131 x\u0259st\u0259, ya\u015fl\u0131 heyvanlard\u0131r\u201d<br \/>\n  <\/i>\n<\/p>\n<p>\n  O g\u00fcn oturub nazirimiz Sahil Babayev\u0259 m\u0259ktub yazd\u0131m. M\u0259n\u0259 verdiyiniz heyvan\u0131n birinin g\u00f6z\u00fc kor, dig\u0259rinin di\u015fi yoxdur dedim. Xahi\u015f etdim ki, birin\u0259 protez di\u015f, dig\u0259rin\u0259 eyn\u0259k g\u00f6nd\u0259rsin. G\u00f6zl\u0259yir\u0259m, h\u0259l\u0259 cavab g\u0259lm\u0259yib\u201d.\n<\/p>\n<p>\n  Sabirabad\u0131n Ulacal\u0131 k\u0259ndinin sakini \u015e\u00f6hr\u0259t Abbasov bel\u0259 deyir. O, 2017-ci ild\u0259n azt\u0259minatl\u0131 ail\u0259 kimi \u018fm\u0259k v\u0259 \u018fhalinin Sosial M\u00fcdafi\u0259si Nazirliyinin \u00d6z\u00fcn\u00fcm\u0259\u015f\u011fulluq proqram\u0131na m\u00fcraci\u0259t edib. Deyir, 2 il ke\u00e7ib, s\u0259s \u00e7\u0131xmay\u0131b. Sonra 2019-cu ild\u0259 t\u0259krar m\u00fcraci\u0259t edib:\n<\/p>\n<p>\n  \u201c\u00c7ox get-g\u0259ld\u0259n, yalvar-yaxardan sonra m\u0259ni proqrama sald\u0131lar. \u018fvv\u0259lc\u0259 d\u0259rsl\u0259r\u0259 qat\u0131ld\u0131m, sonra biznes plan\u0131 yazd\u0131m. Dedil\u0259r, \u201csiz\u0259 G\u00fcrc\u00fcstandan g\u0259tirtdiyimiz h\u0259l\u0259b sortu ke\u00e7il\u0259r ver\u0259c\u0259yik\u201d. Raz\u0131la\u015fd\u0131m. D\u00fc\u015f\u00fcnd\u00fcm ki, ke\u00e7i qoyundan yax\u015f\u0131d\u0131r. Qoyun 6, ke\u00e7i 5 aya bala verir. \u00dcst\u0259lik, qaba\u011f\u0131na n\u0259 qoyursan yeyir. Bir s\u00f6zl\u0259, s\u0259rf\u0259li heyvand\u0131r\u201d.\n<\/p>\n<p>\n  <b><br \/>\n    \u201cEvd\u0259 dedim, arvad, n\u0259hay\u0259t, bizim d\u0259 b\u0259xtimiz g\u0259tirdi\u201d<br \/>\n  <\/b>\n<\/p>\n<p>\n  \u015e\u00f6hr\u0259t Abbasov deyir ki, ke\u00e7il\u0259ri onlara verm\u0259d\u0259n \u00f6nc\u0259 xeyli t\u0259rifl\u0259yibl\u0259r. Deyibl\u0259r, \u201cham\u0131ya yox, h\u0259r rayondan 15 n\u0259f\u0259r v\u0259t\u0259nda\u015fa veril\u0259c\u0259k\u201d. Bu, onu daha da sevindirib:\n<\/p>\n<p>\n  \u201c\u00d6z\u00fcm\u00fc se\u00e7ilmi\u015f insan kimi hiss etm\u0259y\u0259 ba\u015flam\u0131\u015fd\u0131m. Sevinirdim, h\u0259tta evd\u0259 dedim, arvad, bizim d\u0259 b\u0259xtimiz n\u0259hay\u0259t ki, g\u0259tirdi. B\u00fct\u00fcn g\u00fcn\u00fc ke\u00e7id\u0259n dan\u0131\u015f\u0131rd\u0131q. \u018fkiz balalay\u0131r, s\u00fcd verir, yax\u015f\u0131 \u0259ti olur v\u0259 s. N\u0259hay\u0259t, o g\u00fcn g\u0259lib \u00e7atd\u0131. Dedil\u0259r, \u201cke\u00e7il\u0259ri g\u0259tirmi\u015fik, g\u0259lin g\u00f6t\u00fcr\u00fcn\u201d. 2019-cu ilin sonu idi, ma\u015f\u0131n tutub getdim. M\u0259n\u0259 22 ke\u00e7i verdil\u0259r. 2 erk\u0259k 20 di\u015fi olmaqla \u2013 22 ke\u00e7i. B\u0259rk-b\u0259rk d\u0259 tap\u015f\u0131rd\u0131lar ki, \u00f6z\u00fcn\u00fc sata bilm\u0259zs\u0259n, ancaq balas\u0131n\u0131, s\u00fcd\u00fcn\u00fc, pendirini sat\u0131b, dolan\u0131n. Dedim, n\u0259 dan\u0131\u015f\u0131rs\u0131z, he\u00e7 sataramm\u0131, bunlar q\u0131z\u0131l kimi heyvanlard\u0131r. Y\u0131\u011f\u0131b g\u0259tirdim ev\u0259\u201d.\n<\/p>\n<figure class=\"wp-block-image size-large\">\n  <img decoding=\"async\" src=\"https:\/\/www.meydan.tv\/az\/img_5862-jpg\/\" alt=\"img_5862.jpg\" class=\"wp-image-153528\"\/><figcaption>\n    &#8220;M\u0259n\u0259 22 ke\u00e7i verdil\u0259r. 2 erk\u0259k 20 di\u015fi olmaqla \u2013 22 ke\u00e7i&#8221;<br \/>\n  <\/figcaption><\/figure>\n<p>\n  <b><br \/>\n    \u201cH\u0259l\u0259lik, ancaq m\u0259n x\u0259rcl\u0259mi\u015f\u0259m, onlardan bir xeyir g\u0259lm\u0259yib\u201d<br \/>\n  <\/b>\n<\/p>\n<p>\n  \u015e\u00f6hr\u0259t Abbasov deyir ki, heyvanlar\u0131 ev\u0259 g\u0259tirdiyinin s\u0259h\u0259ri g\u00fcn\u00fc biri \u00f6l\u00fcb, dig\u0259rl\u0259rinin is\u0259 x\u0259st\u0259 oldu\u011funu anlay\u0131b:\n<\/p>\n<p>\n  \u201c\u00d6sk\u00fcr\u00fcr, n\u0259f\u0259sl\u0259rind\u0259n pis qoxu g\u0259lirdi. El\u0259 bir aya ne\u00e7\u0259si \u00f6ld\u00fc. \u0130\u00e7l\u0259rind\u0259 kor, di\u015fsiz, q\u0131s\u0131r, b\u00f6yr\u0259yi, ciy\u0259ri x\u0259st\u0259 heyvanlar var. Budur 1 il\u0259 yax\u0131nd\u0131r bizd\u0259dil\u0259r. C\u0259mi 1 heyvan 2 d\u0259f\u0259 bala verib. Qalan 6-s\u0131 bir d\u0259f\u0259, yerd\u0259 qalanlar\u0131n is\u0259 balas\u0131 olmay\u0131b. M\u0259n\u0259 bel\u0259 dem\u0259mi\u015fdil\u0259r. Demi\u015fdil\u0259r ki, artacaq, balalar\u0131n\u0131 sat\u0131b dolanacaqsan. M\u0259nd\u0259 is\u0259 f\u0259rqli oldu. Ya heyvanlar \u00f6l\u00fcr, basd\u0131r\u0131ram, ya da x\u0259st\u0259 d\u00fc\u015f\u00fcr, pul verib, d\u0259rman al\u0131ram. H\u0259l\u0259lik, ancaq m\u0259n x\u0259rcl\u0259mi\u015f\u0259m, onlardan xeyir g\u0259lm\u0259yib\u201d.\n<\/p>\n<p>\n  <b><br \/>\n    \u201cKe\u00e7il\u0259rin bazar qiym\u0259ti 50-60 manatd\u0131r\u201d<br \/>\n  <\/b>\n<\/p>\n<p>\n  \u015e\u00f6hr\u0259t Abbasov deyir ki, ke\u00e7il\u0259rin bazar qiym\u0259ti 50-60 manat aras\u0131 d\u0259yi\u015fir. Bir normal hindu\u015fka qiym\u0259tidir:\n<\/p>\n<figure class=\"wp-block-image size-large\">\n  <img decoding=\"async\" src=\"https:\/\/www.meydan.tv\/az\/img_5867-jpg\/\" alt=\"img_5867.jpg\" class=\"wp-image-153525\"\/><figcaption>\n    C\u0259mi 1 heyvan 2 d\u0259f\u0259 bala verib<br \/>\n  <\/figcaption><\/figure>\n<p>\n  \u201cOndan art\u0131\u011f\u0131na getmir. \u018fvv\u0259la dedikl\u0259ri kimi G\u00fcrc\u00fcstandang\u0259lm\u0259 h\u0259l\u0259b sortu deyil. \u0130kincisi d\u0259, ham\u0131s\u0131 x\u0259st\u0259 v\u0259 ya\u015fl\u0131 heyvanlard\u0131r. Kimdir onlar\u0131 alan, bunlara pul x\u0259rcl\u0259y\u0259n? Kolbasa, sosiska sexinin i\u015fin\u0259 yarayar, bir d\u0259 fermalardak\u0131 itl\u0259r\u0259 yem ola bil\u0259rl\u0259r. Ba\u015fqa bir i\u015f\u0259 yaram\u0131rlar\u201d.\n<\/p>\n<p>\n  <b><br \/>\n    \u201c\u0130ndi bizi o itl\u0259rin qar\u011f\u0131\u015f\u0131ndan kim qurtars\u0131n?\u201d<br \/>\n  <\/b>\n<\/p>\n<p>\n  \u015e\u00f6hr\u0259t Abbasov deyir ki, heyvanlar\u0131n g\u0259lir g\u0259tirm\u0259m\u0259yi bir yana, \u00e7\u0259kdiyi \u0259ziyy\u0259tin\u0259 d\u0259 bir t\u0259r\u0259fd\u0259n yan\u0131r. T\u0259liml\u0259r, imtahan, biznes plan qurmaq, bunlar\u0131n ham\u0131s\u0131na \u0259m\u0259k s\u0259rf edib:\n<\/p>\n<p>\n  \u201cBununla da bitmir. Budur 1 ildir m\u0259n h\u0259r s\u0259h\u0259r saat 6-7 aras\u0131 heyvanlar\u0131 otarma\u011fa apar\u0131ram, 12-d\u0259 g\u0259tirir\u0259m. H\u0259r g\u00fcn 5-6 saat \u00f6r\u00fc\u015fd\u0259 oluram. H\u0259l\u0259 yemin\u0259, d\u0259rman\u0131na da n\u0259 q\u0259d\u0259r x\u0259rc \u00e7\u0259kmi\u015f\u0259m\u201d.\n<\/p>\n<p>\n  \u015e\u00f6hr\u0259t Abbasov \u0259n \u00e7ox \u018fm\u0259k v\u0259 \u0259halinin sosial m\u00fcdafi\u0259si naziri Sahil Babayevd\u0259n naraz\u0131d\u0131r. Deyir, onun r\u0259hb\u0259rlik etdiyi nazirliyin layih\u0259si vasit\u0259sil\u0259 insanlar\u0131 aldad\u0131blar:\n<\/p>\n<p>\n  \u201cBa\u015f\u0131m\u0131za oyun a\u00e7\u0131rlar. H\u0259m \u00e7oban itl\u0259rini, h\u0259m d\u0259 bizi ac qoyublar. Bu heyvanlar itl\u0259rin pay\u0131 idi, g\u0259tirib biz\u0259 veribl\u0259r. Bizim d\u0259 i\u015fimiz\u0259 yaram\u0131r. N\u0259tic\u0259d\u0259, h\u0259r iki t\u0259r\u0259f ac qal\u0131b. \u0130ndi bizi o itl\u0259rin qar\u011f\u0131\u015f\u0131ndan kim qurtars\u0131n?\u201d\n<\/p>\n<figure class=\"wp-block-image size-large\">\n  <img decoding=\"async\" src=\"https:\/\/www.meydan.tv\/az\/img_5866-jpg\/\" alt=\"img_5866.jpg\" class=\"wp-image-153522\"\/><figcaption>\n    &#8220;Ya heyvanlar \u00f6l\u00fcr, basd\u0131r\u0131ram, ya da x\u0259st\u0259 d\u00fc\u015f\u00fcr, pul verib, d\u0259rman al\u0131ram&#8221;<br \/>\n  <\/figcaption><\/figure>\n<p>\n  <b><br \/>\n    \u201cPrezidentin n\u00fcmay\u0259nd\u0259si dedi ki, b\u0259li, heyvanlar d\u0259y\u0259rind\u0259n \u00e7ox a\u015fa\u011f\u0131dad\u0131r, \u00e7oxu yarars\u0131zd\u0131r\u201d<br \/>\n  <\/b>\n<\/p>\n<p>\n  \u015e\u00f6hr\u0259t Abbasov deyir ki, ba\u015f\u0131na g\u0259l\u0259nl\u0259rl\u0259 ba\u011fl\u0131 aidiyyat\u0131 qurumlara m\u0259ktublar yaz\u0131b. Deyir, avqustun 11-d\u0259 Prezident \u0130lham \u018fliyevin s\u0259lahiyy\u0259tli n\u00fcmay\u0259nd\u0259si g\u0259lib:\n<\/p>\n<p>\n  \u201cDedi, D\u00f6vl\u0259t N\u0259zar\u0259ti Xidm\u0259tind\u0259n, Administrasiyadan g\u0259lmi\u015f\u0259m. Sevindim, dedim, v\u0259ss\u0259lam, problemimiz h\u0259ll olunacaq. D\u00fczd\u00fcr, ondan \u0259vv\u0259l \u018fm\u0259k v\u0259 \u018fhalinin Sosial M\u00fcdafi\u0259si Nazirliyind\u0259n v\u0259 K\u0259nd T\u0259s\u0259rr\u00fcfat\u0131 Nazirliyind\u0259n g\u0259lmi\u015fdil\u0259r. Amma bu d\u0259f\u0259 g\u0259l\u0259n Prezidentin ad\u0131ndan g\u0259ldiyini deyirdi. Dem\u0259li, \u00fcmid vard\u0131. Baxd\u0131, dedi ki, b\u0259li, heyvanlar d\u0259y\u0259rind\u0259n \u00e7ox a\u015fa\u011f\u0131dad\u0131r, \u00e7oxu yarars\u0131zd\u0131r. Sonra da bildirdi ki, t\u0259dbir g\u00f6r\u00fcl\u0259c\u0259k v\u0259 \u00e7\u0131x\u0131b getdi. Bu g\u00fcn\u0259d\u0259k ondan da bir x\u0259b\u0259r \u00e7\u0131xmay\u0131b. Art\u0131q kims\u0259y\u0259 inanm\u0131ram\u201d.\n<\/p>\n<p>\n  <b><br \/>\n    \u201cM\u0259ktub yazmaqdan da, \u015fikay\u0259t etm\u0259kd\u0259n d\u0259 bezmi\u015f\u0259m\u201d<br \/>\n  <\/b>\n<\/p>\n<p>\n  \u015e\u00f6hr\u0259t Abbasov art\u0131q m\u0259ktub yazmaqdan da bezib. Deyir, Prezident \u0130lham \u018fliyev\u0259 m\u0259ktub g\u00f6nd\u0259rib, ona elektron m\u00fcraci\u0259t edib, n\u00fcmay\u0259nd\u0259sin\u0259 bildirib. Daha n\u0259 etsin, bilmir:\n<\/p>\n<p>\n  \u201cYazmad\u0131\u011f\u0131m qurum qalmay\u0131b. Heyvanlar\u0131 g\u0259lib yoxlam\u0131rlar. Az qald\u0131m evi d\u0259 sat\u0131b kontura ver\u0259m. Y\u0259ni ham\u0131s\u0131 ba\u015f\u0131m\u0131za oyun a\u00e7d\u0131qlar\u0131ndan m\u0259lumatl\u0131d\u0131rlar. Amma t\u0259dbir g\u00f6rm\u00fcrl\u0259r. Onsuz da t\u0259dbir g\u00f6r\u0259n adam bizi bu hala salmazd\u0131 ki&#8230;\u201d, &#8211; \u015e\u00f6hr\u0259t Abbasov deyir.\n<\/p>\n<figure class=\"wp-block-image size-large\">\n  <img decoding=\"async\" src=\"https:\/\/www.meydan.tv\/az\/img_5861-jpg\/\" alt=\"img_5861.jpg\" class=\"wp-image-153540\"\/><figcaption>\n    Deyir, Prezident \u0130lham \u018fliyev\u0259 m\u0259ktub g\u00f6nd\u0259rib, ona elektron m\u00fcraci\u0259t edib, n\u00fcmay\u0259nd\u0259sin\u0259 bildirib.<br \/>\n  <\/figcaption><\/figure>\n<p>\n  <b><br \/>\n    \u201c\u0130ndiy\u0259 q\u0259d\u0259r niy\u0259 demirdil\u0259r?\u201d<br \/>\n  <\/b>\n<\/p>\n<p>\n  Sabirabad Rayon M\u0259\u015f\u011fulluq Xidm\u0259tinin \u0259m\u0259kda\u015f\u0131 Hac\u0131\u0259li \u0130smay\u0131lov v\u0259t\u0259nda\u015flar\u0131n do\u011fru dem\u0259diyini bildirir. Deyir, \u0259g\u0259r heyvan x\u0259st\u0259dirs\u0259, onlara m\u00fcraci\u0259t etsinl\u0259r, jurnalist\u0259 yox:\n<\/p>\n<p>\n  \u201c\u0130kincisi, veril\u0259nd\u0259 d\u0259 deyilmi\u015fdi ki, problem olarsa, m\u00fcraci\u0259t edin. \u0130ndiy\u0259 q\u0259d\u0259r niy\u0259 demirdil\u0259r? Yen\u0259 d\u0259 v\u0259t\u0259nda\u015fla \u0259laq\u0259 saxlay\u0131b, probleminin n\u0259 oldu\u011funu soru\u015far\u0131q. Ancaq bu g\u00fcn heyvanda hans\u0131sa problem varsa, dem\u0259li, yax\u015f\u0131 baxmay\u0131blar. Az qala bir il ke\u00e7ib. Biz ona n\u0259 ed\u0259k?\u201d\n<\/p>\n<p>\n  <b><br \/>\n    \u201cAil\u0259l\u0259r\u0259 yarars\u0131z heyvan ver\u0259n m\u0259murlar c\u0259zaland\u0131r\u0131l\u0131b\u201d<br \/>\n  <\/b>\n<\/p>\n<p>\n  \u00d6t\u0259n il fevral\u0131n 14-d\u0259 \u018fm\u0259k v\u0259 \u0259halinin sosial m\u00fcdafi\u0259si naziri Sahil Babayev ke\u00e7irdiyi m\u0259tbuat konfrans\u0131nda m\u0259\u015f\u011fulluq proqram\u0131nda manipulyasiya il\u0259 m\u0259\u015f\u011ful olmaq ist\u0259y\u0259nl\u0259rin oldu\u011funu t\u0259sdiql\u0259yib. O, d\u0259yi\u015fdiril\u0259n heyvanlar\u0131n say\u0131n\u0131n 170-\u0259 yax\u0131n oldu\u011funu deyi\n<\/p>\n<figure class=\"wp-block-image size-large\">\n  <img decoding=\"async\" src=\"https:\/\/www.meydan.tv\/az\/img_5868-jpg\/\" alt=\"img_5868.jpg\" class=\"wp-image-153543\"\/><figcaption>\n    \u015e\u00f6hr\u0259t Abbasov deyir ki, ke\u00e7il\u0259rin bazar qiym\u0259ti 50-60 manat aras\u0131 d\u0259yi\u015fir.<br \/>\n  <\/figcaption><\/figure>\n<p>\n  \u201cAil\u0259l\u0259r\u0259 yarars\u0131z heyvan ver\u0259n m\u0259\u015f\u011fulluq m\u0259rk\u0259zl\u0259rinin n\u00fcmay\u0259nd\u0259l\u0259rin\u0259 inzibati t\u0259nbeh verilib. Ara\u015fd\u0131rma zaman\u0131 proqrama yaz\u0131lan b\u0259zi \u015f\u0259xsl\u0259rin azt\u0259minatl\u0131 yox, imkanl\u0131 oldu\u011fu m\u0259lum olub. M\u0259\u015f\u011fulluq proqram\u0131na uy\u011fun olmayan 800 \u015f\u0259xs siyah\u0131dan \u00e7\u0131xar\u0131l\u0131b. Onlar\u0131n \u00e7oxu m\u0259tbuata m\u00fcxt\u0259lif iddialarla \u00e7\u0131x\u0131b\u201d.\n<\/p>\n<p>\n  <b><br \/>\n    \u201cSahil Babayevin \u0259m\u0259kda\u015flar\u0131 bizi m\u0259hv edib\u201d<br \/>\n  <\/b>\n<\/p>\n<p>\n  \u015e\u00f6hr\u0259t Abbasov da deyir ki, yalan deyil, bu layih\u0259nin hans\u0131 formada h\u0259yata ke\u00e7irildiyi nazir\u0259 d\u0259 b\u0259llidir:\n<\/p>\n<p>\n  \u201cBu layih\u0259y\u0259 milyonlarla manat v\u0259sait ayr\u0131l\u0131b. Bu pullar\u0131 n\u0259 edibl\u0259r? \u0130nsanlara d\u0259y\u0259rind\u0259n a\u015fa\u011f\u0131 heyvan verirl\u0259r. Hans\u0131 ki, zayd\u0131r, yarars\u0131zd\u0131r, ham\u0131s\u0131n\u0131n problemi var. \u0130ndi biz n\u0259 ed\u0259k? Sahil Babayevin i\u015f\u00e7il\u0259ri bizi aldad\u0131b. Bundan \u00f6z\u00fcn\u00fcn d\u0259 x\u0259b\u0259ri var\u201d.\n<\/p>\n<figure class=\"wp-block-image size-large\">\n  <img decoding=\"async\" src=\"https:\/\/www.meydan.tv\/az\/img_5863-jpg\/\" alt=\"img_5863.jpg\" class=\"wp-image-153549\"\/><figcaption>\n    &#8220;Heyvanlar\u0131 ev\u0259 g\u0259tirdiyinin s\u0259h\u0259ri g\u00fcn\u00fc biri \u00f6l\u00fcb, dig\u0259rl\u0259rinin is\u0259 x\u0259st\u0259 oldu\u011funu anlay\u0131b&#8221;<br \/>\n  <\/figcaption><\/figure>\n<p>\n  <b><br \/>\n    \u201c\u018fziyy\u0259t \u00e7\u0259kirik, qar\u015f\u0131l\u0131\u011f\u0131n\u0131 g\u00f6rm\u00fcr\u00fck\u201d<br \/>\n  <\/b>\n<\/p>\n<p>\n  \u015eikay\u0259t\u00e7i deyir ki, onlara veril\u0259n heyvan\u0131n \u00fcmumi d\u0259y\u0259ri 5 min manat olmal\u0131 imi\u015f. Ancaq heyvanlar\u0131n he\u00e7 1000 manat d\u0259y\u0259ri yoxdur:\n<\/p>\n<p>\n  \u201cKa\u015f insaflar\u0131 olard\u0131. H\u0259min 5 minin yar\u0131s\u0131 m\u00fcqabilind\u0259 heyvan ver\u0259rdil\u0259r. \u0130ndi h\u0259y\u0259td\u0259 20-30 bala olard\u0131. Dem\u0259yim odur ki, insaf yax\u015f\u0131 \u015feydir. \u0130ndiki halda is\u0259 biz \u0259ziyy\u0259t \u00e7\u0259kirik, qar\u015f\u0131l\u0131\u011f\u0131n\u0131 g\u00f6rm\u00fcr\u00fck\u201d.<\/p>\n","protected":false},"excerpt":{"rendered":"<p>\u201c\u0130ndiki halda is\u0259 biz \u0259ziyy\u0259t \u00e7\u0259kirik, qar\u015f\u0131l\u0131\u011f\u0131n\u0131 g\u00f6rm\u00fcr\u00fck\u201d.<\/p>\n","protected":false},"author":11,"featured_media":153534,"comment_status":"closed","ping_status":"open","sticky":false,"template":"","format":"standard","meta":{"_acf_changed":false,"_sitemap_exclude":false,"_sitemap_priority":"","_sitemap_frequency":"","footnotes":""},"categories":[60],"tags":[],"class_list":["post-204161","post","type-post","status-publish","format-standard","has-post-thumbnail","hentry","category-bolge","infinite-scroll-item","generate-columns","tablet-grid-50","mobile-grid-100","grid-parent","grid-33","no-featured-image-padding"],"acf":[],"yoast_head":"<!-- This site is optimized with the Yoast SEO plugin v27.5 - https:\/\/yoast.com\/product\/yoast-seo-wordpress\/ -->\n<title>Sabirabad sakini: Sahil Babayevin i\u015f\u00e7il\u0259ri bizi aldad\u0131b - MEYDAN.TV<\/title>\n<meta name=\"robots\" content=\"index, follow, max-snippet:-1, max-image-preview:large, max-video-preview:-1\" \/>\n<link rel=\"canonical\" href=\"https:\/\/www.meydan.tv\/az\/article\/sabirabad-sakini-sahil-babayevin-iscileri-bizi-aldadib\/\" \/>\n<meta property=\"og:locale\" content=\"az_AZ\" \/>\n<meta property=\"og:type\" content=\"article\" \/>\n<meta property=\"og:title\" content=\"Sabirabad sakini: Sahil Babayevin i\u015f\u00e7il\u0259ri bizi aldad\u0131b - MEYDAN.TV\" \/>\n<meta property=\"og:description\" content=\"\u201c\u0130ndiki halda is\u0259 biz \u0259ziyy\u0259t \u00e7\u0259kirik, qar\u015f\u0131l\u0131\u011f\u0131n\u0131 g\u00f6rm\u00fcr\u00fck\u201d.\" \/>\n<meta property=\"og:url\" content=\"https:\/\/www.meydan.tv\/az\/article\/sabirabad-sakini-sahil-babayevin-iscileri-bizi-aldadib\/\" \/>\n<meta property=\"og:site_name\" content=\"MEYDAN.TV\" \/>\n<meta property=\"article:published_time\" content=\"2020-12-21T10:38:34+00:00\" \/>\n<meta property=\"og:image\" content=\"https:\/\/www.meydan.tv\/wp-content\/uploads\/img_5864-scaled.jpg\" \/>\n\t<meta property=\"og:image:width\" content=\"2560\" \/>\n\t<meta property=\"og:image:height\" content=\"1920\" \/>\n\t<meta property=\"og:image:type\" content=\"image\/jpeg\" \/>\n<meta name=\"author\" content=\"user-manager\" \/>\n<meta name=\"twitter:card\" content=\"summary_large_image\" \/>\n<script type=\"application\/ld+json\" class=\"yoast-schema-graph\">{\"@context\":\"https:\\\/\\\/schema.org\",\"@graph\":[{\"@type\":\"Article\",\"@id\":\"https:\\\/\\\/www.meydan.tv\\\/az\\\/article\\\/sabirabad-sakini-sahil-babayevin-iscileri-bizi-aldadib\\\/#article\",\"isPartOf\":{\"@id\":\"https:\\\/\\\/www.meydan.tv\\\/az\\\/article\\\/sabirabad-sakini-sahil-babayevin-iscileri-bizi-aldadib\\\/\"},\"author\":{\"name\":\"user-manager\",\"@id\":\"https:\\\/\\\/www.meydan.tv\\\/az\\\/#\\\/schema\\\/person\\\/10d11eccf6da3662cf5fdab9806ea91a\"},\"headline\":\"Sabirabad sakini: Sahil Babayevin i\u015f\u00e7il\u0259ri bizi aldad\u0131b\",\"datePublished\":\"2020-12-21T10:38:34+00:00\",\"mainEntityOfPage\":{\"@id\":\"https:\\\/\\\/www.meydan.tv\\\/az\\\/article\\\/sabirabad-sakini-sahil-babayevin-iscileri-bizi-aldadib\\\/\"},\"wordCount\":1637,\"publisher\":{\"@id\":\"https:\\\/\\\/www.meydan.tv\\\/az\\\/#organization\"},\"image\":{\"@id\":\"https:\\\/\\\/www.meydan.tv\\\/az\\\/article\\\/sabirabad-sakini-sahil-babayevin-iscileri-bizi-aldadib\\\/#primaryimage\"},\"thumbnailUrl\":\"https:\\\/\\\/www.meydan.tv\\\/wp-content\\\/uploads\\\/img_5864-scaled.jpg\",\"articleSection\":[\"B\u00f6lg\u0259\"],\"inLanguage\":\"az\"},{\"@type\":\"WebPage\",\"@id\":\"https:\\\/\\\/www.meydan.tv\\\/az\\\/article\\\/sabirabad-sakini-sahil-babayevin-iscileri-bizi-aldadib\\\/\",\"url\":\"https:\\\/\\\/www.meydan.tv\\\/az\\\/article\\\/sabirabad-sakini-sahil-babayevin-iscileri-bizi-aldadib\\\/\",\"name\":\"Sabirabad sakini: Sahil Babayevin i\u015f\u00e7il\u0259ri bizi aldad\u0131b - MEYDAN.TV\",\"isPartOf\":{\"@id\":\"https:\\\/\\\/www.meydan.tv\\\/az\\\/#website\"},\"primaryImageOfPage\":{\"@id\":\"https:\\\/\\\/www.meydan.tv\\\/az\\\/article\\\/sabirabad-sakini-sahil-babayevin-iscileri-bizi-aldadib\\\/#primaryimage\"},\"image\":{\"@id\":\"https:\\\/\\\/www.meydan.tv\\\/az\\\/article\\\/sabirabad-sakini-sahil-babayevin-iscileri-bizi-aldadib\\\/#primaryimage\"},\"thumbnailUrl\":\"https:\\\/\\\/www.meydan.tv\\\/wp-content\\\/uploads\\\/img_5864-scaled.jpg\",\"datePublished\":\"2020-12-21T10:38:34+00:00\",\"breadcrumb\":{\"@id\":\"https:\\\/\\\/www.meydan.tv\\\/az\\\/article\\\/sabirabad-sakini-sahil-babayevin-iscileri-bizi-aldadib\\\/#breadcrumb\"},\"inLanguage\":\"az\",\"potentialAction\":[{\"@type\":\"ReadAction\",\"target\":[\"https:\\\/\\\/www.meydan.tv\\\/az\\\/article\\\/sabirabad-sakini-sahil-babayevin-iscileri-bizi-aldadib\\\/\"]}]},{\"@type\":\"ImageObject\",\"inLanguage\":\"az\",\"@id\":\"https:\\\/\\\/www.meydan.tv\\\/az\\\/article\\\/sabirabad-sakini-sahil-babayevin-iscileri-bizi-aldadib\\\/#primaryimage\",\"url\":\"https:\\\/\\\/www.meydan.tv\\\/wp-content\\\/uploads\\\/img_5864-scaled.jpg\",\"contentUrl\":\"https:\\\/\\\/www.meydan.tv\\\/wp-content\\\/uploads\\\/img_5864-scaled.jpg\",\"width\":2560,\"height\":1920,\"caption\":\"Source: Specify Source\"},{\"@type\":\"BreadcrumbList\",\"@id\":\"https:\\\/\\\/www.meydan.tv\\\/az\\\/article\\\/sabirabad-sakini-sahil-babayevin-iscileri-bizi-aldadib\\\/#breadcrumb\",\"itemListElement\":[{\"@type\":\"ListItem\",\"position\":1,\"name\":\"Ana s\u0259hif\u0259\",\"item\":\"https:\\\/\\\/www.meydan.tv\\\/az\\\/\"},{\"@type\":\"ListItem\",\"position\":2,\"name\":\"B\u00f6lg\u0259\",\"item\":\"https:\\\/\\\/www.meydan.tv\\\/az\\\/section\\\/bolge\\\/\"},{\"@type\":\"ListItem\",\"position\":3,\"name\":\"Sabirabad sakini: Sahil Babayevin i\u015f\u00e7il\u0259ri bizi aldad\u0131b\"}]},{\"@type\":\"WebSite\",\"@id\":\"https:\\\/\\\/www.meydan.tv\\\/az\\\/#website\",\"url\":\"https:\\\/\\\/www.meydan.tv\\\/az\\\/\",\"name\":\"MEYDAN.TV\",\"description\":\"Meydan TV Az\u0259rbaycan\u0131n media m\u0259kan\u0131ndak\u0131 alternativ s\u0259sidir\",\"publisher\":{\"@id\":\"https:\\\/\\\/www.meydan.tv\\\/az\\\/#organization\"},\"potentialAction\":[{\"@type\":\"SearchAction\",\"target\":{\"@type\":\"EntryPoint\",\"urlTemplate\":\"https:\\\/\\\/www.meydan.tv\\\/az\\\/?s={search_term_string}\"},\"query-input\":{\"@type\":\"PropertyValueSpecification\",\"valueRequired\":true,\"valueName\":\"search_term_string\"}}],\"inLanguage\":\"az\"},{\"@type\":\"Organization\",\"@id\":\"https:\\\/\\\/www.meydan.tv\\\/az\\\/#organization\",\"name\":\"Meydan TV\",\"url\":\"https:\\\/\\\/www.meydan.tv\\\/az\\\/\",\"logo\":{\"@type\":\"ImageObject\",\"inLanguage\":\"az\",\"@id\":\"https:\\\/\\\/www.meydan.tv\\\/az\\\/#\\\/schema\\\/logo\\\/image\\\/\",\"url\":\"https:\\\/\\\/www.meydan.tv\\\/wp-content\\\/uploads\\\/2021\\\/07\\\/meydan-logo.svg\",\"contentUrl\":\"https:\\\/\\\/www.meydan.tv\\\/wp-content\\\/uploads\\\/2021\\\/07\\\/meydan-logo.svg\",\"width\":195,\"height\":46,\"caption\":\"Meydan TV\"},\"image\":{\"@id\":\"https:\\\/\\\/www.meydan.tv\\\/az\\\/#\\\/schema\\\/logo\\\/image\\\/\"}},{\"@type\":\"Person\",\"@id\":\"https:\\\/\\\/www.meydan.tv\\\/az\\\/#\\\/schema\\\/person\\\/10d11eccf6da3662cf5fdab9806ea91a\",\"name\":\"user-manager\"}]}<\/script>\n<!-- \/ Yoast SEO plugin. -->","yoast_head_json":{"title":"Sabirabad sakini: Sahil Babayevin i\u015f\u00e7il\u0259ri bizi aldad\u0131b - MEYDAN.TV","robots":{"index":"index","follow":"follow","max-snippet":"max-snippet:-1","max-image-preview":"max-image-preview:large","max-video-preview":"max-video-preview:-1"},"canonical":"https:\/\/www.meydan.tv\/az\/article\/sabirabad-sakini-sahil-babayevin-iscileri-bizi-aldadib\/","og_locale":"az_AZ","og_type":"article","og_title":"Sabirabad sakini: Sahil Babayevin i\u015f\u00e7il\u0259ri bizi aldad\u0131b - MEYDAN.TV","og_description":"\u201c\u0130ndiki halda is\u0259 biz \u0259ziyy\u0259t \u00e7\u0259kirik, qar\u015f\u0131l\u0131\u011f\u0131n\u0131 g\u00f6rm\u00fcr\u00fck\u201d.","og_url":"https:\/\/www.meydan.tv\/az\/article\/sabirabad-sakini-sahil-babayevin-iscileri-bizi-aldadib\/","og_site_name":"MEYDAN.TV","article_published_time":"2020-12-21T10:38:34+00:00","og_image":[{"width":2560,"height":1920,"url":"https:\/\/www.meydan.tv\/wp-content\/uploads\/img_5864-scaled.jpg","type":"image\/jpeg"}],"author":"user-manager","twitter_card":"summary_large_image","schema":{"@context":"https:\/\/schema.org","@graph":[{"@type":"Article","@id":"https:\/\/www.meydan.tv\/az\/article\/sabirabad-sakini-sahil-babayevin-iscileri-bizi-aldadib\/#article","isPartOf":{"@id":"https:\/\/www.meydan.tv\/az\/article\/sabirabad-sakini-sahil-babayevin-iscileri-bizi-aldadib\/"},"author":{"name":"user-manager","@id":"https:\/\/www.meydan.tv\/az\/#\/schema\/person\/10d11eccf6da3662cf5fdab9806ea91a"},"headline":"Sabirabad sakini: Sahil Babayevin i\u015f\u00e7il\u0259ri bizi aldad\u0131b","datePublished":"2020-12-21T10:38:34+00:00","mainEntityOfPage":{"@id":"https:\/\/www.meydan.tv\/az\/article\/sabirabad-sakini-sahil-babayevin-iscileri-bizi-aldadib\/"},"wordCount":1637,"publisher":{"@id":"https:\/\/www.meydan.tv\/az\/#organization"},"image":{"@id":"https:\/\/www.meydan.tv\/az\/article\/sabirabad-sakini-sahil-babayevin-iscileri-bizi-aldadib\/#primaryimage"},"thumbnailUrl":"https:\/\/www.meydan.tv\/wp-content\/uploads\/img_5864-scaled.jpg","articleSection":["B\u00f6lg\u0259"],"inLanguage":"az"},{"@type":"WebPage","@id":"https:\/\/www.meydan.tv\/az\/article\/sabirabad-sakini-sahil-babayevin-iscileri-bizi-aldadib\/","url":"https:\/\/www.meydan.tv\/az\/article\/sabirabad-sakini-sahil-babayevin-iscileri-bizi-aldadib\/","name":"Sabirabad sakini: Sahil Babayevin i\u015f\u00e7il\u0259ri bizi aldad\u0131b - MEYDAN.TV","isPartOf":{"@id":"https:\/\/www.meydan.tv\/az\/#website"},"primaryImageOfPage":{"@id":"https:\/\/www.meydan.tv\/az\/article\/sabirabad-sakini-sahil-babayevin-iscileri-bizi-aldadib\/#primaryimage"},"image":{"@id":"https:\/\/www.meydan.tv\/az\/article\/sabirabad-sakini-sahil-babayevin-iscileri-bizi-aldadib\/#primaryimage"},"thumbnailUrl":"https:\/\/www.meydan.tv\/wp-content\/uploads\/img_5864-scaled.jpg","datePublished":"2020-12-21T10:38:34+00:00","breadcrumb":{"@id":"https:\/\/www.meydan.tv\/az\/article\/sabirabad-sakini-sahil-babayevin-iscileri-bizi-aldadib\/#breadcrumb"},"inLanguage":"az","potentialAction":[{"@type":"ReadAction","target":["https:\/\/www.meydan.tv\/az\/article\/sabirabad-sakini-sahil-babayevin-iscileri-bizi-aldadib\/"]}]},{"@type":"ImageObject","inLanguage":"az","@id":"https:\/\/www.meydan.tv\/az\/article\/sabirabad-sakini-sahil-babayevin-iscileri-bizi-aldadib\/#primaryimage","url":"https:\/\/www.meydan.tv\/wp-content\/uploads\/img_5864-scaled.jpg","contentUrl":"https:\/\/www.meydan.tv\/wp-content\/uploads\/img_5864-scaled.jpg","width":2560,"height":1920,"caption":"Source: Specify Source"},{"@type":"BreadcrumbList","@id":"https:\/\/www.meydan.tv\/az\/article\/sabirabad-sakini-sahil-babayevin-iscileri-bizi-aldadib\/#breadcrumb","itemListElement":[{"@type":"ListItem","position":1,"name":"Ana s\u0259hif\u0259","item":"https:\/\/www.meydan.tv\/az\/"},{"@type":"ListItem","position":2,"name":"B\u00f6lg\u0259","item":"https:\/\/www.meydan.tv\/az\/section\/bolge\/"},{"@type":"ListItem","position":3,"name":"Sabirabad sakini: Sahil Babayevin i\u015f\u00e7il\u0259ri bizi aldad\u0131b"}]},{"@type":"WebSite","@id":"https:\/\/www.meydan.tv\/az\/#website","url":"https:\/\/www.meydan.tv\/az\/","name":"MEYDAN.TV","description":"Meydan TV Az\u0259rbaycan\u0131n media m\u0259kan\u0131ndak\u0131 alternativ s\u0259sidir","publisher":{"@id":"https:\/\/www.meydan.tv\/az\/#organization"},"potentialAction":[{"@type":"SearchAction","target":{"@type":"EntryPoint","urlTemplate":"https:\/\/www.meydan.tv\/az\/?s={search_term_string}"},"query-input":{"@type":"PropertyValueSpecification","valueRequired":true,"valueName":"search_term_string"}}],"inLanguage":"az"},{"@type":"Organization","@id":"https:\/\/www.meydan.tv\/az\/#organization","name":"Meydan TV","url":"https:\/\/www.meydan.tv\/az\/","logo":{"@type":"ImageObject","inLanguage":"az","@id":"https:\/\/www.meydan.tv\/az\/#\/schema\/logo\/image\/","url":"https:\/\/www.meydan.tv\/wp-content\/uploads\/2021\/07\/meydan-logo.svg","contentUrl":"https:\/\/www.meydan.tv\/wp-content\/uploads\/2021\/07\/meydan-logo.svg","width":195,"height":46,"caption":"Meydan TV"},"image":{"@id":"https:\/\/www.meydan.tv\/az\/#\/schema\/logo\/image\/"}},{"@type":"Person","@id":"https:\/\/www.meydan.tv\/az\/#\/schema\/person\/10d11eccf6da3662cf5fdab9806ea91a","name":"user-manager"}]}},"_links":{"self":[{"href":"https:\/\/www.meydan.tv\/az\/wp-json\/wp\/v2\/posts\/204161","targetHints":{"allow":["GET"]}}],"collection":[{"href":"https:\/\/www.meydan.tv\/az\/wp-json\/wp\/v2\/posts"}],"about":[{"href":"https:\/\/www.meydan.tv\/az\/wp-json\/wp\/v2\/types\/post"}],"author":[{"embeddable":true,"href":"https:\/\/www.meydan.tv\/az\/wp-json\/wp\/v2\/users\/11"}],"replies":[{"embeddable":true,"href":"https:\/\/www.meydan.tv\/az\/wp-json\/wp\/v2\/comments?post=204161"}],"version-history":[{"count":0,"href":"https:\/\/www.meydan.tv\/az\/wp-json\/wp\/v2\/posts\/204161\/revisions"}],"wp:featuredmedia":[{"embeddable":true,"href":"https:\/\/www.meydan.tv\/az\/wp-json\/wp\/v2\/media\/153534"}],"wp:attachment":[{"href":"https:\/\/www.meydan.tv\/az\/wp-json\/wp\/v2\/media?parent=204161"}],"wp:term":[{"taxonomy":"category","embeddable":true,"href":"https:\/\/www.meydan.tv\/az\/wp-json\/wp\/v2\/categories?post=204161"},{"taxonomy":"post_tag","embeddable":true,"href":"https:\/\/www.meydan.tv\/az\/wp-json\/wp\/v2\/tags?post=204161"}],"curies":[{"name":"wp","href":"https:\/\/api.w.org\/{rel}","templated":true}]}}