{"id":204123,"date":"2020-12-18T08:48:39","date_gmt":"2020-12-18T08:48:39","guid":{"rendered":"https:\/\/www.meydan.tv\/article\/feride-insan-huquqlari-film-festivalinin-mukafatina-layiq-gorulub\/"},"modified":"2020-12-18T08:48:39","modified_gmt":"2020-12-18T08:48:39","slug":"feride-insan-huquqlari-film-festivalinin-mukafatina-layiq-gorulub","status":"publish","type":"post","link":"https:\/\/www.meydan.tv\/az\/article\/feride-insan-huquqlari-film-festivalinin-mukafatina-layiq-gorulub\/","title":{"rendered":"\u201cF\u0259rid\u0259\u201d \u0130nsan H\u00fcquqlar\u0131 Film Festival\u0131n\u0131n m\u00fckafat\u0131na layiq g\u00f6r\u00fcl\u00fcb"},"content":{"rendered":"<p>\n  Film h\u0259m\u00e7inin Birl\u0259\u015fmi\u015f Mill\u0259tl\u0259r T\u0259\u015fkilat\u0131 Ali Komissarl\u0131\u011f\u0131n\u0131n \u201cX\u00fcsusi m\u00fckafat\u0131\u201dn\u0131 al\u0131b\n<\/p>\n<p>\n  \u201cN\u0259rimanfilm\u201d kinostudiyas\u0131n\u0131n istehasl\u0131 olan \u201cF\u0259rid\u0259\u201d tammetrajl\u0131 b\u0259dii filmi XXVI Beyn\u0259lxalq \u201cStalker\u201d \u0130nsan H\u00fcquqlar\u0131 Film Festival\u0131nda i\u015ftirak ed\u0259r\u0259k iki nominasiya \u00fczr\u0259 m\u00fckafat al\u0131b.\n<\/p>\n<p>\n  Festival\u0131n sayt\u0131nda (\u041b\u0410\u0423\u0420\u0415\u0410\u0422\u042bXXVI \u041c\u0415\u0416\u0414\u0423\u041d\u0410\u0420\u041e\u0414\u041d\u041e\u0413\u041e \u0424\u0415\u0421\u0422\u0418\u0412\u0410\u041b\u042f\u0424\u0418\u041b\u042c\u041c\u041e\u0412 \u041e \u041f\u0420\u0410\u0412\u0410\u0425 \u0427\u0415\u041b\u041e\u0412\u0415\u041a\u0410 \u00ab\u0421\u0422\u0410\u041b\u041a\u0415\u0420\u00bb | \u041c\u0435\u0436\u0434\u0443\u043d\u0430\u0440\u043e\u0434\u043d\u044b\u0439 \u0444\u0435\u0441\u0442\u0438\u0432\u0430\u043b\u044c \u0444\u0438\u043b\u044c\u043c\u043e\u0432 \u043e \u043f\u0440\u0430\u0432\u0430\u0445\u0447\u0435\u043b\u043e\u0432\u0435\u043a\u0430 \u00ab<br \/>\n  <a href=\"http:\/\/stalkerfest.org\"><br \/>\n    \u0421\u0442\u0430\u043b\u043a\u0435\u0440<br \/>\n  <\/a><br \/>\n  \u00bb ) qeyd oluub ki, filmin ssenari m\u00fc\u0259llifi v\u0259 rejissoru Kseniya Laqutina m\u00fcnsif \u00fczvl\u0259rinin deb\u00fct \u201cStalker\u201d m\u00fckafat\u0131na layiq g\u00f6r\u00fcl\u00fcb. Film h\u0259m\u00e7inin Birl\u0259\u015fmi\u015f Mill\u0259tl\u0259r T\u0259\u015fkilat\u0131 Ali Komissarl\u0131\u011f\u0131n\u0131n \u201cX\u00fcsusi m\u00fckafat\u0131\u201dn\u0131 al\u0131b.\n<\/p>\n<p>\n  \u201cF\u0259rid\u0259\u201d \u201cNarimanfilm\u201d kinostudiyas\u0131 il\u0259 Sankt-Peterburq Yeni Kino M\u0259kt\u0259binin birg\u0259 \u0259m\u0259kda\u015fl\u0131\u011f\u0131 n\u0259tic\u0259sind\u0259 \u0259rs\u0259y\u0259 g\u0259lib. 70 d\u0259qiq\u0259lik tammetrajl\u0131 filmd\u0259 ba\u015f rolu aktrisa M\u0259ry\u0259m \u0130brahimova oynay\u0131b. Dram janr\u0131nda olan filmin b\u00fct\u00fcn \u00e7\u0259kili\u015fl\u0259ri Sankt-Peterburqda apar\u0131l\u0131b.\n<\/p>\n<p>\n  \u201cStalker\u201d &#8211; insan haqlar\u0131 m\u00f6vzusunda filml\u0259r yaratma\u011fa t\u0259\u015fviq ed\u0259n festivallardand\u0131r.\n<\/p>\n<figure class=\"wp-block-image size-large\">\n  <img decoding=\"async\" src=\"https:\/\/www.meydan.tv\/az\/stalker-jpg\/\" alt=\"stalker.jpg\" class=\"wp-image-153410\"\/><figcaption>\n    Dram janr\u0131nda olan filmin b\u00fct\u00fcn \u00e7\u0259kili\u015fl\u0259ri Sankt-Peterburqda apar\u0131l\u0131b<br \/>\n  <\/figcaption><\/figure>\n","protected":false},"excerpt":{"rendered":"<p>Film h\u0259m\u00e7inin Birl\u0259\u015fmi\u015f Mill\u0259tl\u0259r T\u0259\u015fkilat\u0131 Ali Komissarl\u0131\u011f\u0131n\u0131n \u201cX\u00fcsusi m\u00fckafat\u0131\u201dn\u0131 al\u0131b<\/p>\n","protected":false},"author":11,"featured_media":153407,"comment_status":"closed","ping_status":"open","sticky":false,"template":"","format":"standard","meta":{"_acf_changed":false,"_sitemap_exclude":false,"_sitemap_priority":"","_sitemap_frequency":"","footnotes":""},"categories":[52],"tags":[],"class_list":["post-204123","post","type-post","status-publish","format-standard","has-post-thumbnail","hentry","category-medeniyyet","infinite-scroll-item","generate-columns","tablet-grid-50","mobile-grid-100","grid-parent","grid-33","no-featured-image-padding"],"acf":[],"yoast_head":"<!-- This site is optimized with the Yoast SEO plugin v28.3 - https:\/\/yoast.com\/product\/yoast-seo-wordpress\/ -->\n<title>\u201cF\u0259rid\u0259\u201d \u0130nsan H\u00fcquqlar\u0131 Film Festival\u0131n\u0131n m\u00fckafat\u0131na layiq g\u00f6r\u00fcl\u00fcb - MEYDAN.TV<\/title>\n<meta name=\"robots\" content=\"index, follow, max-snippet:-1, max-image-preview:large, max-video-preview:-1\" \/>\n<link rel=\"canonical\" href=\"https:\/\/www.meydan.tv\/az\/article\/feride-insan-huquqlari-film-festivalinin-mukafatina-layiq-gorulub\/\" \/>\n<meta property=\"og:locale\" content=\"az_AZ\" \/>\n<meta property=\"og:type\" content=\"article\" \/>\n<meta property=\"og:title\" content=\"\u201cF\u0259rid\u0259\u201d \u0130nsan H\u00fcquqlar\u0131 Film Festival\u0131n\u0131n m\u00fckafat\u0131na layiq g\u00f6r\u00fcl\u00fcb - MEYDAN.TV\" \/>\n<meta property=\"og:description\" content=\"Film h\u0259m\u00e7inin Birl\u0259\u015fmi\u015f Mill\u0259tl\u0259r T\u0259\u015fkilat\u0131 Ali Komissarl\u0131\u011f\u0131n\u0131n \u201cX\u00fcsusi m\u00fckafat\u0131\u201dn\u0131 al\u0131b\" \/>\n<meta property=\"og:url\" content=\"https:\/\/www.meydan.tv\/az\/article\/feride-insan-huquqlari-film-festivalinin-mukafatina-layiq-gorulub\/\" \/>\n<meta property=\"og:site_name\" content=\"MEYDAN.TV\" \/>\n<meta property=\"article:published_time\" content=\"2020-12-18T08:48:39+00:00\" \/>\n<meta property=\"og:image\" content=\"https:\/\/www.meydan.tv\/wp-content\/uploads\/stalker1.jpg\" \/>\n\t<meta property=\"og:image:width\" content=\"850\" \/>\n\t<meta property=\"og:image:height\" content=\"567\" \/>\n\t<meta property=\"og:image:type\" content=\"image\/jpeg\" \/>\n<meta name=\"twitter:card\" content=\"summary_large_image\" \/>\n<!-- \/ Yoast SEO plugin. -->","yoast_head_json":{"title":"\u201cF\u0259rid\u0259\u201d \u0130nsan H\u00fcquqlar\u0131 Film Festival\u0131n\u0131n m\u00fckafat\u0131na layiq g\u00f6r\u00fcl\u00fcb - MEYDAN.TV","robots":{"index":"index","follow":"follow","max-snippet":"max-snippet:-1","max-image-preview":"max-image-preview:large","max-video-preview":"max-video-preview:-1"},"canonical":"https:\/\/www.meydan.tv\/az\/article\/feride-insan-huquqlari-film-festivalinin-mukafatina-layiq-gorulub\/","og_locale":"az_AZ","og_type":"article","og_title":"\u201cF\u0259rid\u0259\u201d \u0130nsan H\u00fcquqlar\u0131 Film Festival\u0131n\u0131n m\u00fckafat\u0131na layiq g\u00f6r\u00fcl\u00fcb - MEYDAN.TV","og_description":"Film h\u0259m\u00e7inin Birl\u0259\u015fmi\u015f Mill\u0259tl\u0259r T\u0259\u015fkilat\u0131 Ali Komissarl\u0131\u011f\u0131n\u0131n \u201cX\u00fcsusi m\u00fckafat\u0131\u201dn\u0131 al\u0131b","og_url":"https:\/\/www.meydan.tv\/az\/article\/feride-insan-huquqlari-film-festivalinin-mukafatina-layiq-gorulub\/","og_site_name":"MEYDAN.TV","article_published_time":"2020-12-18T08:48:39+00:00","og_image":[{"width":850,"height":567,"url":"https:\/\/www.meydan.tv\/wp-content\/uploads\/stalker1.jpg","type":"image\/jpeg"}],"twitter_card":"summary_large_image","schema":{"@context":"https:\/\/schema.org","@graph":[{"@type":"Article","@id":"https:\/\/www.meydan.tv\/az\/article\/feride-insan-huquqlari-film-festivalinin-mukafatina-layiq-gorulub\/#article","isPartOf":{"@id":"https:\/\/www.meydan.tv\/az\/article\/feride-insan-huquqlari-film-festivalinin-mukafatina-layiq-gorulub\/"},"author":{"name":"user-manager","@id":"https:\/\/www.meydan.tv\/az\/#\/schema\/person\/10d11eccf6da3662cf5fdab9806ea91a"},"headline":"\u201cF\u0259rid\u0259\u201d \u0130nsan H\u00fcquqlar\u0131 Film Festival\u0131n\u0131n m\u00fckafat\u0131na layiq g\u00f6r\u00fcl\u00fcb","datePublished":"2020-12-18T08:48:39+00:00","mainEntityOfPage":{"@id":"https:\/\/www.meydan.tv\/az\/article\/feride-insan-huquqlari-film-festivalinin-mukafatina-layiq-gorulub\/"},"wordCount":259,"publisher":{"@id":"https:\/\/www.meydan.tv\/az\/#organization"},"image":{"@id":"https:\/\/www.meydan.tv\/az\/article\/feride-insan-huquqlari-film-festivalinin-mukafatina-layiq-gorulub\/#primaryimage"},"thumbnailUrl":"https:\/\/www.meydan.tv\/wp-content\/uploads\/stalker1.jpg","articleSection":["M\u0259d\u0259niyy\u0259t"],"inLanguage":"az"},{"@type":"WebPage","@id":"https:\/\/www.meydan.tv\/az\/article\/feride-insan-huquqlari-film-festivalinin-mukafatina-layiq-gorulub\/","url":"https:\/\/www.meydan.tv\/az\/article\/feride-insan-huquqlari-film-festivalinin-mukafatina-layiq-gorulub\/","name":"\u201cF\u0259rid\u0259\u201d \u0130nsan H\u00fcquqlar\u0131 Film Festival\u0131n\u0131n m\u00fckafat\u0131na layiq g\u00f6r\u00fcl\u00fcb - MEYDAN.TV","isPartOf":{"@id":"https:\/\/www.meydan.tv\/az\/#website"},"primaryImageOfPage":{"@id":"https:\/\/www.meydan.tv\/az\/article\/feride-insan-huquqlari-film-festivalinin-mukafatina-layiq-gorulub\/#primaryimage"},"image":{"@id":"https:\/\/www.meydan.tv\/az\/article\/feride-insan-huquqlari-film-festivalinin-mukafatina-layiq-gorulub\/#primaryimage"},"thumbnailUrl":"https:\/\/www.meydan.tv\/wp-content\/uploads\/stalker1.jpg","datePublished":"2020-12-18T08:48:39+00:00","breadcrumb":{"@id":"https:\/\/www.meydan.tv\/az\/article\/feride-insan-huquqlari-film-festivalinin-mukafatina-layiq-gorulub\/#breadcrumb"},"inLanguage":"az","potentialAction":[{"@type":"ReadAction","target":["https:\/\/www.meydan.tv\/az\/article\/feride-insan-huquqlari-film-festivalinin-mukafatina-layiq-gorulub\/"]}]},{"@type":"ImageObject","inLanguage":"az","@id":"https:\/\/www.meydan.tv\/az\/article\/feride-insan-huquqlari-film-festivalinin-mukafatina-layiq-gorulub\/#primaryimage","url":"https:\/\/www.meydan.tv\/wp-content\/uploads\/stalker1.jpg","contentUrl":"https:\/\/www.meydan.tv\/wp-content\/uploads\/stalker1.jpg","width":850,"height":567,"caption":"Source: Specify Source"},{"@type":"BreadcrumbList","@id":"https:\/\/www.meydan.tv\/az\/article\/feride-insan-huquqlari-film-festivalinin-mukafatina-layiq-gorulub\/#breadcrumb","itemListElement":[{"@type":"ListItem","position":1,"name":"Ana s\u0259hif\u0259","item":"https:\/\/www.meydan.tv\/az\/"},{"@type":"ListItem","position":2,"name":"M\u0259d\u0259niyy\u0259t","item":"https:\/\/www.meydan.tv\/az\/section\/medeniyyet\/"},{"@type":"ListItem","position":3,"name":"\u201cF\u0259rid\u0259\u201d \u0130nsan H\u00fcquqlar\u0131 Film Festival\u0131n\u0131n m\u00fckafat\u0131na layiq g\u00f6r\u00fcl\u00fcb"}]},{"@type":"WebSite","@id":"https:\/\/www.meydan.tv\/az\/#website","url":"https:\/\/www.meydan.tv\/az\/","name":"MEYDAN.TV","description":"Meydan TV Az\u0259rbaycan\u0131n media m\u0259kan\u0131ndak\u0131 alternativ s\u0259sidir","publisher":{"@id":"https:\/\/www.meydan.tv\/az\/#organization"},"potentialAction":[{"@type":"SearchAction","target":{"@type":"EntryPoint","urlTemplate":"https:\/\/www.meydan.tv\/az\/?s={search_term_string}"},"query-input":{"@type":"PropertyValueSpecification","valueRequired":true,"valueName":"search_term_string"}}],"inLanguage":"az"},{"@type":"Organization","@id":"https:\/\/www.meydan.tv\/az\/#organization","name":"Meydan TV","url":"https:\/\/www.meydan.tv\/az\/","logo":{"@type":"ImageObject","inLanguage":"az","@id":"https:\/\/www.meydan.tv\/az\/#\/schema\/logo\/image\/","url":"https:\/\/www.meydan.tv\/wp-content\/uploads\/2021\/07\/meydan-logo.svg","contentUrl":"https:\/\/www.meydan.tv\/wp-content\/uploads\/2021\/07\/meydan-logo.svg","width":195,"height":46,"caption":"Meydan TV"},"image":{"@id":"https:\/\/www.meydan.tv\/az\/#\/schema\/logo\/image\/"}},{"@type":"Person","@id":"https:\/\/www.meydan.tv\/az\/#\/schema\/person\/10d11eccf6da3662cf5fdab9806ea91a","name":"user-manager"}]}},"_links":{"self":[{"href":"https:\/\/www.meydan.tv\/az\/wp-json\/wp\/v2\/posts\/204123","targetHints":{"allow":["GET"]}}],"collection":[{"href":"https:\/\/www.meydan.tv\/az\/wp-json\/wp\/v2\/posts"}],"about":[{"href":"https:\/\/www.meydan.tv\/az\/wp-json\/wp\/v2\/types\/post"}],"author":[{"embeddable":true,"href":"https:\/\/www.meydan.tv\/az\/wp-json\/wp\/v2\/users\/11"}],"replies":[{"embeddable":true,"href":"https:\/\/www.meydan.tv\/az\/wp-json\/wp\/v2\/comments?post=204123"}],"version-history":[{"count":0,"href":"https:\/\/www.meydan.tv\/az\/wp-json\/wp\/v2\/posts\/204123\/revisions"}],"wp:featuredmedia":[{"embeddable":true,"href":"https:\/\/www.meydan.tv\/az\/wp-json\/wp\/v2\/media\/153407"}],"wp:attachment":[{"href":"https:\/\/www.meydan.tv\/az\/wp-json\/wp\/v2\/media?parent=204123"}],"wp:term":[{"taxonomy":"category","embeddable":true,"href":"https:\/\/www.meydan.tv\/az\/wp-json\/wp\/v2\/categories?post=204123"},{"taxonomy":"post_tag","embeddable":true,"href":"https:\/\/www.meydan.tv\/az\/wp-json\/wp\/v2\/tags?post=204123"}],"curies":[{"name":"wp","href":"https:\/\/api.w.org\/{rel}","templated":true}]}}