{"id":204055,"date":"2020-12-14T19:52:36","date_gmt":"2020-12-14T19:52:36","guid":{"rendered":"https:\/\/www.meydan.tv\/article\/esirlikde-olan-amin-musayev-azerbaycana-qaytarilib\/"},"modified":"2020-12-14T19:52:36","modified_gmt":"2020-12-14T19:52:36","slug":"esirlikde-olan-amin-musayev-azerbaycana-qaytarilib","status":"publish","type":"post","link":"https:\/\/www.meydan.tv\/az\/article\/esirlikde-olan-amin-musayev-azerbaycana-qaytarilib\/","title":{"rendered":"\u018fsirlikd\u0259 olan Amin Musayev Az\u0259rbaycana qaytar\u0131l\u0131b"},"content":{"rendered":"<p>\n  <i><br \/>\n    Ail\u0259si m\u0259lumat\u0131 televiziyadan e\u015fitdiyini deyir<br \/>\n  <\/i>\n<\/p>\n<p>\n  Dekabr\u0131n 14-d\u0259 Erm\u0259nistan ordusuna \u0259sir d\u00fc\u015fm\u00fc\u015f h\u0259rb\u00e7i Amin Musayev d\u0259 Az\u0259rbaycana g\u0259tirilib.\n<\/p>\n<p>\n  Bu bar\u0259d\u0259 Amin Musayevin xalas\u0131 N\u00fcbar Azadova Meydan TV-y\u0259 deyib.\n<\/p>\n<p>\n  N\u00fcbar Azadova m\u0259lumat\u0131 r\u0259smi orqanlardan deyil, televiziyadan ald\u0131\u011f\u0131n bildirib.\n<\/p>\n<p>\n  Bu g\u00fcn Erm\u0259nistanda girovluqda saxlan\u0131lan Az\u0259rbaycanl\u0131 \u0259sirl\u0259r \u015eahbaz Quliyev v\u0259 Dilq\u0259m \u018fsg\u0259rov Az\u0259rbaycana g\u0259tirilibl\u0259r.\n<\/p>\n<p>\n  Onlarla birg\u0259 7 n\u0259f\u0259rin d\u0259 Az\u0259rbaycana g\u0259tirildiyi deyils\u0259 d\u0259, h\u0259l\u0259lik adlar a\u00e7\u0131qlanm\u0131r.\n<\/p>\n<p>\n  A\u011fstafa rayonundan olan Amin Musayev \u0130kinci Qaraba\u011f M\u00fcharib\u0259si zaman\u0131 yaral\u0131 halda Erm\u0259nistan d\u00f6y\u00fc\u015f\u00e7\u00fcl\u0259rinin \u0259lin\u0259 ke\u00e7mi\u015fdi. \u0130lk d\u0259f\u0259 \u201cAnna news\u201d Rusiya kanal\u0131n\u0131n \u0259m\u0259kda\u015f\u0131 bu bar\u0259d\u0259 m\u0259lumat yaym\u0131\u015fd\u0131.<\/p>\n","protected":false},"excerpt":{"rendered":"<p>Bu bar\u0259d\u0259 Amin Musayevin xalas\u0131 N\u00fcbar Azadova Meydan TV-y\u0259 deyib.<\/p>\n","protected":false},"author":11,"featured_media":153128,"comment_status":"closed","ping_status":"open","sticky":false,"template":"","format":"standard","meta":{"_acf_changed":false,"_sitemap_exclude":false,"_sitemap_priority":"","_sitemap_frequency":"","footnotes":""},"categories":[59],"tags":[],"class_list":["post-204055","post","type-post","status-publish","format-standard","has-post-thumbnail","hentry","category-siyaset","infinite-scroll-item","generate-columns","tablet-grid-50","mobile-grid-100","grid-parent","grid-33","no-featured-image-padding"],"acf":[],"yoast_head":"<!-- This site is optimized with the Yoast SEO plugin v28.4 - https:\/\/yoast.com\/product\/yoast-seo-wordpress\/ -->\n<title>\u018fsirlikd\u0259 olan Amin Musayev Az\u0259rbaycana qaytar\u0131l\u0131b - MEYDAN.TV<\/title>\n<meta name=\"robots\" content=\"index, follow, max-snippet:-1, max-image-preview:large, max-video-preview:-1\" \/>\n<link rel=\"canonical\" href=\"https:\/\/www.meydan.tv\/az\/article\/esirlikde-olan-amin-musayev-azerbaycana-qaytarilib\/\" \/>\n<meta property=\"og:locale\" content=\"az_AZ\" \/>\n<meta property=\"og:type\" content=\"article\" \/>\n<meta property=\"og:title\" content=\"\u018fsirlikd\u0259 olan Amin Musayev Az\u0259rbaycana qaytar\u0131l\u0131b - MEYDAN.TV\" \/>\n<meta property=\"og:description\" content=\"Bu bar\u0259d\u0259 Amin Musayevin xalas\u0131 N\u00fcbar Azadova Meydan TV-y\u0259 deyib.\" \/>\n<meta property=\"og:url\" content=\"https:\/\/www.meydan.tv\/az\/article\/esirlikde-olan-amin-musayev-azerbaycana-qaytarilib\/\" \/>\n<meta property=\"og:site_name\" content=\"MEYDAN.TV\" \/>\n<meta property=\"article:published_time\" content=\"2020-12-14T19:52:36+00:00\" \/>\n<meta property=\"og:image\" content=\"https:\/\/www.meydan.tv\/wp-content\/uploads\/131382419_884887748913264_6856070135382922437_n.jpg\" \/>\n\t<meta property=\"og:image:width\" content=\"724\" \/>\n\t<meta property=\"og:image:height\" content=\"668\" \/>\n\t<meta property=\"og:image:type\" content=\"image\/jpeg\" \/>\n<meta name=\"twitter:card\" content=\"summary_large_image\" \/>\n<!-- \/ Yoast SEO plugin. -->","yoast_head_json":{"title":"\u018fsirlikd\u0259 olan Amin Musayev Az\u0259rbaycana qaytar\u0131l\u0131b - MEYDAN.TV","robots":{"index":"index","follow":"follow","max-snippet":"max-snippet:-1","max-image-preview":"max-image-preview:large","max-video-preview":"max-video-preview:-1"},"canonical":"https:\/\/www.meydan.tv\/az\/article\/esirlikde-olan-amin-musayev-azerbaycana-qaytarilib\/","og_locale":"az_AZ","og_type":"article","og_title":"\u018fsirlikd\u0259 olan Amin Musayev Az\u0259rbaycana qaytar\u0131l\u0131b - MEYDAN.TV","og_description":"Bu bar\u0259d\u0259 Amin Musayevin xalas\u0131 N\u00fcbar Azadova Meydan TV-y\u0259 deyib.","og_url":"https:\/\/www.meydan.tv\/az\/article\/esirlikde-olan-amin-musayev-azerbaycana-qaytarilib\/","og_site_name":"MEYDAN.TV","article_published_time":"2020-12-14T19:52:36+00:00","og_image":[{"width":724,"height":668,"url":"https:\/\/www.meydan.tv\/wp-content\/uploads\/131382419_884887748913264_6856070135382922437_n.jpg","type":"image\/jpeg"}],"twitter_card":"summary_large_image","schema":{"@context":"https:\/\/schema.org","@graph":[{"@type":"Article","@id":"https:\/\/www.meydan.tv\/az\/article\/esirlikde-olan-amin-musayev-azerbaycana-qaytarilib\/#article","isPartOf":{"@id":"https:\/\/www.meydan.tv\/az\/article\/esirlikde-olan-amin-musayev-azerbaycana-qaytarilib\/"},"author":{"name":"user-manager","@id":"https:\/\/www.meydan.tv\/az\/#\/schema\/person\/10d11eccf6da3662cf5fdab9806ea91a"},"headline":"\u018fsirlikd\u0259 olan Amin Musayev Az\u0259rbaycana qaytar\u0131l\u0131b","datePublished":"2020-12-14T19:52:36+00:00","mainEntityOfPage":{"@id":"https:\/\/www.meydan.tv\/az\/article\/esirlikde-olan-amin-musayev-azerbaycana-qaytarilib\/"},"wordCount":146,"publisher":{"@id":"https:\/\/www.meydan.tv\/az\/#organization"},"image":{"@id":"https:\/\/www.meydan.tv\/az\/article\/esirlikde-olan-amin-musayev-azerbaycana-qaytarilib\/#primaryimage"},"thumbnailUrl":"https:\/\/www.meydan.tv\/wp-content\/uploads\/131382419_884887748913264_6856070135382922437_n.jpg","articleSection":["Siyas\u0259t"],"inLanguage":"az"},{"@type":"WebPage","@id":"https:\/\/www.meydan.tv\/az\/article\/esirlikde-olan-amin-musayev-azerbaycana-qaytarilib\/","url":"https:\/\/www.meydan.tv\/az\/article\/esirlikde-olan-amin-musayev-azerbaycana-qaytarilib\/","name":"\u018fsirlikd\u0259 olan Amin Musayev Az\u0259rbaycana qaytar\u0131l\u0131b - MEYDAN.TV","isPartOf":{"@id":"https:\/\/www.meydan.tv\/az\/#website"},"primaryImageOfPage":{"@id":"https:\/\/www.meydan.tv\/az\/article\/esirlikde-olan-amin-musayev-azerbaycana-qaytarilib\/#primaryimage"},"image":{"@id":"https:\/\/www.meydan.tv\/az\/article\/esirlikde-olan-amin-musayev-azerbaycana-qaytarilib\/#primaryimage"},"thumbnailUrl":"https:\/\/www.meydan.tv\/wp-content\/uploads\/131382419_884887748913264_6856070135382922437_n.jpg","datePublished":"2020-12-14T19:52:36+00:00","breadcrumb":{"@id":"https:\/\/www.meydan.tv\/az\/article\/esirlikde-olan-amin-musayev-azerbaycana-qaytarilib\/#breadcrumb"},"inLanguage":"az","potentialAction":[{"@type":"ReadAction","target":["https:\/\/www.meydan.tv\/az\/article\/esirlikde-olan-amin-musayev-azerbaycana-qaytarilib\/"]}]},{"@type":"ImageObject","inLanguage":"az","@id":"https:\/\/www.meydan.tv\/az\/article\/esirlikde-olan-amin-musayev-azerbaycana-qaytarilib\/#primaryimage","url":"https:\/\/www.meydan.tv\/wp-content\/uploads\/131382419_884887748913264_6856070135382922437_n.jpg","contentUrl":"https:\/\/www.meydan.tv\/wp-content\/uploads\/131382419_884887748913264_6856070135382922437_n.jpg","width":724,"height":668,"caption":"Source: Specify Source"},{"@type":"BreadcrumbList","@id":"https:\/\/www.meydan.tv\/az\/article\/esirlikde-olan-amin-musayev-azerbaycana-qaytarilib\/#breadcrumb","itemListElement":[{"@type":"ListItem","position":1,"name":"Ana s\u0259hif\u0259","item":"https:\/\/www.meydan.tv\/az\/"},{"@type":"ListItem","position":2,"name":"Siyas\u0259t","item":"https:\/\/www.meydan.tv\/az\/section\/siyaset\/"},{"@type":"ListItem","position":3,"name":"\u018fsirlikd\u0259 olan Amin Musayev Az\u0259rbaycana qaytar\u0131l\u0131b"}]},{"@type":"WebSite","@id":"https:\/\/www.meydan.tv\/az\/#website","url":"https:\/\/www.meydan.tv\/az\/","name":"MEYDAN.TV","description":"Meydan TV Az\u0259rbaycan\u0131n media m\u0259kan\u0131ndak\u0131 alternativ s\u0259sidir","publisher":{"@id":"https:\/\/www.meydan.tv\/az\/#organization"},"potentialAction":[{"@type":"SearchAction","target":{"@type":"EntryPoint","urlTemplate":"https:\/\/www.meydan.tv\/az\/?s={search_term_string}"},"query-input":{"@type":"PropertyValueSpecification","valueRequired":true,"valueName":"search_term_string"}}],"inLanguage":"az"},{"@type":"Organization","@id":"https:\/\/www.meydan.tv\/az\/#organization","name":"Meydan TV","url":"https:\/\/www.meydan.tv\/az\/","logo":{"@type":"ImageObject","inLanguage":"az","@id":"https:\/\/www.meydan.tv\/az\/#\/schema\/logo\/image\/","url":"https:\/\/www.meydan.tv\/wp-content\/uploads\/2021\/07\/meydan-logo.svg","contentUrl":"https:\/\/www.meydan.tv\/wp-content\/uploads\/2021\/07\/meydan-logo.svg","width":195,"height":46,"caption":"Meydan TV"},"image":{"@id":"https:\/\/www.meydan.tv\/az\/#\/schema\/logo\/image\/"}},{"@type":"Person","@id":"https:\/\/www.meydan.tv\/az\/#\/schema\/person\/10d11eccf6da3662cf5fdab9806ea91a","name":"user-manager"}]}},"_links":{"self":[{"href":"https:\/\/www.meydan.tv\/az\/wp-json\/wp\/v2\/posts\/204055","targetHints":{"allow":["GET"]}}],"collection":[{"href":"https:\/\/www.meydan.tv\/az\/wp-json\/wp\/v2\/posts"}],"about":[{"href":"https:\/\/www.meydan.tv\/az\/wp-json\/wp\/v2\/types\/post"}],"author":[{"embeddable":true,"href":"https:\/\/www.meydan.tv\/az\/wp-json\/wp\/v2\/users\/11"}],"replies":[{"embeddable":true,"href":"https:\/\/www.meydan.tv\/az\/wp-json\/wp\/v2\/comments?post=204055"}],"version-history":[{"count":0,"href":"https:\/\/www.meydan.tv\/az\/wp-json\/wp\/v2\/posts\/204055\/revisions"}],"wp:featuredmedia":[{"embeddable":true,"href":"https:\/\/www.meydan.tv\/az\/wp-json\/wp\/v2\/media\/153128"}],"wp:attachment":[{"href":"https:\/\/www.meydan.tv\/az\/wp-json\/wp\/v2\/media?parent=204055"}],"wp:term":[{"taxonomy":"category","embeddable":true,"href":"https:\/\/www.meydan.tv\/az\/wp-json\/wp\/v2\/categories?post=204055"},{"taxonomy":"post_tag","embeddable":true,"href":"https:\/\/www.meydan.tv\/az\/wp-json\/wp\/v2\/tags?post=204055"}],"curies":[{"name":"wp","href":"https:\/\/api.w.org\/{rel}","templated":true}]}}