{"id":204050,"date":"2020-12-14T15:15:02","date_gmt":"2020-12-14T15:15:02","guid":{"rendered":"https:\/\/www.meydan.tv\/article\/ekoaktivist-qusarda-200-hektar-meseni-mehv-edib-bag-salmaq-isteyirler\/"},"modified":"2020-12-14T15:15:02","modified_gmt":"2020-12-14T15:15:02","slug":"ekoaktivist-qusarda-200-hektar-meseni-mehv-edib-bag-salmaq-isteyirler","status":"publish","type":"post","link":"https:\/\/www.meydan.tv\/az\/article\/ekoaktivist-qusarda-200-hektar-meseni-mehv-edib-bag-salmaq-isteyirler\/","title":{"rendered":"Hikm\u0259t \u018flizad\u0259: Qusarda 200 hektar me\u015f\u0259ni m\u0259hv etm\u0259kd\u0259 t\u0259qsirl\u0259ndiril\u0259n \u015f\u0259xsl\u0259r c\u0259zaland\u0131r\u0131l\u0131b"},"content":{"rendered":"<p>\n  <i><br \/>\n    &quot;M\u0259lumata g\u00f6r\u0259, \u0259razid\u0259 800 hektarl\u0131q ba\u011f\u0131n sal\u0131nmas\u0131 n\u0259z\u0259rd\u0259 tutulub&quot;<br \/>\n  <\/i>\n<\/p>\n<p>\n  D\u00f6vl\u0259t Ekoloji T\u0259hl\u00fck\u0259sizlik Xidm\u0259tinin \u0259m\u0259kda\u015flar\u0131 Qusar rayonunun d\u00f6vl\u0259t s\u0259rh\u0259d zonas\u0131nda yerl\u0259\u015f\u0259n N\u0259c\u0259fk\u0259nd-Q\u0259l\u0259nxur \u0259razisind\u0259 a\u011faclar\u0131n k\u0259silm\u0259si fakt\u0131 il\u0259 ba\u011fl\u0131 ara\u015fd\u0131rma apar\u0131blar.\n<\/p>\n<p>\n  R\u0259smi m\u0259lumata g\u00f6r\u0259, apar\u0131lan ara\u015fd\u0131rma n\u0259tic\u0259sind\u0259 a\u011faclar\u0131n k\u0259silm\u0259sini t\u0259\u015fkil ed\u0259n \u015f\u0259xsl\u0259r m\u00fc\u0259yy\u0259n edilib.\n<\/p>\n<p>\n  Xidm\u0259tin r\u0259isi Hikm\u0259t \u018flizad\u0259<br \/>\n  <a href=\"https:\/\/report.az\/ekologiya\/qusarda-agac-kesintisine-gore-direktor-isden-cixarildi\/\"><br \/>\n    bildirib<br \/>\n  <\/a><br \/>\n  ki, ara\u015fd\u0131rma zaman\u0131 onlar\u0131n Qusar\u0131n N\u0259c\u0259fk\u0259nd k\u0259nd sakinl\u0259ri Zahir D\u00fcg\u00fc\u015fov, Nazim Buxsayev, Kamran Cana\u011fayev v\u0259 H\u0259zr\u0259 k\u0259nd sakini Ruslan C\u0259f\u0259rov oldu\u011fu m\u0259lum olub.\n<\/p>\n<p>\n  Onun s\u00f6zl\u0259rin\u0259 g\u00f6r\u0259, faktla ba\u011fl\u0131 qanun pozucular\u0131 bar\u0259sind\u0259 protokol t\u0259rtib edilib v\u0259 h\u0259r biri 2000 manat m\u0259bl\u0259\u011find\u0259 c\u0259rim\u0259 olunub: \u201cEyni zamanda, a\u011faclar\u0131n k\u0259silm\u0259sind\u0259 t\u0259qsirkar olan dig\u0259r \u015f\u0259xsl\u0259rin m\u00fc\u0259yy\u0259n olunmas\u0131 \u00fc\u00e7\u00fcn h\u00fcquq-m\u00fchafiz\u0259 orqanlar\u0131na m\u00fcraci\u0259t edilib\u201d.\n<\/p>\n<figure class=\"wp-block-image size-large\">\n  <img decoding=\"async\" src=\"https:\/\/www.meydan.tv\/az\/image00001-jpeg-21\/\" alt=\"image00001.jpeg\" class=\"wp-image-153101\"\/><figcaption>\n    N\u0259c\u0259fk\u0259nd-Q\u0259l\u0259nxur<br \/>\n  <\/figcaption><\/figure>\n<p>\n  Xidm\u0259t r\u0259smisi qeyd edib ki, \u0259razid\u0259 m\u00fchafiz\u0259 i\u015fl\u0259rini z\u0259if t\u0259\u015fkil etdiyin\u0259 g\u00f6r\u0259 Regional Me\u015f\u0259 T\u0259s\u0259rr\u00fcfat\u0131 M\u0259rk\u0259zinin direktoru V\u00fcqar Sultanov is\u0259 tutdu\u011fu v\u0259zif\u0259d\u0259n azad olunub.\n<\/p>\n<p>\n  Haz\u0131rda ara\u015fd\u0131rmalar davam etdirilir.\n<\/p>\n<p>\n  Meydan TV d\u0259 Qusar\u0131n N\u0259c\u0259fk\u0259nd-Q\u0259l\u0259nxur me\u015f\u0259l\u0259rind\u0259ki a\u011faclar\u0131n k\u00fctl\u0259vi q\u0131r\u0131lmas\u0131 il\u0259 ba\u011fl\u0131<br \/>\n  <a href=\"https:\/\/www.meydan.tv\/az\/article\/qusar-meselerinde-kutlevi-agac-qirgini\/?ref=list-news\"><br \/>\n    reportaj<br \/>\n  <\/a><br \/>\n  yay\u0131mlanm\u0131\u015fd\u0131.\n<\/p>\n<p>\n  H\u0259min m\u0259qal\u0259d\u0259 bildirilirdi ki, q\u0131r\u0131lan a\u011faclar Qusar\u0131n mavi yanacaq olmayan k\u0259ndl\u0259rin\u0259 v\u0259 \u0259traf rayonlara bazar qiym\u0259tind\u0259n daha ucuz sat\u0131l\u0131r.\n<\/p>\n<p>\n  \u018frazid\u0259ki a\u011faclar\u0131n k\u0259sildiyini ortaya \u00e7\u0131xaran ekoaktivist Cavid Qara bildirmi\u015fdi ki, onda olan m\u0259lumata g\u00f6r\u0259, \u0259razid\u0259 800 hektarl\u0131q ba\u011f salmaq ist\u0259yirl\u0259r. Onun t\u0259qrib\u0259n 200 hektar\u0131 me\u015f\u0259 \u0259razisin\u0259 d\u00fc\u015f\u00fcr:\n<\/p>\n<p>\n  \u201c\u018frazinin s\u0259rh\u0259dl\u0259ri elan edilm\u0259diyi \u00fc\u00e7\u00fcn d\u0259qiq n\u0259s\u0259 dem\u0259k \u00e7ox \u00e7\u0259tindir. Ancaq me\u015f\u0259 zola\u011f\u0131n\u0131 m\u0259hv etm\u0259kl\u0259 ba\u011f salmaq q\u0259buledilm\u0259zdir\u201d.\n<\/p>\n<figure class=\"wp-block-image size-large\">\n  <img decoding=\"async\" src=\"https:\/\/www.meydan.tv\/az\/image00002-jpeg-25\/\" alt=\"image00002.jpeg\" class=\"wp-image-153095\"\/><figcaption>\n    Onun s\u00f6zl\u0259rin\u0259 g\u00f6r\u0259, faktla ba\u011fl\u0131 qanun pozucular\u0131 bar\u0259sind\u0259 protokol t\u0259rtib edilib v\u0259 h\u0259r biri 2000 manat m\u0259bl\u0259\u011find\u0259 c\u0259rim\u0259 olunub<br \/>\n  <\/figcaption><\/figure>\n<figure class=\"wp-block-image size-large\">\n  <img decoding=\"async\" src=\"https:\/\/www.meydan.tv\/az\/image00006-jpeg-18\/\" alt=\"image00006.jpeg\" class=\"wp-image-153098\"\/><figcaption>\n    Cavid Qara bildirmi\u015fdi ki, onda olan m\u0259lumata g\u00f6r\u0259, \u0259razid\u0259 800 hektarl\u0131q ba\u011f salmaq ist\u0259yirl\u0259r.<br \/>\n  <\/figcaption><\/figure>\n","protected":false},"excerpt":{"rendered":"<p>\u201cEyni zamanda, a\u011faclar\u0131n k\u0259silm\u0259sind\u0259 t\u0259qsirkar olan dig\u0259r \u015f\u0259xsl\u0259rin m\u00fc\u0259yy\u0259n olunmas\u0131 \u00fc\u00e7\u00fcn h\u00fcquq-m\u00fchafiz\u0259 orqanlar\u0131na m\u00fcraci\u0259t edilib\u201d.<\/p>\n","protected":false},"author":11,"featured_media":153092,"comment_status":"closed","ping_status":"open","sticky":false,"template":"","format":"standard","meta":{"_acf_changed":false,"_sitemap_exclude":false,"_sitemap_priority":"","_sitemap_frequency":"","footnotes":""},"categories":[60],"tags":[],"class_list":["post-204050","post","type-post","status-publish","format-standard","has-post-thumbnail","hentry","category-bolge","infinite-scroll-item","generate-columns","tablet-grid-50","mobile-grid-100","grid-parent","grid-33","no-featured-image-padding"],"acf":[],"yoast_head":"<!-- This site is optimized with the Yoast SEO plugin v27.5 - https:\/\/yoast.com\/product\/yoast-seo-wordpress\/ -->\n<title>Hikm\u0259t \u018flizad\u0259: Qusarda 200 hektar me\u015f\u0259ni m\u0259hv etm\u0259kd\u0259 t\u0259qsirl\u0259ndiril\u0259n \u015f\u0259xsl\u0259r c\u0259zaland\u0131r\u0131l\u0131b - MEYDAN.TV<\/title>\n<meta name=\"robots\" content=\"index, follow, max-snippet:-1, max-image-preview:large, max-video-preview:-1\" \/>\n<link rel=\"canonical\" href=\"https:\/\/www.meydan.tv\/az\/article\/ekoaktivist-qusarda-200-hektar-meseni-mehv-edib-bag-salmaq-isteyirler\/\" \/>\n<meta property=\"og:locale\" content=\"az_AZ\" \/>\n<meta property=\"og:type\" content=\"article\" \/>\n<meta property=\"og:title\" content=\"Hikm\u0259t \u018flizad\u0259: Qusarda 200 hektar me\u015f\u0259ni m\u0259hv etm\u0259kd\u0259 t\u0259qsirl\u0259ndiril\u0259n \u015f\u0259xsl\u0259r c\u0259zaland\u0131r\u0131l\u0131b - MEYDAN.TV\" \/>\n<meta property=\"og:description\" content=\"\u201cEyni zamanda, a\u011faclar\u0131n k\u0259silm\u0259sind\u0259 t\u0259qsirkar olan dig\u0259r \u015f\u0259xsl\u0259rin m\u00fc\u0259yy\u0259n olunmas\u0131 \u00fc\u00e7\u00fcn h\u00fcquq-m\u00fchafiz\u0259 orqanlar\u0131na m\u00fcraci\u0259t edilib\u201d.\" \/>\n<meta property=\"og:url\" content=\"https:\/\/www.meydan.tv\/az\/article\/ekoaktivist-qusarda-200-hektar-meseni-mehv-edib-bag-salmaq-isteyirler\/\" \/>\n<meta property=\"og:site_name\" content=\"MEYDAN.TV\" \/>\n<meta property=\"article:published_time\" content=\"2020-12-14T15:15:02+00:00\" \/>\n<meta property=\"og:image\" content=\"https:\/\/www.meydan.tv\/wp-content\/uploads\/image00004_xjsykmc.jpeg\" \/>\n\t<meta property=\"og:image:width\" content=\"1280\" \/>\n\t<meta property=\"og:image:height\" content=\"960\" \/>\n\t<meta property=\"og:image:type\" content=\"image\/jpeg\" \/>\n<meta name=\"author\" content=\"user-manager\" \/>\n<meta name=\"twitter:card\" content=\"summary_large_image\" \/>\n<script type=\"application\/ld+json\" class=\"yoast-schema-graph\">{\"@context\":\"https:\\\/\\\/schema.org\",\"@graph\":[{\"@type\":\"Article\",\"@id\":\"https:\\\/\\\/www.meydan.tv\\\/az\\\/article\\\/ekoaktivist-qusarda-200-hektar-meseni-mehv-edib-bag-salmaq-isteyirler\\\/#article\",\"isPartOf\":{\"@id\":\"https:\\\/\\\/www.meydan.tv\\\/az\\\/article\\\/ekoaktivist-qusarda-200-hektar-meseni-mehv-edib-bag-salmaq-isteyirler\\\/\"},\"author\":{\"name\":\"user-manager\",\"@id\":\"https:\\\/\\\/www.meydan.tv\\\/az\\\/#\\\/schema\\\/person\\\/10d11eccf6da3662cf5fdab9806ea91a\"},\"headline\":\"Hikm\u0259t \u018flizad\u0259: Qusarda 200 hektar me\u015f\u0259ni m\u0259hv etm\u0259kd\u0259 t\u0259qsirl\u0259ndiril\u0259n \u015f\u0259xsl\u0259r c\u0259zaland\u0131r\u0131l\u0131b\",\"datePublished\":\"2020-12-14T15:15:02+00:00\",\"mainEntityOfPage\":{\"@id\":\"https:\\\/\\\/www.meydan.tv\\\/az\\\/article\\\/ekoaktivist-qusarda-200-hektar-meseni-mehv-edib-bag-salmaq-isteyirler\\\/\"},\"wordCount\":455,\"publisher\":{\"@id\":\"https:\\\/\\\/www.meydan.tv\\\/az\\\/#organization\"},\"image\":{\"@id\":\"https:\\\/\\\/www.meydan.tv\\\/az\\\/article\\\/ekoaktivist-qusarda-200-hektar-meseni-mehv-edib-bag-salmaq-isteyirler\\\/#primaryimage\"},\"thumbnailUrl\":\"https:\\\/\\\/www.meydan.tv\\\/wp-content\\\/uploads\\\/image00004_xjsykmc.jpeg\",\"articleSection\":[\"B\u00f6lg\u0259\"],\"inLanguage\":\"az\"},{\"@type\":\"WebPage\",\"@id\":\"https:\\\/\\\/www.meydan.tv\\\/az\\\/article\\\/ekoaktivist-qusarda-200-hektar-meseni-mehv-edib-bag-salmaq-isteyirler\\\/\",\"url\":\"https:\\\/\\\/www.meydan.tv\\\/az\\\/article\\\/ekoaktivist-qusarda-200-hektar-meseni-mehv-edib-bag-salmaq-isteyirler\\\/\",\"name\":\"Hikm\u0259t \u018flizad\u0259: Qusarda 200 hektar me\u015f\u0259ni m\u0259hv etm\u0259kd\u0259 t\u0259qsirl\u0259ndiril\u0259n \u015f\u0259xsl\u0259r c\u0259zaland\u0131r\u0131l\u0131b - MEYDAN.TV\",\"isPartOf\":{\"@id\":\"https:\\\/\\\/www.meydan.tv\\\/az\\\/#website\"},\"primaryImageOfPage\":{\"@id\":\"https:\\\/\\\/www.meydan.tv\\\/az\\\/article\\\/ekoaktivist-qusarda-200-hektar-meseni-mehv-edib-bag-salmaq-isteyirler\\\/#primaryimage\"},\"image\":{\"@id\":\"https:\\\/\\\/www.meydan.tv\\\/az\\\/article\\\/ekoaktivist-qusarda-200-hektar-meseni-mehv-edib-bag-salmaq-isteyirler\\\/#primaryimage\"},\"thumbnailUrl\":\"https:\\\/\\\/www.meydan.tv\\\/wp-content\\\/uploads\\\/image00004_xjsykmc.jpeg\",\"datePublished\":\"2020-12-14T15:15:02+00:00\",\"breadcrumb\":{\"@id\":\"https:\\\/\\\/www.meydan.tv\\\/az\\\/article\\\/ekoaktivist-qusarda-200-hektar-meseni-mehv-edib-bag-salmaq-isteyirler\\\/#breadcrumb\"},\"inLanguage\":\"az\",\"potentialAction\":[{\"@type\":\"ReadAction\",\"target\":[\"https:\\\/\\\/www.meydan.tv\\\/az\\\/article\\\/ekoaktivist-qusarda-200-hektar-meseni-mehv-edib-bag-salmaq-isteyirler\\\/\"]}]},{\"@type\":\"ImageObject\",\"inLanguage\":\"az\",\"@id\":\"https:\\\/\\\/www.meydan.tv\\\/az\\\/article\\\/ekoaktivist-qusarda-200-hektar-meseni-mehv-edib-bag-salmaq-isteyirler\\\/#primaryimage\",\"url\":\"https:\\\/\\\/www.meydan.tv\\\/wp-content\\\/uploads\\\/image00004_xjsykmc.jpeg\",\"contentUrl\":\"https:\\\/\\\/www.meydan.tv\\\/wp-content\\\/uploads\\\/image00004_xjsykmc.jpeg\",\"width\":1280,\"height\":960,\"caption\":\"Source: Specify Source\"},{\"@type\":\"BreadcrumbList\",\"@id\":\"https:\\\/\\\/www.meydan.tv\\\/az\\\/article\\\/ekoaktivist-qusarda-200-hektar-meseni-mehv-edib-bag-salmaq-isteyirler\\\/#breadcrumb\",\"itemListElement\":[{\"@type\":\"ListItem\",\"position\":1,\"name\":\"Ana s\u0259hif\u0259\",\"item\":\"https:\\\/\\\/www.meydan.tv\\\/az\\\/\"},{\"@type\":\"ListItem\",\"position\":2,\"name\":\"B\u00f6lg\u0259\",\"item\":\"https:\\\/\\\/www.meydan.tv\\\/az\\\/section\\\/bolge\\\/\"},{\"@type\":\"ListItem\",\"position\":3,\"name\":\"Hikm\u0259t \u018flizad\u0259: Qusarda 200 hektar me\u015f\u0259ni m\u0259hv etm\u0259kd\u0259 t\u0259qsirl\u0259ndiril\u0259n \u015f\u0259xsl\u0259r c\u0259zaland\u0131r\u0131l\u0131b\"}]},{\"@type\":\"WebSite\",\"@id\":\"https:\\\/\\\/www.meydan.tv\\\/az\\\/#website\",\"url\":\"https:\\\/\\\/www.meydan.tv\\\/az\\\/\",\"name\":\"MEYDAN.TV\",\"description\":\"Meydan TV Az\u0259rbaycan\u0131n media m\u0259kan\u0131ndak\u0131 alternativ s\u0259sidir\",\"publisher\":{\"@id\":\"https:\\\/\\\/www.meydan.tv\\\/az\\\/#organization\"},\"potentialAction\":[{\"@type\":\"SearchAction\",\"target\":{\"@type\":\"EntryPoint\",\"urlTemplate\":\"https:\\\/\\\/www.meydan.tv\\\/az\\\/?s={search_term_string}\"},\"query-input\":{\"@type\":\"PropertyValueSpecification\",\"valueRequired\":true,\"valueName\":\"search_term_string\"}}],\"inLanguage\":\"az\"},{\"@type\":\"Organization\",\"@id\":\"https:\\\/\\\/www.meydan.tv\\\/az\\\/#organization\",\"name\":\"Meydan TV\",\"url\":\"https:\\\/\\\/www.meydan.tv\\\/az\\\/\",\"logo\":{\"@type\":\"ImageObject\",\"inLanguage\":\"az\",\"@id\":\"https:\\\/\\\/www.meydan.tv\\\/az\\\/#\\\/schema\\\/logo\\\/image\\\/\",\"url\":\"https:\\\/\\\/www.meydan.tv\\\/wp-content\\\/uploads\\\/2021\\\/07\\\/meydan-logo.svg\",\"contentUrl\":\"https:\\\/\\\/www.meydan.tv\\\/wp-content\\\/uploads\\\/2021\\\/07\\\/meydan-logo.svg\",\"width\":195,\"height\":46,\"caption\":\"Meydan TV\"},\"image\":{\"@id\":\"https:\\\/\\\/www.meydan.tv\\\/az\\\/#\\\/schema\\\/logo\\\/image\\\/\"}},{\"@type\":\"Person\",\"@id\":\"https:\\\/\\\/www.meydan.tv\\\/az\\\/#\\\/schema\\\/person\\\/10d11eccf6da3662cf5fdab9806ea91a\",\"name\":\"user-manager\"}]}<\/script>\n<!-- \/ Yoast SEO plugin. -->","yoast_head_json":{"title":"Hikm\u0259t \u018flizad\u0259: Qusarda 200 hektar me\u015f\u0259ni m\u0259hv etm\u0259kd\u0259 t\u0259qsirl\u0259ndiril\u0259n \u015f\u0259xsl\u0259r c\u0259zaland\u0131r\u0131l\u0131b - MEYDAN.TV","robots":{"index":"index","follow":"follow","max-snippet":"max-snippet:-1","max-image-preview":"max-image-preview:large","max-video-preview":"max-video-preview:-1"},"canonical":"https:\/\/www.meydan.tv\/az\/article\/ekoaktivist-qusarda-200-hektar-meseni-mehv-edib-bag-salmaq-isteyirler\/","og_locale":"az_AZ","og_type":"article","og_title":"Hikm\u0259t \u018flizad\u0259: Qusarda 200 hektar me\u015f\u0259ni m\u0259hv etm\u0259kd\u0259 t\u0259qsirl\u0259ndiril\u0259n \u015f\u0259xsl\u0259r c\u0259zaland\u0131r\u0131l\u0131b - MEYDAN.TV","og_description":"\u201cEyni zamanda, a\u011faclar\u0131n k\u0259silm\u0259sind\u0259 t\u0259qsirkar olan dig\u0259r \u015f\u0259xsl\u0259rin m\u00fc\u0259yy\u0259n olunmas\u0131 \u00fc\u00e7\u00fcn h\u00fcquq-m\u00fchafiz\u0259 orqanlar\u0131na m\u00fcraci\u0259t edilib\u201d.","og_url":"https:\/\/www.meydan.tv\/az\/article\/ekoaktivist-qusarda-200-hektar-meseni-mehv-edib-bag-salmaq-isteyirler\/","og_site_name":"MEYDAN.TV","article_published_time":"2020-12-14T15:15:02+00:00","og_image":[{"width":1280,"height":960,"url":"https:\/\/www.meydan.tv\/wp-content\/uploads\/image00004_xjsykmc.jpeg","type":"image\/jpeg"}],"author":"user-manager","twitter_card":"summary_large_image","schema":{"@context":"https:\/\/schema.org","@graph":[{"@type":"Article","@id":"https:\/\/www.meydan.tv\/az\/article\/ekoaktivist-qusarda-200-hektar-meseni-mehv-edib-bag-salmaq-isteyirler\/#article","isPartOf":{"@id":"https:\/\/www.meydan.tv\/az\/article\/ekoaktivist-qusarda-200-hektar-meseni-mehv-edib-bag-salmaq-isteyirler\/"},"author":{"name":"user-manager","@id":"https:\/\/www.meydan.tv\/az\/#\/schema\/person\/10d11eccf6da3662cf5fdab9806ea91a"},"headline":"Hikm\u0259t \u018flizad\u0259: Qusarda 200 hektar me\u015f\u0259ni m\u0259hv etm\u0259kd\u0259 t\u0259qsirl\u0259ndiril\u0259n \u015f\u0259xsl\u0259r c\u0259zaland\u0131r\u0131l\u0131b","datePublished":"2020-12-14T15:15:02+00:00","mainEntityOfPage":{"@id":"https:\/\/www.meydan.tv\/az\/article\/ekoaktivist-qusarda-200-hektar-meseni-mehv-edib-bag-salmaq-isteyirler\/"},"wordCount":455,"publisher":{"@id":"https:\/\/www.meydan.tv\/az\/#organization"},"image":{"@id":"https:\/\/www.meydan.tv\/az\/article\/ekoaktivist-qusarda-200-hektar-meseni-mehv-edib-bag-salmaq-isteyirler\/#primaryimage"},"thumbnailUrl":"https:\/\/www.meydan.tv\/wp-content\/uploads\/image00004_xjsykmc.jpeg","articleSection":["B\u00f6lg\u0259"],"inLanguage":"az"},{"@type":"WebPage","@id":"https:\/\/www.meydan.tv\/az\/article\/ekoaktivist-qusarda-200-hektar-meseni-mehv-edib-bag-salmaq-isteyirler\/","url":"https:\/\/www.meydan.tv\/az\/article\/ekoaktivist-qusarda-200-hektar-meseni-mehv-edib-bag-salmaq-isteyirler\/","name":"Hikm\u0259t \u018flizad\u0259: Qusarda 200 hektar me\u015f\u0259ni m\u0259hv etm\u0259kd\u0259 t\u0259qsirl\u0259ndiril\u0259n \u015f\u0259xsl\u0259r c\u0259zaland\u0131r\u0131l\u0131b - MEYDAN.TV","isPartOf":{"@id":"https:\/\/www.meydan.tv\/az\/#website"},"primaryImageOfPage":{"@id":"https:\/\/www.meydan.tv\/az\/article\/ekoaktivist-qusarda-200-hektar-meseni-mehv-edib-bag-salmaq-isteyirler\/#primaryimage"},"image":{"@id":"https:\/\/www.meydan.tv\/az\/article\/ekoaktivist-qusarda-200-hektar-meseni-mehv-edib-bag-salmaq-isteyirler\/#primaryimage"},"thumbnailUrl":"https:\/\/www.meydan.tv\/wp-content\/uploads\/image00004_xjsykmc.jpeg","datePublished":"2020-12-14T15:15:02+00:00","breadcrumb":{"@id":"https:\/\/www.meydan.tv\/az\/article\/ekoaktivist-qusarda-200-hektar-meseni-mehv-edib-bag-salmaq-isteyirler\/#breadcrumb"},"inLanguage":"az","potentialAction":[{"@type":"ReadAction","target":["https:\/\/www.meydan.tv\/az\/article\/ekoaktivist-qusarda-200-hektar-meseni-mehv-edib-bag-salmaq-isteyirler\/"]}]},{"@type":"ImageObject","inLanguage":"az","@id":"https:\/\/www.meydan.tv\/az\/article\/ekoaktivist-qusarda-200-hektar-meseni-mehv-edib-bag-salmaq-isteyirler\/#primaryimage","url":"https:\/\/www.meydan.tv\/wp-content\/uploads\/image00004_xjsykmc.jpeg","contentUrl":"https:\/\/www.meydan.tv\/wp-content\/uploads\/image00004_xjsykmc.jpeg","width":1280,"height":960,"caption":"Source: Specify Source"},{"@type":"BreadcrumbList","@id":"https:\/\/www.meydan.tv\/az\/article\/ekoaktivist-qusarda-200-hektar-meseni-mehv-edib-bag-salmaq-isteyirler\/#breadcrumb","itemListElement":[{"@type":"ListItem","position":1,"name":"Ana s\u0259hif\u0259","item":"https:\/\/www.meydan.tv\/az\/"},{"@type":"ListItem","position":2,"name":"B\u00f6lg\u0259","item":"https:\/\/www.meydan.tv\/az\/section\/bolge\/"},{"@type":"ListItem","position":3,"name":"Hikm\u0259t \u018flizad\u0259: Qusarda 200 hektar me\u015f\u0259ni m\u0259hv etm\u0259kd\u0259 t\u0259qsirl\u0259ndiril\u0259n \u015f\u0259xsl\u0259r c\u0259zaland\u0131r\u0131l\u0131b"}]},{"@type":"WebSite","@id":"https:\/\/www.meydan.tv\/az\/#website","url":"https:\/\/www.meydan.tv\/az\/","name":"MEYDAN.TV","description":"Meydan TV Az\u0259rbaycan\u0131n media m\u0259kan\u0131ndak\u0131 alternativ s\u0259sidir","publisher":{"@id":"https:\/\/www.meydan.tv\/az\/#organization"},"potentialAction":[{"@type":"SearchAction","target":{"@type":"EntryPoint","urlTemplate":"https:\/\/www.meydan.tv\/az\/?s={search_term_string}"},"query-input":{"@type":"PropertyValueSpecification","valueRequired":true,"valueName":"search_term_string"}}],"inLanguage":"az"},{"@type":"Organization","@id":"https:\/\/www.meydan.tv\/az\/#organization","name":"Meydan TV","url":"https:\/\/www.meydan.tv\/az\/","logo":{"@type":"ImageObject","inLanguage":"az","@id":"https:\/\/www.meydan.tv\/az\/#\/schema\/logo\/image\/","url":"https:\/\/www.meydan.tv\/wp-content\/uploads\/2021\/07\/meydan-logo.svg","contentUrl":"https:\/\/www.meydan.tv\/wp-content\/uploads\/2021\/07\/meydan-logo.svg","width":195,"height":46,"caption":"Meydan TV"},"image":{"@id":"https:\/\/www.meydan.tv\/az\/#\/schema\/logo\/image\/"}},{"@type":"Person","@id":"https:\/\/www.meydan.tv\/az\/#\/schema\/person\/10d11eccf6da3662cf5fdab9806ea91a","name":"user-manager"}]}},"_links":{"self":[{"href":"https:\/\/www.meydan.tv\/az\/wp-json\/wp\/v2\/posts\/204050","targetHints":{"allow":["GET"]}}],"collection":[{"href":"https:\/\/www.meydan.tv\/az\/wp-json\/wp\/v2\/posts"}],"about":[{"href":"https:\/\/www.meydan.tv\/az\/wp-json\/wp\/v2\/types\/post"}],"author":[{"embeddable":true,"href":"https:\/\/www.meydan.tv\/az\/wp-json\/wp\/v2\/users\/11"}],"replies":[{"embeddable":true,"href":"https:\/\/www.meydan.tv\/az\/wp-json\/wp\/v2\/comments?post=204050"}],"version-history":[{"count":0,"href":"https:\/\/www.meydan.tv\/az\/wp-json\/wp\/v2\/posts\/204050\/revisions"}],"wp:featuredmedia":[{"embeddable":true,"href":"https:\/\/www.meydan.tv\/az\/wp-json\/wp\/v2\/media\/153092"}],"wp:attachment":[{"href":"https:\/\/www.meydan.tv\/az\/wp-json\/wp\/v2\/media?parent=204050"}],"wp:term":[{"taxonomy":"category","embeddable":true,"href":"https:\/\/www.meydan.tv\/az\/wp-json\/wp\/v2\/categories?post=204050"},{"taxonomy":"post_tag","embeddable":true,"href":"https:\/\/www.meydan.tv\/az\/wp-json\/wp\/v2\/tags?post=204050"}],"curies":[{"name":"wp","href":"https:\/\/api.w.org\/{rel}","templated":true}]}}