{"id":204048,"date":"2020-12-14T14:30:55","date_gmt":"2020-12-14T14:30:55","guid":{"rendered":"https:\/\/www.meydan.tv\/article\/bes-ildir-cadirda-yasayiriq\/"},"modified":"2020-12-14T14:30:55","modified_gmt":"2020-12-14T14:30:55","slug":"bes-ildir-cadirda-yasayiriq","status":"publish","type":"post","link":"https:\/\/www.meydan.tv\/az\/article\/bes-ildir-cadirda-yasayiriq\/","title":{"rendered":"&#8220;Be\u015f ildir \u00e7ad\u0131rda ya\u015fay\u0131r\u0131q\u201d"},"content":{"rendered":"<p>\n  <i><br \/>\n    Yaqublu k\u0259ndinin sakini deyir, \u00e7ad\u0131rda ya\u015famaq azya\u015fl\u0131 \u00f6vladlar\u0131n\u0131n s\u0259hh\u0259tin\u0259 q\u0259nim k\u0259silib<br \/>\n  <\/i>\n<\/p>\n<p>\n  \u201cMehriban \u018fliyevaya yazd\u0131q, bir ne\u00e7\u0259 g\u00fcnd\u0259n sonra g\u0259tirib bizim\u00e7\u00fcn \u00e7ad\u0131r qurdular. O g\u00fcn \u2013 bu g\u00fcn, d\u00fcz 5 ildir ki, azya\u015fl\u0131 \u00f6vladlar\u0131mla \u00e7ad\u0131rda ya\u015fay\u0131r\u0131q\u201d.\n<\/p>\n<p>\n  Bunu Meydan TV-y\u0259 O\u011fuzun Yaqublu k\u0259nd sakini Qalib \u018fliyev deyir.\n<\/p>\n<p>\n  2015-ci ilin sentyabr\u0131nda O\u011fuzda z\u0259lz\u0259l\u0259 olub. Yaqublu k\u0259ndind\u0259ki evl\u0259r\u0259 d\u0259 z\u0259r\u0259r d\u0259yib. Bu evl\u0259rd\u0259n biri d\u0259 Qalib \u018fliyev\u0259 m\u0259xsus ev olub. Onun dem\u0259sin\u0259 g\u00f6r\u0259, ev tamamil\u0259 yarars\u0131z hala d\u00fc\u015f\u00fcb.\n<\/p>\n<p>\n  <b><br \/>\n    \u201cMehriban \u018fliyevaya yazd\u0131q, \u00e7ad\u0131r g\u00f6nd\u0259rdi\u201d<br \/>\n  <\/b>\n<\/p>\n<p>\n  \u201cZ\u0259lz\u0259l\u0259d\u0259n sonra O\u011fuz Rayon F\u00f6vq\u0259lad\u0259 Hallar Komissiyas\u0131 g\u0259lib ev\u0259 bax\u0131\u015f ke\u00e7irtdi, da\u011f\u0131nt\u0131n\u0131 qeyd\u0259 ald\u0131. Dedil\u0259r: \u201cM\u00fcv\u0259qq\u0259ti harasa yerl\u0259\u015fin, siz\u0259 ev tikil\u0259c\u0259k\u201d. Bir m\u00fcdd\u0259t g\u00f6zl\u0259dik, x\u0259b\u0259r-\u0259t\u0259r olmad\u0131. Ba\u015flad\u0131m d\u00f6vl\u0259t qurumlar\u0131na yazma\u011fa, yen\u0259 maraqlanan olmad\u0131. Mehriban \u018fliyevaya yazandan sonra \u00e7ad\u0131r g\u0259tirib qurdular. Bununla da yen\u0259 yaddan \u00e7\u0131xd\u0131q\u201d, &#8211; \u015fikay\u0259t\u00e7i deyir.\n<\/p>\n<p>\n  Qalib \u018fliyevin s\u00f6zl\u0259rin\u0259 g\u00f6r\u0259, \u00e7ad\u0131ra s\u0131\u011f\u0131nandan bir m\u00fcdd\u0259t sonra atas\u0131 F\u00f6vq\u0259lad\u0259 hallar naziri K\u0259mal\u0259ddin Heyd\u0259rovun \u015e\u0259kid\u0259 v\u0259t\u0259nda\u015flar\u0131n q\u0259bulunu ke\u00e7irdiyini bil\u0259nd\u0259 q\u0259bula yaz\u0131l\u0131b, nazirl\u0259 g\u00f6r\u00fc\u015f\u00fcb. Nazir v\u0259t\u0259nda\u015f\u0131 dinl\u0259dikd\u0259n sonra tezlikl\u0259 m\u0259s\u0259l\u0259nin h\u0259ll olunmas\u0131 \u00fc\u00e7\u00fcn yan\u0131ndak\u0131 m\u0259murlara g\u00f6st\u0259ri\u015f verib. Bu, \u00e7ad\u0131rdak\u0131 ail\u0259ni xeyli \u00fcmidl\u0259ndirib. Ancaq tezlikl\u0259 bu \u00fcmidl\u0259r d\u0259 pu\u00e7 olub.\n<\/p>\n<p>\n  <b><br \/>\n    \u201cSaxtakarl\u0131q edibl\u0259r\u201d<br \/>\n  <\/b>\n<\/p>\n<p>\n  Qalib \u018fliyev s\u00f6z\u00fcn\u0259 deyir:\n<\/p>\n<p>\n  \u201cBir d\u0259f\u0259 e\u015fitdik ki, F\u00f6vq\u0259ld\u0259 Hallar Nazirliyinin i\u015f\u00e7il\u0259ri da\u011f\u0131nt\u0131ya \u00e7evrilmi\u015f ev\u0259 bax\u0131\u015f ke\u00e7irm\u0259y\u0259 g\u0259lib. Biz d\u0259 tez oraya getdik. G\u00f6rd\u00fck ki, onlar bizim i\u015ftirak\u0131m\u0131z olmadan orada fotolar \u00e7\u0259kibl\u0259r. Biz oraya \u00e7atanda art\u0131q \u00e7\u0131x\u0131b gedirdil\u0259r. Bildirdil\u0259r ki, art\u0131q fotolar\u0131 \u00e7\u0259kibl\u0259r, \u0259lav\u0259 i\u015fl\u0259ri qalmay\u0131b. Yen\u0259 bir ay ke\u00e7di, x\u0259b\u0259r \u00e7\u0131xmad\u0131. F\u00f6vq\u0259lad\u0259 Hallar Nazirliyin\u0259 getdim ki, n\u0259tic\u0259ni \u00f6yr\u0259nim. M\u0259n\u0259 fotolar\u0131 g\u00f6st\u0259r\u0259nd\u0259 az qald\u0131m \u015foka d\u00fc\u015f\u00fcm. Dem\u0259li, bunlar evin da\u011f\u0131nt\u0131 t\u0259r\u0259fl\u0259rini yox, qalan bir-iki salamat divarlar\u0131n\u0131 \u00e7\u0259kibl\u0259r, bununla da evin b\u0259rpaya ehtiyac olmad\u0131\u011f\u0131n\u0131 q\u0259rara al\u0131blar\u201d.\n<\/p>\n<p>\n  <b><br \/>\n    \u201cM\u0259hk\u0259m\u0259 olub, amma&#8230;\u201d<br \/>\n  <\/b>\n<\/p>\n<p>\n  Qalib \u018fliyevin xeyli m\u00fcraci\u0259tl\u0259rind\u0259n sonra O\u011fuz Rayon \u0130cra Hakimiyy\u0259tind\u0259n ona bildirilib ki, yax\u015f\u0131s\u0131 budur m\u0259hk\u0259m\u0259y\u0259 m\u00fcraci\u0259t etsin. O da FHN-nin Tikintid\u0259 T\u0259hl\u00fck\u0259sizliy\u0259 N\u0259zar\u0259t D\u00f6vl\u0259t Agentliyini m\u0259hk\u0259m\u0259y\u0259 verib. Onun FHN-nin Tikintid\u0259 T\u0259hl\u00fck\u0259sizliy\u0259 N\u0259zar\u0259t D\u00f6vl\u0259t Agentliyin\u0259 qar\u015f\u0131 ev\u0259 d\u0259ymi\u015f ziyana g\u00f6r\u0259 20 min manat kompensasiya iddias\u0131na \u015e\u0259ki \u0130nzibati M\u0259hk\u0259m\u0259sind\u0259 bax\u0131l\u0131b. Cavabdeh t\u0259r\u0259f m\u0259hk\u0259m\u0259y\u0259 bildirib ki, 2016-c\u0131 ilin avqustunda Qalib \u018fliyevin evin\u0259 bax\u0131\u015f ke\u00e7irilib. M\u0259lum olub ki, ev tikinti normalar\u0131na v\u0259 t\u0259l\u0259bl\u0259rin\u0259 \u0259m\u0259l olunmadan in\u015fa olunub, uzun ill\u0259r \u0259rzind\u0259 t\u0259mir edilm\u0259yib v\u0259 k\u00f6hn\u0259lm\u0259y\u0259 m\u0259ruz qal\u0131b. Yaranm\u0131\u015f q\u00fcsurlar\u0131n t\u0259bii f\u0259lak\u0259tl\u0259 \u0259laq\u0259si olmad\u0131\u011f\u0131na g\u00f6r\u0259 v\u0259t\u0259nda\u015fa k\u00f6m\u0259klik edilm\u0259yib. Tikilinin icbari s\u0131\u011fortas\u0131 olmad\u0131\u011f\u0131 da bildirilib. Qalib \u018fliyev m\u0259hk\u0259m\u0259nin q\u0259rar\u0131ndan naraz\u0131 qal\u0131b:\n<\/p>\n<p>\n  \u201cM\u0259hk\u0259m\u0259 4 ay \u00e7\u0259kdi. Hakim \u0130lqar Cabbarov m\u0259n\u0259 dedi ki, O\u011fuzdak\u0131 z\u0259lz\u0259l\u0259d\u0259n z\u0259r\u0259rl\u0259rin aradan qald\u0131r\u0131lmas\u0131na g\u00f6r\u0259 h\u0259min rayona 1 milyon manat ayr\u0131l\u0131b. O pul da yaln\u0131z u\u015faq ba\u011f\u00e7alar\u0131n\u0131n v\u0259 m\u0259kt\u0259bl\u0259rin t\u0259mir-b\u0259rpas\u0131na x\u0259rcl\u0259nib. 5 ildir ki, ba\u015f\u0131m\u0131z\u0131 bo\u015f-bo\u015f cavablarla, m\u0259hk\u0259m\u0259 q\u0259rarlar\u0131yla qat\u0131rlar, bu yandan is\u0259 azya\u015fl\u0131 \u00f6vladlar\u0131m\u0131n sa\u011flaml\u0131\u011f\u0131 s\u0131radan \u00e7\u0131x\u0131b. Q\u0131\u015f\u0131 \u015faxtadan, soyuqdan, isinm\u0259k \u00fc\u00e7\u00fcn yand\u0131rd\u0131\u011f\u0131m\u0131z soban\u0131n t\u0259hl\u00fck\u0259sind\u0259n, yayda \u00e7ad\u0131r\u0131n \u0259traf\u0131na y\u0131\u011f\u0131lan qurd-qu\u015fdan qorunmaqdan bezmi\u015fik\u201d.\n<\/p>\n<p>\n  Qalib \u018fliyev m\u0259hk\u0259m\u0259 q\u0259rar\u0131ndan apelyasiya \u015fikay\u0259ti verib. Paralel olaraq \u00f6lk\u0259 ba\u015f\u00e7\u0131s\u0131na, Birinci vitse-prezident\u0259 t\u0259krar m\u00fcraci\u0259tl\u0259r edib.\n<\/p>\n<figure class=\"wp-block-image size-large\">\n  <img decoding=\"async\" src=\"https:\/\/www.meydan.tv\/az\/photo-2020-12-14-14-23-24-jpg\/\" alt=\"PHOTO-2020-12-14-14-23-24.jpg\" class=\"wp-image-153059\"\/><figcaption>\n    \u00c7ad\u0131r<br \/>\n  <\/figcaption><\/figure>\n<figure class=\"wp-block-image size-large\">\n  <img decoding=\"async\" src=\"https:\/\/www.meydan.tv\/az\/photo-2020-12-14-14-23-23-1-jpg\/\" alt=\"PHOTO-2020-12-14-14-23-23 (1).jpg\" class=\"wp-image-153068\"\/><figcaption>\n    \u00c7ad\u0131r<br \/>\n  <\/figcaption><\/figure>\n<figure class=\"wp-block-image size-large\">\n  <img decoding=\"async\" src=\"https:\/\/www.meydan.tv\/az\/photo-2020-12-14-14-24-01-jpg\/\" alt=\"PHOTO-2020-12-14-14-24-01.jpg\" class=\"wp-image-153071\"\/><figcaption>\n    Evin V\u0259ziyy\u0259ti<br \/>\n  <\/figcaption><\/figure>\n","protected":false},"excerpt":{"rendered":"<p>Yaqublu k\u0259ndinin sakini deyir, \u00e7ad\u0131rda ya\u015famaq azya\u015fl\u0131 \u00f6vladlar\u0131n\u0131n s\u0259hh\u0259tin\u0259 q\u0259nim k\u0259silib<\/p>\n","protected":false},"author":11,"featured_media":153065,"comment_status":"closed","ping_status":"open","sticky":false,"template":"","format":"standard","meta":{"_acf_changed":false,"_sitemap_exclude":false,"_sitemap_priority":"","_sitemap_frequency":"","footnotes":""},"categories":[60],"tags":[],"class_list":["post-204048","post","type-post","status-publish","format-standard","has-post-thumbnail","hentry","category-bolge","infinite-scroll-item","generate-columns","tablet-grid-50","mobile-grid-100","grid-parent","grid-33","no-featured-image-padding"],"acf":[],"yoast_head":"<!-- This site is optimized with the Yoast SEO plugin v27.5 - https:\/\/yoast.com\/product\/yoast-seo-wordpress\/ -->\n<title>&quot;Be\u015f ildir \u00e7ad\u0131rda ya\u015fay\u0131r\u0131q\u201d - MEYDAN.TV<\/title>\n<meta name=\"robots\" content=\"index, follow, max-snippet:-1, max-image-preview:large, max-video-preview:-1\" \/>\n<link rel=\"canonical\" href=\"https:\/\/www.meydan.tv\/az\/article\/bes-ildir-cadirda-yasayiriq\/\" \/>\n<meta property=\"og:locale\" content=\"az_AZ\" \/>\n<meta property=\"og:type\" content=\"article\" \/>\n<meta property=\"og:title\" content=\"&quot;Be\u015f ildir \u00e7ad\u0131rda ya\u015fay\u0131r\u0131q\u201d - MEYDAN.TV\" \/>\n<meta property=\"og:description\" content=\"Yaqublu k\u0259ndinin sakini deyir, \u00e7ad\u0131rda ya\u015famaq azya\u015fl\u0131 \u00f6vladlar\u0131n\u0131n s\u0259hh\u0259tin\u0259 q\u0259nim k\u0259silib\" \/>\n<meta property=\"og:url\" content=\"https:\/\/www.meydan.tv\/az\/article\/bes-ildir-cadirda-yasayiriq\/\" \/>\n<meta property=\"og:site_name\" content=\"MEYDAN.TV\" \/>\n<meta property=\"article:published_time\" content=\"2020-12-14T14:30:55+00:00\" \/>\n<meta property=\"og:image\" content=\"https:\/\/www.meydan.tv\/wp-content\/uploads\/photo-2020-12-14-14-23-23.jpg\" \/>\n\t<meta property=\"og:image:width\" content=\"1280\" \/>\n\t<meta property=\"og:image:height\" content=\"960\" \/>\n\t<meta property=\"og:image:type\" content=\"image\/jpeg\" \/>\n<meta name=\"author\" content=\"user-manager\" \/>\n<meta name=\"twitter:card\" content=\"summary_large_image\" \/>\n<script type=\"application\/ld+json\" class=\"yoast-schema-graph\">{\"@context\":\"https:\\\/\\\/schema.org\",\"@graph\":[{\"@type\":\"Article\",\"@id\":\"https:\\\/\\\/www.meydan.tv\\\/az\\\/article\\\/bes-ildir-cadirda-yasayiriq\\\/#article\",\"isPartOf\":{\"@id\":\"https:\\\/\\\/www.meydan.tv\\\/az\\\/article\\\/bes-ildir-cadirda-yasayiriq\\\/\"},\"author\":{\"name\":\"user-manager\",\"@id\":\"https:\\\/\\\/www.meydan.tv\\\/az\\\/#\\\/schema\\\/person\\\/10d11eccf6da3662cf5fdab9806ea91a\"},\"headline\":\"&#8220;Be\u015f ildir \u00e7ad\u0131rda ya\u015fay\u0131r\u0131q\u201d\",\"datePublished\":\"2020-12-14T14:30:55+00:00\",\"mainEntityOfPage\":{\"@id\":\"https:\\\/\\\/www.meydan.tv\\\/az\\\/article\\\/bes-ildir-cadirda-yasayiriq\\\/\"},\"wordCount\":793,\"publisher\":{\"@id\":\"https:\\\/\\\/www.meydan.tv\\\/az\\\/#organization\"},\"image\":{\"@id\":\"https:\\\/\\\/www.meydan.tv\\\/az\\\/article\\\/bes-ildir-cadirda-yasayiriq\\\/#primaryimage\"},\"thumbnailUrl\":\"https:\\\/\\\/www.meydan.tv\\\/wp-content\\\/uploads\\\/photo-2020-12-14-14-23-23.jpg\",\"articleSection\":[\"B\u00f6lg\u0259\"],\"inLanguage\":\"az\"},{\"@type\":\"WebPage\",\"@id\":\"https:\\\/\\\/www.meydan.tv\\\/az\\\/article\\\/bes-ildir-cadirda-yasayiriq\\\/\",\"url\":\"https:\\\/\\\/www.meydan.tv\\\/az\\\/article\\\/bes-ildir-cadirda-yasayiriq\\\/\",\"name\":\"\\\"Be\u015f ildir \u00e7ad\u0131rda ya\u015fay\u0131r\u0131q\u201d - MEYDAN.TV\",\"isPartOf\":{\"@id\":\"https:\\\/\\\/www.meydan.tv\\\/az\\\/#website\"},\"primaryImageOfPage\":{\"@id\":\"https:\\\/\\\/www.meydan.tv\\\/az\\\/article\\\/bes-ildir-cadirda-yasayiriq\\\/#primaryimage\"},\"image\":{\"@id\":\"https:\\\/\\\/www.meydan.tv\\\/az\\\/article\\\/bes-ildir-cadirda-yasayiriq\\\/#primaryimage\"},\"thumbnailUrl\":\"https:\\\/\\\/www.meydan.tv\\\/wp-content\\\/uploads\\\/photo-2020-12-14-14-23-23.jpg\",\"datePublished\":\"2020-12-14T14:30:55+00:00\",\"breadcrumb\":{\"@id\":\"https:\\\/\\\/www.meydan.tv\\\/az\\\/article\\\/bes-ildir-cadirda-yasayiriq\\\/#breadcrumb\"},\"inLanguage\":\"az\",\"potentialAction\":[{\"@type\":\"ReadAction\",\"target\":[\"https:\\\/\\\/www.meydan.tv\\\/az\\\/article\\\/bes-ildir-cadirda-yasayiriq\\\/\"]}]},{\"@type\":\"ImageObject\",\"inLanguage\":\"az\",\"@id\":\"https:\\\/\\\/www.meydan.tv\\\/az\\\/article\\\/bes-ildir-cadirda-yasayiriq\\\/#primaryimage\",\"url\":\"https:\\\/\\\/www.meydan.tv\\\/wp-content\\\/uploads\\\/photo-2020-12-14-14-23-23.jpg\",\"contentUrl\":\"https:\\\/\\\/www.meydan.tv\\\/wp-content\\\/uploads\\\/photo-2020-12-14-14-23-23.jpg\",\"width\":1280,\"height\":960,\"caption\":\"Source: Meydan Tv\"},{\"@type\":\"BreadcrumbList\",\"@id\":\"https:\\\/\\\/www.meydan.tv\\\/az\\\/article\\\/bes-ildir-cadirda-yasayiriq\\\/#breadcrumb\",\"itemListElement\":[{\"@type\":\"ListItem\",\"position\":1,\"name\":\"Ana s\u0259hif\u0259\",\"item\":\"https:\\\/\\\/www.meydan.tv\\\/az\\\/\"},{\"@type\":\"ListItem\",\"position\":2,\"name\":\"B\u00f6lg\u0259\",\"item\":\"https:\\\/\\\/www.meydan.tv\\\/az\\\/section\\\/bolge\\\/\"},{\"@type\":\"ListItem\",\"position\":3,\"name\":\"&#8220;Be\u015f ildir \u00e7ad\u0131rda ya\u015fay\u0131r\u0131q\u201d\"}]},{\"@type\":\"WebSite\",\"@id\":\"https:\\\/\\\/www.meydan.tv\\\/az\\\/#website\",\"url\":\"https:\\\/\\\/www.meydan.tv\\\/az\\\/\",\"name\":\"MEYDAN.TV\",\"description\":\"Meydan TV Az\u0259rbaycan\u0131n media m\u0259kan\u0131ndak\u0131 alternativ s\u0259sidir\",\"publisher\":{\"@id\":\"https:\\\/\\\/www.meydan.tv\\\/az\\\/#organization\"},\"potentialAction\":[{\"@type\":\"SearchAction\",\"target\":{\"@type\":\"EntryPoint\",\"urlTemplate\":\"https:\\\/\\\/www.meydan.tv\\\/az\\\/?s={search_term_string}\"},\"query-input\":{\"@type\":\"PropertyValueSpecification\",\"valueRequired\":true,\"valueName\":\"search_term_string\"}}],\"inLanguage\":\"az\"},{\"@type\":\"Organization\",\"@id\":\"https:\\\/\\\/www.meydan.tv\\\/az\\\/#organization\",\"name\":\"Meydan TV\",\"url\":\"https:\\\/\\\/www.meydan.tv\\\/az\\\/\",\"logo\":{\"@type\":\"ImageObject\",\"inLanguage\":\"az\",\"@id\":\"https:\\\/\\\/www.meydan.tv\\\/az\\\/#\\\/schema\\\/logo\\\/image\\\/\",\"url\":\"https:\\\/\\\/www.meydan.tv\\\/wp-content\\\/uploads\\\/2021\\\/07\\\/meydan-logo.svg\",\"contentUrl\":\"https:\\\/\\\/www.meydan.tv\\\/wp-content\\\/uploads\\\/2021\\\/07\\\/meydan-logo.svg\",\"width\":195,\"height\":46,\"caption\":\"Meydan TV\"},\"image\":{\"@id\":\"https:\\\/\\\/www.meydan.tv\\\/az\\\/#\\\/schema\\\/logo\\\/image\\\/\"}},{\"@type\":\"Person\",\"@id\":\"https:\\\/\\\/www.meydan.tv\\\/az\\\/#\\\/schema\\\/person\\\/10d11eccf6da3662cf5fdab9806ea91a\",\"name\":\"user-manager\"}]}<\/script>\n<!-- \/ Yoast SEO plugin. -->","yoast_head_json":{"title":"\"Be\u015f ildir \u00e7ad\u0131rda ya\u015fay\u0131r\u0131q\u201d - MEYDAN.TV","robots":{"index":"index","follow":"follow","max-snippet":"max-snippet:-1","max-image-preview":"max-image-preview:large","max-video-preview":"max-video-preview:-1"},"canonical":"https:\/\/www.meydan.tv\/az\/article\/bes-ildir-cadirda-yasayiriq\/","og_locale":"az_AZ","og_type":"article","og_title":"\"Be\u015f ildir \u00e7ad\u0131rda ya\u015fay\u0131r\u0131q\u201d - MEYDAN.TV","og_description":"Yaqublu k\u0259ndinin sakini deyir, \u00e7ad\u0131rda ya\u015famaq azya\u015fl\u0131 \u00f6vladlar\u0131n\u0131n s\u0259hh\u0259tin\u0259 q\u0259nim k\u0259silib","og_url":"https:\/\/www.meydan.tv\/az\/article\/bes-ildir-cadirda-yasayiriq\/","og_site_name":"MEYDAN.TV","article_published_time":"2020-12-14T14:30:55+00:00","og_image":[{"width":1280,"height":960,"url":"https:\/\/www.meydan.tv\/wp-content\/uploads\/photo-2020-12-14-14-23-23.jpg","type":"image\/jpeg"}],"author":"user-manager","twitter_card":"summary_large_image","schema":{"@context":"https:\/\/schema.org","@graph":[{"@type":"Article","@id":"https:\/\/www.meydan.tv\/az\/article\/bes-ildir-cadirda-yasayiriq\/#article","isPartOf":{"@id":"https:\/\/www.meydan.tv\/az\/article\/bes-ildir-cadirda-yasayiriq\/"},"author":{"name":"user-manager","@id":"https:\/\/www.meydan.tv\/az\/#\/schema\/person\/10d11eccf6da3662cf5fdab9806ea91a"},"headline":"&#8220;Be\u015f ildir \u00e7ad\u0131rda ya\u015fay\u0131r\u0131q\u201d","datePublished":"2020-12-14T14:30:55+00:00","mainEntityOfPage":{"@id":"https:\/\/www.meydan.tv\/az\/article\/bes-ildir-cadirda-yasayiriq\/"},"wordCount":793,"publisher":{"@id":"https:\/\/www.meydan.tv\/az\/#organization"},"image":{"@id":"https:\/\/www.meydan.tv\/az\/article\/bes-ildir-cadirda-yasayiriq\/#primaryimage"},"thumbnailUrl":"https:\/\/www.meydan.tv\/wp-content\/uploads\/photo-2020-12-14-14-23-23.jpg","articleSection":["B\u00f6lg\u0259"],"inLanguage":"az"},{"@type":"WebPage","@id":"https:\/\/www.meydan.tv\/az\/article\/bes-ildir-cadirda-yasayiriq\/","url":"https:\/\/www.meydan.tv\/az\/article\/bes-ildir-cadirda-yasayiriq\/","name":"\"Be\u015f ildir \u00e7ad\u0131rda ya\u015fay\u0131r\u0131q\u201d - MEYDAN.TV","isPartOf":{"@id":"https:\/\/www.meydan.tv\/az\/#website"},"primaryImageOfPage":{"@id":"https:\/\/www.meydan.tv\/az\/article\/bes-ildir-cadirda-yasayiriq\/#primaryimage"},"image":{"@id":"https:\/\/www.meydan.tv\/az\/article\/bes-ildir-cadirda-yasayiriq\/#primaryimage"},"thumbnailUrl":"https:\/\/www.meydan.tv\/wp-content\/uploads\/photo-2020-12-14-14-23-23.jpg","datePublished":"2020-12-14T14:30:55+00:00","breadcrumb":{"@id":"https:\/\/www.meydan.tv\/az\/article\/bes-ildir-cadirda-yasayiriq\/#breadcrumb"},"inLanguage":"az","potentialAction":[{"@type":"ReadAction","target":["https:\/\/www.meydan.tv\/az\/article\/bes-ildir-cadirda-yasayiriq\/"]}]},{"@type":"ImageObject","inLanguage":"az","@id":"https:\/\/www.meydan.tv\/az\/article\/bes-ildir-cadirda-yasayiriq\/#primaryimage","url":"https:\/\/www.meydan.tv\/wp-content\/uploads\/photo-2020-12-14-14-23-23.jpg","contentUrl":"https:\/\/www.meydan.tv\/wp-content\/uploads\/photo-2020-12-14-14-23-23.jpg","width":1280,"height":960,"caption":"Source: Meydan Tv"},{"@type":"BreadcrumbList","@id":"https:\/\/www.meydan.tv\/az\/article\/bes-ildir-cadirda-yasayiriq\/#breadcrumb","itemListElement":[{"@type":"ListItem","position":1,"name":"Ana s\u0259hif\u0259","item":"https:\/\/www.meydan.tv\/az\/"},{"@type":"ListItem","position":2,"name":"B\u00f6lg\u0259","item":"https:\/\/www.meydan.tv\/az\/section\/bolge\/"},{"@type":"ListItem","position":3,"name":"&#8220;Be\u015f ildir \u00e7ad\u0131rda ya\u015fay\u0131r\u0131q\u201d"}]},{"@type":"WebSite","@id":"https:\/\/www.meydan.tv\/az\/#website","url":"https:\/\/www.meydan.tv\/az\/","name":"MEYDAN.TV","description":"Meydan TV Az\u0259rbaycan\u0131n media m\u0259kan\u0131ndak\u0131 alternativ s\u0259sidir","publisher":{"@id":"https:\/\/www.meydan.tv\/az\/#organization"},"potentialAction":[{"@type":"SearchAction","target":{"@type":"EntryPoint","urlTemplate":"https:\/\/www.meydan.tv\/az\/?s={search_term_string}"},"query-input":{"@type":"PropertyValueSpecification","valueRequired":true,"valueName":"search_term_string"}}],"inLanguage":"az"},{"@type":"Organization","@id":"https:\/\/www.meydan.tv\/az\/#organization","name":"Meydan TV","url":"https:\/\/www.meydan.tv\/az\/","logo":{"@type":"ImageObject","inLanguage":"az","@id":"https:\/\/www.meydan.tv\/az\/#\/schema\/logo\/image\/","url":"https:\/\/www.meydan.tv\/wp-content\/uploads\/2021\/07\/meydan-logo.svg","contentUrl":"https:\/\/www.meydan.tv\/wp-content\/uploads\/2021\/07\/meydan-logo.svg","width":195,"height":46,"caption":"Meydan TV"},"image":{"@id":"https:\/\/www.meydan.tv\/az\/#\/schema\/logo\/image\/"}},{"@type":"Person","@id":"https:\/\/www.meydan.tv\/az\/#\/schema\/person\/10d11eccf6da3662cf5fdab9806ea91a","name":"user-manager"}]}},"_links":{"self":[{"href":"https:\/\/www.meydan.tv\/az\/wp-json\/wp\/v2\/posts\/204048","targetHints":{"allow":["GET"]}}],"collection":[{"href":"https:\/\/www.meydan.tv\/az\/wp-json\/wp\/v2\/posts"}],"about":[{"href":"https:\/\/www.meydan.tv\/az\/wp-json\/wp\/v2\/types\/post"}],"author":[{"embeddable":true,"href":"https:\/\/www.meydan.tv\/az\/wp-json\/wp\/v2\/users\/11"}],"replies":[{"embeddable":true,"href":"https:\/\/www.meydan.tv\/az\/wp-json\/wp\/v2\/comments?post=204048"}],"version-history":[{"count":0,"href":"https:\/\/www.meydan.tv\/az\/wp-json\/wp\/v2\/posts\/204048\/revisions"}],"wp:featuredmedia":[{"embeddable":true,"href":"https:\/\/www.meydan.tv\/az\/wp-json\/wp\/v2\/media\/153065"}],"wp:attachment":[{"href":"https:\/\/www.meydan.tv\/az\/wp-json\/wp\/v2\/media?parent=204048"}],"wp:term":[{"taxonomy":"category","embeddable":true,"href":"https:\/\/www.meydan.tv\/az\/wp-json\/wp\/v2\/categories?post=204048"},{"taxonomy":"post_tag","embeddable":true,"href":"https:\/\/www.meydan.tv\/az\/wp-json\/wp\/v2\/tags?post=204048"}],"curies":[{"name":"wp","href":"https:\/\/api.w.org\/{rel}","templated":true}]}}