{"id":204043,"date":"2020-12-14T13:47:28","date_gmt":"2020-12-14T13:47:28","guid":{"rendered":"https:\/\/www.meydan.tv\/article\/qarabag-doyuscusunun-atasi-icra-bascisi-deyir-ki-guya-mene-komek-edibler-imtina-etmisem\/"},"modified":"2020-12-14T13:47:28","modified_gmt":"2020-12-14T13:47:28","slug":"qarabag-doyuscusunun-atasi-icra-bascisi-deyir-ki-guya-mene-komek-edibler-imtina-etmisem","status":"publish","type":"post","link":"https:\/\/www.meydan.tv\/az\/article\/qarabag-doyuscusunun-atasi-icra-bascisi-deyir-ki-guya-mene-komek-edibler-imtina-etmisem\/","title":{"rendered":"Qaraba\u011f d\u00f6y\u00fc\u015f\u00e7\u00fcs\u00fcn\u00fcn atas\u0131: \u0130cra ba\u015f\u00e7\u0131s\u0131 deyir ki, guya m\u0259n\u0259 k\u00f6m\u0259k edibl\u0259r, imtina etmi\u015f\u0259m"},"content":{"rendered":"<p>\n  <i><br \/>\n    \u201cMehdi S\u0259limzad\u0259 \u015fikay\u0259timd\u0259n sonra bir d\u0259f\u0259 g\u0259lib evimiz\u0259 d\u0259ydi, \u00e7\u0131x\u0131b getdi\u201d<br \/>\n  <\/i>\n<\/p>\n<p>\n  G\u00f6y\u00e7ay\u0131n M\u00fcsk\u00fcrl\u00fc k\u0259nd sakini M\u0259mm\u0259dov Ramazan \u018fv\u0259z o\u011flu rayon \u0130cra Hakimiyy\u0259tind\u0259n v\u0259 M\u0259rk\u0259zi X\u0259st\u0259xanan\u0131n ba\u015f h\u0259kimind\u0259n naraz\u0131d\u0131r.\n<\/p>\n<p>\n  O, Meydan Tv-y\u0259 deyir ki, o\u011flu 04.07.1997-ci il t\u0259v\u0259ll\u00fcdl\u00fc R\u00fcst\u0259m M\u0259mm\u0259dov II Qaraba\u011f d\u00f6y\u00fc\u015fl\u0259rind\u0259 i\u015ftirak edib v\u0259 a\u011f\u0131r yaralan\u0131b, lakin rayon r\u0259hb\u0259rliyi evd\u0259 m\u00fcalic\u0259 alan yaral\u0131ya etinas\u0131z yana\u015f\u0131b:\n<\/p>\n<p>\n  &quot;O\u011flum sentyabr\u0131n 21-d\u0259 S\u0259f\u0259rb\u0259rlik v\u0259 H\u0259rbi Xidm\u0259t\u0259 \u00c7a\u011fr\u0131\u015f \u00fczr\u0259 D\u00f6vl\u0259t Xidm\u0259tinin G\u00f6y\u00e7ay rayon \u015f\u00f6b\u0259si t\u0259r\u0259find\u0259n h\u0259rbi xidm\u0259t\u0259 apar\u0131ld\u0131. 02 noyabr 2020-ci il tarixd\u0259 Suqov\u015fanda ged\u0259n d\u00f6y\u00fc\u015fl\u0259rd\u0259 a\u011f\u0131r yaralan\u0131b. Aya\u011f\u0131 bir ne\u00e7\u0259 yerd\u0259n s\u0131n\u0131b, ba\u015f\u0131ndan v\u0259 b\u0259d\u0259ninin m\u00fcxt\u0259lif yerind\u0259n q\u0259lp\u0259 yaralar\u0131 al\u0131b. Bir m\u00fcdd\u0259t Yevlax rayon X\u0259st\u0259xanas\u0131nda m\u00fcalic\u0259 olundu, sonra h\u0259rbi hiss\u0259 komandiri t\u0259r\u0259find\u0259n m\u0259zuniyy\u0259t\u0259 burax\u0131ld\u0131. Haz\u0131rda aya\u011f\u0131 gipisd\u0259 &#8211; d\u0259mir konstruksiyadad\u0131r. H\u0259l\u0259 sa\u011falmay\u0131b. Sol nahiy\u0259d\u0259 g\u00f6rm\u0259 v\u0259 e\u015fitm\u0259 qabiliyy\u0259ti d\u0259 yoxdur. \u00d6z\u00fcm Az\u0259rbaycan D\u0259mir Yollar\u0131 QSC-nin Ucar \u0259razisind\u0259 d\u0259mir yolunda f\u0259hl\u0259 i\u015fl\u0259yir\u0259m. \u00d6vladlar\u0131m\u0131n b\u00f6y\u00fcy\u00fc R\u00fcst\u0259mdir, dig\u0259r 3 \u00f6vlad\u0131m azya\u015fl\u0131d\u0131r&quot;.\n<\/p>\n<p>\n  <b><br \/>\n    \u201cEvimiz q\u0259zal\u0131 v\u0259ziyy\u0259td\u0259dir ki, h\u0259r an u\u00e7a bil\u0259r\u201d<br \/>\n  <\/b>\n<\/p>\n<p>\n  Onun s\u00f6zl\u0259rin\u0259 g\u00f6r\u0259, o\u011flunun tam sa\u011falmadan ev\u0259 g\u00f6nd\u0259rilm\u0259si v\u0259 m\u00fclaic\u0259sin\u0259 he\u00e7 bir yard\u0131m\u0131n g\u00f6st\u0259rilm\u0259m\u0259si ail\u0259ni a\u011f\u0131r durumda qoyub.\n<\/p>\n<p>\n  Ramazan M\u0259mm\u0259dov yoxsul v\u0259 ac\u0131nacaql\u0131 bir durumda ya\u015fad\u0131qlar\u0131n\u0131 deyir: &quot;Ac\u0131nacaql\u0131, yoxsul v\u0259ziyy\u0259td\u0259 ya\u015fay\u0131r\u0131q. He\u00e7 bir yerd\u0259n maddi k\u00f6m\u0259yimiz d\u0259 yoxdur. Ya\u015fad\u0131\u011f\u0131m\u0131z M\u00fcsk\u00fcrl\u00fc k\u0259ndind\u0259n G\u00f6y\u00e7ay rayon X\u0259st\u0259xanas\u0131na 20 km m\u0259saf\u0259dir. H\u0259r g\u00fcn o\u011flumu ora apar\u0131b g\u0259tirm\u0259y\u0259 bel\u0259 maddi imkan\u0131m yoxdur. Evimiz q\u0259zal\u0131 v\u0259ziyy\u0259td\u0259dir ki, h\u0259r an u\u00e7a bil\u0259r. G\u00f6y\u00e7ar Rayon \u0130cra Hakimiyy\u0259ti ba\u015f\u00e7\u0131s\u0131 Mehdi S\u0259limzad\u0259 V\u0259t\u0259n M\u00fcharib\u0259si qazisi olan a\u011f\u0131r yaral\u0131 o\u011flumla maraqlanm\u0131rd\u0131. Hans\u0131 ki o\u011flum R\u00fcst\u0259min qazi olmas\u0131ndan onun x\u0259b\u0259ri var idi. Yaln\u0131z m\u0259nim \u015fikay\u0259timd\u0259n sonra bir d\u0259f\u0259 g\u0259lib evimiz\u0259 d\u0259ydi, sonra da \u00e7\u0131x\u0131b getdi. Nec\u0259 ki k\u0259nd sakinl\u0259ri g\u0259lib ba\u015f \u00e7\u0259kib gedirdil\u0259r, o da el\u0259 g\u0259lib ba\u015f \u00e7\u0259kdi, \u00e7\u0131x\u0131b getdi. Sonra is\u0259 m\u0259lumat yayd\u0131 ki, guya m\u0259n\u0259 d\u0259st\u0259k g\u00f6st\u0259ribl\u0259r, ancaq m\u0259n imtina etmi\u015f\u0259m. Yalan dan\u0131\u015f\u0131drlar, m\u0259n b\u00fct\u00fcn m\u00fcalic\u0259 x\u0259rcl\u0259rini \u00f6z\u00fcm \u00e7\u0259kdim. 300 manat maa\u015f al\u0131ram, amma o\u011flumun m\u00fcalic\u0259 x\u0259rcl\u0259ri h\u0259ddind\u0259n art\u0131q \u00e7oxdur&quot;.\n<\/p>\n<figure class=\"wp-block-image size-large\">\n  <img decoding=\"async\" src=\"https:\/\/www.meydan.tv\/az\/129717790_743500046256149_6701715050618976374_n-jpg\/\" alt=\"129717790_743500046256149_6701715050618976374_n.jpg\" class=\"wp-image-153044\"\/><figcaption>\n    Ail\u0259nin ya\u015fad\u0131\u011f\u0131 ev<br \/>\n  <\/figcaption><\/figure>\n<p>\n  <b><br \/>\n    \u201cBa\u015f h\u0259kimd\u0259n bir h\u0259ft\u0259y\u0259 s\u0259n\u0259d ala bildim\u201d<br \/>\n  <\/b>\n<\/p>\n<p>\n  O deyir ki, o\u011flunu Bak\u0131ya aparmaq \u00fc\u00e7\u00fcn G\u00f6y\u00e7ay Rayon M\u0259rk\u0259zi X\u0259st\u0259xanas\u0131ndan g\u00f6nd\u0259ri\u015f almaq \u00fc\u00e7\u00fcn g\u00fcnl\u0259rl\u0259 qap\u0131larda qal\u0131b: \u201cG\u00f6rd\u00fcm ki, baxm\u0131rlar, g\u00f6t\u00fcr\u00fcb Ucara apard\u0131m. \u018fslind\u0259, Ucar\u0131n he\u00e7 biz\u0259 aidiyyat\u0131 yoxdur. Amma orada Xal\u0259ddin h\u0259kim sa\u011f olsun, m\u00fcalic\u0259 yazd\u0131, amma dedi ki, bu, m\u00fctl\u0259q Bak\u0131ya apar\u0131lmal\u0131, MRT olunmal\u0131d\u0131r, evd\u0259 m\u00fcalic\u0259si effekt verm\u0259y\u0259c\u0259k. Dedi ki, G\u00f6y\u00e7ay M\u0259rk\u0259zi X\u0259st\u0259xanas\u0131 g\u00f6nd\u0259ri\u015f verm\u0259lidir. D\u00fcz, bir h\u0259ft\u0259y\u0259 ba\u015f h\u0259kim L\u0259man Hac\u0131yevadan bir s\u0259n\u0259d ala bildim. \u0130ndi u\u015faq Bak\u0131dad\u0131r, Silahl\u0131 Q\u00fcvv\u0259l\u0259rin Papanind\u0259ki Ba\u015f Klinik Hospital\u0131nda m\u00fcalic\u0259 olunur, bilmir\u0259m n\u0259tic\u0259si nec\u0259 olacaq\u201d.\n<\/p>\n<p>\n  <b><br \/>\n    \u201cO\u011flum \u0259m\u0259k qabiliyy\u0259tinin 90 faizini itirib\u201d<br \/>\n  <\/b>\n<\/p>\n<p>\n  Yaral\u0131 \u0259sg\u0259rin atas\u0131n\u0131n s\u00f6zl\u0259rin\u0259 g\u00f6r\u0259, o\u011flu \u0259m\u0259k qabiliyy\u0259tini dem\u0259k olar ki, itirib: \u201cR\u00fcst\u0259m h\u0259rbi xidm\u0259td\u0259 a\u011f\u0131r yaralan\u0131b, \u0259m\u0259k qabiliyy\u0259tinin 90% hiss\u0259sini itirib. Ona \u0259lillik d\u0259r\u0259c\u0259si t\u0259yin edilm\u0259ldir. Bilmir\u0259m buna g\u00f6r\u0259 hans\u0131 \u0259ziyy\u0259tl\u0259rd\u0259n ke\u00e7m\u0259liyik. Deyirl\u0259r ki, s\u0259n\u0259dl\u0259ri toplay\u0131n, ax\u0131 bu s\u0259n\u0259dl\u0259ri nec\u0259 toplayaq? Hadis\u0259 m\u00fclki h\u0259yatda olmay\u0131b ax\u0131. \u00d6zl\u0259ri s\u0259n\u0259d verm\u0259lidirl\u0259r. M\u0259nim Ali Ba\u015f Komandana m\u00fcraci\u0259t etm\u0259kd\u0259n ba\u015fqa \u0259limd\u0259n he\u00e7 n\u0259 g\u0259lmir\u201d.\n<\/p>\n<p>\n  Meydan Tv G\u00f6y\u00e7ay Rayon \u0130cra Hakimiyy\u0259ti il\u0259 \u0259laq\u0259 saxlay\u0131b. \u0130ctimai-siyasi v\u0259 humanitar m\u0259s\u0259l\u0259l\u0259r \u015f\u00f6b\u0259sind\u0259n bildirilib ki, m\u0259s\u0259l\u0259y\u0259 g\u00fcn \u0259razind\u0259 m\u00fcnasib\u0259t bildiril\u0259c\u0259k. Daha sonra edil\u0259n z\u0259ngl\u0259r\u0259 cavab verilm\u0259yib.\n<\/p>\n<p>\n  G\u00f6y\u00e7ay Rayon M\u0259rk\u0259zi X\u0259st\u0259xanas\u0131ndan is\u0259 bildirilib ki, ba\u015f h\u0259kim x\u0259st\u0259l\u0259rl\u0259 m\u0259\u015f\u011ful oldu\u011fundan m\u00f6vzuya m\u00fcnasib\u0259t bildir\u0259 bilm\u0259y\u0259c\u0259k.\n<\/p>\n<figure class=\"wp-block-image size-large\">\n  <img decoding=\"async\" src=\"https:\/\/www.meydan.tv\/az\/130096917_226269355564927_5283571629686730042_n-jpg\/\" alt=\"130096917_226269355564927_5283571629686730042_n.jpg\" class=\"wp-image-153050\"\/><figcaption>\n    O deyir ki, o\u011flunu Bak\u0131ya aparmaq \u00fc\u00e7\u00fcn G\u00f6y\u00e7ay Rayon M\u0259rk\u0259zi X\u0259st\u0259xanas\u0131ndan g\u00f6nd\u0259ri\u015f almaq \u00fc\u00e7\u00fcn g\u00fcnl\u0259rl\u0259 qap\u0131larda qal\u0131b<br \/>\n  <\/figcaption><\/figure>\n","protected":false},"excerpt":{"rendered":"<p>O deyir ki, o\u011flunu Bak\u0131ya aparmaq \u00fc\u00e7\u00fcn G\u00f6y\u00e7ay Rayon M\u0259rk\u0259zi X\u0259st\u0259xanas\u0131ndan g\u00f6nd\u0259ri\u015f almaq \u00fc\u00e7\u00fcn g\u00fcnl\u0259rl\u0259 qap\u0131larda qal\u0131b<\/p>\n","protected":false},"author":11,"featured_media":153053,"comment_status":"closed","ping_status":"open","sticky":false,"template":"","format":"standard","meta":{"_acf_changed":false,"_sitemap_exclude":false,"_sitemap_priority":"","_sitemap_frequency":"","footnotes":""},"categories":[60],"tags":[],"class_list":["post-204043","post","type-post","status-publish","format-standard","has-post-thumbnail","hentry","category-bolge","infinite-scroll-item","generate-columns","tablet-grid-50","mobile-grid-100","grid-parent","grid-33","no-featured-image-padding"],"acf":[],"yoast_head":"<!-- This site is optimized with the Yoast SEO plugin v27.5 - https:\/\/yoast.com\/product\/yoast-seo-wordpress\/ -->\n<title>Qaraba\u011f d\u00f6y\u00fc\u015f\u00e7\u00fcs\u00fcn\u00fcn atas\u0131: \u0130cra ba\u015f\u00e7\u0131s\u0131 deyir ki, guya m\u0259n\u0259 k\u00f6m\u0259k edibl\u0259r, imtina etmi\u015f\u0259m - MEYDAN.TV<\/title>\n<meta name=\"robots\" content=\"index, follow, max-snippet:-1, max-image-preview:large, max-video-preview:-1\" \/>\n<link rel=\"canonical\" href=\"https:\/\/www.meydan.tv\/az\/article\/qarabag-doyuscusunun-atasi-icra-bascisi-deyir-ki-guya-mene-komek-edibler-imtina-etmisem\/\" \/>\n<meta property=\"og:locale\" content=\"az_AZ\" \/>\n<meta property=\"og:type\" content=\"article\" \/>\n<meta property=\"og:title\" content=\"Qaraba\u011f d\u00f6y\u00fc\u015f\u00e7\u00fcs\u00fcn\u00fcn atas\u0131: \u0130cra ba\u015f\u00e7\u0131s\u0131 deyir ki, guya m\u0259n\u0259 k\u00f6m\u0259k edibl\u0259r, imtina etmi\u015f\u0259m - MEYDAN.TV\" \/>\n<meta property=\"og:description\" content=\"O deyir ki, o\u011flunu Bak\u0131ya aparmaq \u00fc\u00e7\u00fcn G\u00f6y\u00e7ay Rayon M\u0259rk\u0259zi X\u0259st\u0259xanas\u0131ndan g\u00f6nd\u0259ri\u015f almaq \u00fc\u00e7\u00fcn g\u00fcnl\u0259rl\u0259 qap\u0131larda qal\u0131b\" \/>\n<meta property=\"og:url\" content=\"https:\/\/www.meydan.tv\/az\/article\/qarabag-doyuscusunun-atasi-icra-bascisi-deyir-ki-guya-mene-komek-edibler-imtina-etmisem\/\" \/>\n<meta property=\"og:site_name\" content=\"MEYDAN.TV\" \/>\n<meta property=\"article:published_time\" content=\"2020-12-14T13:47:28+00:00\" \/>\n<meta property=\"og:image\" content=\"https:\/\/www.meydan.tv\/wp-content\/uploads\/129968326_2756043901301433_3415386709013214028_n_1.jpg\" \/>\n\t<meta property=\"og:image:width\" content=\"1152\" \/>\n\t<meta property=\"og:image:height\" content=\"864\" \/>\n\t<meta property=\"og:image:type\" content=\"image\/jpeg\" \/>\n<meta name=\"author\" content=\"user-manager\" \/>\n<meta name=\"twitter:card\" content=\"summary_large_image\" \/>\n<script type=\"application\/ld+json\" class=\"yoast-schema-graph\">{\"@context\":\"https:\\\/\\\/schema.org\",\"@graph\":[{\"@type\":\"Article\",\"@id\":\"https:\\\/\\\/www.meydan.tv\\\/az\\\/article\\\/qarabag-doyuscusunun-atasi-icra-bascisi-deyir-ki-guya-mene-komek-edibler-imtina-etmisem\\\/#article\",\"isPartOf\":{\"@id\":\"https:\\\/\\\/www.meydan.tv\\\/az\\\/article\\\/qarabag-doyuscusunun-atasi-icra-bascisi-deyir-ki-guya-mene-komek-edibler-imtina-etmisem\\\/\"},\"author\":{\"name\":\"user-manager\",\"@id\":\"https:\\\/\\\/www.meydan.tv\\\/az\\\/#\\\/schema\\\/person\\\/10d11eccf6da3662cf5fdab9806ea91a\"},\"headline\":\"Qaraba\u011f d\u00f6y\u00fc\u015f\u00e7\u00fcs\u00fcn\u00fcn atas\u0131: \u0130cra ba\u015f\u00e7\u0131s\u0131 deyir ki, guya m\u0259n\u0259 k\u00f6m\u0259k edibl\u0259r, imtina etmi\u015f\u0259m\",\"datePublished\":\"2020-12-14T13:47:28+00:00\",\"mainEntityOfPage\":{\"@id\":\"https:\\\/\\\/www.meydan.tv\\\/az\\\/article\\\/qarabag-doyuscusunun-atasi-icra-bascisi-deyir-ki-guya-mene-komek-edibler-imtina-etmisem\\\/\"},\"wordCount\":986,\"publisher\":{\"@id\":\"https:\\\/\\\/www.meydan.tv\\\/az\\\/#organization\"},\"image\":{\"@id\":\"https:\\\/\\\/www.meydan.tv\\\/az\\\/article\\\/qarabag-doyuscusunun-atasi-icra-bascisi-deyir-ki-guya-mene-komek-edibler-imtina-etmisem\\\/#primaryimage\"},\"thumbnailUrl\":\"https:\\\/\\\/www.meydan.tv\\\/wp-content\\\/uploads\\\/129968326_2756043901301433_3415386709013214028_n_1.jpg\",\"articleSection\":[\"B\u00f6lg\u0259\"],\"inLanguage\":\"az\"},{\"@type\":\"WebPage\",\"@id\":\"https:\\\/\\\/www.meydan.tv\\\/az\\\/article\\\/qarabag-doyuscusunun-atasi-icra-bascisi-deyir-ki-guya-mene-komek-edibler-imtina-etmisem\\\/\",\"url\":\"https:\\\/\\\/www.meydan.tv\\\/az\\\/article\\\/qarabag-doyuscusunun-atasi-icra-bascisi-deyir-ki-guya-mene-komek-edibler-imtina-etmisem\\\/\",\"name\":\"Qaraba\u011f d\u00f6y\u00fc\u015f\u00e7\u00fcs\u00fcn\u00fcn atas\u0131: \u0130cra ba\u015f\u00e7\u0131s\u0131 deyir ki, guya m\u0259n\u0259 k\u00f6m\u0259k edibl\u0259r, imtina etmi\u015f\u0259m - MEYDAN.TV\",\"isPartOf\":{\"@id\":\"https:\\\/\\\/www.meydan.tv\\\/az\\\/#website\"},\"primaryImageOfPage\":{\"@id\":\"https:\\\/\\\/www.meydan.tv\\\/az\\\/article\\\/qarabag-doyuscusunun-atasi-icra-bascisi-deyir-ki-guya-mene-komek-edibler-imtina-etmisem\\\/#primaryimage\"},\"image\":{\"@id\":\"https:\\\/\\\/www.meydan.tv\\\/az\\\/article\\\/qarabag-doyuscusunun-atasi-icra-bascisi-deyir-ki-guya-mene-komek-edibler-imtina-etmisem\\\/#primaryimage\"},\"thumbnailUrl\":\"https:\\\/\\\/www.meydan.tv\\\/wp-content\\\/uploads\\\/129968326_2756043901301433_3415386709013214028_n_1.jpg\",\"datePublished\":\"2020-12-14T13:47:28+00:00\",\"breadcrumb\":{\"@id\":\"https:\\\/\\\/www.meydan.tv\\\/az\\\/article\\\/qarabag-doyuscusunun-atasi-icra-bascisi-deyir-ki-guya-mene-komek-edibler-imtina-etmisem\\\/#breadcrumb\"},\"inLanguage\":\"az\",\"potentialAction\":[{\"@type\":\"ReadAction\",\"target\":[\"https:\\\/\\\/www.meydan.tv\\\/az\\\/article\\\/qarabag-doyuscusunun-atasi-icra-bascisi-deyir-ki-guya-mene-komek-edibler-imtina-etmisem\\\/\"]}]},{\"@type\":\"ImageObject\",\"inLanguage\":\"az\",\"@id\":\"https:\\\/\\\/www.meydan.tv\\\/az\\\/article\\\/qarabag-doyuscusunun-atasi-icra-bascisi-deyir-ki-guya-mene-komek-edibler-imtina-etmisem\\\/#primaryimage\",\"url\":\"https:\\\/\\\/www.meydan.tv\\\/wp-content\\\/uploads\\\/129968326_2756043901301433_3415386709013214028_n_1.jpg\",\"contentUrl\":\"https:\\\/\\\/www.meydan.tv\\\/wp-content\\\/uploads\\\/129968326_2756043901301433_3415386709013214028_n_1.jpg\",\"width\":1152,\"height\":864,\"caption\":\"Source: Specify Source\"},{\"@type\":\"BreadcrumbList\",\"@id\":\"https:\\\/\\\/www.meydan.tv\\\/az\\\/article\\\/qarabag-doyuscusunun-atasi-icra-bascisi-deyir-ki-guya-mene-komek-edibler-imtina-etmisem\\\/#breadcrumb\",\"itemListElement\":[{\"@type\":\"ListItem\",\"position\":1,\"name\":\"Ana s\u0259hif\u0259\",\"item\":\"https:\\\/\\\/www.meydan.tv\\\/az\\\/\"},{\"@type\":\"ListItem\",\"position\":2,\"name\":\"B\u00f6lg\u0259\",\"item\":\"https:\\\/\\\/www.meydan.tv\\\/az\\\/section\\\/bolge\\\/\"},{\"@type\":\"ListItem\",\"position\":3,\"name\":\"Qaraba\u011f d\u00f6y\u00fc\u015f\u00e7\u00fcs\u00fcn\u00fcn atas\u0131: \u0130cra ba\u015f\u00e7\u0131s\u0131 deyir ki, guya m\u0259n\u0259 k\u00f6m\u0259k edibl\u0259r, imtina etmi\u015f\u0259m\"}]},{\"@type\":\"WebSite\",\"@id\":\"https:\\\/\\\/www.meydan.tv\\\/az\\\/#website\",\"url\":\"https:\\\/\\\/www.meydan.tv\\\/az\\\/\",\"name\":\"MEYDAN.TV\",\"description\":\"Meydan TV Az\u0259rbaycan\u0131n media m\u0259kan\u0131ndak\u0131 alternativ s\u0259sidir\",\"publisher\":{\"@id\":\"https:\\\/\\\/www.meydan.tv\\\/az\\\/#organization\"},\"potentialAction\":[{\"@type\":\"SearchAction\",\"target\":{\"@type\":\"EntryPoint\",\"urlTemplate\":\"https:\\\/\\\/www.meydan.tv\\\/az\\\/?s={search_term_string}\"},\"query-input\":{\"@type\":\"PropertyValueSpecification\",\"valueRequired\":true,\"valueName\":\"search_term_string\"}}],\"inLanguage\":\"az\"},{\"@type\":\"Organization\",\"@id\":\"https:\\\/\\\/www.meydan.tv\\\/az\\\/#organization\",\"name\":\"Meydan TV\",\"url\":\"https:\\\/\\\/www.meydan.tv\\\/az\\\/\",\"logo\":{\"@type\":\"ImageObject\",\"inLanguage\":\"az\",\"@id\":\"https:\\\/\\\/www.meydan.tv\\\/az\\\/#\\\/schema\\\/logo\\\/image\\\/\",\"url\":\"https:\\\/\\\/www.meydan.tv\\\/wp-content\\\/uploads\\\/2021\\\/07\\\/meydan-logo.svg\",\"contentUrl\":\"https:\\\/\\\/www.meydan.tv\\\/wp-content\\\/uploads\\\/2021\\\/07\\\/meydan-logo.svg\",\"width\":195,\"height\":46,\"caption\":\"Meydan TV\"},\"image\":{\"@id\":\"https:\\\/\\\/www.meydan.tv\\\/az\\\/#\\\/schema\\\/logo\\\/image\\\/\"}},{\"@type\":\"Person\",\"@id\":\"https:\\\/\\\/www.meydan.tv\\\/az\\\/#\\\/schema\\\/person\\\/10d11eccf6da3662cf5fdab9806ea91a\",\"name\":\"user-manager\"}]}<\/script>\n<!-- \/ Yoast SEO plugin. -->","yoast_head_json":{"title":"Qaraba\u011f d\u00f6y\u00fc\u015f\u00e7\u00fcs\u00fcn\u00fcn atas\u0131: \u0130cra ba\u015f\u00e7\u0131s\u0131 deyir ki, guya m\u0259n\u0259 k\u00f6m\u0259k edibl\u0259r, imtina etmi\u015f\u0259m - MEYDAN.TV","robots":{"index":"index","follow":"follow","max-snippet":"max-snippet:-1","max-image-preview":"max-image-preview:large","max-video-preview":"max-video-preview:-1"},"canonical":"https:\/\/www.meydan.tv\/az\/article\/qarabag-doyuscusunun-atasi-icra-bascisi-deyir-ki-guya-mene-komek-edibler-imtina-etmisem\/","og_locale":"az_AZ","og_type":"article","og_title":"Qaraba\u011f d\u00f6y\u00fc\u015f\u00e7\u00fcs\u00fcn\u00fcn atas\u0131: \u0130cra ba\u015f\u00e7\u0131s\u0131 deyir ki, guya m\u0259n\u0259 k\u00f6m\u0259k edibl\u0259r, imtina etmi\u015f\u0259m - MEYDAN.TV","og_description":"O deyir ki, o\u011flunu Bak\u0131ya aparmaq \u00fc\u00e7\u00fcn G\u00f6y\u00e7ay Rayon M\u0259rk\u0259zi X\u0259st\u0259xanas\u0131ndan g\u00f6nd\u0259ri\u015f almaq \u00fc\u00e7\u00fcn g\u00fcnl\u0259rl\u0259 qap\u0131larda qal\u0131b","og_url":"https:\/\/www.meydan.tv\/az\/article\/qarabag-doyuscusunun-atasi-icra-bascisi-deyir-ki-guya-mene-komek-edibler-imtina-etmisem\/","og_site_name":"MEYDAN.TV","article_published_time":"2020-12-14T13:47:28+00:00","og_image":[{"width":1152,"height":864,"url":"https:\/\/www.meydan.tv\/wp-content\/uploads\/129968326_2756043901301433_3415386709013214028_n_1.jpg","type":"image\/jpeg"}],"author":"user-manager","twitter_card":"summary_large_image","schema":{"@context":"https:\/\/schema.org","@graph":[{"@type":"Article","@id":"https:\/\/www.meydan.tv\/az\/article\/qarabag-doyuscusunun-atasi-icra-bascisi-deyir-ki-guya-mene-komek-edibler-imtina-etmisem\/#article","isPartOf":{"@id":"https:\/\/www.meydan.tv\/az\/article\/qarabag-doyuscusunun-atasi-icra-bascisi-deyir-ki-guya-mene-komek-edibler-imtina-etmisem\/"},"author":{"name":"user-manager","@id":"https:\/\/www.meydan.tv\/az\/#\/schema\/person\/10d11eccf6da3662cf5fdab9806ea91a"},"headline":"Qaraba\u011f d\u00f6y\u00fc\u015f\u00e7\u00fcs\u00fcn\u00fcn atas\u0131: \u0130cra ba\u015f\u00e7\u0131s\u0131 deyir ki, guya m\u0259n\u0259 k\u00f6m\u0259k edibl\u0259r, imtina etmi\u015f\u0259m","datePublished":"2020-12-14T13:47:28+00:00","mainEntityOfPage":{"@id":"https:\/\/www.meydan.tv\/az\/article\/qarabag-doyuscusunun-atasi-icra-bascisi-deyir-ki-guya-mene-komek-edibler-imtina-etmisem\/"},"wordCount":986,"publisher":{"@id":"https:\/\/www.meydan.tv\/az\/#organization"},"image":{"@id":"https:\/\/www.meydan.tv\/az\/article\/qarabag-doyuscusunun-atasi-icra-bascisi-deyir-ki-guya-mene-komek-edibler-imtina-etmisem\/#primaryimage"},"thumbnailUrl":"https:\/\/www.meydan.tv\/wp-content\/uploads\/129968326_2756043901301433_3415386709013214028_n_1.jpg","articleSection":["B\u00f6lg\u0259"],"inLanguage":"az"},{"@type":"WebPage","@id":"https:\/\/www.meydan.tv\/az\/article\/qarabag-doyuscusunun-atasi-icra-bascisi-deyir-ki-guya-mene-komek-edibler-imtina-etmisem\/","url":"https:\/\/www.meydan.tv\/az\/article\/qarabag-doyuscusunun-atasi-icra-bascisi-deyir-ki-guya-mene-komek-edibler-imtina-etmisem\/","name":"Qaraba\u011f d\u00f6y\u00fc\u015f\u00e7\u00fcs\u00fcn\u00fcn atas\u0131: \u0130cra ba\u015f\u00e7\u0131s\u0131 deyir ki, guya m\u0259n\u0259 k\u00f6m\u0259k edibl\u0259r, imtina etmi\u015f\u0259m - MEYDAN.TV","isPartOf":{"@id":"https:\/\/www.meydan.tv\/az\/#website"},"primaryImageOfPage":{"@id":"https:\/\/www.meydan.tv\/az\/article\/qarabag-doyuscusunun-atasi-icra-bascisi-deyir-ki-guya-mene-komek-edibler-imtina-etmisem\/#primaryimage"},"image":{"@id":"https:\/\/www.meydan.tv\/az\/article\/qarabag-doyuscusunun-atasi-icra-bascisi-deyir-ki-guya-mene-komek-edibler-imtina-etmisem\/#primaryimage"},"thumbnailUrl":"https:\/\/www.meydan.tv\/wp-content\/uploads\/129968326_2756043901301433_3415386709013214028_n_1.jpg","datePublished":"2020-12-14T13:47:28+00:00","breadcrumb":{"@id":"https:\/\/www.meydan.tv\/az\/article\/qarabag-doyuscusunun-atasi-icra-bascisi-deyir-ki-guya-mene-komek-edibler-imtina-etmisem\/#breadcrumb"},"inLanguage":"az","potentialAction":[{"@type":"ReadAction","target":["https:\/\/www.meydan.tv\/az\/article\/qarabag-doyuscusunun-atasi-icra-bascisi-deyir-ki-guya-mene-komek-edibler-imtina-etmisem\/"]}]},{"@type":"ImageObject","inLanguage":"az","@id":"https:\/\/www.meydan.tv\/az\/article\/qarabag-doyuscusunun-atasi-icra-bascisi-deyir-ki-guya-mene-komek-edibler-imtina-etmisem\/#primaryimage","url":"https:\/\/www.meydan.tv\/wp-content\/uploads\/129968326_2756043901301433_3415386709013214028_n_1.jpg","contentUrl":"https:\/\/www.meydan.tv\/wp-content\/uploads\/129968326_2756043901301433_3415386709013214028_n_1.jpg","width":1152,"height":864,"caption":"Source: Specify Source"},{"@type":"BreadcrumbList","@id":"https:\/\/www.meydan.tv\/az\/article\/qarabag-doyuscusunun-atasi-icra-bascisi-deyir-ki-guya-mene-komek-edibler-imtina-etmisem\/#breadcrumb","itemListElement":[{"@type":"ListItem","position":1,"name":"Ana s\u0259hif\u0259","item":"https:\/\/www.meydan.tv\/az\/"},{"@type":"ListItem","position":2,"name":"B\u00f6lg\u0259","item":"https:\/\/www.meydan.tv\/az\/section\/bolge\/"},{"@type":"ListItem","position":3,"name":"Qaraba\u011f d\u00f6y\u00fc\u015f\u00e7\u00fcs\u00fcn\u00fcn atas\u0131: \u0130cra ba\u015f\u00e7\u0131s\u0131 deyir ki, guya m\u0259n\u0259 k\u00f6m\u0259k edibl\u0259r, imtina etmi\u015f\u0259m"}]},{"@type":"WebSite","@id":"https:\/\/www.meydan.tv\/az\/#website","url":"https:\/\/www.meydan.tv\/az\/","name":"MEYDAN.TV","description":"Meydan TV Az\u0259rbaycan\u0131n media m\u0259kan\u0131ndak\u0131 alternativ s\u0259sidir","publisher":{"@id":"https:\/\/www.meydan.tv\/az\/#organization"},"potentialAction":[{"@type":"SearchAction","target":{"@type":"EntryPoint","urlTemplate":"https:\/\/www.meydan.tv\/az\/?s={search_term_string}"},"query-input":{"@type":"PropertyValueSpecification","valueRequired":true,"valueName":"search_term_string"}}],"inLanguage":"az"},{"@type":"Organization","@id":"https:\/\/www.meydan.tv\/az\/#organization","name":"Meydan TV","url":"https:\/\/www.meydan.tv\/az\/","logo":{"@type":"ImageObject","inLanguage":"az","@id":"https:\/\/www.meydan.tv\/az\/#\/schema\/logo\/image\/","url":"https:\/\/www.meydan.tv\/wp-content\/uploads\/2021\/07\/meydan-logo.svg","contentUrl":"https:\/\/www.meydan.tv\/wp-content\/uploads\/2021\/07\/meydan-logo.svg","width":195,"height":46,"caption":"Meydan TV"},"image":{"@id":"https:\/\/www.meydan.tv\/az\/#\/schema\/logo\/image\/"}},{"@type":"Person","@id":"https:\/\/www.meydan.tv\/az\/#\/schema\/person\/10d11eccf6da3662cf5fdab9806ea91a","name":"user-manager"}]}},"_links":{"self":[{"href":"https:\/\/www.meydan.tv\/az\/wp-json\/wp\/v2\/posts\/204043","targetHints":{"allow":["GET"]}}],"collection":[{"href":"https:\/\/www.meydan.tv\/az\/wp-json\/wp\/v2\/posts"}],"about":[{"href":"https:\/\/www.meydan.tv\/az\/wp-json\/wp\/v2\/types\/post"}],"author":[{"embeddable":true,"href":"https:\/\/www.meydan.tv\/az\/wp-json\/wp\/v2\/users\/11"}],"replies":[{"embeddable":true,"href":"https:\/\/www.meydan.tv\/az\/wp-json\/wp\/v2\/comments?post=204043"}],"version-history":[{"count":0,"href":"https:\/\/www.meydan.tv\/az\/wp-json\/wp\/v2\/posts\/204043\/revisions"}],"wp:featuredmedia":[{"embeddable":true,"href":"https:\/\/www.meydan.tv\/az\/wp-json\/wp\/v2\/media\/153053"}],"wp:attachment":[{"href":"https:\/\/www.meydan.tv\/az\/wp-json\/wp\/v2\/media?parent=204043"}],"wp:term":[{"taxonomy":"category","embeddable":true,"href":"https:\/\/www.meydan.tv\/az\/wp-json\/wp\/v2\/categories?post=204043"},{"taxonomy":"post_tag","embeddable":true,"href":"https:\/\/www.meydan.tv\/az\/wp-json\/wp\/v2\/tags?post=204043"}],"curies":[{"name":"wp","href":"https:\/\/api.w.org\/{rel}","templated":true}]}}