{"id":203991,"date":"2020-12-10T14:09:01","date_gmt":"2020-12-10T14:09:01","guid":{"rendered":"https:\/\/www.meydan.tv\/article\/qis-geldi-gedikqislaqda-yene-istilik-yol-derdi-artdi\/"},"modified":"2020-12-10T14:09:01","modified_gmt":"2020-12-10T14:09:01","slug":"qis-geldi-gedikqislaqda-yene-istilik-yol-derdi-artdi","status":"publish","type":"post","link":"https:\/\/www.meydan.tv\/az\/article\/qis-geldi-gedikqislaqda-yene-istilik-yol-derdi-artdi\/","title":{"rendered":"\u201cQ\u0131\u015f g\u0259ldi, G\u0259dikq\u0131\u015flaqda yen\u0259 istilik, yol d\u0259rdi artd\u0131\u201d"},"content":{"rendered":"<p>\n  <i><br \/>\n    K\u0259nd sakinl\u0259ri aidiyy\u0259ti qurumlardan diqq\u0259t, qay\u011f\u0131 t\u0259l\u0259b edir<br \/>\n  <\/i>\n<\/p>\n<p>\n  \u201cYayda su problemimiz vard\u0131, yazd\u0131z, qism\u0259n h\u0259llini tapd\u0131, indi d\u0259 q\u0131\u015fd\u0131r, soyuqdur, istilik yoxdur. Xahi\u015f edirik, yaz\u0131n, \u00e7\u0259kin, i\u015f\u0131qland\u0131r\u0131n, b\u0259lk\u0259 aidiyy\u0259ti qurumlarda oturan m\u0259murlar v\u0259ziyy\u0259timizi anlad\u0131lar, bir k\u00f6m\u0259klik etdil\u0259r&#8230;\u201d\n<\/p>\n<p>\n  G\u0259dikq\u0131\u015flaq Qubada k\u00f6hn\u0259 k\u0259nddir. Burada evl\u0259rin say\u0131 200-\u0259 yax\u0131nla\u015f\u0131b. Ail\u0259 t\u0259s\u0259rr\u00fcfatlar\u0131 ilb\u0259il art\u0131r. \u018fhalisi \u0259sas\u0259n heyvandarl\u0131q v\u0259 \u0259kin i\u015fl\u0259riyl\u0259 m\u0259\u015f\u011ful olur. Onlar uzun ill\u0259rdir ki, k\u0259ndd\u0259ki istilik probleminin h\u0259llin\u0259 nail ola bilmirl\u0259r.\n<\/p>\n<p>\n  K\u0259ndin yerli-dibli qaz x\u0259tti olmay\u0131b. K\u0259nd sakini L\u0259tif\u0259 Abbasova \u0259vv\u0259ll\u0259r me\u015f\u0259l\u0259rd\u0259n \u00f6zl\u0259ri \u00e7\u0131r-\u00e7\u0131rp\u0131 y\u0131\u011f\u0131b g\u0259tirib al\u0131\u015fd\u0131rar, evl\u0259rini isid\u0259rdil\u0259r. \u0130ndi nec\u0259 dey\u0259rl\u0259r, me\u015f\u0259d\u0259n d\u0259 ayaqlar\u0131 k\u0259silib, \u00e7ar\u0259siz duruma d\u00fc\u015f\u00fcbl\u0259r.\n<\/p>\n<figure class=\"wp-block-image size-large\">\n  <img decoding=\"async\" src=\"https:\/\/www.meydan.tv\/az\/img_5810-jpg\/\" alt=\"img_5810.jpg\" class=\"wp-image-152891\"\/><figcaption>\n    &#8220;Biz d\u0259 yerd\u0259 qalan \u00e7\u0131r-\u00e7\u0131rp\u0131lar\u0131 y\u0131\u011f\u0131b q\u0131\u015fa saxlay\u0131rd\u0131q&#8221;<br \/>\n  <\/figcaption><\/figure>\n<p>\n  <b><br \/>\n    \u201cDaha \u00e7\u0131r-\u00e7\u0131rp\u0131 da y\u0131\u011fa bilmirik\u201d<br \/>\n  <\/b>\n<\/p>\n<p>\n  \u201cHavalar s\u0259rtl\u0259\u015fib, yen\u0259 d\u0259 h\u0259y\u0259tl\u0259rd\u0259ki meyv\u0259 a\u011faclar\u0131n\u0131 q\u0131rmaq m\u0259cburiyy\u0259tind\u0259 qalm\u0131\u015f\u0131q. \u018fvv\u0259ll\u0259r me\u015f\u0259d\u0259n \u00e7\u0131r-\u00e7\u0131rp\u0131 y\u0131\u011f\u0131b g\u0259tirirdik, y\u0259ni kiml\u0259rs\u0259 me\u015f\u0259l\u0259rd\u0259ki a\u011faclar\u0131 q\u0131r\u0131b da\u015f\u0131y\u0131rd\u0131, biz d\u0259 yerd\u0259 qalan \u00e7\u0131r-\u00e7\u0131rp\u0131lar\u0131 y\u0131\u011f\u0131b q\u0131\u015fa saxlay\u0131rd\u0131q. \u0130ndi is\u0259 me\u015f\u0259y\u0259 d\u0259 gir\u0259 bilmirik. Me\u015f\u0259l\u0259rin qorunmas\u0131 yax\u015f\u0131 hald\u0131r, ancaq kas\u0131b onsuz da ordan a\u011fac k\u0259smirdi, \u0259li h\u0259r yer\u0259 \u00e7atanlar k\u0259sirdi, kas\u0131b da dediyim kimi, k\u0259simd\u0259n k\u00fcncd\u0259-bucaqda qalan \u00e7\u0131rp\u0131lar\u0131 gedib y\u0131\u011f\u0131rd\u0131. \u0130ndi g\u0259tirib odunu ikiqat baha qiym\u0259t\u0259 sat\u0131rlar biz\u0259&#8230;\u201d, &#8211; L\u0259tif\u0259 Abbasova deyir.\n<\/p>\n<p>\n  <b><br \/>\n    G\u0259dikq\u0131\u015fla\u011fa ya\u011f\u0131\u015f ya\u011fanda&#8230;<br \/>\n  <\/b>\n<\/p>\n<p>\n  Ya\u011f\u0131\u015f ya\u011fanda k\u0259ndin daxili yollar\u0131 pal\u00e7\u0131qdan ke\u00e7ilm\u0259z olur. K\u0259nd sakinl\u0259ri yollar\u0131n t\u0259miri \u00fc\u00e7\u00fcn d\u0259f\u0259l\u0259rl\u0259 yerli icra hakimiyy\u0259tin\u0259 m\u00fcraci\u0259t etdikl\u0259rini deyirl\u0259r:\n<\/p>\n<figure class=\"wp-block-image size-large\">\n  <img decoding=\"async\" src=\"https:\/\/www.meydan.tv\/az\/img_5809-jpg\/\" alt=\"img_5809.jpg\" class=\"wp-image-152892\"\/><figcaption>\n    K\u0259ndin yerli-dibli qaz x\u0259tti olmay\u0131b<br \/>\n  <\/figcaption><\/figure>\n<p>\n  \u201c\u0130cra hakimiyy\u0259ti b\u0259l\u0259diyy\u0259nin \u00fcst\u00fcn\u0259, b\u0259l\u0259diyy\u0259 icra hakimiyy\u0259tinin \u00fcst\u00fcn\u0259 g\u00f6nd\u0259rir. Bu k\u0259ndin yoluna, qaz\u0131na, i\u015f\u0131\u011f\u0131na sahib \u00e7\u0131xan yoxdur. B\u0259l\u0259diyy\u0259nin ba\u015f\u0131 torpaq satma\u011fa qar\u0131\u015f\u0131b, k\u0259ndd\u0259 bir qar\u0131\u015f torpaq qoymay\u0131b, ham\u0131s\u0131n\u0131 sat\u0131b. \u0130cra hakimiyy\u0259ti el\u0259c\u0259 rayonun m\u0259rk\u0259zini b\u0259z\u0259m\u0259kl\u0259 m\u0259\u015f\u011fuldur. Haz\u0131rda m\u0259kt\u0259b yoxdur, u\u015faqlar \u00e7\u00f6l\u0259 \u00e7\u0131xm\u0131r. Pandemiya bit\u0259nd\u0259n, m\u0259kt\u0259bl\u0259r a\u00e7\u0131landan sonra yen\u0259 u\u015faqlar\u0131n \u0259zab-\u0259ziyy\u0259ti ba\u015flayacaq. He\u00e7 olmasa o vaxta q\u0259d\u0259r k\u0259nd yollar\u0131na bir \u0259ncam \u00e7\u0259ksinl\u0259r\u201d.\n<\/p>\n<p>\n  <b><br \/>\n    \u201cY\u00fcks\u0259k g\u0259rginlikli naqill\u0259r yerl\u0259 s\u00fcr\u00fcn\u00fcr\u201d<br \/>\n  <\/b>\n<\/p>\n<p>\n  H\u0259, bir d\u0259 sakinl\u0259ri narahat ed\u0259n k\u0259ndd\u0259ki ya\u015fay\u0131\u015f evl\u0259rinin yax\u0131nl\u0131\u011f\u0131nda q\u0131r\u0131l\u0131b yer\u0259 d\u00fc\u015f\u0259n y\u00fcks\u0259k g\u0259rginlikli elektrik naqilidir. Sakin R\u0259sul Mehr\u0259liyev deyir, faci\u0259 ba\u015f verm\u0259sin dey\u0259, 1 aydan \u00e7oxdur ki, h\u0259min \u0259razid\u0259 \u0259m\u0259lli-ba\u015fl\u0131 ke\u015fik \u00e7\u0259kir:\n<\/p>\n<p>\n  \u201cK\u00fcl\u0259kli havada naqil q\u0131r\u0131l\u0131b yer\u0259 d\u00fc\u015fd\u00fc, 1 aydan \u00e7oxdur ki, i\u015fimi-g\u00fcc\u00fcm\u00fc burax\u0131b, u\u015faqlar\u0131 qorumaq \u00fc\u00e7\u00fcn h\u0259min \u0259razid\u0259 ke\u015fik \u00e7\u0259kir\u0259m. Ya\u011f\u0131\u015f ya\u011f\u0131r, yer islan\u0131r, t\u0259hl\u00fck\u0259 daha da art\u0131r. Allah g\u00f6st\u0259rm\u0259sin, o naqil\u0259 toxunan olsa, yerind\u0259c\u0259 k\u00fcl\u0259 d\u00f6n\u0259r. D\u0259f\u0259l\u0259rl\u0259 yerli i\u015f\u0131q idar\u0259sin\u0259, b\u0259l\u0259diyy\u0259y\u0259 gedib m\u0259lumat vermi\u015f\u0259m, h\u0259r d\u0259f\u0259 d\u0259 deyirl\u0259r: \u201cGet ev\u0259, g\u0259lib t\u0259dbir g\u00f6r\u0259c\u0259yik\u201d\u201d.\n<\/p>\n<p>\n  Quba Rayon \u0130cra Hakimiyy\u0259tind\u0259n Meydan TV-y\u0259 bildirilib ki, k\u0259ndl\u0259rd\u0259ki yollar\u0131n t\u0259miri, qaz, i\u015f\u0131q, su probleml\u0259ri m\u0259rh\u0259l\u0259li \u015f\u0259kild\u0259 aradan qald\u0131r\u0131l\u0131r. G\u0259dikq\u0131\u015flaq k\u0259ndinin probleml\u0259ri d\u0259 diqq\u0259td\u0259dir. Sakinl\u0259rin qeyd etdikl\u0259ri probleml\u0259r aidiyy\u0259ti \u00fczr\u0259 qurumlarla m\u00fczakir\u0259 olunur. R\u0259sul Mehr\u0259liyevin evinin yax\u0131nl\u0131\u011f\u0131na d\u00fc\u015fm\u00fc\u015f elektrik naqili il\u0259 ba\u011fl\u0131 t\u0259dbir g\u00f6r\u00fclm\u0259si \u00fc\u00e7\u00fcn rayonun i\u015f\u0131q idar\u0259sin\u0259 m\u00fcraci\u0259t olunacaq.\n<\/p>\n<figure class=\"wp-block-image size-large\">\n  <img decoding=\"async\" src=\"https:\/\/www.meydan.tv\/az\/img_5808-jpg\/\" alt=\"img_5808.jpg\" class=\"wp-image-152900\"\/><figcaption>\n    R\u0259sul Mehr\u0259liyev<br \/>\n  <\/figcaption><\/figure>\n","protected":false},"excerpt":{"rendered":"<p>&#8220;1 aydan \u00e7oxdur ki, i\u015fimi-g\u00fcc\u00fcm\u00fc burax\u0131b, u\u015faqlar\u0131 qorumaq \u00fc\u00e7\u00fcn h\u0259min \u0259razid\u0259 ke\u015fik \u00e7\u0259kir\u0259m&#8221;<\/p>\n","protected":false},"author":11,"featured_media":152897,"comment_status":"closed","ping_status":"open","sticky":false,"template":"","format":"standard","meta":{"_acf_changed":false,"_sitemap_exclude":false,"_sitemap_priority":"","_sitemap_frequency":"","footnotes":""},"categories":[60],"tags":[],"class_list":["post-203991","post","type-post","status-publish","format-standard","has-post-thumbnail","hentry","category-bolge","infinite-scroll-item","generate-columns","tablet-grid-50","mobile-grid-100","grid-parent","grid-33","no-featured-image-padding"],"acf":[],"yoast_head":"<!-- This site is optimized with the Yoast SEO plugin v27.5 - https:\/\/yoast.com\/product\/yoast-seo-wordpress\/ -->\n<title>\u201cQ\u0131\u015f g\u0259ldi, G\u0259dikq\u0131\u015flaqda yen\u0259 istilik, yol d\u0259rdi artd\u0131\u201d - MEYDAN.TV<\/title>\n<meta name=\"robots\" content=\"index, follow, max-snippet:-1, max-image-preview:large, max-video-preview:-1\" \/>\n<link rel=\"canonical\" href=\"https:\/\/www.meydan.tv\/az\/article\/qis-geldi-gedikqislaqda-yene-istilik-yol-derdi-artdi\/\" \/>\n<meta property=\"og:locale\" content=\"az_AZ\" \/>\n<meta property=\"og:type\" content=\"article\" \/>\n<meta property=\"og:title\" content=\"\u201cQ\u0131\u015f g\u0259ldi, G\u0259dikq\u0131\u015flaqda yen\u0259 istilik, yol d\u0259rdi artd\u0131\u201d - MEYDAN.TV\" \/>\n<meta property=\"og:description\" content=\"&quot;1 aydan \u00e7oxdur ki, i\u015fimi-g\u00fcc\u00fcm\u00fc burax\u0131b, u\u015faqlar\u0131 qorumaq \u00fc\u00e7\u00fcn h\u0259min \u0259razid\u0259 ke\u015fik \u00e7\u0259kir\u0259m&quot;\" \/>\n<meta property=\"og:url\" content=\"https:\/\/www.meydan.tv\/az\/article\/qis-geldi-gedikqislaqda-yene-istilik-yol-derdi-artdi\/\" \/>\n<meta property=\"og:site_name\" content=\"MEYDAN.TV\" \/>\n<meta property=\"article:published_time\" content=\"2020-12-10T14:09:01+00:00\" \/>\n<meta property=\"og:image\" content=\"https:\/\/www.meydan.tv\/wp-content\/uploads\/img_5811.jpg\" \/>\n\t<meta property=\"og:image:width\" content=\"1280\" \/>\n\t<meta property=\"og:image:height\" content=\"960\" \/>\n\t<meta property=\"og:image:type\" content=\"image\/jpeg\" \/>\n<meta name=\"author\" content=\"user-manager\" \/>\n<meta name=\"twitter:card\" content=\"summary_large_image\" \/>\n<script type=\"application\/ld+json\" class=\"yoast-schema-graph\">{\"@context\":\"https:\\\/\\\/schema.org\",\"@graph\":[{\"@type\":\"Article\",\"@id\":\"https:\\\/\\\/www.meydan.tv\\\/az\\\/article\\\/qis-geldi-gedikqislaqda-yene-istilik-yol-derdi-artdi\\\/#article\",\"isPartOf\":{\"@id\":\"https:\\\/\\\/www.meydan.tv\\\/az\\\/article\\\/qis-geldi-gedikqislaqda-yene-istilik-yol-derdi-artdi\\\/\"},\"author\":{\"name\":\"user-manager\",\"@id\":\"https:\\\/\\\/www.meydan.tv\\\/az\\\/#\\\/schema\\\/person\\\/10d11eccf6da3662cf5fdab9806ea91a\"},\"headline\":\"\u201cQ\u0131\u015f g\u0259ldi, G\u0259dikq\u0131\u015flaqda yen\u0259 istilik, yol d\u0259rdi artd\u0131\u201d\",\"datePublished\":\"2020-12-10T14:09:01+00:00\",\"mainEntityOfPage\":{\"@id\":\"https:\\\/\\\/www.meydan.tv\\\/az\\\/article\\\/qis-geldi-gedikqislaqda-yene-istilik-yol-derdi-artdi\\\/\"},\"wordCount\":754,\"publisher\":{\"@id\":\"https:\\\/\\\/www.meydan.tv\\\/az\\\/#organization\"},\"image\":{\"@id\":\"https:\\\/\\\/www.meydan.tv\\\/az\\\/article\\\/qis-geldi-gedikqislaqda-yene-istilik-yol-derdi-artdi\\\/#primaryimage\"},\"thumbnailUrl\":\"https:\\\/\\\/www.meydan.tv\\\/wp-content\\\/uploads\\\/img_5811.jpg\",\"articleSection\":[\"B\u00f6lg\u0259\"],\"inLanguage\":\"az\"},{\"@type\":\"WebPage\",\"@id\":\"https:\\\/\\\/www.meydan.tv\\\/az\\\/article\\\/qis-geldi-gedikqislaqda-yene-istilik-yol-derdi-artdi\\\/\",\"url\":\"https:\\\/\\\/www.meydan.tv\\\/az\\\/article\\\/qis-geldi-gedikqislaqda-yene-istilik-yol-derdi-artdi\\\/\",\"name\":\"\u201cQ\u0131\u015f g\u0259ldi, G\u0259dikq\u0131\u015flaqda yen\u0259 istilik, yol d\u0259rdi artd\u0131\u201d - MEYDAN.TV\",\"isPartOf\":{\"@id\":\"https:\\\/\\\/www.meydan.tv\\\/az\\\/#website\"},\"primaryImageOfPage\":{\"@id\":\"https:\\\/\\\/www.meydan.tv\\\/az\\\/article\\\/qis-geldi-gedikqislaqda-yene-istilik-yol-derdi-artdi\\\/#primaryimage\"},\"image\":{\"@id\":\"https:\\\/\\\/www.meydan.tv\\\/az\\\/article\\\/qis-geldi-gedikqislaqda-yene-istilik-yol-derdi-artdi\\\/#primaryimage\"},\"thumbnailUrl\":\"https:\\\/\\\/www.meydan.tv\\\/wp-content\\\/uploads\\\/img_5811.jpg\",\"datePublished\":\"2020-12-10T14:09:01+00:00\",\"breadcrumb\":{\"@id\":\"https:\\\/\\\/www.meydan.tv\\\/az\\\/article\\\/qis-geldi-gedikqislaqda-yene-istilik-yol-derdi-artdi\\\/#breadcrumb\"},\"inLanguage\":\"az\",\"potentialAction\":[{\"@type\":\"ReadAction\",\"target\":[\"https:\\\/\\\/www.meydan.tv\\\/az\\\/article\\\/qis-geldi-gedikqislaqda-yene-istilik-yol-derdi-artdi\\\/\"]}]},{\"@type\":\"ImageObject\",\"inLanguage\":\"az\",\"@id\":\"https:\\\/\\\/www.meydan.tv\\\/az\\\/article\\\/qis-geldi-gedikqislaqda-yene-istilik-yol-derdi-artdi\\\/#primaryimage\",\"url\":\"https:\\\/\\\/www.meydan.tv\\\/wp-content\\\/uploads\\\/img_5811.jpg\",\"contentUrl\":\"https:\\\/\\\/www.meydan.tv\\\/wp-content\\\/uploads\\\/img_5811.jpg\",\"width\":1280,\"height\":960,\"caption\":\"Source: Specify Source\"},{\"@type\":\"BreadcrumbList\",\"@id\":\"https:\\\/\\\/www.meydan.tv\\\/az\\\/article\\\/qis-geldi-gedikqislaqda-yene-istilik-yol-derdi-artdi\\\/#breadcrumb\",\"itemListElement\":[{\"@type\":\"ListItem\",\"position\":1,\"name\":\"Ana s\u0259hif\u0259\",\"item\":\"https:\\\/\\\/www.meydan.tv\\\/az\\\/\"},{\"@type\":\"ListItem\",\"position\":2,\"name\":\"B\u00f6lg\u0259\",\"item\":\"https:\\\/\\\/www.meydan.tv\\\/az\\\/section\\\/bolge\\\/\"},{\"@type\":\"ListItem\",\"position\":3,\"name\":\"\u201cQ\u0131\u015f g\u0259ldi, G\u0259dikq\u0131\u015flaqda yen\u0259 istilik, yol d\u0259rdi artd\u0131\u201d\"}]},{\"@type\":\"WebSite\",\"@id\":\"https:\\\/\\\/www.meydan.tv\\\/az\\\/#website\",\"url\":\"https:\\\/\\\/www.meydan.tv\\\/az\\\/\",\"name\":\"MEYDAN.TV\",\"description\":\"Meydan TV Az\u0259rbaycan\u0131n media m\u0259kan\u0131ndak\u0131 alternativ s\u0259sidir\",\"publisher\":{\"@id\":\"https:\\\/\\\/www.meydan.tv\\\/az\\\/#organization\"},\"potentialAction\":[{\"@type\":\"SearchAction\",\"target\":{\"@type\":\"EntryPoint\",\"urlTemplate\":\"https:\\\/\\\/www.meydan.tv\\\/az\\\/?s={search_term_string}\"},\"query-input\":{\"@type\":\"PropertyValueSpecification\",\"valueRequired\":true,\"valueName\":\"search_term_string\"}}],\"inLanguage\":\"az\"},{\"@type\":\"Organization\",\"@id\":\"https:\\\/\\\/www.meydan.tv\\\/az\\\/#organization\",\"name\":\"Meydan TV\",\"url\":\"https:\\\/\\\/www.meydan.tv\\\/az\\\/\",\"logo\":{\"@type\":\"ImageObject\",\"inLanguage\":\"az\",\"@id\":\"https:\\\/\\\/www.meydan.tv\\\/az\\\/#\\\/schema\\\/logo\\\/image\\\/\",\"url\":\"https:\\\/\\\/www.meydan.tv\\\/wp-content\\\/uploads\\\/2021\\\/07\\\/meydan-logo.svg\",\"contentUrl\":\"https:\\\/\\\/www.meydan.tv\\\/wp-content\\\/uploads\\\/2021\\\/07\\\/meydan-logo.svg\",\"width\":195,\"height\":46,\"caption\":\"Meydan TV\"},\"image\":{\"@id\":\"https:\\\/\\\/www.meydan.tv\\\/az\\\/#\\\/schema\\\/logo\\\/image\\\/\"}},{\"@type\":\"Person\",\"@id\":\"https:\\\/\\\/www.meydan.tv\\\/az\\\/#\\\/schema\\\/person\\\/10d11eccf6da3662cf5fdab9806ea91a\",\"name\":\"user-manager\"}]}<\/script>\n<!-- \/ Yoast SEO plugin. -->","yoast_head_json":{"title":"\u201cQ\u0131\u015f g\u0259ldi, G\u0259dikq\u0131\u015flaqda yen\u0259 istilik, yol d\u0259rdi artd\u0131\u201d - MEYDAN.TV","robots":{"index":"index","follow":"follow","max-snippet":"max-snippet:-1","max-image-preview":"max-image-preview:large","max-video-preview":"max-video-preview:-1"},"canonical":"https:\/\/www.meydan.tv\/az\/article\/qis-geldi-gedikqislaqda-yene-istilik-yol-derdi-artdi\/","og_locale":"az_AZ","og_type":"article","og_title":"\u201cQ\u0131\u015f g\u0259ldi, G\u0259dikq\u0131\u015flaqda yen\u0259 istilik, yol d\u0259rdi artd\u0131\u201d - MEYDAN.TV","og_description":"\"1 aydan \u00e7oxdur ki, i\u015fimi-g\u00fcc\u00fcm\u00fc burax\u0131b, u\u015faqlar\u0131 qorumaq \u00fc\u00e7\u00fcn h\u0259min \u0259razid\u0259 ke\u015fik \u00e7\u0259kir\u0259m\"","og_url":"https:\/\/www.meydan.tv\/az\/article\/qis-geldi-gedikqislaqda-yene-istilik-yol-derdi-artdi\/","og_site_name":"MEYDAN.TV","article_published_time":"2020-12-10T14:09:01+00:00","og_image":[{"width":1280,"height":960,"url":"https:\/\/www.meydan.tv\/wp-content\/uploads\/img_5811.jpg","type":"image\/jpeg"}],"author":"user-manager","twitter_card":"summary_large_image","schema":{"@context":"https:\/\/schema.org","@graph":[{"@type":"Article","@id":"https:\/\/www.meydan.tv\/az\/article\/qis-geldi-gedikqislaqda-yene-istilik-yol-derdi-artdi\/#article","isPartOf":{"@id":"https:\/\/www.meydan.tv\/az\/article\/qis-geldi-gedikqislaqda-yene-istilik-yol-derdi-artdi\/"},"author":{"name":"user-manager","@id":"https:\/\/www.meydan.tv\/az\/#\/schema\/person\/10d11eccf6da3662cf5fdab9806ea91a"},"headline":"\u201cQ\u0131\u015f g\u0259ldi, G\u0259dikq\u0131\u015flaqda yen\u0259 istilik, yol d\u0259rdi artd\u0131\u201d","datePublished":"2020-12-10T14:09:01+00:00","mainEntityOfPage":{"@id":"https:\/\/www.meydan.tv\/az\/article\/qis-geldi-gedikqislaqda-yene-istilik-yol-derdi-artdi\/"},"wordCount":754,"publisher":{"@id":"https:\/\/www.meydan.tv\/az\/#organization"},"image":{"@id":"https:\/\/www.meydan.tv\/az\/article\/qis-geldi-gedikqislaqda-yene-istilik-yol-derdi-artdi\/#primaryimage"},"thumbnailUrl":"https:\/\/www.meydan.tv\/wp-content\/uploads\/img_5811.jpg","articleSection":["B\u00f6lg\u0259"],"inLanguage":"az"},{"@type":"WebPage","@id":"https:\/\/www.meydan.tv\/az\/article\/qis-geldi-gedikqislaqda-yene-istilik-yol-derdi-artdi\/","url":"https:\/\/www.meydan.tv\/az\/article\/qis-geldi-gedikqislaqda-yene-istilik-yol-derdi-artdi\/","name":"\u201cQ\u0131\u015f g\u0259ldi, G\u0259dikq\u0131\u015flaqda yen\u0259 istilik, yol d\u0259rdi artd\u0131\u201d - MEYDAN.TV","isPartOf":{"@id":"https:\/\/www.meydan.tv\/az\/#website"},"primaryImageOfPage":{"@id":"https:\/\/www.meydan.tv\/az\/article\/qis-geldi-gedikqislaqda-yene-istilik-yol-derdi-artdi\/#primaryimage"},"image":{"@id":"https:\/\/www.meydan.tv\/az\/article\/qis-geldi-gedikqislaqda-yene-istilik-yol-derdi-artdi\/#primaryimage"},"thumbnailUrl":"https:\/\/www.meydan.tv\/wp-content\/uploads\/img_5811.jpg","datePublished":"2020-12-10T14:09:01+00:00","breadcrumb":{"@id":"https:\/\/www.meydan.tv\/az\/article\/qis-geldi-gedikqislaqda-yene-istilik-yol-derdi-artdi\/#breadcrumb"},"inLanguage":"az","potentialAction":[{"@type":"ReadAction","target":["https:\/\/www.meydan.tv\/az\/article\/qis-geldi-gedikqislaqda-yene-istilik-yol-derdi-artdi\/"]}]},{"@type":"ImageObject","inLanguage":"az","@id":"https:\/\/www.meydan.tv\/az\/article\/qis-geldi-gedikqislaqda-yene-istilik-yol-derdi-artdi\/#primaryimage","url":"https:\/\/www.meydan.tv\/wp-content\/uploads\/img_5811.jpg","contentUrl":"https:\/\/www.meydan.tv\/wp-content\/uploads\/img_5811.jpg","width":1280,"height":960,"caption":"Source: Specify Source"},{"@type":"BreadcrumbList","@id":"https:\/\/www.meydan.tv\/az\/article\/qis-geldi-gedikqislaqda-yene-istilik-yol-derdi-artdi\/#breadcrumb","itemListElement":[{"@type":"ListItem","position":1,"name":"Ana s\u0259hif\u0259","item":"https:\/\/www.meydan.tv\/az\/"},{"@type":"ListItem","position":2,"name":"B\u00f6lg\u0259","item":"https:\/\/www.meydan.tv\/az\/section\/bolge\/"},{"@type":"ListItem","position":3,"name":"\u201cQ\u0131\u015f g\u0259ldi, G\u0259dikq\u0131\u015flaqda yen\u0259 istilik, yol d\u0259rdi artd\u0131\u201d"}]},{"@type":"WebSite","@id":"https:\/\/www.meydan.tv\/az\/#website","url":"https:\/\/www.meydan.tv\/az\/","name":"MEYDAN.TV","description":"Meydan TV Az\u0259rbaycan\u0131n media m\u0259kan\u0131ndak\u0131 alternativ s\u0259sidir","publisher":{"@id":"https:\/\/www.meydan.tv\/az\/#organization"},"potentialAction":[{"@type":"SearchAction","target":{"@type":"EntryPoint","urlTemplate":"https:\/\/www.meydan.tv\/az\/?s={search_term_string}"},"query-input":{"@type":"PropertyValueSpecification","valueRequired":true,"valueName":"search_term_string"}}],"inLanguage":"az"},{"@type":"Organization","@id":"https:\/\/www.meydan.tv\/az\/#organization","name":"Meydan TV","url":"https:\/\/www.meydan.tv\/az\/","logo":{"@type":"ImageObject","inLanguage":"az","@id":"https:\/\/www.meydan.tv\/az\/#\/schema\/logo\/image\/","url":"https:\/\/www.meydan.tv\/wp-content\/uploads\/2021\/07\/meydan-logo.svg","contentUrl":"https:\/\/www.meydan.tv\/wp-content\/uploads\/2021\/07\/meydan-logo.svg","width":195,"height":46,"caption":"Meydan TV"},"image":{"@id":"https:\/\/www.meydan.tv\/az\/#\/schema\/logo\/image\/"}},{"@type":"Person","@id":"https:\/\/www.meydan.tv\/az\/#\/schema\/person\/10d11eccf6da3662cf5fdab9806ea91a","name":"user-manager"}]}},"_links":{"self":[{"href":"https:\/\/www.meydan.tv\/az\/wp-json\/wp\/v2\/posts\/203991","targetHints":{"allow":["GET"]}}],"collection":[{"href":"https:\/\/www.meydan.tv\/az\/wp-json\/wp\/v2\/posts"}],"about":[{"href":"https:\/\/www.meydan.tv\/az\/wp-json\/wp\/v2\/types\/post"}],"author":[{"embeddable":true,"href":"https:\/\/www.meydan.tv\/az\/wp-json\/wp\/v2\/users\/11"}],"replies":[{"embeddable":true,"href":"https:\/\/www.meydan.tv\/az\/wp-json\/wp\/v2\/comments?post=203991"}],"version-history":[{"count":0,"href":"https:\/\/www.meydan.tv\/az\/wp-json\/wp\/v2\/posts\/203991\/revisions"}],"wp:featuredmedia":[{"embeddable":true,"href":"https:\/\/www.meydan.tv\/az\/wp-json\/wp\/v2\/media\/152897"}],"wp:attachment":[{"href":"https:\/\/www.meydan.tv\/az\/wp-json\/wp\/v2\/media?parent=203991"}],"wp:term":[{"taxonomy":"category","embeddable":true,"href":"https:\/\/www.meydan.tv\/az\/wp-json\/wp\/v2\/categories?post=203991"},{"taxonomy":"post_tag","embeddable":true,"href":"https:\/\/www.meydan.tv\/az\/wp-json\/wp\/v2\/tags?post=203991"}],"curies":[{"name":"wp","href":"https:\/\/api.w.org\/{rel}","templated":true}]}}