{"id":203953,"date":"2020-12-07T18:43:11","date_gmt":"2020-12-07T18:43:11","guid":{"rendered":"https:\/\/www.meydan.tv\/article\/doyuslerde-istirak-etmeyime-baxmayaraq-veteranliq-teqaudumu-vermirler\/"},"modified":"2020-12-07T18:43:11","modified_gmt":"2020-12-07T18:43:11","slug":"doyuslerde-istirak-etmeyime-baxmayaraq-veteranliq-teqaudumu-vermirler","status":"publish","type":"post","link":"https:\/\/www.meydan.tv\/az\/article\/doyuslerde-istirak-etmeyime-baxmayaraq-veteranliq-teqaudumu-vermirler\/","title":{"rendered":"\u201cD\u00f6y\u00fc\u015fl\u0259rd\u0259 i\u015ftirak etm\u0259yim\u0259 baxmayaraq, veteranl\u0131q t\u0259qa\u00fcd\u00fcm\u00fc vermirl\u0259r\u201d"},"content":{"rendered":"<p>\n  <i><br \/>\n    G\u00f6y\u00e7ay sakini: \u201cKa\u015f bu h\u00f6kum\u0259t v\u0259t\u0259n u\u011frunda can\u0131n\u0131 qoyan insanlara h\u00f6rm\u0259t ed\u0259rdi\u201d<br \/>\n  <\/i>\n<\/p>\n<p>\n  Balaca h\u0259y\u0259ti olan u\u00e7uq-s\u00f6k\u00fck daxman\u0131n 4 sakini var. \u0130kisi azya\u015fl\u0131d\u0131r, onlardan biri m\u0259kt\u0259b\u0259 gedir, dig\u0259ri h\u0259l\u0259 balacad\u0131r. Haz\u0131rl\u0131\u011fa getm\u0259lidir, ona da ail\u0259sinin imkan\u0131 \u00e7atm\u0131r.\n<\/p>\n<p>\n  \u015eikay\u0259tl\u0259ri \u00e7oxdur, bir-iki deyil. Daxman\u0131n \u015f\u0259klini \u00e7\u0259km\u0259k ist\u0259yirik, qoymur. Evin xan\u0131m\u0131 h\u0259y\u0259canla \u201cs\u0259n Allah, bird\u0259n ev sahibinin xo\u015funa g\u0259lm\u0259z, sonra bizi \u00e7\u0131xarar. Onsuz da aylard\u0131r ev kiray\u0259sini \u00f6d\u0259y\u0259 bilmirik. Q\u0131\u015f\u0131n g\u00fcn\u00fc k\u00fc\u00e7\u0259d\u0259 qalmayaq\u201d, &#8211; deyir.\n<\/p>\n<p>\n  <b><br \/>\n    \u201cHam\u0131 g\u00f6rs\u00fcn ki, bu, ya\u015fay\u0131\u015f deyil\u201d<br \/>\n  <\/b>\n<\/p>\n<p>\n  Sanki \u00f6zl\u0259rini ev sahibinin yad\u0131ndan \u00e7\u0131xarmaq ist\u0259yirl\u0259r. \u201c\u018fsas olan bizim probleml\u0259rimizdir. Biz dan\u0131\u015faq, siz dinl\u0259yin. G\u00f6r\u00fcn, el\u0259 ham\u0131 da g\u00f6rs\u00fcn ki, bu, ya\u015fay\u0131\u015f deyil\u201d, &#8211; deyirl\u0259r.\n<\/p>\n<p>\n  Bura G\u00f6y\u00e7ayda ya\u015fayan Birinci Qaraba\u011f M\u00fcharib\u0259si veteran\u0131 \u015eahmar \u015eamilovun kiray\u0259 qald\u0131\u011f\u0131 evdir.\n<\/p>\n<p>\n  <b><br \/>\n    \u201cX\u0259st\u0259liyin d\u0259h\u015f\u0259tli yay\u0131ld\u0131\u011f\u0131 g\u00fcnl\u0259rd\u0259 biz k\u00fc\u00e7\u0259l\u0259rd\u0259 yat\u0131rd\u0131q\u201d<br \/>\n  <\/b>\n<\/p>\n<p>\n  O, Birinci Qaraba\u011f M\u00fcharib\u0259sind\u0259 d\u00f6y\u00fc\u015f\u00fcb. \u00d6z\u00fc d\u0259 m\u00fcharib\u0259 ba\u015flayanda Rusiyada i\u015fl\u0259yirmi\u015f. Dem\u0259sin\u0259 g\u00f6r\u0259, yax\u015f\u0131 da maa\u015f al\u0131rm\u0131\u015f. Amma \u00fcr\u0259yi d\u00f6zm\u0259yib, \u00f6lk\u0259sin\u0259 qay\u0131d\u0131b, Qaraba\u011fa gedib v\u0259 d\u00f6y\u00fc\u015f\u00fcb:\n<\/p>\n<p>\n  \u201c\u0130ndiy\u0259d\u0259k bunu he\u00e7 kimin g\u00f6z\u00fcn\u0259 soxmam\u0131\u015fam. D\u00fc\u015f\u00fcnm\u00fc\u015f\u0259m ki, borcumdu, etmi\u015f\u0259m. Ta ki, son bir il\u0259d\u0259k. Daha a\u00e7\u0131q des\u0259m, i\u015fsiz, evsiz qalanad\u0259k. 1 il \u0259vv\u0259l\u0259d\u0259k atamdan qalan evd\u0259 ya\u015fay\u0131r, borc-x\u0259rc ald\u0131\u011f\u0131m ma\u015f\u0131n\u0131 taksi kimi s\u00fcr\u00fcrd\u00fcm. Dolan\u0131rd\u0131q, kims\u0259y\u0259 m\u00f6htac deyildik. Qarda\u015f\u0131mla m\u00fcbahis\u0259d\u0259n sonra evd\u0259n \u00e7\u0131xd\u0131m, ma\u015f\u0131n\u0131m\u0131 o\u011furlad\u0131lar. \u0130ki azya\u015fl\u0131 \u00f6vlad\u0131m, xan\u0131m\u0131mla birg\u0259 bu yay k\u00fc\u00e7\u0259d\u0259 qald\u0131q. O x\u0259st\u0259liyin d\u0259h\u015f\u0259tli yay\u0131ld\u0131\u011f\u0131 g\u00fcnl\u0259r var ha, bax, onda biz k\u00fc\u00e7\u0259l\u0259rd\u0259 yat\u0131rd\u0131q\u201d.\n<\/p>\n<figure class=\"wp-block-image size-large\">\n  <img decoding=\"async\" src=\"https:\/\/www.meydan.tv\/az\/img_2560-jpg\/\" alt=\"img_2560.jpg\" class=\"wp-image-152696\"\/><figcaption>\n    \u015eahmar \u015eamilov \u0259lav\u0259 edir ki, onda 1992-ci ild\u0259 G\u00f6y\u00e7ay Rayon H\u0259rbi Komissarl\u0131\u011f\u0131n\u0131n verdiyi aray\u0131\u015f da var.<br \/>\n  <\/figcaption><\/figure>\n<p>\n  <b><br \/>\n    \u201cQorxa-qorxa ya\u015fay\u0131r\u0131q ki, bird\u0259n evd\u0259n \u00e7\u0131xararlar\u201d<br \/>\n  <\/b>\n<\/p>\n<p>\n  Xan\u0131m\u0131 \u0259lav\u0259 edir, deyir: \u201cEvd\u0259n \u00e7\u0131xanda bir q\u0259piyimiz yox idi. G\u00fcnl\u0259rl\u0259 ac, k\u00fc\u00e7\u0259l\u0259rd\u0259 gec\u0259l\u0259m\u0259li olduq\u201d. Bir s\u00f6zl\u0259, iki u\u015faqla a\u011f\u0131r g\u00fcnl\u0259r ya\u015fay\u0131blar:\n<\/p>\n<p>\n  \u201cYalan\u0131m yoxdur. Evd\u0259n \u00e7\u0131xanda t\u0259l\u0259sik masan\u0131n \u00fcst\u00fcnd\u0259ki 1 pa\u00e7ka taxta pe\u00e7enyeni atd\u0131m \u00e7antama. D\u00fcz 2 g\u00fcn u\u015faqlar\u0131n ba\u015f\u0131n\u0131 o pe\u00e7enye il\u0259 aldatm\u0131\u015f\u0131q. Ax\u0131rda bir insafl\u0131 adam \u00e7\u0131xd\u0131, evini verdi, dedi: \u201cN\u0259 zaman olar, \u00f6d\u0259y\u0259rsiniz\u201d. Yolda\u015f\u0131m birt\u0259h\u0259r f\u0259hl\u0259lik edir, yar\u0131ac-yar\u0131tox ya\u015fay\u0131r\u0131q. Amma son vaxtlar stress, g\u0259rginlik, onun a\u011fr\u0131lar\u0131, x\u0259st\u0259liyi i\u015fl\u0259m\u0259y\u0259 imkan vermir. Aylard\u0131r kiray\u0259mizi d\u0259 \u00f6d\u0259y\u0259 bilmirik. Qorxa-qorxa ya\u015fay\u0131r\u0131q ki, bird\u0259n evd\u0259n \u00e7\u0131xararlar\u201d.\n<\/p>\n<p>\n  <b><br \/>\n    \u201cD\u00f6y\u00fc\u015fl\u0259rd\u0259 i\u015ftirak etm\u0259yim\u0259 baxmayaraq, veteranl\u0131q t\u0259qa\u00fcd\u00fcm\u00fc vermirl\u0259r\u201d<br \/>\n  <\/b>\n<\/p>\n<p>\n  \u015eahmar \u015eamilov deyir ki, insan pis v\u0259ziyy\u0259t\u0259 d\u00fc\u015f\u0259nd\u0259 a\u011fl\u0131na ilk g\u0259l\u0259n d\u00f6vl\u0259ti olur. El\u0259 o da aylard\u0131r d\u00f6vl\u0259t orqanlar\u0131na gedib-g\u0259lir. \u018fvv\u0259lc\u0259 \u00fcnvanl\u0131 sosial yard\u0131m \u00fc\u00e7\u00fcn m\u00fcraci\u0259t edib, \u201csiz\u0259 d\u00fc\u015fm\u00fcr\u201d \u2013 cavab\u0131n\u0131 al\u0131b. Sonra i\u015f \u00fc\u00e7\u00fcn a\u011f\u0131z a\u00e7\u0131b. Bu d\u0259f\u0259 d\u0259 \u201c\u0259limizd\u0259 siz\u0259 aid i\u015f yoxdur\u201d, &#8211; deyibl\u0259r. Sonunda h\u0259r yerd\u0259n \u0259li \u00fcz\u00fcl\u0259n v\u0259t\u0259nda\u015f haqq\u0131 olan veteranl\u0131q t\u0259qa\u00fcd\u00fcn\u00fc almaq \u00fc\u00e7\u00fcn yerli S\u0259f\u0259rb\u0259rlik v\u0259 H\u0259rbi Xidm\u0259t\u0259 \u00c7a\u011f\u0131r\u0131\u015f \u00fczr\u0259 D\u00f6vl\u0259t Xidm\u0259tin\u0259 m\u00fcraci\u0259t edib:\n<\/p>\n<p>\n  \u201cB\u00fct\u00fcn s\u0259n\u0259dl\u0259rim yerind\u0259 olmas\u0131na, d\u00f6y\u00fc\u015fl\u0259rd\u0259 i\u015ftirak etm\u0259yim\u0259 baxmayaraq, veteranl\u0131q t\u0259qa\u00fcd\u00fcm\u00fc vermirl\u0259r. Bel\u0259 ba\u015fa d\u00fc\u015f\u00fcr\u0259m ki, n\u0259s\u0259 umurlar, g\u00f6zl\u0259yirl\u0259r. Yoxsa \u0259sg\u0259rliy\u0259 getm\u0259yim, t\u0259rxis olunma\u011f\u0131mla ba\u011fl\u0131 s\u0259n\u0259d, n\u0259 q\u0259d\u0259r foto\u015f\u0259kil, h\u0259tta hospital s\u0259n\u0259di var. Bunlara baxmayaraq, t\u0259qa\u00fcd\u00fcm\u00fc niy\u0259 ala bilm\u0259yim ki?\u201d\n<\/p>\n<figure class=\"wp-block-image size-large\">\n  <img decoding=\"async\" src=\"https:\/\/www.meydan.tv\/az\/img_2559-jpg\/\" alt=\"img_2559.jpg\" class=\"wp-image-152693\"\/><figcaption>\n    M\u0259hk\u0259m\u0259y\u0259 iddia \u0259riz\u0259si<br \/>\n  <\/figcaption><\/figure>\n<p>\n  <b><br \/>\n    \u201cB\u00fct\u00fcn d\u00f6y\u00fc\u015f yolda\u015flar\u0131m t\u0259qa\u00fcd al\u0131r\u201d<br \/>\n  <\/b>\n<\/p>\n<p>\n  \u015eahmar \u015eamilov q\u0259zetd\u0259 d\u00f6y\u00fc\u015f yolda\u015flar\u0131 il\u0259 birg\u0259 \u00e7\u0131xan \u015f\u0259klini g\u00f6st\u0259rir. Deyir, ondan savay\u0131 bu fotodak\u0131lar\u0131n ham\u0131s\u0131 veteranl\u0131q t\u0259qa\u00fcd\u00fc al\u0131r. O, bunu haqs\u0131zl\u0131q kimi d\u0259y\u0259rl\u0259ndirir, ayr\u0131-se\u00e7kilik say\u0131r:\n<\/p>\n<p>\n  \u201c\u00d6z\u00fc d\u0259 veteranl\u0131q t\u0259qa\u00fcd\u00fc el\u0259 \u00e7ox pul da deyil. He\u00e7 ayl\u0131q 100 manata da \u00e7atm\u0131r. Kiray\u0259 haqq\u0131m da 100 manatd\u0131r. Yaralar\u0131m\u0131 sa\u011faltmasa da, k\u00fc\u00e7\u0259d\u0259 qalmaram. F\u0259hl\u0259likl\u0259 d\u0259 birt\u0259h\u0259r ail\u0259mi doland\u0131raram. Amma indi bir q\u0259pik g\u0259lirim yoxdur\u201d.\n<\/p>\n<p>\n  <b><br \/>\n    \u201c\u00c7\u00f6r\u0259k alma\u011fa pul tapm\u0131ram, s\u0259n\u0259d \u00e7\u0131xarmaq \u00fc\u00e7\u00fcn r\u00fc\u015fv\u0259ti haradan al\u0131m\u201d<br \/>\n  <\/b>\n<\/p>\n<p>\n  \u015eahmar \u015eamilov \u0259lav\u0259 edir ki, onda 1992-ci ild\u0259 G\u00f6y\u00e7ay Rayon H\u0259rbi Komissarl\u0131\u011f\u0131n\u0131n verdiyi aray\u0131\u015f da var. \u0130ndi idar\u0259y\u0259 gedir, ona \u201cgiri\u015fin yoxdur\u201d, &#8211; deyirl\u0259r:\n<\/p>\n<p>\n  \u201cBir s\u00f6zl\u0259, g\u0259tir n\u0259s\u0259 ver, arxivd\u0259n axtar\u0131b \u00e7\u0131xar\u0131m. Haradan al\u0131m? M\u0259n \u00e7\u00f6r\u0259k alma\u011fa pul tapm\u0131ram, s\u0259n\u0259d \u00e7\u0131xarmaq \u00fc\u00e7\u00fcn r\u00fc\u015fv\u0259ti haradan al\u0131m?\u201d\n<\/p>\n<p>\n  <b><br \/>\n    \u201cV\u0259t\u0259nda\u015fa h\u0259r zaman k\u00f6m\u0259k etm\u0259y\u0259 haz\u0131r\u0131q\u201d<br \/>\n  <\/b>\n<\/p>\n<p>\n  S\u0259f\u0259rb\u0259rlik v\u0259 H\u0259rbi Xidm\u0259t\u0259 \u00c7a\u011f\u0131r\u0131\u015f \u00fczr\u0259 D\u00f6vl\u0259t Xidm\u0259tinin G\u00f6y\u00e7ay Rayon \u015e\u00f6b\u0259sinin n\u00f6vb\u0259t\u00e7i hiss\u0259sind\u0259n Meydan TV-y\u0259 bildirilib ki, veteranlara baxan, onlara m\u00fcavin\u0259t t\u0259yin ed\u0259n \u015f\u00f6b\u0259nin \u0259m\u0259kda\u015flar\u0131nda koronavirus a\u015fkarlan\u0131b. Uzun m\u00fcdd\u0259tdir ki, h\u0259min \u015f\u00f6b\u0259 karantin\u0259 ba\u011flan\u0131b v\u0259 \u0259m\u0259kda\u015flar\u0131 i\u015f\u0259 \u00e7\u0131xm\u0131r:\n<\/p>\n<p>\n  \u201cH\u0259mi\u015f\u0259 v\u0259t\u0259nda\u015fa k\u00f6m\u0259k etm\u0259y\u0259 haz\u0131r\u0131q. Biz onlar\u0131 yar\u0131yolda qoymar\u0131q. V\u0259t\u0259nda\u015f bir m\u00fcdd\u0259t g\u00f6zl\u0259sin. \u015e\u00f6b\u0259 \u0259m\u0259kda\u015flar\u0131 i\u015f\u0259 \u00e7\u0131xanda yax\u0131nla\u015fs\u0131n. \u018flimizd\u0259n g\u0259l\u0259n k\u00f6m\u0259yi etm\u0259y\u0259 haz\u0131r\u0131q. Lap ist\u0259yir, \u00f6z\u00fc yax\u0131nla\u015fs\u0131n, biz ona v\u0259ziyy\u0259ti izah ed\u0259k v\u0259 n\u0259 zaman k\u00f6m\u0259k etm\u0259k m\u00fcmk\u00fcn oldu\u011funu, n\u0259 zaman g\u0259lm\u0259sini dey\u0259k\u201d.\n<\/p>\n<p>\n  Ac\u0131nacaql\u0131 v\u0259ziyy\u0259td\u0259 ya\u015fad\u0131qlar\u0131n\u0131 s\u00f6yl\u0259y\u0259n, \u015eamilovlar ail\u0259si is\u0259 bu g\u00fcn h\u0259r yerd\u0259n \u00fcmidl\u0259rini \u00fcz\u00fcbl\u0259r. \u015eahmar \u015eamilov deyir ki, ka\u015f bu h\u00f6kum\u0259t v\u0259t\u0259n u\u011frunda can\u0131n\u0131 qoyan insanlara h\u00f6rm\u0259t ed\u0259rdi&#8230;\n<\/p>\n<figure class=\"wp-block-image size-large\">\n  <img decoding=\"async\" src=\"https:\/\/www.meydan.tv\/az\/img_2551-jpg\/\" alt=\"img_2551.jpg\" class=\"wp-image-152690\"\/><figcaption>\n    &#8220;Bel\u0259 ba\u015fa d\u00fc\u015f\u00fcr\u0259m ki, n\u0259s\u0259 umurlar, g\u00f6zl\u0259yirl\u0259r&#8221;<br \/>\n  <\/figcaption><\/figure>\n<figure class=\"wp-block-image size-large\">\n  <img decoding=\"async\" src=\"https:\/\/www.meydan.tv\/az\/img_2580-jpg\/\" alt=\"img_2580.jpg\" class=\"wp-image-152705\"\/><figcaption>\n    M\u00fcharib\u0259 d\u00f6vr\u00fc<br \/>\n  <\/figcaption><\/figure>\n<figure class=\"wp-block-image size-large\">\n  <img decoding=\"async\" src=\"https:\/\/www.meydan.tv\/az\/img_2570-jpg\/\" alt=\"img_2570.jpg\" class=\"wp-image-152699\"\/><figcaption>\n    H\u0259rbi bilet<br \/>\n  <\/figcaption><\/figure>\n","protected":false},"excerpt":{"rendered":"<p>&#8220;Yolda\u015f\u0131m birt\u0259h\u0259r f\u0259hl\u0259lik edir, yar\u0131ac-yar\u0131tox ya\u015fay\u0131r\u0131q&#8221;<\/p>\n","protected":false},"author":11,"featured_media":152687,"comment_status":"closed","ping_status":"open","sticky":false,"template":"","format":"standard","meta":{"_acf_changed":false,"_sitemap_exclude":false,"_sitemap_priority":"","_sitemap_frequency":"","footnotes":""},"categories":[60],"tags":[],"class_list":["post-203953","post","type-post","status-publish","format-standard","has-post-thumbnail","hentry","category-bolge","infinite-scroll-item","generate-columns","tablet-grid-50","mobile-grid-100","grid-parent","grid-33","no-featured-image-padding"],"acf":[],"yoast_head":"<!-- This site is optimized with the Yoast SEO plugin v27.5 - https:\/\/yoast.com\/product\/yoast-seo-wordpress\/ -->\n<title>\u201cD\u00f6y\u00fc\u015fl\u0259rd\u0259 i\u015ftirak etm\u0259yim\u0259 baxmayaraq, veteranl\u0131q t\u0259qa\u00fcd\u00fcm\u00fc vermirl\u0259r\u201d - MEYDAN.TV<\/title>\n<meta name=\"robots\" content=\"index, follow, max-snippet:-1, max-image-preview:large, max-video-preview:-1\" \/>\n<link rel=\"canonical\" href=\"https:\/\/www.meydan.tv\/az\/article\/doyuslerde-istirak-etmeyime-baxmayaraq-veteranliq-teqaudumu-vermirler\/\" \/>\n<meta property=\"og:locale\" content=\"az_AZ\" \/>\n<meta property=\"og:type\" content=\"article\" \/>\n<meta property=\"og:title\" content=\"\u201cD\u00f6y\u00fc\u015fl\u0259rd\u0259 i\u015ftirak etm\u0259yim\u0259 baxmayaraq, veteranl\u0131q t\u0259qa\u00fcd\u00fcm\u00fc vermirl\u0259r\u201d - MEYDAN.TV\" \/>\n<meta property=\"og:description\" content=\"&quot;Yolda\u015f\u0131m birt\u0259h\u0259r f\u0259hl\u0259lik edir, yar\u0131ac-yar\u0131tox ya\u015fay\u0131r\u0131q&quot;\" \/>\n<meta property=\"og:url\" content=\"https:\/\/www.meydan.tv\/az\/article\/doyuslerde-istirak-etmeyime-baxmayaraq-veteranliq-teqaudumu-vermirler\/\" \/>\n<meta property=\"og:site_name\" content=\"MEYDAN.TV\" \/>\n<meta property=\"article:published_time\" content=\"2020-12-07T18:43:11+00:00\" \/>\n<meta property=\"og:image\" content=\"https:\/\/www.meydan.tv\/wp-content\/uploads\/img_2556-scaled.jpg\" \/>\n\t<meta property=\"og:image:width\" content=\"2560\" \/>\n\t<meta property=\"og:image:height\" content=\"1920\" \/>\n\t<meta property=\"og:image:type\" content=\"image\/jpeg\" \/>\n<meta name=\"author\" content=\"user-manager\" \/>\n<meta name=\"twitter:card\" content=\"summary_large_image\" \/>\n<script type=\"application\/ld+json\" class=\"yoast-schema-graph\">{\"@context\":\"https:\\\/\\\/schema.org\",\"@graph\":[{\"@type\":\"Article\",\"@id\":\"https:\\\/\\\/www.meydan.tv\\\/az\\\/article\\\/doyuslerde-istirak-etmeyime-baxmayaraq-veteranliq-teqaudumu-vermirler\\\/#article\",\"isPartOf\":{\"@id\":\"https:\\\/\\\/www.meydan.tv\\\/az\\\/article\\\/doyuslerde-istirak-etmeyime-baxmayaraq-veteranliq-teqaudumu-vermirler\\\/\"},\"author\":{\"name\":\"user-manager\",\"@id\":\"https:\\\/\\\/www.meydan.tv\\\/az\\\/#\\\/schema\\\/person\\\/10d11eccf6da3662cf5fdab9806ea91a\"},\"headline\":\"\u201cD\u00f6y\u00fc\u015fl\u0259rd\u0259 i\u015ftirak etm\u0259yim\u0259 baxmayaraq, veteranl\u0131q t\u0259qa\u00fcd\u00fcm\u00fc vermirl\u0259r\u201d\",\"datePublished\":\"2020-12-07T18:43:11+00:00\",\"mainEntityOfPage\":{\"@id\":\"https:\\\/\\\/www.meydan.tv\\\/az\\\/article\\\/doyuslerde-istirak-etmeyime-baxmayaraq-veteranliq-teqaudumu-vermirler\\\/\"},\"wordCount\":1230,\"publisher\":{\"@id\":\"https:\\\/\\\/www.meydan.tv\\\/az\\\/#organization\"},\"image\":{\"@id\":\"https:\\\/\\\/www.meydan.tv\\\/az\\\/article\\\/doyuslerde-istirak-etmeyime-baxmayaraq-veteranliq-teqaudumu-vermirler\\\/#primaryimage\"},\"thumbnailUrl\":\"https:\\\/\\\/www.meydan.tv\\\/wp-content\\\/uploads\\\/img_2556-scaled.jpg\",\"articleSection\":[\"B\u00f6lg\u0259\"],\"inLanguage\":\"az\"},{\"@type\":\"WebPage\",\"@id\":\"https:\\\/\\\/www.meydan.tv\\\/az\\\/article\\\/doyuslerde-istirak-etmeyime-baxmayaraq-veteranliq-teqaudumu-vermirler\\\/\",\"url\":\"https:\\\/\\\/www.meydan.tv\\\/az\\\/article\\\/doyuslerde-istirak-etmeyime-baxmayaraq-veteranliq-teqaudumu-vermirler\\\/\",\"name\":\"\u201cD\u00f6y\u00fc\u015fl\u0259rd\u0259 i\u015ftirak etm\u0259yim\u0259 baxmayaraq, veteranl\u0131q t\u0259qa\u00fcd\u00fcm\u00fc vermirl\u0259r\u201d - MEYDAN.TV\",\"isPartOf\":{\"@id\":\"https:\\\/\\\/www.meydan.tv\\\/az\\\/#website\"},\"primaryImageOfPage\":{\"@id\":\"https:\\\/\\\/www.meydan.tv\\\/az\\\/article\\\/doyuslerde-istirak-etmeyime-baxmayaraq-veteranliq-teqaudumu-vermirler\\\/#primaryimage\"},\"image\":{\"@id\":\"https:\\\/\\\/www.meydan.tv\\\/az\\\/article\\\/doyuslerde-istirak-etmeyime-baxmayaraq-veteranliq-teqaudumu-vermirler\\\/#primaryimage\"},\"thumbnailUrl\":\"https:\\\/\\\/www.meydan.tv\\\/wp-content\\\/uploads\\\/img_2556-scaled.jpg\",\"datePublished\":\"2020-12-07T18:43:11+00:00\",\"breadcrumb\":{\"@id\":\"https:\\\/\\\/www.meydan.tv\\\/az\\\/article\\\/doyuslerde-istirak-etmeyime-baxmayaraq-veteranliq-teqaudumu-vermirler\\\/#breadcrumb\"},\"inLanguage\":\"az\",\"potentialAction\":[{\"@type\":\"ReadAction\",\"target\":[\"https:\\\/\\\/www.meydan.tv\\\/az\\\/article\\\/doyuslerde-istirak-etmeyime-baxmayaraq-veteranliq-teqaudumu-vermirler\\\/\"]}]},{\"@type\":\"ImageObject\",\"inLanguage\":\"az\",\"@id\":\"https:\\\/\\\/www.meydan.tv\\\/az\\\/article\\\/doyuslerde-istirak-etmeyime-baxmayaraq-veteranliq-teqaudumu-vermirler\\\/#primaryimage\",\"url\":\"https:\\\/\\\/www.meydan.tv\\\/wp-content\\\/uploads\\\/img_2556-scaled.jpg\",\"contentUrl\":\"https:\\\/\\\/www.meydan.tv\\\/wp-content\\\/uploads\\\/img_2556-scaled.jpg\",\"width\":2560,\"height\":1920,\"caption\":\"Source: Specify Source\"},{\"@type\":\"BreadcrumbList\",\"@id\":\"https:\\\/\\\/www.meydan.tv\\\/az\\\/article\\\/doyuslerde-istirak-etmeyime-baxmayaraq-veteranliq-teqaudumu-vermirler\\\/#breadcrumb\",\"itemListElement\":[{\"@type\":\"ListItem\",\"position\":1,\"name\":\"Ana s\u0259hif\u0259\",\"item\":\"https:\\\/\\\/www.meydan.tv\\\/az\\\/\"},{\"@type\":\"ListItem\",\"position\":2,\"name\":\"B\u00f6lg\u0259\",\"item\":\"https:\\\/\\\/www.meydan.tv\\\/az\\\/section\\\/bolge\\\/\"},{\"@type\":\"ListItem\",\"position\":3,\"name\":\"\u201cD\u00f6y\u00fc\u015fl\u0259rd\u0259 i\u015ftirak etm\u0259yim\u0259 baxmayaraq, veteranl\u0131q t\u0259qa\u00fcd\u00fcm\u00fc vermirl\u0259r\u201d\"}]},{\"@type\":\"WebSite\",\"@id\":\"https:\\\/\\\/www.meydan.tv\\\/az\\\/#website\",\"url\":\"https:\\\/\\\/www.meydan.tv\\\/az\\\/\",\"name\":\"MEYDAN.TV\",\"description\":\"Meydan TV Az\u0259rbaycan\u0131n media m\u0259kan\u0131ndak\u0131 alternativ s\u0259sidir\",\"publisher\":{\"@id\":\"https:\\\/\\\/www.meydan.tv\\\/az\\\/#organization\"},\"potentialAction\":[{\"@type\":\"SearchAction\",\"target\":{\"@type\":\"EntryPoint\",\"urlTemplate\":\"https:\\\/\\\/www.meydan.tv\\\/az\\\/?s={search_term_string}\"},\"query-input\":{\"@type\":\"PropertyValueSpecification\",\"valueRequired\":true,\"valueName\":\"search_term_string\"}}],\"inLanguage\":\"az\"},{\"@type\":\"Organization\",\"@id\":\"https:\\\/\\\/www.meydan.tv\\\/az\\\/#organization\",\"name\":\"Meydan TV\",\"url\":\"https:\\\/\\\/www.meydan.tv\\\/az\\\/\",\"logo\":{\"@type\":\"ImageObject\",\"inLanguage\":\"az\",\"@id\":\"https:\\\/\\\/www.meydan.tv\\\/az\\\/#\\\/schema\\\/logo\\\/image\\\/\",\"url\":\"https:\\\/\\\/www.meydan.tv\\\/wp-content\\\/uploads\\\/2021\\\/07\\\/meydan-logo.svg\",\"contentUrl\":\"https:\\\/\\\/www.meydan.tv\\\/wp-content\\\/uploads\\\/2021\\\/07\\\/meydan-logo.svg\",\"width\":195,\"height\":46,\"caption\":\"Meydan TV\"},\"image\":{\"@id\":\"https:\\\/\\\/www.meydan.tv\\\/az\\\/#\\\/schema\\\/logo\\\/image\\\/\"}},{\"@type\":\"Person\",\"@id\":\"https:\\\/\\\/www.meydan.tv\\\/az\\\/#\\\/schema\\\/person\\\/10d11eccf6da3662cf5fdab9806ea91a\",\"name\":\"user-manager\"}]}<\/script>\n<!-- \/ Yoast SEO plugin. -->","yoast_head_json":{"title":"\u201cD\u00f6y\u00fc\u015fl\u0259rd\u0259 i\u015ftirak etm\u0259yim\u0259 baxmayaraq, veteranl\u0131q t\u0259qa\u00fcd\u00fcm\u00fc vermirl\u0259r\u201d - MEYDAN.TV","robots":{"index":"index","follow":"follow","max-snippet":"max-snippet:-1","max-image-preview":"max-image-preview:large","max-video-preview":"max-video-preview:-1"},"canonical":"https:\/\/www.meydan.tv\/az\/article\/doyuslerde-istirak-etmeyime-baxmayaraq-veteranliq-teqaudumu-vermirler\/","og_locale":"az_AZ","og_type":"article","og_title":"\u201cD\u00f6y\u00fc\u015fl\u0259rd\u0259 i\u015ftirak etm\u0259yim\u0259 baxmayaraq, veteranl\u0131q t\u0259qa\u00fcd\u00fcm\u00fc vermirl\u0259r\u201d - MEYDAN.TV","og_description":"\"Yolda\u015f\u0131m birt\u0259h\u0259r f\u0259hl\u0259lik edir, yar\u0131ac-yar\u0131tox ya\u015fay\u0131r\u0131q\"","og_url":"https:\/\/www.meydan.tv\/az\/article\/doyuslerde-istirak-etmeyime-baxmayaraq-veteranliq-teqaudumu-vermirler\/","og_site_name":"MEYDAN.TV","article_published_time":"2020-12-07T18:43:11+00:00","og_image":[{"width":2560,"height":1920,"url":"https:\/\/www.meydan.tv\/wp-content\/uploads\/img_2556-scaled.jpg","type":"image\/jpeg"}],"author":"user-manager","twitter_card":"summary_large_image","schema":{"@context":"https:\/\/schema.org","@graph":[{"@type":"Article","@id":"https:\/\/www.meydan.tv\/az\/article\/doyuslerde-istirak-etmeyime-baxmayaraq-veteranliq-teqaudumu-vermirler\/#article","isPartOf":{"@id":"https:\/\/www.meydan.tv\/az\/article\/doyuslerde-istirak-etmeyime-baxmayaraq-veteranliq-teqaudumu-vermirler\/"},"author":{"name":"user-manager","@id":"https:\/\/www.meydan.tv\/az\/#\/schema\/person\/10d11eccf6da3662cf5fdab9806ea91a"},"headline":"\u201cD\u00f6y\u00fc\u015fl\u0259rd\u0259 i\u015ftirak etm\u0259yim\u0259 baxmayaraq, veteranl\u0131q t\u0259qa\u00fcd\u00fcm\u00fc vermirl\u0259r\u201d","datePublished":"2020-12-07T18:43:11+00:00","mainEntityOfPage":{"@id":"https:\/\/www.meydan.tv\/az\/article\/doyuslerde-istirak-etmeyime-baxmayaraq-veteranliq-teqaudumu-vermirler\/"},"wordCount":1230,"publisher":{"@id":"https:\/\/www.meydan.tv\/az\/#organization"},"image":{"@id":"https:\/\/www.meydan.tv\/az\/article\/doyuslerde-istirak-etmeyime-baxmayaraq-veteranliq-teqaudumu-vermirler\/#primaryimage"},"thumbnailUrl":"https:\/\/www.meydan.tv\/wp-content\/uploads\/img_2556-scaled.jpg","articleSection":["B\u00f6lg\u0259"],"inLanguage":"az"},{"@type":"WebPage","@id":"https:\/\/www.meydan.tv\/az\/article\/doyuslerde-istirak-etmeyime-baxmayaraq-veteranliq-teqaudumu-vermirler\/","url":"https:\/\/www.meydan.tv\/az\/article\/doyuslerde-istirak-etmeyime-baxmayaraq-veteranliq-teqaudumu-vermirler\/","name":"\u201cD\u00f6y\u00fc\u015fl\u0259rd\u0259 i\u015ftirak etm\u0259yim\u0259 baxmayaraq, veteranl\u0131q t\u0259qa\u00fcd\u00fcm\u00fc vermirl\u0259r\u201d - MEYDAN.TV","isPartOf":{"@id":"https:\/\/www.meydan.tv\/az\/#website"},"primaryImageOfPage":{"@id":"https:\/\/www.meydan.tv\/az\/article\/doyuslerde-istirak-etmeyime-baxmayaraq-veteranliq-teqaudumu-vermirler\/#primaryimage"},"image":{"@id":"https:\/\/www.meydan.tv\/az\/article\/doyuslerde-istirak-etmeyime-baxmayaraq-veteranliq-teqaudumu-vermirler\/#primaryimage"},"thumbnailUrl":"https:\/\/www.meydan.tv\/wp-content\/uploads\/img_2556-scaled.jpg","datePublished":"2020-12-07T18:43:11+00:00","breadcrumb":{"@id":"https:\/\/www.meydan.tv\/az\/article\/doyuslerde-istirak-etmeyime-baxmayaraq-veteranliq-teqaudumu-vermirler\/#breadcrumb"},"inLanguage":"az","potentialAction":[{"@type":"ReadAction","target":["https:\/\/www.meydan.tv\/az\/article\/doyuslerde-istirak-etmeyime-baxmayaraq-veteranliq-teqaudumu-vermirler\/"]}]},{"@type":"ImageObject","inLanguage":"az","@id":"https:\/\/www.meydan.tv\/az\/article\/doyuslerde-istirak-etmeyime-baxmayaraq-veteranliq-teqaudumu-vermirler\/#primaryimage","url":"https:\/\/www.meydan.tv\/wp-content\/uploads\/img_2556-scaled.jpg","contentUrl":"https:\/\/www.meydan.tv\/wp-content\/uploads\/img_2556-scaled.jpg","width":2560,"height":1920,"caption":"Source: Specify Source"},{"@type":"BreadcrumbList","@id":"https:\/\/www.meydan.tv\/az\/article\/doyuslerde-istirak-etmeyime-baxmayaraq-veteranliq-teqaudumu-vermirler\/#breadcrumb","itemListElement":[{"@type":"ListItem","position":1,"name":"Ana s\u0259hif\u0259","item":"https:\/\/www.meydan.tv\/az\/"},{"@type":"ListItem","position":2,"name":"B\u00f6lg\u0259","item":"https:\/\/www.meydan.tv\/az\/section\/bolge\/"},{"@type":"ListItem","position":3,"name":"\u201cD\u00f6y\u00fc\u015fl\u0259rd\u0259 i\u015ftirak etm\u0259yim\u0259 baxmayaraq, veteranl\u0131q t\u0259qa\u00fcd\u00fcm\u00fc vermirl\u0259r\u201d"}]},{"@type":"WebSite","@id":"https:\/\/www.meydan.tv\/az\/#website","url":"https:\/\/www.meydan.tv\/az\/","name":"MEYDAN.TV","description":"Meydan TV Az\u0259rbaycan\u0131n media m\u0259kan\u0131ndak\u0131 alternativ s\u0259sidir","publisher":{"@id":"https:\/\/www.meydan.tv\/az\/#organization"},"potentialAction":[{"@type":"SearchAction","target":{"@type":"EntryPoint","urlTemplate":"https:\/\/www.meydan.tv\/az\/?s={search_term_string}"},"query-input":{"@type":"PropertyValueSpecification","valueRequired":true,"valueName":"search_term_string"}}],"inLanguage":"az"},{"@type":"Organization","@id":"https:\/\/www.meydan.tv\/az\/#organization","name":"Meydan TV","url":"https:\/\/www.meydan.tv\/az\/","logo":{"@type":"ImageObject","inLanguage":"az","@id":"https:\/\/www.meydan.tv\/az\/#\/schema\/logo\/image\/","url":"https:\/\/www.meydan.tv\/wp-content\/uploads\/2021\/07\/meydan-logo.svg","contentUrl":"https:\/\/www.meydan.tv\/wp-content\/uploads\/2021\/07\/meydan-logo.svg","width":195,"height":46,"caption":"Meydan TV"},"image":{"@id":"https:\/\/www.meydan.tv\/az\/#\/schema\/logo\/image\/"}},{"@type":"Person","@id":"https:\/\/www.meydan.tv\/az\/#\/schema\/person\/10d11eccf6da3662cf5fdab9806ea91a","name":"user-manager"}]}},"_links":{"self":[{"href":"https:\/\/www.meydan.tv\/az\/wp-json\/wp\/v2\/posts\/203953","targetHints":{"allow":["GET"]}}],"collection":[{"href":"https:\/\/www.meydan.tv\/az\/wp-json\/wp\/v2\/posts"}],"about":[{"href":"https:\/\/www.meydan.tv\/az\/wp-json\/wp\/v2\/types\/post"}],"author":[{"embeddable":true,"href":"https:\/\/www.meydan.tv\/az\/wp-json\/wp\/v2\/users\/11"}],"replies":[{"embeddable":true,"href":"https:\/\/www.meydan.tv\/az\/wp-json\/wp\/v2\/comments?post=203953"}],"version-history":[{"count":0,"href":"https:\/\/www.meydan.tv\/az\/wp-json\/wp\/v2\/posts\/203953\/revisions"}],"wp:featuredmedia":[{"embeddable":true,"href":"https:\/\/www.meydan.tv\/az\/wp-json\/wp\/v2\/media\/152687"}],"wp:attachment":[{"href":"https:\/\/www.meydan.tv\/az\/wp-json\/wp\/v2\/media?parent=203953"}],"wp:term":[{"taxonomy":"category","embeddable":true,"href":"https:\/\/www.meydan.tv\/az\/wp-json\/wp\/v2\/categories?post=203953"},{"taxonomy":"post_tag","embeddable":true,"href":"https:\/\/www.meydan.tv\/az\/wp-json\/wp\/v2\/tags?post=203953"}],"curies":[{"name":"wp","href":"https:\/\/api.w.org\/{rel}","templated":true}]}}