{"id":203912,"date":"2020-12-04T13:15:08","date_gmt":"2020-12-04T13:15:08","guid":{"rendered":"https:\/\/www.meydan.tv\/article\/azerbaycanin-en-varli-qocasi\/"},"modified":"2020-12-04T13:15:08","modified_gmt":"2020-12-04T13:15:08","slug":"azerbaycanin-en-varli-qocasi","status":"publish","type":"post","link":"https:\/\/www.meydan.tv\/az\/article\/azerbaycanin-en-varli-qocasi\/","title":{"rendered":"Az\u0259rbaycan\u0131n \u0259n varl\u0131 qocas\u0131"},"content":{"rendered":"<p>\n  Z\u00fcmr\u00fcd me\u015f\u0259l\u0259rl\u0259 \u0259hat\u0259y\u0259 al\u0131nan, \u201cba\u015f\u0131na s\u0131ld\u0131r\u0131m qayalardan tac qoymu\u015f\u201d da\u011f\u0131n \u0259t\u0259kl\u0259rind\u0259 pirani bir ki\u015fi mal-qara otar\u0131r. Bu g\u00fcn nabatda onun n\u00f6vb\u0259sidir. \u00d6mr\u00fc burada \u2013 Fit v\u0259 Niyal da\u011flar\u0131n\u0131n aras\u0131nda q\u0259rar tutan M\u00fcc\u00fc k\u0259ndind\u0259 ke\u00e7ib. 83 ya\u015f\u0131nda \u00e7obanl\u0131q ed\u0259n \u018fsg\u0259r Sirac o\u011flunun var\u0131, d\u00f6vl\u0259ti atadan qalma komas\u0131 v\u0259 ail\u0259sini doland\u0131rma\u011fa g\u00fccl\u0259 yet\u0259n ikic\u0259 in\u0259yi var. Deyir ki, bu torpaqlar\u0131n \u0259n b\u00f6y\u00fck x\u0259zin\u0259si onundur: g\u0259nc ya\u015flar\u0131ndan yadda\u015f\u0131na Firdovsinin, Xaqaninin, Nizaminin, Mirz\u0259 M\u0259h\u0259mm\u0259dh\u0259s\u0259nin, X\u0259st\u0259 Qas\u0131m\u0131n, Baba \u015eirvaninin, \u018flia\u011fa Vahidin hikm\u0259tli s\u00f6zl\u0259rini mirvari kimi d\u00fcz\u00fcb.\n<\/p>\n<p>\n  <i><br \/>\n    Amma x\u0259zin\u0259 sevdas\u0131nda sa\u00e7-saqqal a\u011fartm\u0131\u015f bir qoca da var. O \u201cy\u00fck\u00fcn\u00fc\u201d pulla, q\u0131z\u0131lla tutub \u00e7\u0259kib apar\u0131r. Q\u0259nb\u0259r Qurbanov, Az\u0259rbaycan\u0131n sevil\u0259n s\u00f6z, s\u0259n\u0259t adam\u0131 &#8211; A\u015f\u0131q \u015e\u0259m\u015fir o\u011flu&#8230;<br \/>\n  <\/i>\n<\/p>\n<p>\n  <b><br \/>\n    \u201cRuhum h\u0259mi\u015f\u0259 y\u00fcks\u0259kd\u0259 olub. N\u0259fsimi art\u0131q s\u0259rf etm\u0259mi\u015f\u0259m. D\u00fcnya mal\u0131nda g\u00f6z\u00fcm, h\u0259v\u0259sim olmay\u0131b. H\u0259r bir \u015feyin s\u0259rh\u0259ddi oldu\u011fu kimi, n\u0259fsin d\u0259 h\u0259ddi olmal\u0131d\u0131r\u201d<br \/>\n  <\/b><br \/>\n  . \u018fsg\u0259r ki\u015fi \u00e7oma\u011f\u0131na s\u00f6yk\u0259nib da\u011flara bax\u0131r, b\u00f6y\u00fck Nizamid\u0259n s\u00f6yl\u0259yir:<br \/>\n  <b><br \/>\n    \u201cVar-d\u00f6vl\u0259t\u0259 qul olmaq bihud\u0259 bir h\u0259v\u0259sdir, H\u0259yat\u0131n\u0131n b\u0259hr\u0259si birc\u0259 anl\u0131q n\u0259f\u0259sdir\u201d.<br \/>\n  <\/b>\n<\/p>\n<figure class=\"wp-block-image size-large\">\n  <img decoding=\"async\" src=\"https:\/\/www.meydan.tv\/az\/wetwet-png\/\" alt=\"wetwet.png\" class=\"wp-image-152594\"\/><figcaption>\n    M\u00fcc\u00fc k\u0259nd sakini 83 ya\u015f\u0131nda \u00e7obanl\u0131q ed\u0259n \u018fsg\u0259r Sirac o\u011flu<br \/>\n  <\/figcaption><\/figure>\n<p>\n  \u018fsg\u0259r ki\u015finin h\u0259r k\u0259lm\u0259sini g\u0259tirib h\u00f6km\u0259n \u015feir\u0259, q\u0259z\u0259l\u0259, ibr\u0259tamiz s\u00f6z\u0259 ba\u011flay\u0131r. G\u0259ncliyind\u0259 m\u0259lah\u0259tli s\u0259si olub. El m\u0259clisl\u0259rind\u0259 mu\u011fam v\u0259 t\u0259snifl\u0259r oxuyub. A\u015f\u0131qlarla da yolda\u015fl\u0131\u011f\u0131 olub. \u0130ndi o s\u0259s qalmay\u0131b. Amma \u00f6yr\u0259ndiyi \u015feirl\u0259r beynin\u0259 h\u0259kk olunub. Sin\u0259d\u0259ft\u0259rdir. A\u015f\u0131q \u015e\u0259m\u015fird\u0259n d\u0259 qo\u015fmalar deyir:\n<\/p>\n<p>\n  &#8230;B\u0259y deyir: \u201cYaradan m\u0259n\u0259m insan\u0131,\n<\/p>\n<p>\n  \u0130\u015fl\u0259sin qap\u0131mda \u00e7\u0131x\u0131nca can\u0131\u201d.\n<\/p>\n<p>\n  B\u0259s m\u0259nim torpa\u011f\u0131m, \u0259kinim han\u0131?\n<\/p>\n<p>\n  Niy\u0259 \u00e7atm\u0131r ixtiyar\u0131m \u00f6z\u00fcm\u0259?\n<\/p>\n<p>\n  \u00c7\u0259kilib sin\u0259m\u0259 d\u0259mir \u015fi\u015f da\u011f\u0131,\n<\/p>\n<p>\n  Yediyim z\u0259h\u0259rdi, i\u00e7diyim a\u011f\u0131.\n<\/p>\n<p>\n  \u015e\u0259m\u015fir ha qazan\u0131r, apar\u0131r ya\u011f\u0131,\n<\/p>\n<p>\n  Ver\u0259n yoxdu qazanc-var\u0131m \u00f6z\u00fcm\u0259.\n<\/p>\n<p>\n  \u00c7\u0259tinlikl\u0259r\u0259 m\u0259rd\u00fc m\u0259rdan\u0259 sin\u0259 g\u0259r\u0259n \u015fairin 87 ya\u015fl\u0131 o\u011flu Q\u0259nb\u0259r indi, bax, h\u0259min o b\u0259y kimi dolan\u0131r. Dubayda \u015firk\u0259ti, Tbilisi \u015f\u0259h\u0259rind\u0259 on milyonlarla dollar d\u0259y\u0259rind\u0259 klinik x\u0259st\u0259xana kompleksi var.\n<\/p>\n<p>\n  Be\u015f il davam ed\u0259n tikinti i\u015fl\u0259ri v\u0259 tibbi avadanl\u0131\u011f\u0131n qura\u015fd\u0131r\u0131lmas\u0131ndan sonra x\u0259st\u0259xanan\u0131n<br \/>\n  <a href=\"https:\/\/ahtbilisi.com\/\"><\/p>\n<blockquote class=\"wp-embedded-content\" data-secret=\"boHV9FCNwF\"><p><a href=\"https:\/\/ahtbilisi.com\/\">Main page<\/a><\/p><\/blockquote>\n<p><iframe class=\"wp-embedded-content lazyload\" sandbox=\"allow-scripts\" security=\"restricted\" style=\"position: absolute; clip: rect(1px, 1px, 1px, 1px);\" title=\"&#8220;Main page&#8221; &#8212; American Hospital Tbilisi\" data-src=\"https:\/\/ahtbilisi.com\/embed\/#?secret=boHV9FCNwF\" data-secret=\"boHV9FCNwF\" width=\"600\" height=\"338\" frameborder=\"0\" marginwidth=\"0\" marginheight=\"0\" scrolling=\"no\" src=\"data:image\/svg+xml;base64,PHN2ZyB3aWR0aD0iMSIgaGVpZ2h0PSIxIiB4bWxucz0iaHR0cDovL3d3dy53My5vcmcvMjAwMC9zdmciPjwvc3ZnPg==\" data-load-mode=\"1\"><\/iframe><br \/>\n  <\/a><br \/>\n  bu ilin noyabr ay\u0131nda a\u00e7\u0131l\u0131\u015f\u0131 n\u0259z\u0259rd\u0259 tutulurdu.\n<\/p>\n<p>\n  Yeddim\u0259rt\u0259b\u0259li \u201cThe American Hospital Tbilisi\u201d G\u00fcrc\u00fcstan\u0131n \u0259n b\u00f6y\u00fck x\u0259st\u0259xanalar\u0131ndan biri olacaq. Onun \u00fcmumi sah\u0259si 23 min kvadrat metrdir. Buradak\u0131 palatalarda 122 x\u0259st\u0259 \u00e7arpay\u0131s\u0131, ambulator hiss\u0259d\u0259 is\u0259 36 m\u00fcayin\u0259 ota\u011f\u0131 var. Klinikada kardioloji, ortopedik, nevroloji, pediatrik v\u0259 dig\u0259r x\u0259st\u0259likl\u0259rin m\u00fcalic\u0259si imkan\u0131 yarad\u0131l\u0131b. 2018-ci ild\u0259 \u201cThe American Hospital Tbilisi\u201d layih\u0259sind\u0259 pay\u0131n 50 faizi G\u00fcrc\u00fcstana s\u0259rmay\u0259 ed\u0259n xarici kapitall\u0131 \u201cBlock Georgia\u201d \u015firk\u0259tin\u0259 sat\u0131l\u0131b.\n<\/p>\n<p>\n  &#8230;Sad\u0131x Ad\u0131g\u00f6z\u0259l o\u011flu M\u0259mm\u0259dov \u201cAz\u0259ravtoyol\u201d ASC-nin \u0259m\u0259kda\u015f\u0131<br \/>\n  <a href=\"http:\/\/www.e-qanun.az\/framework\/21334\"><br \/>\n    olub<br \/>\n  <\/a><br \/>\n  . 2011-cu ilin noyabr\u0131n 8-d\u0259 o, Tbilisid\u0259 \u201c\u0130nam\u201d MMC ad\u0131nda \u015firk\u0259t t\u0259sis edib. On g\u00fcn sonra \u015firk\u0259ti Q\u0259nb\u0259r Qurbanova &#8211; \u201cAz\u0259ravtoyol\u201d ASC-nin \u0130dar\u0259 Hey\u0259tinin s\u0259dri Cavid Qurbanovun atas\u0131na<br \/>\n  <a href=\"https:\/\/www.companyinfo.ge\/en\/people\/212786\"><br \/>\n    sat\u0131b<br \/>\n  <\/a><br \/>\n  . El\u0259 h\u0259min vaxt \u015firk\u0259tin ad\u0131 d\u0259yi\u015fdiril\u0259r\u0259k \u201cSayal\u0131\u201d MMC<br \/>\n  <a href=\"https:\/\/www.companyinfo.ge\/en\/corporations\/448345\"><br \/>\n    qoyulub<br \/>\n  <\/a><br \/>\n  . \u0130xtisasca h\u0259kim olan \u0130lqar Qurbanov (C.Qurbanovun ki\u00e7ik qarda\u015f\u0131) \u015firk\u0259tin direktoru t\u0259yin edilib. Bir m\u00fcdd\u0259t sonra o, \u015firk\u0259ti t\u0259rk edib. Bu ilin iyulunda \u0130.Qurbanov Bak\u0131da \u00f6z \u015firk\u0259tini \u2013 \u201cAZ-QO\u201d MMC-ni<br \/>\n  <a href=\"https:\/\/vergiler.az\/news_print.php?announcement_id=26644\"><br \/>\n    t\u0259sis edib<br \/>\n  <\/a><br \/>\n  .\n<\/p>\n<p>\n  2014-c\u00fc ilin may\u0131nda \u201cSayal\u0131\u201d \u015firk\u0259tin\u0259 n\u0259zar\u0259t B\u018f\u018f-d\u0259ki \u201cAzercon Holding\u201d \u015firk\u0259tin\u0259 \u00f6t\u00fcr\u00fcl\u00fcb. G\u00fcrc\u00fcstan\u0131n Publik Reyestrind\u0259 a\u00e7\u0131qlanan m\u0259lumata g\u00f6r\u0259, 2013-c\u00fc ilin dekabr ay\u0131n\u0131n 2-d\u0259 Dubayda qurulan bu \u015firk\u0259tin yegan\u0259 t\u0259sis\u00e7isi Q\u0259nb\u0259r Qurbanovdur.\n<\/p>\n<p>\n  Q\u0259nb\u0259r Qurbanov 2013-c\u00fc ilin dekabr\u0131nda \u201cSayal\u0131\u201d MMC-nin s\u0259hml\u0259rinin 10%-ni \u201cAzercon\u201d ASC-y\u0259 sat\u0131b. 2014-c\u00fc ilin may ay\u0131n\u0131n 29-da o,<br \/>\n  <a href=\"https:\/\/ady.az\/az\/management\/index\/48\/42\"><br \/>\n    V\u00fcsal Aslanovu<br \/>\n  <\/a><br \/>\n  v\u0259<br \/>\n  <a href=\"https:\/\/batco.az\/az\/meet-our-team\/\"><br \/>\n    Kamil H\u00fcseynovu<br \/>\n  <\/a><br \/>\n  10 il m\u00fcdd\u0259tin\u0259 \u201cAzercon Holding Ltd\u201d \u015firk\u0259tinin direktorlar\u0131 v\u0259zif\u0259sin\u0259 t\u0259yin edib. Bu \u015firk\u0259tin direktoru v\u0259zif\u0259sind\u0259 V.Aslanov v\u0259 K.H\u00fcseynov m\u00fc\u0259yy\u0259n d\u00f6vrl\u0259rd\u0259 bir-birini \u0259v\u0259z edibl\u0259r.\n<\/p>\n<p>\n  Az\u0259rbaycanda 2012-ci ilin yay\u0131ndan etibar\u0259n \u015firk\u0259tl\u0259rin t\u0259sis\u00e7il\u0259rinin adlar\u0131 konfidensiald\u0131r. Ba\u015fqa s\u00f6zl\u0259, \u00f6zl\u0259rinin raz\u0131l\u0131\u011f\u0131 v\u0259 r\u0259smi qaydada t\u0259qdim olunmadan a\u00e7\u0131qlana bilm\u0259z.\n<\/p>\n<p>\n  Bu qanun G\u00fcrc\u00fcstanda ke\u00e7\u0259rli olmad\u0131\u011f\u0131ndan, h\u0259min \u00f6lk\u0259nin d\u00f6vl\u0259t qeydiyyat orqan\u0131 t\u0259r\u0259find\u0259n ictimaiyy\u0259t\u0259 a\u00e7\u0131qlan\u0131r. 2017-ci ild\u0259 G\u00fcrc\u00fcstanda a\u00e7\u0131qlanan m\u0259lumata g\u00f6r\u0259, \u201cAzercon\u201d ASC-nin t\u0259k t\u0259sis\u00e7isi 38 ya\u015fl\u0131<br \/>\n  <a href=\"https:\/\/www.linkedin.com\/in\/yashar-samedov-8624b510a\/\"><br \/>\n    Ya\u015far S\u0259m\u0259dovdur<br \/>\n  <\/a><br \/>\n  . \u015eirk\u0259tin s\u0259hml\u0259rinin 100%-ni ona Yusif Bayram o\u011flu Aslanov &#8211; Cavid Qurbanovun haz\u0131rki m\u00fcavini V\u00fcsal Aslanovun atas\u0131 \u00f6t\u00fcr\u00fcb. \u015eirk\u0259tin 2014-c\u00fc ild\u0259 G\u00fcrc\u00fcstanda a\u00e7\u0131lan filial\u0131 2017-ci ild\u0259 l\u0259\u011fv olunub. Filal\u0131n direktoru v\u0259zif\u0259sini ADY QSC-nin Maliyy\u0259 v\u0259 \u0130qisadiyyat \u0130dar\u0259sinin r\u0259isi Fuad S\u0259f\u0259rov da\u015f\u0131y\u0131rd\u0131.\n<\/p>\n<p>\n  D\u00f6vl\u0259t Vergi Xidm\u0259tinin qeydiyyat s\u0259n\u0259dl\u0259rin\u0259 g\u00f6r\u0259, 2017-ci ild\u0259 \u201cAzercon\u201d ASC-nin direktoru Vaqif Ad\u0131xan o\u011flu Hac\u0131yev idi. V. Hac\u0131yev uzun ill\u0259r \u201cAz\u0259ryolservis\u201d ASC-d\u0259 (haz\u0131rda Az\u0259rbaycan Avtomobil Yollar\u0131 D\u00f6vl\u0259t A\u011fentliyi adlan\u0131r \u2013 red.) r\u0259hb\u0259r v\u0259zif\u0259l\u0259rd\u0259<br \/>\n  <a href=\"http:\/\/anl.az\/down\/meqale\/azerbaycan\/azerbaycan_fevral2009\/69902.htm\"><br \/>\n    \u00e7al\u0131\u015f\u0131b<br \/>\n  <\/a><br \/>\n  .\n<\/p>\n<p>\n  H\u0259l\u0259 2019-cu ild\u0259 Meydan TV-nin ara\u015fd\u0131rmas\u0131nda qeyd olunurdu ki, 2011-ci ild\u0259 \u201cSayal\u0131\u201d \u015firk\u0259ti U.\u00c7xeidze 17 \u00fcnvan\u0131nda yerl\u0259\u015f\u0259n \u00f6z\u0259ll\u0259\u015fdirilmi\u015f 2 n\u00f6mr\u0259li Do\u011fum evini, el\u0259c\u0259 d\u0259 D.Uznadze, 58 \u00fcnvan\u0131ndak\u0131 Travmatologiya X\u0259st\u0259xanas\u0131n\u0131, o c\u00fcml\u0259d\u0259n onlar\u0131n yerl\u0259\u015fdiyi torpaq sah\u0259l\u0259rini<br \/>\n  <a href=\"http:\/\/www.americanhospitalmanagement.com\/wp-content\/uploads\/2016\/01\/Sayali-LLC-and-AHMC-announce-loan-agreement-with-OPIC-to-Fund-American-Hospital-Tbilisi-projected-to-open-in-2016-1.pdf?lbisphpreq=1\"><br \/>\n    sat\u0131n al\u0131b<br \/>\n  <\/a><br \/>\n  . 2014-c\u00fc ild\u0259 &#8211; \u015firk\u0259t\u0259 n\u0259zar\u0259t Dubayda qurulan \u201cAzercon Holding\u201d LTD-y\u0259 \u00f6t\u00fcr\u00fcl\u0259nd\u0259n sonra &#8211; s\u0259rmay\u0259 axtar\u0131\u015flar\u0131 ba\u015fa \u00e7at\u0131b. Layih\u0259y\u0259 Bak\u0131dak\u0131 \u201cAzercon\u201d ASC v\u0259 \u201cAzercon UAE Holdings\u201d \u015firk\u0259ti vasit\u0259sil\u0259 40 milyon AB\u015e dollar\u0131<br \/>\n  <a href=\"https:\/\/old.cbw.ge\/healthcare\/american-hospital-open-tbilisi\/\"><br \/>\n    s\u0259rmay\u0259<br \/>\n  <\/a><br \/>\n  yat\u0131r\u0131l\u0131b. Bu v\u0259saitin 18 milyon dollar\u0131n\u0131 AB\u015e-\u0131n h\u00f6kum\u0259t agentliyi olan Xarici \u00d6z\u0259l S\u0259rmay\u0259l\u0259r Korporasiyas\u0131 (OP\u0130C) kredit \u015f\u0259klind\u0259 t\u0259qdim edib. \u00c7oxt\u0259r\u0259fli raz\u0131la\u015fmaya g\u00f6r\u0259, x\u0259st\u0259xana istifad\u0259y\u0259 verildikd\u0259n sonra \u201cAmerican Intercontinental Healthcare Group\u201d (AB\u015e) t\u0259r\u0259find\u0259n idar\u0259 olunacaq.\n<\/p>\n<p>\n  \u201cWings &amp; Freeman Capital\u201d (WFC) \u015firk\u0259ti (G\u00fcrc\u00fcstan) \u201cAmerican Intercontinental Healthcare Group\u201d-un<br \/>\n  <a href=\"https:\/\/aihg.us\/aihg-strategic-partners\"><br \/>\n    t\u0259r\u0259fda\u015flar\u0131ndand\u0131r<br \/>\n  <\/a><br \/>\n  . M\u0259hz bu \u015firk\u0259t 2015-ci ild\u0259 OP\u0130C<br \/>\n  <a href=\"http:\/\/www.wfcapital.ge\/index.php?a=main&amp;pid=65&amp;lang=eng\"><br \/>\n    kreditinin<br \/>\n  <\/a><br \/>\n  \u0259ld\u0259 olunmas\u0131nda Q.Qurbanovun \u201cSayal\u0131\u201d \u015firk\u0259tin\u0259 yard\u0131m\u00e7\u0131 olub. Bundan \u00f6nc\u0259 is\u0259 WFC ona tikinti i\u015fl\u0259rinin ba\u015flanmas\u0131 \u00fc\u00e7\u00fcn \u201cVTB Bank (Georgia)\u201d ASC-d\u0259n 2.8 milyon AB\u015e dollar\u0131 m\u0259bl\u0259\u011find\u0259 kredit al\u0131nmas\u0131ndan \u00f6tr\u00fc h\u00fcquqi yard\u0131m etmi\u015fdi. Amma i\u015fin maraql\u0131 t\u0259r\u0259fi odur ki, maliyy\u0259 m\u0259sl\u0259h\u0259ti almaq \u00fc\u00e7\u00fcn m\u00fcraci\u0259t etm\u0259zd\u0259n \u00f6nc\u0259 Qurbanovlar \u201c\u00f6z adamlar\u0131n\u0131\u201d WFC \u015firk\u0259tin\u0259 \u201cyerid\u0259\u201d bilmi\u015fdil\u0259r.\n<\/p>\n<p>\n  R\u0259smi s\u0259n\u0259dl\u0259r\u0259 g\u00f6r\u0259, 21 may 2014-c\u00fc ild\u0259 Az\u0259rbaycan v\u0259t\u0259nda\u015f\u0131 R\u0259\u015fid S\u0259m\u0259dli \u201cWings and Freeman Capital\u201d \u015firk\u0259tinin s\u0259hml\u0259rinin 50 faizini g\u00fcrc\u00fc ortaqlardan sat\u0131n al\u0131b. \u015eirk\u0259tin nizamnam\u0259 kapital\u0131 32.010 laridir. \u015eirk\u0259td\u0259ki paylar\u0131n 50 faizi qar\u015fl\u0131\u011f\u0131nda R. S\u0259m\u0259dli h\u0259min il iki tran\u015fla WFC-y\u0259 500 min AB\u015e dollar\u0131 \u00f6d\u0259yib. S\u0259hml\u0259rin al\u011f\u0131-satq\u0131 m\u00fcqavil\u0259sin\u0259 \u0259lav\u0259d\u0259 deyilir ki, s\u0259hml\u0259r \u00fcz\u0259rind\u0259 tam h\u00fcquqlar \u0259ld\u0259 etm\u0259kd\u0259n \u00f6tr\u00fc R\u0259\u015fid S\u0259m\u0259dli \u201cThe American Hospital Tbilisi\u201d layih\u0259si il\u0259 yana\u015f\u0131, \u201c<br \/>\n  <b><br \/>\n    AB\u015e-\u0131n k\u0259nd t\u0259s\u0259rr\u00fcfat\u0131 texnikas\u0131 istehsal\u00e7\u0131s\u0131 olan John Deere \u015firk\u0259tinin Az\u0259rbaycanda aqrar layih\u0259sinin realla\u015fd\u0131r\u0131lmas\u0131na s\u0259y g\u00f6st\u0259rm\u0259lidir<br \/>\n  <\/b><br \/>\n  \u201d. Amma bu da R.S\u0259m\u0259dlinin \u00f6hd\u0259likl\u0259rinin ham\u0131s\u0131 deyil: \u015firk\u0259tin s\u0259hml\u0259rinin 50 faizin\u0259 n\u0259zar\u0259t h\u00fcququnun \u0259ld\u0259 olunmas\u0131n\u0131n maliyy\u0259 t\u0259zminat\u0131 olaraq M\u00fc\u015fahid\u0259 \u015euras\u0131n\u0131n \u00fczvl\u0259rin\u0259 v\u0259 direktoruna, el\u0259c\u0259 d\u0259 Az\u0259rbaycandak\u0131 n\u00fcmay\u0259nd\u0259sin\u0259 h\u0259r ay 3800 avro \u00f6d\u0259nilir. R. S\u0259m\u0259dli \u015firk\u0259tin illik m\u0259nf\u0259\u0259tinin 10 faizinin bonus \u015f\u0259klind\u0259 onlar aras\u0131nda b\u00f6l\u00fc\u015fd\u00fcr\u00fclm\u0259sin\u0259 d\u0259 raz\u0131l\u0131q verib.\n<\/p>\n<p>\n  46 ya\u015fl\u0131 R\u0259\u015fid R\u0259fael o\u011flu S\u0259m\u0259dli Az\u0259rbaycanda idman m\u0259rc oyunlar\u0131 biznesin\u0259 \u201cCaspian Tech\u201d QSC vasit\u0259sil\u0259 naz\u0259r\u0259t ed\u0259n \u201cBaltech \u0130nvestment\u201d MMC-nin bir m\u00fcdd\u0259t direktoru v\u0259zif\u0259sini tutub. Haz\u0131rda is\u0259 R.S\u0259m\u0259dli 2018-ci ilin noyabr\u0131nda Bak\u0131da 100 min manat kapitalla yarad\u0131lan \u201cA Taksi\u201d QSC-nin r\u0259hb\u0259ridir.\n<\/p>\n<p>\n  \u201cWings &amp; Freeman Capital\u201d \u015firk\u0259tinin Direktorlar \u015euras\u0131n\u0131n \u00fczvl\u0259ri aras\u0131nda<br \/>\n  <a href=\"https:\/\/www.linkedin.com\/in\/sohrab-agalarli-70951617\/\"><br \/>\n    S\u00f6hrab A\u011falarl\u0131<br \/>\n  <\/a><br \/>\n  da yer al\u0131r. O, 2016-c\u0131 ild\u0259n \u201cSayal\u0131\u201d \u015firk\u0259tinin direktorudur. 2016-c\u0131 ilin aprelind\u0259n S\u00f6hrab h\u0259m d\u0259 \u201cAz\u0259rbaycan D\u0259mir Yollar\u0131\u201d QSC-nin t\u00f6r\u0259m\u0259 m\u00fc\u0259ssis\u0259si olan \u201cD\u0259miryolservis\u201d MMC-nin G\u00fcrc\u00fcstandak\u0131 \u015firk\u0259tinin \u2013 \u201cRailway Service Geo\u201d MMC-nin direktorudur. S\u00f6hrab A\u011falarl\u0131 2018-ci ilin sentyabr ay\u0131nda ADY QSC-nin s\u0259dri Cavid Qurbanovun \u0259mril\u0259 \u201cADY Konteyner\u201d MMC-nin G\u00fcrc\u00fcstan filial\u0131n\u0131n r\u0259hb\u0259ri<br \/>\n  <a href=\"http:\/\/adycontainer.com\/xaricde-numayendelikler\/?lang=az\"><br \/>\n    t\u0259yin olunub<br \/>\n  <\/a><br \/>\n  .\n<\/p>\n<p>\n  \u201cSayal\u0131\u201d \u015firk\u0259tinin direktorlar\u0131ndan biri d\u0259 G\u00fcrc\u00fcstan v\u0259t\u0259nda\u015f\u0131<br \/>\n  <a href=\"https:\/\/www.linkedin.com\/in\/mamed-suleimanov-538035a\/\"><br \/>\n    M\u0259mm\u0259d S\u00fcleymanovdur<br \/>\n  <\/a><br \/>\n  . \u201cAzercon\u201d ASC-nin G\u00fcrc\u00fcstan filial\u0131n\u0131n yarad\u0131lmas\u0131 da ona tap\u015f\u0131d\u0131lm\u0131\u015fd\u0131.\n<\/p>\n<p>\n  G\u00fcrc\u00fcstanda filial\u0131n\u0131n yarad\u0131lmas\u0131 M.S\u00fcleymanova h\u0259val\u0259 olunan \u015firk\u0259tl\u0259rd\u0259n biri d\u0259 \u201cModern Biznes Qrup\u201d MMC-dir. \u201cModern Biznes Qrup\u201d \u015firk\u0259ti \u201cMB \u0130nvestment\u201d MMC-n\u0259 m\u0259xsusdur. S\u0259n\u0259dl\u0259r\u0259 \u0259sas\u0259n, \u201cMB \u0130nvestment\u201d MMC-nin iki t\u0259sis\u00e7isind\u0259n biri Azad \u015e\u0259fi o\u011flu Qas\u0131movdur. Bu \u015f\u0259xsin d\u0259 \u0259m\u0259k f\u0259aliyy\u0259tind\u0259 \u201cAz\u0259rbaycan D\u0259mir Yollar\u0131\u201d QSC-nin \u0130H s\u0259dri Cavid Qurbanovun imzas\u0131 var: C.Qurbanov A.Qas\u0131movu ADY QSC-nin 100% pay\u00e7\u0131s\u0131 oldu\u011fu ekspeditor \u015firk\u0259tinin &#8211; \u201cADY Ekspress\u201d MMC-nin direktoru t\u0259yin edib. \u201cModern Biznes Qrup\u201d MMC-y\u0259 g\u0259linc\u0259, bu \u015firk\u0259tin h\u00fcquqi \u00fcnvan\u0131 V\u00fcsal Aslanovun Bak\u0131dak\u0131 m\u0259nzilidir. \u015eirk\u0259t V. Aslanovun atas\u0131n\u0131n sifari\u015fil\u0259 Sumqay\u0131t \u015f\u0259h\u0259rind\u0259 N\u0259simi ad. M\u0259d\u0259niyy\u0259t v\u0259 \u0130stirah\u0259t Park\u0131ndak\u0131 \u201cG\u00f6y\u0259r\u00e7in\u201d kafesini yenid\u0259n<br \/>\n  <a href=\"http:\/\/qafqaznews.az\/2015\/06\/sumqayitin-t-mir-baglanmis-m-shur-restorani-trafinda-problem-fotolar\/\"><br \/>\n    qurub<br \/>\n  <\/a><br \/>\n  . \u201cModern Biznes Qrup\u201d MMC-nin direktoru Zal Mehtiyev, \u201cMB \u0130nvestment\u201d MMC-nin r\u0259hb\u0259ri is\u0259 onun qarda\u015f\u0131 Elmixand\u0131r. Elmixan Mehtiyev h\u0259m d\u0259 ad\u0131 \u00e7\u0259kil\u0259n parkda idman-sa\u011flaml\u0131q m\u0259rk\u0259zi<br \/>\n  <a href=\"https:\/\/arxkom.gov.az\/storage\/media\/13853\/d2643fa1-4439-4f3a-af86-587af05a3a22.pdf\"><br \/>\n    in\u015fa etdir\u0259n<br \/>\n  <\/a><br \/>\n  \u201cSpartak1980\u201d MMC-nin direktorudur.\n<\/p>\n<figure class=\"wp-block-image size-large\">\n  <img decoding=\"async\" src=\"https:\/\/www.meydan.tv\/az\/mb-investment_cavidqurbanov-reyestr-jpg\/\" alt=\"MB-Investment_CavidQurbanov-reyestr.jpg\" class=\"wp-image-152591\"\/><figcaption>\n    MB \u0130nvestment \u015firk\u0259tinin m\u0259lumatlar\u0131<br \/>\n  <\/figcaption><\/figure>\n<p>\n  M.S\u00fcleymanov v\u0259 S.A\u011falarl\u0131n\u0131n adlar\u0131 \u201cEko Park\u201d MMC \u0259traf\u0131nda da k\u0259si\u015fir. M\u0259mm\u0259d S\u00fcleymanov bu \u015firk\u0259ti 2013-c\u00fc ild\u0259 Tbilisid\u0259 t\u0259sis edib. 2014-c\u00fc ilin iyulunda o, \u015firk\u0259ti Q\u0259nb\u0259r Qurbanovun \u201cAzercon Holding Ltd\u201d \u015firk\u0259tin\u0259 sat\u0131b. \u201cAzercon Holding\u201d \u015firk\u0259ti is\u0259 onu 2018-ci ilin avqustunda 1 lariy\u0259 S\u00f6hrab A\u011falarl\u0131ya \u00f6t\u00fcr\u00fcb.\n<\/p>\n<p>\n  Bu \u00f6lk\u0259d\u0259ki \u201c\u0130rbis\u201d MMC-nin direktoru da S\u00f6hrab A\u011falarl\u0131d\u0131r. Tbilisid\u0259ki bu \u015firk\u0259tin s\u0259hml\u0259rini 2018-ci ild\u0259 \u201cMikael\u201d MMC 1.390.000 AB\u015e dollar\u0131na sat\u0131n al\u0131b. \u015eirk\u0259t Az\u0259rbaycan v\u0259t\u0259nda\u015f\u0131 Anar Sabir o\u011flu Babayev\u0259 m\u0259xsusdur.\n<\/p>\n<p>\n  S\u00f6hrab A\u011falarl\u0131 bu ilin fevral\u0131nda yarad\u0131lan<br \/>\n  <a href=\"https:\/\/ring.org.ua\/edr\/uk\/company\/43535030\"><br \/>\n    \u201cGlobe Trans\u201d MMC-nin<br \/>\n  <\/a><br \/>\n  (Ukrayna) iki t\u0259sis\u00e7isind\u0259n biridir.\n<\/p>\n<p>\n  Bak\u0131da 2018-ci ild\u0259n \u201cGlobetrans\u201d MMC-nin<br \/>\n  <a href=\"https:\/\/vergiler.az\/media\/archive\/2018\/12\/26\/newspaper_20181226122635.pdf\"><br \/>\n    filial\u0131<br \/>\n  <\/a><br \/>\n  f\u0259aliyy\u0259t g\u00f6st\u0259rir. D\u0259mir yollar\u0131 daxil olmaqla b\u00fct\u00fcn n\u00f6v n\u0259qliyyat vasit\u0259l\u0259ri il\u0259 y\u00fck da\u015f\u0131malar\u0131 xidm\u0259tl\u0259ri g\u00f6st\u0259r\u0259n \u015firk\u0259tin<br \/>\n  <a href=\"http:\/\/www.geglobetrans.com\/?aze\"><br \/>\n    ba\u015f ofisi<br \/>\n  <\/a><br \/>\n  Tbilisid\u0259, \u00c7xeidze k\u00fc\u00e7\u0259s, ev 6 \u00fcnvan\u0131ndad\u0131r. \u201cADY Konteyner\u201d MMC-nin G\u00fcrc\u00fcstandak\u0131 filial\u0131 bu binadad\u0131r. \u201cGlobetrans\u201d MMC-nin Bak\u0131 filial\u0131n\u0131n h\u00fcquqi \u00fcnvan\u0131na g\u0259linc\u0259, bura (X\u0259tai rayonu, H\u0259s\u0259n Salmani k\u00fc\u00e7\u0259si, ev 17, m\u0259nzil 193) h\u0259m d\u0259 \u201cBaltech Group\u201d MMC-nin d\u00f6vl\u0259t qeydiyyat\u0131nda istifad\u0259 olunub. Qon\u015fu m\u0259nzil\u0259rd\u0259n biri is\u0259 \u201cA Taksi\u201d QSC-nin qeydiyyat \u00fcnvan\u0131d\u0131r.\n<\/p>\n<p>\n  &#8230; \u00d6mr\u00fcn\u00fcn m\u00fcdrik \u00e7a\u011flar\u0131n\u0131 ya\u015fayan \u018fsg\u0259r ki\u015fi g\u00f6zl\u0259rini q\u0131y\u0131b uzaq bir n\u00f6qt\u0259y\u0259 bax\u0131r. \u201c<br \/>\n  <b><br \/>\n    K\u0259ndd\u0259 ibtidai m\u0259kt\u0259b oxuyub onillik t\u0259hsilimi Basqalda tamamlam\u0131\u015fam. Az\u0259rbaycandan birc\u0259 d\u0259f\u0259 k\u0259nara ayaq qoymu\u015fam \u2013 Keninqsberqd\u0259 (Kalininqrad) h\u0259rbi xidm\u0259td\u0259 olanda. G\u00f6z\u0259l yerl\u0259r idi. Amma bu yerl\u0259r daha \u0259zizdir. U\u015faql\u0131q ill\u0259rim m\u00fcharib\u0259 d\u00f6vr\u00fcn\u0259 d\u00fc\u015f\u00fcb. Kas\u0131b olmu\u015fuq, ac\u0131ndan \u00f6l\u0259nimiz olmay\u0131b. \u00c7\u0259tin\u0259 d\u00fc\u015f\u0259n\u0259 \u0259l uzatm\u0131\u015f\u0131q. Z\u0259hm\u0259t \u00e7\u0259kmi\u015fik &#8211; bir tik\u0259 \u00e7\u00f6r\u0259kd\u0259n \u00f6tr\u00fc. A\u015f\u0131q \u015e\u0259m\u015fir deyir:<br \/>\n  <\/b>\n<\/p>\n<p>\n  <b><br \/>\n    S\u0259n yax\u015f\u0131ya can de, xaini da\u011fla,<br \/>\n  <\/b>\n<\/p>\n<p>\n  <b><br \/>\n    \u0130lqars\u0131z adam\u0131n nitqini ba\u011fla,<br \/>\n  <\/b>\n<\/p>\n<p>\n  <b><br \/>\n    \u018flac\u0131n olanda el\u0259 g\u00fcn a\u011fla \u2013<br \/>\n  <\/b>\n<\/p>\n<p>\n  <b><br \/>\n    Yoxsula \u0259l uzat, n\u0259zar\u0259t eyl\u0259\u201d.<br \/>\n  <\/b>\n<\/p>\n<p>\n  <a href=\"https:\/\/www.scribd.com\/document\/486908631\/Az%C9%99rbaycan%C4%B1n-%C9%99n-varl%C4%B1-qocas%C4%B1-ara%C5%9Fd%C4%B1rmas%C4%B1-il%C9%99-%C9%99laq%C9%99dar-laz%C4%B1m%C4%B1-s%C9%99n%C9%99dl%C9%99r\"><br \/>\n    Ara\u015fd\u0131rma il\u0259 \u0259laq\u0259dar laz\u0131m\u0131 s\u0259n\u0259dl\u0259r<br \/>\n  <\/a>\n<\/p>\n<p>\n  <a href=\"https:\/\/www.scribd.com\/document\/486908646\/AzerconASC-tesisciler\"><br \/>\n    &quot;Azercon ASC&quot; \u015eirk\u0259tinin T\u0259sis\u00e7il\u0259ri s\u0259n\u0259dl\u0259rl\u0259<br \/>\n  <\/a><\/p>\n","protected":false},"excerpt":{"rendered":"<p>O kimdir: \u018fsg\u0259r Sirac o\u011flu, yoxsa Q\u0259nb\u0259r \u015e\u0259m\u015fir o\u011flu?<\/p>\n","protected":false},"author":11,"featured_media":152606,"comment_status":"closed","ping_status":"open","sticky":false,"template":"","format":"standard","meta":{"_acf_changed":false,"_sitemap_exclude":false,"_sitemap_priority":"","_sitemap_frequency":"","footnotes":""},"categories":[55],"tags":[],"class_list":["post-203912","post","type-post","status-publish","format-standard","has-post-thumbnail","hentry","category-arasdirma","infinite-scroll-item","generate-columns","tablet-grid-50","mobile-grid-100","grid-parent","grid-33","no-featured-image-padding"],"acf":[],"yoast_head":"<!-- This site is optimized with the Yoast SEO plugin v27.4 - https:\/\/yoast.com\/product\/yoast-seo-wordpress\/ -->\n<title>Az\u0259rbaycan\u0131n \u0259n varl\u0131 qocas\u0131 - MEYDAN.TV<\/title>\n<meta name=\"robots\" content=\"index, follow, max-snippet:-1, max-image-preview:large, max-video-preview:-1\" \/>\n<link rel=\"canonical\" href=\"https:\/\/www.meydan.tv\/az\/article\/azerbaycanin-en-varli-qocasi\/\" \/>\n<meta property=\"og:locale\" content=\"az_AZ\" \/>\n<meta property=\"og:type\" content=\"article\" \/>\n<meta property=\"og:title\" content=\"Az\u0259rbaycan\u0131n \u0259n varl\u0131 qocas\u0131 - MEYDAN.TV\" \/>\n<meta property=\"og:description\" content=\"O kimdir: \u018fsg\u0259r Sirac o\u011flu, yoxsa Q\u0259nb\u0259r \u015e\u0259m\u015fir o\u011flu?\" \/>\n<meta property=\"og:url\" content=\"https:\/\/www.meydan.tv\/az\/article\/azerbaycanin-en-varli-qocasi\/\" \/>\n<meta property=\"og:site_name\" content=\"MEYDAN.TV\" \/>\n<meta property=\"article:published_time\" content=\"2020-12-04T13:15:08+00:00\" \/>\n<meta property=\"og:image\" content=\"https:\/\/www.meydan.tv\/wp-content\/uploads\/untitled_design_zgta256.png\" \/>\n\t<meta property=\"og:image:width\" content=\"1280\" \/>\n\t<meta property=\"og:image:height\" content=\"720\" \/>\n\t<meta property=\"og:image:type\" content=\"image\/png\" \/>\n<meta name=\"author\" content=\"user-manager\" \/>\n<meta name=\"twitter:card\" content=\"summary_large_image\" \/>\n<script type=\"application\/ld+json\" class=\"yoast-schema-graph\">{\"@context\":\"https:\\\/\\\/schema.org\",\"@graph\":[{\"@type\":\"Article\",\"@id\":\"https:\\\/\\\/www.meydan.tv\\\/az\\\/article\\\/azerbaycanin-en-varli-qocasi\\\/#article\",\"isPartOf\":{\"@id\":\"https:\\\/\\\/www.meydan.tv\\\/az\\\/article\\\/azerbaycanin-en-varli-qocasi\\\/\"},\"author\":{\"name\":\"user-manager\",\"@id\":\"https:\\\/\\\/www.meydan.tv\\\/az\\\/#\\\/schema\\\/person\\\/10d11eccf6da3662cf5fdab9806ea91a\"},\"headline\":\"Az\u0259rbaycan\u0131n \u0259n varl\u0131 qocas\u0131\",\"datePublished\":\"2020-12-04T13:15:08+00:00\",\"mainEntityOfPage\":{\"@id\":\"https:\\\/\\\/www.meydan.tv\\\/az\\\/article\\\/azerbaycanin-en-varli-qocasi\\\/\"},\"wordCount\":2373,\"publisher\":{\"@id\":\"https:\\\/\\\/www.meydan.tv\\\/az\\\/#organization\"},\"image\":{\"@id\":\"https:\\\/\\\/www.meydan.tv\\\/az\\\/article\\\/azerbaycanin-en-varli-qocasi\\\/#primaryimage\"},\"thumbnailUrl\":\"https:\\\/\\\/www.meydan.tv\\\/wp-content\\\/uploads\\\/untitled_design_zgta256.png\",\"articleSection\":[\"Ara\u015fd\u0131rma\"],\"inLanguage\":\"az\"},{\"@type\":\"WebPage\",\"@id\":\"https:\\\/\\\/www.meydan.tv\\\/az\\\/article\\\/azerbaycanin-en-varli-qocasi\\\/\",\"url\":\"https:\\\/\\\/www.meydan.tv\\\/az\\\/article\\\/azerbaycanin-en-varli-qocasi\\\/\",\"name\":\"Az\u0259rbaycan\u0131n \u0259n varl\u0131 qocas\u0131 - MEYDAN.TV\",\"isPartOf\":{\"@id\":\"https:\\\/\\\/www.meydan.tv\\\/az\\\/#website\"},\"primaryImageOfPage\":{\"@id\":\"https:\\\/\\\/www.meydan.tv\\\/az\\\/article\\\/azerbaycanin-en-varli-qocasi\\\/#primaryimage\"},\"image\":{\"@id\":\"https:\\\/\\\/www.meydan.tv\\\/az\\\/article\\\/azerbaycanin-en-varli-qocasi\\\/#primaryimage\"},\"thumbnailUrl\":\"https:\\\/\\\/www.meydan.tv\\\/wp-content\\\/uploads\\\/untitled_design_zgta256.png\",\"datePublished\":\"2020-12-04T13:15:08+00:00\",\"breadcrumb\":{\"@id\":\"https:\\\/\\\/www.meydan.tv\\\/az\\\/article\\\/azerbaycanin-en-varli-qocasi\\\/#breadcrumb\"},\"inLanguage\":\"az\",\"potentialAction\":[{\"@type\":\"ReadAction\",\"target\":[\"https:\\\/\\\/www.meydan.tv\\\/az\\\/article\\\/azerbaycanin-en-varli-qocasi\\\/\"]}]},{\"@type\":\"ImageObject\",\"inLanguage\":\"az\",\"@id\":\"https:\\\/\\\/www.meydan.tv\\\/az\\\/article\\\/azerbaycanin-en-varli-qocasi\\\/#primaryimage\",\"url\":\"https:\\\/\\\/www.meydan.tv\\\/wp-content\\\/uploads\\\/untitled_design_zgta256.png\",\"contentUrl\":\"https:\\\/\\\/www.meydan.tv\\\/wp-content\\\/uploads\\\/untitled_design_zgta256.png\",\"width\":1280,\"height\":720,\"caption\":\"Source: Meydan.TV\"},{\"@type\":\"BreadcrumbList\",\"@id\":\"https:\\\/\\\/www.meydan.tv\\\/az\\\/article\\\/azerbaycanin-en-varli-qocasi\\\/#breadcrumb\",\"itemListElement\":[{\"@type\":\"ListItem\",\"position\":1,\"name\":\"Ana s\u0259hif\u0259\",\"item\":\"https:\\\/\\\/www.meydan.tv\\\/az\\\/\"},{\"@type\":\"ListItem\",\"position\":2,\"name\":\"Ara\u015fd\u0131rma\",\"item\":\"https:\\\/\\\/www.meydan.tv\\\/az\\\/section\\\/arasdirma\\\/\"},{\"@type\":\"ListItem\",\"position\":3,\"name\":\"Az\u0259rbaycan\u0131n \u0259n varl\u0131 qocas\u0131\"}]},{\"@type\":\"WebSite\",\"@id\":\"https:\\\/\\\/www.meydan.tv\\\/az\\\/#website\",\"url\":\"https:\\\/\\\/www.meydan.tv\\\/az\\\/\",\"name\":\"MEYDAN.TV\",\"description\":\"Meydan TV Az\u0259rbaycan\u0131n media m\u0259kan\u0131ndak\u0131 alternativ s\u0259sidir\",\"publisher\":{\"@id\":\"https:\\\/\\\/www.meydan.tv\\\/az\\\/#organization\"},\"potentialAction\":[{\"@type\":\"SearchAction\",\"target\":{\"@type\":\"EntryPoint\",\"urlTemplate\":\"https:\\\/\\\/www.meydan.tv\\\/az\\\/?s={search_term_string}\"},\"query-input\":{\"@type\":\"PropertyValueSpecification\",\"valueRequired\":true,\"valueName\":\"search_term_string\"}}],\"inLanguage\":\"az\"},{\"@type\":\"Organization\",\"@id\":\"https:\\\/\\\/www.meydan.tv\\\/az\\\/#organization\",\"name\":\"Meydan TV\",\"url\":\"https:\\\/\\\/www.meydan.tv\\\/az\\\/\",\"logo\":{\"@type\":\"ImageObject\",\"inLanguage\":\"az\",\"@id\":\"https:\\\/\\\/www.meydan.tv\\\/az\\\/#\\\/schema\\\/logo\\\/image\\\/\",\"url\":\"https:\\\/\\\/www.meydan.tv\\\/wp-content\\\/uploads\\\/2021\\\/07\\\/meydan-logo.svg\",\"contentUrl\":\"https:\\\/\\\/www.meydan.tv\\\/wp-content\\\/uploads\\\/2021\\\/07\\\/meydan-logo.svg\",\"width\":195,\"height\":46,\"caption\":\"Meydan TV\"},\"image\":{\"@id\":\"https:\\\/\\\/www.meydan.tv\\\/az\\\/#\\\/schema\\\/logo\\\/image\\\/\"}},{\"@type\":\"Person\",\"@id\":\"https:\\\/\\\/www.meydan.tv\\\/az\\\/#\\\/schema\\\/person\\\/10d11eccf6da3662cf5fdab9806ea91a\",\"name\":\"user-manager\"}]}<\/script>\n<!-- \/ Yoast SEO plugin. -->","yoast_head_json":{"title":"Az\u0259rbaycan\u0131n \u0259n varl\u0131 qocas\u0131 - MEYDAN.TV","robots":{"index":"index","follow":"follow","max-snippet":"max-snippet:-1","max-image-preview":"max-image-preview:large","max-video-preview":"max-video-preview:-1"},"canonical":"https:\/\/www.meydan.tv\/az\/article\/azerbaycanin-en-varli-qocasi\/","og_locale":"az_AZ","og_type":"article","og_title":"Az\u0259rbaycan\u0131n \u0259n varl\u0131 qocas\u0131 - MEYDAN.TV","og_description":"O kimdir: \u018fsg\u0259r Sirac o\u011flu, yoxsa Q\u0259nb\u0259r \u015e\u0259m\u015fir o\u011flu?","og_url":"https:\/\/www.meydan.tv\/az\/article\/azerbaycanin-en-varli-qocasi\/","og_site_name":"MEYDAN.TV","article_published_time":"2020-12-04T13:15:08+00:00","og_image":[{"width":1280,"height":720,"url":"https:\/\/www.meydan.tv\/wp-content\/uploads\/untitled_design_zgta256.png","type":"image\/png"}],"author":"user-manager","twitter_card":"summary_large_image","schema":{"@context":"https:\/\/schema.org","@graph":[{"@type":"Article","@id":"https:\/\/www.meydan.tv\/az\/article\/azerbaycanin-en-varli-qocasi\/#article","isPartOf":{"@id":"https:\/\/www.meydan.tv\/az\/article\/azerbaycanin-en-varli-qocasi\/"},"author":{"name":"user-manager","@id":"https:\/\/www.meydan.tv\/az\/#\/schema\/person\/10d11eccf6da3662cf5fdab9806ea91a"},"headline":"Az\u0259rbaycan\u0131n \u0259n varl\u0131 qocas\u0131","datePublished":"2020-12-04T13:15:08+00:00","mainEntityOfPage":{"@id":"https:\/\/www.meydan.tv\/az\/article\/azerbaycanin-en-varli-qocasi\/"},"wordCount":2373,"publisher":{"@id":"https:\/\/www.meydan.tv\/az\/#organization"},"image":{"@id":"https:\/\/www.meydan.tv\/az\/article\/azerbaycanin-en-varli-qocasi\/#primaryimage"},"thumbnailUrl":"https:\/\/www.meydan.tv\/wp-content\/uploads\/untitled_design_zgta256.png","articleSection":["Ara\u015fd\u0131rma"],"inLanguage":"az"},{"@type":"WebPage","@id":"https:\/\/www.meydan.tv\/az\/article\/azerbaycanin-en-varli-qocasi\/","url":"https:\/\/www.meydan.tv\/az\/article\/azerbaycanin-en-varli-qocasi\/","name":"Az\u0259rbaycan\u0131n \u0259n varl\u0131 qocas\u0131 - MEYDAN.TV","isPartOf":{"@id":"https:\/\/www.meydan.tv\/az\/#website"},"primaryImageOfPage":{"@id":"https:\/\/www.meydan.tv\/az\/article\/azerbaycanin-en-varli-qocasi\/#primaryimage"},"image":{"@id":"https:\/\/www.meydan.tv\/az\/article\/azerbaycanin-en-varli-qocasi\/#primaryimage"},"thumbnailUrl":"https:\/\/www.meydan.tv\/wp-content\/uploads\/untitled_design_zgta256.png","datePublished":"2020-12-04T13:15:08+00:00","breadcrumb":{"@id":"https:\/\/www.meydan.tv\/az\/article\/azerbaycanin-en-varli-qocasi\/#breadcrumb"},"inLanguage":"az","potentialAction":[{"@type":"ReadAction","target":["https:\/\/www.meydan.tv\/az\/article\/azerbaycanin-en-varli-qocasi\/"]}]},{"@type":"ImageObject","inLanguage":"az","@id":"https:\/\/www.meydan.tv\/az\/article\/azerbaycanin-en-varli-qocasi\/#primaryimage","url":"https:\/\/www.meydan.tv\/wp-content\/uploads\/untitled_design_zgta256.png","contentUrl":"https:\/\/www.meydan.tv\/wp-content\/uploads\/untitled_design_zgta256.png","width":1280,"height":720,"caption":"Source: Meydan.TV"},{"@type":"BreadcrumbList","@id":"https:\/\/www.meydan.tv\/az\/article\/azerbaycanin-en-varli-qocasi\/#breadcrumb","itemListElement":[{"@type":"ListItem","position":1,"name":"Ana s\u0259hif\u0259","item":"https:\/\/www.meydan.tv\/az\/"},{"@type":"ListItem","position":2,"name":"Ara\u015fd\u0131rma","item":"https:\/\/www.meydan.tv\/az\/section\/arasdirma\/"},{"@type":"ListItem","position":3,"name":"Az\u0259rbaycan\u0131n \u0259n varl\u0131 qocas\u0131"}]},{"@type":"WebSite","@id":"https:\/\/www.meydan.tv\/az\/#website","url":"https:\/\/www.meydan.tv\/az\/","name":"MEYDAN.TV","description":"Meydan TV Az\u0259rbaycan\u0131n media m\u0259kan\u0131ndak\u0131 alternativ s\u0259sidir","publisher":{"@id":"https:\/\/www.meydan.tv\/az\/#organization"},"potentialAction":[{"@type":"SearchAction","target":{"@type":"EntryPoint","urlTemplate":"https:\/\/www.meydan.tv\/az\/?s={search_term_string}"},"query-input":{"@type":"PropertyValueSpecification","valueRequired":true,"valueName":"search_term_string"}}],"inLanguage":"az"},{"@type":"Organization","@id":"https:\/\/www.meydan.tv\/az\/#organization","name":"Meydan TV","url":"https:\/\/www.meydan.tv\/az\/","logo":{"@type":"ImageObject","inLanguage":"az","@id":"https:\/\/www.meydan.tv\/az\/#\/schema\/logo\/image\/","url":"https:\/\/www.meydan.tv\/wp-content\/uploads\/2021\/07\/meydan-logo.svg","contentUrl":"https:\/\/www.meydan.tv\/wp-content\/uploads\/2021\/07\/meydan-logo.svg","width":195,"height":46,"caption":"Meydan TV"},"image":{"@id":"https:\/\/www.meydan.tv\/az\/#\/schema\/logo\/image\/"}},{"@type":"Person","@id":"https:\/\/www.meydan.tv\/az\/#\/schema\/person\/10d11eccf6da3662cf5fdab9806ea91a","name":"user-manager"}]}},"_links":{"self":[{"href":"https:\/\/www.meydan.tv\/az\/wp-json\/wp\/v2\/posts\/203912","targetHints":{"allow":["GET"]}}],"collection":[{"href":"https:\/\/www.meydan.tv\/az\/wp-json\/wp\/v2\/posts"}],"about":[{"href":"https:\/\/www.meydan.tv\/az\/wp-json\/wp\/v2\/types\/post"}],"author":[{"embeddable":true,"href":"https:\/\/www.meydan.tv\/az\/wp-json\/wp\/v2\/users\/11"}],"replies":[{"embeddable":true,"href":"https:\/\/www.meydan.tv\/az\/wp-json\/wp\/v2\/comments?post=203912"}],"version-history":[{"count":0,"href":"https:\/\/www.meydan.tv\/az\/wp-json\/wp\/v2\/posts\/203912\/revisions"}],"wp:featuredmedia":[{"embeddable":true,"href":"https:\/\/www.meydan.tv\/az\/wp-json\/wp\/v2\/media\/152606"}],"wp:attachment":[{"href":"https:\/\/www.meydan.tv\/az\/wp-json\/wp\/v2\/media?parent=203912"}],"wp:term":[{"taxonomy":"category","embeddable":true,"href":"https:\/\/www.meydan.tv\/az\/wp-json\/wp\/v2\/categories?post=203912"},{"taxonomy":"post_tag","embeddable":true,"href":"https:\/\/www.meydan.tv\/az\/wp-json\/wp\/v2\/tags?post=203912"}],"curies":[{"name":"wp","href":"https:\/\/api.w.org\/{rel}","templated":true}]}}