{"id":203904,"date":"2020-12-04T08:25:38","date_gmt":"2020-12-04T08:25:38","guid":{"rendered":"https:\/\/www.meydan.tv\/article\/sumqayitda-yataqxana-sakinleri-binanin-dezinfeksiya-edilmesini-isteyir\/"},"modified":"2020-12-04T08:25:38","modified_gmt":"2020-12-04T08:25:38","slug":"sumqayitda-yataqxana-sakinleri-binanin-dezinfeksiya-edilmesini-isteyir","status":"publish","type":"post","link":"https:\/\/www.meydan.tv\/az\/article\/sumqayitda-yataqxana-sakinleri-binanin-dezinfeksiya-edilmesini-isteyir\/","title":{"rendered":"Sumqay\u0131tda: Yataqxana sakinl\u0259ri binan\u0131n dezinfeksiya edilm\u0259sini ist\u0259yir"},"content":{"rendered":"<p>\n  <i><br \/>\n    \u201cD\u0259f\u0259l\u0259rl\u0259 yataqxanan\u0131n d\u0259rmanlanmas\u0131, dezinfeksiya olunmas\u0131 \u00fc\u00e7\u00fcn aidiyyat\u0131 qurumlara m\u00fcraci\u0259t etmi\u015fik, vecin\u0259 alan olmay\u0131b\u201d<br \/>\n  <\/i>\n<\/p>\n<p>\n  Sumqay\u0131t\u0131n Kimya\u00e7\u0131lar q\u0259s\u0259b\u0259sinin sakinl\u0259rinin \u015fikay\u0259ti var. Onlar S\u0259m\u0259d Vur\u011fun k\u00fc\u00e7\u0259sid\u0259ki 7-ci binada ya\u015fay\u0131rlar. Deyirl\u0259r ki, binalar\u0131 yataqxana tiplidir v\u0259 \u00fcmumi istifad\u0259d\u0259 olan yerl\u0259ri var. M\u0259s\u0259l\u0259n, hamam, ayaqyolu, m\u0259tb\u0259x kimi&#8230; Bu \u00fcmumi yerl\u0259rd\u0259n 13 ail\u0259 istifad\u0259 edir. Onlar C\u0259bray\u0131l v\u0259 Z\u0259ngilandan olan m\u0259cburi k\u00f6\u00e7k\u00fcnl\u0259rdir.\n<\/p>\n<p>\n  Sakinl\u0259r bildirirl\u0259r ki, koronavirusun yay\u0131ld\u0131\u011f\u0131 zamanda bu, \u00e7ox t\u0259hl\u00fck\u0259lidir. X\u0259st\u0259l\u0259n\u0259n insanlar olur v\u0259 ortaq yerl\u0259rd\u0259n istifad\u0259 zaman\u0131 yay\u0131lma t\u0259hl\u00fck\u0259si var.\n<\/p>\n<p>\n  \u201cD\u0259f\u0259l\u0259rl\u0259 yataqxanan\u0131n d\u0259rmanlanmas\u0131, dezinfeksiya olunmas\u0131 \u00fc\u00e7\u00fcn aidiyyat\u0131 qurumlara m\u00fcraci\u0259t etmi\u015fik, vecin\u0259 alan olmay\u0131b\u201d, &#8211; sakinl\u0259r bildiril\u0259r.\n<\/p>\n<p>\n  28 ildir yataqxanada ya\u015fayan Z\u0259ngilan k\u00f6\u00e7k\u00fcn\u00fc Maral Babayeva da \u015fikay\u0259t\u00e7idir. Deyir, koronavirus birg\u0259 ya\u015fay\u0131\u015f yerl\u0259rind\u0259 daha \u00e7ox yay\u0131l\u0131r. Odur ki, ham\u0131 kimi o da narahatd\u0131r. Qorxur ki, yataqxanada bir n\u0259f\u0259r virusa yoluxsa, ham\u0131ya ke\u00e7ir\u0259c\u0259k:\n<\/p>\n<p>\n  \u201cBurada n\u0259 az, n\u0259 \u00e7ox \u2013 d\u00fcz 51 n\u0259f\u0259r ya\u015fay\u0131r\u0131q. Onlardan da 12-si u\u015faqd\u0131r. Bu yax\u0131nlarda qon\u015fumuzun 18 ya\u015fl\u0131 o\u011flu \u015eu\u015fa u\u011frunda ged\u0259n d\u00f6y\u00fc\u015fl\u0259rd\u0259 \u015f\u0259hid oldu. Ail\u0259y\u0259 ba\u015f \u00e7\u0259k\u0259nl\u0259r, y\u0259ni g\u0259l\u0259n-ged\u0259n olur. N\u0259tic\u0259d\u0259 t\u0259hl\u00fck\u0259 d\u0259 b\u00f6y\u00fcy\u00fcr. Ham\u0131m\u0131z\u0131n t\u0259hl\u00fck\u0259sizliyi \u00fc\u00e7\u00fcn ist\u0259y\u0259rdim ki, yataqxanan\u0131 d\u0259rmanlas\u0131nlar. Bunu bir d\u0259f\u0259 yox, vaxta\u015f\u0131r\u0131, he\u00e7 olmasa 10 g\u00fcnd\u0259n bir ets\u0259l\u0259r, yax\u015f\u0131 olar\u201d.\n<\/p>\n<figure class=\"wp-block-image size-large\">\n  <img decoding=\"async\" src=\"https:\/\/www.meydan.tv\/az\/untitled-design-15-png\/\" alt=\"Untitled design (15).png\" class=\"wp-image-152561\"\/><figcaption>\n    &#8220;M\u0259s\u0259l\u0259n, hamam, ayaqyolu, m\u0259tb\u0259x kimi&#8230;&#8221;<br \/>\n  <\/figcaption><\/figure>\n<p>\n  Yataqxanan\u0131n bir hiss\u0259sind\u0259 m\u0259cburi k\u00f6\u00e7k\u00fcnl\u0259r m\u0259skunla\u015f\u0131b, bir hiss\u0259si is\u0259 ba\u011f\u00e7ad\u0131r. Sakinl\u0259r deyirl\u0259r ki, 1-ci m\u0259rt\u0259b\u0259nin yar\u0131s\u0131, 2-ci m\u0259rt\u0259b\u0259 is\u0259 b\u00fct\u00f6vl\u00fckd\u0259 u\u015faq ba\u011f\u00e7as\u0131d\u0131r.\n<\/p>\n<p>\n  \u201cBiz\u0259 \u00e7\u0259tindir, qorxuruq. \u018fks\u0259riyy\u0259ti m\u0259cburi k\u00f6\u00e7k\u00fcn olan sakinl\u0259rin \u00e7oxu i\u015fsizdir. 60 manat \u00e7\u00f6r\u0259kpulu il\u0259 birt\u0259h\u0259r dolan\u0131rlar. Y\u0259ni bu insanlar pul y\u0131\u011f\u0131b yataqxanan\u0131 d\u0259rmanlada bilm\u0259z. Buna imkan\u0131m\u0131z \u00e7atmaz\u201d.\n<\/p>\n<p>\n  Sakinl\u0259r deyirl\u0259r ki, yataqxanan\u0131n otaqlar\u0131 o q\u0259d\u0259r ki\u00e7ikdir ki, bura h\u0259r \u015feyi s\u0131\u011fd\u0131rmaq m\u00fcmk\u00fcn deyil. Odur ki, hamam, m\u0259tb\u0259x v\u0259 ayaqyolu bir d\u0259n\u0259dir, \u00fcmumidir.\n<\/p>\n<p>\n  El\u0259 buna g\u00f6r\u0259 d\u0259 yataqxanada koronavirusun yay\u0131lmas\u0131n\u0131n qar\u015f\u0131s\u0131n\u0131 almaq \u00e7ox \u00e7\u0259tindir. B\u0259lk\u0259 d\u0259 art\u0131q gecdir. Bel\u0259 ki, son g\u00fcnl\u0259r bu yataqxanda k\u00fctl\u0259vi yoluxma m\u00fc\u015fahid\u0259 olunsa da, sakinl\u0259rin imkanlar\u0131 olmad\u0131\u011f\u0131na g\u00f6r\u0259 test d\u0259 ver\u0259 bilmirl\u0259r\u201d, &#8211; Maral Babayeva bildirir.\n<\/p>\n<p>\n  Sakinl\u0259r is\u0259 deyirl\u0259r ki, yataqxana pandemiya d\u00f6vr\u00fcnd\u0259 bir d\u0259f\u0259 d\u0259 olsun dezinfeksiya olunmay\u0131b. Bu, t\u0259hl\u00fck\u0259lidir:\n<\/p>\n<p>\n  \u201cSumqay\u0131t \u015e\u0259h\u0259r \u0130cra Hakimiyy\u0259tind\u0259n, sanitar epidemoloji idar\u0259d\u0259n xahi\u015f edirik ki, bu bar\u0259d\u0259 bir t\u0259dbir g\u00f6rs\u00fcnl\u0259r. \u018fks t\u0259qdird\u0259 yataqxana b\u00fct\u00fcnl\u00fckl\u0259 infeksiya m\u0259nb\u0259yin\u0259 \u00e7evril\u0259c\u0259k. Bu da bizim h\u0259yat\u0131m\u0131z \u00fc\u00e7\u00fcn t\u0259hl\u00fck\u0259dir\u201d.\n<\/p>\n<p>\n  Meydan TV probleml\u0259 ba\u011fl\u0131 Sumqay\u0131t \u015f\u0259h\u0259r \u0130cra Hakimiyy\u0259tin\u0259 m\u00fcraci\u0259t edib. \u0130cra hakimiyy\u0259tind\u0259n bildiribl\u0259r ki, h\u0259min yataqxana art\u0131q bir d\u0259f\u0259 d\u0259rmanlan\u0131b. \u0130kinci d\u0259f\u0259 d\u0259rmanlanmas\u0131 \u00fc\u00e7\u00fcn d\u0259 g\u00f6st\u0259ri\u015f ver\u0259c\u0259kl\u0259r:\n<\/p>\n<p>\n  \u201cBir d\u0259f\u0259 d\u0259 d\u0259rmanlayarlar, problem deyil. El\u0259 bu g\u00fcn g\u00f6st\u0259ri\u015f ver\u0259c\u0259yik\u201d.\n<\/p>\n<figure class=\"wp-block-image size-large\">\n  <img decoding=\"async\" src=\"https:\/\/www.meydan.tv\/az\/untitled-design-16-png\/\" alt=\"Untitled design (16).png\" class=\"wp-image-152558\"\/><figcaption>\n    Sakinl\u0259r deyirl\u0259r ki, yataqxanan\u0131n otaqlar\u0131 o q\u0259d\u0259r ki\u00e7ikdir ki, bura h\u0259r \u015feyi s\u0131\u011fd\u0131rmaq m\u00fcmk\u00fcn deyil.<br \/>\n  <\/figcaption><\/figure>\n<figure class=\"wp-block-image size-large\">\n  <img decoding=\"async\" src=\"https:\/\/www.meydan.tv\/az\/untitled-design-19-png\/\" alt=\"Untitled design (19).png\" class=\"wp-image-152564\"\/><figcaption>\n    M\u0259tb\u0259x<br \/>\n  <\/figcaption><\/figure>\n<figure class=\"wp-block-image size-large\">\n  <img decoding=\"async\" src=\"https:\/\/www.meydan.tv\/az\/untitled-design-17-png\/\" alt=\"Untitled design (17).png\" class=\"wp-image-152555\"\/><figcaption>\n    D\u0259hliz<br \/>\n  <\/figcaption><\/figure>\n","protected":false},"excerpt":{"rendered":"<p>Sakinl\u0259r deyirl\u0259r ki, yataqxanan\u0131n otaqlar\u0131 o q\u0259d\u0259r ki\u00e7ikdir ki, bura h\u0259r \u015feyi s\u0131\u011fd\u0131rmaq m\u00fcmk\u00fcn deyil.<\/p>\n","protected":false},"author":11,"featured_media":152567,"comment_status":"closed","ping_status":"open","sticky":false,"template":"","format":"standard","meta":{"_acf_changed":false,"_sitemap_exclude":false,"_sitemap_priority":"","_sitemap_frequency":"","footnotes":""},"categories":[60],"tags":[],"class_list":["post-203904","post","type-post","status-publish","format-standard","has-post-thumbnail","hentry","category-bolge","infinite-scroll-item","generate-columns","tablet-grid-50","mobile-grid-100","grid-parent","grid-33","no-featured-image-padding"],"acf":[],"yoast_head":"<!-- This site is optimized with the Yoast SEO plugin v27.5 - https:\/\/yoast.com\/product\/yoast-seo-wordpress\/ -->\n<title>Sumqay\u0131tda: Yataqxana sakinl\u0259ri binan\u0131n dezinfeksiya edilm\u0259sini ist\u0259yir - MEYDAN.TV<\/title>\n<meta name=\"robots\" content=\"index, follow, max-snippet:-1, max-image-preview:large, max-video-preview:-1\" \/>\n<link rel=\"canonical\" href=\"https:\/\/www.meydan.tv\/az\/article\/sumqayitda-yataqxana-sakinleri-binanin-dezinfeksiya-edilmesini-isteyir\/\" \/>\n<meta property=\"og:locale\" content=\"az_AZ\" \/>\n<meta property=\"og:type\" content=\"article\" \/>\n<meta property=\"og:title\" content=\"Sumqay\u0131tda: Yataqxana sakinl\u0259ri binan\u0131n dezinfeksiya edilm\u0259sini ist\u0259yir - MEYDAN.TV\" \/>\n<meta property=\"og:description\" content=\"Sakinl\u0259r deyirl\u0259r ki, yataqxanan\u0131n otaqlar\u0131 o q\u0259d\u0259r ki\u00e7ikdir ki, bura h\u0259r \u015feyi s\u0131\u011fd\u0131rmaq m\u00fcmk\u00fcn deyil.\" \/>\n<meta property=\"og:url\" content=\"https:\/\/www.meydan.tv\/az\/article\/sumqayitda-yataqxana-sakinleri-binanin-dezinfeksiya-edilmesini-isteyir\/\" \/>\n<meta property=\"og:site_name\" content=\"MEYDAN.TV\" \/>\n<meta property=\"article:published_time\" content=\"2020-12-04T08:25:38+00:00\" \/>\n<meta property=\"og:image\" content=\"https:\/\/www.meydan.tv\/wp-content\/uploads\/untitled_design_18.png\" \/>\n\t<meta property=\"og:image:width\" content=\"1920\" \/>\n\t<meta property=\"og:image:height\" content=\"1080\" \/>\n\t<meta property=\"og:image:type\" content=\"image\/png\" \/>\n<meta name=\"author\" content=\"user-manager\" \/>\n<meta name=\"twitter:card\" content=\"summary_large_image\" \/>\n<script type=\"application\/ld+json\" class=\"yoast-schema-graph\">{\"@context\":\"https:\\\/\\\/schema.org\",\"@graph\":[{\"@type\":\"Article\",\"@id\":\"https:\\\/\\\/www.meydan.tv\\\/az\\\/article\\\/sumqayitda-yataqxana-sakinleri-binanin-dezinfeksiya-edilmesini-isteyir\\\/#article\",\"isPartOf\":{\"@id\":\"https:\\\/\\\/www.meydan.tv\\\/az\\\/article\\\/sumqayitda-yataqxana-sakinleri-binanin-dezinfeksiya-edilmesini-isteyir\\\/\"},\"author\":{\"name\":\"user-manager\",\"@id\":\"https:\\\/\\\/www.meydan.tv\\\/az\\\/#\\\/schema\\\/person\\\/10d11eccf6da3662cf5fdab9806ea91a\"},\"headline\":\"Sumqay\u0131tda: Yataqxana sakinl\u0259ri binan\u0131n dezinfeksiya edilm\u0259sini ist\u0259yir\",\"datePublished\":\"2020-12-04T08:25:38+00:00\",\"mainEntityOfPage\":{\"@id\":\"https:\\\/\\\/www.meydan.tv\\\/az\\\/article\\\/sumqayitda-yataqxana-sakinleri-binanin-dezinfeksiya-edilmesini-isteyir\\\/\"},\"wordCount\":690,\"publisher\":{\"@id\":\"https:\\\/\\\/www.meydan.tv\\\/az\\\/#organization\"},\"image\":{\"@id\":\"https:\\\/\\\/www.meydan.tv\\\/az\\\/article\\\/sumqayitda-yataqxana-sakinleri-binanin-dezinfeksiya-edilmesini-isteyir\\\/#primaryimage\"},\"thumbnailUrl\":\"https:\\\/\\\/www.meydan.tv\\\/wp-content\\\/uploads\\\/untitled_design_18.png\",\"articleSection\":[\"B\u00f6lg\u0259\"],\"inLanguage\":\"az\"},{\"@type\":\"WebPage\",\"@id\":\"https:\\\/\\\/www.meydan.tv\\\/az\\\/article\\\/sumqayitda-yataqxana-sakinleri-binanin-dezinfeksiya-edilmesini-isteyir\\\/\",\"url\":\"https:\\\/\\\/www.meydan.tv\\\/az\\\/article\\\/sumqayitda-yataqxana-sakinleri-binanin-dezinfeksiya-edilmesini-isteyir\\\/\",\"name\":\"Sumqay\u0131tda: Yataqxana sakinl\u0259ri binan\u0131n dezinfeksiya edilm\u0259sini ist\u0259yir - MEYDAN.TV\",\"isPartOf\":{\"@id\":\"https:\\\/\\\/www.meydan.tv\\\/az\\\/#website\"},\"primaryImageOfPage\":{\"@id\":\"https:\\\/\\\/www.meydan.tv\\\/az\\\/article\\\/sumqayitda-yataqxana-sakinleri-binanin-dezinfeksiya-edilmesini-isteyir\\\/#primaryimage\"},\"image\":{\"@id\":\"https:\\\/\\\/www.meydan.tv\\\/az\\\/article\\\/sumqayitda-yataqxana-sakinleri-binanin-dezinfeksiya-edilmesini-isteyir\\\/#primaryimage\"},\"thumbnailUrl\":\"https:\\\/\\\/www.meydan.tv\\\/wp-content\\\/uploads\\\/untitled_design_18.png\",\"datePublished\":\"2020-12-04T08:25:38+00:00\",\"breadcrumb\":{\"@id\":\"https:\\\/\\\/www.meydan.tv\\\/az\\\/article\\\/sumqayitda-yataqxana-sakinleri-binanin-dezinfeksiya-edilmesini-isteyir\\\/#breadcrumb\"},\"inLanguage\":\"az\",\"potentialAction\":[{\"@type\":\"ReadAction\",\"target\":[\"https:\\\/\\\/www.meydan.tv\\\/az\\\/article\\\/sumqayitda-yataqxana-sakinleri-binanin-dezinfeksiya-edilmesini-isteyir\\\/\"]}]},{\"@type\":\"ImageObject\",\"inLanguage\":\"az\",\"@id\":\"https:\\\/\\\/www.meydan.tv\\\/az\\\/article\\\/sumqayitda-yataqxana-sakinleri-binanin-dezinfeksiya-edilmesini-isteyir\\\/#primaryimage\",\"url\":\"https:\\\/\\\/www.meydan.tv\\\/wp-content\\\/uploads\\\/untitled_design_18.png\",\"contentUrl\":\"https:\\\/\\\/www.meydan.tv\\\/wp-content\\\/uploads\\\/untitled_design_18.png\",\"width\":1920,\"height\":1080,\"caption\":\"Source: Specify Source\"},{\"@type\":\"BreadcrumbList\",\"@id\":\"https:\\\/\\\/www.meydan.tv\\\/az\\\/article\\\/sumqayitda-yataqxana-sakinleri-binanin-dezinfeksiya-edilmesini-isteyir\\\/#breadcrumb\",\"itemListElement\":[{\"@type\":\"ListItem\",\"position\":1,\"name\":\"Ana s\u0259hif\u0259\",\"item\":\"https:\\\/\\\/www.meydan.tv\\\/az\\\/\"},{\"@type\":\"ListItem\",\"position\":2,\"name\":\"B\u00f6lg\u0259\",\"item\":\"https:\\\/\\\/www.meydan.tv\\\/az\\\/section\\\/bolge\\\/\"},{\"@type\":\"ListItem\",\"position\":3,\"name\":\"Sumqay\u0131tda: Yataqxana sakinl\u0259ri binan\u0131n dezinfeksiya edilm\u0259sini ist\u0259yir\"}]},{\"@type\":\"WebSite\",\"@id\":\"https:\\\/\\\/www.meydan.tv\\\/az\\\/#website\",\"url\":\"https:\\\/\\\/www.meydan.tv\\\/az\\\/\",\"name\":\"MEYDAN.TV\",\"description\":\"Meydan TV Az\u0259rbaycan\u0131n media m\u0259kan\u0131ndak\u0131 alternativ s\u0259sidir\",\"publisher\":{\"@id\":\"https:\\\/\\\/www.meydan.tv\\\/az\\\/#organization\"},\"potentialAction\":[{\"@type\":\"SearchAction\",\"target\":{\"@type\":\"EntryPoint\",\"urlTemplate\":\"https:\\\/\\\/www.meydan.tv\\\/az\\\/?s={search_term_string}\"},\"query-input\":{\"@type\":\"PropertyValueSpecification\",\"valueRequired\":true,\"valueName\":\"search_term_string\"}}],\"inLanguage\":\"az\"},{\"@type\":\"Organization\",\"@id\":\"https:\\\/\\\/www.meydan.tv\\\/az\\\/#organization\",\"name\":\"Meydan TV\",\"url\":\"https:\\\/\\\/www.meydan.tv\\\/az\\\/\",\"logo\":{\"@type\":\"ImageObject\",\"inLanguage\":\"az\",\"@id\":\"https:\\\/\\\/www.meydan.tv\\\/az\\\/#\\\/schema\\\/logo\\\/image\\\/\",\"url\":\"https:\\\/\\\/www.meydan.tv\\\/wp-content\\\/uploads\\\/2021\\\/07\\\/meydan-logo.svg\",\"contentUrl\":\"https:\\\/\\\/www.meydan.tv\\\/wp-content\\\/uploads\\\/2021\\\/07\\\/meydan-logo.svg\",\"width\":195,\"height\":46,\"caption\":\"Meydan TV\"},\"image\":{\"@id\":\"https:\\\/\\\/www.meydan.tv\\\/az\\\/#\\\/schema\\\/logo\\\/image\\\/\"}},{\"@type\":\"Person\",\"@id\":\"https:\\\/\\\/www.meydan.tv\\\/az\\\/#\\\/schema\\\/person\\\/10d11eccf6da3662cf5fdab9806ea91a\",\"name\":\"user-manager\"}]}<\/script>\n<!-- \/ Yoast SEO plugin. -->","yoast_head_json":{"title":"Sumqay\u0131tda: Yataqxana sakinl\u0259ri binan\u0131n dezinfeksiya edilm\u0259sini ist\u0259yir - MEYDAN.TV","robots":{"index":"index","follow":"follow","max-snippet":"max-snippet:-1","max-image-preview":"max-image-preview:large","max-video-preview":"max-video-preview:-1"},"canonical":"https:\/\/www.meydan.tv\/az\/article\/sumqayitda-yataqxana-sakinleri-binanin-dezinfeksiya-edilmesini-isteyir\/","og_locale":"az_AZ","og_type":"article","og_title":"Sumqay\u0131tda: Yataqxana sakinl\u0259ri binan\u0131n dezinfeksiya edilm\u0259sini ist\u0259yir - MEYDAN.TV","og_description":"Sakinl\u0259r deyirl\u0259r ki, yataqxanan\u0131n otaqlar\u0131 o q\u0259d\u0259r ki\u00e7ikdir ki, bura h\u0259r \u015feyi s\u0131\u011fd\u0131rmaq m\u00fcmk\u00fcn deyil.","og_url":"https:\/\/www.meydan.tv\/az\/article\/sumqayitda-yataqxana-sakinleri-binanin-dezinfeksiya-edilmesini-isteyir\/","og_site_name":"MEYDAN.TV","article_published_time":"2020-12-04T08:25:38+00:00","og_image":[{"width":1920,"height":1080,"url":"https:\/\/www.meydan.tv\/wp-content\/uploads\/untitled_design_18.png","type":"image\/png"}],"author":"user-manager","twitter_card":"summary_large_image","schema":{"@context":"https:\/\/schema.org","@graph":[{"@type":"Article","@id":"https:\/\/www.meydan.tv\/az\/article\/sumqayitda-yataqxana-sakinleri-binanin-dezinfeksiya-edilmesini-isteyir\/#article","isPartOf":{"@id":"https:\/\/www.meydan.tv\/az\/article\/sumqayitda-yataqxana-sakinleri-binanin-dezinfeksiya-edilmesini-isteyir\/"},"author":{"name":"user-manager","@id":"https:\/\/www.meydan.tv\/az\/#\/schema\/person\/10d11eccf6da3662cf5fdab9806ea91a"},"headline":"Sumqay\u0131tda: Yataqxana sakinl\u0259ri binan\u0131n dezinfeksiya edilm\u0259sini ist\u0259yir","datePublished":"2020-12-04T08:25:38+00:00","mainEntityOfPage":{"@id":"https:\/\/www.meydan.tv\/az\/article\/sumqayitda-yataqxana-sakinleri-binanin-dezinfeksiya-edilmesini-isteyir\/"},"wordCount":690,"publisher":{"@id":"https:\/\/www.meydan.tv\/az\/#organization"},"image":{"@id":"https:\/\/www.meydan.tv\/az\/article\/sumqayitda-yataqxana-sakinleri-binanin-dezinfeksiya-edilmesini-isteyir\/#primaryimage"},"thumbnailUrl":"https:\/\/www.meydan.tv\/wp-content\/uploads\/untitled_design_18.png","articleSection":["B\u00f6lg\u0259"],"inLanguage":"az"},{"@type":"WebPage","@id":"https:\/\/www.meydan.tv\/az\/article\/sumqayitda-yataqxana-sakinleri-binanin-dezinfeksiya-edilmesini-isteyir\/","url":"https:\/\/www.meydan.tv\/az\/article\/sumqayitda-yataqxana-sakinleri-binanin-dezinfeksiya-edilmesini-isteyir\/","name":"Sumqay\u0131tda: Yataqxana sakinl\u0259ri binan\u0131n dezinfeksiya edilm\u0259sini ist\u0259yir - MEYDAN.TV","isPartOf":{"@id":"https:\/\/www.meydan.tv\/az\/#website"},"primaryImageOfPage":{"@id":"https:\/\/www.meydan.tv\/az\/article\/sumqayitda-yataqxana-sakinleri-binanin-dezinfeksiya-edilmesini-isteyir\/#primaryimage"},"image":{"@id":"https:\/\/www.meydan.tv\/az\/article\/sumqayitda-yataqxana-sakinleri-binanin-dezinfeksiya-edilmesini-isteyir\/#primaryimage"},"thumbnailUrl":"https:\/\/www.meydan.tv\/wp-content\/uploads\/untitled_design_18.png","datePublished":"2020-12-04T08:25:38+00:00","breadcrumb":{"@id":"https:\/\/www.meydan.tv\/az\/article\/sumqayitda-yataqxana-sakinleri-binanin-dezinfeksiya-edilmesini-isteyir\/#breadcrumb"},"inLanguage":"az","potentialAction":[{"@type":"ReadAction","target":["https:\/\/www.meydan.tv\/az\/article\/sumqayitda-yataqxana-sakinleri-binanin-dezinfeksiya-edilmesini-isteyir\/"]}]},{"@type":"ImageObject","inLanguage":"az","@id":"https:\/\/www.meydan.tv\/az\/article\/sumqayitda-yataqxana-sakinleri-binanin-dezinfeksiya-edilmesini-isteyir\/#primaryimage","url":"https:\/\/www.meydan.tv\/wp-content\/uploads\/untitled_design_18.png","contentUrl":"https:\/\/www.meydan.tv\/wp-content\/uploads\/untitled_design_18.png","width":1920,"height":1080,"caption":"Source: Specify Source"},{"@type":"BreadcrumbList","@id":"https:\/\/www.meydan.tv\/az\/article\/sumqayitda-yataqxana-sakinleri-binanin-dezinfeksiya-edilmesini-isteyir\/#breadcrumb","itemListElement":[{"@type":"ListItem","position":1,"name":"Ana s\u0259hif\u0259","item":"https:\/\/www.meydan.tv\/az\/"},{"@type":"ListItem","position":2,"name":"B\u00f6lg\u0259","item":"https:\/\/www.meydan.tv\/az\/section\/bolge\/"},{"@type":"ListItem","position":3,"name":"Sumqay\u0131tda: Yataqxana sakinl\u0259ri binan\u0131n dezinfeksiya edilm\u0259sini ist\u0259yir"}]},{"@type":"WebSite","@id":"https:\/\/www.meydan.tv\/az\/#website","url":"https:\/\/www.meydan.tv\/az\/","name":"MEYDAN.TV","description":"Meydan TV Az\u0259rbaycan\u0131n media m\u0259kan\u0131ndak\u0131 alternativ s\u0259sidir","publisher":{"@id":"https:\/\/www.meydan.tv\/az\/#organization"},"potentialAction":[{"@type":"SearchAction","target":{"@type":"EntryPoint","urlTemplate":"https:\/\/www.meydan.tv\/az\/?s={search_term_string}"},"query-input":{"@type":"PropertyValueSpecification","valueRequired":true,"valueName":"search_term_string"}}],"inLanguage":"az"},{"@type":"Organization","@id":"https:\/\/www.meydan.tv\/az\/#organization","name":"Meydan TV","url":"https:\/\/www.meydan.tv\/az\/","logo":{"@type":"ImageObject","inLanguage":"az","@id":"https:\/\/www.meydan.tv\/az\/#\/schema\/logo\/image\/","url":"https:\/\/www.meydan.tv\/wp-content\/uploads\/2021\/07\/meydan-logo.svg","contentUrl":"https:\/\/www.meydan.tv\/wp-content\/uploads\/2021\/07\/meydan-logo.svg","width":195,"height":46,"caption":"Meydan TV"},"image":{"@id":"https:\/\/www.meydan.tv\/az\/#\/schema\/logo\/image\/"}},{"@type":"Person","@id":"https:\/\/www.meydan.tv\/az\/#\/schema\/person\/10d11eccf6da3662cf5fdab9806ea91a","name":"user-manager"}]}},"_links":{"self":[{"href":"https:\/\/www.meydan.tv\/az\/wp-json\/wp\/v2\/posts\/203904","targetHints":{"allow":["GET"]}}],"collection":[{"href":"https:\/\/www.meydan.tv\/az\/wp-json\/wp\/v2\/posts"}],"about":[{"href":"https:\/\/www.meydan.tv\/az\/wp-json\/wp\/v2\/types\/post"}],"author":[{"embeddable":true,"href":"https:\/\/www.meydan.tv\/az\/wp-json\/wp\/v2\/users\/11"}],"replies":[{"embeddable":true,"href":"https:\/\/www.meydan.tv\/az\/wp-json\/wp\/v2\/comments?post=203904"}],"version-history":[{"count":0,"href":"https:\/\/www.meydan.tv\/az\/wp-json\/wp\/v2\/posts\/203904\/revisions"}],"wp:featuredmedia":[{"embeddable":true,"href":"https:\/\/www.meydan.tv\/az\/wp-json\/wp\/v2\/media\/152567"}],"wp:attachment":[{"href":"https:\/\/www.meydan.tv\/az\/wp-json\/wp\/v2\/media?parent=203904"}],"wp:term":[{"taxonomy":"category","embeddable":true,"href":"https:\/\/www.meydan.tv\/az\/wp-json\/wp\/v2\/categories?post=203904"},{"taxonomy":"post_tag","embeddable":true,"href":"https:\/\/www.meydan.tv\/az\/wp-json\/wp\/v2\/tags?post=203904"}],"curies":[{"name":"wp","href":"https:\/\/api.w.org\/{rel}","templated":true}]}}