{"id":203901,"date":"2020-12-03T20:43:16","date_gmt":"2020-12-03T20:43:16","guid":{"rendered":"https:\/\/www.meydan.tv\/article\/avropa-mehkemesi-seid-dadasbeyliye-gore-hokumeti-cerimeledi\/"},"modified":"2020-12-03T20:43:16","modified_gmt":"2020-12-03T20:43:16","slug":"avropa-mehkemesi-seid-dadasbeyliye-gore-hokumeti-cerimeledi","status":"publish","type":"post","link":"https:\/\/www.meydan.tv\/az\/article\/avropa-mehkemesi-seid-dadasbeyliye-gore-hokumeti-cerimeledi\/","title":{"rendered":"Avropa M\u0259hk\u0259m\u0259si S\u0259id Dada\u015fb\u0259yliy\u0259 g\u00f6r\u0259 h\u00f6kum\u0259ti c\u0259rim\u0259l\u0259di"},"content":{"rendered":"<p>\n  <i><br \/>\n    Ke\u00e7mi\u015f m\u0259hbusa m\u0259n\u0259vi ziyana g\u00f6r\u0259 kompensasiya \u00f6d\u0259nil\u0259c\u0259k<br \/>\n  <\/i>\n<\/p>\n<p>\n  Avropa \u0130nsan H\u00fcquqlar\u0131 M\u0259hk\u0259m\u0259si 13 il 6 ay h\u0259bsd\u0259 saxlanm\u0131\u015f S\u0259id Dadas\u0327b\u0259ylinin \u015fikay\u0259ti \u00fczr\u0259 q\u0259rar \u00e7\u0131xar\u0131b. Dekabr\u0131n 3-d\u0259 elan olunan q\u0259rara \u0259sas\u0259n, bu i\u015fd\u0259 Avropa Konvensiyas\u0131n\u0131n \u0259dal\u0259tli m\u00fchakim\u0259 h\u00fcququna t\u0259minat veril\u0259n 6-c\u0131 madd\u0259sinin 1-ci b\u0259ndinin pozuldu\u011fu t\u0259sdiql\u0259nib. Avropa M\u0259hk\u0259m\u0259si A\u011f\u0131r Cinay\u0259tl\u0259r\u0259 Dair \u0130\u015fl\u0259r \u00fczr\u0259 M\u0259hk\u0259m\u0259d\u0259 S\u0259id Dada\u015fb\u0259yli v\u0259 dig\u0259rl\u0259rinin i\u015fin\u0259 bax\u0131lark\u0259n m\u0259hk\u0259m\u0259nin a\u00e7\u0131ql\u0131\u011f\u0131 prinsi\u00f6inin pozuldu\u011fu q\u0259na\u0259tin\u0259 g\u0259lib. Bu pozuntuya g\u00f6r\u0259 m\u0259n\u0259vi ziyan\u0131n \u0259v\u0259zi kimi, S\u0259id Dada\u015fb\u0259yliy\u0259 3600 avro kompensasiya \u00f6d\u0259nilm\u0259sin\u0259 q\u0259rar verilib.\n<\/p>\n<p>\n  Avropa M\u0259hk\u0259m\u0259sind\u0259 bu i\u015f \u00fczr\u0259 S\u0259id Dada\u015fb\u0259ylinin h\u00fcquqlar\u0131n\u0131 alman v\u0259kil m\u00fcdafi\u0259 edib. \u015eikay\u0259td\u0259 maddi ziyan\u0131n \u0259v\u0259zi (v\u0259kil x\u0259rci v\u0259 s.) olaraq, 12 min, m\u0259n\u0259vi ziyana g\u00f6r\u0259 is\u0259 30 min avro t\u0259zminat t\u0259l\u0259bi qoyulmu\u015fdu. Avropa M\u0259hk\u0259m\u0259si maddi ziyanla ba\u011fl\u0131 hiss\u0259ni \u00fcmumiyy\u0259tl\u0259, t\u0259min etm\u0259yib.\n<\/p>\n<p>\n  S\u0259id Dada\u015fb\u0259yli 2007-ci ild\u0259 dig\u0259r \u015f\u0259xsl\u0259rl\u0259 birlikd\u0259 Milli T\u0259hl\u00fck\u0259sizlik Nazirliyinin \u0259m\u0259kda\u015flar\u0131 t\u0259r\u0259find\u0259n h\u0259bs edilib. Onlara qar\u015f\u0131 Cinay\u0259t M\u0259c\u0259ll\u0259sinin 218 (cinay\u0259tkar birlik yaratma), 274 (d\u00f6vl\u0259t\u0259 x\u0259yan\u0259t), 278 (hakimiyy\u0259ti zorla \u0259l\u0259 ke\u00e7irm\u0259 v\u0259 zorla saxlama), 228 (qanunsuz odlu silah saxlama), 204 (saxta pul v\u0259 qiym\u0259tli ka\u011fzlar haz\u0131rlama v\u0259 ya satma) v\u0259 234-c\u00fc (qanunsuz olaraq narkotik vasit\u0259l\u0259ri saxlama v\u0259 da\u015f\u0131ma) madd\u0259l\u0259ri il\u0259 ittiham ir\u0259li s\u00fcr\u00fcl\u00fcb.\n<\/p>\n<p>\n  S\u0259id Dada\u015fb\u0259yli ittihamlar\u0131 q\u0259bul etm\u0259yib, \u00f6z\u00fcn\u00fc t\u0259qsirli bilm\u0259yib.\n<\/p>\n<p>\n  Yerli v\u0259 beyn\u0259lxalq insan haqlar\u0131 t\u0259\u015fkilatlar\u0131 da onun siyasi motivl\u0259rl\u0259 h\u0259bs olundu\u011fu q\u0259na\u0259tin\u0259 g\u0259lib.<\/p>\n","protected":false},"excerpt":{"rendered":"<p>Avropa M\u0259hk\u0259m\u0259si maddi ziyanla ba\u011fl\u0131 hiss\u0259ni \u00fcmumiyy\u0259tl\u0259, t\u0259min etm\u0259yib.<\/p>\n","protected":false},"author":11,"featured_media":152552,"comment_status":"closed","ping_status":"open","sticky":false,"template":"","format":"standard","meta":{"_acf_changed":false,"_sitemap_exclude":false,"_sitemap_priority":"","_sitemap_frequency":"","footnotes":""},"categories":[59],"tags":[],"class_list":["post-203901","post","type-post","status-publish","format-standard","has-post-thumbnail","hentry","category-siyaset","infinite-scroll-item","generate-columns","tablet-grid-50","mobile-grid-100","grid-parent","grid-33","no-featured-image-padding"],"acf":[],"yoast_head":"<!-- This site is optimized with the Yoast SEO plugin v28.4 - https:\/\/yoast.com\/product\/yoast-seo-wordpress\/ -->\n<title>Avropa M\u0259hk\u0259m\u0259si S\u0259id Dada\u015fb\u0259yliy\u0259 g\u00f6r\u0259 h\u00f6kum\u0259ti c\u0259rim\u0259l\u0259di - MEYDAN.TV<\/title>\n<meta name=\"robots\" content=\"index, follow, max-snippet:-1, max-image-preview:large, max-video-preview:-1\" \/>\n<link rel=\"canonical\" href=\"https:\/\/www.meydan.tv\/az\/article\/avropa-mehkemesi-seid-dadasbeyliye-gore-hokumeti-cerimeledi\/\" \/>\n<meta property=\"og:locale\" content=\"az_AZ\" \/>\n<meta property=\"og:type\" content=\"article\" \/>\n<meta property=\"og:title\" content=\"Avropa M\u0259hk\u0259m\u0259si S\u0259id Dada\u015fb\u0259yliy\u0259 g\u00f6r\u0259 h\u00f6kum\u0259ti c\u0259rim\u0259l\u0259di - MEYDAN.TV\" \/>\n<meta property=\"og:description\" content=\"Avropa M\u0259hk\u0259m\u0259si maddi ziyanla ba\u011fl\u0131 hiss\u0259ni \u00fcmumiyy\u0259tl\u0259, t\u0259min etm\u0259yib.\" \/>\n<meta property=\"og:url\" content=\"https:\/\/www.meydan.tv\/az\/article\/avropa-mehkemesi-seid-dadasbeyliye-gore-hokumeti-cerimeledi\/\" \/>\n<meta property=\"og:site_name\" content=\"MEYDAN.TV\" \/>\n<meta property=\"article:published_time\" content=\"2020-12-03T20:43:16+00:00\" \/>\n<meta property=\"og:image\" content=\"https:\/\/www.meydan.tv\/wp-content\/uploads\/untitled_design_14.png\" \/>\n\t<meta property=\"og:image:width\" content=\"1920\" \/>\n\t<meta property=\"og:image:height\" content=\"1080\" \/>\n\t<meta property=\"og:image:type\" content=\"image\/png\" \/>\n<meta name=\"twitter:card\" content=\"summary_large_image\" \/>\n<!-- \/ Yoast SEO plugin. -->","yoast_head_json":{"title":"Avropa M\u0259hk\u0259m\u0259si S\u0259id Dada\u015fb\u0259yliy\u0259 g\u00f6r\u0259 h\u00f6kum\u0259ti c\u0259rim\u0259l\u0259di - MEYDAN.TV","robots":{"index":"index","follow":"follow","max-snippet":"max-snippet:-1","max-image-preview":"max-image-preview:large","max-video-preview":"max-video-preview:-1"},"canonical":"https:\/\/www.meydan.tv\/az\/article\/avropa-mehkemesi-seid-dadasbeyliye-gore-hokumeti-cerimeledi\/","og_locale":"az_AZ","og_type":"article","og_title":"Avropa M\u0259hk\u0259m\u0259si S\u0259id Dada\u015fb\u0259yliy\u0259 g\u00f6r\u0259 h\u00f6kum\u0259ti c\u0259rim\u0259l\u0259di - MEYDAN.TV","og_description":"Avropa M\u0259hk\u0259m\u0259si maddi ziyanla ba\u011fl\u0131 hiss\u0259ni \u00fcmumiyy\u0259tl\u0259, t\u0259min etm\u0259yib.","og_url":"https:\/\/www.meydan.tv\/az\/article\/avropa-mehkemesi-seid-dadasbeyliye-gore-hokumeti-cerimeledi\/","og_site_name":"MEYDAN.TV","article_published_time":"2020-12-03T20:43:16+00:00","og_image":[{"width":1920,"height":1080,"url":"https:\/\/www.meydan.tv\/wp-content\/uploads\/untitled_design_14.png","type":"image\/png"}],"twitter_card":"summary_large_image","schema":{"@context":"https:\/\/schema.org","@graph":[{"@type":"Article","@id":"https:\/\/www.meydan.tv\/az\/article\/avropa-mehkemesi-seid-dadasbeyliye-gore-hokumeti-cerimeledi\/#article","isPartOf":{"@id":"https:\/\/www.meydan.tv\/az\/article\/avropa-mehkemesi-seid-dadasbeyliye-gore-hokumeti-cerimeledi\/"},"author":{"name":"user-manager","@id":"https:\/\/www.meydan.tv\/az\/#\/schema\/person\/10d11eccf6da3662cf5fdab9806ea91a"},"headline":"Avropa M\u0259hk\u0259m\u0259si S\u0259id Dada\u015fb\u0259yliy\u0259 g\u00f6r\u0259 h\u00f6kum\u0259ti c\u0259rim\u0259l\u0259di","datePublished":"2020-12-03T20:43:16+00:00","mainEntityOfPage":{"@id":"https:\/\/www.meydan.tv\/az\/article\/avropa-mehkemesi-seid-dadasbeyliye-gore-hokumeti-cerimeledi\/"},"wordCount":370,"publisher":{"@id":"https:\/\/www.meydan.tv\/az\/#organization"},"image":{"@id":"https:\/\/www.meydan.tv\/az\/article\/avropa-mehkemesi-seid-dadasbeyliye-gore-hokumeti-cerimeledi\/#primaryimage"},"thumbnailUrl":"https:\/\/www.meydan.tv\/wp-content\/uploads\/untitled_design_14.png","articleSection":["Siyas\u0259t"],"inLanguage":"az"},{"@type":"WebPage","@id":"https:\/\/www.meydan.tv\/az\/article\/avropa-mehkemesi-seid-dadasbeyliye-gore-hokumeti-cerimeledi\/","url":"https:\/\/www.meydan.tv\/az\/article\/avropa-mehkemesi-seid-dadasbeyliye-gore-hokumeti-cerimeledi\/","name":"Avropa M\u0259hk\u0259m\u0259si S\u0259id Dada\u015fb\u0259yliy\u0259 g\u00f6r\u0259 h\u00f6kum\u0259ti c\u0259rim\u0259l\u0259di - MEYDAN.TV","isPartOf":{"@id":"https:\/\/www.meydan.tv\/az\/#website"},"primaryImageOfPage":{"@id":"https:\/\/www.meydan.tv\/az\/article\/avropa-mehkemesi-seid-dadasbeyliye-gore-hokumeti-cerimeledi\/#primaryimage"},"image":{"@id":"https:\/\/www.meydan.tv\/az\/article\/avropa-mehkemesi-seid-dadasbeyliye-gore-hokumeti-cerimeledi\/#primaryimage"},"thumbnailUrl":"https:\/\/www.meydan.tv\/wp-content\/uploads\/untitled_design_14.png","datePublished":"2020-12-03T20:43:16+00:00","breadcrumb":{"@id":"https:\/\/www.meydan.tv\/az\/article\/avropa-mehkemesi-seid-dadasbeyliye-gore-hokumeti-cerimeledi\/#breadcrumb"},"inLanguage":"az","potentialAction":[{"@type":"ReadAction","target":["https:\/\/www.meydan.tv\/az\/article\/avropa-mehkemesi-seid-dadasbeyliye-gore-hokumeti-cerimeledi\/"]}]},{"@type":"ImageObject","inLanguage":"az","@id":"https:\/\/www.meydan.tv\/az\/article\/avropa-mehkemesi-seid-dadasbeyliye-gore-hokumeti-cerimeledi\/#primaryimage","url":"https:\/\/www.meydan.tv\/wp-content\/uploads\/untitled_design_14.png","contentUrl":"https:\/\/www.meydan.tv\/wp-content\/uploads\/untitled_design_14.png","width":1920,"height":1080,"caption":"Source: Specify Source"},{"@type":"BreadcrumbList","@id":"https:\/\/www.meydan.tv\/az\/article\/avropa-mehkemesi-seid-dadasbeyliye-gore-hokumeti-cerimeledi\/#breadcrumb","itemListElement":[{"@type":"ListItem","position":1,"name":"Ana s\u0259hif\u0259","item":"https:\/\/www.meydan.tv\/az\/"},{"@type":"ListItem","position":2,"name":"Siyas\u0259t","item":"https:\/\/www.meydan.tv\/az\/section\/siyaset\/"},{"@type":"ListItem","position":3,"name":"Avropa M\u0259hk\u0259m\u0259si S\u0259id Dada\u015fb\u0259yliy\u0259 g\u00f6r\u0259 h\u00f6kum\u0259ti c\u0259rim\u0259l\u0259di"}]},{"@type":"WebSite","@id":"https:\/\/www.meydan.tv\/az\/#website","url":"https:\/\/www.meydan.tv\/az\/","name":"MEYDAN.TV","description":"Meydan TV Az\u0259rbaycan\u0131n media m\u0259kan\u0131ndak\u0131 alternativ s\u0259sidir","publisher":{"@id":"https:\/\/www.meydan.tv\/az\/#organization"},"potentialAction":[{"@type":"SearchAction","target":{"@type":"EntryPoint","urlTemplate":"https:\/\/www.meydan.tv\/az\/?s={search_term_string}"},"query-input":{"@type":"PropertyValueSpecification","valueRequired":true,"valueName":"search_term_string"}}],"inLanguage":"az"},{"@type":"Organization","@id":"https:\/\/www.meydan.tv\/az\/#organization","name":"Meydan TV","url":"https:\/\/www.meydan.tv\/az\/","logo":{"@type":"ImageObject","inLanguage":"az","@id":"https:\/\/www.meydan.tv\/az\/#\/schema\/logo\/image\/","url":"https:\/\/www.meydan.tv\/wp-content\/uploads\/2021\/07\/meydan-logo.svg","contentUrl":"https:\/\/www.meydan.tv\/wp-content\/uploads\/2021\/07\/meydan-logo.svg","width":195,"height":46,"caption":"Meydan TV"},"image":{"@id":"https:\/\/www.meydan.tv\/az\/#\/schema\/logo\/image\/"}},{"@type":"Person","@id":"https:\/\/www.meydan.tv\/az\/#\/schema\/person\/10d11eccf6da3662cf5fdab9806ea91a","name":"user-manager"}]}},"_links":{"self":[{"href":"https:\/\/www.meydan.tv\/az\/wp-json\/wp\/v2\/posts\/203901","targetHints":{"allow":["GET"]}}],"collection":[{"href":"https:\/\/www.meydan.tv\/az\/wp-json\/wp\/v2\/posts"}],"about":[{"href":"https:\/\/www.meydan.tv\/az\/wp-json\/wp\/v2\/types\/post"}],"author":[{"embeddable":true,"href":"https:\/\/www.meydan.tv\/az\/wp-json\/wp\/v2\/users\/11"}],"replies":[{"embeddable":true,"href":"https:\/\/www.meydan.tv\/az\/wp-json\/wp\/v2\/comments?post=203901"}],"version-history":[{"count":0,"href":"https:\/\/www.meydan.tv\/az\/wp-json\/wp\/v2\/posts\/203901\/revisions"}],"wp:featuredmedia":[{"embeddable":true,"href":"https:\/\/www.meydan.tv\/az\/wp-json\/wp\/v2\/media\/152552"}],"wp:attachment":[{"href":"https:\/\/www.meydan.tv\/az\/wp-json\/wp\/v2\/media?parent=203901"}],"wp:term":[{"taxonomy":"category","embeddable":true,"href":"https:\/\/www.meydan.tv\/az\/wp-json\/wp\/v2\/categories?post=203901"},{"taxonomy":"post_tag","embeddable":true,"href":"https:\/\/www.meydan.tv\/az\/wp-json\/wp\/v2\/tags?post=203901"}],"curies":[{"name":"wp","href":"https:\/\/api.w.org\/{rel}","templated":true}]}}