{"id":203900,"date":"2020-12-03T19:41:02","date_gmt":"2020-12-03T19:41:02","guid":{"rendered":"https:\/\/www.meydan.tv\/article\/xacmaz-sakini-karantinden-evvel-usaqlarimi-ac-qoymurdum\/"},"modified":"2020-12-03T19:41:02","modified_gmt":"2020-12-03T19:41:02","slug":"xacmaz-sakini-karantinden-evvel-usaqlarimi-ac-qoymurdum","status":"publish","type":"post","link":"https:\/\/www.meydan.tv\/az\/article\/xacmaz-sakini-karantinden-evvel-usaqlarimi-ac-qoymurdum\/","title":{"rendered":"Xa\u00e7maz sakini: Karantind\u0259n \u0259vv\u0259l u\u015faqlar\u0131m\u0131 ac qoymurdum&#8230;"},"content":{"rendered":"<p>\n  <i><br \/>\n    \u201cKarantin rejimi s\u0259rtl\u0259\u015fdiril\u0259nd\u0259n sonra d\u00f6vl\u0259t t\u0259r\u0259find\u0259n he\u00e7 bir maliyy\u0259 d\u0259st\u0259yi almam\u0131\u015fam\u201d<br \/>\n  <\/i>\n<\/p>\n<p>\n  Xa\u00e7maz rayonu, Da\u011f\u0131stan k\u00fc\u00e7\u0259si, ev 36, m\u0259nzil 11 \u00fcnvan\u0131nda ya\u015fayan Leyla Novruz\u0259liyeva t\u0259nha anad\u0131r, \u00fc\u00e7 azya\u015fl\u0131 o\u011flu var. D\u00f6rd il \u00f6nc\u0259 h\u0259yat yolda\u015f\u0131ndan ayr\u0131l\u0131b. Deyir ki, e\u015fitm\u0259-dan\u0131\u015fma m\u0259hdudiyy\u0259ti olan ke\u00e7mi\u015f h\u0259yat yolda\u015f\u0131 onu v\u0259 o\u011fullar\u0131n\u0131 d\u00f6y\u00fcrm\u00fc\u015f. Bo\u015fanandan sonra da ke\u00e7mi\u015f h\u0259yat yolda\u015f\u0131 il\u0259 eyni evd\u0259 ya\u015fama\u011fa m\u0259cbur olub:\n<\/p>\n<p>\n  \u201cEv ke\u00e7mi\u015f qay\u0131nanam\u0131n ad\u0131nad\u0131r. M\u0259hk\u0259m\u0259y\u0259 m\u00fcraci\u0259t etdim, lakin s\u0259n\u0259dl\u0259rim geri qaytar\u0131ld\u0131 ki, evl\u0259 ba\u011fl\u0131 h\u00fcququm yoxdur. Valideynl\u0259rim v\u0259fat etmi\u015fdi, qohumlar\u0131mdan da m\u0259n\u0259 sahib \u00e7\u0131xan olmad\u0131. M\u0259cbur olub h\u0259min evin bir ota\u011f\u0131nda qald\u0131m. Ev u\u015faqlar\u0131n atas\u0131n\u0131n ad\u0131na olsayd\u0131, satmaq olard\u0131. Onlar\u0131n da \u0259lind\u0259 m\u0259hk\u0259m\u0259 q\u0259rar\u0131 olmad\u0131\u011f\u0131 \u00fc\u00e7\u00fcn m\u0259ni evd\u0259n \u00e7\u0131xarm\u0131rlar. Qald\u0131\u011f\u0131m\u0131z otaq \u015f\u0259raitsiz v\u0259 soyuqdur, h\u0259tta p\u0259nc\u0259r\u0259md\u0259 p\u0259rd\u0259m yoxdur. Ke\u00e7mi\u015f qay\u0131nanam bir ota\u011f\u0131 ba\u011fl\u0131 saxlay\u0131r. Dig\u0259r otaqlardan birind\u0259 m\u0259n u\u015faqlar\u0131mla, dig\u0259rind\u0259 is\u0259 ke\u00e7mi\u015f h\u0259yat yolda\u015f\u0131m ya\u015fay\u0131r. T\u0259s\u0259vv\u00fcr edin, evin b\u00fct\u00fcn kommunal x\u0259rcl\u0259rini d\u0259 m\u0259n \u00f6d\u0259yir\u0259m. Onlar da rahat-rahat istifad\u0259 edirl\u0259r. Bo\u015fanandan sonra \u00fc\u00e7 u\u015fa\u011fa g\u00f6r\u0259 76 manat aliment \u00f6d\u0259yirl\u0259r, v\u0259ssalam. B\u0259han\u0259l\u0259ri d\u0259 budur ki, u\u015faqlar\u0131n atas\u0131 \u00fc\u00e7\u00fcnc\u00fc qrup \u0259lildir, q\u00fcsurludur. 76 manatla h\u0259m kommunal \u00f6d\u0259yir\u0259m, h\u0259m d\u0259 u\u015faqlar\u0131n yem\u0259yini al\u0131ram\u201d.\n<\/p>\n<p>\n  Leyla Novruz\u0259liyeva bo\u015fanandan sonra s\u0259yyar b\u0259rb\u0259r kimi f\u0259aliyy\u0259t\u0259 ba\u015flay\u0131b. Deyir ki, \u00f6nc\u0259l\u0259r \u00f6vladlar\u0131n\u0131 birt\u0259h\u0259r doland\u0131r\u0131rd\u0131. Lakin il ba\u015flayandan i\u015fl\u0259ri qaydas\u0131nda getmir. \u00d6nc\u0259 koronavirus (COVID-19) pandemiyas\u0131, ard\u0131nca is\u0259 m\u00fcharib\u0259 onu i\u015fsiz qoyub:\n<\/p>\n<p>\n  \u201cYay aylar\u0131nda az-\u00e7ox m\u00fc\u015ft\u0259ri olurdu. M\u00fcharib\u0259d\u0259n sonra v\u0259ziyy\u0259t daha da a\u011f\u0131rla\u015fd\u0131, h\u0259r yer ba\u011fl\u0131d\u0131r. Anayam, sosial y\u00fck\u00fcm, m\u0259suliyy\u0259tim var. Pe\u015f\u0259m \u00fczr\u0259 olmayan i\u015f\u0259 d\u0259 raz\u0131yam, t\u0259ki u\u015faqlar\u0131m ac qalmas\u0131n. Qabyuyan, sat\u0131c\u0131, xadim\u0259 i\u015fi il\u0259 ba\u011fl\u0131 h\u0259r yer\u0259 m\u00fcraci\u0259t etmi\u015f\u0259m, amma bir n\u0259tic\u0259si yoxdur\u201d.\n<\/p>\n<figure class=\"wp-block-image size-large\">\n  <img decoding=\"async\" src=\"https:\/\/www.meydan.tv\/az\/untitled-design-13-png\/\" alt=\"Untitled design (13).png\" class=\"wp-image-152540\"\/><figcaption>\n    Ail\u0259nin evi<br \/>\n  <\/figcaption><\/figure>\n<p>\n  Oktyabr ay\u0131ndan \u00f6lk\u0259nin bir s\u0131ra \u015f\u0259h\u0259r v\u0259 rayonlar\u0131nda epidemioloji v\u0259ziyy\u0259tin k\u0259skinl\u0259\u015fm\u0259si il\u0259 \u0259laq\u0259dar yenid\u0259n x\u00fcsusi karantin rejimi t\u0259tbiq edilib. Xa\u00e7maz rayonu da bu siyah\u0131ya daxildir. \u015eikay\u0259t\u00e7inin s\u00f6zl\u0259rin\u0259 g\u00f6r\u0259, karantin rejimi s\u0259rtl\u0259\u015fdiril\u0259nd\u0259n sonra d\u00f6vl\u0259t t\u0259r\u0259find\u0259n he\u00e7 bir maliyy\u0259 d\u0259st\u0259yi almay\u0131b:\n<\/p>\n<p>\n  \u201cD\u00f6vl\u0259td\u0259n he\u00e7 bir yard\u0131m g\u00f6rm\u0259mi\u015f\u0259m. \u00dcnvanl\u0131 sosial yard\u0131m da alm\u0131ram. 190 manat \u00fc\u00e7\u00fcn m\u00fcraci\u0259t etdim, onu da verm\u0259dil\u0259r. \u0130\u015f yerl\u0259ri ba\u011flan\u0131b, camaatda da pul yoxdur. Sa\u00e7 ustas\u0131na m\u00fcraci\u0259t ed\u0259nl\u0259r tamamil\u0259 azal\u0131b. D\u00f6vl\u0259td\u0259n pul ist\u0259mir\u0259m, he\u00e7 olmasa m\u0259ni i\u015fl\u0259 t\u0259min etsinl\u0259r. T\u0259k can\u0131mla g\u0259l\u0259c\u0259yin \u00fc\u00e7 \u0259sg\u0259rini b\u00f6y\u00fcd\u00fcr\u0259m. Be\u015f il\u0259 yax\u0131nd\u0131r ki, Xa\u00e7maz Rayon M\u0259\u015f\u011fulluq Xidm\u0259tind\u0259 qeydiyyatdayam. H\u0259r d\u0259f\u0259 ged\u0259nd\u0259 deyirl\u0259r ki, n\u0259s\u0259 olsa \u00e7a\u011f\u0131raca\u011f\u0131q. \u0130\u015fl\u0259 t\u0259min etmirl\u0259r, bu bir yana, ora ged\u0259nd\u0259 v\u0259t\u0259nda\u015flarla kobud r\u0259ftar edirl\u0259r, az qal\u0131rlar ki, qovsunlar\u201d.\n<\/p>\n<p>\n  \u201cKarantind\u0259n \u0259vv\u0259l u\u015faqlar\u0131m\u0131 ac qoymurdum, onlar\u0131n yem\u0259yini t\u0259min ed\u0259 bilirdim. \u0130ndi is\u0259 v\u0259ziyy\u0259t \u00e7ox a\u011f\u0131rd\u0131r\u201d, &#8211; \u015fikay\u0259t\u00e7i bel\u0259 deyir. S\u00f6yl\u0259yir ki, D\u00f6vl\u0259t M\u0259\u015f\u011fulluq Agentliyinin \u201ce-sosial.az\u201d sayt\u0131nda i\u015fsiz kimi qeydiyyatdan ke\u00e7ib:\n<\/p>\n<p>\n  \u201cTez-tez \u015f\u0259xsi kabinetim\u0259 daxil olub, vakansiyalara bax\u0131ram. Noyabr\u0131n 27-d\u0259 \u201ce-sosial.az\u201ddan telefonuma SMS g\u0259ldi ki, i\u015f axtarmaqla ba\u011fl\u0131 t\u0259klifim\u0259 cavab olaraq, saytdak\u0131 \u015f\u0259xsi kabinetim\u0259 f\u0259rdi m\u0259\u015f\u011fulluq proqram\u0131 yerl\u0259\u015fdirilib. \u00dcz\u0259rind\u0259n iki g\u00fcn ke\u00e7m\u0259mi\u015f, oktyabr\u0131n 30-da ikinci mesaj g\u0259ldi ki, guya m\u0259n f\u0259rdi m\u0259\u015f\u011fulluq proqram\u0131ndan imtina etmi\u015f\u0259m. Mesajda qeyd olunurdu ki, \u201cM\u0259\u015f\u011fulluq haqq\u0131nda\u201d qanunun 5.10.4-c\u00fc madd\u0259sin\u0259 \u0259sas\u0259n i\u015fsiz kimi qeydiyyatdan \u00e7\u0131xar\u0131l\u0131ram. Bununla ba\u011fl\u0131 nazirliyin \u201c142 \u00c7a\u011fr\u0131 m\u0259rk\u0259zi\u201dn\u0259 z\u0259ng etm\u0259dim. \u00c7\u00fcnki \u0259vv\u0259ll\u0259r d\u0259f\u0259l\u0259rl\u0259 z\u0259ng etmi\u015f\u0259m, x\u0259td\u0259 g\u00f6zl\u0259yirs\u0259n, balans qurtar\u0131r, amma problemin\u0259 h\u0259ll cavab\u0131 ala bilmirs\u0259n. Buna g\u00f6r\u0259 d\u0259 q\u0259rara ald\u0131m ki, Xa\u00e7maz Rayon M\u0259\u015f\u011fulluq Xidm\u0259tin\u0259 gedim, m\u0259s\u0259l\u0259ni onlarla ayd\u0131nla\u015fd\u0131r\u0131m. \u0130dar\u0259nin qar\u015f\u0131s\u0131nda mill\u0259t vard\u0131, t\u0259kc\u0259 m\u0259n deyildim. He\u00e7 kimi i\u00e7\u0259ri buraxmad\u0131lar. M\u0259lum oldu ki, \u00e7ox insana SMS g\u0259lib. M\u0259rk\u0259zin i\u015f\u00e7il\u0259ri g\u0259l\u0259nl\u0259ri i\u00e7\u0259ri buraxm\u0131r, h\u0259tta reaksiya vermirdil\u0259r. Sonra g\u00f6rd\u00fcl\u0259r ki, camaat hay-k\u00fcy sal\u0131r, \u00e7\u0131x\u0131b dedil\u0259r ki, biz bilmirik, nazirliy\u0259 m\u00fcraci\u0259t edin. M\u0259\u015f\u011fulluqdan bizi kobud \u015f\u0259kild\u0259 yola salandan sonra, camaatla q\u0259rara ald\u0131q ki, d\u0259rdimizi Xa\u00e7maz Rayon \u0130cra Hakimiyy\u0259tin\u0259 dey\u0259k. \u018flb\u0259t, bu qurumda d\u0259rdimiz\u0259 qulaq asarlar, \u00e7ar\u0259 taparlar. T\u0259\u0259ss\u00fcf ki, icrada da eyni cavab\u0131 ald\u0131q. Dedil\u0259r ki, biz i\u015fl\u0259 t\u0259min ed\u0259n qurum deyilik. \u018fm\u0259k v\u0259 \u018fhalinin Sosial M\u00fcdafi\u0259si Nazirliyin\u0259 ya faks, ya da m\u0259ktub g\u00f6nd\u0259rin. M\u0259ktub g\u00f6nd\u0259rm\u0259dim, s\u0259b\u0259bi d\u0259 odur ki, d\u0259f\u0259l\u0259rl\u0259 i\u015fsizlik problemiml\u0259 \u0259laq\u0259dar bir \u00e7ox qurumlara yazm\u0131\u015fam. \u0130ki manat pul verib, m\u0259ktub yollay\u0131rsan, \u0259ziyy\u0259t \u00e7\u0259kib cavab da yazm\u0131rlar. D\u00fczd\u00fcr, iki manat b\u00f6y\u00fck m\u0259bl\u0259\u011f deyil. Amma haz\u0131rk\u0131 v\u0259ziyy\u0259td\u0259 d\u0259 m\u0259nim \u00fc\u00e7\u00fcn b\u00f6y\u00fck m\u0259bl\u0259\u011f say\u0131l\u0131r\u201d.\n<\/p>\n<figure class=\"wp-block-image size-large\">\n  <img decoding=\"async\" src=\"https:\/\/www.meydan.tv\/az\/untitled-design-10-png-2\/\" alt=\"Untitled design (10).png\" class=\"wp-image-152534\"\/><figcaption>\n    Leyla Novruz\u0259liyeva<br \/>\n  <\/figcaption><\/figure>\n<p>\n  Xa\u00e7maz Rayonu \u0130cra Hakimiyy\u0259ti ictimai-siyasi v\u0259 h\u00fcmanitar m\u0259s\u0259l\u0259l\u0259r \u015f\u00f6b\u0259sinin ba\u015f m\u0259sl\u0259h\u0259t\u00e7isi Yaqut M\u0259simova Meydan TV-y\u0259 bildirib ki, i\u015f\u0259 d\u00fcz\u0259ld\u0259n qurum deyil:\n<\/p>\n<p>\n  \u201cV\u0259t\u0259nda\u015flar b\u0259z\u0259n aidiyy\u0259ti olmayan m\u0259s\u0259l\u0259l\u0259rl\u0259 ba\u011fl\u0131 da quruma m\u00fcraci\u0259tl\u0259r edir. Son zamanlar m\u00fcraci\u0259tl\u0259r daha \u00e7ox 190 manat bird\u0259f\u0259lik \u00f6d\u0259m\u0259 il\u0259 \u0259laq\u0259dard\u0131r. Bu \u00f6d\u0259m\u0259ni icra hakimiyy\u0259tl\u0259ri etmir. T\u0259\u0259ss\u00fcf ki, bunu b\u0259zi v\u0259t\u0259nda\u015flara ba\u015fa salmaq olmur. \u201c\u0130\u015fl\u0259 ba\u011fl\u0131 kommunal t\u0259s\u0259rr\u00fcfat\u0131nda, yaxud m\u0259\u015f\u011fulluq m\u0259rk\u0259zind\u0259 n\u00f6vb\u0259y\u0259 dayan deyirs\u0259n\u201d, \u00e7oxu ist\u0259mir. \u0130cra hakimiyy\u0259tind\u0259n as\u0131l\u0131 olan i\u015f\u0259 m\u00fctl\u0259q bax\u0131l\u0131r. Tabeliyimizd\u0259 olmayan i\u015fl\u0259rl\u0259 ba\u011fl\u0131 yaln\u0131z t\u00f6vsiy\u0259 xarakterli m\u0259sl\u0259h\u0259tl\u0259r verir, aidiyy\u0259ti \u00fczr\u0259 y\u00f6nl\u0259ndiririk\u201d.\n<\/p>\n<p>\n  D\u00f6vl\u0259t M\u0259\u015f\u011fulluq Agentliyind\u0259n Meydan Tv-nin sor\u011fusuna cavab olaraq, bildirilib ki, sistemd\u0259 Leyla Novruz\u0259liyeva ad-soyadl\u0131 v\u0259t\u0259nda\u015f i\u015fsiz kimi qeyd olunub:\n<\/p>\n<p>\n  \u201cOla bil\u0259r ki, v\u0259t\u0259nda\u015fa SMS s\u0259hv gedib. Be\u015f i\u015f g\u00fcn\u00fc m\u00fcdd\u0259tind\u0259 f\u0259rdi m\u0259\u015f\u011fulluq proqram\u0131na m\u00fcnasib\u0259t bildirm\u0259s\u0259, i\u015fsiz statusu l\u0259\u011fv edil\u0259c\u0259k\u201d.\n<\/p>\n<p>\n  \u201c\u00dcmumiyy\u0259tl\u0259, biz v\u0259t\u0259nda\u015fa \u201cgedin ev\u0259, vakansiya olanda x\u0259b\u0259r ed\u0259c\u0259yik\u201d,- demirik. Qeydiyyatda olan minl\u0259rl\u0259 adam var. Biz onlar\u0131n hans\u0131 birin\u0259 z\u0259ng edib vakansiya haqda m\u0259lumat ver\u0259 bil\u0259rik?\u201d- bu s\u00f6zl\u0259ri Meydan TV-y\u0259 Xa\u00e7maz Rayon M\u0259\u015f\u011fulluq M\u0259rk\u0259zinin ba\u015f m\u00fct\u0259x\u0259ssisi Ruslan Ramazanov deyib:\n<\/p>\n<p>\n  \u201c\u201cM\u0259\u015f\u011fulluq haqq\u0131nda\u201d qanuna edil\u0259n son d\u0259yi\u015fiklikd\u0259n sonra b\u00fct\u00fcn prosedurlar elektron \u015f\u0259kild\u0259 apar\u0131l\u0131r. V\u0259t\u0259nda\u015f m\u0259rk\u0259z\u0259 g\u0259lm\u0259d\u0259n, \u201ce-sosial.az\u201ddan qeydiyyatdan ke\u00e7ir. B\u00fct\u00fcn m\u00fc\u0259ssis\u0259 v\u0259 t\u0259\u015fkilatlar vakansiya yarand\u0131\u011f\u0131 halda bununla ba\u011fl\u0131 sistem\u0259 m\u0259lumat yerl\u0259\u015fdirir. V\u0259t\u0259nda\u015f sayt vasit\u0259sil\u0259 uy\u011fun bildiyi i\u015f vakansiyas\u0131na g\u00f6nd\u0259ri\u015f ver\u0259 bilir. F\u0259rdi m\u0259\u015f\u011fulluq proqram\u0131 b\u00fct\u00fcn \u00f6lk\u0259 \u00fczr\u0259 b\u00fct\u00fcn i\u015fsiz v\u0259t\u0259nda\u015flara g\u00f6nd\u0259rilir. Onlar \u015f\u0259xsi kabinetd\u0259n daxil olub, proqram\u0131n icras\u0131n\u0131 ya t\u0259sdiq, ya da imtina etm\u0259lidir. T\u0259sdiq etdikd\u0259, h\u0259r ay M\u0259\u015f\u011fulluq M\u0259rk\u0259zin\u0259 elektron \u015f\u0259kild\u0259 hesabat verilm\u0259lidir. \u018fg\u0259r v\u0259t\u0259nda\u015f f\u0259rdi m\u0259\u015f\u011fulluq proqram\u0131n\u0131n icras\u0131ndan imtina edirs\u0259, i\u015fsiz kimi qeydiyyatdan m\u00fcv\u0259qq\u0259ti \u00e7\u0131xar\u0131l\u0131r. Lakin i\u015faxtaran kimi yen\u0259 d\u0259 qeydiyyat\u0131 sistemd\u0259 qal\u0131r. Sad\u0259c\u0259, i\u015fsiz statusu l\u0259\u011fv olunur. Leyla Novruz\u0259liyevan\u0131n m\u0259s\u0259l\u0259sin\u0259 g\u0259linc\u0259, ola bilsin ki, internetd\u0259 hans\u0131sa profilaktik i\u015fl\u0259r g\u00f6r\u00fcl\u00fcb. Yaxud da sistemd\u0259 bir-iki saatl\u0131q problem yaran\u0131b, m\u0259hdudiyy\u0259t qoyulub. V\u0259t\u0259nda\u015f yenid\u0259n kabinetin\u0259 daxil olub, elan\u0131 t\u0259sdiql\u0259m\u0259lidir. Yoxsa i\u015fsiz statusu l\u0259\u011fv olunacaq\u201d.\n<\/p>\n<figure class=\"wp-block-image size-large\">\n  <img decoding=\"async\" src=\"https:\/\/www.meydan.tv\/az\/untitled-design-12-png-2\/\" alt=\"Untitled design (12).png\" class=\"wp-image-152522\"\/><figcaption>\n    &#8220;\u00dcnvanl\u0131 sosial yard\u0131m da alm\u0131ram&#8221;<br \/>\n  <\/figcaption><\/figure>\n","protected":false},"excerpt":{"rendered":"<p>&#8220;Sonra g\u00f6rd\u00fcl\u0259r ki, camaat hay-k\u00fcy sal\u0131r, \u00e7\u0131x\u0131b dedil\u0259r ki, biz bilmirik, nazirliy\u0259 m\u00fcraci\u0259t edin&#8221;<\/p>\n","protected":false},"author":11,"featured_media":152537,"comment_status":"closed","ping_status":"open","sticky":false,"template":"","format":"standard","meta":{"_acf_changed":false,"_sitemap_exclude":false,"_sitemap_priority":"","_sitemap_frequency":"","footnotes":""},"categories":[60],"tags":[],"class_list":["post-203900","post","type-post","status-publish","format-standard","has-post-thumbnail","hentry","category-bolge","infinite-scroll-item","generate-columns","tablet-grid-50","mobile-grid-100","grid-parent","grid-33","no-featured-image-padding"],"acf":[],"yoast_head":"<!-- This site is optimized with the Yoast SEO plugin v27.5 - https:\/\/yoast.com\/product\/yoast-seo-wordpress\/ -->\n<title>Xa\u00e7maz sakini: Karantind\u0259n \u0259vv\u0259l u\u015faqlar\u0131m\u0131 ac qoymurdum... - MEYDAN.TV<\/title>\n<meta name=\"robots\" content=\"index, follow, max-snippet:-1, max-image-preview:large, max-video-preview:-1\" \/>\n<link rel=\"canonical\" href=\"https:\/\/www.meydan.tv\/az\/article\/xacmaz-sakini-karantinden-evvel-usaqlarimi-ac-qoymurdum\/\" \/>\n<meta property=\"og:locale\" content=\"az_AZ\" \/>\n<meta property=\"og:type\" content=\"article\" \/>\n<meta property=\"og:title\" content=\"Xa\u00e7maz sakini: Karantind\u0259n \u0259vv\u0259l u\u015faqlar\u0131m\u0131 ac qoymurdum... - MEYDAN.TV\" \/>\n<meta property=\"og:description\" content=\"&quot;Sonra g\u00f6rd\u00fcl\u0259r ki, camaat hay-k\u00fcy sal\u0131r, \u00e7\u0131x\u0131b dedil\u0259r ki, biz bilmirik, nazirliy\u0259 m\u00fcraci\u0259t edin&quot;\" \/>\n<meta property=\"og:url\" content=\"https:\/\/www.meydan.tv\/az\/article\/xacmaz-sakini-karantinden-evvel-usaqlarimi-ac-qoymurdum\/\" \/>\n<meta property=\"og:site_name\" content=\"MEYDAN.TV\" \/>\n<meta property=\"article:published_time\" content=\"2020-12-03T19:41:02+00:00\" \/>\n<meta property=\"og:image\" content=\"https:\/\/www.meydan.tv\/wp-content\/uploads\/esger-sayt-cover_nw7ql0j.png\" \/>\n\t<meta property=\"og:image:width\" content=\"1280\" \/>\n\t<meta property=\"og:image:height\" content=\"720\" \/>\n\t<meta property=\"og:image:type\" content=\"image\/png\" \/>\n<meta name=\"author\" content=\"user-manager\" \/>\n<meta name=\"twitter:card\" content=\"summary_large_image\" \/>\n<script type=\"application\/ld+json\" class=\"yoast-schema-graph\">{\"@context\":\"https:\\\/\\\/schema.org\",\"@graph\":[{\"@type\":\"Article\",\"@id\":\"https:\\\/\\\/www.meydan.tv\\\/az\\\/article\\\/xacmaz-sakini-karantinden-evvel-usaqlarimi-ac-qoymurdum\\\/#article\",\"isPartOf\":{\"@id\":\"https:\\\/\\\/www.meydan.tv\\\/az\\\/article\\\/xacmaz-sakini-karantinden-evvel-usaqlarimi-ac-qoymurdum\\\/\"},\"author\":{\"name\":\"user-manager\",\"@id\":\"https:\\\/\\\/www.meydan.tv\\\/az\\\/#\\\/schema\\\/person\\\/10d11eccf6da3662cf5fdab9806ea91a\"},\"headline\":\"Xa\u00e7maz sakini: Karantind\u0259n \u0259vv\u0259l u\u015faqlar\u0131m\u0131 ac qoymurdum&#8230;\",\"datePublished\":\"2020-12-03T19:41:02+00:00\",\"mainEntityOfPage\":{\"@id\":\"https:\\\/\\\/www.meydan.tv\\\/az\\\/article\\\/xacmaz-sakini-karantinden-evvel-usaqlarimi-ac-qoymurdum\\\/\"},\"wordCount\":1623,\"publisher\":{\"@id\":\"https:\\\/\\\/www.meydan.tv\\\/az\\\/#organization\"},\"image\":{\"@id\":\"https:\\\/\\\/www.meydan.tv\\\/az\\\/article\\\/xacmaz-sakini-karantinden-evvel-usaqlarimi-ac-qoymurdum\\\/#primaryimage\"},\"thumbnailUrl\":\"https:\\\/\\\/www.meydan.tv\\\/wp-content\\\/uploads\\\/esger-sayt-cover_nw7ql0j.png\",\"articleSection\":[\"B\u00f6lg\u0259\"],\"inLanguage\":\"az\"},{\"@type\":\"WebPage\",\"@id\":\"https:\\\/\\\/www.meydan.tv\\\/az\\\/article\\\/xacmaz-sakini-karantinden-evvel-usaqlarimi-ac-qoymurdum\\\/\",\"url\":\"https:\\\/\\\/www.meydan.tv\\\/az\\\/article\\\/xacmaz-sakini-karantinden-evvel-usaqlarimi-ac-qoymurdum\\\/\",\"name\":\"Xa\u00e7maz sakini: Karantind\u0259n \u0259vv\u0259l u\u015faqlar\u0131m\u0131 ac qoymurdum... - MEYDAN.TV\",\"isPartOf\":{\"@id\":\"https:\\\/\\\/www.meydan.tv\\\/az\\\/#website\"},\"primaryImageOfPage\":{\"@id\":\"https:\\\/\\\/www.meydan.tv\\\/az\\\/article\\\/xacmaz-sakini-karantinden-evvel-usaqlarimi-ac-qoymurdum\\\/#primaryimage\"},\"image\":{\"@id\":\"https:\\\/\\\/www.meydan.tv\\\/az\\\/article\\\/xacmaz-sakini-karantinden-evvel-usaqlarimi-ac-qoymurdum\\\/#primaryimage\"},\"thumbnailUrl\":\"https:\\\/\\\/www.meydan.tv\\\/wp-content\\\/uploads\\\/esger-sayt-cover_nw7ql0j.png\",\"datePublished\":\"2020-12-03T19:41:02+00:00\",\"breadcrumb\":{\"@id\":\"https:\\\/\\\/www.meydan.tv\\\/az\\\/article\\\/xacmaz-sakini-karantinden-evvel-usaqlarimi-ac-qoymurdum\\\/#breadcrumb\"},\"inLanguage\":\"az\",\"potentialAction\":[{\"@type\":\"ReadAction\",\"target\":[\"https:\\\/\\\/www.meydan.tv\\\/az\\\/article\\\/xacmaz-sakini-karantinden-evvel-usaqlarimi-ac-qoymurdum\\\/\"]}]},{\"@type\":\"ImageObject\",\"inLanguage\":\"az\",\"@id\":\"https:\\\/\\\/www.meydan.tv\\\/az\\\/article\\\/xacmaz-sakini-karantinden-evvel-usaqlarimi-ac-qoymurdum\\\/#primaryimage\",\"url\":\"https:\\\/\\\/www.meydan.tv\\\/wp-content\\\/uploads\\\/esger-sayt-cover_nw7ql0j.png\",\"contentUrl\":\"https:\\\/\\\/www.meydan.tv\\\/wp-content\\\/uploads\\\/esger-sayt-cover_nw7ql0j.png\",\"width\":1280,\"height\":720,\"caption\":\"Source: Specify Source\"},{\"@type\":\"BreadcrumbList\",\"@id\":\"https:\\\/\\\/www.meydan.tv\\\/az\\\/article\\\/xacmaz-sakini-karantinden-evvel-usaqlarimi-ac-qoymurdum\\\/#breadcrumb\",\"itemListElement\":[{\"@type\":\"ListItem\",\"position\":1,\"name\":\"Ana s\u0259hif\u0259\",\"item\":\"https:\\\/\\\/www.meydan.tv\\\/az\\\/\"},{\"@type\":\"ListItem\",\"position\":2,\"name\":\"B\u00f6lg\u0259\",\"item\":\"https:\\\/\\\/www.meydan.tv\\\/az\\\/section\\\/bolge\\\/\"},{\"@type\":\"ListItem\",\"position\":3,\"name\":\"Xa\u00e7maz sakini: Karantind\u0259n \u0259vv\u0259l u\u015faqlar\u0131m\u0131 ac qoymurdum&#8230;\"}]},{\"@type\":\"WebSite\",\"@id\":\"https:\\\/\\\/www.meydan.tv\\\/az\\\/#website\",\"url\":\"https:\\\/\\\/www.meydan.tv\\\/az\\\/\",\"name\":\"MEYDAN.TV\",\"description\":\"Meydan TV Az\u0259rbaycan\u0131n media m\u0259kan\u0131ndak\u0131 alternativ s\u0259sidir\",\"publisher\":{\"@id\":\"https:\\\/\\\/www.meydan.tv\\\/az\\\/#organization\"},\"potentialAction\":[{\"@type\":\"SearchAction\",\"target\":{\"@type\":\"EntryPoint\",\"urlTemplate\":\"https:\\\/\\\/www.meydan.tv\\\/az\\\/?s={search_term_string}\"},\"query-input\":{\"@type\":\"PropertyValueSpecification\",\"valueRequired\":true,\"valueName\":\"search_term_string\"}}],\"inLanguage\":\"az\"},{\"@type\":\"Organization\",\"@id\":\"https:\\\/\\\/www.meydan.tv\\\/az\\\/#organization\",\"name\":\"Meydan TV\",\"url\":\"https:\\\/\\\/www.meydan.tv\\\/az\\\/\",\"logo\":{\"@type\":\"ImageObject\",\"inLanguage\":\"az\",\"@id\":\"https:\\\/\\\/www.meydan.tv\\\/az\\\/#\\\/schema\\\/logo\\\/image\\\/\",\"url\":\"https:\\\/\\\/www.meydan.tv\\\/wp-content\\\/uploads\\\/2021\\\/07\\\/meydan-logo.svg\",\"contentUrl\":\"https:\\\/\\\/www.meydan.tv\\\/wp-content\\\/uploads\\\/2021\\\/07\\\/meydan-logo.svg\",\"width\":195,\"height\":46,\"caption\":\"Meydan TV\"},\"image\":{\"@id\":\"https:\\\/\\\/www.meydan.tv\\\/az\\\/#\\\/schema\\\/logo\\\/image\\\/\"}},{\"@type\":\"Person\",\"@id\":\"https:\\\/\\\/www.meydan.tv\\\/az\\\/#\\\/schema\\\/person\\\/10d11eccf6da3662cf5fdab9806ea91a\",\"name\":\"user-manager\"}]}<\/script>\n<!-- \/ Yoast SEO plugin. -->","yoast_head_json":{"title":"Xa\u00e7maz sakini: Karantind\u0259n \u0259vv\u0259l u\u015faqlar\u0131m\u0131 ac qoymurdum... - MEYDAN.TV","robots":{"index":"index","follow":"follow","max-snippet":"max-snippet:-1","max-image-preview":"max-image-preview:large","max-video-preview":"max-video-preview:-1"},"canonical":"https:\/\/www.meydan.tv\/az\/article\/xacmaz-sakini-karantinden-evvel-usaqlarimi-ac-qoymurdum\/","og_locale":"az_AZ","og_type":"article","og_title":"Xa\u00e7maz sakini: Karantind\u0259n \u0259vv\u0259l u\u015faqlar\u0131m\u0131 ac qoymurdum... - MEYDAN.TV","og_description":"\"Sonra g\u00f6rd\u00fcl\u0259r ki, camaat hay-k\u00fcy sal\u0131r, \u00e7\u0131x\u0131b dedil\u0259r ki, biz bilmirik, nazirliy\u0259 m\u00fcraci\u0259t edin\"","og_url":"https:\/\/www.meydan.tv\/az\/article\/xacmaz-sakini-karantinden-evvel-usaqlarimi-ac-qoymurdum\/","og_site_name":"MEYDAN.TV","article_published_time":"2020-12-03T19:41:02+00:00","og_image":[{"width":1280,"height":720,"url":"https:\/\/www.meydan.tv\/wp-content\/uploads\/esger-sayt-cover_nw7ql0j.png","type":"image\/png"}],"author":"user-manager","twitter_card":"summary_large_image","schema":{"@context":"https:\/\/schema.org","@graph":[{"@type":"Article","@id":"https:\/\/www.meydan.tv\/az\/article\/xacmaz-sakini-karantinden-evvel-usaqlarimi-ac-qoymurdum\/#article","isPartOf":{"@id":"https:\/\/www.meydan.tv\/az\/article\/xacmaz-sakini-karantinden-evvel-usaqlarimi-ac-qoymurdum\/"},"author":{"name":"user-manager","@id":"https:\/\/www.meydan.tv\/az\/#\/schema\/person\/10d11eccf6da3662cf5fdab9806ea91a"},"headline":"Xa\u00e7maz sakini: Karantind\u0259n \u0259vv\u0259l u\u015faqlar\u0131m\u0131 ac qoymurdum&#8230;","datePublished":"2020-12-03T19:41:02+00:00","mainEntityOfPage":{"@id":"https:\/\/www.meydan.tv\/az\/article\/xacmaz-sakini-karantinden-evvel-usaqlarimi-ac-qoymurdum\/"},"wordCount":1623,"publisher":{"@id":"https:\/\/www.meydan.tv\/az\/#organization"},"image":{"@id":"https:\/\/www.meydan.tv\/az\/article\/xacmaz-sakini-karantinden-evvel-usaqlarimi-ac-qoymurdum\/#primaryimage"},"thumbnailUrl":"https:\/\/www.meydan.tv\/wp-content\/uploads\/esger-sayt-cover_nw7ql0j.png","articleSection":["B\u00f6lg\u0259"],"inLanguage":"az"},{"@type":"WebPage","@id":"https:\/\/www.meydan.tv\/az\/article\/xacmaz-sakini-karantinden-evvel-usaqlarimi-ac-qoymurdum\/","url":"https:\/\/www.meydan.tv\/az\/article\/xacmaz-sakini-karantinden-evvel-usaqlarimi-ac-qoymurdum\/","name":"Xa\u00e7maz sakini: Karantind\u0259n \u0259vv\u0259l u\u015faqlar\u0131m\u0131 ac qoymurdum... - MEYDAN.TV","isPartOf":{"@id":"https:\/\/www.meydan.tv\/az\/#website"},"primaryImageOfPage":{"@id":"https:\/\/www.meydan.tv\/az\/article\/xacmaz-sakini-karantinden-evvel-usaqlarimi-ac-qoymurdum\/#primaryimage"},"image":{"@id":"https:\/\/www.meydan.tv\/az\/article\/xacmaz-sakini-karantinden-evvel-usaqlarimi-ac-qoymurdum\/#primaryimage"},"thumbnailUrl":"https:\/\/www.meydan.tv\/wp-content\/uploads\/esger-sayt-cover_nw7ql0j.png","datePublished":"2020-12-03T19:41:02+00:00","breadcrumb":{"@id":"https:\/\/www.meydan.tv\/az\/article\/xacmaz-sakini-karantinden-evvel-usaqlarimi-ac-qoymurdum\/#breadcrumb"},"inLanguage":"az","potentialAction":[{"@type":"ReadAction","target":["https:\/\/www.meydan.tv\/az\/article\/xacmaz-sakini-karantinden-evvel-usaqlarimi-ac-qoymurdum\/"]}]},{"@type":"ImageObject","inLanguage":"az","@id":"https:\/\/www.meydan.tv\/az\/article\/xacmaz-sakini-karantinden-evvel-usaqlarimi-ac-qoymurdum\/#primaryimage","url":"https:\/\/www.meydan.tv\/wp-content\/uploads\/esger-sayt-cover_nw7ql0j.png","contentUrl":"https:\/\/www.meydan.tv\/wp-content\/uploads\/esger-sayt-cover_nw7ql0j.png","width":1280,"height":720,"caption":"Source: Specify Source"},{"@type":"BreadcrumbList","@id":"https:\/\/www.meydan.tv\/az\/article\/xacmaz-sakini-karantinden-evvel-usaqlarimi-ac-qoymurdum\/#breadcrumb","itemListElement":[{"@type":"ListItem","position":1,"name":"Ana s\u0259hif\u0259","item":"https:\/\/www.meydan.tv\/az\/"},{"@type":"ListItem","position":2,"name":"B\u00f6lg\u0259","item":"https:\/\/www.meydan.tv\/az\/section\/bolge\/"},{"@type":"ListItem","position":3,"name":"Xa\u00e7maz sakini: Karantind\u0259n \u0259vv\u0259l u\u015faqlar\u0131m\u0131 ac qoymurdum&#8230;"}]},{"@type":"WebSite","@id":"https:\/\/www.meydan.tv\/az\/#website","url":"https:\/\/www.meydan.tv\/az\/","name":"MEYDAN.TV","description":"Meydan TV Az\u0259rbaycan\u0131n media m\u0259kan\u0131ndak\u0131 alternativ s\u0259sidir","publisher":{"@id":"https:\/\/www.meydan.tv\/az\/#organization"},"potentialAction":[{"@type":"SearchAction","target":{"@type":"EntryPoint","urlTemplate":"https:\/\/www.meydan.tv\/az\/?s={search_term_string}"},"query-input":{"@type":"PropertyValueSpecification","valueRequired":true,"valueName":"search_term_string"}}],"inLanguage":"az"},{"@type":"Organization","@id":"https:\/\/www.meydan.tv\/az\/#organization","name":"Meydan TV","url":"https:\/\/www.meydan.tv\/az\/","logo":{"@type":"ImageObject","inLanguage":"az","@id":"https:\/\/www.meydan.tv\/az\/#\/schema\/logo\/image\/","url":"https:\/\/www.meydan.tv\/wp-content\/uploads\/2021\/07\/meydan-logo.svg","contentUrl":"https:\/\/www.meydan.tv\/wp-content\/uploads\/2021\/07\/meydan-logo.svg","width":195,"height":46,"caption":"Meydan TV"},"image":{"@id":"https:\/\/www.meydan.tv\/az\/#\/schema\/logo\/image\/"}},{"@type":"Person","@id":"https:\/\/www.meydan.tv\/az\/#\/schema\/person\/10d11eccf6da3662cf5fdab9806ea91a","name":"user-manager"}]}},"_links":{"self":[{"href":"https:\/\/www.meydan.tv\/az\/wp-json\/wp\/v2\/posts\/203900","targetHints":{"allow":["GET"]}}],"collection":[{"href":"https:\/\/www.meydan.tv\/az\/wp-json\/wp\/v2\/posts"}],"about":[{"href":"https:\/\/www.meydan.tv\/az\/wp-json\/wp\/v2\/types\/post"}],"author":[{"embeddable":true,"href":"https:\/\/www.meydan.tv\/az\/wp-json\/wp\/v2\/users\/11"}],"replies":[{"embeddable":true,"href":"https:\/\/www.meydan.tv\/az\/wp-json\/wp\/v2\/comments?post=203900"}],"version-history":[{"count":0,"href":"https:\/\/www.meydan.tv\/az\/wp-json\/wp\/v2\/posts\/203900\/revisions"}],"wp:featuredmedia":[{"embeddable":true,"href":"https:\/\/www.meydan.tv\/az\/wp-json\/wp\/v2\/media\/152537"}],"wp:attachment":[{"href":"https:\/\/www.meydan.tv\/az\/wp-json\/wp\/v2\/media?parent=203900"}],"wp:term":[{"taxonomy":"category","embeddable":true,"href":"https:\/\/www.meydan.tv\/az\/wp-json\/wp\/v2\/categories?post=203900"},{"taxonomy":"post_tag","embeddable":true,"href":"https:\/\/www.meydan.tv\/az\/wp-json\/wp\/v2\/tags?post=203900"}],"curies":[{"name":"wp","href":"https:\/\/api.w.org\/{rel}","templated":true}]}}