{"id":203891,"date":"2020-12-03T12:50:58","date_gmt":"2020-12-03T12:50:58","guid":{"rendered":"https:\/\/www.meydan.tv\/article\/mudafie-nazirliyi-muharibede-2783-herbi-qulluqcu-helak-olub\/"},"modified":"2020-12-03T12:50:58","modified_gmt":"2020-12-03T12:50:58","slug":"mudafie-nazirliyi-muharibede-2783-herbi-qulluqcu-helak-olub","status":"publish","type":"post","link":"https:\/\/www.meydan.tv\/az\/article\/mudafie-nazirliyi-muharibede-2783-herbi-qulluqcu-helak-olub\/","title":{"rendered":"M\u00fcdafi\u0259 Nazirliyi: M\u00fcharib\u0259d\u0259 2783 h\u0259rbi qulluq\u00e7u h\u0259lak olub"},"content":{"rendered":"<p>\n  <i><br \/>\n    100 n\u0259f\u0259rd\u0259n art\u0131q h\u0259rbi qulluq\u00e7unun itkin d\u00fc\u015fd\u00fcy\u00fc bildirilir<br \/>\n  <\/i>\n<\/p>\n<p>\n  Sentyabr\u0131n 27-d\u0259n noyabr\u0131n 10-d\u0259k davam ed\u0259n Az\u0259rbaycan-Erm\u0259nistan aras\u0131ndak\u0131 d\u00f6y\u00fc\u015fl\u0259r n\u0259tic\u0259sind\u0259 Az\u0259rbaycan\u0131n 2783 h\u0259rbi qulluq\u00e7usunun h\u0259yat\u0131n\u0131 itirdiyi bildirilir.\n<\/p>\n<p>\n  M\u0259lumat\u0131 Az\u0259rbaycan\u0131n M\u00fcdafi\u0259 Nazirliyi<br \/>\n  <a href=\"https:\/\/mod.gov.az\/az\/news\/azerbaycan-respublikasi-mudafie-nazirliyinin-melumati-33989.html\"><br \/>\n    yay\u0131b<br \/>\n  <\/a><br \/>\n  .\n<\/p>\n<p>\n  Nazirlik bildirir ki, onlar\u0131n s\u0131ras\u0131nda 103 n\u0259f\u0259r h\u0259rbi qulluq\u00e7unun DNT analiz metodu il\u0259 \u015f\u0259xsiyy\u0259tinin m\u00fc\u0259yy\u0259n edilm\u0259si \u00fczr\u0259 i\u015fl\u0259r davam edir: \u201c100 n\u0259f\u0259rd\u0259n art\u0131q h\u0259rbi qulluq\u00e7umuz is\u0259 itkin d\u00fc\u015fm\u00fc\u015f hesab olunur. Onlar\u0131n tap\u0131l\u0131b ail\u0259l\u0259rin\u0259 m\u0259lumat verilm\u0259si \u00fc\u00e7\u00fcn z\u0259ruri t\u0259bdirl\u0259r g\u00f6r\u00fcl\u00fcr. Haz\u0131rda 1245 n\u0259f\u0259r h\u0259rbi qulluq\u00e7umuzun tibb m\u00fc\u0259ssis\u0259l\u0259rind\u0259 m\u00fcalic\u0259si davam edir\u201d.\n<\/p>\n<p>\n  Nazirlik bildirir ki, h\u0259lak olan h\u0259rbi qulluq\u00e7ular\u0131n adlar\u0131, t\u0259v\u0259ll\u00fcd\u00fc, r\u00fctb\u0259si v\u0259 ke\u00e7diyi d\u00f6y\u00fc\u015f yolu bar\u0259d\u0259 t\u0259f\u0259rr\u00fcatl\u0131 m\u0259lumatlar \u0259lav\u0259 olaraq \u00f6lk\u0259 ictimaiyy\u0259tin\u0259 t\u0259qdim olunacaq: \u201cAidiyy\u0259ti d\u00f6vl\u0259t qurumlar\u0131n\u0131n \u0259m\u0259kda\u015flar\u0131ndan ibar\u0259t komissiya bu istiqam\u0259td\u0259 f\u0259aliyy\u0259t g\u00f6st\u0259rir\u201d.\n<\/p>\n<p>\n  X\u0259z\u0259r H\u0259rbi T\u0259dqiqatlar \u0130nstitutu (CDSI) da d\u00f6y\u00fc\u015fl\u0259rd\u0259 itkin d\u00fc\u015f\u0259n v\u0259 h\u0259lak olanlarla ba\u011fl\u0131<br \/>\n  <a href=\"https:\/\/caspiandefense.wordpress.com\/2020\/12\/03\/v%c9%99t%c9%99n-muharib%c9%99sind%c9%99-az%c9%99rbaycanin-2560-h%c9%99rbi-qulluqcusu-s%c9%99hid-olub-cdsi\/?fbclid=IwAR0pLsJgNnmSeqF3OMD9MrRqRbIJE9T0hUX0S3Lsv3sof3XbmvCN2gwm0r8\"><br \/>\n    m\u0259lumat<br \/>\n  <\/a><br \/>\n  yay\u0131b.\n<\/p>\n<p>\n  CDSI bildirir ki, h\u0259lak olanlar\u0131n 504 n\u0259f\u0259ri zabit, 825-i gizir, 579 n\u0259f\u0259ri MAXHQ, qalan\u0131 is\u0259 \u0259sg\u0259r olub: \u201cH\u0259lak olanlar\u0131n \u0259ks\u0259riyy\u0259ti M\u00fcdafi\u0259 Nazirliyinin, dig\u0259r hiss\u0259si is\u0259 S\u0259rh\u0259d Qo\u015funlar\u0131n\u0131n, Daxili Qo\u015funlar\u0131n v\u0259 dig\u0259r h\u0259rbi birl\u0259\u015fm\u0259l\u0259rin h\u0259rbi qulluq\u00e7ular\u0131d\u0131r. \u015e\u0259hid olanlar aras\u0131nda xeyli sayda s\u0259f\u0259rb\u0259rlik \u00e7a\u011f\u0131r\u0131\u015f\u0131 il\u0259 xidm\u0259td\u0259 olanlar da var\u201d.\n<\/p>\n<p>\n  Qurum bununla yana\u015f\u0131 4678 h\u0259rbi qulluq\u00e7unun bu v\u0259 dig\u0259r d\u0259r\u0259c\u0259d\u0259 x\u0259sar\u0259t al\u0131b v\u0259 yaraland\u0131\u011f\u0131n\u0131 s\u00f6yl\u0259yir: \u201cD\u0259qiql\u0259\u015fdirilm\u0259mi\u015f m\u0259lumatlara g\u00f6r\u0259, Az\u0259rbaycan\u0131n 70-\u0259 yax\u0131n h\u0259rbi qulluq\u00e7usu itkin d\u00fc\u015f\u00fcb, onlarla ba\u011fl\u0131 axtar\u0131\u015flar davam edir. \u0130tkin d\u00fc\u015f\u0259nl\u0259rin b\u0259zil\u0259rinin erm\u0259ni h\u0259rbi birl\u0259\u015fm\u0259l\u0259ri t\u0259r\u0259find\u0259n \u0259sir g\u00f6t\u00fcr\u00fcld\u00fcy\u00fc ehtimal\u0131 ir\u0259li s\u00fcr\u00fcl\u00fcr. Bununla ba\u011fl\u0131 m\u0259lumatlar sosial \u015f\u0259b\u0259k\u0259l\u0259rd\u0259 \u0259ksini tap\u0131r\u201d.\n<\/p>\n<p>\n  CDSI bildirir ki, yax\u0131n vaxtlarda d\u00f6y\u00fc\u015fl\u0259rd\u0259 h\u0259yat\u0131n\u0131 itir\u0259nl\u0259rin adl\u0131 siyah\u0131s\u0131n\u0131 da a\u00e7\u0131qlayacaqlar.\n<\/p>\n<p>\n  Qurum sosial \u015f\u0259b\u0259k\u0259l\u0259rin v\u0259 K\u00fctl\u0259vi \u0130nformasiya Vasit\u0259l\u0259rinin (saytlar, TV kanallar v\u0259 s.) monitorinqi n\u0259tic\u0259sind\u0259 d\u00f6vl\u0259tin a\u00e7\u0131qlad\u0131\u011f\u0131ndan daha az, 2560 h\u0259rbi qulluq\u00e7usunun h\u0259yat\u0131n\u0131 itirdiyini bildirir.\n<\/p>\n<p>\n  Az\u0259rbaycan v\u0259 Erm\u0259nistan silahl\u0131 q\u00fcvv\u0259l\u0259rinin t\u0259mas x\u0259ttind\u0259 sentyabr\u0131n 27-d\u0259 d\u00f6y\u00fc\u015fl\u0259r ba\u015flam\u0131\u015fd\u0131.\n<\/p>\n<p>\n  D\u00f6y\u00fc\u015f \u0259m\u0259liyyatlar\u0131 noyabr\u0131n 9-d\u0259k davam edib. Bu 44 g\u00fcn \u0259rzind\u0259 Az\u0259rbaycan t\u0259r\u0259f 280-d\u0259k k\u0259ndin, d\u00f6rd q\u0259s\u0259b\u0259nin (Hadrut, Mincivan, A\u011fb\u0259nd, Bartaz), \u015eu\u015fa v\u0259 daha d\u00f6rd \u015f\u0259h\u0259rin (C\u0259bray\u0131l, F\u00fczuli, Z\u0259ngilan, Qubadl\u0131) i\u015f\u011faldan azad edildiyini a\u00e7\u0131qlay\u0131b.\n<\/p>\n<p>\n  Az\u0259rbaycan t\u0259r\u0259f bu g\u00fcn\u0259d\u0259k n\u0259 q\u0259d\u0259r itki verdiyini, ne\u00e7\u0259 n\u0259f\u0259r h\u0259rb\u00e7inin yaraland\u0131\u011f\u0131n\u0131 a\u00e7\u0131qlamam\u0131\u015fd\u0131. Erm\u0259nistan t\u0259r\u0259f dekabr\u0131n 2-d\u0259 2718 h\u0259rb\u00e7isini itirdiyini<br \/>\n  <a href=\"https:\/\/armenpress.am\/rus\/news\/1036533.html\"><br \/>\n    bildirmi\u015fdi.<br \/>\n  <\/a>\n<\/p>\n<p>\n  Noyabr\u0131n 10-dan 11-n\u0259 ke\u00e7\u0259n gec\u0259 is\u0259 Az\u0259rbaycan, Erm\u0259nistan v\u0259 Rusiya r\u0259hb\u0259rl\u0259ri birg\u0259 b\u0259yanat imzalay\u0131b. M\u00fcharib\u0259nin bitm\u0259sini \u00f6z\u00fcnd\u0259 ehtiva ed\u0259n b\u0259yanatla Rusiya s\u00fclhm\u0259raml\u0131lar\u0131n\u0131n Qaraba\u011fa g\u0259lm\u0259si elan edilib. El\u0259 h\u0259min gec\u0259 s\u00fclhm\u0259raml\u0131lar b\u00f6lg\u0259y\u0259 daxil olub.\n<\/p>\n<p>\n  S\u0259n\u0259d\u0259 g\u00f6r\u0259, Az\u0259rbaycan i\u015f\u011faldan azad etdiyi \u0259razil\u0259rd\u0259 qal\u0131r. Dekabr\u0131n 1-d\u0259k K\u0259lb\u0259c\u0259r, A\u011fdam v\u0259 La\u00e7\u0131n rayonlar\u0131n\u0131n Az\u0259rbaycana qaytar\u0131lmas\u0131 n\u0259z\u0259rd\u0259 tutulurdu. La\u00e7\u0131n d\u0259hlizind\u0259 v\u0259 qo\u015funlar\u0131n t\u0259mas x\u0259ttind\u0259 is\u0259 Rusiya s\u00fclhm\u0259raml\u0131lar\u0131 yerl\u0259\u015fdirilir.\n<\/p>\n<p>\n  Raz\u0131la\u015fmaya uy\u011fun olaraq Az\u0259rbaycan ordusu noyabr\u0131n 20-d\u0259 A\u011fdam rayon m\u0259rk\u0259zin\u0259 daxil olub.\n<\/p>\n<p>\n  Noyabr\u0131n 25-d\u0259 K\u0259lb\u0259c\u0259r, dekabr\u0131n 1-d\u0259 is\u0259 La\u00e7\u0131n rayonu i\u015f\u011faldan azad edilib.\n<\/p>\n<p>\n  Qaraba\u011f m\u00fcnaqi\u015f\u0259si Erm\u0259nistan\u0131n Az\u0259rbaycana \u0259razi iddialar\u0131 il\u0259 1988-ci ild\u0259 ba\u015flay\u0131b.\n<\/p>\n<p>\n  1994-c\u00fc ild\u0259 ger\u00e7\u0259kl\u0259\u015f\u0259n at\u0259\u015fk\u0259s raz\u0131la\u015fmas\u0131na q\u0259d\u0259r Az\u0259rbaycan\u0131n Da\u011fl\u0131q Qaraba\u011f b\u00f6lg\u0259si v\u0259 ona biti\u015fik 7 rayonu i\u015f\u011fal edilmi\u015fdi.<\/p>\n","protected":false},"excerpt":{"rendered":"<p>Qurum sosial \u015f\u0259b\u0259k\u0259l\u0259rin v\u0259 K\u00fctl\u0259vi \u0130nformasiya Vasit\u0259l\u0259rinin (saytlar, TV kanallar v\u0259 s.) monitorinqi n\u0259tic\u0259sind\u0259 d\u00f6vl\u0259tin a\u00e7\u0131qlad\u0131\u011f\u0131ndan daha az, 2560 h\u0259rbi qulluq\u00e7usunun h\u0259yat\u0131n\u0131 itirdiyini bildirir<\/p>\n","protected":false},"author":11,"featured_media":152477,"comment_status":"closed","ping_status":"open","sticky":false,"template":"","format":"standard","meta":{"_acf_changed":false,"_sitemap_exclude":false,"_sitemap_priority":"","_sitemap_frequency":"","footnotes":""},"categories":[59],"tags":[],"class_list":["post-203891","post","type-post","status-publish","format-standard","has-post-thumbnail","hentry","category-siyaset","infinite-scroll-item","generate-columns","tablet-grid-50","mobile-grid-100","grid-parent","grid-33","no-featured-image-padding"],"acf":[],"yoast_head":"<!-- This site is optimized with the Yoast SEO plugin v27.5 - https:\/\/yoast.com\/product\/yoast-seo-wordpress\/ -->\n<title>M\u00fcdafi\u0259 Nazirliyi: M\u00fcharib\u0259d\u0259 2783 h\u0259rbi qulluq\u00e7u h\u0259lak olub - MEYDAN.TV<\/title>\n<meta name=\"robots\" content=\"index, follow, max-snippet:-1, max-image-preview:large, max-video-preview:-1\" \/>\n<link rel=\"canonical\" href=\"https:\/\/www.meydan.tv\/az\/article\/mudafie-nazirliyi-muharibede-2783-herbi-qulluqcu-helak-olub\/\" \/>\n<meta property=\"og:locale\" content=\"az_AZ\" \/>\n<meta property=\"og:type\" content=\"article\" \/>\n<meta property=\"og:title\" content=\"M\u00fcdafi\u0259 Nazirliyi: M\u00fcharib\u0259d\u0259 2783 h\u0259rbi qulluq\u00e7u h\u0259lak olub - MEYDAN.TV\" \/>\n<meta property=\"og:description\" content=\"Qurum sosial \u015f\u0259b\u0259k\u0259l\u0259rin v\u0259 K\u00fctl\u0259vi \u0130nformasiya Vasit\u0259l\u0259rinin (saytlar, TV kanallar v\u0259 s.) monitorinqi n\u0259tic\u0259sind\u0259 d\u00f6vl\u0259tin a\u00e7\u0131qlad\u0131\u011f\u0131ndan daha az, 2560 h\u0259rbi qulluq\u00e7usunun h\u0259yat\u0131n\u0131 itirdiyini bildirir\" \/>\n<meta property=\"og:url\" content=\"https:\/\/www.meydan.tv\/az\/article\/mudafie-nazirliyi-muharibede-2783-herbi-qulluqcu-helak-olub\/\" \/>\n<meta property=\"og:site_name\" content=\"MEYDAN.TV\" \/>\n<meta property=\"article:published_time\" content=\"2020-12-03T12:50:58+00:00\" \/>\n<meta property=\"og:image\" content=\"https:\/\/www.meydan.tv\/wp-content\/uploads\/mo_xrpjsck.jpg\" \/>\n\t<meta property=\"og:image:width\" content=\"1200\" \/>\n\t<meta property=\"og:image:height\" content=\"800\" \/>\n\t<meta property=\"og:image:type\" content=\"image\/jpeg\" \/>\n<meta name=\"author\" content=\"user-manager\" \/>\n<meta name=\"twitter:card\" content=\"summary_large_image\" \/>\n<script type=\"application\/ld+json\" class=\"yoast-schema-graph\">{\"@context\":\"https:\\\/\\\/schema.org\",\"@graph\":[{\"@type\":\"Article\",\"@id\":\"https:\\\/\\\/www.meydan.tv\\\/az\\\/article\\\/mudafie-nazirliyi-muharibede-2783-herbi-qulluqcu-helak-olub\\\/#article\",\"isPartOf\":{\"@id\":\"https:\\\/\\\/www.meydan.tv\\\/az\\\/article\\\/mudafie-nazirliyi-muharibede-2783-herbi-qulluqcu-helak-olub\\\/\"},\"author\":{\"name\":\"user-manager\",\"@id\":\"https:\\\/\\\/www.meydan.tv\\\/az\\\/#\\\/schema\\\/person\\\/10d11eccf6da3662cf5fdab9806ea91a\"},\"headline\":\"M\u00fcdafi\u0259 Nazirliyi: M\u00fcharib\u0259d\u0259 2783 h\u0259rbi qulluq\u00e7u h\u0259lak olub\",\"datePublished\":\"2020-12-03T12:50:58+00:00\",\"mainEntityOfPage\":{\"@id\":\"https:\\\/\\\/www.meydan.tv\\\/az\\\/article\\\/mudafie-nazirliyi-muharibede-2783-herbi-qulluqcu-helak-olub\\\/\"},\"wordCount\":831,\"publisher\":{\"@id\":\"https:\\\/\\\/www.meydan.tv\\\/az\\\/#organization\"},\"image\":{\"@id\":\"https:\\\/\\\/www.meydan.tv\\\/az\\\/article\\\/mudafie-nazirliyi-muharibede-2783-herbi-qulluqcu-helak-olub\\\/#primaryimage\"},\"thumbnailUrl\":\"https:\\\/\\\/www.meydan.tv\\\/wp-content\\\/uploads\\\/mo_xrpjsck.jpg\",\"articleSection\":[\"Siyas\u0259t\"],\"inLanguage\":\"az\"},{\"@type\":\"WebPage\",\"@id\":\"https:\\\/\\\/www.meydan.tv\\\/az\\\/article\\\/mudafie-nazirliyi-muharibede-2783-herbi-qulluqcu-helak-olub\\\/\",\"url\":\"https:\\\/\\\/www.meydan.tv\\\/az\\\/article\\\/mudafie-nazirliyi-muharibede-2783-herbi-qulluqcu-helak-olub\\\/\",\"name\":\"M\u00fcdafi\u0259 Nazirliyi: M\u00fcharib\u0259d\u0259 2783 h\u0259rbi qulluq\u00e7u h\u0259lak olub - MEYDAN.TV\",\"isPartOf\":{\"@id\":\"https:\\\/\\\/www.meydan.tv\\\/az\\\/#website\"},\"primaryImageOfPage\":{\"@id\":\"https:\\\/\\\/www.meydan.tv\\\/az\\\/article\\\/mudafie-nazirliyi-muharibede-2783-herbi-qulluqcu-helak-olub\\\/#primaryimage\"},\"image\":{\"@id\":\"https:\\\/\\\/www.meydan.tv\\\/az\\\/article\\\/mudafie-nazirliyi-muharibede-2783-herbi-qulluqcu-helak-olub\\\/#primaryimage\"},\"thumbnailUrl\":\"https:\\\/\\\/www.meydan.tv\\\/wp-content\\\/uploads\\\/mo_xrpjsck.jpg\",\"datePublished\":\"2020-12-03T12:50:58+00:00\",\"breadcrumb\":{\"@id\":\"https:\\\/\\\/www.meydan.tv\\\/az\\\/article\\\/mudafie-nazirliyi-muharibede-2783-herbi-qulluqcu-helak-olub\\\/#breadcrumb\"},\"inLanguage\":\"az\",\"potentialAction\":[{\"@type\":\"ReadAction\",\"target\":[\"https:\\\/\\\/www.meydan.tv\\\/az\\\/article\\\/mudafie-nazirliyi-muharibede-2783-herbi-qulluqcu-helak-olub\\\/\"]}]},{\"@type\":\"ImageObject\",\"inLanguage\":\"az\",\"@id\":\"https:\\\/\\\/www.meydan.tv\\\/az\\\/article\\\/mudafie-nazirliyi-muharibede-2783-herbi-qulluqcu-helak-olub\\\/#primaryimage\",\"url\":\"https:\\\/\\\/www.meydan.tv\\\/wp-content\\\/uploads\\\/mo_xrpjsck.jpg\",\"contentUrl\":\"https:\\\/\\\/www.meydan.tv\\\/wp-content\\\/uploads\\\/mo_xrpjsck.jpg\",\"width\":1200,\"height\":800,\"caption\":\"Source: \u0410\u0440\u0445\u0438\u0432\"},{\"@type\":\"BreadcrumbList\",\"@id\":\"https:\\\/\\\/www.meydan.tv\\\/az\\\/article\\\/mudafie-nazirliyi-muharibede-2783-herbi-qulluqcu-helak-olub\\\/#breadcrumb\",\"itemListElement\":[{\"@type\":\"ListItem\",\"position\":1,\"name\":\"Ana s\u0259hif\u0259\",\"item\":\"https:\\\/\\\/www.meydan.tv\\\/az\\\/\"},{\"@type\":\"ListItem\",\"position\":2,\"name\":\"Siyas\u0259t\",\"item\":\"https:\\\/\\\/www.meydan.tv\\\/az\\\/section\\\/siyaset\\\/\"},{\"@type\":\"ListItem\",\"position\":3,\"name\":\"M\u00fcdafi\u0259 Nazirliyi: M\u00fcharib\u0259d\u0259 2783 h\u0259rbi qulluq\u00e7u h\u0259lak olub\"}]},{\"@type\":\"WebSite\",\"@id\":\"https:\\\/\\\/www.meydan.tv\\\/az\\\/#website\",\"url\":\"https:\\\/\\\/www.meydan.tv\\\/az\\\/\",\"name\":\"MEYDAN.TV\",\"description\":\"Meydan TV Az\u0259rbaycan\u0131n media m\u0259kan\u0131ndak\u0131 alternativ s\u0259sidir\",\"publisher\":{\"@id\":\"https:\\\/\\\/www.meydan.tv\\\/az\\\/#organization\"},\"potentialAction\":[{\"@type\":\"SearchAction\",\"target\":{\"@type\":\"EntryPoint\",\"urlTemplate\":\"https:\\\/\\\/www.meydan.tv\\\/az\\\/?s={search_term_string}\"},\"query-input\":{\"@type\":\"PropertyValueSpecification\",\"valueRequired\":true,\"valueName\":\"search_term_string\"}}],\"inLanguage\":\"az\"},{\"@type\":\"Organization\",\"@id\":\"https:\\\/\\\/www.meydan.tv\\\/az\\\/#organization\",\"name\":\"Meydan TV\",\"url\":\"https:\\\/\\\/www.meydan.tv\\\/az\\\/\",\"logo\":{\"@type\":\"ImageObject\",\"inLanguage\":\"az\",\"@id\":\"https:\\\/\\\/www.meydan.tv\\\/az\\\/#\\\/schema\\\/logo\\\/image\\\/\",\"url\":\"https:\\\/\\\/www.meydan.tv\\\/wp-content\\\/uploads\\\/2021\\\/07\\\/meydan-logo.svg\",\"contentUrl\":\"https:\\\/\\\/www.meydan.tv\\\/wp-content\\\/uploads\\\/2021\\\/07\\\/meydan-logo.svg\",\"width\":195,\"height\":46,\"caption\":\"Meydan TV\"},\"image\":{\"@id\":\"https:\\\/\\\/www.meydan.tv\\\/az\\\/#\\\/schema\\\/logo\\\/image\\\/\"}},{\"@type\":\"Person\",\"@id\":\"https:\\\/\\\/www.meydan.tv\\\/az\\\/#\\\/schema\\\/person\\\/10d11eccf6da3662cf5fdab9806ea91a\",\"name\":\"user-manager\"}]}<\/script>\n<!-- \/ Yoast SEO plugin. -->","yoast_head_json":{"title":"M\u00fcdafi\u0259 Nazirliyi: M\u00fcharib\u0259d\u0259 2783 h\u0259rbi qulluq\u00e7u h\u0259lak olub - MEYDAN.TV","robots":{"index":"index","follow":"follow","max-snippet":"max-snippet:-1","max-image-preview":"max-image-preview:large","max-video-preview":"max-video-preview:-1"},"canonical":"https:\/\/www.meydan.tv\/az\/article\/mudafie-nazirliyi-muharibede-2783-herbi-qulluqcu-helak-olub\/","og_locale":"az_AZ","og_type":"article","og_title":"M\u00fcdafi\u0259 Nazirliyi: M\u00fcharib\u0259d\u0259 2783 h\u0259rbi qulluq\u00e7u h\u0259lak olub - MEYDAN.TV","og_description":"Qurum sosial \u015f\u0259b\u0259k\u0259l\u0259rin v\u0259 K\u00fctl\u0259vi \u0130nformasiya Vasit\u0259l\u0259rinin (saytlar, TV kanallar v\u0259 s.) monitorinqi n\u0259tic\u0259sind\u0259 d\u00f6vl\u0259tin a\u00e7\u0131qlad\u0131\u011f\u0131ndan daha az, 2560 h\u0259rbi qulluq\u00e7usunun h\u0259yat\u0131n\u0131 itirdiyini bildirir","og_url":"https:\/\/www.meydan.tv\/az\/article\/mudafie-nazirliyi-muharibede-2783-herbi-qulluqcu-helak-olub\/","og_site_name":"MEYDAN.TV","article_published_time":"2020-12-03T12:50:58+00:00","og_image":[{"width":1200,"height":800,"url":"https:\/\/www.meydan.tv\/wp-content\/uploads\/mo_xrpjsck.jpg","type":"image\/jpeg"}],"author":"user-manager","twitter_card":"summary_large_image","schema":{"@context":"https:\/\/schema.org","@graph":[{"@type":"Article","@id":"https:\/\/www.meydan.tv\/az\/article\/mudafie-nazirliyi-muharibede-2783-herbi-qulluqcu-helak-olub\/#article","isPartOf":{"@id":"https:\/\/www.meydan.tv\/az\/article\/mudafie-nazirliyi-muharibede-2783-herbi-qulluqcu-helak-olub\/"},"author":{"name":"user-manager","@id":"https:\/\/www.meydan.tv\/az\/#\/schema\/person\/10d11eccf6da3662cf5fdab9806ea91a"},"headline":"M\u00fcdafi\u0259 Nazirliyi: M\u00fcharib\u0259d\u0259 2783 h\u0259rbi qulluq\u00e7u h\u0259lak olub","datePublished":"2020-12-03T12:50:58+00:00","mainEntityOfPage":{"@id":"https:\/\/www.meydan.tv\/az\/article\/mudafie-nazirliyi-muharibede-2783-herbi-qulluqcu-helak-olub\/"},"wordCount":831,"publisher":{"@id":"https:\/\/www.meydan.tv\/az\/#organization"},"image":{"@id":"https:\/\/www.meydan.tv\/az\/article\/mudafie-nazirliyi-muharibede-2783-herbi-qulluqcu-helak-olub\/#primaryimage"},"thumbnailUrl":"https:\/\/www.meydan.tv\/wp-content\/uploads\/mo_xrpjsck.jpg","articleSection":["Siyas\u0259t"],"inLanguage":"az"},{"@type":"WebPage","@id":"https:\/\/www.meydan.tv\/az\/article\/mudafie-nazirliyi-muharibede-2783-herbi-qulluqcu-helak-olub\/","url":"https:\/\/www.meydan.tv\/az\/article\/mudafie-nazirliyi-muharibede-2783-herbi-qulluqcu-helak-olub\/","name":"M\u00fcdafi\u0259 Nazirliyi: M\u00fcharib\u0259d\u0259 2783 h\u0259rbi qulluq\u00e7u h\u0259lak olub - MEYDAN.TV","isPartOf":{"@id":"https:\/\/www.meydan.tv\/az\/#website"},"primaryImageOfPage":{"@id":"https:\/\/www.meydan.tv\/az\/article\/mudafie-nazirliyi-muharibede-2783-herbi-qulluqcu-helak-olub\/#primaryimage"},"image":{"@id":"https:\/\/www.meydan.tv\/az\/article\/mudafie-nazirliyi-muharibede-2783-herbi-qulluqcu-helak-olub\/#primaryimage"},"thumbnailUrl":"https:\/\/www.meydan.tv\/wp-content\/uploads\/mo_xrpjsck.jpg","datePublished":"2020-12-03T12:50:58+00:00","breadcrumb":{"@id":"https:\/\/www.meydan.tv\/az\/article\/mudafie-nazirliyi-muharibede-2783-herbi-qulluqcu-helak-olub\/#breadcrumb"},"inLanguage":"az","potentialAction":[{"@type":"ReadAction","target":["https:\/\/www.meydan.tv\/az\/article\/mudafie-nazirliyi-muharibede-2783-herbi-qulluqcu-helak-olub\/"]}]},{"@type":"ImageObject","inLanguage":"az","@id":"https:\/\/www.meydan.tv\/az\/article\/mudafie-nazirliyi-muharibede-2783-herbi-qulluqcu-helak-olub\/#primaryimage","url":"https:\/\/www.meydan.tv\/wp-content\/uploads\/mo_xrpjsck.jpg","contentUrl":"https:\/\/www.meydan.tv\/wp-content\/uploads\/mo_xrpjsck.jpg","width":1200,"height":800,"caption":"Source: \u0410\u0440\u0445\u0438\u0432"},{"@type":"BreadcrumbList","@id":"https:\/\/www.meydan.tv\/az\/article\/mudafie-nazirliyi-muharibede-2783-herbi-qulluqcu-helak-olub\/#breadcrumb","itemListElement":[{"@type":"ListItem","position":1,"name":"Ana s\u0259hif\u0259","item":"https:\/\/www.meydan.tv\/az\/"},{"@type":"ListItem","position":2,"name":"Siyas\u0259t","item":"https:\/\/www.meydan.tv\/az\/section\/siyaset\/"},{"@type":"ListItem","position":3,"name":"M\u00fcdafi\u0259 Nazirliyi: M\u00fcharib\u0259d\u0259 2783 h\u0259rbi qulluq\u00e7u h\u0259lak olub"}]},{"@type":"WebSite","@id":"https:\/\/www.meydan.tv\/az\/#website","url":"https:\/\/www.meydan.tv\/az\/","name":"MEYDAN.TV","description":"Meydan TV Az\u0259rbaycan\u0131n media m\u0259kan\u0131ndak\u0131 alternativ s\u0259sidir","publisher":{"@id":"https:\/\/www.meydan.tv\/az\/#organization"},"potentialAction":[{"@type":"SearchAction","target":{"@type":"EntryPoint","urlTemplate":"https:\/\/www.meydan.tv\/az\/?s={search_term_string}"},"query-input":{"@type":"PropertyValueSpecification","valueRequired":true,"valueName":"search_term_string"}}],"inLanguage":"az"},{"@type":"Organization","@id":"https:\/\/www.meydan.tv\/az\/#organization","name":"Meydan TV","url":"https:\/\/www.meydan.tv\/az\/","logo":{"@type":"ImageObject","inLanguage":"az","@id":"https:\/\/www.meydan.tv\/az\/#\/schema\/logo\/image\/","url":"https:\/\/www.meydan.tv\/wp-content\/uploads\/2021\/07\/meydan-logo.svg","contentUrl":"https:\/\/www.meydan.tv\/wp-content\/uploads\/2021\/07\/meydan-logo.svg","width":195,"height":46,"caption":"Meydan TV"},"image":{"@id":"https:\/\/www.meydan.tv\/az\/#\/schema\/logo\/image\/"}},{"@type":"Person","@id":"https:\/\/www.meydan.tv\/az\/#\/schema\/person\/10d11eccf6da3662cf5fdab9806ea91a","name":"user-manager"}]}},"_links":{"self":[{"href":"https:\/\/www.meydan.tv\/az\/wp-json\/wp\/v2\/posts\/203891","targetHints":{"allow":["GET"]}}],"collection":[{"href":"https:\/\/www.meydan.tv\/az\/wp-json\/wp\/v2\/posts"}],"about":[{"href":"https:\/\/www.meydan.tv\/az\/wp-json\/wp\/v2\/types\/post"}],"author":[{"embeddable":true,"href":"https:\/\/www.meydan.tv\/az\/wp-json\/wp\/v2\/users\/11"}],"replies":[{"embeddable":true,"href":"https:\/\/www.meydan.tv\/az\/wp-json\/wp\/v2\/comments?post=203891"}],"version-history":[{"count":0,"href":"https:\/\/www.meydan.tv\/az\/wp-json\/wp\/v2\/posts\/203891\/revisions"}],"wp:featuredmedia":[{"embeddable":true,"href":"https:\/\/www.meydan.tv\/az\/wp-json\/wp\/v2\/media\/152477"}],"wp:attachment":[{"href":"https:\/\/www.meydan.tv\/az\/wp-json\/wp\/v2\/media?parent=203891"}],"wp:term":[{"taxonomy":"category","embeddable":true,"href":"https:\/\/www.meydan.tv\/az\/wp-json\/wp\/v2\/categories?post=203891"},{"taxonomy":"post_tag","embeddable":true,"href":"https:\/\/www.meydan.tv\/az\/wp-json\/wp\/v2\/tags?post=203891"}],"curies":[{"name":"wp","href":"https:\/\/api.w.org\/{rel}","templated":true}]}}