{"id":203873,"date":"2020-12-02T14:39:35","date_gmt":"2020-12-02T14:39:35","guid":{"rendered":"https:\/\/www.meydan.tv\/article\/aba-muharibede-sehid-olanlarin-istehlak-kreditleri-tamamile-silinecek\/"},"modified":"2020-12-02T14:39:35","modified_gmt":"2020-12-02T14:39:35","slug":"aba-muharibede-sehid-olanlarin-istehlak-kreditleri-tamamile-silinecek","status":"publish","type":"post","link":"https:\/\/www.meydan.tv\/az\/article\/aba-muharibede-sehid-olanlarin-istehlak-kreditleri-tamamile-silinecek\/","title":{"rendered":"ABA: M\u00fcharib\u0259d\u0259 \u015f\u0259hid olanlar\u0131n istehlak kreditl\u0259ri tamamil\u0259 silin\u0259c\u0259k"},"content":{"rendered":"<p>\n  <i><br \/>\n    &quot;ABA-ya \u00fczv banklar q\u0259bul edilmi\u015f q\u0259rar\u0131 icra ed\u0259c\u0259k&quot;<br \/>\n  <\/i>\n<\/p>\n<p>\n  \u201cSon zamanlar b\u0259zi m\u0259tbu orqanlar\u0131nda v\u0259 sosial \u015f\u0259b\u0259k\u0259l\u0259rd\u0259 banklar\u0131n kredit borcuna g\u00f6r\u0259 \u015f\u0259hid ail\u0259l\u0259rini v\u0259 qazil\u0259ri narahat etm\u0259si bar\u0259d\u0259 m\u0259lumatlar yay\u0131l\u0131r. Bunlar h\u0259qiq\u0259ti \u0259ks etdirmir\u201d.\n<\/p>\n<p>\n  \u201cAz\u0259rbaycan Banklar Assosiasiyas\u0131\u201d (ABA) \u0130ctimai Birliyinin yayd\u0131\u011f\u0131<br \/>\n  <a href=\"https:\/\/aba.az\/az%c9%99rbaycan-banklar-assosiasiyasinin-b%c9%99yanati-3\/\"><br \/>\n    b\u0259yanat<br \/>\n  <\/a><br \/>\n  da bel\u0259 deyilir.\n<\/p>\n<p>\n  ABA b\u0259yan edir ki, \u00f6lk\u0259 Prezidentinin tap\u015f\u0131r\u0131\u011f\u0131 v\u0259 Az\u0259rbaycan M\u0259rk\u0259zi Bank\u0131n\u0131n t\u00f6vsiy\u0259sil\u0259 h\u0259rbi\u00e7il\u0259rin v\u0259 m\u00fcharib\u0259d\u0259n z\u0259r\u0259r g\u00f6rm\u00fc\u015f v\u0259t\u0259nda\u015flar\u0131 d\u0259st\u0259kl\u0259y\u0259c\u0259kl\u0259r.\n<\/p>\n<p>\n  Bunun \u00fc\u00e7\u00fcn b\u0259zi q\u0259rarlar q\u0259bul edibl\u0259r.\n<\/p>\n<p>\n  H\u0259min q\u0259rarlar bunlard\u0131r:\n<\/p>\n<p>\n  <i><br \/>\n    &#8211; Torpaqlar\u0131n azad edilm\u0259si u\u011frunda d\u00f6y\u00fc\u015fl\u0259rd\u0259 h\u0259yat\u0131n\u0131 itirmi\u015f h\u0259rb\u00e7il\u0259rin banklara olan istehlak kreditl\u0259ri v\u0259 onlara hesablanm\u0131\u015f faizl\u0259r v\u0259 dig\u0259r \u00f6d\u0259m\u0259l\u0259r tamamil\u0259 silin\u0259c\u0259k;<br \/>\n  <\/i>\n<\/p>\n<p>\n  <i><br \/>\n    &#8211; Meharib\u0259d\u0259 h\u0259yat\u0131n\u0131 itirmi\u015f m\u00fclki v\u0259t\u0259nda\u015flar\u0131n da banklara olan istehlak kreditl\u0259ri v\u0259 onlara hesablanm\u0131\u015f faizl\u0259r v\u0259 dig\u0259r \u00f6d\u0259m\u0259l\u0259r silin\u0259c\u0259k;<br \/>\n  <\/i>\n<\/p>\n<p>\n  <i><br \/>\n    &#8211; H\u0259rbi \u0259m\u0259liyyatlar zaman\u0131 yaralanm\u0131\u015f h\u0259rbi\u00e7il\u0259rin banklara olan kredit \u00f6hd\u0259likl\u0259rin\u0259 faizl\u0259rin v\u0259 dig\u0259r \u00f6d\u0259m\u0259l\u0259rin hesablanmas\u0131 27 sentyabr 2020-ci il tarixind\u0259n tam dayand\u0131r\u0131lacaq;<br \/>\n  <\/i>\n<\/p>\n<p>\n  <i><br \/>\n    &#8211; Torpaqlar\u0131n azad edilm\u0259si u\u011frunda d\u00f6y\u00fc\u015fl\u0259rd\u0259 h\u0259yat\u0131n\u0131 itirmi\u015f bank \u0259m\u0259kda\u015flar\u0131n\u0131n ail\u0259l\u0259rin\u0259 i\u015f\u00e7inin bir illik \u0259m\u0259k haqq\u0131 miqdar\u0131nda v\u0259sait \u00f6d\u0259nil\u0259c\u0259k;<br \/>\n  <\/i>\n<\/p>\n<p>\n  <i><br \/>\n    &#8211; Torpaqlar\u0131n azad edilm\u0259si u\u011frunda d\u00f6y\u00fc\u015fl\u0259rd\u0259 yaralanm\u0131\u015f bank \u0259m\u0259kda\u015flar\u0131na onun \u00fc\u00e7 ayl\u0131q \u0259m\u0259khaqq\u0131 miqdar\u0131nda bird\u0259f\u0259lik maddi yard\u0131m \u00f6d\u0259nil\u0259c\u0259k.<br \/>\n  <\/i>\n<\/p>\n<p>\n  B\u0259yanatda bildirilir ki, ABA-ya \u00fczv banklar q\u0259bul edilmi\u015f q\u0259rar\u0131 icra ed\u0259c\u0259k: \u201cC\u0259bh\u0259y\u0259 s\u0259f\u0259rb\u0259r edilmi\u015f, d\u00f6y\u00fc\u015f b\u00f6lg\u0259sind\u0259 yaralanm\u0131\u015f v\u0259 \u015f\u0259hid olmu\u015f \u015f\u0259xsl\u0259r haqq\u0131nda v\u0259 dig\u0259r \u0259laq\u0259dar m\u0259lumatlara banklar malik olmurlar. Buna g\u00f6r\u0259 d\u0259 banklar\u0131n \u015f\u0259hid ail\u0259l\u0259ri v\u0259 qazil\u0259rl\u0259 \u0259laq\u0259 saxlamas\u0131 kredit \u00f6hd\u0259liyinin t\u0259min edilm\u0259si m\u0259qs\u0259di il\u0259 deyil, yaln\u0131z onlar\u0131n m\u00fcvafiq statusunun m\u00fc\u0259yy\u0259n edilm\u0259si v\u0259 bank\u0131n daxili m\u0259lumat bazas\u0131nda uy\u011fun qeydl\u0259rin apar\u0131lmas\u0131 m\u0259qs\u0259di da\u015f\u0131ya bil\u0259r\u201d.\n<\/p>\n<p>\n  ABA bildirib ki, haz\u0131rda \u0259sass\u0131z, ictimaiyy\u0259td\u0259 yaln\u0131\u015f fikir formala\u015fd\u0131ra bil\u0259c\u0259k m\u0259lumatlar\u0131n x\u0259b\u0259r reytinqi, bax\u0131\u015f say\u0131 m\u0259qs\u0259dil\u0259 yay\u0131lmas\u0131 \u00fcmumi i\u015f\u0259 v\u0259 qar\u015f\u0131ya qoyulan m\u0259qs\u0259d\u0259 uy\u011fun deyil: \u201cBel\u0259 hallardan \u00e7\u0259kinm\u0259yin m\u0259qs\u0259d\u0259uy\u011fun oldu\u011funu hesab edirik. Az\u0259rbaycan bank icmas\u0131 h\u0259r zaman oldu\u011fu kimi \u00f6lk\u0259 Prezidentinin tap\u015f\u0131r\u0131qlar\u0131n\u0131 r\u0259hb\u0259r tutaraq \u015f\u0259hid ail\u0259l\u0259ri v\u0259 qazil\u0259rimiz\u0259, el\u0259c\u0259 d\u0259 v\u0259t\u0259nimizin d\u00fc\u015fm\u0259nd\u0259n azad edilm\u0259sind\u0259 i\u015ftirak ed\u0259n h\u0259rbi\u00e7il\u0259rimiz\u0259 m\u00fcnasib\u0259td\u0259 h\u0259ssasl\u0131q n\u00fcmayi\u015f etdirm\u0259y\u0259 davam ed\u0259c\u0259kl\u0259r\u201d, &#8211; dey\u0259 b\u0259yanatda qeyd olunub.\n<\/p>\n<p>\n  Haz\u0131rda Az\u0259rbaycanda 26 bank f\u0259aliyy\u0259t g\u00f6st\u0259rir. Az\u0259rbaycan Banklar Assosiasiyas\u0131na is\u0259 29 bank v\u0259 bank olmayan kredit t\u0259\u015fkilat\u0131 \u00fczvd\u00fcr. Onlar\u0131n i\u00e7ind\u0259 xarici banklar da var.\n<\/p>\n<p>\n  H\u0259min t\u0259kilatlar Xalq Bank ASC, AccessBank QSC, AFB Bank ASC, Aqrarkredit BOKT, Az\u0259r T\u00fcrk Bank ASC, Az\u0259rbaycan Beyn\u0259lxalq Bank\u0131 ASC, Az\u0259rbaycan S\u0259naye Bank\u0131 ASC, Az\u0259rikard MMC, Bank Avrasiya ASC, Bank BTB ASC, Bank Melli \u0130ran Bak\u0131 filial\u0131, Bank of Baku ASC, Bank Respublika ASC, Bank VTB (Az\u0259rbaycan) ASC, Expressbank ASC, G\u00fcnay Bank ASC, Kapital Bank ASC, Mu\u011fanbank ASC, Pakistan Milli Bank\u0131 NBP Bak\u0131 filial\u0131, Para BOKT, PA\u015eA Bank ASC, Premium Bank ASC, Rabit\u0259bank ASC, TBC Kredit BOKT MMC, TuranBank ASC, Unibank KB ASC, Yap\u0131 Kredi Bank Az\u0259rbaycan QSC, Yelo Bank ASC, Ziraat Bank Azerbaycan ASC-dir.\n<\/p>\n<p>\n  Az\u0259rbaycan v\u0259 Erm\u0259nistan silahl\u0131 q\u00fcvv\u0259l\u0259rinin t\u0259mas x\u0259ttind\u0259 sentyabr\u0131n 27-d\u0259 d\u00f6y\u00fc\u015fl\u0259r ba\u015flam\u0131\u015fd\u0131.\n<\/p>\n<p>\n  D\u00f6y\u00fc\u015f \u0259m\u0259liyyatlar\u0131 noyabr\u0131n 9-d\u0259k davam edib. Bu 44 g\u00fcn \u0259rzind\u0259 Az\u0259rbaycan t\u0259r\u0259f 280-d\u0259k k\u0259ndin, d\u00f6rd q\u0259s\u0259b\u0259nin (Hadrut, Mincivan, A\u011fb\u0259nd, Bartaz), \u015eu\u015fa v\u0259 daha d\u00f6rd \u015f\u0259h\u0259rin (C\u0259bray\u0131l, F\u00fczuli, Z\u0259ngilan, Qubadl\u0131) i\u015f\u011faldan azad edildiyini a\u00e7\u0131qlay\u0131b.\n<\/p>\n<p>\n  Ancaq bu g\u00fcn\u0259d\u0259k Az\u0259rbaycan t\u0259r\u0259f n\u0259 q\u0259d\u0259r itki verdiyini, ne\u00e7\u0259 n\u0259f\u0259r h\u0259rb\u00e7inin yaraland\u0131\u011f\u0131n\u0131 a\u00e7\u0131qlamay\u0131b.\n<\/p>\n<p>\n  Noyabr\u0131n 10-dan 11-n\u0259 ke\u00e7\u0259n gec\u0259 is\u0259 Az\u0259rbaycan, Erm\u0259nistan v\u0259 Rusiya r\u0259hb\u0259rl\u0259ri birg\u0259 b\u0259yanat imzalay\u0131b. M\u00fcharib\u0259nin bitm\u0259sini \u00f6z\u00fcnd\u0259 ehtiva ed\u0259n b\u0259yanatla Rusiya s\u00fclhm\u0259raml\u0131lar\u0131n\u0131n Qaraba\u011fa g\u0259lm\u0259si elan edilib. El\u0259 h\u0259min gec\u0259 s\u00fclhm\u0259raml\u0131lar b\u00f6lg\u0259y\u0259 daxil olub.\n<\/p>\n<p>\n  S\u0259n\u0259d\u0259 g\u00f6r\u0259, Az\u0259rbaycan i\u015f\u011faldan azad etdiyi \u0259razil\u0259rd\u0259 qal\u0131r. Dekabr\u0131n 1-d\u0259k K\u0259lb\u0259c\u0259r, A\u011fdam v\u0259 La\u00e7\u0131n rayonlar\u0131n\u0131n Az\u0259rbaycana qaytar\u0131lmas\u0131 n\u0259z\u0259rd\u0259 tutulurdu. La\u00e7\u0131n d\u0259hlizind\u0259 v\u0259 qo\u015funlar\u0131n t\u0259mas x\u0259ttind\u0259 is\u0259 Rusiya s\u00fclhm\u0259raml\u0131lar\u0131 yerl\u0259\u015fdirilir.\n<\/p>\n<p>\n  Raz\u0131la\u015fmaya uy\u011fun olaraq Az\u0259rbaycan ordusu noyabr\u0131n 20-d\u0259 A\u011fdam rayon m\u0259rk\u0259zin\u0259 daxil olub. Noyabr\u0131n 25-d\u0259 K\u0259lb\u0259c\u0259r, dekabr\u0131n 1-d\u0259 is\u0259 La\u00e7\u0131n rayonu i\u015f\u011faldan azad edilib.\n<\/p>\n<p>\n  Qaraba\u011f m\u00fcnaqi\u015f\u0259si Erm\u0259nistan\u0131n Az\u0259rbaycana \u0259razi iddialar\u0131 il\u0259 1988-ci ild\u0259 ba\u015flay\u0131b. 1994-c\u00fc ild\u0259 ger\u00e7\u0259kl\u0259\u015f\u0259n at\u0259\u015fk\u0259s raz\u0131la\u015fmas\u0131na q\u0259d\u0259r Az\u0259rbaycan\u0131n Da\u011fl\u0131q Qaraba\u011f b\u00f6lg\u0259si v\u0259 ona biti\u015fik 7 rayonu i\u015f\u011fal edilmi\u015fdi.<\/p>\n","protected":false},"excerpt":{"rendered":"<p>ABA bildirib ki, haz\u0131rda \u0259sass\u0131z, ictimaiyy\u0259td\u0259 yaln\u0131\u015f fikir formala\u015fd\u0131ra bil\u0259c\u0259k m\u0259lumatlar\u0131n x\u0259b\u0259r reytinqi, bax\u0131\u015f say\u0131 m\u0259qs\u0259dil\u0259 yay\u0131lmas\u0131 \u00fcmumi i\u015f\u0259 v\u0259 qar\u015f\u0131ya qoyulan m\u0259qs\u0259d\u0259 uy\u011fun deyil<\/p>\n","protected":false},"author":11,"featured_media":152453,"comment_status":"closed","ping_status":"open","sticky":false,"template":"","format":"standard","meta":{"_acf_changed":false,"_sitemap_exclude":false,"_sitemap_priority":"","_sitemap_frequency":"","footnotes":""},"categories":[62],"tags":[],"class_list":["post-203873","post","type-post","status-publish","format-standard","has-post-thumbnail","hentry","category-sosial","infinite-scroll-item","generate-columns","tablet-grid-50","mobile-grid-100","grid-parent","grid-33","no-featured-image-padding"],"acf":[],"yoast_head":"<!-- This site is optimized with the Yoast SEO plugin v27.5 - https:\/\/yoast.com\/product\/yoast-seo-wordpress\/ -->\n<title>ABA: M\u00fcharib\u0259d\u0259 \u015f\u0259hid olanlar\u0131n istehlak kreditl\u0259ri tamamil\u0259 silin\u0259c\u0259k - MEYDAN.TV<\/title>\n<meta name=\"robots\" content=\"index, follow, max-snippet:-1, max-image-preview:large, max-video-preview:-1\" \/>\n<link rel=\"canonical\" href=\"https:\/\/www.meydan.tv\/az\/article\/aba-muharibede-sehid-olanlarin-istehlak-kreditleri-tamamile-silinecek\/\" \/>\n<meta property=\"og:locale\" content=\"az_AZ\" \/>\n<meta property=\"og:type\" content=\"article\" \/>\n<meta property=\"og:title\" content=\"ABA: M\u00fcharib\u0259d\u0259 \u015f\u0259hid olanlar\u0131n istehlak kreditl\u0259ri tamamil\u0259 silin\u0259c\u0259k - MEYDAN.TV\" \/>\n<meta property=\"og:description\" content=\"ABA bildirib ki, haz\u0131rda \u0259sass\u0131z, ictimaiyy\u0259td\u0259 yaln\u0131\u015f fikir formala\u015fd\u0131ra bil\u0259c\u0259k m\u0259lumatlar\u0131n x\u0259b\u0259r reytinqi, bax\u0131\u015f say\u0131 m\u0259qs\u0259dil\u0259 yay\u0131lmas\u0131 \u00fcmumi i\u015f\u0259 v\u0259 qar\u015f\u0131ya qoyulan m\u0259qs\u0259d\u0259 uy\u011fun deyil\" \/>\n<meta property=\"og:url\" content=\"https:\/\/www.meydan.tv\/az\/article\/aba-muharibede-sehid-olanlarin-istehlak-kreditleri-tamamile-silinecek\/\" \/>\n<meta property=\"og:site_name\" content=\"MEYDAN.TV\" \/>\n<meta property=\"article:published_time\" content=\"2020-12-02T14:39:35+00:00\" \/>\n<meta property=\"og:image\" content=\"https:\/\/www.meydan.tv\/wp-content\/uploads\/15247874883062817424_1000x669.jpg\" \/>\n\t<meta property=\"og:image:width\" content=\"1000\" \/>\n\t<meta property=\"og:image:height\" content=\"649\" \/>\n\t<meta property=\"og:image:type\" content=\"image\/jpeg\" \/>\n<meta name=\"author\" content=\"user-manager\" \/>\n<meta name=\"twitter:card\" content=\"summary_large_image\" \/>\n<script type=\"application\/ld+json\" class=\"yoast-schema-graph\">{\"@context\":\"https:\\\/\\\/schema.org\",\"@graph\":[{\"@type\":\"Article\",\"@id\":\"https:\\\/\\\/www.meydan.tv\\\/az\\\/article\\\/aba-muharibede-sehid-olanlarin-istehlak-kreditleri-tamamile-silinecek\\\/#article\",\"isPartOf\":{\"@id\":\"https:\\\/\\\/www.meydan.tv\\\/az\\\/article\\\/aba-muharibede-sehid-olanlarin-istehlak-kreditleri-tamamile-silinecek\\\/\"},\"author\":{\"name\":\"user-manager\",\"@id\":\"https:\\\/\\\/www.meydan.tv\\\/az\\\/#\\\/schema\\\/person\\\/10d11eccf6da3662cf5fdab9806ea91a\"},\"headline\":\"ABA: M\u00fcharib\u0259d\u0259 \u015f\u0259hid olanlar\u0131n istehlak kreditl\u0259ri tamamil\u0259 silin\u0259c\u0259k\",\"datePublished\":\"2020-12-02T14:39:35+00:00\",\"mainEntityOfPage\":{\"@id\":\"https:\\\/\\\/www.meydan.tv\\\/az\\\/article\\\/aba-muharibede-sehid-olanlarin-istehlak-kreditleri-tamamile-silinecek\\\/\"},\"wordCount\":1030,\"publisher\":{\"@id\":\"https:\\\/\\\/www.meydan.tv\\\/az\\\/#organization\"},\"image\":{\"@id\":\"https:\\\/\\\/www.meydan.tv\\\/az\\\/article\\\/aba-muharibede-sehid-olanlarin-istehlak-kreditleri-tamamile-silinecek\\\/#primaryimage\"},\"thumbnailUrl\":\"https:\\\/\\\/www.meydan.tv\\\/wp-content\\\/uploads\\\/15247874883062817424_1000x669.jpg\",\"articleSection\":[\"Sosial\"],\"inLanguage\":\"az\"},{\"@type\":\"WebPage\",\"@id\":\"https:\\\/\\\/www.meydan.tv\\\/az\\\/article\\\/aba-muharibede-sehid-olanlarin-istehlak-kreditleri-tamamile-silinecek\\\/\",\"url\":\"https:\\\/\\\/www.meydan.tv\\\/az\\\/article\\\/aba-muharibede-sehid-olanlarin-istehlak-kreditleri-tamamile-silinecek\\\/\",\"name\":\"ABA: M\u00fcharib\u0259d\u0259 \u015f\u0259hid olanlar\u0131n istehlak kreditl\u0259ri tamamil\u0259 silin\u0259c\u0259k - MEYDAN.TV\",\"isPartOf\":{\"@id\":\"https:\\\/\\\/www.meydan.tv\\\/az\\\/#website\"},\"primaryImageOfPage\":{\"@id\":\"https:\\\/\\\/www.meydan.tv\\\/az\\\/article\\\/aba-muharibede-sehid-olanlarin-istehlak-kreditleri-tamamile-silinecek\\\/#primaryimage\"},\"image\":{\"@id\":\"https:\\\/\\\/www.meydan.tv\\\/az\\\/article\\\/aba-muharibede-sehid-olanlarin-istehlak-kreditleri-tamamile-silinecek\\\/#primaryimage\"},\"thumbnailUrl\":\"https:\\\/\\\/www.meydan.tv\\\/wp-content\\\/uploads\\\/15247874883062817424_1000x669.jpg\",\"datePublished\":\"2020-12-02T14:39:35+00:00\",\"breadcrumb\":{\"@id\":\"https:\\\/\\\/www.meydan.tv\\\/az\\\/article\\\/aba-muharibede-sehid-olanlarin-istehlak-kreditleri-tamamile-silinecek\\\/#breadcrumb\"},\"inLanguage\":\"az\",\"potentialAction\":[{\"@type\":\"ReadAction\",\"target\":[\"https:\\\/\\\/www.meydan.tv\\\/az\\\/article\\\/aba-muharibede-sehid-olanlarin-istehlak-kreditleri-tamamile-silinecek\\\/\"]}]},{\"@type\":\"ImageObject\",\"inLanguage\":\"az\",\"@id\":\"https:\\\/\\\/www.meydan.tv\\\/az\\\/article\\\/aba-muharibede-sehid-olanlarin-istehlak-kreditleri-tamamile-silinecek\\\/#primaryimage\",\"url\":\"https:\\\/\\\/www.meydan.tv\\\/wp-content\\\/uploads\\\/15247874883062817424_1000x669.jpg\",\"contentUrl\":\"https:\\\/\\\/www.meydan.tv\\\/wp-content\\\/uploads\\\/15247874883062817424_1000x669.jpg\",\"width\":1000,\"height\":649,\"caption\":\"Source: Az\u0259rbaycan Banklar Assosiasiyas\u0131\"},{\"@type\":\"BreadcrumbList\",\"@id\":\"https:\\\/\\\/www.meydan.tv\\\/az\\\/article\\\/aba-muharibede-sehid-olanlarin-istehlak-kreditleri-tamamile-silinecek\\\/#breadcrumb\",\"itemListElement\":[{\"@type\":\"ListItem\",\"position\":1,\"name\":\"Ana s\u0259hif\u0259\",\"item\":\"https:\\\/\\\/www.meydan.tv\\\/az\\\/\"},{\"@type\":\"ListItem\",\"position\":2,\"name\":\"Sosial\",\"item\":\"https:\\\/\\\/www.meydan.tv\\\/az\\\/section\\\/sosial\\\/\"},{\"@type\":\"ListItem\",\"position\":3,\"name\":\"ABA: M\u00fcharib\u0259d\u0259 \u015f\u0259hid olanlar\u0131n istehlak kreditl\u0259ri tamamil\u0259 silin\u0259c\u0259k\"}]},{\"@type\":\"WebSite\",\"@id\":\"https:\\\/\\\/www.meydan.tv\\\/az\\\/#website\",\"url\":\"https:\\\/\\\/www.meydan.tv\\\/az\\\/\",\"name\":\"MEYDAN.TV\",\"description\":\"Meydan TV Az\u0259rbaycan\u0131n media m\u0259kan\u0131ndak\u0131 alternativ s\u0259sidir\",\"publisher\":{\"@id\":\"https:\\\/\\\/www.meydan.tv\\\/az\\\/#organization\"},\"potentialAction\":[{\"@type\":\"SearchAction\",\"target\":{\"@type\":\"EntryPoint\",\"urlTemplate\":\"https:\\\/\\\/www.meydan.tv\\\/az\\\/?s={search_term_string}\"},\"query-input\":{\"@type\":\"PropertyValueSpecification\",\"valueRequired\":true,\"valueName\":\"search_term_string\"}}],\"inLanguage\":\"az\"},{\"@type\":\"Organization\",\"@id\":\"https:\\\/\\\/www.meydan.tv\\\/az\\\/#organization\",\"name\":\"Meydan TV\",\"url\":\"https:\\\/\\\/www.meydan.tv\\\/az\\\/\",\"logo\":{\"@type\":\"ImageObject\",\"inLanguage\":\"az\",\"@id\":\"https:\\\/\\\/www.meydan.tv\\\/az\\\/#\\\/schema\\\/logo\\\/image\\\/\",\"url\":\"https:\\\/\\\/www.meydan.tv\\\/wp-content\\\/uploads\\\/2021\\\/07\\\/meydan-logo.svg\",\"contentUrl\":\"https:\\\/\\\/www.meydan.tv\\\/wp-content\\\/uploads\\\/2021\\\/07\\\/meydan-logo.svg\",\"width\":195,\"height\":46,\"caption\":\"Meydan TV\"},\"image\":{\"@id\":\"https:\\\/\\\/www.meydan.tv\\\/az\\\/#\\\/schema\\\/logo\\\/image\\\/\"}},{\"@type\":\"Person\",\"@id\":\"https:\\\/\\\/www.meydan.tv\\\/az\\\/#\\\/schema\\\/person\\\/10d11eccf6da3662cf5fdab9806ea91a\",\"name\":\"user-manager\"}]}<\/script>\n<!-- \/ Yoast SEO plugin. -->","yoast_head_json":{"title":"ABA: M\u00fcharib\u0259d\u0259 \u015f\u0259hid olanlar\u0131n istehlak kreditl\u0259ri tamamil\u0259 silin\u0259c\u0259k - MEYDAN.TV","robots":{"index":"index","follow":"follow","max-snippet":"max-snippet:-1","max-image-preview":"max-image-preview:large","max-video-preview":"max-video-preview:-1"},"canonical":"https:\/\/www.meydan.tv\/az\/article\/aba-muharibede-sehid-olanlarin-istehlak-kreditleri-tamamile-silinecek\/","og_locale":"az_AZ","og_type":"article","og_title":"ABA: M\u00fcharib\u0259d\u0259 \u015f\u0259hid olanlar\u0131n istehlak kreditl\u0259ri tamamil\u0259 silin\u0259c\u0259k - MEYDAN.TV","og_description":"ABA bildirib ki, haz\u0131rda \u0259sass\u0131z, ictimaiyy\u0259td\u0259 yaln\u0131\u015f fikir formala\u015fd\u0131ra bil\u0259c\u0259k m\u0259lumatlar\u0131n x\u0259b\u0259r reytinqi, bax\u0131\u015f say\u0131 m\u0259qs\u0259dil\u0259 yay\u0131lmas\u0131 \u00fcmumi i\u015f\u0259 v\u0259 qar\u015f\u0131ya qoyulan m\u0259qs\u0259d\u0259 uy\u011fun deyil","og_url":"https:\/\/www.meydan.tv\/az\/article\/aba-muharibede-sehid-olanlarin-istehlak-kreditleri-tamamile-silinecek\/","og_site_name":"MEYDAN.TV","article_published_time":"2020-12-02T14:39:35+00:00","og_image":[{"width":1000,"height":649,"url":"https:\/\/www.meydan.tv\/wp-content\/uploads\/15247874883062817424_1000x669.jpg","type":"image\/jpeg"}],"author":"user-manager","twitter_card":"summary_large_image","schema":{"@context":"https:\/\/schema.org","@graph":[{"@type":"Article","@id":"https:\/\/www.meydan.tv\/az\/article\/aba-muharibede-sehid-olanlarin-istehlak-kreditleri-tamamile-silinecek\/#article","isPartOf":{"@id":"https:\/\/www.meydan.tv\/az\/article\/aba-muharibede-sehid-olanlarin-istehlak-kreditleri-tamamile-silinecek\/"},"author":{"name":"user-manager","@id":"https:\/\/www.meydan.tv\/az\/#\/schema\/person\/10d11eccf6da3662cf5fdab9806ea91a"},"headline":"ABA: M\u00fcharib\u0259d\u0259 \u015f\u0259hid olanlar\u0131n istehlak kreditl\u0259ri tamamil\u0259 silin\u0259c\u0259k","datePublished":"2020-12-02T14:39:35+00:00","mainEntityOfPage":{"@id":"https:\/\/www.meydan.tv\/az\/article\/aba-muharibede-sehid-olanlarin-istehlak-kreditleri-tamamile-silinecek\/"},"wordCount":1030,"publisher":{"@id":"https:\/\/www.meydan.tv\/az\/#organization"},"image":{"@id":"https:\/\/www.meydan.tv\/az\/article\/aba-muharibede-sehid-olanlarin-istehlak-kreditleri-tamamile-silinecek\/#primaryimage"},"thumbnailUrl":"https:\/\/www.meydan.tv\/wp-content\/uploads\/15247874883062817424_1000x669.jpg","articleSection":["Sosial"],"inLanguage":"az"},{"@type":"WebPage","@id":"https:\/\/www.meydan.tv\/az\/article\/aba-muharibede-sehid-olanlarin-istehlak-kreditleri-tamamile-silinecek\/","url":"https:\/\/www.meydan.tv\/az\/article\/aba-muharibede-sehid-olanlarin-istehlak-kreditleri-tamamile-silinecek\/","name":"ABA: M\u00fcharib\u0259d\u0259 \u015f\u0259hid olanlar\u0131n istehlak kreditl\u0259ri tamamil\u0259 silin\u0259c\u0259k - MEYDAN.TV","isPartOf":{"@id":"https:\/\/www.meydan.tv\/az\/#website"},"primaryImageOfPage":{"@id":"https:\/\/www.meydan.tv\/az\/article\/aba-muharibede-sehid-olanlarin-istehlak-kreditleri-tamamile-silinecek\/#primaryimage"},"image":{"@id":"https:\/\/www.meydan.tv\/az\/article\/aba-muharibede-sehid-olanlarin-istehlak-kreditleri-tamamile-silinecek\/#primaryimage"},"thumbnailUrl":"https:\/\/www.meydan.tv\/wp-content\/uploads\/15247874883062817424_1000x669.jpg","datePublished":"2020-12-02T14:39:35+00:00","breadcrumb":{"@id":"https:\/\/www.meydan.tv\/az\/article\/aba-muharibede-sehid-olanlarin-istehlak-kreditleri-tamamile-silinecek\/#breadcrumb"},"inLanguage":"az","potentialAction":[{"@type":"ReadAction","target":["https:\/\/www.meydan.tv\/az\/article\/aba-muharibede-sehid-olanlarin-istehlak-kreditleri-tamamile-silinecek\/"]}]},{"@type":"ImageObject","inLanguage":"az","@id":"https:\/\/www.meydan.tv\/az\/article\/aba-muharibede-sehid-olanlarin-istehlak-kreditleri-tamamile-silinecek\/#primaryimage","url":"https:\/\/www.meydan.tv\/wp-content\/uploads\/15247874883062817424_1000x669.jpg","contentUrl":"https:\/\/www.meydan.tv\/wp-content\/uploads\/15247874883062817424_1000x669.jpg","width":1000,"height":649,"caption":"Source: Az\u0259rbaycan Banklar Assosiasiyas\u0131"},{"@type":"BreadcrumbList","@id":"https:\/\/www.meydan.tv\/az\/article\/aba-muharibede-sehid-olanlarin-istehlak-kreditleri-tamamile-silinecek\/#breadcrumb","itemListElement":[{"@type":"ListItem","position":1,"name":"Ana s\u0259hif\u0259","item":"https:\/\/www.meydan.tv\/az\/"},{"@type":"ListItem","position":2,"name":"Sosial","item":"https:\/\/www.meydan.tv\/az\/section\/sosial\/"},{"@type":"ListItem","position":3,"name":"ABA: M\u00fcharib\u0259d\u0259 \u015f\u0259hid olanlar\u0131n istehlak kreditl\u0259ri tamamil\u0259 silin\u0259c\u0259k"}]},{"@type":"WebSite","@id":"https:\/\/www.meydan.tv\/az\/#website","url":"https:\/\/www.meydan.tv\/az\/","name":"MEYDAN.TV","description":"Meydan TV Az\u0259rbaycan\u0131n media m\u0259kan\u0131ndak\u0131 alternativ s\u0259sidir","publisher":{"@id":"https:\/\/www.meydan.tv\/az\/#organization"},"potentialAction":[{"@type":"SearchAction","target":{"@type":"EntryPoint","urlTemplate":"https:\/\/www.meydan.tv\/az\/?s={search_term_string}"},"query-input":{"@type":"PropertyValueSpecification","valueRequired":true,"valueName":"search_term_string"}}],"inLanguage":"az"},{"@type":"Organization","@id":"https:\/\/www.meydan.tv\/az\/#organization","name":"Meydan TV","url":"https:\/\/www.meydan.tv\/az\/","logo":{"@type":"ImageObject","inLanguage":"az","@id":"https:\/\/www.meydan.tv\/az\/#\/schema\/logo\/image\/","url":"https:\/\/www.meydan.tv\/wp-content\/uploads\/2021\/07\/meydan-logo.svg","contentUrl":"https:\/\/www.meydan.tv\/wp-content\/uploads\/2021\/07\/meydan-logo.svg","width":195,"height":46,"caption":"Meydan TV"},"image":{"@id":"https:\/\/www.meydan.tv\/az\/#\/schema\/logo\/image\/"}},{"@type":"Person","@id":"https:\/\/www.meydan.tv\/az\/#\/schema\/person\/10d11eccf6da3662cf5fdab9806ea91a","name":"user-manager"}]}},"_links":{"self":[{"href":"https:\/\/www.meydan.tv\/az\/wp-json\/wp\/v2\/posts\/203873","targetHints":{"allow":["GET"]}}],"collection":[{"href":"https:\/\/www.meydan.tv\/az\/wp-json\/wp\/v2\/posts"}],"about":[{"href":"https:\/\/www.meydan.tv\/az\/wp-json\/wp\/v2\/types\/post"}],"author":[{"embeddable":true,"href":"https:\/\/www.meydan.tv\/az\/wp-json\/wp\/v2\/users\/11"}],"replies":[{"embeddable":true,"href":"https:\/\/www.meydan.tv\/az\/wp-json\/wp\/v2\/comments?post=203873"}],"version-history":[{"count":0,"href":"https:\/\/www.meydan.tv\/az\/wp-json\/wp\/v2\/posts\/203873\/revisions"}],"wp:featuredmedia":[{"embeddable":true,"href":"https:\/\/www.meydan.tv\/az\/wp-json\/wp\/v2\/media\/152453"}],"wp:attachment":[{"href":"https:\/\/www.meydan.tv\/az\/wp-json\/wp\/v2\/media?parent=203873"}],"wp:term":[{"taxonomy":"category","embeddable":true,"href":"https:\/\/www.meydan.tv\/az\/wp-json\/wp\/v2\/categories?post=203873"},{"taxonomy":"post_tag","embeddable":true,"href":"https:\/\/www.meydan.tv\/az\/wp-json\/wp\/v2\/tags?post=203873"}],"curies":[{"name":"wp","href":"https:\/\/api.w.org\/{rel}","templated":true}]}}