{"id":203853,"date":"2020-12-01T13:45:22","date_gmt":"2020-12-01T13:45:22","guid":{"rendered":"https:\/\/www.meydan.tv\/article\/sehid-ailelerine-ve-qazilere-verilecek-mebleg-mueyyenlesib\/"},"modified":"2020-12-01T13:45:22","modified_gmt":"2020-12-01T13:45:22","slug":"sehid-ailelerine-ve-qazilere-verilecek-mebleg-mueyyenlesib","status":"publish","type":"post","link":"https:\/\/www.meydan.tv\/az\/article\/sehid-ailelerine-ve-qazilere-verilecek-mebleg-mueyyenlesib\/","title":{"rendered":"\u015e\u0259hid ail\u0259l\u0259rin\u0259 v\u0259 qazil\u0259r\u0259 veril\u0259c\u0259k m\u0259bl\u0259\u011f m\u00fc\u0259yy\u0259nl\u0259\u015fib"},"content":{"rendered":"<p>\n  <i><br \/>\n    \u201c\u015e\u0259hid ail\u0259sinin \u015f\u0259xsin \u015f\u0259hid statusu m\u00fc\u0259yy\u0259n edildiyi g\u00fcnd\u0259n ayl\u0131q m\u0259bl\u0259\u011fi 300 manat olan t\u0259qa\u00fcd almaq h\u00fcququ var\u201d<br \/>\n  <\/i>\n<\/p>\n<p>\n  \u015e\u0259hid ail\u0259l\u0259rin\u0259 v\u0259 qazil\u0259r\u0259 veril\u0259c\u0259k t\u0259qa\u00fcdl\u0259rin m\u0259bl\u0259\u011fl\u0259ri m\u0259lum olub.\n<\/p>\n<p>\n  Az\u0259rbaycan\u0131n b\u00fct\u00f6vl\u00fcy\u00fc u\u011frunda \u015f\u0259hid olan \u015f\u0259xsl\u0259rin ail\u0259l\u0259rin\u0259 v\u0259 qazi statusu alm\u0131\u015f h\u0259rb\u00e7il\u0259r\u0259 veril\u0259c\u0259k t\u0259qa\u00fcdl\u0259rin m\u0259bl\u0259\u011fi m\u0259lum olub.\n<\/p>\n<p>\n  Bu bar\u0259d\u0259 \u018fm\u0259k v\u0259 \u018fhalinin Sosial M\u00fcdafi\u0259si Nazirliyi Sosial t\u0259minat siyas\u0259ti \u015f\u00f6b\u0259sinin m\u00fcdiri Bab\u0259k H\u00fcseynov a\u00e7\u0131qlama verib. Bildirib ki, \u015f\u0259hid ail\u0259sinin \u015f\u0259xsin \u015f\u0259hid statusu m\u00fc\u0259yy\u0259n edildiyi g\u00fcnd\u0259n ayl\u0131q m\u0259bl\u0259\u011fi 300 manat olan t\u0259qa\u00fcd almaq h\u00fcququ var.\n<\/p>\n<p>\n  \u201cEyni zamanda, m\u00fcharib\u0259 zaman\u0131 \u0259lilliyi olan \u015f\u0259xsl\u0259r\u0259 I, II v\u0259 III d\u0259r\u0259c\u0259y\u0259 uy\u011fun olaraq, 250, 230 v\u0259 210 manat t\u0259qa\u00fcd m\u00fc\u0259yy\u0259n edilib\u201d &#8211; dey\u0259, o qeyd edib.\n<\/p>\n<p>\n  \u201cAz\u0259rbaycan Respublikas\u0131n\u0131n \u0259razi b\u00fct\u00f6vl\u00fcy\u00fc u\u011frunda h\u0259lak olmu\u015f, \u00f6lm\u00fc\u015f v\u0259 h\u0259rbi \u0259m\u0259liyyatlarla \u0259laq\u0259dar x\u0259b\u0259rsiz itkin d\u00fc\u015fd\u00fcy\u00fcn\u0259 g\u00f6r\u0259 \u00f6lm\u00fc\u015f elan edilmi\u015f h\u0259rbi qulluq\u00e7ular\u0131n v\u0259 daxili i\u015fl\u0259r orqanlar\u0131 \u0259m\u0259kda\u015flar\u0131n\u0131n ail\u0259 \u00fczvl\u0259rinin sosial m\u00fcdafi\u0259sinin yax\u015f\u0131la\u015fd\u0131r\u0131lmas\u0131 il\u0259 ba\u011fl\u0131 \u0259lav\u0259 t\u0259dbirl\u0259r haqq\u0131nda\u201d Prezidentin 19 aprel 2018-ci il tarixli 1n\u00f6mr\u0259li F\u0259rman\u0131na \u0259sas\u0259n 1997-ci il avqustun 2-d\u0259k Az\u0259rbaycan Respublikas\u0131n\u0131n \u0259razi b\u00fct\u00f6vl\u00fcy\u00fc u\u011frunda h\u0259lak olmu\u015f, \u00f6lm\u00fc\u015f v\u0259 h\u0259rbi \u0259m\u0259liyyatlarla \u0259laq\u0259dar x\u0259b\u0259rsiz itkin d\u00fc\u015fd\u00fcy\u00fcn\u0259 g\u00f6r\u0259 \u00f6lm\u00fc\u015f elan edilmi\u015f h\u0259rbi qulluq\u00e7ular\u0131n v\u0259 daxili i\u015fl\u0259r orqanlar\u0131 \u0259m\u0259kda\u015flar\u0131n\u0131n v\u0259r\u0259s\u0259l\u0259rin\u0259 bird\u0259f\u0259lik \u00f6d\u0259m\u0259 \u015famil edilir.\n<\/p>\n<figure class=\"wp-block-image size-large\">\n  <img decoding=\"async\" src=\"https:\/\/www.meydan.tv\/az\/3-7-jpg\/\" alt=\"3-7.jpg\" class=\"wp-image-152393\"\/><figcaption>\n    Bab\u0259k H\u00fcseynov<br \/>\n  <\/figcaption><\/figure>\n<p>\n  Bird\u0259f\u0259lik \u00f6d\u0259m\u0259 11.000 (on bir min) manat m\u0259bl\u0259\u011find\u0259 m\u00fc\u0259yy\u0259nl\u0259\u015fdirilib.\n<\/p>\n<p>\n  Bird\u0259f\u0259lik \u00f6d\u0259m\u0259 h\u0259qiqi h\u0259rbi xidm\u0259td\u0259 (toplan\u0131\u015fda) oldu\u011fu zaman h\u0259lak olmas\u0131, \u00f6lm\u0259si v\u0259 ya x\u0259b\u0259rsiz itkin d\u00fc\u015fd\u00fcy\u00fcn\u0259 g\u00f6r\u0259 \u00f6lm\u00fc\u015f elan edilm\u0259si il\u0259 \u0259laq\u0259dar bar\u0259sind\u0259 s\u0131\u011forta \u00f6d\u0259ni\u015finin verilm\u0259sin\u0259 dair qanuni q\u00fcvv\u0259y\u0259 minmi\u015f m\u0259hk\u0259m\u0259 akt\u0131 olmayan, habel\u0259 11000 manat m\u0259bl\u0259\u011find\u0259 (qanunvericilikl\u0259 m\u00fc\u0259yy\u0259n edilmi\u015f m\u0259cburi \u00f6d\u0259ni\u015fl\u0259r n\u0259z\u0259r\u0259 al\u0131nmaqla) s\u0131\u011forta \u00f6d\u0259ni\u015fi almam\u0131\u015f h\u0259rbi qulluq\u00e7ular\u0131n v\u0259 daxili i\u015fl\u0259r orqanlar\u0131 \u0259m\u0259kda\u015flar\u0131n\u0131n v\u0259r\u0259s\u0259l\u0259rin\u0259 verilir.\n<\/p>\n<p>\n  Az\u0259rbaycan v\u0259 Erm\u0259nistan silahl\u0131 q\u00fcvv\u0259l\u0259rinin t\u0259mas x\u0259ttind\u0259 sentyabr\u0131n 27-d\u0259 d\u00f6y\u00fc\u015fl\u0259r ba\u015flam\u0131\u015fd\u0131. D\u00f6y\u00fc\u015f \u0259m\u0259liyyatlar\u0131 noyabr\u0131n 9-d\u0259k davam edib. Bu 44 g\u00fcn \u0259rzind\u0259 Az\u0259rbaycan t\u0259r\u0259f 280-d\u0259k k\u0259ndin, d\u00f6rd q\u0259s\u0259b\u0259nin (Hadrut, Mincivan, A\u011fb\u0259nd, Bartaz), \u015eu\u015fa v\u0259 daha d\u00f6rd \u015f\u0259h\u0259rin (C\u0259bray\u0131l, F\u00fczuli, Z\u0259ngilan, Qubadl\u0131) i\u015f\u011faldan azad edildiyini a\u00e7\u0131qlay\u0131b.\n<\/p>\n<p>\n  Noyabr\u0131n 10-dan 11-n\u0259 ke\u00e7\u0259n gec\u0259 Az\u0259rbaycan, Erm\u0259nistan v\u0259 Rusiya r\u0259hb\u0259rl\u0259ri birg\u0259 b\u0259yanat imzalay\u0131b. M\u00fcharib\u0259nin bitm\u0259sini \u00f6z\u00fcnd\u0259 ehtiva ed\u0259n b\u0259yanatla Rusiya s\u00fclhm\u0259raml\u0131lar\u0131n\u0131n Qaraba\u011fa g\u0259lm\u0259si elan edilib. El\u0259 h\u0259min gec\u0259 s\u00fclhm\u0259raml\u0131lar b\u00f6lg\u0259y\u0259 daxil olub.\n<\/p>\n<p>\n  S\u0259n\u0259d\u0259 g\u00f6r\u0259, Az\u0259rbaycan i\u015f\u011faldan azad etdiyi \u0259razil\u0259rd\u0259 qal\u0131r. Dekabr\u0131n 1-d\u0259k K\u0259lb\u0259c\u0259r, A\u011fdam v\u0259 La\u00e7\u0131n rayonlar\u0131n\u0131n Az\u0259rbaycana qaytar\u0131lmas\u0131 n\u0259z\u0259rd\u0259 tutulurdu. La\u00e7\u0131n d\u0259hlizind\u0259 v\u0259 qo\u015funlar\u0131n t\u0259mas x\u0259ttind\u0259 is\u0259 Rusiya s\u00fclhm\u0259raml\u0131lar\u0131 yerl\u0259\u015fdirilir.\n<\/p>\n<p>\n  Raz\u0131la\u015fmaya uy\u011fun olaraq Az\u0259rbaycan ordusu noyabr\u0131n 20-d\u0259 A\u011fdam rayon m\u0259rk\u0259zin\u0259 daxil olub. Noyabr\u0131n 25-d\u0259 K\u0259lb\u0259c\u0259r, dekabr\u0131n 1-d\u0259 is\u0259 La\u00e7\u0131n rayonu i\u015f\u011faldan azad edilib.<\/p>\n","protected":false},"excerpt":{"rendered":"<p>Bird\u0259f\u0259lik \u00f6d\u0259m\u0259 11.000 (on bir min) manat m\u0259bl\u0259\u011find\u0259 m\u00fc\u0259yy\u0259nl\u0259\u015fdirilib.<\/p>\n","protected":false},"author":11,"featured_media":75547,"comment_status":"closed","ping_status":"open","sticky":false,"template":"","format":"standard","meta":{"_acf_changed":false,"_sitemap_exclude":false,"_sitemap_priority":"","_sitemap_frequency":"","footnotes":""},"categories":[62],"tags":[],"class_list":["post-203853","post","type-post","status-publish","format-standard","has-post-thumbnail","hentry","category-sosial","infinite-scroll-item","generate-columns","tablet-grid-50","mobile-grid-100","grid-parent","grid-33","no-featured-image-padding"],"acf":[],"yoast_head":"<!-- This site is optimized with the Yoast SEO plugin v27.5 - https:\/\/yoast.com\/product\/yoast-seo-wordpress\/ -->\n<title>\u015e\u0259hid ail\u0259l\u0259rin\u0259 v\u0259 qazil\u0259r\u0259 veril\u0259c\u0259k m\u0259bl\u0259\u011f m\u00fc\u0259yy\u0259nl\u0259\u015fib - MEYDAN.TV<\/title>\n<meta name=\"robots\" content=\"index, follow, max-snippet:-1, max-image-preview:large, max-video-preview:-1\" \/>\n<link rel=\"canonical\" href=\"https:\/\/www.meydan.tv\/az\/article\/sehid-ailelerine-ve-qazilere-verilecek-mebleg-mueyyenlesib\/\" \/>\n<meta property=\"og:locale\" content=\"az_AZ\" \/>\n<meta property=\"og:type\" content=\"article\" \/>\n<meta property=\"og:title\" content=\"\u015e\u0259hid ail\u0259l\u0259rin\u0259 v\u0259 qazil\u0259r\u0259 veril\u0259c\u0259k m\u0259bl\u0259\u011f m\u00fc\u0259yy\u0259nl\u0259\u015fib - MEYDAN.TV\" \/>\n<meta property=\"og:description\" content=\"Bird\u0259f\u0259lik \u00f6d\u0259m\u0259 11.000 (on bir min) manat m\u0259bl\u0259\u011find\u0259 m\u00fc\u0259yy\u0259nl\u0259\u015fdirilib.\" \/>\n<meta property=\"og:url\" content=\"https:\/\/www.meydan.tv\/az\/article\/sehid-ailelerine-ve-qazilere-verilecek-mebleg-mueyyenlesib\/\" \/>\n<meta property=\"og:site_name\" content=\"MEYDAN.TV\" \/>\n<meta property=\"article:published_time\" content=\"2020-12-01T13:45:22+00:00\" \/>\n<meta property=\"og:image\" content=\"https:\/\/www.meydan.tv\/wp-content\/uploads\/29219.jpg\" \/>\n\t<meta property=\"og:image:width\" content=\"1875\" \/>\n\t<meta property=\"og:image:height\" content=\"1250\" \/>\n\t<meta property=\"og:image:type\" content=\"image\/jpeg\" \/>\n<meta name=\"author\" content=\"user-manager\" \/>\n<meta name=\"twitter:card\" content=\"summary_large_image\" \/>\n<script type=\"application\/ld+json\" class=\"yoast-schema-graph\">{\"@context\":\"https:\\\/\\\/schema.org\",\"@graph\":[{\"@type\":\"Article\",\"@id\":\"https:\\\/\\\/www.meydan.tv\\\/az\\\/article\\\/sehid-ailelerine-ve-qazilere-verilecek-mebleg-mueyyenlesib\\\/#article\",\"isPartOf\":{\"@id\":\"https:\\\/\\\/www.meydan.tv\\\/az\\\/article\\\/sehid-ailelerine-ve-qazilere-verilecek-mebleg-mueyyenlesib\\\/\"},\"author\":{\"name\":\"user-manager\",\"@id\":\"https:\\\/\\\/www.meydan.tv\\\/az\\\/#\\\/schema\\\/person\\\/10d11eccf6da3662cf5fdab9806ea91a\"},\"headline\":\"\u015e\u0259hid ail\u0259l\u0259rin\u0259 v\u0259 qazil\u0259r\u0259 veril\u0259c\u0259k m\u0259bl\u0259\u011f m\u00fc\u0259yy\u0259nl\u0259\u015fib\",\"datePublished\":\"2020-12-01T13:45:22+00:00\",\"mainEntityOfPage\":{\"@id\":\"https:\\\/\\\/www.meydan.tv\\\/az\\\/article\\\/sehid-ailelerine-ve-qazilere-verilecek-mebleg-mueyyenlesib\\\/\"},\"wordCount\":716,\"publisher\":{\"@id\":\"https:\\\/\\\/www.meydan.tv\\\/az\\\/#organization\"},\"image\":{\"@id\":\"https:\\\/\\\/www.meydan.tv\\\/az\\\/article\\\/sehid-ailelerine-ve-qazilere-verilecek-mebleg-mueyyenlesib\\\/#primaryimage\"},\"thumbnailUrl\":\"https:\\\/\\\/www.meydan.tv\\\/wp-content\\\/uploads\\\/29219.jpg\",\"articleSection\":[\"Sosial\"],\"inLanguage\":\"az\"},{\"@type\":\"WebPage\",\"@id\":\"https:\\\/\\\/www.meydan.tv\\\/az\\\/article\\\/sehid-ailelerine-ve-qazilere-verilecek-mebleg-mueyyenlesib\\\/\",\"url\":\"https:\\\/\\\/www.meydan.tv\\\/az\\\/article\\\/sehid-ailelerine-ve-qazilere-verilecek-mebleg-mueyyenlesib\\\/\",\"name\":\"\u015e\u0259hid ail\u0259l\u0259rin\u0259 v\u0259 qazil\u0259r\u0259 veril\u0259c\u0259k m\u0259bl\u0259\u011f m\u00fc\u0259yy\u0259nl\u0259\u015fib - MEYDAN.TV\",\"isPartOf\":{\"@id\":\"https:\\\/\\\/www.meydan.tv\\\/az\\\/#website\"},\"primaryImageOfPage\":{\"@id\":\"https:\\\/\\\/www.meydan.tv\\\/az\\\/article\\\/sehid-ailelerine-ve-qazilere-verilecek-mebleg-mueyyenlesib\\\/#primaryimage\"},\"image\":{\"@id\":\"https:\\\/\\\/www.meydan.tv\\\/az\\\/article\\\/sehid-ailelerine-ve-qazilere-verilecek-mebleg-mueyyenlesib\\\/#primaryimage\"},\"thumbnailUrl\":\"https:\\\/\\\/www.meydan.tv\\\/wp-content\\\/uploads\\\/29219.jpg\",\"datePublished\":\"2020-12-01T13:45:22+00:00\",\"breadcrumb\":{\"@id\":\"https:\\\/\\\/www.meydan.tv\\\/az\\\/article\\\/sehid-ailelerine-ve-qazilere-verilecek-mebleg-mueyyenlesib\\\/#breadcrumb\"},\"inLanguage\":\"az\",\"potentialAction\":[{\"@type\":\"ReadAction\",\"target\":[\"https:\\\/\\\/www.meydan.tv\\\/az\\\/article\\\/sehid-ailelerine-ve-qazilere-verilecek-mebleg-mueyyenlesib\\\/\"]}]},{\"@type\":\"ImageObject\",\"inLanguage\":\"az\",\"@id\":\"https:\\\/\\\/www.meydan.tv\\\/az\\\/article\\\/sehid-ailelerine-ve-qazilere-verilecek-mebleg-mueyyenlesib\\\/#primaryimage\",\"url\":\"https:\\\/\\\/www.meydan.tv\\\/wp-content\\\/uploads\\\/29219.jpg\",\"contentUrl\":\"https:\\\/\\\/www.meydan.tv\\\/wp-content\\\/uploads\\\/29219.jpg\",\"width\":1875,\"height\":1250,\"caption\":\"Foto: \u018fm\u0259k v\u0259 \u018fhalinin Sosial M\u00fcdafi\u0259si Nazirliyi\"},{\"@type\":\"BreadcrumbList\",\"@id\":\"https:\\\/\\\/www.meydan.tv\\\/az\\\/article\\\/sehid-ailelerine-ve-qazilere-verilecek-mebleg-mueyyenlesib\\\/#breadcrumb\",\"itemListElement\":[{\"@type\":\"ListItem\",\"position\":1,\"name\":\"Ana s\u0259hif\u0259\",\"item\":\"https:\\\/\\\/www.meydan.tv\\\/az\\\/\"},{\"@type\":\"ListItem\",\"position\":2,\"name\":\"Sosial\",\"item\":\"https:\\\/\\\/www.meydan.tv\\\/az\\\/section\\\/sosial\\\/\"},{\"@type\":\"ListItem\",\"position\":3,\"name\":\"\u015e\u0259hid ail\u0259l\u0259rin\u0259 v\u0259 qazil\u0259r\u0259 veril\u0259c\u0259k m\u0259bl\u0259\u011f m\u00fc\u0259yy\u0259nl\u0259\u015fib\"}]},{\"@type\":\"WebSite\",\"@id\":\"https:\\\/\\\/www.meydan.tv\\\/az\\\/#website\",\"url\":\"https:\\\/\\\/www.meydan.tv\\\/az\\\/\",\"name\":\"MEYDAN.TV\",\"description\":\"Meydan TV Az\u0259rbaycan\u0131n media m\u0259kan\u0131ndak\u0131 alternativ s\u0259sidir\",\"publisher\":{\"@id\":\"https:\\\/\\\/www.meydan.tv\\\/az\\\/#organization\"},\"potentialAction\":[{\"@type\":\"SearchAction\",\"target\":{\"@type\":\"EntryPoint\",\"urlTemplate\":\"https:\\\/\\\/www.meydan.tv\\\/az\\\/?s={search_term_string}\"},\"query-input\":{\"@type\":\"PropertyValueSpecification\",\"valueRequired\":true,\"valueName\":\"search_term_string\"}}],\"inLanguage\":\"az\"},{\"@type\":\"Organization\",\"@id\":\"https:\\\/\\\/www.meydan.tv\\\/az\\\/#organization\",\"name\":\"Meydan TV\",\"url\":\"https:\\\/\\\/www.meydan.tv\\\/az\\\/\",\"logo\":{\"@type\":\"ImageObject\",\"inLanguage\":\"az\",\"@id\":\"https:\\\/\\\/www.meydan.tv\\\/az\\\/#\\\/schema\\\/logo\\\/image\\\/\",\"url\":\"https:\\\/\\\/www.meydan.tv\\\/wp-content\\\/uploads\\\/2021\\\/07\\\/meydan-logo.svg\",\"contentUrl\":\"https:\\\/\\\/www.meydan.tv\\\/wp-content\\\/uploads\\\/2021\\\/07\\\/meydan-logo.svg\",\"width\":195,\"height\":46,\"caption\":\"Meydan TV\"},\"image\":{\"@id\":\"https:\\\/\\\/www.meydan.tv\\\/az\\\/#\\\/schema\\\/logo\\\/image\\\/\"}},{\"@type\":\"Person\",\"@id\":\"https:\\\/\\\/www.meydan.tv\\\/az\\\/#\\\/schema\\\/person\\\/10d11eccf6da3662cf5fdab9806ea91a\",\"name\":\"user-manager\"}]}<\/script>\n<!-- \/ Yoast SEO plugin. -->","yoast_head_json":{"title":"\u015e\u0259hid ail\u0259l\u0259rin\u0259 v\u0259 qazil\u0259r\u0259 veril\u0259c\u0259k m\u0259bl\u0259\u011f m\u00fc\u0259yy\u0259nl\u0259\u015fib - MEYDAN.TV","robots":{"index":"index","follow":"follow","max-snippet":"max-snippet:-1","max-image-preview":"max-image-preview:large","max-video-preview":"max-video-preview:-1"},"canonical":"https:\/\/www.meydan.tv\/az\/article\/sehid-ailelerine-ve-qazilere-verilecek-mebleg-mueyyenlesib\/","og_locale":"az_AZ","og_type":"article","og_title":"\u015e\u0259hid ail\u0259l\u0259rin\u0259 v\u0259 qazil\u0259r\u0259 veril\u0259c\u0259k m\u0259bl\u0259\u011f m\u00fc\u0259yy\u0259nl\u0259\u015fib - MEYDAN.TV","og_description":"Bird\u0259f\u0259lik \u00f6d\u0259m\u0259 11.000 (on bir min) manat m\u0259bl\u0259\u011find\u0259 m\u00fc\u0259yy\u0259nl\u0259\u015fdirilib.","og_url":"https:\/\/www.meydan.tv\/az\/article\/sehid-ailelerine-ve-qazilere-verilecek-mebleg-mueyyenlesib\/","og_site_name":"MEYDAN.TV","article_published_time":"2020-12-01T13:45:22+00:00","og_image":[{"width":1875,"height":1250,"url":"https:\/\/www.meydan.tv\/wp-content\/uploads\/29219.jpg","type":"image\/jpeg"}],"author":"user-manager","twitter_card":"summary_large_image","schema":{"@context":"https:\/\/schema.org","@graph":[{"@type":"Article","@id":"https:\/\/www.meydan.tv\/az\/article\/sehid-ailelerine-ve-qazilere-verilecek-mebleg-mueyyenlesib\/#article","isPartOf":{"@id":"https:\/\/www.meydan.tv\/az\/article\/sehid-ailelerine-ve-qazilere-verilecek-mebleg-mueyyenlesib\/"},"author":{"name":"user-manager","@id":"https:\/\/www.meydan.tv\/az\/#\/schema\/person\/10d11eccf6da3662cf5fdab9806ea91a"},"headline":"\u015e\u0259hid ail\u0259l\u0259rin\u0259 v\u0259 qazil\u0259r\u0259 veril\u0259c\u0259k m\u0259bl\u0259\u011f m\u00fc\u0259yy\u0259nl\u0259\u015fib","datePublished":"2020-12-01T13:45:22+00:00","mainEntityOfPage":{"@id":"https:\/\/www.meydan.tv\/az\/article\/sehid-ailelerine-ve-qazilere-verilecek-mebleg-mueyyenlesib\/"},"wordCount":716,"publisher":{"@id":"https:\/\/www.meydan.tv\/az\/#organization"},"image":{"@id":"https:\/\/www.meydan.tv\/az\/article\/sehid-ailelerine-ve-qazilere-verilecek-mebleg-mueyyenlesib\/#primaryimage"},"thumbnailUrl":"https:\/\/www.meydan.tv\/wp-content\/uploads\/29219.jpg","articleSection":["Sosial"],"inLanguage":"az"},{"@type":"WebPage","@id":"https:\/\/www.meydan.tv\/az\/article\/sehid-ailelerine-ve-qazilere-verilecek-mebleg-mueyyenlesib\/","url":"https:\/\/www.meydan.tv\/az\/article\/sehid-ailelerine-ve-qazilere-verilecek-mebleg-mueyyenlesib\/","name":"\u015e\u0259hid ail\u0259l\u0259rin\u0259 v\u0259 qazil\u0259r\u0259 veril\u0259c\u0259k m\u0259bl\u0259\u011f m\u00fc\u0259yy\u0259nl\u0259\u015fib - MEYDAN.TV","isPartOf":{"@id":"https:\/\/www.meydan.tv\/az\/#website"},"primaryImageOfPage":{"@id":"https:\/\/www.meydan.tv\/az\/article\/sehid-ailelerine-ve-qazilere-verilecek-mebleg-mueyyenlesib\/#primaryimage"},"image":{"@id":"https:\/\/www.meydan.tv\/az\/article\/sehid-ailelerine-ve-qazilere-verilecek-mebleg-mueyyenlesib\/#primaryimage"},"thumbnailUrl":"https:\/\/www.meydan.tv\/wp-content\/uploads\/29219.jpg","datePublished":"2020-12-01T13:45:22+00:00","breadcrumb":{"@id":"https:\/\/www.meydan.tv\/az\/article\/sehid-ailelerine-ve-qazilere-verilecek-mebleg-mueyyenlesib\/#breadcrumb"},"inLanguage":"az","potentialAction":[{"@type":"ReadAction","target":["https:\/\/www.meydan.tv\/az\/article\/sehid-ailelerine-ve-qazilere-verilecek-mebleg-mueyyenlesib\/"]}]},{"@type":"ImageObject","inLanguage":"az","@id":"https:\/\/www.meydan.tv\/az\/article\/sehid-ailelerine-ve-qazilere-verilecek-mebleg-mueyyenlesib\/#primaryimage","url":"https:\/\/www.meydan.tv\/wp-content\/uploads\/29219.jpg","contentUrl":"https:\/\/www.meydan.tv\/wp-content\/uploads\/29219.jpg","width":1875,"height":1250,"caption":"Foto: \u018fm\u0259k v\u0259 \u018fhalinin Sosial M\u00fcdafi\u0259si Nazirliyi"},{"@type":"BreadcrumbList","@id":"https:\/\/www.meydan.tv\/az\/article\/sehid-ailelerine-ve-qazilere-verilecek-mebleg-mueyyenlesib\/#breadcrumb","itemListElement":[{"@type":"ListItem","position":1,"name":"Ana s\u0259hif\u0259","item":"https:\/\/www.meydan.tv\/az\/"},{"@type":"ListItem","position":2,"name":"Sosial","item":"https:\/\/www.meydan.tv\/az\/section\/sosial\/"},{"@type":"ListItem","position":3,"name":"\u015e\u0259hid ail\u0259l\u0259rin\u0259 v\u0259 qazil\u0259r\u0259 veril\u0259c\u0259k m\u0259bl\u0259\u011f m\u00fc\u0259yy\u0259nl\u0259\u015fib"}]},{"@type":"WebSite","@id":"https:\/\/www.meydan.tv\/az\/#website","url":"https:\/\/www.meydan.tv\/az\/","name":"MEYDAN.TV","description":"Meydan TV Az\u0259rbaycan\u0131n media m\u0259kan\u0131ndak\u0131 alternativ s\u0259sidir","publisher":{"@id":"https:\/\/www.meydan.tv\/az\/#organization"},"potentialAction":[{"@type":"SearchAction","target":{"@type":"EntryPoint","urlTemplate":"https:\/\/www.meydan.tv\/az\/?s={search_term_string}"},"query-input":{"@type":"PropertyValueSpecification","valueRequired":true,"valueName":"search_term_string"}}],"inLanguage":"az"},{"@type":"Organization","@id":"https:\/\/www.meydan.tv\/az\/#organization","name":"Meydan TV","url":"https:\/\/www.meydan.tv\/az\/","logo":{"@type":"ImageObject","inLanguage":"az","@id":"https:\/\/www.meydan.tv\/az\/#\/schema\/logo\/image\/","url":"https:\/\/www.meydan.tv\/wp-content\/uploads\/2021\/07\/meydan-logo.svg","contentUrl":"https:\/\/www.meydan.tv\/wp-content\/uploads\/2021\/07\/meydan-logo.svg","width":195,"height":46,"caption":"Meydan TV"},"image":{"@id":"https:\/\/www.meydan.tv\/az\/#\/schema\/logo\/image\/"}},{"@type":"Person","@id":"https:\/\/www.meydan.tv\/az\/#\/schema\/person\/10d11eccf6da3662cf5fdab9806ea91a","name":"user-manager"}]}},"_links":{"self":[{"href":"https:\/\/www.meydan.tv\/az\/wp-json\/wp\/v2\/posts\/203853","targetHints":{"allow":["GET"]}}],"collection":[{"href":"https:\/\/www.meydan.tv\/az\/wp-json\/wp\/v2\/posts"}],"about":[{"href":"https:\/\/www.meydan.tv\/az\/wp-json\/wp\/v2\/types\/post"}],"author":[{"embeddable":true,"href":"https:\/\/www.meydan.tv\/az\/wp-json\/wp\/v2\/users\/11"}],"replies":[{"embeddable":true,"href":"https:\/\/www.meydan.tv\/az\/wp-json\/wp\/v2\/comments?post=203853"}],"version-history":[{"count":0,"href":"https:\/\/www.meydan.tv\/az\/wp-json\/wp\/v2\/posts\/203853\/revisions"}],"wp:featuredmedia":[{"embeddable":true,"href":"https:\/\/www.meydan.tv\/az\/wp-json\/wp\/v2\/media\/75547"}],"wp:attachment":[{"href":"https:\/\/www.meydan.tv\/az\/wp-json\/wp\/v2\/media?parent=203853"}],"wp:term":[{"taxonomy":"category","embeddable":true,"href":"https:\/\/www.meydan.tv\/az\/wp-json\/wp\/v2\/categories?post=203853"},{"taxonomy":"post_tag","embeddable":true,"href":"https:\/\/www.meydan.tv\/az\/wp-json\/wp\/v2\/tags?post=203853"}],"curies":[{"name":"wp","href":"https:\/\/api.w.org\/{rel}","templated":true}]}}