{"id":203848,"date":"2020-12-01T11:24:14","date_gmt":"2020-12-01T11:24:14","guid":{"rendered":"https:\/\/www.meydan.tv\/article\/ilham-eliyev-3-ile-lacin-seheri-azerbaycana-qaytarilacaq\/"},"modified":"2020-12-01T11:24:14","modified_gmt":"2020-12-01T11:24:14","slug":"ilham-eliyev-3-ile-lacin-seheri-azerbaycana-qaytarilacaq","status":"publish","type":"post","link":"https:\/\/www.meydan.tv\/az\/article\/ilham-eliyev-3-ile-lacin-seheri-azerbaycana-qaytarilacaq\/","title":{"rendered":"\u0130lham \u018fliyev: 3 il\u0259 La\u00e7\u0131n \u015f\u0259h\u0259ri Az\u0259rbaycana qaytar\u0131lacaq"},"content":{"rendered":"<p>\n  <i><br \/>\n    &quot;Art\u0131q \u201cDa\u011fl\u0131q Qaraba\u011f m\u00fcnaqi\u015f\u0259si\u201d termini arxada qal\u0131b&quot;<br \/>\n  <\/i>\n<\/p>\n<p>\n  \u201cD\u00f6y\u00fc\u015f meydan\u0131nda \u0259ld\u0259 edilmi\u015f parlaq q\u0259l\u0259b\u0259 bu g\u00f6z\u0259l n\u0259tic\u0259y\u0259 g\u0259tirib \u00e7\u0131xartd\u0131 ki, \u00fc\u00e7 rayonumuz \u2013 A\u011fdam, K\u0259lb\u0259c\u0259r v\u0259 La\u00e7\u0131n biz\u0259 qaytar\u0131ld\u0131. Biz bu rayonlar\u0131 bir g\u00fcll\u0259 atmadan, bir \u015f\u0259hid verm\u0259d\u0259n qaytarm\u0131\u015f\u0131q\u201d.\n<\/p>\n<p>\n  Bu a\u00e7\u0131qlaman\u0131 Az\u0259rbaycan Prezidenti \u0130lham \u018fliyev dekabr\u0131n 1-d\u0259 xalqa m\u00fcraci\u0259tind\u0259<br \/>\n  <a href=\"https:\/\/president.az\/articles\/48205\"><br \/>\n    s\u0259sl\u0259ndirib<br \/>\n  <\/a><br \/>\n  .\n<\/p>\n<p>\n  D\u00f6vl\u0259t ba\u015f\u00e7\u0131s\u0131 deyib ki, La\u00e7\u0131n rayonu i\u015f\u011fal olunanda orada t\u0259qrib\u0259n 50 mind\u0259n bir q\u0259d\u0259r \u00e7ox \u0259hali ya\u015fay\u0131b: \u201c\u0130ndi La\u00e7\u0131n rayonunun \u0259halisi 80 min n\u0259f\u0259r\u0259 \u00e7at\u0131b. \u018flb\u0259tt\u0259 ki, la\u00e7\u0131nl\u0131lar\u0131 q\u0131sa m\u00fcdd\u0259t \u0259rzind\u0259 La\u00e7\u0131na qaytarmaq bizim \u0259sas v\u0259zif\u0259l\u0259rimizd\u0259n biri olacaqd\u0131r. H\u0259m\u00e7inin biz \u00e7al\u0131\u015faca\u011f\u0131q ki, ke\u00e7mi\u015f m\u0259cburi k\u00f6\u00e7k\u00fcnl\u0259ri i\u015f\u011faldan azad edilmi\u015f b\u00fct\u00fcn dig\u0259r rayonlar\u0131m\u0131za q\u0131sa m\u00fcdd\u0259t \u0259rzind\u0259 qaytaraq. Haz\u0131rda o yerl\u0259rd\u0259 ya\u015famaq \u00fc\u00e7\u00fcn \u015f\u0259rait yoxdur. Ancaq biz o b\u00f6lg\u0259l\u0259ri, b\u00fct\u00fcn rayonlar\u0131 b\u0259rpa ed\u0259c\u0259yik, v\u0259t\u0259nda\u015flar\u0131m\u0131z\u0131n normal h\u0259yat\u0131 \u00fc\u00e7\u00fcn b\u00fct\u00fcn add\u0131mlar\u0131 ataca\u011f\u0131q. Haz\u0131rda ilk layih\u0259l\u0259r art\u0131q icra edilir. Prezidentin ehtiyat fondundan m\u00fcvafiq v\u0259sait ayr\u0131l\u0131b, F\u00fczuli-\u015eu\u015fa avtomobil yolunun, B\u0259rd\u0259-A\u011fdam d\u0259mir yolunun tikintisi art\u0131q ba\u015flan\u0131b\u201d.\n<\/p>\n<p>\n  <b><br \/>\n    \u201cD\u0259hliz Rusiya s\u00fclhm\u0259raml\u0131 q\u00fcvv\u0259l\u0259rinin n\u0259zar\u0259tin\u0259 verilib\u201d<br \/>\n  <\/b>\n<\/p>\n<p>\n  \u0130lham \u018fliyev rayonun strateji \u0259h\u0259miyy\u0259tind\u0259n d\u0259 dan\u0131\u015f\u0131b: \u201cBu d\u0259hliz Rusiya s\u00fclhm\u0259raml\u0131 q\u00fcvv\u0259l\u0259rinin n\u0259zar\u0259tin\u0259 verilibdir. D\u0259hliz uzun ill\u0259r erm\u0259ni silahl\u0131 q\u00fcvv\u0259l\u0259rinin, i\u015f\u011fal\u00e7\u0131lar\u0131n n\u0259zar\u0259tind\u0259 idi. Noyabr\u0131n 10-da imzalanm\u0131\u015f birg\u0259 b\u0259yanat\u0131n ilkin versiyas\u0131nda bu d\u0259hlizin erm\u0259ni silahl\u0131 q\u00fcvv\u0259l\u0259rinin n\u0259zar\u0259tind\u0259 qalmas\u0131 il\u0259 \u0259laq\u0259dar m\u00fcdd\u0259a var idi. M\u0259n buna etiraz etdim v\u0259 n\u0259tic\u0259d\u0259 bu d\u0259hliz Rusiya s\u00fclhm\u0259raml\u0131 q\u00fcvv\u0259l\u0259rinin n\u0259zar\u0259tin\u0259 verilmi\u015fdir. Hesab edir\u0259m ki, bu, \u00e7ox b\u00f6y\u00fck nailiyy\u0259tdir. La\u00e7\u0131n d\u0259hlizi erm\u0259ni i\u015f\u011fal\u00e7\u0131 q\u00fcvv\u0259l\u0259rind\u0259n t\u0259mizl\u0259nib. Onu da bildirm\u0259liy\u0259m ki, B\u0259yanat\u0131n ilkin versiyas\u0131n\u0131n \u00fcz\u0259rind\u0259 f\u0259al i\u015fl\u0259r gedirdi, x\u00fcsusil\u0259 \u015eu\u015fa \u015f\u0259h\u0259ri i\u015f\u011faldan azad olunandan sonra q\u0131sa m\u00fcdd\u0259t \u0259rzind\u0259. B\u0259yanat\u0131n ilkin versiyas\u0131nda biz\u0259 t\u0259klif edilirdi ki, La\u00e7\u0131n d\u0259hlizinin eni 30 kilometr olsun. M\u0259n buna q\u0259ti etiraz etdim v\u0259 dedim ki, Erm\u0259nistan t\u0259r\u0259finin bu iddias\u0131 tamamil\u0259 \u0259sass\u0131zd\u0131r. D\u0259hliz \u00e7\u0259r\u00e7iv\u0259sind\u0259 t\u0259hl\u00fck\u0259sizlik t\u0259dbirl\u0259rini t\u0259min etm\u0259k \u00fc\u00e7\u00fcn bu q\u0259d\u0259r geni\u015f d\u0259hliz\u0259 ehtiyac yoxdur. Ona g\u00f6r\u0259 m\u0259n bunu tamamil\u0259 q\u0259buledilm\u0259z t\u0259klif kimi hesab etdim v\u0259 \u00f6z fikrimi bildirdim. Ondan sonra ikinci variantda La\u00e7\u0131n d\u0259hlizinin eni 10 kilometr n\u0259z\u0259rd\u0259 tutulurdu. Buna da m\u0259n raz\u0131l\u0131q verm\u0259dim v\u0259 n\u0259tic\u0259d\u0259 5 kilometr eni olan d\u0259hliz haqq\u0131nda raz\u0131l\u0131q \u0259ld\u0259 edildi. Be\u015f kilometr h\u0259m bizim \u00fc\u00e7\u00fcn, h\u0259m Da\u011fl\u0131q Qaraba\u011fda ya\u015fayan erm\u0259nil\u0259r \u00fc\u00e7\u00fcn v\u0259 t\u0259hl\u00fck\u0259sizliyi t\u0259min etm\u0259k \u00fc\u00e7\u00fcn kifay\u0259t q\u0259d\u0259r m\u0259saf\u0259ni \u0259hat\u0259 edir\u201d.\n<\/p>\n<p>\n  <b><br \/>\n    \u201cLa\u00e7\u0131nda 10 min\u0259 yax\u0131n insan ya\u015fay\u0131rd\u0131\u201d<br \/>\n  <\/b>\n<\/p>\n<p>\n  \u018fvv\u0259lki ill\u0259rd\u0259 apar\u0131lan dan\u0131\u015f\u0131qlara toxunan \u00f6lk\u0259 ba\u015f\u00e7\u0131s\u0131 bildirib ki, Erm\u0259nistan t\u0259r\u0259fi b\u00fct\u00fcn La\u00e7\u0131n rayonunun onlara d\u0259hliz kimi verilm\u0259sini ist\u0259yirdi:\n<\/p>\n<p>\n  \u201c\u018ffsuslar olsun ki, b\u0259zi Q\u0259rb dair\u0259l\u0259ri bu m\u00f6vqeyi d\u0259st\u0259kl\u0259yirdi. Bu da Erm\u0259nistan\u0131n m\u00f6vqeyini daha bar\u0131\u015fmaz edirdi v\u0259 dem\u0259k olar ki, d\u00fc\u015fm\u0259n tamamil\u0259 az\u011f\u0131nla\u015fm\u0131\u015fd\u0131. Bunun n\u0259tic\u0259sind\u0259, m\u0259hz La\u00e7\u0131n rayonunda \u00e7ox ciddi m\u0259skunla\u015fma siyas\u0259ti apar\u0131l\u0131rd\u0131. \u0130\u015f\u011faldan azad edilmi\u015f dig\u0259r yerl\u0259rd\u0259 qanunsuz m\u0259skunla\u015fma ba\u015f verirdi, amma bu d\u0259r\u0259c\u0259d\u0259 yox, bu h\u0259cmd\u0259 yox. Misal \u00fc\u00e7\u00fcn, \u0259g\u0259r A\u011fdam, F\u00fczuli, C\u0259bray\u0131l, Z\u0259ngilan, Qubadl\u0131 rayonlar\u0131na baxsaq, orada daha \u00e7ox h\u0259rbi hiss\u0259l\u0259r yerl\u0259\u015firdi. \u00c7\u00fcnki orada b\u00fct\u00fcn evl\u0259r, binalar m\u0259nfur d\u00fc\u015fm\u0259n t\u0259r\u0259find\u0259n da\u011f\u0131d\u0131lm\u0131\u015fd\u0131. Orada h\u0259rb\u00e7il\u0259r, onlar\u0131n ail\u0259 \u00fczvl\u0259ri ya\u015fay\u0131rd\u0131 v\u0259 \u00e7ox az sayda m\u00fclki \u0259hali ya\u015fay\u0131rd\u0131. Xaricd\u0259n g\u0259tiril\u0259n erm\u0259nil\u0259r oraya g\u00f6nd\u0259rilmirdi. La\u00e7\u0131n rayonu is\u0259 art\u0131q Erm\u0259nistan t\u0259r\u0259find\u0259n \u00e7ox ciddi d\u0259r\u0259c\u0259d\u0259 n\u0259zar\u0259t\u0259 al\u0131nm\u0131\u015fd\u0131 v\u0259 orada \u00e7ox b\u00f6y\u00fck m\u0259skunla\u015fma proqram\u0131 icra edilmi\u015fdi. Orada minl\u0259rl\u0259 insan ya\u015fay\u0131rd\u0131 v\u0259 b\u0259zi m\u0259lumatlara g\u00f6r\u0259, b\u0259lk\u0259 d\u0259, 10 min\u0259 yax\u0131n insan ya\u015fay\u0131rd\u0131. Y\u0259ni Erm\u0259nistan r\u0259hb\u0259rliyind\u0259 La\u00e7\u0131n rayonunu Az\u0259rbaycana qaytarmaq fikri olmay\u0131b. Dan\u0131\u015f\u0131qlar prosesi il\u0259 \u0259laq\u0259dar onu da bildirm\u0259liy\u0259m, &#8211; ist\u0259yir\u0259m Az\u0259rbaycan xalq\u0131 bu m\u0259lumat\u0131 m\u0259nd\u0259n e\u015fitsin, &#8211; t\u0259sad\u00fcfi deyil ki, i\u015f\u011falda olan rayonlar\u0131n Az\u0259rbaycana qaytar\u0131lmas\u0131 m\u0259s\u0259l\u0259si dan\u0131\u015f\u0131qlar\u0131n m\u0259rk\u0259zind\u0259 yerl\u0259\u015firdi. Bu, bizim m\u00f6vqeyimiz idi. Ancaq burada da m\u0259rh\u0259l\u0259li h\u0259ll n\u0259z\u0259rd\u0259 tutulurdu. Biz d\u0259 bunun t\u0259r\u0259fdar\u0131 idik. Birinci m\u0259rh\u0259l\u0259d\u0259 5 rayonun Az\u0259rbaycana qaytar\u0131lmas\u0131, ikinci m\u0259rh\u0259l\u0259d\u0259 is\u0259 La\u00e7\u0131n d\u0259hlizi istisna olmaq \u015f\u0259rti il\u0259 K\u0259lb\u0259c\u0259r v\u0259 La\u00e7\u0131n rayonunun Az\u0259rbaycana qaytar\u0131lmas\u0131. Erm\u0259nistan t\u0259r\u0259fi h\u0259r d\u0259f\u0259 m\u0259s\u0259l\u0259 qald\u0131r\u0131rd\u0131 ki, \u0259g\u0259r bu 7 rayon Az\u0259rbaycana qaytar\u0131lacaqsa, m\u00fctl\u0259q Da\u011fl\u0131q Qaraba\u011f\u0131n statusu eyni vaxtda \u00f6z h\u0259llini tapmal\u0131d\u0131r. O ba\u015fqa m\u0259s\u0259l\u0259dir ki, Erm\u0259nistan, sad\u0259c\u0259 olaraq, dan\u0131\u015f\u0131qlarda i\u015ftirak ed\u0259r\u0259k imitasiya il\u0259 m\u0259\u015f\u011ful idi v\u0259 he\u00e7 bir rayonu biz\u0259 qaytarmaq fikrind\u0259 deyildi. Ancaq ist\u0259nil\u0259n halda onlar\u0131n m\u00f6vqeyi bel\u0259 idi ki, 5 rayon qaytar\u0131la bil\u0259r, amma La\u00e7\u0131n v\u0259 K\u0259lb\u0259c\u0259r rayonlar\u0131n\u0131n Az\u0259rbaycana qaytar\u0131lmas\u0131 \u00fc\u00e7\u00fcn Az\u0259rbaycan Da\u011fl\u0131q Qaraba\u011f\u0131n m\u00fcst\u0259qilliyini ya tan\u0131mal\u0131d\u0131r, ya da ki, orada ke\u00e7iril\u0259c\u0259k s\u0259sverm\u0259ni tan\u0131mal\u0131d\u0131r, s\u0259sverm\u0259 \u00fc\u00e7\u00fcn tarix m\u00fc\u0259yy\u0259n edilm\u0259lidir. Da\u011fl\u0131q Qaraba\u011fa m\u00fcst\u0259qillik veril\u0259rs\u0259, o zaman Erm\u0259nistan K\u0259lb\u0259c\u0259r v\u0259 La\u00e7\u0131n rayonlar\u0131n\u0131 Az\u0259rbaycana qaytaracaq, ancaq La\u00e7\u0131n d\u0259hlizi Erm\u0259nistana veril\u0259c\u0259kdi, \u00f6z\u00fc d\u0259 d\u0259hlizin eni m\u00fc\u0259yy\u0259n edilm\u0259mi\u015fdi. Bax, bu idi dan\u0131\u015f\u0131qlar masas\u0131nda olan m\u0259s\u0259l\u0259l\u0259r. 17 ild\u0259 d\u0259f\u0259l\u0259rl\u0259 biz\u0259 m\u00fcxt\u0259lif yerl\u0259rd\u0259n, xarici dair\u0259l\u0259rd\u0259n bel\u0259 siqnallar g\u0259lirdi ki, indi be\u015f rayonu al\u0131n, bununla da kifay\u0259tl\u0259nin. Siz m\u00fcharib\u0259d\u0259 m\u0259\u011flubiyy\u0259t\u0259 u\u011fram\u0131s\u0131n\u0131z, Erm\u0259nistan m\u00fcharib\u0259d\u0259, &#8211; Birinci Qaraba\u011f m\u00fcharib\u0259si n\u0259z\u0259rd\u0259 tutulurdu, &#8211; q\u0259l\u0259b\u0259 qazan\u0131b. Siz reall\u0131qlarla raz\u0131la\u015f\u0131n. \u0130ndi be\u015f rayon ki, siz\u0259 v\u0259d verilir, o da b\u00f6y\u00fck \u015feydir, siz onu al\u0131rs\u0131n\u0131z, La\u00e7\u0131n, K\u0259lb\u0259c\u0259r d\u0259 qals\u0131n sonraya, siz n\u0259 vaxt m\u00fcst\u0259qillik vers\u0259niz Da\u011fl\u0131q Qaraba\u011fa, o vaxt da o rayonlar\u0131n bir hiss\u0259si siz\u0259 qay\u0131da bil\u0259r. M\u0259n is\u0259 h\u0259mi\u015f\u0259 deyirdim ki, La\u00e7\u0131n, K\u0259lb\u0259c\u0259r v\u0259 \u015eu\u015fa Az\u0259rbaycana qay\u0131tmasa, he\u00e7 bir raz\u0131la\u015fma ola bilm\u0259z. M\u0259nim m\u00f6vqeyim xarici \u00f6lk\u0259l\u0259rd\u0259 bir \u00e7oxlar\u0131n\u0131 q\u0131c\u0131qland\u0131r\u0131rd\u0131\u201d.\n<\/p>\n<p>\n  <b><br \/>\n    \u201cRaz\u0131la\u015fman\u0131 pozmaq ist\u0259y\u0259nl\u0259r var\u201d<br \/>\n  <\/b>\n<\/p>\n<p>\n  \u0130lham \u018fliyevin s\u00f6zl\u0259rin\u0259 g\u00f6r\u0259, \u00fc\u00e7t\u0259r\u0259fli B\u0259yanata kims\u0259 m\u00fcdaxil\u0259 etm\u0259k ist\u0259s\u0259, Az\u0259rbaycan\u0131n s\u0259rt m\u00f6vqeyini g\u00f6r\u0259c\u0259k: \u201cBel\u0259 c\u0259hdl\u0259r var. Bu c\u0259hdl\u0259rin bir m\u0259qs\u0259di var ki, bu raz\u0131la\u015fma pozulsun. \u00c7\u00fcnki bu raz\u0131la\u015fma b\u0259zil\u0259rini \u00e7ox q\u0131c\u0131qland\u0131r\u0131r ki, art\u0131q burada yeni t\u0259hl\u00fck\u0259sizlik format\u0131 yaran\u0131bd\u0131r. T\u00fcrkiy\u0259-Rusiya Birg\u0259 M\u0259rk\u0259zinin yarad\u0131lmas\u0131 b\u0259yanatda t\u0259sbit edilib. Eyni zamanda, burada t\u0259hl\u00fck\u0259sizlik t\u0259dbirl\u0259rinin g\u00f6r\u00fclm\u0259si v\u0259 B\u0259yanat\u0131n m\u00fcdd\u0259alar\u0131n\u0131n icra edilm\u0259si b\u0259zil\u0259rini q\u0131c\u0131qland\u0131r\u0131r. Ancaq bizim i\u015fimiz\u0259, \u0259ld\u0259 edilmi\u015f raz\u0131la\u015fmaya he\u00e7 kim m\u00fcdaxil\u0259 ed\u0259 bilm\u0259z. Raz\u0131la\u015fma icra edilir v\u0259 icra edilm\u0259lidir. Bir daha dem\u0259k ist\u0259yir\u0259m ki, biz yeni reall\u0131q yaratd\u0131q, q\u0259l\u0259b\u0259 \u00e7ald\u0131q, d\u00fc\u015fm\u0259nin ba\u015f\u0131n\u0131 \u0259z\u0259r\u0259k, d\u00fc\u015fm\u0259ni torpaqlar\u0131m\u0131zdan qovaraq yeni reall\u0131q yaratd\u0131q. H\u0259r k\u0259s bu reall\u0131qla bar\u0131\u015facaq, m\u0259cbur olub bar\u0131\u015facaq, nec\u0259 ki, Erm\u0259nistan bar\u0131\u015fd\u0131. Bu B\u0259yanat\u0131n alt\u0131nda Pa\u015finyan\u0131n imzas\u0131 var. Bunu o imzalay\u0131b, m\u0259cbur olub. O, \u0259slind\u0259, kapitulyasiya akt\u0131na \u00f6z imzas\u0131n\u0131 qoyub. Erm\u0259nistan ya tamamil\u0259 m\u0259hv olacaqd\u0131, ya da ki imzalayacaqd\u0131. Ba\u015fqas\u0131n\u0131n buna n\u0259 d\u0259xli var? H\u0259r k\u0259s getsin \u00f6z i\u015fi il\u0259 m\u0259\u015f\u011ful olsun\u201d.\n<\/p>\n<p>\n  D\u00f6vl\u0259t ba\u015f\u00e7\u0131s\u0131 bildirib ki, Az\u0259rbaycann\u0131n t\u0259qrib\u0259n 5 min kvadrat kilometr\u0259 yax\u0131n \u0259razisi d\u00f6y\u00fc\u015f meydan\u0131nda azad edilib: \u201cEyni zamanda, t\u0259xmin\u0259n bir o q\u0259d\u0259r \u2013 5 min kvadrat kilometr\u0259 yax\u0131n \u0259razini art\u0131q s\u00fclh yolu il\u0259 qaytard\u0131q. \u018flb\u0259tt\u0259, buna s\u00fclh yolu il\u0259 qaytarmaq dem\u0259k olmaz. Biz d\u00fc\u015fm\u0259ni m\u0259cbur etdik v\u0259 d\u00fc\u015fm\u0259n art\u0131q u\u00e7urum k\u0259nar\u0131nda idi, tamamil\u0259 m\u0259hv olurdu. Onun ba\u015fqa yolu yox idi, ya tamamil\u0259 m\u0259hv olacaqd\u0131, ya da ki, kapitulyasiya akt\u0131na imza atacaqd\u0131\u201d.\n<\/p>\n<p>\n  <b><br \/>\n    \u201cLa\u00e7\u0131n i\u015f\u011fala m\u0259ruz qalanda Bak\u0131da hakimiyy\u0259t u\u011frunda m\u00fcbariz\u0259 gedirdi\u201d<br \/>\n  <\/b>\n<\/p>\n<p>\n  \u018fliyev La\u00e7\u0131n rayonunun i\u015f\u011fal alt\u0131na d\u00fc\u015fm\u0259sini \u201cb\u00f6y\u00fck faci\u0259\u201d adland\u0131r\u0131b:\n<\/p>\n<p>\n  \u201cM\u0259n bir daha dem\u0259k ist\u0259yir\u0259m ki, h\u0259r bir rayonun i\u015f\u011fal alt\u0131na d\u00fc\u015fm\u0259si faci\u0259 idi. Amma La\u00e7\u0131n rayonunun i\u015f\u011fal\u0131 imkan verdi ki, art\u0131q Erm\u0259nistan il\u0259 Da\u011fl\u0131q Qaraba\u011f aras\u0131nda yol ba\u011flant\u0131s\u0131 olsun. 1992-ci ilin may ay\u0131nda \u015eu\u015fan\u0131n i\u015f\u011fal\u0131ndan bir ne\u00e7\u0259 g\u00fcn sonra La\u00e7\u0131n\u0131n i\u015f\u011fal alt\u0131na d\u00fc\u015fm\u0259si b\u00f6y\u00fck itkimiz idi. Art\u0131q Erm\u0259nistan bu d\u0259hliz vasit\u0259sil\u0259 silah-sursat, canl\u0131 q\u00fcvv\u0259 g\u00f6nd\u0259rirdi. \u018flb\u0259tt\u0259 ki, bu, b\u00f6y\u00fck itkil\u0259r\u0259 g\u0259tirib \u00e7\u0131xard\u0131. Ondan t\u0259xmin\u0259n bir il sonra K\u0259lb\u0259c\u0259r rayonu i\u015f\u011fal alt\u0131na d\u00fc\u015fd\u00fc. Dem\u0259k olar ki, b\u00fct\u00fcn bunlar sonrak\u0131 i\u015f\u011fal \u00fc\u00e7\u00fcn z\u0259min yaratd\u0131. Onu da bir daha dem\u0259k ist\u0259yir\u0259m ki, La\u00e7\u0131n rayonu i\u015f\u011fala m\u0259ruz qalanda Bak\u0131da hakimiyy\u0259t u\u011frunda m\u00fcbariz\u0259 gedirdi. Bu m\u00fcbariz\u0259ni aparanlar La\u00e7\u0131n\u0131, \u015eu\u015fan\u0131, K\u0259lb\u0259c\u0259ri d\u00fc\u015fm\u0259n\u0259 satd\u0131lar, dem\u0259k olar ki, Az\u0259rbaycan d\u00f6vl\u0259t\u00e7iliyini u\u00e7urum k\u0259nar\u0131na qoydular. Biz b\u00fct\u00fcn bu tarixi yax\u015f\u0131 xat\u0131rlay\u0131r\u0131q\u201d.\n<\/p>\n<p>\n  <b><br \/>\n    \u201cDa\u011fl\u0131q Qaraba\u011fda ya\u015fayan erm\u0259nil\u0259r v\u0259 az\u0259rbaycanl\u0131lar g\u00fcn g\u0259l\u0259c\u0259k yen\u0259 yax\u015f\u0131 qon\u015fuluq \u015f\u0259raitind\u0259 ya\u015fayacaqlar\u201d<br \/>\n  <\/b>\n<\/p>\n<p>\n  Prezidentin q\u0259na\u0259tinc\u0259, art\u0131q Da\u011fl\u0131q Qaraba\u011f m\u00fcnaqi\u015f\u0259si yoxdur:\n<\/p>\n<p>\n  \u201c\u018fg\u0259r kims\u0259 hesab edir ki, bu m\u00fcnaqi\u015f\u0259 h\u0259l\u0259 d\u0259 davam edir, s\u0259hv edir. Bu g\u00fcn Da\u011fl\u0131q Qaraba\u011fda ya\u015fayan insanlar Az\u0259rbaycan v\u0259t\u0259nda\u015flar\u0131d\u0131r. M\u0259n bir daha dem\u0259k ist\u0259yir\u0259m, onlar g\u00f6r\u0259c\u0259kl\u0259r ki, vahid Az\u0259rbaycan d\u00f6vl\u0259ti \u00e7\u0259r\u00e7iv\u0259sind\u0259 onlar\u0131n ya\u015fay\u0131\u015f\u0131 yax\u015f\u0131 olacaq. Onlar bu s\u0259fal\u0259td\u0259n canlar\u0131n\u0131 qurtaracaqlar. Bax\u0131n, biz indi B\u0259rd\u0259d\u0259n A\u011fdama d\u0259mir yolu \u00e7\u0259kirik. A\u011fdamdan Xank\u0259ndiy\u0259 m\u0259saf\u0259 20-30 kilometrdir. Amma Erm\u0259nistan paytaxt\u0131ndan Xank\u0259ndiy\u0259 g\u0259lm\u0259k \u00fc\u00e7\u00fcn ne\u00e7\u0259 saat vaxt s\u0259rf etm\u0259k laz\u0131md\u0131r &#8211; y\u00fck ma\u015f\u0131nlar\u0131 il\u0259 b\u0259lk\u0259 d\u0259 on saat. \u00d6z\u00fc d\u0259 \u00e7\u0259tin da\u011f yollar\u0131 il\u0259. A\u011fdamdan is\u0259 Xank\u0259ndiy\u0259 yar\u0131m saat. Bu g\u00fcn Da\u011fl\u0131q Qaraba\u011fda ya\u015fayan erm\u0259nil\u0259r v\u0259 m\u00fctl\u0259q oraya qay\u0131dacaq az\u0259rbaycanl\u0131lar g\u00fcn g\u0259l\u0259c\u0259k yen\u0259 yax\u015f\u0131 qon\u015fuluq \u015f\u0259raitind\u0259 ya\u015fayacaqlar. Burada logistik m\u0259s\u0259l\u0259l\u0259r var, n\u0259qliyyat m\u0259s\u0259l\u0259l\u0259ri var, enerji t\u0259hl\u00fck\u0259sizliyi var. Biz b\u00fct\u00fcn bu m\u0259s\u0259l\u0259l\u0259ri n\u0259z\u0259rd\u0259n ke\u00e7ir\u0259c\u0259yik. Erm\u0259nistan r\u0259hb\u0259rliyind\u0259n f\u0259rqli olaraq, bizim strateji bax\u0131\u015flar\u0131m\u0131z var, bunlar art\u0131q formala\u015f\u0131b. Biz m\u0259qs\u0259d\u0259 \u00e7atmaq \u00fc\u00e7\u00fcn ard\u0131c\u0131l sur\u0259td\u0259 gedirik. Erm\u0259nistan r\u0259hb\u0259rliyinin h\u0259tta Erm\u0259nistan-Az\u0259rbaycan Da\u011fl\u0131q Qaraba\u011f m\u00fcnaqi\u015f\u0259si il\u0259 ba\u011fl\u0131 he\u00e7 bir bax\u0131\u015f\u0131 yox idi. Onlar \u00f6zl\u0259ri bilmirdil\u0259r n\u0259 ist\u0259yirl\u0259r. Gah deyirdil\u0259r ki, Da\u011fl\u0131q Qaraba\u011f \u201cm\u00fcst\u0259qil d\u00f6vl\u0259t\u201ddir. Gah deyirdil\u0259r ki, \u201cDa\u011fl\u0131q Qaraba\u011f Erm\u0259nistan\u201dd\u0131r. Bu t\u0259zadl\u0131 fikirl\u0259r bir-biri il\u0259 nec\u0259 uzla\u015fa bil\u0259r? Bu, n\u0259yi g\u00f6st\u0259rir? Onu g\u00f6st\u0259rir ki, Erm\u0259nistan r\u0259hb\u0259rliyi savads\u0131z, siyas\u0259td\u0259n ba\u015f\u0131 \u00e7\u0131xmayan insanlardan ibar\u0259tdir. Yax\u015f\u0131, bu, m\u00fcst\u0259qil d\u00f6vl\u0259tdirs\u0259, onda s\u0259nin ordun orada n\u0259 i\u015f g\u00f6r\u00fcr? \u018fg\u0259r bu, m\u00fcst\u0259qil d\u00f6vl\u0259tdirs\u0259, &#8211; hans\u0131 ki he\u00e7 kim tan\u0131may\u0131b, el\u0259 birinci Erm\u0259nistan tan\u0131may\u0131b, &#8211; o nec\u0259 ola bil\u0259r ki, Da\u011fl\u0131q Qaraba\u011f Erm\u0259nistan\u0131n Ba\u015f nazirinin s\u00f6zl\u0259ri il\u0259 des\u0259k, \u201cErm\u0259nistand\u0131r v\u0259 n\u00f6qt\u0259\u201d. Ona g\u00f6r\u0259 onlar\u0131n bu m\u0259s\u0259l\u0259 il\u0259 ba\u011fl\u0131 da a\u00e7\u0131q-ayd\u0131n fikri yox idi\u201d.\n<\/p>\n<p>\n  <b><br \/>\n    \u201cFransa parlamentinin bizim m\u0259s\u0259l\u0259 il\u0259 \u0259laq\u0259dar n\u0259 i\u015fi var?\u201d<br \/>\n  <\/b>\n<\/p>\n<p>\n  \u0130lham \u018fliyev bildirib ki, o, hakimiyy\u0259t\u0259 g\u0259l\u0259nd\u0259n sonra ilk m\u0259rh\u0259l\u0259d\u0259 m\u00fcnaqi\u015f\u0259nin h\u0259lli il\u0259 ba\u011fl\u0131 \u00fcmidl\u0259ri olub:\n<\/p>\n<p>\n  \u201c\u00c7\u00fcnki dan\u0131\u015f\u0131qlar m\u00fc\u0259yy\u0259n d\u0259r\u0259c\u0259d\u0259 gedirdi. Ki\u00e7ik olsa da, b\u0259zi t\u0259r\u0259qqi \u0259ld\u0259 edilmi\u015fdi, baza prinsipl\u0259ri \u0259sas\u0131nda m\u00fc\u0259yy\u0259n add\u0131mlar at\u0131lm\u0131\u015fd\u0131. \u0130\u015f\u011fal edilmi\u015f torpaqlar\u0131n geri qaytar\u0131lmas\u0131 m\u0259s\u0259l\u0259si bizi qane edirdi. Ancaq xalqlar\u0131n \u00f6z m\u00fcq\u0259dd\u0259rat\u0131 prinsipinin \u0259razi b\u00fct\u00f6vl\u00fcy\u00fc prinsipi il\u0259 b\u0259rab\u0259r s\u0259viyy\u0259d\u0259 tutulmas\u0131 bizi qane etmirdi. Amma son ill\u0259r m\u0259nim d\u0259, nec\u0259 ki, Az\u0259rbaycan xalq\u0131n\u0131n \u0259ks\u0259r hiss\u0259sinin b\u00fct\u00fcn \u00fcmidl\u0259ri art\u0131q t\u00fck\u0259nmi\u015fdi. Sad\u0259c\u0259 olaraq, m\u0259n demi\u015fdim, bir daha dem\u0259k ist\u0259yir\u0259m ki, n\u0259 vaxt n\u0259yi etm\u0259k laz\u0131md\u0131r, nec\u0259 etm\u0259k laz\u0131md\u0131r, hans\u0131 m\u0259qamda n\u0259yi etm\u0259k laz\u0131md\u0131r, h\u0259r \u015fey g\u0259r\u0259k \u00f6l\u00e7\u00fcl\u00fcb-bi\u00e7ilsin. El\u0259 z\u0259rb\u0259 vurmal\u0131y\u0131q ki, d\u00fc\u015fm\u0259n o z\u0259rb\u0259d\u0259n ay\u0131lmas\u0131n. El\u0259 z\u0259rb\u0259 vurmal\u0131y\u0131q ki, d\u00fc\u015fm\u0259n bundan sonra daha ba\u015f qald\u0131rmas\u0131n. Bu m\u00fcharib\u0259 bizim \u015fanl\u0131 Q\u0259l\u0259b\u0259mizdir. Amma g\u0259lib bizd\u0259n t\u0259l\u0259b etm\u0259k ki, tarixi, h\u00fcquqi Az\u0259rbaycan torpa\u011f\u0131nda erm\u0259ni d\u00f6vl\u0259ti yarad\u0131ls\u0131n, bu, hans\u0131 m\u0259ntiq\u0259 s\u0131\u011f\u0131r? He\u00e7 bir m\u0259ntiq\u0259, he\u00e7 bir \u0259dal\u0259t\u0259 s\u0131\u011fm\u0131r. Sizin bizim torpa\u011f\u0131m\u0131zda n\u0259 i\u015finiz var? Min kilometrl\u0259rl\u0259 m\u0259saf\u0259d\u0259 yerl\u0259\u015f\u0259n \u00f6lk\u0259l\u0259r, indi qanunlar q\u0259bul edirl\u0259r, parlamentl\u0259r bu m\u0259s\u0259l\u0259ni m\u00fczakir\u0259 edirl\u0259r. N\u0259 i\u015fi var Fransa parlamentinin bizim m\u0259s\u0259l\u0259 il\u0259 \u0259laq\u0259dar? Ne\u00e7\u0259 ildir Fransa Minsk qrupunun h\u0259ms\u0259dridir? Da\u015f\u0131 da\u015f \u00fcst\u0259 qoyub? Bir m\u0259s\u0259l\u0259nin h\u0259lli \u00fc\u00e7\u00fcn praktiki add\u0131m at\u0131b? \u0130ndi m\u0259s\u0259l\u0259 h\u0259ll olunandan sonra g\u00f6r\u00fcn n\u0259l\u0259r ba\u015f verir? Fransa Senat\u0131 q\u0259tnam\u0259 q\u0259bul edir ki, Da\u011fl\u0131q Qaraba\u011f tan\u0131ns\u0131n. Sizin onlardan xo\u015funuz g\u0259lirs\u0259, m\u0259n m\u00fcharib\u0259 d\u00f6vr\u00fcnd\u0259 demi\u015fdim, verin Marsel \u015f\u0259h\u0259rini, onun ad\u0131n\u0131 d\u0259yi\u015fdirin, onlara orada ikinci d\u00f6vl\u0259t yarad\u0131n. Amma bizim i\u015fimiz\u0259 he\u00e7 kim qar\u0131\u015fa bilm\u0259z. Bir daha dem\u0259k ist\u0259yir\u0259m ki, art\u0131q \u201cDa\u011fl\u0131q Qaraba\u011f m\u00fcnaqi\u015f\u0259si\u201d termini arxada qal\u0131b. M\u0259sl\u0259h\u0259t g\u00f6rm\u00fcr\u0259m ki, bu termin art\u0131q dill\u0259rd\u0259 olsun. Ancaq tarix haqq\u0131nda dan\u0131\u015fanda, \u0259lb\u0259tt\u0259 ki, bu termind\u0259n istifad\u0259 etm\u0259k olar\u201d.\n<\/p>\n<p>\n  <b><br \/>\n    \u201cYeni d\u0259hlizin parametrl\u0259ri m\u00fc\u0259yy\u0259n olunandan sonra La\u00e7\u0131n \u015f\u0259h\u0259ri d\u0259 biz\u0259 qaytar\u0131lacaq\u201d<br \/>\n  <\/b>\n<\/p>\n<p>\n  Noyabr\u0131n 10-da imzalanan \u00fc\u00e7t\u0259r\u0259fli b\u0259yanat\u0131n detallar\u0131 haqq\u0131nda dan\u0131\u015fan \u0130lham \u018fliyev deyib ki, s\u0259n\u0259d 9 yox, 10 noyabrda imzalan\u0131b:\n<\/p>\n<p>\n  \u201cBizim Rusiya il\u0259 bir saat f\u0259rqimiz var. Y\u0259qin ki, bu uy\u011funsuzluq buna g\u00f6r\u0259dir. Ona g\u00f6r\u0259, noyabr\u0131n 10-da imzalanm\u0131\u015f B\u0259yanat icra edilir. Bu g\u00fcn is\u0259 art\u0131q m\u00fcnaqi\u015f\u0259 arxada qalandan sonra bu B\u0259yanat\u0131n icras\u0131n\u0131 \u015f\u0259rh etm\u0259k ist\u0259rdim. Dem\u0259li, birinci b\u0259ndd\u0259 g\u00f6st\u0259ril\u0259n m\u0259s\u0259l\u0259l\u0259r art\u0131q t\u0259min edilib. Noyabr\u0131n 10-dan ba\u015flayaraq at\u0259\u015fk\u0259s t\u0259min edilibdir. H\u0259rd\u0259nbir Erm\u0259nistan t\u0259r\u0259find\u0259n at\u0259\u015fk\u0259sin pozulmas\u0131 hallar\u0131 olur. Biz is\u0259 layiqli cavab veririk. Ancaq Az\u0259rbaycan t\u0259r\u0259find\u0259n at\u0259\u015fk\u0259sin pozulmas\u0131 hallar\u0131 olmay\u0131b. \u0130kinci b\u0259ndd\u0259 g\u00f6st\u0259rilir ki, noyabr\u0131n 20-d\u0259 A\u011fdam rayonu Az\u0259rbaycana qaytar\u0131l\u0131r. Bu, t\u0259min edildi. \u00dc\u00e7\u00fcnc\u00fc b\u0259ndd\u0259 g\u00f6st\u0259rilir ki, Da\u011fl\u0131q Qaraba\u011fda t\u0259mas x\u0259tti v\u0259 La\u00e7\u0131n d\u0259hlizi boyu Rusiya Federasiyas\u0131n\u0131n 1960 sayda odlu silahl\u0131 h\u0259rbi qulluq\u00e7usundan, 90 zirehli h\u0259rbi texnikas\u0131ndan, 380 \u0259d\u0259d avtomobil v\u0259 x\u00fcsusi texnikadan ibar\u0259t s\u00fclhm\u0259raml\u0131 kontingenti yerl\u0259\u015fdirilir. Bu, t\u0259min edildi. D\u00f6rd\u00fcnc\u00fc b\u0259ndd\u0259 g\u00f6st\u0259rilir ki, bu B\u0259yanat\u0131n m\u00fcdd\u0259ti 5 ildir. \u018fg\u0259r, m\u00fcdd\u0259tin bitm\u0259sin\u0259 6 ay qalm\u0131\u015f t\u0259r\u0259fl\u0259r buna etiraz etm\u0259s\u0259l\u0259r, bu B\u0259yanat v\u0259 bu raz\u0131la\u015fma uzad\u0131l\u0131r. Bu, ayd\u0131n m\u0259s\u0259l\u0259dir. M\u00fcnaqi\u015f\u0259 t\u0259r\u0259fl\u0259rinin raz\u0131la\u015fmalara \u0259m\u0259l etm\u0259sin\u0259 n\u0259zar\u0259tin s\u0259m\u0259r\u0259liliyinin art\u0131r\u0131lmas\u0131 m\u0259qs\u0259dil\u0259 at\u0259\u015fk\u0259s\u0259 n\u0259zar\u0259t \u00fczr\u0259 s\u00fclhm\u0259raml\u0131 m\u0259rk\u0259z yarad\u0131l\u0131r. Bu B\u0259yanat imzalananda bu b\u0259nd o q\u0259d\u0259r d\u0259 geni\u015f a\u00e7\u0131qlanmay\u0131b. Ancaq biz bunu imzalayanda, art\u0131q raz\u0131la\u015fm\u0131\u015fd\u0131q ki, bu m\u0259rk\u0259z T\u00fcrkiy\u0259-Rusiya m\u0259rk\u0259zi olacaqd\u0131r v\u0259 bu da art\u0131q \u00f6z h\u0259llini tap\u0131b. Sonra alt\u0131nc\u0131 b\u0259ndd\u0259 g\u00f6st\u0259rilir ki, Erm\u0259nistan 15 noyabrda K\u0259lb\u0259c\u0259r rayonunu v\u0259 1 dekabr tarixin\u0259d\u0259k La\u00e7\u0131n rayonunu qaytar\u0131r. Bildiyiniz kimi, Rusiya t\u0259r\u0259fi biz\u0259 m\u00fcraci\u0259t ed\u0259r\u0259k bir q\u0259d\u0259r vaxt ist\u0259yib. K\u0259lb\u0259c\u0259r rayonunun biz\u0259 qaytar\u0131lmas\u0131 15 noyabrda yox, 25 noyabrda art\u0131q t\u0259min edilib. Alt\u0131nc\u0131 b\u0259ndin bu hiss\u0259si icra edilib. La\u00e7\u0131n rayonu Az\u0259rbaycana qaytar\u0131l\u0131b. La\u00e7\u0131n d\u0259hlizi \u015eu\u015fa \u015f\u0259h\u0259rin\u0259 toxunmayacaq 5 kilometr enliyind\u0259 Rusiya s\u00fclhm\u0259raml\u0131 kontingentinin n\u0259zar\u0259ti alt\u0131nda qal\u0131r. M\u0259n bu b\u0259ndi art\u0131q \u015f\u0259rh etmi\u015fdim. Bunun ilkin variant\u0131nda 30 kilometr, ondan sonra eni 10 kilometr v\u0259 bu, Rusiya s\u00fclhm\u0259raml\u0131 kontingentinin yox, erm\u0259ni silahl\u0131 q\u00fcvv\u0259l\u0259rinin n\u0259zar\u0259ti alt\u0131nda qal\u0131rd\u0131, onu da biz bu B\u0259yanatdan \u00e7\u0131xartd\u0131rd\u0131q. G\u00f6st\u0259rilir ki, t\u0259r\u0259fl\u0259rin raz\u0131l\u0131\u011f\u0131 \u0259sas\u0131nda n\u00f6vb\u0259ti 3 il \u0259rzind\u0259 Da\u011fl\u0131q Qaraba\u011fla Erm\u0259nistan aras\u0131nda \u0259laq\u0259ni t\u0259min ed\u0259n La\u00e7\u0131n d\u0259hlizi \u00fczr\u0259 yeni h\u0259r\u0259k\u0259t mar\u015frutunun in\u015fas\u0131 plan\u0131 m\u00fc\u0259yy\u0259n edil\u0259c\u0259k. Bununla da h\u0259min mar\u015frutun m\u00fchafiz\u0259si \u00fc\u00e7\u00fcn Rusiya s\u00fclhm\u0259raml\u0131 kontingentinin g\u0259l\u0259c\u0259k yerd\u0259yi\u015fm\u0259si n\u0259z\u0259rd\u0259 tutulur. M\u0259n bu m\u0259s\u0259l\u0259ni d\u0259 \u015f\u0259rh etm\u0259k ist\u0259rdim. Burada n\u0259 g\u00f6st\u0259rilir? \u0130ndi ham\u0131 yax\u015f\u0131 bilir ki, La\u00e7\u0131n d\u0259hlizi La\u00e7\u0131n \u015f\u0259h\u0259rinin i\u00e7ind\u0259n ke\u00e7ir. Bel\u0259likl\u0259, La\u00e7\u0131n \u015f\u0259h\u0259ri o d\u0259hlizin ortas\u0131nda qal\u0131r. M\u0259n is\u0259 Rusiya Prezidenti il\u0259 s\u00f6hb\u0259tl\u0259r \u0259snas\u0131nda deyirdim ki, La\u00e7\u0131n \u015f\u0259h\u0259ri d\u0259 biz\u0259 qay\u0131tmal\u0131d\u0131r. Ona g\u00f6r\u0259 biz t\u0259klif edirik ki, yeni bir d\u0259hliz in\u015fa edilsin. Da\u011fl\u0131q Qaraba\u011f\u0131 Erm\u0259nistanla birl\u0259\u015fdir\u0259n yeni bir d\u0259hlizin mar\u015frutu i\u015fl\u0259nilsin v\u0259 in\u015fa edilsin. Burada vaxt da g\u00f6st\u0259rilib: 3 il \u0259rzind\u0259. Ancaq m\u0259n hesab edir\u0259m ki, biz bunu daha tez m\u00fcdd\u0259td\u0259 ed\u0259 bil\u0259rik. Yeni d\u0259hlizin parametrl\u0259ri m\u00fc\u0259yy\u0259n olunandan sonra La\u00e7\u0131n \u015f\u0259h\u0259ri d\u0259 biz\u0259 qaytar\u0131lacaq. Bu, x\u00fcsusi diqq\u0259t\u0259layiq m\u0259s\u0259l\u0259dir. \u00c7\u00fcnki \u0259g\u0259r m\u0259n bunu bu B\u0259yanata sald\u0131rmasayd\u0131m, La\u00e7\u0131n d\u0259hlizi La\u00e7\u0131n \u015f\u0259h\u0259rini h\u0259mi\u015f\u0259 \u0259hat\u0259 ed\u0259c\u0259kdi. Yeddinci b\u0259ndd\u0259 g\u00f6st\u0259rilir ki, m\u0259cburi k\u00f6\u00e7k\u00fcnl\u0259r v\u0259 qa\u00e7q\u0131nlar Da\u011fl\u0131q Qaraba\u011f\u0131n \u0259razisin\u0259 v\u0259 \u0259traf rayonlara BMT-nin Qa\u00e7q\u0131nlar \u00fczr\u0259 Ali Komissarl\u0131\u011f\u0131n\u0131n Ofisinin n\u0259zar\u0259ti alt\u0131nda geri qay\u0131d\u0131r. Bu da \u00f6n\u0259mli m\u0259s\u0259l\u0259dir. Az\u0259rbaycan v\u0259t\u0259nda\u015flar\u0131 Da\u011fl\u0131q Qaraba\u011f\u0131n b\u00fct\u00fcn yerl\u0259rin\u0259 qay\u0131tmal\u0131d\u0131rlar, harada ki onlar \u0259vv\u0259l ya\u015fay\u0131blar. Bu m\u0259s\u0259l\u0259y\u0259 art\u0131q BMT n\u0259zar\u0259t ed\u0259c\u0259k. \u018flb\u0259tt\u0259, bunun vaxt\u0131 var. Bu, n\u00f6vb\u0259ti t\u0259maslar \u0259snas\u0131nda h\u0259ll olunacaqd\u0131r. S\u0259kkizinci b\u0259ndd\u0259 g\u00f6st\u0259rilir ki, h\u0259rbi \u0259sirl\u0259r, girovlar v\u0259 dig\u0259r saxlan\u0131lan \u015f\u0259xsl\u0259rin, habel\u0259 c\u0259s\u0259dl\u0259rin m\u00fcbadil\u0259si h\u0259yata ke\u00e7irilir. Art\u0131q bu proses davam edir &#8211; h\u0259m c\u0259s\u0259dl\u0259rin m\u00fcbadil\u0259si, h\u0259m \u0259sirl\u0259rin v\u0259 girovlar\u0131n\u201d.\n<\/p>\n<p>\n  <b><br \/>\n    &quot;B\u00f6lg\u0259d\u0259 be\u015ft\u0259r\u0259fli yeni \u0259m\u0259kda\u015fl\u0131q platformas\u0131 yarad\u0131la bil\u0259r&quot;<br \/>\n  <\/b>\n<\/p>\n<p>\n  Doqquzuncu b\u0259ndin b\u00f6lg\u0259d\u0259ki b\u00fct\u00fcn iqtisadi n\u0259qliyyat \u0259laq\u0259l\u0259rinin b\u0259rpa edilm\u0259sini \u0259hat\u0259 etdiyini dey\u0259n \u018fliyev bildirib ki, Erm\u0259nistan v\u0259t\u0259nda\u015flar\u0131n n\u0259qliyyat vasit\u0259l\u0259rinin v\u0259 y\u00fckl\u0259rin h\u0259r iki istiqam\u0259td\u0259 mane\u0259siz h\u0259r\u0259k\u0259tinin t\u0259\u015fkili m\u0259qs\u0259dil\u0259 Az\u0259rbaycan\u0131n q\u0259rb rayonlar\u0131 v\u0259 Nax\u00e7\u0131van Muxtar Respublikas\u0131 aras\u0131nda n\u0259qliyyat \u0259laq\u0259sinin t\u0259hl\u00fck\u0259sizliyin\u0259 z\u0259man\u0259t verir:\n<\/p>\n<p>\n  \u201cN\u0259qliyyat \u0259laq\u0259si \u00fczr\u0259 n\u0259zar\u0259ti Rusiyan\u0131n Federal T\u0259hl\u00fck\u0259sizlik Xidm\u0259tinin S\u0259rh\u0259d Xidm\u0259tinin orqanlar\u0131 h\u0259yata ke\u00e7irir v\u0259 t\u0259r\u0259fl\u0259rin raz\u0131l\u0131\u011f\u0131 \u0259sas\u0131nda Nax\u00e7\u0131van Muxtar Respublikas\u0131 il\u0259 Az\u0259rbaycan\u0131n q\u0259rb rayonlar\u0131n\u0131 birl\u0259\u015fdir\u0259n yeni n\u0259qliyyat kommunikasiyalar\u0131n\u0131n in\u015fas\u0131 t\u0259min edil\u0259c\u0259k. Bu 9-cu b\u0259nd s\u0131rf m\u0259nim t\u0259kidim n\u0259tic\u0259sind\u0259 B\u0259yanata sal\u0131nd\u0131. \u00c7\u00fcnki m\u00fczakir\u0259 olunan, uzun ill\u0259r m\u00fczakir\u0259 olunan s\u00fclh plan\u0131nda bel\u0259 a\u00e7\u0131q-ayd\u0131n m\u00fcdd\u0259a yox idi. Y\u0259ni n\u0259z\u0259r\u0259 al\u0131n\u0131rd\u0131 ki, b\u00fct\u00fcn kommunikasiyalar a\u00e7\u0131lacaqd\u0131r v\u0259 Nax\u00e7\u0131van Muxtar Respublikas\u0131 il\u0259 Az\u0259rbaycan\u0131n \u0259sas hiss\u0259sini birl\u0259\u015fdir\u0259n d\u0259hliz haqq\u0131nda s\u00f6z getmirdi. Hesab olunurdu ki, bu \u00fcmumi ifad\u0259 bunu ehtiva edir. Burada is\u0259 konkret g\u00f6st\u0259rildi ki, Nax\u00e7\u0131van Muxtar Respublikas\u0131 il\u0259 Az\u0259rbaycan\u0131n \u0259sas hiss\u0259si aras\u0131nda d\u0259hliz yarad\u0131l\u0131r v\u0259 bu d\u0259hlizin t\u0259hl\u00fck\u0259sizliyini Erm\u0259nistan yox, Rusiyan\u0131n Federal T\u0259hl\u00fck\u0259sizlik Xidm\u0259tinin S\u0259rh\u0259d Xidm\u0259tinin orqanlar\u0131 h\u0259yata ke\u00e7irir. Y\u0259ni bu d\u0259hliz tam t\u0259hl\u00fck\u0259siz olacaq. Eyni zamanda, ikinci m\u0259s\u0259l\u0259 &#8211; t\u0259r\u0259fl\u0259rin raz\u0131l\u0131\u011f\u0131 \u0259sas\u0131nda Nax\u00e7\u0131vanla Az\u0259rbaycan\u0131n q\u0259rb rayonlar\u0131n\u0131 birl\u0259\u015fdir\u0259n yeni n\u0259qliyyat kommunikasiyalar\u0131n\u0131n in\u015fas\u0131 &#8211; bu m\u0259s\u0259l\u0259ni tam v\u0259 g\u0259l\u0259c\u0259y\u0259 hesablanm\u0131\u015f \u00e7\u0259r\u00e7iv\u0259d\u0259 h\u0259ll etm\u0259k \u00fc\u00e7\u00fcn \u0259lav\u0259 d\u0259 b\u0259nd sal\u0131nd\u0131. Y\u0259ni bu, n\u0259 dem\u0259kdir? O dem\u0259kdir ki, iki d\u0259hliz olmal\u0131d\u0131r. \u018fg\u0259r laz\u0131m olsa, iki d\u0259hliz olmal\u0131d\u0131r. Bu, bizim tarixi nailiyy\u0259timizdir. Biz Nax\u00e7\u0131van\u0131 h\u0259m m\u00fchasir\u0259d\u0259n \u00e7\u0131xar\u0131r\u0131q, eyni zamanda, yeni bir n\u0259qliyyat damar\u0131n\u0131 a\u00e7\u0131r\u0131q. Dey\u0259 bil\u0259r\u0259m ki, b\u00fct\u00fcn \u00f6lk\u0259l\u0259r buradan ancaq faydalanacaq. Az\u0259rbaycan \u00f6z ayr\u0131lmaz hiss\u0259si olan Nax\u00e7\u0131vanla birl\u0259\u015fir. Az\u0259rbaycan T\u00fcrkiy\u0259 il\u0259 birl\u0259\u015fir. Rusiya, Az\u0259rbaycan, T\u00fcrkiy\u0259, \u0130ran v\u0259 \u0259g\u0259r ist\u0259s\u0259, Erm\u0259nistan bu d\u0259hliz\u0259 qo\u015fula bil\u0259r. Bel\u0259likl\u0259, b\u00f6lg\u0259d\u0259 be\u015ft\u0259r\u0259fli yeni \u0259m\u0259kda\u015fl\u0131q platformas\u0131 yarad\u0131la bil\u0259r. M\u0259n bu fikrimi art\u0131q h\u0259m Rusiya, h\u0259m T\u00fcrkiy\u0259 prezidentl\u0259rin\u0259 \u00e7atd\u0131rm\u0131\u015fam. H\u0259m R\u0259c\u0259b Tayyib \u018frdo\u011fan, h\u0259m Vladimir Putin buna m\u00fcsb\u0259t yana\u015f\u0131blar\u201d.\n<\/p>\n<p>\n  <b><br \/>\n    \u201cS\u0259n, Erm\u0259nistan, pul qazana bil\u0259rdin&#8230;\u201d<br \/>\n  <\/b>\n<\/p>\n<p>\n  \u00d6lk\u0259 ba\u015f\u00e7\u0131s\u0131 bildirib ki, \u201cAz\u0259rbaycan D\u0259mir Yollar\u0131\u201d Qapal\u0131 S\u0259hmdar C\u0259miyy\u0259tin\u0259 Horadiz-Z\u0259ngilan d\u0259mir yolunun ilkin hesablamalar\u0131n\u0131n apar\u0131lmas\u0131 g\u00f6st\u0259ri\u015fi verib:\n<\/p>\n<p>\n  \u201cRusiyan\u0131n n\u00fcmay\u0259nd\u0259 hey\u0259tinin Az\u0259rbaycana etdiyi s\u0259f\u0259r \u00e7\u0259r\u00e7iv\u0259sind\u0259, o c\u00fcml\u0259d\u0259n d\u0259mir yollar\u0131n\u0131n b\u0259rpas\u0131 m\u0259s\u0259l\u0259l\u0259ri m\u00fczakir\u0259 olunubdur. Erm\u0259nistan d\u0259mir yollar\u0131 Rusiya d\u0259mir yollar\u0131na m\u0259xsusdur, 100 faiz. Ona g\u00f6r\u0259 biz bu m\u0259s\u0259l\u0259ni Erm\u0259nistanla yox, Rusiya il\u0259 m\u00fczakir\u0259 edirik. \u00c7\u00fcnki Erm\u0259nistanda n\u0259 var ki, Erm\u0259nistan\u0131n \u00f6z\u00fcn\u00fcn olsun? Erm\u0259nistan beyn\u0259lxalq m\u00fcnasib\u0259tl\u0259rin subyekti deyil, obyektidir. N\u0259y\u0259 g\u00f6r\u0259? \u0130\u015f\u011fala g\u00f6r\u0259. O tarixi \u015fans\u0131 itirib, m\u00fcst\u0259qil \u00f6lk\u0259 ola bilm\u0259yib, iqtisadi imkanlar\u0131n\u0131 itirib, i\u015f\u011fala g\u00f6r\u0259. N\u0259 qazand\u0131? He\u00e7 n\u0259. Bu vaxta q\u0259d\u0259r b\u00fct\u00fcn laz\u0131mi t\u0259dbirl\u0259ri g\u00f6rd\u00fck. N\u0259qliyyat, energetika, iqtisadi \u0259m\u0259kda\u015fl\u0131q \u2013 b\u00fct\u00fcn layih\u0259l\u0259ri ba\u015fa \u00e7atd\u0131rd\u0131q. Dekabr\u0131n sonunda C\u0259nub Qaz D\u0259hlizi art\u0131q tam istifad\u0259y\u0259 verilir. Onun son hiss\u0259si olan TAP istifad\u0259y\u0259 verilir. Erm\u0259nistan, haradasan? K\u0259narda qalm\u0131san. Bu enerji d\u0259hlizi Erm\u0259nistandan yan ke\u00e7ir. Kim ke\u00e7irdib? Biz. Amma m\u0259nim yad\u0131mdad\u0131r, biz Bak\u0131-Tbilisi-Ceyhan neft k\u0259m\u0259rinin mar\u015frutunu, \u2013 o vaxt m\u0259n D\u00f6vl\u0259t Neft \u015eirk\u0259tind\u0259 i\u015fl\u0259yirdim, \u2013 m\u00fc\u0259yy\u0259n ed\u0259rk\u0259n biz\u0259 n\u0259 q\u0259d\u0259r t\u0259zyiql\u0259r oldu, \u00f6z\u00fc d\u0259 Q\u0259rb \u00f6lk\u0259l\u0259rind\u0259n. N\u0259 \u00fc\u00e7\u00fcn Erm\u0259nistandan yan ke\u00e7ir? Bu, G\u00fcrc\u00fcstandan yox, Erm\u0259nistandan ke\u00e7m\u0259lidir. O vaxt apar\u0131c\u0131 Q\u0259rb \u00f6lk\u0259l\u0259ri biz\u0259 \u015f\u0259rt qoyurdu. H\u0259tta o vaxt biz xarici kreditl\u0259rd\u0259n \u00e7ox as\u0131l\u0131 idik. Yad\u0131mdad\u0131r, erm\u0259ni t\u0259bli\u011fat\u0131, erm\u0259ni lobbisi v\u0259 erm\u0259nip\u0259r\u0259st xarici dair\u0259l\u0259r t\u0259r\u0259find\u0259n apar\u0131lm\u0131\u015f kampaniya n\u0259tic\u0259sind\u0259 D\u00fcnya Bank\u0131 bir il \u0259rzind\u0259 biz\u0259 veril\u0259c\u0259k v\u0259saitin verilm\u0259sini t\u0259xir\u0259 sald\u0131, dayand\u0131rd\u0131, m\u00fcxt\u0259lif b\u0259han\u0259l\u0259rl\u0259, guya ekoloji standartlar pozulur. Halbuki bu, c\u0259f\u0259ngiyatd\u0131r. Erm\u0259nistan, haradasan? Bak\u0131-Tbilisi-Ceyhan yan ke\u00e7di. Bak\u0131-Tbilisi-\u018frzurum da h\u0259m\u00e7inin, TANAP da h\u0259m\u00e7inin. \u0130ndi biz qaz\u0131m\u0131z\u0131 Avropaya \u00e7atd\u0131r\u0131r\u0131q. S\u0259n, Erm\u0259nistan, pul qazana bil\u0259rdin. K\u0259m\u0259rin bir hiss\u0259si s\u0259nin \u0259lind\u0259 ola bil\u0259rdi. S\u0259n tranzit haqq\u0131 alacaqd\u0131n. S\u0259n \u00f6z\u00fcn\u00fc n\u0259d\u0259n m\u0259hrum etdin?! D\u0259y\u0259rdimi buna? Bu i\u015f\u011fal\u00e7\u0131l\u0131q, bu d\u00fc\u015fm\u0259n\u00e7ilik, qon\u015fuya qar\u015f\u0131 bu nifr\u0259t hissl\u0259ri, onlar\u0131, bax, bu g\u00fcn\u0259 sald\u0131\u201d.<\/p>\n","protected":false},"excerpt":{"rendered":"<p>&#8220;Yad\u0131mdad\u0131r, erm\u0259ni t\u0259bli\u011fat\u0131, erm\u0259ni lobbisi v\u0259 erm\u0259nip\u0259r\u0259st xarici dair\u0259l\u0259r t\u0259r\u0259find\u0259n apar\u0131lm\u0131\u015f kampaniya n\u0259tic\u0259sind\u0259 D\u00fcnya Bank\u0131 bir il \u0259rzind\u0259 biz\u0259 veril\u0259c\u0259k v\u0259saitin verilm\u0259sini t\u0259xir\u0259 sald\u0131, dayand\u0131rd\u0131, m\u00fcxt\u0259lif b\u0259han\u0259l\u0259rl\u0259, guya ekoloji standartlar pozulur&#8221;.<\/p>\n","protected":false},"author":11,"featured_media":152384,"comment_status":"closed","ping_status":"open","sticky":false,"template":"","format":"standard","meta":{"_acf_changed":false,"_sitemap_exclude":false,"_sitemap_priority":"","_sitemap_frequency":"","footnotes":""},"categories":[59],"tags":[],"class_list":["post-203848","post","type-post","status-publish","format-standard","has-post-thumbnail","hentry","category-siyaset","infinite-scroll-item","generate-columns","tablet-grid-50","mobile-grid-100","grid-parent","grid-33","no-featured-image-padding"],"acf":[],"yoast_head":"<!-- This site is optimized with the Yoast SEO plugin v27.5 - https:\/\/yoast.com\/product\/yoast-seo-wordpress\/ -->\n<title>\u0130lham \u018fliyev: 3 il\u0259 La\u00e7\u0131n \u015f\u0259h\u0259ri Az\u0259rbaycana qaytar\u0131lacaq - MEYDAN.TV<\/title>\n<meta name=\"robots\" content=\"index, follow, max-snippet:-1, max-image-preview:large, max-video-preview:-1\" \/>\n<link rel=\"canonical\" href=\"https:\/\/www.meydan.tv\/az\/article\/ilham-eliyev-3-ile-lacin-seheri-azerbaycana-qaytarilacaq\/\" \/>\n<meta property=\"og:locale\" content=\"az_AZ\" \/>\n<meta property=\"og:type\" content=\"article\" \/>\n<meta property=\"og:title\" content=\"\u0130lham \u018fliyev: 3 il\u0259 La\u00e7\u0131n \u015f\u0259h\u0259ri Az\u0259rbaycana qaytar\u0131lacaq - MEYDAN.TV\" \/>\n<meta property=\"og:description\" content=\"&quot;Yad\u0131mdad\u0131r, erm\u0259ni t\u0259bli\u011fat\u0131, erm\u0259ni lobbisi v\u0259 erm\u0259nip\u0259r\u0259st xarici dair\u0259l\u0259r t\u0259r\u0259find\u0259n apar\u0131lm\u0131\u015f kampaniya n\u0259tic\u0259sind\u0259 D\u00fcnya Bank\u0131 bir il \u0259rzind\u0259 biz\u0259 veril\u0259c\u0259k v\u0259saitin verilm\u0259sini t\u0259xir\u0259 sald\u0131, dayand\u0131rd\u0131, m\u00fcxt\u0259lif b\u0259han\u0259l\u0259rl\u0259, guya ekoloji standartlar pozulur&quot;.\" \/>\n<meta property=\"og:url\" content=\"https:\/\/www.meydan.tv\/az\/article\/ilham-eliyev-3-ile-lacin-seheri-azerbaycana-qaytarilacaq\/\" \/>\n<meta property=\"og:site_name\" content=\"MEYDAN.TV\" \/>\n<meta property=\"article:published_time\" content=\"2020-12-01T11:24:14+00:00\" \/>\n<meta property=\"og:image\" content=\"https:\/\/www.meydan.tv\/wp-content\/uploads\/001_zgetkaf.jpg\" \/>\n\t<meta property=\"og:image:width\" content=\"2360\" \/>\n\t<meta property=\"og:image:height\" content=\"1196\" \/>\n\t<meta property=\"og:image:type\" content=\"image\/jpeg\" \/>\n<meta name=\"author\" content=\"user-manager\" \/>\n<meta name=\"twitter:card\" content=\"summary_large_image\" \/>\n<script type=\"application\/ld+json\" class=\"yoast-schema-graph\">{\"@context\":\"https:\\\/\\\/schema.org\",\"@graph\":[{\"@type\":\"Article\",\"@id\":\"https:\\\/\\\/www.meydan.tv\\\/az\\\/article\\\/ilham-eliyev-3-ile-lacin-seheri-azerbaycana-qaytarilacaq\\\/#article\",\"isPartOf\":{\"@id\":\"https:\\\/\\\/www.meydan.tv\\\/az\\\/article\\\/ilham-eliyev-3-ile-lacin-seheri-azerbaycana-qaytarilacaq\\\/\"},\"author\":{\"name\":\"user-manager\",\"@id\":\"https:\\\/\\\/www.meydan.tv\\\/az\\\/#\\\/schema\\\/person\\\/10d11eccf6da3662cf5fdab9806ea91a\"},\"headline\":\"\u0130lham \u018fliyev: 3 il\u0259 La\u00e7\u0131n \u015f\u0259h\u0259ri Az\u0259rbaycana qaytar\u0131lacaq\",\"datePublished\":\"2020-12-01T11:24:14+00:00\",\"mainEntityOfPage\":{\"@id\":\"https:\\\/\\\/www.meydan.tv\\\/az\\\/article\\\/ilham-eliyev-3-ile-lacin-seheri-azerbaycana-qaytarilacaq\\\/\"},\"wordCount\":4998,\"publisher\":{\"@id\":\"https:\\\/\\\/www.meydan.tv\\\/az\\\/#organization\"},\"image\":{\"@id\":\"https:\\\/\\\/www.meydan.tv\\\/az\\\/article\\\/ilham-eliyev-3-ile-lacin-seheri-azerbaycana-qaytarilacaq\\\/#primaryimage\"},\"thumbnailUrl\":\"https:\\\/\\\/www.meydan.tv\\\/wp-content\\\/uploads\\\/001_zgetkaf.jpg\",\"articleSection\":[\"Siyas\u0259t\"],\"inLanguage\":\"az\"},{\"@type\":\"WebPage\",\"@id\":\"https:\\\/\\\/www.meydan.tv\\\/az\\\/article\\\/ilham-eliyev-3-ile-lacin-seheri-azerbaycana-qaytarilacaq\\\/\",\"url\":\"https:\\\/\\\/www.meydan.tv\\\/az\\\/article\\\/ilham-eliyev-3-ile-lacin-seheri-azerbaycana-qaytarilacaq\\\/\",\"name\":\"\u0130lham \u018fliyev: 3 il\u0259 La\u00e7\u0131n \u015f\u0259h\u0259ri Az\u0259rbaycana qaytar\u0131lacaq - MEYDAN.TV\",\"isPartOf\":{\"@id\":\"https:\\\/\\\/www.meydan.tv\\\/az\\\/#website\"},\"primaryImageOfPage\":{\"@id\":\"https:\\\/\\\/www.meydan.tv\\\/az\\\/article\\\/ilham-eliyev-3-ile-lacin-seheri-azerbaycana-qaytarilacaq\\\/#primaryimage\"},\"image\":{\"@id\":\"https:\\\/\\\/www.meydan.tv\\\/az\\\/article\\\/ilham-eliyev-3-ile-lacin-seheri-azerbaycana-qaytarilacaq\\\/#primaryimage\"},\"thumbnailUrl\":\"https:\\\/\\\/www.meydan.tv\\\/wp-content\\\/uploads\\\/001_zgetkaf.jpg\",\"datePublished\":\"2020-12-01T11:24:14+00:00\",\"breadcrumb\":{\"@id\":\"https:\\\/\\\/www.meydan.tv\\\/az\\\/article\\\/ilham-eliyev-3-ile-lacin-seheri-azerbaycana-qaytarilacaq\\\/#breadcrumb\"},\"inLanguage\":\"az\",\"potentialAction\":[{\"@type\":\"ReadAction\",\"target\":[\"https:\\\/\\\/www.meydan.tv\\\/az\\\/article\\\/ilham-eliyev-3-ile-lacin-seheri-azerbaycana-qaytarilacaq\\\/\"]}]},{\"@type\":\"ImageObject\",\"inLanguage\":\"az\",\"@id\":\"https:\\\/\\\/www.meydan.tv\\\/az\\\/article\\\/ilham-eliyev-3-ile-lacin-seheri-azerbaycana-qaytarilacaq\\\/#primaryimage\",\"url\":\"https:\\\/\\\/www.meydan.tv\\\/wp-content\\\/uploads\\\/001_zgetkaf.jpg\",\"contentUrl\":\"https:\\\/\\\/www.meydan.tv\\\/wp-content\\\/uploads\\\/001_zgetkaf.jpg\",\"width\":2360,\"height\":1196,\"caption\":\"Source: Specify Source\"},{\"@type\":\"BreadcrumbList\",\"@id\":\"https:\\\/\\\/www.meydan.tv\\\/az\\\/article\\\/ilham-eliyev-3-ile-lacin-seheri-azerbaycana-qaytarilacaq\\\/#breadcrumb\",\"itemListElement\":[{\"@type\":\"ListItem\",\"position\":1,\"name\":\"Ana s\u0259hif\u0259\",\"item\":\"https:\\\/\\\/www.meydan.tv\\\/az\\\/\"},{\"@type\":\"ListItem\",\"position\":2,\"name\":\"Siyas\u0259t\",\"item\":\"https:\\\/\\\/www.meydan.tv\\\/az\\\/section\\\/siyaset\\\/\"},{\"@type\":\"ListItem\",\"position\":3,\"name\":\"\u0130lham \u018fliyev: 3 il\u0259 La\u00e7\u0131n \u015f\u0259h\u0259ri Az\u0259rbaycana qaytar\u0131lacaq\"}]},{\"@type\":\"WebSite\",\"@id\":\"https:\\\/\\\/www.meydan.tv\\\/az\\\/#website\",\"url\":\"https:\\\/\\\/www.meydan.tv\\\/az\\\/\",\"name\":\"MEYDAN.TV\",\"description\":\"Meydan TV Az\u0259rbaycan\u0131n media m\u0259kan\u0131ndak\u0131 alternativ s\u0259sidir\",\"publisher\":{\"@id\":\"https:\\\/\\\/www.meydan.tv\\\/az\\\/#organization\"},\"potentialAction\":[{\"@type\":\"SearchAction\",\"target\":{\"@type\":\"EntryPoint\",\"urlTemplate\":\"https:\\\/\\\/www.meydan.tv\\\/az\\\/?s={search_term_string}\"},\"query-input\":{\"@type\":\"PropertyValueSpecification\",\"valueRequired\":true,\"valueName\":\"search_term_string\"}}],\"inLanguage\":\"az\"},{\"@type\":\"Organization\",\"@id\":\"https:\\\/\\\/www.meydan.tv\\\/az\\\/#organization\",\"name\":\"Meydan TV\",\"url\":\"https:\\\/\\\/www.meydan.tv\\\/az\\\/\",\"logo\":{\"@type\":\"ImageObject\",\"inLanguage\":\"az\",\"@id\":\"https:\\\/\\\/www.meydan.tv\\\/az\\\/#\\\/schema\\\/logo\\\/image\\\/\",\"url\":\"https:\\\/\\\/www.meydan.tv\\\/wp-content\\\/uploads\\\/2021\\\/07\\\/meydan-logo.svg\",\"contentUrl\":\"https:\\\/\\\/www.meydan.tv\\\/wp-content\\\/uploads\\\/2021\\\/07\\\/meydan-logo.svg\",\"width\":195,\"height\":46,\"caption\":\"Meydan TV\"},\"image\":{\"@id\":\"https:\\\/\\\/www.meydan.tv\\\/az\\\/#\\\/schema\\\/logo\\\/image\\\/\"}},{\"@type\":\"Person\",\"@id\":\"https:\\\/\\\/www.meydan.tv\\\/az\\\/#\\\/schema\\\/person\\\/10d11eccf6da3662cf5fdab9806ea91a\",\"name\":\"user-manager\"}]}<\/script>\n<!-- \/ Yoast SEO plugin. -->","yoast_head_json":{"title":"\u0130lham \u018fliyev: 3 il\u0259 La\u00e7\u0131n \u015f\u0259h\u0259ri Az\u0259rbaycana qaytar\u0131lacaq - MEYDAN.TV","robots":{"index":"index","follow":"follow","max-snippet":"max-snippet:-1","max-image-preview":"max-image-preview:large","max-video-preview":"max-video-preview:-1"},"canonical":"https:\/\/www.meydan.tv\/az\/article\/ilham-eliyev-3-ile-lacin-seheri-azerbaycana-qaytarilacaq\/","og_locale":"az_AZ","og_type":"article","og_title":"\u0130lham \u018fliyev: 3 il\u0259 La\u00e7\u0131n \u015f\u0259h\u0259ri Az\u0259rbaycana qaytar\u0131lacaq - MEYDAN.TV","og_description":"\"Yad\u0131mdad\u0131r, erm\u0259ni t\u0259bli\u011fat\u0131, erm\u0259ni lobbisi v\u0259 erm\u0259nip\u0259r\u0259st xarici dair\u0259l\u0259r t\u0259r\u0259find\u0259n apar\u0131lm\u0131\u015f kampaniya n\u0259tic\u0259sind\u0259 D\u00fcnya Bank\u0131 bir il \u0259rzind\u0259 biz\u0259 veril\u0259c\u0259k v\u0259saitin verilm\u0259sini t\u0259xir\u0259 sald\u0131, dayand\u0131rd\u0131, m\u00fcxt\u0259lif b\u0259han\u0259l\u0259rl\u0259, guya ekoloji standartlar pozulur\".","og_url":"https:\/\/www.meydan.tv\/az\/article\/ilham-eliyev-3-ile-lacin-seheri-azerbaycana-qaytarilacaq\/","og_site_name":"MEYDAN.TV","article_published_time":"2020-12-01T11:24:14+00:00","og_image":[{"width":2360,"height":1196,"url":"https:\/\/www.meydan.tv\/wp-content\/uploads\/001_zgetkaf.jpg","type":"image\/jpeg"}],"author":"user-manager","twitter_card":"summary_large_image","schema":{"@context":"https:\/\/schema.org","@graph":[{"@type":"Article","@id":"https:\/\/www.meydan.tv\/az\/article\/ilham-eliyev-3-ile-lacin-seheri-azerbaycana-qaytarilacaq\/#article","isPartOf":{"@id":"https:\/\/www.meydan.tv\/az\/article\/ilham-eliyev-3-ile-lacin-seheri-azerbaycana-qaytarilacaq\/"},"author":{"name":"user-manager","@id":"https:\/\/www.meydan.tv\/az\/#\/schema\/person\/10d11eccf6da3662cf5fdab9806ea91a"},"headline":"\u0130lham \u018fliyev: 3 il\u0259 La\u00e7\u0131n \u015f\u0259h\u0259ri Az\u0259rbaycana qaytar\u0131lacaq","datePublished":"2020-12-01T11:24:14+00:00","mainEntityOfPage":{"@id":"https:\/\/www.meydan.tv\/az\/article\/ilham-eliyev-3-ile-lacin-seheri-azerbaycana-qaytarilacaq\/"},"wordCount":4998,"publisher":{"@id":"https:\/\/www.meydan.tv\/az\/#organization"},"image":{"@id":"https:\/\/www.meydan.tv\/az\/article\/ilham-eliyev-3-ile-lacin-seheri-azerbaycana-qaytarilacaq\/#primaryimage"},"thumbnailUrl":"https:\/\/www.meydan.tv\/wp-content\/uploads\/001_zgetkaf.jpg","articleSection":["Siyas\u0259t"],"inLanguage":"az"},{"@type":"WebPage","@id":"https:\/\/www.meydan.tv\/az\/article\/ilham-eliyev-3-ile-lacin-seheri-azerbaycana-qaytarilacaq\/","url":"https:\/\/www.meydan.tv\/az\/article\/ilham-eliyev-3-ile-lacin-seheri-azerbaycana-qaytarilacaq\/","name":"\u0130lham \u018fliyev: 3 il\u0259 La\u00e7\u0131n \u015f\u0259h\u0259ri Az\u0259rbaycana qaytar\u0131lacaq - MEYDAN.TV","isPartOf":{"@id":"https:\/\/www.meydan.tv\/az\/#website"},"primaryImageOfPage":{"@id":"https:\/\/www.meydan.tv\/az\/article\/ilham-eliyev-3-ile-lacin-seheri-azerbaycana-qaytarilacaq\/#primaryimage"},"image":{"@id":"https:\/\/www.meydan.tv\/az\/article\/ilham-eliyev-3-ile-lacin-seheri-azerbaycana-qaytarilacaq\/#primaryimage"},"thumbnailUrl":"https:\/\/www.meydan.tv\/wp-content\/uploads\/001_zgetkaf.jpg","datePublished":"2020-12-01T11:24:14+00:00","breadcrumb":{"@id":"https:\/\/www.meydan.tv\/az\/article\/ilham-eliyev-3-ile-lacin-seheri-azerbaycana-qaytarilacaq\/#breadcrumb"},"inLanguage":"az","potentialAction":[{"@type":"ReadAction","target":["https:\/\/www.meydan.tv\/az\/article\/ilham-eliyev-3-ile-lacin-seheri-azerbaycana-qaytarilacaq\/"]}]},{"@type":"ImageObject","inLanguage":"az","@id":"https:\/\/www.meydan.tv\/az\/article\/ilham-eliyev-3-ile-lacin-seheri-azerbaycana-qaytarilacaq\/#primaryimage","url":"https:\/\/www.meydan.tv\/wp-content\/uploads\/001_zgetkaf.jpg","contentUrl":"https:\/\/www.meydan.tv\/wp-content\/uploads\/001_zgetkaf.jpg","width":2360,"height":1196,"caption":"Source: Specify Source"},{"@type":"BreadcrumbList","@id":"https:\/\/www.meydan.tv\/az\/article\/ilham-eliyev-3-ile-lacin-seheri-azerbaycana-qaytarilacaq\/#breadcrumb","itemListElement":[{"@type":"ListItem","position":1,"name":"Ana s\u0259hif\u0259","item":"https:\/\/www.meydan.tv\/az\/"},{"@type":"ListItem","position":2,"name":"Siyas\u0259t","item":"https:\/\/www.meydan.tv\/az\/section\/siyaset\/"},{"@type":"ListItem","position":3,"name":"\u0130lham \u018fliyev: 3 il\u0259 La\u00e7\u0131n \u015f\u0259h\u0259ri Az\u0259rbaycana qaytar\u0131lacaq"}]},{"@type":"WebSite","@id":"https:\/\/www.meydan.tv\/az\/#website","url":"https:\/\/www.meydan.tv\/az\/","name":"MEYDAN.TV","description":"Meydan TV Az\u0259rbaycan\u0131n media m\u0259kan\u0131ndak\u0131 alternativ s\u0259sidir","publisher":{"@id":"https:\/\/www.meydan.tv\/az\/#organization"},"potentialAction":[{"@type":"SearchAction","target":{"@type":"EntryPoint","urlTemplate":"https:\/\/www.meydan.tv\/az\/?s={search_term_string}"},"query-input":{"@type":"PropertyValueSpecification","valueRequired":true,"valueName":"search_term_string"}}],"inLanguage":"az"},{"@type":"Organization","@id":"https:\/\/www.meydan.tv\/az\/#organization","name":"Meydan TV","url":"https:\/\/www.meydan.tv\/az\/","logo":{"@type":"ImageObject","inLanguage":"az","@id":"https:\/\/www.meydan.tv\/az\/#\/schema\/logo\/image\/","url":"https:\/\/www.meydan.tv\/wp-content\/uploads\/2021\/07\/meydan-logo.svg","contentUrl":"https:\/\/www.meydan.tv\/wp-content\/uploads\/2021\/07\/meydan-logo.svg","width":195,"height":46,"caption":"Meydan TV"},"image":{"@id":"https:\/\/www.meydan.tv\/az\/#\/schema\/logo\/image\/"}},{"@type":"Person","@id":"https:\/\/www.meydan.tv\/az\/#\/schema\/person\/10d11eccf6da3662cf5fdab9806ea91a","name":"user-manager"}]}},"_links":{"self":[{"href":"https:\/\/www.meydan.tv\/az\/wp-json\/wp\/v2\/posts\/203848","targetHints":{"allow":["GET"]}}],"collection":[{"href":"https:\/\/www.meydan.tv\/az\/wp-json\/wp\/v2\/posts"}],"about":[{"href":"https:\/\/www.meydan.tv\/az\/wp-json\/wp\/v2\/types\/post"}],"author":[{"embeddable":true,"href":"https:\/\/www.meydan.tv\/az\/wp-json\/wp\/v2\/users\/11"}],"replies":[{"embeddable":true,"href":"https:\/\/www.meydan.tv\/az\/wp-json\/wp\/v2\/comments?post=203848"}],"version-history":[{"count":0,"href":"https:\/\/www.meydan.tv\/az\/wp-json\/wp\/v2\/posts\/203848\/revisions"}],"wp:featuredmedia":[{"embeddable":true,"href":"https:\/\/www.meydan.tv\/az\/wp-json\/wp\/v2\/media\/152384"}],"wp:attachment":[{"href":"https:\/\/www.meydan.tv\/az\/wp-json\/wp\/v2\/media?parent=203848"}],"wp:term":[{"taxonomy":"category","embeddable":true,"href":"https:\/\/www.meydan.tv\/az\/wp-json\/wp\/v2\/categories?post=203848"},{"taxonomy":"post_tag","embeddable":true,"href":"https:\/\/www.meydan.tv\/az\/wp-json\/wp\/v2\/tags?post=203848"}],"curies":[{"name":"wp","href":"https:\/\/api.w.org\/{rel}","templated":true}]}}